    {"id":12972,"date":"2018-05-16T13:50:52","date_gmt":"2018-05-16T16:50:52","guid":{"rendered":"https:\/\/gersonguelmann.com.br\/blog\/?p=12972"},"modified":"2018-05-16T13:50:52","modified_gmt":"2018-05-16T16:50:52","slug":"uma-brasileira-em-israel-que-fala-por-mim","status":"publish","type":"post","link":"https:\/\/gersonguelmann.com.br\/blog\/uma-brasileira-em-israel-que-fala-por-mim\/","title":{"rendered":"Uma Brasileira Em Israel Que Fala Por Mim"},"content":{"rendered":"<p><span style=\"font-family: georgia, palatino, serif; font-size: 18pt;\">Rita Cohen Wolf \u00e9 uma brasileira que vive em Israel.<\/span><\/p>\n<p><span style=\"font-family: georgia, palatino, serif; font-size: 18pt;\">O texto dela fala por mim. <\/span><\/p>\n<p><span style=\"font-family: georgia, palatino, serif; font-size: 18pt;\">Republico com a devida autoriza\u00e7\u00e3o da autora:<\/span><\/p>\n<p><em><span style=\"font-family: georgia, palatino, serif; font-size: 18pt;\">&#8220;Meu nome \u00e9 Rita Cohen Wolf. <\/span><\/em><br \/>\n<em><span style=\"font-family: georgia, palatino, serif; font-size: 18pt;\">Eu sou judia e quero contar pra voc\u00eas:<\/span><\/em><\/p>\n<p><em><span style=\"font-family: georgia, palatino, serif; font-size: 18pt;\">N\u00e3o temos por habito ou por esporte \u201cjudiar\u201d de ningu\u00e9m.<\/span><\/em><\/p>\n<p><em><span style=\"font-family: georgia, palatino, serif; font-size: 18pt;\">Sou parte do Povo Judeu, descendente dos patriarcas: Abra\u00e3o, Isaac e Jacob, e das matriarcas: Sara, Rebeca, Rachel e Lea. O lema maior do meu Povo \u00e9: \u201cAmaras ao pr\u00f3ximo como a ti mesmo\u201d.<\/span><\/em><\/p>\n<p><em><span style=\"font-family: georgia, palatino, serif; font-size: 18pt;\">Eu sei. Sei que todas as manchetes que chegam a voc\u00eas nos \u00faltimos dias gritam, entre outras, palavras como \u201cmassacre\u201d, \u201csanguin\u00e1rio\u201d, \u201crea\u00e7\u00e3o desproporcional\u201d&#8230; e elas confundem, embara\u00e7am, talvez fa\u00e7am voc\u00eas terem vergonha de apoiar ou de se declararem parte do Povo judeu.<\/span><\/em><\/p>\n<p><em><span style=\"font-family: georgia, palatino, serif; font-size: 18pt;\">Eu sou judia de origem e israelense por op\u00e7\u00e3o.<\/span><\/em><\/p>\n<p><em><span style=\"font-family: georgia, palatino, serif; font-size: 18pt;\">Perten\u00e7o ao pais onde a palavra \u201cseguran\u00e7a\u201d n\u00e3o se mede pelo n\u00famero de avi\u00f5es, tanques, armas ou arsenal b\u00e9lico que possui. E sim, talvez at\u00e9 mesmo antes de tudo, a seguran\u00e7a \u00e9 representada pelo ser humano: o cidad\u00e3o israelense.<\/span><\/em><\/p>\n<p><em><span style=\"font-family: georgia, palatino, serif; font-size: 18pt;\">N\u00f3s n\u00e3o temos minas de ouro, n\u00e3o temos petr\u00f3leo nem diamantes. Israel \u00e9 pobre em recursos naturais, mas tem um tremendo potencial humano.<\/span><\/em><\/p>\n<p><em><span style=\"font-family: georgia, palatino, serif; font-size: 18pt;\">Em qualquer lugar do mundo, quando um jovem faz 18 anos ele est\u00e1 preocupado com seus estudos universit\u00e1rios, com as baladas, talvez sonha em comprar um carro, talvez comece a trabalhar pra juntar seu pr\u00f3prio dinheirinho&#8230;<\/span><\/em><\/p>\n<p><em><span style=\"font-family: georgia, palatino, serif; font-size: 18pt;\">Em Israel, quando o cidad\u00e3o israelense, seja menino ou menina faz 18 anos ele se alista no Ex\u00e9rcito e ganha (ou \u201cperde\u201d, depende do ponto de vista) no m\u00ednimo de dois ou tres anos de sua vida servindo a sociedade, quer dizer defendendo o pais.<\/span><\/em><\/p>\n<p><em><span style=\"font-family: georgia, palatino, serif; font-size: 18pt;\">Foi essa garotada, em sua maioria entre 18 e 21 anos, que foi deslocada com todo o equipamento necess\u00e1rio para a fronteira com Gaza.<\/span><\/em><br \/>\n<em><span style=\"font-family: georgia, palatino, serif; font-size: 18pt;\">Sua miss\u00e3o: fazer frente a multid\u00e3o que anunciava pretender invadir o territ\u00f3rio israelense, sequestrar e matar soldados ou civis em suas casas situadas a metros da fronteira.<\/span><\/em><\/p>\n<p><em><span style=\"font-family: georgia, palatino, serif; font-size: 18pt;\">N\u00e3o pensem que nossos soldados estavam l\u00e1 como num joguinho de Playstation ou Xbox, atirando indiscriminadamente e se divertindo com isso..<\/span><\/em><\/p>\n<p><em><span style=\"font-family: georgia, palatino, serif; font-size: 18pt;\">N\u00e3o pensem que os palestinos feridos em cima da Cerca divis\u00f3ria entre Gaza e Israel eram &#8220;manifestantes inocentes que tentavam atrav\u00e9s de manifesta\u00e7\u00f5es n\u00e3o-violentas romper o cerco \u00e0 Faixa de Gaza\u201d. Essa \u00e9 uma narrativa simplista, romantica e cativante que foi alicer\u00e7ada por horas de Imagens de v\u00eddeo e milhares de fotografias do lado de Gaza, caracterizando-a como &#8220;uma luta heroica do povo palestino contra os seus opressores&#8221;.<\/span><\/em><\/p>\n<p><em><span style=\"font-family: georgia, palatino, serif; font-size: 18pt;\">A manifesta\u00e7\u00e3o que foi arquitetada e conduzida pelo grupo terrorista Hamas, de pacifica n\u00e3o tinha nada. Como em outras ocasi\u00f5es, os terroristas, armados at\u00e9 os dentes, se escondiam atr\u00e1s de mulheres e crian\u00e7as que irresponsavelmente foram levados at\u00e9 a Cerca para servirem de escudos humanos. O objetivo: garantir a comocao social e a entrada de mais alguns bilhoes de dolares nos cofres da Organizacao. Dinheiro que, como de costume, nao ser\u00e1 dirigido para a melhoria da qualidade de vida do povo palestino e sim investido em t\u00faneis subterraneos e armamentos enquanto o povo morre de fome.<\/span><\/em><\/p>\n<p><em><span style=\"font-family: georgia, palatino, serif; font-size: 18pt;\">G\u00e1s lacrimog\u00eanio, balas de borracha e outros meios de dispers\u00e3o de manifesta\u00e7\u00f5es. Foram v\u00e1rias as op\u00e7\u00f5es usadas pelo Ex\u00e9rcito mais \u00e9tico do mundo, antes de se decidir abrir fogo vivo.<\/span><\/em><\/p>\n<p><em><span style=\"font-family: georgia, palatino, serif; font-size: 18pt;\">A morte de 60 pessoas numa situa\u00e7\u00e3o como essa estremece qualquer um. O Povo judeu que santifica a vida e n\u00e3o a morte como os jihadistas muculmanos fanaticos, tem que, por um lado lidar com a complexidade \u00e9tica e com o pesar pelo derramamento de sangue. <\/span><\/em><br \/>\n<em><span style=\"font-family: georgia, palatino, serif; font-size: 18pt;\">Por outro, diante da convoca\u00e7\u00e3o do l\u00edder do Hamas, Yahya Sinwar, \u201cVamos destruir a cerca e tirar o cora\u00e7\u00e3o dos corpos dos israelenses&#8221;, podemos nos apoiar na frase do livro A \u00c9tica dos Pais: \u201cSe n\u00e3o somos n\u00f3s por n\u00f3s mesmos, quem o ser\u00e1 por n\u00f3s?&#8221;<\/span><\/em><\/p>\n<p><em><span style=\"font-family: georgia, palatino, serif; font-size: 18pt;\">Talvez o que incomode demais a opiniao publica mundial \u00e9 que 60 palestinos (dentre os 45 mil que participaram da violenta manifesta\u00e7\u00e3o) morreram, enquanto n\u00e3o foram registradas mortes do nosso lado. A perguntinha b\u00e1sica \u00e9: quantos do nosso lado deveriam ter morrido para que a equa\u00e7\u00e3o parecesse proporcional?<\/span><\/em><\/p>\n<p><em><span style=\"font-family: georgia, palatino, serif; font-size: 18pt;\">Nao faz muito tempo, seis milhoes de judeus foram encaminhados as camaras de gas. Na epoca nao tinhamos como nos defender. Hoje temos. Never again!!!!<\/span><\/em><\/p>\n<p><em><span style=\"font-family: georgia, palatino, serif; font-size: 18pt;\">Pra terminar, uma not\u00edcia que acaba de ser veiculada por aqui: Na manh\u00e3 de hoje (quarta-feira), o Hamas se recusa a deixar entrar em Gaza dois caminh\u00f5es das For\u00e7as de Defesa de Israel, contendo equipamentos m\u00e9dicos que salvariam vidas palestinas nos hospitais.<\/span><\/em><\/p>\n<p><em><span style=\"font-family: georgia, palatino, serif; font-size: 18pt;\">Que algu\u00e9m desenhe por favor, me faltam palavras&#8230;&#8221;<\/span><\/em><\/p>\n<p style=\"text-align: center;\"><img data-recalc-dims=\"1\" fetchpriority=\"high\" decoding=\"async\" data-attachment-id=\"12973\" data-permalink=\"https:\/\/gersonguelmann.com.br\/blog\/uma-brasileira-em-israel-que-fala-por-mim\/am-israel-chai\/\" data-orig-file=\"https:\/\/i0.wp.com\/gersonguelmann.com.br\/blog\/wp-content\/uploads\/2018\/05\/AM-ISRAEL-CHAI.jpg?fit=960%2C681&amp;ssl=1\" data-orig-size=\"960,681\" data-comments-opened=\"1\" data-image-meta=\"{&quot;aperture&quot;:&quot;0&quot;,&quot;credit&quot;:&quot;&quot;,&quot;camera&quot;:&quot;&quot;,&quot;caption&quot;:&quot;&quot;,&quot;created_timestamp&quot;:&quot;0&quot;,&quot;copyright&quot;:&quot;&quot;,&quot;focal_length&quot;:&quot;0&quot;,&quot;iso&quot;:&quot;0&quot;,&quot;shutter_speed&quot;:&quot;0&quot;,&quot;title&quot;:&quot;&quot;,&quot;orientation&quot;:&quot;0&quot;}\" data-image-title=\"AM-ISRAEL-CHAI\" data-image-description=\"\" data-image-caption=\"\" data-medium-file=\"https:\/\/i0.wp.com\/gersonguelmann.com.br\/blog\/wp-content\/uploads\/2018\/05\/AM-ISRAEL-CHAI.jpg?fit=300%2C213&amp;ssl=1\" data-large-file=\"https:\/\/i0.wp.com\/gersonguelmann.com.br\/blog\/wp-content\/uploads\/2018\/05\/AM-ISRAEL-CHAI.jpg?fit=640%2C454&amp;ssl=1\" class=\"alignnone size-medium wp-image-12973\" src=\"https:\/\/i0.wp.com\/gersonguelmann.com.br\/blog\/wp-content\/uploads\/2018\/05\/AM-ISRAEL-CHAI.jpg?resize=300%2C213&#038;ssl=1\" alt=\"\" width=\"300\" height=\"213\" srcset=\"https:\/\/i0.wp.com\/gersonguelmann.com.br\/blog\/wp-content\/uploads\/2018\/05\/AM-ISRAEL-CHAI.jpg?resize=300%2C213&amp;ssl=1 300w, https:\/\/i0.wp.com\/gersonguelmann.com.br\/blog\/wp-content\/uploads\/2018\/05\/AM-ISRAEL-CHAI.jpg?resize=768%2C545&amp;ssl=1 768w, https:\/\/i0.wp.com\/gersonguelmann.com.br\/blog\/wp-content\/uploads\/2018\/05\/AM-ISRAEL-CHAI.jpg?w=960&amp;ssl=1 960w\" sizes=\"(max-width: 300px) 100vw, 300px\" \/><\/p>\n","protected":false},"excerpt":{"rendered":"<p>Rita Cohen Wolf \u00e9 uma brasileira que vive em Israel. O texto dela fala por mim. Republico com a devida autoriza\u00e7\u00e3o da autora: &#8220;Meu nome \u00e9 Rita Cohen Wolf. Eu sou judia e quero contar pra voc\u00eas: N\u00e3o temos por habito ou por esporte \u201cjudiar\u201d de ningu\u00e9m. Sou parte do Povo Judeu, descendente dos patriarcas: [&hellip;]<\/p>\n","protected":false},"author":5,"featured_media":12973,"comment_status":"open","ping_status":"open","sticky":false,"template":"","format":"standard","meta":{"_acf_changed":false,"jetpack_post_was_ever_published":false,"_jetpack_newsletter_access":"","_jetpack_dont_email_post_to_subs":false,"_jetpack_newsletter_tier_id":0,"_jetpack_memberships_contains_paywalled_content":false,"_jetpack_memberships_contains_paid_content":false,"footnotes":"","jetpack_publicize_message":"","jetpack_publicize_feature_enabled":true,"jetpack_social_post_already_shared":true,"jetpack_social_options":{"image_generator_settings":{"template":"highway","default_image_id":0,"font":"","enabled":false},"version":2}},"categories":[1],"tags":[],"class_list":["post-12972","post","type-post","status-publish","format-standard","has-post-thumbnail","hentry","category-sem-categoria"],"acf":[],"yoast_head":"<!-- This site is optimized with the Yoast SEO plugin v27.3 - https:\/\/yoast.com\/product\/yoast-seo-wordpress\/ -->\n<title>Uma Brasileira Em Israel Que Fala Por Mim | Blog do Guelmann<\/title>\n<meta name=\"robots\" content=\"index, follow, max-snippet:-1, max-image-preview:large, max-video-preview:-1\" \/>\n<link rel=\"canonical\" href=\"https:\/\/gersonguelmann.com.br\/blog\/uma-brasileira-em-israel-que-fala-por-mim\/\" \/>\n<meta property=\"og:locale\" content=\"pt_BR\" \/>\n<meta property=\"og:type\" content=\"article\" \/>\n<meta property=\"og:title\" content=\"Uma Brasileira Em Israel Que Fala Por Mim | Blog do Guelmann\" \/>\n<meta property=\"og:description\" content=\"Rita Cohen Wolf \u00e9 uma brasileira que vive em Israel. O texto dela fala por mim. Republico com a devida autoriza\u00e7\u00e3o da autora: &#8220;Meu nome \u00e9 Rita Cohen Wolf. Eu sou judia e quero contar pra voc\u00eas: N\u00e3o temos por habito ou por esporte \u201cjudiar\u201d de ningu\u00e9m. Sou parte do Povo Judeu, descendente dos patriarcas: [&hellip;]\" \/>\n<meta property=\"og:url\" content=\"https:\/\/gersonguelmann.com.br\/blog\/uma-brasileira-em-israel-que-fala-por-mim\/\" \/>\n<meta property=\"og:site_name\" content=\"Blog do Guelmann\" \/>\n<meta property=\"article:published_time\" content=\"2018-05-16T16:50:52+00:00\" \/>\n<meta property=\"og:image\" content=\"https:\/\/i0.wp.com\/gersonguelmann.com.br\/blog\/wp-content\/uploads\/2018\/05\/AM-ISRAEL-CHAI.jpg?fit=960%2C681&ssl=1\" \/>\n\t<meta property=\"og:image:width\" content=\"960\" \/>\n\t<meta property=\"og:image:height\" content=\"681\" \/>\n\t<meta property=\"og:image:type\" content=\"image\/jpeg\" \/>\n<meta name=\"author\" content=\"Gerson Guelmann\" \/>\n<meta name=\"twitter:card\" content=\"summary_large_image\" \/>\n<meta name=\"twitter:label1\" content=\"Escrito por\" \/>\n\t<meta name=\"twitter:data1\" content=\"Gerson Guelmann\" \/>\n\t<meta name=\"twitter:label2\" content=\"Est. tempo de leitura\" \/>\n\t<meta name=\"twitter:data2\" content=\"4 minutos\" \/>\n<script type=\"application\/ld+json\" class=\"yoast-schema-graph\">{\"@context\":\"https:\\\/\\\/schema.org\",\"@graph\":[{\"@type\":\"Article\",\"@id\":\"https:\\\/\\\/gersonguelmann.com.br\\\/blog\\\/uma-brasileira-em-israel-que-fala-por-mim\\\/#article\",\"isPartOf\":{\"@id\":\"https:\\\/\\\/gersonguelmann.com.br\\\/blog\\\/uma-brasileira-em-israel-que-fala-por-mim\\\/\"},\"author\":{\"name\":\"Gerson Guelmann\",\"@id\":\"https:\\\/\\\/gersonguelmann.com.br\\\/blog\\\/#\\\/schema\\\/person\\\/87e70e2a786888082f941a482c90569e\"},\"headline\":\"Uma Brasileira Em Israel Que Fala Por Mim\",\"datePublished\":\"2018-05-16T16:50:52+00:00\",\"mainEntityOfPage\":{\"@id\":\"https:\\\/\\\/gersonguelmann.com.br\\\/blog\\\/uma-brasileira-em-israel-que-fala-por-mim\\\/\"},\"wordCount\":821,\"commentCount\":1,\"image\":{\"@id\":\"https:\\\/\\\/gersonguelmann.com.br\\\/blog\\\/uma-brasileira-em-israel-que-fala-por-mim\\\/#primaryimage\"},\"thumbnailUrl\":\"https:\\\/\\\/i0.wp.com\\\/gersonguelmann.com.br\\\/blog\\\/wp-content\\\/uploads\\\/2018\\\/05\\\/AM-ISRAEL-CHAI.jpg?fit=960%2C681&ssl=1\",\"inLanguage\":\"pt-BR\",\"potentialAction\":[{\"@type\":\"CommentAction\",\"name\":\"Comment\",\"target\":[\"https:\\\/\\\/gersonguelmann.com.br\\\/blog\\\/uma-brasileira-em-israel-que-fala-por-mim\\\/#respond\"]}]},{\"@type\":\"WebPage\",\"@id\":\"https:\\\/\\\/gersonguelmann.com.br\\\/blog\\\/uma-brasileira-em-israel-que-fala-por-mim\\\/\",\"url\":\"https:\\\/\\\/gersonguelmann.com.br\\\/blog\\\/uma-brasileira-em-israel-que-fala-por-mim\\\/\",\"name\":\"Uma Brasileira Em Israel Que Fala Por Mim | Blog do Guelmann\",\"isPartOf\":{\"@id\":\"https:\\\/\\\/gersonguelmann.com.br\\\/blog\\\/#website\"},\"primaryImageOfPage\":{\"@id\":\"https:\\\/\\\/gersonguelmann.com.br\\\/blog\\\/uma-brasileira-em-israel-que-fala-por-mim\\\/#primaryimage\"},\"image\":{\"@id\":\"https:\\\/\\\/gersonguelmann.com.br\\\/blog\\\/uma-brasileira-em-israel-que-fala-por-mim\\\/#primaryimage\"},\"thumbnailUrl\":\"https:\\\/\\\/i0.wp.com\\\/gersonguelmann.com.br\\\/blog\\\/wp-content\\\/uploads\\\/2018\\\/05\\\/AM-ISRAEL-CHAI.jpg?fit=960%2C681&ssl=1\",\"datePublished\":\"2018-05-16T16:50:52+00:00\",\"author\":{\"@id\":\"https:\\\/\\\/gersonguelmann.com.br\\\/blog\\\/#\\\/schema\\\/person\\\/87e70e2a786888082f941a482c90569e\"},\"inLanguage\":\"pt-BR\",\"potentialAction\":[{\"@type\":\"ReadAction\",\"target\":[\"https:\\\/\\\/gersonguelmann.com.br\\\/blog\\\/uma-brasileira-em-israel-que-fala-por-mim\\\/\"]}]},{\"@type\":\"ImageObject\",\"inLanguage\":\"pt-BR\",\"@id\":\"https:\\\/\\\/gersonguelmann.com.br\\\/blog\\\/uma-brasileira-em-israel-que-fala-por-mim\\\/#primaryimage\",\"url\":\"https:\\\/\\\/i0.wp.com\\\/gersonguelmann.com.br\\\/blog\\\/wp-content\\\/uploads\\\/2018\\\/05\\\/AM-ISRAEL-CHAI.jpg?fit=960%2C681&ssl=1\",\"contentUrl\":\"https:\\\/\\\/i0.wp.com\\\/gersonguelmann.com.br\\\/blog\\\/wp-content\\\/uploads\\\/2018\\\/05\\\/AM-ISRAEL-CHAI.jpg?fit=960%2C681&ssl=1\",\"width\":960,\"height\":681},{\"@type\":\"WebSite\",\"@id\":\"https:\\\/\\\/gersonguelmann.com.br\\\/blog\\\/#website\",\"url\":\"https:\\\/\\\/gersonguelmann.com.br\\\/blog\\\/\",\"name\":\"Blog do Guelmann\",\"description\":\"Pitadas da sabedoria e do humor judaicos, assuntos do momento e um pouco das hist\u00f3rias que vivi e testemunhei.\",\"potentialAction\":[{\"@type\":\"SearchAction\",\"target\":{\"@type\":\"EntryPoint\",\"urlTemplate\":\"https:\\\/\\\/gersonguelmann.com.br\\\/blog\\\/?s={search_term_string}\"},\"query-input\":{\"@type\":\"PropertyValueSpecification\",\"valueRequired\":true,\"valueName\":\"search_term_string\"}}],\"inLanguage\":\"pt-BR\"},{\"@type\":\"Person\",\"@id\":\"https:\\\/\\\/gersonguelmann.com.br\\\/blog\\\/#\\\/schema\\\/person\\\/87e70e2a786888082f941a482c90569e\",\"name\":\"Gerson Guelmann\",\"image\":{\"@type\":\"ImageObject\",\"inLanguage\":\"pt-BR\",\"@id\":\"https:\\\/\\\/i0.wp.com\\\/gersonguelmann.com.br\\\/blog\\\/wp-content\\\/uploads\\\/2021\\\/08\\\/BLOG.jpeg?fit=96%2C96&ssl=1\",\"url\":\"https:\\\/\\\/i0.wp.com\\\/gersonguelmann.com.br\\\/blog\\\/wp-content\\\/uploads\\\/2021\\\/08\\\/BLOG.jpeg?fit=96%2C96&ssl=1\",\"contentUrl\":\"https:\\\/\\\/i0.wp.com\\\/gersonguelmann.com.br\\\/blog\\\/wp-content\\\/uploads\\\/2021\\\/08\\\/BLOG.jpeg?fit=96%2C96&ssl=1\",\"caption\":\"Gerson Guelmann\"},\"description\":\"Pitadas da sabedoria e do humor judaicos, assuntos do momento e um pouco das hist\u00f3rias que vivi e testemunhei.\"}]}<\/script>\n<!-- \/ Yoast SEO plugin. -->","yoast_head_json":{"title":"Uma Brasileira Em Israel Que Fala Por Mim | Blog do Guelmann","robots":{"index":"index","follow":"follow","max-snippet":"max-snippet:-1","max-image-preview":"max-image-preview:large","max-video-preview":"max-video-preview:-1"},"canonical":"https:\/\/gersonguelmann.com.br\/blog\/uma-brasileira-em-israel-que-fala-por-mim\/","og_locale":"pt_BR","og_type":"article","og_title":"Uma Brasileira Em Israel Que Fala Por Mim | Blog do Guelmann","og_description":"Rita Cohen Wolf \u00e9 uma brasileira que vive em Israel. O texto dela fala por mim. Republico com a devida autoriza\u00e7\u00e3o da autora: &#8220;Meu nome \u00e9 Rita Cohen Wolf. Eu sou judia e quero contar pra voc\u00eas: N\u00e3o temos por habito ou por esporte \u201cjudiar\u201d de ningu\u00e9m. Sou parte do Povo Judeu, descendente dos patriarcas: [&hellip;]","og_url":"https:\/\/gersonguelmann.com.br\/blog\/uma-brasileira-em-israel-que-fala-por-mim\/","og_site_name":"Blog do Guelmann","article_published_time":"2018-05-16T16:50:52+00:00","og_image":[{"width":960,"height":681,"url":"https:\/\/i0.wp.com\/gersonguelmann.com.br\/blog\/wp-content\/uploads\/2018\/05\/AM-ISRAEL-CHAI.jpg?fit=960%2C681&ssl=1","type":"image\/jpeg"}],"author":"Gerson Guelmann","twitter_card":"summary_large_image","twitter_misc":{"Escrito por":"Gerson Guelmann","Est. tempo de leitura":"4 minutos"},"schema":{"@context":"https:\/\/schema.org","@graph":[{"@type":"Article","@id":"https:\/\/gersonguelmann.com.br\/blog\/uma-brasileira-em-israel-que-fala-por-mim\/#article","isPartOf":{"@id":"https:\/\/gersonguelmann.com.br\/blog\/uma-brasileira-em-israel-que-fala-por-mim\/"},"author":{"name":"Gerson Guelmann","@id":"https:\/\/gersonguelmann.com.br\/blog\/#\/schema\/person\/87e70e2a786888082f941a482c90569e"},"headline":"Uma Brasileira Em Israel Que Fala Por Mim","datePublished":"2018-05-16T16:50:52+00:00","mainEntityOfPage":{"@id":"https:\/\/gersonguelmann.com.br\/blog\/uma-brasileira-em-israel-que-fala-por-mim\/"},"wordCount":821,"commentCount":1,"image":{"@id":"https:\/\/gersonguelmann.com.br\/blog\/uma-brasileira-em-israel-que-fala-por-mim\/#primaryimage"},"thumbnailUrl":"https:\/\/i0.wp.com\/gersonguelmann.com.br\/blog\/wp-content\/uploads\/2018\/05\/AM-ISRAEL-CHAI.jpg?fit=960%2C681&ssl=1","inLanguage":"pt-BR","potentialAction":[{"@type":"CommentAction","name":"Comment","target":["https:\/\/gersonguelmann.com.br\/blog\/uma-brasileira-em-israel-que-fala-por-mim\/#respond"]}]},{"@type":"WebPage","@id":"https:\/\/gersonguelmann.com.br\/blog\/uma-brasileira-em-israel-que-fala-por-mim\/","url":"https:\/\/gersonguelmann.com.br\/blog\/uma-brasileira-em-israel-que-fala-por-mim\/","name":"Uma Brasileira Em Israel Que Fala Por Mim | Blog do Guelmann","isPartOf":{"@id":"https:\/\/gersonguelmann.com.br\/blog\/#website"},"primaryImageOfPage":{"@id":"https:\/\/gersonguelmann.com.br\/blog\/uma-brasileira-em-israel-que-fala-por-mim\/#primaryimage"},"image":{"@id":"https:\/\/gersonguelmann.com.br\/blog\/uma-brasileira-em-israel-que-fala-por-mim\/#primaryimage"},"thumbnailUrl":"https:\/\/i0.wp.com\/gersonguelmann.com.br\/blog\/wp-content\/uploads\/2018\/05\/AM-ISRAEL-CHAI.jpg?fit=960%2C681&ssl=1","datePublished":"2018-05-16T16:50:52+00:00","author":{"@id":"https:\/\/gersonguelmann.com.br\/blog\/#\/schema\/person\/87e70e2a786888082f941a482c90569e"},"inLanguage":"pt-BR","potentialAction":[{"@type":"ReadAction","target":["https:\/\/gersonguelmann.com.br\/blog\/uma-brasileira-em-israel-que-fala-por-mim\/"]}]},{"@type":"ImageObject","inLanguage":"pt-BR","@id":"https:\/\/gersonguelmann.com.br\/blog\/uma-brasileira-em-israel-que-fala-por-mim\/#primaryimage","url":"https:\/\/i0.wp.com\/gersonguelmann.com.br\/blog\/wp-content\/uploads\/2018\/05\/AM-ISRAEL-CHAI.jpg?fit=960%2C681&ssl=1","contentUrl":"https:\/\/i0.wp.com\/gersonguelmann.com.br\/blog\/wp-content\/uploads\/2018\/05\/AM-ISRAEL-CHAI.jpg?fit=960%2C681&ssl=1","width":960,"height":681},{"@type":"WebSite","@id":"https:\/\/gersonguelmann.com.br\/blog\/#website","url":"https:\/\/gersonguelmann.com.br\/blog\/","name":"Blog do Guelmann","description":"Pitadas da sabedoria e do humor judaicos, assuntos do momento e um pouco das hist\u00f3rias que vivi e testemunhei.","potentialAction":[{"@type":"SearchAction","target":{"@type":"EntryPoint","urlTemplate":"https:\/\/gersonguelmann.com.br\/blog\/?s={search_term_string}"},"query-input":{"@type":"PropertyValueSpecification","valueRequired":true,"valueName":"search_term_string"}}],"inLanguage":"pt-BR"},{"@type":"Person","@id":"https:\/\/gersonguelmann.com.br\/blog\/#\/schema\/person\/87e70e2a786888082f941a482c90569e","name":"Gerson Guelmann","image":{"@type":"ImageObject","inLanguage":"pt-BR","@id":"https:\/\/i0.wp.com\/gersonguelmann.com.br\/blog\/wp-content\/uploads\/2021\/08\/BLOG.jpeg?fit=96%2C96&ssl=1","url":"https:\/\/i0.wp.com\/gersonguelmann.com.br\/blog\/wp-content\/uploads\/2021\/08\/BLOG.jpeg?fit=96%2C96&ssl=1","contentUrl":"https:\/\/i0.wp.com\/gersonguelmann.com.br\/blog\/wp-content\/uploads\/2021\/08\/BLOG.jpeg?fit=96%2C96&ssl=1","caption":"Gerson Guelmann"},"description":"Pitadas da sabedoria e do humor judaicos, assuntos do momento e um pouco das hist\u00f3rias que vivi e testemunhei."}]}},"views":50,"jetpack_publicize_connections":[],"jetpack_featured_media_url":"https:\/\/i0.wp.com\/gersonguelmann.com.br\/blog\/wp-content\/uploads\/2018\/05\/AM-ISRAEL-CHAI.jpg?fit=960%2C681&ssl=1","jetpack_shortlink":"https:\/\/wp.me\/p96e7O-3ne","jetpack-related-posts":[{"id":23300,"url":"https:\/\/gersonguelmann.com.br\/blog\/nos-judeus-somos-assim\/","url_meta":{"origin":12972,"position":0},"title":"N\u00f3s Judeus Somos Assim","author":"Gerson Guelmann","date":"23 de outubro de 2023","format":false,"excerpt":"Foto: Pexels Nestes dias em que os Judeus e muitas outras pessoas sofrem com os acontecimentos em Israel, compartilho a poesia \"Os Judeus\" de Yehuda Amichai. S\u00e3o palavras de alento em tempos de dor e que trazem a certeza de que Israel e os Judeus ser\u00e3o eternos. No passado, exilados\u2026","rel":"","context":"Em &quot;Sem categoria&quot;","block_context":{"text":"Sem categoria","link":"https:\/\/gersonguelmann.com.br\/blog\/category\/sem-categoria\/"},"img":{"alt_text":"","src":"https:\/\/i0.wp.com\/gersonguelmann.com.br\/blog\/wp-content\/uploads\/2023\/10\/BLOG-scaled.jpeg?fit=1200%2C800&ssl=1&resize=350%2C200","width":350,"height":200,"srcset":"https:\/\/i0.wp.com\/gersonguelmann.com.br\/blog\/wp-content\/uploads\/2023\/10\/BLOG-scaled.jpeg?fit=1200%2C800&ssl=1&resize=350%2C200 1x, https:\/\/i0.wp.com\/gersonguelmann.com.br\/blog\/wp-content\/uploads\/2023\/10\/BLOG-scaled.jpeg?fit=1200%2C800&ssl=1&resize=525%2C300 1.5x, https:\/\/i0.wp.com\/gersonguelmann.com.br\/blog\/wp-content\/uploads\/2023\/10\/BLOG-scaled.jpeg?fit=1200%2C800&ssl=1&resize=700%2C400 2x, https:\/\/i0.wp.com\/gersonguelmann.com.br\/blog\/wp-content\/uploads\/2023\/10\/BLOG-scaled.jpeg?fit=1200%2C800&ssl=1&resize=1050%2C600 3x"},"classes":[]},{"id":20850,"url":"https:\/\/gersonguelmann.com.br\/blog\/o-prefeito-idiota-e-a-lingua-mais-rapida-que-o-cerebro\/","url_meta":{"origin":12972,"position":1},"title":"O Prefeito Idiota e a L\u00edngua Mais R\u00e1pida Que o C\u00e9rebro","author":"Gerson Guelmann","date":"12 de janeiro de 2021","format":false,"excerpt":"A comunidade judaica brasileira foi surpreendida e sentiu-se duramente atingida ap\u00f3s a divulga\u00e7\u00e3o do discurso de posse do Prefeito de Rio das Ostras (RJ) no \u00faltimo dia 1\u00ba. O senhor Marcelino Borba, ao dirigir-se ao p\u00fablico presente na C\u00e2mara Municipal, mostrou o lado abjeto de sua personalidade ao mencionar a\u2026","rel":"","context":"Em &quot;Sem categoria&quot;","block_context":{"text":"Sem categoria","link":"https:\/\/gersonguelmann.com.br\/blog\/category\/sem-categoria\/"},"img":{"alt_text":"","src":"https:\/\/i0.wp.com\/gersonguelmann.com.br\/blog\/wp-content\/uploads\/2021\/01\/AnyConv.com__ESTUPIDO.jpg?fit=960%2C341&ssl=1&resize=350%2C200","width":350,"height":200,"srcset":"https:\/\/i0.wp.com\/gersonguelmann.com.br\/blog\/wp-content\/uploads\/2021\/01\/AnyConv.com__ESTUPIDO.jpg?fit=960%2C341&ssl=1&resize=350%2C200 1x, https:\/\/i0.wp.com\/gersonguelmann.com.br\/blog\/wp-content\/uploads\/2021\/01\/AnyConv.com__ESTUPIDO.jpg?fit=960%2C341&ssl=1&resize=525%2C300 1.5x, https:\/\/i0.wp.com\/gersonguelmann.com.br\/blog\/wp-content\/uploads\/2021\/01\/AnyConv.com__ESTUPIDO.jpg?fit=960%2C341&ssl=1&resize=700%2C400 2x"},"classes":[]},{"id":6405,"url":"https:\/\/gersonguelmann.com.br\/blog\/frases-dos-melhores-humoristas-judeus-31\/","url_meta":{"origin":12972,"position":2},"title":"Frases dos Melhores Humoristas Judeus (31)","author":"Gerson Guelmann","date":"19 de julho de 2021","format":false,"excerpt":"*\u00a0Henny Youngman\u00a0(Henny Henry Youngmann \u2013 Liverpool, 16\/3\/1906 \u2013 Flushing, 24\/2\/1998) - \"Quando nasci eu era t\u00e3o feio que o m\u00e9dico bateu na minha m\u00e3e\". *\u00a0Rita Rudner\u00a0(Rita Rudner \u2013 Miami, 17\/9\/1953) - \"Meu marido me deu um colar falso. Eu pedi que fosse falso. N\u00e3o quero nada no meu pesco\u00e7o que\u2026","rel":"","context":"Em &quot;Sem categoria&quot;","block_context":{"text":"Sem categoria","link":"https:\/\/gersonguelmann.com.br\/blog\/category\/sem-categoria\/"},"img":{"alt_text":"","src":"https:\/\/i0.wp.com\/gersonguelmann.com.br\/blog\/wp-content\/uploads\/2018\/01\/traveller-check.jpeg?fit=1200%2C788&ssl=1&resize=350%2C200","width":350,"height":200,"srcset":"https:\/\/i0.wp.com\/gersonguelmann.com.br\/blog\/wp-content\/uploads\/2018\/01\/traveller-check.jpeg?fit=1200%2C788&ssl=1&resize=350%2C200 1x, https:\/\/i0.wp.com\/gersonguelmann.com.br\/blog\/wp-content\/uploads\/2018\/01\/traveller-check.jpeg?fit=1200%2C788&ssl=1&resize=525%2C300 1.5x, https:\/\/i0.wp.com\/gersonguelmann.com.br\/blog\/wp-content\/uploads\/2018\/01\/traveller-check.jpeg?fit=1200%2C788&ssl=1&resize=700%2C400 2x, https:\/\/i0.wp.com\/gersonguelmann.com.br\/blog\/wp-content\/uploads\/2018\/01\/traveller-check.jpeg?fit=1200%2C788&ssl=1&resize=1050%2C600 3x"},"classes":[]},{"id":13258,"url":"https:\/\/gersonguelmann.com.br\/blog\/a-humanidade-e-israel-por-cintia-moscovich\/","url_meta":{"origin":12972,"position":3},"title":"A Humanidade e Israel, Por C\u00edntia Moscovich (*)","author":"Gerson Guelmann","date":"24 de maio de 2018","format":false,"excerpt":"Devidamente autorizada pela autora, transcrevo o artigo de C\u00edntia Moscovich e publicado em sua coluna do jornal Zero Hora na \u00faltima segunda-feira. \"Na semana que passou, quando da transfer\u00eancia da embaixada americana para Jerusal\u00e9m, a Faixa de Gaza fervilhou: embates de \u00e1rabes-palestinos, comandados pelo governo do Hamas, e o ex\u00e9rcito\u2026","rel":"","context":"Em &quot;Sem categoria&quot;","block_context":{"text":"Sem categoria","link":"https:\/\/gersonguelmann.com.br\/blog\/category\/sem-categoria\/"},"img":{"alt_text":"","src":"https:\/\/i0.wp.com\/gersonguelmann.com.br\/blog\/wp-content\/uploads\/2018\/05\/new-country-890x400.jpg?fit=890%2C400&ssl=1&resize=350%2C200","width":350,"height":200,"srcset":"https:\/\/i0.wp.com\/gersonguelmann.com.br\/blog\/wp-content\/uploads\/2018\/05\/new-country-890x400.jpg?fit=890%2C400&ssl=1&resize=350%2C200 1x, https:\/\/i0.wp.com\/gersonguelmann.com.br\/blog\/wp-content\/uploads\/2018\/05\/new-country-890x400.jpg?fit=890%2C400&ssl=1&resize=525%2C300 1.5x, https:\/\/i0.wp.com\/gersonguelmann.com.br\/blog\/wp-content\/uploads\/2018\/05\/new-country-890x400.jpg?fit=890%2C400&ssl=1&resize=700%2C400 2x"},"classes":[]},{"id":26049,"url":"https:\/\/gersonguelmann.com.br\/blog\/israel-o-milagre-que-insiste-em-viver\/","url_meta":{"origin":12972,"position":4},"title":"Israel: O Milagre Que Insiste em Viver","author":"Gerson Guelmann","date":"16 de junho de 2025","format":false,"excerpt":"Em meio \u00e0s manchetes sobre tens\u00e3o, ataques e diplomacia em frangalhos, uma outra realidade insiste em se manter viva em Israel: a de um pa\u00eds cercado por inimigos que desejam sua extin\u00e7\u00e3o \u2014 e que, mesmo assim, n\u00e3o deixa de oferecer ao mundo o que de melhor pode existir em\u2026","rel":"","context":"Em &quot;Sem categoria&quot;","block_context":{"text":"Sem categoria","link":"https:\/\/gersonguelmann.com.br\/blog\/category\/sem-categoria\/"},"img":{"alt_text":"","src":"https:\/\/i0.wp.com\/gersonguelmann.com.br\/blog\/wp-content\/uploads\/2025\/06\/HojePR-22.jpg?fit=1024%2C683&ssl=1&resize=350%2C200","width":350,"height":200,"srcset":"https:\/\/i0.wp.com\/gersonguelmann.com.br\/blog\/wp-content\/uploads\/2025\/06\/HojePR-22.jpg?fit=1024%2C683&ssl=1&resize=350%2C200 1x, https:\/\/i0.wp.com\/gersonguelmann.com.br\/blog\/wp-content\/uploads\/2025\/06\/HojePR-22.jpg?fit=1024%2C683&ssl=1&resize=525%2C300 1.5x, https:\/\/i0.wp.com\/gersonguelmann.com.br\/blog\/wp-content\/uploads\/2025\/06\/HojePR-22.jpg?fit=1024%2C683&ssl=1&resize=700%2C400 2x"},"classes":[]},{"id":22650,"url":"https:\/\/gersonguelmann.com.br\/blog\/frases-dos-melhores-humoristas-judeus-56\/","url_meta":{"origin":12972,"position":5},"title":"Frases dos Melhores Humoristas Judeus (56)","author":"Gerson Guelmann","date":"24 de janeiro de 2022","format":false,"excerpt":"* Seth Rogen (Seth\u00a0Aaron\u00a0Rogen (Vancouver - 15\/4\/1982) - \"Eu sou pregui\u00e7oso, mas por algum motivo, sou t\u00e3o paranoico que acabo trabalhando duro\". *\u00a0Gilda Radner\u00a0(Gilda Susan Radner \u2013 Detroit, 28\/6\/1946 \u2013 Los Angeles, 20\/5\/1989) - \"Prefiro ser mulher do que homem. As mulheres podem chorar, podem usar roupas fofas e s\u00e3o\u2026","rel":"","context":"Em &quot;Sem categoria&quot;","block_context":{"text":"Sem categoria","link":"https:\/\/gersonguelmann.com.br\/blog\/category\/sem-categoria\/"},"img":{"alt_text":"","src":"https:\/\/i0.wp.com\/gersonguelmann.com.br\/blog\/wp-content\/uploads\/2022\/01\/CORRENTES.jpg?fit=687%2C1030&ssl=1&resize=350%2C200","width":350,"height":200,"srcset":"https:\/\/i0.wp.com\/gersonguelmann.com.br\/blog\/wp-content\/uploads\/2022\/01\/CORRENTES.jpg?fit=687%2C1030&ssl=1&resize=350%2C200 1x, https:\/\/i0.wp.com\/gersonguelmann.com.br\/blog\/wp-content\/uploads\/2022\/01\/CORRENTES.jpg?fit=687%2C1030&ssl=1&resize=525%2C300 1.5x"},"classes":[]}],"jetpack_sharing_enabled":true,"post_mailing_queue_ids":[],"_links":{"self":[{"href":"https:\/\/gersonguelmann.com.br\/blog\/wp-json\/wp\/v2\/posts\/12972","targetHints":{"allow":["GET"]}}],"collection":[{"href":"https:\/\/gersonguelmann.com.br\/blog\/wp-json\/wp\/v2\/posts"}],"about":[{"href":"https:\/\/gersonguelmann.com.br\/blog\/wp-json\/wp\/v2\/types\/post"}],"author":[{"embeddable":true,"href":"https:\/\/gersonguelmann.com.br\/blog\/wp-json\/wp\/v2\/users\/5"}],"replies":[{"embeddable":true,"href":"https:\/\/gersonguelmann.com.br\/blog\/wp-json\/wp\/v2\/comments?post=12972"}],"version-history":[{"count":0,"href":"https:\/\/gersonguelmann.com.br\/blog\/wp-json\/wp\/v2\/posts\/12972\/revisions"}],"wp:featuredmedia":[{"embeddable":true,"href":"https:\/\/gersonguelmann.com.br\/blog\/wp-json\/wp\/v2\/media\/12973"}],"wp:attachment":[{"href":"https:\/\/gersonguelmann.com.br\/blog\/wp-json\/wp\/v2\/media?parent=12972"}],"wp:term":[{"taxonomy":"category","embeddable":true,"href":"https:\/\/gersonguelmann.com.br\/blog\/wp-json\/wp\/v2\/categories?post=12972"},{"taxonomy":"post_tag","embeddable":true,"href":"https:\/\/gersonguelmann.com.br\/blog\/wp-json\/wp\/v2\/tags?post=12972"}],"curies":[{"name":"wp","href":"https:\/\/api.w.org\/{rel}","templated":true}]}}