    {"id":12975,"date":"2018-05-16T14:25:10","date_gmt":"2018-05-16T17:25:10","guid":{"rendered":"https:\/\/gersonguelmann.com.br\/blog\/?p=12975"},"modified":"2018-05-16T14:26:40","modified_gmt":"2018-05-16T17:26:40","slug":"fumavam-maconha-em-transmissao-ao-vivo-foram-presos-ao-vivo","status":"publish","type":"post","link":"https:\/\/gersonguelmann.com.br\/blog\/fumavam-maconha-em-transmissao-ao-vivo-foram-presos-ao-vivo\/","title":{"rendered":"Fumavam Maconha Em Transmiss\u00e3o Ao Vivo. Foram Presos Ao Vivo."},"content":{"rendered":"<p style=\"text-align: center;\"><span style=\"color: #000000;\"><img data-recalc-dims=\"1\" fetchpriority=\"high\" decoding=\"async\" data-attachment-id=\"12976\" data-permalink=\"https:\/\/gersonguelmann.com.br\/blog\/fumavam-maconha-em-transmissao-ao-vivo-foram-presos-ao-vivo\/maconheiros\/\" data-orig-file=\"https:\/\/i0.wp.com\/gersonguelmann.com.br\/blog\/wp-content\/uploads\/2018\/05\/maconheiros.jpg?fit=840%2C568&amp;ssl=1\" data-orig-size=\"840,568\" data-comments-opened=\"1\" data-image-meta=\"{&quot;aperture&quot;:&quot;0&quot;,&quot;credit&quot;:&quot;&quot;,&quot;camera&quot;:&quot;&quot;,&quot;caption&quot;:&quot;&quot;,&quot;created_timestamp&quot;:&quot;0&quot;,&quot;copyright&quot;:&quot;&quot;,&quot;focal_length&quot;:&quot;0&quot;,&quot;iso&quot;:&quot;0&quot;,&quot;shutter_speed&quot;:&quot;0&quot;,&quot;title&quot;:&quot;&quot;,&quot;orientation&quot;:&quot;0&quot;}\" data-image-title=\"maconheiros\" data-image-description=\"\" data-image-caption=\"\" data-medium-file=\"https:\/\/i0.wp.com\/gersonguelmann.com.br\/blog\/wp-content\/uploads\/2018\/05\/maconheiros.jpg?fit=300%2C203&amp;ssl=1\" data-large-file=\"https:\/\/i0.wp.com\/gersonguelmann.com.br\/blog\/wp-content\/uploads\/2018\/05\/maconheiros.jpg?fit=640%2C433&amp;ssl=1\" class=\"alignnone size-medium wp-image-12976\" src=\"https:\/\/i0.wp.com\/gersonguelmann.com.br\/blog\/wp-content\/uploads\/2018\/05\/maconheiros.jpg?resize=300%2C203&#038;ssl=1\" alt=\"\" width=\"300\" height=\"203\" srcset=\"https:\/\/i0.wp.com\/gersonguelmann.com.br\/blog\/wp-content\/uploads\/2018\/05\/maconheiros.jpg?resize=300%2C203&amp;ssl=1 300w, https:\/\/i0.wp.com\/gersonguelmann.com.br\/blog\/wp-content\/uploads\/2018\/05\/maconheiros.jpg?resize=768%2C519&amp;ssl=1 768w, https:\/\/i0.wp.com\/gersonguelmann.com.br\/blog\/wp-content\/uploads\/2018\/05\/maconheiros.jpg?w=840&amp;ssl=1 840w\" sizes=\"(max-width: 300px) 100vw, 300px\" \/><\/span><br \/>\n<span style=\"font-size: 10pt; color: #808080;\"><em><strong><span style=\"font-family: georgia, palatino, serif;\">Foto: Metr\u00f3poles<\/span><\/strong><\/em><\/span><\/p>\n<p><span style=\"color: #000000; font-family: georgia, palatino, serif; font-size: 18pt;\">Quando voc\u00ea acha que j\u00e1 viu de tudo, aparece essa mat\u00e9ria no site Metr\u00f3poles:<\/span><\/p>\n<p class=\"wrap\"><span style=\"font-size: 24pt;\"><strong><span style=\"color: #000000;\">Jovens usam maconha, fazem transmiss\u00e3o na web e acabam presos ao vivo<\/span><\/strong><\/span><\/p>\n<p><span style=\"font-size: 14pt;\"><strong><span style=\"color: #000000;\">O maior de 19 anos era monitorado pela PCDF, por meio das redes sociais, em virtude de postagens relacionadas a uma gangue<\/span><\/strong><\/span><\/p>\n<div id=\"container\">\n<section id=\"header_post\">\n<div class=\"wrap\">\n<div class=\"wrap img_sup\">\n<section id=\"authors_sec\">\n<div class=\"bloco-nomes\">\n<div class=\"assinatura\">\n<h1><span style=\"color: #000000; font-size: 12pt;\">MIRELLE PINHEIRO<\/span><\/h1>\n<\/div>\n<\/div>\n<p><span class=\"the_post_info\" style=\"color: #000000;\">16\/05\/2018 12:19 , atualizado em 16\/05\/2018 12:32<\/span><\/p>\n<\/section>\n<\/div>\n<\/div>\n<\/section>\n<\/div>\n<section id=\"body_post\" class=\"wrap entry-content \">\n<div class=\"d-3of4 t-all\">\n<div class=\"d-1of4 t-all column_social\">\n<div id=\"sticky-wrapper\" class=\"sticky-wrapper\">\n<div class=\"share-internal\">\n<div class=\"box_share_int\"><span style=\"color: #000000;\">\u00a0<\/span><\/div>\n<div class=\"box_share_int\"><span style=\"color: #000000; font-size: 14pt;\">Um maior foi preso e um adolescente apreendido ter\u00e7a-feira (15\/5) por tr\u00e1fico de drogas e apologia ao crime. Um dos detidos ainda\u00a0acabou\u00a0autuado por corrup\u00e7\u00e3o de menores. A dupla fazia uso de maconha e transmitiu a atividade ilegal ao vivo\u00a0pela internet. Como j\u00e1 estavam sendo monitorados pelos investigadores da 24\u00aa Delegacia de Pol\u00edcia (Setor O), os dois\u00a0foram detidos em flagrante.<\/span><\/div>\n<\/div>\n<\/div>\n<\/div>\n<div id=\"content_post\" class=\"d-3of4 t-all\">\n<p><span style=\"color: #000000; font-size: 14pt;\">O maior de 19 anos era monitorado, por meio das redes sociais, em virtude de postagens relacionadas a uma gangue com atua\u00e7\u00e3o na regi\u00e3o administrativa. Ele foi surpreendido pela pol\u00edcia durante a grava\u00e7\u00e3o do v\u00eddeo. Na ocasi\u00e3o, estava acompanhado de um menor de 15 anos.<\/span><\/p>\n<p><span style=\"color: #000000; font-size: 14pt;\">Nas imagens, os dois aparecem visivelmente sob efeito de drogas e mandam recado aos \u201cseguidores\u201d. \u201cChegou o verd\u00e3o na quebrada\u201d, fala o adulto. Logo em seguida, ele \u00e9 repreendido pelo adolescente: \u201cPara de esparrar a\u00ed\u201d. O jovem responde: \u201cAt\u00e9 parece. Isso a\u00ed no outro dia sai\u201d, disse, ao se referir \u00e0 transmiss\u00e3o ao vivo.<\/span><\/p>\n<p><span style=\"color: #000000; font-size: 14pt;\"><strong>Momentos depois, a pol\u00edcia chega e apreende a dupla. Confira:<\/strong><\/span><\/p>\n<p><span class=\"embed-youtube\" style=\"text-align:center; display: block;\"><iframe class=\"youtube-player\" width=\"640\" height=\"360\" src=\"https:\/\/www.youtube.com\/embed\/iU9fGN9c-W0?version=3&#038;rel=1&#038;showsearch=0&#038;showinfo=1&#038;iv_load_policy=1&#038;fs=1&#038;hl=pt-BR&#038;autohide=2&#038;wmode=transparent\" allowfullscreen=\"true\" style=\"border:0;\" sandbox=\"allow-scripts allow-same-origin allow-popups allow-presentation allow-popups-to-escape-sandbox\"><\/iframe><\/span><\/p>\n<\/div>\n<blockquote><p><span style=\"color: #000000; font-size: 14pt;\"><em>\u201cTodos t\u00eam passagem pela pol\u00edcia. O adolescente foi o mesmo que assaltou uma\u00a0escola no in\u00edcio do ano na Expans\u00e3o do Setor O. \u00c0 \u00e9poca, tamb\u00e9m apuramos esse crime por meio das redes sociais. Eles publicaram um coment\u00e1rio e conseguimos derrubar a autoria. A partir de ent\u00e3o, passamos a monitorar todo o grupo. Ontem, no in\u00edcio da tarde,\u00a0vimos esse v\u00eddeo, corremos,\u00a0prendemos e ainda participamos da grava\u00e7\u00e3o\u201d,<\/em> detalhou o delegado-chefe da 24\u00aa DP, Ricardo Viana.<\/span><\/p><\/blockquote>\n<p><span style=\"color: #000000; font-size: 14pt;\">De acordo com a Pol\u00edcia Civil, foram registradas v\u00e1rias den\u00fancias de tr\u00e1fico de drogas na resid\u00eancia do jovem, situada na QNO 19, em Ceil\u00e2ndia.<\/span><\/p>\n<p><span style=\"color: #000000; font-size: 14pt;\">No local, os policiais apreenderam dinheiro, por\u00e7\u00f5es de maconha, crack e rohypnol.<\/span><\/p>\n<p><span style=\"color: #000000; font-family: georgia, palatino, serif; font-size: 18pt;\">A mat\u00e9ria original est\u00e1 publicada <span style=\"color: #0000ff;\"><em><strong>aqui<\/strong><\/em><\/span>.<\/span><\/p>\n<p>&nbsp;<\/p>\n<div id=\"content_post\" class=\"d-3of4 t-all\">\n<p><span style=\"color: #000000;\">\u00a0<\/span><\/p>\n<\/div>\n<\/div>\n<\/section>\n<p>&nbsp;<\/p>\n","protected":false},"excerpt":{"rendered":"<p>Foto: Metr\u00f3poles Quando voc\u00ea acha que j\u00e1 viu de tudo, aparece essa mat\u00e9ria no site Metr\u00f3poles: Jovens usam maconha, fazem transmiss\u00e3o na web e acabam presos ao vivo O maior de 19 anos era monitorado pela PCDF, por meio das redes sociais, em virtude de postagens relacionadas a uma gangue MIRELLE PINHEIRO 16\/05\/2018 12:19 , [&hellip;]<\/p>\n","protected":false},"author":5,"featured_media":12976,"comment_status":"open","ping_status":"open","sticky":false,"template":"","format":"standard","meta":{"_acf_changed":false,"jetpack_post_was_ever_published":false,"_jetpack_newsletter_access":"","_jetpack_dont_email_post_to_subs":false,"_jetpack_newsletter_tier_id":0,"_jetpack_memberships_contains_paywalled_content":false,"_jetpack_memberships_contains_paid_content":false,"footnotes":"","jetpack_publicize_message":"","jetpack_publicize_feature_enabled":true,"jetpack_social_post_already_shared":true,"jetpack_social_options":{"image_generator_settings":{"template":"highway","default_image_id":0,"font":"","enabled":false},"version":2}},"categories":[1],"tags":[],"class_list":["post-12975","post","type-post","status-publish","format-standard","has-post-thumbnail","hentry","category-sem-categoria"],"acf":[],"yoast_head":"<!-- This site is optimized with the Yoast SEO plugin v27.3 - https:\/\/yoast.com\/product\/yoast-seo-wordpress\/ -->\n<title>Fumavam Maconha Em Transmiss\u00e3o Ao Vivo. Foram Presos Ao Vivo. | Blog do Guelmann<\/title>\n<meta name=\"robots\" content=\"index, follow, max-snippet:-1, max-image-preview:large, max-video-preview:-1\" \/>\n<link rel=\"canonical\" href=\"https:\/\/gersonguelmann.com.br\/blog\/fumavam-maconha-em-transmissao-ao-vivo-foram-presos-ao-vivo\/\" \/>\n<meta property=\"og:locale\" content=\"pt_BR\" \/>\n<meta property=\"og:type\" content=\"article\" \/>\n<meta property=\"og:title\" content=\"Fumavam Maconha Em Transmiss\u00e3o Ao Vivo. Foram Presos Ao Vivo. | Blog do Guelmann\" \/>\n<meta property=\"og:description\" content=\"Foto: Metr\u00f3poles Quando voc\u00ea acha que j\u00e1 viu de tudo, aparece essa mat\u00e9ria no site Metr\u00f3poles: Jovens usam maconha, fazem transmiss\u00e3o na web e acabam presos ao vivo O maior de 19 anos era monitorado pela PCDF, por meio das redes sociais, em virtude de postagens relacionadas a uma gangue MIRELLE PINHEIRO 16\/05\/2018 12:19 , [&hellip;]\" \/>\n<meta property=\"og:url\" content=\"https:\/\/gersonguelmann.com.br\/blog\/fumavam-maconha-em-transmissao-ao-vivo-foram-presos-ao-vivo\/\" \/>\n<meta property=\"og:site_name\" content=\"Blog do Guelmann\" \/>\n<meta property=\"article:published_time\" content=\"2018-05-16T17:25:10+00:00\" \/>\n<meta property=\"article:modified_time\" content=\"2018-05-16T17:26:40+00:00\" \/>\n<meta property=\"og:image\" content=\"https:\/\/i0.wp.com\/gersonguelmann.com.br\/blog\/wp-content\/uploads\/2018\/05\/maconheiros.jpg?fit=840%2C568&ssl=1\" \/>\n\t<meta property=\"og:image:width\" content=\"840\" \/>\n\t<meta property=\"og:image:height\" content=\"568\" \/>\n\t<meta property=\"og:image:type\" content=\"image\/jpeg\" \/>\n<meta name=\"author\" content=\"Gerson Guelmann\" \/>\n<meta name=\"twitter:card\" content=\"summary_large_image\" \/>\n<meta name=\"twitter:label1\" content=\"Escrito por\" \/>\n\t<meta name=\"twitter:data1\" content=\"Gerson Guelmann\" \/>\n\t<meta name=\"twitter:label2\" content=\"Est. tempo de leitura\" \/>\n\t<meta name=\"twitter:data2\" content=\"2 minutos\" \/>\n<script type=\"application\/ld+json\" class=\"yoast-schema-graph\">{\"@context\":\"https:\\\/\\\/schema.org\",\"@graph\":[{\"@type\":\"Article\",\"@id\":\"https:\\\/\\\/gersonguelmann.com.br\\\/blog\\\/fumavam-maconha-em-transmissao-ao-vivo-foram-presos-ao-vivo\\\/#article\",\"isPartOf\":{\"@id\":\"https:\\\/\\\/gersonguelmann.com.br\\\/blog\\\/fumavam-maconha-em-transmissao-ao-vivo-foram-presos-ao-vivo\\\/\"},\"author\":{\"name\":\"Gerson Guelmann\",\"@id\":\"https:\\\/\\\/gersonguelmann.com.br\\\/blog\\\/#\\\/schema\\\/person\\\/87e70e2a786888082f941a482c90569e\"},\"headline\":\"Fumavam Maconha Em Transmiss\u00e3o Ao Vivo. Foram Presos Ao Vivo.\",\"datePublished\":\"2018-05-16T17:25:10+00:00\",\"dateModified\":\"2018-05-16T17:26:40+00:00\",\"mainEntityOfPage\":{\"@id\":\"https:\\\/\\\/gersonguelmann.com.br\\\/blog\\\/fumavam-maconha-em-transmissao-ao-vivo-foram-presos-ao-vivo\\\/\"},\"wordCount\":395,\"commentCount\":0,\"image\":{\"@id\":\"https:\\\/\\\/gersonguelmann.com.br\\\/blog\\\/fumavam-maconha-em-transmissao-ao-vivo-foram-presos-ao-vivo\\\/#primaryimage\"},\"thumbnailUrl\":\"https:\\\/\\\/i0.wp.com\\\/gersonguelmann.com.br\\\/blog\\\/wp-content\\\/uploads\\\/2018\\\/05\\\/maconheiros.jpg?fit=840%2C568&ssl=1\",\"inLanguage\":\"pt-BR\",\"potentialAction\":[{\"@type\":\"CommentAction\",\"name\":\"Comment\",\"target\":[\"https:\\\/\\\/gersonguelmann.com.br\\\/blog\\\/fumavam-maconha-em-transmissao-ao-vivo-foram-presos-ao-vivo\\\/#respond\"]}]},{\"@type\":\"WebPage\",\"@id\":\"https:\\\/\\\/gersonguelmann.com.br\\\/blog\\\/fumavam-maconha-em-transmissao-ao-vivo-foram-presos-ao-vivo\\\/\",\"url\":\"https:\\\/\\\/gersonguelmann.com.br\\\/blog\\\/fumavam-maconha-em-transmissao-ao-vivo-foram-presos-ao-vivo\\\/\",\"name\":\"Fumavam Maconha Em Transmiss\u00e3o Ao Vivo. Foram Presos Ao Vivo. | Blog do Guelmann\",\"isPartOf\":{\"@id\":\"https:\\\/\\\/gersonguelmann.com.br\\\/blog\\\/#website\"},\"primaryImageOfPage\":{\"@id\":\"https:\\\/\\\/gersonguelmann.com.br\\\/blog\\\/fumavam-maconha-em-transmissao-ao-vivo-foram-presos-ao-vivo\\\/#primaryimage\"},\"image\":{\"@id\":\"https:\\\/\\\/gersonguelmann.com.br\\\/blog\\\/fumavam-maconha-em-transmissao-ao-vivo-foram-presos-ao-vivo\\\/#primaryimage\"},\"thumbnailUrl\":\"https:\\\/\\\/i0.wp.com\\\/gersonguelmann.com.br\\\/blog\\\/wp-content\\\/uploads\\\/2018\\\/05\\\/maconheiros.jpg?fit=840%2C568&ssl=1\",\"datePublished\":\"2018-05-16T17:25:10+00:00\",\"dateModified\":\"2018-05-16T17:26:40+00:00\",\"author\":{\"@id\":\"https:\\\/\\\/gersonguelmann.com.br\\\/blog\\\/#\\\/schema\\\/person\\\/87e70e2a786888082f941a482c90569e\"},\"inLanguage\":\"pt-BR\",\"potentialAction\":[{\"@type\":\"ReadAction\",\"target\":[\"https:\\\/\\\/gersonguelmann.com.br\\\/blog\\\/fumavam-maconha-em-transmissao-ao-vivo-foram-presos-ao-vivo\\\/\"]}]},{\"@type\":\"ImageObject\",\"inLanguage\":\"pt-BR\",\"@id\":\"https:\\\/\\\/gersonguelmann.com.br\\\/blog\\\/fumavam-maconha-em-transmissao-ao-vivo-foram-presos-ao-vivo\\\/#primaryimage\",\"url\":\"https:\\\/\\\/i0.wp.com\\\/gersonguelmann.com.br\\\/blog\\\/wp-content\\\/uploads\\\/2018\\\/05\\\/maconheiros.jpg?fit=840%2C568&ssl=1\",\"contentUrl\":\"https:\\\/\\\/i0.wp.com\\\/gersonguelmann.com.br\\\/blog\\\/wp-content\\\/uploads\\\/2018\\\/05\\\/maconheiros.jpg?fit=840%2C568&ssl=1\",\"width\":840,\"height\":568},{\"@type\":\"WebSite\",\"@id\":\"https:\\\/\\\/gersonguelmann.com.br\\\/blog\\\/#website\",\"url\":\"https:\\\/\\\/gersonguelmann.com.br\\\/blog\\\/\",\"name\":\"Blog do Guelmann\",\"description\":\"Pitadas da sabedoria e do humor judaicos, assuntos do momento e um pouco das hist\u00f3rias que vivi e testemunhei.\",\"potentialAction\":[{\"@type\":\"SearchAction\",\"target\":{\"@type\":\"EntryPoint\",\"urlTemplate\":\"https:\\\/\\\/gersonguelmann.com.br\\\/blog\\\/?s={search_term_string}\"},\"query-input\":{\"@type\":\"PropertyValueSpecification\",\"valueRequired\":true,\"valueName\":\"search_term_string\"}}],\"inLanguage\":\"pt-BR\"},{\"@type\":\"Person\",\"@id\":\"https:\\\/\\\/gersonguelmann.com.br\\\/blog\\\/#\\\/schema\\\/person\\\/87e70e2a786888082f941a482c90569e\",\"name\":\"Gerson Guelmann\",\"image\":{\"@type\":\"ImageObject\",\"inLanguage\":\"pt-BR\",\"@id\":\"https:\\\/\\\/i0.wp.com\\\/gersonguelmann.com.br\\\/blog\\\/wp-content\\\/uploads\\\/2021\\\/08\\\/BLOG.jpeg?fit=96%2C96&ssl=1\",\"url\":\"https:\\\/\\\/i0.wp.com\\\/gersonguelmann.com.br\\\/blog\\\/wp-content\\\/uploads\\\/2021\\\/08\\\/BLOG.jpeg?fit=96%2C96&ssl=1\",\"contentUrl\":\"https:\\\/\\\/i0.wp.com\\\/gersonguelmann.com.br\\\/blog\\\/wp-content\\\/uploads\\\/2021\\\/08\\\/BLOG.jpeg?fit=96%2C96&ssl=1\",\"caption\":\"Gerson Guelmann\"},\"description\":\"Pitadas da sabedoria e do humor judaicos, assuntos do momento e um pouco das hist\u00f3rias que vivi e testemunhei.\"}]}<\/script>\n<!-- \/ Yoast SEO plugin. -->","yoast_head_json":{"title":"Fumavam Maconha Em Transmiss\u00e3o Ao Vivo. Foram Presos Ao Vivo. | Blog do Guelmann","robots":{"index":"index","follow":"follow","max-snippet":"max-snippet:-1","max-image-preview":"max-image-preview:large","max-video-preview":"max-video-preview:-1"},"canonical":"https:\/\/gersonguelmann.com.br\/blog\/fumavam-maconha-em-transmissao-ao-vivo-foram-presos-ao-vivo\/","og_locale":"pt_BR","og_type":"article","og_title":"Fumavam Maconha Em Transmiss\u00e3o Ao Vivo. Foram Presos Ao Vivo. | Blog do Guelmann","og_description":"Foto: Metr\u00f3poles Quando voc\u00ea acha que j\u00e1 viu de tudo, aparece essa mat\u00e9ria no site Metr\u00f3poles: Jovens usam maconha, fazem transmiss\u00e3o na web e acabam presos ao vivo O maior de 19 anos era monitorado pela PCDF, por meio das redes sociais, em virtude de postagens relacionadas a uma gangue MIRELLE PINHEIRO 16\/05\/2018 12:19 , [&hellip;]","og_url":"https:\/\/gersonguelmann.com.br\/blog\/fumavam-maconha-em-transmissao-ao-vivo-foram-presos-ao-vivo\/","og_site_name":"Blog do Guelmann","article_published_time":"2018-05-16T17:25:10+00:00","article_modified_time":"2018-05-16T17:26:40+00:00","og_image":[{"width":840,"height":568,"url":"https:\/\/i0.wp.com\/gersonguelmann.com.br\/blog\/wp-content\/uploads\/2018\/05\/maconheiros.jpg?fit=840%2C568&ssl=1","type":"image\/jpeg"}],"author":"Gerson Guelmann","twitter_card":"summary_large_image","twitter_misc":{"Escrito por":"Gerson Guelmann","Est. tempo de leitura":"2 minutos"},"schema":{"@context":"https:\/\/schema.org","@graph":[{"@type":"Article","@id":"https:\/\/gersonguelmann.com.br\/blog\/fumavam-maconha-em-transmissao-ao-vivo-foram-presos-ao-vivo\/#article","isPartOf":{"@id":"https:\/\/gersonguelmann.com.br\/blog\/fumavam-maconha-em-transmissao-ao-vivo-foram-presos-ao-vivo\/"},"author":{"name":"Gerson Guelmann","@id":"https:\/\/gersonguelmann.com.br\/blog\/#\/schema\/person\/87e70e2a786888082f941a482c90569e"},"headline":"Fumavam Maconha Em Transmiss\u00e3o Ao Vivo. Foram Presos Ao Vivo.","datePublished":"2018-05-16T17:25:10+00:00","dateModified":"2018-05-16T17:26:40+00:00","mainEntityOfPage":{"@id":"https:\/\/gersonguelmann.com.br\/blog\/fumavam-maconha-em-transmissao-ao-vivo-foram-presos-ao-vivo\/"},"wordCount":395,"commentCount":0,"image":{"@id":"https:\/\/gersonguelmann.com.br\/blog\/fumavam-maconha-em-transmissao-ao-vivo-foram-presos-ao-vivo\/#primaryimage"},"thumbnailUrl":"https:\/\/i0.wp.com\/gersonguelmann.com.br\/blog\/wp-content\/uploads\/2018\/05\/maconheiros.jpg?fit=840%2C568&ssl=1","inLanguage":"pt-BR","potentialAction":[{"@type":"CommentAction","name":"Comment","target":["https:\/\/gersonguelmann.com.br\/blog\/fumavam-maconha-em-transmissao-ao-vivo-foram-presos-ao-vivo\/#respond"]}]},{"@type":"WebPage","@id":"https:\/\/gersonguelmann.com.br\/blog\/fumavam-maconha-em-transmissao-ao-vivo-foram-presos-ao-vivo\/","url":"https:\/\/gersonguelmann.com.br\/blog\/fumavam-maconha-em-transmissao-ao-vivo-foram-presos-ao-vivo\/","name":"Fumavam Maconha Em Transmiss\u00e3o Ao Vivo. Foram Presos Ao Vivo. | Blog do Guelmann","isPartOf":{"@id":"https:\/\/gersonguelmann.com.br\/blog\/#website"},"primaryImageOfPage":{"@id":"https:\/\/gersonguelmann.com.br\/blog\/fumavam-maconha-em-transmissao-ao-vivo-foram-presos-ao-vivo\/#primaryimage"},"image":{"@id":"https:\/\/gersonguelmann.com.br\/blog\/fumavam-maconha-em-transmissao-ao-vivo-foram-presos-ao-vivo\/#primaryimage"},"thumbnailUrl":"https:\/\/i0.wp.com\/gersonguelmann.com.br\/blog\/wp-content\/uploads\/2018\/05\/maconheiros.jpg?fit=840%2C568&ssl=1","datePublished":"2018-05-16T17:25:10+00:00","dateModified":"2018-05-16T17:26:40+00:00","author":{"@id":"https:\/\/gersonguelmann.com.br\/blog\/#\/schema\/person\/87e70e2a786888082f941a482c90569e"},"inLanguage":"pt-BR","potentialAction":[{"@type":"ReadAction","target":["https:\/\/gersonguelmann.com.br\/blog\/fumavam-maconha-em-transmissao-ao-vivo-foram-presos-ao-vivo\/"]}]},{"@type":"ImageObject","inLanguage":"pt-BR","@id":"https:\/\/gersonguelmann.com.br\/blog\/fumavam-maconha-em-transmissao-ao-vivo-foram-presos-ao-vivo\/#primaryimage","url":"https:\/\/i0.wp.com\/gersonguelmann.com.br\/blog\/wp-content\/uploads\/2018\/05\/maconheiros.jpg?fit=840%2C568&ssl=1","contentUrl":"https:\/\/i0.wp.com\/gersonguelmann.com.br\/blog\/wp-content\/uploads\/2018\/05\/maconheiros.jpg?fit=840%2C568&ssl=1","width":840,"height":568},{"@type":"WebSite","@id":"https:\/\/gersonguelmann.com.br\/blog\/#website","url":"https:\/\/gersonguelmann.com.br\/blog\/","name":"Blog do Guelmann","description":"Pitadas da sabedoria e do humor judaicos, assuntos do momento e um pouco das hist\u00f3rias que vivi e testemunhei.","potentialAction":[{"@type":"SearchAction","target":{"@type":"EntryPoint","urlTemplate":"https:\/\/gersonguelmann.com.br\/blog\/?s={search_term_string}"},"query-input":{"@type":"PropertyValueSpecification","valueRequired":true,"valueName":"search_term_string"}}],"inLanguage":"pt-BR"},{"@type":"Person","@id":"https:\/\/gersonguelmann.com.br\/blog\/#\/schema\/person\/87e70e2a786888082f941a482c90569e","name":"Gerson Guelmann","image":{"@type":"ImageObject","inLanguage":"pt-BR","@id":"https:\/\/i0.wp.com\/gersonguelmann.com.br\/blog\/wp-content\/uploads\/2021\/08\/BLOG.jpeg?fit=96%2C96&ssl=1","url":"https:\/\/i0.wp.com\/gersonguelmann.com.br\/blog\/wp-content\/uploads\/2021\/08\/BLOG.jpeg?fit=96%2C96&ssl=1","contentUrl":"https:\/\/i0.wp.com\/gersonguelmann.com.br\/blog\/wp-content\/uploads\/2021\/08\/BLOG.jpeg?fit=96%2C96&ssl=1","caption":"Gerson Guelmann"},"description":"Pitadas da sabedoria e do humor judaicos, assuntos do momento e um pouco das hist\u00f3rias que vivi e testemunhei."}]}},"views":28,"jetpack_publicize_connections":[],"jetpack_featured_media_url":"https:\/\/i0.wp.com\/gersonguelmann.com.br\/blog\/wp-content\/uploads\/2018\/05\/maconheiros.jpg?fit=840%2C568&ssl=1","jetpack_shortlink":"https:\/\/wp.me\/p96e7O-3nh","jetpack-related-posts":[{"id":7589,"url":"https:\/\/gersonguelmann.com.br\/blog\/uma-nova-geracao-de-magistrados-pede-passagem\/","url_meta":{"origin":12975,"position":0},"title":"Uma Nova Gera\u00e7\u00e3o De Magistrados Pede Passagem","author":"Gerson Guelmann","date":"25 de janeiro de 2018","format":false,"excerpt":"Desempenho impec\u00e1vel e encantador Por\u00a0Joaquim Falc\u00e3o 25 jan 2018, 02h05 - Publicado em 24 jan 2018, 18h49 A transmiss\u00e3o ao vivo do julgamento do TRF4 permitiu ao p\u00fablico compar\u00e1-lo com os julgamentos que se tem visto no Supremo Tribunal Federal. A postura dos magistrados, racioc\u00ednio, m\u00e9todo de an\u00e1lise, forma de\u2026","rel":"","context":"Em &quot;Sem categoria&quot;","block_context":{"text":"Sem categoria","link":"https:\/\/gersonguelmann.com.br\/blog\/category\/sem-categoria\/"},"img":{"alt_text":"","src":"https:\/\/i0.wp.com\/gersonguelmann.com.br\/blog\/wp-content\/uploads\/2018\/01\/Juizes.jpg?fit=960%2C720&ssl=1&resize=350%2C200","width":350,"height":200,"srcset":"https:\/\/i0.wp.com\/gersonguelmann.com.br\/blog\/wp-content\/uploads\/2018\/01\/Juizes.jpg?fit=960%2C720&ssl=1&resize=350%2C200 1x, https:\/\/i0.wp.com\/gersonguelmann.com.br\/blog\/wp-content\/uploads\/2018\/01\/Juizes.jpg?fit=960%2C720&ssl=1&resize=525%2C300 1.5x, https:\/\/i0.wp.com\/gersonguelmann.com.br\/blog\/wp-content\/uploads\/2018\/01\/Juizes.jpg?fit=960%2C720&ssl=1&resize=700%2C400 2x"},"classes":[]},{"id":18914,"url":"https:\/\/gersonguelmann.com.br\/blog\/a-cesta-basica-do-nelson-motta-tem-maconha-ha-55-anos-2\/","url_meta":{"origin":12975,"position":1},"title":"A Cesta B\u00e1sica do Nelson Motta Tem Maconha. H\u00e1 55 Anos.","author":"Gerson Guelmann","date":"18 de outubro de 2019","format":false,"excerpt":"O produtor, escritor e cr\u00edtico musical Nelson Motta disse h\u00e1 poucos dias, em entrevista ao Jornal O Globo, que fuma maconha todos os dias, h\u00e1 55 anos. N\u00f2 depoimento, al\u00e9m dessa informa\u00e7\u00e3o, que \u00e9 de transcendental import\u00e2ncia (n\u00e3o tem como n\u00e3o ser ir\u00f4nico), ele fala da situa\u00e7\u00e3o pol\u00edtica do pa\u00eds\u2026","rel":"","context":"Em &quot;Sem categoria&quot;","block_context":{"text":"Sem categoria","link":"https:\/\/gersonguelmann.com.br\/blog\/category\/sem-categoria\/"},"img":{"alt_text":"","src":"https:\/\/i0.wp.com\/gersonguelmann.com.br\/blog\/wp-content\/uploads\/2019\/10\/Maconha.jpg?fit=1200%2C800&ssl=1&resize=350%2C200","width":350,"height":200,"srcset":"https:\/\/i0.wp.com\/gersonguelmann.com.br\/blog\/wp-content\/uploads\/2019\/10\/Maconha.jpg?fit=1200%2C800&ssl=1&resize=350%2C200 1x, https:\/\/i0.wp.com\/gersonguelmann.com.br\/blog\/wp-content\/uploads\/2019\/10\/Maconha.jpg?fit=1200%2C800&ssl=1&resize=525%2C300 1.5x, https:\/\/i0.wp.com\/gersonguelmann.com.br\/blog\/wp-content\/uploads\/2019\/10\/Maconha.jpg?fit=1200%2C800&ssl=1&resize=700%2C400 2x, https:\/\/i0.wp.com\/gersonguelmann.com.br\/blog\/wp-content\/uploads\/2019\/10\/Maconha.jpg?fit=1200%2C800&ssl=1&resize=1050%2C600 3x"},"classes":[]},{"id":6672,"url":"https:\/\/gersonguelmann.com.br\/blog\/maconha-em-clinica-de-reabilitacao-o-brasileiro-merece-ser-estudado\/","url_meta":{"origin":12975,"position":2},"title":"Maconha em Cl\u00ednica de Reabilita\u00e7\u00e3o: o Brasileiro Merece Ser Estudado","author":"Gerson Guelmann","date":"8 de janeiro de 2018","format":false,"excerpt":"Foto: G1\/Paran\u00e1 Ontem, na cidade de Londrina (PR), os Bombeiros foram chamados para atender emerg\u00eancia em um centro\u00a0para tratamento e reabilita\u00e7\u00e3o psicossocial onde supostamente deveriam estar internados dependentes qu\u00edmicos. Ao chegar no local eles encontraram uma estrutura altamente organizada de cultivo e processamento de maconha. Os respons\u00e1veis fugiram. O produto\u2026","rel":"","context":"Em &quot;Sem categoria&quot;","block_context":{"text":"Sem categoria","link":"https:\/\/gersonguelmann.com.br\/blog\/category\/sem-categoria\/"},"img":{"alt_text":"","src":"https:\/\/i0.wp.com\/gersonguelmann.com.br\/blog\/wp-content\/uploads\/2018\/01\/Maconha.jpg?fit=640%2C853&ssl=1&resize=350%2C200","width":350,"height":200,"srcset":"https:\/\/i0.wp.com\/gersonguelmann.com.br\/blog\/wp-content\/uploads\/2018\/01\/Maconha.jpg?fit=640%2C853&ssl=1&resize=350%2C200 1x, https:\/\/i0.wp.com\/gersonguelmann.com.br\/blog\/wp-content\/uploads\/2018\/01\/Maconha.jpg?fit=640%2C853&ssl=1&resize=525%2C300 1.5x"},"classes":[]},{"id":19604,"url":"https:\/\/gersonguelmann.com.br\/blog\/meus-amigos-velhinhos-vamos-aderir-a-maconha\/","url_meta":{"origin":12975,"position":3},"title":"Meus Amigos Velhinhos, Vamos Aderir \u00e0 Maconha!","author":"Gerson Guelmann","date":"4 de janeiro de 2020","format":false,"excerpt":"N\u00e3o se surpreenda e nem se assuste com o t\u00edtulo. A mat\u00e9ria que vou compartilhar j\u00e1 tem mais de 3 anos, mas achei interessante postar aqui para que os meus amigos idosos saibam que de acordo com estudo realizado nos Estados Unidos, os velhinhos que usam maconha tomam menos rem\u00e9dios.\u2026","rel":"","context":"Em &quot;Sem categoria&quot;","block_context":{"text":"Sem categoria","link":"https:\/\/gersonguelmann.com.br\/blog\/category\/sem-categoria\/"},"img":{"alt_text":"","src":"https:\/\/i0.wp.com\/gersonguelmann.com.br\/blog\/wp-content\/uploads\/2020\/01\/Maconha.jpeg?fit=480%2C720&ssl=1&resize=350%2C200","width":350,"height":200},"classes":[]},{"id":7967,"url":"https:\/\/gersonguelmann.com.br\/blog\/maconha-refrigerada-so-faltava-essa\/","url_meta":{"origin":12975,"position":4},"title":"Maconha Refrigerada: S\u00f3 Faltava Essa","author":"Gerson Guelmann","date":"1 de fevereiro de 2018","format":false,"excerpt":"H\u00e1 poucos dias a Pol\u00edcia Rodovi\u00e1ria Federal (PRF) apreendeu 2,5 toneladas de maconha em Gua\u00edra, no oeste do Paran\u00e1. Detalhe: a droga estava escondida em um caminh\u00e3o frigor\u00edfico. Segundo a pol\u00edcia, o motorista deu informa\u00e7\u00f5es desencontradas durante a abordagem, o que levou os agentes a aprofundar a vistoria. Pronto: n\u00e3o\u2026","rel":"","context":"Em &quot;Sem categoria&quot;","block_context":{"text":"Sem categoria","link":"https:\/\/gersonguelmann.com.br\/blog\/category\/sem-categoria\/"},"img":{"alt_text":"","src":"https:\/\/i0.wp.com\/gersonguelmann.com.br\/blog\/wp-content\/uploads\/2018\/02\/54595c194d752b02c305ee6e.jpg?fit=800%2C600&ssl=1&resize=350%2C200","width":350,"height":200,"srcset":"https:\/\/i0.wp.com\/gersonguelmann.com.br\/blog\/wp-content\/uploads\/2018\/02\/54595c194d752b02c305ee6e.jpg?fit=800%2C600&ssl=1&resize=350%2C200 1x, https:\/\/i0.wp.com\/gersonguelmann.com.br\/blog\/wp-content\/uploads\/2018\/02\/54595c194d752b02c305ee6e.jpg?fit=800%2C600&ssl=1&resize=525%2C300 1.5x, https:\/\/i0.wp.com\/gersonguelmann.com.br\/blog\/wp-content\/uploads\/2018\/02\/54595c194d752b02c305ee6e.jpg?fit=800%2C600&ssl=1&resize=700%2C400 2x"},"classes":[]},{"id":16608,"url":"https:\/\/gersonguelmann.com.br\/blog\/tratando-alzheimer-com-cannabis-maconha-medicinal\/","url_meta":{"origin":12975,"position":5},"title":"Tratando Alzheimer com Cannabis (Maconha) Medicinal","author":"Gerson Guelmann","date":"10 de maio de 2019","format":false,"excerpt":"Tem sido relativamente comum a divulga\u00e7\u00e3o de casos de tratamentos m\u00e9dicos com a utiliza\u00e7\u00e3o de Cannabis Medicinal. \u00c9 fato conhecido que ela responde positivamente e alivia sintomas de uma s\u00e9rie de problemas de sa\u00fade. O v\u00eddeo abaixo foi postado h\u00e1 poucos dias no YouTube e impressiona. O texto publicado \u00e9\u2026","rel":"","context":"Em &quot;Sem categoria&quot;","block_context":{"text":"Sem categoria","link":"https:\/\/gersonguelmann.com.br\/blog\/category\/sem-categoria\/"},"img":{"alt_text":"","src":"https:\/\/i0.wp.com\/gersonguelmann.com.br\/blog\/wp-content\/uploads\/2019\/05\/Cannabis.jpg?fit=500%2C647&ssl=1&resize=350%2C200","width":350,"height":200},"classes":[]}],"jetpack_sharing_enabled":true,"post_mailing_queue_ids":[],"_links":{"self":[{"href":"https:\/\/gersonguelmann.com.br\/blog\/wp-json\/wp\/v2\/posts\/12975","targetHints":{"allow":["GET"]}}],"collection":[{"href":"https:\/\/gersonguelmann.com.br\/blog\/wp-json\/wp\/v2\/posts"}],"about":[{"href":"https:\/\/gersonguelmann.com.br\/blog\/wp-json\/wp\/v2\/types\/post"}],"author":[{"embeddable":true,"href":"https:\/\/gersonguelmann.com.br\/blog\/wp-json\/wp\/v2\/users\/5"}],"replies":[{"embeddable":true,"href":"https:\/\/gersonguelmann.com.br\/blog\/wp-json\/wp\/v2\/comments?post=12975"}],"version-history":[{"count":0,"href":"https:\/\/gersonguelmann.com.br\/blog\/wp-json\/wp\/v2\/posts\/12975\/revisions"}],"wp:featuredmedia":[{"embeddable":true,"href":"https:\/\/gersonguelmann.com.br\/blog\/wp-json\/wp\/v2\/media\/12976"}],"wp:attachment":[{"href":"https:\/\/gersonguelmann.com.br\/blog\/wp-json\/wp\/v2\/media?parent=12975"}],"wp:term":[{"taxonomy":"category","embeddable":true,"href":"https:\/\/gersonguelmann.com.br\/blog\/wp-json\/wp\/v2\/categories?post=12975"},{"taxonomy":"post_tag","embeddable":true,"href":"https:\/\/gersonguelmann.com.br\/blog\/wp-json\/wp\/v2\/tags?post=12975"}],"curies":[{"name":"wp","href":"https:\/\/api.w.org\/{rel}","templated":true}]}}