    {"id":12980,"date":"2018-05-16T15:52:36","date_gmt":"2018-05-16T18:52:36","guid":{"rendered":"https:\/\/gersonguelmann.com.br\/blog\/?p=12980"},"modified":"2018-05-16T15:52:36","modified_gmt":"2018-05-16T18:52:36","slug":"filho-de-policial-morto-vai-para-a-escola-veja-como","status":"publish","type":"post","link":"https:\/\/gersonguelmann.com.br\/blog\/filho-de-policial-morto-vai-para-a-escola-veja-como\/","title":{"rendered":"Filho de Policial Morto Vai Para a Escola; Veja Como."},"content":{"rendered":"<p style=\"text-align: center;\"><img data-recalc-dims=\"1\" fetchpriority=\"high\" decoding=\"async\" data-attachment-id=\"12981\" data-permalink=\"https:\/\/gersonguelmann.com.br\/blog\/filho-de-policial-morto-vai-para-a-escola-veja-como\/download-2-2\/\" data-orig-file=\"https:\/\/i0.wp.com\/gersonguelmann.com.br\/blog\/wp-content\/uploads\/2018\/05\/download-2-1.jpg?fit=226%2C223&amp;ssl=1\" data-orig-size=\"226,223\" data-comments-opened=\"1\" data-image-meta=\"{&quot;aperture&quot;:&quot;0&quot;,&quot;credit&quot;:&quot;&quot;,&quot;camera&quot;:&quot;&quot;,&quot;caption&quot;:&quot;&quot;,&quot;created_timestamp&quot;:&quot;0&quot;,&quot;copyright&quot;:&quot;&quot;,&quot;focal_length&quot;:&quot;0&quot;,&quot;iso&quot;:&quot;0&quot;,&quot;shutter_speed&quot;:&quot;0&quot;,&quot;title&quot;:&quot;&quot;,&quot;orientation&quot;:&quot;0&quot;}\" data-image-title=\"download (2)\" data-image-description=\"\" data-image-caption=\"\" data-medium-file=\"https:\/\/i0.wp.com\/gersonguelmann.com.br\/blog\/wp-content\/uploads\/2018\/05\/download-2-1.jpg?fit=226%2C223&amp;ssl=1\" data-large-file=\"https:\/\/i0.wp.com\/gersonguelmann.com.br\/blog\/wp-content\/uploads\/2018\/05\/download-2-1.jpg?fit=226%2C223&amp;ssl=1\" class=\"size-full wp-image-12981 aligncenter\" src=\"https:\/\/i0.wp.com\/gersonguelmann.com.br\/blog\/wp-content\/uploads\/2018\/05\/download-2-1.jpg?resize=226%2C223&#038;ssl=1\" alt=\"\" width=\"226\" height=\"223\" srcset=\"https:\/\/i0.wp.com\/gersonguelmann.com.br\/blog\/wp-content\/uploads\/2018\/05\/download-2-1.jpg?w=226&amp;ssl=1 226w, https:\/\/i0.wp.com\/gersonguelmann.com.br\/blog\/wp-content\/uploads\/2018\/05\/download-2-1.jpg?resize=70%2C70&amp;ssl=1 70w\" sizes=\"(max-width: 226px) 100vw, 226px\" \/><span style=\"font-size: 10pt; color: #666699;\"><em><strong><span style=\"font-family: georgia, palatino, serif;\">Foto: time.com<\/span><\/strong><\/em><\/span><\/p>\n<p><span style=\"font-family: georgia, palatino, serif; font-size: 18pt; color: #000000;\">Nesta\u00a0 \u00faltima segunda-feira, na cidade de Terre Haute, Indiana, nos EUA, o menino Dakota Pitts voltou \u00e0 escola no 1\u00b0 dia de aula ap\u00f3s o pai, um policial, ter sido assassinado em servi\u00e7o.<\/span><\/p>\n<p><span style=\"font-family: georgia, palatino, serif; font-size: 18pt; color: #000000;\">Os policiais amigos de Rob Pitts, que era detetive, resolveram surpreender o menino com uma demonstra\u00e7\u00e3o de apoio de toda a corpora\u00e7\u00e3o.<\/span><\/p>\n<p><span style=\"font-family: georgia, palatino, serif; font-size: 18pt; color: #000000;\">Al\u00e9m do carinho nessa ocasi\u00e3o t\u00e3o especial, os policiais mostraram ao pequeno Dakota que ele jamais estar\u00e1 sozinho.<\/span><\/p>\n<p><span style=\"font-family: georgia, palatino, serif; font-size: 18pt; color: #000000;\">Veja que momento emocionante!<\/span><\/p>\n<p><span class=\"embed-youtube\" style=\"text-align:center; display: block;\"><iframe class=\"youtube-player\" width=\"640\" height=\"360\" src=\"https:\/\/www.youtube.com\/embed\/S6lYU81qFqM?version=3&#038;rel=1&#038;showsearch=0&#038;showinfo=1&#038;iv_load_policy=1&#038;fs=1&#038;hl=pt-BR&#038;autohide=2&#038;wmode=transparent\" allowfullscreen=\"true\" style=\"border:0;\" sandbox=\"allow-scripts allow-same-origin allow-popups allow-presentation allow-popups-to-escape-sandbox\"><\/iframe><\/span><\/p>\n<p>&nbsp;<\/p>\n","protected":false},"excerpt":{"rendered":"<p>Foto: time.com Nesta\u00a0 \u00faltima segunda-feira, na cidade de Terre Haute, Indiana, nos EUA, o menino Dakota Pitts voltou \u00e0 escola no 1\u00b0 dia de aula ap\u00f3s o pai, um policial, ter sido assassinado em servi\u00e7o. Os policiais amigos de Rob Pitts, que era detetive, resolveram surpreender o menino com uma demonstra\u00e7\u00e3o de apoio de toda [&hellip;]<\/p>\n","protected":false},"author":5,"featured_media":12981,"comment_status":"open","ping_status":"open","sticky":false,"template":"","format":"standard","meta":{"_acf_changed":false,"jetpack_post_was_ever_published":false,"_jetpack_newsletter_access":"","_jetpack_dont_email_post_to_subs":false,"_jetpack_newsletter_tier_id":0,"_jetpack_memberships_contains_paywalled_content":false,"_jetpack_memberships_contains_paid_content":false,"footnotes":"","jetpack_publicize_message":"","jetpack_publicize_feature_enabled":true,"jetpack_social_post_already_shared":true,"jetpack_social_options":{"image_generator_settings":{"template":"highway","default_image_id":0,"font":"","enabled":false},"version":2}},"categories":[1],"tags":[],"class_list":["post-12980","post","type-post","status-publish","format-standard","has-post-thumbnail","hentry","category-sem-categoria"],"acf":[],"yoast_head":"<!-- This site is optimized with the Yoast SEO plugin v27.3 - https:\/\/yoast.com\/product\/yoast-seo-wordpress\/ -->\n<title>Filho de Policial Morto Vai Para a Escola; Veja Como. | Blog do Guelmann<\/title>\n<meta name=\"robots\" content=\"index, follow, max-snippet:-1, max-image-preview:large, max-video-preview:-1\" \/>\n<link rel=\"canonical\" href=\"https:\/\/gersonguelmann.com.br\/blog\/filho-de-policial-morto-vai-para-a-escola-veja-como\/\" \/>\n<meta property=\"og:locale\" content=\"pt_BR\" \/>\n<meta property=\"og:type\" content=\"article\" \/>\n<meta property=\"og:title\" content=\"Filho de Policial Morto Vai Para a Escola; Veja Como. | Blog do Guelmann\" \/>\n<meta property=\"og:description\" content=\"Foto: time.com Nesta\u00a0 \u00faltima segunda-feira, na cidade de Terre Haute, Indiana, nos EUA, o menino Dakota Pitts voltou \u00e0 escola no 1\u00b0 dia de aula ap\u00f3s o pai, um policial, ter sido assassinado em servi\u00e7o. Os policiais amigos de Rob Pitts, que era detetive, resolveram surpreender o menino com uma demonstra\u00e7\u00e3o de apoio de toda [&hellip;]\" \/>\n<meta property=\"og:url\" content=\"https:\/\/gersonguelmann.com.br\/blog\/filho-de-policial-morto-vai-para-a-escola-veja-como\/\" \/>\n<meta property=\"og:site_name\" content=\"Blog do Guelmann\" \/>\n<meta property=\"article:published_time\" content=\"2018-05-16T18:52:36+00:00\" \/>\n<meta property=\"og:image\" content=\"https:\/\/i0.wp.com\/gersonguelmann.com.br\/blog\/wp-content\/uploads\/2018\/05\/download-2-1.jpg?fit=226%2C223&ssl=1\" \/>\n\t<meta property=\"og:image:width\" content=\"226\" \/>\n\t<meta property=\"og:image:height\" content=\"223\" \/>\n\t<meta property=\"og:image:type\" content=\"image\/jpeg\" \/>\n<meta name=\"author\" content=\"Gerson Guelmann\" \/>\n<meta name=\"twitter:card\" content=\"summary_large_image\" \/>\n<meta name=\"twitter:label1\" content=\"Escrito por\" \/>\n\t<meta name=\"twitter:data1\" content=\"Gerson Guelmann\" \/>\n<script type=\"application\/ld+json\" class=\"yoast-schema-graph\">{\"@context\":\"https:\\\/\\\/schema.org\",\"@graph\":[{\"@type\":\"Article\",\"@id\":\"https:\\\/\\\/gersonguelmann.com.br\\\/blog\\\/filho-de-policial-morto-vai-para-a-escola-veja-como\\\/#article\",\"isPartOf\":{\"@id\":\"https:\\\/\\\/gersonguelmann.com.br\\\/blog\\\/filho-de-policial-morto-vai-para-a-escola-veja-como\\\/\"},\"author\":{\"name\":\"Gerson Guelmann\",\"@id\":\"https:\\\/\\\/gersonguelmann.com.br\\\/blog\\\/#\\\/schema\\\/person\\\/87e70e2a786888082f941a482c90569e\"},\"headline\":\"Filho de Policial Morto Vai Para a Escola; Veja Como.\",\"datePublished\":\"2018-05-16T18:52:36+00:00\",\"mainEntityOfPage\":{\"@id\":\"https:\\\/\\\/gersonguelmann.com.br\\\/blog\\\/filho-de-policial-morto-vai-para-a-escola-veja-como\\\/\"},\"wordCount\":105,\"commentCount\":0,\"image\":{\"@id\":\"https:\\\/\\\/gersonguelmann.com.br\\\/blog\\\/filho-de-policial-morto-vai-para-a-escola-veja-como\\\/#primaryimage\"},\"thumbnailUrl\":\"https:\\\/\\\/i0.wp.com\\\/gersonguelmann.com.br\\\/blog\\\/wp-content\\\/uploads\\\/2018\\\/05\\\/download-2-1.jpg?fit=226%2C223&ssl=1\",\"inLanguage\":\"pt-BR\",\"potentialAction\":[{\"@type\":\"CommentAction\",\"name\":\"Comment\",\"target\":[\"https:\\\/\\\/gersonguelmann.com.br\\\/blog\\\/filho-de-policial-morto-vai-para-a-escola-veja-como\\\/#respond\"]}]},{\"@type\":\"WebPage\",\"@id\":\"https:\\\/\\\/gersonguelmann.com.br\\\/blog\\\/filho-de-policial-morto-vai-para-a-escola-veja-como\\\/\",\"url\":\"https:\\\/\\\/gersonguelmann.com.br\\\/blog\\\/filho-de-policial-morto-vai-para-a-escola-veja-como\\\/\",\"name\":\"Filho de Policial Morto Vai Para a Escola; Veja Como. | Blog do Guelmann\",\"isPartOf\":{\"@id\":\"https:\\\/\\\/gersonguelmann.com.br\\\/blog\\\/#website\"},\"primaryImageOfPage\":{\"@id\":\"https:\\\/\\\/gersonguelmann.com.br\\\/blog\\\/filho-de-policial-morto-vai-para-a-escola-veja-como\\\/#primaryimage\"},\"image\":{\"@id\":\"https:\\\/\\\/gersonguelmann.com.br\\\/blog\\\/filho-de-policial-morto-vai-para-a-escola-veja-como\\\/#primaryimage\"},\"thumbnailUrl\":\"https:\\\/\\\/i0.wp.com\\\/gersonguelmann.com.br\\\/blog\\\/wp-content\\\/uploads\\\/2018\\\/05\\\/download-2-1.jpg?fit=226%2C223&ssl=1\",\"datePublished\":\"2018-05-16T18:52:36+00:00\",\"author\":{\"@id\":\"https:\\\/\\\/gersonguelmann.com.br\\\/blog\\\/#\\\/schema\\\/person\\\/87e70e2a786888082f941a482c90569e\"},\"inLanguage\":\"pt-BR\",\"potentialAction\":[{\"@type\":\"ReadAction\",\"target\":[\"https:\\\/\\\/gersonguelmann.com.br\\\/blog\\\/filho-de-policial-morto-vai-para-a-escola-veja-como\\\/\"]}]},{\"@type\":\"ImageObject\",\"inLanguage\":\"pt-BR\",\"@id\":\"https:\\\/\\\/gersonguelmann.com.br\\\/blog\\\/filho-de-policial-morto-vai-para-a-escola-veja-como\\\/#primaryimage\",\"url\":\"https:\\\/\\\/i0.wp.com\\\/gersonguelmann.com.br\\\/blog\\\/wp-content\\\/uploads\\\/2018\\\/05\\\/download-2-1.jpg?fit=226%2C223&ssl=1\",\"contentUrl\":\"https:\\\/\\\/i0.wp.com\\\/gersonguelmann.com.br\\\/blog\\\/wp-content\\\/uploads\\\/2018\\\/05\\\/download-2-1.jpg?fit=226%2C223&ssl=1\",\"width\":226,\"height\":223},{\"@type\":\"WebSite\",\"@id\":\"https:\\\/\\\/gersonguelmann.com.br\\\/blog\\\/#website\",\"url\":\"https:\\\/\\\/gersonguelmann.com.br\\\/blog\\\/\",\"name\":\"Blog do Guelmann\",\"description\":\"Pitadas da sabedoria e do humor judaicos, assuntos do momento e um pouco das hist\u00f3rias que vivi e testemunhei.\",\"potentialAction\":[{\"@type\":\"SearchAction\",\"target\":{\"@type\":\"EntryPoint\",\"urlTemplate\":\"https:\\\/\\\/gersonguelmann.com.br\\\/blog\\\/?s={search_term_string}\"},\"query-input\":{\"@type\":\"PropertyValueSpecification\",\"valueRequired\":true,\"valueName\":\"search_term_string\"}}],\"inLanguage\":\"pt-BR\"},{\"@type\":\"Person\",\"@id\":\"https:\\\/\\\/gersonguelmann.com.br\\\/blog\\\/#\\\/schema\\\/person\\\/87e70e2a786888082f941a482c90569e\",\"name\":\"Gerson Guelmann\",\"image\":{\"@type\":\"ImageObject\",\"inLanguage\":\"pt-BR\",\"@id\":\"https:\\\/\\\/i0.wp.com\\\/gersonguelmann.com.br\\\/blog\\\/wp-content\\\/uploads\\\/2021\\\/08\\\/BLOG.jpeg?fit=96%2C96&ssl=1\",\"url\":\"https:\\\/\\\/i0.wp.com\\\/gersonguelmann.com.br\\\/blog\\\/wp-content\\\/uploads\\\/2021\\\/08\\\/BLOG.jpeg?fit=96%2C96&ssl=1\",\"contentUrl\":\"https:\\\/\\\/i0.wp.com\\\/gersonguelmann.com.br\\\/blog\\\/wp-content\\\/uploads\\\/2021\\\/08\\\/BLOG.jpeg?fit=96%2C96&ssl=1\",\"caption\":\"Gerson Guelmann\"},\"description\":\"Pitadas da sabedoria e do humor judaicos, assuntos do momento e um pouco das hist\u00f3rias que vivi e testemunhei.\"}]}<\/script>\n<!-- \/ Yoast SEO plugin. -->","yoast_head_json":{"title":"Filho de Policial Morto Vai Para a Escola; Veja Como. | Blog do Guelmann","robots":{"index":"index","follow":"follow","max-snippet":"max-snippet:-1","max-image-preview":"max-image-preview:large","max-video-preview":"max-video-preview:-1"},"canonical":"https:\/\/gersonguelmann.com.br\/blog\/filho-de-policial-morto-vai-para-a-escola-veja-como\/","og_locale":"pt_BR","og_type":"article","og_title":"Filho de Policial Morto Vai Para a Escola; Veja Como. | Blog do Guelmann","og_description":"Foto: time.com Nesta\u00a0 \u00faltima segunda-feira, na cidade de Terre Haute, Indiana, nos EUA, o menino Dakota Pitts voltou \u00e0 escola no 1\u00b0 dia de aula ap\u00f3s o pai, um policial, ter sido assassinado em servi\u00e7o. Os policiais amigos de Rob Pitts, que era detetive, resolveram surpreender o menino com uma demonstra\u00e7\u00e3o de apoio de toda [&hellip;]","og_url":"https:\/\/gersonguelmann.com.br\/blog\/filho-de-policial-morto-vai-para-a-escola-veja-como\/","og_site_name":"Blog do Guelmann","article_published_time":"2018-05-16T18:52:36+00:00","og_image":[{"width":226,"height":223,"url":"https:\/\/i0.wp.com\/gersonguelmann.com.br\/blog\/wp-content\/uploads\/2018\/05\/download-2-1.jpg?fit=226%2C223&ssl=1","type":"image\/jpeg"}],"author":"Gerson Guelmann","twitter_card":"summary_large_image","twitter_misc":{"Escrito por":"Gerson Guelmann"},"schema":{"@context":"https:\/\/schema.org","@graph":[{"@type":"Article","@id":"https:\/\/gersonguelmann.com.br\/blog\/filho-de-policial-morto-vai-para-a-escola-veja-como\/#article","isPartOf":{"@id":"https:\/\/gersonguelmann.com.br\/blog\/filho-de-policial-morto-vai-para-a-escola-veja-como\/"},"author":{"name":"Gerson Guelmann","@id":"https:\/\/gersonguelmann.com.br\/blog\/#\/schema\/person\/87e70e2a786888082f941a482c90569e"},"headline":"Filho de Policial Morto Vai Para a Escola; Veja Como.","datePublished":"2018-05-16T18:52:36+00:00","mainEntityOfPage":{"@id":"https:\/\/gersonguelmann.com.br\/blog\/filho-de-policial-morto-vai-para-a-escola-veja-como\/"},"wordCount":105,"commentCount":0,"image":{"@id":"https:\/\/gersonguelmann.com.br\/blog\/filho-de-policial-morto-vai-para-a-escola-veja-como\/#primaryimage"},"thumbnailUrl":"https:\/\/i0.wp.com\/gersonguelmann.com.br\/blog\/wp-content\/uploads\/2018\/05\/download-2-1.jpg?fit=226%2C223&ssl=1","inLanguage":"pt-BR","potentialAction":[{"@type":"CommentAction","name":"Comment","target":["https:\/\/gersonguelmann.com.br\/blog\/filho-de-policial-morto-vai-para-a-escola-veja-como\/#respond"]}]},{"@type":"WebPage","@id":"https:\/\/gersonguelmann.com.br\/blog\/filho-de-policial-morto-vai-para-a-escola-veja-como\/","url":"https:\/\/gersonguelmann.com.br\/blog\/filho-de-policial-morto-vai-para-a-escola-veja-como\/","name":"Filho de Policial Morto Vai Para a Escola; Veja Como. | Blog do Guelmann","isPartOf":{"@id":"https:\/\/gersonguelmann.com.br\/blog\/#website"},"primaryImageOfPage":{"@id":"https:\/\/gersonguelmann.com.br\/blog\/filho-de-policial-morto-vai-para-a-escola-veja-como\/#primaryimage"},"image":{"@id":"https:\/\/gersonguelmann.com.br\/blog\/filho-de-policial-morto-vai-para-a-escola-veja-como\/#primaryimage"},"thumbnailUrl":"https:\/\/i0.wp.com\/gersonguelmann.com.br\/blog\/wp-content\/uploads\/2018\/05\/download-2-1.jpg?fit=226%2C223&ssl=1","datePublished":"2018-05-16T18:52:36+00:00","author":{"@id":"https:\/\/gersonguelmann.com.br\/blog\/#\/schema\/person\/87e70e2a786888082f941a482c90569e"},"inLanguage":"pt-BR","potentialAction":[{"@type":"ReadAction","target":["https:\/\/gersonguelmann.com.br\/blog\/filho-de-policial-morto-vai-para-a-escola-veja-como\/"]}]},{"@type":"ImageObject","inLanguage":"pt-BR","@id":"https:\/\/gersonguelmann.com.br\/blog\/filho-de-policial-morto-vai-para-a-escola-veja-como\/#primaryimage","url":"https:\/\/i0.wp.com\/gersonguelmann.com.br\/blog\/wp-content\/uploads\/2018\/05\/download-2-1.jpg?fit=226%2C223&ssl=1","contentUrl":"https:\/\/i0.wp.com\/gersonguelmann.com.br\/blog\/wp-content\/uploads\/2018\/05\/download-2-1.jpg?fit=226%2C223&ssl=1","width":226,"height":223},{"@type":"WebSite","@id":"https:\/\/gersonguelmann.com.br\/blog\/#website","url":"https:\/\/gersonguelmann.com.br\/blog\/","name":"Blog do Guelmann","description":"Pitadas da sabedoria e do humor judaicos, assuntos do momento e um pouco das hist\u00f3rias que vivi e testemunhei.","potentialAction":[{"@type":"SearchAction","target":{"@type":"EntryPoint","urlTemplate":"https:\/\/gersonguelmann.com.br\/blog\/?s={search_term_string}"},"query-input":{"@type":"PropertyValueSpecification","valueRequired":true,"valueName":"search_term_string"}}],"inLanguage":"pt-BR"},{"@type":"Person","@id":"https:\/\/gersonguelmann.com.br\/blog\/#\/schema\/person\/87e70e2a786888082f941a482c90569e","name":"Gerson Guelmann","image":{"@type":"ImageObject","inLanguage":"pt-BR","@id":"https:\/\/i0.wp.com\/gersonguelmann.com.br\/blog\/wp-content\/uploads\/2021\/08\/BLOG.jpeg?fit=96%2C96&ssl=1","url":"https:\/\/i0.wp.com\/gersonguelmann.com.br\/blog\/wp-content\/uploads\/2021\/08\/BLOG.jpeg?fit=96%2C96&ssl=1","contentUrl":"https:\/\/i0.wp.com\/gersonguelmann.com.br\/blog\/wp-content\/uploads\/2021\/08\/BLOG.jpeg?fit=96%2C96&ssl=1","caption":"Gerson Guelmann"},"description":"Pitadas da sabedoria e do humor judaicos, assuntos do momento e um pouco das hist\u00f3rias que vivi e testemunhei."}]}},"views":36,"jetpack_publicize_connections":[],"jetpack_featured_media_url":"https:\/\/i0.wp.com\/gersonguelmann.com.br\/blog\/wp-content\/uploads\/2018\/05\/download-2-1.jpg?fit=226%2C223&ssl=1","jetpack_shortlink":"https:\/\/wp.me\/p96e7O-3nm","jetpack-related-posts":[{"id":4701,"url":"https:\/\/gersonguelmann.com.br\/blog\/benjamim-o-filho-da-mae-judia\/","url_meta":{"origin":12980,"position":0},"title":"Benjamim, o Filho da M\u00e3e Judia","author":"Gerson Guelmann","date":"21 de novembro de 2017","format":false,"excerpt":"1 - Uma manh\u00e3 o jovem Benjamim estava assistindo, fascinado, enquanto a m\u00e3e passava creme no rosto. A certa altura ele perguntou: -\u00a0\"Para que voc\u00ea est\u00e1 fazendo isso?\" - \"Para ficar bonita\"\u00a0- respondeu ela. Em seguida, vendo que ela come\u00e7ou a remover o creme com um algod\u00e3o, quis saber: -\u2026","rel":"","context":"Em &quot;Sem categoria&quot;","block_context":{"text":"Sem categoria","link":"https:\/\/gersonguelmann.com.br\/blog\/category\/sem-categoria\/"},"img":{"alt_text":"","src":"https:\/\/i0.wp.com\/gersonguelmann.com.br\/blog\/wp-content\/uploads\/2017\/11\/Professora.jpg?fit=960%2C640&ssl=1&resize=350%2C200","width":350,"height":200,"srcset":"https:\/\/i0.wp.com\/gersonguelmann.com.br\/blog\/wp-content\/uploads\/2017\/11\/Professora.jpg?fit=960%2C640&ssl=1&resize=350%2C200 1x, https:\/\/i0.wp.com\/gersonguelmann.com.br\/blog\/wp-content\/uploads\/2017\/11\/Professora.jpg?fit=960%2C640&ssl=1&resize=525%2C300 1.5x, https:\/\/i0.wp.com\/gersonguelmann.com.br\/blog\/wp-content\/uploads\/2017\/11\/Professora.jpg?fit=960%2C640&ssl=1&resize=700%2C400 2x"},"classes":[]},{"id":26101,"url":"https:\/\/gersonguelmann.com.br\/blog\/sexta-do-humor-e-da-cultura-judaica-7\/","url_meta":{"origin":12980,"position":1},"title":"Sexta do Humor e da Cultura Judaica &#8211; Benjamim, o Filho da M\u00e3e Judia","author":"Gerson Guelmann","date":"27 de junho de 2025","format":false,"excerpt":"Benjamim, o Filho da M\u00e3e Judia 1 \u2013 Uma manh\u00e3 o jovem Benjamim estava assistindo, fascinado, enquanto a m\u00e3e passava creme no rosto. A certa altura ele perguntou: \u2013\u00a0\u201cPara que voc\u00ea est\u00e1 fazendo isso?\u201d \u2013 \u201cPara ficar bonita\u201d\u00a0\u2013 respondeu ela. Em seguida, vendo que ela come\u00e7ou a remover o creme\u2026","rel":"","context":"Em &quot;Sem categoria&quot;","block_context":{"text":"Sem categoria","link":"https:\/\/gersonguelmann.com.br\/blog\/category\/sem-categoria\/"},"img":{"alt_text":"","src":"https:\/\/i0.wp.com\/gersonguelmann.com.br\/blog\/wp-content\/uploads\/2025\/06\/HojePR-47.jpg?fit=500%2C334&ssl=1&resize=350%2C200","width":350,"height":200},"classes":[]},{"id":2397,"url":"https:\/\/gersonguelmann.com.br\/blog\/merenda-escolar-fora-da-escola\/","url_meta":{"origin":12980,"position":2},"title":"Merenda Escolar&#8230; Fora da Escola","author":"Gerson Guelmann","date":"4 de outubro de 2017","format":false,"excerpt":"Mais um exemplo de que existe um Brasil que n\u00e3o se conforma com os desn\u00edveis sociais e faz a sua parte. No bairro chamado Itacib\u00e1, em Cariacica (ES), a jovem\u00a0empres\u00e1ria Ros\u00e2ngela Amaral, de 34 anos, estava fazendo uma pequena obra para abrir uma padaria, e percebeu que o Cau\u00e3, um\u2026","rel":"","context":"Em &quot;Sem categoria&quot;","block_context":{"text":"Sem categoria","link":"https:\/\/gersonguelmann.com.br\/blog\/category\/sem-categoria\/"},"img":{"alt_text":"","src":"https:\/\/i0.wp.com\/gersonguelmann.com.br\/blog\/wp-content\/uploads\/2017\/10\/Padaria.jpg?fit=1200%2C802&ssl=1&resize=350%2C200","width":350,"height":200,"srcset":"https:\/\/i0.wp.com\/gersonguelmann.com.br\/blog\/wp-content\/uploads\/2017\/10\/Padaria.jpg?fit=1200%2C802&ssl=1&resize=350%2C200 1x, https:\/\/i0.wp.com\/gersonguelmann.com.br\/blog\/wp-content\/uploads\/2017\/10\/Padaria.jpg?fit=1200%2C802&ssl=1&resize=525%2C300 1.5x, https:\/\/i0.wp.com\/gersonguelmann.com.br\/blog\/wp-content\/uploads\/2017\/10\/Padaria.jpg?fit=1200%2C802&ssl=1&resize=700%2C400 2x, https:\/\/i0.wp.com\/gersonguelmann.com.br\/blog\/wp-content\/uploads\/2017\/10\/Padaria.jpg?fit=1200%2C802&ssl=1&resize=1050%2C600 3x"},"classes":[]},{"id":4554,"url":"https:\/\/gersonguelmann.com.br\/blog\/nao-e-melhor-fechar-brasil-crianca-desmaia-de-fome-em-escola\/","url_meta":{"origin":12980,"position":3},"title":"N\u00e3o \u00e9 Melhor Fechar o Brasil? Crian\u00e7a Desmaia de Fome em Escola.","author":"Gerson Guelmann","date":"17 de novembro de 2017","format":false,"excerpt":"Na \u00faltima segunda-feira um menino de oito anos desmaiou de fome em uma escola do Cruzeiro, no Distrito Federal. A escola atende 250 crian\u00e7as\u00a0carentes que moram no Parano\u00e1 Parque e que todos os dias viajam 30 km para estudar. Para chegar na escola as 13h eles saem de casa as\u2026","rel":"","context":"Em &quot;Sem categoria&quot;","block_context":{"text":"Sem categoria","link":"https:\/\/gersonguelmann.com.br\/blog\/category\/sem-categoria\/"},"img":{"alt_text":"","src":"https:\/\/i0.wp.com\/gersonguelmann.com.br\/blog\/wp-content\/uploads\/2017\/11\/Mapa-Brasil.jpg?fit=1200%2C1072&ssl=1&resize=350%2C200","width":350,"height":200,"srcset":"https:\/\/i0.wp.com\/gersonguelmann.com.br\/blog\/wp-content\/uploads\/2017\/11\/Mapa-Brasil.jpg?fit=1200%2C1072&ssl=1&resize=350%2C200 1x, https:\/\/i0.wp.com\/gersonguelmann.com.br\/blog\/wp-content\/uploads\/2017\/11\/Mapa-Brasil.jpg?fit=1200%2C1072&ssl=1&resize=525%2C300 1.5x, https:\/\/i0.wp.com\/gersonguelmann.com.br\/blog\/wp-content\/uploads\/2017\/11\/Mapa-Brasil.jpg?fit=1200%2C1072&ssl=1&resize=700%2C400 2x, https:\/\/i0.wp.com\/gersonguelmann.com.br\/blog\/wp-content\/uploads\/2017\/11\/Mapa-Brasil.jpg?fit=1200%2C1072&ssl=1&resize=1050%2C600 3x"},"classes":[]},{"id":12782,"url":"https:\/\/gersonguelmann.com.br\/blog\/os-estudantes-judeus-e-a-motocicleta\/","url_meta":{"origin":12980,"position":4},"title":"Os Estudantes Judeus e a Motocicleta","author":"Gerson Guelmann","date":"23 de maio de 2021","format":false,"excerpt":"Em Nova York, dois jovens estudantes de uma escola ortodoxa estavam andando de moto quando perceberam que estavam sendo seguidos por um carro de pol\u00edcia. A apar\u00eancia dos rapazes era inequivocamente Hass\u00eddica: cabe\u00e7as cobertas, as tran\u00e7as do cabelo nas laterais da cabe\u00e7a, as franjas do xale aparecendo por baixo das\u2026","rel":"","context":"Em &quot;Sem categoria&quot;","block_context":{"text":"Sem categoria","link":"https:\/\/gersonguelmann.com.br\/blog\/category\/sem-categoria\/"},"img":{"alt_text":"","src":"https:\/\/i0.wp.com\/gersonguelmann.com.br\/blog\/wp-content\/uploads\/2018\/05\/20110808-rebbes-riders-1.jpg?fit=525%2C400&ssl=1&resize=350%2C200","width":350,"height":200,"srcset":"https:\/\/i0.wp.com\/gersonguelmann.com.br\/blog\/wp-content\/uploads\/2018\/05\/20110808-rebbes-riders-1.jpg?fit=525%2C400&ssl=1&resize=350%2C200 1x, https:\/\/i0.wp.com\/gersonguelmann.com.br\/blog\/wp-content\/uploads\/2018\/05\/20110808-rebbes-riders-1.jpg?fit=525%2C400&ssl=1&resize=525%2C300 1.5x"},"classes":[]},{"id":15099,"url":"https:\/\/gersonguelmann.com.br\/blog\/sexta-do-humor-e-da-cultura-judaica-as-dificuldades-do-professor-na-escola-judaica\/","url_meta":{"origin":12980,"position":5},"title":"Sexta do Humor e da Cultura Judaica &#8211; As Dificuldades do Professor na Escola Judaica","author":"Gerson Guelmann","date":"16 de junho de 2023","format":false,"excerpt":"As Dificuldades do Professor na Escola Judaica Rafael, de 10 anos de idade, tinha acabado de mudar de classe na escola judaica. No primeiro dia de aula, o Sr. Levy, o novo professor, queria descobrir o qu\u00e3o religiosa a fam\u00edlia dele era e mais especialmente se tinham o h\u00e1bito de\u2026","rel":"","context":"Em &quot;Sem categoria&quot;","block_context":{"text":"Sem categoria","link":"https:\/\/gersonguelmann.com.br\/blog\/category\/sem-categoria\/"},"img":{"alt_text":"","src":"https:\/\/i0.wp.com\/gersonguelmann.com.br\/blog\/wp-content\/uploads\/2018\/11\/boy-praying-before-bed.jpg?fit=780%2C520&ssl=1&resize=350%2C200","width":350,"height":200,"srcset":"https:\/\/i0.wp.com\/gersonguelmann.com.br\/blog\/wp-content\/uploads\/2018\/11\/boy-praying-before-bed.jpg?fit=780%2C520&ssl=1&resize=350%2C200 1x, https:\/\/i0.wp.com\/gersonguelmann.com.br\/blog\/wp-content\/uploads\/2018\/11\/boy-praying-before-bed.jpg?fit=780%2C520&ssl=1&resize=525%2C300 1.5x, https:\/\/i0.wp.com\/gersonguelmann.com.br\/blog\/wp-content\/uploads\/2018\/11\/boy-praying-before-bed.jpg?fit=780%2C520&ssl=1&resize=700%2C400 2x"},"classes":[]}],"jetpack_sharing_enabled":true,"post_mailing_queue_ids":[],"_links":{"self":[{"href":"https:\/\/gersonguelmann.com.br\/blog\/wp-json\/wp\/v2\/posts\/12980","targetHints":{"allow":["GET"]}}],"collection":[{"href":"https:\/\/gersonguelmann.com.br\/blog\/wp-json\/wp\/v2\/posts"}],"about":[{"href":"https:\/\/gersonguelmann.com.br\/blog\/wp-json\/wp\/v2\/types\/post"}],"author":[{"embeddable":true,"href":"https:\/\/gersonguelmann.com.br\/blog\/wp-json\/wp\/v2\/users\/5"}],"replies":[{"embeddable":true,"href":"https:\/\/gersonguelmann.com.br\/blog\/wp-json\/wp\/v2\/comments?post=12980"}],"version-history":[{"count":0,"href":"https:\/\/gersonguelmann.com.br\/blog\/wp-json\/wp\/v2\/posts\/12980\/revisions"}],"wp:featuredmedia":[{"embeddable":true,"href":"https:\/\/gersonguelmann.com.br\/blog\/wp-json\/wp\/v2\/media\/12981"}],"wp:attachment":[{"href":"https:\/\/gersonguelmann.com.br\/blog\/wp-json\/wp\/v2\/media?parent=12980"}],"wp:term":[{"taxonomy":"category","embeddable":true,"href":"https:\/\/gersonguelmann.com.br\/blog\/wp-json\/wp\/v2\/categories?post=12980"},{"taxonomy":"post_tag","embeddable":true,"href":"https:\/\/gersonguelmann.com.br\/blog\/wp-json\/wp\/v2\/tags?post=12980"}],"curies":[{"name":"wp","href":"https:\/\/api.w.org\/{rel}","templated":true}]}}