    {"id":12999,"date":"2018-05-17T14:41:57","date_gmt":"2018-05-17T17:41:57","guid":{"rendered":"https:\/\/gersonguelmann.com.br\/blog\/?p=12999"},"modified":"2018-05-17T14:43:38","modified_gmt":"2018-05-17T17:43:38","slug":"trem-partiu-25-segundos-antes-e-empresa-pediu-desculpas-adivinhe-onde-foi","status":"publish","type":"post","link":"https:\/\/gersonguelmann.com.br\/blog\/trem-partiu-25-segundos-antes-e-empresa-pediu-desculpas-adivinhe-onde-foi\/","title":{"rendered":"Trem Partiu 25 Segundos Antes e Empresa Pediu Desculpas. Adivinhe Onde Foi?"},"content":{"rendered":"<p><span style=\"font-family: georgia, palatino, serif; font-size: 18pt; color: #000000;\">No Jap\u00e3o. <\/span><\/p>\n<p><span style=\"font-family: georgia, palatino, serif; font-size: 18pt; color: #000000;\">S\u00f3 podia ser l\u00e1, n\u00e3o?\u00a0<\/span><\/p>\n<p><span style=\"font-family: georgia, palatino, serif; font-size: 18pt; color: #000000;\">A BBC publicou h\u00e1 pouco que o trem que faz a linha de T\u00f3quio para\u00a0Tsukuba saiu da esta\u00e7\u00e3o 25 segundos mais cedo.<\/span><\/p>\n<p><span style=\"font-family: georgia, palatino, serif; font-size: 18pt; color: #000000;\">Como esta foi a segunda ocorr\u00eancia desse tipo em poucos meses, a\u00a0operadora lamentou e disse que o &#8220;grande inconveniente causado aos clientes foi realmente indesculp\u00e1vel&#8221;.<\/span><\/p>\n<p><span style=\"font-family: georgia, palatino, serif; font-size: 18pt; color: #000000;\">No evento anterior, em novembro passado, um trem saiu 20 segundos antes do hor\u00e1rio previsto.\u00a0<\/span><\/p>\n<p><span style=\"font-family: georgia, palatino, serif; font-size: 18pt; color: #000000;\">A mat\u00e9ria da BBC relata que as m\u00eddias sociais tem aproveitado ao m\u00e1ximo a hist\u00f3ria.<\/span><\/p>\n<p><span style=\"font-family: georgia, palatino, serif; font-size: 18pt; color: #000000;\">Citando o jornal Japan Today, a reportagem diz que o condutor achou que seu trem estava programado para deixar a Esta\u00e7\u00e3o Notogawa \u00e0s 07:11, em vez do hor\u00e1rio programado de 07:12.\u00a0<\/span><\/p>\n<p><span style=\"font-family: georgia, palatino, serif; font-size: 18pt; color: #000000;\">Depois de fechar as portas um minuto antes, ele percebeu o erro. Ainda assim ele teria como evitar o que foi considerado &#8220;um constrangimento iminente&#8221;, mas como achou que n\u00e3o havia passageiros esperando, decidiu por conta pr\u00f3pria sair da esta\u00e7\u00e3o com 25 segundos de anteced\u00eancia.<\/span><\/p>\n<p><span style=\"font-family: georgia, palatino, serif; font-size: 18pt; color: #000000;\">Os trens japoneses t\u00eam uma reputa\u00e7\u00e3o de extrema pontualidade e, na verdade, ainda havia pessoas esperando para embarcar.<\/span><\/p>\n<p><span style=\"font-family: georgia, palatino, serif; font-size: 18pt; color: #000000;\">Alguns deles reclamaram com a empresa\u00a0operadora da ferrovia, que imediatamente divulgou o pedido de desculpas.<\/span><\/p>\n<p><span style=\"font-family: georgia, palatino, serif; font-size: 18pt; color: #000000;\">A mat\u00e9ria da BBC, em ingl\u00eas, <span style=\"color: #0000ff;\"><em><strong><a style=\"color: #0000ff;\" href=\"http:\/\/www.bbc.com\/news\/world-asia-44149791\">pode ser lida aqui<\/a><\/strong><\/em><\/span>.<\/span><\/p>\n<p><img data-recalc-dims=\"1\" fetchpriority=\"high\" decoding=\"async\" data-attachment-id=\"13000\" data-permalink=\"https:\/\/gersonguelmann.com.br\/blog\/trem-partiu-25-segundos-antes-e-empresa-pediu-desculpas-adivinhe-onde-foi\/surpresa-2\/\" data-orig-file=\"https:\/\/i0.wp.com\/gersonguelmann.com.br\/blog\/wp-content\/uploads\/2018\/05\/Surpresa.jpeg?fit=1880%2C1197&amp;ssl=1\" data-orig-size=\"1880,1197\" data-comments-opened=\"1\" data-image-meta=\"{&quot;aperture&quot;:&quot;0&quot;,&quot;credit&quot;:&quot;&quot;,&quot;camera&quot;:&quot;&quot;,&quot;caption&quot;:&quot;&quot;,&quot;created_timestamp&quot;:&quot;0&quot;,&quot;copyright&quot;:&quot;&quot;,&quot;focal_length&quot;:&quot;0&quot;,&quot;iso&quot;:&quot;0&quot;,&quot;shutter_speed&quot;:&quot;0&quot;,&quot;title&quot;:&quot;&quot;,&quot;orientation&quot;:&quot;0&quot;}\" data-image-title=\"Surpresa\" data-image-description=\"\" data-image-caption=\"\" data-medium-file=\"https:\/\/i0.wp.com\/gersonguelmann.com.br\/blog\/wp-content\/uploads\/2018\/05\/Surpresa.jpeg?fit=300%2C191&amp;ssl=1\" data-large-file=\"https:\/\/i0.wp.com\/gersonguelmann.com.br\/blog\/wp-content\/uploads\/2018\/05\/Surpresa.jpeg?fit=640%2C408&amp;ssl=1\" class=\"size-medium wp-image-13000 aligncenter\" src=\"https:\/\/i0.wp.com\/gersonguelmann.com.br\/blog\/wp-content\/uploads\/2018\/05\/Surpresa.jpeg?resize=300%2C191&#038;ssl=1\" alt=\"\" width=\"300\" height=\"191\" srcset=\"https:\/\/i0.wp.com\/gersonguelmann.com.br\/blog\/wp-content\/uploads\/2018\/05\/Surpresa.jpeg?resize=300%2C191&amp;ssl=1 300w, https:\/\/i0.wp.com\/gersonguelmann.com.br\/blog\/wp-content\/uploads\/2018\/05\/Surpresa.jpeg?resize=768%2C489&amp;ssl=1 768w, https:\/\/i0.wp.com\/gersonguelmann.com.br\/blog\/wp-content\/uploads\/2018\/05\/Surpresa.jpeg?resize=1024%2C652&amp;ssl=1 1024w, https:\/\/i0.wp.com\/gersonguelmann.com.br\/blog\/wp-content\/uploads\/2018\/05\/Surpresa.jpeg?w=1880&amp;ssl=1 1880w, https:\/\/i0.wp.com\/gersonguelmann.com.br\/blog\/wp-content\/uploads\/2018\/05\/Surpresa.jpeg?w=1280&amp;ssl=1 1280w\" sizes=\"(max-width: 300px) 100vw, 300px\" \/><\/p>\n<p>&nbsp;<\/p>\n<p>&nbsp;<\/p>\n","protected":false},"excerpt":{"rendered":"<p>No Jap\u00e3o. S\u00f3 podia ser l\u00e1, n\u00e3o?\u00a0 A BBC publicou h\u00e1 pouco que o trem que faz a linha de T\u00f3quio para\u00a0Tsukuba saiu da esta\u00e7\u00e3o 25 segundos mais cedo. Como esta foi a segunda ocorr\u00eancia desse tipo em poucos meses, a\u00a0operadora lamentou e disse que o &#8220;grande inconveniente causado aos clientes foi realmente indesculp\u00e1vel&#8221;. No [&hellip;]<\/p>\n","protected":false},"author":5,"featured_media":13000,"comment_status":"open","ping_status":"open","sticky":false,"template":"","format":"standard","meta":{"_acf_changed":false,"jetpack_post_was_ever_published":false,"_jetpack_newsletter_access":"","_jetpack_dont_email_post_to_subs":false,"_jetpack_newsletter_tier_id":0,"_jetpack_memberships_contains_paywalled_content":false,"_jetpack_memberships_contains_paid_content":false,"footnotes":"","jetpack_publicize_message":"","jetpack_publicize_feature_enabled":true,"jetpack_social_post_already_shared":true,"jetpack_social_options":{"image_generator_settings":{"template":"highway","default_image_id":0,"font":"","enabled":false},"version":2}},"categories":[1],"tags":[],"class_list":["post-12999","post","type-post","status-publish","format-standard","has-post-thumbnail","hentry","category-sem-categoria"],"acf":[],"yoast_head":"<!-- This site is optimized with the Yoast SEO plugin v27.3 - https:\/\/yoast.com\/product\/yoast-seo-wordpress\/ -->\n<title>Trem Partiu 25 Segundos Antes e Empresa Pediu Desculpas. Adivinhe Onde Foi? | Blog do Guelmann<\/title>\n<meta name=\"robots\" content=\"index, follow, max-snippet:-1, max-image-preview:large, max-video-preview:-1\" \/>\n<link rel=\"canonical\" href=\"https:\/\/gersonguelmann.com.br\/blog\/trem-partiu-25-segundos-antes-e-empresa-pediu-desculpas-adivinhe-onde-foi\/\" \/>\n<meta property=\"og:locale\" content=\"pt_BR\" \/>\n<meta property=\"og:type\" content=\"article\" \/>\n<meta property=\"og:title\" content=\"Trem Partiu 25 Segundos Antes e Empresa Pediu Desculpas. Adivinhe Onde Foi? | Blog do Guelmann\" \/>\n<meta property=\"og:description\" content=\"No Jap\u00e3o. S\u00f3 podia ser l\u00e1, n\u00e3o?\u00a0 A BBC publicou h\u00e1 pouco que o trem que faz a linha de T\u00f3quio para\u00a0Tsukuba saiu da esta\u00e7\u00e3o 25 segundos mais cedo. Como esta foi a segunda ocorr\u00eancia desse tipo em poucos meses, a\u00a0operadora lamentou e disse que o &#8220;grande inconveniente causado aos clientes foi realmente indesculp\u00e1vel&#8221;. No [&hellip;]\" \/>\n<meta property=\"og:url\" content=\"https:\/\/gersonguelmann.com.br\/blog\/trem-partiu-25-segundos-antes-e-empresa-pediu-desculpas-adivinhe-onde-foi\/\" \/>\n<meta property=\"og:site_name\" content=\"Blog do Guelmann\" \/>\n<meta property=\"article:published_time\" content=\"2018-05-17T17:41:57+00:00\" \/>\n<meta property=\"article:modified_time\" content=\"2018-05-17T17:43:38+00:00\" \/>\n<meta property=\"og:image\" content=\"https:\/\/i0.wp.com\/gersonguelmann.com.br\/blog\/wp-content\/uploads\/2018\/05\/Surpresa.jpeg?fit=1880%2C1197&ssl=1\" \/>\n\t<meta property=\"og:image:width\" content=\"1880\" \/>\n\t<meta property=\"og:image:height\" content=\"1197\" \/>\n\t<meta property=\"og:image:type\" content=\"image\/jpeg\" \/>\n<meta name=\"author\" content=\"Gerson Guelmann\" \/>\n<meta name=\"twitter:card\" content=\"summary_large_image\" \/>\n<meta name=\"twitter:label1\" content=\"Escrito por\" \/>\n\t<meta name=\"twitter:data1\" content=\"Gerson Guelmann\" \/>\n\t<meta name=\"twitter:label2\" content=\"Est. tempo de leitura\" \/>\n\t<meta name=\"twitter:data2\" content=\"1 minuto\" \/>\n<script type=\"application\/ld+json\" class=\"yoast-schema-graph\">{\"@context\":\"https:\\\/\\\/schema.org\",\"@graph\":[{\"@type\":\"Article\",\"@id\":\"https:\\\/\\\/gersonguelmann.com.br\\\/blog\\\/trem-partiu-25-segundos-antes-e-empresa-pediu-desculpas-adivinhe-onde-foi\\\/#article\",\"isPartOf\":{\"@id\":\"https:\\\/\\\/gersonguelmann.com.br\\\/blog\\\/trem-partiu-25-segundos-antes-e-empresa-pediu-desculpas-adivinhe-onde-foi\\\/\"},\"author\":{\"name\":\"Gerson Guelmann\",\"@id\":\"https:\\\/\\\/gersonguelmann.com.br\\\/blog\\\/#\\\/schema\\\/person\\\/87e70e2a786888082f941a482c90569e\"},\"headline\":\"Trem Partiu 25 Segundos Antes e Empresa Pediu Desculpas. Adivinhe Onde Foi?\",\"datePublished\":\"2018-05-17T17:41:57+00:00\",\"dateModified\":\"2018-05-17T17:43:38+00:00\",\"mainEntityOfPage\":{\"@id\":\"https:\\\/\\\/gersonguelmann.com.br\\\/blog\\\/trem-partiu-25-segundos-antes-e-empresa-pediu-desculpas-adivinhe-onde-foi\\\/\"},\"wordCount\":235,\"commentCount\":0,\"image\":{\"@id\":\"https:\\\/\\\/gersonguelmann.com.br\\\/blog\\\/trem-partiu-25-segundos-antes-e-empresa-pediu-desculpas-adivinhe-onde-foi\\\/#primaryimage\"},\"thumbnailUrl\":\"https:\\\/\\\/i0.wp.com\\\/gersonguelmann.com.br\\\/blog\\\/wp-content\\\/uploads\\\/2018\\\/05\\\/Surpresa.jpeg?fit=1880%2C1197&ssl=1\",\"inLanguage\":\"pt-BR\",\"potentialAction\":[{\"@type\":\"CommentAction\",\"name\":\"Comment\",\"target\":[\"https:\\\/\\\/gersonguelmann.com.br\\\/blog\\\/trem-partiu-25-segundos-antes-e-empresa-pediu-desculpas-adivinhe-onde-foi\\\/#respond\"]}]},{\"@type\":\"WebPage\",\"@id\":\"https:\\\/\\\/gersonguelmann.com.br\\\/blog\\\/trem-partiu-25-segundos-antes-e-empresa-pediu-desculpas-adivinhe-onde-foi\\\/\",\"url\":\"https:\\\/\\\/gersonguelmann.com.br\\\/blog\\\/trem-partiu-25-segundos-antes-e-empresa-pediu-desculpas-adivinhe-onde-foi\\\/\",\"name\":\"Trem Partiu 25 Segundos Antes e Empresa Pediu Desculpas. Adivinhe Onde Foi? | Blog do Guelmann\",\"isPartOf\":{\"@id\":\"https:\\\/\\\/gersonguelmann.com.br\\\/blog\\\/#website\"},\"primaryImageOfPage\":{\"@id\":\"https:\\\/\\\/gersonguelmann.com.br\\\/blog\\\/trem-partiu-25-segundos-antes-e-empresa-pediu-desculpas-adivinhe-onde-foi\\\/#primaryimage\"},\"image\":{\"@id\":\"https:\\\/\\\/gersonguelmann.com.br\\\/blog\\\/trem-partiu-25-segundos-antes-e-empresa-pediu-desculpas-adivinhe-onde-foi\\\/#primaryimage\"},\"thumbnailUrl\":\"https:\\\/\\\/i0.wp.com\\\/gersonguelmann.com.br\\\/blog\\\/wp-content\\\/uploads\\\/2018\\\/05\\\/Surpresa.jpeg?fit=1880%2C1197&ssl=1\",\"datePublished\":\"2018-05-17T17:41:57+00:00\",\"dateModified\":\"2018-05-17T17:43:38+00:00\",\"author\":{\"@id\":\"https:\\\/\\\/gersonguelmann.com.br\\\/blog\\\/#\\\/schema\\\/person\\\/87e70e2a786888082f941a482c90569e\"},\"inLanguage\":\"pt-BR\",\"potentialAction\":[{\"@type\":\"ReadAction\",\"target\":[\"https:\\\/\\\/gersonguelmann.com.br\\\/blog\\\/trem-partiu-25-segundos-antes-e-empresa-pediu-desculpas-adivinhe-onde-foi\\\/\"]}]},{\"@type\":\"ImageObject\",\"inLanguage\":\"pt-BR\",\"@id\":\"https:\\\/\\\/gersonguelmann.com.br\\\/blog\\\/trem-partiu-25-segundos-antes-e-empresa-pediu-desculpas-adivinhe-onde-foi\\\/#primaryimage\",\"url\":\"https:\\\/\\\/i0.wp.com\\\/gersonguelmann.com.br\\\/blog\\\/wp-content\\\/uploads\\\/2018\\\/05\\\/Surpresa.jpeg?fit=1880%2C1197&ssl=1\",\"contentUrl\":\"https:\\\/\\\/i0.wp.com\\\/gersonguelmann.com.br\\\/blog\\\/wp-content\\\/uploads\\\/2018\\\/05\\\/Surpresa.jpeg?fit=1880%2C1197&ssl=1\",\"width\":1880,\"height\":1197},{\"@type\":\"WebSite\",\"@id\":\"https:\\\/\\\/gersonguelmann.com.br\\\/blog\\\/#website\",\"url\":\"https:\\\/\\\/gersonguelmann.com.br\\\/blog\\\/\",\"name\":\"Blog do Guelmann\",\"description\":\"Pitadas da sabedoria e do humor judaicos, assuntos do momento e um pouco das hist\u00f3rias que vivi e testemunhei.\",\"potentialAction\":[{\"@type\":\"SearchAction\",\"target\":{\"@type\":\"EntryPoint\",\"urlTemplate\":\"https:\\\/\\\/gersonguelmann.com.br\\\/blog\\\/?s={search_term_string}\"},\"query-input\":{\"@type\":\"PropertyValueSpecification\",\"valueRequired\":true,\"valueName\":\"search_term_string\"}}],\"inLanguage\":\"pt-BR\"},{\"@type\":\"Person\",\"@id\":\"https:\\\/\\\/gersonguelmann.com.br\\\/blog\\\/#\\\/schema\\\/person\\\/87e70e2a786888082f941a482c90569e\",\"name\":\"Gerson Guelmann\",\"image\":{\"@type\":\"ImageObject\",\"inLanguage\":\"pt-BR\",\"@id\":\"https:\\\/\\\/i0.wp.com\\\/gersonguelmann.com.br\\\/blog\\\/wp-content\\\/uploads\\\/2021\\\/08\\\/BLOG.jpeg?fit=96%2C96&ssl=1\",\"url\":\"https:\\\/\\\/i0.wp.com\\\/gersonguelmann.com.br\\\/blog\\\/wp-content\\\/uploads\\\/2021\\\/08\\\/BLOG.jpeg?fit=96%2C96&ssl=1\",\"contentUrl\":\"https:\\\/\\\/i0.wp.com\\\/gersonguelmann.com.br\\\/blog\\\/wp-content\\\/uploads\\\/2021\\\/08\\\/BLOG.jpeg?fit=96%2C96&ssl=1\",\"caption\":\"Gerson Guelmann\"},\"description\":\"Pitadas da sabedoria e do humor judaicos, assuntos do momento e um pouco das hist\u00f3rias que vivi e testemunhei.\"}]}<\/script>\n<!-- \/ Yoast SEO plugin. -->","yoast_head_json":{"title":"Trem Partiu 25 Segundos Antes e Empresa Pediu Desculpas. Adivinhe Onde Foi? | Blog do Guelmann","robots":{"index":"index","follow":"follow","max-snippet":"max-snippet:-1","max-image-preview":"max-image-preview:large","max-video-preview":"max-video-preview:-1"},"canonical":"https:\/\/gersonguelmann.com.br\/blog\/trem-partiu-25-segundos-antes-e-empresa-pediu-desculpas-adivinhe-onde-foi\/","og_locale":"pt_BR","og_type":"article","og_title":"Trem Partiu 25 Segundos Antes e Empresa Pediu Desculpas. Adivinhe Onde Foi? | Blog do Guelmann","og_description":"No Jap\u00e3o. S\u00f3 podia ser l\u00e1, n\u00e3o?\u00a0 A BBC publicou h\u00e1 pouco que o trem que faz a linha de T\u00f3quio para\u00a0Tsukuba saiu da esta\u00e7\u00e3o 25 segundos mais cedo. Como esta foi a segunda ocorr\u00eancia desse tipo em poucos meses, a\u00a0operadora lamentou e disse que o &#8220;grande inconveniente causado aos clientes foi realmente indesculp\u00e1vel&#8221;. No [&hellip;]","og_url":"https:\/\/gersonguelmann.com.br\/blog\/trem-partiu-25-segundos-antes-e-empresa-pediu-desculpas-adivinhe-onde-foi\/","og_site_name":"Blog do Guelmann","article_published_time":"2018-05-17T17:41:57+00:00","article_modified_time":"2018-05-17T17:43:38+00:00","og_image":[{"width":1880,"height":1197,"url":"https:\/\/i0.wp.com\/gersonguelmann.com.br\/blog\/wp-content\/uploads\/2018\/05\/Surpresa.jpeg?fit=1880%2C1197&ssl=1","type":"image\/jpeg"}],"author":"Gerson Guelmann","twitter_card":"summary_large_image","twitter_misc":{"Escrito por":"Gerson Guelmann","Est. tempo de leitura":"1 minuto"},"schema":{"@context":"https:\/\/schema.org","@graph":[{"@type":"Article","@id":"https:\/\/gersonguelmann.com.br\/blog\/trem-partiu-25-segundos-antes-e-empresa-pediu-desculpas-adivinhe-onde-foi\/#article","isPartOf":{"@id":"https:\/\/gersonguelmann.com.br\/blog\/trem-partiu-25-segundos-antes-e-empresa-pediu-desculpas-adivinhe-onde-foi\/"},"author":{"name":"Gerson Guelmann","@id":"https:\/\/gersonguelmann.com.br\/blog\/#\/schema\/person\/87e70e2a786888082f941a482c90569e"},"headline":"Trem Partiu 25 Segundos Antes e Empresa Pediu Desculpas. Adivinhe Onde Foi?","datePublished":"2018-05-17T17:41:57+00:00","dateModified":"2018-05-17T17:43:38+00:00","mainEntityOfPage":{"@id":"https:\/\/gersonguelmann.com.br\/blog\/trem-partiu-25-segundos-antes-e-empresa-pediu-desculpas-adivinhe-onde-foi\/"},"wordCount":235,"commentCount":0,"image":{"@id":"https:\/\/gersonguelmann.com.br\/blog\/trem-partiu-25-segundos-antes-e-empresa-pediu-desculpas-adivinhe-onde-foi\/#primaryimage"},"thumbnailUrl":"https:\/\/i0.wp.com\/gersonguelmann.com.br\/blog\/wp-content\/uploads\/2018\/05\/Surpresa.jpeg?fit=1880%2C1197&ssl=1","inLanguage":"pt-BR","potentialAction":[{"@type":"CommentAction","name":"Comment","target":["https:\/\/gersonguelmann.com.br\/blog\/trem-partiu-25-segundos-antes-e-empresa-pediu-desculpas-adivinhe-onde-foi\/#respond"]}]},{"@type":"WebPage","@id":"https:\/\/gersonguelmann.com.br\/blog\/trem-partiu-25-segundos-antes-e-empresa-pediu-desculpas-adivinhe-onde-foi\/","url":"https:\/\/gersonguelmann.com.br\/blog\/trem-partiu-25-segundos-antes-e-empresa-pediu-desculpas-adivinhe-onde-foi\/","name":"Trem Partiu 25 Segundos Antes e Empresa Pediu Desculpas. Adivinhe Onde Foi? | Blog do Guelmann","isPartOf":{"@id":"https:\/\/gersonguelmann.com.br\/blog\/#website"},"primaryImageOfPage":{"@id":"https:\/\/gersonguelmann.com.br\/blog\/trem-partiu-25-segundos-antes-e-empresa-pediu-desculpas-adivinhe-onde-foi\/#primaryimage"},"image":{"@id":"https:\/\/gersonguelmann.com.br\/blog\/trem-partiu-25-segundos-antes-e-empresa-pediu-desculpas-adivinhe-onde-foi\/#primaryimage"},"thumbnailUrl":"https:\/\/i0.wp.com\/gersonguelmann.com.br\/blog\/wp-content\/uploads\/2018\/05\/Surpresa.jpeg?fit=1880%2C1197&ssl=1","datePublished":"2018-05-17T17:41:57+00:00","dateModified":"2018-05-17T17:43:38+00:00","author":{"@id":"https:\/\/gersonguelmann.com.br\/blog\/#\/schema\/person\/87e70e2a786888082f941a482c90569e"},"inLanguage":"pt-BR","potentialAction":[{"@type":"ReadAction","target":["https:\/\/gersonguelmann.com.br\/blog\/trem-partiu-25-segundos-antes-e-empresa-pediu-desculpas-adivinhe-onde-foi\/"]}]},{"@type":"ImageObject","inLanguage":"pt-BR","@id":"https:\/\/gersonguelmann.com.br\/blog\/trem-partiu-25-segundos-antes-e-empresa-pediu-desculpas-adivinhe-onde-foi\/#primaryimage","url":"https:\/\/i0.wp.com\/gersonguelmann.com.br\/blog\/wp-content\/uploads\/2018\/05\/Surpresa.jpeg?fit=1880%2C1197&ssl=1","contentUrl":"https:\/\/i0.wp.com\/gersonguelmann.com.br\/blog\/wp-content\/uploads\/2018\/05\/Surpresa.jpeg?fit=1880%2C1197&ssl=1","width":1880,"height":1197},{"@type":"WebSite","@id":"https:\/\/gersonguelmann.com.br\/blog\/#website","url":"https:\/\/gersonguelmann.com.br\/blog\/","name":"Blog do Guelmann","description":"Pitadas da sabedoria e do humor judaicos, assuntos do momento e um pouco das hist\u00f3rias que vivi e testemunhei.","potentialAction":[{"@type":"SearchAction","target":{"@type":"EntryPoint","urlTemplate":"https:\/\/gersonguelmann.com.br\/blog\/?s={search_term_string}"},"query-input":{"@type":"PropertyValueSpecification","valueRequired":true,"valueName":"search_term_string"}}],"inLanguage":"pt-BR"},{"@type":"Person","@id":"https:\/\/gersonguelmann.com.br\/blog\/#\/schema\/person\/87e70e2a786888082f941a482c90569e","name":"Gerson Guelmann","image":{"@type":"ImageObject","inLanguage":"pt-BR","@id":"https:\/\/i0.wp.com\/gersonguelmann.com.br\/blog\/wp-content\/uploads\/2021\/08\/BLOG.jpeg?fit=96%2C96&ssl=1","url":"https:\/\/i0.wp.com\/gersonguelmann.com.br\/blog\/wp-content\/uploads\/2021\/08\/BLOG.jpeg?fit=96%2C96&ssl=1","contentUrl":"https:\/\/i0.wp.com\/gersonguelmann.com.br\/blog\/wp-content\/uploads\/2021\/08\/BLOG.jpeg?fit=96%2C96&ssl=1","caption":"Gerson Guelmann"},"description":"Pitadas da sabedoria e do humor judaicos, assuntos do momento e um pouco das hist\u00f3rias que vivi e testemunhei."}]}},"views":60,"jetpack_publicize_connections":[],"jetpack_featured_media_url":"https:\/\/i0.wp.com\/gersonguelmann.com.br\/blog\/wp-content\/uploads\/2018\/05\/Surpresa.jpeg?fit=1880%2C1197&ssl=1","jetpack_shortlink":"https:\/\/wp.me\/p96e7O-3nF","jetpack-related-posts":[{"id":23108,"url":"https:\/\/gersonguelmann.com.br\/blog\/nathan-esperando-o-trem\/","url_meta":{"origin":12999,"position":0},"title":"Nathan Esperando o Trem","author":"Gerson Guelmann","date":"10 de maio de 2023","format":false,"excerpt":"Cinco dias por semana, a caminho do trabalho, Nathan, um judeu nova-iorquino, pegava o trem na Penn Station. Um dia, sem nem saber porque, chegou mais cedo e viu que haviam instalado uma nova m\u00e1quina na plataforma, com uma placa dizendo que era uma balan\u00e7a falante de \u00faltima gera\u00e7\u00e3o e\u2026","rel":"","context":"Em &quot;Sem categoria&quot;","block_context":{"text":"Sem categoria","link":"https:\/\/gersonguelmann.com.br\/blog\/category\/sem-categoria\/"},"img":{"alt_text":"","src":"https:\/\/i0.wp.com\/gersonguelmann.com.br\/blog\/wp-content\/uploads\/2023\/05\/HojePR-2-scaled.jpg?fit=801%2C1200&ssl=1&resize=350%2C200","width":350,"height":200,"srcset":"https:\/\/i0.wp.com\/gersonguelmann.com.br\/blog\/wp-content\/uploads\/2023\/05\/HojePR-2-scaled.jpg?fit=801%2C1200&ssl=1&resize=350%2C200 1x, https:\/\/i0.wp.com\/gersonguelmann.com.br\/blog\/wp-content\/uploads\/2023\/05\/HojePR-2-scaled.jpg?fit=801%2C1200&ssl=1&resize=525%2C300 1.5x, https:\/\/i0.wp.com\/gersonguelmann.com.br\/blog\/wp-content\/uploads\/2023\/05\/HojePR-2-scaled.jpg?fit=801%2C1200&ssl=1&resize=700%2C400 2x"},"classes":[]},{"id":11958,"url":"https:\/\/gersonguelmann.com.br\/blog\/ainda-a-brincadeira-na-linha-do-trem\/","url_meta":{"origin":12999,"position":1},"title":"Ainda a Brincadeira na Linha do Trem","author":"Gerson Guelmann","date":"23 de abril de 2018","format":false,"excerpt":"Foto: Tribuna Ainda sobre a brincadeira (ou bebedeira) de ontem na linha do trem aqui em Curitiba, no cruzamento da linha f\u00e9rrea com a R. Fernando Amaro, recebi um 2\u00ba v\u00eddeo, filmado de um \u00e2ngulo mais pr\u00f3ximo. Observe que um dos \"organizadores do evento\" posa para o v\u00eddeo, sorridente, mostrando\u2026","rel":"","context":"Em &quot;Sem categoria&quot;","block_context":{"text":"Sem categoria","link":"https:\/\/gersonguelmann.com.br\/blog\/category\/sem-categoria\/"},"img":{"alt_text":"","src":"https:\/\/i0.wp.com\/gersonguelmann.com.br\/blog\/wp-content\/uploads\/2018\/04\/CLIO.jpg?fit=600%2C740&ssl=1&resize=350%2C200","width":350,"height":200,"srcset":"https:\/\/i0.wp.com\/gersonguelmann.com.br\/blog\/wp-content\/uploads\/2018\/04\/CLIO.jpg?fit=600%2C740&ssl=1&resize=350%2C200 1x, https:\/\/i0.wp.com\/gersonguelmann.com.br\/blog\/wp-content\/uploads\/2018\/04\/CLIO.jpg?fit=600%2C740&ssl=1&resize=525%2C300 1.5x"},"classes":[]},{"id":158,"url":"https:\/\/gersonguelmann.com.br\/blog\/samuel-levy-e-o-indio-de-boa-memoria\/","url_meta":{"origin":12999,"position":2},"title":"Samuel Levy e o \u00cdndio de Boa Mem\u00f3ria","author":"Gerson Guelmann","date":"17 de junho de 2022","format":false,"excerpt":"Na d\u00e9cada de 1950, Samuel Levy, jornalista rec\u00e9m-formado, conseguiu seu primeiro emprego num jornal de Nova York. Poucos dias ap\u00f3s come\u00e7ar a trabalhar, foi designado para uma reportagem fora da cidade. A informa\u00e7\u00e3o trazida \u00e0 reda\u00e7\u00e3o dizia que no Novo M\u00e9xico vivia um \u00edndio, j\u00e1 idoso, que possu\u00eda uma mem\u00f3ria\u2026","rel":"","context":"Em &quot;Sem categoria&quot;","block_context":{"text":"Sem categoria","link":"https:\/\/gersonguelmann.com.br\/blog\/category\/sem-categoria\/"},"img":{"alt_text":"","src":"https:\/\/i0.wp.com\/gersonguelmann.com.br\/blog\/wp-content\/uploads\/2018\/06\/ESTACAO.jpg?fit=1200%2C811&ssl=1&resize=350%2C200","width":350,"height":200,"srcset":"https:\/\/i0.wp.com\/gersonguelmann.com.br\/blog\/wp-content\/uploads\/2018\/06\/ESTACAO.jpg?fit=1200%2C811&ssl=1&resize=350%2C200 1x, https:\/\/i0.wp.com\/gersonguelmann.com.br\/blog\/wp-content\/uploads\/2018\/06\/ESTACAO.jpg?fit=1200%2C811&ssl=1&resize=525%2C300 1.5x, https:\/\/i0.wp.com\/gersonguelmann.com.br\/blog\/wp-content\/uploads\/2018\/06\/ESTACAO.jpg?fit=1200%2C811&ssl=1&resize=700%2C400 2x, https:\/\/i0.wp.com\/gersonguelmann.com.br\/blog\/wp-content\/uploads\/2018\/06\/ESTACAO.jpg?fit=1200%2C811&ssl=1&resize=1050%2C600 3x"},"classes":[]},{"id":25954,"url":"https:\/\/gersonguelmann.com.br\/blog\/sexta-do-humor-e-da-cultura-judaica-samuel-levy-e-o-indio-de-boa-memoria\/","url_meta":{"origin":12999,"position":3},"title":"Sexta do Humor e da Cultura Judaica &#8211; Samuel Levy e o \u00cdndio de Boa Mem\u00f3ria","author":"Gerson Guelmann","date":"16 de maio de 2025","format":false,"excerpt":"Samuel Levy e o \u00cdndio de Boa Mem\u00f3ria Na d\u00e9cada de 1950, Samuel Levy, jornalista rec\u00e9m-formado, conseguiu seu primeiro emprego em um jornal de Nova York. Poucos dias ap\u00f3s come\u00e7ar a trabalhar, foi designado para uma reportagem fora da cidade. A informa\u00e7\u00e3o trazida \u00e0 reda\u00e7\u00e3o dizia que, no Novo M\u00e9xico,\u2026","rel":"","context":"Em &quot;Sem categoria&quot;","block_context":{"text":"Sem categoria","link":"https:\/\/gersonguelmann.com.br\/blog\/category\/sem-categoria\/"},"img":{"alt_text":"","src":"https:\/\/i0.wp.com\/gersonguelmann.com.br\/blog\/wp-content\/uploads\/2025\/05\/HojePR-15.jpg?fit=600%2C336&ssl=1&resize=350%2C200","width":350,"height":200,"srcset":"https:\/\/i0.wp.com\/gersonguelmann.com.br\/blog\/wp-content\/uploads\/2025\/05\/HojePR-15.jpg?fit=600%2C336&ssl=1&resize=350%2C200 1x, https:\/\/i0.wp.com\/gersonguelmann.com.br\/blog\/wp-content\/uploads\/2025\/05\/HojePR-15.jpg?fit=600%2C336&ssl=1&resize=525%2C300 1.5x"},"classes":[]},{"id":4722,"url":"https:\/\/gersonguelmann.com.br\/blog\/porque-alguns-judeus-esperam-12-segundos-antes-de-levantar-da-cama\/","url_meta":{"origin":12999,"position":4},"title":"Porque Alguns Judeus Esperam 12 Segundos Antes de Levantar da Cama?","author":"Gerson Guelmann","date":"25 de agosto de 2025","format":false,"excerpt":"N\u00f3s, os mais \u201cexperientes\u201d (adoro esse eufemismo para \u201cidosos\u201d ou \u201cvelhos\u201d...) certamente j\u00e1 nos deparamos com a situa\u00e7\u00e3o, \u00e0s vezes curiosa e eventualmente assustadora, de sentir tontura ao se levantar da cama abruptamente pela manh\u00e3. Realmente h\u00e1 casos em que essa ocorr\u00eancia ao despertar resulta em desmaios e quedas, n\u00e3o\u2026","rel":"","context":"Em &quot;Sem categoria&quot;","block_context":{"text":"Sem categoria","link":"https:\/\/gersonguelmann.com.br\/blog\/category\/sem-categoria\/"},"img":{"alt_text":"","src":"https:\/\/i0.wp.com\/gersonguelmann.com.br\/blog\/wp-content\/uploads\/2025\/08\/HojePR-1.jpeg?fit=600%2C400&ssl=1&resize=350%2C200","width":350,"height":200,"srcset":"https:\/\/i0.wp.com\/gersonguelmann.com.br\/blog\/wp-content\/uploads\/2025\/08\/HojePR-1.jpeg?fit=600%2C400&ssl=1&resize=350%2C200 1x, https:\/\/i0.wp.com\/gersonguelmann.com.br\/blog\/wp-content\/uploads\/2025\/08\/HojePR-1.jpeg?fit=600%2C400&ssl=1&resize=525%2C300 1.5x"},"classes":[]},{"id":19762,"url":"https:\/\/gersonguelmann.com.br\/blog\/pilulas-de-humor-judaico-26\/","url_meta":{"origin":12999,"position":5},"title":"P\u00edlulas de Humor Judaico (26)","author":"Gerson Guelmann","date":"21 de julho de 2021","format":false,"excerpt":"Saul no Hospital Saul pede ao m\u00e9dico para ser transferido para outro hospital. O m\u00e9dico diz: - \"O que est\u00e1 errado? \u00c9 a comida?\" - \"N\u00e3o, a comida \u00e9 boa, n\u00e3o posso reclamar\". - \"\u00c9 o quarto?\" - \"N\u00e3o, o quarto \u00e9 bom, n\u00e3o posso reclamar\". - \"\u00c9 a equipe\u2026","rel":"","context":"Em &quot;Sem categoria&quot;","block_context":{"text":"Sem categoria","link":"https:\/\/gersonguelmann.com.br\/blog\/category\/sem-categoria\/"},"img":{"alt_text":"","src":"https:\/\/i0.wp.com\/gersonguelmann.com.br\/blog\/wp-content\/uploads\/2020\/01\/Confession%C3%A1rio.jpg?fit=1050%2C701&ssl=1&resize=350%2C200","width":350,"height":200,"srcset":"https:\/\/i0.wp.com\/gersonguelmann.com.br\/blog\/wp-content\/uploads\/2020\/01\/Confession%C3%A1rio.jpg?fit=1050%2C701&ssl=1&resize=350%2C200 1x, https:\/\/i0.wp.com\/gersonguelmann.com.br\/blog\/wp-content\/uploads\/2020\/01\/Confession%C3%A1rio.jpg?fit=1050%2C701&ssl=1&resize=525%2C300 1.5x, https:\/\/i0.wp.com\/gersonguelmann.com.br\/blog\/wp-content\/uploads\/2020\/01\/Confession%C3%A1rio.jpg?fit=1050%2C701&ssl=1&resize=700%2C400 2x, https:\/\/i0.wp.com\/gersonguelmann.com.br\/blog\/wp-content\/uploads\/2020\/01\/Confession%C3%A1rio.jpg?fit=1050%2C701&ssl=1&resize=1050%2C600 3x"},"classes":[]}],"jetpack_sharing_enabled":true,"post_mailing_queue_ids":[],"_links":{"self":[{"href":"https:\/\/gersonguelmann.com.br\/blog\/wp-json\/wp\/v2\/posts\/12999","targetHints":{"allow":["GET"]}}],"collection":[{"href":"https:\/\/gersonguelmann.com.br\/blog\/wp-json\/wp\/v2\/posts"}],"about":[{"href":"https:\/\/gersonguelmann.com.br\/blog\/wp-json\/wp\/v2\/types\/post"}],"author":[{"embeddable":true,"href":"https:\/\/gersonguelmann.com.br\/blog\/wp-json\/wp\/v2\/users\/5"}],"replies":[{"embeddable":true,"href":"https:\/\/gersonguelmann.com.br\/blog\/wp-json\/wp\/v2\/comments?post=12999"}],"version-history":[{"count":0,"href":"https:\/\/gersonguelmann.com.br\/blog\/wp-json\/wp\/v2\/posts\/12999\/revisions"}],"wp:featuredmedia":[{"embeddable":true,"href":"https:\/\/gersonguelmann.com.br\/blog\/wp-json\/wp\/v2\/media\/13000"}],"wp:attachment":[{"href":"https:\/\/gersonguelmann.com.br\/blog\/wp-json\/wp\/v2\/media?parent=12999"}],"wp:term":[{"taxonomy":"category","embeddable":true,"href":"https:\/\/gersonguelmann.com.br\/blog\/wp-json\/wp\/v2\/categories?post=12999"},{"taxonomy":"post_tag","embeddable":true,"href":"https:\/\/gersonguelmann.com.br\/blog\/wp-json\/wp\/v2\/tags?post=12999"}],"curies":[{"name":"wp","href":"https:\/\/api.w.org\/{rel}","templated":true}]}}