    {"id":13005,"date":"2018-05-17T15:22:57","date_gmt":"2018-05-17T18:22:57","guid":{"rendered":"https:\/\/gersonguelmann.com.br\/blog\/?p=13005"},"modified":"2018-05-17T15:22:57","modified_gmt":"2018-05-17T18:22:57","slug":"gleisi-recebeu-propina-segundo-policia-federal","status":"publish","type":"post","link":"https:\/\/gersonguelmann.com.br\/blog\/gleisi-recebeu-propina-segundo-policia-federal\/","title":{"rendered":"Gleisi Recebeu Propina, Segundo Pol\u00edcia Federal"},"content":{"rendered":"<p><span style=\"color: #000000; font-family: georgia, palatino, serif; font-size: 18pt;\">Da revista Isto\u00c9:<\/span><\/p>\n<p class=\"tags-materia\"><span style=\"color: #ff0000;\"><strong>BRASIL<\/strong><\/span><\/p>\n<p><span style=\"font-size: 24pt;\"><strong><span style=\"color: #000000;\">Glesi recebeu R$ 885 mil em propina na Lava Jato, afirma PF<\/span><\/strong><\/span><\/p>\n<p class=\"author\"><strong><span style=\"color: #000000;\">Estad\u00e3o Conte\u00fado<\/span><\/strong><\/p>\n<p><span style=\"color: #000000; font-size: 14pt;\"><time datetime=\"2018-05-17 12:05\">17\/05\/18 &#8211; 12h05 &#8211; Atualizado em 17\/05\/18 &#8211; 12h37<\/time><\/span><\/p>\n<p><span style=\"color: #000000; font-size: 14pt;\">A Pol\u00edcia Federal (PF) concluiu no inqu\u00e9rito em que investiga a senadora Gleisi Hoffmann (PT-PR) que foram encontradas evid\u00eancias de que a presidente nacional do PT recebeu R$ 885 mil de um esquema de corrup\u00e7\u00e3o alvo da Lava Jato.<\/span><\/p>\n<p><span style=\"color: #000000; font-size: 14pt;\">No relat\u00f3rio final do caso, enviado ao ministro Dias Toffoli, do Supremo Tribunal Federal (STF), o delegado Ricardo Hiroshi Ishida apresenta cinco repasses de valores que teriam sido recebidos pela senadora e que podem ser enquadrados nos crimes de corrup\u00e7\u00e3o, lavagem de dinheiro e falsidade ideol\u00f3gica.<\/span><\/p>\n<p><span style=\"color: #000000; font-size: 14pt;\">Quatro repasses citados, segundo a PF, est\u00e3o relacionados a empresa Consist, investigada na opera\u00e7\u00e3o Custo Brasil, desdobramento da Lava Jato em S\u00e3o Paulo. O quinto, no valor de R$ 300 mil, teria como origem a empresa TAM Linhas A\u00e9reas, mas os documentos sobre o pagamento tamb\u00e9m foram apreendidos na Custo Brasil.<\/span><\/p>\n<p><span style=\"color: #000000; font-size: 14pt;\">odos os pagamentos, segundo a PF, foram efetuados por meio do escrit\u00f3rio do advogado Guilherme Gon\u00e7alves, que atuou para a senadora e para seu marido, o ex-ministro do Planejamento Paulo Bernardo.<\/span><\/p>\n<p><span style=\"color: #000000; font-size: 14pt;\">Na opera\u00e7\u00e3o, deflagrada em 23 de junho de 2017, foi preso Paulo Bernardo \u2013 solto seis dias depois por ordem do ministro do STF Dias Toffoli. O alvo da investiga\u00e7\u00e3o \u00e9 a assinatura de um contrato entre o Minist\u00e9rio do Planejamento, o Sindicato Nacional das Entidades Abertas de Previd\u00eancia Complementar (SINAPP) e a Associa\u00e7\u00e3o Brasileira de Bancos (ABBC).<\/span><\/p>\n<p><span style=\"color: #000000; font-size: 14pt;\">O objeto do contrato era a gest\u00e3o de empr\u00e9stimos banc\u00e1rios consignados para evitar que trabalhadores excedessem a cota permitida por lei. Ap\u00f3s a assinatura do contrato, as entidades contrataram a Consist Software Ltda.<\/span><\/p>\n<p><span style=\"color: #000000; font-size: 14pt;\">O esquema criminoso envolvendo a Consist, segundo a PF, teria desviado cerca de R$ 100 milh\u00f5es de contrato assinado quando Paulo Bernardo, marido da presidente do PT, era ministro do Planejamento. Ele ocupou o cargo entre 2005 e 2011.<\/span><\/p>\n<p><span style=\"color: #000000; font-size: 14pt;\">Ao analisar planilhas apreendidas na opera\u00e7\u00e3o, ouvir pessoas envolvidas e mapear o caminho do dinheiro por meio de quebra s de sigilo, a PF encontrou ind\u00edcios de que, juntos, o casal Gleisi e Paulo Bernardo e pessoas ligadas a ele receberam cerca de R$ 7 milh\u00f5es do \u201cfundo consist\u201d.<\/span><\/p>\n<p><span style=\"color: #000000; font-size: 14pt;\">\u201cTais pagamentos aparecem como tendo sido feitos regularmente pelo escrit\u00f3rio de Guilherme Gon\u00e7alves, mas na realidade tratavam-se de valores de corrup\u00e7\u00e3o recebidos pelo escrit\u00f3rio de Guilherme Gon\u00e7alves\u201d, explica o delegado no relat\u00f3rio.<\/span><\/p>\n<p><span style=\"color: #000000; font-size: 14pt;\"><b>Repasses<\/b><\/span><\/p>\n<p><span style=\"color: #000000; font-size: 14pt;\">Al\u00e9m dos valores repassados para Gleisi Hoffman, a PF mapeou que o \u201cfundo consist\u201d foi utilizado para pagar pessoas pr\u00f3ximas a senadora \u2013 e, tamb\u00e9m, para custear gastos de sua fam\u00edlia. Ouvido no inqu\u00e9rito, um dos funcion\u00e1rios do escrit\u00f3rio de Guilherme Gon\u00e7alves, Luis Henrique Bender, afirmou que seu patr\u00e3o pagava os honor\u00e1rios para um advogado de Paulo Bernardo.<\/span><\/p>\n<p><span style=\"color: #000000; font-size: 14pt;\">Al\u00e9m disso, segundo Bender, em determinada ocasi\u00e3o, Gon\u00e7alves solicitou que ele comprasse um videogame Nintendo 3DS \u201cpara o filho do ministro\u201d. De acordo com Bender, o \u00fanico ministro que frequentava o escrit\u00f3rio era Bernardo.<\/span><\/p>\n<p><span style=\"color: #000000; font-size: 14pt;\"><b>TAM<\/b><\/span><\/p>\n<p><span style=\"color: #000000; font-size: 14pt;\">Ouvido sobre o repasse de R$ 300 mil da TAM para seu escrit\u00f3rio, o advogado Guilherme Gon\u00e7alves confirmou que n\u00e3o houve presta\u00e7\u00e3o de servi\u00e7os por parte de seu escrit\u00f3rio. Segundo ele, o valor teria \u201csido pagamento de honor\u00e1rios de campanha de Gleisi Hoffman em 2010\u201d.<\/span><\/p>\n<p><span style=\"color: #000000; font-size: 14pt;\">A informa\u00e7\u00e3o sobre o pagamento foi encontrada pela PF em uma planilha chamada \u201celeitoral Gleisi\u201d apreendida com o advogado Guilherme Gon\u00e7alves na Custo Brasil. O ex-presidente da TAM Marco Bologna foi ouvido duas vezes pelos investigadores. Na primeira, n\u00e3o soube das explica\u00e7\u00f5es sobre a contrata\u00e7\u00e3o do escrit\u00f3rio de advocacia de Gon\u00e7alves.<\/span><\/p>\n<p><span style=\"color: #000000; font-size: 14pt;\">No segundo testemunho, Bologna disse que o ex-diretor Jur\u00eddico da empresa poderia ter mais informa\u00e7\u00f5es e acrescentou que n\u00e3o havia motivo ou contrapartida para fazer pagamento \u00e0 senadora e seu marido. Ouvido, o ex-diretor jur\u00eddico Luiz Cl\u00e1udio Mattos afirmou que Bologna foi respons\u00e1vel pela indica\u00e7\u00e3o para contrata\u00e7\u00e3o do escrit\u00f3rio de Guilherme Gon\u00e7alves.<\/span><\/p>\n<p><span style=\"color: #000000; font-size: 14pt;\">Procurada, a assessoria de Gleisi Hoffman n\u00e3o respondeu aos contatos feitos pela da reportagem. O espa\u00e7o est\u00e1 aberto para manifesta\u00e7\u00f5es.<\/span><\/p>\n<p><span style=\"color: #000000; font-family: georgia, palatino, serif; font-size: 18pt;\">A mat\u00e9ria original <span style=\"color: #0000ff;\"><a style=\"color: #0000ff;\" href=\"https:\/\/istoe.com.br\/pf-afirma-que-glesi-recebeu-r-885-mil-em-propina-na-lava-jato\/\"><em><strong>est\u00e1 aqui<\/strong><\/em><\/a><\/span>.<\/span><\/p>\n<figure id=\"attachment_13006\" aria-describedby=\"caption-attachment-13006\" style=\"width: 300px\" class=\"wp-caption aligncenter\"><img data-recalc-dims=\"1\" fetchpriority=\"high\" decoding=\"async\" data-attachment-id=\"13006\" data-permalink=\"https:\/\/gersonguelmann.com.br\/blog\/gleisi-recebeu-propina-segundo-policia-federal\/lula-dilma-gleisihoffmann-posse-gleisi-fotosergiolima-05jul2017\/\" data-orig-file=\"https:\/\/i0.wp.com\/gersonguelmann.com.br\/blog\/wp-content\/uploads\/2018\/05\/Lula-Gleisi-Sergio-Lima-P360-5jul2017-868x644.jpg?fit=868%2C644&amp;ssl=1\" data-orig-size=\"868,644\" data-comments-opened=\"1\" data-image-meta=\"{&quot;aperture&quot;:&quot;4&quot;,&quot;credit&quot;:&quot;Foto: S\\u00e9rgio Lima&quot;,&quot;camera&quot;:&quot;Canon EOS 5D Mark III&quot;,&quot;caption&quot;:&quot;Cerimonia de posse da presidente do Partido dos Trabalhadores, Gleisi Hoffmann e da nova diretoria nacional do partido, que contou com a presen\\u00e7a do ex-presidente Lula da Silva e da ex-presidente Dilma Rousseff. Brasilia, 05-07-2017. Foto Sergio Lima\/Poder 360&quot;,&quot;created_timestamp&quot;:&quot;1499290749&quot;,&quot;copyright&quot;:&quot;S\\u00e9rgio Lima&quot;,&quot;focal_length&quot;:&quot;420&quot;,&quot;iso&quot;:&quot;2000&quot;,&quot;shutter_speed&quot;:&quot;0.003125&quot;,&quot;title&quot;:&quot;Lula-Dilma-GleisiHoffmann-Posse-Gleisi-FotoSergioLima-05jul2017&quot;,&quot;orientation&quot;:&quot;1&quot;}\" data-image-title=\"Lula-Dilma-GleisiHoffmann-Posse-Gleisi-FotoSergioLima-05jul2017\" data-image-description=\"\" data-image-caption=\"&lt;p&gt;Cerimonia de posse da presidente do Partido dos Trabalhadores, Gleisi Hoffmann e da nova diretoria nacional do partido, que contou com a presen\u00e7a do ex-presidente Lula da Silva e da ex-presidente Dilma Rousseff. Brasilia, 05-07-2017. Foto Sergio Lima\/Poder 360&lt;\/p&gt;\n\" data-medium-file=\"https:\/\/i0.wp.com\/gersonguelmann.com.br\/blog\/wp-content\/uploads\/2018\/05\/Lula-Gleisi-Sergio-Lima-P360-5jul2017-868x644.jpg?fit=300%2C223&amp;ssl=1\" data-large-file=\"https:\/\/i0.wp.com\/gersonguelmann.com.br\/blog\/wp-content\/uploads\/2018\/05\/Lula-Gleisi-Sergio-Lima-P360-5jul2017-868x644.jpg?fit=640%2C475&amp;ssl=1\" class=\"size-medium wp-image-13006\" src=\"https:\/\/i0.wp.com\/gersonguelmann.com.br\/blog\/wp-content\/uploads\/2018\/05\/Lula-Gleisi-Sergio-Lima-P360-5jul2017-868x644.jpg?resize=300%2C223&#038;ssl=1\" alt=\"\" width=\"300\" height=\"223\" srcset=\"https:\/\/i0.wp.com\/gersonguelmann.com.br\/blog\/wp-content\/uploads\/2018\/05\/Lula-Gleisi-Sergio-Lima-P360-5jul2017-868x644.jpg?resize=300%2C223&amp;ssl=1 300w, https:\/\/i0.wp.com\/gersonguelmann.com.br\/blog\/wp-content\/uploads\/2018\/05\/Lula-Gleisi-Sergio-Lima-P360-5jul2017-868x644.jpg?resize=768%2C570&amp;ssl=1 768w, https:\/\/i0.wp.com\/gersonguelmann.com.br\/blog\/wp-content\/uploads\/2018\/05\/Lula-Gleisi-Sergio-Lima-P360-5jul2017-868x644.jpg?resize=868%2C644&amp;ssl=1 868w\" sizes=\"(max-width: 300px) 100vw, 300px\" \/><figcaption id=\"caption-attachment-13006\" class=\"wp-caption-text\"><\/span> <span style=\"color: #000000;\">Cerimonia de posse da presidente do Partido dos Trabalhadores, Gleisi Hoffmann e da nova diretoria nacional do partido, que contou com a presen\u00e7a do ex-presidente Lula da Silva e da ex-presidente Dilma Rousseff. Brasilia, 05-07-2017. Foto Sergio Lima\/Poder 360<\/span><\/figcaption><\/figure>\n<p>&nbsp;<\/p>\n","protected":false},"excerpt":{"rendered":"<p>Da revista Isto\u00c9: BRASIL Glesi recebeu R$ 885 mil em propina na Lava Jato, afirma PF Estad\u00e3o Conte\u00fado 17\/05\/18 &#8211; 12h05 &#8211; Atualizado em 17\/05\/18 &#8211; 12h37 A Pol\u00edcia Federal (PF) concluiu no inqu\u00e9rito em que investiga a senadora Gleisi Hoffmann (PT-PR) que foram encontradas evid\u00eancias de que a presidente nacional do PT recebeu R$ [&hellip;]<\/p>\n","protected":false},"author":5,"featured_media":13006,"comment_status":"open","ping_status":"open","sticky":false,"template":"","format":"standard","meta":{"_acf_changed":false,"jetpack_post_was_ever_published":false,"_jetpack_newsletter_access":"","_jetpack_dont_email_post_to_subs":false,"_jetpack_newsletter_tier_id":0,"_jetpack_memberships_contains_paywalled_content":false,"_jetpack_memberships_contains_paid_content":false,"footnotes":"","jetpack_publicize_message":"","jetpack_publicize_feature_enabled":true,"jetpack_social_post_already_shared":true,"jetpack_social_options":{"image_generator_settings":{"template":"highway","default_image_id":0,"font":"","enabled":false},"version":2}},"categories":[1],"tags":[],"class_list":["post-13005","post","type-post","status-publish","format-standard","has-post-thumbnail","hentry","category-sem-categoria"],"acf":[],"yoast_head":"<!-- This site is optimized with the Yoast SEO plugin v27.3 - https:\/\/yoast.com\/product\/yoast-seo-wordpress\/ -->\n<title>Gleisi Recebeu Propina, Segundo Pol\u00edcia Federal | Blog do Guelmann<\/title>\n<meta name=\"robots\" content=\"index, follow, max-snippet:-1, max-image-preview:large, max-video-preview:-1\" \/>\n<link rel=\"canonical\" href=\"https:\/\/gersonguelmann.com.br\/blog\/gleisi-recebeu-propina-segundo-policia-federal\/\" \/>\n<meta property=\"og:locale\" content=\"pt_BR\" \/>\n<meta property=\"og:type\" content=\"article\" \/>\n<meta property=\"og:title\" content=\"Gleisi Recebeu Propina, Segundo Pol\u00edcia Federal | Blog do Guelmann\" \/>\n<meta property=\"og:description\" content=\"Da revista Isto\u00c9: BRASIL Glesi recebeu R$ 885 mil em propina na Lava Jato, afirma PF Estad\u00e3o Conte\u00fado 17\/05\/18 &#8211; 12h05 &#8211; Atualizado em 17\/05\/18 &#8211; 12h37 A Pol\u00edcia Federal (PF) concluiu no inqu\u00e9rito em que investiga a senadora Gleisi Hoffmann (PT-PR) que foram encontradas evid\u00eancias de que a presidente nacional do PT recebeu R$ [&hellip;]\" \/>\n<meta property=\"og:url\" content=\"https:\/\/gersonguelmann.com.br\/blog\/gleisi-recebeu-propina-segundo-policia-federal\/\" \/>\n<meta property=\"og:site_name\" content=\"Blog do Guelmann\" \/>\n<meta property=\"article:published_time\" content=\"2018-05-17T18:22:57+00:00\" \/>\n<meta property=\"og:image\" content=\"https:\/\/i0.wp.com\/gersonguelmann.com.br\/blog\/wp-content\/uploads\/2018\/05\/Lula-Gleisi-Sergio-Lima-P360-5jul2017-868x644.jpg?fit=868%2C644&ssl=1\" \/>\n\t<meta property=\"og:image:width\" content=\"868\" \/>\n\t<meta property=\"og:image:height\" content=\"644\" \/>\n\t<meta property=\"og:image:type\" content=\"image\/jpeg\" \/>\n<meta name=\"author\" content=\"Gerson Guelmann\" \/>\n<meta name=\"twitter:card\" content=\"summary_large_image\" \/>\n<meta name=\"twitter:label1\" content=\"Escrito por\" \/>\n\t<meta name=\"twitter:data1\" content=\"Gerson Guelmann\" \/>\n\t<meta name=\"twitter:label2\" content=\"Est. tempo de leitura\" \/>\n\t<meta name=\"twitter:data2\" content=\"4 minutos\" \/>\n<script type=\"application\/ld+json\" class=\"yoast-schema-graph\">{\"@context\":\"https:\\\/\\\/schema.org\",\"@graph\":[{\"@type\":\"Article\",\"@id\":\"https:\\\/\\\/gersonguelmann.com.br\\\/blog\\\/gleisi-recebeu-propina-segundo-policia-federal\\\/#article\",\"isPartOf\":{\"@id\":\"https:\\\/\\\/gersonguelmann.com.br\\\/blog\\\/gleisi-recebeu-propina-segundo-policia-federal\\\/\"},\"author\":{\"name\":\"Gerson Guelmann\",\"@id\":\"https:\\\/\\\/gersonguelmann.com.br\\\/blog\\\/#\\\/schema\\\/person\\\/87e70e2a786888082f941a482c90569e\"},\"headline\":\"Gleisi Recebeu Propina, Segundo Pol\u00edcia Federal\",\"datePublished\":\"2018-05-17T18:22:57+00:00\",\"mainEntityOfPage\":{\"@id\":\"https:\\\/\\\/gersonguelmann.com.br\\\/blog\\\/gleisi-recebeu-propina-segundo-policia-federal\\\/\"},\"wordCount\":788,\"commentCount\":0,\"image\":{\"@id\":\"https:\\\/\\\/gersonguelmann.com.br\\\/blog\\\/gleisi-recebeu-propina-segundo-policia-federal\\\/#primaryimage\"},\"thumbnailUrl\":\"https:\\\/\\\/i0.wp.com\\\/gersonguelmann.com.br\\\/blog\\\/wp-content\\\/uploads\\\/2018\\\/05\\\/Lula-Gleisi-Sergio-Lima-P360-5jul2017-868x644.jpg?fit=868%2C644&ssl=1\",\"inLanguage\":\"pt-BR\",\"potentialAction\":[{\"@type\":\"CommentAction\",\"name\":\"Comment\",\"target\":[\"https:\\\/\\\/gersonguelmann.com.br\\\/blog\\\/gleisi-recebeu-propina-segundo-policia-federal\\\/#respond\"]}]},{\"@type\":\"WebPage\",\"@id\":\"https:\\\/\\\/gersonguelmann.com.br\\\/blog\\\/gleisi-recebeu-propina-segundo-policia-federal\\\/\",\"url\":\"https:\\\/\\\/gersonguelmann.com.br\\\/blog\\\/gleisi-recebeu-propina-segundo-policia-federal\\\/\",\"name\":\"Gleisi Recebeu Propina, Segundo Pol\u00edcia Federal | Blog do Guelmann\",\"isPartOf\":{\"@id\":\"https:\\\/\\\/gersonguelmann.com.br\\\/blog\\\/#website\"},\"primaryImageOfPage\":{\"@id\":\"https:\\\/\\\/gersonguelmann.com.br\\\/blog\\\/gleisi-recebeu-propina-segundo-policia-federal\\\/#primaryimage\"},\"image\":{\"@id\":\"https:\\\/\\\/gersonguelmann.com.br\\\/blog\\\/gleisi-recebeu-propina-segundo-policia-federal\\\/#primaryimage\"},\"thumbnailUrl\":\"https:\\\/\\\/i0.wp.com\\\/gersonguelmann.com.br\\\/blog\\\/wp-content\\\/uploads\\\/2018\\\/05\\\/Lula-Gleisi-Sergio-Lima-P360-5jul2017-868x644.jpg?fit=868%2C644&ssl=1\",\"datePublished\":\"2018-05-17T18:22:57+00:00\",\"author\":{\"@id\":\"https:\\\/\\\/gersonguelmann.com.br\\\/blog\\\/#\\\/schema\\\/person\\\/87e70e2a786888082f941a482c90569e\"},\"inLanguage\":\"pt-BR\",\"potentialAction\":[{\"@type\":\"ReadAction\",\"target\":[\"https:\\\/\\\/gersonguelmann.com.br\\\/blog\\\/gleisi-recebeu-propina-segundo-policia-federal\\\/\"]}]},{\"@type\":\"ImageObject\",\"inLanguage\":\"pt-BR\",\"@id\":\"https:\\\/\\\/gersonguelmann.com.br\\\/blog\\\/gleisi-recebeu-propina-segundo-policia-federal\\\/#primaryimage\",\"url\":\"https:\\\/\\\/i0.wp.com\\\/gersonguelmann.com.br\\\/blog\\\/wp-content\\\/uploads\\\/2018\\\/05\\\/Lula-Gleisi-Sergio-Lima-P360-5jul2017-868x644.jpg?fit=868%2C644&ssl=1\",\"contentUrl\":\"https:\\\/\\\/i0.wp.com\\\/gersonguelmann.com.br\\\/blog\\\/wp-content\\\/uploads\\\/2018\\\/05\\\/Lula-Gleisi-Sergio-Lima-P360-5jul2017-868x644.jpg?fit=868%2C644&ssl=1\",\"width\":868,\"height\":644,\"caption\":\"Cerimonia de posse da presidente do Partido dos Trabalhadores, Gleisi Hoffmann e da nova diretoria nacional do partido, que contou com a presen\u00e7a do ex-presidente Lula da Silva e da ex-presidente Dilma Rousseff. Brasilia, 05-07-2017. Foto Sergio Lima\\\/Poder 360\"},{\"@type\":\"WebSite\",\"@id\":\"https:\\\/\\\/gersonguelmann.com.br\\\/blog\\\/#website\",\"url\":\"https:\\\/\\\/gersonguelmann.com.br\\\/blog\\\/\",\"name\":\"Blog do Guelmann\",\"description\":\"Pitadas da sabedoria e do humor judaicos, assuntos do momento e um pouco das hist\u00f3rias que vivi e testemunhei.\",\"potentialAction\":[{\"@type\":\"SearchAction\",\"target\":{\"@type\":\"EntryPoint\",\"urlTemplate\":\"https:\\\/\\\/gersonguelmann.com.br\\\/blog\\\/?s={search_term_string}\"},\"query-input\":{\"@type\":\"PropertyValueSpecification\",\"valueRequired\":true,\"valueName\":\"search_term_string\"}}],\"inLanguage\":\"pt-BR\"},{\"@type\":\"Person\",\"@id\":\"https:\\\/\\\/gersonguelmann.com.br\\\/blog\\\/#\\\/schema\\\/person\\\/87e70e2a786888082f941a482c90569e\",\"name\":\"Gerson Guelmann\",\"image\":{\"@type\":\"ImageObject\",\"inLanguage\":\"pt-BR\",\"@id\":\"https:\\\/\\\/i0.wp.com\\\/gersonguelmann.com.br\\\/blog\\\/wp-content\\\/uploads\\\/2021\\\/08\\\/BLOG.jpeg?fit=96%2C96&ssl=1\",\"url\":\"https:\\\/\\\/i0.wp.com\\\/gersonguelmann.com.br\\\/blog\\\/wp-content\\\/uploads\\\/2021\\\/08\\\/BLOG.jpeg?fit=96%2C96&ssl=1\",\"contentUrl\":\"https:\\\/\\\/i0.wp.com\\\/gersonguelmann.com.br\\\/blog\\\/wp-content\\\/uploads\\\/2021\\\/08\\\/BLOG.jpeg?fit=96%2C96&ssl=1\",\"caption\":\"Gerson Guelmann\"},\"description\":\"Pitadas da sabedoria e do humor judaicos, assuntos do momento e um pouco das hist\u00f3rias que vivi e testemunhei.\"}]}<\/script>\n<!-- \/ Yoast SEO plugin. -->","yoast_head_json":{"title":"Gleisi Recebeu Propina, Segundo Pol\u00edcia Federal | Blog do Guelmann","robots":{"index":"index","follow":"follow","max-snippet":"max-snippet:-1","max-image-preview":"max-image-preview:large","max-video-preview":"max-video-preview:-1"},"canonical":"https:\/\/gersonguelmann.com.br\/blog\/gleisi-recebeu-propina-segundo-policia-federal\/","og_locale":"pt_BR","og_type":"article","og_title":"Gleisi Recebeu Propina, Segundo Pol\u00edcia Federal | Blog do Guelmann","og_description":"Da revista Isto\u00c9: BRASIL Glesi recebeu R$ 885 mil em propina na Lava Jato, afirma PF Estad\u00e3o Conte\u00fado 17\/05\/18 &#8211; 12h05 &#8211; Atualizado em 17\/05\/18 &#8211; 12h37 A Pol\u00edcia Federal (PF) concluiu no inqu\u00e9rito em que investiga a senadora Gleisi Hoffmann (PT-PR) que foram encontradas evid\u00eancias de que a presidente nacional do PT recebeu R$ [&hellip;]","og_url":"https:\/\/gersonguelmann.com.br\/blog\/gleisi-recebeu-propina-segundo-policia-federal\/","og_site_name":"Blog do Guelmann","article_published_time":"2018-05-17T18:22:57+00:00","og_image":[{"width":868,"height":644,"url":"https:\/\/i0.wp.com\/gersonguelmann.com.br\/blog\/wp-content\/uploads\/2018\/05\/Lula-Gleisi-Sergio-Lima-P360-5jul2017-868x644.jpg?fit=868%2C644&ssl=1","type":"image\/jpeg"}],"author":"Gerson Guelmann","twitter_card":"summary_large_image","twitter_misc":{"Escrito por":"Gerson Guelmann","Est. tempo de leitura":"4 minutos"},"schema":{"@context":"https:\/\/schema.org","@graph":[{"@type":"Article","@id":"https:\/\/gersonguelmann.com.br\/blog\/gleisi-recebeu-propina-segundo-policia-federal\/#article","isPartOf":{"@id":"https:\/\/gersonguelmann.com.br\/blog\/gleisi-recebeu-propina-segundo-policia-federal\/"},"author":{"name":"Gerson Guelmann","@id":"https:\/\/gersonguelmann.com.br\/blog\/#\/schema\/person\/87e70e2a786888082f941a482c90569e"},"headline":"Gleisi Recebeu Propina, Segundo Pol\u00edcia Federal","datePublished":"2018-05-17T18:22:57+00:00","mainEntityOfPage":{"@id":"https:\/\/gersonguelmann.com.br\/blog\/gleisi-recebeu-propina-segundo-policia-federal\/"},"wordCount":788,"commentCount":0,"image":{"@id":"https:\/\/gersonguelmann.com.br\/blog\/gleisi-recebeu-propina-segundo-policia-federal\/#primaryimage"},"thumbnailUrl":"https:\/\/i0.wp.com\/gersonguelmann.com.br\/blog\/wp-content\/uploads\/2018\/05\/Lula-Gleisi-Sergio-Lima-P360-5jul2017-868x644.jpg?fit=868%2C644&ssl=1","inLanguage":"pt-BR","potentialAction":[{"@type":"CommentAction","name":"Comment","target":["https:\/\/gersonguelmann.com.br\/blog\/gleisi-recebeu-propina-segundo-policia-federal\/#respond"]}]},{"@type":"WebPage","@id":"https:\/\/gersonguelmann.com.br\/blog\/gleisi-recebeu-propina-segundo-policia-federal\/","url":"https:\/\/gersonguelmann.com.br\/blog\/gleisi-recebeu-propina-segundo-policia-federal\/","name":"Gleisi Recebeu Propina, Segundo Pol\u00edcia Federal | Blog do Guelmann","isPartOf":{"@id":"https:\/\/gersonguelmann.com.br\/blog\/#website"},"primaryImageOfPage":{"@id":"https:\/\/gersonguelmann.com.br\/blog\/gleisi-recebeu-propina-segundo-policia-federal\/#primaryimage"},"image":{"@id":"https:\/\/gersonguelmann.com.br\/blog\/gleisi-recebeu-propina-segundo-policia-federal\/#primaryimage"},"thumbnailUrl":"https:\/\/i0.wp.com\/gersonguelmann.com.br\/blog\/wp-content\/uploads\/2018\/05\/Lula-Gleisi-Sergio-Lima-P360-5jul2017-868x644.jpg?fit=868%2C644&ssl=1","datePublished":"2018-05-17T18:22:57+00:00","author":{"@id":"https:\/\/gersonguelmann.com.br\/blog\/#\/schema\/person\/87e70e2a786888082f941a482c90569e"},"inLanguage":"pt-BR","potentialAction":[{"@type":"ReadAction","target":["https:\/\/gersonguelmann.com.br\/blog\/gleisi-recebeu-propina-segundo-policia-federal\/"]}]},{"@type":"ImageObject","inLanguage":"pt-BR","@id":"https:\/\/gersonguelmann.com.br\/blog\/gleisi-recebeu-propina-segundo-policia-federal\/#primaryimage","url":"https:\/\/i0.wp.com\/gersonguelmann.com.br\/blog\/wp-content\/uploads\/2018\/05\/Lula-Gleisi-Sergio-Lima-P360-5jul2017-868x644.jpg?fit=868%2C644&ssl=1","contentUrl":"https:\/\/i0.wp.com\/gersonguelmann.com.br\/blog\/wp-content\/uploads\/2018\/05\/Lula-Gleisi-Sergio-Lima-P360-5jul2017-868x644.jpg?fit=868%2C644&ssl=1","width":868,"height":644,"caption":"Cerimonia de posse da presidente do Partido dos Trabalhadores, Gleisi Hoffmann e da nova diretoria nacional do partido, que contou com a presen\u00e7a do ex-presidente Lula da Silva e da ex-presidente Dilma Rousseff. Brasilia, 05-07-2017. Foto Sergio Lima\/Poder 360"},{"@type":"WebSite","@id":"https:\/\/gersonguelmann.com.br\/blog\/#website","url":"https:\/\/gersonguelmann.com.br\/blog\/","name":"Blog do Guelmann","description":"Pitadas da sabedoria e do humor judaicos, assuntos do momento e um pouco das hist\u00f3rias que vivi e testemunhei.","potentialAction":[{"@type":"SearchAction","target":{"@type":"EntryPoint","urlTemplate":"https:\/\/gersonguelmann.com.br\/blog\/?s={search_term_string}"},"query-input":{"@type":"PropertyValueSpecification","valueRequired":true,"valueName":"search_term_string"}}],"inLanguage":"pt-BR"},{"@type":"Person","@id":"https:\/\/gersonguelmann.com.br\/blog\/#\/schema\/person\/87e70e2a786888082f941a482c90569e","name":"Gerson Guelmann","image":{"@type":"ImageObject","inLanguage":"pt-BR","@id":"https:\/\/i0.wp.com\/gersonguelmann.com.br\/blog\/wp-content\/uploads\/2021\/08\/BLOG.jpeg?fit=96%2C96&ssl=1","url":"https:\/\/i0.wp.com\/gersonguelmann.com.br\/blog\/wp-content\/uploads\/2021\/08\/BLOG.jpeg?fit=96%2C96&ssl=1","contentUrl":"https:\/\/i0.wp.com\/gersonguelmann.com.br\/blog\/wp-content\/uploads\/2021\/08\/BLOG.jpeg?fit=96%2C96&ssl=1","caption":"Gerson Guelmann"},"description":"Pitadas da sabedoria e do humor judaicos, assuntos do momento e um pouco das hist\u00f3rias que vivi e testemunhei."}]}},"views":26,"jetpack_publicize_connections":[],"jetpack_featured_media_url":"https:\/\/i0.wp.com\/gersonguelmann.com.br\/blog\/wp-content\/uploads\/2018\/05\/Lula-Gleisi-Sergio-Lima-P360-5jul2017-868x644.jpg?fit=868%2C644&ssl=1","jetpack_shortlink":"https:\/\/wp.me\/p96e7O-3nL","jetpack-related-posts":[{"id":13317,"url":"https:\/\/gersonguelmann.com.br\/blog\/delacao-de-palocci-afundara-o-pt\/","url_meta":{"origin":13005,"position":0},"title":"Dela\u00e7\u00e3o de Palocci Afundar\u00e1 o PT","author":"Gerson Guelmann","date":"25 de maio de 2018","format":false,"excerpt":"Da Isto\u00c9, publicada h\u00e1 pouco: BRASIL Palocci afunda o PT Revela\u00e7\u00f5es do ex-ministro Ant\u00f4nio Palocci, feitas em sua dela\u00e7\u00e3o premiada, explodem uma nova bomba no PT e aniquilam os ex-presidentes Lula e Dilma, al\u00e9m de Gleisi Hoffmann. Ele revela em detalhes a trilha do dinheiro da propina at\u00e9 os petistas\u2026","rel":"","context":"Em &quot;Sem categoria&quot;","block_context":{"text":"Sem categoria","link":"https:\/\/gersonguelmann.com.br\/blog\/category\/sem-categoria\/"},"img":{"alt_text":"","src":"https:\/\/i0.wp.com\/gersonguelmann.com.br\/blog\/wp-content\/uploads\/2018\/05\/1-14.jpg?fit=418%2C235&ssl=1&resize=350%2C200","width":350,"height":200},"classes":[]},{"id":12057,"url":"https:\/\/gersonguelmann.com.br\/blog\/pt-quer-lula-em-quartel-do-exercito\/","url_meta":{"origin":13005,"position":1},"title":"PT Quer Lula Em Quartel do Ex\u00e9rcito","author":"Gerson Guelmann","date":"25 de abril de 2018","format":false,"excerpt":"Foto:\u00a0Ant\u00f4nio More \/ Ag\u00eancia de Not\u00edcias Gazeta do Povo Ant\u00f4nio More\/Ag\u00eancia de Not\u00edcias Gazeta do Povo Publiquei dia 11\/4: - \"O Sindicato dos Delegados da Pol\u00edcia Federal pediu a transfer\u00eancia do ex-presidente para um quartel do ex\u00e9rcito. Os Delegados justificam o pedido com a afirma\u00e7\u00e3o de que as atividades regulares\u2026","rel":"","context":"Em &quot;Sem categoria&quot;","block_context":{"text":"Sem categoria","link":"https:\/\/gersonguelmann.com.br\/blog\/category\/sem-categoria\/"},"img":{"alt_text":"","src":"https:\/\/i0.wp.com\/gersonguelmann.com.br\/blog\/wp-content\/uploads\/2018\/04\/Lula1.jpg?fit=1024%2C683&ssl=1&resize=350%2C200","width":350,"height":200,"srcset":"https:\/\/i0.wp.com\/gersonguelmann.com.br\/blog\/wp-content\/uploads\/2018\/04\/Lula1.jpg?fit=1024%2C683&ssl=1&resize=350%2C200 1x, https:\/\/i0.wp.com\/gersonguelmann.com.br\/blog\/wp-content\/uploads\/2018\/04\/Lula1.jpg?fit=1024%2C683&ssl=1&resize=525%2C300 1.5x, https:\/\/i0.wp.com\/gersonguelmann.com.br\/blog\/wp-content\/uploads\/2018\/04\/Lula1.jpg?fit=1024%2C683&ssl=1&resize=700%2C400 2x"},"classes":[]},{"id":13121,"url":"https:\/\/gersonguelmann.com.br\/blog\/aecio-neves-a-propina-e-o-pilates\/","url_meta":{"origin":13005,"position":2},"title":"A\u00e9cio Neves, a Propina e o Pilates","author":"Gerson Guelmann","date":"21 de maio de 2018","format":false,"excerpt":"Do Blog O Antagonista: A academia da propina de A\u00e9cio Neves Brasil\u00a021.05.18 19:55 Por Claudio Dantas A Pol\u00edcia Federal tem uma nova pista de que A\u00e9cio Neves teria usado a rede de academias Bodytech, de Alexandre Accioly, para receber propina da Andrade Gutierrez. Delatores da empreiteira j\u00e1 contaram \u00e0 Lava\u2026","rel":"","context":"Em &quot;Sem categoria&quot;","block_context":{"text":"Sem categoria","link":"https:\/\/gersonguelmann.com.br\/blog\/category\/sem-categoria\/"},"img":{"alt_text":"","src":"https:\/\/i0.wp.com\/gersonguelmann.com.br\/blog\/wp-content\/uploads\/2018\/05\/Pilates.jpg?fit=960%2C638&ssl=1&resize=350%2C200","width":350,"height":200,"srcset":"https:\/\/i0.wp.com\/gersonguelmann.com.br\/blog\/wp-content\/uploads\/2018\/05\/Pilates.jpg?fit=960%2C638&ssl=1&resize=350%2C200 1x, https:\/\/i0.wp.com\/gersonguelmann.com.br\/blog\/wp-content\/uploads\/2018\/05\/Pilates.jpg?fit=960%2C638&ssl=1&resize=525%2C300 1.5x, https:\/\/i0.wp.com\/gersonguelmann.com.br\/blog\/wp-content\/uploads\/2018\/05\/Pilates.jpg?fit=960%2C638&ssl=1&resize=700%2C400 2x"},"classes":[]},{"id":13906,"url":"https:\/\/gersonguelmann.com.br\/blog\/gleisi-sera-julgada-no-stf-na-proxima-3a-feira\/","url_meta":{"origin":13005,"position":3},"title":"Gleisi Ser\u00e1 Julgada no STF Na Pr\u00f3xima 3\u00aa Feira","author":"Gerson Guelmann","date":"12 de junho de 2018","format":false,"excerpt":"O site O Antagonista informa: STF JULGA GLEISI NA PR\u00d3XIMA TER\u00c7A Brasil\u00a012.06.18 20:58 A Segunda Turma do STF vai julgar na pr\u00f3xima ter\u00e7a (19) a a\u00e7\u00e3o penal da Lava Jato que mira Gleisi Hoffmann e Paulo Bernardo, informam os rep\u00f3rteres\u00a0Rafael Moraes Moura e Amanda Pupo, do Estad\u00e3o. A senadora, presidente\u2026","rel":"","context":"Em &quot;Sem categoria&quot;","block_context":{"text":"Sem categoria","link":"https:\/\/gersonguelmann.com.br\/blog\/category\/sem-categoria\/"},"img":{"alt_text":"","src":"https:\/\/i0.wp.com\/gersonguelmann.com.br\/blog\/wp-content\/uploads\/2018\/06\/Gleisi-1.jpg?fit=699%2C420&ssl=1&resize=350%2C200","width":350,"height":200,"srcset":"https:\/\/i0.wp.com\/gersonguelmann.com.br\/blog\/wp-content\/uploads\/2018\/06\/Gleisi-1.jpg?fit=699%2C420&ssl=1&resize=350%2C200 1x, https:\/\/i0.wp.com\/gersonguelmann.com.br\/blog\/wp-content\/uploads\/2018\/06\/Gleisi-1.jpg?fit=699%2C420&ssl=1&resize=525%2C300 1.5x"},"classes":[]},{"id":11285,"url":"https:\/\/gersonguelmann.com.br\/blog\/em-curitiba-pf-prepara-cela-para-receber-lula\/","url_meta":{"origin":13005,"position":4},"title":"Em Curitiba PF Prepara Cela Para Receber Lula","author":"Gerson Guelmann","date":"5 de abril de 2018","format":false,"excerpt":"PF prepara cela exclusiva para receber Lula em Curitiba Ideia \u00e9 manter ex-presidente afastado de outros presos, como Palocci e L\u00e9o Pinheiro BRAS\u00cdLIA \u2014 Com a chance do ex-presidente Luiz In\u00e1cio\u00a0Lula\u00a0da Silva ser preso potencializada pela decis\u00e3o do Supremo Tribunal Federal (STF), que negou o\u00a0habeas corpus\u00a0preventivo pedido pela defesa do\u2026","rel":"","context":"Em &quot;Sem categoria&quot;","block_context":{"text":"Sem categoria","link":"https:\/\/gersonguelmann.com.br\/blog\/category\/sem-categoria\/"},"img":{"alt_text":"","src":"https:\/\/i0.wp.com\/gersonguelmann.com.br\/blog\/wp-content\/uploads\/2018\/04\/PF-300x168.jpg?resize=350%2C200&ssl=1","width":350,"height":200},"classes":[]},{"id":13231,"url":"https:\/\/gersonguelmann.com.br\/blog\/lula-saira-da-cadeia-dia-5-de-junho-por-poucas-horas\/","url_meta":{"origin":13005,"position":5},"title":"Lula Sair\u00e1 da Cadeia Dia 5 de Junho. Por Poucas Horas.","author":"Gerson Guelmann","date":"24 de maio de 2018","format":false,"excerpt":"Mat\u00e9ria da revista Isto\u00c9: BRASIL Lula deixar\u00e1 cela na PF para depor como testemunha de Cabral Estad\u00e3o Conte\u00fado 23\/05\/18 - 17h56 - Atualizado em 23\/05\/18 - 18h52 Pela primeira vez desde o dia 7 de abril, quando foi preso para cumprir pena na Lava Jato, o ex-presidente Luiz In\u00e1cio Lula\u2026","rel":"","context":"Em &quot;Sem categoria&quot;","block_context":{"text":"Sem categoria","link":"https:\/\/gersonguelmann.com.br\/blog\/category\/sem-categoria\/"},"img":{"alt_text":"","src":"https:\/\/i0.wp.com\/gersonguelmann.com.br\/blog\/wp-content\/uploads\/2018\/05\/lula4.jpg?fit=984%2C657&ssl=1&resize=350%2C200","width":350,"height":200,"srcset":"https:\/\/i0.wp.com\/gersonguelmann.com.br\/blog\/wp-content\/uploads\/2018\/05\/lula4.jpg?fit=984%2C657&ssl=1&resize=350%2C200 1x, https:\/\/i0.wp.com\/gersonguelmann.com.br\/blog\/wp-content\/uploads\/2018\/05\/lula4.jpg?fit=984%2C657&ssl=1&resize=525%2C300 1.5x, https:\/\/i0.wp.com\/gersonguelmann.com.br\/blog\/wp-content\/uploads\/2018\/05\/lula4.jpg?fit=984%2C657&ssl=1&resize=700%2C400 2x"},"classes":[]}],"jetpack_sharing_enabled":true,"post_mailing_queue_ids":[],"_links":{"self":[{"href":"https:\/\/gersonguelmann.com.br\/blog\/wp-json\/wp\/v2\/posts\/13005","targetHints":{"allow":["GET"]}}],"collection":[{"href":"https:\/\/gersonguelmann.com.br\/blog\/wp-json\/wp\/v2\/posts"}],"about":[{"href":"https:\/\/gersonguelmann.com.br\/blog\/wp-json\/wp\/v2\/types\/post"}],"author":[{"embeddable":true,"href":"https:\/\/gersonguelmann.com.br\/blog\/wp-json\/wp\/v2\/users\/5"}],"replies":[{"embeddable":true,"href":"https:\/\/gersonguelmann.com.br\/blog\/wp-json\/wp\/v2\/comments?post=13005"}],"version-history":[{"count":0,"href":"https:\/\/gersonguelmann.com.br\/blog\/wp-json\/wp\/v2\/posts\/13005\/revisions"}],"wp:featuredmedia":[{"embeddable":true,"href":"https:\/\/gersonguelmann.com.br\/blog\/wp-json\/wp\/v2\/media\/13006"}],"wp:attachment":[{"href":"https:\/\/gersonguelmann.com.br\/blog\/wp-json\/wp\/v2\/media?parent=13005"}],"wp:term":[{"taxonomy":"category","embeddable":true,"href":"https:\/\/gersonguelmann.com.br\/blog\/wp-json\/wp\/v2\/categories?post=13005"},{"taxonomy":"post_tag","embeddable":true,"href":"https:\/\/gersonguelmann.com.br\/blog\/wp-json\/wp\/v2\/tags?post=13005"}],"curies":[{"name":"wp","href":"https:\/\/api.w.org\/{rel}","templated":true}]}}