    {"id":13017,"date":"2018-05-17T18:35:54","date_gmt":"2018-05-17T21:35:54","guid":{"rendered":"https:\/\/gersonguelmann.com.br\/blog\/?p=13017"},"modified":"2018-05-17T18:35:54","modified_gmt":"2018-05-17T21:35:54","slug":"concerto-para-maquina-de-escrever","status":"publish","type":"post","link":"https:\/\/gersonguelmann.com.br\/blog\/concerto-para-maquina-de-escrever\/","title":{"rendered":"Concerto Para M\u00e1quina de Escrever"},"content":{"rendered":"<p style=\"text-align: center;\">\n<p style=\"text-align: center;\"><img data-recalc-dims=\"1\" fetchpriority=\"high\" decoding=\"async\" data-attachment-id=\"13019\" data-permalink=\"https:\/\/gersonguelmann.com.br\/blog\/concerto-para-maquina-de-escrever\/technology-3200401_960_720\/\" data-orig-file=\"https:\/\/i0.wp.com\/gersonguelmann.com.br\/blog\/wp-content\/uploads\/2018\/05\/technology-3200401_960_720.jpg?fit=960%2C653&amp;ssl=1\" data-orig-size=\"960,653\" data-comments-opened=\"1\" data-image-meta=\"{&quot;aperture&quot;:&quot;0&quot;,&quot;credit&quot;:&quot;&quot;,&quot;camera&quot;:&quot;&quot;,&quot;caption&quot;:&quot;&quot;,&quot;created_timestamp&quot;:&quot;0&quot;,&quot;copyright&quot;:&quot;&quot;,&quot;focal_length&quot;:&quot;0&quot;,&quot;iso&quot;:&quot;0&quot;,&quot;shutter_speed&quot;:&quot;0&quot;,&quot;title&quot;:&quot;&quot;,&quot;orientation&quot;:&quot;0&quot;}\" data-image-title=\"technology-3200401_960_720\" data-image-description=\"\" data-image-caption=\"\" data-medium-file=\"https:\/\/i0.wp.com\/gersonguelmann.com.br\/blog\/wp-content\/uploads\/2018\/05\/technology-3200401_960_720.jpg?fit=300%2C204&amp;ssl=1\" data-large-file=\"https:\/\/i0.wp.com\/gersonguelmann.com.br\/blog\/wp-content\/uploads\/2018\/05\/technology-3200401_960_720.jpg?fit=640%2C435&amp;ssl=1\" class=\"alignnone size-medium wp-image-13019\" src=\"https:\/\/i0.wp.com\/gersonguelmann.com.br\/blog\/wp-content\/uploads\/2018\/05\/technology-3200401_960_720.jpg?resize=300%2C204&#038;ssl=1\" alt=\"\" width=\"300\" height=\"204\" srcset=\"https:\/\/i0.wp.com\/gersonguelmann.com.br\/blog\/wp-content\/uploads\/2018\/05\/technology-3200401_960_720.jpg?resize=300%2C204&amp;ssl=1 300w, https:\/\/i0.wp.com\/gersonguelmann.com.br\/blog\/wp-content\/uploads\/2018\/05\/technology-3200401_960_720.jpg?resize=768%2C522&amp;ssl=1 768w, https:\/\/i0.wp.com\/gersonguelmann.com.br\/blog\/wp-content\/uploads\/2018\/05\/technology-3200401_960_720.jpg?w=960&amp;ssl=1 960w\" sizes=\"(max-width: 300px) 100vw, 300px\" \/><\/p>\n<p><span style=\"font-family: georgia, palatino, serif; font-size: 18pt; color: #000000;\">Quem assistiu o filme &#8220;Errado Pra Cachorro&#8221; estrelado pelo not\u00e1vel e eterno Jerry Lewis, lembra da cena em que ele datilografa em uma m\u00e1quina de escrever imagin\u00e1ria.<\/span><\/p>\n<p><span style=\"font-family: georgia, palatino, serif; font-size: 18pt; color: #000000;\">\u00c9 um dos melhores momentos do filme, que como quase todos os demais feitos por ele, foi um sucesso mundial de bilheteria.<\/span><\/p>\n<p><span style=\"font-family: georgia, palatino, serif; font-size: 18pt; color: #000000;\">O que nem todos sabem \u00e9 que a m\u00fasica chama-se \u201cThe Typewriter\u201d, e foi escrita pelo compositor Leroy Anderson (1908-1975).<\/span><\/p>\n<p><span style=\"font-family: georgia, palatino, serif; font-size: 18pt; color: #000000;\">Na composi\u00e7\u00e3o, a antiga m\u00e1quina de escrever executa todos os movimentos r\u00edtmicos da orquestra de uma forma muito bem-humorada, o que foi aproveitado magistralmente no filme.<\/span><\/p>\n<p><span style=\"font-family: georgia, palatino, serif; font-size: 18pt; color: #000000;\">Abaixo voc\u00ea ver\u00e1 uma apresenta\u00e7\u00e3o da pe\u00e7a musical executada pela\u00a0Orquestra Sinfonica De Hamhung:<\/span><\/p>\n<p><span class=\"embed-youtube\" style=\"text-align:center; display: block;\"><iframe class=\"youtube-player\" width=\"640\" height=\"360\" src=\"https:\/\/www.youtube.com\/embed\/aybFpXYA2ZU?version=3&#038;rel=1&#038;showsearch=0&#038;showinfo=1&#038;iv_load_policy=1&#038;fs=1&#038;hl=pt-BR&#038;autohide=2&#038;wmode=transparent\" allowfullscreen=\"true\" style=\"border:0;\" sandbox=\"allow-scripts allow-same-origin allow-popups allow-presentation allow-popups-to-escape-sandbox\"><\/iframe><\/span><\/p>\n<p>&nbsp;<\/p>\n<p>&nbsp;<\/p>\n","protected":false},"excerpt":{"rendered":"<p>Quem assistiu o filme &#8220;Errado Pra Cachorro&#8221; estrelado pelo not\u00e1vel e eterno Jerry Lewis, lembra da cena em que ele datilografa em uma m\u00e1quina de escrever imagin\u00e1ria. \u00c9 um dos melhores momentos do filme, que como quase todos os demais feitos por ele, foi um sucesso mundial de bilheteria. O que nem todos sabem \u00e9 [&hellip;]<\/p>\n","protected":false},"author":5,"featured_media":13019,"comment_status":"open","ping_status":"open","sticky":false,"template":"","format":"standard","meta":{"_acf_changed":false,"jetpack_post_was_ever_published":false,"_jetpack_newsletter_access":"","_jetpack_dont_email_post_to_subs":false,"_jetpack_newsletter_tier_id":0,"_jetpack_memberships_contains_paywalled_content":false,"_jetpack_memberships_contains_paid_content":false,"footnotes":"","jetpack_publicize_message":"","jetpack_publicize_feature_enabled":true,"jetpack_social_post_already_shared":true,"jetpack_social_options":{"image_generator_settings":{"template":"highway","default_image_id":0,"font":"","enabled":false},"version":2}},"categories":[1],"tags":[],"class_list":["post-13017","post","type-post","status-publish","format-standard","has-post-thumbnail","hentry","category-sem-categoria"],"acf":[],"yoast_head":"<!-- This site is optimized with the Yoast SEO plugin v27.3 - https:\/\/yoast.com\/product\/yoast-seo-wordpress\/ -->\n<title>Concerto Para M\u00e1quina de Escrever | Blog do Guelmann<\/title>\n<meta name=\"robots\" content=\"index, follow, max-snippet:-1, max-image-preview:large, max-video-preview:-1\" \/>\n<link rel=\"canonical\" href=\"https:\/\/gersonguelmann.com.br\/blog\/concerto-para-maquina-de-escrever\/\" \/>\n<meta property=\"og:locale\" content=\"pt_BR\" \/>\n<meta property=\"og:type\" content=\"article\" \/>\n<meta property=\"og:title\" content=\"Concerto Para M\u00e1quina de Escrever | Blog do Guelmann\" \/>\n<meta property=\"og:description\" content=\"Quem assistiu o filme &#8220;Errado Pra Cachorro&#8221; estrelado pelo not\u00e1vel e eterno Jerry Lewis, lembra da cena em que ele datilografa em uma m\u00e1quina de escrever imagin\u00e1ria. \u00c9 um dos melhores momentos do filme, que como quase todos os demais feitos por ele, foi um sucesso mundial de bilheteria. O que nem todos sabem \u00e9 [&hellip;]\" \/>\n<meta property=\"og:url\" content=\"https:\/\/gersonguelmann.com.br\/blog\/concerto-para-maquina-de-escrever\/\" \/>\n<meta property=\"og:site_name\" content=\"Blog do Guelmann\" \/>\n<meta property=\"article:published_time\" content=\"2018-05-17T21:35:54+00:00\" \/>\n<meta property=\"og:image\" content=\"https:\/\/i0.wp.com\/gersonguelmann.com.br\/blog\/wp-content\/uploads\/2018\/05\/technology-3200401_960_720.jpg?fit=960%2C653&ssl=1\" \/>\n\t<meta property=\"og:image:width\" content=\"960\" \/>\n\t<meta property=\"og:image:height\" content=\"653\" \/>\n\t<meta property=\"og:image:type\" content=\"image\/jpeg\" \/>\n<meta name=\"author\" content=\"Gerson Guelmann\" \/>\n<meta name=\"twitter:card\" content=\"summary_large_image\" \/>\n<meta name=\"twitter:label1\" content=\"Escrito por\" \/>\n\t<meta name=\"twitter:data1\" content=\"Gerson Guelmann\" \/>\n\t<meta name=\"twitter:label2\" content=\"Est. tempo de leitura\" \/>\n\t<meta name=\"twitter:data2\" content=\"1 minuto\" \/>\n<script type=\"application\/ld+json\" class=\"yoast-schema-graph\">{\"@context\":\"https:\\\/\\\/schema.org\",\"@graph\":[{\"@type\":\"Article\",\"@id\":\"https:\\\/\\\/gersonguelmann.com.br\\\/blog\\\/concerto-para-maquina-de-escrever\\\/#article\",\"isPartOf\":{\"@id\":\"https:\\\/\\\/gersonguelmann.com.br\\\/blog\\\/concerto-para-maquina-de-escrever\\\/\"},\"author\":{\"name\":\"Gerson Guelmann\",\"@id\":\"https:\\\/\\\/gersonguelmann.com.br\\\/blog\\\/#\\\/schema\\\/person\\\/87e70e2a786888082f941a482c90569e\"},\"headline\":\"Concerto Para M\u00e1quina de Escrever\",\"datePublished\":\"2018-05-17T21:35:54+00:00\",\"mainEntityOfPage\":{\"@id\":\"https:\\\/\\\/gersonguelmann.com.br\\\/blog\\\/concerto-para-maquina-de-escrever\\\/\"},\"wordCount\":136,\"commentCount\":0,\"image\":{\"@id\":\"https:\\\/\\\/gersonguelmann.com.br\\\/blog\\\/concerto-para-maquina-de-escrever\\\/#primaryimage\"},\"thumbnailUrl\":\"https:\\\/\\\/i0.wp.com\\\/gersonguelmann.com.br\\\/blog\\\/wp-content\\\/uploads\\\/2018\\\/05\\\/technology-3200401_960_720.jpg?fit=960%2C653&ssl=1\",\"inLanguage\":\"pt-BR\",\"potentialAction\":[{\"@type\":\"CommentAction\",\"name\":\"Comment\",\"target\":[\"https:\\\/\\\/gersonguelmann.com.br\\\/blog\\\/concerto-para-maquina-de-escrever\\\/#respond\"]}]},{\"@type\":\"WebPage\",\"@id\":\"https:\\\/\\\/gersonguelmann.com.br\\\/blog\\\/concerto-para-maquina-de-escrever\\\/\",\"url\":\"https:\\\/\\\/gersonguelmann.com.br\\\/blog\\\/concerto-para-maquina-de-escrever\\\/\",\"name\":\"Concerto Para M\u00e1quina de Escrever | Blog do Guelmann\",\"isPartOf\":{\"@id\":\"https:\\\/\\\/gersonguelmann.com.br\\\/blog\\\/#website\"},\"primaryImageOfPage\":{\"@id\":\"https:\\\/\\\/gersonguelmann.com.br\\\/blog\\\/concerto-para-maquina-de-escrever\\\/#primaryimage\"},\"image\":{\"@id\":\"https:\\\/\\\/gersonguelmann.com.br\\\/blog\\\/concerto-para-maquina-de-escrever\\\/#primaryimage\"},\"thumbnailUrl\":\"https:\\\/\\\/i0.wp.com\\\/gersonguelmann.com.br\\\/blog\\\/wp-content\\\/uploads\\\/2018\\\/05\\\/technology-3200401_960_720.jpg?fit=960%2C653&ssl=1\",\"datePublished\":\"2018-05-17T21:35:54+00:00\",\"author\":{\"@id\":\"https:\\\/\\\/gersonguelmann.com.br\\\/blog\\\/#\\\/schema\\\/person\\\/87e70e2a786888082f941a482c90569e\"},\"inLanguage\":\"pt-BR\",\"potentialAction\":[{\"@type\":\"ReadAction\",\"target\":[\"https:\\\/\\\/gersonguelmann.com.br\\\/blog\\\/concerto-para-maquina-de-escrever\\\/\"]}]},{\"@type\":\"ImageObject\",\"inLanguage\":\"pt-BR\",\"@id\":\"https:\\\/\\\/gersonguelmann.com.br\\\/blog\\\/concerto-para-maquina-de-escrever\\\/#primaryimage\",\"url\":\"https:\\\/\\\/i0.wp.com\\\/gersonguelmann.com.br\\\/blog\\\/wp-content\\\/uploads\\\/2018\\\/05\\\/technology-3200401_960_720.jpg?fit=960%2C653&ssl=1\",\"contentUrl\":\"https:\\\/\\\/i0.wp.com\\\/gersonguelmann.com.br\\\/blog\\\/wp-content\\\/uploads\\\/2018\\\/05\\\/technology-3200401_960_720.jpg?fit=960%2C653&ssl=1\",\"width\":960,\"height\":653},{\"@type\":\"WebSite\",\"@id\":\"https:\\\/\\\/gersonguelmann.com.br\\\/blog\\\/#website\",\"url\":\"https:\\\/\\\/gersonguelmann.com.br\\\/blog\\\/\",\"name\":\"Blog do Guelmann\",\"description\":\"Pitadas da sabedoria e do humor judaicos, assuntos do momento e um pouco das hist\u00f3rias que vivi e testemunhei.\",\"potentialAction\":[{\"@type\":\"SearchAction\",\"target\":{\"@type\":\"EntryPoint\",\"urlTemplate\":\"https:\\\/\\\/gersonguelmann.com.br\\\/blog\\\/?s={search_term_string}\"},\"query-input\":{\"@type\":\"PropertyValueSpecification\",\"valueRequired\":true,\"valueName\":\"search_term_string\"}}],\"inLanguage\":\"pt-BR\"},{\"@type\":\"Person\",\"@id\":\"https:\\\/\\\/gersonguelmann.com.br\\\/blog\\\/#\\\/schema\\\/person\\\/87e70e2a786888082f941a482c90569e\",\"name\":\"Gerson Guelmann\",\"image\":{\"@type\":\"ImageObject\",\"inLanguage\":\"pt-BR\",\"@id\":\"https:\\\/\\\/i0.wp.com\\\/gersonguelmann.com.br\\\/blog\\\/wp-content\\\/uploads\\\/2021\\\/08\\\/BLOG.jpeg?fit=96%2C96&ssl=1\",\"url\":\"https:\\\/\\\/i0.wp.com\\\/gersonguelmann.com.br\\\/blog\\\/wp-content\\\/uploads\\\/2021\\\/08\\\/BLOG.jpeg?fit=96%2C96&ssl=1\",\"contentUrl\":\"https:\\\/\\\/i0.wp.com\\\/gersonguelmann.com.br\\\/blog\\\/wp-content\\\/uploads\\\/2021\\\/08\\\/BLOG.jpeg?fit=96%2C96&ssl=1\",\"caption\":\"Gerson Guelmann\"},\"description\":\"Pitadas da sabedoria e do humor judaicos, assuntos do momento e um pouco das hist\u00f3rias que vivi e testemunhei.\"}]}<\/script>\n<!-- \/ Yoast SEO plugin. -->","yoast_head_json":{"title":"Concerto Para M\u00e1quina de Escrever | Blog do Guelmann","robots":{"index":"index","follow":"follow","max-snippet":"max-snippet:-1","max-image-preview":"max-image-preview:large","max-video-preview":"max-video-preview:-1"},"canonical":"https:\/\/gersonguelmann.com.br\/blog\/concerto-para-maquina-de-escrever\/","og_locale":"pt_BR","og_type":"article","og_title":"Concerto Para M\u00e1quina de Escrever | Blog do Guelmann","og_description":"Quem assistiu o filme &#8220;Errado Pra Cachorro&#8221; estrelado pelo not\u00e1vel e eterno Jerry Lewis, lembra da cena em que ele datilografa em uma m\u00e1quina de escrever imagin\u00e1ria. \u00c9 um dos melhores momentos do filme, que como quase todos os demais feitos por ele, foi um sucesso mundial de bilheteria. O que nem todos sabem \u00e9 [&hellip;]","og_url":"https:\/\/gersonguelmann.com.br\/blog\/concerto-para-maquina-de-escrever\/","og_site_name":"Blog do Guelmann","article_published_time":"2018-05-17T21:35:54+00:00","og_image":[{"width":960,"height":653,"url":"https:\/\/i0.wp.com\/gersonguelmann.com.br\/blog\/wp-content\/uploads\/2018\/05\/technology-3200401_960_720.jpg?fit=960%2C653&ssl=1","type":"image\/jpeg"}],"author":"Gerson Guelmann","twitter_card":"summary_large_image","twitter_misc":{"Escrito por":"Gerson Guelmann","Est. tempo de leitura":"1 minuto"},"schema":{"@context":"https:\/\/schema.org","@graph":[{"@type":"Article","@id":"https:\/\/gersonguelmann.com.br\/blog\/concerto-para-maquina-de-escrever\/#article","isPartOf":{"@id":"https:\/\/gersonguelmann.com.br\/blog\/concerto-para-maquina-de-escrever\/"},"author":{"name":"Gerson Guelmann","@id":"https:\/\/gersonguelmann.com.br\/blog\/#\/schema\/person\/87e70e2a786888082f941a482c90569e"},"headline":"Concerto Para M\u00e1quina de Escrever","datePublished":"2018-05-17T21:35:54+00:00","mainEntityOfPage":{"@id":"https:\/\/gersonguelmann.com.br\/blog\/concerto-para-maquina-de-escrever\/"},"wordCount":136,"commentCount":0,"image":{"@id":"https:\/\/gersonguelmann.com.br\/blog\/concerto-para-maquina-de-escrever\/#primaryimage"},"thumbnailUrl":"https:\/\/i0.wp.com\/gersonguelmann.com.br\/blog\/wp-content\/uploads\/2018\/05\/technology-3200401_960_720.jpg?fit=960%2C653&ssl=1","inLanguage":"pt-BR","potentialAction":[{"@type":"CommentAction","name":"Comment","target":["https:\/\/gersonguelmann.com.br\/blog\/concerto-para-maquina-de-escrever\/#respond"]}]},{"@type":"WebPage","@id":"https:\/\/gersonguelmann.com.br\/blog\/concerto-para-maquina-de-escrever\/","url":"https:\/\/gersonguelmann.com.br\/blog\/concerto-para-maquina-de-escrever\/","name":"Concerto Para M\u00e1quina de Escrever | Blog do Guelmann","isPartOf":{"@id":"https:\/\/gersonguelmann.com.br\/blog\/#website"},"primaryImageOfPage":{"@id":"https:\/\/gersonguelmann.com.br\/blog\/concerto-para-maquina-de-escrever\/#primaryimage"},"image":{"@id":"https:\/\/gersonguelmann.com.br\/blog\/concerto-para-maquina-de-escrever\/#primaryimage"},"thumbnailUrl":"https:\/\/i0.wp.com\/gersonguelmann.com.br\/blog\/wp-content\/uploads\/2018\/05\/technology-3200401_960_720.jpg?fit=960%2C653&ssl=1","datePublished":"2018-05-17T21:35:54+00:00","author":{"@id":"https:\/\/gersonguelmann.com.br\/blog\/#\/schema\/person\/87e70e2a786888082f941a482c90569e"},"inLanguage":"pt-BR","potentialAction":[{"@type":"ReadAction","target":["https:\/\/gersonguelmann.com.br\/blog\/concerto-para-maquina-de-escrever\/"]}]},{"@type":"ImageObject","inLanguage":"pt-BR","@id":"https:\/\/gersonguelmann.com.br\/blog\/concerto-para-maquina-de-escrever\/#primaryimage","url":"https:\/\/i0.wp.com\/gersonguelmann.com.br\/blog\/wp-content\/uploads\/2018\/05\/technology-3200401_960_720.jpg?fit=960%2C653&ssl=1","contentUrl":"https:\/\/i0.wp.com\/gersonguelmann.com.br\/blog\/wp-content\/uploads\/2018\/05\/technology-3200401_960_720.jpg?fit=960%2C653&ssl=1","width":960,"height":653},{"@type":"WebSite","@id":"https:\/\/gersonguelmann.com.br\/blog\/#website","url":"https:\/\/gersonguelmann.com.br\/blog\/","name":"Blog do Guelmann","description":"Pitadas da sabedoria e do humor judaicos, assuntos do momento e um pouco das hist\u00f3rias que vivi e testemunhei.","potentialAction":[{"@type":"SearchAction","target":{"@type":"EntryPoint","urlTemplate":"https:\/\/gersonguelmann.com.br\/blog\/?s={search_term_string}"},"query-input":{"@type":"PropertyValueSpecification","valueRequired":true,"valueName":"search_term_string"}}],"inLanguage":"pt-BR"},{"@type":"Person","@id":"https:\/\/gersonguelmann.com.br\/blog\/#\/schema\/person\/87e70e2a786888082f941a482c90569e","name":"Gerson Guelmann","image":{"@type":"ImageObject","inLanguage":"pt-BR","@id":"https:\/\/i0.wp.com\/gersonguelmann.com.br\/blog\/wp-content\/uploads\/2021\/08\/BLOG.jpeg?fit=96%2C96&ssl=1","url":"https:\/\/i0.wp.com\/gersonguelmann.com.br\/blog\/wp-content\/uploads\/2021\/08\/BLOG.jpeg?fit=96%2C96&ssl=1","contentUrl":"https:\/\/i0.wp.com\/gersonguelmann.com.br\/blog\/wp-content\/uploads\/2021\/08\/BLOG.jpeg?fit=96%2C96&ssl=1","caption":"Gerson Guelmann"},"description":"Pitadas da sabedoria e do humor judaicos, assuntos do momento e um pouco das hist\u00f3rias que vivi e testemunhei."}]}},"views":78,"jetpack_publicize_connections":[],"jetpack_featured_media_url":"https:\/\/i0.wp.com\/gersonguelmann.com.br\/blog\/wp-content\/uploads\/2018\/05\/technology-3200401_960_720.jpg?fit=960%2C653&ssl=1","jetpack_shortlink":"https:\/\/wp.me\/p96e7O-3nX","jetpack-related-posts":[{"id":2742,"url":"https:\/\/gersonguelmann.com.br\/blog\/a-morte-do-presidente-americano-e-o-telegrama-da-minha-tia-avo\/","url_meta":{"origin":13017,"position":0},"title":"A Morte do Presidente Americano e o Telegrama da Minha Tia-Av\u00f3","author":"Gerson Guelmann","date":"20 de novembro de 2023","format":false,"excerpt":"Este 22 de novembro marcar\u00e1 o 60\u00ba anivers\u00e1rio da morte do 35\u00ba presidente dos Estados Unidos, John F. Kennedy. Nesse dia, em 1963 e aos 46 anos, ele foi assassinado em Dallas, no Texas. Kennedy, em campanha pela reelei\u00e7\u00e3o, estava na cidade com sua esposa, Jacqueline, quando o carro presidencial\u2026","rel":"","context":"Em &quot;Sem categoria&quot;","block_context":{"text":"Sem categoria","link":"https:\/\/gersonguelmann.com.br\/blog\/category\/sem-categoria\/"},"img":{"alt_text":"","src":"https:\/\/i0.wp.com\/gersonguelmann.com.br\/blog\/wp-content\/uploads\/2017\/10\/Telegrama.jpg?fit=1200%2C672&ssl=1&resize=350%2C200","width":350,"height":200,"srcset":"https:\/\/i0.wp.com\/gersonguelmann.com.br\/blog\/wp-content\/uploads\/2017\/10\/Telegrama.jpg?fit=1200%2C672&ssl=1&resize=350%2C200 1x, https:\/\/i0.wp.com\/gersonguelmann.com.br\/blog\/wp-content\/uploads\/2017\/10\/Telegrama.jpg?fit=1200%2C672&ssl=1&resize=525%2C300 1.5x, https:\/\/i0.wp.com\/gersonguelmann.com.br\/blog\/wp-content\/uploads\/2017\/10\/Telegrama.jpg?fit=1200%2C672&ssl=1&resize=700%2C400 2x, https:\/\/i0.wp.com\/gersonguelmann.com.br\/blog\/wp-content\/uploads\/2017\/10\/Telegrama.jpg?fit=1200%2C672&ssl=1&resize=1050%2C600 3x"},"classes":[]},{"id":20343,"url":"https:\/\/gersonguelmann.com.br\/blog\/veja-o-que-esse-israelense-descobriu-nos-cafundos-de-mg\/","url_meta":{"origin":13017,"position":1},"title":"Veja o Que Esse Israelense Descobriu nos Cafund\u00f3s de MG","author":"Gerson Guelmann","date":"15 de dezembro de 2020","format":false,"excerpt":"Veja que mat\u00e9ria deliciosa encontrei hoje ao garimpar material para meu Blog. A mat\u00e9ria que reproduzo a seguir \u00e9 da Daniela Kresch, filha do meu querido e saudoso amigo Paulo Kresch z'l e da Suylvia Kresch: O que levou um israelense a filmar a vida de uma fam\u00edlia no interior\u2026","rel":"","context":"Em &quot;Sem categoria&quot;","block_context":{"text":"Sem categoria","link":"https:\/\/gersonguelmann.com.br\/blog\/category\/sem-categoria\/"},"img":{"alt_text":"","src":"https:\/\/i0.wp.com\/gersonguelmann.com.br\/blog\/wp-content\/uploads\/2020\/12\/BARROLO.jpg?fit=480%2C360&ssl=1&resize=350%2C200","width":350,"height":200},"classes":[]},{"id":3429,"url":"https:\/\/gersonguelmann.com.br\/blog\/ze-beto-cara-levantou-sacudiu-poeira-deu-volta-por-cima\/","url_meta":{"origin":13017,"position":2},"title":"Z\u00e9 Beto, O Cara Que Levantou, Sacudiu a Poeira e Deu a Volta Por Cima","author":"Gerson Guelmann","date":"24 de outubro de 2017","format":false,"excerpt":"N\u00e3o sei dizer desde quando conhe\u00e7o o Z\u00e9 Beto. Talvez ele saiba (foi nos tempos de Pal\u00e1cio Igua\u00e7u, Z\u00e9?). Mas \u00e9 uma tristeza saber que perdi muito tempo antes de ter tido a sorte de me tornar amigo dele. Em compensa\u00e7\u00e3o, de l\u00e1 para c\u00e1 venho aproveitando cada dia para\u2026","rel":"","context":"Em &quot;Sem categoria&quot;","block_context":{"text":"Sem categoria","link":"https:\/\/gersonguelmann.com.br\/blog\/category\/sem-categoria\/"},"img":{"alt_text":"","src":"https:\/\/i0.wp.com\/gersonguelmann.com.br\/blog\/wp-content\/uploads\/2017\/10\/Z%C3%A9-Beto.jpg?resize=350%2C200&ssl=1","width":350,"height":200},"classes":[]},{"id":23098,"url":"https:\/\/gersonguelmann.com.br\/blog\/o-rabino-demitido-e-a-carta-de-recomendacao\/","url_meta":{"origin":13017,"position":3},"title":"O Rabino Demitido e a Carta de Recomenda\u00e7\u00e3o","author":"Gerson Guelmann","date":"3 de maio de 2023","format":false,"excerpt":"A Sinagoga de uma pequena cidade estava h\u00e1 muito insatisfeita com seu Rabino, e depois de lhe ter dado in\u00fameras chances, finalmente ficou farta dele. O Comit\u00ea Executivo se reuniu e com muita relut\u00e2ncia concluiu que ele teria que ser demitido, mas a\u00ed algu\u00e9m levantou uma quest\u00e3o: - Ele era\u2026","rel":"","context":"Em &quot;Sem categoria&quot;","block_context":{"text":"Sem categoria","link":"https:\/\/gersonguelmann.com.br\/blog\/category\/sem-categoria\/"},"img":{"alt_text":"","src":"https:\/\/i0.wp.com\/gersonguelmann.com.br\/blog\/wp-content\/uploads\/2023\/05\/HojePR-scaled.jpg?fit=800%2C1200&ssl=1&resize=350%2C200","width":350,"height":200,"srcset":"https:\/\/i0.wp.com\/gersonguelmann.com.br\/blog\/wp-content\/uploads\/2023\/05\/HojePR-scaled.jpg?fit=800%2C1200&ssl=1&resize=350%2C200 1x, https:\/\/i0.wp.com\/gersonguelmann.com.br\/blog\/wp-content\/uploads\/2023\/05\/HojePR-scaled.jpg?fit=800%2C1200&ssl=1&resize=525%2C300 1.5x, https:\/\/i0.wp.com\/gersonguelmann.com.br\/blog\/wp-content\/uploads\/2023\/05\/HojePR-scaled.jpg?fit=800%2C1200&ssl=1&resize=700%2C400 2x"},"classes":[]},{"id":23300,"url":"https:\/\/gersonguelmann.com.br\/blog\/nos-judeus-somos-assim\/","url_meta":{"origin":13017,"position":4},"title":"N\u00f3s Judeus Somos Assim","author":"Gerson Guelmann","date":"23 de outubro de 2023","format":false,"excerpt":"Foto: Pexels Nestes dias em que os Judeus e muitas outras pessoas sofrem com os acontecimentos em Israel, compartilho a poesia \"Os Judeus\" de Yehuda Amichai. S\u00e3o palavras de alento em tempos de dor e que trazem a certeza de que Israel e os Judeus ser\u00e3o eternos. No passado, exilados\u2026","rel":"","context":"Em &quot;Sem categoria&quot;","block_context":{"text":"Sem categoria","link":"https:\/\/gersonguelmann.com.br\/blog\/category\/sem-categoria\/"},"img":{"alt_text":"","src":"https:\/\/i0.wp.com\/gersonguelmann.com.br\/blog\/wp-content\/uploads\/2023\/10\/BLOG-scaled.jpeg?fit=1200%2C800&ssl=1&resize=350%2C200","width":350,"height":200,"srcset":"https:\/\/i0.wp.com\/gersonguelmann.com.br\/blog\/wp-content\/uploads\/2023\/10\/BLOG-scaled.jpeg?fit=1200%2C800&ssl=1&resize=350%2C200 1x, https:\/\/i0.wp.com\/gersonguelmann.com.br\/blog\/wp-content\/uploads\/2023\/10\/BLOG-scaled.jpeg?fit=1200%2C800&ssl=1&resize=525%2C300 1.5x, https:\/\/i0.wp.com\/gersonguelmann.com.br\/blog\/wp-content\/uploads\/2023\/10\/BLOG-scaled.jpeg?fit=1200%2C800&ssl=1&resize=700%2C400 2x, https:\/\/i0.wp.com\/gersonguelmann.com.br\/blog\/wp-content\/uploads\/2023\/10\/BLOG-scaled.jpeg?fit=1200%2C800&ssl=1&resize=1050%2C600 3x"},"classes":[]},{"id":23566,"url":"https:\/\/gersonguelmann.com.br\/blog\/sexta-do-humor-e-da-cultura-judaica-o-casal-infertil-e-o-muro-das-lamentacoes\/","url_meta":{"origin":13017,"position":5},"title":"Sexta do Humor e da Cultura Judaica: O Casal Inf\u00e9rtil e o Muro das Lamenta\u00e7\u00f5es","author":"Gerson Guelmann","date":"6 de setembro de 2024","format":false,"excerpt":"O Casal Infertil e o Muro das Lamenta\u00e7\u00f5es Um casal que h\u00e1 muito tentava ter filhos foi falar com o Rabino de sua comunidade. Contaram para ele que ansiavam por isso e estavam cansados de procurar m\u00e9dicos e fazer tratamentos que n\u00e3o davam certo. Ap\u00f3s ouvi-los o Rabino disse que\u2026","rel":"","context":"Em &quot;Sem categoria&quot;","block_context":{"text":"Sem categoria","link":"https:\/\/gersonguelmann.com.br\/blog\/category\/sem-categoria\/"},"img":{"alt_text":"","src":"https:\/\/i0.wp.com\/gersonguelmann.com.br\/blog\/wp-content\/uploads\/2024\/09\/HojePR-4.jpg?fit=1080%2C1080&ssl=1&resize=350%2C200","width":350,"height":200,"srcset":"https:\/\/i0.wp.com\/gersonguelmann.com.br\/blog\/wp-content\/uploads\/2024\/09\/HojePR-4.jpg?fit=1080%2C1080&ssl=1&resize=350%2C200 1x, https:\/\/i0.wp.com\/gersonguelmann.com.br\/blog\/wp-content\/uploads\/2024\/09\/HojePR-4.jpg?fit=1080%2C1080&ssl=1&resize=525%2C300 1.5x, https:\/\/i0.wp.com\/gersonguelmann.com.br\/blog\/wp-content\/uploads\/2024\/09\/HojePR-4.jpg?fit=1080%2C1080&ssl=1&resize=700%2C400 2x, https:\/\/i0.wp.com\/gersonguelmann.com.br\/blog\/wp-content\/uploads\/2024\/09\/HojePR-4.jpg?fit=1080%2C1080&ssl=1&resize=1050%2C600 3x"},"classes":[]}],"jetpack_sharing_enabled":true,"post_mailing_queue_ids":[],"_links":{"self":[{"href":"https:\/\/gersonguelmann.com.br\/blog\/wp-json\/wp\/v2\/posts\/13017","targetHints":{"allow":["GET"]}}],"collection":[{"href":"https:\/\/gersonguelmann.com.br\/blog\/wp-json\/wp\/v2\/posts"}],"about":[{"href":"https:\/\/gersonguelmann.com.br\/blog\/wp-json\/wp\/v2\/types\/post"}],"author":[{"embeddable":true,"href":"https:\/\/gersonguelmann.com.br\/blog\/wp-json\/wp\/v2\/users\/5"}],"replies":[{"embeddable":true,"href":"https:\/\/gersonguelmann.com.br\/blog\/wp-json\/wp\/v2\/comments?post=13017"}],"version-history":[{"count":0,"href":"https:\/\/gersonguelmann.com.br\/blog\/wp-json\/wp\/v2\/posts\/13017\/revisions"}],"wp:featuredmedia":[{"embeddable":true,"href":"https:\/\/gersonguelmann.com.br\/blog\/wp-json\/wp\/v2\/media\/13019"}],"wp:attachment":[{"href":"https:\/\/gersonguelmann.com.br\/blog\/wp-json\/wp\/v2\/media?parent=13017"}],"wp:term":[{"taxonomy":"category","embeddable":true,"href":"https:\/\/gersonguelmann.com.br\/blog\/wp-json\/wp\/v2\/categories?post=13017"},{"taxonomy":"post_tag","embeddable":true,"href":"https:\/\/gersonguelmann.com.br\/blog\/wp-json\/wp\/v2\/tags?post=13017"}],"curies":[{"name":"wp","href":"https:\/\/api.w.org\/{rel}","templated":true}]}}