    {"id":13038,"date":"2018-05-17T23:15:08","date_gmt":"2018-05-18T02:15:08","guid":{"rendered":"https:\/\/gersonguelmann.com.br\/blog\/?p=13038"},"modified":"2018-05-17T23:15:08","modified_gmt":"2018-05-18T02:15:08","slug":"em-curitiba-uma-rua-retrata-o-outono","status":"publish","type":"post","link":"https:\/\/gersonguelmann.com.br\/blog\/em-curitiba-uma-rua-retrata-o-outono\/","title":{"rendered":"Em Curitiba, Uma Rua Retrata o Outono"},"content":{"rendered":"<p><span style=\"color: #000000; font-family: georgia, palatino, serif; font-size: 18pt;\">Mat\u00e9ria do jornal Gazeta do Povo sobre a\u00a0R. Deputado Heitor Alencar Furtado:<\/span><\/p>\n<p class=\"gp-coluna col-8 c-titulo\"><span style=\"font-size: 24pt;\"><strong><span style=\"color: #000000;\">\u201cA rua do outono\u201d: saiba como as \u00e1rvores da canaleta do Mossungu\u00ea ficaram famosas<\/span><\/strong><\/span><\/p>\n<p class=\"c-sumario\"><span style=\"font-size: 18pt;\"><strong><span style=\"color: #000000;\">A Rua Deputado Heitor Alencar Furtado \u00e9 um dos cen\u00e1rios de fotos mais procurados no outono em Curitiba<\/span><\/strong><\/span><\/p>\n<p>&nbsp;<\/p>\n<ul>\n<li class=\"c-autor\"><span style=\"color: #000000; font-size: 14pt;\">Cec\u00edlia T\u00fcmler &#8211;\u00a0<time>[01\/05\/2018] &#8211;\u00a0<\/time><time>[18h14]<\/time><\/span><\/li>\n<\/ul>\n<p>&nbsp;<\/p>\n<p>&nbsp;<\/p>\n<p style=\"text-align: center;\"><span style=\"color: #000000;\"><img data-recalc-dims=\"1\" fetchpriority=\"high\" decoding=\"async\" data-attachment-id=\"13039\" data-permalink=\"https:\/\/gersonguelmann.com.br\/blog\/em-curitiba-uma-rua-retrata-o-outono\/1-13\/\" data-orig-file=\"https:\/\/i0.wp.com\/gersonguelmann.com.br\/blog\/wp-content\/uploads\/2018\/05\/1-5.jpg?fit=1024%2C683&amp;ssl=1\" data-orig-size=\"1024,683\" data-comments-opened=\"1\" data-image-meta=\"{&quot;aperture&quot;:&quot;0&quot;,&quot;credit&quot;:&quot;&quot;,&quot;camera&quot;:&quot;&quot;,&quot;caption&quot;:&quot;&quot;,&quot;created_timestamp&quot;:&quot;0&quot;,&quot;copyright&quot;:&quot;&quot;,&quot;focal_length&quot;:&quot;0&quot;,&quot;iso&quot;:&quot;0&quot;,&quot;shutter_speed&quot;:&quot;0&quot;,&quot;title&quot;:&quot;&quot;,&quot;orientation&quot;:&quot;0&quot;}\" data-image-title=\"1\" data-image-description=\"\" data-image-caption=\"\" data-medium-file=\"https:\/\/i0.wp.com\/gersonguelmann.com.br\/blog\/wp-content\/uploads\/2018\/05\/1-5.jpg?fit=300%2C200&amp;ssl=1\" data-large-file=\"https:\/\/i0.wp.com\/gersonguelmann.com.br\/blog\/wp-content\/uploads\/2018\/05\/1-5.jpg?fit=640%2C427&amp;ssl=1\" class=\"alignnone size-medium wp-image-13039\" src=\"https:\/\/i0.wp.com\/gersonguelmann.com.br\/blog\/wp-content\/uploads\/2018\/05\/1-5.jpg?resize=300%2C200&#038;ssl=1\" alt=\"\" width=\"300\" height=\"200\" srcset=\"https:\/\/i0.wp.com\/gersonguelmann.com.br\/blog\/wp-content\/uploads\/2018\/05\/1-5.jpg?resize=300%2C200&amp;ssl=1 300w, https:\/\/i0.wp.com\/gersonguelmann.com.br\/blog\/wp-content\/uploads\/2018\/05\/1-5.jpg?resize=768%2C512&amp;ssl=1 768w, https:\/\/i0.wp.com\/gersonguelmann.com.br\/blog\/wp-content\/uploads\/2018\/05\/1-5.jpg?w=1024&amp;ssl=1 1024w, https:\/\/i0.wp.com\/gersonguelmann.com.br\/blog\/wp-content\/uploads\/2018\/05\/1-5.jpg?resize=750%2C500&amp;ssl=1 750w\" sizes=\"(max-width: 300px) 100vw, 300px\" \/><\/span><br \/>\n<em><span style=\"font-size: 10pt; color: #808080;\"><strong><span class=\"c-legenda\">Rua Deputado Heitor Alencar Furtado, entre o Mossungu\u00ea e o Campo Comprido, \u00e9 um dos endere\u00e7os mais fotografados de Curitiba.<\/span>\u00a0<span class=\"c-img-credito\">Jonathan Campos\/Gazeta do Povo<\/span><\/strong><\/span><\/em><\/p>\n<p><span style=\"color: #000000; font-size: 14pt;\">A Rua Deputado Heitor Alencar Furtado, entre o Mossungu\u00ea e o Campo Comprido, em Curitiba, n\u00e3o \u00e9 nenhum ponto tur\u00edstico, e mesmo assim figura entre os endere\u00e7os mais fotografados de Curitiba &#8211; especialmente no outono. \u00c9 nesta \u00e9poca do ano que as ic\u00f4nicas \u00e1rvores da rua, que \u00e9 uma das canaletas do expresso biarticulado, ganham folhas de tons avermelhados, para o orgulho de quem mora pelos arredores e de quem j\u00e1 reconhece o cen\u00e1rio como t\u00edpico curitibano. As \u00e1rvores, por\u00e9m, s\u00e3o parte da hist\u00f3ria recente da regi\u00e3o, e passaram por muitos cuidados da prefeitura e dos moradores at\u00e9 atingirem a forma majestosa &#8211; e famosa &#8211; que t\u00eam hoje.<\/span><\/p>\n<p><span style=\"color: #000000; font-size: 14pt;\">Apesar de ter \u201ca cara de Curitiba\u201d, como opina Roberto Salgueiro, engenheiro agr\u00f4nomo respons\u00e1vel pelo Horto da Barreirinha, a esp\u00e9cie que embeleza a regi\u00e3o n\u00e3o \u00e9 nativa do Brasil. De acordo com a Secretaria Municipal do Meio Ambiente (SMMA), tratam-se de liquid\u00e2mbares (<i>Liquidambar styraciflua<\/i>), origin\u00e1rias da Am\u00e9rica do Norte.<\/span><\/p>\n<p><span style=\"color: #000000; font-size: 14pt;\">Na capital paranaense, foram plantadas no ano 2000 &#8211; logo antes da chegada de Cl\u00e1udia Moretti, administradora que se mudou para a rua em 2002 e afirma ter visto as \u00e1rvores crescerem. \u201cQuando elas foram plantadas, ainda n\u00e3o tinha todos esses pr\u00e9dios por aqui. Eram bem mirradinhas, e eu lembro que tinha um senhorzinho da regi\u00e3o que cuidava delas, passava cercando as mudas pra ningu\u00e9m derrub\u00e1-las\u201d, recorda Cl\u00e1udia.<b><\/b><\/span><\/p>\n<div id=\"player-wrapper-46263742920989384\">\n<div id=\"player-label-46263742920989384\"><span style=\"color: #000000; font-size: 14pt;\">Para quem trabalha com plantas, ent\u00e3o, poder conviver com a esp\u00e9cie se tornou um prazer di\u00e1rio, como descreve o jardineiro S\u00e9rgio Muchinski, funcion\u00e1rio h\u00e1 oito anos de um edif\u00edcio na Rua Deputado Heitor Alencar Furtado. \u201cSe eu pudesse, estaria eu mesmo indo jogar uma terrinha nelas, porque elas trazem qualidade de vida pra quem trabalha e mora por aqui. Elas fazem sombras para as pessoas deixarem o carro, e tem gente que at\u00e9 senta debaixo delas para descansar\u201d, conta o jardineiro, que tamb\u00e9m acompanhou o desenvolvimento das \u00e1rvores ao longo dos anos.<\/span><\/div>\n<\/div>\n<div><\/div>\n<div style=\"text-align: center;\"><span style=\"color: #000000;\"><img data-recalc-dims=\"1\" decoding=\"async\" data-attachment-id=\"13040\" data-permalink=\"https:\/\/gersonguelmann.com.br\/blog\/em-curitiba-uma-rua-retrata-o-outono\/2-13\/\" data-orig-file=\"https:\/\/i0.wp.com\/gersonguelmann.com.br\/blog\/wp-content\/uploads\/2018\/05\/2-5.jpg?fit=960%2C669&amp;ssl=1\" data-orig-size=\"960,669\" data-comments-opened=\"1\" data-image-meta=\"{&quot;aperture&quot;:&quot;0&quot;,&quot;credit&quot;:&quot;&quot;,&quot;camera&quot;:&quot;&quot;,&quot;caption&quot;:&quot;&quot;,&quot;created_timestamp&quot;:&quot;0&quot;,&quot;copyright&quot;:&quot;&quot;,&quot;focal_length&quot;:&quot;0&quot;,&quot;iso&quot;:&quot;0&quot;,&quot;shutter_speed&quot;:&quot;0&quot;,&quot;title&quot;:&quot;&quot;,&quot;orientation&quot;:&quot;0&quot;}\" data-image-title=\"2\" data-image-description=\"\" data-image-caption=\"\" data-medium-file=\"https:\/\/i0.wp.com\/gersonguelmann.com.br\/blog\/wp-content\/uploads\/2018\/05\/2-5.jpg?fit=300%2C209&amp;ssl=1\" data-large-file=\"https:\/\/i0.wp.com\/gersonguelmann.com.br\/blog\/wp-content\/uploads\/2018\/05\/2-5.jpg?fit=640%2C446&amp;ssl=1\" class=\"alignnone size-medium wp-image-13040\" src=\"https:\/\/i0.wp.com\/gersonguelmann.com.br\/blog\/wp-content\/uploads\/2018\/05\/2-5.jpg?resize=300%2C209&#038;ssl=1\" alt=\"\" width=\"300\" height=\"209\" srcset=\"https:\/\/i0.wp.com\/gersonguelmann.com.br\/blog\/wp-content\/uploads\/2018\/05\/2-5.jpg?resize=300%2C209&amp;ssl=1 300w, https:\/\/i0.wp.com\/gersonguelmann.com.br\/blog\/wp-content\/uploads\/2018\/05\/2-5.jpg?resize=768%2C535&amp;ssl=1 768w, https:\/\/i0.wp.com\/gersonguelmann.com.br\/blog\/wp-content\/uploads\/2018\/05\/2-5.jpg?w=960&amp;ssl=1 960w\" sizes=\"(max-width: 300px) 100vw, 300px\" \/><\/span><\/div>\n<div style=\"text-align: center;\"><span style=\"font-size: 10pt; color: #808080;\"><em><strong><span class=\"c-legenda\">Muitos moradores chegam a aproveitar as folhas para decorar a pr\u00f3pria casa.<br \/>\n<\/span><span class=\"c-img-credito\">Jonathan Campos\/Gazeta do Povo<\/span><\/strong><\/em><\/span><\/div>\n<div><\/div>\n<div>\n<p><span style=\"color: #000000; font-size: 14pt;\">De l\u00e1 para c\u00e1, as plantas se tornaram motivo de exalta\u00e7\u00e3o para os vizinhos e muitos aguardam a chegada do outono para renovar a decora\u00e7\u00e3o de casa, como explica Cl\u00e1udia: \u201cAs folhas s\u00e3o bem grandes e ramificadas. Quando caem, n\u00f3s logo pegamos. Eu mesma j\u00e1 emoldurei algumas para pendurar na parede\u201d.<\/span><\/p>\n<h2 class=\"c-intertitulo\"><span style=\"color: #000000; font-size: 14pt;\">Famosa na internet<\/span><\/h2>\n<p><span style=\"color: #000000; font-size: 14pt;\">A principal forma de promover a beleza dos tons do outono da rua, por\u00e9m, \u00e9 por meio da internet: basta um dia de c\u00e9u aberto para que dezenas de pessoas se desloquem at\u00e9 a rua para fotografar as \u00e1rvores, que j\u00e1 serviram como cen\u00e1rio desde para fotos amadoras at\u00e9 ensaios fotogr\u00e1ficos de bailarinos profissionais e inclusive noivos, conforme lembra o cobrador Maur\u00edcio Camargo, que trabalha em um tubo do biarticulado na rua. \u201cA rua t\u00e1 come\u00e7ando a virar um cart\u00e3o postal nessa \u00e9poca do ano, inclusive tem gente que gosta de registrar o \u00f4nibus vermelh\u00e3o passando junto\u201d, atesta Camargo.<\/span><\/p>\n<h2 class=\"c-intertitulo\"><span style=\"color: #000000; font-size: 14pt;\">\u00c1rvores jovens<\/span><\/h2>\n<p><span style=\"color: #000000; font-size: 14pt;\">Com cerca de 18 anos, as liquid\u00e2mbares do Mossungu\u00ea e do Campo Comprido ainda s\u00e3o consideradas jovens. A esp\u00e9cie pode ultrapassar os 200 anos de vida, o que deve ser facilmente atingido por sua resist\u00eancia ao frio intenso, inclusive \u00e0s geadas, conforme a Secretaria do Meio Ambiente.<\/span><\/p>\n<p><span style=\"color: #000000; font-size: 14pt;\">Outro ponto positivo da esp\u00e9cie \u00e9 n\u00e3o precisar de manuten\u00e7\u00e3o com muita frequ\u00eancia. E, continuando saud\u00e1veis e bem-cuidadas por todos, a expectativa \u00e9 de que atinjam pelo menos 20 metros de altura.<\/span><\/p>\n<p><span style=\"font-family: georgia, palatino, serif; font-size: 18pt; color: #000000;\">A mat\u00e9ria original est\u00e1 publicada <span style=\"color: #0000ff;\"><a style=\"color: #0000ff;\" href=\"http:\/\/www.gazetadopovo.com.br\/curitiba\/a-rua-do-outono-saiba-como-as-arvores-da-canaleta-do-mossungue-ficaram-famosas-9b1l5gh358einbeezxn8lvhyy?comp=whatsapp\"><em><strong>aqui<\/strong><\/em><\/a><\/span>.<\/span><\/p>\n<section id=\"galeria-b0bc9b9c-4cbf-11e8-847e-0ff11a5171ba\">\n<div class=\"c-galeria\">\n<div class=\"galeria\"><\/div>\n<\/div>\n<\/section>\n<\/div>\n<p>&nbsp;<\/p>\n","protected":false},"excerpt":{"rendered":"<p>Mat\u00e9ria do jornal Gazeta do Povo sobre a\u00a0R. Deputado Heitor Alencar Furtado: \u201cA rua do outono\u201d: saiba como as \u00e1rvores da canaleta do Mossungu\u00ea ficaram famosas A Rua Deputado Heitor Alencar Furtado \u00e9 um dos cen\u00e1rios de fotos mais procurados no outono em Curitiba &nbsp; Cec\u00edlia T\u00fcmler &#8211;\u00a0[01\/05\/2018] &#8211;\u00a0[18h14] &nbsp; &nbsp; Rua Deputado Heitor Alencar [&hellip;]<\/p>\n","protected":false},"author":5,"featured_media":13039,"comment_status":"open","ping_status":"open","sticky":false,"template":"","format":"standard","meta":{"_acf_changed":false,"jetpack_post_was_ever_published":false,"_jetpack_newsletter_access":"","_jetpack_dont_email_post_to_subs":false,"_jetpack_newsletter_tier_id":0,"_jetpack_memberships_contains_paywalled_content":false,"_jetpack_memberships_contains_paid_content":false,"footnotes":"","jetpack_publicize_message":"","jetpack_publicize_feature_enabled":true,"jetpack_social_post_already_shared":true,"jetpack_social_options":{"image_generator_settings":{"template":"highway","default_image_id":0,"font":"","enabled":false},"version":2}},"categories":[1],"tags":[],"class_list":["post-13038","post","type-post","status-publish","format-standard","has-post-thumbnail","hentry","category-sem-categoria"],"acf":[],"yoast_head":"<!-- This site is optimized with the Yoast SEO plugin v27.3 - https:\/\/yoast.com\/product\/yoast-seo-wordpress\/ -->\n<title>Em Curitiba, Uma Rua Retrata o Outono | Blog do Guelmann<\/title>\n<meta name=\"robots\" content=\"index, follow, max-snippet:-1, max-image-preview:large, max-video-preview:-1\" \/>\n<link rel=\"canonical\" href=\"https:\/\/gersonguelmann.com.br\/blog\/em-curitiba-uma-rua-retrata-o-outono\/\" \/>\n<meta property=\"og:locale\" content=\"pt_BR\" \/>\n<meta property=\"og:type\" content=\"article\" \/>\n<meta property=\"og:title\" content=\"Em Curitiba, Uma Rua Retrata o Outono | Blog do Guelmann\" \/>\n<meta property=\"og:description\" content=\"Mat\u00e9ria do jornal Gazeta do Povo sobre a\u00a0R. Deputado Heitor Alencar Furtado: \u201cA rua do outono\u201d: saiba como as \u00e1rvores da canaleta do Mossungu\u00ea ficaram famosas A Rua Deputado Heitor Alencar Furtado \u00e9 um dos cen\u00e1rios de fotos mais procurados no outono em Curitiba &nbsp; Cec\u00edlia T\u00fcmler &#8211;\u00a0[01\/05\/2018] &#8211;\u00a0[18h14] &nbsp; &nbsp; Rua Deputado Heitor Alencar [&hellip;]\" \/>\n<meta property=\"og:url\" content=\"https:\/\/gersonguelmann.com.br\/blog\/em-curitiba-uma-rua-retrata-o-outono\/\" \/>\n<meta property=\"og:site_name\" content=\"Blog do Guelmann\" \/>\n<meta property=\"article:published_time\" content=\"2018-05-18T02:15:08+00:00\" \/>\n<meta property=\"og:image\" content=\"https:\/\/i0.wp.com\/gersonguelmann.com.br\/blog\/wp-content\/uploads\/2018\/05\/1-5.jpg?fit=1024%2C683&ssl=1\" \/>\n\t<meta property=\"og:image:width\" content=\"1024\" \/>\n\t<meta property=\"og:image:height\" content=\"683\" \/>\n\t<meta property=\"og:image:type\" content=\"image\/jpeg\" \/>\n<meta name=\"author\" content=\"Gerson Guelmann\" \/>\n<meta name=\"twitter:card\" content=\"summary_large_image\" \/>\n<meta name=\"twitter:label1\" content=\"Escrito por\" \/>\n\t<meta name=\"twitter:data1\" content=\"Gerson Guelmann\" \/>\n\t<meta name=\"twitter:label2\" content=\"Est. tempo de leitura\" \/>\n\t<meta name=\"twitter:data2\" content=\"4 minutos\" \/>\n<script type=\"application\/ld+json\" class=\"yoast-schema-graph\">{\"@context\":\"https:\\\/\\\/schema.org\",\"@graph\":[{\"@type\":\"Article\",\"@id\":\"https:\\\/\\\/gersonguelmann.com.br\\\/blog\\\/em-curitiba-uma-rua-retrata-o-outono\\\/#article\",\"isPartOf\":{\"@id\":\"https:\\\/\\\/gersonguelmann.com.br\\\/blog\\\/em-curitiba-uma-rua-retrata-o-outono\\\/\"},\"author\":{\"name\":\"Gerson Guelmann\",\"@id\":\"https:\\\/\\\/gersonguelmann.com.br\\\/blog\\\/#\\\/schema\\\/person\\\/87e70e2a786888082f941a482c90569e\"},\"headline\":\"Em Curitiba, Uma Rua Retrata o Outono\",\"datePublished\":\"2018-05-18T02:15:08+00:00\",\"mainEntityOfPage\":{\"@id\":\"https:\\\/\\\/gersonguelmann.com.br\\\/blog\\\/em-curitiba-uma-rua-retrata-o-outono\\\/\"},\"wordCount\":709,\"commentCount\":0,\"image\":{\"@id\":\"https:\\\/\\\/gersonguelmann.com.br\\\/blog\\\/em-curitiba-uma-rua-retrata-o-outono\\\/#primaryimage\"},\"thumbnailUrl\":\"https:\\\/\\\/i0.wp.com\\\/gersonguelmann.com.br\\\/blog\\\/wp-content\\\/uploads\\\/2018\\\/05\\\/1-5.jpg?fit=1024%2C683&ssl=1\",\"inLanguage\":\"pt-BR\",\"potentialAction\":[{\"@type\":\"CommentAction\",\"name\":\"Comment\",\"target\":[\"https:\\\/\\\/gersonguelmann.com.br\\\/blog\\\/em-curitiba-uma-rua-retrata-o-outono\\\/#respond\"]}]},{\"@type\":\"WebPage\",\"@id\":\"https:\\\/\\\/gersonguelmann.com.br\\\/blog\\\/em-curitiba-uma-rua-retrata-o-outono\\\/\",\"url\":\"https:\\\/\\\/gersonguelmann.com.br\\\/blog\\\/em-curitiba-uma-rua-retrata-o-outono\\\/\",\"name\":\"Em Curitiba, Uma Rua Retrata o Outono | Blog do Guelmann\",\"isPartOf\":{\"@id\":\"https:\\\/\\\/gersonguelmann.com.br\\\/blog\\\/#website\"},\"primaryImageOfPage\":{\"@id\":\"https:\\\/\\\/gersonguelmann.com.br\\\/blog\\\/em-curitiba-uma-rua-retrata-o-outono\\\/#primaryimage\"},\"image\":{\"@id\":\"https:\\\/\\\/gersonguelmann.com.br\\\/blog\\\/em-curitiba-uma-rua-retrata-o-outono\\\/#primaryimage\"},\"thumbnailUrl\":\"https:\\\/\\\/i0.wp.com\\\/gersonguelmann.com.br\\\/blog\\\/wp-content\\\/uploads\\\/2018\\\/05\\\/1-5.jpg?fit=1024%2C683&ssl=1\",\"datePublished\":\"2018-05-18T02:15:08+00:00\",\"author\":{\"@id\":\"https:\\\/\\\/gersonguelmann.com.br\\\/blog\\\/#\\\/schema\\\/person\\\/87e70e2a786888082f941a482c90569e\"},\"inLanguage\":\"pt-BR\",\"potentialAction\":[{\"@type\":\"ReadAction\",\"target\":[\"https:\\\/\\\/gersonguelmann.com.br\\\/blog\\\/em-curitiba-uma-rua-retrata-o-outono\\\/\"]}]},{\"@type\":\"ImageObject\",\"inLanguage\":\"pt-BR\",\"@id\":\"https:\\\/\\\/gersonguelmann.com.br\\\/blog\\\/em-curitiba-uma-rua-retrata-o-outono\\\/#primaryimage\",\"url\":\"https:\\\/\\\/i0.wp.com\\\/gersonguelmann.com.br\\\/blog\\\/wp-content\\\/uploads\\\/2018\\\/05\\\/1-5.jpg?fit=1024%2C683&ssl=1\",\"contentUrl\":\"https:\\\/\\\/i0.wp.com\\\/gersonguelmann.com.br\\\/blog\\\/wp-content\\\/uploads\\\/2018\\\/05\\\/1-5.jpg?fit=1024%2C683&ssl=1\",\"width\":1024,\"height\":683},{\"@type\":\"WebSite\",\"@id\":\"https:\\\/\\\/gersonguelmann.com.br\\\/blog\\\/#website\",\"url\":\"https:\\\/\\\/gersonguelmann.com.br\\\/blog\\\/\",\"name\":\"Blog do Guelmann\",\"description\":\"Pitadas da sabedoria e do humor judaicos, assuntos do momento e um pouco das hist\u00f3rias que vivi e testemunhei.\",\"potentialAction\":[{\"@type\":\"SearchAction\",\"target\":{\"@type\":\"EntryPoint\",\"urlTemplate\":\"https:\\\/\\\/gersonguelmann.com.br\\\/blog\\\/?s={search_term_string}\"},\"query-input\":{\"@type\":\"PropertyValueSpecification\",\"valueRequired\":true,\"valueName\":\"search_term_string\"}}],\"inLanguage\":\"pt-BR\"},{\"@type\":\"Person\",\"@id\":\"https:\\\/\\\/gersonguelmann.com.br\\\/blog\\\/#\\\/schema\\\/person\\\/87e70e2a786888082f941a482c90569e\",\"name\":\"Gerson Guelmann\",\"image\":{\"@type\":\"ImageObject\",\"inLanguage\":\"pt-BR\",\"@id\":\"https:\\\/\\\/i0.wp.com\\\/gersonguelmann.com.br\\\/blog\\\/wp-content\\\/uploads\\\/2021\\\/08\\\/BLOG.jpeg?fit=96%2C96&ssl=1\",\"url\":\"https:\\\/\\\/i0.wp.com\\\/gersonguelmann.com.br\\\/blog\\\/wp-content\\\/uploads\\\/2021\\\/08\\\/BLOG.jpeg?fit=96%2C96&ssl=1\",\"contentUrl\":\"https:\\\/\\\/i0.wp.com\\\/gersonguelmann.com.br\\\/blog\\\/wp-content\\\/uploads\\\/2021\\\/08\\\/BLOG.jpeg?fit=96%2C96&ssl=1\",\"caption\":\"Gerson Guelmann\"},\"description\":\"Pitadas da sabedoria e do humor judaicos, assuntos do momento e um pouco das hist\u00f3rias que vivi e testemunhei.\"}]}<\/script>\n<!-- \/ Yoast SEO plugin. -->","yoast_head_json":{"title":"Em Curitiba, Uma Rua Retrata o Outono | Blog do Guelmann","robots":{"index":"index","follow":"follow","max-snippet":"max-snippet:-1","max-image-preview":"max-image-preview:large","max-video-preview":"max-video-preview:-1"},"canonical":"https:\/\/gersonguelmann.com.br\/blog\/em-curitiba-uma-rua-retrata-o-outono\/","og_locale":"pt_BR","og_type":"article","og_title":"Em Curitiba, Uma Rua Retrata o Outono | Blog do Guelmann","og_description":"Mat\u00e9ria do jornal Gazeta do Povo sobre a\u00a0R. Deputado Heitor Alencar Furtado: \u201cA rua do outono\u201d: saiba como as \u00e1rvores da canaleta do Mossungu\u00ea ficaram famosas A Rua Deputado Heitor Alencar Furtado \u00e9 um dos cen\u00e1rios de fotos mais procurados no outono em Curitiba &nbsp; Cec\u00edlia T\u00fcmler &#8211;\u00a0[01\/05\/2018] &#8211;\u00a0[18h14] &nbsp; &nbsp; Rua Deputado Heitor Alencar [&hellip;]","og_url":"https:\/\/gersonguelmann.com.br\/blog\/em-curitiba-uma-rua-retrata-o-outono\/","og_site_name":"Blog do Guelmann","article_published_time":"2018-05-18T02:15:08+00:00","og_image":[{"width":1024,"height":683,"url":"https:\/\/i0.wp.com\/gersonguelmann.com.br\/blog\/wp-content\/uploads\/2018\/05\/1-5.jpg?fit=1024%2C683&ssl=1","type":"image\/jpeg"}],"author":"Gerson Guelmann","twitter_card":"summary_large_image","twitter_misc":{"Escrito por":"Gerson Guelmann","Est. tempo de leitura":"4 minutos"},"schema":{"@context":"https:\/\/schema.org","@graph":[{"@type":"Article","@id":"https:\/\/gersonguelmann.com.br\/blog\/em-curitiba-uma-rua-retrata-o-outono\/#article","isPartOf":{"@id":"https:\/\/gersonguelmann.com.br\/blog\/em-curitiba-uma-rua-retrata-o-outono\/"},"author":{"name":"Gerson Guelmann","@id":"https:\/\/gersonguelmann.com.br\/blog\/#\/schema\/person\/87e70e2a786888082f941a482c90569e"},"headline":"Em Curitiba, Uma Rua Retrata o Outono","datePublished":"2018-05-18T02:15:08+00:00","mainEntityOfPage":{"@id":"https:\/\/gersonguelmann.com.br\/blog\/em-curitiba-uma-rua-retrata-o-outono\/"},"wordCount":709,"commentCount":0,"image":{"@id":"https:\/\/gersonguelmann.com.br\/blog\/em-curitiba-uma-rua-retrata-o-outono\/#primaryimage"},"thumbnailUrl":"https:\/\/i0.wp.com\/gersonguelmann.com.br\/blog\/wp-content\/uploads\/2018\/05\/1-5.jpg?fit=1024%2C683&ssl=1","inLanguage":"pt-BR","potentialAction":[{"@type":"CommentAction","name":"Comment","target":["https:\/\/gersonguelmann.com.br\/blog\/em-curitiba-uma-rua-retrata-o-outono\/#respond"]}]},{"@type":"WebPage","@id":"https:\/\/gersonguelmann.com.br\/blog\/em-curitiba-uma-rua-retrata-o-outono\/","url":"https:\/\/gersonguelmann.com.br\/blog\/em-curitiba-uma-rua-retrata-o-outono\/","name":"Em Curitiba, Uma Rua Retrata o Outono | Blog do Guelmann","isPartOf":{"@id":"https:\/\/gersonguelmann.com.br\/blog\/#website"},"primaryImageOfPage":{"@id":"https:\/\/gersonguelmann.com.br\/blog\/em-curitiba-uma-rua-retrata-o-outono\/#primaryimage"},"image":{"@id":"https:\/\/gersonguelmann.com.br\/blog\/em-curitiba-uma-rua-retrata-o-outono\/#primaryimage"},"thumbnailUrl":"https:\/\/i0.wp.com\/gersonguelmann.com.br\/blog\/wp-content\/uploads\/2018\/05\/1-5.jpg?fit=1024%2C683&ssl=1","datePublished":"2018-05-18T02:15:08+00:00","author":{"@id":"https:\/\/gersonguelmann.com.br\/blog\/#\/schema\/person\/87e70e2a786888082f941a482c90569e"},"inLanguage":"pt-BR","potentialAction":[{"@type":"ReadAction","target":["https:\/\/gersonguelmann.com.br\/blog\/em-curitiba-uma-rua-retrata-o-outono\/"]}]},{"@type":"ImageObject","inLanguage":"pt-BR","@id":"https:\/\/gersonguelmann.com.br\/blog\/em-curitiba-uma-rua-retrata-o-outono\/#primaryimage","url":"https:\/\/i0.wp.com\/gersonguelmann.com.br\/blog\/wp-content\/uploads\/2018\/05\/1-5.jpg?fit=1024%2C683&ssl=1","contentUrl":"https:\/\/i0.wp.com\/gersonguelmann.com.br\/blog\/wp-content\/uploads\/2018\/05\/1-5.jpg?fit=1024%2C683&ssl=1","width":1024,"height":683},{"@type":"WebSite","@id":"https:\/\/gersonguelmann.com.br\/blog\/#website","url":"https:\/\/gersonguelmann.com.br\/blog\/","name":"Blog do Guelmann","description":"Pitadas da sabedoria e do humor judaicos, assuntos do momento e um pouco das hist\u00f3rias que vivi e testemunhei.","potentialAction":[{"@type":"SearchAction","target":{"@type":"EntryPoint","urlTemplate":"https:\/\/gersonguelmann.com.br\/blog\/?s={search_term_string}"},"query-input":{"@type":"PropertyValueSpecification","valueRequired":true,"valueName":"search_term_string"}}],"inLanguage":"pt-BR"},{"@type":"Person","@id":"https:\/\/gersonguelmann.com.br\/blog\/#\/schema\/person\/87e70e2a786888082f941a482c90569e","name":"Gerson Guelmann","image":{"@type":"ImageObject","inLanguage":"pt-BR","@id":"https:\/\/i0.wp.com\/gersonguelmann.com.br\/blog\/wp-content\/uploads\/2021\/08\/BLOG.jpeg?fit=96%2C96&ssl=1","url":"https:\/\/i0.wp.com\/gersonguelmann.com.br\/blog\/wp-content\/uploads\/2021\/08\/BLOG.jpeg?fit=96%2C96&ssl=1","contentUrl":"https:\/\/i0.wp.com\/gersonguelmann.com.br\/blog\/wp-content\/uploads\/2021\/08\/BLOG.jpeg?fit=96%2C96&ssl=1","caption":"Gerson Guelmann"},"description":"Pitadas da sabedoria e do humor judaicos, assuntos do momento e um pouco das hist\u00f3rias que vivi e testemunhei."}]}},"views":62,"jetpack_publicize_connections":[],"jetpack_featured_media_url":"https:\/\/i0.wp.com\/gersonguelmann.com.br\/blog\/wp-content\/uploads\/2018\/05\/1-5.jpg?fit=1024%2C683&ssl=1","jetpack_shortlink":"https:\/\/wp.me\/p96e7O-3oi","jetpack-related-posts":[{"id":11504,"url":"https:\/\/gersonguelmann.com.br\/blog\/lula-marcelo-odebrecht-outono-do-patriarca\/","url_meta":{"origin":13038,"position":0},"title":"Lula, Marcelo Odebrecht e o Outono do Patriarca","author":"Gerson Guelmann","date":"11 de abril de 2018","format":false,"excerpt":"Agora a tarde est\u00e1 acontecendo na Justi\u00e7a Federal em Curitiba novo depoimento do empres\u00e1rio Marcelo\u00a0Odebrecht, que h\u00e1 algumas semanas passou a cumprir pris\u00e3o domiciliar. Ele foi convocado a prestar declara\u00e7\u00f5es acerca de mensagens eletr\u00f4nicas que estavam em seu computador pessoal e foram selecionadas ap\u00f3s ele retornar \u00e0 resid\u00eancia, em S\u00e3o\u2026","rel":"","context":"Em &quot;Sem categoria&quot;","block_context":{"text":"Sem categoria","link":"https:\/\/gersonguelmann.com.br\/blog\/category\/sem-categoria\/"},"img":{"alt_text":"","src":"https:\/\/i0.wp.com\/gersonguelmann.com.br\/blog\/wp-content\/uploads\/2018\/04\/lc-inverno-deixa-curitiba-colorida-004-lg-3e57e2f9.jpg?fit=961%2C531&ssl=1&resize=350%2C200","width":350,"height":200,"srcset":"https:\/\/i0.wp.com\/gersonguelmann.com.br\/blog\/wp-content\/uploads\/2018\/04\/lc-inverno-deixa-curitiba-colorida-004-lg-3e57e2f9.jpg?fit=961%2C531&ssl=1&resize=350%2C200 1x, https:\/\/i0.wp.com\/gersonguelmann.com.br\/blog\/wp-content\/uploads\/2018\/04\/lc-inverno-deixa-curitiba-colorida-004-lg-3e57e2f9.jpg?fit=961%2C531&ssl=1&resize=525%2C300 1.5x, https:\/\/i0.wp.com\/gersonguelmann.com.br\/blog\/wp-content\/uploads\/2018\/04\/lc-inverno-deixa-curitiba-colorida-004-lg-3e57e2f9.jpg?fit=961%2C531&ssl=1&resize=700%2C400 2x"},"classes":[]},{"id":19780,"url":"https:\/\/gersonguelmann.com.br\/blog\/o-ano-tipico-do-curitibano\/","url_meta":{"origin":13038,"position":1},"title":"O ano t\u00edpico do curitibano","author":"Gerson Guelmann","date":"21 de janeiro de 2020","format":false,"excerpt":"O texto abaixo come\u00e7ou a circular nas redes h\u00e1 poucos dias, sem identifica\u00e7\u00e3o do autor.\u00a0 Se algu\u00e9m souber e puder fazer a gentileza de me passar, darei o cr\u00e9dito devido. Os curitibanos de nascimento ou por ado\u00e7\u00e3o certamente ir\u00e3o gostar: Janeiro: calor infernal, metade dos curitibanos derrete e a outra\u2026","rel":"","context":"Em &quot;Sem categoria&quot;","block_context":{"text":"Sem categoria","link":"https:\/\/gersonguelmann.com.br\/blog\/category\/sem-categoria\/"},"img":{"alt_text":"","src":"https:\/\/i0.wp.com\/gersonguelmann.com.br\/blog\/wp-content\/uploads\/2020\/01\/Curitiba.jpg?fit=1200%2C800&ssl=1&resize=350%2C200","width":350,"height":200,"srcset":"https:\/\/i0.wp.com\/gersonguelmann.com.br\/blog\/wp-content\/uploads\/2020\/01\/Curitiba.jpg?fit=1200%2C800&ssl=1&resize=350%2C200 1x, https:\/\/i0.wp.com\/gersonguelmann.com.br\/blog\/wp-content\/uploads\/2020\/01\/Curitiba.jpg?fit=1200%2C800&ssl=1&resize=525%2C300 1.5x, https:\/\/i0.wp.com\/gersonguelmann.com.br\/blog\/wp-content\/uploads\/2020\/01\/Curitiba.jpg?fit=1200%2C800&ssl=1&resize=700%2C400 2x, https:\/\/i0.wp.com\/gersonguelmann.com.br\/blog\/wp-content\/uploads\/2020\/01\/Curitiba.jpg?fit=1200%2C800&ssl=1&resize=1050%2C600 3x"},"classes":[]},{"id":18506,"url":"https:\/\/gersonguelmann.com.br\/blog\/birutas-brotam-do-chao-e-em-curitiba-andam-de-onibus\/","url_meta":{"origin":13038,"position":2},"title":"Birutas Brotam do Ch\u00e3o. E em Curitiba, Andam de \u00d4nibus","author":"Gerson Guelmann","date":"18 de setembro de 2019","format":false,"excerpt":"N\u00e3o h\u00e1 dia em que n\u00e3o saibamos de acontecimentos que demonstram como a vida nas cidades grandes estressa as pessoas. Se n\u00e3o for a tens\u00e3o do dia a dia, s\u00f3 mesmo um surto psic\u00f3tico pode justificar o que aconteceu aqui em Curitiba nessa ter\u00e7a feira, como relata o jornal Tribuna\u2026","rel":"","context":"Em &quot;Sem categoria&quot;","block_context":{"text":"Sem categoria","link":"https:\/\/gersonguelmann.com.br\/blog\/category\/sem-categoria\/"},"img":{"alt_text":"","src":"https:\/\/i0.wp.com\/gersonguelmann.com.br\/blog\/wp-content\/uploads\/2019\/09\/%C3%94nibus-1.jpg?fit=1159%2C837&ssl=1&resize=350%2C200","width":350,"height":200,"srcset":"https:\/\/i0.wp.com\/gersonguelmann.com.br\/blog\/wp-content\/uploads\/2019\/09\/%C3%94nibus-1.jpg?fit=1159%2C837&ssl=1&resize=350%2C200 1x, https:\/\/i0.wp.com\/gersonguelmann.com.br\/blog\/wp-content\/uploads\/2019\/09\/%C3%94nibus-1.jpg?fit=1159%2C837&ssl=1&resize=525%2C300 1.5x, https:\/\/i0.wp.com\/gersonguelmann.com.br\/blog\/wp-content\/uploads\/2019\/09\/%C3%94nibus-1.jpg?fit=1159%2C837&ssl=1&resize=700%2C400 2x, https:\/\/i0.wp.com\/gersonguelmann.com.br\/blog\/wp-content\/uploads\/2019\/09\/%C3%94nibus-1.jpg?fit=1159%2C837&ssl=1&resize=1050%2C600 3x"},"classes":[]},{"id":6970,"url":"https:\/\/gersonguelmann.com.br\/blog\/vesperas-pablo-neruda\/","url_meta":{"origin":13038,"position":3},"title":"V\u00e9speras &#8211; Pablo Neruda","author":"Gerson Guelmann","date":"13 de janeiro de 2018","format":false,"excerpt":"O teu riso Tira-me o p\u00e3o, se quiseres, tira-me o ar, mas n\u00e3o me tires o teu riso. N\u00e3o me tires a rosa, a lan\u00e7a que desfolhas, a \u00e1gua que de s\u00fabito brota da tua alegria, a repentina onda de prata que em ti nasce. A minha luta \u00e9 dura\u2026","rel":"","context":"Em &quot;Sem categoria&quot;","block_context":{"text":"Sem categoria","link":"https:\/\/gersonguelmann.com.br\/blog\/category\/sem-categoria\/"},"img":{"alt_text":"","src":"https:\/\/i0.wp.com\/gersonguelmann.com.br\/blog\/wp-content\/uploads\/2018\/01\/PN-300x146.jpg?resize=350%2C200&ssl=1","width":350,"height":200},"classes":[]},{"id":11855,"url":"https:\/\/gersonguelmann.com.br\/blog\/lider-pt-avisa-juiza-que-visitara-lula-na-marra\/","url_meta":{"origin":13038,"position":4},"title":"L\u00edder do PT Avisa Ju\u00edza Que Visitar\u00e1 Lula Na Marra","author":"Gerson Guelmann","date":"20 de abril de 2018","format":false,"excerpt":"O l\u00edder do PT na C\u00e2mara, deputado Paulo Pimenta (RS), disse ontem em entrevista coletiva que uma comiss\u00e3o visitar\u00e1 o ex-presidente Lula na Pol\u00edcia Federal em Curitiba na pr\u00f3xima 3\u00aa feira. Ele declarou que a visita n\u00e3o depende de autoriza\u00e7\u00e3o da ju\u00edza Carolina Moura Lebbos, da\u00a0Vara de Execu\u00e7\u00f5es Penais .\u2026","rel":"","context":"Em &quot;Sem categoria&quot;","block_context":{"text":"Sem categoria","link":"https:\/\/gersonguelmann.com.br\/blog\/category\/sem-categoria\/"},"img":{"alt_text":"","src":"https:\/\/i0.wp.com\/gersonguelmann.com.br\/blog\/wp-content\/uploads\/2018\/04\/images-9.jpg?resize=350%2C200&ssl=1","width":350,"height":200},"classes":[]},{"id":340,"url":"https:\/\/gersonguelmann.com.br\/blog\/alguma-duvida\/","url_meta":{"origin":13038,"position":5},"title":"Alguma D\u00favida?","author":"Gerson Guelmann","date":"31 de janeiro de 2017","format":false,"excerpt":"O Deputado Federal Carlos Marun do RS usou passagem de sua cota parlamentar para visitar o ex-colega Eduardo Cunha no pres\u00eddio em Curitiba, dia 30\/12. Ap\u00f3s a den\u00fancia, ficou de devolver o valor aos cofres da C\u00e2mara no dia de hoje. A pergunta \u00e9 inevit\u00e1vel:- alguma d\u00favida de que ele\u2026","rel":"","context":"Em &quot;Sem categoria&quot;","block_context":{"text":"Sem categoria","link":"https:\/\/gersonguelmann.com.br\/blog\/category\/sem-categoria\/"},"img":{"alt_text":"","src":"","width":0,"height":0},"classes":[]}],"jetpack_sharing_enabled":true,"post_mailing_queue_ids":[],"_links":{"self":[{"href":"https:\/\/gersonguelmann.com.br\/blog\/wp-json\/wp\/v2\/posts\/13038","targetHints":{"allow":["GET"]}}],"collection":[{"href":"https:\/\/gersonguelmann.com.br\/blog\/wp-json\/wp\/v2\/posts"}],"about":[{"href":"https:\/\/gersonguelmann.com.br\/blog\/wp-json\/wp\/v2\/types\/post"}],"author":[{"embeddable":true,"href":"https:\/\/gersonguelmann.com.br\/blog\/wp-json\/wp\/v2\/users\/5"}],"replies":[{"embeddable":true,"href":"https:\/\/gersonguelmann.com.br\/blog\/wp-json\/wp\/v2\/comments?post=13038"}],"version-history":[{"count":0,"href":"https:\/\/gersonguelmann.com.br\/blog\/wp-json\/wp\/v2\/posts\/13038\/revisions"}],"wp:featuredmedia":[{"embeddable":true,"href":"https:\/\/gersonguelmann.com.br\/blog\/wp-json\/wp\/v2\/media\/13039"}],"wp:attachment":[{"href":"https:\/\/gersonguelmann.com.br\/blog\/wp-json\/wp\/v2\/media?parent=13038"}],"wp:term":[{"taxonomy":"category","embeddable":true,"href":"https:\/\/gersonguelmann.com.br\/blog\/wp-json\/wp\/v2\/categories?post=13038"},{"taxonomy":"post_tag","embeddable":true,"href":"https:\/\/gersonguelmann.com.br\/blog\/wp-json\/wp\/v2\/tags?post=13038"}],"curies":[{"name":"wp","href":"https:\/\/api.w.org\/{rel}","templated":true}]}}