    {"id":13043,"date":"2018-05-18T21:32:19","date_gmt":"2018-05-19T00:32:19","guid":{"rendered":"https:\/\/gersonguelmann.com.br\/blog\/?p=13043"},"modified":"2018-05-18T21:32:19","modified_gmt":"2018-05-19T00:32:19","slug":"seinfeld-nao-deixou-nancy-sinatra-ver-pai-antes-de-morrer","status":"publish","type":"post","link":"https:\/\/gersonguelmann.com.br\/blog\/seinfeld-nao-deixou-nancy-sinatra-ver-pai-antes-de-morrer\/","title":{"rendered":"Seinfeld N\u00e3o Deixou Nancy Sinatra Ver o Pai Antes de Morrer"},"content":{"rendered":"<p><span style=\"font-family: georgia, palatino, serif; font-size: 18pt; color: #000000;\">Curiosidade da \u00e1rea de entretenimento:<\/span><\/p>\n<p><span style=\"font-family: georgia, palatino, serif; font-size: 18pt; color: #000000;\">Dia 14 de maio de 1998, h\u00e1 20 anos, portanto, foi ao ar o cap\u00edtulo final de Seinfeld, a premiad\u00edssima s\u00e9rie da NBC.<\/span><\/p>\n<p><span style=\"font-family: georgia, palatino, serif; font-size: 18pt; color: #000000;\"> Ap\u00f3s nove temporadas, 76 milh\u00f5es de americanos ficaram em casa ou reuniram-se em grupos para assistir o \u00faltimo epis\u00f3dio.<\/span><\/p>\n<p><span style=\"font-family: georgia, palatino, serif; font-size: 18pt; color: #000000;\">Estre esses espectadores estava a cantora Nancy Sinatra,\u00a0que morava a apenas cinco quarteir\u00f5es do pai, o ator e cantor Frank Sinatra.<\/span><\/p>\n<p><span style=\"font-family: georgia, palatino, serif; font-size: 18pt; color: #000000;\">O \u00faltimo cap\u00edtulo mal tinha come\u00e7ado quando B\u00e1rbara, a esposa de Sinatra, ligou para o 911. Uma ambul\u00e2ncia chegou ao endere\u00e7o em\u00a0Beverly Hills em 4 minutos, porque\u00a0as ruas da cidade estavam vazias.\u00a0<\/span><\/p>\n<p><span style=\"font-family: georgia, palatino, serif; font-size: 18pt; color: #000000;\">Os socorristas constataram que ele havia sofrido um ataque card\u00edaco e o transferiram para o hospital, mas Sinatra faleceu na mesma noite.<\/span><\/p>\n<p><span style=\"font-family: georgia, palatino, serif; font-size: 18pt; color: #000000;\">Nancy tinha planejado visitar o pai naquele dia, mas assim como grande parte dos americanos, decidiu ficar em casa e assistir a \u00faltima apresenta\u00e7\u00e3o de Jerry, Elaine, George e Kramer.<\/span><\/p>\n<p><span style=\"font-family: georgia, palatino, serif; font-size: 18pt; color: #000000;\">A aus\u00eancia de Nancy\u00a0 nos momentos finais de Frank acabou ocasionando uma briga em fam\u00edlia. Na ocasi\u00e3o ela disse que sua\u00a0maior tristeza era n\u00e3o ter estado l\u00e1 quando ele morreu.<\/span><\/p>\n<p><span style=\"font-family: georgia, palatino, serif; font-size: 18pt; color: #000000;\">Nancy teria dito:<br \/>\n<em>&#8211; &#8220;Eu sei que, para viver uma vida feliz, voc\u00ea deve se livrar da raiva e seguir em frente, mas eu estava a cinco minutos do hospital assistindo TV enquanto meu pai estava morrendo. Isso \u00e9 algo que eu nunca vou esquecer, muito menos perdoar.&#8221;<\/em><\/span><\/p>\n<p><span style=\"font-family: georgia, palatino, serif; font-size: 18pt; color: #000000;\">Outra curiosidade acerca dessa mesma noite \u00e9 que o cap\u00edtulo final de Seinfeld foi considerado um dos piores de toda a s\u00e9rie, a ponto de o pr\u00f3prio Jerry Seinfeld se arrepender da forma como foi escrito e produzido<\/span><\/p>\n<p style=\"text-align: center;\"><span style=\"font-family: georgia, palatino, serif; font-size: 18pt; color: #000000;\"><img data-recalc-dims=\"1\" fetchpriority=\"high\" decoding=\"async\" data-attachment-id=\"13048\" data-permalink=\"https:\/\/gersonguelmann.com.br\/blog\/seinfeld-nao-deixou-nancy-sinatra-ver-pai-antes-de-morrer\/screen-shot-2018-05-17-at-10-55-57-am\/\" data-orig-file=\"https:\/\/i0.wp.com\/gersonguelmann.com.br\/blog\/wp-content\/uploads\/2018\/05\/Screen-Shot-2018-05-17-at-10.55.57-AM.png?fit=1220%2C920&amp;ssl=1\" data-orig-size=\"1220,920\" data-comments-opened=\"1\" data-image-meta=\"{&quot;aperture&quot;:&quot;0&quot;,&quot;credit&quot;:&quot;&quot;,&quot;camera&quot;:&quot;&quot;,&quot;caption&quot;:&quot;&quot;,&quot;created_timestamp&quot;:&quot;0&quot;,&quot;copyright&quot;:&quot;&quot;,&quot;focal_length&quot;:&quot;0&quot;,&quot;iso&quot;:&quot;0&quot;,&quot;shutter_speed&quot;:&quot;0&quot;,&quot;title&quot;:&quot;&quot;,&quot;orientation&quot;:&quot;0&quot;}\" data-image-title=\"Screen-Shot-2018-05-17-at-10.55.57-AM\" data-image-description=\"\" data-image-caption=\"\" data-medium-file=\"https:\/\/i0.wp.com\/gersonguelmann.com.br\/blog\/wp-content\/uploads\/2018\/05\/Screen-Shot-2018-05-17-at-10.55.57-AM.png?fit=300%2C226&amp;ssl=1\" data-large-file=\"https:\/\/i0.wp.com\/gersonguelmann.com.br\/blog\/wp-content\/uploads\/2018\/05\/Screen-Shot-2018-05-17-at-10.55.57-AM.png?fit=640%2C483&amp;ssl=1\" class=\"alignnone size-medium wp-image-13048\" src=\"https:\/\/i0.wp.com\/gersonguelmann.com.br\/blog\/wp-content\/uploads\/2018\/05\/Screen-Shot-2018-05-17-at-10.55.57-AM.png?resize=300%2C226&#038;ssl=1\" alt=\"\" width=\"300\" height=\"226\" srcset=\"https:\/\/i0.wp.com\/gersonguelmann.com.br\/blog\/wp-content\/uploads\/2018\/05\/Screen-Shot-2018-05-17-at-10.55.57-AM.png?resize=300%2C226&amp;ssl=1 300w, https:\/\/i0.wp.com\/gersonguelmann.com.br\/blog\/wp-content\/uploads\/2018\/05\/Screen-Shot-2018-05-17-at-10.55.57-AM.png?resize=768%2C579&amp;ssl=1 768w, https:\/\/i0.wp.com\/gersonguelmann.com.br\/blog\/wp-content\/uploads\/2018\/05\/Screen-Shot-2018-05-17-at-10.55.57-AM.png?resize=1024%2C772&amp;ssl=1 1024w, https:\/\/i0.wp.com\/gersonguelmann.com.br\/blog\/wp-content\/uploads\/2018\/05\/Screen-Shot-2018-05-17-at-10.55.57-AM.png?w=1220&amp;ssl=1 1220w\" sizes=\"(max-width: 300px) 100vw, 300px\" \/><\/span><\/p>\n","protected":false},"excerpt":{"rendered":"<p>Curiosidade da \u00e1rea de entretenimento: Dia 14 de maio de 1998, h\u00e1 20 anos, portanto, foi ao ar o cap\u00edtulo final de Seinfeld, a premiad\u00edssima s\u00e9rie da NBC. Ap\u00f3s nove temporadas, 76 milh\u00f5es de americanos ficaram em casa ou reuniram-se em grupos para assistir o \u00faltimo epis\u00f3dio. Estre esses espectadores estava a cantora Nancy Sinatra,\u00a0que [&hellip;]<\/p>\n","protected":false},"author":5,"featured_media":13048,"comment_status":"open","ping_status":"open","sticky":false,"template":"","format":"standard","meta":{"_acf_changed":false,"jetpack_post_was_ever_published":false,"_jetpack_newsletter_access":"","_jetpack_dont_email_post_to_subs":false,"_jetpack_newsletter_tier_id":0,"_jetpack_memberships_contains_paywalled_content":false,"_jetpack_memberships_contains_paid_content":false,"footnotes":"","jetpack_publicize_message":"","jetpack_publicize_feature_enabled":true,"jetpack_social_post_already_shared":true,"jetpack_social_options":{"image_generator_settings":{"template":"highway","default_image_id":0,"font":"","enabled":false},"version":2}},"categories":[1],"tags":[],"class_list":["post-13043","post","type-post","status-publish","format-standard","has-post-thumbnail","hentry","category-sem-categoria"],"acf":[],"yoast_head":"<!-- This site is optimized with the Yoast SEO plugin v27.3 - https:\/\/yoast.com\/product\/yoast-seo-wordpress\/ -->\n<title>Seinfeld N\u00e3o Deixou Nancy Sinatra Ver o Pai Antes de Morrer | Blog do Guelmann<\/title>\n<meta name=\"robots\" content=\"index, follow, max-snippet:-1, max-image-preview:large, max-video-preview:-1\" \/>\n<link rel=\"canonical\" href=\"https:\/\/gersonguelmann.com.br\/blog\/seinfeld-nao-deixou-nancy-sinatra-ver-pai-antes-de-morrer\/\" \/>\n<meta property=\"og:locale\" content=\"pt_BR\" \/>\n<meta property=\"og:type\" content=\"article\" \/>\n<meta property=\"og:title\" content=\"Seinfeld N\u00e3o Deixou Nancy Sinatra Ver o Pai Antes de Morrer | Blog do Guelmann\" \/>\n<meta property=\"og:description\" content=\"Curiosidade da \u00e1rea de entretenimento: Dia 14 de maio de 1998, h\u00e1 20 anos, portanto, foi ao ar o cap\u00edtulo final de Seinfeld, a premiad\u00edssima s\u00e9rie da NBC. Ap\u00f3s nove temporadas, 76 milh\u00f5es de americanos ficaram em casa ou reuniram-se em grupos para assistir o \u00faltimo epis\u00f3dio. Estre esses espectadores estava a cantora Nancy Sinatra,\u00a0que [&hellip;]\" \/>\n<meta property=\"og:url\" content=\"https:\/\/gersonguelmann.com.br\/blog\/seinfeld-nao-deixou-nancy-sinatra-ver-pai-antes-de-morrer\/\" \/>\n<meta property=\"og:site_name\" content=\"Blog do Guelmann\" \/>\n<meta property=\"article:published_time\" content=\"2018-05-19T00:32:19+00:00\" \/>\n<meta property=\"og:image\" content=\"https:\/\/i0.wp.com\/gersonguelmann.com.br\/blog\/wp-content\/uploads\/2018\/05\/Screen-Shot-2018-05-17-at-10.55.57-AM.png?fit=1220%2C920&ssl=1\" \/>\n\t<meta property=\"og:image:width\" content=\"1220\" \/>\n\t<meta property=\"og:image:height\" content=\"920\" \/>\n\t<meta property=\"og:image:type\" content=\"image\/png\" \/>\n<meta name=\"author\" content=\"Gerson Guelmann\" \/>\n<meta name=\"twitter:card\" content=\"summary_large_image\" \/>\n<meta name=\"twitter:label1\" content=\"Escrito por\" \/>\n\t<meta name=\"twitter:data1\" content=\"Gerson Guelmann\" \/>\n\t<meta name=\"twitter:label2\" content=\"Est. tempo de leitura\" \/>\n\t<meta name=\"twitter:data2\" content=\"1 minuto\" \/>\n<script type=\"application\/ld+json\" class=\"yoast-schema-graph\">{\"@context\":\"https:\\\/\\\/schema.org\",\"@graph\":[{\"@type\":\"Article\",\"@id\":\"https:\\\/\\\/gersonguelmann.com.br\\\/blog\\\/seinfeld-nao-deixou-nancy-sinatra-ver-pai-antes-de-morrer\\\/#article\",\"isPartOf\":{\"@id\":\"https:\\\/\\\/gersonguelmann.com.br\\\/blog\\\/seinfeld-nao-deixou-nancy-sinatra-ver-pai-antes-de-morrer\\\/\"},\"author\":{\"name\":\"Gerson Guelmann\",\"@id\":\"https:\\\/\\\/gersonguelmann.com.br\\\/blog\\\/#\\\/schema\\\/person\\\/87e70e2a786888082f941a482c90569e\"},\"headline\":\"Seinfeld N\u00e3o Deixou Nancy Sinatra Ver o Pai Antes de Morrer\",\"datePublished\":\"2018-05-19T00:32:19+00:00\",\"mainEntityOfPage\":{\"@id\":\"https:\\\/\\\/gersonguelmann.com.br\\\/blog\\\/seinfeld-nao-deixou-nancy-sinatra-ver-pai-antes-de-morrer\\\/\"},\"wordCount\":297,\"commentCount\":0,\"image\":{\"@id\":\"https:\\\/\\\/gersonguelmann.com.br\\\/blog\\\/seinfeld-nao-deixou-nancy-sinatra-ver-pai-antes-de-morrer\\\/#primaryimage\"},\"thumbnailUrl\":\"https:\\\/\\\/i0.wp.com\\\/gersonguelmann.com.br\\\/blog\\\/wp-content\\\/uploads\\\/2018\\\/05\\\/Screen-Shot-2018-05-17-at-10.55.57-AM.png?fit=1220%2C920&ssl=1\",\"inLanguage\":\"pt-BR\",\"potentialAction\":[{\"@type\":\"CommentAction\",\"name\":\"Comment\",\"target\":[\"https:\\\/\\\/gersonguelmann.com.br\\\/blog\\\/seinfeld-nao-deixou-nancy-sinatra-ver-pai-antes-de-morrer\\\/#respond\"]}]},{\"@type\":\"WebPage\",\"@id\":\"https:\\\/\\\/gersonguelmann.com.br\\\/blog\\\/seinfeld-nao-deixou-nancy-sinatra-ver-pai-antes-de-morrer\\\/\",\"url\":\"https:\\\/\\\/gersonguelmann.com.br\\\/blog\\\/seinfeld-nao-deixou-nancy-sinatra-ver-pai-antes-de-morrer\\\/\",\"name\":\"Seinfeld N\u00e3o Deixou Nancy Sinatra Ver o Pai Antes de Morrer | Blog do Guelmann\",\"isPartOf\":{\"@id\":\"https:\\\/\\\/gersonguelmann.com.br\\\/blog\\\/#website\"},\"primaryImageOfPage\":{\"@id\":\"https:\\\/\\\/gersonguelmann.com.br\\\/blog\\\/seinfeld-nao-deixou-nancy-sinatra-ver-pai-antes-de-morrer\\\/#primaryimage\"},\"image\":{\"@id\":\"https:\\\/\\\/gersonguelmann.com.br\\\/blog\\\/seinfeld-nao-deixou-nancy-sinatra-ver-pai-antes-de-morrer\\\/#primaryimage\"},\"thumbnailUrl\":\"https:\\\/\\\/i0.wp.com\\\/gersonguelmann.com.br\\\/blog\\\/wp-content\\\/uploads\\\/2018\\\/05\\\/Screen-Shot-2018-05-17-at-10.55.57-AM.png?fit=1220%2C920&ssl=1\",\"datePublished\":\"2018-05-19T00:32:19+00:00\",\"author\":{\"@id\":\"https:\\\/\\\/gersonguelmann.com.br\\\/blog\\\/#\\\/schema\\\/person\\\/87e70e2a786888082f941a482c90569e\"},\"inLanguage\":\"pt-BR\",\"potentialAction\":[{\"@type\":\"ReadAction\",\"target\":[\"https:\\\/\\\/gersonguelmann.com.br\\\/blog\\\/seinfeld-nao-deixou-nancy-sinatra-ver-pai-antes-de-morrer\\\/\"]}]},{\"@type\":\"ImageObject\",\"inLanguage\":\"pt-BR\",\"@id\":\"https:\\\/\\\/gersonguelmann.com.br\\\/blog\\\/seinfeld-nao-deixou-nancy-sinatra-ver-pai-antes-de-morrer\\\/#primaryimage\",\"url\":\"https:\\\/\\\/i0.wp.com\\\/gersonguelmann.com.br\\\/blog\\\/wp-content\\\/uploads\\\/2018\\\/05\\\/Screen-Shot-2018-05-17-at-10.55.57-AM.png?fit=1220%2C920&ssl=1\",\"contentUrl\":\"https:\\\/\\\/i0.wp.com\\\/gersonguelmann.com.br\\\/blog\\\/wp-content\\\/uploads\\\/2018\\\/05\\\/Screen-Shot-2018-05-17-at-10.55.57-AM.png?fit=1220%2C920&ssl=1\",\"width\":1220,\"height\":920},{\"@type\":\"WebSite\",\"@id\":\"https:\\\/\\\/gersonguelmann.com.br\\\/blog\\\/#website\",\"url\":\"https:\\\/\\\/gersonguelmann.com.br\\\/blog\\\/\",\"name\":\"Blog do Guelmann\",\"description\":\"Pitadas da sabedoria e do humor judaicos, assuntos do momento e um pouco das hist\u00f3rias que vivi e testemunhei.\",\"potentialAction\":[{\"@type\":\"SearchAction\",\"target\":{\"@type\":\"EntryPoint\",\"urlTemplate\":\"https:\\\/\\\/gersonguelmann.com.br\\\/blog\\\/?s={search_term_string}\"},\"query-input\":{\"@type\":\"PropertyValueSpecification\",\"valueRequired\":true,\"valueName\":\"search_term_string\"}}],\"inLanguage\":\"pt-BR\"},{\"@type\":\"Person\",\"@id\":\"https:\\\/\\\/gersonguelmann.com.br\\\/blog\\\/#\\\/schema\\\/person\\\/87e70e2a786888082f941a482c90569e\",\"name\":\"Gerson Guelmann\",\"image\":{\"@type\":\"ImageObject\",\"inLanguage\":\"pt-BR\",\"@id\":\"https:\\\/\\\/i0.wp.com\\\/gersonguelmann.com.br\\\/blog\\\/wp-content\\\/uploads\\\/2021\\\/08\\\/BLOG.jpeg?fit=96%2C96&ssl=1\",\"url\":\"https:\\\/\\\/i0.wp.com\\\/gersonguelmann.com.br\\\/blog\\\/wp-content\\\/uploads\\\/2021\\\/08\\\/BLOG.jpeg?fit=96%2C96&ssl=1\",\"contentUrl\":\"https:\\\/\\\/i0.wp.com\\\/gersonguelmann.com.br\\\/blog\\\/wp-content\\\/uploads\\\/2021\\\/08\\\/BLOG.jpeg?fit=96%2C96&ssl=1\",\"caption\":\"Gerson Guelmann\"},\"description\":\"Pitadas da sabedoria e do humor judaicos, assuntos do momento e um pouco das hist\u00f3rias que vivi e testemunhei.\"}]}<\/script>\n<!-- \/ Yoast SEO plugin. -->","yoast_head_json":{"title":"Seinfeld N\u00e3o Deixou Nancy Sinatra Ver o Pai Antes de Morrer | Blog do Guelmann","robots":{"index":"index","follow":"follow","max-snippet":"max-snippet:-1","max-image-preview":"max-image-preview:large","max-video-preview":"max-video-preview:-1"},"canonical":"https:\/\/gersonguelmann.com.br\/blog\/seinfeld-nao-deixou-nancy-sinatra-ver-pai-antes-de-morrer\/","og_locale":"pt_BR","og_type":"article","og_title":"Seinfeld N\u00e3o Deixou Nancy Sinatra Ver o Pai Antes de Morrer | Blog do Guelmann","og_description":"Curiosidade da \u00e1rea de entretenimento: Dia 14 de maio de 1998, h\u00e1 20 anos, portanto, foi ao ar o cap\u00edtulo final de Seinfeld, a premiad\u00edssima s\u00e9rie da NBC. Ap\u00f3s nove temporadas, 76 milh\u00f5es de americanos ficaram em casa ou reuniram-se em grupos para assistir o \u00faltimo epis\u00f3dio. Estre esses espectadores estava a cantora Nancy Sinatra,\u00a0que [&hellip;]","og_url":"https:\/\/gersonguelmann.com.br\/blog\/seinfeld-nao-deixou-nancy-sinatra-ver-pai-antes-de-morrer\/","og_site_name":"Blog do Guelmann","article_published_time":"2018-05-19T00:32:19+00:00","og_image":[{"width":1220,"height":920,"url":"https:\/\/i0.wp.com\/gersonguelmann.com.br\/blog\/wp-content\/uploads\/2018\/05\/Screen-Shot-2018-05-17-at-10.55.57-AM.png?fit=1220%2C920&ssl=1","type":"image\/png"}],"author":"Gerson Guelmann","twitter_card":"summary_large_image","twitter_misc":{"Escrito por":"Gerson Guelmann","Est. tempo de leitura":"1 minuto"},"schema":{"@context":"https:\/\/schema.org","@graph":[{"@type":"Article","@id":"https:\/\/gersonguelmann.com.br\/blog\/seinfeld-nao-deixou-nancy-sinatra-ver-pai-antes-de-morrer\/#article","isPartOf":{"@id":"https:\/\/gersonguelmann.com.br\/blog\/seinfeld-nao-deixou-nancy-sinatra-ver-pai-antes-de-morrer\/"},"author":{"name":"Gerson Guelmann","@id":"https:\/\/gersonguelmann.com.br\/blog\/#\/schema\/person\/87e70e2a786888082f941a482c90569e"},"headline":"Seinfeld N\u00e3o Deixou Nancy Sinatra Ver o Pai Antes de Morrer","datePublished":"2018-05-19T00:32:19+00:00","mainEntityOfPage":{"@id":"https:\/\/gersonguelmann.com.br\/blog\/seinfeld-nao-deixou-nancy-sinatra-ver-pai-antes-de-morrer\/"},"wordCount":297,"commentCount":0,"image":{"@id":"https:\/\/gersonguelmann.com.br\/blog\/seinfeld-nao-deixou-nancy-sinatra-ver-pai-antes-de-morrer\/#primaryimage"},"thumbnailUrl":"https:\/\/i0.wp.com\/gersonguelmann.com.br\/blog\/wp-content\/uploads\/2018\/05\/Screen-Shot-2018-05-17-at-10.55.57-AM.png?fit=1220%2C920&ssl=1","inLanguage":"pt-BR","potentialAction":[{"@type":"CommentAction","name":"Comment","target":["https:\/\/gersonguelmann.com.br\/blog\/seinfeld-nao-deixou-nancy-sinatra-ver-pai-antes-de-morrer\/#respond"]}]},{"@type":"WebPage","@id":"https:\/\/gersonguelmann.com.br\/blog\/seinfeld-nao-deixou-nancy-sinatra-ver-pai-antes-de-morrer\/","url":"https:\/\/gersonguelmann.com.br\/blog\/seinfeld-nao-deixou-nancy-sinatra-ver-pai-antes-de-morrer\/","name":"Seinfeld N\u00e3o Deixou Nancy Sinatra Ver o Pai Antes de Morrer | Blog do Guelmann","isPartOf":{"@id":"https:\/\/gersonguelmann.com.br\/blog\/#website"},"primaryImageOfPage":{"@id":"https:\/\/gersonguelmann.com.br\/blog\/seinfeld-nao-deixou-nancy-sinatra-ver-pai-antes-de-morrer\/#primaryimage"},"image":{"@id":"https:\/\/gersonguelmann.com.br\/blog\/seinfeld-nao-deixou-nancy-sinatra-ver-pai-antes-de-morrer\/#primaryimage"},"thumbnailUrl":"https:\/\/i0.wp.com\/gersonguelmann.com.br\/blog\/wp-content\/uploads\/2018\/05\/Screen-Shot-2018-05-17-at-10.55.57-AM.png?fit=1220%2C920&ssl=1","datePublished":"2018-05-19T00:32:19+00:00","author":{"@id":"https:\/\/gersonguelmann.com.br\/blog\/#\/schema\/person\/87e70e2a786888082f941a482c90569e"},"inLanguage":"pt-BR","potentialAction":[{"@type":"ReadAction","target":["https:\/\/gersonguelmann.com.br\/blog\/seinfeld-nao-deixou-nancy-sinatra-ver-pai-antes-de-morrer\/"]}]},{"@type":"ImageObject","inLanguage":"pt-BR","@id":"https:\/\/gersonguelmann.com.br\/blog\/seinfeld-nao-deixou-nancy-sinatra-ver-pai-antes-de-morrer\/#primaryimage","url":"https:\/\/i0.wp.com\/gersonguelmann.com.br\/blog\/wp-content\/uploads\/2018\/05\/Screen-Shot-2018-05-17-at-10.55.57-AM.png?fit=1220%2C920&ssl=1","contentUrl":"https:\/\/i0.wp.com\/gersonguelmann.com.br\/blog\/wp-content\/uploads\/2018\/05\/Screen-Shot-2018-05-17-at-10.55.57-AM.png?fit=1220%2C920&ssl=1","width":1220,"height":920},{"@type":"WebSite","@id":"https:\/\/gersonguelmann.com.br\/blog\/#website","url":"https:\/\/gersonguelmann.com.br\/blog\/","name":"Blog do Guelmann","description":"Pitadas da sabedoria e do humor judaicos, assuntos do momento e um pouco das hist\u00f3rias que vivi e testemunhei.","potentialAction":[{"@type":"SearchAction","target":{"@type":"EntryPoint","urlTemplate":"https:\/\/gersonguelmann.com.br\/blog\/?s={search_term_string}"},"query-input":{"@type":"PropertyValueSpecification","valueRequired":true,"valueName":"search_term_string"}}],"inLanguage":"pt-BR"},{"@type":"Person","@id":"https:\/\/gersonguelmann.com.br\/blog\/#\/schema\/person\/87e70e2a786888082f941a482c90569e","name":"Gerson Guelmann","image":{"@type":"ImageObject","inLanguage":"pt-BR","@id":"https:\/\/i0.wp.com\/gersonguelmann.com.br\/blog\/wp-content\/uploads\/2021\/08\/BLOG.jpeg?fit=96%2C96&ssl=1","url":"https:\/\/i0.wp.com\/gersonguelmann.com.br\/blog\/wp-content\/uploads\/2021\/08\/BLOG.jpeg?fit=96%2C96&ssl=1","contentUrl":"https:\/\/i0.wp.com\/gersonguelmann.com.br\/blog\/wp-content\/uploads\/2021\/08\/BLOG.jpeg?fit=96%2C96&ssl=1","caption":"Gerson Guelmann"},"description":"Pitadas da sabedoria e do humor judaicos, assuntos do momento e um pouco das hist\u00f3rias que vivi e testemunhei."}]}},"views":88,"jetpack_publicize_connections":[],"jetpack_featured_media_url":"https:\/\/i0.wp.com\/gersonguelmann.com.br\/blog\/wp-content\/uploads\/2018\/05\/Screen-Shot-2018-05-17-at-10.55.57-AM.png?fit=1220%2C920&ssl=1","jetpack_shortlink":"https:\/\/wp.me\/p96e7O-3on","jetpack-related-posts":[{"id":18125,"url":"https:\/\/gersonguelmann.com.br\/blog\/all-the-way-com-celine-dion-frank-sinatra\/","url_meta":{"origin":13043,"position":0},"title":"All The Way, com Celine Dion &#038; Frank Sinatra","author":"Gerson Guelmann","date":"24 de agosto de 2019","format":false,"excerpt":"Fant\u00e1stica grava\u00e7\u00e3o re\u00fane as vozes de Celine Dion e do imortal Frank Sinatra, que foi um dos melhores int\u00e9rpretes de All The Way. O \"encontro\" dos dois s\u00f3 foi poss\u00edvel gra\u00e7as \u00e0 tecnologia, j\u00e1 que a grava\u00e7\u00e3o original \u00e9 de 1957 e Celine Dion nasceu em 1968. J\u00e1 a postagem\u2026","rel":"","context":"Em &quot;Sem categoria&quot;","block_context":{"text":"Sem categoria","link":"https:\/\/gersonguelmann.com.br\/blog\/category\/sem-categoria\/"},"img":{"alt_text":"","src":"https:\/\/i0.wp.com\/gersonguelmann.com.br\/blog\/wp-content\/uploads\/2019\/08\/celinedion_franksinatra_grammyconcert.jpg?fit=1200%2C900&ssl=1&resize=350%2C200","width":350,"height":200,"srcset":"https:\/\/i0.wp.com\/gersonguelmann.com.br\/blog\/wp-content\/uploads\/2019\/08\/celinedion_franksinatra_grammyconcert.jpg?fit=1200%2C900&ssl=1&resize=350%2C200 1x, https:\/\/i0.wp.com\/gersonguelmann.com.br\/blog\/wp-content\/uploads\/2019\/08\/celinedion_franksinatra_grammyconcert.jpg?fit=1200%2C900&ssl=1&resize=525%2C300 1.5x, https:\/\/i0.wp.com\/gersonguelmann.com.br\/blog\/wp-content\/uploads\/2019\/08\/celinedion_franksinatra_grammyconcert.jpg?fit=1200%2C900&ssl=1&resize=700%2C400 2x, https:\/\/i0.wp.com\/gersonguelmann.com.br\/blog\/wp-content\/uploads\/2019\/08\/celinedion_franksinatra_grammyconcert.jpg?fit=1200%2C900&ssl=1&resize=1050%2C600 3x"},"classes":[]},{"id":23031,"url":"https:\/\/gersonguelmann.com.br\/blog\/perolas-do-humor-judaico\/","url_meta":{"origin":13043,"position":1},"title":"P\u00e9rolas do Humor Judaico","author":"Gerson Guelmann","date":"8 de fevereiro de 2023","format":false,"excerpt":"Esc\u00e2ndalo na Fam\u00edlia (\u00b9) Um jovem judeu de Salonica (\u00b2) disse ao pai que precisava conversar sobre um assunto muito importante, coisa de homem para homem. Come\u00e7ou dizendo que queria casar com uma mo\u00e7a por quem estava apaixonado. Curioso, o pai perguntou quem ela era: - \"\u00c9 a Chochana Torres,\u2026","rel":"","context":"Em &quot;Sem categoria&quot;","block_context":{"text":"Sem categoria","link":"https:\/\/gersonguelmann.com.br\/blog\/category\/sem-categoria\/"},"img":{"alt_text":"","src":"https:\/\/i0.wp.com\/gersonguelmann.com.br\/blog\/wp-content\/uploads\/2023\/02\/HojePR.png?fit=950%2C1200&ssl=1&resize=350%2C200","width":350,"height":200,"srcset":"https:\/\/i0.wp.com\/gersonguelmann.com.br\/blog\/wp-content\/uploads\/2023\/02\/HojePR.png?fit=950%2C1200&ssl=1&resize=350%2C200 1x, https:\/\/i0.wp.com\/gersonguelmann.com.br\/blog\/wp-content\/uploads\/2023\/02\/HojePR.png?fit=950%2C1200&ssl=1&resize=525%2C300 1.5x, https:\/\/i0.wp.com\/gersonguelmann.com.br\/blog\/wp-content\/uploads\/2023\/02\/HojePR.png?fit=950%2C1200&ssl=1&resize=700%2C400 2x"},"classes":[]},{"id":13985,"url":"https:\/\/gersonguelmann.com.br\/blog\/na-russia-filhos-homenageiam-o-pai-torcedor-simbolo-do-7-x-1\/","url_meta":{"origin":13043,"position":2},"title":"Na R\u00fassia, Filhos Homenageiam o Pai Torcedor S\u00edmbolo do 7 x 1","author":"Gerson Guelmann","date":"15 de junho de 2018","format":false,"excerpt":"Reportagem do site Metr\u00f3poles, de hoje: Homenagem de filhos ao torcedor s\u00edmbolo do 7 x 1 emociona a web O ga\u00facho de Porto Alegre morreu, em 2016, ap\u00f3s perder uma batalha contra um c\u00e2ncer ATAIDE DE ALMEIDA JR. 15\/06\/2018 12:07 Uma das imagens mais marcantes da Copa de 2014 foi\u2026","rel":"","context":"Em &quot;Sem categoria&quot;","block_context":{"text":"Sem categoria","link":"https:\/\/gersonguelmann.com.br\/blog\/category\/sem-categoria\/"},"img":{"alt_text":"","src":"https:\/\/i0.wp.com\/gersonguelmann.com.br\/blog\/wp-content\/uploads\/2018\/06\/1-8.jpg?fit=840%2C560&ssl=1&resize=350%2C200","width":350,"height":200,"srcset":"https:\/\/i0.wp.com\/gersonguelmann.com.br\/blog\/wp-content\/uploads\/2018\/06\/1-8.jpg?fit=840%2C560&ssl=1&resize=350%2C200 1x, https:\/\/i0.wp.com\/gersonguelmann.com.br\/blog\/wp-content\/uploads\/2018\/06\/1-8.jpg?fit=840%2C560&ssl=1&resize=525%2C300 1.5x, https:\/\/i0.wp.com\/gersonguelmann.com.br\/blog\/wp-content\/uploads\/2018\/06\/1-8.jpg?fit=840%2C560&ssl=1&resize=700%2C400 2x"},"classes":[]},{"id":14497,"url":"https:\/\/gersonguelmann.com.br\/blog\/para-as-mulheres-que-estao-chegando-aos-60\/","url_meta":{"origin":13043,"position":3},"title":"Para As Mulheres Que Est\u00e3o Chegando Aos 60","author":"Gerson Guelmann","date":"6 de abril de 2019","format":false,"excerpt":"O texto abaixo, de Regina de Castro Pompeu, foi terceiro colocado no Pr\u00eamio Longevidade Bradesco em 2011: Ao completar sessenta anos, lembrei do filme \u201cDe repente 30\u201d, em que a adolescente, em seu anivers\u00e1rio, ansiosa por chegar logo \u00e0 idade adulta, formula um desejo e se v\u00ea repentinamente com trinta\u2026","rel":"","context":"Em &quot;Sem categoria&quot;","block_context":{"text":"Sem categoria","link":"https:\/\/gersonguelmann.com.br\/blog\/category\/sem-categoria\/"},"img":{"alt_text":"","src":"https:\/\/i0.wp.com\/gersonguelmann.com.br\/blog\/wp-content\/uploads\/2019\/04\/60.jpg?fit=750%2C500&ssl=1&resize=350%2C200","width":350,"height":200,"srcset":"https:\/\/i0.wp.com\/gersonguelmann.com.br\/blog\/wp-content\/uploads\/2019\/04\/60.jpg?fit=750%2C500&ssl=1&resize=350%2C200 1x, https:\/\/i0.wp.com\/gersonguelmann.com.br\/blog\/wp-content\/uploads\/2019\/04\/60.jpg?fit=750%2C500&ssl=1&resize=525%2C300 1.5x, https:\/\/i0.wp.com\/gersonguelmann.com.br\/blog\/wp-content\/uploads\/2019\/04\/60.jpg?fit=750%2C500&ssl=1&resize=700%2C400 2x"},"classes":[]},{"id":7507,"url":"https:\/\/gersonguelmann.com.br\/blog\/frases-dos-melhores-humoristas-judeus-34\/","url_meta":{"origin":13043,"position":4},"title":"Frases dos Melhores Humoristas Judeus (34)","author":"Gerson Guelmann","date":"10 de agosto de 2021","format":false,"excerpt":"*\u00a0Rodney Dangerfield\u00a0(Jacob Cohen \u2013 Long Island, 22\/11\/1921 \u2013 Los Angeles, 5\/10\/2004) - \"Quando nasci meu pai n\u00e3o ficou feliz, ele disse que queria um menino\". *\u00a0Jerry Lewis\u00a0(Joseph Levitch \u2013 Newark, 16\/3\/1926 \u2013 Las Vegas, 20\/8\/2017) - \u00a8Todos sabem como criar as crian\u00e7as, menos os pais delas\". * Larry David\u00a0(Lawrence Gene\u2026","rel":"","context":"Em &quot;Sem categoria&quot;","block_context":{"text":"Sem categoria","link":"https:\/\/gersonguelmann.com.br\/blog\/category\/sem-categoria\/"},"img":{"alt_text":"","src":"https:\/\/i0.wp.com\/gersonguelmann.com.br\/blog\/wp-content\/uploads\/2018\/01\/Sopa.jpg?fit=1200%2C800&ssl=1&resize=350%2C200","width":350,"height":200,"srcset":"https:\/\/i0.wp.com\/gersonguelmann.com.br\/blog\/wp-content\/uploads\/2018\/01\/Sopa.jpg?fit=1200%2C800&ssl=1&resize=350%2C200 1x, https:\/\/i0.wp.com\/gersonguelmann.com.br\/blog\/wp-content\/uploads\/2018\/01\/Sopa.jpg?fit=1200%2C800&ssl=1&resize=525%2C300 1.5x, https:\/\/i0.wp.com\/gersonguelmann.com.br\/blog\/wp-content\/uploads\/2018\/01\/Sopa.jpg?fit=1200%2C800&ssl=1&resize=700%2C400 2x, https:\/\/i0.wp.com\/gersonguelmann.com.br\/blog\/wp-content\/uploads\/2018\/01\/Sopa.jpg?fit=1200%2C800&ssl=1&resize=1050%2C600 3x"},"classes":[]},{"id":8460,"url":"https:\/\/gersonguelmann.com.br\/blog\/para-voce-que-ainda-tem-pais-fabricio-carpinejar\/","url_meta":{"origin":13043,"position":5},"title":"Para Voc\u00ea Que Ainda Tem Pais (Fabr\u00edcio Carpinejar)","author":"Gerson Guelmann","date":"12 de fevereiro de 2018","format":false,"excerpt":"\"H\u00e1 uma quebra na hist\u00f3ria familiar onde as idades se acumulam e se sobrep\u00f5em e a ordem natural n\u00e3o tem sentido: \u00e9 quando o filho se torna pai de seu pai. \u00c9 quando o pai envelhece e come\u00e7a a trotear como se estivesse dentro de uma n\u00e9voa. Lento, devagar, impreciso.\u2026","rel":"","context":"Em &quot;Sem categoria&quot;","block_context":{"text":"Sem categoria","link":"https:\/\/gersonguelmann.com.br\/blog\/category\/sem-categoria\/"},"img":{"alt_text":"","src":"https:\/\/i0.wp.com\/gersonguelmann.com.br\/blog\/wp-content\/uploads\/2018\/02\/Pai-e-Filho.jpg?fit=500%2C376&ssl=1&resize=350%2C200","width":350,"height":200},"classes":[]}],"jetpack_sharing_enabled":true,"post_mailing_queue_ids":[],"_links":{"self":[{"href":"https:\/\/gersonguelmann.com.br\/blog\/wp-json\/wp\/v2\/posts\/13043","targetHints":{"allow":["GET"]}}],"collection":[{"href":"https:\/\/gersonguelmann.com.br\/blog\/wp-json\/wp\/v2\/posts"}],"about":[{"href":"https:\/\/gersonguelmann.com.br\/blog\/wp-json\/wp\/v2\/types\/post"}],"author":[{"embeddable":true,"href":"https:\/\/gersonguelmann.com.br\/blog\/wp-json\/wp\/v2\/users\/5"}],"replies":[{"embeddable":true,"href":"https:\/\/gersonguelmann.com.br\/blog\/wp-json\/wp\/v2\/comments?post=13043"}],"version-history":[{"count":0,"href":"https:\/\/gersonguelmann.com.br\/blog\/wp-json\/wp\/v2\/posts\/13043\/revisions"}],"wp:featuredmedia":[{"embeddable":true,"href":"https:\/\/gersonguelmann.com.br\/blog\/wp-json\/wp\/v2\/media\/13048"}],"wp:attachment":[{"href":"https:\/\/gersonguelmann.com.br\/blog\/wp-json\/wp\/v2\/media?parent=13043"}],"wp:term":[{"taxonomy":"category","embeddable":true,"href":"https:\/\/gersonguelmann.com.br\/blog\/wp-json\/wp\/v2\/categories?post=13043"},{"taxonomy":"post_tag","embeddable":true,"href":"https:\/\/gersonguelmann.com.br\/blog\/wp-json\/wp\/v2\/tags?post=13043"}],"curies":[{"name":"wp","href":"https:\/\/api.w.org\/{rel}","templated":true}]}}