    {"id":13050,"date":"2018-05-18T22:37:59","date_gmt":"2018-05-19T01:37:59","guid":{"rendered":"https:\/\/gersonguelmann.com.br\/blog\/?p=13050"},"modified":"2018-05-18T22:38:21","modified_gmt":"2018-05-19T01:38:21","slug":"casa-da-estacao-uma-joia-em-morretes","status":"publish","type":"post","link":"https:\/\/gersonguelmann.com.br\/blog\/casa-da-estacao-uma-joia-em-morretes\/","title":{"rendered":"Casa da Esta\u00e7\u00e3o, uma Joia em Morretes"},"content":{"rendered":"<p><img data-recalc-dims=\"1\" fetchpriority=\"high\" decoding=\"async\" data-attachment-id=\"13051\" data-permalink=\"https:\/\/gersonguelmann.com.br\/blog\/casa-da-estacao-uma-joia-em-morretes\/2-14\/\" data-orig-file=\"https:\/\/i0.wp.com\/gersonguelmann.com.br\/blog\/wp-content\/uploads\/2018\/05\/2-6.jpg?fit=1024%2C683&amp;ssl=1\" data-orig-size=\"1024,683\" data-comments-opened=\"1\" data-image-meta=\"{&quot;aperture&quot;:&quot;0&quot;,&quot;credit&quot;:&quot;&quot;,&quot;camera&quot;:&quot;&quot;,&quot;caption&quot;:&quot;&quot;,&quot;created_timestamp&quot;:&quot;0&quot;,&quot;copyright&quot;:&quot;&quot;,&quot;focal_length&quot;:&quot;0&quot;,&quot;iso&quot;:&quot;0&quot;,&quot;shutter_speed&quot;:&quot;0&quot;,&quot;title&quot;:&quot;&quot;,&quot;orientation&quot;:&quot;0&quot;}\" data-image-title=\"2\" data-image-description=\"\" data-image-caption=\"\" data-medium-file=\"https:\/\/i0.wp.com\/gersonguelmann.com.br\/blog\/wp-content\/uploads\/2018\/05\/2-6.jpg?fit=300%2C200&amp;ssl=1\" data-large-file=\"https:\/\/i0.wp.com\/gersonguelmann.com.br\/blog\/wp-content\/uploads\/2018\/05\/2-6.jpg?fit=640%2C427&amp;ssl=1\" class=\"alignnone size-medium wp-image-13051 alignright\" src=\"https:\/\/i0.wp.com\/gersonguelmann.com.br\/blog\/wp-content\/uploads\/2018\/05\/2-6.jpg?resize=300%2C200&#038;ssl=1\" alt=\"\" width=\"300\" height=\"200\" srcset=\"https:\/\/i0.wp.com\/gersonguelmann.com.br\/blog\/wp-content\/uploads\/2018\/05\/2-6.jpg?resize=300%2C200&amp;ssl=1 300w, https:\/\/i0.wp.com\/gersonguelmann.com.br\/blog\/wp-content\/uploads\/2018\/05\/2-6.jpg?resize=768%2C512&amp;ssl=1 768w, https:\/\/i0.wp.com\/gersonguelmann.com.br\/blog\/wp-content\/uploads\/2018\/05\/2-6.jpg?w=1024&amp;ssl=1 1024w, https:\/\/i0.wp.com\/gersonguelmann.com.br\/blog\/wp-content\/uploads\/2018\/05\/2-6.jpg?resize=750%2C500&amp;ssl=1 750w\" sizes=\"(max-width: 300px) 100vw, 300px\" \/><\/p>\n<p><span style=\"font-family: georgia, palatino, serif; font-size: 18pt; color: #000000;\">Essa postagem \u00e9 especial para os amigos do Blog, que ao final do texto encontrar\u00e3o uma promo\u00e7\u00e3o especial.<\/span><\/p>\n<p><span style=\"font-family: georgia, palatino, serif; font-size: 18pt; color: #000000;\">Morretes, uma das mais charmosas cidades do Paran\u00e1, conta agora com mais uma excelente op\u00e7\u00e3o de hospedagem, a Casa da Esta\u00e7\u00e3o.<\/span><\/p>\n<p><span style=\"font-family: georgia, palatino, serif; font-size: 18pt; color: #000000;\"><span style=\"font-weight: 400;\">Trata-se de uma casa centen\u00e1ria muito charmosa, com um jardim que ocupa 8 mil m\u00b2, com mais de 100 \u00e1rvores, p<\/span><span style=\"font-weight: 400;\">erto de trilhas, rios e cachoeiras e a a passos do centrinho hist\u00f3rico de Morretes e da esta\u00e7\u00e3o de trem. <\/span><span style=\"font-weight: 400;\"><br \/>\n<\/span><span style=\"font-weight: 400;\"><br \/>\n<\/span><span style=\"font-weight: 400;\">A Casa da Esta\u00e7\u00e3o tem 4 su\u00edtes duplas e 2 su\u00edtes qu\u00e1druplas, uma piscina no jardim, horta e uma cozinha comunit\u00e1ria toda equipada (incluindo churrasqueira).\u00a0<\/span><\/span><\/p>\n<p><span style=\"font-family: georgia, palatino, serif; font-size: 18pt; color: #000000;\"><span style=\"font-weight: 400;\"><img data-recalc-dims=\"1\" decoding=\"async\" data-attachment-id=\"13052\" data-permalink=\"https:\/\/gersonguelmann.com.br\/blog\/casa-da-estacao-uma-joia-em-morretes\/3-8\/\" data-orig-file=\"https:\/\/i0.wp.com\/gersonguelmann.com.br\/blog\/wp-content\/uploads\/2018\/05\/3-4.jpg?fit=1024%2C683&amp;ssl=1\" data-orig-size=\"1024,683\" data-comments-opened=\"1\" data-image-meta=\"{&quot;aperture&quot;:&quot;0&quot;,&quot;credit&quot;:&quot;&quot;,&quot;camera&quot;:&quot;&quot;,&quot;caption&quot;:&quot;&quot;,&quot;created_timestamp&quot;:&quot;0&quot;,&quot;copyright&quot;:&quot;&quot;,&quot;focal_length&quot;:&quot;0&quot;,&quot;iso&quot;:&quot;0&quot;,&quot;shutter_speed&quot;:&quot;0&quot;,&quot;title&quot;:&quot;&quot;,&quot;orientation&quot;:&quot;0&quot;}\" data-image-title=\"3\" data-image-description=\"\" data-image-caption=\"\" data-medium-file=\"https:\/\/i0.wp.com\/gersonguelmann.com.br\/blog\/wp-content\/uploads\/2018\/05\/3-4.jpg?fit=300%2C200&amp;ssl=1\" data-large-file=\"https:\/\/i0.wp.com\/gersonguelmann.com.br\/blog\/wp-content\/uploads\/2018\/05\/3-4.jpg?fit=640%2C427&amp;ssl=1\" class=\"size-medium wp-image-13052 alignleft\" src=\"https:\/\/i0.wp.com\/gersonguelmann.com.br\/blog\/wp-content\/uploads\/2018\/05\/3-4.jpg?resize=300%2C200&#038;ssl=1\" alt=\"\" width=\"300\" height=\"200\" srcset=\"https:\/\/i0.wp.com\/gersonguelmann.com.br\/blog\/wp-content\/uploads\/2018\/05\/3-4.jpg?resize=300%2C200&amp;ssl=1 300w, https:\/\/i0.wp.com\/gersonguelmann.com.br\/blog\/wp-content\/uploads\/2018\/05\/3-4.jpg?resize=768%2C512&amp;ssl=1 768w, https:\/\/i0.wp.com\/gersonguelmann.com.br\/blog\/wp-content\/uploads\/2018\/05\/3-4.jpg?w=1024&amp;ssl=1 1024w, https:\/\/i0.wp.com\/gersonguelmann.com.br\/blog\/wp-content\/uploads\/2018\/05\/3-4.jpg?resize=750%2C500&amp;ssl=1 750w\" sizes=\"(max-width: 300px) 100vw, 300px\" \/><\/span><span style=\"font-weight: 400;\"><br \/>\n<\/span><b>Hist\u00f3ria da Casa da Esta\u00e7\u00e3o<\/b><\/span><\/p>\n<p><span style=\"font-weight: 400; font-family: georgia, palatino, serif; font-size: 18pt; color: #000000;\">A Carol \u00e9 de Curitiba, e frequentava Morretes desde sempre. Quando voltou da Nova Zel\u00e2ndia, passou a descer a Serra da Graciosa com mais frequ\u00eancia. Em 2016, descobriu que a Casa da Esta\u00e7\u00e3o estava \u00e0 venda, e falou para o Pedro (marido), a ideia de comprar a casa, e ele embarcou na aventura.<\/span><\/p>\n<p><span style=\"font-family: georgia, palatino, serif; font-size: 18pt; color: #000000;\"><span style=\"font-weight: 400;\">Levaram a prima para conhecer a casa. A Heli, que mora no Rio, tamb\u00e9m se apaixonou casa. Al\u00e9m do charme da constru\u00e7\u00e3o centen\u00e1ria e da varanda enorme, ficou encantada com o jardim. Seus filhos, Nicholas e Bianca, amaram o lugar e isso contou muito na decis\u00e3o!<\/span><\/span><\/p>\n<p style=\"text-align: left;\"><span style=\"font-family: georgia, palatino, serif; font-size: 18pt; color: #000000;\"><span style=\"font-weight: 400;\"><img data-recalc-dims=\"1\" decoding=\"async\" data-attachment-id=\"13054\" data-permalink=\"https:\/\/gersonguelmann.com.br\/blog\/casa-da-estacao-uma-joia-em-morretes\/4-6\/\" data-orig-file=\"https:\/\/i0.wp.com\/gersonguelmann.com.br\/blog\/wp-content\/uploads\/2018\/05\/4-4.jpg?fit=1024%2C704&amp;ssl=1\" data-orig-size=\"1024,704\" data-comments-opened=\"1\" data-image-meta=\"{&quot;aperture&quot;:&quot;0&quot;,&quot;credit&quot;:&quot;&quot;,&quot;camera&quot;:&quot;&quot;,&quot;caption&quot;:&quot;&quot;,&quot;created_timestamp&quot;:&quot;0&quot;,&quot;copyright&quot;:&quot;&quot;,&quot;focal_length&quot;:&quot;0&quot;,&quot;iso&quot;:&quot;0&quot;,&quot;shutter_speed&quot;:&quot;0&quot;,&quot;title&quot;:&quot;&quot;,&quot;orientation&quot;:&quot;0&quot;}\" data-image-title=\"4\" data-image-description=\"\" data-image-caption=\"\" data-medium-file=\"https:\/\/i0.wp.com\/gersonguelmann.com.br\/blog\/wp-content\/uploads\/2018\/05\/4-4.jpg?fit=300%2C206&amp;ssl=1\" data-large-file=\"https:\/\/i0.wp.com\/gersonguelmann.com.br\/blog\/wp-content\/uploads\/2018\/05\/4-4.jpg?fit=640%2C440&amp;ssl=1\" class=\"size-medium wp-image-13054 alignright\" src=\"https:\/\/i0.wp.com\/gersonguelmann.com.br\/blog\/wp-content\/uploads\/2018\/05\/4-4.jpg?resize=300%2C206&#038;ssl=1\" alt=\"\" width=\"300\" height=\"206\" srcset=\"https:\/\/i0.wp.com\/gersonguelmann.com.br\/blog\/wp-content\/uploads\/2018\/05\/4-4.jpg?resize=300%2C206&amp;ssl=1 300w, https:\/\/i0.wp.com\/gersonguelmann.com.br\/blog\/wp-content\/uploads\/2018\/05\/4-4.jpg?resize=768%2C528&amp;ssl=1 768w, https:\/\/i0.wp.com\/gersonguelmann.com.br\/blog\/wp-content\/uploads\/2018\/05\/4-4.jpg?w=1024&amp;ssl=1 1024w\" sizes=\"(max-width: 300px) 100vw, 300px\" \/><\/span><span style=\"font-weight: 400;\"><br \/>\n<\/span><span style=\"font-weight: 400;\">Resolveram que a casa, que fica a passos do centrinho hist\u00f3rico de Morretes e ao lado da esta\u00e7\u00e3o de trem, deveria servir de base para atrair mais pessoas para os encantos de Morretes e para dividir a magia do lugar.<\/span><\/span><\/p>\n<p><span style=\"font-family: georgia, palatino, serif; font-size: 18pt; color: #000000;\"><span style=\"font-weight: 400;\">Chamaram o Alo\u00edsio, um amigo que mora em Bali, para ajudar a concretizar esse sonho. E, juntos, compraram a Casa da Esta\u00e7\u00e3o!<\/span><span style=\"font-weight: 400;\"><br \/>\n<\/span><span style=\"font-weight: 400;\"><br \/>\n<\/span><span style=\"font-weight: 400;\">Depois de alguns meses de restauro, a casa ficou pronta!<\/span><span style=\"font-weight: 400;\"><br \/>\n<\/span><span style=\"font-weight: 400;\"><br \/>\n<\/span><span style=\"font-weight: 400;\">Nos meses em que visitaram Morretes para acompanhar a reforma, descobriram todas as trilhas e cantinhos especiais da regi\u00e3o.\u00a0<\/span><\/span><span style=\"font-family: georgia, palatino, serif; font-size: 18pt; color: #000000;\"><span style=\"font-weight: 400;\">Ent\u00e3o, al\u00e9m de dividir a casa com os h\u00f3spedes, est\u00e3o com muitas dicas para quem quer explorar Morretes de verdade!<\/span><\/span><\/p>\n<p style=\"text-align: center;\"><img data-recalc-dims=\"1\" loading=\"lazy\" decoding=\"async\" data-attachment-id=\"13055\" data-permalink=\"https:\/\/gersonguelmann.com.br\/blog\/casa-da-estacao-uma-joia-em-morretes\/1-14\/\" data-orig-file=\"https:\/\/i0.wp.com\/gersonguelmann.com.br\/blog\/wp-content\/uploads\/2018\/05\/1-6.jpg?fit=1024%2C683&amp;ssl=1\" data-orig-size=\"1024,683\" data-comments-opened=\"1\" data-image-meta=\"{&quot;aperture&quot;:&quot;0&quot;,&quot;credit&quot;:&quot;&quot;,&quot;camera&quot;:&quot;&quot;,&quot;caption&quot;:&quot;&quot;,&quot;created_timestamp&quot;:&quot;0&quot;,&quot;copyright&quot;:&quot;&quot;,&quot;focal_length&quot;:&quot;0&quot;,&quot;iso&quot;:&quot;0&quot;,&quot;shutter_speed&quot;:&quot;0&quot;,&quot;title&quot;:&quot;&quot;,&quot;orientation&quot;:&quot;0&quot;}\" data-image-title=\"1\" data-image-description=\"\" data-image-caption=\"\" data-medium-file=\"https:\/\/i0.wp.com\/gersonguelmann.com.br\/blog\/wp-content\/uploads\/2018\/05\/1-6.jpg?fit=300%2C200&amp;ssl=1\" data-large-file=\"https:\/\/i0.wp.com\/gersonguelmann.com.br\/blog\/wp-content\/uploads\/2018\/05\/1-6.jpg?fit=640%2C427&amp;ssl=1\" class=\"alignnone size-medium wp-image-13055\" src=\"https:\/\/i0.wp.com\/gersonguelmann.com.br\/blog\/wp-content\/uploads\/2018\/05\/1-6.jpg?resize=300%2C200&#038;ssl=1\" alt=\"\" width=\"300\" height=\"200\" srcset=\"https:\/\/i0.wp.com\/gersonguelmann.com.br\/blog\/wp-content\/uploads\/2018\/05\/1-6.jpg?resize=300%2C200&amp;ssl=1 300w, https:\/\/i0.wp.com\/gersonguelmann.com.br\/blog\/wp-content\/uploads\/2018\/05\/1-6.jpg?resize=768%2C512&amp;ssl=1 768w, https:\/\/i0.wp.com\/gersonguelmann.com.br\/blog\/wp-content\/uploads\/2018\/05\/1-6.jpg?w=1024&amp;ssl=1 1024w, https:\/\/i0.wp.com\/gersonguelmann.com.br\/blog\/wp-content\/uploads\/2018\/05\/1-6.jpg?resize=750%2C500&amp;ssl=1 750w\" sizes=\"(max-width: 300px) 100vw, 300px\" \/><\/p>\n<p><span style=\"font-family: georgia, palatino, serif; font-size: 18pt; color: #000000;\"><span style=\"font-weight: 400;\">Tudo o que elas sabem de l\u00e1 pode ser visto no blog e no instagram da Casa da Esta\u00e7\u00e3o, com fotos e v\u00eddeos produzidos pelo Daniel Chiacos, o fot\u00f3grafo americano baseado no Rio de Janeiro, que tamb\u00e9m \u00e9 outro apaixonado por Morretes! (e marido da Heli).<\/span><\/span><\/p>\n<p><span style=\"font-family: georgia, palatino, serif; font-size: 18pt; color: #000000;\"><span style=\"font-weight: 400;\">Agora, o presente:<br \/>\n<strong>&#8211; a Casa da Esta\u00e7\u00e3o criou\u00a0<\/strong><\/span><\/span><strong><span style=\"color: #000000; font-family: georgia, palatino, serif; font-size: 18pt;\">uma promo\u00e7\u00e3o especialmente para os meus amigos.<\/span><\/strong><\/p>\n<p><span style=\"font-family: georgia, palatino, serif; font-size: 18pt; color: #000000;\"><span style=\"font-weight: 400;\">Basta entrar no site e digitar <strong>#tudoacabouemsfiha<\/strong> . <\/span><\/span><\/p>\n<p><span style=\"font-family: georgia, palatino, serif; font-size: 18pt; color: #000000;\"><span style=\"font-weight: 400;\">S\u00e3o 10 cupons, com 15% de desconto &#8211; at\u00e9 em alta temporada!\u00a0<\/span><\/span><\/p>\n<p><span style=\"font-family: georgia, palatino, serif; font-size: 18pt; color: #000000;\"><b>Servi\u00e7o<\/b><\/span><\/p>\n<p><span style=\"font-family: georgia, palatino, serif; font-size: 18pt; color: #000000;\"><b>R. Luis Bastos, 92<br \/>\nMorretes\/PR<\/b><\/span><\/p>\n<p><span style=\"font-family: georgia, palatino, serif; font-size: 18pt; color: #000000;\"><a style=\"color: #000000;\" href=\"http:\/\/www.casadaestacao.com.br\"><b><span style=\"color: #0000ff;\">www.casadaestacaomorretes.com.br<\/span><\/b><\/a><\/span><\/p>\n<p><span style=\"font-family: georgia, palatino, serif; font-size: 18pt; color: #000000;\"><a style=\"color: #000000;\" href=\"mailto:info@casadaestacao.com.br\"><b>info@casadaestacaomorretes.com.br<\/b><\/a><\/span><\/p>\n<p><em><span style=\"font-weight: 400; font-family: georgia, palatino, serif; font-size: 18pt; color: #000000;\">A Casa da Esta\u00e7\u00e3o n\u00e3o \u00e9 uma pousada. Opera em formato de bed and breakfast, e as su\u00edtes podem ser alugadas diretamente pelo site.<\/span><\/em><\/p>\n<p><span class=\"embed-youtube\" style=\"text-align:center; display: block;\"><iframe class=\"youtube-player\" width=\"640\" height=\"360\" src=\"https:\/\/www.youtube.com\/embed\/Fvjr_yzeNUk?version=3&#038;rel=1&#038;showsearch=0&#038;showinfo=1&#038;iv_load_policy=1&#038;fs=1&#038;hl=pt-BR&#038;autohide=2&#038;wmode=transparent\" allowfullscreen=\"true\" style=\"border:0;\" sandbox=\"allow-scripts allow-same-origin allow-popups allow-presentation allow-popups-to-escape-sandbox\"><\/iframe><\/span><\/p>\n","protected":false},"excerpt":{"rendered":"<p>Essa postagem \u00e9 especial para os amigos do Blog, que ao final do texto encontrar\u00e3o uma promo\u00e7\u00e3o especial. Morretes, uma das mais charmosas cidades do Paran\u00e1, conta agora com mais uma excelente op\u00e7\u00e3o de hospedagem, a Casa da Esta\u00e7\u00e3o. Trata-se de uma casa centen\u00e1ria muito charmosa, com um jardim que ocupa 8 mil m\u00b2, com [&hellip;]<\/p>\n","protected":false},"author":5,"featured_media":13051,"comment_status":"open","ping_status":"open","sticky":false,"template":"","format":"standard","meta":{"_acf_changed":false,"jetpack_post_was_ever_published":false,"_jetpack_newsletter_access":"","_jetpack_dont_email_post_to_subs":false,"_jetpack_newsletter_tier_id":0,"_jetpack_memberships_contains_paywalled_content":false,"_jetpack_memberships_contains_paid_content":false,"footnotes":"","jetpack_publicize_message":"","jetpack_publicize_feature_enabled":true,"jetpack_social_post_already_shared":true,"jetpack_social_options":{"image_generator_settings":{"template":"highway","default_image_id":0,"font":"","enabled":false},"version":2}},"categories":[1],"tags":[],"class_list":["post-13050","post","type-post","status-publish","format-standard","has-post-thumbnail","hentry","category-sem-categoria"],"acf":[],"yoast_head":"<!-- This site is optimized with the Yoast SEO plugin v27.3 - https:\/\/yoast.com\/product\/yoast-seo-wordpress\/ -->\n<title>Casa da Esta\u00e7\u00e3o, uma Joia em Morretes | Blog do Guelmann<\/title>\n<meta name=\"robots\" content=\"index, follow, max-snippet:-1, max-image-preview:large, max-video-preview:-1\" \/>\n<link rel=\"canonical\" href=\"https:\/\/gersonguelmann.com.br\/blog\/casa-da-estacao-uma-joia-em-morretes\/\" \/>\n<meta property=\"og:locale\" content=\"pt_BR\" \/>\n<meta property=\"og:type\" content=\"article\" \/>\n<meta property=\"og:title\" content=\"Casa da Esta\u00e7\u00e3o, uma Joia em Morretes | Blog do Guelmann\" \/>\n<meta property=\"og:description\" content=\"Essa postagem \u00e9 especial para os amigos do Blog, que ao final do texto encontrar\u00e3o uma promo\u00e7\u00e3o especial. Morretes, uma das mais charmosas cidades do Paran\u00e1, conta agora com mais uma excelente op\u00e7\u00e3o de hospedagem, a Casa da Esta\u00e7\u00e3o. Trata-se de uma casa centen\u00e1ria muito charmosa, com um jardim que ocupa 8 mil m\u00b2, com [&hellip;]\" \/>\n<meta property=\"og:url\" content=\"https:\/\/gersonguelmann.com.br\/blog\/casa-da-estacao-uma-joia-em-morretes\/\" \/>\n<meta property=\"og:site_name\" content=\"Blog do Guelmann\" \/>\n<meta property=\"article:published_time\" content=\"2018-05-19T01:37:59+00:00\" \/>\n<meta property=\"article:modified_time\" content=\"2018-05-19T01:38:21+00:00\" \/>\n<meta property=\"og:image\" content=\"https:\/\/i0.wp.com\/gersonguelmann.com.br\/blog\/wp-content\/uploads\/2018\/05\/2-6.jpg?fit=1024%2C683&ssl=1\" \/>\n\t<meta property=\"og:image:width\" content=\"1024\" \/>\n\t<meta property=\"og:image:height\" content=\"683\" \/>\n\t<meta property=\"og:image:type\" content=\"image\/jpeg\" \/>\n<meta name=\"author\" content=\"Gerson Guelmann\" \/>\n<meta name=\"twitter:card\" content=\"summary_large_image\" \/>\n<meta name=\"twitter:label1\" content=\"Escrito por\" \/>\n\t<meta name=\"twitter:data1\" content=\"Gerson Guelmann\" \/>\n\t<meta name=\"twitter:label2\" content=\"Est. tempo de leitura\" \/>\n\t<meta name=\"twitter:data2\" content=\"2 minutos\" \/>\n<script type=\"application\/ld+json\" class=\"yoast-schema-graph\">{\"@context\":\"https:\\\/\\\/schema.org\",\"@graph\":[{\"@type\":\"Article\",\"@id\":\"https:\\\/\\\/gersonguelmann.com.br\\\/blog\\\/casa-da-estacao-uma-joia-em-morretes\\\/#article\",\"isPartOf\":{\"@id\":\"https:\\\/\\\/gersonguelmann.com.br\\\/blog\\\/casa-da-estacao-uma-joia-em-morretes\\\/\"},\"author\":{\"name\":\"Gerson Guelmann\",\"@id\":\"https:\\\/\\\/gersonguelmann.com.br\\\/blog\\\/#\\\/schema\\\/person\\\/87e70e2a786888082f941a482c90569e\"},\"headline\":\"Casa da Esta\u00e7\u00e3o, uma Joia em Morretes\",\"datePublished\":\"2018-05-19T01:37:59+00:00\",\"dateModified\":\"2018-05-19T01:38:21+00:00\",\"mainEntityOfPage\":{\"@id\":\"https:\\\/\\\/gersonguelmann.com.br\\\/blog\\\/casa-da-estacao-uma-joia-em-morretes\\\/\"},\"wordCount\":482,\"commentCount\":0,\"image\":{\"@id\":\"https:\\\/\\\/gersonguelmann.com.br\\\/blog\\\/casa-da-estacao-uma-joia-em-morretes\\\/#primaryimage\"},\"thumbnailUrl\":\"https:\\\/\\\/i0.wp.com\\\/gersonguelmann.com.br\\\/blog\\\/wp-content\\\/uploads\\\/2018\\\/05\\\/2-6.jpg?fit=1024%2C683&ssl=1\",\"inLanguage\":\"pt-BR\",\"potentialAction\":[{\"@type\":\"CommentAction\",\"name\":\"Comment\",\"target\":[\"https:\\\/\\\/gersonguelmann.com.br\\\/blog\\\/casa-da-estacao-uma-joia-em-morretes\\\/#respond\"]}]},{\"@type\":\"WebPage\",\"@id\":\"https:\\\/\\\/gersonguelmann.com.br\\\/blog\\\/casa-da-estacao-uma-joia-em-morretes\\\/\",\"url\":\"https:\\\/\\\/gersonguelmann.com.br\\\/blog\\\/casa-da-estacao-uma-joia-em-morretes\\\/\",\"name\":\"Casa da Esta\u00e7\u00e3o, uma Joia em Morretes | Blog do Guelmann\",\"isPartOf\":{\"@id\":\"https:\\\/\\\/gersonguelmann.com.br\\\/blog\\\/#website\"},\"primaryImageOfPage\":{\"@id\":\"https:\\\/\\\/gersonguelmann.com.br\\\/blog\\\/casa-da-estacao-uma-joia-em-morretes\\\/#primaryimage\"},\"image\":{\"@id\":\"https:\\\/\\\/gersonguelmann.com.br\\\/blog\\\/casa-da-estacao-uma-joia-em-morretes\\\/#primaryimage\"},\"thumbnailUrl\":\"https:\\\/\\\/i0.wp.com\\\/gersonguelmann.com.br\\\/blog\\\/wp-content\\\/uploads\\\/2018\\\/05\\\/2-6.jpg?fit=1024%2C683&ssl=1\",\"datePublished\":\"2018-05-19T01:37:59+00:00\",\"dateModified\":\"2018-05-19T01:38:21+00:00\",\"author\":{\"@id\":\"https:\\\/\\\/gersonguelmann.com.br\\\/blog\\\/#\\\/schema\\\/person\\\/87e70e2a786888082f941a482c90569e\"},\"inLanguage\":\"pt-BR\",\"potentialAction\":[{\"@type\":\"ReadAction\",\"target\":[\"https:\\\/\\\/gersonguelmann.com.br\\\/blog\\\/casa-da-estacao-uma-joia-em-morretes\\\/\"]}]},{\"@type\":\"ImageObject\",\"inLanguage\":\"pt-BR\",\"@id\":\"https:\\\/\\\/gersonguelmann.com.br\\\/blog\\\/casa-da-estacao-uma-joia-em-morretes\\\/#primaryimage\",\"url\":\"https:\\\/\\\/i0.wp.com\\\/gersonguelmann.com.br\\\/blog\\\/wp-content\\\/uploads\\\/2018\\\/05\\\/2-6.jpg?fit=1024%2C683&ssl=1\",\"contentUrl\":\"https:\\\/\\\/i0.wp.com\\\/gersonguelmann.com.br\\\/blog\\\/wp-content\\\/uploads\\\/2018\\\/05\\\/2-6.jpg?fit=1024%2C683&ssl=1\",\"width\":1024,\"height\":683},{\"@type\":\"WebSite\",\"@id\":\"https:\\\/\\\/gersonguelmann.com.br\\\/blog\\\/#website\",\"url\":\"https:\\\/\\\/gersonguelmann.com.br\\\/blog\\\/\",\"name\":\"Blog do Guelmann\",\"description\":\"Pitadas da sabedoria e do humor judaicos, assuntos do momento e um pouco das hist\u00f3rias que vivi e testemunhei.\",\"potentialAction\":[{\"@type\":\"SearchAction\",\"target\":{\"@type\":\"EntryPoint\",\"urlTemplate\":\"https:\\\/\\\/gersonguelmann.com.br\\\/blog\\\/?s={search_term_string}\"},\"query-input\":{\"@type\":\"PropertyValueSpecification\",\"valueRequired\":true,\"valueName\":\"search_term_string\"}}],\"inLanguage\":\"pt-BR\"},{\"@type\":\"Person\",\"@id\":\"https:\\\/\\\/gersonguelmann.com.br\\\/blog\\\/#\\\/schema\\\/person\\\/87e70e2a786888082f941a482c90569e\",\"name\":\"Gerson Guelmann\",\"image\":{\"@type\":\"ImageObject\",\"inLanguage\":\"pt-BR\",\"@id\":\"https:\\\/\\\/i0.wp.com\\\/gersonguelmann.com.br\\\/blog\\\/wp-content\\\/uploads\\\/2021\\\/08\\\/BLOG.jpeg?fit=96%2C96&ssl=1\",\"url\":\"https:\\\/\\\/i0.wp.com\\\/gersonguelmann.com.br\\\/blog\\\/wp-content\\\/uploads\\\/2021\\\/08\\\/BLOG.jpeg?fit=96%2C96&ssl=1\",\"contentUrl\":\"https:\\\/\\\/i0.wp.com\\\/gersonguelmann.com.br\\\/blog\\\/wp-content\\\/uploads\\\/2021\\\/08\\\/BLOG.jpeg?fit=96%2C96&ssl=1\",\"caption\":\"Gerson Guelmann\"},\"description\":\"Pitadas da sabedoria e do humor judaicos, assuntos do momento e um pouco das hist\u00f3rias que vivi e testemunhei.\"}]}<\/script>\n<!-- \/ Yoast SEO plugin. -->","yoast_head_json":{"title":"Casa da Esta\u00e7\u00e3o, uma Joia em Morretes | Blog do Guelmann","robots":{"index":"index","follow":"follow","max-snippet":"max-snippet:-1","max-image-preview":"max-image-preview:large","max-video-preview":"max-video-preview:-1"},"canonical":"https:\/\/gersonguelmann.com.br\/blog\/casa-da-estacao-uma-joia-em-morretes\/","og_locale":"pt_BR","og_type":"article","og_title":"Casa da Esta\u00e7\u00e3o, uma Joia em Morretes | Blog do Guelmann","og_description":"Essa postagem \u00e9 especial para os amigos do Blog, que ao final do texto encontrar\u00e3o uma promo\u00e7\u00e3o especial. Morretes, uma das mais charmosas cidades do Paran\u00e1, conta agora com mais uma excelente op\u00e7\u00e3o de hospedagem, a Casa da Esta\u00e7\u00e3o. Trata-se de uma casa centen\u00e1ria muito charmosa, com um jardim que ocupa 8 mil m\u00b2, com [&hellip;]","og_url":"https:\/\/gersonguelmann.com.br\/blog\/casa-da-estacao-uma-joia-em-morretes\/","og_site_name":"Blog do Guelmann","article_published_time":"2018-05-19T01:37:59+00:00","article_modified_time":"2018-05-19T01:38:21+00:00","og_image":[{"width":1024,"height":683,"url":"https:\/\/i0.wp.com\/gersonguelmann.com.br\/blog\/wp-content\/uploads\/2018\/05\/2-6.jpg?fit=1024%2C683&ssl=1","type":"image\/jpeg"}],"author":"Gerson Guelmann","twitter_card":"summary_large_image","twitter_misc":{"Escrito por":"Gerson Guelmann","Est. tempo de leitura":"2 minutos"},"schema":{"@context":"https:\/\/schema.org","@graph":[{"@type":"Article","@id":"https:\/\/gersonguelmann.com.br\/blog\/casa-da-estacao-uma-joia-em-morretes\/#article","isPartOf":{"@id":"https:\/\/gersonguelmann.com.br\/blog\/casa-da-estacao-uma-joia-em-morretes\/"},"author":{"name":"Gerson Guelmann","@id":"https:\/\/gersonguelmann.com.br\/blog\/#\/schema\/person\/87e70e2a786888082f941a482c90569e"},"headline":"Casa da Esta\u00e7\u00e3o, uma Joia em Morretes","datePublished":"2018-05-19T01:37:59+00:00","dateModified":"2018-05-19T01:38:21+00:00","mainEntityOfPage":{"@id":"https:\/\/gersonguelmann.com.br\/blog\/casa-da-estacao-uma-joia-em-morretes\/"},"wordCount":482,"commentCount":0,"image":{"@id":"https:\/\/gersonguelmann.com.br\/blog\/casa-da-estacao-uma-joia-em-morretes\/#primaryimage"},"thumbnailUrl":"https:\/\/i0.wp.com\/gersonguelmann.com.br\/blog\/wp-content\/uploads\/2018\/05\/2-6.jpg?fit=1024%2C683&ssl=1","inLanguage":"pt-BR","potentialAction":[{"@type":"CommentAction","name":"Comment","target":["https:\/\/gersonguelmann.com.br\/blog\/casa-da-estacao-uma-joia-em-morretes\/#respond"]}]},{"@type":"WebPage","@id":"https:\/\/gersonguelmann.com.br\/blog\/casa-da-estacao-uma-joia-em-morretes\/","url":"https:\/\/gersonguelmann.com.br\/blog\/casa-da-estacao-uma-joia-em-morretes\/","name":"Casa da Esta\u00e7\u00e3o, uma Joia em Morretes | Blog do Guelmann","isPartOf":{"@id":"https:\/\/gersonguelmann.com.br\/blog\/#website"},"primaryImageOfPage":{"@id":"https:\/\/gersonguelmann.com.br\/blog\/casa-da-estacao-uma-joia-em-morretes\/#primaryimage"},"image":{"@id":"https:\/\/gersonguelmann.com.br\/blog\/casa-da-estacao-uma-joia-em-morretes\/#primaryimage"},"thumbnailUrl":"https:\/\/i0.wp.com\/gersonguelmann.com.br\/blog\/wp-content\/uploads\/2018\/05\/2-6.jpg?fit=1024%2C683&ssl=1","datePublished":"2018-05-19T01:37:59+00:00","dateModified":"2018-05-19T01:38:21+00:00","author":{"@id":"https:\/\/gersonguelmann.com.br\/blog\/#\/schema\/person\/87e70e2a786888082f941a482c90569e"},"inLanguage":"pt-BR","potentialAction":[{"@type":"ReadAction","target":["https:\/\/gersonguelmann.com.br\/blog\/casa-da-estacao-uma-joia-em-morretes\/"]}]},{"@type":"ImageObject","inLanguage":"pt-BR","@id":"https:\/\/gersonguelmann.com.br\/blog\/casa-da-estacao-uma-joia-em-morretes\/#primaryimage","url":"https:\/\/i0.wp.com\/gersonguelmann.com.br\/blog\/wp-content\/uploads\/2018\/05\/2-6.jpg?fit=1024%2C683&ssl=1","contentUrl":"https:\/\/i0.wp.com\/gersonguelmann.com.br\/blog\/wp-content\/uploads\/2018\/05\/2-6.jpg?fit=1024%2C683&ssl=1","width":1024,"height":683},{"@type":"WebSite","@id":"https:\/\/gersonguelmann.com.br\/blog\/#website","url":"https:\/\/gersonguelmann.com.br\/blog\/","name":"Blog do Guelmann","description":"Pitadas da sabedoria e do humor judaicos, assuntos do momento e um pouco das hist\u00f3rias que vivi e testemunhei.","potentialAction":[{"@type":"SearchAction","target":{"@type":"EntryPoint","urlTemplate":"https:\/\/gersonguelmann.com.br\/blog\/?s={search_term_string}"},"query-input":{"@type":"PropertyValueSpecification","valueRequired":true,"valueName":"search_term_string"}}],"inLanguage":"pt-BR"},{"@type":"Person","@id":"https:\/\/gersonguelmann.com.br\/blog\/#\/schema\/person\/87e70e2a786888082f941a482c90569e","name":"Gerson Guelmann","image":{"@type":"ImageObject","inLanguage":"pt-BR","@id":"https:\/\/i0.wp.com\/gersonguelmann.com.br\/blog\/wp-content\/uploads\/2021\/08\/BLOG.jpeg?fit=96%2C96&ssl=1","url":"https:\/\/i0.wp.com\/gersonguelmann.com.br\/blog\/wp-content\/uploads\/2021\/08\/BLOG.jpeg?fit=96%2C96&ssl=1","contentUrl":"https:\/\/i0.wp.com\/gersonguelmann.com.br\/blog\/wp-content\/uploads\/2021\/08\/BLOG.jpeg?fit=96%2C96&ssl=1","caption":"Gerson Guelmann"},"description":"Pitadas da sabedoria e do humor judaicos, assuntos do momento e um pouco das hist\u00f3rias que vivi e testemunhei."}]}},"views":73,"jetpack_publicize_connections":[],"jetpack_featured_media_url":"https:\/\/i0.wp.com\/gersonguelmann.com.br\/blog\/wp-content\/uploads\/2018\/05\/2-6.jpg?fit=1024%2C683&ssl=1","jetpack_shortlink":"https:\/\/wp.me\/p96e7O-3ou","jetpack-related-posts":[{"id":8381,"url":"https:\/\/gersonguelmann.com.br\/blog\/expresso-classique-uma-otima-opcao-em-curitiba\/","url_meta":{"origin":13050,"position":0},"title":"Expresso Classique, Uma \u00d3tima Op\u00e7\u00e3o em Curitiba","author":"Gerson Guelmann","date":"10 de fevereiro de 2018","format":false,"excerpt":"J\u00e1 est\u00e3o abertas as reservas para a pr\u00f3xima edi\u00e7\u00e3o do\u00a0Expresso Classique, dia 23\/2, evento tem\u00e1tico quinzenal da Serra Verde Express realizado dentro do complexo ferrovi\u00e1rio de Curitiba O espa\u00e7o junta uma composi\u00e7\u00e3o especial do trem de luxo, chamada Expresso Classique \u00e0 plataforma\u00a0da Esta\u00e7\u00e3o de embarque em Curitiba.\u00a0 A programa\u00e7\u00e3o come\u00e7a\u00a0na\u2026","rel":"","context":"Em &quot;Sem categoria&quot;","block_context":{"text":"Sem categoria","link":"https:\/\/gersonguelmann.com.br\/blog\/category\/sem-categoria\/"},"img":{"alt_text":"","src":"https:\/\/i0.wp.com\/gersonguelmann.com.br\/blog\/wp-content\/uploads\/2018\/02\/Serra-Verde.jpg?fit=491%2C1200&ssl=1&resize=350%2C200","width":350,"height":200},"classes":[]},{"id":1133,"url":"https:\/\/gersonguelmann.com.br\/blog\/o-compadre-olegario-e-visita-palmeira\/","url_meta":{"origin":13050,"position":1},"title":"O Compadre Oleg\u00e1rio e a Visita a Palmeira","author":"Gerson Guelmann","date":"23 de agosto de 2017","format":false,"excerpt":"Uma das fases mais felizes da minha vida foi o per\u00edodo em que administrei a propriedade da fam\u00edlia Guelmann perto da Esta\u00e7\u00e3o Ferrovi\u00e1ria de Desvio Ribas, no Munic\u00edpio de Ponta Grossa. \u00a0 O nome original da \u00e1rea adquirida por meu av\u00f4 Salom\u00e3o era \u201cFazenda Guavirova\u201d e entre o final de\u2026","rel":"","context":"Em &quot;Sem categoria&quot;","block_context":{"text":"Sem categoria","link":"https:\/\/gersonguelmann.com.br\/blog\/category\/sem-categoria\/"},"img":{"alt_text":"","src":"https:\/\/i0.wp.com\/gersonguelmann.com.br\/blog\/wp-content\/uploads\/2017\/08\/Est-Palmeira-PR_1937_sa.jpg?fit=1200%2C784&ssl=1&resize=350%2C200","width":350,"height":200,"srcset":"https:\/\/i0.wp.com\/gersonguelmann.com.br\/blog\/wp-content\/uploads\/2017\/08\/Est-Palmeira-PR_1937_sa.jpg?fit=1200%2C784&ssl=1&resize=350%2C200 1x, https:\/\/i0.wp.com\/gersonguelmann.com.br\/blog\/wp-content\/uploads\/2017\/08\/Est-Palmeira-PR_1937_sa.jpg?fit=1200%2C784&ssl=1&resize=525%2C300 1.5x, https:\/\/i0.wp.com\/gersonguelmann.com.br\/blog\/wp-content\/uploads\/2017\/08\/Est-Palmeira-PR_1937_sa.jpg?fit=1200%2C784&ssl=1&resize=700%2C400 2x, https:\/\/i0.wp.com\/gersonguelmann.com.br\/blog\/wp-content\/uploads\/2017\/08\/Est-Palmeira-PR_1937_sa.jpg?fit=1200%2C784&ssl=1&resize=1050%2C600 3x"},"classes":[]},{"id":2936,"url":"https:\/\/gersonguelmann.com.br\/blog\/do-cadeado-no-disco-ao-celular-na-mao-uma-viagem-no-tempo\/","url_meta":{"origin":13050,"position":2},"title":"Do Cadeado no Disco ao Celular na M\u00e3o: Uma Viagem no Tempo","author":"Gerson Guelmann","date":"18 de novembro de 2024","format":false,"excerpt":"Semana passada tivemos uma situa\u00e7\u00e3o aqui em casa que exigia o uso do telefone fixo. Melhor: 'exigiria' o uso, mas isso n\u00e3o foi poss\u00edvel porque demoramos para encontr\u00e1-lo, e quando o achamos, estava sem o cabo para ligar. Como diz o ditado, \"o que n\u00e3o tem rem\u00e9dio, remediado est\u00e1\" e\u2026","rel":"","context":"Em &quot;Sem categoria&quot;","block_context":{"text":"Sem categoria","link":"https:\/\/gersonguelmann.com.br\/blog\/category\/sem-categoria\/"},"img":{"alt_text":"","src":"https:\/\/i0.wp.com\/gersonguelmann.com.br\/blog\/wp-content\/uploads\/2017\/10\/Telefone.jpg?fit=479%2C508&ssl=1&resize=350%2C200","width":350,"height":200},"classes":[]},{"id":12275,"url":"https:\/\/gersonguelmann.com.br\/blog\/sera-que-nosso-inverno-sera-rigoroso\/","url_meta":{"origin":13050,"position":3},"title":"Ser\u00e1 Que Nosso Inverno Ser\u00e1 Rigoroso?","author":"Gerson Guelmann","date":"29 de abril de 2018","format":false,"excerpt":"Mat\u00e9ria publicada pelo site Ga\u00fachaZH que interessa muito aos moradores da regi\u00e3o sul do Brasil: FAKE NEWS Inverno ser\u00e1 o mais frio do s\u00e9culo? Meteorologista desmente boato De acordo com a Somar Meteorologia, esta\u00e7\u00e3o deve registrar temperaturas mais baixas do que em 2017, mas sem epis\u00f3dios extremos como divulgado nas\u2026","rel":"","context":"Em &quot;Sem categoria&quot;","block_context":{"text":"Sem categoria","link":"https:\/\/gersonguelmann.com.br\/blog\/category\/sem-categoria\/"},"img":{"alt_text":"","src":"https:\/\/i0.wp.com\/gersonguelmann.com.br\/blog\/wp-content\/uploads\/2018\/04\/Inverno.jpg?fit=1200%2C800&ssl=1&resize=350%2C200","width":350,"height":200,"srcset":"https:\/\/i0.wp.com\/gersonguelmann.com.br\/blog\/wp-content\/uploads\/2018\/04\/Inverno.jpg?fit=1200%2C800&ssl=1&resize=350%2C200 1x, https:\/\/i0.wp.com\/gersonguelmann.com.br\/blog\/wp-content\/uploads\/2018\/04\/Inverno.jpg?fit=1200%2C800&ssl=1&resize=525%2C300 1.5x, https:\/\/i0.wp.com\/gersonguelmann.com.br\/blog\/wp-content\/uploads\/2018\/04\/Inverno.jpg?fit=1200%2C800&ssl=1&resize=700%2C400 2x, https:\/\/i0.wp.com\/gersonguelmann.com.br\/blog\/wp-content\/uploads\/2018\/04\/Inverno.jpg?fit=1200%2C800&ssl=1&resize=1050%2C600 3x"},"classes":[]},{"id":940,"url":"https:\/\/gersonguelmann.com.br\/blog\/o-rabino-as-noivas-e-a-decisao-salomonica\/","url_meta":{"origin":13050,"position":4},"title":"O Rabino, As Noivas e a Decis\u00e3o Salom\u00f4nica","author":"Gerson Guelmann","date":"2 de dezembro de 2020","format":false,"excerpt":"Yossel e Isaac, dois rapazes judeus, estavam num trem, atravessando a Pol\u00f4nia, a caminho de uma cidade no outro extremo do pa\u00eds, onde duas mo\u00e7as os aguardavam para um poss\u00edvel noivado. Era a \u00e9poca dos casamentos arranjados. Na metade da viagem, Isaac disse para Yossel: - \u201cEsque\u00e7a esse neg\u00f3cio de\u2026","rel":"","context":"Em &quot;Sem categoria&quot;","block_context":{"text":"Sem categoria","link":"https:\/\/gersonguelmann.com.br\/blog\/category\/sem-categoria\/"},"img":{"alt_text":"","src":"https:\/\/i0.wp.com\/gersonguelmann.com.br\/blog\/wp-content\/uploads\/2017\/08\/Salom%C3%A3o.jpg?fit=600%2C475&ssl=1&resize=350%2C200","width":350,"height":200,"srcset":"https:\/\/i0.wp.com\/gersonguelmann.com.br\/blog\/wp-content\/uploads\/2017\/08\/Salom%C3%A3o.jpg?fit=600%2C475&ssl=1&resize=350%2C200 1x, https:\/\/i0.wp.com\/gersonguelmann.com.br\/blog\/wp-content\/uploads\/2017\/08\/Salom%C3%A3o.jpg?fit=600%2C475&ssl=1&resize=525%2C300 1.5x"},"classes":[]},{"id":11702,"url":"https:\/\/gersonguelmann.com.br\/blog\/gripe-um-alerta-sobre-os-tipos-de-virus-que-circulam-pelo-brasil\/","url_meta":{"origin":13050,"position":5},"title":"Gripe: Um Alerta Sobre os Tipos de V\u00edrus Que Circulam Pelo Brasil","author":"Gerson Guelmann","date":"16 de abril de 2018","format":false,"excerpt":"Dias atr\u00e1s publiquei um lembrete sobre a campanha de vacina\u00e7\u00e3o contra a gripe, que este ano come\u00e7ar\u00e1 no pr\u00f3ximo dia 23. Hoje quero compartilhar uma mat\u00e9ria bem interessante da\u00a0Empresa Brasil de Comunica\u00e7\u00e3o sobre o mesmo assunto.\u00a0 Nela o Dr.\u00a0Renato Kfouri, infectologista e vice-presidente da Sociedade Brasileira de Imuniza\u00e7\u00f5es, fala sobre\u2026","rel":"","context":"Em &quot;Sem categoria&quot;","block_context":{"text":"Sem categoria","link":"https:\/\/gersonguelmann.com.br\/blog\/category\/sem-categoria\/"},"img":{"alt_text":"","src":"https:\/\/i0.wp.com\/gersonguelmann.com.br\/blog\/wp-content\/uploads\/2018\/04\/Vacina.png?fit=1200%2C751&ssl=1&resize=350%2C200","width":350,"height":200,"srcset":"https:\/\/i0.wp.com\/gersonguelmann.com.br\/blog\/wp-content\/uploads\/2018\/04\/Vacina.png?fit=1200%2C751&ssl=1&resize=350%2C200 1x, https:\/\/i0.wp.com\/gersonguelmann.com.br\/blog\/wp-content\/uploads\/2018\/04\/Vacina.png?fit=1200%2C751&ssl=1&resize=525%2C300 1.5x, https:\/\/i0.wp.com\/gersonguelmann.com.br\/blog\/wp-content\/uploads\/2018\/04\/Vacina.png?fit=1200%2C751&ssl=1&resize=700%2C400 2x, https:\/\/i0.wp.com\/gersonguelmann.com.br\/blog\/wp-content\/uploads\/2018\/04\/Vacina.png?fit=1200%2C751&ssl=1&resize=1050%2C600 3x"},"classes":[]}],"jetpack_sharing_enabled":true,"post_mailing_queue_ids":[],"_links":{"self":[{"href":"https:\/\/gersonguelmann.com.br\/blog\/wp-json\/wp\/v2\/posts\/13050","targetHints":{"allow":["GET"]}}],"collection":[{"href":"https:\/\/gersonguelmann.com.br\/blog\/wp-json\/wp\/v2\/posts"}],"about":[{"href":"https:\/\/gersonguelmann.com.br\/blog\/wp-json\/wp\/v2\/types\/post"}],"author":[{"embeddable":true,"href":"https:\/\/gersonguelmann.com.br\/blog\/wp-json\/wp\/v2\/users\/5"}],"replies":[{"embeddable":true,"href":"https:\/\/gersonguelmann.com.br\/blog\/wp-json\/wp\/v2\/comments?post=13050"}],"version-history":[{"count":0,"href":"https:\/\/gersonguelmann.com.br\/blog\/wp-json\/wp\/v2\/posts\/13050\/revisions"}],"wp:featuredmedia":[{"embeddable":true,"href":"https:\/\/gersonguelmann.com.br\/blog\/wp-json\/wp\/v2\/media\/13051"}],"wp:attachment":[{"href":"https:\/\/gersonguelmann.com.br\/blog\/wp-json\/wp\/v2\/media?parent=13050"}],"wp:term":[{"taxonomy":"category","embeddable":true,"href":"https:\/\/gersonguelmann.com.br\/blog\/wp-json\/wp\/v2\/categories?post=13050"},{"taxonomy":"post_tag","embeddable":true,"href":"https:\/\/gersonguelmann.com.br\/blog\/wp-json\/wp\/v2\/tags?post=13050"}],"curies":[{"name":"wp","href":"https:\/\/api.w.org\/{rel}","templated":true}]}}