    {"id":13061,"date":"2018-05-19T17:07:12","date_gmt":"2018-05-19T20:07:12","guid":{"rendered":"https:\/\/gersonguelmann.com.br\/blog\/?p=13061"},"modified":"2018-05-19T17:07:12","modified_gmt":"2018-05-19T20:07:12","slug":"sabedoria-rabinica-14","status":"publish","type":"post","link":"https:\/\/gersonguelmann.com.br\/blog\/sabedoria-rabinica-14\/","title":{"rendered":"Sabedoria Rab\u00ednica (14)"},"content":{"rendered":"<p><span style=\"font-family: georgia, palatino, serif; font-size: 18pt; color: #000000;\">Um rabino, um padre e um pastor estavam conversando.<\/span><\/p>\n<p><span style=\"font-family: georgia, palatino, serif; font-size: 18pt; color: #000000;\">A certa altura o tema passou a ser a forma como D-us j\u00e1 havia se manifestado em suas respectivas vidas, operando pequenos milagres que os fizeram acreditar na provid\u00eancia divina.<\/span><\/p>\n<p><span style=\"font-family: georgia, palatino, serif; font-size: 18pt; color: #000000;\">O padre contou que uma vez estava viajando de autom\u00f3vel e subitamente come\u00e7ou uma forte nevasca, que o assustou e fez com que ficasse totalmente desorientado. Ele ent\u00e3o rezou a D-us e aconteceu o milagre: a neve caia em todos os lados, menos na frente do autom\u00f3vel, o que permitiu que continuasse viajando em seguran\u00e7a.<\/span><\/p>\n<p><span style=\"font-family: georgia, palatino, serif; font-size: 18pt; color: #000000;\">O pastor relatou uma hist\u00f3ria semelhante, de quando estava pescando bem longe da praia e veio uma tormenta t\u00e3o assustadora que ele temeu que o barco virasse. Ele tamb\u00e9m rezou e aconteceu o milagre: D-us fez com que a tempestade\u00a0 continuasse atr\u00e1s e nos dois lados do barco, mas na frente o sol brilhou at\u00e9 que ele chegasse ao porto.<\/span><\/p>\n<p><span style=\"font-family: georgia, palatino, serif; font-size: 18pt; color: #000000;\">Ouvindo aquilo o rabino percebeu que havia exagero, mas fez o seu relato:<br \/>\n<em>&#8211;\u00a0&#8220;Num s\u00e1bado pela manh\u00e3 eu estava indo para a sinagoga, quando vi uma nota de U$ 100 na cal\u00e7ada. Como era o Shabat, eu n\u00e3o podia pegar o dinheiro, mas por outro lado pensei em como seria bom bom colocar aquele valor na caixa da caridade da Sinagoga. Ent\u00e3o eu rezei, e voc\u00eas n\u00e3o v\u00e3o acreditar: atr\u00e1s de mim era s\u00e1bado, nos meus lados era s\u00e1bado, mas na minha frente era sexta feira!&#8221;<\/em><\/span><\/p>\n<p><img data-recalc-dims=\"1\" fetchpriority=\"high\" decoding=\"async\" data-attachment-id=\"13062\" data-permalink=\"https:\/\/gersonguelmann.com.br\/blog\/sabedoria-rabinica-14\/dolar-2\/\" data-orig-file=\"https:\/\/i0.wp.com\/gersonguelmann.com.br\/blog\/wp-content\/uploads\/2018\/05\/Dolar.jpeg?fit=1880%2C1245&amp;ssl=1\" data-orig-size=\"1880,1245\" data-comments-opened=\"1\" data-image-meta=\"{&quot;aperture&quot;:&quot;0&quot;,&quot;credit&quot;:&quot;&quot;,&quot;camera&quot;:&quot;&quot;,&quot;caption&quot;:&quot;&quot;,&quot;created_timestamp&quot;:&quot;0&quot;,&quot;copyright&quot;:&quot;&quot;,&quot;focal_length&quot;:&quot;0&quot;,&quot;iso&quot;:&quot;0&quot;,&quot;shutter_speed&quot;:&quot;0&quot;,&quot;title&quot;:&quot;&quot;,&quot;orientation&quot;:&quot;0&quot;}\" data-image-title=\"Dolar\" data-image-description=\"\" data-image-caption=\"\" data-medium-file=\"https:\/\/i0.wp.com\/gersonguelmann.com.br\/blog\/wp-content\/uploads\/2018\/05\/Dolar.jpeg?fit=300%2C199&amp;ssl=1\" data-large-file=\"https:\/\/i0.wp.com\/gersonguelmann.com.br\/blog\/wp-content\/uploads\/2018\/05\/Dolar.jpeg?fit=640%2C424&amp;ssl=1\" class=\"size-medium wp-image-13062 aligncenter\" src=\"https:\/\/i0.wp.com\/gersonguelmann.com.br\/blog\/wp-content\/uploads\/2018\/05\/Dolar.jpeg?resize=300%2C199&#038;ssl=1\" alt=\"\" width=\"300\" height=\"199\" srcset=\"https:\/\/i0.wp.com\/gersonguelmann.com.br\/blog\/wp-content\/uploads\/2018\/05\/Dolar.jpeg?resize=300%2C199&amp;ssl=1 300w, https:\/\/i0.wp.com\/gersonguelmann.com.br\/blog\/wp-content\/uploads\/2018\/05\/Dolar.jpeg?resize=768%2C509&amp;ssl=1 768w, https:\/\/i0.wp.com\/gersonguelmann.com.br\/blog\/wp-content\/uploads\/2018\/05\/Dolar.jpeg?resize=1024%2C678&amp;ssl=1 1024w, https:\/\/i0.wp.com\/gersonguelmann.com.br\/blog\/wp-content\/uploads\/2018\/05\/Dolar.jpeg?resize=750%2C500&amp;ssl=1 750w, https:\/\/i0.wp.com\/gersonguelmann.com.br\/blog\/wp-content\/uploads\/2018\/05\/Dolar.jpeg?w=1880&amp;ssl=1 1880w, https:\/\/i0.wp.com\/gersonguelmann.com.br\/blog\/wp-content\/uploads\/2018\/05\/Dolar.jpeg?w=1280&amp;ssl=1 1280w\" sizes=\"(max-width: 300px) 100vw, 300px\" \/><\/p>\n","protected":false},"excerpt":{"rendered":"<p>Um rabino, um padre e um pastor estavam conversando. A certa altura o tema passou a ser a forma como D-us j\u00e1 havia se manifestado em suas respectivas vidas, operando pequenos milagres que os fizeram acreditar na provid\u00eancia divina. O padre contou que uma vez estava viajando de autom\u00f3vel e subitamente come\u00e7ou uma forte nevasca, [&hellip;]<\/p>\n","protected":false},"author":5,"featured_media":13062,"comment_status":"open","ping_status":"open","sticky":false,"template":"","format":"standard","meta":{"_acf_changed":false,"jetpack_post_was_ever_published":false,"_jetpack_newsletter_access":"","_jetpack_dont_email_post_to_subs":false,"_jetpack_newsletter_tier_id":0,"_jetpack_memberships_contains_paywalled_content":false,"_jetpack_memberships_contains_paid_content":false,"footnotes":"","jetpack_publicize_message":"","jetpack_publicize_feature_enabled":true,"jetpack_social_post_already_shared":true,"jetpack_social_options":{"image_generator_settings":{"template":"highway","default_image_id":0,"font":"","enabled":false},"version":2}},"categories":[1],"tags":[],"class_list":["post-13061","post","type-post","status-publish","format-standard","has-post-thumbnail","hentry","category-sem-categoria"],"acf":[],"yoast_head":"<!-- This site is optimized with the Yoast SEO plugin v27.3 - https:\/\/yoast.com\/product\/yoast-seo-wordpress\/ -->\n<title>Sabedoria Rab\u00ednica (14) | Blog do Guelmann<\/title>\n<meta name=\"robots\" content=\"index, follow, max-snippet:-1, max-image-preview:large, max-video-preview:-1\" \/>\n<link rel=\"canonical\" href=\"https:\/\/gersonguelmann.com.br\/blog\/sabedoria-rabinica-14\/\" \/>\n<meta property=\"og:locale\" content=\"pt_BR\" \/>\n<meta property=\"og:type\" content=\"article\" \/>\n<meta property=\"og:title\" content=\"Sabedoria Rab\u00ednica (14) | Blog do Guelmann\" \/>\n<meta property=\"og:description\" content=\"Um rabino, um padre e um pastor estavam conversando. A certa altura o tema passou a ser a forma como D-us j\u00e1 havia se manifestado em suas respectivas vidas, operando pequenos milagres que os fizeram acreditar na provid\u00eancia divina. O padre contou que uma vez estava viajando de autom\u00f3vel e subitamente come\u00e7ou uma forte nevasca, [&hellip;]\" \/>\n<meta property=\"og:url\" content=\"https:\/\/gersonguelmann.com.br\/blog\/sabedoria-rabinica-14\/\" \/>\n<meta property=\"og:site_name\" content=\"Blog do Guelmann\" \/>\n<meta property=\"article:published_time\" content=\"2018-05-19T20:07:12+00:00\" \/>\n<meta property=\"og:image\" content=\"https:\/\/i0.wp.com\/gersonguelmann.com.br\/blog\/wp-content\/uploads\/2018\/05\/Dolar.jpeg?fit=1880%2C1245&ssl=1\" \/>\n\t<meta property=\"og:image:width\" content=\"1880\" \/>\n\t<meta property=\"og:image:height\" content=\"1245\" \/>\n\t<meta property=\"og:image:type\" content=\"image\/jpeg\" \/>\n<meta name=\"author\" content=\"Gerson Guelmann\" \/>\n<meta name=\"twitter:card\" content=\"summary_large_image\" \/>\n<meta name=\"twitter:label1\" content=\"Escrito por\" \/>\n\t<meta name=\"twitter:data1\" content=\"Gerson Guelmann\" \/>\n\t<meta name=\"twitter:label2\" content=\"Est. tempo de leitura\" \/>\n\t<meta name=\"twitter:data2\" content=\"1 minuto\" \/>\n<script type=\"application\/ld+json\" class=\"yoast-schema-graph\">{\"@context\":\"https:\\\/\\\/schema.org\",\"@graph\":[{\"@type\":\"Article\",\"@id\":\"https:\\\/\\\/gersonguelmann.com.br\\\/blog\\\/sabedoria-rabinica-14\\\/#article\",\"isPartOf\":{\"@id\":\"https:\\\/\\\/gersonguelmann.com.br\\\/blog\\\/sabedoria-rabinica-14\\\/\"},\"author\":{\"name\":\"Gerson Guelmann\",\"@id\":\"https:\\\/\\\/gersonguelmann.com.br\\\/blog\\\/#\\\/schema\\\/person\\\/87e70e2a786888082f941a482c90569e\"},\"headline\":\"Sabedoria Rab\u00ednica (14)\",\"datePublished\":\"2018-05-19T20:07:12+00:00\",\"mainEntityOfPage\":{\"@id\":\"https:\\\/\\\/gersonguelmann.com.br\\\/blog\\\/sabedoria-rabinica-14\\\/\"},\"wordCount\":263,\"commentCount\":0,\"image\":{\"@id\":\"https:\\\/\\\/gersonguelmann.com.br\\\/blog\\\/sabedoria-rabinica-14\\\/#primaryimage\"},\"thumbnailUrl\":\"https:\\\/\\\/i0.wp.com\\\/gersonguelmann.com.br\\\/blog\\\/wp-content\\\/uploads\\\/2018\\\/05\\\/Dolar.jpeg?fit=1880%2C1245&ssl=1\",\"inLanguage\":\"pt-BR\",\"potentialAction\":[{\"@type\":\"CommentAction\",\"name\":\"Comment\",\"target\":[\"https:\\\/\\\/gersonguelmann.com.br\\\/blog\\\/sabedoria-rabinica-14\\\/#respond\"]}]},{\"@type\":\"WebPage\",\"@id\":\"https:\\\/\\\/gersonguelmann.com.br\\\/blog\\\/sabedoria-rabinica-14\\\/\",\"url\":\"https:\\\/\\\/gersonguelmann.com.br\\\/blog\\\/sabedoria-rabinica-14\\\/\",\"name\":\"Sabedoria Rab\u00ednica (14) | Blog do Guelmann\",\"isPartOf\":{\"@id\":\"https:\\\/\\\/gersonguelmann.com.br\\\/blog\\\/#website\"},\"primaryImageOfPage\":{\"@id\":\"https:\\\/\\\/gersonguelmann.com.br\\\/blog\\\/sabedoria-rabinica-14\\\/#primaryimage\"},\"image\":{\"@id\":\"https:\\\/\\\/gersonguelmann.com.br\\\/blog\\\/sabedoria-rabinica-14\\\/#primaryimage\"},\"thumbnailUrl\":\"https:\\\/\\\/i0.wp.com\\\/gersonguelmann.com.br\\\/blog\\\/wp-content\\\/uploads\\\/2018\\\/05\\\/Dolar.jpeg?fit=1880%2C1245&ssl=1\",\"datePublished\":\"2018-05-19T20:07:12+00:00\",\"author\":{\"@id\":\"https:\\\/\\\/gersonguelmann.com.br\\\/blog\\\/#\\\/schema\\\/person\\\/87e70e2a786888082f941a482c90569e\"},\"inLanguage\":\"pt-BR\",\"potentialAction\":[{\"@type\":\"ReadAction\",\"target\":[\"https:\\\/\\\/gersonguelmann.com.br\\\/blog\\\/sabedoria-rabinica-14\\\/\"]}]},{\"@type\":\"ImageObject\",\"inLanguage\":\"pt-BR\",\"@id\":\"https:\\\/\\\/gersonguelmann.com.br\\\/blog\\\/sabedoria-rabinica-14\\\/#primaryimage\",\"url\":\"https:\\\/\\\/i0.wp.com\\\/gersonguelmann.com.br\\\/blog\\\/wp-content\\\/uploads\\\/2018\\\/05\\\/Dolar.jpeg?fit=1880%2C1245&ssl=1\",\"contentUrl\":\"https:\\\/\\\/i0.wp.com\\\/gersonguelmann.com.br\\\/blog\\\/wp-content\\\/uploads\\\/2018\\\/05\\\/Dolar.jpeg?fit=1880%2C1245&ssl=1\",\"width\":1880,\"height\":1245},{\"@type\":\"WebSite\",\"@id\":\"https:\\\/\\\/gersonguelmann.com.br\\\/blog\\\/#website\",\"url\":\"https:\\\/\\\/gersonguelmann.com.br\\\/blog\\\/\",\"name\":\"Blog do Guelmann\",\"description\":\"Pitadas da sabedoria e do humor judaicos, assuntos do momento e um pouco das hist\u00f3rias que vivi e testemunhei.\",\"potentialAction\":[{\"@type\":\"SearchAction\",\"target\":{\"@type\":\"EntryPoint\",\"urlTemplate\":\"https:\\\/\\\/gersonguelmann.com.br\\\/blog\\\/?s={search_term_string}\"},\"query-input\":{\"@type\":\"PropertyValueSpecification\",\"valueRequired\":true,\"valueName\":\"search_term_string\"}}],\"inLanguage\":\"pt-BR\"},{\"@type\":\"Person\",\"@id\":\"https:\\\/\\\/gersonguelmann.com.br\\\/blog\\\/#\\\/schema\\\/person\\\/87e70e2a786888082f941a482c90569e\",\"name\":\"Gerson Guelmann\",\"image\":{\"@type\":\"ImageObject\",\"inLanguage\":\"pt-BR\",\"@id\":\"https:\\\/\\\/i0.wp.com\\\/gersonguelmann.com.br\\\/blog\\\/wp-content\\\/uploads\\\/2021\\\/08\\\/BLOG.jpeg?fit=96%2C96&ssl=1\",\"url\":\"https:\\\/\\\/i0.wp.com\\\/gersonguelmann.com.br\\\/blog\\\/wp-content\\\/uploads\\\/2021\\\/08\\\/BLOG.jpeg?fit=96%2C96&ssl=1\",\"contentUrl\":\"https:\\\/\\\/i0.wp.com\\\/gersonguelmann.com.br\\\/blog\\\/wp-content\\\/uploads\\\/2021\\\/08\\\/BLOG.jpeg?fit=96%2C96&ssl=1\",\"caption\":\"Gerson Guelmann\"},\"description\":\"Pitadas da sabedoria e do humor judaicos, assuntos do momento e um pouco das hist\u00f3rias que vivi e testemunhei.\"}]}<\/script>\n<!-- \/ Yoast SEO plugin. -->","yoast_head_json":{"title":"Sabedoria Rab\u00ednica (14) | Blog do Guelmann","robots":{"index":"index","follow":"follow","max-snippet":"max-snippet:-1","max-image-preview":"max-image-preview:large","max-video-preview":"max-video-preview:-1"},"canonical":"https:\/\/gersonguelmann.com.br\/blog\/sabedoria-rabinica-14\/","og_locale":"pt_BR","og_type":"article","og_title":"Sabedoria Rab\u00ednica (14) | Blog do Guelmann","og_description":"Um rabino, um padre e um pastor estavam conversando. A certa altura o tema passou a ser a forma como D-us j\u00e1 havia se manifestado em suas respectivas vidas, operando pequenos milagres que os fizeram acreditar na provid\u00eancia divina. O padre contou que uma vez estava viajando de autom\u00f3vel e subitamente come\u00e7ou uma forte nevasca, [&hellip;]","og_url":"https:\/\/gersonguelmann.com.br\/blog\/sabedoria-rabinica-14\/","og_site_name":"Blog do Guelmann","article_published_time":"2018-05-19T20:07:12+00:00","og_image":[{"width":1880,"height":1245,"url":"https:\/\/i0.wp.com\/gersonguelmann.com.br\/blog\/wp-content\/uploads\/2018\/05\/Dolar.jpeg?fit=1880%2C1245&ssl=1","type":"image\/jpeg"}],"author":"Gerson Guelmann","twitter_card":"summary_large_image","twitter_misc":{"Escrito por":"Gerson Guelmann","Est. tempo de leitura":"1 minuto"},"schema":{"@context":"https:\/\/schema.org","@graph":[{"@type":"Article","@id":"https:\/\/gersonguelmann.com.br\/blog\/sabedoria-rabinica-14\/#article","isPartOf":{"@id":"https:\/\/gersonguelmann.com.br\/blog\/sabedoria-rabinica-14\/"},"author":{"name":"Gerson Guelmann","@id":"https:\/\/gersonguelmann.com.br\/blog\/#\/schema\/person\/87e70e2a786888082f941a482c90569e"},"headline":"Sabedoria Rab\u00ednica (14)","datePublished":"2018-05-19T20:07:12+00:00","mainEntityOfPage":{"@id":"https:\/\/gersonguelmann.com.br\/blog\/sabedoria-rabinica-14\/"},"wordCount":263,"commentCount":0,"image":{"@id":"https:\/\/gersonguelmann.com.br\/blog\/sabedoria-rabinica-14\/#primaryimage"},"thumbnailUrl":"https:\/\/i0.wp.com\/gersonguelmann.com.br\/blog\/wp-content\/uploads\/2018\/05\/Dolar.jpeg?fit=1880%2C1245&ssl=1","inLanguage":"pt-BR","potentialAction":[{"@type":"CommentAction","name":"Comment","target":["https:\/\/gersonguelmann.com.br\/blog\/sabedoria-rabinica-14\/#respond"]}]},{"@type":"WebPage","@id":"https:\/\/gersonguelmann.com.br\/blog\/sabedoria-rabinica-14\/","url":"https:\/\/gersonguelmann.com.br\/blog\/sabedoria-rabinica-14\/","name":"Sabedoria Rab\u00ednica (14) | Blog do Guelmann","isPartOf":{"@id":"https:\/\/gersonguelmann.com.br\/blog\/#website"},"primaryImageOfPage":{"@id":"https:\/\/gersonguelmann.com.br\/blog\/sabedoria-rabinica-14\/#primaryimage"},"image":{"@id":"https:\/\/gersonguelmann.com.br\/blog\/sabedoria-rabinica-14\/#primaryimage"},"thumbnailUrl":"https:\/\/i0.wp.com\/gersonguelmann.com.br\/blog\/wp-content\/uploads\/2018\/05\/Dolar.jpeg?fit=1880%2C1245&ssl=1","datePublished":"2018-05-19T20:07:12+00:00","author":{"@id":"https:\/\/gersonguelmann.com.br\/blog\/#\/schema\/person\/87e70e2a786888082f941a482c90569e"},"inLanguage":"pt-BR","potentialAction":[{"@type":"ReadAction","target":["https:\/\/gersonguelmann.com.br\/blog\/sabedoria-rabinica-14\/"]}]},{"@type":"ImageObject","inLanguage":"pt-BR","@id":"https:\/\/gersonguelmann.com.br\/blog\/sabedoria-rabinica-14\/#primaryimage","url":"https:\/\/i0.wp.com\/gersonguelmann.com.br\/blog\/wp-content\/uploads\/2018\/05\/Dolar.jpeg?fit=1880%2C1245&ssl=1","contentUrl":"https:\/\/i0.wp.com\/gersonguelmann.com.br\/blog\/wp-content\/uploads\/2018\/05\/Dolar.jpeg?fit=1880%2C1245&ssl=1","width":1880,"height":1245},{"@type":"WebSite","@id":"https:\/\/gersonguelmann.com.br\/blog\/#website","url":"https:\/\/gersonguelmann.com.br\/blog\/","name":"Blog do Guelmann","description":"Pitadas da sabedoria e do humor judaicos, assuntos do momento e um pouco das hist\u00f3rias que vivi e testemunhei.","potentialAction":[{"@type":"SearchAction","target":{"@type":"EntryPoint","urlTemplate":"https:\/\/gersonguelmann.com.br\/blog\/?s={search_term_string}"},"query-input":{"@type":"PropertyValueSpecification","valueRequired":true,"valueName":"search_term_string"}}],"inLanguage":"pt-BR"},{"@type":"Person","@id":"https:\/\/gersonguelmann.com.br\/blog\/#\/schema\/person\/87e70e2a786888082f941a482c90569e","name":"Gerson Guelmann","image":{"@type":"ImageObject","inLanguage":"pt-BR","@id":"https:\/\/i0.wp.com\/gersonguelmann.com.br\/blog\/wp-content\/uploads\/2021\/08\/BLOG.jpeg?fit=96%2C96&ssl=1","url":"https:\/\/i0.wp.com\/gersonguelmann.com.br\/blog\/wp-content\/uploads\/2021\/08\/BLOG.jpeg?fit=96%2C96&ssl=1","contentUrl":"https:\/\/i0.wp.com\/gersonguelmann.com.br\/blog\/wp-content\/uploads\/2021\/08\/BLOG.jpeg?fit=96%2C96&ssl=1","caption":"Gerson Guelmann"},"description":"Pitadas da sabedoria e do humor judaicos, assuntos do momento e um pouco das hist\u00f3rias que vivi e testemunhei."}]}},"views":80,"jetpack_publicize_connections":[],"jetpack_featured_media_url":"https:\/\/i0.wp.com\/gersonguelmann.com.br\/blog\/wp-content\/uploads\/2018\/05\/Dolar.jpeg?fit=1880%2C1245&ssl=1","jetpack_shortlink":"https:\/\/wp.me\/p96e7O-3oF","jetpack-related-posts":[{"id":23664,"url":"https:\/\/gersonguelmann.com.br\/blog\/tres-na-quarta-de-humor-judaico-10\/","url_meta":{"origin":13061,"position":0},"title":"Tr\u00eas na Quarta de Humor Judaico","author":"Gerson Guelmann","date":"6 de novembro de 2024","format":false,"excerpt":"Competi\u00e7\u00e3o de Milagres Um Rabino, um Padre e um Pastor estavam conversando e a certa altura o tema passou a ser a forma como D'us j\u00e1 havia se manifestado em suas vidas, operando pequenos milagres que os fizeram acreditar na provid\u00eancia divina. O Padre contou que uma vez estava viajando\u2026","rel":"","context":"Em &quot;Sem categoria&quot;","block_context":{"text":"Sem categoria","link":"https:\/\/gersonguelmann.com.br\/blog\/category\/sem-categoria\/"},"img":{"alt_text":"","src":"https:\/\/i0.wp.com\/gersonguelmann.com.br\/blog\/wp-content\/uploads\/2024\/11\/HojePR-5.jpg?fit=1200%2C800&ssl=1&resize=350%2C200","width":350,"height":200,"srcset":"https:\/\/i0.wp.com\/gersonguelmann.com.br\/blog\/wp-content\/uploads\/2024\/11\/HojePR-5.jpg?fit=1200%2C800&ssl=1&resize=350%2C200 1x, https:\/\/i0.wp.com\/gersonguelmann.com.br\/blog\/wp-content\/uploads\/2024\/11\/HojePR-5.jpg?fit=1200%2C800&ssl=1&resize=525%2C300 1.5x, https:\/\/i0.wp.com\/gersonguelmann.com.br\/blog\/wp-content\/uploads\/2024\/11\/HojePR-5.jpg?fit=1200%2C800&ssl=1&resize=700%2C400 2x, https:\/\/i0.wp.com\/gersonguelmann.com.br\/blog\/wp-content\/uploads\/2024\/11\/HojePR-5.jpg?fit=1200%2C800&ssl=1&resize=1050%2C600 3x"},"classes":[]},{"id":5657,"url":"https:\/\/gersonguelmann.com.br\/blog\/tres-na-quarta-de-humor-judaico-51\/","url_meta":{"origin":13061,"position":1},"title":"Tr\u00eas na Quarta de Humor Judaico","author":"Gerson Guelmann","date":"27 de agosto de 2025","format":false,"excerpt":"Falando Sobre Milagres... Um rabino, um padre e um pastor estavam conversando. A certa altura o tema passou a ser a forma como D-us j\u00e1 havia se manifestado em suas respectivas vidas, operando pequenos milagres que os fizeram acreditar na provid\u00eancia divina. O padre contou que uma vez estava viajando\u2026","rel":"","context":"Em &quot;Sem categoria&quot;","block_context":{"text":"Sem categoria","link":"https:\/\/gersonguelmann.com.br\/blog\/category\/sem-categoria\/"},"img":{"alt_text":"","src":"https:\/\/i0.wp.com\/gersonguelmann.com.br\/blog\/wp-content\/uploads\/2025\/08\/HojePR-6-scaled.jpeg?fit=1200%2C800&ssl=1&resize=350%2C200","width":350,"height":200,"srcset":"https:\/\/i0.wp.com\/gersonguelmann.com.br\/blog\/wp-content\/uploads\/2025\/08\/HojePR-6-scaled.jpeg?fit=1200%2C800&ssl=1&resize=350%2C200 1x, https:\/\/i0.wp.com\/gersonguelmann.com.br\/blog\/wp-content\/uploads\/2025\/08\/HojePR-6-scaled.jpeg?fit=1200%2C800&ssl=1&resize=525%2C300 1.5x, https:\/\/i0.wp.com\/gersonguelmann.com.br\/blog\/wp-content\/uploads\/2025\/08\/HojePR-6-scaled.jpeg?fit=1200%2C800&ssl=1&resize=700%2C400 2x, https:\/\/i0.wp.com\/gersonguelmann.com.br\/blog\/wp-content\/uploads\/2025\/08\/HojePR-6-scaled.jpeg?fit=1200%2C800&ssl=1&resize=1050%2C600 3x"},"classes":[]},{"id":4126,"url":"https:\/\/gersonguelmann.com.br\/blog\/jacob-na-estrada-viajando-com-a-inimiga\/","url_meta":{"origin":13061,"position":2},"title":"Jacob na Estrada, Viajando Com a Inimiga","author":"Gerson Guelmann","date":"30 de julho de 2019","format":false,"excerpt":"Jacob e Sara estavam viajando de autom\u00f3vel e foram parados por um policial rodovi\u00e1rio: - \"Qual \u00e9 o problema, policial?\" - \"O senhor estava indo a pelo menos 90 km\/h num trecho de 80 km\/h\" - respondeu ele. - \"N\u00e3o, senhor, eu estava indo a 80\". Ai Sara, a esposa,\u2026","rel":"","context":"Em &quot;Sem categoria&quot;","block_context":{"text":"Sem categoria","link":"https:\/\/gersonguelmann.com.br\/blog\/category\/sem-categoria\/"},"img":{"alt_text":"","src":"https:\/\/i0.wp.com\/gersonguelmann.com.br\/blog\/wp-content\/uploads\/2017\/11\/PRF.jpg?resize=350%2C200&ssl=1","width":350,"height":200},"classes":[]},{"id":2159,"url":"https:\/\/gersonguelmann.com.br\/blog\/sexta-do-humor-e-da-cultura-judaica-o-rabino-o-padre-o-pastor-e-a-jogatina\/","url_meta":{"origin":13061,"position":3},"title":"Sexta do Humor e da Cultura Judaica: o Rabino, o Padre, o Pastor e a Jogatina","author":"Gerson Guelmann","date":"26 de julho de 2024","format":false,"excerpt":"O Rabino, o Padre, o Pastor e a Jogatina Um Rabino, um Padre e um Pastor moravam em uma pequena cidade do interior, onde atendiam as respetivas comunidades. Com o tempo, tornaram-se amigos e costumavam se reunir para debater temas religiosos. No entanto, como a cidade era pequena e n\u00e3o\u2026","rel":"","context":"Em &quot;Sem categoria&quot;","block_context":{"text":"Sem categoria","link":"https:\/\/gersonguelmann.com.br\/blog\/category\/sem-categoria\/"},"img":{"alt_text":"","src":"https:\/\/i0.wp.com\/gersonguelmann.com.br\/blog\/wp-content\/uploads\/2024\/07\/HojePR-14-scaled.jpg?fit=1200%2C815&ssl=1&resize=350%2C200","width":350,"height":200,"srcset":"https:\/\/i0.wp.com\/gersonguelmann.com.br\/blog\/wp-content\/uploads\/2024\/07\/HojePR-14-scaled.jpg?fit=1200%2C815&ssl=1&resize=350%2C200 1x, https:\/\/i0.wp.com\/gersonguelmann.com.br\/blog\/wp-content\/uploads\/2024\/07\/HojePR-14-scaled.jpg?fit=1200%2C815&ssl=1&resize=525%2C300 1.5x, https:\/\/i0.wp.com\/gersonguelmann.com.br\/blog\/wp-content\/uploads\/2024\/07\/HojePR-14-scaled.jpg?fit=1200%2C815&ssl=1&resize=700%2C400 2x, https:\/\/i0.wp.com\/gersonguelmann.com.br\/blog\/wp-content\/uploads\/2024\/07\/HojePR-14-scaled.jpg?fit=1200%2C815&ssl=1&resize=1050%2C600 3x"},"classes":[]},{"id":26393,"url":"https:\/\/gersonguelmann.com.br\/blog\/sexta-do-humor-e-da-cultura-judaica-viajando-com-a-inimiga\/","url_meta":{"origin":13061,"position":4},"title":"Sexta do Humor e da Cultura Judaica &#8211; Viajando Com a Inimiga","author":"Gerson Guelmann","date":"17 de outubro de 2025","format":false,"excerpt":"Viajando Com a Inimiga Jacob e Sara haviam programado viagem de autom\u00f3vel e em meio aos preparativos tiveram uma discuss\u00e3o, o que fez com que ela ficasse extremamente braba e entrasse no carro pensando em como se vingar. A oportunidade surgiu quando foram parados por um policial rodovi\u00e1rio: - Qual\u2026","rel":"","context":"Em &quot;Sem categoria&quot;","block_context":{"text":"Sem categoria","link":"https:\/\/gersonguelmann.com.br\/blog\/category\/sem-categoria\/"},"img":{"alt_text":"","src":"https:\/\/i0.wp.com\/gersonguelmann.com.br\/blog\/wp-content\/uploads\/2025\/10\/HojePR-6-scaled.jpg?fit=1200%2C800&ssl=1&resize=350%2C200","width":350,"height":200,"srcset":"https:\/\/i0.wp.com\/gersonguelmann.com.br\/blog\/wp-content\/uploads\/2025\/10\/HojePR-6-scaled.jpg?fit=1200%2C800&ssl=1&resize=350%2C200 1x, https:\/\/i0.wp.com\/gersonguelmann.com.br\/blog\/wp-content\/uploads\/2025\/10\/HojePR-6-scaled.jpg?fit=1200%2C800&ssl=1&resize=525%2C300 1.5x, https:\/\/i0.wp.com\/gersonguelmann.com.br\/blog\/wp-content\/uploads\/2025\/10\/HojePR-6-scaled.jpg?fit=1200%2C800&ssl=1&resize=700%2C400 2x, https:\/\/i0.wp.com\/gersonguelmann.com.br\/blog\/wp-content\/uploads\/2025\/10\/HojePR-6-scaled.jpg?fit=1200%2C800&ssl=1&resize=1050%2C600 3x"},"classes":[]},{"id":192,"url":"https:\/\/gersonguelmann.com.br\/blog\/o-rabino-o-padre-e-o-acidente-de-bicicleta\/","url_meta":{"origin":13061,"position":5},"title":"O Rabino, o Padre e o Acidente de Bicicleta","author":"Gerson Guelmann","date":"26 de fevereiro de 2021","format":false,"excerpt":"Em uma cidade do interior dos Estados Unidos, o Rabino Goldstein e o Padre Brennan tornaram-se bons amigos. Nas horas de folga conversavam sobre quest\u00f5es teol\u00f3gicas e a vis\u00e3o de suas religi\u00f5es sobre temas diversos, estreitando a rela\u00e7\u00e3o e fortalecendo a amizade. Uma discuss\u00e3o recorrente era a quest\u00e3o da vis\u00e3o\u2026","rel":"","context":"Em &quot;Sem categoria&quot;","block_context":{"text":"Sem categoria","link":"https:\/\/gersonguelmann.com.br\/blog\/category\/sem-categoria\/"},"img":{"alt_text":"","src":"https:\/\/i0.wp.com\/gersonguelmann.com.br\/blog\/wp-content\/uploads\/2017\/05\/Sinal-da-cruz-264x300.jpg?resize=350%2C200&ssl=1","width":350,"height":200},"classes":[]}],"jetpack_sharing_enabled":true,"post_mailing_queue_ids":[],"_links":{"self":[{"href":"https:\/\/gersonguelmann.com.br\/blog\/wp-json\/wp\/v2\/posts\/13061","targetHints":{"allow":["GET"]}}],"collection":[{"href":"https:\/\/gersonguelmann.com.br\/blog\/wp-json\/wp\/v2\/posts"}],"about":[{"href":"https:\/\/gersonguelmann.com.br\/blog\/wp-json\/wp\/v2\/types\/post"}],"author":[{"embeddable":true,"href":"https:\/\/gersonguelmann.com.br\/blog\/wp-json\/wp\/v2\/users\/5"}],"replies":[{"embeddable":true,"href":"https:\/\/gersonguelmann.com.br\/blog\/wp-json\/wp\/v2\/comments?post=13061"}],"version-history":[{"count":0,"href":"https:\/\/gersonguelmann.com.br\/blog\/wp-json\/wp\/v2\/posts\/13061\/revisions"}],"wp:featuredmedia":[{"embeddable":true,"href":"https:\/\/gersonguelmann.com.br\/blog\/wp-json\/wp\/v2\/media\/13062"}],"wp:attachment":[{"href":"https:\/\/gersonguelmann.com.br\/blog\/wp-json\/wp\/v2\/media?parent=13061"}],"wp:term":[{"taxonomy":"category","embeddable":true,"href":"https:\/\/gersonguelmann.com.br\/blog\/wp-json\/wp\/v2\/categories?post=13061"},{"taxonomy":"post_tag","embeddable":true,"href":"https:\/\/gersonguelmann.com.br\/blog\/wp-json\/wp\/v2\/tags?post=13061"}],"curies":[{"name":"wp","href":"https:\/\/api.w.org\/{rel}","templated":true}]}}