    {"id":13077,"date":"2018-05-19T20:30:46","date_gmt":"2018-05-19T23:30:46","guid":{"rendered":"https:\/\/gersonguelmann.com.br\/blog\/?p=13077"},"modified":"2018-05-19T20:30:46","modified_gmt":"2018-05-19T23:30:46","slug":"presidente-presidiario","status":"publish","type":"post","link":"https:\/\/gersonguelmann.com.br\/blog\/presidente-presidiario\/","title":{"rendered":"Presidente Presidi\u00e1rio"},"content":{"rendered":"<p style=\"text-align: center;\"><img data-recalc-dims=\"1\" fetchpriority=\"high\" decoding=\"async\" data-attachment-id=\"13078\" data-permalink=\"https:\/\/gersonguelmann.com.br\/blog\/presidente-presidiario\/prisao-3\/\" data-orig-file=\"https:\/\/i0.wp.com\/gersonguelmann.com.br\/blog\/wp-content\/uploads\/2018\/05\/Pris%C3%A3o.jpg?fit=640%2C427&amp;ssl=1\" data-orig-size=\"640,427\" data-comments-opened=\"1\" data-image-meta=\"{&quot;aperture&quot;:&quot;0&quot;,&quot;credit&quot;:&quot;&quot;,&quot;camera&quot;:&quot;&quot;,&quot;caption&quot;:&quot;&quot;,&quot;created_timestamp&quot;:&quot;0&quot;,&quot;copyright&quot;:&quot;&quot;,&quot;focal_length&quot;:&quot;0&quot;,&quot;iso&quot;:&quot;0&quot;,&quot;shutter_speed&quot;:&quot;0&quot;,&quot;title&quot;:&quot;&quot;,&quot;orientation&quot;:&quot;0&quot;}\" data-image-title=\"Pris\u00e3o\" data-image-description=\"\" data-image-caption=\"\" data-medium-file=\"https:\/\/i0.wp.com\/gersonguelmann.com.br\/blog\/wp-content\/uploads\/2018\/05\/Pris%C3%A3o.jpg?fit=300%2C200&amp;ssl=1\" data-large-file=\"https:\/\/i0.wp.com\/gersonguelmann.com.br\/blog\/wp-content\/uploads\/2018\/05\/Pris%C3%A3o.jpg?fit=640%2C427&amp;ssl=1\" class=\"alignnone size-medium wp-image-13078\" src=\"https:\/\/i0.wp.com\/gersonguelmann.com.br\/blog\/wp-content\/uploads\/2018\/05\/Pris%C3%A3o.jpg?resize=300%2C200&#038;ssl=1\" alt=\"\" width=\"300\" height=\"200\" srcset=\"https:\/\/i0.wp.com\/gersonguelmann.com.br\/blog\/wp-content\/uploads\/2018\/05\/Pris%C3%A3o.jpg?resize=300%2C200&amp;ssl=1 300w, https:\/\/i0.wp.com\/gersonguelmann.com.br\/blog\/wp-content\/uploads\/2018\/05\/Pris%C3%A3o.jpg?w=640&amp;ssl=1 640w\" sizes=\"(max-width: 300px) 100vw, 300px\" \/><\/p>\n<p><span style=\"color: #000000; font-family: georgia, palatino, serif; font-size: 18pt;\">Artigo de Mentor Neto, publicado h\u00e1 pouco na Isto\u00c9:<\/span><\/p>\n<p><strong><span style=\"color: #000000;\">18\/maio\/18 &#8211; 18h00<\/span><\/strong><\/p>\n<p><span style=\"color: #000000;\"><span style=\"font-size: 24pt;\"><strong>Presidente presidi\u00e1rio<\/strong><\/span><\/p>\n<p><span style=\"font-size: 14pt;\">Saiu mais uma pesquisa para a elei\u00e7\u00e3o do nosso pr\u00f3ximo Presidente.<\/span><br \/>\n<\/span><\/p>\n<div class=\"content\">\n<p><span style=\"color: #000000; font-size: 14pt;\">Se Lula conseguir o feito de concorrer, ganha at\u00e9 do Justin Bieber.<\/span><\/p>\n<p><span style=\"color: #000000; font-size: 14pt;\">N\u00e3o tem para ningu\u00e9m.<\/span><\/p>\n<p><span style=\"color: #000000; font-size: 14pt;\">Alckmin, coitado, d\u00e1 at\u00e9 pena.<\/span><\/p>\n<p><span style=\"color: #000000; font-size: 14pt;\">Na pesquisa, aparece com menos votos do que o Nulo.<\/span><\/p>\n<p><span style=\"color: #000000; font-size: 14pt;\">Esse Nulo n\u00e3o conhe\u00e7o, mas deve ter feito mais por S\u00e3o Paulo do que o Alckmin.<\/span><\/p>\n<p><span style=\"color: #000000; font-size: 14pt;\">Lula tem quase o dobro da inten\u00e7\u00e3o de votos em Bolsonaro.<\/span><\/p>\n<p><span style=\"color: #000000; font-size: 14pt;\">Eu sei.<\/span><\/p>\n<p><span style=\"color: #000000; font-size: 14pt;\">Voc\u00ea vai dizer que \u00e9 muito cedo, que a corrida ainda nem come\u00e7ou, que pesquisas n\u00e3o significam nada, que vai ser imposs\u00edvel Lula concorrer ou que Bolsonaro n\u00e3o sobrevive aos debates.<\/span><\/p>\n<p><span style=\"color: #000000; font-size: 14pt;\">Tudo isso \u00e9 poss\u00edvel.<\/span><\/p>\n<p><span style=\"color: #000000; font-size: 14pt;\">S\u00f3 que pesquisas s\u00e3o t\u00e3o v\u00e1lidas quanto o seu e o meu achismo, e pesquisas s\u00e3o o que temos para o momento, sen\u00e3o vou ter que escrever receita de bolo.<\/span><\/p>\n<p><span style=\"color: #000000; font-size: 14pt;\">Ent\u00e3o, vamos imaginar que Lula consiga, por uma dessas tecnicalidades que s\u00f3 existem na Justi\u00e7a brasileira, concorrer.<\/span><br \/>\n<span style=\"color: #000000; font-size: 14pt;\">Um embargo limin\u00e1rico adstringente qualquer.<\/span><\/p>\n<p><span style=\"color: #000000; font-size: 14pt;\">Pimba!<\/span><\/p>\n<p><span style=\"color: #000000; font-size: 14pt;\">Lula sai candidato.<\/span><\/p>\n<p><span style=\"color: #000000; font-size: 14pt;\">Vai ser divertido, isso temos que concordar.<\/span><\/p>\n<p><span style=\"color: #000000; font-size: 14pt;\">Imagina ele debatendo por tel\u00e3o, atr\u00e1s das grades.<\/span><\/p>\n<p><span style=\"color: #000000; font-size: 14pt;\">A certa altura, o debate ser\u00e1 interrompido porque precisa tomar banho de sol.<\/span><\/p>\n<p><span style=\"color: #000000; font-size: 14pt;\">Absurdo por qu\u00ea?<\/span><\/p>\n<p><span style=\"color: #000000; font-size: 14pt;\">Voc\u00ea ainda acredita em absurdo neste pa\u00eds?<\/span><\/p>\n<p><span style=\"color: #000000; font-size: 14pt;\">Aqui pode tudo, meu amigo.<\/span><\/p>\n<p><span style=\"color: #000000; font-size: 14pt;\">Estamos a poucos meses de ter (mesmo que numa possibilidade remota) o primeiro Presidente Presidi\u00e1rio da Hist\u00f3ria.<\/span><\/p>\n<p><span style=\"color: #000000; font-size: 14pt;\">Absurdo \u00e9 a que ponto chegamos, isso sim.<\/span><\/p>\n<p><span style=\"color: #000000; font-size: 14pt;\">Se eu fosse Lula, colocaria a faixa presidencial sobre o uniforme de preso.<\/span><\/p>\n<p><span style=\"color: #000000; font-size: 14pt;\">N\u00e3o esses uniformes discretos.<\/span><\/p>\n<p><span style=\"color: #000000; font-size: 14pt;\">Aquele ic\u00f4nico, zebrado.<\/span><\/p>\n<p><span style=\"color: #000000; font-size: 14pt;\">Sairia na capa de todos os jornais do mundo o coitado-preso-pol\u00edtico-que-sofreu-um-golpe-e-mesmo-assim-ganhou-a-elei\u00e7\u00e3o.<\/span><\/p>\n<p><span style=\"color: #000000; font-size: 14pt;\">Seus asseclas, Narizinho e Mogli, o menino bobo, estar\u00e3o ao seu lado, vestindo as mesmas roupas, em solidariedade.<\/span><\/p>\n<p><span style=\"color: #000000; font-size: 14pt;\">Ou porque estar\u00e3o presos tamb\u00e9m.<\/span><\/p>\n<p><span style=\"color: #000000; font-size: 14pt;\">Qualquer semelhan\u00e7a com os Irm\u00e3os Metralha n\u00e3o \u00e9 mera coincid\u00eancia.<\/span><\/p>\n<p><span style=\"color: #000000; font-size: 14pt;\">Narizinho ser\u00e1 a Ministra da Semnocisse. Mogli, o Ministro da Bobagem.<\/span><\/p>\n<p><span style=\"color: #000000; font-size: 14pt;\">E mais.<\/span><\/p>\n<p><span style=\"color: #000000; font-size: 14pt;\">Se eu fosse o Lula, uma vez eleito, transferiria o Distrito Federal para Curitiba e comandaria o pa\u00eds de dentro da su\u00edte, digo, cela em que est\u00e1 confinado.<\/span><\/p>\n<p><span style=\"color: #000000; font-size: 14pt;\">N\u00e3o s\u00f3 n\u00e3o \u00e9 imposs\u00edvel, como nem mesmo seria in\u00e9dito.<\/span><\/p>\n<p><span style=\"color: #000000; font-size: 14pt;\">O PCC e o Comando Vermelho tamb\u00e9m s\u00e3o comandados de dentro da pris\u00e3o e t\u00eam dado muito certo.<\/span><\/p>\n<p><span style=\"color: #000000; font-size: 14pt;\">Mandam roubar e matar sem nenhuma dificuldade.<\/span><\/p>\n<p><span style=\"color: #000000; font-size: 14pt;\">\u00c9 certo que essa minha sugest\u00e3o vai criar certos problemas diplom\u00e1ticos.<\/span><\/p>\n<p><span style=\"color: #000000; font-size: 14pt;\">Chefes de Estado ter\u00e3o que visit\u00e1-lo na cadeia; ent\u00e3o, precisar\u00e3o coordenar as viagens para os dias de visita.<\/span><\/p>\n<p><span style=\"color: #000000; font-size: 14pt;\">Ter\u00e3o que passar por constrangedoras revistas.<\/span><\/p>\n<p><span style=\"color: #000000; font-size: 14pt;\">Mas tudo isso servir\u00e1 para refor\u00e7ar, ainda mais, a ideia de que Lula \u00e9 mesmo um m\u00e1rtir, que \u00e9 o que todos os petistas desejam.<\/span><\/p>\n<p><span style=\"color: #000000; font-size: 14pt;\">No xilindr\u00f3, Lula poder\u00e1 finalmente se vingar de todos que o perseguiram.<\/span><\/p>\n<p><span style=\"color: #000000; font-size: 14pt;\">Mandar\u00e1 Sergio Moro trabalhar num juizado de pequenas causas, no meio da Floresta Amaz\u00f4nica.<\/span><\/p>\n<p><span style=\"color: #000000; font-size: 14pt;\">Os canalhas do Minist\u00e9rio P\u00fablico ser\u00e3o alocados nas escolas para ajudar crian\u00e7as a atravessarem a rua.<\/span><\/p>\n<p><span style=\"color: #000000; font-size: 14pt;\">Em quatro anos governando da cadeia, sua reelei\u00e7\u00e3o estar\u00e1 garantida, porque brasileiro sempre torce pelos sofredores.<\/span><\/p>\n<p><span style=\"color: #000000; font-size: 14pt;\">Nesse cen\u00e1rio, o fato de ter sido condenado e preso, ao inv\u00e9s de um castigo, ser\u00e1 uma d\u00e1diva.<\/span><\/p>\n<p><span style=\"color: #000000; font-size: 14pt;\">O Brasil, mais uma vez, vai ocupar as manchetes de todos os jornais do mundo, enchendo a gente de orgulho.<\/span><\/p>\n<p><span style=\"color: #000000; font-size: 14pt;\">Decidido.<\/span><\/p>\n<p><span style=\"color: #000000; font-size: 14pt;\">Se o Lula prometer que governa de dentro da cela, ter\u00e1 meu voto.<\/span><\/p>\n<p><span style=\"color: #000000; font-size: 14pt;\">Convenhamos. De tudo que tem por a\u00ed, essa definitivamente ser\u00e1 a op\u00e7\u00e3o mais divertida.<\/span><\/p>\n<p><span style=\"color: #000000; font-family: georgia, palatino, serif; font-size: 18pt;\">A mat\u00e9ria foi publicada <a href=\"https:\/\/istoe.com.br\/presidente-presidiario\/\"><em><strong>aqui<\/strong><\/em><\/a>.<\/span><\/p>\n<\/div>\n","protected":false},"excerpt":{"rendered":"<p>Artigo de Mentor Neto, publicado h\u00e1 pouco na Isto\u00c9: 18\/maio\/18 &#8211; 18h00 Presidente presidi\u00e1rio Saiu mais uma pesquisa para a elei\u00e7\u00e3o do nosso pr\u00f3ximo Presidente. Se Lula conseguir o feito de concorrer, ganha at\u00e9 do Justin Bieber. N\u00e3o tem para ningu\u00e9m. Alckmin, coitado, d\u00e1 at\u00e9 pena. Na pesquisa, aparece com menos votos do que o [&hellip;]<\/p>\n","protected":false},"author":5,"featured_media":13078,"comment_status":"open","ping_status":"open","sticky":false,"template":"","format":"standard","meta":{"_acf_changed":false,"jetpack_post_was_ever_published":false,"_jetpack_newsletter_access":"","_jetpack_dont_email_post_to_subs":false,"_jetpack_newsletter_tier_id":0,"_jetpack_memberships_contains_paywalled_content":false,"_jetpack_memberships_contains_paid_content":false,"footnotes":"","jetpack_publicize_message":"","jetpack_publicize_feature_enabled":true,"jetpack_social_post_already_shared":true,"jetpack_social_options":{"image_generator_settings":{"template":"highway","default_image_id":0,"font":"","enabled":false},"version":2}},"categories":[1],"tags":[],"class_list":["post-13077","post","type-post","status-publish","format-standard","has-post-thumbnail","hentry","category-sem-categoria"],"acf":[],"yoast_head":"<!-- This site is optimized with the Yoast SEO plugin v27.3 - https:\/\/yoast.com\/product\/yoast-seo-wordpress\/ -->\n<title>Presidente Presidi\u00e1rio | Blog do Guelmann<\/title>\n<meta name=\"robots\" content=\"index, follow, max-snippet:-1, max-image-preview:large, max-video-preview:-1\" \/>\n<link rel=\"canonical\" href=\"https:\/\/gersonguelmann.com.br\/blog\/presidente-presidiario\/\" \/>\n<meta property=\"og:locale\" content=\"pt_BR\" \/>\n<meta property=\"og:type\" content=\"article\" \/>\n<meta property=\"og:title\" content=\"Presidente Presidi\u00e1rio | Blog do Guelmann\" \/>\n<meta property=\"og:description\" content=\"Artigo de Mentor Neto, publicado h\u00e1 pouco na Isto\u00c9: 18\/maio\/18 &#8211; 18h00 Presidente presidi\u00e1rio Saiu mais uma pesquisa para a elei\u00e7\u00e3o do nosso pr\u00f3ximo Presidente. Se Lula conseguir o feito de concorrer, ganha at\u00e9 do Justin Bieber. N\u00e3o tem para ningu\u00e9m. Alckmin, coitado, d\u00e1 at\u00e9 pena. Na pesquisa, aparece com menos votos do que o [&hellip;]\" \/>\n<meta property=\"og:url\" content=\"https:\/\/gersonguelmann.com.br\/blog\/presidente-presidiario\/\" \/>\n<meta property=\"og:site_name\" content=\"Blog do Guelmann\" \/>\n<meta property=\"article:published_time\" content=\"2018-05-19T23:30:46+00:00\" \/>\n<meta property=\"og:image\" content=\"https:\/\/i0.wp.com\/gersonguelmann.com.br\/blog\/wp-content\/uploads\/2018\/05\/Pris\u00e3o.jpg?fit=640%2C427&ssl=1\" \/>\n\t<meta property=\"og:image:width\" content=\"640\" \/>\n\t<meta property=\"og:image:height\" content=\"427\" \/>\n\t<meta property=\"og:image:type\" content=\"image\/jpeg\" \/>\n<meta name=\"author\" content=\"Gerson Guelmann\" \/>\n<meta name=\"twitter:card\" content=\"summary_large_image\" \/>\n<meta name=\"twitter:label1\" content=\"Escrito por\" \/>\n\t<meta name=\"twitter:data1\" content=\"Gerson Guelmann\" \/>\n\t<meta name=\"twitter:label2\" content=\"Est. tempo de leitura\" \/>\n\t<meta name=\"twitter:data2\" content=\"3 minutos\" \/>\n<script type=\"application\/ld+json\" class=\"yoast-schema-graph\">{\"@context\":\"https:\\\/\\\/schema.org\",\"@graph\":[{\"@type\":\"Article\",\"@id\":\"https:\\\/\\\/gersonguelmann.com.br\\\/blog\\\/presidente-presidiario\\\/#article\",\"isPartOf\":{\"@id\":\"https:\\\/\\\/gersonguelmann.com.br\\\/blog\\\/presidente-presidiario\\\/\"},\"author\":{\"name\":\"Gerson Guelmann\",\"@id\":\"https:\\\/\\\/gersonguelmann.com.br\\\/blog\\\/#\\\/schema\\\/person\\\/87e70e2a786888082f941a482c90569e\"},\"headline\":\"Presidente Presidi\u00e1rio\",\"datePublished\":\"2018-05-19T23:30:46+00:00\",\"mainEntityOfPage\":{\"@id\":\"https:\\\/\\\/gersonguelmann.com.br\\\/blog\\\/presidente-presidiario\\\/\"},\"wordCount\":636,\"commentCount\":0,\"image\":{\"@id\":\"https:\\\/\\\/gersonguelmann.com.br\\\/blog\\\/presidente-presidiario\\\/#primaryimage\"},\"thumbnailUrl\":\"https:\\\/\\\/i0.wp.com\\\/gersonguelmann.com.br\\\/blog\\\/wp-content\\\/uploads\\\/2018\\\/05\\\/Pris%C3%A3o.jpg?fit=640%2C427&ssl=1\",\"inLanguage\":\"pt-BR\",\"potentialAction\":[{\"@type\":\"CommentAction\",\"name\":\"Comment\",\"target\":[\"https:\\\/\\\/gersonguelmann.com.br\\\/blog\\\/presidente-presidiario\\\/#respond\"]}]},{\"@type\":\"WebPage\",\"@id\":\"https:\\\/\\\/gersonguelmann.com.br\\\/blog\\\/presidente-presidiario\\\/\",\"url\":\"https:\\\/\\\/gersonguelmann.com.br\\\/blog\\\/presidente-presidiario\\\/\",\"name\":\"Presidente Presidi\u00e1rio | Blog do Guelmann\",\"isPartOf\":{\"@id\":\"https:\\\/\\\/gersonguelmann.com.br\\\/blog\\\/#website\"},\"primaryImageOfPage\":{\"@id\":\"https:\\\/\\\/gersonguelmann.com.br\\\/blog\\\/presidente-presidiario\\\/#primaryimage\"},\"image\":{\"@id\":\"https:\\\/\\\/gersonguelmann.com.br\\\/blog\\\/presidente-presidiario\\\/#primaryimage\"},\"thumbnailUrl\":\"https:\\\/\\\/i0.wp.com\\\/gersonguelmann.com.br\\\/blog\\\/wp-content\\\/uploads\\\/2018\\\/05\\\/Pris%C3%A3o.jpg?fit=640%2C427&ssl=1\",\"datePublished\":\"2018-05-19T23:30:46+00:00\",\"author\":{\"@id\":\"https:\\\/\\\/gersonguelmann.com.br\\\/blog\\\/#\\\/schema\\\/person\\\/87e70e2a786888082f941a482c90569e\"},\"inLanguage\":\"pt-BR\",\"potentialAction\":[{\"@type\":\"ReadAction\",\"target\":[\"https:\\\/\\\/gersonguelmann.com.br\\\/blog\\\/presidente-presidiario\\\/\"]}]},{\"@type\":\"ImageObject\",\"inLanguage\":\"pt-BR\",\"@id\":\"https:\\\/\\\/gersonguelmann.com.br\\\/blog\\\/presidente-presidiario\\\/#primaryimage\",\"url\":\"https:\\\/\\\/i0.wp.com\\\/gersonguelmann.com.br\\\/blog\\\/wp-content\\\/uploads\\\/2018\\\/05\\\/Pris%C3%A3o.jpg?fit=640%2C427&ssl=1\",\"contentUrl\":\"https:\\\/\\\/i0.wp.com\\\/gersonguelmann.com.br\\\/blog\\\/wp-content\\\/uploads\\\/2018\\\/05\\\/Pris%C3%A3o.jpg?fit=640%2C427&ssl=1\",\"width\":640,\"height\":427},{\"@type\":\"WebSite\",\"@id\":\"https:\\\/\\\/gersonguelmann.com.br\\\/blog\\\/#website\",\"url\":\"https:\\\/\\\/gersonguelmann.com.br\\\/blog\\\/\",\"name\":\"Blog do Guelmann\",\"description\":\"Pitadas da sabedoria e do humor judaicos, assuntos do momento e um pouco das hist\u00f3rias que vivi e testemunhei.\",\"potentialAction\":[{\"@type\":\"SearchAction\",\"target\":{\"@type\":\"EntryPoint\",\"urlTemplate\":\"https:\\\/\\\/gersonguelmann.com.br\\\/blog\\\/?s={search_term_string}\"},\"query-input\":{\"@type\":\"PropertyValueSpecification\",\"valueRequired\":true,\"valueName\":\"search_term_string\"}}],\"inLanguage\":\"pt-BR\"},{\"@type\":\"Person\",\"@id\":\"https:\\\/\\\/gersonguelmann.com.br\\\/blog\\\/#\\\/schema\\\/person\\\/87e70e2a786888082f941a482c90569e\",\"name\":\"Gerson Guelmann\",\"image\":{\"@type\":\"ImageObject\",\"inLanguage\":\"pt-BR\",\"@id\":\"https:\\\/\\\/i0.wp.com\\\/gersonguelmann.com.br\\\/blog\\\/wp-content\\\/uploads\\\/2021\\\/08\\\/BLOG.jpeg?fit=96%2C96&ssl=1\",\"url\":\"https:\\\/\\\/i0.wp.com\\\/gersonguelmann.com.br\\\/blog\\\/wp-content\\\/uploads\\\/2021\\\/08\\\/BLOG.jpeg?fit=96%2C96&ssl=1\",\"contentUrl\":\"https:\\\/\\\/i0.wp.com\\\/gersonguelmann.com.br\\\/blog\\\/wp-content\\\/uploads\\\/2021\\\/08\\\/BLOG.jpeg?fit=96%2C96&ssl=1\",\"caption\":\"Gerson Guelmann\"},\"description\":\"Pitadas da sabedoria e do humor judaicos, assuntos do momento e um pouco das hist\u00f3rias que vivi e testemunhei.\"}]}<\/script>\n<!-- \/ Yoast SEO plugin. -->","yoast_head_json":{"title":"Presidente Presidi\u00e1rio | Blog do Guelmann","robots":{"index":"index","follow":"follow","max-snippet":"max-snippet:-1","max-image-preview":"max-image-preview:large","max-video-preview":"max-video-preview:-1"},"canonical":"https:\/\/gersonguelmann.com.br\/blog\/presidente-presidiario\/","og_locale":"pt_BR","og_type":"article","og_title":"Presidente Presidi\u00e1rio | Blog do Guelmann","og_description":"Artigo de Mentor Neto, publicado h\u00e1 pouco na Isto\u00c9: 18\/maio\/18 &#8211; 18h00 Presidente presidi\u00e1rio Saiu mais uma pesquisa para a elei\u00e7\u00e3o do nosso pr\u00f3ximo Presidente. Se Lula conseguir o feito de concorrer, ganha at\u00e9 do Justin Bieber. N\u00e3o tem para ningu\u00e9m. Alckmin, coitado, d\u00e1 at\u00e9 pena. Na pesquisa, aparece com menos votos do que o [&hellip;]","og_url":"https:\/\/gersonguelmann.com.br\/blog\/presidente-presidiario\/","og_site_name":"Blog do Guelmann","article_published_time":"2018-05-19T23:30:46+00:00","og_image":[{"width":640,"height":427,"url":"https:\/\/i0.wp.com\/gersonguelmann.com.br\/blog\/wp-content\/uploads\/2018\/05\/Pris\u00e3o.jpg?fit=640%2C427&ssl=1","type":"image\/jpeg"}],"author":"Gerson Guelmann","twitter_card":"summary_large_image","twitter_misc":{"Escrito por":"Gerson Guelmann","Est. tempo de leitura":"3 minutos"},"schema":{"@context":"https:\/\/schema.org","@graph":[{"@type":"Article","@id":"https:\/\/gersonguelmann.com.br\/blog\/presidente-presidiario\/#article","isPartOf":{"@id":"https:\/\/gersonguelmann.com.br\/blog\/presidente-presidiario\/"},"author":{"name":"Gerson Guelmann","@id":"https:\/\/gersonguelmann.com.br\/blog\/#\/schema\/person\/87e70e2a786888082f941a482c90569e"},"headline":"Presidente Presidi\u00e1rio","datePublished":"2018-05-19T23:30:46+00:00","mainEntityOfPage":{"@id":"https:\/\/gersonguelmann.com.br\/blog\/presidente-presidiario\/"},"wordCount":636,"commentCount":0,"image":{"@id":"https:\/\/gersonguelmann.com.br\/blog\/presidente-presidiario\/#primaryimage"},"thumbnailUrl":"https:\/\/i0.wp.com\/gersonguelmann.com.br\/blog\/wp-content\/uploads\/2018\/05\/Pris%C3%A3o.jpg?fit=640%2C427&ssl=1","inLanguage":"pt-BR","potentialAction":[{"@type":"CommentAction","name":"Comment","target":["https:\/\/gersonguelmann.com.br\/blog\/presidente-presidiario\/#respond"]}]},{"@type":"WebPage","@id":"https:\/\/gersonguelmann.com.br\/blog\/presidente-presidiario\/","url":"https:\/\/gersonguelmann.com.br\/blog\/presidente-presidiario\/","name":"Presidente Presidi\u00e1rio | Blog do Guelmann","isPartOf":{"@id":"https:\/\/gersonguelmann.com.br\/blog\/#website"},"primaryImageOfPage":{"@id":"https:\/\/gersonguelmann.com.br\/blog\/presidente-presidiario\/#primaryimage"},"image":{"@id":"https:\/\/gersonguelmann.com.br\/blog\/presidente-presidiario\/#primaryimage"},"thumbnailUrl":"https:\/\/i0.wp.com\/gersonguelmann.com.br\/blog\/wp-content\/uploads\/2018\/05\/Pris%C3%A3o.jpg?fit=640%2C427&ssl=1","datePublished":"2018-05-19T23:30:46+00:00","author":{"@id":"https:\/\/gersonguelmann.com.br\/blog\/#\/schema\/person\/87e70e2a786888082f941a482c90569e"},"inLanguage":"pt-BR","potentialAction":[{"@type":"ReadAction","target":["https:\/\/gersonguelmann.com.br\/blog\/presidente-presidiario\/"]}]},{"@type":"ImageObject","inLanguage":"pt-BR","@id":"https:\/\/gersonguelmann.com.br\/blog\/presidente-presidiario\/#primaryimage","url":"https:\/\/i0.wp.com\/gersonguelmann.com.br\/blog\/wp-content\/uploads\/2018\/05\/Pris%C3%A3o.jpg?fit=640%2C427&ssl=1","contentUrl":"https:\/\/i0.wp.com\/gersonguelmann.com.br\/blog\/wp-content\/uploads\/2018\/05\/Pris%C3%A3o.jpg?fit=640%2C427&ssl=1","width":640,"height":427},{"@type":"WebSite","@id":"https:\/\/gersonguelmann.com.br\/blog\/#website","url":"https:\/\/gersonguelmann.com.br\/blog\/","name":"Blog do Guelmann","description":"Pitadas da sabedoria e do humor judaicos, assuntos do momento e um pouco das hist\u00f3rias que vivi e testemunhei.","potentialAction":[{"@type":"SearchAction","target":{"@type":"EntryPoint","urlTemplate":"https:\/\/gersonguelmann.com.br\/blog\/?s={search_term_string}"},"query-input":{"@type":"PropertyValueSpecification","valueRequired":true,"valueName":"search_term_string"}}],"inLanguage":"pt-BR"},{"@type":"Person","@id":"https:\/\/gersonguelmann.com.br\/blog\/#\/schema\/person\/87e70e2a786888082f941a482c90569e","name":"Gerson Guelmann","image":{"@type":"ImageObject","inLanguage":"pt-BR","@id":"https:\/\/i0.wp.com\/gersonguelmann.com.br\/blog\/wp-content\/uploads\/2021\/08\/BLOG.jpeg?fit=96%2C96&ssl=1","url":"https:\/\/i0.wp.com\/gersonguelmann.com.br\/blog\/wp-content\/uploads\/2021\/08\/BLOG.jpeg?fit=96%2C96&ssl=1","contentUrl":"https:\/\/i0.wp.com\/gersonguelmann.com.br\/blog\/wp-content\/uploads\/2021\/08\/BLOG.jpeg?fit=96%2C96&ssl=1","caption":"Gerson Guelmann"},"description":"Pitadas da sabedoria e do humor judaicos, assuntos do momento e um pouco das hist\u00f3rias que vivi e testemunhei."}]}},"views":41,"jetpack_publicize_connections":[],"jetpack_featured_media_url":"https:\/\/i0.wp.com\/gersonguelmann.com.br\/blog\/wp-content\/uploads\/2018\/05\/Pris%C3%A3o.jpg?fit=640%2C427&ssl=1","jetpack_shortlink":"https:\/\/wp.me\/p96e7O-3oV","jetpack-related-posts":[{"id":11648,"url":"https:\/\/gersonguelmann.com.br\/blog\/lula-e-culpado-e-95-apoiam-lava-jato-diz-pesquisa\/","url_meta":{"origin":13077,"position":0},"title":"Lula \u00e9  Culpado e 95% Apoiam Lava Jato, Diz Pesquisa","author":"Gerson Guelmann","date":"14 de abril de 2018","format":false,"excerpt":"Mat\u00e9ria do jornal O Estado de S\u00e3o Paulo: Maioria v\u00ea culpa de Lula; 95% quer que Lava Jato continue Pesquisa Ipsos mostra tamb\u00e9m que 50% dos entrevistados s\u00e3o a favor da pris\u00e3o do petista e 46% s\u00e3o contra; foram ouvidas 1.200 pessoas Daniel Bramatti, O Estado de S.Paulo 14 Abril\u2026","rel":"","context":"Em &quot;Sem categoria&quot;","block_context":{"text":"Sem categoria","link":"https:\/\/gersonguelmann.com.br\/blog\/category\/sem-categoria\/"},"img":{"alt_text":"","src":"https:\/\/i0.wp.com\/gersonguelmann.com.br\/blog\/wp-content\/uploads\/2018\/04\/download-1-1.jpg?resize=350%2C200&ssl=1","width":350,"height":200},"classes":[]},{"id":13754,"url":"https:\/\/gersonguelmann.com.br\/blog\/temer-esta-comecando-a-adivinhar\/","url_meta":{"origin":13077,"position":1},"title":"Temer Est\u00e1 Come\u00e7ando a Adivinhar","author":"Gerson Guelmann","date":"7 de junho de 2018","format":false,"excerpt":"A manchete do artigo publicado pela revista Isto\u00c9 agora a noite diz tudo: MUNDO Temer diz que den\u00fancias buscam \u2018esquartej\u00e1-lo\u2019 politicamente AFP 07\/06\/18 - 20h41 - Atualizado em 07\/06\/18 - 21h20 O presidente Michel Temer declarou nesta quinta-feira, em entrevista \u00e0 TV Brasil, que as den\u00fancias contra ele s\u00e3o uma\u2026","rel":"","context":"Em &quot;Sem categoria&quot;","block_context":{"text":"Sem categoria","link":"https:\/\/gersonguelmann.com.br\/blog\/category\/sem-categoria\/"},"img":{"alt_text":"","src":"https:\/\/i0.wp.com\/gersonguelmann.com.br\/blog\/wp-content\/uploads\/2018\/06\/Vidente-1.jpg?fit=1200%2C799&ssl=1&resize=350%2C200","width":350,"height":200,"srcset":"https:\/\/i0.wp.com\/gersonguelmann.com.br\/blog\/wp-content\/uploads\/2018\/06\/Vidente-1.jpg?fit=1200%2C799&ssl=1&resize=350%2C200 1x, https:\/\/i0.wp.com\/gersonguelmann.com.br\/blog\/wp-content\/uploads\/2018\/06\/Vidente-1.jpg?fit=1200%2C799&ssl=1&resize=525%2C300 1.5x, https:\/\/i0.wp.com\/gersonguelmann.com.br\/blog\/wp-content\/uploads\/2018\/06\/Vidente-1.jpg?fit=1200%2C799&ssl=1&resize=700%2C400 2x, https:\/\/i0.wp.com\/gersonguelmann.com.br\/blog\/wp-content\/uploads\/2018\/06\/Vidente-1.jpg?fit=1200%2C799&ssl=1&resize=1050%2C600 3x"},"classes":[]},{"id":20569,"url":"https:\/\/gersonguelmann.com.br\/blog\/nao-dou-bola-para-a-vacinacao-palavras-do-presidente\/","url_meta":{"origin":13077,"position":2},"title":"&#8220;N\u00e3o Dou Bola Para a Vacina\u00e7\u00e3o&#8221;. Palavras do Presidente.","author":"Gerson Guelmann","date":"26 de dezembro de 2020","format":false,"excerpt":"Voc\u00ea pode ser ferrenho defensor do Bolsonaro, mas h\u00e1 de convir que a atua\u00e7\u00e3o dele em tudo o que diz respeito \u00e0 pandemia - exce\u00e7\u00e3o feita ao Aux\u00edlio Emergencial - \u00e9 um desastre. N\u00e3o h\u00e1 justificativa que sequer passe perto da razoabilidade para a quase totalidade de seus atos e\u2026","rel":"","context":"Em &quot;Sem categoria&quot;","block_context":{"text":"Sem categoria","link":"https:\/\/gersonguelmann.com.br\/blog\/category\/sem-categoria\/"},"img":{"alt_text":"","src":"https:\/\/i0.wp.com\/gersonguelmann.com.br\/blog\/wp-content\/uploads\/2020\/12\/BOLSONARO.jpg?fit=665%2C720&ssl=1&resize=350%2C200","width":350,"height":200,"srcset":"https:\/\/i0.wp.com\/gersonguelmann.com.br\/blog\/wp-content\/uploads\/2020\/12\/BOLSONARO.jpg?fit=665%2C720&ssl=1&resize=350%2C200 1x, https:\/\/i0.wp.com\/gersonguelmann.com.br\/blog\/wp-content\/uploads\/2020\/12\/BOLSONARO.jpg?fit=665%2C720&ssl=1&resize=525%2C300 1.5x"},"classes":[]},{"id":20309,"url":"https:\/\/gersonguelmann.com.br\/blog\/no-brasil-sem-vacina-o-roto-aconselha-o-esfarrapado\/","url_meta":{"origin":13077,"position":3},"title":"No Brasil Sem Vacina, o Roto Aconselha o Esfarrapado","author":"Gerson Guelmann","date":"13 de dezembro de 2020","format":false,"excerpt":"N\u00e3o h\u00e1 um \u00fanico brasileiro medianamente informado que n\u00e3o esteja preocupado com a quest\u00e3o da vacina\u00e7\u00e3o contra o Covid-19. H\u00e1 uma verdadeira guerra de (des)informa\u00e7\u00e3o onde n\u00f3s, os cidad\u00e3os comuns, estamos no meio do fogo cruzado e com a sensa\u00e7\u00e3o de que nessa guerra somos o que se chamava de\u2026","rel":"","context":"Em &quot;Sem categoria&quot;","block_context":{"text":"Sem categoria","link":"https:\/\/gersonguelmann.com.br\/blog\/category\/sem-categoria\/"},"img":{"alt_text":"","src":"https:\/\/i0.wp.com\/gersonguelmann.com.br\/blog\/wp-content\/uploads\/2020\/12\/ROTO.jpeg?fit=854%2C720&ssl=1&resize=350%2C200","width":350,"height":200,"srcset":"https:\/\/i0.wp.com\/gersonguelmann.com.br\/blog\/wp-content\/uploads\/2020\/12\/ROTO.jpeg?fit=854%2C720&ssl=1&resize=350%2C200 1x, https:\/\/i0.wp.com\/gersonguelmann.com.br\/blog\/wp-content\/uploads\/2020\/12\/ROTO.jpeg?fit=854%2C720&ssl=1&resize=525%2C300 1.5x, https:\/\/i0.wp.com\/gersonguelmann.com.br\/blog\/wp-content\/uploads\/2020\/12\/ROTO.jpeg?fit=854%2C720&ssl=1&resize=700%2C400 2x"},"classes":[]},{"id":17599,"url":"https:\/\/gersonguelmann.com.br\/blog\/para-analisar-embaixadores-brasileiros-nos-eua-nos-ultimos-30-anos\/","url_meta":{"origin":13077,"position":4},"title":"Para Analisar: Embaixadores Brasileiros nos EUA nos \u00daltimos 30 Anos","author":"Gerson Guelmann","date":"19 de julho de 2019","format":false,"excerpt":"Em meio \u00e0 celeuma criada pela indica\u00e7\u00e3o do filho do Presidente Bolsonaro para a Embaixada do Brasil junto ao governo norte-americano, recebi a lista dos diplomatas que ocuparam aquele cargo nos \u00faltimos 30 anos. N\u00e3o est\u00e1 em discuss\u00e3o a linha ideol\u00f3gica dos Embaixadores mencionados, sendo natural supor que eles fossem\u2026","rel":"","context":"Em &quot;Sem categoria&quot;","block_context":{"text":"Sem categoria","link":"https:\/\/gersonguelmann.com.br\/blog\/category\/sem-categoria\/"},"img":{"alt_text":"","src":"https:\/\/i0.wp.com\/gersonguelmann.com.br\/blog\/wp-content\/uploads\/2019\/07\/Embaixada.jpg?fit=1200%2C803&ssl=1&resize=350%2C200","width":350,"height":200,"srcset":"https:\/\/i0.wp.com\/gersonguelmann.com.br\/blog\/wp-content\/uploads\/2019\/07\/Embaixada.jpg?fit=1200%2C803&ssl=1&resize=350%2C200 1x, https:\/\/i0.wp.com\/gersonguelmann.com.br\/blog\/wp-content\/uploads\/2019\/07\/Embaixada.jpg?fit=1200%2C803&ssl=1&resize=525%2C300 1.5x, https:\/\/i0.wp.com\/gersonguelmann.com.br\/blog\/wp-content\/uploads\/2019\/07\/Embaixada.jpg?fit=1200%2C803&ssl=1&resize=700%2C400 2x, https:\/\/i0.wp.com\/gersonguelmann.com.br\/blog\/wp-content\/uploads\/2019\/07\/Embaixada.jpg?fit=1200%2C803&ssl=1&resize=1050%2C600 3x"},"classes":[]},{"id":12990,"url":"https:\/\/gersonguelmann.com.br\/blog\/lula-perde-beneficios-e-assessores-de-ex-presidente\/","url_meta":{"origin":13077,"position":5},"title":"Lula Perde Benef\u00edcios e Assessores de ex-Presidente","author":"Gerson Guelmann","date":"17 de maio de 2018","format":false,"excerpt":"Acabou de sair no UOL Not\u00edcias: Juiz determina retirada de assessores e benef\u00edcio de Lula como ex-presidente Mirthyani Bezerra e Luciana Amaral 17\/05\/2018 11h52 > Atualizada 17\/05\/2018 12h04 O juiz federal Haroldo Nader, da 6\u00aa Vara Federal de Campinas, determinou a retirada imediata de todos os benef\u00edcios que Luiz In\u00e1cio\u2026","rel":"","context":"Em &quot;Sem categoria&quot;","block_context":{"text":"Sem categoria","link":"https:\/\/gersonguelmann.com.br\/blog\/category\/sem-categoria\/"},"img":{"alt_text":"","src":"https:\/\/i0.wp.com\/gersonguelmann.com.br\/blog\/wp-content\/uploads\/2018\/05\/lula.jpg?fit=1200%2C742&ssl=1&resize=350%2C200","width":350,"height":200,"srcset":"https:\/\/i0.wp.com\/gersonguelmann.com.br\/blog\/wp-content\/uploads\/2018\/05\/lula.jpg?fit=1200%2C742&ssl=1&resize=350%2C200 1x, https:\/\/i0.wp.com\/gersonguelmann.com.br\/blog\/wp-content\/uploads\/2018\/05\/lula.jpg?fit=1200%2C742&ssl=1&resize=525%2C300 1.5x, https:\/\/i0.wp.com\/gersonguelmann.com.br\/blog\/wp-content\/uploads\/2018\/05\/lula.jpg?fit=1200%2C742&ssl=1&resize=700%2C400 2x, https:\/\/i0.wp.com\/gersonguelmann.com.br\/blog\/wp-content\/uploads\/2018\/05\/lula.jpg?fit=1200%2C742&ssl=1&resize=1050%2C600 3x"},"classes":[]}],"jetpack_sharing_enabled":true,"post_mailing_queue_ids":[],"_links":{"self":[{"href":"https:\/\/gersonguelmann.com.br\/blog\/wp-json\/wp\/v2\/posts\/13077","targetHints":{"allow":["GET"]}}],"collection":[{"href":"https:\/\/gersonguelmann.com.br\/blog\/wp-json\/wp\/v2\/posts"}],"about":[{"href":"https:\/\/gersonguelmann.com.br\/blog\/wp-json\/wp\/v2\/types\/post"}],"author":[{"embeddable":true,"href":"https:\/\/gersonguelmann.com.br\/blog\/wp-json\/wp\/v2\/users\/5"}],"replies":[{"embeddable":true,"href":"https:\/\/gersonguelmann.com.br\/blog\/wp-json\/wp\/v2\/comments?post=13077"}],"version-history":[{"count":0,"href":"https:\/\/gersonguelmann.com.br\/blog\/wp-json\/wp\/v2\/posts\/13077\/revisions"}],"wp:featuredmedia":[{"embeddable":true,"href":"https:\/\/gersonguelmann.com.br\/blog\/wp-json\/wp\/v2\/media\/13078"}],"wp:attachment":[{"href":"https:\/\/gersonguelmann.com.br\/blog\/wp-json\/wp\/v2\/media?parent=13077"}],"wp:term":[{"taxonomy":"category","embeddable":true,"href":"https:\/\/gersonguelmann.com.br\/blog\/wp-json\/wp\/v2\/categories?post=13077"},{"taxonomy":"post_tag","embeddable":true,"href":"https:\/\/gersonguelmann.com.br\/blog\/wp-json\/wp\/v2\/tags?post=13077"}],"curies":[{"name":"wp","href":"https:\/\/api.w.org\/{rel}","templated":true}]}}