    {"id":13080,"date":"2018-05-19T20:58:52","date_gmt":"2018-05-19T23:58:52","guid":{"rendered":"https:\/\/gersonguelmann.com.br\/blog\/?p=13080"},"modified":"2018-05-19T20:58:52","modified_gmt":"2018-05-19T23:58:52","slug":"as-ruinas-de-vila-velha-filmadas-por-um-drone","status":"publish","type":"post","link":"https:\/\/gersonguelmann.com.br\/blog\/as-ruinas-de-vila-velha-filmadas-por-um-drone\/","title":{"rendered":"As Ru\u00ednas de Vila Velha, Filmadas Por Um Drone"},"content":{"rendered":"<p style=\"text-align: center;\"><img data-recalc-dims=\"1\" fetchpriority=\"high\" decoding=\"async\" data-attachment-id=\"13081\" data-permalink=\"https:\/\/gersonguelmann.com.br\/blog\/as-ruinas-de-vila-velha-filmadas-por-um-drone\/arenitos-de-vila-velha\/\" data-orig-file=\"https:\/\/i0.wp.com\/gersonguelmann.com.br\/blog\/wp-content\/uploads\/2018\/05\/arenitos-de-vila-velha.jpg?fit=800%2C600&amp;ssl=1\" data-orig-size=\"800,600\" data-comments-opened=\"1\" data-image-meta=\"{&quot;aperture&quot;:&quot;0&quot;,&quot;credit&quot;:&quot;&quot;,&quot;camera&quot;:&quot;&quot;,&quot;caption&quot;:&quot;&quot;,&quot;created_timestamp&quot;:&quot;0&quot;,&quot;copyright&quot;:&quot;&quot;,&quot;focal_length&quot;:&quot;0&quot;,&quot;iso&quot;:&quot;0&quot;,&quot;shutter_speed&quot;:&quot;0&quot;,&quot;title&quot;:&quot;&quot;,&quot;orientation&quot;:&quot;0&quot;}\" data-image-title=\"arenitos de vila velha\" data-image-description=\"\" data-image-caption=\"\" data-medium-file=\"https:\/\/i0.wp.com\/gersonguelmann.com.br\/blog\/wp-content\/uploads\/2018\/05\/arenitos-de-vila-velha.jpg?fit=300%2C225&amp;ssl=1\" data-large-file=\"https:\/\/i0.wp.com\/gersonguelmann.com.br\/blog\/wp-content\/uploads\/2018\/05\/arenitos-de-vila-velha.jpg?fit=640%2C480&amp;ssl=1\" class=\"alignnone size-medium wp-image-13081\" src=\"https:\/\/i0.wp.com\/gersonguelmann.com.br\/blog\/wp-content\/uploads\/2018\/05\/arenitos-de-vila-velha.jpg?resize=300%2C225&#038;ssl=1\" alt=\"\" width=\"300\" height=\"225\" srcset=\"https:\/\/i0.wp.com\/gersonguelmann.com.br\/blog\/wp-content\/uploads\/2018\/05\/arenitos-de-vila-velha.jpg?resize=300%2C225&amp;ssl=1 300w, https:\/\/i0.wp.com\/gersonguelmann.com.br\/blog\/wp-content\/uploads\/2018\/05\/arenitos-de-vila-velha.jpg?resize=768%2C576&amp;ssl=1 768w, https:\/\/i0.wp.com\/gersonguelmann.com.br\/blog\/wp-content\/uploads\/2018\/05\/arenitos-de-vila-velha.jpg?w=800&amp;ssl=1 800w\" sizes=\"(max-width: 300px) 100vw, 300px\" \/><\/p>\n<p><span style=\"font-family: georgia, palatino, serif; font-size: 18pt; color: #000000;\">Para quem j\u00e1 conhece os arenitos de Vila Velha, em Ponta Grossa (PR), vale assistir o v\u00eddeo feito por um drone, com imagens muito bonitas.<\/span><\/p>\n<p><span class=\"embed-youtube\" style=\"text-align:center; display: block;\"><iframe class=\"youtube-player\" width=\"640\" height=\"360\" src=\"https:\/\/www.youtube.com\/embed\/QdkCtRBr63Q?version=3&#038;rel=1&#038;showsearch=0&#038;showinfo=1&#038;iv_load_policy=1&#038;fs=1&#038;hl=pt-BR&#038;autohide=2&#038;start=57&#038;wmode=transparent\" allowfullscreen=\"true\" style=\"border:0;\" sandbox=\"allow-scripts allow-same-origin allow-popups allow-presentation allow-popups-to-escape-sandbox\"><\/iframe><\/span><\/p>\n<p>&nbsp;<\/p>\n","protected":false},"excerpt":{"rendered":"<p>Para quem j\u00e1 conhece os arenitos de Vila Velha, em Ponta Grossa (PR), vale assistir o v\u00eddeo feito por um drone, com imagens muito bonitas. &nbsp;<\/p>\n","protected":false},"author":5,"featured_media":13081,"comment_status":"open","ping_status":"open","sticky":false,"template":"","format":"standard","meta":{"_acf_changed":false,"jetpack_post_was_ever_published":false,"_jetpack_newsletter_access":"","_jetpack_dont_email_post_to_subs":false,"_jetpack_newsletter_tier_id":0,"_jetpack_memberships_contains_paywalled_content":false,"_jetpack_memberships_contains_paid_content":false,"footnotes":"","jetpack_publicize_message":"","jetpack_publicize_feature_enabled":true,"jetpack_social_post_already_shared":true,"jetpack_social_options":{"image_generator_settings":{"template":"highway","default_image_id":0,"font":"","enabled":false},"version":2}},"categories":[1],"tags":[],"class_list":["post-13080","post","type-post","status-publish","format-standard","has-post-thumbnail","hentry","category-sem-categoria"],"acf":[],"yoast_head":"<!-- This site is optimized with the Yoast SEO plugin v27.3 - https:\/\/yoast.com\/product\/yoast-seo-wordpress\/ -->\n<title>As Ru\u00ednas de Vila Velha, Filmadas Por Um Drone | Blog do Guelmann<\/title>\n<meta name=\"robots\" content=\"index, follow, max-snippet:-1, max-image-preview:large, max-video-preview:-1\" \/>\n<link rel=\"canonical\" href=\"https:\/\/gersonguelmann.com.br\/blog\/as-ruinas-de-vila-velha-filmadas-por-um-drone\/\" \/>\n<meta property=\"og:locale\" content=\"pt_BR\" \/>\n<meta property=\"og:type\" content=\"article\" \/>\n<meta property=\"og:title\" content=\"As Ru\u00ednas de Vila Velha, Filmadas Por Um Drone | Blog do Guelmann\" \/>\n<meta property=\"og:description\" content=\"Para quem j\u00e1 conhece os arenitos de Vila Velha, em Ponta Grossa (PR), vale assistir o v\u00eddeo feito por um drone, com imagens muito bonitas. &nbsp;\" \/>\n<meta property=\"og:url\" content=\"https:\/\/gersonguelmann.com.br\/blog\/as-ruinas-de-vila-velha-filmadas-por-um-drone\/\" \/>\n<meta property=\"og:site_name\" content=\"Blog do Guelmann\" \/>\n<meta property=\"article:published_time\" content=\"2018-05-19T23:58:52+00:00\" \/>\n<meta property=\"og:image\" content=\"https:\/\/i0.wp.com\/gersonguelmann.com.br\/blog\/wp-content\/uploads\/2018\/05\/arenitos-de-vila-velha.jpg?fit=800%2C600&ssl=1\" \/>\n\t<meta property=\"og:image:width\" content=\"800\" \/>\n\t<meta property=\"og:image:height\" content=\"600\" \/>\n\t<meta property=\"og:image:type\" content=\"image\/jpeg\" \/>\n<meta name=\"author\" content=\"Gerson Guelmann\" \/>\n<meta name=\"twitter:card\" content=\"summary_large_image\" \/>\n<meta name=\"twitter:label1\" content=\"Escrito por\" \/>\n\t<meta name=\"twitter:data1\" content=\"Gerson Guelmann\" \/>\n<script type=\"application\/ld+json\" class=\"yoast-schema-graph\">{\"@context\":\"https:\\\/\\\/schema.org\",\"@graph\":[{\"@type\":\"Article\",\"@id\":\"https:\\\/\\\/gersonguelmann.com.br\\\/blog\\\/as-ruinas-de-vila-velha-filmadas-por-um-drone\\\/#article\",\"isPartOf\":{\"@id\":\"https:\\\/\\\/gersonguelmann.com.br\\\/blog\\\/as-ruinas-de-vila-velha-filmadas-por-um-drone\\\/\"},\"author\":{\"name\":\"Gerson Guelmann\",\"@id\":\"https:\\\/\\\/gersonguelmann.com.br\\\/blog\\\/#\\\/schema\\\/person\\\/87e70e2a786888082f941a482c90569e\"},\"headline\":\"As Ru\u00ednas de Vila Velha, Filmadas Por Um Drone\",\"datePublished\":\"2018-05-19T23:58:52+00:00\",\"mainEntityOfPage\":{\"@id\":\"https:\\\/\\\/gersonguelmann.com.br\\\/blog\\\/as-ruinas-de-vila-velha-filmadas-por-um-drone\\\/\"},\"wordCount\":48,\"commentCount\":0,\"image\":{\"@id\":\"https:\\\/\\\/gersonguelmann.com.br\\\/blog\\\/as-ruinas-de-vila-velha-filmadas-por-um-drone\\\/#primaryimage\"},\"thumbnailUrl\":\"https:\\\/\\\/i0.wp.com\\\/gersonguelmann.com.br\\\/blog\\\/wp-content\\\/uploads\\\/2018\\\/05\\\/arenitos-de-vila-velha.jpg?fit=800%2C600&ssl=1\",\"inLanguage\":\"pt-BR\",\"potentialAction\":[{\"@type\":\"CommentAction\",\"name\":\"Comment\",\"target\":[\"https:\\\/\\\/gersonguelmann.com.br\\\/blog\\\/as-ruinas-de-vila-velha-filmadas-por-um-drone\\\/#respond\"]}]},{\"@type\":\"WebPage\",\"@id\":\"https:\\\/\\\/gersonguelmann.com.br\\\/blog\\\/as-ruinas-de-vila-velha-filmadas-por-um-drone\\\/\",\"url\":\"https:\\\/\\\/gersonguelmann.com.br\\\/blog\\\/as-ruinas-de-vila-velha-filmadas-por-um-drone\\\/\",\"name\":\"As Ru\u00ednas de Vila Velha, Filmadas Por Um Drone | Blog do Guelmann\",\"isPartOf\":{\"@id\":\"https:\\\/\\\/gersonguelmann.com.br\\\/blog\\\/#website\"},\"primaryImageOfPage\":{\"@id\":\"https:\\\/\\\/gersonguelmann.com.br\\\/blog\\\/as-ruinas-de-vila-velha-filmadas-por-um-drone\\\/#primaryimage\"},\"image\":{\"@id\":\"https:\\\/\\\/gersonguelmann.com.br\\\/blog\\\/as-ruinas-de-vila-velha-filmadas-por-um-drone\\\/#primaryimage\"},\"thumbnailUrl\":\"https:\\\/\\\/i0.wp.com\\\/gersonguelmann.com.br\\\/blog\\\/wp-content\\\/uploads\\\/2018\\\/05\\\/arenitos-de-vila-velha.jpg?fit=800%2C600&ssl=1\",\"datePublished\":\"2018-05-19T23:58:52+00:00\",\"author\":{\"@id\":\"https:\\\/\\\/gersonguelmann.com.br\\\/blog\\\/#\\\/schema\\\/person\\\/87e70e2a786888082f941a482c90569e\"},\"inLanguage\":\"pt-BR\",\"potentialAction\":[{\"@type\":\"ReadAction\",\"target\":[\"https:\\\/\\\/gersonguelmann.com.br\\\/blog\\\/as-ruinas-de-vila-velha-filmadas-por-um-drone\\\/\"]}]},{\"@type\":\"ImageObject\",\"inLanguage\":\"pt-BR\",\"@id\":\"https:\\\/\\\/gersonguelmann.com.br\\\/blog\\\/as-ruinas-de-vila-velha-filmadas-por-um-drone\\\/#primaryimage\",\"url\":\"https:\\\/\\\/i0.wp.com\\\/gersonguelmann.com.br\\\/blog\\\/wp-content\\\/uploads\\\/2018\\\/05\\\/arenitos-de-vila-velha.jpg?fit=800%2C600&ssl=1\",\"contentUrl\":\"https:\\\/\\\/i0.wp.com\\\/gersonguelmann.com.br\\\/blog\\\/wp-content\\\/uploads\\\/2018\\\/05\\\/arenitos-de-vila-velha.jpg?fit=800%2C600&ssl=1\",\"width\":800,\"height\":600},{\"@type\":\"WebSite\",\"@id\":\"https:\\\/\\\/gersonguelmann.com.br\\\/blog\\\/#website\",\"url\":\"https:\\\/\\\/gersonguelmann.com.br\\\/blog\\\/\",\"name\":\"Blog do Guelmann\",\"description\":\"Pitadas da sabedoria e do humor judaicos, assuntos do momento e um pouco das hist\u00f3rias que vivi e testemunhei.\",\"potentialAction\":[{\"@type\":\"SearchAction\",\"target\":{\"@type\":\"EntryPoint\",\"urlTemplate\":\"https:\\\/\\\/gersonguelmann.com.br\\\/blog\\\/?s={search_term_string}\"},\"query-input\":{\"@type\":\"PropertyValueSpecification\",\"valueRequired\":true,\"valueName\":\"search_term_string\"}}],\"inLanguage\":\"pt-BR\"},{\"@type\":\"Person\",\"@id\":\"https:\\\/\\\/gersonguelmann.com.br\\\/blog\\\/#\\\/schema\\\/person\\\/87e70e2a786888082f941a482c90569e\",\"name\":\"Gerson Guelmann\",\"image\":{\"@type\":\"ImageObject\",\"inLanguage\":\"pt-BR\",\"@id\":\"https:\\\/\\\/i0.wp.com\\\/gersonguelmann.com.br\\\/blog\\\/wp-content\\\/uploads\\\/2021\\\/08\\\/BLOG.jpeg?fit=96%2C96&ssl=1\",\"url\":\"https:\\\/\\\/i0.wp.com\\\/gersonguelmann.com.br\\\/blog\\\/wp-content\\\/uploads\\\/2021\\\/08\\\/BLOG.jpeg?fit=96%2C96&ssl=1\",\"contentUrl\":\"https:\\\/\\\/i0.wp.com\\\/gersonguelmann.com.br\\\/blog\\\/wp-content\\\/uploads\\\/2021\\\/08\\\/BLOG.jpeg?fit=96%2C96&ssl=1\",\"caption\":\"Gerson Guelmann\"},\"description\":\"Pitadas da sabedoria e do humor judaicos, assuntos do momento e um pouco das hist\u00f3rias que vivi e testemunhei.\"}]}<\/script>\n<!-- \/ Yoast SEO plugin. -->","yoast_head_json":{"title":"As Ru\u00ednas de Vila Velha, Filmadas Por Um Drone | Blog do Guelmann","robots":{"index":"index","follow":"follow","max-snippet":"max-snippet:-1","max-image-preview":"max-image-preview:large","max-video-preview":"max-video-preview:-1"},"canonical":"https:\/\/gersonguelmann.com.br\/blog\/as-ruinas-de-vila-velha-filmadas-por-um-drone\/","og_locale":"pt_BR","og_type":"article","og_title":"As Ru\u00ednas de Vila Velha, Filmadas Por Um Drone | Blog do Guelmann","og_description":"Para quem j\u00e1 conhece os arenitos de Vila Velha, em Ponta Grossa (PR), vale assistir o v\u00eddeo feito por um drone, com imagens muito bonitas. &nbsp;","og_url":"https:\/\/gersonguelmann.com.br\/blog\/as-ruinas-de-vila-velha-filmadas-por-um-drone\/","og_site_name":"Blog do Guelmann","article_published_time":"2018-05-19T23:58:52+00:00","og_image":[{"width":800,"height":600,"url":"https:\/\/i0.wp.com\/gersonguelmann.com.br\/blog\/wp-content\/uploads\/2018\/05\/arenitos-de-vila-velha.jpg?fit=800%2C600&ssl=1","type":"image\/jpeg"}],"author":"Gerson Guelmann","twitter_card":"summary_large_image","twitter_misc":{"Escrito por":"Gerson Guelmann"},"schema":{"@context":"https:\/\/schema.org","@graph":[{"@type":"Article","@id":"https:\/\/gersonguelmann.com.br\/blog\/as-ruinas-de-vila-velha-filmadas-por-um-drone\/#article","isPartOf":{"@id":"https:\/\/gersonguelmann.com.br\/blog\/as-ruinas-de-vila-velha-filmadas-por-um-drone\/"},"author":{"name":"Gerson Guelmann","@id":"https:\/\/gersonguelmann.com.br\/blog\/#\/schema\/person\/87e70e2a786888082f941a482c90569e"},"headline":"As Ru\u00ednas de Vila Velha, Filmadas Por Um Drone","datePublished":"2018-05-19T23:58:52+00:00","mainEntityOfPage":{"@id":"https:\/\/gersonguelmann.com.br\/blog\/as-ruinas-de-vila-velha-filmadas-por-um-drone\/"},"wordCount":48,"commentCount":0,"image":{"@id":"https:\/\/gersonguelmann.com.br\/blog\/as-ruinas-de-vila-velha-filmadas-por-um-drone\/#primaryimage"},"thumbnailUrl":"https:\/\/i0.wp.com\/gersonguelmann.com.br\/blog\/wp-content\/uploads\/2018\/05\/arenitos-de-vila-velha.jpg?fit=800%2C600&ssl=1","inLanguage":"pt-BR","potentialAction":[{"@type":"CommentAction","name":"Comment","target":["https:\/\/gersonguelmann.com.br\/blog\/as-ruinas-de-vila-velha-filmadas-por-um-drone\/#respond"]}]},{"@type":"WebPage","@id":"https:\/\/gersonguelmann.com.br\/blog\/as-ruinas-de-vila-velha-filmadas-por-um-drone\/","url":"https:\/\/gersonguelmann.com.br\/blog\/as-ruinas-de-vila-velha-filmadas-por-um-drone\/","name":"As Ru\u00ednas de Vila Velha, Filmadas Por Um Drone | Blog do Guelmann","isPartOf":{"@id":"https:\/\/gersonguelmann.com.br\/blog\/#website"},"primaryImageOfPage":{"@id":"https:\/\/gersonguelmann.com.br\/blog\/as-ruinas-de-vila-velha-filmadas-por-um-drone\/#primaryimage"},"image":{"@id":"https:\/\/gersonguelmann.com.br\/blog\/as-ruinas-de-vila-velha-filmadas-por-um-drone\/#primaryimage"},"thumbnailUrl":"https:\/\/i0.wp.com\/gersonguelmann.com.br\/blog\/wp-content\/uploads\/2018\/05\/arenitos-de-vila-velha.jpg?fit=800%2C600&ssl=1","datePublished":"2018-05-19T23:58:52+00:00","author":{"@id":"https:\/\/gersonguelmann.com.br\/blog\/#\/schema\/person\/87e70e2a786888082f941a482c90569e"},"inLanguage":"pt-BR","potentialAction":[{"@type":"ReadAction","target":["https:\/\/gersonguelmann.com.br\/blog\/as-ruinas-de-vila-velha-filmadas-por-um-drone\/"]}]},{"@type":"ImageObject","inLanguage":"pt-BR","@id":"https:\/\/gersonguelmann.com.br\/blog\/as-ruinas-de-vila-velha-filmadas-por-um-drone\/#primaryimage","url":"https:\/\/i0.wp.com\/gersonguelmann.com.br\/blog\/wp-content\/uploads\/2018\/05\/arenitos-de-vila-velha.jpg?fit=800%2C600&ssl=1","contentUrl":"https:\/\/i0.wp.com\/gersonguelmann.com.br\/blog\/wp-content\/uploads\/2018\/05\/arenitos-de-vila-velha.jpg?fit=800%2C600&ssl=1","width":800,"height":600},{"@type":"WebSite","@id":"https:\/\/gersonguelmann.com.br\/blog\/#website","url":"https:\/\/gersonguelmann.com.br\/blog\/","name":"Blog do Guelmann","description":"Pitadas da sabedoria e do humor judaicos, assuntos do momento e um pouco das hist\u00f3rias que vivi e testemunhei.","potentialAction":[{"@type":"SearchAction","target":{"@type":"EntryPoint","urlTemplate":"https:\/\/gersonguelmann.com.br\/blog\/?s={search_term_string}"},"query-input":{"@type":"PropertyValueSpecification","valueRequired":true,"valueName":"search_term_string"}}],"inLanguage":"pt-BR"},{"@type":"Person","@id":"https:\/\/gersonguelmann.com.br\/blog\/#\/schema\/person\/87e70e2a786888082f941a482c90569e","name":"Gerson Guelmann","image":{"@type":"ImageObject","inLanguage":"pt-BR","@id":"https:\/\/i0.wp.com\/gersonguelmann.com.br\/blog\/wp-content\/uploads\/2021\/08\/BLOG.jpeg?fit=96%2C96&ssl=1","url":"https:\/\/i0.wp.com\/gersonguelmann.com.br\/blog\/wp-content\/uploads\/2021\/08\/BLOG.jpeg?fit=96%2C96&ssl=1","contentUrl":"https:\/\/i0.wp.com\/gersonguelmann.com.br\/blog\/wp-content\/uploads\/2021\/08\/BLOG.jpeg?fit=96%2C96&ssl=1","caption":"Gerson Guelmann"},"description":"Pitadas da sabedoria e do humor judaicos, assuntos do momento e um pouco das hist\u00f3rias que vivi e testemunhei."}]}},"views":21,"jetpack_publicize_connections":[],"jetpack_featured_media_url":"https:\/\/i0.wp.com\/gersonguelmann.com.br\/blog\/wp-content\/uploads\/2018\/05\/arenitos-de-vila-velha.jpg?fit=800%2C600&ssl=1","jetpack_shortlink":"https:\/\/wp.me\/p96e7O-3oY","jetpack-related-posts":[{"id":17604,"url":"https:\/\/gersonguelmann.com.br\/blog\/para-o-dino-o-homem-nao-esteve-na-lua\/","url_meta":{"origin":13080,"position":0},"title":"Para o Dino o Homem N\u00e3o Esteve na Lua","author":"Gerson Guelmann","date":"20 de julho de 2019","format":false,"excerpt":"A comemora\u00e7\u00e3o do 50\u00ba anivers\u00e1rio da chegada da Apollo 11 \u00e0 lua me fez lembrar de um fato que aconteceu comigo. Em 1969 eu estava envolvido em projeto de reflorestamento na fazenda da fam\u00edlia Guelmann, assunto que j\u00e1 mereceu algumas hist\u00f3rias aqui no Blog. O trabalho come\u00e7ou em 1967, pouco\u2026","rel":"","context":"Em &quot;Sem categoria&quot;","block_context":{"text":"Sem categoria","link":"https:\/\/gersonguelmann.com.br\/blog\/category\/sem-categoria\/"},"img":{"alt_text":"","src":"https:\/\/i0.wp.com\/gersonguelmann.com.br\/blog\/wp-content\/uploads\/2019\/07\/Apollo-11.jpg?fit=500%2C500&ssl=1&resize=350%2C200","width":350,"height":200},"classes":[]},{"id":22157,"url":"https:\/\/gersonguelmann.com.br\/blog\/o-coracao-generoso-da-curitiba-18%f0%9f%92%9918-na-vila-torres\/","url_meta":{"origin":13080,"position":1},"title":"O Cora\u00e7\u00e3o Generoso da Curitiba 18&#x1f499;18 na Vila Torres","author":"Gerson Guelmann","date":"7 de maio de 2021","format":false,"excerpt":"No come\u00e7o da tarde estive na Par\u00f3quia S\u00e3o Jo\u00e3o Batista na Vila Torres, onde a comunidade Israelita de Curitiba entregou 500 cestas b\u00e1sicas adquiridas com recursos arrecadados pela campanha Curitiba 18\ud83d\udc9918. A regi\u00e3o concentra centenas de fam\u00edlias cujo sustento depende da atividade da Reciclagem, pela coleta atrav\u00e9s dos Carrinheiros e\u2026","rel":"","context":"Em &quot;Sem categoria&quot;","block_context":{"text":"Sem categoria","link":"https:\/\/gersonguelmann.com.br\/blog\/category\/sem-categoria\/"},"img":{"alt_text":"","src":"https:\/\/i0.wp.com\/gersonguelmann.com.br\/blog\/wp-content\/uploads\/2021\/05\/VT.jpg?fit=1200%2C1200&ssl=1&resize=350%2C200","width":350,"height":200,"srcset":"https:\/\/i0.wp.com\/gersonguelmann.com.br\/blog\/wp-content\/uploads\/2021\/05\/VT.jpg?fit=1200%2C1200&ssl=1&resize=350%2C200 1x, https:\/\/i0.wp.com\/gersonguelmann.com.br\/blog\/wp-content\/uploads\/2021\/05\/VT.jpg?fit=1200%2C1200&ssl=1&resize=525%2C300 1.5x, https:\/\/i0.wp.com\/gersonguelmann.com.br\/blog\/wp-content\/uploads\/2021\/05\/VT.jpg?fit=1200%2C1200&ssl=1&resize=700%2C400 2x, https:\/\/i0.wp.com\/gersonguelmann.com.br\/blog\/wp-content\/uploads\/2021\/05\/VT.jpg?fit=1200%2C1200&ssl=1&resize=1050%2C600 3x"},"classes":[]},{"id":16960,"url":"https:\/\/gersonguelmann.com.br\/blog\/eles-aspiram-a-fumaca-da-fabrica-do-viagra-veja-o-que-acontece\/","url_meta":{"origin":13080,"position":2},"title":"Eles Aspiram a Fuma\u00e7a da F\u00e1brica do Viagra: Veja o Que Acontece!","author":"Gerson Guelmann","date":"7 de junho de 2019","format":false,"excerpt":"Sim, eu sei que parece brincadeira. Eu tamb\u00e9m pensei isso, quando recebi a informa\u00e7\u00e3o, mas depois de pesquisar vi que \u00e9 verdade. A reportagem do jornal O Globo \u00e9 do final de 2017: \u00a0 Os efeitos da 'fuma\u00e7a do amor' na vila irlandesa onde Viagra \u00e9 fabricado Moradores dizem que\u2026","rel":"","context":"Em &quot;Sem categoria&quot;","block_context":{"text":"Sem categoria","link":"https:\/\/gersonguelmann.com.br\/blog\/category\/sem-categoria\/"},"img":{"alt_text":"","src":"https:\/\/i0.wp.com\/gersonguelmann.com.br\/blog\/wp-content\/uploads\/2019\/06\/Viagra-1.jpg?fit=1086%2C652&ssl=1&resize=350%2C200","width":350,"height":200,"srcset":"https:\/\/i0.wp.com\/gersonguelmann.com.br\/blog\/wp-content\/uploads\/2019\/06\/Viagra-1.jpg?fit=1086%2C652&ssl=1&resize=350%2C200 1x, https:\/\/i0.wp.com\/gersonguelmann.com.br\/blog\/wp-content\/uploads\/2019\/06\/Viagra-1.jpg?fit=1086%2C652&ssl=1&resize=525%2C300 1.5x, https:\/\/i0.wp.com\/gersonguelmann.com.br\/blog\/wp-content\/uploads\/2019\/06\/Viagra-1.jpg?fit=1086%2C652&ssl=1&resize=700%2C400 2x, https:\/\/i0.wp.com\/gersonguelmann.com.br\/blog\/wp-content\/uploads\/2019\/06\/Viagra-1.jpg?fit=1086%2C652&ssl=1&resize=1050%2C600 3x"},"classes":[]},{"id":23257,"url":"https:\/\/gersonguelmann.com.br\/blog\/sexta-do-humor-e-da-cultura-judaica-a-velha-rivkele-no-tribunal\/","url_meta":{"origin":13080,"position":3},"title":"Sexta do Humor e da Cultura Judaica &#8211; A Velha Rivkele no Tribunal","author":"Gerson Guelmann","date":"29 de setembro de 2023","format":false,"excerpt":"A Velha Rivkele no Tribunal Os Advogados nunca devem fazer uma pergunta a uma av\u00f3 judia se n\u00e3o estiverem preparados para a resposta. Em uma pequena cidade, durante um julgamento, o Advogado assistente da acusa\u00e7\u00e3o chamou sua primeira testemunha, a velha Rivke, de 85 anos. Ela se aproximou com bastante\u2026","rel":"","context":"Em &quot;Sem categoria&quot;","block_context":{"text":"Sem categoria","link":"https:\/\/gersonguelmann.com.br\/blog\/category\/sem-categoria\/"},"img":{"alt_text":"","src":"https:\/\/i0.wp.com\/gersonguelmann.com.br\/blog\/wp-content\/uploads\/2023\/09\/HojePR-11.jpg?fit=1170%2C780&ssl=1&resize=350%2C200","width":350,"height":200,"srcset":"https:\/\/i0.wp.com\/gersonguelmann.com.br\/blog\/wp-content\/uploads\/2023\/09\/HojePR-11.jpg?fit=1170%2C780&ssl=1&resize=350%2C200 1x, https:\/\/i0.wp.com\/gersonguelmann.com.br\/blog\/wp-content\/uploads\/2023\/09\/HojePR-11.jpg?fit=1170%2C780&ssl=1&resize=525%2C300 1.5x, https:\/\/i0.wp.com\/gersonguelmann.com.br\/blog\/wp-content\/uploads\/2023\/09\/HojePR-11.jpg?fit=1170%2C780&ssl=1&resize=700%2C400 2x, https:\/\/i0.wp.com\/gersonguelmann.com.br\/blog\/wp-content\/uploads\/2023\/09\/HojePR-11.jpg?fit=1170%2C780&ssl=1&resize=1050%2C600 3x"},"classes":[]},{"id":1949,"url":"https:\/\/gersonguelmann.com.br\/blog\/e-o-pior-e-que-essa-gente-vota\/","url_meta":{"origin":13080,"position":4},"title":"E o Pior \u00c9 Que Essa gente Vota&#8230;","author":"Gerson Guelmann","date":"22 de setembro de 2017","format":false,"excerpt":"(Recolhido das Redes, em tom jocoso, mas...) \u00a0 Um sujeito comprou uma geladeira nova e, para se livrar da velha, colocou-a em frente \u00e0 casa com o aviso: - \"De gra\u00e7a. Se quiser, pode levar\". A geladeira ficou tr\u00eas dias na cal\u00e7ada sem receber um olhar dos passantes. Ele chegou\u2026","rel":"","context":"Em &quot;Sem categoria&quot;","block_context":{"text":"Sem categoria","link":"https:\/\/gersonguelmann.com.br\/blog\/category\/sem-categoria\/"},"img":{"alt_text":"","src":"https:\/\/i0.wp.com\/gersonguelmann.com.br\/blog\/wp-content\/uploads\/2017\/09\/Geladeira.jpg?resize=350%2C200&ssl=1","width":350,"height":200},"classes":[]},{"id":4820,"url":"https:\/\/gersonguelmann.com.br\/blog\/no-trem-a-idosa-a-moca-bonita-o-antissemita-e-jacob\/","url_meta":{"origin":13080,"position":5},"title":"No Trem: a Idosa, a Mo\u00e7a Bonita, o Antissemita e&#8230; Jacob!","author":"Gerson Guelmann","date":"23 de dezembro de 2020","format":false,"excerpt":"Um antissemita, uma senhora idosa, uma mo\u00e7a muito bonita e Jacob, um judeu,\u00a0 estavam viajando juntos na cabine de um trem. Jacob n\u00e3o escondia seu desconforto com o outro homem, que o tempo todo contava piadas ridicularizando os judeus. Logo o descontentamento passou \u00e0 raiva e Jacob n\u00e3o pensava em\u2026","rel":"","context":"Em &quot;Sem categoria&quot;","block_context":{"text":"Sem categoria","link":"https:\/\/gersonguelmann.com.br\/blog\/category\/sem-categoria\/"},"img":{"alt_text":"","src":"https:\/\/i0.wp.com\/gersonguelmann.com.br\/blog\/wp-content\/uploads\/2017\/11\/Trem.jpeg?fit=1050%2C700&ssl=1&resize=350%2C200","width":350,"height":200,"srcset":"https:\/\/i0.wp.com\/gersonguelmann.com.br\/blog\/wp-content\/uploads\/2017\/11\/Trem.jpeg?fit=1050%2C700&ssl=1&resize=350%2C200 1x, https:\/\/i0.wp.com\/gersonguelmann.com.br\/blog\/wp-content\/uploads\/2017\/11\/Trem.jpeg?fit=1050%2C700&ssl=1&resize=525%2C300 1.5x, https:\/\/i0.wp.com\/gersonguelmann.com.br\/blog\/wp-content\/uploads\/2017\/11\/Trem.jpeg?fit=1050%2C700&ssl=1&resize=700%2C400 2x, https:\/\/i0.wp.com\/gersonguelmann.com.br\/blog\/wp-content\/uploads\/2017\/11\/Trem.jpeg?fit=1050%2C700&ssl=1&resize=1050%2C600 3x"},"classes":[]}],"jetpack_sharing_enabled":true,"post_mailing_queue_ids":[],"_links":{"self":[{"href":"https:\/\/gersonguelmann.com.br\/blog\/wp-json\/wp\/v2\/posts\/13080","targetHints":{"allow":["GET"]}}],"collection":[{"href":"https:\/\/gersonguelmann.com.br\/blog\/wp-json\/wp\/v2\/posts"}],"about":[{"href":"https:\/\/gersonguelmann.com.br\/blog\/wp-json\/wp\/v2\/types\/post"}],"author":[{"embeddable":true,"href":"https:\/\/gersonguelmann.com.br\/blog\/wp-json\/wp\/v2\/users\/5"}],"replies":[{"embeddable":true,"href":"https:\/\/gersonguelmann.com.br\/blog\/wp-json\/wp\/v2\/comments?post=13080"}],"version-history":[{"count":0,"href":"https:\/\/gersonguelmann.com.br\/blog\/wp-json\/wp\/v2\/posts\/13080\/revisions"}],"wp:featuredmedia":[{"embeddable":true,"href":"https:\/\/gersonguelmann.com.br\/blog\/wp-json\/wp\/v2\/media\/13081"}],"wp:attachment":[{"href":"https:\/\/gersonguelmann.com.br\/blog\/wp-json\/wp\/v2\/media?parent=13080"}],"wp:term":[{"taxonomy":"category","embeddable":true,"href":"https:\/\/gersonguelmann.com.br\/blog\/wp-json\/wp\/v2\/categories?post=13080"},{"taxonomy":"post_tag","embeddable":true,"href":"https:\/\/gersonguelmann.com.br\/blog\/wp-json\/wp\/v2\/tags?post=13080"}],"curies":[{"name":"wp","href":"https:\/\/api.w.org\/{rel}","templated":true}]}}