    {"id":13094,"date":"2018-05-21T12:10:18","date_gmt":"2018-05-21T15:10:18","guid":{"rendered":"https:\/\/gersonguelmann.com.br\/blog\/?p=13094"},"modified":"2018-05-21T12:10:18","modified_gmt":"2018-05-21T15:10:18","slug":"paraguai-e-o-terceiro-pais-a-inaugurar-embaixada-em-jerusalem","status":"publish","type":"post","link":"https:\/\/gersonguelmann.com.br\/blog\/paraguai-e-o-terceiro-pais-a-inaugurar-embaixada-em-jerusalem\/","title":{"rendered":"Paraguai \u00e9 o Terceiro Pa\u00eds a Inaugurar Embaixada em Jerusal\u00e9m"},"content":{"rendered":"<p><span style=\"font-family: georgia, palatino, serif; font-size: 18pt; color: #000000;\">Da revista VEJA, publicado h\u00e1 pouco:<\/span><\/p>\n<p>&nbsp;<\/p>\n<p style=\"text-align: center;\"><img data-recalc-dims=\"1\" fetchpriority=\"high\" decoding=\"async\" data-attachment-id=\"13095\" data-permalink=\"https:\/\/gersonguelmann.com.br\/blog\/paraguai-e-o-terceiro-pais-a-inaugurar-embaixada-em-jerusalem\/mundo-embaixada-paraguaia-jerusalem\/\" data-orig-file=\"https:\/\/i0.wp.com\/gersonguelmann.com.br\/blog\/wp-content\/uploads\/2018\/05\/mundo-embaixada-paraguaia-jerusalem.jpg?fit=680%2C453&amp;ssl=1\" data-orig-size=\"680,453\" data-comments-opened=\"1\" data-image-meta=\"{&quot;aperture&quot;:&quot;0&quot;,&quot;credit&quot;:&quot;&quot;,&quot;camera&quot;:&quot;&quot;,&quot;caption&quot;:&quot;&quot;,&quot;created_timestamp&quot;:&quot;0&quot;,&quot;copyright&quot;:&quot;&quot;,&quot;focal_length&quot;:&quot;0&quot;,&quot;iso&quot;:&quot;0&quot;,&quot;shutter_speed&quot;:&quot;0&quot;,&quot;title&quot;:&quot;&quot;,&quot;orientation&quot;:&quot;0&quot;}\" data-image-title=\"mundo-embaixada-paraguaia-jerusalem\" data-image-description=\"\" data-image-caption=\"\" data-medium-file=\"https:\/\/i0.wp.com\/gersonguelmann.com.br\/blog\/wp-content\/uploads\/2018\/05\/mundo-embaixada-paraguaia-jerusalem.jpg?fit=300%2C200&amp;ssl=1\" data-large-file=\"https:\/\/i0.wp.com\/gersonguelmann.com.br\/blog\/wp-content\/uploads\/2018\/05\/mundo-embaixada-paraguaia-jerusalem.jpg?fit=640%2C426&amp;ssl=1\" class=\"alignnone size-medium wp-image-13095\" src=\"https:\/\/i0.wp.com\/gersonguelmann.com.br\/blog\/wp-content\/uploads\/2018\/05\/mundo-embaixada-paraguaia-jerusalem.jpg?resize=300%2C200&#038;ssl=1\" alt=\"\" width=\"300\" height=\"200\" srcset=\"https:\/\/i0.wp.com\/gersonguelmann.com.br\/blog\/wp-content\/uploads\/2018\/05\/mundo-embaixada-paraguaia-jerusalem.jpg?resize=300%2C200&amp;ssl=1 300w, https:\/\/i0.wp.com\/gersonguelmann.com.br\/blog\/wp-content\/uploads\/2018\/05\/mundo-embaixada-paraguaia-jerusalem.jpg?w=680&amp;ssl=1 680w\" sizes=\"(max-width: 300px) 100vw, 300px\" \/><\/p>\n<p style=\"text-align: center;\"><em><strong><span style=\"color: #000000;\">O presidente paraguaio Horacio Cartes cumprimenta o primeiro-ministro israelense Benjamin Netanyahu durante uma reuni\u00e3o no gabinete do primeiro-ministro em Jerusal\u00e9m, ap\u00f3s a cerim\u00f4nia de inaugura\u00e7\u00e3o da embaixada do Paraguai na capital de Israel &#8211; 21\/05\/2018\u00a0(Sebastian Scheiner\/Pool\/Reuters)<\/span><\/strong><\/em><\/p>\n<p>&nbsp;<\/p>\n<div class=\"article-category\"><span style=\"color: #ff0000;\"><strong>Mundo<\/strong><\/span><\/div>\n<p class=\"article-title\"><span style=\"font-size: 24pt;\"><strong>Presidente do Paraguai inaugura embaixada do pa\u00eds em Jerusal\u00e9m<\/strong><\/span><\/p>\n<p class=\"article-subtitle\"><span style=\"font-size: 18pt;\"><strong>Abertura de embaixada americana na cidade provocou conflitos na Faixa de Gaza, onde soldados de Israel mataram 60 palestinos que protestavam contra decis\u00e3o<\/strong><\/span><\/p>\n<div class=\"article-author\"><span style=\"font-size: 14pt; color: #000000;\"><strong>Da Reda\u00e7\u00e3o<\/strong><\/span><\/div>\n<div class=\"article-date\"><span style=\"font-size: 14pt; color: #000000;\">21 maio 2018, 09h36<\/span><\/div>\n<div><\/div>\n<div>\n<p><span style=\"font-size: 14pt; color: #000000;\">O presidente do\u00a0<strong>Paraguai<\/strong>,\u00a0<strong>Horacio Cartes<\/strong>, inaugurou nesta segunda-feira (21) a embaixada do seu pa\u00eds em\u00a0<strong>Jerusal\u00e9m<\/strong>, se tornando o terceiro pa\u00eds a tornar efetiva esta controversa decis\u00e3o, liderada pelos\u00a0<strong>Estados Unidos<\/strong>\u00a0na semana passada e seguida dias depois pela\u00a0<strong>Guatemala<\/strong>.<\/span><\/p>\n<p><span style=\"font-size: 14pt; color: #000000;\">\u201cA decis\u00e3o concretiza outro acontecimento hist\u00f3rico em nossos vigorosos la\u00e7os de amizade, que coincide com a comemora\u00e7\u00e3o da cria\u00e7\u00e3o do Estado de\u00a0<strong>Israel<\/strong>, que meu pa\u00eds acompanhou nas Na\u00e7\u00f5es Unidas, decidida e decisivamente, h\u00e1 70 anos\u201d, afirmou Cartes.<\/span><\/p>\n<p><span style=\"font-size: 14pt; color: #000000;\">O presidente do Paraguai considerou, em discurso, que o ato de hoje tem uma profunda significa\u00e7\u00e3o, expressa \u201cna amizade sincera e na plena solidariedade do Paraguai com Israel\u201d.<\/span><\/p>\n<p><span style=\"font-size: 14pt; color: #000000;\">\u201cN\u00e3o sou amigo de posi\u00e7\u00f5es mornas ou amb\u00edguas\u201d, disse Cartes, defendendo sua decis\u00e3o de apoio a uma \u201cnobre e valente na\u00e7\u00e3o\u201d, com a qual a rep\u00fablica do Paraguai compartilha \u201cvalores e princ\u00edpios como democracia, liberdade, defesa dos direitos humanos e toler\u00e2ncia\u201d, disse Cartes.<\/span><\/p>\n<p><span style=\"font-size: 14pt; color: #000000;\">Ele ressaltou que admira \u201cprofundamente\u201d Israel, que \u201cdefende heroicamente sua soberania e integridade, seu direito de viver em paz, construindo uma na\u00e7\u00e3o com exemplar desenvolvimento econ\u00f4mico e social, prosperidade e bem-estar para seus filhos\u201d, lembrando o \u201ccaminho dif\u00edcil percorrido por mil\u00eanios por esta heroica na\u00e7\u00e3o\u201d.<\/span><\/p>\n<p><span style=\"font-size: 14pt; color: #000000;\">O primeiro-ministro israelense,\u00a0<strong>Benjamin Netanyahu<\/strong>, esteve presente no ato e agradeceu calorosamente o passo dado por Assun\u00e7\u00e3o.<\/span><\/p>\n<p><span style=\"font-size: 14pt; color: #000000;\">\u201cEste \u00e9 um grande dia para Israel, um grande dia para o Paraguai, um grande dia para a nossa amizade. Voc\u00eas fizeram muito pelo seu pa\u00eds e agora est\u00e1 fazendo muito por nossos pa\u00edses. N\u00f3s lembramos de nossos amigos. Obrigado Horacio, obrigado Paraguai\u201d, ressaltou Netanyahu.<\/span><\/p>\n<p><span style=\"font-size: 14pt; color: #000000;\">Netanyahu lembrou que \u201co Paraguai ajudou os judeus a escapar da Alemanha nazista\u201d.<\/span><\/p>\n<p><span style=\"font-size: 14pt; color: #000000;\">\u201cVoc\u00eas fizeram isto antes do Holocausto, durante o Holocausto e depois do Holocausto. Um ato de benevol\u00eancia e miseric\u00f3rdia que estar\u00e1 sempre em nosso cora\u00e7\u00e3o\u201d, acrescentou o premi\u00ea israelense.<\/span><\/p>\n<h3><span style=\"font-size: 14pt; color: #000000;\">Confrontos e condena\u00e7\u00e3o internacional<\/span><\/h3>\n<p><span style=\"font-size: 14pt; color: #000000;\">Netanyahu esperava que v\u00e1rios pa\u00edses\u00a0<strong>seguissem o exemplo americano<\/strong>. No entanto, apenas a Guatemala e o\u00a0<strong>Paraguai<\/strong>demonstraram apoio.\u00a0<\/span><\/p>\n<p><span style=\"font-size: 14pt; color: #000000;\">A determina\u00e7\u00e3o do presidente Donald Trump de transferir a embaixada de seu pa\u00eds de Tel Aviv para Jerusal\u00e9m reverteu a linha da pol\u00edtica externa dos Estados Unidos seguida por d\u00e9cadas, contrariando o mundo \u00e1rabe e os aliados ocidentais. O status da cidade israelense \u00e9 um dos maiores obst\u00e1culos para um acordo de paz entre Israel e os palestinos, que desejam ter como capital Jerusal\u00e9m Oriental, capturada pelo Estado judeu na\u00a0<strong>Guerra dos Seis Dias<\/strong>\u00a0de 1967.<\/span><\/p>\n<p><span style=\"font-size: 14pt; color: #000000;\">Israel v\u00ea toda a cidade como sua capital. O governo Trump disse que as fronteiras definitivas da metr\u00f3pole devem ser decididas pelas duas partes.<\/span><\/p>\n<p><span style=\"font-size: 14pt; color: #000000;\">A comunidade internacional n\u00e3o reconhece a soberania israelense sobre a totalidade do territ\u00f3rio e afirma que seu status final deve ser determinado em negocia\u00e7\u00f5es de paz.<\/span><\/p>\n<p><span style=\"font-size: 14pt; color: #000000;\">No dia em que Washington abriu sua embaixada em Jerusal\u00e9m, soldados de Israel mataram 60 palestinos que protestavam em Gaza. Esse foi o dia mais mort\u00edfero no enclave comandado pelo grupo isl\u00e2mico Hamas desde o conflito de 2014.<\/span><\/p>\n<p><span style=\"font-size: 14pt; color: #000000;\">L\u00edderes palestinos dizem que, ao mudar sua embaixada, os Estados Unidos criaram incitamento e instabilidade na regi\u00e3o e\u00a0<strong>abdicaram de seu papel como mediadores da paz<\/strong>.<\/span><\/p>\n<p><span style=\"font-size: 14pt; color: #000000;\"><em>(Com EFE)<\/em><\/span><\/p>\n<\/div>\n<p><span style=\"font-family: georgia, palatino, serif; font-size: 18pt; color: #000000;\">A mat\u00e9ria original <span style=\"color: #0000ff;\"><a style=\"color: #0000ff;\" href=\"https:\/\/veja.abril.com.br\/mundo\/presidente-do-paraguai-inaugura-embaixada-do-pais-em-jerusalem\/?utm_source=whatsapp\"><em><strong>est\u00e1 aqui<\/strong><\/em><\/a><\/span>.<\/span><\/p>\n","protected":false},"excerpt":{"rendered":"<p>Da revista VEJA, publicado h\u00e1 pouco: &nbsp; O presidente paraguaio Horacio Cartes cumprimenta o primeiro-ministro israelense Benjamin Netanyahu durante uma reuni\u00e3o no gabinete do primeiro-ministro em Jerusal\u00e9m, ap\u00f3s a cerim\u00f4nia de inaugura\u00e7\u00e3o da embaixada do Paraguai na capital de Israel &#8211; 21\/05\/2018\u00a0(Sebastian Scheiner\/Pool\/Reuters) &nbsp; Mundo Presidente do Paraguai inaugura embaixada do pa\u00eds em Jerusal\u00e9m Abertura [&hellip;]<\/p>\n","protected":false},"author":5,"featured_media":13095,"comment_status":"open","ping_status":"open","sticky":false,"template":"","format":"standard","meta":{"_acf_changed":false,"jetpack_post_was_ever_published":false,"_jetpack_newsletter_access":"","_jetpack_dont_email_post_to_subs":false,"_jetpack_newsletter_tier_id":0,"_jetpack_memberships_contains_paywalled_content":false,"_jetpack_memberships_contains_paid_content":false,"footnotes":"","jetpack_publicize_message":"","jetpack_publicize_feature_enabled":true,"jetpack_social_post_already_shared":true,"jetpack_social_options":{"image_generator_settings":{"template":"highway","default_image_id":0,"font":"","enabled":false},"version":2}},"categories":[1],"tags":[],"class_list":["post-13094","post","type-post","status-publish","format-standard","has-post-thumbnail","hentry","category-sem-categoria"],"acf":[],"yoast_head":"<!-- This site is optimized with the Yoast SEO plugin v27.3 - https:\/\/yoast.com\/product\/yoast-seo-wordpress\/ -->\n<title>Paraguai \u00e9 o Terceiro Pa\u00eds a Inaugurar Embaixada em Jerusal\u00e9m | Blog do Guelmann<\/title>\n<meta name=\"robots\" content=\"index, follow, max-snippet:-1, max-image-preview:large, max-video-preview:-1\" \/>\n<link rel=\"canonical\" href=\"https:\/\/gersonguelmann.com.br\/blog\/paraguai-e-o-terceiro-pais-a-inaugurar-embaixada-em-jerusalem\/\" \/>\n<meta property=\"og:locale\" content=\"pt_BR\" \/>\n<meta property=\"og:type\" content=\"article\" \/>\n<meta property=\"og:title\" content=\"Paraguai \u00e9 o Terceiro Pa\u00eds a Inaugurar Embaixada em Jerusal\u00e9m | Blog do Guelmann\" \/>\n<meta property=\"og:description\" content=\"Da revista VEJA, publicado h\u00e1 pouco: &nbsp; O presidente paraguaio Horacio Cartes cumprimenta o primeiro-ministro israelense Benjamin Netanyahu durante uma reuni\u00e3o no gabinete do primeiro-ministro em Jerusal\u00e9m, ap\u00f3s a cerim\u00f4nia de inaugura\u00e7\u00e3o da embaixada do Paraguai na capital de Israel &#8211; 21\/05\/2018\u00a0(Sebastian Scheiner\/Pool\/Reuters) &nbsp; Mundo Presidente do Paraguai inaugura embaixada do pa\u00eds em Jerusal\u00e9m Abertura [&hellip;]\" \/>\n<meta property=\"og:url\" content=\"https:\/\/gersonguelmann.com.br\/blog\/paraguai-e-o-terceiro-pais-a-inaugurar-embaixada-em-jerusalem\/\" \/>\n<meta property=\"og:site_name\" content=\"Blog do Guelmann\" \/>\n<meta property=\"article:published_time\" content=\"2018-05-21T15:10:18+00:00\" \/>\n<meta property=\"og:image\" content=\"https:\/\/i0.wp.com\/gersonguelmann.com.br\/blog\/wp-content\/uploads\/2018\/05\/mundo-embaixada-paraguaia-jerusalem.jpg?fit=680%2C453&ssl=1\" \/>\n\t<meta property=\"og:image:width\" content=\"680\" \/>\n\t<meta property=\"og:image:height\" content=\"453\" \/>\n\t<meta property=\"og:image:type\" content=\"image\/jpeg\" \/>\n<meta name=\"author\" content=\"Gerson Guelmann\" \/>\n<meta name=\"twitter:card\" content=\"summary_large_image\" \/>\n<meta name=\"twitter:label1\" content=\"Escrito por\" \/>\n\t<meta name=\"twitter:data1\" content=\"Gerson Guelmann\" \/>\n\t<meta name=\"twitter:label2\" content=\"Est. tempo de leitura\" \/>\n\t<meta name=\"twitter:data2\" content=\"3 minutos\" \/>\n<script type=\"application\/ld+json\" class=\"yoast-schema-graph\">{\"@context\":\"https:\\\/\\\/schema.org\",\"@graph\":[{\"@type\":\"Article\",\"@id\":\"https:\\\/\\\/gersonguelmann.com.br\\\/blog\\\/paraguai-e-o-terceiro-pais-a-inaugurar-embaixada-em-jerusalem\\\/#article\",\"isPartOf\":{\"@id\":\"https:\\\/\\\/gersonguelmann.com.br\\\/blog\\\/paraguai-e-o-terceiro-pais-a-inaugurar-embaixada-em-jerusalem\\\/\"},\"author\":{\"name\":\"Gerson Guelmann\",\"@id\":\"https:\\\/\\\/gersonguelmann.com.br\\\/blog\\\/#\\\/schema\\\/person\\\/87e70e2a786888082f941a482c90569e\"},\"headline\":\"Paraguai \u00e9 o Terceiro Pa\u00eds a Inaugurar Embaixada em Jerusal\u00e9m\",\"datePublished\":\"2018-05-21T15:10:18+00:00\",\"mainEntityOfPage\":{\"@id\":\"https:\\\/\\\/gersonguelmann.com.br\\\/blog\\\/paraguai-e-o-terceiro-pais-a-inaugurar-embaixada-em-jerusalem\\\/\"},\"wordCount\":667,\"commentCount\":0,\"image\":{\"@id\":\"https:\\\/\\\/gersonguelmann.com.br\\\/blog\\\/paraguai-e-o-terceiro-pais-a-inaugurar-embaixada-em-jerusalem\\\/#primaryimage\"},\"thumbnailUrl\":\"https:\\\/\\\/i0.wp.com\\\/gersonguelmann.com.br\\\/blog\\\/wp-content\\\/uploads\\\/2018\\\/05\\\/mundo-embaixada-paraguaia-jerusalem.jpg?fit=680%2C453&ssl=1\",\"inLanguage\":\"pt-BR\",\"potentialAction\":[{\"@type\":\"CommentAction\",\"name\":\"Comment\",\"target\":[\"https:\\\/\\\/gersonguelmann.com.br\\\/blog\\\/paraguai-e-o-terceiro-pais-a-inaugurar-embaixada-em-jerusalem\\\/#respond\"]}]},{\"@type\":\"WebPage\",\"@id\":\"https:\\\/\\\/gersonguelmann.com.br\\\/blog\\\/paraguai-e-o-terceiro-pais-a-inaugurar-embaixada-em-jerusalem\\\/\",\"url\":\"https:\\\/\\\/gersonguelmann.com.br\\\/blog\\\/paraguai-e-o-terceiro-pais-a-inaugurar-embaixada-em-jerusalem\\\/\",\"name\":\"Paraguai \u00e9 o Terceiro Pa\u00eds a Inaugurar Embaixada em Jerusal\u00e9m | Blog do Guelmann\",\"isPartOf\":{\"@id\":\"https:\\\/\\\/gersonguelmann.com.br\\\/blog\\\/#website\"},\"primaryImageOfPage\":{\"@id\":\"https:\\\/\\\/gersonguelmann.com.br\\\/blog\\\/paraguai-e-o-terceiro-pais-a-inaugurar-embaixada-em-jerusalem\\\/#primaryimage\"},\"image\":{\"@id\":\"https:\\\/\\\/gersonguelmann.com.br\\\/blog\\\/paraguai-e-o-terceiro-pais-a-inaugurar-embaixada-em-jerusalem\\\/#primaryimage\"},\"thumbnailUrl\":\"https:\\\/\\\/i0.wp.com\\\/gersonguelmann.com.br\\\/blog\\\/wp-content\\\/uploads\\\/2018\\\/05\\\/mundo-embaixada-paraguaia-jerusalem.jpg?fit=680%2C453&ssl=1\",\"datePublished\":\"2018-05-21T15:10:18+00:00\",\"author\":{\"@id\":\"https:\\\/\\\/gersonguelmann.com.br\\\/blog\\\/#\\\/schema\\\/person\\\/87e70e2a786888082f941a482c90569e\"},\"inLanguage\":\"pt-BR\",\"potentialAction\":[{\"@type\":\"ReadAction\",\"target\":[\"https:\\\/\\\/gersonguelmann.com.br\\\/blog\\\/paraguai-e-o-terceiro-pais-a-inaugurar-embaixada-em-jerusalem\\\/\"]}]},{\"@type\":\"ImageObject\",\"inLanguage\":\"pt-BR\",\"@id\":\"https:\\\/\\\/gersonguelmann.com.br\\\/blog\\\/paraguai-e-o-terceiro-pais-a-inaugurar-embaixada-em-jerusalem\\\/#primaryimage\",\"url\":\"https:\\\/\\\/i0.wp.com\\\/gersonguelmann.com.br\\\/blog\\\/wp-content\\\/uploads\\\/2018\\\/05\\\/mundo-embaixada-paraguaia-jerusalem.jpg?fit=680%2C453&ssl=1\",\"contentUrl\":\"https:\\\/\\\/i0.wp.com\\\/gersonguelmann.com.br\\\/blog\\\/wp-content\\\/uploads\\\/2018\\\/05\\\/mundo-embaixada-paraguaia-jerusalem.jpg?fit=680%2C453&ssl=1\",\"width\":680,\"height\":453},{\"@type\":\"WebSite\",\"@id\":\"https:\\\/\\\/gersonguelmann.com.br\\\/blog\\\/#website\",\"url\":\"https:\\\/\\\/gersonguelmann.com.br\\\/blog\\\/\",\"name\":\"Blog do Guelmann\",\"description\":\"Pitadas da sabedoria e do humor judaicos, assuntos do momento e um pouco das hist\u00f3rias que vivi e testemunhei.\",\"potentialAction\":[{\"@type\":\"SearchAction\",\"target\":{\"@type\":\"EntryPoint\",\"urlTemplate\":\"https:\\\/\\\/gersonguelmann.com.br\\\/blog\\\/?s={search_term_string}\"},\"query-input\":{\"@type\":\"PropertyValueSpecification\",\"valueRequired\":true,\"valueName\":\"search_term_string\"}}],\"inLanguage\":\"pt-BR\"},{\"@type\":\"Person\",\"@id\":\"https:\\\/\\\/gersonguelmann.com.br\\\/blog\\\/#\\\/schema\\\/person\\\/87e70e2a786888082f941a482c90569e\",\"name\":\"Gerson Guelmann\",\"image\":{\"@type\":\"ImageObject\",\"inLanguage\":\"pt-BR\",\"@id\":\"https:\\\/\\\/i0.wp.com\\\/gersonguelmann.com.br\\\/blog\\\/wp-content\\\/uploads\\\/2021\\\/08\\\/BLOG.jpeg?fit=96%2C96&ssl=1\",\"url\":\"https:\\\/\\\/i0.wp.com\\\/gersonguelmann.com.br\\\/blog\\\/wp-content\\\/uploads\\\/2021\\\/08\\\/BLOG.jpeg?fit=96%2C96&ssl=1\",\"contentUrl\":\"https:\\\/\\\/i0.wp.com\\\/gersonguelmann.com.br\\\/blog\\\/wp-content\\\/uploads\\\/2021\\\/08\\\/BLOG.jpeg?fit=96%2C96&ssl=1\",\"caption\":\"Gerson Guelmann\"},\"description\":\"Pitadas da sabedoria e do humor judaicos, assuntos do momento e um pouco das hist\u00f3rias que vivi e testemunhei.\"}]}<\/script>\n<!-- \/ Yoast SEO plugin. -->","yoast_head_json":{"title":"Paraguai \u00e9 o Terceiro Pa\u00eds a Inaugurar Embaixada em Jerusal\u00e9m | Blog do Guelmann","robots":{"index":"index","follow":"follow","max-snippet":"max-snippet:-1","max-image-preview":"max-image-preview:large","max-video-preview":"max-video-preview:-1"},"canonical":"https:\/\/gersonguelmann.com.br\/blog\/paraguai-e-o-terceiro-pais-a-inaugurar-embaixada-em-jerusalem\/","og_locale":"pt_BR","og_type":"article","og_title":"Paraguai \u00e9 o Terceiro Pa\u00eds a Inaugurar Embaixada em Jerusal\u00e9m | Blog do Guelmann","og_description":"Da revista VEJA, publicado h\u00e1 pouco: &nbsp; O presidente paraguaio Horacio Cartes cumprimenta o primeiro-ministro israelense Benjamin Netanyahu durante uma reuni\u00e3o no gabinete do primeiro-ministro em Jerusal\u00e9m, ap\u00f3s a cerim\u00f4nia de inaugura\u00e7\u00e3o da embaixada do Paraguai na capital de Israel &#8211; 21\/05\/2018\u00a0(Sebastian Scheiner\/Pool\/Reuters) &nbsp; Mundo Presidente do Paraguai inaugura embaixada do pa\u00eds em Jerusal\u00e9m Abertura [&hellip;]","og_url":"https:\/\/gersonguelmann.com.br\/blog\/paraguai-e-o-terceiro-pais-a-inaugurar-embaixada-em-jerusalem\/","og_site_name":"Blog do Guelmann","article_published_time":"2018-05-21T15:10:18+00:00","og_image":[{"width":680,"height":453,"url":"https:\/\/i0.wp.com\/gersonguelmann.com.br\/blog\/wp-content\/uploads\/2018\/05\/mundo-embaixada-paraguaia-jerusalem.jpg?fit=680%2C453&ssl=1","type":"image\/jpeg"}],"author":"Gerson Guelmann","twitter_card":"summary_large_image","twitter_misc":{"Escrito por":"Gerson Guelmann","Est. tempo de leitura":"3 minutos"},"schema":{"@context":"https:\/\/schema.org","@graph":[{"@type":"Article","@id":"https:\/\/gersonguelmann.com.br\/blog\/paraguai-e-o-terceiro-pais-a-inaugurar-embaixada-em-jerusalem\/#article","isPartOf":{"@id":"https:\/\/gersonguelmann.com.br\/blog\/paraguai-e-o-terceiro-pais-a-inaugurar-embaixada-em-jerusalem\/"},"author":{"name":"Gerson Guelmann","@id":"https:\/\/gersonguelmann.com.br\/blog\/#\/schema\/person\/87e70e2a786888082f941a482c90569e"},"headline":"Paraguai \u00e9 o Terceiro Pa\u00eds a Inaugurar Embaixada em Jerusal\u00e9m","datePublished":"2018-05-21T15:10:18+00:00","mainEntityOfPage":{"@id":"https:\/\/gersonguelmann.com.br\/blog\/paraguai-e-o-terceiro-pais-a-inaugurar-embaixada-em-jerusalem\/"},"wordCount":667,"commentCount":0,"image":{"@id":"https:\/\/gersonguelmann.com.br\/blog\/paraguai-e-o-terceiro-pais-a-inaugurar-embaixada-em-jerusalem\/#primaryimage"},"thumbnailUrl":"https:\/\/i0.wp.com\/gersonguelmann.com.br\/blog\/wp-content\/uploads\/2018\/05\/mundo-embaixada-paraguaia-jerusalem.jpg?fit=680%2C453&ssl=1","inLanguage":"pt-BR","potentialAction":[{"@type":"CommentAction","name":"Comment","target":["https:\/\/gersonguelmann.com.br\/blog\/paraguai-e-o-terceiro-pais-a-inaugurar-embaixada-em-jerusalem\/#respond"]}]},{"@type":"WebPage","@id":"https:\/\/gersonguelmann.com.br\/blog\/paraguai-e-o-terceiro-pais-a-inaugurar-embaixada-em-jerusalem\/","url":"https:\/\/gersonguelmann.com.br\/blog\/paraguai-e-o-terceiro-pais-a-inaugurar-embaixada-em-jerusalem\/","name":"Paraguai \u00e9 o Terceiro Pa\u00eds a Inaugurar Embaixada em Jerusal\u00e9m | Blog do Guelmann","isPartOf":{"@id":"https:\/\/gersonguelmann.com.br\/blog\/#website"},"primaryImageOfPage":{"@id":"https:\/\/gersonguelmann.com.br\/blog\/paraguai-e-o-terceiro-pais-a-inaugurar-embaixada-em-jerusalem\/#primaryimage"},"image":{"@id":"https:\/\/gersonguelmann.com.br\/blog\/paraguai-e-o-terceiro-pais-a-inaugurar-embaixada-em-jerusalem\/#primaryimage"},"thumbnailUrl":"https:\/\/i0.wp.com\/gersonguelmann.com.br\/blog\/wp-content\/uploads\/2018\/05\/mundo-embaixada-paraguaia-jerusalem.jpg?fit=680%2C453&ssl=1","datePublished":"2018-05-21T15:10:18+00:00","author":{"@id":"https:\/\/gersonguelmann.com.br\/blog\/#\/schema\/person\/87e70e2a786888082f941a482c90569e"},"inLanguage":"pt-BR","potentialAction":[{"@type":"ReadAction","target":["https:\/\/gersonguelmann.com.br\/blog\/paraguai-e-o-terceiro-pais-a-inaugurar-embaixada-em-jerusalem\/"]}]},{"@type":"ImageObject","inLanguage":"pt-BR","@id":"https:\/\/gersonguelmann.com.br\/blog\/paraguai-e-o-terceiro-pais-a-inaugurar-embaixada-em-jerusalem\/#primaryimage","url":"https:\/\/i0.wp.com\/gersonguelmann.com.br\/blog\/wp-content\/uploads\/2018\/05\/mundo-embaixada-paraguaia-jerusalem.jpg?fit=680%2C453&ssl=1","contentUrl":"https:\/\/i0.wp.com\/gersonguelmann.com.br\/blog\/wp-content\/uploads\/2018\/05\/mundo-embaixada-paraguaia-jerusalem.jpg?fit=680%2C453&ssl=1","width":680,"height":453},{"@type":"WebSite","@id":"https:\/\/gersonguelmann.com.br\/blog\/#website","url":"https:\/\/gersonguelmann.com.br\/blog\/","name":"Blog do Guelmann","description":"Pitadas da sabedoria e do humor judaicos, assuntos do momento e um pouco das hist\u00f3rias que vivi e testemunhei.","potentialAction":[{"@type":"SearchAction","target":{"@type":"EntryPoint","urlTemplate":"https:\/\/gersonguelmann.com.br\/blog\/?s={search_term_string}"},"query-input":{"@type":"PropertyValueSpecification","valueRequired":true,"valueName":"search_term_string"}}],"inLanguage":"pt-BR"},{"@type":"Person","@id":"https:\/\/gersonguelmann.com.br\/blog\/#\/schema\/person\/87e70e2a786888082f941a482c90569e","name":"Gerson Guelmann","image":{"@type":"ImageObject","inLanguage":"pt-BR","@id":"https:\/\/i0.wp.com\/gersonguelmann.com.br\/blog\/wp-content\/uploads\/2021\/08\/BLOG.jpeg?fit=96%2C96&ssl=1","url":"https:\/\/i0.wp.com\/gersonguelmann.com.br\/blog\/wp-content\/uploads\/2021\/08\/BLOG.jpeg?fit=96%2C96&ssl=1","contentUrl":"https:\/\/i0.wp.com\/gersonguelmann.com.br\/blog\/wp-content\/uploads\/2021\/08\/BLOG.jpeg?fit=96%2C96&ssl=1","caption":"Gerson Guelmann"},"description":"Pitadas da sabedoria e do humor judaicos, assuntos do momento e um pouco das hist\u00f3rias que vivi e testemunhei."}]}},"views":42,"jetpack_publicize_connections":[],"jetpack_featured_media_url":"https:\/\/i0.wp.com\/gersonguelmann.com.br\/blog\/wp-content\/uploads\/2018\/05\/mundo-embaixada-paraguaia-jerusalem.jpg?fit=680%2C453&ssl=1","jetpack_shortlink":"https:\/\/wp.me\/p96e7O-3pc","jetpack-related-posts":[{"id":12915,"url":"https:\/\/gersonguelmann.com.br\/blog\/para-a-historia-ivanka-trump-inaugura-embaixada-norte-americana-em-jerusalem\/","url_meta":{"origin":13094,"position":0},"title":"Para a Hist\u00f3ria: Ivanka Trump Inaugura Embaixada Norte-Americana em Jerusal\u00e9m","author":"Gerson Guelmann","date":"14 de maio de 2018","format":false,"excerpt":"Momento em que Ivanka Trump, a filha do presidente dos Estados Unidos, descerrava a placa da inaugura\u00e7\u00e3o da embaixada daquele pa\u00eds em Jerusal\u00e9m, hoje. https:\/\/youtu.be\/2VMXLZAI6Go","rel":"","context":"Em &quot;Sem categoria&quot;","block_context":{"text":"Sem categoria","link":"https:\/\/gersonguelmann.com.br\/blog\/category\/sem-categoria\/"},"img":{"alt_text":"","src":"https:\/\/i0.wp.com\/gersonguelmann.com.br\/blog\/wp-content\/uploads\/2018\/05\/23-us-consulate-jerusalem.w710.h473.jpg?fit=710%2C473&ssl=1&resize=350%2C200","width":350,"height":200,"srcset":"https:\/\/i0.wp.com\/gersonguelmann.com.br\/blog\/wp-content\/uploads\/2018\/05\/23-us-consulate-jerusalem.w710.h473.jpg?fit=710%2C473&ssl=1&resize=350%2C200 1x, https:\/\/i0.wp.com\/gersonguelmann.com.br\/blog\/wp-content\/uploads\/2018\/05\/23-us-consulate-jerusalem.w710.h473.jpg?fit=710%2C473&ssl=1&resize=525%2C300 1.5x, https:\/\/i0.wp.com\/gersonguelmann.com.br\/blog\/wp-content\/uploads\/2018\/05\/23-us-consulate-jerusalem.w710.h473.jpg?fit=710%2C473&ssl=1&resize=700%2C400 2x"},"classes":[]},{"id":12532,"url":"https:\/\/gersonguelmann.com.br\/blog\/quem-e-dario-messer-o-doleiro-dos-doleiros\/","url_meta":{"origin":13094,"position":1},"title":"Quem \u00c9 Dario Messer, o Doleiro dos Doleiros","author":"Gerson Guelmann","date":"5 de maio de 2018","format":false,"excerpt":"Mat\u00e9ria publicada na edi\u00e7\u00e3o brasileira do El Pa\u00eds, conta a hist\u00f3ria de Dario Messer, hoje procurado pela Interpol: Dario e o pai, Mordko Messer - REPRODU\u00c7\u00c3O Dario Messer, o doleiro de todas as corrup\u00e7\u00f5es no Brasil e protegido pelo presidente do Paraguai Novo alvo da Lava Jato mora no Paraguai\u2026","rel":"","context":"Em &quot;Sem categoria&quot;","block_context":{"text":"Sem categoria","link":"https:\/\/gersonguelmann.com.br\/blog\/category\/sem-categoria\/"},"img":{"alt_text":"","src":"https:\/\/i0.wp.com\/gersonguelmann.com.br\/blog\/wp-content\/uploads\/2018\/05\/1525376638_429844_1525376764_noticia_normal_recorte1.jpg?fit=1200%2C703&ssl=1&resize=350%2C200","width":350,"height":200,"srcset":"https:\/\/i0.wp.com\/gersonguelmann.com.br\/blog\/wp-content\/uploads\/2018\/05\/1525376638_429844_1525376764_noticia_normal_recorte1.jpg?fit=1200%2C703&ssl=1&resize=350%2C200 1x, https:\/\/i0.wp.com\/gersonguelmann.com.br\/blog\/wp-content\/uploads\/2018\/05\/1525376638_429844_1525376764_noticia_normal_recorte1.jpg?fit=1200%2C703&ssl=1&resize=525%2C300 1.5x, https:\/\/i0.wp.com\/gersonguelmann.com.br\/blog\/wp-content\/uploads\/2018\/05\/1525376638_429844_1525376764_noticia_normal_recorte1.jpg?fit=1200%2C703&ssl=1&resize=700%2C400 2x, https:\/\/i0.wp.com\/gersonguelmann.com.br\/blog\/wp-content\/uploads\/2018\/05\/1525376638_429844_1525376764_noticia_normal_recorte1.jpg?fit=1200%2C703&ssl=1&resize=1050%2C600 3x"},"classes":[]},{"id":12411,"url":"https:\/\/gersonguelmann.com.br\/blog\/embaixador-dos-eua-em-israel-convida-para-abertura-nova-embaixada-jerusalem\/","url_meta":{"origin":13094,"position":2},"title":"O Embaixador dos EUA Em Israel Convida Para a Abertura da Nova Embaixada","author":"Gerson Guelmann","date":"3 de maio de 2018","format":false,"excerpt":"Foto: The New York Times Momento hist\u00f3rico: - o Embaixador dos Estados Unidos em Israel, Sr. David Friedman, est\u00e1 expedindo os convites para a abertura da Embaixada em Jerusal\u00e9m, no pr\u00f3ximo dia 14. \u00a0","rel":"","context":"Em &quot;Sem categoria&quot;","block_context":{"text":"Sem categoria","link":"https:\/\/gersonguelmann.com.br\/blog\/category\/sem-categoria\/"},"img":{"alt_text":"","src":"https:\/\/i0.wp.com\/gersonguelmann.com.br\/blog\/wp-content\/uploads\/2018\/05\/merlin_134540252_d1feccad-2d96-47c7-8b34-188c09990c68-jumbo.jpg?fit=1024%2C672&ssl=1&resize=350%2C200","width":350,"height":200,"srcset":"https:\/\/i0.wp.com\/gersonguelmann.com.br\/blog\/wp-content\/uploads\/2018\/05\/merlin_134540252_d1feccad-2d96-47c7-8b34-188c09990c68-jumbo.jpg?fit=1024%2C672&ssl=1&resize=350%2C200 1x, https:\/\/i0.wp.com\/gersonguelmann.com.br\/blog\/wp-content\/uploads\/2018\/05\/merlin_134540252_d1feccad-2d96-47c7-8b34-188c09990c68-jumbo.jpg?fit=1024%2C672&ssl=1&resize=525%2C300 1.5x, https:\/\/i0.wp.com\/gersonguelmann.com.br\/blog\/wp-content\/uploads\/2018\/05\/merlin_134540252_d1feccad-2d96-47c7-8b34-188c09990c68-jumbo.jpg?fit=1024%2C672&ssl=1&resize=700%2C400 2x"},"classes":[]},{"id":17599,"url":"https:\/\/gersonguelmann.com.br\/blog\/para-analisar-embaixadores-brasileiros-nos-eua-nos-ultimos-30-anos\/","url_meta":{"origin":13094,"position":3},"title":"Para Analisar: Embaixadores Brasileiros nos EUA nos \u00daltimos 30 Anos","author":"Gerson Guelmann","date":"19 de julho de 2019","format":false,"excerpt":"Em meio \u00e0 celeuma criada pela indica\u00e7\u00e3o do filho do Presidente Bolsonaro para a Embaixada do Brasil junto ao governo norte-americano, recebi a lista dos diplomatas que ocuparam aquele cargo nos \u00faltimos 30 anos. N\u00e3o est\u00e1 em discuss\u00e3o a linha ideol\u00f3gica dos Embaixadores mencionados, sendo natural supor que eles fossem\u2026","rel":"","context":"Em &quot;Sem categoria&quot;","block_context":{"text":"Sem categoria","link":"https:\/\/gersonguelmann.com.br\/blog\/category\/sem-categoria\/"},"img":{"alt_text":"","src":"https:\/\/i0.wp.com\/gersonguelmann.com.br\/blog\/wp-content\/uploads\/2019\/07\/Embaixada.jpg?fit=1200%2C803&ssl=1&resize=350%2C200","width":350,"height":200,"srcset":"https:\/\/i0.wp.com\/gersonguelmann.com.br\/blog\/wp-content\/uploads\/2019\/07\/Embaixada.jpg?fit=1200%2C803&ssl=1&resize=350%2C200 1x, https:\/\/i0.wp.com\/gersonguelmann.com.br\/blog\/wp-content\/uploads\/2019\/07\/Embaixada.jpg?fit=1200%2C803&ssl=1&resize=525%2C300 1.5x, https:\/\/i0.wp.com\/gersonguelmann.com.br\/blog\/wp-content\/uploads\/2019\/07\/Embaixada.jpg?fit=1200%2C803&ssl=1&resize=700%2C400 2x, https:\/\/i0.wp.com\/gersonguelmann.com.br\/blog\/wp-content\/uploads\/2019\/07\/Embaixada.jpg?fit=1200%2C803&ssl=1&resize=1050%2C600 3x"},"classes":[]},{"id":12374,"url":"https:\/\/gersonguelmann.com.br\/blog\/ira-vai-transferir-embaixada-para-jerusalem\/","url_meta":{"origin":13094,"position":4},"title":"Ir\u00e3 Vai Transferir Embaixada para Jerusal\u00e9m","author":"Gerson Guelmann","date":"2 de maio de 2018","format":false,"excerpt":"Piada que come\u00e7ou a circular nas redes ap\u00f3s a revela\u00e7\u00e3o da opera\u00e7\u00e3o feita em janeiro pelo Mossad no Ir\u00e3: - as autoridades iranianas acabaram de informar que sua embaixada ser\u00e1 transferida para Jerusal\u00e9m. Indagados sobre a raz\u00e3o, justificaram dizendo que \u00e9 para facilitar, j\u00e1 que os arquivos deles est\u00e3o todos\u2026","rel":"","context":"Em &quot;Sem categoria&quot;","block_context":{"text":"Sem categoria","link":"https:\/\/gersonguelmann.com.br\/blog\/category\/sem-categoria\/"},"img":{"alt_text":"","src":"https:\/\/i0.wp.com\/gersonguelmann.com.br\/blog\/wp-content\/uploads\/2018\/05\/jerusalem-900000000-13-1024x768.jpg?fit=1024%2C768&ssl=1&resize=350%2C200","width":350,"height":200,"srcset":"https:\/\/i0.wp.com\/gersonguelmann.com.br\/blog\/wp-content\/uploads\/2018\/05\/jerusalem-900000000-13-1024x768.jpg?fit=1024%2C768&ssl=1&resize=350%2C200 1x, https:\/\/i0.wp.com\/gersonguelmann.com.br\/blog\/wp-content\/uploads\/2018\/05\/jerusalem-900000000-13-1024x768.jpg?fit=1024%2C768&ssl=1&resize=525%2C300 1.5x, https:\/\/i0.wp.com\/gersonguelmann.com.br\/blog\/wp-content\/uploads\/2018\/05\/jerusalem-900000000-13-1024x768.jpg?fit=1024%2C768&ssl=1&resize=700%2C400 2x"},"classes":[]},{"id":12863,"url":"https:\/\/gersonguelmann.com.br\/blog\/a-fortuna-do-doleiro-messer\/","url_meta":{"origin":13094,"position":5},"title":"A Fortuna do Doleiro Messer","author":"Gerson Guelmann","date":"12 de maio de 2018","format":false,"excerpt":"Mat\u00e9ria que a revista Isto\u00c9 acaba de publicar sobre o doleiro Dario Messer e sua vida: BRASIL A fortuna de Messer O doleiro Dario Messer movimentou quase R$ 6 bilh\u00f5es de pol\u00edticos e empres\u00e1rios brasileiros no exterior. Como recompensa, levava vida de magnata, com mans\u00f5es, j\u00f3ias e obras de arte\u2026","rel":"","context":"Em &quot;Sem categoria&quot;","block_context":{"text":"Sem categoria","link":"https:\/\/gersonguelmann.com.br\/blog\/category\/sem-categoria\/"},"img":{"alt_text":"","src":"https:\/\/i0.wp.com\/gersonguelmann.com.br\/blog\/wp-content\/uploads\/2018\/05\/1-1.png?fit=418%2C235&ssl=1&resize=350%2C200","width":350,"height":200},"classes":[]}],"jetpack_sharing_enabled":true,"post_mailing_queue_ids":[],"_links":{"self":[{"href":"https:\/\/gersonguelmann.com.br\/blog\/wp-json\/wp\/v2\/posts\/13094","targetHints":{"allow":["GET"]}}],"collection":[{"href":"https:\/\/gersonguelmann.com.br\/blog\/wp-json\/wp\/v2\/posts"}],"about":[{"href":"https:\/\/gersonguelmann.com.br\/blog\/wp-json\/wp\/v2\/types\/post"}],"author":[{"embeddable":true,"href":"https:\/\/gersonguelmann.com.br\/blog\/wp-json\/wp\/v2\/users\/5"}],"replies":[{"embeddable":true,"href":"https:\/\/gersonguelmann.com.br\/blog\/wp-json\/wp\/v2\/comments?post=13094"}],"version-history":[{"count":0,"href":"https:\/\/gersonguelmann.com.br\/blog\/wp-json\/wp\/v2\/posts\/13094\/revisions"}],"wp:featuredmedia":[{"embeddable":true,"href":"https:\/\/gersonguelmann.com.br\/blog\/wp-json\/wp\/v2\/media\/13095"}],"wp:attachment":[{"href":"https:\/\/gersonguelmann.com.br\/blog\/wp-json\/wp\/v2\/media?parent=13094"}],"wp:term":[{"taxonomy":"category","embeddable":true,"href":"https:\/\/gersonguelmann.com.br\/blog\/wp-json\/wp\/v2\/categories?post=13094"},{"taxonomy":"post_tag","embeddable":true,"href":"https:\/\/gersonguelmann.com.br\/blog\/wp-json\/wp\/v2\/tags?post=13094"}],"curies":[{"name":"wp","href":"https:\/\/api.w.org\/{rel}","templated":true}]}}