    {"id":13097,"date":"2018-05-21T12:45:53","date_gmt":"2018-05-21T15:45:53","guid":{"rendered":"https:\/\/gersonguelmann.com.br\/blog\/?p=13097"},"modified":"2018-05-21T12:45:53","modified_gmt":"2018-05-21T15:45:53","slug":"album-de-figurinhas-da-lava-jato","status":"publish","type":"post","link":"https:\/\/gersonguelmann.com.br\/blog\/album-de-figurinhas-da-lava-jato\/","title":{"rendered":"\u00c1lbum de Figurinhas da Lava Jato"},"content":{"rendered":"<p style=\"text-align: center;\"><img data-recalc-dims=\"1\" fetchpriority=\"high\" decoding=\"async\" data-attachment-id=\"13098\" data-permalink=\"https:\/\/gersonguelmann.com.br\/blog\/album-de-figurinhas-da-lava-jato\/lj-2\/\" data-orig-file=\"https:\/\/i0.wp.com\/gersonguelmann.com.br\/blog\/wp-content\/uploads\/2018\/05\/LJ.png?fit=259%2C194&amp;ssl=1\" data-orig-size=\"259,194\" data-comments-opened=\"1\" data-image-meta=\"{&quot;aperture&quot;:&quot;0&quot;,&quot;credit&quot;:&quot;&quot;,&quot;camera&quot;:&quot;&quot;,&quot;caption&quot;:&quot;&quot;,&quot;created_timestamp&quot;:&quot;0&quot;,&quot;copyright&quot;:&quot;&quot;,&quot;focal_length&quot;:&quot;0&quot;,&quot;iso&quot;:&quot;0&quot;,&quot;shutter_speed&quot;:&quot;0&quot;,&quot;title&quot;:&quot;&quot;,&quot;orientation&quot;:&quot;0&quot;}\" data-image-title=\"LJ\" data-image-description=\"\" data-image-caption=\"\" data-medium-file=\"https:\/\/i0.wp.com\/gersonguelmann.com.br\/blog\/wp-content\/uploads\/2018\/05\/LJ.png?fit=259%2C194&amp;ssl=1\" data-large-file=\"https:\/\/i0.wp.com\/gersonguelmann.com.br\/blog\/wp-content\/uploads\/2018\/05\/LJ.png?fit=259%2C194&amp;ssl=1\" class=\"alignnone size-full wp-image-13098\" src=\"https:\/\/i0.wp.com\/gersonguelmann.com.br\/blog\/wp-content\/uploads\/2018\/05\/LJ.png?resize=259%2C194&#038;ssl=1\" alt=\"\" width=\"259\" height=\"194\" \/><\/p>\n<p><span style=\"font-family: georgia, palatino, serif; font-size: 18pt; color: #000000;\">Lembra dos produtos das Organiza\u00e7\u00f5es Tabajara, da turma do Casseta &amp; Planeta?<\/span><\/p>\n<p><span style=\"font-family: georgia, palatino, serif; font-size: 18pt; color: #000000;\">Ent\u00e3o: aproveitando a onda do \u00e1lbum de figurinhas da Copa, que virou uma febre entre crian\u00e7as e at\u00e9 mesmo adultos, agora est\u00e1 sendo lan\u00e7ado o \u00e1lbum de &#8220;figur\u00f5es&#8221;da Lava Jato.<\/span><\/p>\n<p><span style=\"font-family: georgia, palatino, serif; font-size: 18pt; color: #000000;\">Assista o v\u00eddeo promocional&#8230;<\/span><\/p>\n<p><span class=\"embed-youtube\" style=\"text-align:center; display: block;\"><iframe class=\"youtube-player\" width=\"640\" height=\"360\" src=\"https:\/\/www.youtube.com\/embed\/QxFgC0sg9N8?version=3&#038;rel=1&#038;showsearch=0&#038;showinfo=1&#038;iv_load_policy=1&#038;fs=1&#038;hl=pt-BR&#038;autohide=2&#038;wmode=transparent\" allowfullscreen=\"true\" style=\"border:0;\" sandbox=\"allow-scripts allow-same-origin allow-popups allow-presentation allow-popups-to-escape-sandbox\"><\/iframe><\/span><\/p>\n","protected":false},"excerpt":{"rendered":"<p>Lembra dos produtos das Organiza\u00e7\u00f5es Tabajara, da turma do Casseta &amp; Planeta? Ent\u00e3o: aproveitando a onda do \u00e1lbum de figurinhas da Copa, que virou uma febre entre crian\u00e7as e at\u00e9 mesmo adultos, agora est\u00e1 sendo lan\u00e7ado o \u00e1lbum de &#8220;figur\u00f5es&#8221;da Lava Jato. Assista o v\u00eddeo promocional&#8230;<\/p>\n","protected":false},"author":5,"featured_media":13098,"comment_status":"open","ping_status":"open","sticky":false,"template":"","format":"standard","meta":{"_acf_changed":false,"jetpack_post_was_ever_published":false,"_jetpack_newsletter_access":"","_jetpack_dont_email_post_to_subs":false,"_jetpack_newsletter_tier_id":0,"_jetpack_memberships_contains_paywalled_content":false,"_jetpack_memberships_contains_paid_content":false,"footnotes":"","jetpack_publicize_message":"","jetpack_publicize_feature_enabled":true,"jetpack_social_post_already_shared":true,"jetpack_social_options":{"image_generator_settings":{"template":"highway","default_image_id":0,"font":"","enabled":false},"version":2}},"categories":[1],"tags":[],"class_list":["post-13097","post","type-post","status-publish","format-standard","has-post-thumbnail","hentry","category-sem-categoria"],"acf":[],"yoast_head":"<!-- This site is optimized with the Yoast SEO plugin v27.3 - https:\/\/yoast.com\/product\/yoast-seo-wordpress\/ -->\n<title>\u00c1lbum de Figurinhas da Lava Jato | Blog do Guelmann<\/title>\n<meta name=\"robots\" content=\"index, follow, max-snippet:-1, max-image-preview:large, max-video-preview:-1\" \/>\n<link rel=\"canonical\" href=\"https:\/\/gersonguelmann.com.br\/blog\/album-de-figurinhas-da-lava-jato\/\" \/>\n<meta property=\"og:locale\" content=\"pt_BR\" \/>\n<meta property=\"og:type\" content=\"article\" \/>\n<meta property=\"og:title\" content=\"\u00c1lbum de Figurinhas da Lava Jato | Blog do Guelmann\" \/>\n<meta property=\"og:description\" content=\"Lembra dos produtos das Organiza\u00e7\u00f5es Tabajara, da turma do Casseta &amp; Planeta? Ent\u00e3o: aproveitando a onda do \u00e1lbum de figurinhas da Copa, que virou uma febre entre crian\u00e7as e at\u00e9 mesmo adultos, agora est\u00e1 sendo lan\u00e7ado o \u00e1lbum de &#8220;figur\u00f5es&#8221;da Lava Jato. Assista o v\u00eddeo promocional&#8230;\" \/>\n<meta property=\"og:url\" content=\"https:\/\/gersonguelmann.com.br\/blog\/album-de-figurinhas-da-lava-jato\/\" \/>\n<meta property=\"og:site_name\" content=\"Blog do Guelmann\" \/>\n<meta property=\"article:published_time\" content=\"2018-05-21T15:45:53+00:00\" \/>\n<meta property=\"og:image\" content=\"https:\/\/i0.wp.com\/gersonguelmann.com.br\/blog\/wp-content\/uploads\/2018\/05\/LJ.png?fit=259%2C194&ssl=1\" \/>\n\t<meta property=\"og:image:width\" content=\"259\" \/>\n\t<meta property=\"og:image:height\" content=\"194\" \/>\n\t<meta property=\"og:image:type\" content=\"image\/png\" \/>\n<meta name=\"author\" content=\"Gerson Guelmann\" \/>\n<meta name=\"twitter:card\" content=\"summary_large_image\" \/>\n<meta name=\"twitter:label1\" content=\"Escrito por\" \/>\n\t<meta name=\"twitter:data1\" content=\"Gerson Guelmann\" \/>\n<script type=\"application\/ld+json\" class=\"yoast-schema-graph\">{\"@context\":\"https:\\\/\\\/schema.org\",\"@graph\":[{\"@type\":\"Article\",\"@id\":\"https:\\\/\\\/gersonguelmann.com.br\\\/blog\\\/album-de-figurinhas-da-lava-jato\\\/#article\",\"isPartOf\":{\"@id\":\"https:\\\/\\\/gersonguelmann.com.br\\\/blog\\\/album-de-figurinhas-da-lava-jato\\\/\"},\"author\":{\"name\":\"Gerson Guelmann\",\"@id\":\"https:\\\/\\\/gersonguelmann.com.br\\\/blog\\\/#\\\/schema\\\/person\\\/87e70e2a786888082f941a482c90569e\"},\"headline\":\"\u00c1lbum de Figurinhas da Lava Jato\",\"datePublished\":\"2018-05-21T15:45:53+00:00\",\"mainEntityOfPage\":{\"@id\":\"https:\\\/\\\/gersonguelmann.com.br\\\/blog\\\/album-de-figurinhas-da-lava-jato\\\/\"},\"wordCount\":68,\"commentCount\":0,\"image\":{\"@id\":\"https:\\\/\\\/gersonguelmann.com.br\\\/blog\\\/album-de-figurinhas-da-lava-jato\\\/#primaryimage\"},\"thumbnailUrl\":\"https:\\\/\\\/i0.wp.com\\\/gersonguelmann.com.br\\\/blog\\\/wp-content\\\/uploads\\\/2018\\\/05\\\/LJ.png?fit=259%2C194&ssl=1\",\"inLanguage\":\"pt-BR\",\"potentialAction\":[{\"@type\":\"CommentAction\",\"name\":\"Comment\",\"target\":[\"https:\\\/\\\/gersonguelmann.com.br\\\/blog\\\/album-de-figurinhas-da-lava-jato\\\/#respond\"]}]},{\"@type\":\"WebPage\",\"@id\":\"https:\\\/\\\/gersonguelmann.com.br\\\/blog\\\/album-de-figurinhas-da-lava-jato\\\/\",\"url\":\"https:\\\/\\\/gersonguelmann.com.br\\\/blog\\\/album-de-figurinhas-da-lava-jato\\\/\",\"name\":\"\u00c1lbum de Figurinhas da Lava Jato | Blog do Guelmann\",\"isPartOf\":{\"@id\":\"https:\\\/\\\/gersonguelmann.com.br\\\/blog\\\/#website\"},\"primaryImageOfPage\":{\"@id\":\"https:\\\/\\\/gersonguelmann.com.br\\\/blog\\\/album-de-figurinhas-da-lava-jato\\\/#primaryimage\"},\"image\":{\"@id\":\"https:\\\/\\\/gersonguelmann.com.br\\\/blog\\\/album-de-figurinhas-da-lava-jato\\\/#primaryimage\"},\"thumbnailUrl\":\"https:\\\/\\\/i0.wp.com\\\/gersonguelmann.com.br\\\/blog\\\/wp-content\\\/uploads\\\/2018\\\/05\\\/LJ.png?fit=259%2C194&ssl=1\",\"datePublished\":\"2018-05-21T15:45:53+00:00\",\"author\":{\"@id\":\"https:\\\/\\\/gersonguelmann.com.br\\\/blog\\\/#\\\/schema\\\/person\\\/87e70e2a786888082f941a482c90569e\"},\"inLanguage\":\"pt-BR\",\"potentialAction\":[{\"@type\":\"ReadAction\",\"target\":[\"https:\\\/\\\/gersonguelmann.com.br\\\/blog\\\/album-de-figurinhas-da-lava-jato\\\/\"]}]},{\"@type\":\"ImageObject\",\"inLanguage\":\"pt-BR\",\"@id\":\"https:\\\/\\\/gersonguelmann.com.br\\\/blog\\\/album-de-figurinhas-da-lava-jato\\\/#primaryimage\",\"url\":\"https:\\\/\\\/i0.wp.com\\\/gersonguelmann.com.br\\\/blog\\\/wp-content\\\/uploads\\\/2018\\\/05\\\/LJ.png?fit=259%2C194&ssl=1\",\"contentUrl\":\"https:\\\/\\\/i0.wp.com\\\/gersonguelmann.com.br\\\/blog\\\/wp-content\\\/uploads\\\/2018\\\/05\\\/LJ.png?fit=259%2C194&ssl=1\",\"width\":259,\"height\":194},{\"@type\":\"WebSite\",\"@id\":\"https:\\\/\\\/gersonguelmann.com.br\\\/blog\\\/#website\",\"url\":\"https:\\\/\\\/gersonguelmann.com.br\\\/blog\\\/\",\"name\":\"Blog do Guelmann\",\"description\":\"Pitadas da sabedoria e do humor judaicos, assuntos do momento e um pouco das hist\u00f3rias que vivi e testemunhei.\",\"potentialAction\":[{\"@type\":\"SearchAction\",\"target\":{\"@type\":\"EntryPoint\",\"urlTemplate\":\"https:\\\/\\\/gersonguelmann.com.br\\\/blog\\\/?s={search_term_string}\"},\"query-input\":{\"@type\":\"PropertyValueSpecification\",\"valueRequired\":true,\"valueName\":\"search_term_string\"}}],\"inLanguage\":\"pt-BR\"},{\"@type\":\"Person\",\"@id\":\"https:\\\/\\\/gersonguelmann.com.br\\\/blog\\\/#\\\/schema\\\/person\\\/87e70e2a786888082f941a482c90569e\",\"name\":\"Gerson Guelmann\",\"image\":{\"@type\":\"ImageObject\",\"inLanguage\":\"pt-BR\",\"@id\":\"https:\\\/\\\/i0.wp.com\\\/gersonguelmann.com.br\\\/blog\\\/wp-content\\\/uploads\\\/2021\\\/08\\\/BLOG.jpeg?fit=96%2C96&ssl=1\",\"url\":\"https:\\\/\\\/i0.wp.com\\\/gersonguelmann.com.br\\\/blog\\\/wp-content\\\/uploads\\\/2021\\\/08\\\/BLOG.jpeg?fit=96%2C96&ssl=1\",\"contentUrl\":\"https:\\\/\\\/i0.wp.com\\\/gersonguelmann.com.br\\\/blog\\\/wp-content\\\/uploads\\\/2021\\\/08\\\/BLOG.jpeg?fit=96%2C96&ssl=1\",\"caption\":\"Gerson Guelmann\"},\"description\":\"Pitadas da sabedoria e do humor judaicos, assuntos do momento e um pouco das hist\u00f3rias que vivi e testemunhei.\"}]}<\/script>\n<!-- \/ Yoast SEO plugin. -->","yoast_head_json":{"title":"\u00c1lbum de Figurinhas da Lava Jato | Blog do Guelmann","robots":{"index":"index","follow":"follow","max-snippet":"max-snippet:-1","max-image-preview":"max-image-preview:large","max-video-preview":"max-video-preview:-1"},"canonical":"https:\/\/gersonguelmann.com.br\/blog\/album-de-figurinhas-da-lava-jato\/","og_locale":"pt_BR","og_type":"article","og_title":"\u00c1lbum de Figurinhas da Lava Jato | Blog do Guelmann","og_description":"Lembra dos produtos das Organiza\u00e7\u00f5es Tabajara, da turma do Casseta &amp; Planeta? Ent\u00e3o: aproveitando a onda do \u00e1lbum de figurinhas da Copa, que virou uma febre entre crian\u00e7as e at\u00e9 mesmo adultos, agora est\u00e1 sendo lan\u00e7ado o \u00e1lbum de &#8220;figur\u00f5es&#8221;da Lava Jato. Assista o v\u00eddeo promocional&#8230;","og_url":"https:\/\/gersonguelmann.com.br\/blog\/album-de-figurinhas-da-lava-jato\/","og_site_name":"Blog do Guelmann","article_published_time":"2018-05-21T15:45:53+00:00","og_image":[{"width":259,"height":194,"url":"https:\/\/i0.wp.com\/gersonguelmann.com.br\/blog\/wp-content\/uploads\/2018\/05\/LJ.png?fit=259%2C194&ssl=1","type":"image\/png"}],"author":"Gerson Guelmann","twitter_card":"summary_large_image","twitter_misc":{"Escrito por":"Gerson Guelmann"},"schema":{"@context":"https:\/\/schema.org","@graph":[{"@type":"Article","@id":"https:\/\/gersonguelmann.com.br\/blog\/album-de-figurinhas-da-lava-jato\/#article","isPartOf":{"@id":"https:\/\/gersonguelmann.com.br\/blog\/album-de-figurinhas-da-lava-jato\/"},"author":{"name":"Gerson Guelmann","@id":"https:\/\/gersonguelmann.com.br\/blog\/#\/schema\/person\/87e70e2a786888082f941a482c90569e"},"headline":"\u00c1lbum de Figurinhas da Lava Jato","datePublished":"2018-05-21T15:45:53+00:00","mainEntityOfPage":{"@id":"https:\/\/gersonguelmann.com.br\/blog\/album-de-figurinhas-da-lava-jato\/"},"wordCount":68,"commentCount":0,"image":{"@id":"https:\/\/gersonguelmann.com.br\/blog\/album-de-figurinhas-da-lava-jato\/#primaryimage"},"thumbnailUrl":"https:\/\/i0.wp.com\/gersonguelmann.com.br\/blog\/wp-content\/uploads\/2018\/05\/LJ.png?fit=259%2C194&ssl=1","inLanguage":"pt-BR","potentialAction":[{"@type":"CommentAction","name":"Comment","target":["https:\/\/gersonguelmann.com.br\/blog\/album-de-figurinhas-da-lava-jato\/#respond"]}]},{"@type":"WebPage","@id":"https:\/\/gersonguelmann.com.br\/blog\/album-de-figurinhas-da-lava-jato\/","url":"https:\/\/gersonguelmann.com.br\/blog\/album-de-figurinhas-da-lava-jato\/","name":"\u00c1lbum de Figurinhas da Lava Jato | Blog do Guelmann","isPartOf":{"@id":"https:\/\/gersonguelmann.com.br\/blog\/#website"},"primaryImageOfPage":{"@id":"https:\/\/gersonguelmann.com.br\/blog\/album-de-figurinhas-da-lava-jato\/#primaryimage"},"image":{"@id":"https:\/\/gersonguelmann.com.br\/blog\/album-de-figurinhas-da-lava-jato\/#primaryimage"},"thumbnailUrl":"https:\/\/i0.wp.com\/gersonguelmann.com.br\/blog\/wp-content\/uploads\/2018\/05\/LJ.png?fit=259%2C194&ssl=1","datePublished":"2018-05-21T15:45:53+00:00","author":{"@id":"https:\/\/gersonguelmann.com.br\/blog\/#\/schema\/person\/87e70e2a786888082f941a482c90569e"},"inLanguage":"pt-BR","potentialAction":[{"@type":"ReadAction","target":["https:\/\/gersonguelmann.com.br\/blog\/album-de-figurinhas-da-lava-jato\/"]}]},{"@type":"ImageObject","inLanguage":"pt-BR","@id":"https:\/\/gersonguelmann.com.br\/blog\/album-de-figurinhas-da-lava-jato\/#primaryimage","url":"https:\/\/i0.wp.com\/gersonguelmann.com.br\/blog\/wp-content\/uploads\/2018\/05\/LJ.png?fit=259%2C194&ssl=1","contentUrl":"https:\/\/i0.wp.com\/gersonguelmann.com.br\/blog\/wp-content\/uploads\/2018\/05\/LJ.png?fit=259%2C194&ssl=1","width":259,"height":194},{"@type":"WebSite","@id":"https:\/\/gersonguelmann.com.br\/blog\/#website","url":"https:\/\/gersonguelmann.com.br\/blog\/","name":"Blog do Guelmann","description":"Pitadas da sabedoria e do humor judaicos, assuntos do momento e um pouco das hist\u00f3rias que vivi e testemunhei.","potentialAction":[{"@type":"SearchAction","target":{"@type":"EntryPoint","urlTemplate":"https:\/\/gersonguelmann.com.br\/blog\/?s={search_term_string}"},"query-input":{"@type":"PropertyValueSpecification","valueRequired":true,"valueName":"search_term_string"}}],"inLanguage":"pt-BR"},{"@type":"Person","@id":"https:\/\/gersonguelmann.com.br\/blog\/#\/schema\/person\/87e70e2a786888082f941a482c90569e","name":"Gerson Guelmann","image":{"@type":"ImageObject","inLanguage":"pt-BR","@id":"https:\/\/i0.wp.com\/gersonguelmann.com.br\/blog\/wp-content\/uploads\/2021\/08\/BLOG.jpeg?fit=96%2C96&ssl=1","url":"https:\/\/i0.wp.com\/gersonguelmann.com.br\/blog\/wp-content\/uploads\/2021\/08\/BLOG.jpeg?fit=96%2C96&ssl=1","contentUrl":"https:\/\/i0.wp.com\/gersonguelmann.com.br\/blog\/wp-content\/uploads\/2021\/08\/BLOG.jpeg?fit=96%2C96&ssl=1","caption":"Gerson Guelmann"},"description":"Pitadas da sabedoria e do humor judaicos, assuntos do momento e um pouco das hist\u00f3rias que vivi e testemunhei."}]}},"views":24,"jetpack_publicize_connections":[],"jetpack_featured_media_url":"https:\/\/i0.wp.com\/gersonguelmann.com.br\/blog\/wp-content\/uploads\/2018\/05\/LJ.png?fit=259%2C194&ssl=1","jetpack_shortlink":"https:\/\/wp.me\/p96e7O-3pf","jetpack-related-posts":[{"id":11648,"url":"https:\/\/gersonguelmann.com.br\/blog\/lula-e-culpado-e-95-apoiam-lava-jato-diz-pesquisa\/","url_meta":{"origin":13097,"position":0},"title":"Lula \u00e9  Culpado e 95% Apoiam Lava Jato, Diz Pesquisa","author":"Gerson Guelmann","date":"14 de abril de 2018","format":false,"excerpt":"Mat\u00e9ria do jornal O Estado de S\u00e3o Paulo: Maioria v\u00ea culpa de Lula; 95% quer que Lava Jato continue Pesquisa Ipsos mostra tamb\u00e9m que 50% dos entrevistados s\u00e3o a favor da pris\u00e3o do petista e 46% s\u00e3o contra; foram ouvidas 1.200 pessoas Daniel Bramatti, O Estado de S.Paulo 14 Abril\u2026","rel":"","context":"Em &quot;Sem categoria&quot;","block_context":{"text":"Sem categoria","link":"https:\/\/gersonguelmann.com.br\/blog\/category\/sem-categoria\/"},"img":{"alt_text":"","src":"https:\/\/i0.wp.com\/gersonguelmann.com.br\/blog\/wp-content\/uploads\/2018\/04\/download-1-1.jpg?resize=350%2C200&ssl=1","width":350,"height":200},"classes":[]},{"id":14967,"url":"https:\/\/gersonguelmann.com.br\/blog\/ex-assessora-de-imprensa-de-moro-fala-sobre-a-lava-jato\/","url_meta":{"origin":13097,"position":1},"title":"Ex-Assessora de Imprensa de Moro Fala Sobre a Lava-Jato","author":"Gerson Guelmann","date":"1 de novembro de 2018","format":false,"excerpt":"O site The Intercept Brasil publicou h\u00e1 dois dias extensa entrevista com a jornalista\u00a0Christianne Machiavelli, que durante seis anos foi Assessora de Imprensa do Juiz S\u00e9rgio Moro na Opera\u00e7\u00e3o Lava-Jato e deixou o cargo em agosto.\u00a0 Uma vez que o Juiz S\u00e9rgio Moro ocupa todas as manchetes hoje em raz\u00e3o\u2026","rel":"","context":"Em &quot;Sem categoria&quot;","block_context":{"text":"Sem categoria","link":"https:\/\/gersonguelmann.com.br\/blog\/category\/sem-categoria\/"},"img":{"alt_text":"","src":"https:\/\/i0.wp.com\/gersonguelmann.com.br\/blog\/wp-content\/uploads\/2018\/11\/ChrisMachiavelli_006-1540847405.jpg?fit=1200%2C600&ssl=1&resize=350%2C200","width":350,"height":200,"srcset":"https:\/\/i0.wp.com\/gersonguelmann.com.br\/blog\/wp-content\/uploads\/2018\/11\/ChrisMachiavelli_006-1540847405.jpg?fit=1200%2C600&ssl=1&resize=350%2C200 1x, https:\/\/i0.wp.com\/gersonguelmann.com.br\/blog\/wp-content\/uploads\/2018\/11\/ChrisMachiavelli_006-1540847405.jpg?fit=1200%2C600&ssl=1&resize=525%2C300 1.5x, https:\/\/i0.wp.com\/gersonguelmann.com.br\/blog\/wp-content\/uploads\/2018\/11\/ChrisMachiavelli_006-1540847405.jpg?fit=1200%2C600&ssl=1&resize=700%2C400 2x, https:\/\/i0.wp.com\/gersonguelmann.com.br\/blog\/wp-content\/uploads\/2018\/11\/ChrisMachiavelli_006-1540847405.jpg?fit=1200%2C600&ssl=1&resize=1050%2C600 3x"},"classes":[]},{"id":12325,"url":"https:\/\/gersonguelmann.com.br\/blog\/suores-noturnos-calafrios-e-insonia-delacao-de-palocci-sera-validada-pelo-trf-4\/","url_meta":{"origin":13097,"position":2},"title":"Suores Noturnos, Calafrios e Ins\u00f4nia: Dela\u00e7\u00e3o de Palocci Ser\u00e1 Validada pelo TRF-4","author":"Gerson Guelmann","date":"30 de abril de 2018","format":false,"excerpt":"Mat\u00e9ria do G1, de agora h\u00e1 pouco: \u00a0 OPERA\u00c7\u00c3O LAVA JATO\u00a0 \u00a0 Pol\u00edcia Federal manda dela\u00e7\u00e3o do ex-ministro Antonio Palocci para valida\u00e7\u00e3o pelo TRF-4 Homologa\u00e7\u00e3o caber\u00e1 ao desembargador Gebran Neto, relator da Opera\u00e7\u00e3o Lava Jato no Tribunal Regional Federal da 4\u00aa Regi\u00e3o. Palocci foi condenado a 12 anos de pris\u00e3o\u2026","rel":"","context":"Em &quot;Sem categoria&quot;","block_context":{"text":"Sem categoria","link":"https:\/\/gersonguelmann.com.br\/blog\/category\/sem-categoria\/"},"img":{"alt_text":"","src":"https:\/\/i0.wp.com\/gersonguelmann.com.br\/blog\/wp-content\/uploads\/2018\/04\/Insomnia.jpg?fit=1024%2C793&ssl=1&resize=350%2C200","width":350,"height":200,"srcset":"https:\/\/i0.wp.com\/gersonguelmann.com.br\/blog\/wp-content\/uploads\/2018\/04\/Insomnia.jpg?fit=1024%2C793&ssl=1&resize=350%2C200 1x, https:\/\/i0.wp.com\/gersonguelmann.com.br\/blog\/wp-content\/uploads\/2018\/04\/Insomnia.jpg?fit=1024%2C793&ssl=1&resize=525%2C300 1.5x, https:\/\/i0.wp.com\/gersonguelmann.com.br\/blog\/wp-content\/uploads\/2018\/04\/Insomnia.jpg?fit=1024%2C793&ssl=1&resize=700%2C400 2x"},"classes":[]},{"id":11963,"url":"https:\/\/gersonguelmann.com.br\/blog\/a-lava-jato-so-podia-acontecer-em-curitiba\/","url_meta":{"origin":13097,"position":3},"title":"A Lava-Jato S\u00f3 Podia Acontecer Em Curitiba?","author":"Gerson Guelmann","date":"23 de abril de 2018","format":false,"excerpt":"Pelo menos para David Coimbra, colunista da Zero Hora, sim. Leia o que ele disse na coluna publicada ontem: BRASIL Por que em Curitiba? A Lava-Jato s\u00f3 tinha um lugar para se desenvolver 22\/04\/2018 - 21h33min Atualizada em\u00a022\/04\/2018 - 21h33min A\u00a0Lava-Jato\u00a0s\u00f3 seria poss\u00edvel em Curitiba. Em S\u00e3o Paulo, ama-se muito\u2026","rel":"","context":"Em &quot;Sem categoria&quot;","block_context":{"text":"Sem categoria","link":"https:\/\/gersonguelmann.com.br\/blog\/category\/sem-categoria\/"},"img":{"alt_text":"","src":"https:\/\/i0.wp.com\/gersonguelmann.com.br\/blog\/wp-content\/uploads\/2018\/04\/JF.jpg?fit=1024%2C683&ssl=1&resize=350%2C200","width":350,"height":200,"srcset":"https:\/\/i0.wp.com\/gersonguelmann.com.br\/blog\/wp-content\/uploads\/2018\/04\/JF.jpg?fit=1024%2C683&ssl=1&resize=350%2C200 1x, https:\/\/i0.wp.com\/gersonguelmann.com.br\/blog\/wp-content\/uploads\/2018\/04\/JF.jpg?fit=1024%2C683&ssl=1&resize=525%2C300 1.5x, https:\/\/i0.wp.com\/gersonguelmann.com.br\/blog\/wp-content\/uploads\/2018\/04\/JF.jpg?fit=1024%2C683&ssl=1&resize=700%2C400 2x"},"classes":[]},{"id":14231,"url":"https:\/\/gersonguelmann.com.br\/blog\/delacao-de-palocci-acaba-de-ser-homologada\/","url_meta":{"origin":13097,"position":4},"title":"Dela\u00e7\u00e3o de Palocci Acaba de Ser Homologada","author":"Gerson Guelmann","date":"22 de junho de 2018","format":false,"excerpt":"O site O Antagonista acaba de publicar: URGENTE: DELA\u00c7\u00c3O DE PALOCCI \u00c9 HOMOLOGADA Brasil -\u00a022.06.18 - 17:08 O desembargador Jo\u00e3o Pedro Gebran Neto, relator da Lava Jato no TRF-4, homologou a dela\u00e7\u00e3o premiada\u00a0de Antonio Palocci, informa Bela Megale em O Globo. O ex-ministro da Fazenda e da Casa Civil dos\u2026","rel":"","context":"Em &quot;Sem categoria&quot;","block_context":{"text":"Sem categoria","link":"https:\/\/gersonguelmann.com.br\/blog\/category\/sem-categoria\/"},"img":{"alt_text":"","src":"https:\/\/i0.wp.com\/gersonguelmann.com.br\/blog\/wp-content\/uploads\/2018\/06\/Palocci.jpg?fit=652%2C408&ssl=1&resize=350%2C200","width":350,"height":200,"srcset":"https:\/\/i0.wp.com\/gersonguelmann.com.br\/blog\/wp-content\/uploads\/2018\/06\/Palocci.jpg?fit=652%2C408&ssl=1&resize=350%2C200 1x, https:\/\/i0.wp.com\/gersonguelmann.com.br\/blog\/wp-content\/uploads\/2018\/06\/Palocci.jpg?fit=652%2C408&ssl=1&resize=525%2C300 1.5x"},"classes":[]},{"id":10962,"url":"https:\/\/gersonguelmann.com.br\/blog\/familia-de-fachin-sofre-ameacas\/","url_meta":{"origin":13097,"position":5},"title":"Fam\u00edlia de Fachin Sofre Amea\u00e7as","author":"Gerson Guelmann","date":"27 de mar\u00e7o de 2018","format":false,"excerpt":"A Rede Globo acaba de noticiar, e j\u00e1 disponibilizou a informa\u00e7\u00e3o no G1, que a fam\u00edlia do Ministro Luiz Edson Fachin do STF est\u00e1 sendo amea\u00e7ada em raz\u00e3o da posi\u00e7\u00e3o que ele adotou nos recentes julgamentos relacionados \u00e0 Lava Jato. N\u00e3o apenas como Curitibano, mas como Brasileiro, lamento saber disso.\u2026","rel":"","context":"Em &quot;Sem categoria&quot;","block_context":{"text":"Sem categoria","link":"https:\/\/gersonguelmann.com.br\/blog\/category\/sem-categoria\/"},"img":{"alt_text":"","src":"https:\/\/i0.wp.com\/gersonguelmann.com.br\/blog\/wp-content\/uploads\/2018\/03\/LEF.jpg?resize=350%2C200&ssl=1","width":350,"height":200},"classes":[]}],"jetpack_sharing_enabled":true,"post_mailing_queue_ids":[],"_links":{"self":[{"href":"https:\/\/gersonguelmann.com.br\/blog\/wp-json\/wp\/v2\/posts\/13097","targetHints":{"allow":["GET"]}}],"collection":[{"href":"https:\/\/gersonguelmann.com.br\/blog\/wp-json\/wp\/v2\/posts"}],"about":[{"href":"https:\/\/gersonguelmann.com.br\/blog\/wp-json\/wp\/v2\/types\/post"}],"author":[{"embeddable":true,"href":"https:\/\/gersonguelmann.com.br\/blog\/wp-json\/wp\/v2\/users\/5"}],"replies":[{"embeddable":true,"href":"https:\/\/gersonguelmann.com.br\/blog\/wp-json\/wp\/v2\/comments?post=13097"}],"version-history":[{"count":0,"href":"https:\/\/gersonguelmann.com.br\/blog\/wp-json\/wp\/v2\/posts\/13097\/revisions"}],"wp:featuredmedia":[{"embeddable":true,"href":"https:\/\/gersonguelmann.com.br\/blog\/wp-json\/wp\/v2\/media\/13098"}],"wp:attachment":[{"href":"https:\/\/gersonguelmann.com.br\/blog\/wp-json\/wp\/v2\/media?parent=13097"}],"wp:term":[{"taxonomy":"category","embeddable":true,"href":"https:\/\/gersonguelmann.com.br\/blog\/wp-json\/wp\/v2\/categories?post=13097"},{"taxonomy":"post_tag","embeddable":true,"href":"https:\/\/gersonguelmann.com.br\/blog\/wp-json\/wp\/v2\/tags?post=13097"}],"curies":[{"name":"wp","href":"https:\/\/api.w.org\/{rel}","templated":true}]}}