    {"id":13104,"date":"2018-05-21T17:38:04","date_gmt":"2018-05-21T20:38:04","guid":{"rendered":"https:\/\/gersonguelmann.com.br\/blog\/?p=13104"},"modified":"2018-05-21T19:24:57","modified_gmt":"2018-05-21T22:24:57","slug":"em-curitiba-intolerancia-em-grau-maximo","status":"publish","type":"post","link":"https:\/\/gersonguelmann.com.br\/blog\/em-curitiba-intolerancia-em-grau-maximo\/","title":{"rendered":"Em Curitiba, Intoler\u00e2ncia em Grau M\u00e1ximo"},"content":{"rendered":"<p style=\"text-align: center;\"><img data-recalc-dims=\"1\" fetchpriority=\"high\" decoding=\"async\" data-attachment-id=\"13105\" data-permalink=\"https:\/\/gersonguelmann.com.br\/blog\/em-curitiba-intolerancia-em-grau-maximo\/14650750_10205535564627371_2388558877613004008_n-1\/\" data-orig-file=\"https:\/\/i0.wp.com\/gersonguelmann.com.br\/blog\/wp-content\/uploads\/2018\/05\/14650750_10205535564627371_2388558877613004008_n-1.jpg?fit=960%2C960&amp;ssl=1\" data-orig-size=\"960,960\" data-comments-opened=\"1\" data-image-meta=\"{&quot;aperture&quot;:&quot;0&quot;,&quot;credit&quot;:&quot;&quot;,&quot;camera&quot;:&quot;&quot;,&quot;caption&quot;:&quot;&quot;,&quot;created_timestamp&quot;:&quot;0&quot;,&quot;copyright&quot;:&quot;&quot;,&quot;focal_length&quot;:&quot;0&quot;,&quot;iso&quot;:&quot;0&quot;,&quot;shutter_speed&quot;:&quot;0&quot;,&quot;title&quot;:&quot;&quot;,&quot;orientation&quot;:&quot;0&quot;}\" data-image-title=\"14650750_10205535564627371_2388558877613004008_n (1)\" data-image-description=\"\" data-image-caption=\"\" data-medium-file=\"https:\/\/i0.wp.com\/gersonguelmann.com.br\/blog\/wp-content\/uploads\/2018\/05\/14650750_10205535564627371_2388558877613004008_n-1.jpg?fit=300%2C300&amp;ssl=1\" data-large-file=\"https:\/\/i0.wp.com\/gersonguelmann.com.br\/blog\/wp-content\/uploads\/2018\/05\/14650750_10205535564627371_2388558877613004008_n-1.jpg?fit=640%2C640&amp;ssl=1\" class=\"alignnone size-medium wp-image-13105\" src=\"https:\/\/i0.wp.com\/gersonguelmann.com.br\/blog\/wp-content\/uploads\/2018\/05\/14650750_10205535564627371_2388558877613004008_n-1.jpg?resize=300%2C300&#038;ssl=1\" alt=\"\" width=\"300\" height=\"300\" srcset=\"https:\/\/i0.wp.com\/gersonguelmann.com.br\/blog\/wp-content\/uploads\/2018\/05\/14650750_10205535564627371_2388558877613004008_n-1.jpg?resize=300%2C300&amp;ssl=1 300w, https:\/\/i0.wp.com\/gersonguelmann.com.br\/blog\/wp-content\/uploads\/2018\/05\/14650750_10205535564627371_2388558877613004008_n-1.jpg?resize=150%2C150&amp;ssl=1 150w, https:\/\/i0.wp.com\/gersonguelmann.com.br\/blog\/wp-content\/uploads\/2018\/05\/14650750_10205535564627371_2388558877613004008_n-1.jpg?resize=768%2C768&amp;ssl=1 768w, https:\/\/i0.wp.com\/gersonguelmann.com.br\/blog\/wp-content\/uploads\/2018\/05\/14650750_10205535564627371_2388558877613004008_n-1.jpg?resize=70%2C70&amp;ssl=1 70w, https:\/\/i0.wp.com\/gersonguelmann.com.br\/blog\/wp-content\/uploads\/2018\/05\/14650750_10205535564627371_2388558877613004008_n-1.jpg?resize=127%2C127&amp;ssl=1 127w, https:\/\/i0.wp.com\/gersonguelmann.com.br\/blog\/wp-content\/uploads\/2018\/05\/14650750_10205535564627371_2388558877613004008_n-1.jpg?resize=476%2C476&amp;ssl=1 476w, https:\/\/i0.wp.com\/gersonguelmann.com.br\/blog\/wp-content\/uploads\/2018\/05\/14650750_10205535564627371_2388558877613004008_n-1.jpg?resize=125%2C125&amp;ssl=1 125w, https:\/\/i0.wp.com\/gersonguelmann.com.br\/blog\/wp-content\/uploads\/2018\/05\/14650750_10205535564627371_2388558877613004008_n-1.jpg?w=960&amp;ssl=1 960w\" sizes=\"(max-width: 300px) 100vw, 300px\" \/><br \/>\n<span style=\"font-family: georgia, palatino, serif; font-size: 10pt; color: #808080;\"><em><strong>Douglas Regis Junkes, em foto do Facebook<\/strong><\/em><\/span><\/p>\n<p><span style=\"font-family: georgia, palatino, serif; font-size: 18pt; color: #000000;\">Vivemos tempos de intoler\u00e2ncia, e n\u00e3o \u00e9 s\u00f3 nas redes sociais, que apenas amplificam o que acontece &#8220;no mundo real&#8221;.<\/span><\/p>\n<p><span style=\"font-family: georgia, palatino, serif; font-size: 18pt; color: #000000;\">Podemos at\u00e9 dizer que nas redes existe um rem\u00e9dio relativamente indolor, que \u00e9 o afastamento ou bloqueio de quem se manifesta de forma preconceituosa ou mostra intoler\u00e2ncia.<\/span><\/p>\n<p><span style=\"font-family: georgia, palatino, serif; font-size: 18pt; color: #000000;\">J\u00e1 na vida real o que vemos \u00e9 a viol\u00eancia desencadeada por motivos f\u00fateis, que v\u00e3o de desentendimentos no tr\u00e2nsito a brigas de vizinhos e que n\u00e3o raras vezes desaguam em mortes.<\/span><\/p>\n<p><span style=\"font-family: georgia, palatino, serif; font-size: 18pt; color: #000000;\">Aqui em Curitiba tivemos ontem uma dessas ocorr\u00eancias que, mais do que nos fazer lamentar, nos causam vergonha de pertencer ao g\u00eanero humano:<\/span><br \/>\n<span style=\"font-family: georgia, palatino, serif; font-size: 18pt; color: #000000;\">&#8211; as 16h, em plena tarde de domingo, um homem de 49 anos desceu para brigar com o vizinho do andar de baixo por causa do som alto.<\/span><\/p>\n<p><span style=\"font-family: georgia, palatino, serif; font-size: 18pt; color: #000000;\">Ele j\u00e1 deixou o apartamento armado e na\u00a0discuss\u00e3o disparou quatro tiros, tr\u00eas dos quais atingiram o outro homem, de 36 anos, que morreu na hora.<\/span><\/p>\n<p><span style=\"font-family: georgia, palatino, serif; font-size: 18pt; color: #000000;\">O irm\u00e3o do rapaz relatou que ele estava ensaiando com o baixo para uma apresenta\u00e7\u00e3o que faria na Inglaterra, para onde embarcaria hoje. O assassino relatou que j\u00e1 haviam brigado antes pelas mesmas raz\u00f5es.<\/span><\/p>\n<p><span style=\"font-family: georgia, palatino, serif; font-size: 18pt; color: #000000;\">O que choca \u00e9 constatar que o homem saiu de casa armado para resolver um problema com o vizinho, n\u00e3o importando o contencioso j\u00e1 existente. Porque n\u00e3o acionou o s\u00edndico do pr\u00e9dio ou mesmo a pol\u00edcia?<\/span><\/p>\n<p><span style=\"font-family: georgia, palatino, serif; font-size: 18pt; color: #000000;\">Na casa do autor do homic\u00eddio foi encontrada outra arma al\u00e9m da usada no crime, sem registro. <\/span><\/p>\n<p><span style=\"font-family: georgia, palatino, serif; font-size: 18pt; color: #000000;\">Dizer o que?<\/span><\/p>\n<p><span class=\"embed-youtube\" style=\"text-align:center; display: block;\"><iframe class=\"youtube-player\" width=\"640\" height=\"360\" src=\"https:\/\/www.youtube.com\/embed\/U9Xeh8gof-A?version=3&#038;rel=1&#038;showsearch=0&#038;showinfo=1&#038;iv_load_policy=1&#038;fs=1&#038;hl=pt-BR&#038;autohide=2&#038;wmode=transparent\" allowfullscreen=\"true\" style=\"border:0;\" sandbox=\"allow-scripts allow-same-origin allow-popups allow-presentation allow-popups-to-escape-sandbox\"><\/iframe><\/span><\/p>\n","protected":false},"excerpt":{"rendered":"<p>Douglas Regis Junkes, em foto do Facebook Vivemos tempos de intoler\u00e2ncia, e n\u00e3o \u00e9 s\u00f3 nas redes sociais, que apenas amplificam o que acontece &#8220;no mundo real&#8221;. Podemos at\u00e9 dizer que nas redes existe um rem\u00e9dio relativamente indolor, que \u00e9 o afastamento ou bloqueio de quem se manifesta de forma preconceituosa ou mostra intoler\u00e2ncia. J\u00e1 [&hellip;]<\/p>\n","protected":false},"author":5,"featured_media":13105,"comment_status":"open","ping_status":"open","sticky":false,"template":"","format":"standard","meta":{"_acf_changed":false,"jetpack_post_was_ever_published":false,"_jetpack_newsletter_access":"","_jetpack_dont_email_post_to_subs":false,"_jetpack_newsletter_tier_id":0,"_jetpack_memberships_contains_paywalled_content":false,"_jetpack_memberships_contains_paid_content":false,"footnotes":"","jetpack_publicize_message":"","jetpack_publicize_feature_enabled":true,"jetpack_social_post_already_shared":true,"jetpack_social_options":{"image_generator_settings":{"template":"highway","default_image_id":0,"font":"","enabled":false},"version":2}},"categories":[1],"tags":[],"class_list":["post-13104","post","type-post","status-publish","format-standard","has-post-thumbnail","hentry","category-sem-categoria"],"acf":[],"yoast_head":"<!-- This site is optimized with the Yoast SEO plugin v27.3 - https:\/\/yoast.com\/product\/yoast-seo-wordpress\/ -->\n<title>Em Curitiba, Intoler\u00e2ncia em Grau M\u00e1ximo | Blog do Guelmann<\/title>\n<meta name=\"robots\" content=\"index, follow, max-snippet:-1, max-image-preview:large, max-video-preview:-1\" \/>\n<link rel=\"canonical\" href=\"https:\/\/gersonguelmann.com.br\/blog\/em-curitiba-intolerancia-em-grau-maximo\/\" \/>\n<meta property=\"og:locale\" content=\"pt_BR\" \/>\n<meta property=\"og:type\" content=\"article\" \/>\n<meta property=\"og:title\" content=\"Em Curitiba, Intoler\u00e2ncia em Grau M\u00e1ximo | Blog do Guelmann\" \/>\n<meta property=\"og:description\" content=\"Douglas Regis Junkes, em foto do Facebook Vivemos tempos de intoler\u00e2ncia, e n\u00e3o \u00e9 s\u00f3 nas redes sociais, que apenas amplificam o que acontece &#8220;no mundo real&#8221;. Podemos at\u00e9 dizer que nas redes existe um rem\u00e9dio relativamente indolor, que \u00e9 o afastamento ou bloqueio de quem se manifesta de forma preconceituosa ou mostra intoler\u00e2ncia. J\u00e1 [&hellip;]\" \/>\n<meta property=\"og:url\" content=\"https:\/\/gersonguelmann.com.br\/blog\/em-curitiba-intolerancia-em-grau-maximo\/\" \/>\n<meta property=\"og:site_name\" content=\"Blog do Guelmann\" \/>\n<meta property=\"article:published_time\" content=\"2018-05-21T20:38:04+00:00\" \/>\n<meta property=\"article:modified_time\" content=\"2018-05-21T22:24:57+00:00\" \/>\n<meta property=\"og:image\" content=\"https:\/\/i0.wp.com\/gersonguelmann.com.br\/blog\/wp-content\/uploads\/2018\/05\/14650750_10205535564627371_2388558877613004008_n-1.jpg?fit=960%2C960&ssl=1\" \/>\n\t<meta property=\"og:image:width\" content=\"960\" \/>\n\t<meta property=\"og:image:height\" content=\"960\" \/>\n\t<meta property=\"og:image:type\" content=\"image\/jpeg\" \/>\n<meta name=\"author\" content=\"Gerson Guelmann\" \/>\n<meta name=\"twitter:card\" content=\"summary_large_image\" \/>\n<meta name=\"twitter:label1\" content=\"Escrito por\" \/>\n\t<meta name=\"twitter:data1\" content=\"Gerson Guelmann\" \/>\n\t<meta name=\"twitter:label2\" content=\"Est. tempo de leitura\" \/>\n\t<meta name=\"twitter:data2\" content=\"1 minuto\" \/>\n<script type=\"application\/ld+json\" class=\"yoast-schema-graph\">{\"@context\":\"https:\\\/\\\/schema.org\",\"@graph\":[{\"@type\":\"Article\",\"@id\":\"https:\\\/\\\/gersonguelmann.com.br\\\/blog\\\/em-curitiba-intolerancia-em-grau-maximo\\\/#article\",\"isPartOf\":{\"@id\":\"https:\\\/\\\/gersonguelmann.com.br\\\/blog\\\/em-curitiba-intolerancia-em-grau-maximo\\\/\"},\"author\":{\"name\":\"Gerson Guelmann\",\"@id\":\"https:\\\/\\\/gersonguelmann.com.br\\\/blog\\\/#\\\/schema\\\/person\\\/87e70e2a786888082f941a482c90569e\"},\"headline\":\"Em Curitiba, Intoler\u00e2ncia em Grau M\u00e1ximo\",\"datePublished\":\"2018-05-21T20:38:04+00:00\",\"dateModified\":\"2018-05-21T22:24:57+00:00\",\"mainEntityOfPage\":{\"@id\":\"https:\\\/\\\/gersonguelmann.com.br\\\/blog\\\/em-curitiba-intolerancia-em-grau-maximo\\\/\"},\"wordCount\":287,\"commentCount\":0,\"image\":{\"@id\":\"https:\\\/\\\/gersonguelmann.com.br\\\/blog\\\/em-curitiba-intolerancia-em-grau-maximo\\\/#primaryimage\"},\"thumbnailUrl\":\"https:\\\/\\\/i0.wp.com\\\/gersonguelmann.com.br\\\/blog\\\/wp-content\\\/uploads\\\/2018\\\/05\\\/14650750_10205535564627371_2388558877613004008_n-1.jpg?fit=960%2C960&ssl=1\",\"inLanguage\":\"pt-BR\",\"potentialAction\":[{\"@type\":\"CommentAction\",\"name\":\"Comment\",\"target\":[\"https:\\\/\\\/gersonguelmann.com.br\\\/blog\\\/em-curitiba-intolerancia-em-grau-maximo\\\/#respond\"]}]},{\"@type\":\"WebPage\",\"@id\":\"https:\\\/\\\/gersonguelmann.com.br\\\/blog\\\/em-curitiba-intolerancia-em-grau-maximo\\\/\",\"url\":\"https:\\\/\\\/gersonguelmann.com.br\\\/blog\\\/em-curitiba-intolerancia-em-grau-maximo\\\/\",\"name\":\"Em Curitiba, Intoler\u00e2ncia em Grau M\u00e1ximo | Blog do Guelmann\",\"isPartOf\":{\"@id\":\"https:\\\/\\\/gersonguelmann.com.br\\\/blog\\\/#website\"},\"primaryImageOfPage\":{\"@id\":\"https:\\\/\\\/gersonguelmann.com.br\\\/blog\\\/em-curitiba-intolerancia-em-grau-maximo\\\/#primaryimage\"},\"image\":{\"@id\":\"https:\\\/\\\/gersonguelmann.com.br\\\/blog\\\/em-curitiba-intolerancia-em-grau-maximo\\\/#primaryimage\"},\"thumbnailUrl\":\"https:\\\/\\\/i0.wp.com\\\/gersonguelmann.com.br\\\/blog\\\/wp-content\\\/uploads\\\/2018\\\/05\\\/14650750_10205535564627371_2388558877613004008_n-1.jpg?fit=960%2C960&ssl=1\",\"datePublished\":\"2018-05-21T20:38:04+00:00\",\"dateModified\":\"2018-05-21T22:24:57+00:00\",\"author\":{\"@id\":\"https:\\\/\\\/gersonguelmann.com.br\\\/blog\\\/#\\\/schema\\\/person\\\/87e70e2a786888082f941a482c90569e\"},\"inLanguage\":\"pt-BR\",\"potentialAction\":[{\"@type\":\"ReadAction\",\"target\":[\"https:\\\/\\\/gersonguelmann.com.br\\\/blog\\\/em-curitiba-intolerancia-em-grau-maximo\\\/\"]}]},{\"@type\":\"ImageObject\",\"inLanguage\":\"pt-BR\",\"@id\":\"https:\\\/\\\/gersonguelmann.com.br\\\/blog\\\/em-curitiba-intolerancia-em-grau-maximo\\\/#primaryimage\",\"url\":\"https:\\\/\\\/i0.wp.com\\\/gersonguelmann.com.br\\\/blog\\\/wp-content\\\/uploads\\\/2018\\\/05\\\/14650750_10205535564627371_2388558877613004008_n-1.jpg?fit=960%2C960&ssl=1\",\"contentUrl\":\"https:\\\/\\\/i0.wp.com\\\/gersonguelmann.com.br\\\/blog\\\/wp-content\\\/uploads\\\/2018\\\/05\\\/14650750_10205535564627371_2388558877613004008_n-1.jpg?fit=960%2C960&ssl=1\",\"width\":960,\"height\":960},{\"@type\":\"WebSite\",\"@id\":\"https:\\\/\\\/gersonguelmann.com.br\\\/blog\\\/#website\",\"url\":\"https:\\\/\\\/gersonguelmann.com.br\\\/blog\\\/\",\"name\":\"Blog do Guelmann\",\"description\":\"Pitadas da sabedoria e do humor judaicos, assuntos do momento e um pouco das hist\u00f3rias que vivi e testemunhei.\",\"potentialAction\":[{\"@type\":\"SearchAction\",\"target\":{\"@type\":\"EntryPoint\",\"urlTemplate\":\"https:\\\/\\\/gersonguelmann.com.br\\\/blog\\\/?s={search_term_string}\"},\"query-input\":{\"@type\":\"PropertyValueSpecification\",\"valueRequired\":true,\"valueName\":\"search_term_string\"}}],\"inLanguage\":\"pt-BR\"},{\"@type\":\"Person\",\"@id\":\"https:\\\/\\\/gersonguelmann.com.br\\\/blog\\\/#\\\/schema\\\/person\\\/87e70e2a786888082f941a482c90569e\",\"name\":\"Gerson Guelmann\",\"image\":{\"@type\":\"ImageObject\",\"inLanguage\":\"pt-BR\",\"@id\":\"https:\\\/\\\/i0.wp.com\\\/gersonguelmann.com.br\\\/blog\\\/wp-content\\\/uploads\\\/2021\\\/08\\\/BLOG.jpeg?fit=96%2C96&ssl=1\",\"url\":\"https:\\\/\\\/i0.wp.com\\\/gersonguelmann.com.br\\\/blog\\\/wp-content\\\/uploads\\\/2021\\\/08\\\/BLOG.jpeg?fit=96%2C96&ssl=1\",\"contentUrl\":\"https:\\\/\\\/i0.wp.com\\\/gersonguelmann.com.br\\\/blog\\\/wp-content\\\/uploads\\\/2021\\\/08\\\/BLOG.jpeg?fit=96%2C96&ssl=1\",\"caption\":\"Gerson Guelmann\"},\"description\":\"Pitadas da sabedoria e do humor judaicos, assuntos do momento e um pouco das hist\u00f3rias que vivi e testemunhei.\"}]}<\/script>\n<!-- \/ Yoast SEO plugin. -->","yoast_head_json":{"title":"Em Curitiba, Intoler\u00e2ncia em Grau M\u00e1ximo | Blog do Guelmann","robots":{"index":"index","follow":"follow","max-snippet":"max-snippet:-1","max-image-preview":"max-image-preview:large","max-video-preview":"max-video-preview:-1"},"canonical":"https:\/\/gersonguelmann.com.br\/blog\/em-curitiba-intolerancia-em-grau-maximo\/","og_locale":"pt_BR","og_type":"article","og_title":"Em Curitiba, Intoler\u00e2ncia em Grau M\u00e1ximo | Blog do Guelmann","og_description":"Douglas Regis Junkes, em foto do Facebook Vivemos tempos de intoler\u00e2ncia, e n\u00e3o \u00e9 s\u00f3 nas redes sociais, que apenas amplificam o que acontece &#8220;no mundo real&#8221;. Podemos at\u00e9 dizer que nas redes existe um rem\u00e9dio relativamente indolor, que \u00e9 o afastamento ou bloqueio de quem se manifesta de forma preconceituosa ou mostra intoler\u00e2ncia. J\u00e1 [&hellip;]","og_url":"https:\/\/gersonguelmann.com.br\/blog\/em-curitiba-intolerancia-em-grau-maximo\/","og_site_name":"Blog do Guelmann","article_published_time":"2018-05-21T20:38:04+00:00","article_modified_time":"2018-05-21T22:24:57+00:00","og_image":[{"width":960,"height":960,"url":"https:\/\/i0.wp.com\/gersonguelmann.com.br\/blog\/wp-content\/uploads\/2018\/05\/14650750_10205535564627371_2388558877613004008_n-1.jpg?fit=960%2C960&ssl=1","type":"image\/jpeg"}],"author":"Gerson Guelmann","twitter_card":"summary_large_image","twitter_misc":{"Escrito por":"Gerson Guelmann","Est. tempo de leitura":"1 minuto"},"schema":{"@context":"https:\/\/schema.org","@graph":[{"@type":"Article","@id":"https:\/\/gersonguelmann.com.br\/blog\/em-curitiba-intolerancia-em-grau-maximo\/#article","isPartOf":{"@id":"https:\/\/gersonguelmann.com.br\/blog\/em-curitiba-intolerancia-em-grau-maximo\/"},"author":{"name":"Gerson Guelmann","@id":"https:\/\/gersonguelmann.com.br\/blog\/#\/schema\/person\/87e70e2a786888082f941a482c90569e"},"headline":"Em Curitiba, Intoler\u00e2ncia em Grau M\u00e1ximo","datePublished":"2018-05-21T20:38:04+00:00","dateModified":"2018-05-21T22:24:57+00:00","mainEntityOfPage":{"@id":"https:\/\/gersonguelmann.com.br\/blog\/em-curitiba-intolerancia-em-grau-maximo\/"},"wordCount":287,"commentCount":0,"image":{"@id":"https:\/\/gersonguelmann.com.br\/blog\/em-curitiba-intolerancia-em-grau-maximo\/#primaryimage"},"thumbnailUrl":"https:\/\/i0.wp.com\/gersonguelmann.com.br\/blog\/wp-content\/uploads\/2018\/05\/14650750_10205535564627371_2388558877613004008_n-1.jpg?fit=960%2C960&ssl=1","inLanguage":"pt-BR","potentialAction":[{"@type":"CommentAction","name":"Comment","target":["https:\/\/gersonguelmann.com.br\/blog\/em-curitiba-intolerancia-em-grau-maximo\/#respond"]}]},{"@type":"WebPage","@id":"https:\/\/gersonguelmann.com.br\/blog\/em-curitiba-intolerancia-em-grau-maximo\/","url":"https:\/\/gersonguelmann.com.br\/blog\/em-curitiba-intolerancia-em-grau-maximo\/","name":"Em Curitiba, Intoler\u00e2ncia em Grau M\u00e1ximo | Blog do Guelmann","isPartOf":{"@id":"https:\/\/gersonguelmann.com.br\/blog\/#website"},"primaryImageOfPage":{"@id":"https:\/\/gersonguelmann.com.br\/blog\/em-curitiba-intolerancia-em-grau-maximo\/#primaryimage"},"image":{"@id":"https:\/\/gersonguelmann.com.br\/blog\/em-curitiba-intolerancia-em-grau-maximo\/#primaryimage"},"thumbnailUrl":"https:\/\/i0.wp.com\/gersonguelmann.com.br\/blog\/wp-content\/uploads\/2018\/05\/14650750_10205535564627371_2388558877613004008_n-1.jpg?fit=960%2C960&ssl=1","datePublished":"2018-05-21T20:38:04+00:00","dateModified":"2018-05-21T22:24:57+00:00","author":{"@id":"https:\/\/gersonguelmann.com.br\/blog\/#\/schema\/person\/87e70e2a786888082f941a482c90569e"},"inLanguage":"pt-BR","potentialAction":[{"@type":"ReadAction","target":["https:\/\/gersonguelmann.com.br\/blog\/em-curitiba-intolerancia-em-grau-maximo\/"]}]},{"@type":"ImageObject","inLanguage":"pt-BR","@id":"https:\/\/gersonguelmann.com.br\/blog\/em-curitiba-intolerancia-em-grau-maximo\/#primaryimage","url":"https:\/\/i0.wp.com\/gersonguelmann.com.br\/blog\/wp-content\/uploads\/2018\/05\/14650750_10205535564627371_2388558877613004008_n-1.jpg?fit=960%2C960&ssl=1","contentUrl":"https:\/\/i0.wp.com\/gersonguelmann.com.br\/blog\/wp-content\/uploads\/2018\/05\/14650750_10205535564627371_2388558877613004008_n-1.jpg?fit=960%2C960&ssl=1","width":960,"height":960},{"@type":"WebSite","@id":"https:\/\/gersonguelmann.com.br\/blog\/#website","url":"https:\/\/gersonguelmann.com.br\/blog\/","name":"Blog do Guelmann","description":"Pitadas da sabedoria e do humor judaicos, assuntos do momento e um pouco das hist\u00f3rias que vivi e testemunhei.","potentialAction":[{"@type":"SearchAction","target":{"@type":"EntryPoint","urlTemplate":"https:\/\/gersonguelmann.com.br\/blog\/?s={search_term_string}"},"query-input":{"@type":"PropertyValueSpecification","valueRequired":true,"valueName":"search_term_string"}}],"inLanguage":"pt-BR"},{"@type":"Person","@id":"https:\/\/gersonguelmann.com.br\/blog\/#\/schema\/person\/87e70e2a786888082f941a482c90569e","name":"Gerson Guelmann","image":{"@type":"ImageObject","inLanguage":"pt-BR","@id":"https:\/\/i0.wp.com\/gersonguelmann.com.br\/blog\/wp-content\/uploads\/2021\/08\/BLOG.jpeg?fit=96%2C96&ssl=1","url":"https:\/\/i0.wp.com\/gersonguelmann.com.br\/blog\/wp-content\/uploads\/2021\/08\/BLOG.jpeg?fit=96%2C96&ssl=1","contentUrl":"https:\/\/i0.wp.com\/gersonguelmann.com.br\/blog\/wp-content\/uploads\/2021\/08\/BLOG.jpeg?fit=96%2C96&ssl=1","caption":"Gerson Guelmann"},"description":"Pitadas da sabedoria e do humor judaicos, assuntos do momento e um pouco das hist\u00f3rias que vivi e testemunhei."}]}},"views":70,"jetpack_publicize_connections":[],"jetpack_featured_media_url":"https:\/\/i0.wp.com\/gersonguelmann.com.br\/blog\/wp-content\/uploads\/2018\/05\/14650750_10205535564627371_2388558877613004008_n-1.jpg?fit=960%2C960&ssl=1","jetpack_shortlink":"https:\/\/wp.me\/p96e7O-3pm","jetpack-related-posts":[{"id":1700,"url":"https:\/\/gersonguelmann.com.br\/blog\/um-tapa-na-cara-da-intolerancia\/","url_meta":{"origin":13104,"position":0},"title":"Um Tapa na Cara da Intoler\u00e2ncia","author":"Gerson Guelmann","date":"15 de setembro de 2017","format":false,"excerpt":"Certamente aqui no Brasil isso n\u00e3o teria tanto efeito, mas nos pa\u00edses da Comunidade Europeia, onde a quest\u00e3o dos imigrantes e refugiados \u00e9 bem presente, a pergunta \u00e9 muito pertinente: - como ficariam as prateleiras dos supermercados se fossem tirados os produtos importados de outros pa\u00edses? A filial de uma\u2026","rel":"","context":"Em &quot;Sem categoria&quot;","block_context":{"text":"Sem categoria","link":"https:\/\/gersonguelmann.com.br\/blog\/category\/sem-categoria\/"},"img":{"alt_text":"","src":"https:\/\/i0.wp.com\/gersonguelmann.com.br\/blog\/wp-content\/uploads\/2017\/09\/Supermercado-1.jpg?fit=960%2C552&ssl=1&resize=350%2C200","width":350,"height":200,"srcset":"https:\/\/i0.wp.com\/gersonguelmann.com.br\/blog\/wp-content\/uploads\/2017\/09\/Supermercado-1.jpg?fit=960%2C552&ssl=1&resize=350%2C200 1x, https:\/\/i0.wp.com\/gersonguelmann.com.br\/blog\/wp-content\/uploads\/2017\/09\/Supermercado-1.jpg?fit=960%2C552&ssl=1&resize=525%2C300 1.5x, https:\/\/i0.wp.com\/gersonguelmann.com.br\/blog\/wp-content\/uploads\/2017\/09\/Supermercado-1.jpg?fit=960%2C552&ssl=1&resize=700%2C400 2x"},"classes":[]},{"id":17881,"url":"https:\/\/gersonguelmann.com.br\/blog\/achou-que-ia-desmaiar-quando-levantou-depressa-veja-porque\/","url_meta":{"origin":13104,"position":1},"title":"Achou Que Ia Desmaiar Quando Levantou Depressa? Veja Porque!","author":"Gerson Guelmann","date":"3 de agosto de 2019","format":false,"excerpt":"O t\u00edtulo do artigo chamou minha aten\u00e7\u00e3o porque achei que era coisa dos idosos como eu, mas na leitura vi que n\u00e3o \u00e9 bem assim. A mat\u00e9ria \u00e9 do site UOL Viva Bem: Voc\u00ea quase desmaia quando se levanta r\u00e1pido? Estudo diz como se prevenir Do UOL VivaBem, em S\u00e3o\u2026","rel":"","context":"Em &quot;Sem categoria&quot;","block_context":{"text":"Sem categoria","link":"https:\/\/gersonguelmann.com.br\/blog\/category\/sem-categoria\/"},"img":{"alt_text":"","src":"https:\/\/i0.wp.com\/gersonguelmann.com.br\/blog\/wp-content\/uploads\/2019\/08\/Tontura.jpg?fit=1100%2C734&ssl=1&resize=350%2C200","width":350,"height":200,"srcset":"https:\/\/i0.wp.com\/gersonguelmann.com.br\/blog\/wp-content\/uploads\/2019\/08\/Tontura.jpg?fit=1100%2C734&ssl=1&resize=350%2C200 1x, https:\/\/i0.wp.com\/gersonguelmann.com.br\/blog\/wp-content\/uploads\/2019\/08\/Tontura.jpg?fit=1100%2C734&ssl=1&resize=525%2C300 1.5x, https:\/\/i0.wp.com\/gersonguelmann.com.br\/blog\/wp-content\/uploads\/2019\/08\/Tontura.jpg?fit=1100%2C734&ssl=1&resize=700%2C400 2x, https:\/\/i0.wp.com\/gersonguelmann.com.br\/blog\/wp-content\/uploads\/2019\/08\/Tontura.jpg?fit=1100%2C734&ssl=1&resize=1050%2C600 3x"},"classes":[]},{"id":12925,"url":"https:\/\/gersonguelmann.com.br\/blog\/intolerancia-la-como-aqui\/","url_meta":{"origin":13104,"position":2},"title":"Intoler\u00e2ncia: L\u00e1, Como Aqui","author":"Gerson Guelmann","date":"14 de maio de 2018","format":false,"excerpt":"Mat\u00e9ria publicada hoje no site da revista Isto\u00c9: COMPORTAMENTO Professora \u00e9 afastada ap\u00f3s mostrar foto da esposa em sala de aula A professora Stacy Bailey e a esposa Julia Vasquez (Cr\u00e9dito: Reprodu\u00e7\u00e3o\/Instagram) 14\/05\/18 - 14h10 - Atualizado em 14\/05\/18 - 15h02 Stacy Bailey, uma professora do estado do Texas, nos\u2026","rel":"","context":"Em &quot;Sem categoria&quot;","block_context":{"text":"Sem categoria","link":"https:\/\/gersonguelmann.com.br\/blog\/category\/sem-categoria\/"},"img":{"alt_text":"","src":"https:\/\/i0.wp.com\/gersonguelmann.com.br\/blog\/wp-content\/uploads\/2018\/05\/stacy-bailey-e-a-esposa-1526054626679_v2_615x300-418x235.jpg?fit=418%2C235&ssl=1&resize=350%2C200","width":350,"height":200},"classes":[]},{"id":2774,"url":"https:\/\/gersonguelmann.com.br\/blog\/por-que-nao-fazer-do-respeito-tambem-uma-religiao\/","url_meta":{"origin":13104,"position":3},"title":"Por Que N\u00e3o Fazer do Respeito Tamb\u00e9m Uma Religi\u00e3o?","author":"Gerson Guelmann","date":"18 de setembro de 2023","format":false,"excerpt":"Foto: FreeImages Qual \u00e9 a tua religi\u00e3o? Em que ela se baseia? J\u00e1 pensou se existisse uma chamada \"Respeito\"? A Mariana Souza (Souza Anamari), que deve ter perto 27 anos, diz que a religi\u00e3o dela se assenta sobre 4\u00a0 pontos. Em 2016, portanto ainda muito jovem, ela escreveu um poema\u2026","rel":"","context":"Em &quot;Sem categoria&quot;","block_context":{"text":"Sem categoria","link":"https:\/\/gersonguelmann.com.br\/blog\/category\/sem-categoria\/"},"img":{"alt_text":"","src":"https:\/\/i0.wp.com\/gersonguelmann.com.br\/blog\/wp-content\/uploads\/2023\/09\/HojePR-4.jpg?fit=1200%2C900&ssl=1&resize=350%2C200","width":350,"height":200,"srcset":"https:\/\/i0.wp.com\/gersonguelmann.com.br\/blog\/wp-content\/uploads\/2023\/09\/HojePR-4.jpg?fit=1200%2C900&ssl=1&resize=350%2C200 1x, https:\/\/i0.wp.com\/gersonguelmann.com.br\/blog\/wp-content\/uploads\/2023\/09\/HojePR-4.jpg?fit=1200%2C900&ssl=1&resize=525%2C300 1.5x, https:\/\/i0.wp.com\/gersonguelmann.com.br\/blog\/wp-content\/uploads\/2023\/09\/HojePR-4.jpg?fit=1200%2C900&ssl=1&resize=700%2C400 2x, https:\/\/i0.wp.com\/gersonguelmann.com.br\/blog\/wp-content\/uploads\/2023\/09\/HojePR-4.jpg?fit=1200%2C900&ssl=1&resize=1050%2C600 3x"},"classes":[]},{"id":17658,"url":"https:\/\/gersonguelmann.com.br\/blog\/bolsonaro-lula-a-repeticao-do-nos-contra-eles\/","url_meta":{"origin":13104,"position":4},"title":"Bolsonaro &#038; Lula &#8211; A Repeti\u00e7\u00e3o do N\u00f3s Contra Eles","author":"Gerson Guelmann","date":"23 de julho de 2019","format":false,"excerpt":"Transcrevo, do jornal O Estado de s\u00e3o Paulo de 21 do corrente, artigo que a meu ver retrata com enorme propriedade e fidelidade o que se passa atualmente no pa\u00eds: O esgar\u00e7amento do tecido social O que ocorre hoje no Pa\u00eds \u00e9 continuidade do que se fez nos anos petistas,\u2026","rel":"","context":"Em &quot;Sem categoria&quot;","block_context":{"text":"Sem categoria","link":"https:\/\/gersonguelmann.com.br\/blog\/category\/sem-categoria\/"},"img":{"alt_text":"","src":"https:\/\/i0.wp.com\/gersonguelmann.com.br\/blog\/wp-content\/uploads\/2019\/07\/Fight-1.jpg?fit=1036%2C712&ssl=1&resize=350%2C200","width":350,"height":200,"srcset":"https:\/\/i0.wp.com\/gersonguelmann.com.br\/blog\/wp-content\/uploads\/2019\/07\/Fight-1.jpg?fit=1036%2C712&ssl=1&resize=350%2C200 1x, https:\/\/i0.wp.com\/gersonguelmann.com.br\/blog\/wp-content\/uploads\/2019\/07\/Fight-1.jpg?fit=1036%2C712&ssl=1&resize=525%2C300 1.5x, https:\/\/i0.wp.com\/gersonguelmann.com.br\/blog\/wp-content\/uploads\/2019\/07\/Fight-1.jpg?fit=1036%2C712&ssl=1&resize=700%2C400 2x"},"classes":[]},{"id":19180,"url":"https:\/\/gersonguelmann.com.br\/blog\/pragas-e-maldicoes-judaicas-13\/","url_meta":{"origin":13104,"position":5},"title":"Pragas e Maldi\u00e7\u00f5es Judaicas (14)","author":"Gerson Guelmann","date":"18 de mar\u00e7o de 2021","format":false,"excerpt":"- \"Que o teu sogro case tr\u00eas vezes e que voc\u00ea n\u00e3o tenha apenas uma, mas tr\u00eas sogras\". - \"Que voc\u00ea fa\u00e7a uma vi\u00fava e um \u00f3rf\u00e3o felizes, em tua casa\". - \"Que tua companhia de seguros decida que\u00a0 intoler\u00e2ncia \u00e0 lactose e pris\u00e3o de ventre s\u00e3o condi\u00e7\u00f5es pr\u00e9-existentes\". -\u2026","rel":"","context":"Em &quot;Sem categoria&quot;","block_context":{"text":"Sem categoria","link":"https:\/\/gersonguelmann.com.br\/blog\/category\/sem-categoria\/"},"img":{"alt_text":"","src":"https:\/\/i0.wp.com\/gersonguelmann.com.br\/blog\/wp-content\/uploads\/2019\/11\/erik-mclean-Sss9uGhSiPw-unsplash-scaled.jpg?fit=1200%2C800&ssl=1&resize=350%2C200","width":350,"height":200,"srcset":"https:\/\/i0.wp.com\/gersonguelmann.com.br\/blog\/wp-content\/uploads\/2019\/11\/erik-mclean-Sss9uGhSiPw-unsplash-scaled.jpg?fit=1200%2C800&ssl=1&resize=350%2C200 1x, https:\/\/i0.wp.com\/gersonguelmann.com.br\/blog\/wp-content\/uploads\/2019\/11\/erik-mclean-Sss9uGhSiPw-unsplash-scaled.jpg?fit=1200%2C800&ssl=1&resize=525%2C300 1.5x, https:\/\/i0.wp.com\/gersonguelmann.com.br\/blog\/wp-content\/uploads\/2019\/11\/erik-mclean-Sss9uGhSiPw-unsplash-scaled.jpg?fit=1200%2C800&ssl=1&resize=700%2C400 2x, https:\/\/i0.wp.com\/gersonguelmann.com.br\/blog\/wp-content\/uploads\/2019\/11\/erik-mclean-Sss9uGhSiPw-unsplash-scaled.jpg?fit=1200%2C800&ssl=1&resize=1050%2C600 3x"},"classes":[]}],"jetpack_sharing_enabled":true,"post_mailing_queue_ids":[],"_links":{"self":[{"href":"https:\/\/gersonguelmann.com.br\/blog\/wp-json\/wp\/v2\/posts\/13104","targetHints":{"allow":["GET"]}}],"collection":[{"href":"https:\/\/gersonguelmann.com.br\/blog\/wp-json\/wp\/v2\/posts"}],"about":[{"href":"https:\/\/gersonguelmann.com.br\/blog\/wp-json\/wp\/v2\/types\/post"}],"author":[{"embeddable":true,"href":"https:\/\/gersonguelmann.com.br\/blog\/wp-json\/wp\/v2\/users\/5"}],"replies":[{"embeddable":true,"href":"https:\/\/gersonguelmann.com.br\/blog\/wp-json\/wp\/v2\/comments?post=13104"}],"version-history":[{"count":0,"href":"https:\/\/gersonguelmann.com.br\/blog\/wp-json\/wp\/v2\/posts\/13104\/revisions"}],"wp:featuredmedia":[{"embeddable":true,"href":"https:\/\/gersonguelmann.com.br\/blog\/wp-json\/wp\/v2\/media\/13105"}],"wp:attachment":[{"href":"https:\/\/gersonguelmann.com.br\/blog\/wp-json\/wp\/v2\/media?parent=13104"}],"wp:term":[{"taxonomy":"category","embeddable":true,"href":"https:\/\/gersonguelmann.com.br\/blog\/wp-json\/wp\/v2\/categories?post=13104"},{"taxonomy":"post_tag","embeddable":true,"href":"https:\/\/gersonguelmann.com.br\/blog\/wp-json\/wp\/v2\/tags?post=13104"}],"curies":[{"name":"wp","href":"https:\/\/api.w.org\/{rel}","templated":true}]}}