    {"id":13107,"date":"2018-05-21T18:34:31","date_gmt":"2018-05-21T21:34:31","guid":{"rendered":"https:\/\/gersonguelmann.com.br\/blog\/?p=13107"},"modified":"2018-05-21T18:34:31","modified_gmt":"2018-05-21T21:34:31","slug":"boas-novas-chegam-do-vaticano","status":"publish","type":"post","link":"https:\/\/gersonguelmann.com.br\/blog\/boas-novas-chegam-do-vaticano\/","title":{"rendered":"Boas Novas Chegam do Vaticano"},"content":{"rendered":"<p style=\"text-align: left;\"><span style=\"color: #000000; font-family: georgia, palatino, serif; font-size: 18pt;\">Papa Francisco disse ao chileno Juan Cruz que Deus o fez gay, &#8220;o ama assim e a mim n\u00e3o importa&#8221;\u00a0(Tony Gentile\/Reuters)<\/span><\/p>\n<p><span style=\"color: #000000; font-family: georgia, palatino, serif; font-size: 18pt;\">A capacidade de o Papa Francisco surpreender o mundo \u00e9 inesgot\u00e1vel.\u00a0<\/span><\/p>\n<p><span style=\"color: #000000; font-family: georgia, palatino, serif; font-size: 18pt;\">A mais recente manifesta\u00e7\u00e3o dele acerca de um posicionamento hist\u00f3rico da Igreja Cat\u00f3lica foi revelada h\u00e1 pouco, como diz mat\u00e9ria publicada hoje pela revista Exame:<\/span><\/p>\n<div class=\"article-category\"><span style=\"color: #ff0000;\"><strong>MUNDO<\/strong><\/span><\/div>\n<p class=\"article-title\"><span style=\"color: #000000; font-family: georgia, palatino, serif; font-size: 18pt;\">Deus te fez assim e te ama, diz papa a homossexual molestado por padre<\/span><\/p>\n<p class=\"article-subtitle\"><span style=\"color: #000000; font-family: georgia, palatino, serif; font-size: 18pt;\">Coment\u00e1rios foram elogiados pela comunidade LBGT, acenando para uma aproxima\u00e7\u00e3o entre homossexuais e Igreja Cat\u00f3lica<\/span><\/p>\n<div class=\"article-author\"><strong><span style=\"color: #000000;\">Por\u00a0Estad\u00e3o Conte\u00fado<\/span><\/strong><\/div>\n<div class=\"article-date\"><strong><span style=\"color: #000000;\">21 maio 2018, 15h30 &#8211; Publicado em 21 maio 2018, 13h52<\/span><\/strong><\/div>\n<div style=\"text-align: center;\"><span style=\"color: #000000;\"><img data-recalc-dims=\"1\" fetchpriority=\"high\" decoding=\"async\" data-attachment-id=\"13108\" data-permalink=\"https:\/\/gersonguelmann.com.br\/blog\/boas-novas-chegam-do-vaticano\/papa-4\/\" data-orig-file=\"https:\/\/i0.wp.com\/gersonguelmann.com.br\/blog\/wp-content\/uploads\/2018\/05\/Papa.jpg?fit=680%2C453&amp;ssl=1\" data-orig-size=\"680,453\" data-comments-opened=\"1\" data-image-meta=\"{&quot;aperture&quot;:&quot;0&quot;,&quot;credit&quot;:&quot;&quot;,&quot;camera&quot;:&quot;&quot;,&quot;caption&quot;:&quot;&quot;,&quot;created_timestamp&quot;:&quot;0&quot;,&quot;copyright&quot;:&quot;&quot;,&quot;focal_length&quot;:&quot;0&quot;,&quot;iso&quot;:&quot;0&quot;,&quot;shutter_speed&quot;:&quot;0&quot;,&quot;title&quot;:&quot;&quot;,&quot;orientation&quot;:&quot;0&quot;}\" data-image-title=\"Papa\" data-image-description=\"\" data-image-caption=\"\" data-medium-file=\"https:\/\/i0.wp.com\/gersonguelmann.com.br\/blog\/wp-content\/uploads\/2018\/05\/Papa.jpg?fit=300%2C200&amp;ssl=1\" data-large-file=\"https:\/\/i0.wp.com\/gersonguelmann.com.br\/blog\/wp-content\/uploads\/2018\/05\/Papa.jpg?fit=640%2C426&amp;ssl=1\" class=\"alignnone size-medium wp-image-13108\" src=\"https:\/\/i0.wp.com\/gersonguelmann.com.br\/blog\/wp-content\/uploads\/2018\/05\/Papa.jpg?resize=300%2C200&#038;ssl=1\" alt=\"\" width=\"300\" height=\"200\" srcset=\"https:\/\/i0.wp.com\/gersonguelmann.com.br\/blog\/wp-content\/uploads\/2018\/05\/Papa.jpg?resize=300%2C200&amp;ssl=1 300w, https:\/\/i0.wp.com\/gersonguelmann.com.br\/blog\/wp-content\/uploads\/2018\/05\/Papa.jpg?w=680&amp;ssl=1 680w\" sizes=\"(max-width: 300px) 100vw, 300px\" \/><\/span><br \/>\n<span style=\"color: #808080;\"><em><strong>Papa Francisco disse ao chileno Juan Cruz que Deus o fez gay, &#8220;o ama assim e a mim n\u00e3o importa&#8221;\u00a0(Tony Gentile\/Reuters)<\/strong><\/em><\/span><\/div>\n<div><\/div>\n<div>\n<p><span style=\"color: #000000; font-size: 14pt;\">Cidade do Vaticano \u2013 O chileno Juan Carlos Cruz, que sofreu abuso sexual de um padre ped\u00f3filo, afirmou que o\u00a0<strong>papa Francisco<\/strong>\u00a0disse a ele que Deus o fez gay, \u201co ama assim e a mim n\u00e3o importa\u201d, segundo\u00a0o jornal espanhol\u00a0El Pa\u00eds<em>,<\/em>\u00a0este seria um dos coment\u00e1rios mais progressistas j\u00e1 feitos pelo pont\u00edfice sobre homossexualidade.<\/span><\/p>\n<p><span style=\"color: #000000; font-size: 14pt;\">De acordo com o relato feito \u00e0 publica\u00e7\u00e3o, Cruz recentemente teve uma longa conversa em particular com o papa na qual falou sobre os abusos que sofreu e a falta de a\u00e7\u00e3o por parte dos bispos sobre as den\u00fancias.<\/span><\/p>\n<p><span style=\"color: #000000; font-size: 14pt;\">\u201cHaviam dito a ele que eu era praticamente um pervertido. Expliquei que n\u00e3o sou a reencarna\u00e7\u00e3o de S\u00e3o Luis Gonzaga, mas tamb\u00e9m n\u00e3o sou uma pessoa m\u00e1. Tento n\u00e3o fazer mal a ningu\u00e9m. Ele ent\u00e3o me disse Juan Carlos, voc\u00ea ser gay n\u00e3o importa. Deus te fez assim, te ama assim e a mim n\u00e3o importa\u201d, contou o chileno ao\u00a0<em>El Pa\u00eds<\/em>. Ele tamb\u00e9m afirmou que Francisco pediu perd\u00e3o \u201cem nome do papa e da Igreja\u201d por tudo o que Cruz passou.<\/span><\/p>\n<p><span style=\"color: #000000; font-size: 14pt;\">Os coment\u00e1rios de Francisco foram elogiados pela comunidade LGBT como mais um sinal de que o pont\u00edfice quer fazer com que os homossexuais se sintam bem-vindos e amados pela Igreja Cat\u00f3lica. Questionado sobre os coment\u00e1rios do pont\u00edfice feitos a Cruz, o porta-voz do Vaticano, Greg Burke, disse \u00e0 emissora\u00a0CNN\u00a0que \u201cnormalmente n\u00e3o comentamos as conversas particulares do papa\u201d.<\/span><\/p>\n<p><span style=\"color: #000000; font-size: 14pt;\">De acordo com o\u00a0El Pa\u00eds, Cruz foi v\u00edtima de abusos cometidos pelo padre Fernando Karadima. Um de seus disc\u00edpulos era Juan Barros, quem Cruz acusa de estar presente durante os epis\u00f3dios de abuso.<\/span><\/p>\n<p><span style=\"color: #000000; font-size: 14pt;\">Inicialmente, Francisco desprezou os relatos das v\u00edtimas e at\u00e9 mesmo de membros do seu conselho sobre abuso sexual. Em 2015, ele nomeou Barros como bispo do Chile. Outros bispos se opuseram \u00e0 nomea\u00e7\u00e3o porque sabiam que o passado de Barros era problem\u00e1tico.<\/span><\/p>\n<p><span style=\"color: #000000; font-size: 14pt;\">Ainda em 2015, Francisco recebeu uma carta de Cruz detalhando seus erros. Na ocasi\u00e3o, o papa enfureceu os chilenos ao dizer que as acusa\u00e7\u00f5es contra Barros eram \u201ccal\u00fanias\u201d e que tinha certeza de sua inoc\u00eancia.<\/span><\/p>\n<p><span style=\"color: #000000; font-size: 14pt;\">Na sexta-feira, todos os bispos chilenos puseram seus cargos \u00e0 disposi\u00e7\u00e3o do pont\u00edfice. Em declara\u00e7\u00e3o \u00e0 imprensa, os 34 bispos convocados pelo papa para prestar conta sobre os esc\u00e2ndalos de abuso sexual anunciaram que \u201ctodos\u201d puseram suas \u201cacusa\u00e7\u00f5es nas m\u00e3os do Santo Padre para que livremente decida em rela\u00e7\u00e3o a cada um\u201d.<\/span><\/p>\n<p><span style=\"color: #000000; font-size: 14pt;\">Entre os 34 bispos presentes na reuni\u00e3o estiveram v\u00e1rios dos acusados de terem acobertado durante d\u00e9cadas os abusos cometidos por Karadima, suspenso de forma vital\u00edcia depois de ter sido declarado culpado em 2011 por abuso sexual de menores nos anos 1980 e 1990.<\/span><\/p>\n<p><span style=\"color: #000000; font-size: 14pt;\">As demiss\u00f5es vieram ap\u00f3s a divulga\u00e7\u00e3o dos detalhes de um relat\u00f3rio de 2,3 mil p\u00e1ginas produzido pelo Vaticano sobre os casos. Nas conclus\u00f5es do papa sobre o documento, ele acusa os bispos de destruir provas dos crimes, pressionar os investigadores para minimizar as acusa\u00e7\u00f5es de abuso e de cometer \u201cgraves neglig\u00eancias\u201d na prote\u00e7\u00e3o das crian\u00e7as contra padres ped\u00f3filos.<\/span><\/p>\n<p><span style=\"color: #000000; font-family: georgia, palatino, serif; font-size: 18pt;\">A mat\u00e9ria original est\u00e1 publicada <a href=\"https:\/\/exame.abril.com.br\/mundo\/deus-te-fez-assim-e-te-ama-diz-papa-a-homossexual-molestado-por-padre\/\"><span style=\"color: #0000ff;\"><em><strong>aqui<\/strong><\/em><\/span><\/a>.<\/span><\/p>\n<\/div>\n<div><\/div>\n<div style=\"text-align: center;\"><\/div>\n<div><\/div>\n","protected":false},"excerpt":{"rendered":"<p>Papa Francisco disse ao chileno Juan Cruz que Deus o fez gay, &#8220;o ama assim e a mim n\u00e3o importa&#8221;\u00a0(Tony Gentile\/Reuters) A capacidade de o Papa Francisco surpreender o mundo \u00e9 inesgot\u00e1vel.\u00a0 A mais recente manifesta\u00e7\u00e3o dele acerca de um posicionamento hist\u00f3rico da Igreja Cat\u00f3lica foi revelada h\u00e1 pouco, como diz mat\u00e9ria publicada hoje pela [&hellip;]<\/p>\n","protected":false},"author":5,"featured_media":13108,"comment_status":"open","ping_status":"open","sticky":false,"template":"","format":"standard","meta":{"_acf_changed":false,"jetpack_post_was_ever_published":false,"_jetpack_newsletter_access":"","_jetpack_dont_email_post_to_subs":false,"_jetpack_newsletter_tier_id":0,"_jetpack_memberships_contains_paywalled_content":false,"_jetpack_memberships_contains_paid_content":false,"footnotes":"","jetpack_publicize_message":"","jetpack_publicize_feature_enabled":true,"jetpack_social_post_already_shared":true,"jetpack_social_options":{"image_generator_settings":{"template":"highway","default_image_id":0,"font":"","enabled":false},"version":2}},"categories":[1],"tags":[],"class_list":["post-13107","post","type-post","status-publish","format-standard","has-post-thumbnail","hentry","category-sem-categoria"],"acf":[],"yoast_head":"<!-- This site is optimized with the Yoast SEO plugin v27.3 - https:\/\/yoast.com\/product\/yoast-seo-wordpress\/ -->\n<title>Boas Novas Chegam do Vaticano | Blog do Guelmann<\/title>\n<meta name=\"robots\" content=\"index, follow, max-snippet:-1, max-image-preview:large, max-video-preview:-1\" \/>\n<link rel=\"canonical\" href=\"https:\/\/gersonguelmann.com.br\/blog\/boas-novas-chegam-do-vaticano\/\" \/>\n<meta property=\"og:locale\" content=\"pt_BR\" \/>\n<meta property=\"og:type\" content=\"article\" \/>\n<meta property=\"og:title\" content=\"Boas Novas Chegam do Vaticano | Blog do Guelmann\" \/>\n<meta property=\"og:description\" content=\"Papa Francisco disse ao chileno Juan Cruz que Deus o fez gay, &#8220;o ama assim e a mim n\u00e3o importa&#8221;\u00a0(Tony Gentile\/Reuters) A capacidade de o Papa Francisco surpreender o mundo \u00e9 inesgot\u00e1vel.\u00a0 A mais recente manifesta\u00e7\u00e3o dele acerca de um posicionamento hist\u00f3rico da Igreja Cat\u00f3lica foi revelada h\u00e1 pouco, como diz mat\u00e9ria publicada hoje pela [&hellip;]\" \/>\n<meta property=\"og:url\" content=\"https:\/\/gersonguelmann.com.br\/blog\/boas-novas-chegam-do-vaticano\/\" \/>\n<meta property=\"og:site_name\" content=\"Blog do Guelmann\" \/>\n<meta property=\"article:published_time\" content=\"2018-05-21T21:34:31+00:00\" \/>\n<meta property=\"og:image\" content=\"https:\/\/i0.wp.com\/gersonguelmann.com.br\/blog\/wp-content\/uploads\/2018\/05\/Papa.jpg?fit=680%2C453&ssl=1\" \/>\n\t<meta property=\"og:image:width\" content=\"680\" \/>\n\t<meta property=\"og:image:height\" content=\"453\" \/>\n\t<meta property=\"og:image:type\" content=\"image\/jpeg\" \/>\n<meta name=\"author\" content=\"Gerson Guelmann\" \/>\n<meta name=\"twitter:card\" content=\"summary_large_image\" \/>\n<meta name=\"twitter:label1\" content=\"Escrito por\" \/>\n\t<meta name=\"twitter:data1\" content=\"Gerson Guelmann\" \/>\n\t<meta name=\"twitter:label2\" content=\"Est. tempo de leitura\" \/>\n\t<meta name=\"twitter:data2\" content=\"3 minutos\" \/>\n<script type=\"application\/ld+json\" class=\"yoast-schema-graph\">{\"@context\":\"https:\\\/\\\/schema.org\",\"@graph\":[{\"@type\":\"Article\",\"@id\":\"https:\\\/\\\/gersonguelmann.com.br\\\/blog\\\/boas-novas-chegam-do-vaticano\\\/#article\",\"isPartOf\":{\"@id\":\"https:\\\/\\\/gersonguelmann.com.br\\\/blog\\\/boas-novas-chegam-do-vaticano\\\/\"},\"author\":{\"name\":\"Gerson Guelmann\",\"@id\":\"https:\\\/\\\/gersonguelmann.com.br\\\/blog\\\/#\\\/schema\\\/person\\\/87e70e2a786888082f941a482c90569e\"},\"headline\":\"Boas Novas Chegam do Vaticano\",\"datePublished\":\"2018-05-21T21:34:31+00:00\",\"mainEntityOfPage\":{\"@id\":\"https:\\\/\\\/gersonguelmann.com.br\\\/blog\\\/boas-novas-chegam-do-vaticano\\\/\"},\"wordCount\":692,\"commentCount\":0,\"image\":{\"@id\":\"https:\\\/\\\/gersonguelmann.com.br\\\/blog\\\/boas-novas-chegam-do-vaticano\\\/#primaryimage\"},\"thumbnailUrl\":\"https:\\\/\\\/i0.wp.com\\\/gersonguelmann.com.br\\\/blog\\\/wp-content\\\/uploads\\\/2018\\\/05\\\/Papa.jpg?fit=680%2C453&ssl=1\",\"inLanguage\":\"pt-BR\",\"potentialAction\":[{\"@type\":\"CommentAction\",\"name\":\"Comment\",\"target\":[\"https:\\\/\\\/gersonguelmann.com.br\\\/blog\\\/boas-novas-chegam-do-vaticano\\\/#respond\"]}]},{\"@type\":\"WebPage\",\"@id\":\"https:\\\/\\\/gersonguelmann.com.br\\\/blog\\\/boas-novas-chegam-do-vaticano\\\/\",\"url\":\"https:\\\/\\\/gersonguelmann.com.br\\\/blog\\\/boas-novas-chegam-do-vaticano\\\/\",\"name\":\"Boas Novas Chegam do Vaticano | Blog do Guelmann\",\"isPartOf\":{\"@id\":\"https:\\\/\\\/gersonguelmann.com.br\\\/blog\\\/#website\"},\"primaryImageOfPage\":{\"@id\":\"https:\\\/\\\/gersonguelmann.com.br\\\/blog\\\/boas-novas-chegam-do-vaticano\\\/#primaryimage\"},\"image\":{\"@id\":\"https:\\\/\\\/gersonguelmann.com.br\\\/blog\\\/boas-novas-chegam-do-vaticano\\\/#primaryimage\"},\"thumbnailUrl\":\"https:\\\/\\\/i0.wp.com\\\/gersonguelmann.com.br\\\/blog\\\/wp-content\\\/uploads\\\/2018\\\/05\\\/Papa.jpg?fit=680%2C453&ssl=1\",\"datePublished\":\"2018-05-21T21:34:31+00:00\",\"author\":{\"@id\":\"https:\\\/\\\/gersonguelmann.com.br\\\/blog\\\/#\\\/schema\\\/person\\\/87e70e2a786888082f941a482c90569e\"},\"inLanguage\":\"pt-BR\",\"potentialAction\":[{\"@type\":\"ReadAction\",\"target\":[\"https:\\\/\\\/gersonguelmann.com.br\\\/blog\\\/boas-novas-chegam-do-vaticano\\\/\"]}]},{\"@type\":\"ImageObject\",\"inLanguage\":\"pt-BR\",\"@id\":\"https:\\\/\\\/gersonguelmann.com.br\\\/blog\\\/boas-novas-chegam-do-vaticano\\\/#primaryimage\",\"url\":\"https:\\\/\\\/i0.wp.com\\\/gersonguelmann.com.br\\\/blog\\\/wp-content\\\/uploads\\\/2018\\\/05\\\/Papa.jpg?fit=680%2C453&ssl=1\",\"contentUrl\":\"https:\\\/\\\/i0.wp.com\\\/gersonguelmann.com.br\\\/blog\\\/wp-content\\\/uploads\\\/2018\\\/05\\\/Papa.jpg?fit=680%2C453&ssl=1\",\"width\":680,\"height\":453},{\"@type\":\"WebSite\",\"@id\":\"https:\\\/\\\/gersonguelmann.com.br\\\/blog\\\/#website\",\"url\":\"https:\\\/\\\/gersonguelmann.com.br\\\/blog\\\/\",\"name\":\"Blog do Guelmann\",\"description\":\"Pitadas da sabedoria e do humor judaicos, assuntos do momento e um pouco das hist\u00f3rias que vivi e testemunhei.\",\"potentialAction\":[{\"@type\":\"SearchAction\",\"target\":{\"@type\":\"EntryPoint\",\"urlTemplate\":\"https:\\\/\\\/gersonguelmann.com.br\\\/blog\\\/?s={search_term_string}\"},\"query-input\":{\"@type\":\"PropertyValueSpecification\",\"valueRequired\":true,\"valueName\":\"search_term_string\"}}],\"inLanguage\":\"pt-BR\"},{\"@type\":\"Person\",\"@id\":\"https:\\\/\\\/gersonguelmann.com.br\\\/blog\\\/#\\\/schema\\\/person\\\/87e70e2a786888082f941a482c90569e\",\"name\":\"Gerson Guelmann\",\"image\":{\"@type\":\"ImageObject\",\"inLanguage\":\"pt-BR\",\"@id\":\"https:\\\/\\\/i0.wp.com\\\/gersonguelmann.com.br\\\/blog\\\/wp-content\\\/uploads\\\/2021\\\/08\\\/BLOG.jpeg?fit=96%2C96&ssl=1\",\"url\":\"https:\\\/\\\/i0.wp.com\\\/gersonguelmann.com.br\\\/blog\\\/wp-content\\\/uploads\\\/2021\\\/08\\\/BLOG.jpeg?fit=96%2C96&ssl=1\",\"contentUrl\":\"https:\\\/\\\/i0.wp.com\\\/gersonguelmann.com.br\\\/blog\\\/wp-content\\\/uploads\\\/2021\\\/08\\\/BLOG.jpeg?fit=96%2C96&ssl=1\",\"caption\":\"Gerson Guelmann\"},\"description\":\"Pitadas da sabedoria e do humor judaicos, assuntos do momento e um pouco das hist\u00f3rias que vivi e testemunhei.\"}]}<\/script>\n<!-- \/ Yoast SEO plugin. -->","yoast_head_json":{"title":"Boas Novas Chegam do Vaticano | Blog do Guelmann","robots":{"index":"index","follow":"follow","max-snippet":"max-snippet:-1","max-image-preview":"max-image-preview:large","max-video-preview":"max-video-preview:-1"},"canonical":"https:\/\/gersonguelmann.com.br\/blog\/boas-novas-chegam-do-vaticano\/","og_locale":"pt_BR","og_type":"article","og_title":"Boas Novas Chegam do Vaticano | Blog do Guelmann","og_description":"Papa Francisco disse ao chileno Juan Cruz que Deus o fez gay, &#8220;o ama assim e a mim n\u00e3o importa&#8221;\u00a0(Tony Gentile\/Reuters) A capacidade de o Papa Francisco surpreender o mundo \u00e9 inesgot\u00e1vel.\u00a0 A mais recente manifesta\u00e7\u00e3o dele acerca de um posicionamento hist\u00f3rico da Igreja Cat\u00f3lica foi revelada h\u00e1 pouco, como diz mat\u00e9ria publicada hoje pela [&hellip;]","og_url":"https:\/\/gersonguelmann.com.br\/blog\/boas-novas-chegam-do-vaticano\/","og_site_name":"Blog do Guelmann","article_published_time":"2018-05-21T21:34:31+00:00","og_image":[{"width":680,"height":453,"url":"https:\/\/i0.wp.com\/gersonguelmann.com.br\/blog\/wp-content\/uploads\/2018\/05\/Papa.jpg?fit=680%2C453&ssl=1","type":"image\/jpeg"}],"author":"Gerson Guelmann","twitter_card":"summary_large_image","twitter_misc":{"Escrito por":"Gerson Guelmann","Est. tempo de leitura":"3 minutos"},"schema":{"@context":"https:\/\/schema.org","@graph":[{"@type":"Article","@id":"https:\/\/gersonguelmann.com.br\/blog\/boas-novas-chegam-do-vaticano\/#article","isPartOf":{"@id":"https:\/\/gersonguelmann.com.br\/blog\/boas-novas-chegam-do-vaticano\/"},"author":{"name":"Gerson Guelmann","@id":"https:\/\/gersonguelmann.com.br\/blog\/#\/schema\/person\/87e70e2a786888082f941a482c90569e"},"headline":"Boas Novas Chegam do Vaticano","datePublished":"2018-05-21T21:34:31+00:00","mainEntityOfPage":{"@id":"https:\/\/gersonguelmann.com.br\/blog\/boas-novas-chegam-do-vaticano\/"},"wordCount":692,"commentCount":0,"image":{"@id":"https:\/\/gersonguelmann.com.br\/blog\/boas-novas-chegam-do-vaticano\/#primaryimage"},"thumbnailUrl":"https:\/\/i0.wp.com\/gersonguelmann.com.br\/blog\/wp-content\/uploads\/2018\/05\/Papa.jpg?fit=680%2C453&ssl=1","inLanguage":"pt-BR","potentialAction":[{"@type":"CommentAction","name":"Comment","target":["https:\/\/gersonguelmann.com.br\/blog\/boas-novas-chegam-do-vaticano\/#respond"]}]},{"@type":"WebPage","@id":"https:\/\/gersonguelmann.com.br\/blog\/boas-novas-chegam-do-vaticano\/","url":"https:\/\/gersonguelmann.com.br\/blog\/boas-novas-chegam-do-vaticano\/","name":"Boas Novas Chegam do Vaticano | Blog do Guelmann","isPartOf":{"@id":"https:\/\/gersonguelmann.com.br\/blog\/#website"},"primaryImageOfPage":{"@id":"https:\/\/gersonguelmann.com.br\/blog\/boas-novas-chegam-do-vaticano\/#primaryimage"},"image":{"@id":"https:\/\/gersonguelmann.com.br\/blog\/boas-novas-chegam-do-vaticano\/#primaryimage"},"thumbnailUrl":"https:\/\/i0.wp.com\/gersonguelmann.com.br\/blog\/wp-content\/uploads\/2018\/05\/Papa.jpg?fit=680%2C453&ssl=1","datePublished":"2018-05-21T21:34:31+00:00","author":{"@id":"https:\/\/gersonguelmann.com.br\/blog\/#\/schema\/person\/87e70e2a786888082f941a482c90569e"},"inLanguage":"pt-BR","potentialAction":[{"@type":"ReadAction","target":["https:\/\/gersonguelmann.com.br\/blog\/boas-novas-chegam-do-vaticano\/"]}]},{"@type":"ImageObject","inLanguage":"pt-BR","@id":"https:\/\/gersonguelmann.com.br\/blog\/boas-novas-chegam-do-vaticano\/#primaryimage","url":"https:\/\/i0.wp.com\/gersonguelmann.com.br\/blog\/wp-content\/uploads\/2018\/05\/Papa.jpg?fit=680%2C453&ssl=1","contentUrl":"https:\/\/i0.wp.com\/gersonguelmann.com.br\/blog\/wp-content\/uploads\/2018\/05\/Papa.jpg?fit=680%2C453&ssl=1","width":680,"height":453},{"@type":"WebSite","@id":"https:\/\/gersonguelmann.com.br\/blog\/#website","url":"https:\/\/gersonguelmann.com.br\/blog\/","name":"Blog do Guelmann","description":"Pitadas da sabedoria e do humor judaicos, assuntos do momento e um pouco das hist\u00f3rias que vivi e testemunhei.","potentialAction":[{"@type":"SearchAction","target":{"@type":"EntryPoint","urlTemplate":"https:\/\/gersonguelmann.com.br\/blog\/?s={search_term_string}"},"query-input":{"@type":"PropertyValueSpecification","valueRequired":true,"valueName":"search_term_string"}}],"inLanguage":"pt-BR"},{"@type":"Person","@id":"https:\/\/gersonguelmann.com.br\/blog\/#\/schema\/person\/87e70e2a786888082f941a482c90569e","name":"Gerson Guelmann","image":{"@type":"ImageObject","inLanguage":"pt-BR","@id":"https:\/\/i0.wp.com\/gersonguelmann.com.br\/blog\/wp-content\/uploads\/2021\/08\/BLOG.jpeg?fit=96%2C96&ssl=1","url":"https:\/\/i0.wp.com\/gersonguelmann.com.br\/blog\/wp-content\/uploads\/2021\/08\/BLOG.jpeg?fit=96%2C96&ssl=1","contentUrl":"https:\/\/i0.wp.com\/gersonguelmann.com.br\/blog\/wp-content\/uploads\/2021\/08\/BLOG.jpeg?fit=96%2C96&ssl=1","caption":"Gerson Guelmann"},"description":"Pitadas da sabedoria e do humor judaicos, assuntos do momento e um pouco das hist\u00f3rias que vivi e testemunhei."}]}},"views":58,"jetpack_publicize_connections":[],"jetpack_featured_media_url":"https:\/\/i0.wp.com\/gersonguelmann.com.br\/blog\/wp-content\/uploads\/2018\/05\/Papa.jpg?fit=680%2C453&ssl=1","jetpack_shortlink":"https:\/\/wp.me\/p96e7O-3pp","jetpack-related-posts":[{"id":11711,"url":"https:\/\/gersonguelmann.com.br\/blog\/o-papa-francisco-sempre-ele\/","url_meta":{"origin":13107,"position":0},"title":"O Papa Francisco, Sempre Ele&#8230;","author":"Gerson Guelmann","date":"16 de abril de 2018","format":false,"excerpt":"Do site Uol Not\u00edcias, em mat\u00e9ria publicada hoje: Papa consola crian\u00e7a que perguntou se seu pai ateu estava no c\u00e9u Da EFE, na Cidade do Vaticano 15\/04 \u00a0 O papa Francisco afirmou neste domingo que Deus n\u00e3o abandona as pessoas boas, ao responder a uma pergunta feita por um menino\u2026","rel":"","context":"Em &quot;Sem categoria&quot;","block_context":{"text":"Sem categoria","link":"https:\/\/gersonguelmann.com.br\/blog\/category\/sem-categoria\/"},"img":{"alt_text":"","src":"https:\/\/i0.wp.com\/gersonguelmann.com.br\/blog\/wp-content\/uploads\/2018\/04\/Papa.jpg?resize=350%2C200&ssl=1","width":350,"height":200},"classes":[]},{"id":7830,"url":"https:\/\/gersonguelmann.com.br\/blog\/jaco-o-homem-mais-famoso-do-mundo\/","url_meta":{"origin":13107,"position":1},"title":"Jac\u00f3, o Homem Mais Famoso do Mundo","author":"Gerson Guelmann","date":"17 de maio de 2023","format":false,"excerpt":"Jac\u00f3 conseguiu um novo emprego, estava indo bem no trabalho, e j\u00e1 na segunda semana, batendo papo com o patr\u00e3o, saiu-se com esta: - \"Chefe, eu conhe\u00e7o todas as pessoas no mundo\". Obviamente o chefe achou aquilo muito estranho e imaginou que o novo funcion\u00e1rio n\u00e3o era muito bom da\u2026","rel":"","context":"Em &quot;Sem categoria&quot;","block_context":{"text":"Sem categoria","link":"https:\/\/gersonguelmann.com.br\/blog\/category\/sem-categoria\/"},"img":{"alt_text":"","src":"https:\/\/i0.wp.com\/gersonguelmann.com.br\/blog\/wp-content\/uploads\/2018\/01\/Papa-1.jpg?resize=350%2C200&ssl=1","width":350,"height":200},"classes":[]},{"id":16598,"url":"https:\/\/gersonguelmann.com.br\/blog\/como-as-criancas-enxergam-as-maes\/","url_meta":{"origin":13107,"position":2},"title":"Como as Crian\u00e7as Enxergam as M\u00e3es","author":"Gerson Guelmann","date":"12 de maio de 2025","format":false,"excerpt":"O Dia das M\u00e3es \u00e9 comemorado em diversas partes do mundo, mas n\u00e3o h\u00e1 uma data \u00fanica e universal para a celebra\u00e7\u00e3o. Al\u00e9m do Brasil, pa\u00edses como Estados Unidos, Alemanha, Austr\u00e1lia, Canad\u00e1, Jap\u00e3o, It\u00e1lia e Uruguai adotam o segundo domingo de maio. J\u00e1 Portugal, Espanha, Hungria e Litu\u00e2nia optam pelo\u2026","rel":"","context":"Em &quot;Sem categoria&quot;","block_context":{"text":"Sem categoria","link":"https:\/\/gersonguelmann.com.br\/blog\/category\/sem-categoria\/"},"img":{"alt_text":"","src":"https:\/\/i0.wp.com\/gersonguelmann.com.br\/blog\/wp-content\/uploads\/2025\/05\/HojePR-10.jpg?fit=600%2C400&ssl=1&resize=350%2C200","width":350,"height":200,"srcset":"https:\/\/i0.wp.com\/gersonguelmann.com.br\/blog\/wp-content\/uploads\/2025\/05\/HojePR-10.jpg?fit=600%2C400&ssl=1&resize=350%2C200 1x, https:\/\/i0.wp.com\/gersonguelmann.com.br\/blog\/wp-content\/uploads\/2025\/05\/HojePR-10.jpg?fit=600%2C400&ssl=1&resize=525%2C300 1.5x"},"classes":[]},{"id":8709,"url":"https:\/\/gersonguelmann.com.br\/blog\/viagem-para-italia-ou-inveja-e-uma-m\/","url_meta":{"origin":13107,"position":3},"title":"Viagem Para a It\u00e1lia (ou &#8220;A Inveja \u00e9 Uma M&#8230;.&#8221;)","author":"Gerson Guelmann","date":"17 de fevereiro de 2018","format":false,"excerpt":"(Texto atribu\u00eddo a M\u00e1rio Lago Filho, mas n\u00e3o consegui comprovar) \"A INVEJA \u00c9 UMA MERDA! Sueli foi cortar o cabelo no sal\u00e3o que frequentava h\u00e1 mais de vinte anos. - Menina, t\u00f4 ansiosa... Vou pra It\u00e1lia amanh\u00e3! - It\u00e1lia? - perguntou a cabeleireira.\u00a0 Com tanto lugar bom pra ir, tu\u2026","rel":"","context":"Em &quot;Sem categoria&quot;","block_context":{"text":"Sem categoria","link":"https:\/\/gersonguelmann.com.br\/blog\/category\/sem-categoria\/"},"img":{"alt_text":"","src":"https:\/\/i0.wp.com\/gersonguelmann.com.br\/blog\/wp-content\/uploads\/2018\/02\/It%C3%A1lia.jpg?fit=1189%2C669&ssl=1&resize=350%2C200","width":350,"height":200,"srcset":"https:\/\/i0.wp.com\/gersonguelmann.com.br\/blog\/wp-content\/uploads\/2018\/02\/It%C3%A1lia.jpg?fit=1189%2C669&ssl=1&resize=350%2C200 1x, https:\/\/i0.wp.com\/gersonguelmann.com.br\/blog\/wp-content\/uploads\/2018\/02\/It%C3%A1lia.jpg?fit=1189%2C669&ssl=1&resize=525%2C300 1.5x, https:\/\/i0.wp.com\/gersonguelmann.com.br\/blog\/wp-content\/uploads\/2018\/02\/It%C3%A1lia.jpg?fit=1189%2C669&ssl=1&resize=700%2C400 2x, https:\/\/i0.wp.com\/gersonguelmann.com.br\/blog\/wp-content\/uploads\/2018\/02\/It%C3%A1lia.jpg?fit=1189%2C669&ssl=1&resize=1050%2C600 3x"},"classes":[]},{"id":1429,"url":"https:\/\/gersonguelmann.com.br\/blog\/historia-dos-ipes\/","url_meta":{"origin":13107,"position":4},"title":"A Hist\u00f3ria dos Ip\u00eas","author":"Gerson Guelmann","date":"5 de setembro de 2017","format":false,"excerpt":"Aproveitando a maravilhosa fotografia do Dico Kremer, um dos magos da fotografia em Curitiba, compartilho texto que acabou de me chegar, chamado A Hist\u00f3ria dos Ip\u00eas. H\u00e1 mais de um registro na internet, e dou o cr\u00e9dito ao Blog \"Enxada Neles\", que al\u00e9m do texto traz outras belas fotografias da\u2026","rel":"","context":"Em &quot;Sem categoria&quot;","block_context":{"text":"Sem categoria","link":"https:\/\/gersonguelmann.com.br\/blog\/category\/sem-categoria\/"},"img":{"alt_text":"","src":"https:\/\/i0.wp.com\/gersonguelmann.com.br\/blog\/wp-content\/uploads\/2017\/09\/Ip%C3%AA.gif?fit=1063%2C709&ssl=1&resize=350%2C200","width":350,"height":200,"srcset":"https:\/\/i0.wp.com\/gersonguelmann.com.br\/blog\/wp-content\/uploads\/2017\/09\/Ip%C3%AA.gif?fit=1063%2C709&ssl=1&resize=350%2C200 1x, https:\/\/i0.wp.com\/gersonguelmann.com.br\/blog\/wp-content\/uploads\/2017\/09\/Ip%C3%AA.gif?fit=1063%2C709&ssl=1&resize=525%2C300 1.5x, https:\/\/i0.wp.com\/gersonguelmann.com.br\/blog\/wp-content\/uploads\/2017\/09\/Ip%C3%AA.gif?fit=1063%2C709&ssl=1&resize=700%2C400 2x, https:\/\/i0.wp.com\/gersonguelmann.com.br\/blog\/wp-content\/uploads\/2017\/09\/Ip%C3%AA.gif?fit=1063%2C709&ssl=1&resize=1050%2C600 3x"},"classes":[]},{"id":18034,"url":"https:\/\/gersonguelmann.com.br\/blog\/quando-o-ex-marido-escreve-para-a-ex-esposa\/","url_meta":{"origin":13107,"position":5},"title":"Quando o Ex-Marido Escreve Para a Ex-Esposa","author":"Gerson Guelmann","date":"8 de dezembro de 2025","format":false,"excerpt":"Tudo come\u00e7ou quando o marido passou para a condi\u00e7\u00e3o de EX e resolveu comunicar \u00e0 mulher que ela estava tornando-se EX. O texto original fala em carta, mas, convenhamos, \u00e9 mais f\u00e1cil acreditar que tenha sido por WhatsApp: CARTA DO EX PARA A EX ... Querida, escrevo para dizer que\u2026","rel":"","context":"Em &quot;Sem categoria&quot;","block_context":{"text":"Sem categoria","link":"https:\/\/gersonguelmann.com.br\/blog\/category\/sem-categoria\/"},"img":{"alt_text":"","src":"https:\/\/i0.wp.com\/gersonguelmann.com.br\/blog\/wp-content\/uploads\/2019\/08\/man-woman-whatsapp.png?fit=960%2C640&ssl=1&resize=350%2C200","width":350,"height":200,"srcset":"https:\/\/i0.wp.com\/gersonguelmann.com.br\/blog\/wp-content\/uploads\/2019\/08\/man-woman-whatsapp.png?fit=960%2C640&ssl=1&resize=350%2C200 1x, https:\/\/i0.wp.com\/gersonguelmann.com.br\/blog\/wp-content\/uploads\/2019\/08\/man-woman-whatsapp.png?fit=960%2C640&ssl=1&resize=525%2C300 1.5x, https:\/\/i0.wp.com\/gersonguelmann.com.br\/blog\/wp-content\/uploads\/2019\/08\/man-woman-whatsapp.png?fit=960%2C640&ssl=1&resize=700%2C400 2x"},"classes":[]}],"jetpack_sharing_enabled":true,"post_mailing_queue_ids":[],"_links":{"self":[{"href":"https:\/\/gersonguelmann.com.br\/blog\/wp-json\/wp\/v2\/posts\/13107","targetHints":{"allow":["GET"]}}],"collection":[{"href":"https:\/\/gersonguelmann.com.br\/blog\/wp-json\/wp\/v2\/posts"}],"about":[{"href":"https:\/\/gersonguelmann.com.br\/blog\/wp-json\/wp\/v2\/types\/post"}],"author":[{"embeddable":true,"href":"https:\/\/gersonguelmann.com.br\/blog\/wp-json\/wp\/v2\/users\/5"}],"replies":[{"embeddable":true,"href":"https:\/\/gersonguelmann.com.br\/blog\/wp-json\/wp\/v2\/comments?post=13107"}],"version-history":[{"count":0,"href":"https:\/\/gersonguelmann.com.br\/blog\/wp-json\/wp\/v2\/posts\/13107\/revisions"}],"wp:featuredmedia":[{"embeddable":true,"href":"https:\/\/gersonguelmann.com.br\/blog\/wp-json\/wp\/v2\/media\/13108"}],"wp:attachment":[{"href":"https:\/\/gersonguelmann.com.br\/blog\/wp-json\/wp\/v2\/media?parent=13107"}],"wp:term":[{"taxonomy":"category","embeddable":true,"href":"https:\/\/gersonguelmann.com.br\/blog\/wp-json\/wp\/v2\/categories?post=13107"},{"taxonomy":"post_tag","embeddable":true,"href":"https:\/\/gersonguelmann.com.br\/blog\/wp-json\/wp\/v2\/tags?post=13107"}],"curies":[{"name":"wp","href":"https:\/\/api.w.org\/{rel}","templated":true}]}}