    {"id":13110,"date":"2018-05-21T19:24:15","date_gmt":"2018-05-21T22:24:15","guid":{"rendered":"https:\/\/gersonguelmann.com.br\/blog\/?p=13110"},"modified":"2018-05-21T19:27:24","modified_gmt":"2018-05-21T22:27:24","slug":"esse-e-o-brasil-que-queremos-de-jeito-nenhum","status":"publish","type":"post","link":"https:\/\/gersonguelmann.com.br\/blog\/esse-e-o-brasil-que-queremos-de-jeito-nenhum\/","title":{"rendered":"Esse \u00e9 o Brasil Que Queremos? De Jeito Nenhum&#8230;"},"content":{"rendered":"<p><span style=\"font-family: georgia, palatino, serif; font-size: 18pt; color: #000000;\">Na cidade de Brejo Santo (CE), alunos do curso profissionalizante de Edifica\u00e7\u00f5es de uma escola p\u00fablica fizeram uma rifa para angariar recursos para ajudar o professor, que estava sem receber.<\/span><\/p>\n<p><span style=\"font-family: georgia, palatino, serif; font-size: 18pt; color: #000000;\">Leia mat\u00e9ria publicada hoje na Isto\u00c9 e depois assista o v\u00eddeo:<\/span><\/p>\n<p class=\"tags-materia\"><span style=\"color: #ff0000;\"><strong>CULTURA<\/strong><\/span><\/p>\n<p><span style=\"font-size: 24pt; color: #000000;\"><strong>Sem receber, professor se emociona ao ganhar R$ 400 de alunos<\/strong><\/span><\/p>\n<p style=\"text-align: center;\"><img data-recalc-dims=\"1\" fetchpriority=\"high\" decoding=\"async\" data-attachment-id=\"13111\" data-permalink=\"https:\/\/gersonguelmann.com.br\/blog\/esse-e-o-brasil-que-queremos-de-jeito-nenhum\/professor\/\" data-orig-file=\"https:\/\/i0.wp.com\/gersonguelmann.com.br\/blog\/wp-content\/uploads\/2018\/05\/professor.png?fit=595%2C335&amp;ssl=1\" data-orig-size=\"595,335\" data-comments-opened=\"1\" data-image-meta=\"{&quot;aperture&quot;:&quot;0&quot;,&quot;credit&quot;:&quot;&quot;,&quot;camera&quot;:&quot;&quot;,&quot;caption&quot;:&quot;&quot;,&quot;created_timestamp&quot;:&quot;0&quot;,&quot;copyright&quot;:&quot;&quot;,&quot;focal_length&quot;:&quot;0&quot;,&quot;iso&quot;:&quot;0&quot;,&quot;shutter_speed&quot;:&quot;0&quot;,&quot;title&quot;:&quot;&quot;,&quot;orientation&quot;:&quot;0&quot;}\" data-image-title=\"professor\" data-image-description=\"\" data-image-caption=\"\" data-medium-file=\"https:\/\/i0.wp.com\/gersonguelmann.com.br\/blog\/wp-content\/uploads\/2018\/05\/professor.png?fit=300%2C169&amp;ssl=1\" data-large-file=\"https:\/\/i0.wp.com\/gersonguelmann.com.br\/blog\/wp-content\/uploads\/2018\/05\/professor.png?fit=595%2C335&amp;ssl=1\" class=\"size-medium wp-image-13111 aligncenter\" src=\"https:\/\/i0.wp.com\/gersonguelmann.com.br\/blog\/wp-content\/uploads\/2018\/05\/professor.png?resize=300%2C169&#038;ssl=1\" alt=\"\" width=\"300\" height=\"169\" srcset=\"https:\/\/i0.wp.com\/gersonguelmann.com.br\/blog\/wp-content\/uploads\/2018\/05\/professor.png?resize=300%2C169&amp;ssl=1 300w, https:\/\/i0.wp.com\/gersonguelmann.com.br\/blog\/wp-content\/uploads\/2018\/05\/professor.png?w=595&amp;ssl=1 595w\" sizes=\"(max-width: 300px) 100vw, 300px\" \/><span style=\"color: #808080; font-size: 10pt;\"><em><strong>Isso n\u00e3o \u00e9 justo&#8221;, disse o professor emocionado com a surpresa (Cr\u00e9dito: Reprodu\u00e7\u00e3o\/Facebook)<\/strong><\/em><\/span><\/p>\n<p class=\"author\"><strong>Estad\u00e3o Conte\u00fado<\/strong><\/p>\n<p><span style=\"font-size: 14pt;\"><time datetime=\"2018-05-21 18:14\">21\/05\/18 &#8211; 18h14 &#8211; Atualizado em 21\/05\/18 &#8211; 18h46<\/time><\/span><\/p>\n<p><span style=\"font-size: 14pt;\">Um v\u00eddeo postado por um professor da rede p\u00fablica do Cear\u00e1, Bruno Rafael Paiva, viralizou nas redes sociais e emocionou internautas por um gesto de solidariedade. Sabendo de suas dificuldades financeiras, dezenas de alunos fizeram uma rifa para arrecadar dinheiro ao educador.<\/span><\/p>\n<p><span style=\"font-size: 14pt;\">\u201cEsse m\u00eas, quando vi que n\u00e3o ia receber depois de um m\u00eas e meio de trabalho, vi tudo ficar preto. Afundei na depress\u00e3o preocupado e perdido, sem saber como ia pagar as contas e ajudar minha fam\u00edlia, que est\u00e1 de mudan\u00e7a. Esses alunos ficaram sabendo da minha situa\u00e7\u00e3o financeira, minha dificuldade para continuar na escola e, sem me contar nada, fizeram uma rifa\u201d, escreveu Bruno em seu Facebook.<\/span><\/p>\n<p><span style=\"font-size: 14pt;\">Os estudantes promoveram a rifa de uma cesta de chocolates, vendendo todas as cotas em menos de cinco dias. Na hora de entregar o valor arrecadado, cerca de R$ 400,00, os jovens escreveram um bilhete na porta: \u201cEntre e leia as mensagens\u201d, 23, ao todo, espalhadas em bilhetes pelas carteiras da sala.<\/span><\/p>\n<p><span style=\"font-size: 14pt;\">\u201c\u00c0s vezes agimos por impulso. Por\u00e9m n\u00e3o sabemos fazer apenas bagun\u00e7as: somos e fazemos mais que isso. Resolvemos nos unir. Ser solid\u00e1rio \u00e9 sempre bom. Uma sala numerosa \u00e0s vezes machuca, mas \u00e0s vezes emociona. Preparamos isso para voc\u00ea. Para voc\u00ea que sabe ser amigo. Para voc\u00ea que sabe ser divertido. Para voc\u00ea que \u00e9 t\u00e3o carism\u00e1tico \u2013 \u00e0s vezes chato, com tantas reclama\u00e7\u00f5es. Mas sabemos que \u00e9 sempre para nosso bem, para no futuro sermos melhores. Por isso, gostamos tanto de voc\u00ea, e esse \u00e9 o nosso presente. Esperamos que voc\u00ea goste, pois foi de cora\u00e7\u00e3o. Obrigado por tudo\u201d, dizia a mensagem escrita pelos estudantes.<\/span><\/p>\n<p><span style=\"font-size: 14pt;\">Ao abrir a caixa contendo o \u2018presente\u2019, Bruno ficou paralisado: \u201c\u00c9 s\u00e9rio que voc\u00eas fizeram isso?\u201d Os alunos promoveram uma salva de palmas ao educador, visivelmente emocionado. \u201cVoc\u00eas n\u00e3o podiam ter feito isso. N\u00e3o \u00e9 justo, isso \u00e9 covardia\u201d, disse, antes de receber um abra\u00e7o coletivo por parte dos adolescentes.<ins class=\"adsbygoogle\" data-ad-client=\"ca-pub-4663753467999594\" data-ad-slot=\"2150814330\" data-ad-format=\"auto\" data-adsbygoogle-status=\"done\"><ins id=\"aswift_0_expand\"><ins id=\"aswift_0_anchor\"><\/ins><\/ins><\/ins><\/span><\/p>\n<p><span style=\"font-size: 14pt;\">\u201cQuando eu recebi esse dinheiro, que acabou o dia e cheguei no meu quarto, fui contar direito quanto era, s\u00f3 pensei em uma coisa: esse \u00e9 o dinheiro mais valioso que j\u00e1 recebi em minha vida\u201d, afirmou o professor em entrevista ao Encontro com F\u00e1tima Bernardes desta segunda-feira, 21.<\/span><\/p>\n<p><span style=\"font-size: 14pt;\">Bruno, que \u00e9 formado em m\u00fasica e d\u00e1 aulas de artes, foi contratado para substituir uma professora por um m\u00eas, e acabou ficando mais tempo. Por motivos burocr\u00e1ticos, ainda n\u00e3o p\u00f4de receber o dinheiro. A quantia referente ao m\u00eas de mar\u00e7o, por exemplo, deve ser paga somente a partir de junho.<\/span><\/p>\n<p><span style=\"font-size: 14pt;\">\u201cPela lei, n\u00e3o existe atraso. Sou consciente, sabia que ia ter essa demora. Infelizmente isso acontece com todo professor tempor\u00e1rio, seja licen\u00e7a ou n\u00e3o. A quest\u00e3o \u00e9: eu n\u00e3o me considero mais digno nem menos digno que ningu\u00e9m. A quest\u00e3o \u00e9: porque eu sou professor, \u00e9 justo, aceit\u00e1vel, que eu precise passar dois meses pra receber o primeiro sal\u00e1rio? Eu tenho contas!\u201d, esclareceu.<\/span><\/p>\n<p><span style=\"font-family: georgia, palatino, serif; font-size: 18pt; color: #000000;\">Se quiser ler a mat\u00e9ria no site da revista, <span style=\"color: #0000ff;\"><a style=\"color: #0000ff;\" href=\"https:\/\/istoe.com.br\/sem-receber-professor-se-emociona-ao-ganhar-r-400-de-alunos\/\"><em><strong>clique aqui<\/strong><\/em><\/a>.<\/span><\/span><\/p>\n<p><span class=\"embed-youtube\" style=\"text-align:center; display: block;\"><iframe class=\"youtube-player\" width=\"640\" height=\"360\" src=\"https:\/\/www.youtube.com\/embed\/csRXnA2o-0o?version=3&#038;rel=1&#038;showsearch=0&#038;showinfo=1&#038;iv_load_policy=1&#038;fs=1&#038;hl=pt-BR&#038;autohide=2&#038;wmode=transparent\" allowfullscreen=\"true\" style=\"border:0;\" sandbox=\"allow-scripts allow-same-origin allow-popups allow-presentation allow-popups-to-escape-sandbox\"><\/iframe><\/span><\/p>\n<p>&nbsp;<\/p>\n<p>&nbsp;<\/p>\n<p style=\"text-align: center;\">\n","protected":false},"excerpt":{"rendered":"<p>Na cidade de Brejo Santo (CE), alunos do curso profissionalizante de Edifica\u00e7\u00f5es de uma escola p\u00fablica fizeram uma rifa para angariar recursos para ajudar o professor, que estava sem receber. Leia mat\u00e9ria publicada hoje na Isto\u00c9 e depois assista o v\u00eddeo: CULTURA Sem receber, professor se emociona ao ganhar R$ 400 de alunos Isso n\u00e3o [&hellip;]<\/p>\n","protected":false},"author":5,"featured_media":13111,"comment_status":"open","ping_status":"open","sticky":false,"template":"","format":"standard","meta":{"_acf_changed":false,"jetpack_post_was_ever_published":false,"_jetpack_newsletter_access":"","_jetpack_dont_email_post_to_subs":false,"_jetpack_newsletter_tier_id":0,"_jetpack_memberships_contains_paywalled_content":false,"_jetpack_memberships_contains_paid_content":false,"footnotes":"","jetpack_publicize_message":"","jetpack_publicize_feature_enabled":true,"jetpack_social_post_already_shared":true,"jetpack_social_options":{"image_generator_settings":{"template":"highway","default_image_id":0,"font":"","enabled":false},"version":2}},"categories":[1],"tags":[],"class_list":["post-13110","post","type-post","status-publish","format-standard","has-post-thumbnail","hentry","category-sem-categoria"],"acf":[],"yoast_head":"<!-- This site is optimized with the Yoast SEO plugin v27.3 - https:\/\/yoast.com\/product\/yoast-seo-wordpress\/ -->\n<title>Esse \u00e9 o Brasil Que Queremos? De Jeito Nenhum... | Blog do Guelmann<\/title>\n<meta name=\"robots\" content=\"index, follow, max-snippet:-1, max-image-preview:large, max-video-preview:-1\" \/>\n<link rel=\"canonical\" href=\"https:\/\/gersonguelmann.com.br\/blog\/esse-e-o-brasil-que-queremos-de-jeito-nenhum\/\" \/>\n<meta property=\"og:locale\" content=\"pt_BR\" \/>\n<meta property=\"og:type\" content=\"article\" \/>\n<meta property=\"og:title\" content=\"Esse \u00e9 o Brasil Que Queremos? De Jeito Nenhum... | Blog do Guelmann\" \/>\n<meta property=\"og:description\" content=\"Na cidade de Brejo Santo (CE), alunos do curso profissionalizante de Edifica\u00e7\u00f5es de uma escola p\u00fablica fizeram uma rifa para angariar recursos para ajudar o professor, que estava sem receber. Leia mat\u00e9ria publicada hoje na Isto\u00c9 e depois assista o v\u00eddeo: CULTURA Sem receber, professor se emociona ao ganhar R$ 400 de alunos Isso n\u00e3o [&hellip;]\" \/>\n<meta property=\"og:url\" content=\"https:\/\/gersonguelmann.com.br\/blog\/esse-e-o-brasil-que-queremos-de-jeito-nenhum\/\" \/>\n<meta property=\"og:site_name\" content=\"Blog do Guelmann\" \/>\n<meta property=\"article:published_time\" content=\"2018-05-21T22:24:15+00:00\" \/>\n<meta property=\"article:modified_time\" content=\"2018-05-21T22:27:24+00:00\" \/>\n<meta property=\"og:image\" content=\"https:\/\/i0.wp.com\/gersonguelmann.com.br\/blog\/wp-content\/uploads\/2018\/05\/professor.png?fit=595%2C335&ssl=1\" \/>\n\t<meta property=\"og:image:width\" content=\"595\" \/>\n\t<meta property=\"og:image:height\" content=\"335\" \/>\n\t<meta property=\"og:image:type\" content=\"image\/png\" \/>\n<meta name=\"author\" content=\"Gerson Guelmann\" \/>\n<meta name=\"twitter:card\" content=\"summary_large_image\" \/>\n<meta name=\"twitter:label1\" content=\"Escrito por\" \/>\n\t<meta name=\"twitter:data1\" content=\"Gerson Guelmann\" \/>\n\t<meta name=\"twitter:label2\" content=\"Est. tempo de leitura\" \/>\n\t<meta name=\"twitter:data2\" content=\"3 minutos\" \/>\n<script type=\"application\/ld+json\" class=\"yoast-schema-graph\">{\"@context\":\"https:\\\/\\\/schema.org\",\"@graph\":[{\"@type\":\"Article\",\"@id\":\"https:\\\/\\\/gersonguelmann.com.br\\\/blog\\\/esse-e-o-brasil-que-queremos-de-jeito-nenhum\\\/#article\",\"isPartOf\":{\"@id\":\"https:\\\/\\\/gersonguelmann.com.br\\\/blog\\\/esse-e-o-brasil-que-queremos-de-jeito-nenhum\\\/\"},\"author\":{\"name\":\"Gerson Guelmann\",\"@id\":\"https:\\\/\\\/gersonguelmann.com.br\\\/blog\\\/#\\\/schema\\\/person\\\/87e70e2a786888082f941a482c90569e\"},\"headline\":\"Esse \u00e9 o Brasil Que Queremos? De Jeito Nenhum&#8230;\",\"datePublished\":\"2018-05-21T22:24:15+00:00\",\"dateModified\":\"2018-05-21T22:27:24+00:00\",\"mainEntityOfPage\":{\"@id\":\"https:\\\/\\\/gersonguelmann.com.br\\\/blog\\\/esse-e-o-brasil-que-queremos-de-jeito-nenhum\\\/\"},\"wordCount\":620,\"commentCount\":1,\"image\":{\"@id\":\"https:\\\/\\\/gersonguelmann.com.br\\\/blog\\\/esse-e-o-brasil-que-queremos-de-jeito-nenhum\\\/#primaryimage\"},\"thumbnailUrl\":\"https:\\\/\\\/i0.wp.com\\\/gersonguelmann.com.br\\\/blog\\\/wp-content\\\/uploads\\\/2018\\\/05\\\/professor.png?fit=595%2C335&ssl=1\",\"inLanguage\":\"pt-BR\",\"potentialAction\":[{\"@type\":\"CommentAction\",\"name\":\"Comment\",\"target\":[\"https:\\\/\\\/gersonguelmann.com.br\\\/blog\\\/esse-e-o-brasil-que-queremos-de-jeito-nenhum\\\/#respond\"]}]},{\"@type\":\"WebPage\",\"@id\":\"https:\\\/\\\/gersonguelmann.com.br\\\/blog\\\/esse-e-o-brasil-que-queremos-de-jeito-nenhum\\\/\",\"url\":\"https:\\\/\\\/gersonguelmann.com.br\\\/blog\\\/esse-e-o-brasil-que-queremos-de-jeito-nenhum\\\/\",\"name\":\"Esse \u00e9 o Brasil Que Queremos? De Jeito Nenhum... | Blog do Guelmann\",\"isPartOf\":{\"@id\":\"https:\\\/\\\/gersonguelmann.com.br\\\/blog\\\/#website\"},\"primaryImageOfPage\":{\"@id\":\"https:\\\/\\\/gersonguelmann.com.br\\\/blog\\\/esse-e-o-brasil-que-queremos-de-jeito-nenhum\\\/#primaryimage\"},\"image\":{\"@id\":\"https:\\\/\\\/gersonguelmann.com.br\\\/blog\\\/esse-e-o-brasil-que-queremos-de-jeito-nenhum\\\/#primaryimage\"},\"thumbnailUrl\":\"https:\\\/\\\/i0.wp.com\\\/gersonguelmann.com.br\\\/blog\\\/wp-content\\\/uploads\\\/2018\\\/05\\\/professor.png?fit=595%2C335&ssl=1\",\"datePublished\":\"2018-05-21T22:24:15+00:00\",\"dateModified\":\"2018-05-21T22:27:24+00:00\",\"author\":{\"@id\":\"https:\\\/\\\/gersonguelmann.com.br\\\/blog\\\/#\\\/schema\\\/person\\\/87e70e2a786888082f941a482c90569e\"},\"inLanguage\":\"pt-BR\",\"potentialAction\":[{\"@type\":\"ReadAction\",\"target\":[\"https:\\\/\\\/gersonguelmann.com.br\\\/blog\\\/esse-e-o-brasil-que-queremos-de-jeito-nenhum\\\/\"]}]},{\"@type\":\"ImageObject\",\"inLanguage\":\"pt-BR\",\"@id\":\"https:\\\/\\\/gersonguelmann.com.br\\\/blog\\\/esse-e-o-brasil-que-queremos-de-jeito-nenhum\\\/#primaryimage\",\"url\":\"https:\\\/\\\/i0.wp.com\\\/gersonguelmann.com.br\\\/blog\\\/wp-content\\\/uploads\\\/2018\\\/05\\\/professor.png?fit=595%2C335&ssl=1\",\"contentUrl\":\"https:\\\/\\\/i0.wp.com\\\/gersonguelmann.com.br\\\/blog\\\/wp-content\\\/uploads\\\/2018\\\/05\\\/professor.png?fit=595%2C335&ssl=1\",\"width\":595,\"height\":335},{\"@type\":\"WebSite\",\"@id\":\"https:\\\/\\\/gersonguelmann.com.br\\\/blog\\\/#website\",\"url\":\"https:\\\/\\\/gersonguelmann.com.br\\\/blog\\\/\",\"name\":\"Blog do Guelmann\",\"description\":\"Pitadas da sabedoria e do humor judaicos, assuntos do momento e um pouco das hist\u00f3rias que vivi e testemunhei.\",\"potentialAction\":[{\"@type\":\"SearchAction\",\"target\":{\"@type\":\"EntryPoint\",\"urlTemplate\":\"https:\\\/\\\/gersonguelmann.com.br\\\/blog\\\/?s={search_term_string}\"},\"query-input\":{\"@type\":\"PropertyValueSpecification\",\"valueRequired\":true,\"valueName\":\"search_term_string\"}}],\"inLanguage\":\"pt-BR\"},{\"@type\":\"Person\",\"@id\":\"https:\\\/\\\/gersonguelmann.com.br\\\/blog\\\/#\\\/schema\\\/person\\\/87e70e2a786888082f941a482c90569e\",\"name\":\"Gerson Guelmann\",\"image\":{\"@type\":\"ImageObject\",\"inLanguage\":\"pt-BR\",\"@id\":\"https:\\\/\\\/i0.wp.com\\\/gersonguelmann.com.br\\\/blog\\\/wp-content\\\/uploads\\\/2021\\\/08\\\/BLOG.jpeg?fit=96%2C96&ssl=1\",\"url\":\"https:\\\/\\\/i0.wp.com\\\/gersonguelmann.com.br\\\/blog\\\/wp-content\\\/uploads\\\/2021\\\/08\\\/BLOG.jpeg?fit=96%2C96&ssl=1\",\"contentUrl\":\"https:\\\/\\\/i0.wp.com\\\/gersonguelmann.com.br\\\/blog\\\/wp-content\\\/uploads\\\/2021\\\/08\\\/BLOG.jpeg?fit=96%2C96&ssl=1\",\"caption\":\"Gerson Guelmann\"},\"description\":\"Pitadas da sabedoria e do humor judaicos, assuntos do momento e um pouco das hist\u00f3rias que vivi e testemunhei.\"}]}<\/script>\n<!-- \/ Yoast SEO plugin. -->","yoast_head_json":{"title":"Esse \u00e9 o Brasil Que Queremos? De Jeito Nenhum... | Blog do Guelmann","robots":{"index":"index","follow":"follow","max-snippet":"max-snippet:-1","max-image-preview":"max-image-preview:large","max-video-preview":"max-video-preview:-1"},"canonical":"https:\/\/gersonguelmann.com.br\/blog\/esse-e-o-brasil-que-queremos-de-jeito-nenhum\/","og_locale":"pt_BR","og_type":"article","og_title":"Esse \u00e9 o Brasil Que Queremos? De Jeito Nenhum... | Blog do Guelmann","og_description":"Na cidade de Brejo Santo (CE), alunos do curso profissionalizante de Edifica\u00e7\u00f5es de uma escola p\u00fablica fizeram uma rifa para angariar recursos para ajudar o professor, que estava sem receber. Leia mat\u00e9ria publicada hoje na Isto\u00c9 e depois assista o v\u00eddeo: CULTURA Sem receber, professor se emociona ao ganhar R$ 400 de alunos Isso n\u00e3o [&hellip;]","og_url":"https:\/\/gersonguelmann.com.br\/blog\/esse-e-o-brasil-que-queremos-de-jeito-nenhum\/","og_site_name":"Blog do Guelmann","article_published_time":"2018-05-21T22:24:15+00:00","article_modified_time":"2018-05-21T22:27:24+00:00","og_image":[{"width":595,"height":335,"url":"https:\/\/i0.wp.com\/gersonguelmann.com.br\/blog\/wp-content\/uploads\/2018\/05\/professor.png?fit=595%2C335&ssl=1","type":"image\/png"}],"author":"Gerson Guelmann","twitter_card":"summary_large_image","twitter_misc":{"Escrito por":"Gerson Guelmann","Est. tempo de leitura":"3 minutos"},"schema":{"@context":"https:\/\/schema.org","@graph":[{"@type":"Article","@id":"https:\/\/gersonguelmann.com.br\/blog\/esse-e-o-brasil-que-queremos-de-jeito-nenhum\/#article","isPartOf":{"@id":"https:\/\/gersonguelmann.com.br\/blog\/esse-e-o-brasil-que-queremos-de-jeito-nenhum\/"},"author":{"name":"Gerson Guelmann","@id":"https:\/\/gersonguelmann.com.br\/blog\/#\/schema\/person\/87e70e2a786888082f941a482c90569e"},"headline":"Esse \u00e9 o Brasil Que Queremos? De Jeito Nenhum&#8230;","datePublished":"2018-05-21T22:24:15+00:00","dateModified":"2018-05-21T22:27:24+00:00","mainEntityOfPage":{"@id":"https:\/\/gersonguelmann.com.br\/blog\/esse-e-o-brasil-que-queremos-de-jeito-nenhum\/"},"wordCount":620,"commentCount":1,"image":{"@id":"https:\/\/gersonguelmann.com.br\/blog\/esse-e-o-brasil-que-queremos-de-jeito-nenhum\/#primaryimage"},"thumbnailUrl":"https:\/\/i0.wp.com\/gersonguelmann.com.br\/blog\/wp-content\/uploads\/2018\/05\/professor.png?fit=595%2C335&ssl=1","inLanguage":"pt-BR","potentialAction":[{"@type":"CommentAction","name":"Comment","target":["https:\/\/gersonguelmann.com.br\/blog\/esse-e-o-brasil-que-queremos-de-jeito-nenhum\/#respond"]}]},{"@type":"WebPage","@id":"https:\/\/gersonguelmann.com.br\/blog\/esse-e-o-brasil-que-queremos-de-jeito-nenhum\/","url":"https:\/\/gersonguelmann.com.br\/blog\/esse-e-o-brasil-que-queremos-de-jeito-nenhum\/","name":"Esse \u00e9 o Brasil Que Queremos? De Jeito Nenhum... | Blog do Guelmann","isPartOf":{"@id":"https:\/\/gersonguelmann.com.br\/blog\/#website"},"primaryImageOfPage":{"@id":"https:\/\/gersonguelmann.com.br\/blog\/esse-e-o-brasil-que-queremos-de-jeito-nenhum\/#primaryimage"},"image":{"@id":"https:\/\/gersonguelmann.com.br\/blog\/esse-e-o-brasil-que-queremos-de-jeito-nenhum\/#primaryimage"},"thumbnailUrl":"https:\/\/i0.wp.com\/gersonguelmann.com.br\/blog\/wp-content\/uploads\/2018\/05\/professor.png?fit=595%2C335&ssl=1","datePublished":"2018-05-21T22:24:15+00:00","dateModified":"2018-05-21T22:27:24+00:00","author":{"@id":"https:\/\/gersonguelmann.com.br\/blog\/#\/schema\/person\/87e70e2a786888082f941a482c90569e"},"inLanguage":"pt-BR","potentialAction":[{"@type":"ReadAction","target":["https:\/\/gersonguelmann.com.br\/blog\/esse-e-o-brasil-que-queremos-de-jeito-nenhum\/"]}]},{"@type":"ImageObject","inLanguage":"pt-BR","@id":"https:\/\/gersonguelmann.com.br\/blog\/esse-e-o-brasil-que-queremos-de-jeito-nenhum\/#primaryimage","url":"https:\/\/i0.wp.com\/gersonguelmann.com.br\/blog\/wp-content\/uploads\/2018\/05\/professor.png?fit=595%2C335&ssl=1","contentUrl":"https:\/\/i0.wp.com\/gersonguelmann.com.br\/blog\/wp-content\/uploads\/2018\/05\/professor.png?fit=595%2C335&ssl=1","width":595,"height":335},{"@type":"WebSite","@id":"https:\/\/gersonguelmann.com.br\/blog\/#website","url":"https:\/\/gersonguelmann.com.br\/blog\/","name":"Blog do Guelmann","description":"Pitadas da sabedoria e do humor judaicos, assuntos do momento e um pouco das hist\u00f3rias que vivi e testemunhei.","potentialAction":[{"@type":"SearchAction","target":{"@type":"EntryPoint","urlTemplate":"https:\/\/gersonguelmann.com.br\/blog\/?s={search_term_string}"},"query-input":{"@type":"PropertyValueSpecification","valueRequired":true,"valueName":"search_term_string"}}],"inLanguage":"pt-BR"},{"@type":"Person","@id":"https:\/\/gersonguelmann.com.br\/blog\/#\/schema\/person\/87e70e2a786888082f941a482c90569e","name":"Gerson Guelmann","image":{"@type":"ImageObject","inLanguage":"pt-BR","@id":"https:\/\/i0.wp.com\/gersonguelmann.com.br\/blog\/wp-content\/uploads\/2021\/08\/BLOG.jpeg?fit=96%2C96&ssl=1","url":"https:\/\/i0.wp.com\/gersonguelmann.com.br\/blog\/wp-content\/uploads\/2021\/08\/BLOG.jpeg?fit=96%2C96&ssl=1","contentUrl":"https:\/\/i0.wp.com\/gersonguelmann.com.br\/blog\/wp-content\/uploads\/2021\/08\/BLOG.jpeg?fit=96%2C96&ssl=1","caption":"Gerson Guelmann"},"description":"Pitadas da sabedoria e do humor judaicos, assuntos do momento e um pouco das hist\u00f3rias que vivi e testemunhei."}]}},"views":38,"jetpack_publicize_connections":[],"jetpack_featured_media_url":"https:\/\/i0.wp.com\/gersonguelmann.com.br\/blog\/wp-content\/uploads\/2018\/05\/professor.png?fit=595%2C335&ssl=1","jetpack_shortlink":"https:\/\/wp.me\/p96e7O-3ps","jetpack-related-posts":[{"id":7522,"url":"https:\/\/gersonguelmann.com.br\/blog\/nos-dias-de-hoje-bom-saber-para-que-servem-as-leis\/","url_meta":{"origin":13110,"position":0},"title":"Nos Dias de Hoje, \u00e9 Bom Saber: Para Que Servem as Leis?","author":"Gerson Guelmann","date":"3 de abril de 2021","format":false,"excerpt":"O texto abaixo circula h\u00e1 algum tempo e me parece bem oportuno para o momento que estamos vivendo no Brasil. N\u00e3o encontrei men\u00e7\u00e3o \u00e0 autoria, na internet: \u00a0 \"Primeiro dia de aula na Faculdade. O professor de 'Introdu\u00e7\u00e3o ao Direito' entrou na sala e a primeira coisa que fez foi\u2026","rel":"","context":"Em &quot;Sem categoria&quot;","block_context":{"text":"Sem categoria","link":"https:\/\/gersonguelmann.com.br\/blog\/category\/sem-categoria\/"},"img":{"alt_text":"","src":"https:\/\/i0.wp.com\/gersonguelmann.com.br\/blog\/wp-content\/uploads\/2018\/01\/tingey-injury-law-firm-L4YGuSg0fxs-unsplash-scaled.jpg?fit=800%2C1200&ssl=1&resize=350%2C200","width":350,"height":200,"srcset":"https:\/\/i0.wp.com\/gersonguelmann.com.br\/blog\/wp-content\/uploads\/2018\/01\/tingey-injury-law-firm-L4YGuSg0fxs-unsplash-scaled.jpg?fit=800%2C1200&ssl=1&resize=350%2C200 1x, https:\/\/i0.wp.com\/gersonguelmann.com.br\/blog\/wp-content\/uploads\/2018\/01\/tingey-injury-law-firm-L4YGuSg0fxs-unsplash-scaled.jpg?fit=800%2C1200&ssl=1&resize=525%2C300 1.5x, https:\/\/i0.wp.com\/gersonguelmann.com.br\/blog\/wp-content\/uploads\/2018\/01\/tingey-injury-law-firm-L4YGuSg0fxs-unsplash-scaled.jpg?fit=800%2C1200&ssl=1&resize=700%2C400 2x"},"classes":[]},{"id":4367,"url":"https:\/\/gersonguelmann.com.br\/blog\/pilulas-de-humor-judaico-9\/","url_meta":{"origin":13110,"position":1},"title":"P\u00edlulas de Humor Judaico (9)","author":"Gerson Guelmann","date":"10 de fevereiro de 2021","format":false,"excerpt":"N\u00e3o discuta com velhinhas judias Num voo de Nova York para Miami um homem de neg\u00f3cios sentou ao lado de uma idosa judia. Logo ap\u00f3s a decolagem ela disse: - \"Desculpe perguntar, o senhor \u00e9 judeu?\"\u00a0 - \"N\u00e3o, senhora, n\u00e3o sou judeu\" - ele respondeu. Ap\u00f3s alguns minutos ela virou-se\u2026","rel":"","context":"Em &quot;Sem categoria&quot;","block_context":{"text":"Sem categoria","link":"https:\/\/gersonguelmann.com.br\/blog\/category\/sem-categoria\/"},"img":{"alt_text":"","src":"https:\/\/i0.wp.com\/gersonguelmann.com.br\/blog\/wp-content\/uploads\/2017\/11\/Chinesa.jpg?fit=960%2C642&ssl=1&resize=350%2C200","width":350,"height":200,"srcset":"https:\/\/i0.wp.com\/gersonguelmann.com.br\/blog\/wp-content\/uploads\/2017\/11\/Chinesa.jpg?fit=960%2C642&ssl=1&resize=350%2C200 1x, https:\/\/i0.wp.com\/gersonguelmann.com.br\/blog\/wp-content\/uploads\/2017\/11\/Chinesa.jpg?fit=960%2C642&ssl=1&resize=525%2C300 1.5x, https:\/\/i0.wp.com\/gersonguelmann.com.br\/blog\/wp-content\/uploads\/2017\/11\/Chinesa.jpg?fit=960%2C642&ssl=1&resize=700%2C400 2x"},"classes":[]},{"id":18482,"url":"https:\/\/gersonguelmann.com.br\/blog\/quando-a-omissao-e-cumplice-da-opressao\/","url_meta":{"origin":13110,"position":2},"title":"Quando a Omiss\u00e3o \u00e9 C\u00famplice da Opress\u00e3o","author":"Gerson Guelmann","date":"19 de fevereiro de 2024","format":false,"excerpt":"O t\u00edtulo de minha coluna de hoje poderia ser tamb\u00e9m \"Quando a Omiss\u00e3o Vira Aliena\u00e7\u00e3o\". Explico: tempos atr\u00e1s publiquei no meu Blog texto que convidava \u00e0 reflex\u00e3o sobre o fato de que muitas vezes, talvez pelo ritmo fren\u00e9tico da vida, nos defrontamos com situa\u00e7\u00f5es que chocam nossa \u00e9tica e senso\u2026","rel":"","context":"Em &quot;Sem categoria&quot;","block_context":{"text":"Sem categoria","link":"https:\/\/gersonguelmann.com.br\/blog\/category\/sem-categoria\/"},"img":{"alt_text":"","src":"https:\/\/i0.wp.com\/gersonguelmann.com.br\/blog\/wp-content\/uploads\/2024\/02\/HojePR-2-scaled.jpg?fit=1200%2C800&ssl=1&resize=350%2C200","width":350,"height":200,"srcset":"https:\/\/i0.wp.com\/gersonguelmann.com.br\/blog\/wp-content\/uploads\/2024\/02\/HojePR-2-scaled.jpg?fit=1200%2C800&ssl=1&resize=350%2C200 1x, https:\/\/i0.wp.com\/gersonguelmann.com.br\/blog\/wp-content\/uploads\/2024\/02\/HojePR-2-scaled.jpg?fit=1200%2C800&ssl=1&resize=525%2C300 1.5x, https:\/\/i0.wp.com\/gersonguelmann.com.br\/blog\/wp-content\/uploads\/2024\/02\/HojePR-2-scaled.jpg?fit=1200%2C800&ssl=1&resize=700%2C400 2x, https:\/\/i0.wp.com\/gersonguelmann.com.br\/blog\/wp-content\/uploads\/2024\/02\/HojePR-2-scaled.jpg?fit=1200%2C800&ssl=1&resize=1050%2C600 3x"},"classes":[]},{"id":19117,"url":"https:\/\/gersonguelmann.com.br\/blog\/na-india-alunos-fizeram-prova-com-caixa-de-papelao-na-cabeca\/","url_meta":{"origin":13110,"position":3},"title":"Na \u00cdndia, Alunos Fizeram Prova Com Caixa de Papel\u00e3o na Cabe\u00e7a","author":"Gerson Guelmann","date":"5 de novembro de 2019","format":false,"excerpt":"Em tempos de \"bullying\" e dos cuidados com suas consequ\u00eancias, chama a aten\u00e7\u00e3o not\u00edcia publicada no site Yahoo! Not\u00edcias: Escola obriga alunos a fazerem prova com caixa de papel\u00e3o na cabe\u00e7a Reda\u00e7\u00e3o Not\u00edcias Yahoo Not\u00edcias 21 de outubro de 2019 Administrador diz que alunos 'consentiram' com a medida (Foto: Reprodu\u00e7\u00e3o\/Twitter\u2026","rel":"","context":"Em &quot;Sem categoria&quot;","block_context":{"text":"Sem categoria","link":"https:\/\/gersonguelmann.com.br\/blog\/category\/sem-categoria\/"},"img":{"alt_text":"","src":"https:\/\/i0.wp.com\/gersonguelmann.com.br\/blog\/wp-content\/uploads\/2019\/11\/Yahoo.jpg?fit=640%2C360&ssl=1&resize=350%2C200","width":350,"height":200,"srcset":"https:\/\/i0.wp.com\/gersonguelmann.com.br\/blog\/wp-content\/uploads\/2019\/11\/Yahoo.jpg?fit=640%2C360&ssl=1&resize=350%2C200 1x, https:\/\/i0.wp.com\/gersonguelmann.com.br\/blog\/wp-content\/uploads\/2019\/11\/Yahoo.jpg?fit=640%2C360&ssl=1&resize=525%2C300 1.5x"},"classes":[]},{"id":4554,"url":"https:\/\/gersonguelmann.com.br\/blog\/nao-e-melhor-fechar-brasil-crianca-desmaia-de-fome-em-escola\/","url_meta":{"origin":13110,"position":4},"title":"N\u00e3o \u00e9 Melhor Fechar o Brasil? Crian\u00e7a Desmaia de Fome em Escola.","author":"Gerson Guelmann","date":"17 de novembro de 2017","format":false,"excerpt":"Na \u00faltima segunda-feira um menino de oito anos desmaiou de fome em uma escola do Cruzeiro, no Distrito Federal. A escola atende 250 crian\u00e7as\u00a0carentes que moram no Parano\u00e1 Parque e que todos os dias viajam 30 km para estudar. Para chegar na escola as 13h eles saem de casa as\u2026","rel":"","context":"Em &quot;Sem categoria&quot;","block_context":{"text":"Sem categoria","link":"https:\/\/gersonguelmann.com.br\/blog\/category\/sem-categoria\/"},"img":{"alt_text":"","src":"https:\/\/i0.wp.com\/gersonguelmann.com.br\/blog\/wp-content\/uploads\/2017\/11\/Mapa-Brasil.jpg?fit=1200%2C1072&ssl=1&resize=350%2C200","width":350,"height":200,"srcset":"https:\/\/i0.wp.com\/gersonguelmann.com.br\/blog\/wp-content\/uploads\/2017\/11\/Mapa-Brasil.jpg?fit=1200%2C1072&ssl=1&resize=350%2C200 1x, https:\/\/i0.wp.com\/gersonguelmann.com.br\/blog\/wp-content\/uploads\/2017\/11\/Mapa-Brasil.jpg?fit=1200%2C1072&ssl=1&resize=525%2C300 1.5x, https:\/\/i0.wp.com\/gersonguelmann.com.br\/blog\/wp-content\/uploads\/2017\/11\/Mapa-Brasil.jpg?fit=1200%2C1072&ssl=1&resize=700%2C400 2x, https:\/\/i0.wp.com\/gersonguelmann.com.br\/blog\/wp-content\/uploads\/2017\/11\/Mapa-Brasil.jpg?fit=1200%2C1072&ssl=1&resize=1050%2C600 3x"},"classes":[]},{"id":18964,"url":"https:\/\/gersonguelmann.com.br\/blog\/professor-agrediu-aluno-que-nao-queria-largar-o-celular-em-portugal\/","url_meta":{"origin":13110,"position":5},"title":"Professor Agrediu Aluno Que N\u00e3o Queria Largar o Celular (Em Portugal)","author":"Gerson Guelmann","date":"22 de outubro de 2019","format":false,"excerpt":"Sinais dos tempos. Veja o que diz a mat\u00e9ria do SAPO24 (de Portugal), um dos sites que mais aprecio: Sum\u00e1rio, Li\u00e7\u00e3o n\u00ba 1: porrada 22\u00a0out\u00a02019\u00a015:38 A opini\u00e3o de Manuel Cardoso No primeiro dia de aulas, o objetivo \u00e9 conhecer as caras. N\u00e3o espet\u00e1-las contra uma mesa. A not\u00edcia do dia\u2026","rel":"","context":"Em &quot;Sem categoria&quot;","block_context":{"text":"Sem categoria","link":"https:\/\/gersonguelmann.com.br\/blog\/category\/sem-categoria\/"},"img":{"alt_text":"","src":"https:\/\/i0.wp.com\/gersonguelmann.com.br\/blog\/wp-content\/uploads\/2019\/10\/Celular-1-199x300.jpg?resize=350%2C200&ssl=1","width":350,"height":200},"classes":[]}],"jetpack_sharing_enabled":true,"post_mailing_queue_ids":[],"_links":{"self":[{"href":"https:\/\/gersonguelmann.com.br\/blog\/wp-json\/wp\/v2\/posts\/13110","targetHints":{"allow":["GET"]}}],"collection":[{"href":"https:\/\/gersonguelmann.com.br\/blog\/wp-json\/wp\/v2\/posts"}],"about":[{"href":"https:\/\/gersonguelmann.com.br\/blog\/wp-json\/wp\/v2\/types\/post"}],"author":[{"embeddable":true,"href":"https:\/\/gersonguelmann.com.br\/blog\/wp-json\/wp\/v2\/users\/5"}],"replies":[{"embeddable":true,"href":"https:\/\/gersonguelmann.com.br\/blog\/wp-json\/wp\/v2\/comments?post=13110"}],"version-history":[{"count":0,"href":"https:\/\/gersonguelmann.com.br\/blog\/wp-json\/wp\/v2\/posts\/13110\/revisions"}],"wp:featuredmedia":[{"embeddable":true,"href":"https:\/\/gersonguelmann.com.br\/blog\/wp-json\/wp\/v2\/media\/13111"}],"wp:attachment":[{"href":"https:\/\/gersonguelmann.com.br\/blog\/wp-json\/wp\/v2\/media?parent=13110"}],"wp:term":[{"taxonomy":"category","embeddable":true,"href":"https:\/\/gersonguelmann.com.br\/blog\/wp-json\/wp\/v2\/categories?post=13110"},{"taxonomy":"post_tag","embeddable":true,"href":"https:\/\/gersonguelmann.com.br\/blog\/wp-json\/wp\/v2\/tags?post=13110"}],"curies":[{"name":"wp","href":"https:\/\/api.w.org\/{rel}","templated":true}]}}