    {"id":13121,"date":"2018-05-21T21:37:53","date_gmt":"2018-05-22T00:37:53","guid":{"rendered":"https:\/\/gersonguelmann.com.br\/blog\/?p=13121"},"modified":"2018-05-21T21:37:53","modified_gmt":"2018-05-22T00:37:53","slug":"aecio-neves-a-propina-e-o-pilates","status":"publish","type":"post","link":"https:\/\/gersonguelmann.com.br\/blog\/aecio-neves-a-propina-e-o-pilates\/","title":{"rendered":"A\u00e9cio Neves, a Propina e o Pilates"},"content":{"rendered":"<p><span style=\"color: #000000; font-family: georgia, palatino, serif; font-size: 18pt;\">Do Blog O Antagonista:<\/span><\/p>\n<header class=\"entry-header\">\n<h1 id=\"single-title\" class=\"entry-title\"><span style=\"color: #000000;\">A academia da propina de A\u00e9cio Neves<\/span><\/h1>\n<p><strong><span class=\"postmeta\" style=\"color: #000000;\"><span class=\"categoria\">Brasil<\/span>\u00a0<time class=\"entry-date published\" datetime=\"2018-05-21 19:55:08\">21.05.18 19:55<\/time><\/span><\/strong><\/p>\n<div><strong><span style=\"color: #000000;\">Por Claudio Dantas<\/span><\/strong><\/div>\n<hr \/>\n<\/header>\n<div id=\"entry-text-post\" class=\"entry-content\">\n<p><span style=\"color: #000000; font-size: 14pt;\">A Pol\u00edcia Federal tem uma nova pista de que A\u00e9cio Neves teria usado a rede de academias Bodytech, de Alexandre Accioly, para receber propina da Andrade Gutierrez.<\/span><\/p>\n<p><span style=\"color: #000000; font-size: 14pt;\">Delatores da empreiteira j\u00e1 contaram \u00e0 Lava Jato sobre o repasse de pelo menos R$ 20 milh\u00f5es ao tucano por meio de um aporte financeiro na empresa de Accioly.<\/span><\/p>\n<p><span style=\"color: #000000; font-size: 14pt;\">Agora, o quebra-cabe\u00e7as deve se fechar.<\/span><\/p>\n<p><span style=\"color: #000000; font-family: georgia, palatino, serif; font-size: 18pt;\">A mat\u00e9ria original est\u00e1 publicada <span style=\"color: #0000ff;\"><a style=\"color: #0000ff;\" href=\"https:\/\/www.oantagonista.com\/brasil\/academia-da-propina-de-aecio-neves\/\"><em><strong>aqui<\/strong><\/em><\/a><\/span>.<\/span><\/p>\n<p><img data-recalc-dims=\"1\" fetchpriority=\"high\" decoding=\"async\" data-attachment-id=\"13122\" data-permalink=\"https:\/\/gersonguelmann.com.br\/blog\/aecio-neves-a-propina-e-o-pilates\/pilates\/\" data-orig-file=\"https:\/\/i0.wp.com\/gersonguelmann.com.br\/blog\/wp-content\/uploads\/2018\/05\/Pilates.jpg?fit=960%2C638&amp;ssl=1\" data-orig-size=\"960,638\" data-comments-opened=\"1\" data-image-meta=\"{&quot;aperture&quot;:&quot;4&quot;,&quot;credit&quot;:&quot;&quot;,&quot;camera&quot;:&quot;NIKON D3S&quot;,&quot;caption&quot;:&quot;&quot;,&quot;created_timestamp&quot;:&quot;0&quot;,&quot;copyright&quot;:&quot;&quot;,&quot;focal_length&quot;:&quot;21&quot;,&quot;iso&quot;:&quot;320&quot;,&quot;shutter_speed&quot;:&quot;0.00625&quot;,&quot;title&quot;:&quot;&quot;,&quot;orientation&quot;:&quot;0&quot;}\" data-image-title=\"Pilates\" data-image-description=\"\" data-image-caption=\"\" data-medium-file=\"https:\/\/i0.wp.com\/gersonguelmann.com.br\/blog\/wp-content\/uploads\/2018\/05\/Pilates.jpg?fit=300%2C199&amp;ssl=1\" data-large-file=\"https:\/\/i0.wp.com\/gersonguelmann.com.br\/blog\/wp-content\/uploads\/2018\/05\/Pilates.jpg?fit=640%2C425&amp;ssl=1\" class=\"size-medium wp-image-13122 aligncenter\" src=\"https:\/\/i0.wp.com\/gersonguelmann.com.br\/blog\/wp-content\/uploads\/2018\/05\/Pilates.jpg?resize=300%2C199&#038;ssl=1\" alt=\"\" width=\"300\" height=\"199\" srcset=\"https:\/\/i0.wp.com\/gersonguelmann.com.br\/blog\/wp-content\/uploads\/2018\/05\/Pilates.jpg?resize=300%2C199&amp;ssl=1 300w, https:\/\/i0.wp.com\/gersonguelmann.com.br\/blog\/wp-content\/uploads\/2018\/05\/Pilates.jpg?resize=768%2C510&amp;ssl=1 768w, https:\/\/i0.wp.com\/gersonguelmann.com.br\/blog\/wp-content\/uploads\/2018\/05\/Pilates.jpg?resize=750%2C500&amp;ssl=1 750w, https:\/\/i0.wp.com\/gersonguelmann.com.br\/blog\/wp-content\/uploads\/2018\/05\/Pilates.jpg?w=960&amp;ssl=1 960w\" sizes=\"(max-width: 300px) 100vw, 300px\" \/><\/p>\n<p>&nbsp;<\/p>\n<\/div>\n","protected":false},"excerpt":{"rendered":"<p>Do Blog O Antagonista: A academia da propina de A\u00e9cio Neves Brasil\u00a021.05.18 19:55 Por Claudio Dantas A Pol\u00edcia Federal tem uma nova pista de que A\u00e9cio Neves teria usado a rede de academias Bodytech, de Alexandre Accioly, para receber propina da Andrade Gutierrez. Delatores da empreiteira j\u00e1 contaram \u00e0 Lava Jato sobre o repasse de [&hellip;]<\/p>\n","protected":false},"author":5,"featured_media":13122,"comment_status":"open","ping_status":"open","sticky":false,"template":"","format":"standard","meta":{"_acf_changed":false,"jetpack_post_was_ever_published":false,"_jetpack_newsletter_access":"","_jetpack_dont_email_post_to_subs":false,"_jetpack_newsletter_tier_id":0,"_jetpack_memberships_contains_paywalled_content":false,"_jetpack_memberships_contains_paid_content":false,"footnotes":"","jetpack_publicize_message":"","jetpack_publicize_feature_enabled":true,"jetpack_social_post_already_shared":true,"jetpack_social_options":{"image_generator_settings":{"template":"highway","default_image_id":0,"font":"","enabled":false},"version":2}},"categories":[1],"tags":[],"class_list":["post-13121","post","type-post","status-publish","format-standard","has-post-thumbnail","hentry","category-sem-categoria"],"acf":[],"yoast_head":"<!-- This site is optimized with the Yoast SEO plugin v27.3 - https:\/\/yoast.com\/product\/yoast-seo-wordpress\/ -->\n<title>A\u00e9cio Neves, a Propina e o Pilates | Blog do Guelmann<\/title>\n<meta name=\"robots\" content=\"index, follow, max-snippet:-1, max-image-preview:large, max-video-preview:-1\" \/>\n<link rel=\"canonical\" href=\"https:\/\/gersonguelmann.com.br\/blog\/aecio-neves-a-propina-e-o-pilates\/\" \/>\n<meta property=\"og:locale\" content=\"pt_BR\" \/>\n<meta property=\"og:type\" content=\"article\" \/>\n<meta property=\"og:title\" content=\"A\u00e9cio Neves, a Propina e o Pilates | Blog do Guelmann\" \/>\n<meta property=\"og:description\" content=\"Do Blog O Antagonista: A academia da propina de A\u00e9cio Neves Brasil\u00a021.05.18 19:55 Por Claudio Dantas A Pol\u00edcia Federal tem uma nova pista de que A\u00e9cio Neves teria usado a rede de academias Bodytech, de Alexandre Accioly, para receber propina da Andrade Gutierrez. Delatores da empreiteira j\u00e1 contaram \u00e0 Lava Jato sobre o repasse de [&hellip;]\" \/>\n<meta property=\"og:url\" content=\"https:\/\/gersonguelmann.com.br\/blog\/aecio-neves-a-propina-e-o-pilates\/\" \/>\n<meta property=\"og:site_name\" content=\"Blog do Guelmann\" \/>\n<meta property=\"article:published_time\" content=\"2018-05-22T00:37:53+00:00\" \/>\n<meta property=\"og:image\" content=\"https:\/\/i0.wp.com\/gersonguelmann.com.br\/blog\/wp-content\/uploads\/2018\/05\/Pilates.jpg?fit=960%2C638&ssl=1\" \/>\n\t<meta property=\"og:image:width\" content=\"960\" \/>\n\t<meta property=\"og:image:height\" content=\"638\" \/>\n\t<meta property=\"og:image:type\" content=\"image\/jpeg\" \/>\n<meta name=\"author\" content=\"Gerson Guelmann\" \/>\n<meta name=\"twitter:card\" content=\"summary_large_image\" \/>\n<meta name=\"twitter:label1\" content=\"Escrito por\" \/>\n\t<meta name=\"twitter:data1\" content=\"Gerson Guelmann\" \/>\n<script type=\"application\/ld+json\" class=\"yoast-schema-graph\">{\"@context\":\"https:\\\/\\\/schema.org\",\"@graph\":[{\"@type\":\"Article\",\"@id\":\"https:\\\/\\\/gersonguelmann.com.br\\\/blog\\\/aecio-neves-a-propina-e-o-pilates\\\/#article\",\"isPartOf\":{\"@id\":\"https:\\\/\\\/gersonguelmann.com.br\\\/blog\\\/aecio-neves-a-propina-e-o-pilates\\\/\"},\"author\":{\"name\":\"Gerson Guelmann\",\"@id\":\"https:\\\/\\\/gersonguelmann.com.br\\\/blog\\\/#\\\/schema\\\/person\\\/87e70e2a786888082f941a482c90569e\"},\"headline\":\"A\u00e9cio Neves, a Propina e o Pilates\",\"datePublished\":\"2018-05-22T00:37:53+00:00\",\"mainEntityOfPage\":{\"@id\":\"https:\\\/\\\/gersonguelmann.com.br\\\/blog\\\/aecio-neves-a-propina-e-o-pilates\\\/\"},\"wordCount\":96,\"commentCount\":0,\"image\":{\"@id\":\"https:\\\/\\\/gersonguelmann.com.br\\\/blog\\\/aecio-neves-a-propina-e-o-pilates\\\/#primaryimage\"},\"thumbnailUrl\":\"https:\\\/\\\/i0.wp.com\\\/gersonguelmann.com.br\\\/blog\\\/wp-content\\\/uploads\\\/2018\\\/05\\\/Pilates.jpg?fit=960%2C638&ssl=1\",\"inLanguage\":\"pt-BR\",\"potentialAction\":[{\"@type\":\"CommentAction\",\"name\":\"Comment\",\"target\":[\"https:\\\/\\\/gersonguelmann.com.br\\\/blog\\\/aecio-neves-a-propina-e-o-pilates\\\/#respond\"]}]},{\"@type\":\"WebPage\",\"@id\":\"https:\\\/\\\/gersonguelmann.com.br\\\/blog\\\/aecio-neves-a-propina-e-o-pilates\\\/\",\"url\":\"https:\\\/\\\/gersonguelmann.com.br\\\/blog\\\/aecio-neves-a-propina-e-o-pilates\\\/\",\"name\":\"A\u00e9cio Neves, a Propina e o Pilates | Blog do Guelmann\",\"isPartOf\":{\"@id\":\"https:\\\/\\\/gersonguelmann.com.br\\\/blog\\\/#website\"},\"primaryImageOfPage\":{\"@id\":\"https:\\\/\\\/gersonguelmann.com.br\\\/blog\\\/aecio-neves-a-propina-e-o-pilates\\\/#primaryimage\"},\"image\":{\"@id\":\"https:\\\/\\\/gersonguelmann.com.br\\\/blog\\\/aecio-neves-a-propina-e-o-pilates\\\/#primaryimage\"},\"thumbnailUrl\":\"https:\\\/\\\/i0.wp.com\\\/gersonguelmann.com.br\\\/blog\\\/wp-content\\\/uploads\\\/2018\\\/05\\\/Pilates.jpg?fit=960%2C638&ssl=1\",\"datePublished\":\"2018-05-22T00:37:53+00:00\",\"author\":{\"@id\":\"https:\\\/\\\/gersonguelmann.com.br\\\/blog\\\/#\\\/schema\\\/person\\\/87e70e2a786888082f941a482c90569e\"},\"inLanguage\":\"pt-BR\",\"potentialAction\":[{\"@type\":\"ReadAction\",\"target\":[\"https:\\\/\\\/gersonguelmann.com.br\\\/blog\\\/aecio-neves-a-propina-e-o-pilates\\\/\"]}]},{\"@type\":\"ImageObject\",\"inLanguage\":\"pt-BR\",\"@id\":\"https:\\\/\\\/gersonguelmann.com.br\\\/blog\\\/aecio-neves-a-propina-e-o-pilates\\\/#primaryimage\",\"url\":\"https:\\\/\\\/i0.wp.com\\\/gersonguelmann.com.br\\\/blog\\\/wp-content\\\/uploads\\\/2018\\\/05\\\/Pilates.jpg?fit=960%2C638&ssl=1\",\"contentUrl\":\"https:\\\/\\\/i0.wp.com\\\/gersonguelmann.com.br\\\/blog\\\/wp-content\\\/uploads\\\/2018\\\/05\\\/Pilates.jpg?fit=960%2C638&ssl=1\",\"width\":960,\"height\":638},{\"@type\":\"WebSite\",\"@id\":\"https:\\\/\\\/gersonguelmann.com.br\\\/blog\\\/#website\",\"url\":\"https:\\\/\\\/gersonguelmann.com.br\\\/blog\\\/\",\"name\":\"Blog do Guelmann\",\"description\":\"Pitadas da sabedoria e do humor judaicos, assuntos do momento e um pouco das hist\u00f3rias que vivi e testemunhei.\",\"potentialAction\":[{\"@type\":\"SearchAction\",\"target\":{\"@type\":\"EntryPoint\",\"urlTemplate\":\"https:\\\/\\\/gersonguelmann.com.br\\\/blog\\\/?s={search_term_string}\"},\"query-input\":{\"@type\":\"PropertyValueSpecification\",\"valueRequired\":true,\"valueName\":\"search_term_string\"}}],\"inLanguage\":\"pt-BR\"},{\"@type\":\"Person\",\"@id\":\"https:\\\/\\\/gersonguelmann.com.br\\\/blog\\\/#\\\/schema\\\/person\\\/87e70e2a786888082f941a482c90569e\",\"name\":\"Gerson Guelmann\",\"image\":{\"@type\":\"ImageObject\",\"inLanguage\":\"pt-BR\",\"@id\":\"https:\\\/\\\/i0.wp.com\\\/gersonguelmann.com.br\\\/blog\\\/wp-content\\\/uploads\\\/2021\\\/08\\\/BLOG.jpeg?fit=96%2C96&ssl=1\",\"url\":\"https:\\\/\\\/i0.wp.com\\\/gersonguelmann.com.br\\\/blog\\\/wp-content\\\/uploads\\\/2021\\\/08\\\/BLOG.jpeg?fit=96%2C96&ssl=1\",\"contentUrl\":\"https:\\\/\\\/i0.wp.com\\\/gersonguelmann.com.br\\\/blog\\\/wp-content\\\/uploads\\\/2021\\\/08\\\/BLOG.jpeg?fit=96%2C96&ssl=1\",\"caption\":\"Gerson Guelmann\"},\"description\":\"Pitadas da sabedoria e do humor judaicos, assuntos do momento e um pouco das hist\u00f3rias que vivi e testemunhei.\"}]}<\/script>\n<!-- \/ Yoast SEO plugin. -->","yoast_head_json":{"title":"A\u00e9cio Neves, a Propina e o Pilates | Blog do Guelmann","robots":{"index":"index","follow":"follow","max-snippet":"max-snippet:-1","max-image-preview":"max-image-preview:large","max-video-preview":"max-video-preview:-1"},"canonical":"https:\/\/gersonguelmann.com.br\/blog\/aecio-neves-a-propina-e-o-pilates\/","og_locale":"pt_BR","og_type":"article","og_title":"A\u00e9cio Neves, a Propina e o Pilates | Blog do Guelmann","og_description":"Do Blog O Antagonista: A academia da propina de A\u00e9cio Neves Brasil\u00a021.05.18 19:55 Por Claudio Dantas A Pol\u00edcia Federal tem uma nova pista de que A\u00e9cio Neves teria usado a rede de academias Bodytech, de Alexandre Accioly, para receber propina da Andrade Gutierrez. Delatores da empreiteira j\u00e1 contaram \u00e0 Lava Jato sobre o repasse de [&hellip;]","og_url":"https:\/\/gersonguelmann.com.br\/blog\/aecio-neves-a-propina-e-o-pilates\/","og_site_name":"Blog do Guelmann","article_published_time":"2018-05-22T00:37:53+00:00","og_image":[{"width":960,"height":638,"url":"https:\/\/i0.wp.com\/gersonguelmann.com.br\/blog\/wp-content\/uploads\/2018\/05\/Pilates.jpg?fit=960%2C638&ssl=1","type":"image\/jpeg"}],"author":"Gerson Guelmann","twitter_card":"summary_large_image","twitter_misc":{"Escrito por":"Gerson Guelmann"},"schema":{"@context":"https:\/\/schema.org","@graph":[{"@type":"Article","@id":"https:\/\/gersonguelmann.com.br\/blog\/aecio-neves-a-propina-e-o-pilates\/#article","isPartOf":{"@id":"https:\/\/gersonguelmann.com.br\/blog\/aecio-neves-a-propina-e-o-pilates\/"},"author":{"name":"Gerson Guelmann","@id":"https:\/\/gersonguelmann.com.br\/blog\/#\/schema\/person\/87e70e2a786888082f941a482c90569e"},"headline":"A\u00e9cio Neves, a Propina e o Pilates","datePublished":"2018-05-22T00:37:53+00:00","mainEntityOfPage":{"@id":"https:\/\/gersonguelmann.com.br\/blog\/aecio-neves-a-propina-e-o-pilates\/"},"wordCount":96,"commentCount":0,"image":{"@id":"https:\/\/gersonguelmann.com.br\/blog\/aecio-neves-a-propina-e-o-pilates\/#primaryimage"},"thumbnailUrl":"https:\/\/i0.wp.com\/gersonguelmann.com.br\/blog\/wp-content\/uploads\/2018\/05\/Pilates.jpg?fit=960%2C638&ssl=1","inLanguage":"pt-BR","potentialAction":[{"@type":"CommentAction","name":"Comment","target":["https:\/\/gersonguelmann.com.br\/blog\/aecio-neves-a-propina-e-o-pilates\/#respond"]}]},{"@type":"WebPage","@id":"https:\/\/gersonguelmann.com.br\/blog\/aecio-neves-a-propina-e-o-pilates\/","url":"https:\/\/gersonguelmann.com.br\/blog\/aecio-neves-a-propina-e-o-pilates\/","name":"A\u00e9cio Neves, a Propina e o Pilates | Blog do Guelmann","isPartOf":{"@id":"https:\/\/gersonguelmann.com.br\/blog\/#website"},"primaryImageOfPage":{"@id":"https:\/\/gersonguelmann.com.br\/blog\/aecio-neves-a-propina-e-o-pilates\/#primaryimage"},"image":{"@id":"https:\/\/gersonguelmann.com.br\/blog\/aecio-neves-a-propina-e-o-pilates\/#primaryimage"},"thumbnailUrl":"https:\/\/i0.wp.com\/gersonguelmann.com.br\/blog\/wp-content\/uploads\/2018\/05\/Pilates.jpg?fit=960%2C638&ssl=1","datePublished":"2018-05-22T00:37:53+00:00","author":{"@id":"https:\/\/gersonguelmann.com.br\/blog\/#\/schema\/person\/87e70e2a786888082f941a482c90569e"},"inLanguage":"pt-BR","potentialAction":[{"@type":"ReadAction","target":["https:\/\/gersonguelmann.com.br\/blog\/aecio-neves-a-propina-e-o-pilates\/"]}]},{"@type":"ImageObject","inLanguage":"pt-BR","@id":"https:\/\/gersonguelmann.com.br\/blog\/aecio-neves-a-propina-e-o-pilates\/#primaryimage","url":"https:\/\/i0.wp.com\/gersonguelmann.com.br\/blog\/wp-content\/uploads\/2018\/05\/Pilates.jpg?fit=960%2C638&ssl=1","contentUrl":"https:\/\/i0.wp.com\/gersonguelmann.com.br\/blog\/wp-content\/uploads\/2018\/05\/Pilates.jpg?fit=960%2C638&ssl=1","width":960,"height":638},{"@type":"WebSite","@id":"https:\/\/gersonguelmann.com.br\/blog\/#website","url":"https:\/\/gersonguelmann.com.br\/blog\/","name":"Blog do Guelmann","description":"Pitadas da sabedoria e do humor judaicos, assuntos do momento e um pouco das hist\u00f3rias que vivi e testemunhei.","potentialAction":[{"@type":"SearchAction","target":{"@type":"EntryPoint","urlTemplate":"https:\/\/gersonguelmann.com.br\/blog\/?s={search_term_string}"},"query-input":{"@type":"PropertyValueSpecification","valueRequired":true,"valueName":"search_term_string"}}],"inLanguage":"pt-BR"},{"@type":"Person","@id":"https:\/\/gersonguelmann.com.br\/blog\/#\/schema\/person\/87e70e2a786888082f941a482c90569e","name":"Gerson Guelmann","image":{"@type":"ImageObject","inLanguage":"pt-BR","@id":"https:\/\/i0.wp.com\/gersonguelmann.com.br\/blog\/wp-content\/uploads\/2021\/08\/BLOG.jpeg?fit=96%2C96&ssl=1","url":"https:\/\/i0.wp.com\/gersonguelmann.com.br\/blog\/wp-content\/uploads\/2021\/08\/BLOG.jpeg?fit=96%2C96&ssl=1","contentUrl":"https:\/\/i0.wp.com\/gersonguelmann.com.br\/blog\/wp-content\/uploads\/2021\/08\/BLOG.jpeg?fit=96%2C96&ssl=1","caption":"Gerson Guelmann"},"description":"Pitadas da sabedoria e do humor judaicos, assuntos do momento e um pouco das hist\u00f3rias que vivi e testemunhei."}]}},"views":16,"jetpack_publicize_connections":[],"jetpack_featured_media_url":"https:\/\/i0.wp.com\/gersonguelmann.com.br\/blog\/wp-content\/uploads\/2018\/05\/Pilates.jpg?fit=960%2C638&ssl=1","jetpack_shortlink":"https:\/\/wp.me\/p96e7O-3pD","jetpack-related-posts":[{"id":11903,"url":"https:\/\/gersonguelmann.com.br\/blog\/lula-aecio-tem-muita-coisa-em-comum\/","url_meta":{"origin":13121,"position":0},"title":"Lula &#038; A\u00e9cio Tem Muita Coisa Em Comum","author":"Gerson Guelmann","date":"21 de abril de 2018","format":false,"excerpt":"Mat\u00e9ria da BBC Brasil: A mudan\u00e7a no conceito de corrup\u00e7\u00e3o que une os casos de Lula e A\u00e9cio Andr\u00e9 Shalders - @shaldim Da BBC Brasil em S\u00e3o Paulo 18 abril 2018 O que h\u00e1 em comum entre a a\u00e7\u00e3o penal do \"tr\u00edplex do Guaruj\u00e1\", que levou o ex-presidente Luiz In\u00e1cio\u2026","rel":"","context":"Em &quot;Sem categoria&quot;","block_context":{"text":"Sem categoria","link":"https:\/\/gersonguelmann.com.br\/blog\/category\/sem-categoria\/"},"img":{"alt_text":"","src":"https:\/\/i0.wp.com\/gersonguelmann.com.br\/blog\/wp-content\/uploads\/2018\/04\/LulaeAecio2.jpg?fit=600%2C400&ssl=1&resize=350%2C200","width":350,"height":200,"srcset":"https:\/\/i0.wp.com\/gersonguelmann.com.br\/blog\/wp-content\/uploads\/2018\/04\/LulaeAecio2.jpg?fit=600%2C400&ssl=1&resize=350%2C200 1x, https:\/\/i0.wp.com\/gersonguelmann.com.br\/blog\/wp-content\/uploads\/2018\/04\/LulaeAecio2.jpg?fit=600%2C400&ssl=1&resize=525%2C300 1.5x"},"classes":[]},{"id":11771,"url":"https:\/\/gersonguelmann.com.br\/blog\/aecio-neves-virou-reu\/","url_meta":{"origin":13121,"position":1},"title":"A\u00e9cio Neves Virou R\u00e9u!","author":"Gerson Guelmann","date":"17 de abril de 2018","format":false,"excerpt":"Com o voto j\u00e1 proferido pela Ministra Rosa Weber e o placard de 3 X 0, A\u00e9cio Neves j\u00e1 \u00e9 r\u00e9u. Esperan\u00e7a de novos tempos no Brasil!","rel":"","context":"Em &quot;Sem categoria&quot;","block_context":{"text":"Sem categoria","link":"https:\/\/gersonguelmann.com.br\/blog\/category\/sem-categoria\/"},"img":{"alt_text":"","src":"https:\/\/i0.wp.com\/gersonguelmann.com.br\/blog\/wp-content\/uploads\/2018\/04\/AN.jpg?fit=507%2C351&ssl=1&resize=350%2C200","width":350,"height":200},"classes":[]},{"id":12399,"url":"https:\/\/gersonguelmann.com.br\/blog\/12-senadores-e-36-deputados-perdendo-o-sono-com-o-fim-do-foro\/","url_meta":{"origin":13121,"position":2},"title":"12 Senadores e 36 Deputados Perdendo o Sono Com o Fim do F\u00f4ro","author":"Gerson Guelmann","date":"2 de maio de 2018","format":false,"excerpt":"Enquanto assisto a retomada do julgamento sobre a restri\u00e7\u00e3o ao f\u00f4ro privilegiado, leio a seguinte mat\u00e9ria do Estado de Minas: Fim do foro amea\u00e7a 12 senadores e 36 deputados A maioria dos inqu\u00e9ritos abertos no STF \u00e9 para investigar recebimento de propina, via caixa 2, para pol\u00edticos que j\u00e1 exerciam\u2026","rel":"","context":"Em &quot;Sem categoria&quot;","block_context":{"text":"Sem categoria","link":"https:\/\/gersonguelmann.com.br\/blog\/category\/sem-categoria\/"},"img":{"alt_text":"","src":"https:\/\/i0.wp.com\/gersonguelmann.com.br\/blog\/wp-content\/uploads\/2018\/05\/FP.jpg?fit=675%2C405&ssl=1&resize=350%2C200","width":350,"height":200,"srcset":"https:\/\/i0.wp.com\/gersonguelmann.com.br\/blog\/wp-content\/uploads\/2018\/05\/FP.jpg?fit=675%2C405&ssl=1&resize=350%2C200 1x, https:\/\/i0.wp.com\/gersonguelmann.com.br\/blog\/wp-content\/uploads\/2018\/05\/FP.jpg?fit=675%2C405&ssl=1&resize=525%2C300 1.5x"},"classes":[]},{"id":3091,"url":"https:\/\/gersonguelmann.com.br\/blog\/ano-que-vem-tem-eleicao-nao-esqueca\/","url_meta":{"origin":13121,"position":3},"title":"Ano Que Vem Tem Elei\u00e7\u00e3o, N\u00e3o Esque\u00e7a&#8230;","author":"Gerson Guelmann","date":"18 de outubro de 2017","format":false,"excerpt":"Apenas um registro:\u00a0 Ontem, em Brasilia, 44\u00a0senadores\u00a0votaram contra as medidas cautelares impostas ao tucano\u00a0A\u00e9cio Neves\u00a0(MG) pelo Supremo Tribunal Federal. Desses pelo menos 19, ou seja, 43,2%, s\u00e3o investigados pela Opera\u00e7\u00e3o\u00a0Lava Jato. Espero que isso fique na lembran\u00e7a de todos, especialmente dos Estados cujos Senadores fizeram parte da trama para livrar\u2026","rel":"","context":"Em &quot;Sem categoria&quot;","block_context":{"text":"Sem categoria","link":"https:\/\/gersonguelmann.com.br\/blog\/category\/sem-categoria\/"},"img":{"alt_text":"","src":"https:\/\/i0.wp.com\/gersonguelmann.com.br\/blog\/wp-content\/uploads\/2017\/10\/Lava-Jato-1.jpeg?fit=960%2C720&ssl=1&resize=350%2C200","width":350,"height":200,"srcset":"https:\/\/i0.wp.com\/gersonguelmann.com.br\/blog\/wp-content\/uploads\/2017\/10\/Lava-Jato-1.jpeg?fit=960%2C720&ssl=1&resize=350%2C200 1x, https:\/\/i0.wp.com\/gersonguelmann.com.br\/blog\/wp-content\/uploads\/2017\/10\/Lava-Jato-1.jpeg?fit=960%2C720&ssl=1&resize=525%2C300 1.5x, https:\/\/i0.wp.com\/gersonguelmann.com.br\/blog\/wp-content\/uploads\/2017\/10\/Lava-Jato-1.jpeg?fit=960%2C720&ssl=1&resize=700%2C400 2x"},"classes":[]},{"id":2110,"url":"https:\/\/gersonguelmann.com.br\/blog\/camarote-para-final-cruzeiro-x-flamengo-preco-de-ocasiao\/","url_meta":{"origin":13121,"position":4},"title":"Camarote para final Cruzeiro X Flamengo (pre\u00e7o de ocasi\u00e3o)","author":"Gerson Guelmann","date":"27 de setembro de 2017","format":false,"excerpt":"Vendo ingresso para assistir a final da Copa do Brasil entre Cruzeiro e Flamengo, hoje as 21h45, no Mineir\u00e3o (Belo Horizonte), em camarote com open bar. Motivo: n\u00e3o posso sair de casa a noite. Tratar com A\u00e9cio Neves","rel":"","context":"Em &quot;Sem categoria&quot;","block_context":{"text":"Sem categoria","link":"https:\/\/gersonguelmann.com.br\/blog\/category\/sem-categoria\/"},"img":{"alt_text":"","src":"https:\/\/i0.wp.com\/gersonguelmann.com.br\/blog\/wp-content\/uploads\/2017\/09\/Camarote.jpg?fit=1200%2C800&ssl=1&resize=350%2C200","width":350,"height":200,"srcset":"https:\/\/i0.wp.com\/gersonguelmann.com.br\/blog\/wp-content\/uploads\/2017\/09\/Camarote.jpg?fit=1200%2C800&ssl=1&resize=350%2C200 1x, https:\/\/i0.wp.com\/gersonguelmann.com.br\/blog\/wp-content\/uploads\/2017\/09\/Camarote.jpg?fit=1200%2C800&ssl=1&resize=525%2C300 1.5x, https:\/\/i0.wp.com\/gersonguelmann.com.br\/blog\/wp-content\/uploads\/2017\/09\/Camarote.jpg?fit=1200%2C800&ssl=1&resize=700%2C400 2x, https:\/\/i0.wp.com\/gersonguelmann.com.br\/blog\/wp-content\/uploads\/2017\/09\/Camarote.jpg?fit=1200%2C800&ssl=1&resize=1050%2C600 3x"},"classes":[]},{"id":12453,"url":"https:\/\/gersonguelmann.com.br\/blog\/luana-piovani-e-a-maca-para-lula\/","url_meta":{"origin":13121,"position":5},"title":"Luana Piovani e a Ma\u00e7\u00e3 Para Lula","author":"Gerson Guelmann","date":"4 de maio de 2018","format":false,"excerpt":"Leio agora que a atriz Luana Piovani veio a Curitiba para \"pagar a promessa\" que fez para o caso de Lula ser preso. Impossibilitada de chegar at\u00e9 a porta da Superintend\u00eancia da Pol\u00edcia Federal, ela deixou numa cal\u00e7ada das proximidades o objeto da promessa: uma ma\u00e7\u00e3 que deveria ser entregue\u2026","rel":"","context":"Em &quot;Sem categoria&quot;","block_context":{"text":"Sem categoria","link":"https:\/\/gersonguelmann.com.br\/blog\/category\/sem-categoria\/"},"img":{"alt_text":"","src":"https:\/\/i0.wp.com\/gersonguelmann.com.br\/blog\/wp-content\/uploads\/2018\/05\/1525387173886.jpg?fit=640%2C421&ssl=1&resize=350%2C200","width":350,"height":200,"srcset":"https:\/\/i0.wp.com\/gersonguelmann.com.br\/blog\/wp-content\/uploads\/2018\/05\/1525387173886.jpg?fit=640%2C421&ssl=1&resize=350%2C200 1x, https:\/\/i0.wp.com\/gersonguelmann.com.br\/blog\/wp-content\/uploads\/2018\/05\/1525387173886.jpg?fit=640%2C421&ssl=1&resize=525%2C300 1.5x"},"classes":[]}],"jetpack_sharing_enabled":true,"post_mailing_queue_ids":[],"_links":{"self":[{"href":"https:\/\/gersonguelmann.com.br\/blog\/wp-json\/wp\/v2\/posts\/13121","targetHints":{"allow":["GET"]}}],"collection":[{"href":"https:\/\/gersonguelmann.com.br\/blog\/wp-json\/wp\/v2\/posts"}],"about":[{"href":"https:\/\/gersonguelmann.com.br\/blog\/wp-json\/wp\/v2\/types\/post"}],"author":[{"embeddable":true,"href":"https:\/\/gersonguelmann.com.br\/blog\/wp-json\/wp\/v2\/users\/5"}],"replies":[{"embeddable":true,"href":"https:\/\/gersonguelmann.com.br\/blog\/wp-json\/wp\/v2\/comments?post=13121"}],"version-history":[{"count":0,"href":"https:\/\/gersonguelmann.com.br\/blog\/wp-json\/wp\/v2\/posts\/13121\/revisions"}],"wp:featuredmedia":[{"embeddable":true,"href":"https:\/\/gersonguelmann.com.br\/blog\/wp-json\/wp\/v2\/media\/13122"}],"wp:attachment":[{"href":"https:\/\/gersonguelmann.com.br\/blog\/wp-json\/wp\/v2\/media?parent=13121"}],"wp:term":[{"taxonomy":"category","embeddable":true,"href":"https:\/\/gersonguelmann.com.br\/blog\/wp-json\/wp\/v2\/categories?post=13121"},{"taxonomy":"post_tag","embeddable":true,"href":"https:\/\/gersonguelmann.com.br\/blog\/wp-json\/wp\/v2\/tags?post=13121"}],"curies":[{"name":"wp","href":"https:\/\/api.w.org\/{rel}","templated":true}]}}