    {"id":13125,"date":"2018-05-21T22:21:11","date_gmt":"2018-05-22T01:21:11","guid":{"rendered":"https:\/\/gersonguelmann.com.br\/blog\/?p=13125"},"modified":"2018-05-21T22:21:11","modified_gmt":"2018-05-22T01:21:11","slug":"em-curitiba-churrasqueira-e-aquecedor-o-bom-humor-das-redes","status":"publish","type":"post","link":"https:\/\/gersonguelmann.com.br\/blog\/em-curitiba-churrasqueira-e-aquecedor-o-bom-humor-das-redes\/","title":{"rendered":"Em Curitiba, Churrasqueira \u00e9 Aquecedor &#8211; O Bom Humor das Redes"},"content":{"rendered":"<p style=\"text-align: center;\"><img data-recalc-dims=\"1\" fetchpriority=\"high\" decoding=\"async\" data-attachment-id=\"13126\" data-permalink=\"https:\/\/gersonguelmann.com.br\/blog\/em-curitiba-churrasqueira-e-aquecedor-o-bom-humor-das-redes\/fire\/\" data-orig-file=\"https:\/\/i0.wp.com\/gersonguelmann.com.br\/blog\/wp-content\/uploads\/2018\/05\/fire.jpg?fit=1024%2C768&amp;ssl=1\" data-orig-size=\"1024,768\" data-comments-opened=\"1\" data-image-meta=\"{&quot;aperture&quot;:&quot;0&quot;,&quot;credit&quot;:&quot;&quot;,&quot;camera&quot;:&quot;&quot;,&quot;caption&quot;:&quot;&quot;,&quot;created_timestamp&quot;:&quot;0&quot;,&quot;copyright&quot;:&quot;&quot;,&quot;focal_length&quot;:&quot;0&quot;,&quot;iso&quot;:&quot;0&quot;,&quot;shutter_speed&quot;:&quot;0&quot;,&quot;title&quot;:&quot;&quot;,&quot;orientation&quot;:&quot;0&quot;}\" data-image-title=\"fire\" data-image-description=\"\" data-image-caption=\"\" data-medium-file=\"https:\/\/i0.wp.com\/gersonguelmann.com.br\/blog\/wp-content\/uploads\/2018\/05\/fire.jpg?fit=300%2C225&amp;ssl=1\" data-large-file=\"https:\/\/i0.wp.com\/gersonguelmann.com.br\/blog\/wp-content\/uploads\/2018\/05\/fire.jpg?fit=640%2C480&amp;ssl=1\" class=\"alignnone size-medium wp-image-13126\" src=\"https:\/\/i0.wp.com\/gersonguelmann.com.br\/blog\/wp-content\/uploads\/2018\/05\/fire.jpg?resize=300%2C225&#038;ssl=1\" alt=\"\" width=\"300\" height=\"225\" srcset=\"https:\/\/i0.wp.com\/gersonguelmann.com.br\/blog\/wp-content\/uploads\/2018\/05\/fire.jpg?resize=300%2C225&amp;ssl=1 300w, https:\/\/i0.wp.com\/gersonguelmann.com.br\/blog\/wp-content\/uploads\/2018\/05\/fire.jpg?resize=768%2C576&amp;ssl=1 768w, https:\/\/i0.wp.com\/gersonguelmann.com.br\/blog\/wp-content\/uploads\/2018\/05\/fire.jpg?w=1024&amp;ssl=1 1024w\" sizes=\"(max-width: 300px) 100vw, 300px\" \/><\/p>\n<p><span style=\"font-family: georgia, palatino, serif; font-size: 18pt; color: #000000;\">O bom humor dos Curitibanos nesta \u00e9poca de frio (abra para ver).<\/span><\/p>\n<p><img data-recalc-dims=\"1\" decoding=\"async\" data-attachment-id=\"13127\" data-permalink=\"https:\/\/gersonguelmann.com.br\/blog\/em-curitiba-churrasqueira-e-aquecedor-o-bom-humor-das-redes\/curitiba-12\/\" data-orig-file=\"https:\/\/i0.wp.com\/gersonguelmann.com.br\/blog\/wp-content\/uploads\/2018\/05\/Curitiba.jpg?fit=399%2C473&amp;ssl=1\" data-orig-size=\"399,473\" data-comments-opened=\"1\" data-image-meta=\"{&quot;aperture&quot;:&quot;0&quot;,&quot;credit&quot;:&quot;&quot;,&quot;camera&quot;:&quot;&quot;,&quot;caption&quot;:&quot;&quot;,&quot;created_timestamp&quot;:&quot;0&quot;,&quot;copyright&quot;:&quot;&quot;,&quot;focal_length&quot;:&quot;0&quot;,&quot;iso&quot;:&quot;0&quot;,&quot;shutter_speed&quot;:&quot;0&quot;,&quot;title&quot;:&quot;&quot;,&quot;orientation&quot;:&quot;0&quot;}\" data-image-title=\"Curitiba\" data-image-description=\"\" data-image-caption=\"\" data-medium-file=\"https:\/\/i0.wp.com\/gersonguelmann.com.br\/blog\/wp-content\/uploads\/2018\/05\/Curitiba.jpg?fit=253%2C300&amp;ssl=1\" data-large-file=\"https:\/\/i0.wp.com\/gersonguelmann.com.br\/blog\/wp-content\/uploads\/2018\/05\/Curitiba.jpg?fit=399%2C473&amp;ssl=1\" class=\"size-medium wp-image-13127 aligncenter\" src=\"https:\/\/i0.wp.com\/gersonguelmann.com.br\/blog\/wp-content\/uploads\/2018\/05\/Curitiba.jpg?resize=253%2C300&#038;ssl=1\" alt=\"\" width=\"253\" height=\"300\" srcset=\"https:\/\/i0.wp.com\/gersonguelmann.com.br\/blog\/wp-content\/uploads\/2018\/05\/Curitiba.jpg?resize=253%2C300&amp;ssl=1 253w, https:\/\/i0.wp.com\/gersonguelmann.com.br\/blog\/wp-content\/uploads\/2018\/05\/Curitiba.jpg?w=399&amp;ssl=1 399w\" sizes=\"(max-width: 253px) 100vw, 253px\" \/><\/p>\n","protected":false},"excerpt":{"rendered":"<p>O bom humor dos Curitibanos nesta \u00e9poca de frio (abra para ver).<\/p>\n","protected":false},"author":5,"featured_media":13126,"comment_status":"open","ping_status":"open","sticky":false,"template":"","format":"standard","meta":{"_acf_changed":false,"jetpack_post_was_ever_published":false,"_jetpack_newsletter_access":"","_jetpack_dont_email_post_to_subs":false,"_jetpack_newsletter_tier_id":0,"_jetpack_memberships_contains_paywalled_content":false,"_jetpack_memberships_contains_paid_content":false,"footnotes":"","jetpack_publicize_message":"","jetpack_publicize_feature_enabled":true,"jetpack_social_post_already_shared":true,"jetpack_social_options":{"image_generator_settings":{"template":"highway","default_image_id":0,"font":"","enabled":false},"version":2}},"categories":[1],"tags":[],"class_list":["post-13125","post","type-post","status-publish","format-standard","has-post-thumbnail","hentry","category-sem-categoria"],"acf":[],"yoast_head":"<!-- This site is optimized with the Yoast SEO plugin v27.3 - https:\/\/yoast.com\/product\/yoast-seo-wordpress\/ -->\n<title>Em Curitiba, Churrasqueira \u00e9 Aquecedor - O Bom Humor das Redes | Blog do Guelmann<\/title>\n<meta name=\"robots\" content=\"index, follow, max-snippet:-1, max-image-preview:large, max-video-preview:-1\" \/>\n<link rel=\"canonical\" href=\"https:\/\/gersonguelmann.com.br\/blog\/em-curitiba-churrasqueira-e-aquecedor-o-bom-humor-das-redes\/\" \/>\n<meta property=\"og:locale\" content=\"pt_BR\" \/>\n<meta property=\"og:type\" content=\"article\" \/>\n<meta property=\"og:title\" content=\"Em Curitiba, Churrasqueira \u00e9 Aquecedor - O Bom Humor das Redes | Blog do Guelmann\" \/>\n<meta property=\"og:description\" content=\"O bom humor dos Curitibanos nesta \u00e9poca de frio (abra para ver).\" \/>\n<meta property=\"og:url\" content=\"https:\/\/gersonguelmann.com.br\/blog\/em-curitiba-churrasqueira-e-aquecedor-o-bom-humor-das-redes\/\" \/>\n<meta property=\"og:site_name\" content=\"Blog do Guelmann\" \/>\n<meta property=\"article:published_time\" content=\"2018-05-22T01:21:11+00:00\" \/>\n<meta property=\"og:image\" content=\"https:\/\/i0.wp.com\/gersonguelmann.com.br\/blog\/wp-content\/uploads\/2018\/05\/fire.jpg?fit=1024%2C768&ssl=1\" \/>\n\t<meta property=\"og:image:width\" content=\"1024\" \/>\n\t<meta property=\"og:image:height\" content=\"768\" \/>\n\t<meta property=\"og:image:type\" content=\"image\/jpeg\" \/>\n<meta name=\"author\" content=\"Gerson Guelmann\" \/>\n<meta name=\"twitter:card\" content=\"summary_large_image\" \/>\n<meta name=\"twitter:label1\" content=\"Escrito por\" \/>\n\t<meta name=\"twitter:data1\" content=\"Gerson Guelmann\" \/>\n<script type=\"application\/ld+json\" class=\"yoast-schema-graph\">{\"@context\":\"https:\\\/\\\/schema.org\",\"@graph\":[{\"@type\":\"Article\",\"@id\":\"https:\\\/\\\/gersonguelmann.com.br\\\/blog\\\/em-curitiba-churrasqueira-e-aquecedor-o-bom-humor-das-redes\\\/#article\",\"isPartOf\":{\"@id\":\"https:\\\/\\\/gersonguelmann.com.br\\\/blog\\\/em-curitiba-churrasqueira-e-aquecedor-o-bom-humor-das-redes\\\/\"},\"author\":{\"name\":\"Gerson Guelmann\",\"@id\":\"https:\\\/\\\/gersonguelmann.com.br\\\/blog\\\/#\\\/schema\\\/person\\\/87e70e2a786888082f941a482c90569e\"},\"headline\":\"Em Curitiba, Churrasqueira \u00e9 Aquecedor &#8211; O Bom Humor das Redes\",\"datePublished\":\"2018-05-22T01:21:11+00:00\",\"mainEntityOfPage\":{\"@id\":\"https:\\\/\\\/gersonguelmann.com.br\\\/blog\\\/em-curitiba-churrasqueira-e-aquecedor-o-bom-humor-das-redes\\\/\"},\"wordCount\":22,\"commentCount\":0,\"image\":{\"@id\":\"https:\\\/\\\/gersonguelmann.com.br\\\/blog\\\/em-curitiba-churrasqueira-e-aquecedor-o-bom-humor-das-redes\\\/#primaryimage\"},\"thumbnailUrl\":\"https:\\\/\\\/i0.wp.com\\\/gersonguelmann.com.br\\\/blog\\\/wp-content\\\/uploads\\\/2018\\\/05\\\/fire.jpg?fit=1024%2C768&ssl=1\",\"inLanguage\":\"pt-BR\",\"potentialAction\":[{\"@type\":\"CommentAction\",\"name\":\"Comment\",\"target\":[\"https:\\\/\\\/gersonguelmann.com.br\\\/blog\\\/em-curitiba-churrasqueira-e-aquecedor-o-bom-humor-das-redes\\\/#respond\"]}]},{\"@type\":\"WebPage\",\"@id\":\"https:\\\/\\\/gersonguelmann.com.br\\\/blog\\\/em-curitiba-churrasqueira-e-aquecedor-o-bom-humor-das-redes\\\/\",\"url\":\"https:\\\/\\\/gersonguelmann.com.br\\\/blog\\\/em-curitiba-churrasqueira-e-aquecedor-o-bom-humor-das-redes\\\/\",\"name\":\"Em Curitiba, Churrasqueira \u00e9 Aquecedor - O Bom Humor das Redes | Blog do Guelmann\",\"isPartOf\":{\"@id\":\"https:\\\/\\\/gersonguelmann.com.br\\\/blog\\\/#website\"},\"primaryImageOfPage\":{\"@id\":\"https:\\\/\\\/gersonguelmann.com.br\\\/blog\\\/em-curitiba-churrasqueira-e-aquecedor-o-bom-humor-das-redes\\\/#primaryimage\"},\"image\":{\"@id\":\"https:\\\/\\\/gersonguelmann.com.br\\\/blog\\\/em-curitiba-churrasqueira-e-aquecedor-o-bom-humor-das-redes\\\/#primaryimage\"},\"thumbnailUrl\":\"https:\\\/\\\/i0.wp.com\\\/gersonguelmann.com.br\\\/blog\\\/wp-content\\\/uploads\\\/2018\\\/05\\\/fire.jpg?fit=1024%2C768&ssl=1\",\"datePublished\":\"2018-05-22T01:21:11+00:00\",\"author\":{\"@id\":\"https:\\\/\\\/gersonguelmann.com.br\\\/blog\\\/#\\\/schema\\\/person\\\/87e70e2a786888082f941a482c90569e\"},\"inLanguage\":\"pt-BR\",\"potentialAction\":[{\"@type\":\"ReadAction\",\"target\":[\"https:\\\/\\\/gersonguelmann.com.br\\\/blog\\\/em-curitiba-churrasqueira-e-aquecedor-o-bom-humor-das-redes\\\/\"]}]},{\"@type\":\"ImageObject\",\"inLanguage\":\"pt-BR\",\"@id\":\"https:\\\/\\\/gersonguelmann.com.br\\\/blog\\\/em-curitiba-churrasqueira-e-aquecedor-o-bom-humor-das-redes\\\/#primaryimage\",\"url\":\"https:\\\/\\\/i0.wp.com\\\/gersonguelmann.com.br\\\/blog\\\/wp-content\\\/uploads\\\/2018\\\/05\\\/fire.jpg?fit=1024%2C768&ssl=1\",\"contentUrl\":\"https:\\\/\\\/i0.wp.com\\\/gersonguelmann.com.br\\\/blog\\\/wp-content\\\/uploads\\\/2018\\\/05\\\/fire.jpg?fit=1024%2C768&ssl=1\",\"width\":1024,\"height\":768},{\"@type\":\"WebSite\",\"@id\":\"https:\\\/\\\/gersonguelmann.com.br\\\/blog\\\/#website\",\"url\":\"https:\\\/\\\/gersonguelmann.com.br\\\/blog\\\/\",\"name\":\"Blog do Guelmann\",\"description\":\"Pitadas da sabedoria e do humor judaicos, assuntos do momento e um pouco das hist\u00f3rias que vivi e testemunhei.\",\"potentialAction\":[{\"@type\":\"SearchAction\",\"target\":{\"@type\":\"EntryPoint\",\"urlTemplate\":\"https:\\\/\\\/gersonguelmann.com.br\\\/blog\\\/?s={search_term_string}\"},\"query-input\":{\"@type\":\"PropertyValueSpecification\",\"valueRequired\":true,\"valueName\":\"search_term_string\"}}],\"inLanguage\":\"pt-BR\"},{\"@type\":\"Person\",\"@id\":\"https:\\\/\\\/gersonguelmann.com.br\\\/blog\\\/#\\\/schema\\\/person\\\/87e70e2a786888082f941a482c90569e\",\"name\":\"Gerson Guelmann\",\"image\":{\"@type\":\"ImageObject\",\"inLanguage\":\"pt-BR\",\"@id\":\"https:\\\/\\\/i0.wp.com\\\/gersonguelmann.com.br\\\/blog\\\/wp-content\\\/uploads\\\/2021\\\/08\\\/BLOG.jpeg?fit=96%2C96&ssl=1\",\"url\":\"https:\\\/\\\/i0.wp.com\\\/gersonguelmann.com.br\\\/blog\\\/wp-content\\\/uploads\\\/2021\\\/08\\\/BLOG.jpeg?fit=96%2C96&ssl=1\",\"contentUrl\":\"https:\\\/\\\/i0.wp.com\\\/gersonguelmann.com.br\\\/blog\\\/wp-content\\\/uploads\\\/2021\\\/08\\\/BLOG.jpeg?fit=96%2C96&ssl=1\",\"caption\":\"Gerson Guelmann\"},\"description\":\"Pitadas da sabedoria e do humor judaicos, assuntos do momento e um pouco das hist\u00f3rias que vivi e testemunhei.\"}]}<\/script>\n<!-- \/ Yoast SEO plugin. -->","yoast_head_json":{"title":"Em Curitiba, Churrasqueira \u00e9 Aquecedor - O Bom Humor das Redes | Blog do Guelmann","robots":{"index":"index","follow":"follow","max-snippet":"max-snippet:-1","max-image-preview":"max-image-preview:large","max-video-preview":"max-video-preview:-1"},"canonical":"https:\/\/gersonguelmann.com.br\/blog\/em-curitiba-churrasqueira-e-aquecedor-o-bom-humor-das-redes\/","og_locale":"pt_BR","og_type":"article","og_title":"Em Curitiba, Churrasqueira \u00e9 Aquecedor - O Bom Humor das Redes | Blog do Guelmann","og_description":"O bom humor dos Curitibanos nesta \u00e9poca de frio (abra para ver).","og_url":"https:\/\/gersonguelmann.com.br\/blog\/em-curitiba-churrasqueira-e-aquecedor-o-bom-humor-das-redes\/","og_site_name":"Blog do Guelmann","article_published_time":"2018-05-22T01:21:11+00:00","og_image":[{"width":1024,"height":768,"url":"https:\/\/i0.wp.com\/gersonguelmann.com.br\/blog\/wp-content\/uploads\/2018\/05\/fire.jpg?fit=1024%2C768&ssl=1","type":"image\/jpeg"}],"author":"Gerson Guelmann","twitter_card":"summary_large_image","twitter_misc":{"Escrito por":"Gerson Guelmann"},"schema":{"@context":"https:\/\/schema.org","@graph":[{"@type":"Article","@id":"https:\/\/gersonguelmann.com.br\/blog\/em-curitiba-churrasqueira-e-aquecedor-o-bom-humor-das-redes\/#article","isPartOf":{"@id":"https:\/\/gersonguelmann.com.br\/blog\/em-curitiba-churrasqueira-e-aquecedor-o-bom-humor-das-redes\/"},"author":{"name":"Gerson Guelmann","@id":"https:\/\/gersonguelmann.com.br\/blog\/#\/schema\/person\/87e70e2a786888082f941a482c90569e"},"headline":"Em Curitiba, Churrasqueira \u00e9 Aquecedor &#8211; O Bom Humor das Redes","datePublished":"2018-05-22T01:21:11+00:00","mainEntityOfPage":{"@id":"https:\/\/gersonguelmann.com.br\/blog\/em-curitiba-churrasqueira-e-aquecedor-o-bom-humor-das-redes\/"},"wordCount":22,"commentCount":0,"image":{"@id":"https:\/\/gersonguelmann.com.br\/blog\/em-curitiba-churrasqueira-e-aquecedor-o-bom-humor-das-redes\/#primaryimage"},"thumbnailUrl":"https:\/\/i0.wp.com\/gersonguelmann.com.br\/blog\/wp-content\/uploads\/2018\/05\/fire.jpg?fit=1024%2C768&ssl=1","inLanguage":"pt-BR","potentialAction":[{"@type":"CommentAction","name":"Comment","target":["https:\/\/gersonguelmann.com.br\/blog\/em-curitiba-churrasqueira-e-aquecedor-o-bom-humor-das-redes\/#respond"]}]},{"@type":"WebPage","@id":"https:\/\/gersonguelmann.com.br\/blog\/em-curitiba-churrasqueira-e-aquecedor-o-bom-humor-das-redes\/","url":"https:\/\/gersonguelmann.com.br\/blog\/em-curitiba-churrasqueira-e-aquecedor-o-bom-humor-das-redes\/","name":"Em Curitiba, Churrasqueira \u00e9 Aquecedor - O Bom Humor das Redes | Blog do Guelmann","isPartOf":{"@id":"https:\/\/gersonguelmann.com.br\/blog\/#website"},"primaryImageOfPage":{"@id":"https:\/\/gersonguelmann.com.br\/blog\/em-curitiba-churrasqueira-e-aquecedor-o-bom-humor-das-redes\/#primaryimage"},"image":{"@id":"https:\/\/gersonguelmann.com.br\/blog\/em-curitiba-churrasqueira-e-aquecedor-o-bom-humor-das-redes\/#primaryimage"},"thumbnailUrl":"https:\/\/i0.wp.com\/gersonguelmann.com.br\/blog\/wp-content\/uploads\/2018\/05\/fire.jpg?fit=1024%2C768&ssl=1","datePublished":"2018-05-22T01:21:11+00:00","author":{"@id":"https:\/\/gersonguelmann.com.br\/blog\/#\/schema\/person\/87e70e2a786888082f941a482c90569e"},"inLanguage":"pt-BR","potentialAction":[{"@type":"ReadAction","target":["https:\/\/gersonguelmann.com.br\/blog\/em-curitiba-churrasqueira-e-aquecedor-o-bom-humor-das-redes\/"]}]},{"@type":"ImageObject","inLanguage":"pt-BR","@id":"https:\/\/gersonguelmann.com.br\/blog\/em-curitiba-churrasqueira-e-aquecedor-o-bom-humor-das-redes\/#primaryimage","url":"https:\/\/i0.wp.com\/gersonguelmann.com.br\/blog\/wp-content\/uploads\/2018\/05\/fire.jpg?fit=1024%2C768&ssl=1","contentUrl":"https:\/\/i0.wp.com\/gersonguelmann.com.br\/blog\/wp-content\/uploads\/2018\/05\/fire.jpg?fit=1024%2C768&ssl=1","width":1024,"height":768},{"@type":"WebSite","@id":"https:\/\/gersonguelmann.com.br\/blog\/#website","url":"https:\/\/gersonguelmann.com.br\/blog\/","name":"Blog do Guelmann","description":"Pitadas da sabedoria e do humor judaicos, assuntos do momento e um pouco das hist\u00f3rias que vivi e testemunhei.","potentialAction":[{"@type":"SearchAction","target":{"@type":"EntryPoint","urlTemplate":"https:\/\/gersonguelmann.com.br\/blog\/?s={search_term_string}"},"query-input":{"@type":"PropertyValueSpecification","valueRequired":true,"valueName":"search_term_string"}}],"inLanguage":"pt-BR"},{"@type":"Person","@id":"https:\/\/gersonguelmann.com.br\/blog\/#\/schema\/person\/87e70e2a786888082f941a482c90569e","name":"Gerson Guelmann","image":{"@type":"ImageObject","inLanguage":"pt-BR","@id":"https:\/\/i0.wp.com\/gersonguelmann.com.br\/blog\/wp-content\/uploads\/2021\/08\/BLOG.jpeg?fit=96%2C96&ssl=1","url":"https:\/\/i0.wp.com\/gersonguelmann.com.br\/blog\/wp-content\/uploads\/2021\/08\/BLOG.jpeg?fit=96%2C96&ssl=1","contentUrl":"https:\/\/i0.wp.com\/gersonguelmann.com.br\/blog\/wp-content\/uploads\/2021\/08\/BLOG.jpeg?fit=96%2C96&ssl=1","caption":"Gerson Guelmann"},"description":"Pitadas da sabedoria e do humor judaicos, assuntos do momento e um pouco das hist\u00f3rias que vivi e testemunhei."}]}},"views":27,"jetpack_publicize_connections":[],"jetpack_featured_media_url":"https:\/\/i0.wp.com\/gersonguelmann.com.br\/blog\/wp-content\/uploads\/2018\/05\/fire.jpg?fit=1024%2C768&ssl=1","jetpack_shortlink":"https:\/\/wp.me\/p96e7O-3pH","jetpack-related-posts":[{"id":5247,"url":"https:\/\/gersonguelmann.com.br\/blog\/estacionamento-para-gravidas-o-bom-humor-das-redes\/","url_meta":{"origin":13125,"position":0},"title":"Estacionamento Para Gr\u00e1vidas &#8211; O Bom Humor das Redes","author":"Gerson Guelmann","date":"6 de dezembro de 2017","format":false,"excerpt":"Acho que n\u00e3o \u00e9 muito comum encontrar estacionamentos privativos para Gestantes. Lembro de j\u00e1 ter visto um aqui em Curitiba, em um Shopping, que reservou vagas mais pr\u00f3ximas das portas de entrada. No caso desse da foto, a informa\u00e7\u00e3o que veio, naturalmente em tom de brincadeira, \u00e9 que a senhora\u2026","rel":"","context":"Em &quot;Sem categoria&quot;","block_context":{"text":"Sem categoria","link":"https:\/\/gersonguelmann.com.br\/blog\/category\/sem-categoria\/"},"img":{"alt_text":"","src":"https:\/\/i0.wp.com\/gersonguelmann.com.br\/blog\/wp-content\/uploads\/2017\/12\/Gr%C3%A1vida.jpg?fit=600%2C450&ssl=1&resize=350%2C200","width":350,"height":200,"srcset":"https:\/\/i0.wp.com\/gersonguelmann.com.br\/blog\/wp-content\/uploads\/2017\/12\/Gr%C3%A1vida.jpg?fit=600%2C450&ssl=1&resize=350%2C200 1x, https:\/\/i0.wp.com\/gersonguelmann.com.br\/blog\/wp-content\/uploads\/2017\/12\/Gr%C3%A1vida.jpg?fit=600%2C450&ssl=1&resize=525%2C300 1.5x"},"classes":[]},{"id":5814,"url":"https:\/\/gersonguelmann.com.br\/blog\/voce-faria-isso-com-tua-mulher-o-bom-humor-das-redes\/","url_meta":{"origin":13125,"position":1},"title":"Voc\u00ea Faria Isso Com Tua Mulher? &#8211; O Bom Humor das Redes","author":"Gerson Guelmann","date":"4 de mar\u00e7o de 2021","format":false,"excerpt":"Foto: Engin Akyurt - Unsplash O v\u00eddeo \u00e9 de 2008 e foi gravado no circuito de Jerez na Espanha. O piloto Riccardo Patrese levou a esposa Francesca Accordi para dar uma volta no Honda Civic Type R. O carro, com mais de 300hp, chega aos 100kmh em 6 segundos e\u2026","rel":"","context":"Em &quot;Sem categoria&quot;","block_context":{"text":"Sem categoria","link":"https:\/\/gersonguelmann.com.br\/blog\/category\/sem-categoria\/"},"img":{"alt_text":"","src":"https:\/\/i0.wp.com\/gersonguelmann.com.br\/blog\/wp-content\/uploads\/2017\/12\/engin-akyurt-V7whJtheTZY-unsplash-scaled.jpg?fit=1200%2C800&ssl=1&resize=350%2C200","width":350,"height":200,"srcset":"https:\/\/i0.wp.com\/gersonguelmann.com.br\/blog\/wp-content\/uploads\/2017\/12\/engin-akyurt-V7whJtheTZY-unsplash-scaled.jpg?fit=1200%2C800&ssl=1&resize=350%2C200 1x, https:\/\/i0.wp.com\/gersonguelmann.com.br\/blog\/wp-content\/uploads\/2017\/12\/engin-akyurt-V7whJtheTZY-unsplash-scaled.jpg?fit=1200%2C800&ssl=1&resize=525%2C300 1.5x, https:\/\/i0.wp.com\/gersonguelmann.com.br\/blog\/wp-content\/uploads\/2017\/12\/engin-akyurt-V7whJtheTZY-unsplash-scaled.jpg?fit=1200%2C800&ssl=1&resize=700%2C400 2x, https:\/\/i0.wp.com\/gersonguelmann.com.br\/blog\/wp-content\/uploads\/2017\/12\/engin-akyurt-V7whJtheTZY-unsplash-scaled.jpg?fit=1200%2C800&ssl=1&resize=1050%2C600 3x"},"classes":[]},{"id":2359,"url":"https:\/\/gersonguelmann.com.br\/blog\/o-celular-roubado-e-a-conversa-com-o-ladrao-o-bom-humor-das-redes\/","url_meta":{"origin":13125,"position":2},"title":"O Celular Roubado e a Conversa Com o Ladr\u00e3o &#8211; O Bom Humor das Redes","author":"Gerson Guelmann","date":"21 de janeiro de 2021","format":false,"excerpt":"Em tempos de mobilidade (\u00e9 quase certo que voc\u00ea esteja lendo isso no celular) o exemplo de bom humor de hoje tem tudo a ver com isso. Veja isso: - o celular da mo\u00e7a foi roubado e o ladr\u00e3o mandou mensagem para o namorado dela, sugerindo que ele fosse em\u2026","rel":"","context":"Em &quot;Sem categoria&quot;","block_context":{"text":"Sem categoria","link":"https:\/\/gersonguelmann.com.br\/blog\/category\/sem-categoria\/"},"img":{"alt_text":"","src":"https:\/\/i0.wp.com\/gersonguelmann.com.br\/blog\/wp-content\/uploads\/2017\/10\/CELULAR-1.jpg?fit=373%2C249&ssl=1&resize=350%2C200","width":350,"height":200},"classes":[]},{"id":6553,"url":"https:\/\/gersonguelmann.com.br\/blog\/curitibano-na-praia-o-bom-humor-das-redes\/","url_meta":{"origin":13125,"position":3},"title":"Curitibano na Praia &#8211; O Bom Humor das Redes","author":"Gerson Guelmann","date":"6 de janeiro de 2018","format":false,"excerpt":"Para n\u00f3s Curitibanos que temos que nos contentar com baixos n\u00edveis de Vitamina D e minguados dias de sol, n\u00e3o pode haver imagem mais ilustrativa...","rel":"","context":"Em &quot;Sem categoria&quot;","block_context":{"text":"Sem categoria","link":"https:\/\/gersonguelmann.com.br\/blog\/category\/sem-categoria\/"},"img":{"alt_text":"","src":"https:\/\/i0.wp.com\/gersonguelmann.com.br\/blog\/wp-content\/uploads\/2018\/01\/Curitibano-na-praia.jpg?fit=489%2C334&ssl=1&resize=350%2C200","width":350,"height":200},"classes":[]},{"id":6579,"url":"https:\/\/gersonguelmann.com.br\/blog\/esta-com-algum-problema-filho-o-bom-humor-das-redes\/","url_meta":{"origin":13125,"position":4},"title":"Est\u00e1 Com Algum Problema, Filho? &#8211; O Bom Humor das Redes","author":"Gerson Guelmann","date":"7 de janeiro de 2018","format":false,"excerpt":"Antigamente esse era o texto dos panfletos que as cartomantes colocavam nos autom\u00f3veis estacionados nas ruas. Ali\u00e1s, de vez em quando ainda se v\u00ea esse tipo de an\u00fancio em banners nos postes. Para vender cerveja \u00e9 a primeira vez que vejo. E o autor merece aplausos e boas vendas.","rel":"","context":"Em &quot;Sem categoria&quot;","block_context":{"text":"Sem categoria","link":"https:\/\/gersonguelmann.com.br\/blog\/category\/sem-categoria\/"},"img":{"alt_text":"","src":"https:\/\/i0.wp.com\/gersonguelmann.com.br\/blog\/wp-content\/uploads\/2018\/01\/Skol.jpg?fit=640%2C1136&ssl=1&resize=350%2C200","width":350,"height":200,"srcset":"https:\/\/i0.wp.com\/gersonguelmann.com.br\/blog\/wp-content\/uploads\/2018\/01\/Skol.jpg?fit=640%2C1136&ssl=1&resize=350%2C200 1x, https:\/\/i0.wp.com\/gersonguelmann.com.br\/blog\/wp-content\/uploads\/2018\/01\/Skol.jpg?fit=640%2C1136&ssl=1&resize=525%2C300 1.5x"},"classes":[]},{"id":2187,"url":"https:\/\/gersonguelmann.com.br\/blog\/o-bom-humor-das-redes-2\/","url_meta":{"origin":13125,"position":5},"title":"O Bom Humor das Redes","author":"Gerson Guelmann","date":"29 de setembro de 2017","format":false,"excerpt":"O exemplo de bom humor de hoje teve origem em postagem do site \"O Sensacionalista\", um dos melhores do pa\u00eds. Logo ap\u00f3s ter sido publicado foi compartilhado milhares de vezes em raz\u00e3o do oportunismo, que, ali\u00e1s, \u00e9 a marca registrada deles.","rel":"","context":"Em &quot;Sem categoria&quot;","block_context":{"text":"Sem categoria","link":"https:\/\/gersonguelmann.com.br\/blog\/category\/sem-categoria\/"},"img":{"alt_text":"","src":"https:\/\/i0.wp.com\/gersonguelmann.com.br\/blog\/wp-content\/uploads\/2017\/09\/A%C3%A9cio.jpg?fit=674%2C1200&ssl=1&resize=350%2C200","width":350,"height":200,"srcset":"https:\/\/i0.wp.com\/gersonguelmann.com.br\/blog\/wp-content\/uploads\/2017\/09\/A%C3%A9cio.jpg?fit=674%2C1200&ssl=1&resize=350%2C200 1x, https:\/\/i0.wp.com\/gersonguelmann.com.br\/blog\/wp-content\/uploads\/2017\/09\/A%C3%A9cio.jpg?fit=674%2C1200&ssl=1&resize=525%2C300 1.5x"},"classes":[]}],"jetpack_sharing_enabled":true,"post_mailing_queue_ids":[],"_links":{"self":[{"href":"https:\/\/gersonguelmann.com.br\/blog\/wp-json\/wp\/v2\/posts\/13125","targetHints":{"allow":["GET"]}}],"collection":[{"href":"https:\/\/gersonguelmann.com.br\/blog\/wp-json\/wp\/v2\/posts"}],"about":[{"href":"https:\/\/gersonguelmann.com.br\/blog\/wp-json\/wp\/v2\/types\/post"}],"author":[{"embeddable":true,"href":"https:\/\/gersonguelmann.com.br\/blog\/wp-json\/wp\/v2\/users\/5"}],"replies":[{"embeddable":true,"href":"https:\/\/gersonguelmann.com.br\/blog\/wp-json\/wp\/v2\/comments?post=13125"}],"version-history":[{"count":0,"href":"https:\/\/gersonguelmann.com.br\/blog\/wp-json\/wp\/v2\/posts\/13125\/revisions"}],"wp:featuredmedia":[{"embeddable":true,"href":"https:\/\/gersonguelmann.com.br\/blog\/wp-json\/wp\/v2\/media\/13126"}],"wp:attachment":[{"href":"https:\/\/gersonguelmann.com.br\/blog\/wp-json\/wp\/v2\/media?parent=13125"}],"wp:term":[{"taxonomy":"category","embeddable":true,"href":"https:\/\/gersonguelmann.com.br\/blog\/wp-json\/wp\/v2\/categories?post=13125"},{"taxonomy":"post_tag","embeddable":true,"href":"https:\/\/gersonguelmann.com.br\/blog\/wp-json\/wp\/v2\/tags?post=13125"}],"curies":[{"name":"wp","href":"https:\/\/api.w.org\/{rel}","templated":true}]}}