    {"id":13130,"date":"2018-05-22T14:02:05","date_gmt":"2018-05-22T17:02:05","guid":{"rendered":"https:\/\/gersonguelmann.com.br\/blog\/?p=13130"},"modified":"2018-05-22T14:02:05","modified_gmt":"2018-05-22T17:02:05","slug":"duas-perdas-que-deixam-o-mundo-mais-pobre","status":"publish","type":"post","link":"https:\/\/gersonguelmann.com.br\/blog\/duas-perdas-que-deixam-o-mundo-mais-pobre\/","title":{"rendered":"Duas Perdas Que Deixam o Mundo Mais Pobre"},"content":{"rendered":"<p style=\"text-align: center;\"><img data-recalc-dims=\"1\" fetchpriority=\"high\" decoding=\"async\" data-attachment-id=\"13131\" data-permalink=\"https:\/\/gersonguelmann.com.br\/blog\/duas-perdas-que-deixam-o-mundo-mais-pobre\/ad-17\/\" data-orig-file=\"https:\/\/i0.wp.com\/gersonguelmann.com.br\/blog\/wp-content\/uploads\/2018\/05\/AD.jpg?fit=1262%2C840&amp;ssl=1\" data-orig-size=\"1262,840\" data-comments-opened=\"1\" data-image-meta=\"{&quot;aperture&quot;:&quot;0&quot;,&quot;credit&quot;:&quot;&quot;,&quot;camera&quot;:&quot;&quot;,&quot;caption&quot;:&quot;&quot;,&quot;created_timestamp&quot;:&quot;0&quot;,&quot;copyright&quot;:&quot;&quot;,&quot;focal_length&quot;:&quot;0&quot;,&quot;iso&quot;:&quot;0&quot;,&quot;shutter_speed&quot;:&quot;0&quot;,&quot;title&quot;:&quot;&quot;,&quot;orientation&quot;:&quot;0&quot;}\" data-image-title=\"AD\" data-image-description=\"\" data-image-caption=\"\" data-medium-file=\"https:\/\/i0.wp.com\/gersonguelmann.com.br\/blog\/wp-content\/uploads\/2018\/05\/AD.jpg?fit=300%2C200&amp;ssl=1\" data-large-file=\"https:\/\/i0.wp.com\/gersonguelmann.com.br\/blog\/wp-content\/uploads\/2018\/05\/AD.jpg?fit=640%2C426&amp;ssl=1\" class=\"alignnone size-medium wp-image-13131\" src=\"https:\/\/i0.wp.com\/gersonguelmann.com.br\/blog\/wp-content\/uploads\/2018\/05\/AD.jpg?resize=300%2C200&#038;ssl=1\" alt=\"\" width=\"300\" height=\"200\" srcset=\"https:\/\/i0.wp.com\/gersonguelmann.com.br\/blog\/wp-content\/uploads\/2018\/05\/AD.jpg?resize=300%2C200&amp;ssl=1 300w, https:\/\/i0.wp.com\/gersonguelmann.com.br\/blog\/wp-content\/uploads\/2018\/05\/AD.jpg?resize=768%2C511&amp;ssl=1 768w, https:\/\/i0.wp.com\/gersonguelmann.com.br\/blog\/wp-content\/uploads\/2018\/05\/AD.jpg?resize=1024%2C682&amp;ssl=1 1024w, https:\/\/i0.wp.com\/gersonguelmann.com.br\/blog\/wp-content\/uploads\/2018\/05\/AD.jpg?resize=750%2C500&amp;ssl=1 750w, https:\/\/i0.wp.com\/gersonguelmann.com.br\/blog\/wp-content\/uploads\/2018\/05\/AD.jpg?w=1262&amp;ssl=1 1262w\" sizes=\"(max-width: 300px) 100vw, 300px\" \/><\/p>\n<p><span style=\"font-family: georgia, palatino, serif; font-size: 18pt; color: #000000;\">Meu dia amanheceu mais triste, com as not\u00edcias do falecimento do S\u00e9rgio Prosdocimo, aqui em Curitiba, e do Alberto Dines, em S\u00e3o Paulo.<\/span><\/p>\n<p><span style=\"font-family: georgia, palatino, serif; font-size: 18pt; color: #000000;\">O Sergio eu conheci no final da d\u00e9cada de 1960, quando comecei a trabalhar nos M\u00f3veis Guelmann, e ele dava os primeiros passos na administra\u00e7\u00e3o da Refrigera\u00e7\u00e3o Paran\u00e1, que sob o comando dele agigantou-se a ponto de tornar-se uma das maiores empresas do setor no\u00a0 Brasil.<\/span><\/p>\n<p><span style=\"font-family: georgia, palatino, serif; font-size: 18pt; color: #000000;\">O Sergio era dono de uma personalidade marcante, um cara transparente, objetivo, de uma mente privilegiada e not\u00e1vel capacidade de trabalho.\u00a0<\/span><\/p>\n<p><span style=\"font-family: georgia, palatino, serif; font-size: 18pt; color: #000000;\">O Alberto Dines me foi apresentado pelo Jaime Lerner na \u00faltima gest\u00e3o na Prefeitura de Curitiba. Na ocasi\u00e3o ele comentou que seu pai havia morado aqui, onde fora dono de uma tinturaria. <\/span><\/p>\n<p><span style=\"font-family: georgia, palatino, serif; font-size: 18pt; color: #000000;\">O Jaime queria encontrar algum registro dessa \u00e9poca para ofertar ao Dines, mas n\u00e3o encontramos nada no arquivo da Prefeitura. Eram tempos pr\u00e9-internet e acabei recorrendo ao Paulo Cordeiro, ent\u00e3o presidente da extinta Telepar, que conseguiu uma fotoc\u00f3pia da p\u00e1gina do cat\u00e1logo telef\u00f4nico com o nome do estabelecimento, endere\u00e7o e, naturalmente, o n\u00famero do telefone. Lembro da surpresa dele ao receber o presente.<\/span><\/p>\n<p><span style=\"font-family: georgia, palatino, serif; font-size: 18pt; color: #000000;\">Far\u00e3o falta, o Sergio e o Dines.<\/span><\/p>\n<p style=\"text-align: center;\"><img data-recalc-dims=\"1\" decoding=\"async\" data-attachment-id=\"13132\" data-permalink=\"https:\/\/gersonguelmann.com.br\/blog\/duas-perdas-que-deixam-o-mundo-mais-pobre\/sergio-prosdocimo-e1526996115377\/\" data-orig-file=\"https:\/\/i0.wp.com\/gersonguelmann.com.br\/blog\/wp-content\/uploads\/2018\/05\/sergio-prosdocimo-e1526996115377.png?fit=613%2C356&amp;ssl=1\" data-orig-size=\"613,356\" data-comments-opened=\"1\" data-image-meta=\"{&quot;aperture&quot;:&quot;0&quot;,&quot;credit&quot;:&quot;&quot;,&quot;camera&quot;:&quot;&quot;,&quot;caption&quot;:&quot;&quot;,&quot;created_timestamp&quot;:&quot;0&quot;,&quot;copyright&quot;:&quot;&quot;,&quot;focal_length&quot;:&quot;0&quot;,&quot;iso&quot;:&quot;0&quot;,&quot;shutter_speed&quot;:&quot;0&quot;,&quot;title&quot;:&quot;&quot;,&quot;orientation&quot;:&quot;0&quot;}\" data-image-title=\"sergio-prosdocimo-e1526996115377\" data-image-description=\"\" data-image-caption=\"\" data-medium-file=\"https:\/\/i0.wp.com\/gersonguelmann.com.br\/blog\/wp-content\/uploads\/2018\/05\/sergio-prosdocimo-e1526996115377.png?fit=300%2C174&amp;ssl=1\" data-large-file=\"https:\/\/i0.wp.com\/gersonguelmann.com.br\/blog\/wp-content\/uploads\/2018\/05\/sergio-prosdocimo-e1526996115377.png?fit=613%2C356&amp;ssl=1\" class=\"alignnone size-medium wp-image-13132\" src=\"https:\/\/i0.wp.com\/gersonguelmann.com.br\/blog\/wp-content\/uploads\/2018\/05\/sergio-prosdocimo-e1526996115377-300x174.png?resize=300%2C174&#038;ssl=1\" alt=\"\" width=\"300\" height=\"174\" srcset=\"https:\/\/i0.wp.com\/gersonguelmann.com.br\/blog\/wp-content\/uploads\/2018\/05\/sergio-prosdocimo-e1526996115377.png?resize=300%2C174&amp;ssl=1 300w, https:\/\/i0.wp.com\/gersonguelmann.com.br\/blog\/wp-content\/uploads\/2018\/05\/sergio-prosdocimo-e1526996115377.png?w=613&amp;ssl=1 613w\" sizes=\"(max-width: 300px) 100vw, 300px\" \/><\/p>\n<p>&nbsp;<\/p>\n","protected":false},"excerpt":{"rendered":"<p>Meu dia amanheceu mais triste, com as not\u00edcias do falecimento do S\u00e9rgio Prosdocimo, aqui em Curitiba, e do Alberto Dines, em S\u00e3o Paulo. O Sergio eu conheci no final da d\u00e9cada de 1960, quando comecei a trabalhar nos M\u00f3veis Guelmann, e ele dava os primeiros passos na administra\u00e7\u00e3o da Refrigera\u00e7\u00e3o Paran\u00e1, que sob o comando [&hellip;]<\/p>\n","protected":false},"author":5,"featured_media":13131,"comment_status":"open","ping_status":"open","sticky":false,"template":"","format":"standard","meta":{"_acf_changed":false,"jetpack_post_was_ever_published":false,"_jetpack_newsletter_access":"","_jetpack_dont_email_post_to_subs":false,"_jetpack_newsletter_tier_id":0,"_jetpack_memberships_contains_paywalled_content":false,"_jetpack_memberships_contains_paid_content":false,"footnotes":"","jetpack_publicize_message":"","jetpack_publicize_feature_enabled":true,"jetpack_social_post_already_shared":true,"jetpack_social_options":{"image_generator_settings":{"template":"highway","default_image_id":0,"font":"","enabled":false},"version":2}},"categories":[1],"tags":[],"class_list":["post-13130","post","type-post","status-publish","format-standard","has-post-thumbnail","hentry","category-sem-categoria"],"acf":[],"yoast_head":"<!-- This site is optimized with the Yoast SEO plugin v27.3 - https:\/\/yoast.com\/product\/yoast-seo-wordpress\/ -->\n<title>Duas Perdas Que Deixam o Mundo Mais Pobre | Blog do Guelmann<\/title>\n<meta name=\"robots\" content=\"index, follow, max-snippet:-1, max-image-preview:large, max-video-preview:-1\" \/>\n<link rel=\"canonical\" href=\"https:\/\/gersonguelmann.com.br\/blog\/duas-perdas-que-deixam-o-mundo-mais-pobre\/\" \/>\n<meta property=\"og:locale\" content=\"pt_BR\" \/>\n<meta property=\"og:type\" content=\"article\" \/>\n<meta property=\"og:title\" content=\"Duas Perdas Que Deixam o Mundo Mais Pobre | Blog do Guelmann\" \/>\n<meta property=\"og:description\" content=\"Meu dia amanheceu mais triste, com as not\u00edcias do falecimento do S\u00e9rgio Prosdocimo, aqui em Curitiba, e do Alberto Dines, em S\u00e3o Paulo. O Sergio eu conheci no final da d\u00e9cada de 1960, quando comecei a trabalhar nos M\u00f3veis Guelmann, e ele dava os primeiros passos na administra\u00e7\u00e3o da Refrigera\u00e7\u00e3o Paran\u00e1, que sob o comando [&hellip;]\" \/>\n<meta property=\"og:url\" content=\"https:\/\/gersonguelmann.com.br\/blog\/duas-perdas-que-deixam-o-mundo-mais-pobre\/\" \/>\n<meta property=\"og:site_name\" content=\"Blog do Guelmann\" \/>\n<meta property=\"article:published_time\" content=\"2018-05-22T17:02:05+00:00\" \/>\n<meta property=\"og:image\" content=\"https:\/\/i0.wp.com\/gersonguelmann.com.br\/blog\/wp-content\/uploads\/2018\/05\/AD.jpg?fit=1262%2C840&ssl=1\" \/>\n\t<meta property=\"og:image:width\" content=\"1262\" \/>\n\t<meta property=\"og:image:height\" content=\"840\" \/>\n\t<meta property=\"og:image:type\" content=\"image\/jpeg\" \/>\n<meta name=\"author\" content=\"Gerson Guelmann\" \/>\n<meta name=\"twitter:card\" content=\"summary_large_image\" \/>\n<meta name=\"twitter:label1\" content=\"Escrito por\" \/>\n\t<meta name=\"twitter:data1\" content=\"Gerson Guelmann\" \/>\n\t<meta name=\"twitter:label2\" content=\"Est. tempo de leitura\" \/>\n\t<meta name=\"twitter:data2\" content=\"1 minuto\" \/>\n<script type=\"application\/ld+json\" class=\"yoast-schema-graph\">{\"@context\":\"https:\\\/\\\/schema.org\",\"@graph\":[{\"@type\":\"Article\",\"@id\":\"https:\\\/\\\/gersonguelmann.com.br\\\/blog\\\/duas-perdas-que-deixam-o-mundo-mais-pobre\\\/#article\",\"isPartOf\":{\"@id\":\"https:\\\/\\\/gersonguelmann.com.br\\\/blog\\\/duas-perdas-que-deixam-o-mundo-mais-pobre\\\/\"},\"author\":{\"name\":\"Gerson Guelmann\",\"@id\":\"https:\\\/\\\/gersonguelmann.com.br\\\/blog\\\/#\\\/schema\\\/person\\\/87e70e2a786888082f941a482c90569e\"},\"headline\":\"Duas Perdas Que Deixam o Mundo Mais Pobre\",\"datePublished\":\"2018-05-22T17:02:05+00:00\",\"mainEntityOfPage\":{\"@id\":\"https:\\\/\\\/gersonguelmann.com.br\\\/blog\\\/duas-perdas-que-deixam-o-mundo-mais-pobre\\\/\"},\"wordCount\":220,\"commentCount\":0,\"image\":{\"@id\":\"https:\\\/\\\/gersonguelmann.com.br\\\/blog\\\/duas-perdas-que-deixam-o-mundo-mais-pobre\\\/#primaryimage\"},\"thumbnailUrl\":\"https:\\\/\\\/i0.wp.com\\\/gersonguelmann.com.br\\\/blog\\\/wp-content\\\/uploads\\\/2018\\\/05\\\/AD.jpg?fit=1262%2C840&ssl=1\",\"inLanguage\":\"pt-BR\",\"potentialAction\":[{\"@type\":\"CommentAction\",\"name\":\"Comment\",\"target\":[\"https:\\\/\\\/gersonguelmann.com.br\\\/blog\\\/duas-perdas-que-deixam-o-mundo-mais-pobre\\\/#respond\"]}]},{\"@type\":\"WebPage\",\"@id\":\"https:\\\/\\\/gersonguelmann.com.br\\\/blog\\\/duas-perdas-que-deixam-o-mundo-mais-pobre\\\/\",\"url\":\"https:\\\/\\\/gersonguelmann.com.br\\\/blog\\\/duas-perdas-que-deixam-o-mundo-mais-pobre\\\/\",\"name\":\"Duas Perdas Que Deixam o Mundo Mais Pobre | Blog do Guelmann\",\"isPartOf\":{\"@id\":\"https:\\\/\\\/gersonguelmann.com.br\\\/blog\\\/#website\"},\"primaryImageOfPage\":{\"@id\":\"https:\\\/\\\/gersonguelmann.com.br\\\/blog\\\/duas-perdas-que-deixam-o-mundo-mais-pobre\\\/#primaryimage\"},\"image\":{\"@id\":\"https:\\\/\\\/gersonguelmann.com.br\\\/blog\\\/duas-perdas-que-deixam-o-mundo-mais-pobre\\\/#primaryimage\"},\"thumbnailUrl\":\"https:\\\/\\\/i0.wp.com\\\/gersonguelmann.com.br\\\/blog\\\/wp-content\\\/uploads\\\/2018\\\/05\\\/AD.jpg?fit=1262%2C840&ssl=1\",\"datePublished\":\"2018-05-22T17:02:05+00:00\",\"author\":{\"@id\":\"https:\\\/\\\/gersonguelmann.com.br\\\/blog\\\/#\\\/schema\\\/person\\\/87e70e2a786888082f941a482c90569e\"},\"inLanguage\":\"pt-BR\",\"potentialAction\":[{\"@type\":\"ReadAction\",\"target\":[\"https:\\\/\\\/gersonguelmann.com.br\\\/blog\\\/duas-perdas-que-deixam-o-mundo-mais-pobre\\\/\"]}]},{\"@type\":\"ImageObject\",\"inLanguage\":\"pt-BR\",\"@id\":\"https:\\\/\\\/gersonguelmann.com.br\\\/blog\\\/duas-perdas-que-deixam-o-mundo-mais-pobre\\\/#primaryimage\",\"url\":\"https:\\\/\\\/i0.wp.com\\\/gersonguelmann.com.br\\\/blog\\\/wp-content\\\/uploads\\\/2018\\\/05\\\/AD.jpg?fit=1262%2C840&ssl=1\",\"contentUrl\":\"https:\\\/\\\/i0.wp.com\\\/gersonguelmann.com.br\\\/blog\\\/wp-content\\\/uploads\\\/2018\\\/05\\\/AD.jpg?fit=1262%2C840&ssl=1\",\"width\":1262,\"height\":840},{\"@type\":\"WebSite\",\"@id\":\"https:\\\/\\\/gersonguelmann.com.br\\\/blog\\\/#website\",\"url\":\"https:\\\/\\\/gersonguelmann.com.br\\\/blog\\\/\",\"name\":\"Blog do Guelmann\",\"description\":\"Pitadas da sabedoria e do humor judaicos, assuntos do momento e um pouco das hist\u00f3rias que vivi e testemunhei.\",\"potentialAction\":[{\"@type\":\"SearchAction\",\"target\":{\"@type\":\"EntryPoint\",\"urlTemplate\":\"https:\\\/\\\/gersonguelmann.com.br\\\/blog\\\/?s={search_term_string}\"},\"query-input\":{\"@type\":\"PropertyValueSpecification\",\"valueRequired\":true,\"valueName\":\"search_term_string\"}}],\"inLanguage\":\"pt-BR\"},{\"@type\":\"Person\",\"@id\":\"https:\\\/\\\/gersonguelmann.com.br\\\/blog\\\/#\\\/schema\\\/person\\\/87e70e2a786888082f941a482c90569e\",\"name\":\"Gerson Guelmann\",\"image\":{\"@type\":\"ImageObject\",\"inLanguage\":\"pt-BR\",\"@id\":\"https:\\\/\\\/i0.wp.com\\\/gersonguelmann.com.br\\\/blog\\\/wp-content\\\/uploads\\\/2021\\\/08\\\/BLOG.jpeg?fit=96%2C96&ssl=1\",\"url\":\"https:\\\/\\\/i0.wp.com\\\/gersonguelmann.com.br\\\/blog\\\/wp-content\\\/uploads\\\/2021\\\/08\\\/BLOG.jpeg?fit=96%2C96&ssl=1\",\"contentUrl\":\"https:\\\/\\\/i0.wp.com\\\/gersonguelmann.com.br\\\/blog\\\/wp-content\\\/uploads\\\/2021\\\/08\\\/BLOG.jpeg?fit=96%2C96&ssl=1\",\"caption\":\"Gerson Guelmann\"},\"description\":\"Pitadas da sabedoria e do humor judaicos, assuntos do momento e um pouco das hist\u00f3rias que vivi e testemunhei.\"}]}<\/script>\n<!-- \/ Yoast SEO plugin. -->","yoast_head_json":{"title":"Duas Perdas Que Deixam o Mundo Mais Pobre | Blog do Guelmann","robots":{"index":"index","follow":"follow","max-snippet":"max-snippet:-1","max-image-preview":"max-image-preview:large","max-video-preview":"max-video-preview:-1"},"canonical":"https:\/\/gersonguelmann.com.br\/blog\/duas-perdas-que-deixam-o-mundo-mais-pobre\/","og_locale":"pt_BR","og_type":"article","og_title":"Duas Perdas Que Deixam o Mundo Mais Pobre | Blog do Guelmann","og_description":"Meu dia amanheceu mais triste, com as not\u00edcias do falecimento do S\u00e9rgio Prosdocimo, aqui em Curitiba, e do Alberto Dines, em S\u00e3o Paulo. O Sergio eu conheci no final da d\u00e9cada de 1960, quando comecei a trabalhar nos M\u00f3veis Guelmann, e ele dava os primeiros passos na administra\u00e7\u00e3o da Refrigera\u00e7\u00e3o Paran\u00e1, que sob o comando [&hellip;]","og_url":"https:\/\/gersonguelmann.com.br\/blog\/duas-perdas-que-deixam-o-mundo-mais-pobre\/","og_site_name":"Blog do Guelmann","article_published_time":"2018-05-22T17:02:05+00:00","og_image":[{"width":1262,"height":840,"url":"https:\/\/i0.wp.com\/gersonguelmann.com.br\/blog\/wp-content\/uploads\/2018\/05\/AD.jpg?fit=1262%2C840&ssl=1","type":"image\/jpeg"}],"author":"Gerson Guelmann","twitter_card":"summary_large_image","twitter_misc":{"Escrito por":"Gerson Guelmann","Est. tempo de leitura":"1 minuto"},"schema":{"@context":"https:\/\/schema.org","@graph":[{"@type":"Article","@id":"https:\/\/gersonguelmann.com.br\/blog\/duas-perdas-que-deixam-o-mundo-mais-pobre\/#article","isPartOf":{"@id":"https:\/\/gersonguelmann.com.br\/blog\/duas-perdas-que-deixam-o-mundo-mais-pobre\/"},"author":{"name":"Gerson Guelmann","@id":"https:\/\/gersonguelmann.com.br\/blog\/#\/schema\/person\/87e70e2a786888082f941a482c90569e"},"headline":"Duas Perdas Que Deixam o Mundo Mais Pobre","datePublished":"2018-05-22T17:02:05+00:00","mainEntityOfPage":{"@id":"https:\/\/gersonguelmann.com.br\/blog\/duas-perdas-que-deixam-o-mundo-mais-pobre\/"},"wordCount":220,"commentCount":0,"image":{"@id":"https:\/\/gersonguelmann.com.br\/blog\/duas-perdas-que-deixam-o-mundo-mais-pobre\/#primaryimage"},"thumbnailUrl":"https:\/\/i0.wp.com\/gersonguelmann.com.br\/blog\/wp-content\/uploads\/2018\/05\/AD.jpg?fit=1262%2C840&ssl=1","inLanguage":"pt-BR","potentialAction":[{"@type":"CommentAction","name":"Comment","target":["https:\/\/gersonguelmann.com.br\/blog\/duas-perdas-que-deixam-o-mundo-mais-pobre\/#respond"]}]},{"@type":"WebPage","@id":"https:\/\/gersonguelmann.com.br\/blog\/duas-perdas-que-deixam-o-mundo-mais-pobre\/","url":"https:\/\/gersonguelmann.com.br\/blog\/duas-perdas-que-deixam-o-mundo-mais-pobre\/","name":"Duas Perdas Que Deixam o Mundo Mais Pobre | Blog do Guelmann","isPartOf":{"@id":"https:\/\/gersonguelmann.com.br\/blog\/#website"},"primaryImageOfPage":{"@id":"https:\/\/gersonguelmann.com.br\/blog\/duas-perdas-que-deixam-o-mundo-mais-pobre\/#primaryimage"},"image":{"@id":"https:\/\/gersonguelmann.com.br\/blog\/duas-perdas-que-deixam-o-mundo-mais-pobre\/#primaryimage"},"thumbnailUrl":"https:\/\/i0.wp.com\/gersonguelmann.com.br\/blog\/wp-content\/uploads\/2018\/05\/AD.jpg?fit=1262%2C840&ssl=1","datePublished":"2018-05-22T17:02:05+00:00","author":{"@id":"https:\/\/gersonguelmann.com.br\/blog\/#\/schema\/person\/87e70e2a786888082f941a482c90569e"},"inLanguage":"pt-BR","potentialAction":[{"@type":"ReadAction","target":["https:\/\/gersonguelmann.com.br\/blog\/duas-perdas-que-deixam-o-mundo-mais-pobre\/"]}]},{"@type":"ImageObject","inLanguage":"pt-BR","@id":"https:\/\/gersonguelmann.com.br\/blog\/duas-perdas-que-deixam-o-mundo-mais-pobre\/#primaryimage","url":"https:\/\/i0.wp.com\/gersonguelmann.com.br\/blog\/wp-content\/uploads\/2018\/05\/AD.jpg?fit=1262%2C840&ssl=1","contentUrl":"https:\/\/i0.wp.com\/gersonguelmann.com.br\/blog\/wp-content\/uploads\/2018\/05\/AD.jpg?fit=1262%2C840&ssl=1","width":1262,"height":840},{"@type":"WebSite","@id":"https:\/\/gersonguelmann.com.br\/blog\/#website","url":"https:\/\/gersonguelmann.com.br\/blog\/","name":"Blog do Guelmann","description":"Pitadas da sabedoria e do humor judaicos, assuntos do momento e um pouco das hist\u00f3rias que vivi e testemunhei.","potentialAction":[{"@type":"SearchAction","target":{"@type":"EntryPoint","urlTemplate":"https:\/\/gersonguelmann.com.br\/blog\/?s={search_term_string}"},"query-input":{"@type":"PropertyValueSpecification","valueRequired":true,"valueName":"search_term_string"}}],"inLanguage":"pt-BR"},{"@type":"Person","@id":"https:\/\/gersonguelmann.com.br\/blog\/#\/schema\/person\/87e70e2a786888082f941a482c90569e","name":"Gerson Guelmann","image":{"@type":"ImageObject","inLanguage":"pt-BR","@id":"https:\/\/i0.wp.com\/gersonguelmann.com.br\/blog\/wp-content\/uploads\/2021\/08\/BLOG.jpeg?fit=96%2C96&ssl=1","url":"https:\/\/i0.wp.com\/gersonguelmann.com.br\/blog\/wp-content\/uploads\/2021\/08\/BLOG.jpeg?fit=96%2C96&ssl=1","contentUrl":"https:\/\/i0.wp.com\/gersonguelmann.com.br\/blog\/wp-content\/uploads\/2021\/08\/BLOG.jpeg?fit=96%2C96&ssl=1","caption":"Gerson Guelmann"},"description":"Pitadas da sabedoria e do humor judaicos, assuntos do momento e um pouco das hist\u00f3rias que vivi e testemunhei."}]}},"views":31,"jetpack_publicize_connections":[],"jetpack_featured_media_url":"https:\/\/i0.wp.com\/gersonguelmann.com.br\/blog\/wp-content\/uploads\/2018\/05\/AD.jpg?fit=1262%2C840&ssl=1","jetpack_shortlink":"https:\/\/wp.me\/p96e7O-3pM","jetpack-related-posts":[{"id":17709,"url":"https:\/\/gersonguelmann.com.br\/blog\/veja-como-foi-a-invasao-do-celular-de-sergio-moro\/","url_meta":{"origin":13130,"position":0},"title":"Veja Como Foi a Invas\u00e3o do Celular de Sergio Moro","author":"Gerson Guelmann","date":"26 de julho de 2019","format":false,"excerpt":"Fonte: Cristiano Mariz\/VEJA O site TecMundo especializado em Tecnologia publicou ontem mat\u00e9ria revelando detalhes da opera\u00e7\u00e3o que permitiu o ataque ao celular do Ministro Sergio Moro: V\u00eddeo mostra como aconteceu ataque ao Telegram de Sergio Moro 25\/07\/2019 \u00e0s 16:42 - 1 min\u00a0de leitura A Pol\u00edcia Federal\u00a0prendeu na quarta-feira\u00a0(23) quatro suspeitos\u2026","rel":"","context":"Em &quot;Sem categoria&quot;","block_context":{"text":"Sem categoria","link":"https:\/\/gersonguelmann.com.br\/blog\/category\/sem-categoria\/"},"img":{"alt_text":"","src":"https:\/\/i0.wp.com\/gersonguelmann.com.br\/blog\/wp-content\/uploads\/2019\/07\/SM.jpg?fit=1120%2C420&ssl=1&resize=350%2C200","width":350,"height":200,"srcset":"https:\/\/i0.wp.com\/gersonguelmann.com.br\/blog\/wp-content\/uploads\/2019\/07\/SM.jpg?fit=1120%2C420&ssl=1&resize=350%2C200 1x, https:\/\/i0.wp.com\/gersonguelmann.com.br\/blog\/wp-content\/uploads\/2019\/07\/SM.jpg?fit=1120%2C420&ssl=1&resize=525%2C300 1.5x, https:\/\/i0.wp.com\/gersonguelmann.com.br\/blog\/wp-content\/uploads\/2019\/07\/SM.jpg?fit=1120%2C420&ssl=1&resize=700%2C400 2x, https:\/\/i0.wp.com\/gersonguelmann.com.br\/blog\/wp-content\/uploads\/2019\/07\/SM.jpg?fit=1120%2C420&ssl=1&resize=1050%2C600 3x"},"classes":[]},{"id":14432,"url":"https:\/\/gersonguelmann.com.br\/blog\/mario-sergio-cortella-o-segredo-da-vida-e-as-vacas\/","url_meta":{"origin":13130,"position":1},"title":"M\u00e1rio Sergio Cortella, O Segredo da Vida e as Vacas","author":"Gerson Guelmann","date":"2 de julho de 2018","format":false,"excerpt":"Mat\u00e9ria publicada pelo\u00a0Marcelo Tas na revista Crescer em 17\/8\/2015: O segredo da vida Por Marcelo Tas\u00a0- atualizada em 17\/08\/2015 17h19 Desde jovem, ganho a vida fazendo perguntas. Primeiro como rep\u00f3rter, depois entrevistador e cutucador de d\u00favidas em v\u00e1rias m\u00eddias. Acredito piamente que o ponto mais importante na vida do ser\u2026","rel":"","context":"Em &quot;Sem categoria&quot;","block_context":{"text":"Sem categoria","link":"https:\/\/gersonguelmann.com.br\/blog\/category\/sem-categoria\/"},"img":{"alt_text":"","src":"https:\/\/i0.wp.com\/gersonguelmann.com.br\/blog\/wp-content\/uploads\/2018\/07\/Leite.jpg?fit=960%2C637&ssl=1&resize=350%2C200","width":350,"height":200,"srcset":"https:\/\/i0.wp.com\/gersonguelmann.com.br\/blog\/wp-content\/uploads\/2018\/07\/Leite.jpg?fit=960%2C637&ssl=1&resize=350%2C200 1x, https:\/\/i0.wp.com\/gersonguelmann.com.br\/blog\/wp-content\/uploads\/2018\/07\/Leite.jpg?fit=960%2C637&ssl=1&resize=525%2C300 1.5x, https:\/\/i0.wp.com\/gersonguelmann.com.br\/blog\/wp-content\/uploads\/2018\/07\/Leite.jpg?fit=960%2C637&ssl=1&resize=700%2C400 2x"},"classes":[]},{"id":14243,"url":"https:\/\/gersonguelmann.com.br\/blog\/sergio-moro-na-cnn-nao-ha-vergonha-na-aplicacao-da-lei\/","url_meta":{"origin":13130,"position":2},"title":"S\u00e9rgio Moro, na CNN: &#8216;N\u00e3o H\u00e1 Vergonha Na Aplica\u00e7\u00e3o Da Lei&#8217;","author":"Gerson Guelmann","date":"22 de junho de 2018","format":false,"excerpt":"Mat\u00e9ria publicada pelo jornal O Dia: BRASIL 'N\u00e3o h\u00e1 vergonha na aplica\u00e7\u00e3o da lei', diz Moro \u00e0 CNN sobre Lava Jato A emissora publicou uma mat\u00e9ria de mais de cinco minutos sobre a maior a\u00e7\u00e3o contra corrup\u00e7\u00e3o j\u00e1 deflagrada no Brasil Por ESTAD\u00c3O CONTE\u00daDO Publicado \u00e0s 18h09 de 22\/06\/2018\u00a0- Atualizado\u2026","rel":"","context":"Em &quot;Sem categoria&quot;","block_context":{"text":"Sem categoria","link":"https:\/\/gersonguelmann.com.br\/blog\/category\/sem-categoria\/"},"img":{"alt_text":"","src":"https:\/\/i0.wp.com\/gersonguelmann.com.br\/blog\/wp-content\/uploads\/2018\/06\/CNN-300x144.png?resize=350%2C200&ssl=1","width":350,"height":200},"classes":[]},{"id":10951,"url":"https:\/\/gersonguelmann.com.br\/blog\/sergio-moro-aumentou-audiencia-da-tv-cultura-em-660\/","url_meta":{"origin":13130,"position":3},"title":"S\u00e9rgio Moro Aumentou Audi\u00eancia da TV Cultura Em 660%","author":"Gerson Guelmann","date":"27 de mar\u00e7o de 2018","format":false,"excerpt":"Acabou de dar na Veja: Entrevista com Sergio Moro faz audi\u00eancia do \u2018Roda Viva\u2019 subir 660% Atra\u00e7\u00e3o fez 3,8 pontos no Ibope na Grande S\u00e3o Paulo, enquanto outros convidados de mar\u00e7o renderam em m\u00e9dia 0,5 ponto; desempenho foi o melhor em 18 anos Em sua primeira\u00a0entrevista ao vivo\u00a0na televis\u00e3o, o\u2026","rel":"","context":"Em &quot;Sem categoria&quot;","block_context":{"text":"Sem categoria","link":"https:\/\/gersonguelmann.com.br\/blog\/category\/sem-categoria\/"},"img":{"alt_text":"","src":"https:\/\/i0.wp.com\/gersonguelmann.com.br\/blog\/wp-content\/uploads\/2018\/03\/SM-1.jpg?fit=680%2C453&ssl=1&resize=350%2C200","width":350,"height":200,"srcset":"https:\/\/i0.wp.com\/gersonguelmann.com.br\/blog\/wp-content\/uploads\/2018\/03\/SM-1.jpg?fit=680%2C453&ssl=1&resize=350%2C200 1x, https:\/\/i0.wp.com\/gersonguelmann.com.br\/blog\/wp-content\/uploads\/2018\/03\/SM-1.jpg?fit=680%2C453&ssl=1&resize=525%2C300 1.5x"},"classes":[]},{"id":15250,"url":"https:\/\/gersonguelmann.com.br\/blog\/para-conhecer-gabriela-hardt-a-substituta-de-sergio-moro\/","url_meta":{"origin":13130,"position":4},"title":"Para Conhecer Gabriela Hardt, a Substituta de S\u00e9rgio Moro","author":"Gerson Guelmann","date":"22 de novembro de 2018","format":false,"excerpt":"Em janeiro de 2017, da mesma forma como j\u00e1 havia feito outras vezes, a Ju\u00edza Gabriela Hardt substituiu o colega S\u00e9rgio Moro em suas f\u00e9rias. Nessa ocasi\u00e3o a revista Piau\u00ed publicou mat\u00e9ria assinada pela jornalista Julia Duailibi, tra\u00e7ando um perfil da Ju\u00edza que recentemente ganhou notoriedade por conduzir o interrogat\u00f3rio\u2026","rel":"","context":"Em &quot;Sem categoria&quot;","block_context":{"text":"Sem categoria","link":"https:\/\/gersonguelmann.com.br\/blog\/category\/sem-categoria\/"},"img":{"alt_text":"","src":"https:\/\/i0.wp.com\/gersonguelmann.com.br\/blog\/wp-content\/uploads\/2018\/11\/Gabriela-Hardt-300x162.jpg?resize=350%2C200&ssl=1","width":350,"height":200},"classes":[]},{"id":5623,"url":"https:\/\/gersonguelmann.com.br\/blog\/quem-lembra-do-natal-bamerindus-de-1975\/","url_meta":{"origin":13130,"position":5},"title":"Quem Lembra do Natal Bamerindus de 1975?","author":"Gerson Guelmann","date":"25 de dezembro de 2023","format":false,"excerpt":"Comercial de Natal do Banco Bamerindus em 1975 Em 1975 o banco Bamerindus veiculou um an\u00fancio de Natal que ainda hoje \u00e9 mencionado como uma das mais bonitas mensagens alusivas \u00e0 data na hist\u00f3ria da publicidade brasileira. O an\u00fancio foi criado por g\u00eanios da publicidade aqui de Curitiba e produzido\u2026","rel":"","context":"Em &quot;Sem categoria&quot;","block_context":{"text":"Sem categoria","link":"https:\/\/gersonguelmann.com.br\/blog\/category\/sem-categoria\/"},"img":{"alt_text":"","src":"https:\/\/i0.wp.com\/gersonguelmann.com.br\/blog\/wp-content\/uploads\/2017\/12\/Bamerindus.jpg?resize=350%2C200&ssl=1","width":350,"height":200},"classes":[]}],"jetpack_sharing_enabled":true,"post_mailing_queue_ids":[],"_links":{"self":[{"href":"https:\/\/gersonguelmann.com.br\/blog\/wp-json\/wp\/v2\/posts\/13130","targetHints":{"allow":["GET"]}}],"collection":[{"href":"https:\/\/gersonguelmann.com.br\/blog\/wp-json\/wp\/v2\/posts"}],"about":[{"href":"https:\/\/gersonguelmann.com.br\/blog\/wp-json\/wp\/v2\/types\/post"}],"author":[{"embeddable":true,"href":"https:\/\/gersonguelmann.com.br\/blog\/wp-json\/wp\/v2\/users\/5"}],"replies":[{"embeddable":true,"href":"https:\/\/gersonguelmann.com.br\/blog\/wp-json\/wp\/v2\/comments?post=13130"}],"version-history":[{"count":0,"href":"https:\/\/gersonguelmann.com.br\/blog\/wp-json\/wp\/v2\/posts\/13130\/revisions"}],"wp:featuredmedia":[{"embeddable":true,"href":"https:\/\/gersonguelmann.com.br\/blog\/wp-json\/wp\/v2\/media\/13131"}],"wp:attachment":[{"href":"https:\/\/gersonguelmann.com.br\/blog\/wp-json\/wp\/v2\/media?parent=13130"}],"wp:term":[{"taxonomy":"category","embeddable":true,"href":"https:\/\/gersonguelmann.com.br\/blog\/wp-json\/wp\/v2\/categories?post=13130"},{"taxonomy":"post_tag","embeddable":true,"href":"https:\/\/gersonguelmann.com.br\/blog\/wp-json\/wp\/v2\/tags?post=13130"}],"curies":[{"name":"wp","href":"https:\/\/api.w.org\/{rel}","templated":true}]}}