    {"id":13136,"date":"2018-05-22T17:32:16","date_gmt":"2018-05-22T20:32:16","guid":{"rendered":"https:\/\/gersonguelmann.com.br\/blog\/?p=13136"},"modified":"2018-05-22T17:32:16","modified_gmt":"2018-05-22T20:32:16","slug":"defesa-de-lula-nao-gostou-da-foto-do-moro-com-doria","status":"publish","type":"post","link":"https:\/\/gersonguelmann.com.br\/blog\/defesa-de-lula-nao-gostou-da-foto-do-moro-com-doria\/","title":{"rendered":"Defesa de Lula N\u00e3o Gostou da Foto do Moro com Doria"},"content":{"rendered":"<p><span style=\"color: #000000; font-family: georgia, palatino, serif; font-size: 18pt;\">A gente sabe que isso faz parte do trabalho dos advogados, mas ser\u00e1 que tumultuar o processo com esse tipo de coisa n\u00e3o piora a situa\u00e7\u00e3o?<\/span><\/p>\n<p><span style=\"color: #000000; font-family: georgia, palatino, serif; font-size: 18pt;\">A mat\u00e9ria abaixo acabou de ser publicada no site da revista Isto\u00c9:<\/span><\/p>\n<p class=\"tags-materia\"><span style=\"color: #ff0000;\"><strong>BRASIL<\/strong><\/span><\/p>\n<h1><span style=\"color: #000000;\">Defesa de Lula pede suspens\u00e3o de Moro ap\u00f3s foto com Doria<\/span><\/h1>\n<p style=\"text-align: center;\"><span style=\"color: #000000;\"><img data-recalc-dims=\"1\" fetchpriority=\"high\" decoding=\"async\" data-attachment-id=\"13137\" data-permalink=\"https:\/\/gersonguelmann.com.br\/blog\/defesa-de-lula-nao-gostou-da-foto-do-moro-com-doria\/moro\/\" data-orig-file=\"https:\/\/i0.wp.com\/gersonguelmann.com.br\/blog\/wp-content\/uploads\/2018\/05\/Moro.jpg?fit=616%2C345&amp;ssl=1\" data-orig-size=\"616,345\" data-comments-opened=\"1\" data-image-meta=\"{&quot;aperture&quot;:&quot;0&quot;,&quot;credit&quot;:&quot;&quot;,&quot;camera&quot;:&quot;&quot;,&quot;caption&quot;:&quot;&quot;,&quot;created_timestamp&quot;:&quot;0&quot;,&quot;copyright&quot;:&quot;&quot;,&quot;focal_length&quot;:&quot;0&quot;,&quot;iso&quot;:&quot;0&quot;,&quot;shutter_speed&quot;:&quot;0&quot;,&quot;title&quot;:&quot;&quot;,&quot;orientation&quot;:&quot;0&quot;}\" data-image-title=\"Moro\" data-image-description=\"\" data-image-caption=\"\" data-medium-file=\"https:\/\/i0.wp.com\/gersonguelmann.com.br\/blog\/wp-content\/uploads\/2018\/05\/Moro.jpg?fit=300%2C168&amp;ssl=1\" data-large-file=\"https:\/\/i0.wp.com\/gersonguelmann.com.br\/blog\/wp-content\/uploads\/2018\/05\/Moro.jpg?fit=616%2C345&amp;ssl=1\" class=\"alignnone size-medium wp-image-13137\" src=\"https:\/\/i0.wp.com\/gersonguelmann.com.br\/blog\/wp-content\/uploads\/2018\/05\/Moro.jpg?resize=300%2C168&#038;ssl=1\" alt=\"\" width=\"300\" height=\"168\" srcset=\"https:\/\/i0.wp.com\/gersonguelmann.com.br\/blog\/wp-content\/uploads\/2018\/05\/Moro.jpg?resize=300%2C168&amp;ssl=1 300w, https:\/\/i0.wp.com\/gersonguelmann.com.br\/blog\/wp-content\/uploads\/2018\/05\/Moro.jpg?w=616&amp;ssl=1 616w\" sizes=\"(max-width: 300px) 100vw, 300px\" \/><\/span><br \/>\n<span style=\"font-size: 10pt; color: #808080;\"><em><strong>Jo\u00e3o e Bia Doria ao lado de Ros\u00e2ngela e S\u00e9rgio Moro, em evento em Nova York<br \/>\n(Cr\u00e9dito: Facebook \/ Jo\u00e3o Doria)<\/strong><\/em><\/span><\/p>\n<div class=\"content-section tags-com-imagem\">\n<p class=\"author\"><span style=\"font-size: 14pt;\">Ansa<\/span><\/p>\n<\/div>\n<p><span style=\"color: #000000; font-size: 14pt;\"><time datetime=\"2018-05-22 16:47\">22\/05\/18 &#8211; 16h47 &#8211; Atualizado em 22\/05\/18 &#8211; 17h23<\/time><\/span><\/p>\n<p><span style=\"color: #000000; font-size: 14pt;\">A defesa do ex-presidente Luiz In\u00e1cio Lula da Silva pediu, nesta ter\u00e7a-feira (22), que o juiz S\u00e9rgio Moro seja afastado do caso sobre a reforma no s\u00edtio de Atibaia, ap\u00f3s o magistrado aparecer em uma foto ao lado do candidato ao governo do estado de S\u00e3o Paulo, Jo\u00e3o Doria (PSDB).<\/span><\/p>\n<p><span style=\"color: #000000; font-size: 14pt;\">Segundo os advogados de Lula, Moro teve uma conduta \u201cincompat\u00edvel com a imparcialidade e a independ\u00eancia que se esperam de quem dever\u00e1 julgar esta causa criminal\u201d, ao participar de um evento com o ex-prefeito de SP.<\/span><\/p>\n<p><span style=\"color: #000000; font-size: 14pt;\">O juiz federal compareceu \u00e0 cerim\u00f4nia de entrega do pr\u00eamio \u201cPersonalidade do Ano\u201d, entregue na C\u00e2mara de Com\u00e9rcio Brasil-Estados Unidos, em Nova York, em 16 de maio. Ap\u00f3s a premia\u00e7\u00e3o, posou para fotos ao lado do antigo presidente dos EUA Bill Clinton e Doria. De acordo com o PT, a defesa tamb\u00e9m questiona o fato de o evento ter sido apoiado pela Petrobras, empresa que \u00e9 palco dos casos julgados por Moro. O pr\u00f3prio juiz ser\u00e1 respons\u00e1vel por decidir se vai ou n\u00e3o reconhecer a suspei\u00e7\u00e3o. Em resposta positiva, a\u00e7\u00e3o ser\u00e1 remetida para an\u00e1lises no Tribunal Regional Federal da 4\u00aa Regi\u00e3o. Os advogados tamb\u00e9m pedem que Moro preste depoimentos sobre os custos do evento.<\/span><\/p>\n<p><span style=\"color: #000000; font-family: georgia, palatino, serif; font-size: 18pt;\">A mat\u00e9ria original pode ser acessada <span style=\"color: #0000ff;\"><a style=\"color: #0000ff;\" href=\"https:\/\/istoe.com.br\/defesa-de-lula-pede-suspensao-de-moro-apos-foto-com-doria\/\"><em><strong>aqui<\/strong><\/em><\/a><\/span>.<\/span><\/p>\n","protected":false},"excerpt":{"rendered":"<p>A gente sabe que isso faz parte do trabalho dos advogados, mas ser\u00e1 que tumultuar o processo com esse tipo de coisa n\u00e3o piora a situa\u00e7\u00e3o? A mat\u00e9ria abaixo acabou de ser publicada no site da revista Isto\u00c9: BRASIL Defesa de Lula pede suspens\u00e3o de Moro ap\u00f3s foto com Doria Jo\u00e3o e Bia Doria ao [&hellip;]<\/p>\n","protected":false},"author":5,"featured_media":13137,"comment_status":"open","ping_status":"open","sticky":false,"template":"","format":"standard","meta":{"_acf_changed":false,"jetpack_post_was_ever_published":false,"_jetpack_newsletter_access":"","_jetpack_dont_email_post_to_subs":false,"_jetpack_newsletter_tier_id":0,"_jetpack_memberships_contains_paywalled_content":false,"_jetpack_memberships_contains_paid_content":false,"footnotes":"","jetpack_publicize_message":"","jetpack_publicize_feature_enabled":true,"jetpack_social_post_already_shared":true,"jetpack_social_options":{"image_generator_settings":{"template":"highway","default_image_id":0,"font":"","enabled":false},"version":2}},"categories":[1],"tags":[],"class_list":["post-13136","post","type-post","status-publish","format-standard","has-post-thumbnail","hentry","category-sem-categoria"],"acf":[],"yoast_head":"<!-- This site is optimized with the Yoast SEO plugin v27.3 - https:\/\/yoast.com\/product\/yoast-seo-wordpress\/ -->\n<title>Defesa de Lula N\u00e3o Gostou da Foto do Moro com Doria | Blog do Guelmann<\/title>\n<meta name=\"robots\" content=\"index, follow, max-snippet:-1, max-image-preview:large, max-video-preview:-1\" \/>\n<link rel=\"canonical\" href=\"https:\/\/gersonguelmann.com.br\/blog\/defesa-de-lula-nao-gostou-da-foto-do-moro-com-doria\/\" \/>\n<meta property=\"og:locale\" content=\"pt_BR\" \/>\n<meta property=\"og:type\" content=\"article\" \/>\n<meta property=\"og:title\" content=\"Defesa de Lula N\u00e3o Gostou da Foto do Moro com Doria | Blog do Guelmann\" \/>\n<meta property=\"og:description\" content=\"A gente sabe que isso faz parte do trabalho dos advogados, mas ser\u00e1 que tumultuar o processo com esse tipo de coisa n\u00e3o piora a situa\u00e7\u00e3o? A mat\u00e9ria abaixo acabou de ser publicada no site da revista Isto\u00c9: BRASIL Defesa de Lula pede suspens\u00e3o de Moro ap\u00f3s foto com Doria Jo\u00e3o e Bia Doria ao [&hellip;]\" \/>\n<meta property=\"og:url\" content=\"https:\/\/gersonguelmann.com.br\/blog\/defesa-de-lula-nao-gostou-da-foto-do-moro-com-doria\/\" \/>\n<meta property=\"og:site_name\" content=\"Blog do Guelmann\" \/>\n<meta property=\"article:published_time\" content=\"2018-05-22T20:32:16+00:00\" \/>\n<meta property=\"og:image\" content=\"https:\/\/i0.wp.com\/gersonguelmann.com.br\/blog\/wp-content\/uploads\/2018\/05\/Moro.jpg?fit=616%2C345&ssl=1\" \/>\n\t<meta property=\"og:image:width\" content=\"616\" \/>\n\t<meta property=\"og:image:height\" content=\"345\" \/>\n\t<meta property=\"og:image:type\" content=\"image\/jpeg\" \/>\n<meta name=\"author\" content=\"Gerson Guelmann\" \/>\n<meta name=\"twitter:card\" content=\"summary_large_image\" \/>\n<meta name=\"twitter:label1\" content=\"Escrito por\" \/>\n\t<meta name=\"twitter:data1\" content=\"Gerson Guelmann\" \/>\n\t<meta name=\"twitter:label2\" content=\"Est. tempo de leitura\" \/>\n\t<meta name=\"twitter:data2\" content=\"2 minutos\" \/>\n<script type=\"application\/ld+json\" class=\"yoast-schema-graph\">{\"@context\":\"https:\\\/\\\/schema.org\",\"@graph\":[{\"@type\":\"Article\",\"@id\":\"https:\\\/\\\/gersonguelmann.com.br\\\/blog\\\/defesa-de-lula-nao-gostou-da-foto-do-moro-com-doria\\\/#article\",\"isPartOf\":{\"@id\":\"https:\\\/\\\/gersonguelmann.com.br\\\/blog\\\/defesa-de-lula-nao-gostou-da-foto-do-moro-com-doria\\\/\"},\"author\":{\"name\":\"Gerson Guelmann\",\"@id\":\"https:\\\/\\\/gersonguelmann.com.br\\\/blog\\\/#\\\/schema\\\/person\\\/87e70e2a786888082f941a482c90569e\"},\"headline\":\"Defesa de Lula N\u00e3o Gostou da Foto do Moro com Doria\",\"datePublished\":\"2018-05-22T20:32:16+00:00\",\"mainEntityOfPage\":{\"@id\":\"https:\\\/\\\/gersonguelmann.com.br\\\/blog\\\/defesa-de-lula-nao-gostou-da-foto-do-moro-com-doria\\\/\"},\"wordCount\":327,\"commentCount\":0,\"image\":{\"@id\":\"https:\\\/\\\/gersonguelmann.com.br\\\/blog\\\/defesa-de-lula-nao-gostou-da-foto-do-moro-com-doria\\\/#primaryimage\"},\"thumbnailUrl\":\"https:\\\/\\\/i0.wp.com\\\/gersonguelmann.com.br\\\/blog\\\/wp-content\\\/uploads\\\/2018\\\/05\\\/Moro.jpg?fit=616%2C345&ssl=1\",\"inLanguage\":\"pt-BR\",\"potentialAction\":[{\"@type\":\"CommentAction\",\"name\":\"Comment\",\"target\":[\"https:\\\/\\\/gersonguelmann.com.br\\\/blog\\\/defesa-de-lula-nao-gostou-da-foto-do-moro-com-doria\\\/#respond\"]}]},{\"@type\":\"WebPage\",\"@id\":\"https:\\\/\\\/gersonguelmann.com.br\\\/blog\\\/defesa-de-lula-nao-gostou-da-foto-do-moro-com-doria\\\/\",\"url\":\"https:\\\/\\\/gersonguelmann.com.br\\\/blog\\\/defesa-de-lula-nao-gostou-da-foto-do-moro-com-doria\\\/\",\"name\":\"Defesa de Lula N\u00e3o Gostou da Foto do Moro com Doria | Blog do Guelmann\",\"isPartOf\":{\"@id\":\"https:\\\/\\\/gersonguelmann.com.br\\\/blog\\\/#website\"},\"primaryImageOfPage\":{\"@id\":\"https:\\\/\\\/gersonguelmann.com.br\\\/blog\\\/defesa-de-lula-nao-gostou-da-foto-do-moro-com-doria\\\/#primaryimage\"},\"image\":{\"@id\":\"https:\\\/\\\/gersonguelmann.com.br\\\/blog\\\/defesa-de-lula-nao-gostou-da-foto-do-moro-com-doria\\\/#primaryimage\"},\"thumbnailUrl\":\"https:\\\/\\\/i0.wp.com\\\/gersonguelmann.com.br\\\/blog\\\/wp-content\\\/uploads\\\/2018\\\/05\\\/Moro.jpg?fit=616%2C345&ssl=1\",\"datePublished\":\"2018-05-22T20:32:16+00:00\",\"author\":{\"@id\":\"https:\\\/\\\/gersonguelmann.com.br\\\/blog\\\/#\\\/schema\\\/person\\\/87e70e2a786888082f941a482c90569e\"},\"inLanguage\":\"pt-BR\",\"potentialAction\":[{\"@type\":\"ReadAction\",\"target\":[\"https:\\\/\\\/gersonguelmann.com.br\\\/blog\\\/defesa-de-lula-nao-gostou-da-foto-do-moro-com-doria\\\/\"]}]},{\"@type\":\"ImageObject\",\"inLanguage\":\"pt-BR\",\"@id\":\"https:\\\/\\\/gersonguelmann.com.br\\\/blog\\\/defesa-de-lula-nao-gostou-da-foto-do-moro-com-doria\\\/#primaryimage\",\"url\":\"https:\\\/\\\/i0.wp.com\\\/gersonguelmann.com.br\\\/blog\\\/wp-content\\\/uploads\\\/2018\\\/05\\\/Moro.jpg?fit=616%2C345&ssl=1\",\"contentUrl\":\"https:\\\/\\\/i0.wp.com\\\/gersonguelmann.com.br\\\/blog\\\/wp-content\\\/uploads\\\/2018\\\/05\\\/Moro.jpg?fit=616%2C345&ssl=1\",\"width\":616,\"height\":345},{\"@type\":\"WebSite\",\"@id\":\"https:\\\/\\\/gersonguelmann.com.br\\\/blog\\\/#website\",\"url\":\"https:\\\/\\\/gersonguelmann.com.br\\\/blog\\\/\",\"name\":\"Blog do Guelmann\",\"description\":\"Pitadas da sabedoria e do humor judaicos, assuntos do momento e um pouco das hist\u00f3rias que vivi e testemunhei.\",\"potentialAction\":[{\"@type\":\"SearchAction\",\"target\":{\"@type\":\"EntryPoint\",\"urlTemplate\":\"https:\\\/\\\/gersonguelmann.com.br\\\/blog\\\/?s={search_term_string}\"},\"query-input\":{\"@type\":\"PropertyValueSpecification\",\"valueRequired\":true,\"valueName\":\"search_term_string\"}}],\"inLanguage\":\"pt-BR\"},{\"@type\":\"Person\",\"@id\":\"https:\\\/\\\/gersonguelmann.com.br\\\/blog\\\/#\\\/schema\\\/person\\\/87e70e2a786888082f941a482c90569e\",\"name\":\"Gerson Guelmann\",\"image\":{\"@type\":\"ImageObject\",\"inLanguage\":\"pt-BR\",\"@id\":\"https:\\\/\\\/i0.wp.com\\\/gersonguelmann.com.br\\\/blog\\\/wp-content\\\/uploads\\\/2021\\\/08\\\/BLOG.jpeg?fit=96%2C96&ssl=1\",\"url\":\"https:\\\/\\\/i0.wp.com\\\/gersonguelmann.com.br\\\/blog\\\/wp-content\\\/uploads\\\/2021\\\/08\\\/BLOG.jpeg?fit=96%2C96&ssl=1\",\"contentUrl\":\"https:\\\/\\\/i0.wp.com\\\/gersonguelmann.com.br\\\/blog\\\/wp-content\\\/uploads\\\/2021\\\/08\\\/BLOG.jpeg?fit=96%2C96&ssl=1\",\"caption\":\"Gerson Guelmann\"},\"description\":\"Pitadas da sabedoria e do humor judaicos, assuntos do momento e um pouco das hist\u00f3rias que vivi e testemunhei.\"}]}<\/script>\n<!-- \/ Yoast SEO plugin. -->","yoast_head_json":{"title":"Defesa de Lula N\u00e3o Gostou da Foto do Moro com Doria | Blog do Guelmann","robots":{"index":"index","follow":"follow","max-snippet":"max-snippet:-1","max-image-preview":"max-image-preview:large","max-video-preview":"max-video-preview:-1"},"canonical":"https:\/\/gersonguelmann.com.br\/blog\/defesa-de-lula-nao-gostou-da-foto-do-moro-com-doria\/","og_locale":"pt_BR","og_type":"article","og_title":"Defesa de Lula N\u00e3o Gostou da Foto do Moro com Doria | Blog do Guelmann","og_description":"A gente sabe que isso faz parte do trabalho dos advogados, mas ser\u00e1 que tumultuar o processo com esse tipo de coisa n\u00e3o piora a situa\u00e7\u00e3o? A mat\u00e9ria abaixo acabou de ser publicada no site da revista Isto\u00c9: BRASIL Defesa de Lula pede suspens\u00e3o de Moro ap\u00f3s foto com Doria Jo\u00e3o e Bia Doria ao [&hellip;]","og_url":"https:\/\/gersonguelmann.com.br\/blog\/defesa-de-lula-nao-gostou-da-foto-do-moro-com-doria\/","og_site_name":"Blog do Guelmann","article_published_time":"2018-05-22T20:32:16+00:00","og_image":[{"width":616,"height":345,"url":"https:\/\/i0.wp.com\/gersonguelmann.com.br\/blog\/wp-content\/uploads\/2018\/05\/Moro.jpg?fit=616%2C345&ssl=1","type":"image\/jpeg"}],"author":"Gerson Guelmann","twitter_card":"summary_large_image","twitter_misc":{"Escrito por":"Gerson Guelmann","Est. tempo de leitura":"2 minutos"},"schema":{"@context":"https:\/\/schema.org","@graph":[{"@type":"Article","@id":"https:\/\/gersonguelmann.com.br\/blog\/defesa-de-lula-nao-gostou-da-foto-do-moro-com-doria\/#article","isPartOf":{"@id":"https:\/\/gersonguelmann.com.br\/blog\/defesa-de-lula-nao-gostou-da-foto-do-moro-com-doria\/"},"author":{"name":"Gerson Guelmann","@id":"https:\/\/gersonguelmann.com.br\/blog\/#\/schema\/person\/87e70e2a786888082f941a482c90569e"},"headline":"Defesa de Lula N\u00e3o Gostou da Foto do Moro com Doria","datePublished":"2018-05-22T20:32:16+00:00","mainEntityOfPage":{"@id":"https:\/\/gersonguelmann.com.br\/blog\/defesa-de-lula-nao-gostou-da-foto-do-moro-com-doria\/"},"wordCount":327,"commentCount":0,"image":{"@id":"https:\/\/gersonguelmann.com.br\/blog\/defesa-de-lula-nao-gostou-da-foto-do-moro-com-doria\/#primaryimage"},"thumbnailUrl":"https:\/\/i0.wp.com\/gersonguelmann.com.br\/blog\/wp-content\/uploads\/2018\/05\/Moro.jpg?fit=616%2C345&ssl=1","inLanguage":"pt-BR","potentialAction":[{"@type":"CommentAction","name":"Comment","target":["https:\/\/gersonguelmann.com.br\/blog\/defesa-de-lula-nao-gostou-da-foto-do-moro-com-doria\/#respond"]}]},{"@type":"WebPage","@id":"https:\/\/gersonguelmann.com.br\/blog\/defesa-de-lula-nao-gostou-da-foto-do-moro-com-doria\/","url":"https:\/\/gersonguelmann.com.br\/blog\/defesa-de-lula-nao-gostou-da-foto-do-moro-com-doria\/","name":"Defesa de Lula N\u00e3o Gostou da Foto do Moro com Doria | Blog do Guelmann","isPartOf":{"@id":"https:\/\/gersonguelmann.com.br\/blog\/#website"},"primaryImageOfPage":{"@id":"https:\/\/gersonguelmann.com.br\/blog\/defesa-de-lula-nao-gostou-da-foto-do-moro-com-doria\/#primaryimage"},"image":{"@id":"https:\/\/gersonguelmann.com.br\/blog\/defesa-de-lula-nao-gostou-da-foto-do-moro-com-doria\/#primaryimage"},"thumbnailUrl":"https:\/\/i0.wp.com\/gersonguelmann.com.br\/blog\/wp-content\/uploads\/2018\/05\/Moro.jpg?fit=616%2C345&ssl=1","datePublished":"2018-05-22T20:32:16+00:00","author":{"@id":"https:\/\/gersonguelmann.com.br\/blog\/#\/schema\/person\/87e70e2a786888082f941a482c90569e"},"inLanguage":"pt-BR","potentialAction":[{"@type":"ReadAction","target":["https:\/\/gersonguelmann.com.br\/blog\/defesa-de-lula-nao-gostou-da-foto-do-moro-com-doria\/"]}]},{"@type":"ImageObject","inLanguage":"pt-BR","@id":"https:\/\/gersonguelmann.com.br\/blog\/defesa-de-lula-nao-gostou-da-foto-do-moro-com-doria\/#primaryimage","url":"https:\/\/i0.wp.com\/gersonguelmann.com.br\/blog\/wp-content\/uploads\/2018\/05\/Moro.jpg?fit=616%2C345&ssl=1","contentUrl":"https:\/\/i0.wp.com\/gersonguelmann.com.br\/blog\/wp-content\/uploads\/2018\/05\/Moro.jpg?fit=616%2C345&ssl=1","width":616,"height":345},{"@type":"WebSite","@id":"https:\/\/gersonguelmann.com.br\/blog\/#website","url":"https:\/\/gersonguelmann.com.br\/blog\/","name":"Blog do Guelmann","description":"Pitadas da sabedoria e do humor judaicos, assuntos do momento e um pouco das hist\u00f3rias que vivi e testemunhei.","potentialAction":[{"@type":"SearchAction","target":{"@type":"EntryPoint","urlTemplate":"https:\/\/gersonguelmann.com.br\/blog\/?s={search_term_string}"},"query-input":{"@type":"PropertyValueSpecification","valueRequired":true,"valueName":"search_term_string"}}],"inLanguage":"pt-BR"},{"@type":"Person","@id":"https:\/\/gersonguelmann.com.br\/blog\/#\/schema\/person\/87e70e2a786888082f941a482c90569e","name":"Gerson Guelmann","image":{"@type":"ImageObject","inLanguage":"pt-BR","@id":"https:\/\/i0.wp.com\/gersonguelmann.com.br\/blog\/wp-content\/uploads\/2021\/08\/BLOG.jpeg?fit=96%2C96&ssl=1","url":"https:\/\/i0.wp.com\/gersonguelmann.com.br\/blog\/wp-content\/uploads\/2021\/08\/BLOG.jpeg?fit=96%2C96&ssl=1","contentUrl":"https:\/\/i0.wp.com\/gersonguelmann.com.br\/blog\/wp-content\/uploads\/2021\/08\/BLOG.jpeg?fit=96%2C96&ssl=1","caption":"Gerson Guelmann"},"description":"Pitadas da sabedoria e do humor judaicos, assuntos do momento e um pouco das hist\u00f3rias que vivi e testemunhei."}]}},"views":25,"jetpack_publicize_connections":[],"jetpack_featured_media_url":"https:\/\/i0.wp.com\/gersonguelmann.com.br\/blog\/wp-content\/uploads\/2018\/05\/Moro.jpg?fit=616%2C345&ssl=1","jetpack_shortlink":"https:\/\/wp.me\/p96e7O-3pS","jetpack-related-posts":[{"id":13269,"url":"https:\/\/gersonguelmann.com.br\/blog\/moro-nega-pedido-do-pt-e-diz-que-lula-tem-fotos-com-aecio-e-geddel\/","url_meta":{"origin":13136,"position":0},"title":"Moro Nega Pedido do PT e  Diz Que Lula Tem Fotos Com A\u00e9cio e Geddel","author":"Gerson Guelmann","date":"24 de maio de 2018","format":false,"excerpt":"Do site do UOL: Do UOL, em S\u00e3o Paulo 24\/05\/2018 - 20h11 > Atualizada 24\/05\/2018 - 20h37 Moro (\u00e0 dir.) tirou foto com Doria em evento em Nova Iorque Em despacho publicado nesta quinta (24), o juiz federal Sergio Moro negou um pedido realizado pela defesa do ex-presidente Luiz In\u00e1cio\u2026","rel":"","context":"Em &quot;Sem categoria&quot;","block_context":{"text":"Sem categoria","link":"https:\/\/gersonguelmann.com.br\/blog\/category\/sem-categoria\/"},"img":{"alt_text":"","src":"https:\/\/i0.wp.com\/gersonguelmann.com.br\/blog\/wp-content\/uploads\/2018\/05\/noite-de-gala.jpg?fit=615%2C300&ssl=1&resize=350%2C200","width":350,"height":200,"srcset":"https:\/\/i0.wp.com\/gersonguelmann.com.br\/blog\/wp-content\/uploads\/2018\/05\/noite-de-gala.jpg?fit=615%2C300&ssl=1&resize=350%2C200 1x, https:\/\/i0.wp.com\/gersonguelmann.com.br\/blog\/wp-content\/uploads\/2018\/05\/noite-de-gala.jpg?fit=615%2C300&ssl=1&resize=525%2C300 1.5x"},"classes":[]},{"id":13869,"url":"https:\/\/gersonguelmann.com.br\/blog\/testemunha-de-lula-levou-um-pito-de-moro\/","url_meta":{"origin":13136,"position":1},"title":"Testemunha de Lula Levou Um Pito de Moro","author":"Gerson Guelmann","date":"11 de junho de 2018","format":false,"excerpt":"Foto: veja.abril.com.br Arrolado como testemunha de defesa de Lula, Fernando Morais, bi\u00f3grafo do ex-presidente, foi ouvido hoje pelo juiz federal Sergio Moro. A certa altura do depoimento o juiz interrompeu a fala do escritor por considerar que ele estava fazendo propaganda de Lula. Leia mat\u00e9ria publicada no G1 Paran\u00e1: 'O\u2026","rel":"","context":"Em &quot;Sem categoria&quot;","block_context":{"text":"Sem categoria","link":"https:\/\/gersonguelmann.com.br\/blog\/category\/sem-categoria\/"},"img":{"alt_text":"","src":"https:\/\/i0.wp.com\/gersonguelmann.com.br\/blog\/wp-content\/uploads\/2018\/06\/lula-fernando-morais-300x224.jpg?resize=350%2C200&ssl=1","width":350,"height":200},"classes":[]},{"id":22298,"url":"https:\/\/gersonguelmann.com.br\/blog\/sergio-moro-pode-ser-a-3a-via\/","url_meta":{"origin":13136,"position":2},"title":"Sergio Moro Pode Ser a 3\u00aa Via?","author":"Gerson Guelmann","date":"19 de junho de 2021","format":false,"excerpt":"Compartilho mat\u00e9ria que a revista Veja publicou ontem e cujo conte\u00fado, sendo confirmado, pode alterar o quadro eleitoral de 2022, pelo menos no que diz respeito \u00e0 polariza\u00e7\u00e3o hoje existente: Pol\u00edtica Moro admite a apoiadores que pode disputar a Presid\u00eancia em 2022 O ex-juiz, no entanto, diz que a decis\u00e3o\u2026","rel":"","context":"Em &quot;Sem categoria&quot;","block_context":{"text":"Sem categoria","link":"https:\/\/gersonguelmann.com.br\/blog\/category\/sem-categoria\/"},"img":{"alt_text":"","src":"https:\/\/i0.wp.com\/gersonguelmann.com.br\/blog\/wp-content\/uploads\/2021\/06\/SM2-1.jpg?fit=750%2C500&ssl=1&resize=350%2C200","width":350,"height":200,"srcset":"https:\/\/i0.wp.com\/gersonguelmann.com.br\/blog\/wp-content\/uploads\/2021\/06\/SM2-1.jpg?fit=750%2C500&ssl=1&resize=350%2C200 1x, https:\/\/i0.wp.com\/gersonguelmann.com.br\/blog\/wp-content\/uploads\/2021\/06\/SM2-1.jpg?fit=750%2C500&ssl=1&resize=525%2C300 1.5x, https:\/\/i0.wp.com\/gersonguelmann.com.br\/blog\/wp-content\/uploads\/2021\/06\/SM2-1.jpg?fit=750%2C500&ssl=1&resize=700%2C400 2x"},"classes":[]},{"id":3636,"url":"https:\/\/gersonguelmann.com.br\/blog\/doria-entrevistando-eike-batista-elogia-cabral\/","url_meta":{"origin":13136,"position":3},"title":"D\u00f3ria, Entrevistando Eike Batista, Elogia Cabral","author":"Gerson Guelmann","date":"28 de outubro de 2017","format":false,"excerpt":"https:\/\/youtu.be\/aZY_-WFWqW4 O v\u00eddeo acima \u00e9 de um trecho da entrevista que o atual Prefeito de S\u00e3o Paulo, Jo\u00e3o D\u00f3ria Jr. fez anos atr\u00e1s com Eike Batista, Presidente do grupo EBX. Antes de ser Prefeito, D\u00f3ria tinha um programa de TV chamado \"Show Business\" onde recebia empres\u00e1rios. Nessa ocasi\u00e3o, antes da\u2026","rel":"","context":"Em &quot;Sem categoria&quot;","block_context":{"text":"Sem categoria","link":"https:\/\/gersonguelmann.com.br\/blog\/category\/sem-categoria\/"},"img":{"alt_text":"","src":"https:\/\/i0.wp.com\/gersonguelmann.com.br\/blog\/wp-content\/uploads\/2017\/10\/Eike.jpg?fit=1200%2C600&ssl=1&resize=350%2C200","width":350,"height":200,"srcset":"https:\/\/i0.wp.com\/gersonguelmann.com.br\/blog\/wp-content\/uploads\/2017\/10\/Eike.jpg?fit=1200%2C600&ssl=1&resize=350%2C200 1x, https:\/\/i0.wp.com\/gersonguelmann.com.br\/blog\/wp-content\/uploads\/2017\/10\/Eike.jpg?fit=1200%2C600&ssl=1&resize=525%2C300 1.5x, https:\/\/i0.wp.com\/gersonguelmann.com.br\/blog\/wp-content\/uploads\/2017\/10\/Eike.jpg?fit=1200%2C600&ssl=1&resize=700%2C400 2x, https:\/\/i0.wp.com\/gersonguelmann.com.br\/blog\/wp-content\/uploads\/2017\/10\/Eike.jpg?fit=1200%2C600&ssl=1&resize=1050%2C600 3x"},"classes":[]},{"id":11285,"url":"https:\/\/gersonguelmann.com.br\/blog\/em-curitiba-pf-prepara-cela-para-receber-lula\/","url_meta":{"origin":13136,"position":4},"title":"Em Curitiba PF Prepara Cela Para Receber Lula","author":"Gerson Guelmann","date":"5 de abril de 2018","format":false,"excerpt":"PF prepara cela exclusiva para receber Lula em Curitiba Ideia \u00e9 manter ex-presidente afastado de outros presos, como Palocci e L\u00e9o Pinheiro BRAS\u00cdLIA \u2014 Com a chance do ex-presidente Luiz In\u00e1cio\u00a0Lula\u00a0da Silva ser preso potencializada pela decis\u00e3o do Supremo Tribunal Federal (STF), que negou o\u00a0habeas corpus\u00a0preventivo pedido pela defesa do\u2026","rel":"","context":"Em &quot;Sem categoria&quot;","block_context":{"text":"Sem categoria","link":"https:\/\/gersonguelmann.com.br\/blog\/category\/sem-categoria\/"},"img":{"alt_text":"","src":"https:\/\/i0.wp.com\/gersonguelmann.com.br\/blog\/wp-content\/uploads\/2018\/04\/PF-300x168.jpg?resize=350%2C200&ssl=1","width":350,"height":200},"classes":[]},{"id":10661,"url":"https:\/\/gersonguelmann.com.br\/blog\/o-que-acontece-agora-com-lula\/","url_meta":{"origin":13136,"position":5},"title":"O Que Acontece Agora Com Lula?","author":"Gerson Guelmann","date":"23 de mar\u00e7o de 2018","format":false,"excerpt":"Transcrevo mat\u00e9ria publicada hoje no site El Pa\u00eds: Recurso de Lula ser\u00e1 julgado na pr\u00f3xima segunda. Entenda o que acontece agora Caso a decis\u00e3o seja un\u00e2nime, ordem de pris\u00e3o poder\u00e1 ser emitida no mesmo dia O\u00a0Tribunal Regional Federal 4\u00a0(TRF4) marcou para a pr\u00f3xima segunda-feira, 26 de mar\u00e7o, \u00e0s 13h30, o\u2026","rel":"","context":"Em &quot;Sem categoria&quot;","block_context":{"text":"Sem categoria","link":"https:\/\/gersonguelmann.com.br\/blog\/category\/sem-categoria\/"},"img":{"alt_text":"","src":"https:\/\/i0.wp.com\/gersonguelmann.com.br\/blog\/wp-content\/uploads\/2018\/03\/Lula-2.jpg?fit=770%2C400&ssl=1&resize=350%2C200","width":350,"height":200,"srcset":"https:\/\/i0.wp.com\/gersonguelmann.com.br\/blog\/wp-content\/uploads\/2018\/03\/Lula-2.jpg?fit=770%2C400&ssl=1&resize=350%2C200 1x, https:\/\/i0.wp.com\/gersonguelmann.com.br\/blog\/wp-content\/uploads\/2018\/03\/Lula-2.jpg?fit=770%2C400&ssl=1&resize=525%2C300 1.5x, https:\/\/i0.wp.com\/gersonguelmann.com.br\/blog\/wp-content\/uploads\/2018\/03\/Lula-2.jpg?fit=770%2C400&ssl=1&resize=700%2C400 2x"},"classes":[]}],"jetpack_sharing_enabled":true,"post_mailing_queue_ids":[],"_links":{"self":[{"href":"https:\/\/gersonguelmann.com.br\/blog\/wp-json\/wp\/v2\/posts\/13136","targetHints":{"allow":["GET"]}}],"collection":[{"href":"https:\/\/gersonguelmann.com.br\/blog\/wp-json\/wp\/v2\/posts"}],"about":[{"href":"https:\/\/gersonguelmann.com.br\/blog\/wp-json\/wp\/v2\/types\/post"}],"author":[{"embeddable":true,"href":"https:\/\/gersonguelmann.com.br\/blog\/wp-json\/wp\/v2\/users\/5"}],"replies":[{"embeddable":true,"href":"https:\/\/gersonguelmann.com.br\/blog\/wp-json\/wp\/v2\/comments?post=13136"}],"version-history":[{"count":0,"href":"https:\/\/gersonguelmann.com.br\/blog\/wp-json\/wp\/v2\/posts\/13136\/revisions"}],"wp:featuredmedia":[{"embeddable":true,"href":"https:\/\/gersonguelmann.com.br\/blog\/wp-json\/wp\/v2\/media\/13137"}],"wp:attachment":[{"href":"https:\/\/gersonguelmann.com.br\/blog\/wp-json\/wp\/v2\/media?parent=13136"}],"wp:term":[{"taxonomy":"category","embeddable":true,"href":"https:\/\/gersonguelmann.com.br\/blog\/wp-json\/wp\/v2\/categories?post=13136"},{"taxonomy":"post_tag","embeddable":true,"href":"https:\/\/gersonguelmann.com.br\/blog\/wp-json\/wp\/v2\/tags?post=13136"}],"curies":[{"name":"wp","href":"https:\/\/api.w.org\/{rel}","templated":true}]}}