    {"id":13168,"date":"2018-05-22T22:23:40","date_gmt":"2018-05-23T01:23:40","guid":{"rendered":"https:\/\/gersonguelmann.com.br\/blog\/?p=13168"},"modified":"2018-05-22T22:23:40","modified_gmt":"2018-05-23T01:23:40","slug":"carlinhos-brickmann-magistral-sobre-o-eterno-dines","status":"publish","type":"post","link":"https:\/\/gersonguelmann.com.br\/blog\/carlinhos-brickmann-magistral-sobre-o-eterno-dines\/","title":{"rendered":"Carlinhos Brickmann, Magistral, Sobre o Eterno Dines"},"content":{"rendered":"<p><span style=\"color: #000000; font-family: georgia, palatino, serif; font-size: 18pt;\">Republico, com muita honra e devidamente autorizado pelo autor, o artigo que meu querido amigo Carlinhos Brickmann publicou em homenagem ao Alberto Dines, falecido hoje:<\/span><\/p>\n<p class=\"entry-title\"><span style=\"font-size: 24pt;\"><strong><span style=\"color: #000000;\">ALBERTO DINES: ENQUANTO HOUVER MEM\u00d3RIA. POR CARLOS BRICKMANN<\/span><\/strong><\/span><\/p>\n<blockquote>\n<h4><span style=\"color: #000000; font-size: 14pt;\">ENQUANTO HOUVER MEM\u00d3RIA<\/span><\/h4>\n<\/blockquote>\n<h5><span style=\"color: #000000; font-size: 12pt;\"><strong>*Carlos Brickmann<\/strong><\/span><\/h5>\n<p><strong><span style=\"color: #ff0000; font-size: 14pt;\"><em>\u2026Mandar mais que o dono do jornal custou caro a Dines; desafiar ordens da ditadura militar, driblando censores e, se poss\u00edvel, expondo-os ao rid\u00edculo, custou mais caro ainda. O Jornal da Tarde e O Estado de S. Paulo bateram mais, mas com o apoio dos donos. Dines, sozinho na luta, inc\u00f4modo para a c\u00fapula do jornal, caiu\u2026<\/em><\/span><\/strong><\/p>\n<p style=\"text-align: center;\"><span style=\"color: #000000;\"><img data-recalc-dims=\"1\" decoding=\"async\" data-attachment-id=\"13169\" data-permalink=\"https:\/\/gersonguelmann.com.br\/blog\/carlinhos-brickmann-magistral-sobre-o-eterno-dines\/ad-18\/\" data-orig-file=\"https:\/\/i0.wp.com\/gersonguelmann.com.br\/blog\/wp-content\/uploads\/2018\/05\/AD.jpeg?fit=660%2C360&amp;ssl=1\" data-orig-size=\"660,360\" data-comments-opened=\"1\" data-image-meta=\"{&quot;aperture&quot;:&quot;0&quot;,&quot;credit&quot;:&quot;&quot;,&quot;camera&quot;:&quot;&quot;,&quot;caption&quot;:&quot;&quot;,&quot;created_timestamp&quot;:&quot;0&quot;,&quot;copyright&quot;:&quot;&quot;,&quot;focal_length&quot;:&quot;0&quot;,&quot;iso&quot;:&quot;0&quot;,&quot;shutter_speed&quot;:&quot;0&quot;,&quot;title&quot;:&quot;&quot;,&quot;orientation&quot;:&quot;0&quot;}\" data-image-title=\"AD\" data-image-description=\"\" data-image-caption=\"\" data-medium-file=\"https:\/\/i0.wp.com\/gersonguelmann.com.br\/blog\/wp-content\/uploads\/2018\/05\/AD.jpeg?fit=300%2C164&amp;ssl=1\" data-large-file=\"https:\/\/i0.wp.com\/gersonguelmann.com.br\/blog\/wp-content\/uploads\/2018\/05\/AD.jpeg?fit=640%2C349&amp;ssl=1\" class=\"alignnone size-medium wp-image-13169\" src=\"https:\/\/i0.wp.com\/gersonguelmann.com.br\/blog\/wp-content\/uploads\/2018\/05\/AD.jpeg?resize=300%2C164&#038;ssl=1\" alt=\"\" width=\"300\" height=\"164\" srcset=\"https:\/\/i0.wp.com\/gersonguelmann.com.br\/blog\/wp-content\/uploads\/2018\/05\/AD.jpeg?resize=300%2C164&amp;ssl=1 300w, https:\/\/i0.wp.com\/gersonguelmann.com.br\/blog\/wp-content\/uploads\/2018\/05\/AD.jpeg?w=660&amp;ssl=1 660w\" sizes=\"(max-width: 300px) 100vw, 300px\" \/><\/span><\/p>\n<p><span style=\"color: #000000;\"><strong>ARTIGO PUBLICADO\u00a0NO SITE DA FOLHA DE S.PAULO, 22 DE MAIO DE 2018<\/strong><\/span><\/p>\n<p><span style=\"color: #000000; font-size: 14pt;\">Este n\u00e3o \u00e9 um artigo imparcial. Nunca foi poss\u00edvel ser imparcial diante de Alberto Dines, o grande jornalista que acaba de nos deixar. Para quem o conheceu, era gostar ou detestar. Em ambos os casos, aprendia-se muito.<\/span><\/p>\n<p><span style=\"color: #000000; font-size: 14pt;\">Tive a sorte de, sem cursar faculdade, ter excelentes professores a meu lado, tempo integral, exigindo-me apenas que aprendesse e retribu\u00edsse levando ao leitor o melhor trabalho poss\u00edvel. Sorte \u2013 s\u00f3 isso explica que eu pudesse ser instru\u00eddo por Nahum Sirotski, Fernando Vieira de Melo, Ewaldo Dantas Ferreira, Rolf Kuntz, Murilo Felisberto. E Alberto Dines.<\/span><\/p>\n<p><span style=\"color: #000000; font-size: 14pt;\">Dines dirigia o Jornal do Brasil, que na \u00e9poca disputava com O Estado de S. Paulo a posi\u00e7\u00e3o de jornal mais influente do pa\u00eds (Folha e O Globo s\u00f3 cresceriam mais tarde). E garimpou na Folha um grupo de jornalistas muito jovens \u2013 eu ainda n\u00e3o tinha 20 anos \u2013 para sua Sucursal paulista. \u00c9ramos inexperientes; mas, disse Dines, importantes eram o talento e a tes\u00e3o. Todos puderam aprender com os jornalistas daquela equipe excepcional \u2013 por exemplo, Fernando Gabeira, Carlos Lemos, Carlos Castello Branco.<\/span><\/p>\n<p><span style=\"color: #000000; font-size: 14pt;\">Dines era o grande maestro e fazia com que todos formassem um time. Mandava mais na equipe e no notici\u00e1rio do que o dono do jornal, Nascimento Brito. Discretamente, inovava: colocou uma TV no centro da reda\u00e7\u00e3o. Era um lembrete de que o jornal n\u00e3o podia mais divulgar apenas a not\u00edcia, j\u00e1 que a not\u00edcia j\u00e1 chegara aos leitores pela TV (e com imagens em movimento!) Era preciso buscar bastidores, analisar consequ\u00eancias, avaliar o fato, dar o que a TV n\u00e3o dava; para isso criou o Departamento de Pesquisa, chefiado por Murilo Felisberto (que mais tarde seria o criativo do Jornal da Tarde).<\/span><\/p>\n<p><span style=\"color: #000000; font-size: 14pt;\">Mandar mais que o dono do jornal custou caro a Dines; desafiar ordens da ditadura militar, driblando censores e, se poss\u00edvel, expondo-os ao rid\u00edculo, custou mais caro ainda. O Jornal da Tarde e O Estado de S. Paulo bateram mais, mas com o apoio dos donos. Dines, sozinho na luta, inc\u00f4modo para a c\u00fapula do jornal, caiu.<\/span><\/p>\n<p><span style=\"color: #000000;\"><img data-recalc-dims=\"1\" fetchpriority=\"high\" decoding=\"async\" data-attachment-id=\"13170\" data-permalink=\"https:\/\/gersonguelmann.com.br\/blog\/carlinhos-brickmann-magistral-sobre-o-eterno-dines\/alberto-dines\/\" data-orig-file=\"https:\/\/i0.wp.com\/gersonguelmann.com.br\/blog\/wp-content\/uploads\/2018\/05\/alberto-dines.jpg?fit=750%2C498&amp;ssl=1\" data-orig-size=\"750,498\" data-comments-opened=\"1\" data-image-meta=\"{&quot;aperture&quot;:&quot;0&quot;,&quot;credit&quot;:&quot;&quot;,&quot;camera&quot;:&quot;&quot;,&quot;caption&quot;:&quot;&quot;,&quot;created_timestamp&quot;:&quot;0&quot;,&quot;copyright&quot;:&quot;&quot;,&quot;focal_length&quot;:&quot;0&quot;,&quot;iso&quot;:&quot;0&quot;,&quot;shutter_speed&quot;:&quot;0&quot;,&quot;title&quot;:&quot;&quot;,&quot;orientation&quot;:&quot;0&quot;}\" data-image-title=\"alberto-dines\" data-image-description=\"\" data-image-caption=\"\" data-medium-file=\"https:\/\/i0.wp.com\/gersonguelmann.com.br\/blog\/wp-content\/uploads\/2018\/05\/alberto-dines.jpg?fit=300%2C199&amp;ssl=1\" data-large-file=\"https:\/\/i0.wp.com\/gersonguelmann.com.br\/blog\/wp-content\/uploads\/2018\/05\/alberto-dines.jpg?fit=640%2C425&amp;ssl=1\" class=\"alignnone size-medium wp-image-13170\" src=\"https:\/\/i0.wp.com\/gersonguelmann.com.br\/blog\/wp-content\/uploads\/2018\/05\/alberto-dines.jpg?resize=300%2C199&#038;ssl=1\" alt=\"\" width=\"300\" height=\"199\" srcset=\"https:\/\/i0.wp.com\/gersonguelmann.com.br\/blog\/wp-content\/uploads\/2018\/05\/alberto-dines.jpg?resize=300%2C199&amp;ssl=1 300w, https:\/\/i0.wp.com\/gersonguelmann.com.br\/blog\/wp-content\/uploads\/2018\/05\/alberto-dines.jpg?w=750&amp;ssl=1 750w\" sizes=\"(max-width: 300px) 100vw, 300px\" \/>\u00a0\u00a0<\/span><br \/>\n<span style=\"color: #000000;\">\u00a0<span style=\"color: #ff0000; font-size: 14pt;\"><em><strong>\u00a0\u2026Depois do \u201cJornal dos Jornais\u201d, criou ainda o Observat\u00f3rio da Imprensa, na TV e pela Internet. E, incans\u00e1vel, manteve a rotina de palestras e de aulas.<\/strong><\/em><\/span><\/span><\/p>\n<p><span style=\"color: #000000; font-size: 14pt;\">E, mais uma vez, antecipou o futuro. Escreveu bons livros (\u201cV\u00ednculos de Fogo\u201d, sobre a Inquisi\u00e7\u00e3o no Brasil e em Portugal, com ampla pesquisa que o levou \u00e0 Torre do Tombo, que guarda os arquivos do per\u00edodo; \u201cMorte no Para\u00edso\u201d, sobre vida e suic\u00eddio de Stefan Zweig, que julgava ser o Brasil o pa\u00eds do futuro; bem antes, j\u00e1 escrevera um cap\u00edtulo de \u201cOs Idos de Mar\u00e7o e a Queda em Abril\u201d, livro que saiu logo ap\u00f3s a ascens\u00e3o dos militares ao poder); deu aulas em Princeton; publicou uma not\u00e1vel coluna na Folha, o \u201cJornal dos Jornais\u201d, uma impiedosa (e acurad\u00edssima) an\u00e1lise do que se publicava nos jornais.<\/span><\/p>\n<p style=\"text-align: right;\"><span style=\"color: #000000;\"><img data-recalc-dims=\"1\" decoding=\"async\" data-attachment-id=\"13171\" data-permalink=\"https:\/\/gersonguelmann.com.br\/blog\/carlinhos-brickmann-magistral-sobre-o-eterno-dines\/alberto-dines-2\/\" data-orig-file=\"https:\/\/i0.wp.com\/gersonguelmann.com.br\/blog\/wp-content\/uploads\/2018\/05\/alberto-dines-1.jpg?fit=750%2C498&amp;ssl=1\" data-orig-size=\"750,498\" data-comments-opened=\"1\" data-image-meta=\"{&quot;aperture&quot;:&quot;0&quot;,&quot;credit&quot;:&quot;&quot;,&quot;camera&quot;:&quot;&quot;,&quot;caption&quot;:&quot;&quot;,&quot;created_timestamp&quot;:&quot;0&quot;,&quot;copyright&quot;:&quot;&quot;,&quot;focal_length&quot;:&quot;0&quot;,&quot;iso&quot;:&quot;0&quot;,&quot;shutter_speed&quot;:&quot;0&quot;,&quot;title&quot;:&quot;&quot;,&quot;orientation&quot;:&quot;0&quot;}\" data-image-title=\"alberto-dines\" data-image-description=\"\" data-image-caption=\"\" data-medium-file=\"https:\/\/i0.wp.com\/gersonguelmann.com.br\/blog\/wp-content\/uploads\/2018\/05\/alberto-dines-1.jpg?fit=300%2C199&amp;ssl=1\" data-large-file=\"https:\/\/i0.wp.com\/gersonguelmann.com.br\/blog\/wp-content\/uploads\/2018\/05\/alberto-dines-1.jpg?fit=640%2C425&amp;ssl=1\" class=\"alignnone size-medium wp-image-13171\" src=\"https:\/\/i0.wp.com\/gersonguelmann.com.br\/blog\/wp-content\/uploads\/2018\/05\/alberto-dines-1.jpg?resize=300%2C199&#038;ssl=1\" alt=\"\" width=\"300\" height=\"199\" srcset=\"https:\/\/i0.wp.com\/gersonguelmann.com.br\/blog\/wp-content\/uploads\/2018\/05\/alberto-dines-1.jpg?resize=300%2C199&amp;ssl=1 300w, https:\/\/i0.wp.com\/gersonguelmann.com.br\/blog\/wp-content\/uploads\/2018\/05\/alberto-dines-1.jpg?w=750&amp;ssl=1 750w\" sizes=\"(max-width: 300px) 100vw, 300px\" \/><\/span><\/p>\n<p style=\"text-align: right;\"><span style=\"color: #000000;\">\u00a0\u00a0<span style=\"font-size: 14pt; color: #ff0000;\"><em><strong>\u2026uma pessoa n\u00e3o morre enquanto vive a sua mem\u00f3ria\u2026<\/strong><\/em><\/span><\/span><\/p>\n<p><span style=\"color: #000000; font-size: 14pt;\">Foi nesta Folha que Dines liquidou o debate travado sobre a morte de Vladimir Herzog (havia grupos que defendiam a tese de que ele se matara inesperadamente). Dines afirmou, com toda a raz\u00e3o, que n\u00e3o havia o que discutir: ou ele tinha sido assassinado ou sofrido torturas t\u00e3o b\u00e1rbaras depois de ser preso que preferira se matar. Nos dois casos \u2013 e n\u00e3o havia possibilidade de terceira hip\u00f3tese \u2013 o Estado, que por lei \u00e9 obrigado a garantir a seguran\u00e7a de seus presos e dar-lhes tratamento adequado, n\u00e3o cumpriu seus deveres. E, claro, n\u00e3o tomou nenhuma provid\u00eancia para encontrar os culpados.<\/span><\/p>\n<p><span style=\"color: #000000; font-size: 14pt;\">Depois do \u201cJornal dos Jornais\u201d, criou ainda o Observat\u00f3rio da Imprensa, na TV e pela Internet. E, incans\u00e1vel, manteve a rotina de palestras e de aulas.<\/span><\/p>\n<p><span style=\"color: #000000; font-size: 14pt;\">No in\u00edcio deste artigo, eu disse que Dines nos deixou. Errei: embora descanse hoje no Cemit\u00e9rio Israelita do Embu, ele continua conosco. Pois uma pessoa n\u00e3o morre enquanto vive a sua mem\u00f3ria.<\/span><\/p>\n<p style=\"text-align: center;\"><strong><span style=\"color: #ff0000;\">\u2014\u2014\u2014\u2014\u2014\u2014\u2014\u2014\u2014\u2014\u2014\u2014\u2014\u2014\u2014\u2014\u2014\u2014\u2014\u2014\u2014\u2014\u2014\u2014\u2014\u2014\u2014\u2014-<\/span><\/strong><\/p>\n<p><span style=\"color: #000000;\"><img data-recalc-dims=\"1\" loading=\"lazy\" decoding=\"async\" data-attachment-id=\"13172\" data-permalink=\"https:\/\/gersonguelmann.com.br\/blog\/carlinhos-brickmann-magistral-sobre-o-eterno-dines\/cb-7\/\" data-orig-file=\"https:\/\/i0.wp.com\/gersonguelmann.com.br\/blog\/wp-content\/uploads\/2018\/05\/CB.jpg?fit=720%2C540&amp;ssl=1\" data-orig-size=\"720,540\" data-comments-opened=\"1\" data-image-meta=\"{&quot;aperture&quot;:&quot;0&quot;,&quot;credit&quot;:&quot;&quot;,&quot;camera&quot;:&quot;&quot;,&quot;caption&quot;:&quot;&quot;,&quot;created_timestamp&quot;:&quot;0&quot;,&quot;copyright&quot;:&quot;&quot;,&quot;focal_length&quot;:&quot;0&quot;,&quot;iso&quot;:&quot;0&quot;,&quot;shutter_speed&quot;:&quot;0&quot;,&quot;title&quot;:&quot;&quot;,&quot;orientation&quot;:&quot;0&quot;}\" data-image-title=\"CB\" data-image-description=\"\" data-image-caption=\"\" data-medium-file=\"https:\/\/i0.wp.com\/gersonguelmann.com.br\/blog\/wp-content\/uploads\/2018\/05\/CB.jpg?fit=300%2C225&amp;ssl=1\" data-large-file=\"https:\/\/i0.wp.com\/gersonguelmann.com.br\/blog\/wp-content\/uploads\/2018\/05\/CB.jpg?fit=640%2C480&amp;ssl=1\" class=\"alignnone size-medium wp-image-13172\" src=\"https:\/\/i0.wp.com\/gersonguelmann.com.br\/blog\/wp-content\/uploads\/2018\/05\/CB.jpg?resize=300%2C225&#038;ssl=1\" alt=\"\" width=\"300\" height=\"225\" srcset=\"https:\/\/i0.wp.com\/gersonguelmann.com.br\/blog\/wp-content\/uploads\/2018\/05\/CB.jpg?resize=300%2C225&amp;ssl=1 300w, https:\/\/i0.wp.com\/gersonguelmann.com.br\/blog\/wp-content\/uploads\/2018\/05\/CB.jpg?w=720&amp;ssl=1 720w\" sizes=\"(max-width: 300px) 100vw, 300px\" \/>\u00a0<\/span><br \/>\n<span style=\"color: #000000; font-size: 14pt;\"><span style=\"color: #ff0000;\"><strong>*Carlos Brickmann<\/strong><\/span>, 73, \u00e9 jornalista e diretor da Brickmann &amp; Associados Comunica\u00e7\u00e3o. Trabalhou com Alberto Dines no Jornal do Brasil, na Folha de S.Paulo e no Observat\u00f3rio da Imprensa.<\/span><\/p>\n<p>&nbsp;<\/p>\n<p><span style=\"font-family: georgia, palatino, serif; font-size: 18pt;\">Para ler a mat\u00e9ria no site &#8220;Chumbo Grosso&#8221;, <span style=\"color: #0000ff;\"><em><strong><a style=\"color: #0000ff;\" href=\"http:\/\/www.chumbogordo.com.br\/18854-alberto-dines-enquanto-houver-memoria-por-carlos-brickmann\/\">clique aqui<\/a><\/strong><\/em><\/span>.<\/span><\/p>\n","protected":false},"excerpt":{"rendered":"<p>Republico, com muita honra e devidamente autorizado pelo autor, o artigo que meu querido amigo Carlinhos Brickmann publicou em homenagem ao Alberto Dines, falecido hoje: ALBERTO DINES: ENQUANTO HOUVER MEM\u00d3RIA. POR CARLOS BRICKMANN ENQUANTO HOUVER MEM\u00d3RIA *Carlos Brickmann \u2026Mandar mais que o dono do jornal custou caro a Dines; desafiar ordens da ditadura militar, driblando [&hellip;]<\/p>\n","protected":false},"author":5,"featured_media":13169,"comment_status":"open","ping_status":"open","sticky":false,"template":"","format":"standard","meta":{"_acf_changed":false,"jetpack_post_was_ever_published":false,"_jetpack_newsletter_access":"","_jetpack_dont_email_post_to_subs":false,"_jetpack_newsletter_tier_id":0,"_jetpack_memberships_contains_paywalled_content":false,"_jetpack_memberships_contains_paid_content":false,"footnotes":"","jetpack_publicize_message":"","jetpack_publicize_feature_enabled":true,"jetpack_social_post_already_shared":true,"jetpack_social_options":{"image_generator_settings":{"template":"highway","default_image_id":0,"font":"","enabled":false},"version":2}},"categories":[1],"tags":[],"class_list":["post-13168","post","type-post","status-publish","format-standard","has-post-thumbnail","hentry","category-sem-categoria"],"acf":[],"yoast_head":"<!-- This site is optimized with the Yoast SEO plugin v27.3 - https:\/\/yoast.com\/product\/yoast-seo-wordpress\/ -->\n<title>Carlinhos Brickmann, Magistral, Sobre o Eterno Dines | Blog do Guelmann<\/title>\n<meta name=\"robots\" content=\"index, follow, max-snippet:-1, max-image-preview:large, max-video-preview:-1\" \/>\n<link rel=\"canonical\" href=\"https:\/\/gersonguelmann.com.br\/blog\/carlinhos-brickmann-magistral-sobre-o-eterno-dines\/\" \/>\n<meta property=\"og:locale\" content=\"pt_BR\" \/>\n<meta property=\"og:type\" content=\"article\" \/>\n<meta property=\"og:title\" content=\"Carlinhos Brickmann, Magistral, Sobre o Eterno Dines | Blog do Guelmann\" \/>\n<meta property=\"og:description\" content=\"Republico, com muita honra e devidamente autorizado pelo autor, o artigo que meu querido amigo Carlinhos Brickmann publicou em homenagem ao Alberto Dines, falecido hoje: ALBERTO DINES: ENQUANTO HOUVER MEM\u00d3RIA. POR CARLOS BRICKMANN ENQUANTO HOUVER MEM\u00d3RIA *Carlos Brickmann \u2026Mandar mais que o dono do jornal custou caro a Dines; desafiar ordens da ditadura militar, driblando [&hellip;]\" \/>\n<meta property=\"og:url\" content=\"https:\/\/gersonguelmann.com.br\/blog\/carlinhos-brickmann-magistral-sobre-o-eterno-dines\/\" \/>\n<meta property=\"og:site_name\" content=\"Blog do Guelmann\" \/>\n<meta property=\"article:published_time\" content=\"2018-05-23T01:23:40+00:00\" \/>\n<meta property=\"og:image\" content=\"https:\/\/i0.wp.com\/gersonguelmann.com.br\/blog\/wp-content\/uploads\/2018\/05\/AD.jpeg?fit=660%2C360&ssl=1\" \/>\n\t<meta property=\"og:image:width\" content=\"660\" \/>\n\t<meta property=\"og:image:height\" content=\"360\" \/>\n\t<meta property=\"og:image:type\" content=\"image\/jpeg\" \/>\n<meta name=\"author\" content=\"Gerson Guelmann\" \/>\n<meta name=\"twitter:card\" content=\"summary_large_image\" \/>\n<meta name=\"twitter:label1\" content=\"Escrito por\" \/>\n\t<meta name=\"twitter:data1\" content=\"Gerson Guelmann\" \/>\n\t<meta name=\"twitter:label2\" content=\"Est. tempo de leitura\" \/>\n\t<meta name=\"twitter:data2\" content=\"4 minutos\" \/>\n<script type=\"application\/ld+json\" class=\"yoast-schema-graph\">{\"@context\":\"https:\\\/\\\/schema.org\",\"@graph\":[{\"@type\":\"Article\",\"@id\":\"https:\\\/\\\/gersonguelmann.com.br\\\/blog\\\/carlinhos-brickmann-magistral-sobre-o-eterno-dines\\\/#article\",\"isPartOf\":{\"@id\":\"https:\\\/\\\/gersonguelmann.com.br\\\/blog\\\/carlinhos-brickmann-magistral-sobre-o-eterno-dines\\\/\"},\"author\":{\"name\":\"Gerson Guelmann\",\"@id\":\"https:\\\/\\\/gersonguelmann.com.br\\\/blog\\\/#\\\/schema\\\/person\\\/87e70e2a786888082f941a482c90569e\"},\"headline\":\"Carlinhos Brickmann, Magistral, Sobre o Eterno Dines\",\"datePublished\":\"2018-05-23T01:23:40+00:00\",\"mainEntityOfPage\":{\"@id\":\"https:\\\/\\\/gersonguelmann.com.br\\\/blog\\\/carlinhos-brickmann-magistral-sobre-o-eterno-dines\\\/\"},\"wordCount\":845,\"commentCount\":0,\"image\":{\"@id\":\"https:\\\/\\\/gersonguelmann.com.br\\\/blog\\\/carlinhos-brickmann-magistral-sobre-o-eterno-dines\\\/#primaryimage\"},\"thumbnailUrl\":\"https:\\\/\\\/i0.wp.com\\\/gersonguelmann.com.br\\\/blog\\\/wp-content\\\/uploads\\\/2018\\\/05\\\/AD.jpeg?fit=660%2C360&ssl=1\",\"inLanguage\":\"pt-BR\",\"potentialAction\":[{\"@type\":\"CommentAction\",\"name\":\"Comment\",\"target\":[\"https:\\\/\\\/gersonguelmann.com.br\\\/blog\\\/carlinhos-brickmann-magistral-sobre-o-eterno-dines\\\/#respond\"]}]},{\"@type\":\"WebPage\",\"@id\":\"https:\\\/\\\/gersonguelmann.com.br\\\/blog\\\/carlinhos-brickmann-magistral-sobre-o-eterno-dines\\\/\",\"url\":\"https:\\\/\\\/gersonguelmann.com.br\\\/blog\\\/carlinhos-brickmann-magistral-sobre-o-eterno-dines\\\/\",\"name\":\"Carlinhos Brickmann, Magistral, Sobre o Eterno Dines | Blog do Guelmann\",\"isPartOf\":{\"@id\":\"https:\\\/\\\/gersonguelmann.com.br\\\/blog\\\/#website\"},\"primaryImageOfPage\":{\"@id\":\"https:\\\/\\\/gersonguelmann.com.br\\\/blog\\\/carlinhos-brickmann-magistral-sobre-o-eterno-dines\\\/#primaryimage\"},\"image\":{\"@id\":\"https:\\\/\\\/gersonguelmann.com.br\\\/blog\\\/carlinhos-brickmann-magistral-sobre-o-eterno-dines\\\/#primaryimage\"},\"thumbnailUrl\":\"https:\\\/\\\/i0.wp.com\\\/gersonguelmann.com.br\\\/blog\\\/wp-content\\\/uploads\\\/2018\\\/05\\\/AD.jpeg?fit=660%2C360&ssl=1\",\"datePublished\":\"2018-05-23T01:23:40+00:00\",\"author\":{\"@id\":\"https:\\\/\\\/gersonguelmann.com.br\\\/blog\\\/#\\\/schema\\\/person\\\/87e70e2a786888082f941a482c90569e\"},\"inLanguage\":\"pt-BR\",\"potentialAction\":[{\"@type\":\"ReadAction\",\"target\":[\"https:\\\/\\\/gersonguelmann.com.br\\\/blog\\\/carlinhos-brickmann-magistral-sobre-o-eterno-dines\\\/\"]}]},{\"@type\":\"ImageObject\",\"inLanguage\":\"pt-BR\",\"@id\":\"https:\\\/\\\/gersonguelmann.com.br\\\/blog\\\/carlinhos-brickmann-magistral-sobre-o-eterno-dines\\\/#primaryimage\",\"url\":\"https:\\\/\\\/i0.wp.com\\\/gersonguelmann.com.br\\\/blog\\\/wp-content\\\/uploads\\\/2018\\\/05\\\/AD.jpeg?fit=660%2C360&ssl=1\",\"contentUrl\":\"https:\\\/\\\/i0.wp.com\\\/gersonguelmann.com.br\\\/blog\\\/wp-content\\\/uploads\\\/2018\\\/05\\\/AD.jpeg?fit=660%2C360&ssl=1\",\"width\":660,\"height\":360},{\"@type\":\"WebSite\",\"@id\":\"https:\\\/\\\/gersonguelmann.com.br\\\/blog\\\/#website\",\"url\":\"https:\\\/\\\/gersonguelmann.com.br\\\/blog\\\/\",\"name\":\"Blog do Guelmann\",\"description\":\"Pitadas da sabedoria e do humor judaicos, assuntos do momento e um pouco das hist\u00f3rias que vivi e testemunhei.\",\"potentialAction\":[{\"@type\":\"SearchAction\",\"target\":{\"@type\":\"EntryPoint\",\"urlTemplate\":\"https:\\\/\\\/gersonguelmann.com.br\\\/blog\\\/?s={search_term_string}\"},\"query-input\":{\"@type\":\"PropertyValueSpecification\",\"valueRequired\":true,\"valueName\":\"search_term_string\"}}],\"inLanguage\":\"pt-BR\"},{\"@type\":\"Person\",\"@id\":\"https:\\\/\\\/gersonguelmann.com.br\\\/blog\\\/#\\\/schema\\\/person\\\/87e70e2a786888082f941a482c90569e\",\"name\":\"Gerson Guelmann\",\"image\":{\"@type\":\"ImageObject\",\"inLanguage\":\"pt-BR\",\"@id\":\"https:\\\/\\\/i0.wp.com\\\/gersonguelmann.com.br\\\/blog\\\/wp-content\\\/uploads\\\/2021\\\/08\\\/BLOG.jpeg?fit=96%2C96&ssl=1\",\"url\":\"https:\\\/\\\/i0.wp.com\\\/gersonguelmann.com.br\\\/blog\\\/wp-content\\\/uploads\\\/2021\\\/08\\\/BLOG.jpeg?fit=96%2C96&ssl=1\",\"contentUrl\":\"https:\\\/\\\/i0.wp.com\\\/gersonguelmann.com.br\\\/blog\\\/wp-content\\\/uploads\\\/2021\\\/08\\\/BLOG.jpeg?fit=96%2C96&ssl=1\",\"caption\":\"Gerson Guelmann\"},\"description\":\"Pitadas da sabedoria e do humor judaicos, assuntos do momento e um pouco das hist\u00f3rias que vivi e testemunhei.\"}]}<\/script>\n<!-- \/ Yoast SEO plugin. -->","yoast_head_json":{"title":"Carlinhos Brickmann, Magistral, Sobre o Eterno Dines | Blog do Guelmann","robots":{"index":"index","follow":"follow","max-snippet":"max-snippet:-1","max-image-preview":"max-image-preview:large","max-video-preview":"max-video-preview:-1"},"canonical":"https:\/\/gersonguelmann.com.br\/blog\/carlinhos-brickmann-magistral-sobre-o-eterno-dines\/","og_locale":"pt_BR","og_type":"article","og_title":"Carlinhos Brickmann, Magistral, Sobre o Eterno Dines | Blog do Guelmann","og_description":"Republico, com muita honra e devidamente autorizado pelo autor, o artigo que meu querido amigo Carlinhos Brickmann publicou em homenagem ao Alberto Dines, falecido hoje: ALBERTO DINES: ENQUANTO HOUVER MEM\u00d3RIA. POR CARLOS BRICKMANN ENQUANTO HOUVER MEM\u00d3RIA *Carlos Brickmann \u2026Mandar mais que o dono do jornal custou caro a Dines; desafiar ordens da ditadura militar, driblando [&hellip;]","og_url":"https:\/\/gersonguelmann.com.br\/blog\/carlinhos-brickmann-magistral-sobre-o-eterno-dines\/","og_site_name":"Blog do Guelmann","article_published_time":"2018-05-23T01:23:40+00:00","og_image":[{"width":660,"height":360,"url":"https:\/\/i0.wp.com\/gersonguelmann.com.br\/blog\/wp-content\/uploads\/2018\/05\/AD.jpeg?fit=660%2C360&ssl=1","type":"image\/jpeg"}],"author":"Gerson Guelmann","twitter_card":"summary_large_image","twitter_misc":{"Escrito por":"Gerson Guelmann","Est. tempo de leitura":"4 minutos"},"schema":{"@context":"https:\/\/schema.org","@graph":[{"@type":"Article","@id":"https:\/\/gersonguelmann.com.br\/blog\/carlinhos-brickmann-magistral-sobre-o-eterno-dines\/#article","isPartOf":{"@id":"https:\/\/gersonguelmann.com.br\/blog\/carlinhos-brickmann-magistral-sobre-o-eterno-dines\/"},"author":{"name":"Gerson Guelmann","@id":"https:\/\/gersonguelmann.com.br\/blog\/#\/schema\/person\/87e70e2a786888082f941a482c90569e"},"headline":"Carlinhos Brickmann, Magistral, Sobre o Eterno Dines","datePublished":"2018-05-23T01:23:40+00:00","mainEntityOfPage":{"@id":"https:\/\/gersonguelmann.com.br\/blog\/carlinhos-brickmann-magistral-sobre-o-eterno-dines\/"},"wordCount":845,"commentCount":0,"image":{"@id":"https:\/\/gersonguelmann.com.br\/blog\/carlinhos-brickmann-magistral-sobre-o-eterno-dines\/#primaryimage"},"thumbnailUrl":"https:\/\/i0.wp.com\/gersonguelmann.com.br\/blog\/wp-content\/uploads\/2018\/05\/AD.jpeg?fit=660%2C360&ssl=1","inLanguage":"pt-BR","potentialAction":[{"@type":"CommentAction","name":"Comment","target":["https:\/\/gersonguelmann.com.br\/blog\/carlinhos-brickmann-magistral-sobre-o-eterno-dines\/#respond"]}]},{"@type":"WebPage","@id":"https:\/\/gersonguelmann.com.br\/blog\/carlinhos-brickmann-magistral-sobre-o-eterno-dines\/","url":"https:\/\/gersonguelmann.com.br\/blog\/carlinhos-brickmann-magistral-sobre-o-eterno-dines\/","name":"Carlinhos Brickmann, Magistral, Sobre o Eterno Dines | Blog do Guelmann","isPartOf":{"@id":"https:\/\/gersonguelmann.com.br\/blog\/#website"},"primaryImageOfPage":{"@id":"https:\/\/gersonguelmann.com.br\/blog\/carlinhos-brickmann-magistral-sobre-o-eterno-dines\/#primaryimage"},"image":{"@id":"https:\/\/gersonguelmann.com.br\/blog\/carlinhos-brickmann-magistral-sobre-o-eterno-dines\/#primaryimage"},"thumbnailUrl":"https:\/\/i0.wp.com\/gersonguelmann.com.br\/blog\/wp-content\/uploads\/2018\/05\/AD.jpeg?fit=660%2C360&ssl=1","datePublished":"2018-05-23T01:23:40+00:00","author":{"@id":"https:\/\/gersonguelmann.com.br\/blog\/#\/schema\/person\/87e70e2a786888082f941a482c90569e"},"inLanguage":"pt-BR","potentialAction":[{"@type":"ReadAction","target":["https:\/\/gersonguelmann.com.br\/blog\/carlinhos-brickmann-magistral-sobre-o-eterno-dines\/"]}]},{"@type":"ImageObject","inLanguage":"pt-BR","@id":"https:\/\/gersonguelmann.com.br\/blog\/carlinhos-brickmann-magistral-sobre-o-eterno-dines\/#primaryimage","url":"https:\/\/i0.wp.com\/gersonguelmann.com.br\/blog\/wp-content\/uploads\/2018\/05\/AD.jpeg?fit=660%2C360&ssl=1","contentUrl":"https:\/\/i0.wp.com\/gersonguelmann.com.br\/blog\/wp-content\/uploads\/2018\/05\/AD.jpeg?fit=660%2C360&ssl=1","width":660,"height":360},{"@type":"WebSite","@id":"https:\/\/gersonguelmann.com.br\/blog\/#website","url":"https:\/\/gersonguelmann.com.br\/blog\/","name":"Blog do Guelmann","description":"Pitadas da sabedoria e do humor judaicos, assuntos do momento e um pouco das hist\u00f3rias que vivi e testemunhei.","potentialAction":[{"@type":"SearchAction","target":{"@type":"EntryPoint","urlTemplate":"https:\/\/gersonguelmann.com.br\/blog\/?s={search_term_string}"},"query-input":{"@type":"PropertyValueSpecification","valueRequired":true,"valueName":"search_term_string"}}],"inLanguage":"pt-BR"},{"@type":"Person","@id":"https:\/\/gersonguelmann.com.br\/blog\/#\/schema\/person\/87e70e2a786888082f941a482c90569e","name":"Gerson Guelmann","image":{"@type":"ImageObject","inLanguage":"pt-BR","@id":"https:\/\/i0.wp.com\/gersonguelmann.com.br\/blog\/wp-content\/uploads\/2021\/08\/BLOG.jpeg?fit=96%2C96&ssl=1","url":"https:\/\/i0.wp.com\/gersonguelmann.com.br\/blog\/wp-content\/uploads\/2021\/08\/BLOG.jpeg?fit=96%2C96&ssl=1","contentUrl":"https:\/\/i0.wp.com\/gersonguelmann.com.br\/blog\/wp-content\/uploads\/2021\/08\/BLOG.jpeg?fit=96%2C96&ssl=1","caption":"Gerson Guelmann"},"description":"Pitadas da sabedoria e do humor judaicos, assuntos do momento e um pouco das hist\u00f3rias que vivi e testemunhei."}]}},"views":60,"jetpack_publicize_connections":[],"jetpack_featured_media_url":"https:\/\/i0.wp.com\/gersonguelmann.com.br\/blog\/wp-content\/uploads\/2018\/05\/AD.jpeg?fit=660%2C360&ssl=1","jetpack_shortlink":"https:\/\/wp.me\/p96e7O-3qo","jetpack-related-posts":[{"id":22006,"url":"https:\/\/gersonguelmann.com.br\/blog\/adeus-carlinhos-brickmann-zl\/","url_meta":{"origin":13168,"position":0},"title":"Adeus, Carlinhos Brickmann z&#8221;l (\u00b9)","author":"Gerson Guelmann","date":"20 de dezembro de 2022","format":false,"excerpt":"Ele Carlinhos Brickmann. Se voc\u00ea n\u00e3o era amigo e nem o conheceu, lamento, voc\u00ea n\u00e3o sabe o que perdeu. Ele nos disse adeus no \u00faltimo fim de semana. Do Jornalista n\u00e3o \u00e9 preciso que eu fale. D\u00ea um Google a\u00ed e leia o que os grandes colunistas disseram dele nos\u2026","rel":"","context":"Em &quot;Sem categoria&quot;","block_context":{"text":"Sem categoria","link":"https:\/\/gersonguelmann.com.br\/blog\/category\/sem-categoria\/"},"img":{"alt_text":"","src":"https:\/\/i0.wp.com\/gersonguelmann.com.br\/blog\/wp-content\/uploads\/2021\/04\/CB.jpg?resize=350%2C200&ssl=1","width":350,"height":200},"classes":[]},{"id":13130,"url":"https:\/\/gersonguelmann.com.br\/blog\/duas-perdas-que-deixam-o-mundo-mais-pobre\/","url_meta":{"origin":13168,"position":1},"title":"Duas Perdas Que Deixam o Mundo Mais Pobre","author":"Gerson Guelmann","date":"22 de maio de 2018","format":false,"excerpt":"Meu dia amanheceu mais triste, com as not\u00edcias do falecimento do S\u00e9rgio Prosdocimo, aqui em Curitiba, e do Alberto Dines, em S\u00e3o Paulo. O Sergio eu conheci no final da d\u00e9cada de 1960, quando comecei a trabalhar nos M\u00f3veis Guelmann, e ele dava os primeiros passos na administra\u00e7\u00e3o da Refrigera\u00e7\u00e3o\u2026","rel":"","context":"Em &quot;Sem categoria&quot;","block_context":{"text":"Sem categoria","link":"https:\/\/gersonguelmann.com.br\/blog\/category\/sem-categoria\/"},"img":{"alt_text":"","src":"https:\/\/i0.wp.com\/gersonguelmann.com.br\/blog\/wp-content\/uploads\/2018\/05\/AD.jpg?fit=1200%2C799&ssl=1&resize=350%2C200","width":350,"height":200,"srcset":"https:\/\/i0.wp.com\/gersonguelmann.com.br\/blog\/wp-content\/uploads\/2018\/05\/AD.jpg?fit=1200%2C799&ssl=1&resize=350%2C200 1x, https:\/\/i0.wp.com\/gersonguelmann.com.br\/blog\/wp-content\/uploads\/2018\/05\/AD.jpg?fit=1200%2C799&ssl=1&resize=525%2C300 1.5x, https:\/\/i0.wp.com\/gersonguelmann.com.br\/blog\/wp-content\/uploads\/2018\/05\/AD.jpg?fit=1200%2C799&ssl=1&resize=700%2C400 2x, https:\/\/i0.wp.com\/gersonguelmann.com.br\/blog\/wp-content\/uploads\/2018\/05\/AD.jpg?fit=1200%2C799&ssl=1&resize=1050%2C600 3x"},"classes":[]},{"id":19756,"url":"https:\/\/gersonguelmann.com.br\/blog\/nao-so-os-judeus-foram-vitimas-do-secretario-da-cultura\/","url_meta":{"origin":13168,"position":2},"title":"N\u00e3o s\u00f3 os judeus foram v\u00edtimas do Secret\u00e1rio da Cultura","author":"Gerson Guelmann","date":"19 de janeiro de 2020","format":false,"excerpt":"Compartilho publica\u00e7\u00e3o do meu querido e competent\u00edssimo amigo Carlinhos Brickmann, onde ele mostra que n\u00e3o apenas os judeus foram v\u00edtimas do despaut\u00e9rio do defenestrado Roberto Alvim, ex-Secret\u00e1rio da Cultura: A comunidade judaica brasileira n\u00e3o foi o alvo dos devaneios do ex-secret\u00e1rio de Cultura Roberto Alvim. Foi um dos alvos: outros\u2026","rel":"","context":"Em &quot;Sem categoria&quot;","block_context":{"text":"Sem categoria","link":"https:\/\/gersonguelmann.com.br\/blog\/category\/sem-categoria\/"},"img":{"alt_text":"","src":"https:\/\/i0.wp.com\/gersonguelmann.com.br\/blog\/wp-content\/uploads\/2020\/01\/Alvo.jpg?fit=1200%2C800&ssl=1&resize=350%2C200","width":350,"height":200,"srcset":"https:\/\/i0.wp.com\/gersonguelmann.com.br\/blog\/wp-content\/uploads\/2020\/01\/Alvo.jpg?fit=1200%2C800&ssl=1&resize=350%2C200 1x, https:\/\/i0.wp.com\/gersonguelmann.com.br\/blog\/wp-content\/uploads\/2020\/01\/Alvo.jpg?fit=1200%2C800&ssl=1&resize=525%2C300 1.5x, https:\/\/i0.wp.com\/gersonguelmann.com.br\/blog\/wp-content\/uploads\/2020\/01\/Alvo.jpg?fit=1200%2C800&ssl=1&resize=700%2C400 2x, https:\/\/i0.wp.com\/gersonguelmann.com.br\/blog\/wp-content\/uploads\/2020\/01\/Alvo.jpg?fit=1200%2C800&ssl=1&resize=1050%2C600 3x"},"classes":[]},{"id":18230,"url":"https:\/\/gersonguelmann.com.br\/blog\/fascination-em-frances-comme-il-faut\/","url_meta":{"origin":13168,"position":3},"title":"Fascination em Franc\u00eas, Comme Il Faut","author":"Gerson Guelmann","date":"3 de setembro de 2019","format":false,"excerpt":"Maya Barsoni Dessa can\u00e7\u00e3o h\u00e1 duas bel\u00edssimas vers\u00f5es em portugu\u00eas: Carlos Galhardo e Elis Regina, mas ela\u00a0 ganhou o mundo em ingl\u00eas, gravada por todos os astros e estrelas da m\u00fasica americana. Aqui, uma vers\u00e3o pouco conhecida: a original. Fascination foi composta em 1904, em Paris, e a letra (em\u2026","rel":"","context":"Em &quot;Sem categoria&quot;","block_context":{"text":"Sem categoria","link":"https:\/\/gersonguelmann.com.br\/blog\/category\/sem-categoria\/"},"img":{"alt_text":"","src":"https:\/\/i0.wp.com\/gersonguelmann.com.br\/blog\/wp-content\/uploads\/2019\/09\/Maya-Barsoni.jpg?fit=800%2C1200&ssl=1&resize=350%2C200","width":350,"height":200,"srcset":"https:\/\/i0.wp.com\/gersonguelmann.com.br\/blog\/wp-content\/uploads\/2019\/09\/Maya-Barsoni.jpg?fit=800%2C1200&ssl=1&resize=350%2C200 1x, https:\/\/i0.wp.com\/gersonguelmann.com.br\/blog\/wp-content\/uploads\/2019\/09\/Maya-Barsoni.jpg?fit=800%2C1200&ssl=1&resize=525%2C300 1.5x, https:\/\/i0.wp.com\/gersonguelmann.com.br\/blog\/wp-content\/uploads\/2019\/09\/Maya-Barsoni.jpg?fit=800%2C1200&ssl=1&resize=700%2C400 2x"},"classes":[]},{"id":22356,"url":"https:\/\/gersonguelmann.com.br\/blog\/so-leia-e-escute-se-tiver-de-60\/","url_meta":{"origin":13168,"position":4},"title":"S\u00f3 Leia (e Escute) Se Tiver + De 60","author":"Gerson Guelmann","date":"25 de julho de 2021","format":false,"excerpt":"Foto: K8 - Unsplash Domingo, final da tarde se aproximando. Providencie ch\u00e1, bolo, biscoitos, torradas, seja l\u00e1 o que for. Tire o som da TV. Aumente o do celular, tablet ou PC. Quase 1h de m\u00fasica de 1\u00aa qualidade, garimpada pela Liana Gottlieb, que n\u00e3o conhe\u00e7o mas que tem bom\u2026","rel":"","context":"Em &quot;Sem categoria&quot;","block_context":{"text":"Sem categoria","link":"https:\/\/gersonguelmann.com.br\/blog\/category\/sem-categoria\/"},"img":{"alt_text":"","src":"https:\/\/i0.wp.com\/gersonguelmann.com.br\/blog\/wp-content\/uploads\/2021\/07\/CHA-scaled.jpg?fit=1200%2C800&ssl=1&resize=350%2C200","width":350,"height":200,"srcset":"https:\/\/i0.wp.com\/gersonguelmann.com.br\/blog\/wp-content\/uploads\/2021\/07\/CHA-scaled.jpg?fit=1200%2C800&ssl=1&resize=350%2C200 1x, https:\/\/i0.wp.com\/gersonguelmann.com.br\/blog\/wp-content\/uploads\/2021\/07\/CHA-scaled.jpg?fit=1200%2C800&ssl=1&resize=525%2C300 1.5x, https:\/\/i0.wp.com\/gersonguelmann.com.br\/blog\/wp-content\/uploads\/2021\/07\/CHA-scaled.jpg?fit=1200%2C800&ssl=1&resize=700%2C400 2x, https:\/\/i0.wp.com\/gersonguelmann.com.br\/blog\/wp-content\/uploads\/2021\/07\/CHA-scaled.jpg?fit=1200%2C800&ssl=1&resize=1050%2C600 3x"},"classes":[]},{"id":12816,"url":"https:\/\/gersonguelmann.com.br\/blog\/na-antevespera-a-lembranca-da-minha-mae\/","url_meta":{"origin":13168,"position":5},"title":"Na Antev\u00e9spera, a Lembran\u00e7a da Minha M\u00e3e","author":"Gerson Guelmann","date":"11 de maio de 2018","format":false,"excerpt":"Minha m\u00e3e e eu, nos remotos idos de 1950 (acho)\u00a0 Minha m\u00e3e chamava-se Selda e morreu quando eu tinha 17 anos.\u00a0 Esta \u00e9 uma idade em que a gente j\u00e1 tem muitas lembran\u00e7as, claro. N\u00e3o por coincid\u00eancia, faltando pouco para o Dia das M\u00e3es, meu amigo Carlinhos Brickmann me mandou\u2026","rel":"","context":"Em &quot;Sem categoria&quot;","block_context":{"text":"Sem categoria","link":"https:\/\/gersonguelmann.com.br\/blog\/category\/sem-categoria\/"},"img":{"alt_text":"","src":"https:\/\/i0.wp.com\/gersonguelmann.com.br\/blog\/wp-content\/uploads\/2018\/05\/M%C3%A3e-e-eu.jpg?fit=352%2C408&ssl=1&resize=350%2C200","width":350,"height":200},"classes":[]}],"jetpack_sharing_enabled":true,"post_mailing_queue_ids":[],"_links":{"self":[{"href":"https:\/\/gersonguelmann.com.br\/blog\/wp-json\/wp\/v2\/posts\/13168","targetHints":{"allow":["GET"]}}],"collection":[{"href":"https:\/\/gersonguelmann.com.br\/blog\/wp-json\/wp\/v2\/posts"}],"about":[{"href":"https:\/\/gersonguelmann.com.br\/blog\/wp-json\/wp\/v2\/types\/post"}],"author":[{"embeddable":true,"href":"https:\/\/gersonguelmann.com.br\/blog\/wp-json\/wp\/v2\/users\/5"}],"replies":[{"embeddable":true,"href":"https:\/\/gersonguelmann.com.br\/blog\/wp-json\/wp\/v2\/comments?post=13168"}],"version-history":[{"count":0,"href":"https:\/\/gersonguelmann.com.br\/blog\/wp-json\/wp\/v2\/posts\/13168\/revisions"}],"wp:featuredmedia":[{"embeddable":true,"href":"https:\/\/gersonguelmann.com.br\/blog\/wp-json\/wp\/v2\/media\/13169"}],"wp:attachment":[{"href":"https:\/\/gersonguelmann.com.br\/blog\/wp-json\/wp\/v2\/media?parent=13168"}],"wp:term":[{"taxonomy":"category","embeddable":true,"href":"https:\/\/gersonguelmann.com.br\/blog\/wp-json\/wp\/v2\/categories?post=13168"},{"taxonomy":"post_tag","embeddable":true,"href":"https:\/\/gersonguelmann.com.br\/blog\/wp-json\/wp\/v2\/tags?post=13168"}],"curies":[{"name":"wp","href":"https:\/\/api.w.org\/{rel}","templated":true}]}}