    {"id":13177,"date":"2018-05-23T12:53:46","date_gmt":"2018-05-23T15:53:46","guid":{"rendered":"https:\/\/gersonguelmann.com.br\/blog\/?p=13177"},"modified":"2018-05-23T12:56:06","modified_gmt":"2018-05-23T15:56:06","slug":"adeus-philip-roth-morre-o-maior-escritor-norte-americano","status":"publish","type":"post","link":"https:\/\/gersonguelmann.com.br\/blog\/adeus-philip-roth-morre-o-maior-escritor-norte-americano\/","title":{"rendered":"Adeus, Philip Roth: Morre o Maior Escritor Norte-Americano"},"content":{"rendered":"<p><span style=\"font-family: georgia, palatino, serif; font-size: 18pt; color: #000000;\">Desde cedo, quando escutei a\u00a0 not\u00edcia do falecimento do Philip Roth, li uma s\u00e9rie de artigos e coment\u00e1rios sobre a obra desse not\u00e1vel escritor, de cuja obra tomei conhecimento na minha p\u00f3s-adolesc\u00eancia.\u00a0<\/span><\/p>\n<p><span style=\"font-family: georgia, palatino, serif; font-size: 18pt; color: #000000;\">De tudo o que encontrei, o artigo de\u00a0Paulo Paniago publicado no portal Metr\u00f3poles,\u00a0 \u00e9 o que mais me agradou.<\/span><\/p>\n<p><span style=\"font-family: georgia, palatino, serif; font-size: 18pt; color: #000000;\">Compartilho:<\/span><\/p>\n<p style=\"text-align: center;\"><img data-recalc-dims=\"1\" fetchpriority=\"high\" decoding=\"async\" data-attachment-id=\"13181\" data-permalink=\"https:\/\/gersonguelmann.com.br\/blog\/adeus-philip-roth-morre-o-maior-escritor-norte-americano\/1-18\/\" data-orig-file=\"https:\/\/i0.wp.com\/gersonguelmann.com.br\/blog\/wp-content\/uploads\/2018\/05\/1-11.jpg?fit=2006%2C1128&amp;ssl=1\" data-orig-size=\"2006,1128\" data-comments-opened=\"1\" data-image-meta=\"{&quot;aperture&quot;:&quot;0&quot;,&quot;credit&quot;:&quot;&quot;,&quot;camera&quot;:&quot;&quot;,&quot;caption&quot;:&quot;&quot;,&quot;created_timestamp&quot;:&quot;0&quot;,&quot;copyright&quot;:&quot;&quot;,&quot;focal_length&quot;:&quot;0&quot;,&quot;iso&quot;:&quot;0&quot;,&quot;shutter_speed&quot;:&quot;0&quot;,&quot;title&quot;:&quot;&quot;,&quot;orientation&quot;:&quot;0&quot;}\" data-image-title=\"1\" data-image-description=\"\" data-image-caption=\"\" data-medium-file=\"https:\/\/i0.wp.com\/gersonguelmann.com.br\/blog\/wp-content\/uploads\/2018\/05\/1-11.jpg?fit=300%2C169&amp;ssl=1\" data-large-file=\"https:\/\/i0.wp.com\/gersonguelmann.com.br\/blog\/wp-content\/uploads\/2018\/05\/1-11.jpg?fit=640%2C360&amp;ssl=1\" class=\"alignnone size-medium wp-image-13181\" src=\"https:\/\/i0.wp.com\/gersonguelmann.com.br\/blog\/wp-content\/uploads\/2018\/05\/1-11.jpg?resize=300%2C169&#038;ssl=1\" alt=\"\" width=\"300\" height=\"169\" srcset=\"https:\/\/i0.wp.com\/gersonguelmann.com.br\/blog\/wp-content\/uploads\/2018\/05\/1-11.jpg?resize=300%2C169&amp;ssl=1 300w, https:\/\/i0.wp.com\/gersonguelmann.com.br\/blog\/wp-content\/uploads\/2018\/05\/1-11.jpg?resize=768%2C432&amp;ssl=1 768w, https:\/\/i0.wp.com\/gersonguelmann.com.br\/blog\/wp-content\/uploads\/2018\/05\/1-11.jpg?resize=1024%2C576&amp;ssl=1 1024w, https:\/\/i0.wp.com\/gersonguelmann.com.br\/blog\/wp-content\/uploads\/2018\/05\/1-11.jpg?w=2006&amp;ssl=1 2006w, https:\/\/i0.wp.com\/gersonguelmann.com.br\/blog\/wp-content\/uploads\/2018\/05\/1-11.jpg?w=1280&amp;ssl=1 1280w, https:\/\/i0.wp.com\/gersonguelmann.com.br\/blog\/wp-content\/uploads\/2018\/05\/1-11.jpg?w=1920&amp;ssl=1 1920w\" sizes=\"(max-width: 300px) 100vw, 300px\" \/><\/p>\n<p style=\"text-align: center;\"><span style=\"font-size: 24pt;\"><strong>Adeus, Philip Roth:<br \/>\nmorre o maior escritor norte-americano<\/strong><\/span><\/p>\n<div id=\"container\">\n<section id=\"header_post\" class=\"single_ponto_de_vista ponto_de_vista\">\n<div class=\"wrap\">\n<div class=\"wrap img_sup\">\n<section id=\"authors_sec\">\n<div class=\"bloco-nomes\">\n<div class=\"assinatura\"><\/div>\n<\/div>\n<p><strong><span class=\"the_post_info\">23\/05\/2018 11:43<\/span><\/strong><\/p>\n<\/section>\n<\/div>\n<\/div>\n<\/section>\n<\/div>\n<section id=\"body_post\" class=\"wrap entry-content\">\n<div class=\"d-3of4 t-all\">\n<div class=\"d-1of4 t-all column_social\">\n<div id=\"sticky-wrapper\" class=\"sticky-wrapper\">\n<div class=\"share-internal\">\n<div class=\"box_share_int\"><\/div>\n<\/div>\n<\/div>\n<\/div>\n<div id=\"content_post\" class=\"d-3of4 t-all\">\n<p><span style=\"font-size: 14pt; color: #000000;\">Ele dizia na literatura que \u201cenvelhecer \u00e9 um massacre\u201d, mas a cada entrevista, ao ser confrontado com a ideia de morrer, Philip Roth afirmava estar se sentindo muito bem e feliz com a vida. A obra toda foi a \u00eanfase desse conflito gritante e talvez o mais contundente que \u00e9 preciso enfrentar: a luta da vida contra a morte e a recusa em aceitar de antem\u00e3o que esta \u00faltima sempre vence. Os fi\u00e9is leitores lastimaram quando ele anunciou a aposentadoria, em 2010, terminando a jornada com quatro pequenas obras n\u00e3o menos inquietantes do que a totalidade dos livros:\u00a028 romances e um de contos, al\u00e9m de dois outros de n\u00e3o-fic\u00e7\u00e3o.<\/span><\/p>\n<p><span style=\"font-size: 14pt; color: #000000;\">No meio dessa vastid\u00e3o concentrada, Roth criou tr\u00eas alter egos. David Kepesh, um professor de literatura, aparece em tr\u00eas deles. \u201cPhilip Roth\u201d (isso mesmo, ele fez de si um alter ego, o que levanta quest\u00f5es praticamente infinitas a respeito do alcance de um escritor, inclusive nas discuss\u00f5es a respeito da autofic\u00e7\u00e3o) comparece em cinco livros. Mas o mais duradouro foi Nathan Zuckerman, que aparece em nove romances, o primeiro deles chamado O Escritor Fantasma (1979) e, o \u00faltimo, Fantasma Sai de Cena (2007).<\/span><\/p>\n<p><span style=\"font-size: 14pt; color: #000000;\">O primeiro livro que publicou foi de contos, Adeus, Columbus (1959). Causou choque na comunidade judaica, porque os personagens recebiam tratamento humano e complexo, sem qualquer favorecimento. Na sequ\u00eancia, escreveu romances, o g\u00eanero predileto. Roth havia escrito dois livros bons, mas ainda insuficientes para chamar a aten\u00e7\u00e3o de todo mundo fora da comunidade religiosa-cultural, at\u00e9 que veio O Complexo de Portnoy (1969), em que o personagem, Alexander Portnoy, est\u00e1 no analista e relata a pr\u00f3pria compuls\u00e3o masturbat\u00f3ria.<\/span><\/p>\n<p><span style=\"font-size: 14pt; color: #000000;\">Foi um choque, mesmo que o pa\u00eds estivesse vivendo anos de revolu\u00e7\u00e3o sexual da contracultura. Acontece que a aten\u00e7\u00e3o despertada por esse livro poderia ter feito o escritor entrar numa rotina de produzir sempre s\u00e1tiras, e o que ele fez foi aprofundar as discuss\u00f5es cada vez mais, apertando os parafusos de uma obra inquietante e desafiadora, a ponto de agora muita gente dizer que morreu o principal escritor norte-americano. Fato.<\/span><\/p>\n<p><span style=\"font-size: 14pt; color: #000000;\">Entre os pr\u00eamios, faltou o Nobel, por birra insensata da Academia sueca. Mas recebeu todos os outros importantes, inclusive um dos maiores reconhecimentos que se pode ter, a publica\u00e7\u00e3o da pr\u00f3pria obra ainda em vida pela Library of America.<\/span><\/p>\n<p><span style=\"font-size: 14pt; color: #000000;\">No centro das discuss\u00f5es que ele conseguiu desencadear, est\u00e1 a liberdade do indiv\u00edduo diante da for\u00e7a das circunst\u00e2ncias. A limita\u00e7\u00e3o da conting\u00eancia nunca vai impedir um personagem de continuar tentando. Em A Marca Humana (2000), um professor de literatura cl\u00e1ssica negro, Coleman Silk, de pele muito branca, se disfar\u00e7a de judeu. Ironicamente, sua queda vai se dar num epis\u00f3dio em que o politicamente correto d\u00e1 as cartas e que envolve justamente suposto preconceito racial.<\/span><\/p>\n<p><span style=\"font-size: 14pt; color: #000000;\">Roth \u00e9 uma das express\u00f5es mais contundentes do individualismo moderno e, n\u00e3o tivesse se tornado romancista, poderia ser pensador pol\u00eamico e ensa\u00edsta, daqueles capazes de gerar intensos debates por onde passa e espalha a marca. Ali\u00e1s, \u00e9 sobre isso a obra inteira. A marca do conflito entre indiv\u00edduo e comunidade, a marca da distin\u00e7\u00e3o por pertencer a um povo sempre falado e apontado e perseguido, a marca humana que \u00e9 poss\u00edvel deixar atr\u00e1s de si. T\u00edtulo do romance que trata exatamente dos vest\u00edgios que o humano \u00e9 capaz de produzir, A Marca Humana tem um trecho bastante explicativo. \u201cN\u00f3s deixamos uma marca, uma trilha, um vest\u00edgio\u201d, diz uma personagem do livro, chamada Faunia. \u201cImpureza, crueldade, maus-tratos, erros, excrementos, esperma \u2014 n\u00e3o tem jeito de n\u00e3o deixar. N\u00e3o \u00e9 uma quest\u00e3o de desobedi\u00eancia. N\u00e3o tem nada a ver com gra\u00e7a nem salva\u00e7\u00e3o nem reden\u00e7\u00e3o. Est\u00e1 em todo mundo. Por dentro. Inerente. Definidora. A marca que est\u00e1 l\u00e1 antes do seu sinal.\u201d<\/span><\/p>\n<p><span style=\"font-size: 14pt; color: #000000;\">Um dos mais destacados romances \u00e9 O Teatro de Sabbath (1995), em que o personagem, Mickey Sabbath, entra numa espiral delirante de enlouquecimento e vida compulsiva, intensa, vibrante. N\u00e3o \u00e9 um personagem f\u00e1cil ou emp\u00e1tico, mas \u00e9 literatura no mais alto grau. A coisa come\u00e7a pela ep\u00edgrafe, uma frase da pe\u00e7a A Tempestade, de Shakespeare: \u201cA cada tr\u00eas pensamentos, um ser\u00e1 dedicado ao meu t\u00famulo\u201d. E da\u00ed em diante \u00e9 ladeira abaixo, acelerado.<\/span><\/p>\n<p><span style=\"font-size: 14pt; color: #000000;\">Sabbath vai come\u00e7ar a pensar em suic\u00eddio como sa\u00edda, se n\u00e3o honrosa, pelo menos justific\u00e1vel. O discurso racional para falar do processo de loucura de um ser humano que n\u00e3o se guia pelos valores vigentes. \u201cA lei da vida: flutua\u00e7\u00e3o. Para cada ideia, uma contraideia, para cada vontade, uma contravontade. N\u00e3o admira que ou a gente fica louco e morre, ou resolve desaparecer.\u201d \u00c9 importante n\u00e3o confundir literatura e vida real. Deixe o desaparecimento, a loucura, deixe inclusive a morte para a literatura e cuide da vida. Todas as emo\u00e7\u00f5es s\u00e3o forjadas, um embuste, at\u00e9 Sabbath n\u00e3o saber mais definir a linha que separa as encena\u00e7\u00f5es daquilo que realmente sente.<\/span><\/p>\n<p><span style=\"font-size: 14pt; color: #000000;\">Sim, \u00e9 isto mesmo, quando se pensa bem:\u00a0morreu o maior escritor norte-americano.<\/span><\/p>\n<p><span style=\"font-size: 14pt;\"><em><strong>Paulo Paniago \u00e9 mestre em literatura e doutor em comunica\u00e7\u00e3o. Atua como professor de comunica\u00e7\u00e3o social na Universidade de Bras\u00edlia.<\/strong><\/em><\/span><\/p>\n<p><span style=\"font-family: georgia, palatino, serif; font-size: 18pt; color: #000000;\">O artigo original pode ser acessado <a href=\"https:\/\/www.metropoles.com\/ponto-de-vista\/adeus-philip-roth-morre-o-maior-escritor-norte-americano\"><span style=\"color: #0000ff;\"><em><strong>aqui<\/strong><\/em><\/span><\/a><\/span>.<\/p>\n<\/div>\n<\/div>\n<\/section>\n","protected":false},"excerpt":{"rendered":"<p>Desde cedo, quando escutei a\u00a0 not\u00edcia do falecimento do Philip Roth, li uma s\u00e9rie de artigos e coment\u00e1rios sobre a obra desse not\u00e1vel escritor, de cuja obra tomei conhecimento na minha p\u00f3s-adolesc\u00eancia.\u00a0 De tudo o que encontrei, o artigo de\u00a0Paulo Paniago publicado no portal Metr\u00f3poles,\u00a0 \u00e9 o que mais me agradou. Compartilho: Adeus, Philip Roth: [&hellip;]<\/p>\n","protected":false},"author":5,"featured_media":13181,"comment_status":"open","ping_status":"open","sticky":false,"template":"","format":"standard","meta":{"_acf_changed":false,"jetpack_post_was_ever_published":false,"_jetpack_newsletter_access":"","_jetpack_dont_email_post_to_subs":false,"_jetpack_newsletter_tier_id":0,"_jetpack_memberships_contains_paywalled_content":false,"_jetpack_memberships_contains_paid_content":false,"footnotes":"","jetpack_publicize_message":"","jetpack_publicize_feature_enabled":true,"jetpack_social_post_already_shared":true,"jetpack_social_options":{"image_generator_settings":{"template":"highway","default_image_id":0,"font":"","enabled":false},"version":2}},"categories":[1],"tags":[],"class_list":["post-13177","post","type-post","status-publish","format-standard","has-post-thumbnail","hentry","category-sem-categoria"],"acf":[],"yoast_head":"<!-- This site is optimized with the Yoast SEO plugin v27.3 - https:\/\/yoast.com\/product\/yoast-seo-wordpress\/ -->\n<title>Adeus, Philip Roth: Morre o Maior Escritor Norte-Americano | Blog do Guelmann<\/title>\n<meta name=\"robots\" content=\"index, follow, max-snippet:-1, max-image-preview:large, max-video-preview:-1\" \/>\n<link rel=\"canonical\" href=\"https:\/\/gersonguelmann.com.br\/blog\/adeus-philip-roth-morre-o-maior-escritor-norte-americano\/\" \/>\n<meta property=\"og:locale\" content=\"pt_BR\" \/>\n<meta property=\"og:type\" content=\"article\" \/>\n<meta property=\"og:title\" content=\"Adeus, Philip Roth: Morre o Maior Escritor Norte-Americano | Blog do Guelmann\" \/>\n<meta property=\"og:description\" content=\"Desde cedo, quando escutei a\u00a0 not\u00edcia do falecimento do Philip Roth, li uma s\u00e9rie de artigos e coment\u00e1rios sobre a obra desse not\u00e1vel escritor, de cuja obra tomei conhecimento na minha p\u00f3s-adolesc\u00eancia.\u00a0 De tudo o que encontrei, o artigo de\u00a0Paulo Paniago publicado no portal Metr\u00f3poles,\u00a0 \u00e9 o que mais me agradou. Compartilho: Adeus, Philip Roth: [&hellip;]\" \/>\n<meta property=\"og:url\" content=\"https:\/\/gersonguelmann.com.br\/blog\/adeus-philip-roth-morre-o-maior-escritor-norte-americano\/\" \/>\n<meta property=\"og:site_name\" content=\"Blog do Guelmann\" \/>\n<meta property=\"article:published_time\" content=\"2018-05-23T15:53:46+00:00\" \/>\n<meta property=\"article:modified_time\" content=\"2018-05-23T15:56:06+00:00\" \/>\n<meta property=\"og:image\" content=\"https:\/\/i0.wp.com\/gersonguelmann.com.br\/blog\/wp-content\/uploads\/2018\/05\/1-11.jpg?fit=2006%2C1128&ssl=1\" \/>\n\t<meta property=\"og:image:width\" content=\"2006\" \/>\n\t<meta property=\"og:image:height\" content=\"1128\" \/>\n\t<meta property=\"og:image:type\" content=\"image\/jpeg\" \/>\n<meta name=\"author\" content=\"Gerson Guelmann\" \/>\n<meta name=\"twitter:card\" content=\"summary_large_image\" \/>\n<meta name=\"twitter:label1\" content=\"Escrito por\" \/>\n\t<meta name=\"twitter:data1\" content=\"Gerson Guelmann\" \/>\n\t<meta name=\"twitter:label2\" content=\"Est. tempo de leitura\" \/>\n\t<meta name=\"twitter:data2\" content=\"5 minutos\" \/>\n<script type=\"application\/ld+json\" class=\"yoast-schema-graph\">{\"@context\":\"https:\\\/\\\/schema.org\",\"@graph\":[{\"@type\":\"Article\",\"@id\":\"https:\\\/\\\/gersonguelmann.com.br\\\/blog\\\/adeus-philip-roth-morre-o-maior-escritor-norte-americano\\\/#article\",\"isPartOf\":{\"@id\":\"https:\\\/\\\/gersonguelmann.com.br\\\/blog\\\/adeus-philip-roth-morre-o-maior-escritor-norte-americano\\\/\"},\"author\":{\"name\":\"Gerson Guelmann\",\"@id\":\"https:\\\/\\\/gersonguelmann.com.br\\\/blog\\\/#\\\/schema\\\/person\\\/87e70e2a786888082f941a482c90569e\"},\"headline\":\"Adeus, Philip Roth: Morre o Maior Escritor Norte-Americano\",\"datePublished\":\"2018-05-23T15:53:46+00:00\",\"dateModified\":\"2018-05-23T15:56:06+00:00\",\"mainEntityOfPage\":{\"@id\":\"https:\\\/\\\/gersonguelmann.com.br\\\/blog\\\/adeus-philip-roth-morre-o-maior-escritor-norte-americano\\\/\"},\"wordCount\":969,\"commentCount\":0,\"image\":{\"@id\":\"https:\\\/\\\/gersonguelmann.com.br\\\/blog\\\/adeus-philip-roth-morre-o-maior-escritor-norte-americano\\\/#primaryimage\"},\"thumbnailUrl\":\"https:\\\/\\\/i0.wp.com\\\/gersonguelmann.com.br\\\/blog\\\/wp-content\\\/uploads\\\/2018\\\/05\\\/1-11.jpg?fit=2006%2C1128&ssl=1\",\"inLanguage\":\"pt-BR\",\"potentialAction\":[{\"@type\":\"CommentAction\",\"name\":\"Comment\",\"target\":[\"https:\\\/\\\/gersonguelmann.com.br\\\/blog\\\/adeus-philip-roth-morre-o-maior-escritor-norte-americano\\\/#respond\"]}]},{\"@type\":\"WebPage\",\"@id\":\"https:\\\/\\\/gersonguelmann.com.br\\\/blog\\\/adeus-philip-roth-morre-o-maior-escritor-norte-americano\\\/\",\"url\":\"https:\\\/\\\/gersonguelmann.com.br\\\/blog\\\/adeus-philip-roth-morre-o-maior-escritor-norte-americano\\\/\",\"name\":\"Adeus, Philip Roth: Morre o Maior Escritor Norte-Americano | Blog do Guelmann\",\"isPartOf\":{\"@id\":\"https:\\\/\\\/gersonguelmann.com.br\\\/blog\\\/#website\"},\"primaryImageOfPage\":{\"@id\":\"https:\\\/\\\/gersonguelmann.com.br\\\/blog\\\/adeus-philip-roth-morre-o-maior-escritor-norte-americano\\\/#primaryimage\"},\"image\":{\"@id\":\"https:\\\/\\\/gersonguelmann.com.br\\\/blog\\\/adeus-philip-roth-morre-o-maior-escritor-norte-americano\\\/#primaryimage\"},\"thumbnailUrl\":\"https:\\\/\\\/i0.wp.com\\\/gersonguelmann.com.br\\\/blog\\\/wp-content\\\/uploads\\\/2018\\\/05\\\/1-11.jpg?fit=2006%2C1128&ssl=1\",\"datePublished\":\"2018-05-23T15:53:46+00:00\",\"dateModified\":\"2018-05-23T15:56:06+00:00\",\"author\":{\"@id\":\"https:\\\/\\\/gersonguelmann.com.br\\\/blog\\\/#\\\/schema\\\/person\\\/87e70e2a786888082f941a482c90569e\"},\"inLanguage\":\"pt-BR\",\"potentialAction\":[{\"@type\":\"ReadAction\",\"target\":[\"https:\\\/\\\/gersonguelmann.com.br\\\/blog\\\/adeus-philip-roth-morre-o-maior-escritor-norte-americano\\\/\"]}]},{\"@type\":\"ImageObject\",\"inLanguage\":\"pt-BR\",\"@id\":\"https:\\\/\\\/gersonguelmann.com.br\\\/blog\\\/adeus-philip-roth-morre-o-maior-escritor-norte-americano\\\/#primaryimage\",\"url\":\"https:\\\/\\\/i0.wp.com\\\/gersonguelmann.com.br\\\/blog\\\/wp-content\\\/uploads\\\/2018\\\/05\\\/1-11.jpg?fit=2006%2C1128&ssl=1\",\"contentUrl\":\"https:\\\/\\\/i0.wp.com\\\/gersonguelmann.com.br\\\/blog\\\/wp-content\\\/uploads\\\/2018\\\/05\\\/1-11.jpg?fit=2006%2C1128&ssl=1\",\"width\":2006,\"height\":1128},{\"@type\":\"WebSite\",\"@id\":\"https:\\\/\\\/gersonguelmann.com.br\\\/blog\\\/#website\",\"url\":\"https:\\\/\\\/gersonguelmann.com.br\\\/blog\\\/\",\"name\":\"Blog do Guelmann\",\"description\":\"Pitadas da sabedoria e do humor judaicos, assuntos do momento e um pouco das hist\u00f3rias que vivi e testemunhei.\",\"potentialAction\":[{\"@type\":\"SearchAction\",\"target\":{\"@type\":\"EntryPoint\",\"urlTemplate\":\"https:\\\/\\\/gersonguelmann.com.br\\\/blog\\\/?s={search_term_string}\"},\"query-input\":{\"@type\":\"PropertyValueSpecification\",\"valueRequired\":true,\"valueName\":\"search_term_string\"}}],\"inLanguage\":\"pt-BR\"},{\"@type\":\"Person\",\"@id\":\"https:\\\/\\\/gersonguelmann.com.br\\\/blog\\\/#\\\/schema\\\/person\\\/87e70e2a786888082f941a482c90569e\",\"name\":\"Gerson Guelmann\",\"image\":{\"@type\":\"ImageObject\",\"inLanguage\":\"pt-BR\",\"@id\":\"https:\\\/\\\/i0.wp.com\\\/gersonguelmann.com.br\\\/blog\\\/wp-content\\\/uploads\\\/2021\\\/08\\\/BLOG.jpeg?fit=96%2C96&ssl=1\",\"url\":\"https:\\\/\\\/i0.wp.com\\\/gersonguelmann.com.br\\\/blog\\\/wp-content\\\/uploads\\\/2021\\\/08\\\/BLOG.jpeg?fit=96%2C96&ssl=1\",\"contentUrl\":\"https:\\\/\\\/i0.wp.com\\\/gersonguelmann.com.br\\\/blog\\\/wp-content\\\/uploads\\\/2021\\\/08\\\/BLOG.jpeg?fit=96%2C96&ssl=1\",\"caption\":\"Gerson Guelmann\"},\"description\":\"Pitadas da sabedoria e do humor judaicos, assuntos do momento e um pouco das hist\u00f3rias que vivi e testemunhei.\"}]}<\/script>\n<!-- \/ Yoast SEO plugin. -->","yoast_head_json":{"title":"Adeus, Philip Roth: Morre o Maior Escritor Norte-Americano | Blog do Guelmann","robots":{"index":"index","follow":"follow","max-snippet":"max-snippet:-1","max-image-preview":"max-image-preview:large","max-video-preview":"max-video-preview:-1"},"canonical":"https:\/\/gersonguelmann.com.br\/blog\/adeus-philip-roth-morre-o-maior-escritor-norte-americano\/","og_locale":"pt_BR","og_type":"article","og_title":"Adeus, Philip Roth: Morre o Maior Escritor Norte-Americano | Blog do Guelmann","og_description":"Desde cedo, quando escutei a\u00a0 not\u00edcia do falecimento do Philip Roth, li uma s\u00e9rie de artigos e coment\u00e1rios sobre a obra desse not\u00e1vel escritor, de cuja obra tomei conhecimento na minha p\u00f3s-adolesc\u00eancia.\u00a0 De tudo o que encontrei, o artigo de\u00a0Paulo Paniago publicado no portal Metr\u00f3poles,\u00a0 \u00e9 o que mais me agradou. Compartilho: Adeus, Philip Roth: [&hellip;]","og_url":"https:\/\/gersonguelmann.com.br\/blog\/adeus-philip-roth-morre-o-maior-escritor-norte-americano\/","og_site_name":"Blog do Guelmann","article_published_time":"2018-05-23T15:53:46+00:00","article_modified_time":"2018-05-23T15:56:06+00:00","og_image":[{"width":2006,"height":1128,"url":"https:\/\/i0.wp.com\/gersonguelmann.com.br\/blog\/wp-content\/uploads\/2018\/05\/1-11.jpg?fit=2006%2C1128&ssl=1","type":"image\/jpeg"}],"author":"Gerson Guelmann","twitter_card":"summary_large_image","twitter_misc":{"Escrito por":"Gerson Guelmann","Est. tempo de leitura":"5 minutos"},"schema":{"@context":"https:\/\/schema.org","@graph":[{"@type":"Article","@id":"https:\/\/gersonguelmann.com.br\/blog\/adeus-philip-roth-morre-o-maior-escritor-norte-americano\/#article","isPartOf":{"@id":"https:\/\/gersonguelmann.com.br\/blog\/adeus-philip-roth-morre-o-maior-escritor-norte-americano\/"},"author":{"name":"Gerson Guelmann","@id":"https:\/\/gersonguelmann.com.br\/blog\/#\/schema\/person\/87e70e2a786888082f941a482c90569e"},"headline":"Adeus, Philip Roth: Morre o Maior Escritor Norte-Americano","datePublished":"2018-05-23T15:53:46+00:00","dateModified":"2018-05-23T15:56:06+00:00","mainEntityOfPage":{"@id":"https:\/\/gersonguelmann.com.br\/blog\/adeus-philip-roth-morre-o-maior-escritor-norte-americano\/"},"wordCount":969,"commentCount":0,"image":{"@id":"https:\/\/gersonguelmann.com.br\/blog\/adeus-philip-roth-morre-o-maior-escritor-norte-americano\/#primaryimage"},"thumbnailUrl":"https:\/\/i0.wp.com\/gersonguelmann.com.br\/blog\/wp-content\/uploads\/2018\/05\/1-11.jpg?fit=2006%2C1128&ssl=1","inLanguage":"pt-BR","potentialAction":[{"@type":"CommentAction","name":"Comment","target":["https:\/\/gersonguelmann.com.br\/blog\/adeus-philip-roth-morre-o-maior-escritor-norte-americano\/#respond"]}]},{"@type":"WebPage","@id":"https:\/\/gersonguelmann.com.br\/blog\/adeus-philip-roth-morre-o-maior-escritor-norte-americano\/","url":"https:\/\/gersonguelmann.com.br\/blog\/adeus-philip-roth-morre-o-maior-escritor-norte-americano\/","name":"Adeus, Philip Roth: Morre o Maior Escritor Norte-Americano | Blog do Guelmann","isPartOf":{"@id":"https:\/\/gersonguelmann.com.br\/blog\/#website"},"primaryImageOfPage":{"@id":"https:\/\/gersonguelmann.com.br\/blog\/adeus-philip-roth-morre-o-maior-escritor-norte-americano\/#primaryimage"},"image":{"@id":"https:\/\/gersonguelmann.com.br\/blog\/adeus-philip-roth-morre-o-maior-escritor-norte-americano\/#primaryimage"},"thumbnailUrl":"https:\/\/i0.wp.com\/gersonguelmann.com.br\/blog\/wp-content\/uploads\/2018\/05\/1-11.jpg?fit=2006%2C1128&ssl=1","datePublished":"2018-05-23T15:53:46+00:00","dateModified":"2018-05-23T15:56:06+00:00","author":{"@id":"https:\/\/gersonguelmann.com.br\/blog\/#\/schema\/person\/87e70e2a786888082f941a482c90569e"},"inLanguage":"pt-BR","potentialAction":[{"@type":"ReadAction","target":["https:\/\/gersonguelmann.com.br\/blog\/adeus-philip-roth-morre-o-maior-escritor-norte-americano\/"]}]},{"@type":"ImageObject","inLanguage":"pt-BR","@id":"https:\/\/gersonguelmann.com.br\/blog\/adeus-philip-roth-morre-o-maior-escritor-norte-americano\/#primaryimage","url":"https:\/\/i0.wp.com\/gersonguelmann.com.br\/blog\/wp-content\/uploads\/2018\/05\/1-11.jpg?fit=2006%2C1128&ssl=1","contentUrl":"https:\/\/i0.wp.com\/gersonguelmann.com.br\/blog\/wp-content\/uploads\/2018\/05\/1-11.jpg?fit=2006%2C1128&ssl=1","width":2006,"height":1128},{"@type":"WebSite","@id":"https:\/\/gersonguelmann.com.br\/blog\/#website","url":"https:\/\/gersonguelmann.com.br\/blog\/","name":"Blog do Guelmann","description":"Pitadas da sabedoria e do humor judaicos, assuntos do momento e um pouco das hist\u00f3rias que vivi e testemunhei.","potentialAction":[{"@type":"SearchAction","target":{"@type":"EntryPoint","urlTemplate":"https:\/\/gersonguelmann.com.br\/blog\/?s={search_term_string}"},"query-input":{"@type":"PropertyValueSpecification","valueRequired":true,"valueName":"search_term_string"}}],"inLanguage":"pt-BR"},{"@type":"Person","@id":"https:\/\/gersonguelmann.com.br\/blog\/#\/schema\/person\/87e70e2a786888082f941a482c90569e","name":"Gerson Guelmann","image":{"@type":"ImageObject","inLanguage":"pt-BR","@id":"https:\/\/i0.wp.com\/gersonguelmann.com.br\/blog\/wp-content\/uploads\/2021\/08\/BLOG.jpeg?fit=96%2C96&ssl=1","url":"https:\/\/i0.wp.com\/gersonguelmann.com.br\/blog\/wp-content\/uploads\/2021\/08\/BLOG.jpeg?fit=96%2C96&ssl=1","contentUrl":"https:\/\/i0.wp.com\/gersonguelmann.com.br\/blog\/wp-content\/uploads\/2021\/08\/BLOG.jpeg?fit=96%2C96&ssl=1","caption":"Gerson Guelmann"},"description":"Pitadas da sabedoria e do humor judaicos, assuntos do momento e um pouco das hist\u00f3rias que vivi e testemunhei."}]}},"views":24,"jetpack_publicize_connections":[],"jetpack_featured_media_url":"https:\/\/i0.wp.com\/gersonguelmann.com.br\/blog\/wp-content\/uploads\/2018\/05\/1-11.jpg?fit=2006%2C1128&ssl=1","jetpack_shortlink":"https:\/\/wp.me\/p96e7O-3qx","jetpack-related-posts":[{"id":12222,"url":"https:\/\/gersonguelmann.com.br\/blog\/frases-dos-melhores-humoristas-judeus-44\/","url_meta":{"origin":13177,"position":0},"title":"Frases dos Melhores Humoristas Judeus (44)","author":"Gerson Guelmann","date":"18 de outubro de 2021","format":false,"excerpt":"*\u00a0S. J. Perelman\u00a0(Sidney Joseph Perelman \u2013 Nova York, 1\/2\/1904 \u2013 17\/10\/1979) - \"O privil\u00e9gio duvidoso de voc\u00ea ser um escritor freelance \u00e9 poder passar fome onde quiser\". *\u00a0 Harpo Marx\u00a0(Adolph Marx \u2013 New York, 23\/11\/1888 \u2013 Los Angeles, 28\/9\/1964) - \"A morte de um homem comum \u00e9 triste. A morte\u2026","rel":"","context":"Em &quot;Sem categoria&quot;","block_context":{"text":"Sem categoria","link":"https:\/\/gersonguelmann.com.br\/blog\/category\/sem-categoria\/"},"img":{"alt_text":"","src":"https:\/\/i0.wp.com\/gersonguelmann.com.br\/blog\/wp-content\/uploads\/2018\/04\/PH.jpg?fit=805%2C1200&ssl=1&resize=350%2C200","width":350,"height":200,"srcset":"https:\/\/i0.wp.com\/gersonguelmann.com.br\/blog\/wp-content\/uploads\/2018\/04\/PH.jpg?fit=805%2C1200&ssl=1&resize=350%2C200 1x, https:\/\/i0.wp.com\/gersonguelmann.com.br\/blog\/wp-content\/uploads\/2018\/04\/PH.jpg?fit=805%2C1200&ssl=1&resize=525%2C300 1.5x, https:\/\/i0.wp.com\/gersonguelmann.com.br\/blog\/wp-content\/uploads\/2018\/04\/PH.jpg?fit=805%2C1200&ssl=1&resize=700%2C400 2x"},"classes":[]},{"id":2853,"url":"https:\/\/gersonguelmann.com.br\/blog\/criatividade-brasileira-4\/","url_meta":{"origin":13177,"position":1},"title":"Criatividade Brasileira (4)","author":"Gerson Guelmann","date":"14 de outubro de 2017","format":false,"excerpt":"A amostra de hoje tamb\u00e9m \u00e9 do \"ramo aliment\u00edcio\".\u00a0 Pegando carona na obra do escritor\u00a0J. R. R. Tolkien, pastelarias de Curitiba, Canoas (RS) e Tatu\u00ed (SP) adotaram o nome de \"Senhor dos Past\u00e9is\". N\u00e3o sei se o trailer da foto \u00e9 de uma delas ou \u00e9 de uma outra pastelaria,\u2026","rel":"","context":"Em &quot;Sem categoria&quot;","block_context":{"text":"Sem categoria","link":"https:\/\/gersonguelmann.com.br\/blog\/category\/sem-categoria\/"},"img":{"alt_text":"","src":"https:\/\/i0.wp.com\/gersonguelmann.com.br\/blog\/wp-content\/uploads\/2017\/10\/Pastelaria.jpg?fit=600%2C450&ssl=1&resize=350%2C200","width":350,"height":200,"srcset":"https:\/\/i0.wp.com\/gersonguelmann.com.br\/blog\/wp-content\/uploads\/2017\/10\/Pastelaria.jpg?fit=600%2C450&ssl=1&resize=350%2C200 1x, https:\/\/i0.wp.com\/gersonguelmann.com.br\/blog\/wp-content\/uploads\/2017\/10\/Pastelaria.jpg?fit=600%2C450&ssl=1&resize=525%2C300 1.5x"},"classes":[]},{"id":5465,"url":"https:\/\/gersonguelmann.com.br\/blog\/escritor-kuwaitiano-diz-israel-e-um-estado-legitimo\/","url_meta":{"origin":13177,"position":2},"title":"Escritor Kuwaitiano Diz: Israel \u00c9 Um Estado Leg\u00edtimo","author":"Gerson Guelmann","date":"10 de dezembro de 2017","format":false,"excerpt":"Em debate na TV Kuwaitiana em 19\/11 o escritor Abdullah Al-Hadlaq disse que Israel \u00e9 um Estado soberano e n\u00e3o um ocupante e que historicamente n\u00e3o havia Palestina. E enfatizou: trata-se de \"um povo retornando \u00e0 sua terra prometida\"; quando o Estado de Israel foi estabelecido em 1948, n\u00e3o havia\u2026","rel":"","context":"Em &quot;Sem categoria&quot;","block_context":{"text":"Sem categoria","link":"https:\/\/gersonguelmann.com.br\/blog\/category\/sem-categoria\/"},"img":{"alt_text":"","src":"https:\/\/i0.wp.com\/gersonguelmann.com.br\/blog\/wp-content\/uploads\/2017\/12\/download-4-300x168.jpg?resize=350%2C200&ssl=1","width":350,"height":200},"classes":[]},{"id":14522,"url":"https:\/\/gersonguelmann.com.br\/blog\/oitentao-jaime-lerner-fala-de-curitiba\/","url_meta":{"origin":13177,"position":3},"title":"Oitent\u00e3o, Jaime Lerner Fala de Curitiba","author":"Gerson Guelmann","date":"5 de julho de 2018","format":false,"excerpt":"A revista TopView acaba de publicar uma extensa e excelente mat\u00e9ria sobre o Jaime Lerner: HOME \/ PERSONALIDADES Jaime Lerner: o maior desafio de Curitiba \u00e9 voltar a ser Curitiba Aos 80 anos, o arquiteto e urbanista que tornou a capital cidade-modelo recebeu a TOPVIEW para uma entrevista exclusiva (e\u2026","rel":"","context":"Em &quot;Sem categoria&quot;","block_context":{"text":"Sem categoria","link":"https:\/\/gersonguelmann.com.br\/blog\/category\/sem-categoria\/"},"img":{"alt_text":"","src":"https:\/\/i0.wp.com\/gersonguelmann.com.br\/blog\/wp-content\/uploads\/2018\/07\/jaime-lerner-para-topview-6-1.jpg?fit=401%2C600&ssl=1&resize=350%2C200","width":350,"height":200},"classes":[]},{"id":1863,"url":"https:\/\/gersonguelmann.com.br\/blog\/milionario-judeu-norte-americano-a-beira-mar\/","url_meta":{"origin":13177,"position":4},"title":"Milion\u00e1rio Judeu Norte-Americano \u00e0 Beira-Mar","author":"Gerson Guelmann","date":"17 de novembro de 2022","format":false,"excerpt":"Julius Aronowitz, um judeu norte-americano muito bem-sucedido financeiramente, fez um grande neg\u00f3cio e resolveu comemorar passando alguns dias em Tel Aviv. Acionou seu escrit\u00f3rio em Israel e pediu para a secret\u00e1ria local ir pessoalmente ao melhor hotel da cidade, para as reservas. Chegando l\u00e1, ela pediu para falar com o\u2026","rel":"","context":"Em &quot;Sem categoria&quot;","block_context":{"text":"Sem categoria","link":"https:\/\/gersonguelmann.com.br\/blog\/category\/sem-categoria\/"},"img":{"alt_text":"","src":"https:\/\/i0.wp.com\/gersonguelmann.com.br\/blog\/wp-content\/uploads\/2017\/09\/tel-aviv-seashore.jpeg?fit=1200%2C800&ssl=1&resize=350%2C200","width":350,"height":200,"srcset":"https:\/\/i0.wp.com\/gersonguelmann.com.br\/blog\/wp-content\/uploads\/2017\/09\/tel-aviv-seashore.jpeg?fit=1200%2C800&ssl=1&resize=350%2C200 1x, https:\/\/i0.wp.com\/gersonguelmann.com.br\/blog\/wp-content\/uploads\/2017\/09\/tel-aviv-seashore.jpeg?fit=1200%2C800&ssl=1&resize=525%2C300 1.5x, https:\/\/i0.wp.com\/gersonguelmann.com.br\/blog\/wp-content\/uploads\/2017\/09\/tel-aviv-seashore.jpeg?fit=1200%2C800&ssl=1&resize=700%2C400 2x, https:\/\/i0.wp.com\/gersonguelmann.com.br\/blog\/wp-content\/uploads\/2017\/09\/tel-aviv-seashore.jpeg?fit=1200%2C800&ssl=1&resize=1050%2C600 3x"},"classes":[]},{"id":13869,"url":"https:\/\/gersonguelmann.com.br\/blog\/testemunha-de-lula-levou-um-pito-de-moro\/","url_meta":{"origin":13177,"position":5},"title":"Testemunha de Lula Levou Um Pito de Moro","author":"Gerson Guelmann","date":"11 de junho de 2018","format":false,"excerpt":"Foto: veja.abril.com.br Arrolado como testemunha de defesa de Lula, Fernando Morais, bi\u00f3grafo do ex-presidente, foi ouvido hoje pelo juiz federal Sergio Moro. A certa altura do depoimento o juiz interrompeu a fala do escritor por considerar que ele estava fazendo propaganda de Lula. Leia mat\u00e9ria publicada no G1 Paran\u00e1: 'O\u2026","rel":"","context":"Em &quot;Sem categoria&quot;","block_context":{"text":"Sem categoria","link":"https:\/\/gersonguelmann.com.br\/blog\/category\/sem-categoria\/"},"img":{"alt_text":"","src":"https:\/\/i0.wp.com\/gersonguelmann.com.br\/blog\/wp-content\/uploads\/2018\/06\/lula-fernando-morais-300x224.jpg?resize=350%2C200&ssl=1","width":350,"height":200},"classes":[]}],"jetpack_sharing_enabled":true,"post_mailing_queue_ids":[],"_links":{"self":[{"href":"https:\/\/gersonguelmann.com.br\/blog\/wp-json\/wp\/v2\/posts\/13177","targetHints":{"allow":["GET"]}}],"collection":[{"href":"https:\/\/gersonguelmann.com.br\/blog\/wp-json\/wp\/v2\/posts"}],"about":[{"href":"https:\/\/gersonguelmann.com.br\/blog\/wp-json\/wp\/v2\/types\/post"}],"author":[{"embeddable":true,"href":"https:\/\/gersonguelmann.com.br\/blog\/wp-json\/wp\/v2\/users\/5"}],"replies":[{"embeddable":true,"href":"https:\/\/gersonguelmann.com.br\/blog\/wp-json\/wp\/v2\/comments?post=13177"}],"version-history":[{"count":0,"href":"https:\/\/gersonguelmann.com.br\/blog\/wp-json\/wp\/v2\/posts\/13177\/revisions"}],"wp:featuredmedia":[{"embeddable":true,"href":"https:\/\/gersonguelmann.com.br\/blog\/wp-json\/wp\/v2\/media\/13181"}],"wp:attachment":[{"href":"https:\/\/gersonguelmann.com.br\/blog\/wp-json\/wp\/v2\/media?parent=13177"}],"wp:term":[{"taxonomy":"category","embeddable":true,"href":"https:\/\/gersonguelmann.com.br\/blog\/wp-json\/wp\/v2\/categories?post=13177"},{"taxonomy":"post_tag","embeddable":true,"href":"https:\/\/gersonguelmann.com.br\/blog\/wp-json\/wp\/v2\/tags?post=13177"}],"curies":[{"name":"wp","href":"https:\/\/api.w.org\/{rel}","templated":true}]}}