    {"id":13186,"date":"2018-05-23T14:03:00","date_gmt":"2018-05-23T17:03:00","guid":{"rendered":"https:\/\/gersonguelmann.com.br\/blog\/?p=13186"},"modified":"2018-05-23T14:03:00","modified_gmt":"2018-05-23T17:03:00","slug":"agildo-ribeiro-e-as-doencas-sexualmente-transmissiveis","status":"publish","type":"post","link":"https:\/\/gersonguelmann.com.br\/blog\/agildo-ribeiro-e-as-doencas-sexualmente-transmissiveis\/","title":{"rendered":"Agildo Ribeiro e as Doen\u00e7as Sexualmente Transmiss\u00edveis"},"content":{"rendered":"<p style=\"text-align: center;\"><img data-recalc-dims=\"1\" fetchpriority=\"high\" decoding=\"async\" data-attachment-id=\"13187\" data-permalink=\"https:\/\/gersonguelmann.com.br\/blog\/agildo-ribeiro-e-as-doencas-sexualmente-transmissiveis\/penicilina\/\" data-orig-file=\"https:\/\/i0.wp.com\/gersonguelmann.com.br\/blog\/wp-content\/uploads\/2018\/05\/Penicilina.jpg?fit=1500%2C1437&amp;ssl=1\" data-orig-size=\"1500,1437\" data-comments-opened=\"1\" data-image-meta=\"{&quot;aperture&quot;:&quot;0&quot;,&quot;credit&quot;:&quot;&quot;,&quot;camera&quot;:&quot;&quot;,&quot;caption&quot;:&quot;&quot;,&quot;created_timestamp&quot;:&quot;0&quot;,&quot;copyright&quot;:&quot;&quot;,&quot;focal_length&quot;:&quot;0&quot;,&quot;iso&quot;:&quot;0&quot;,&quot;shutter_speed&quot;:&quot;0&quot;,&quot;title&quot;:&quot;&quot;,&quot;orientation&quot;:&quot;0&quot;}\" data-image-title=\"Penicilina\" data-image-description=\"\" data-image-caption=\"\" data-medium-file=\"https:\/\/i0.wp.com\/gersonguelmann.com.br\/blog\/wp-content\/uploads\/2018\/05\/Penicilina.jpg?fit=300%2C287&amp;ssl=1\" data-large-file=\"https:\/\/i0.wp.com\/gersonguelmann.com.br\/blog\/wp-content\/uploads\/2018\/05\/Penicilina.jpg?fit=640%2C613&amp;ssl=1\" class=\"alignnone size-medium wp-image-13187\" src=\"https:\/\/i0.wp.com\/gersonguelmann.com.br\/blog\/wp-content\/uploads\/2018\/05\/Penicilina.jpg?resize=300%2C287&#038;ssl=1\" alt=\"\" width=\"300\" height=\"287\" srcset=\"https:\/\/i0.wp.com\/gersonguelmann.com.br\/blog\/wp-content\/uploads\/2018\/05\/Penicilina.jpg?resize=300%2C287&amp;ssl=1 300w, https:\/\/i0.wp.com\/gersonguelmann.com.br\/blog\/wp-content\/uploads\/2018\/05\/Penicilina.jpg?resize=768%2C736&amp;ssl=1 768w, https:\/\/i0.wp.com\/gersonguelmann.com.br\/blog\/wp-content\/uploads\/2018\/05\/Penicilina.jpg?resize=1024%2C981&amp;ssl=1 1024w, https:\/\/i0.wp.com\/gersonguelmann.com.br\/blog\/wp-content\/uploads\/2018\/05\/Penicilina.jpg?w=1500&amp;ssl=1 1500w, https:\/\/i0.wp.com\/gersonguelmann.com.br\/blog\/wp-content\/uploads\/2018\/05\/Penicilina.jpg?w=1280&amp;ssl=1 1280w\" sizes=\"(max-width: 300px) 100vw, 300px\" \/><\/p>\n<p><span style=\"font-family: georgia, palatino, serif; font-size: 18pt; color: #000000;\">O comediante Agildo Ribeiro, recentemente falecido, esteve muitas vezes no programa do J\u00f4 Soares.<\/span><\/p>\n<p><span style=\"font-family: georgia, palatino, serif; font-size: 18pt; color: #000000;\">Numa dessas participa\u00e7\u00f5es, contou como era o tratamento das doen\u00e7as transmitidas pelo contato sexual na \u00e9poca em que era jovem, ou seja, quando a Penicilina ainda n\u00e3o estava dispon\u00edvel.<\/span><\/p>\n<p><span style=\"font-family: georgia, palatino, serif; font-size: 18pt; color: #000000;\">Prepare-se para rir muito.<\/span><\/p>\n<p><span class=\"embed-youtube\" style=\"text-align:center; display: block;\"><iframe class=\"youtube-player\" width=\"640\" height=\"360\" src=\"https:\/\/www.youtube.com\/embed\/u-aoixvSuFA?version=3&#038;rel=1&#038;showsearch=0&#038;showinfo=1&#038;iv_load_policy=1&#038;fs=1&#038;hl=pt-BR&#038;autohide=2&#038;start=103&#038;wmode=transparent\" allowfullscreen=\"true\" style=\"border:0;\" sandbox=\"allow-scripts allow-same-origin allow-popups allow-presentation allow-popups-to-escape-sandbox\"><\/iframe><\/span><\/p>\n","protected":false},"excerpt":{"rendered":"<p>O comediante Agildo Ribeiro, recentemente falecido, esteve muitas vezes no programa do J\u00f4 Soares. Numa dessas participa\u00e7\u00f5es, contou como era o tratamento das doen\u00e7as transmitidas pelo contato sexual na \u00e9poca em que era jovem, ou seja, quando a Penicilina ainda n\u00e3o estava dispon\u00edvel. Prepare-se para rir muito.<\/p>\n","protected":false},"author":5,"featured_media":13187,"comment_status":"open","ping_status":"open","sticky":false,"template":"","format":"standard","meta":{"_acf_changed":false,"jetpack_post_was_ever_published":false,"_jetpack_newsletter_access":"","_jetpack_dont_email_post_to_subs":false,"_jetpack_newsletter_tier_id":0,"_jetpack_memberships_contains_paywalled_content":false,"_jetpack_memberships_contains_paid_content":false,"footnotes":"","jetpack_publicize_message":"","jetpack_publicize_feature_enabled":true,"jetpack_social_post_already_shared":true,"jetpack_social_options":{"image_generator_settings":{"template":"highway","default_image_id":0,"font":"","enabled":false},"version":2}},"categories":[1],"tags":[],"class_list":["post-13186","post","type-post","status-publish","format-standard","has-post-thumbnail","hentry","category-sem-categoria"],"acf":[],"yoast_head":"<!-- This site is optimized with the Yoast SEO plugin v27.3 - https:\/\/yoast.com\/product\/yoast-seo-wordpress\/ -->\n<title>Agildo Ribeiro e as Doen\u00e7as Sexualmente Transmiss\u00edveis | Blog do Guelmann<\/title>\n<meta name=\"robots\" content=\"index, follow, max-snippet:-1, max-image-preview:large, max-video-preview:-1\" \/>\n<link rel=\"canonical\" href=\"https:\/\/gersonguelmann.com.br\/blog\/agildo-ribeiro-e-as-doencas-sexualmente-transmissiveis\/\" \/>\n<meta property=\"og:locale\" content=\"pt_BR\" \/>\n<meta property=\"og:type\" content=\"article\" \/>\n<meta property=\"og:title\" content=\"Agildo Ribeiro e as Doen\u00e7as Sexualmente Transmiss\u00edveis | Blog do Guelmann\" \/>\n<meta property=\"og:description\" content=\"O comediante Agildo Ribeiro, recentemente falecido, esteve muitas vezes no programa do J\u00f4 Soares. Numa dessas participa\u00e7\u00f5es, contou como era o tratamento das doen\u00e7as transmitidas pelo contato sexual na \u00e9poca em que era jovem, ou seja, quando a Penicilina ainda n\u00e3o estava dispon\u00edvel. Prepare-se para rir muito.\" \/>\n<meta property=\"og:url\" content=\"https:\/\/gersonguelmann.com.br\/blog\/agildo-ribeiro-e-as-doencas-sexualmente-transmissiveis\/\" \/>\n<meta property=\"og:site_name\" content=\"Blog do Guelmann\" \/>\n<meta property=\"article:published_time\" content=\"2018-05-23T17:03:00+00:00\" \/>\n<meta property=\"og:image\" content=\"https:\/\/i0.wp.com\/gersonguelmann.com.br\/blog\/wp-content\/uploads\/2018\/05\/Penicilina.jpg?fit=1500%2C1437&ssl=1\" \/>\n\t<meta property=\"og:image:width\" content=\"1500\" \/>\n\t<meta property=\"og:image:height\" content=\"1437\" \/>\n\t<meta property=\"og:image:type\" content=\"image\/jpeg\" \/>\n<meta name=\"author\" content=\"Gerson Guelmann\" \/>\n<meta name=\"twitter:card\" content=\"summary_large_image\" \/>\n<meta name=\"twitter:label1\" content=\"Escrito por\" \/>\n\t<meta name=\"twitter:data1\" content=\"Gerson Guelmann\" \/>\n<script type=\"application\/ld+json\" class=\"yoast-schema-graph\">{\"@context\":\"https:\\\/\\\/schema.org\",\"@graph\":[{\"@type\":\"Article\",\"@id\":\"https:\\\/\\\/gersonguelmann.com.br\\\/blog\\\/agildo-ribeiro-e-as-doencas-sexualmente-transmissiveis\\\/#article\",\"isPartOf\":{\"@id\":\"https:\\\/\\\/gersonguelmann.com.br\\\/blog\\\/agildo-ribeiro-e-as-doencas-sexualmente-transmissiveis\\\/\"},\"author\":{\"name\":\"Gerson Guelmann\",\"@id\":\"https:\\\/\\\/gersonguelmann.com.br\\\/blog\\\/#\\\/schema\\\/person\\\/87e70e2a786888082f941a482c90569e\"},\"headline\":\"Agildo Ribeiro e as Doen\u00e7as Sexualmente Transmiss\u00edveis\",\"datePublished\":\"2018-05-23T17:03:00+00:00\",\"mainEntityOfPage\":{\"@id\":\"https:\\\/\\\/gersonguelmann.com.br\\\/blog\\\/agildo-ribeiro-e-as-doencas-sexualmente-transmissiveis\\\/\"},\"wordCount\":70,\"commentCount\":0,\"image\":{\"@id\":\"https:\\\/\\\/gersonguelmann.com.br\\\/blog\\\/agildo-ribeiro-e-as-doencas-sexualmente-transmissiveis\\\/#primaryimage\"},\"thumbnailUrl\":\"https:\\\/\\\/i0.wp.com\\\/gersonguelmann.com.br\\\/blog\\\/wp-content\\\/uploads\\\/2018\\\/05\\\/Penicilina.jpg?fit=1500%2C1437&ssl=1\",\"inLanguage\":\"pt-BR\",\"potentialAction\":[{\"@type\":\"CommentAction\",\"name\":\"Comment\",\"target\":[\"https:\\\/\\\/gersonguelmann.com.br\\\/blog\\\/agildo-ribeiro-e-as-doencas-sexualmente-transmissiveis\\\/#respond\"]}]},{\"@type\":\"WebPage\",\"@id\":\"https:\\\/\\\/gersonguelmann.com.br\\\/blog\\\/agildo-ribeiro-e-as-doencas-sexualmente-transmissiveis\\\/\",\"url\":\"https:\\\/\\\/gersonguelmann.com.br\\\/blog\\\/agildo-ribeiro-e-as-doencas-sexualmente-transmissiveis\\\/\",\"name\":\"Agildo Ribeiro e as Doen\u00e7as Sexualmente Transmiss\u00edveis | Blog do Guelmann\",\"isPartOf\":{\"@id\":\"https:\\\/\\\/gersonguelmann.com.br\\\/blog\\\/#website\"},\"primaryImageOfPage\":{\"@id\":\"https:\\\/\\\/gersonguelmann.com.br\\\/blog\\\/agildo-ribeiro-e-as-doencas-sexualmente-transmissiveis\\\/#primaryimage\"},\"image\":{\"@id\":\"https:\\\/\\\/gersonguelmann.com.br\\\/blog\\\/agildo-ribeiro-e-as-doencas-sexualmente-transmissiveis\\\/#primaryimage\"},\"thumbnailUrl\":\"https:\\\/\\\/i0.wp.com\\\/gersonguelmann.com.br\\\/blog\\\/wp-content\\\/uploads\\\/2018\\\/05\\\/Penicilina.jpg?fit=1500%2C1437&ssl=1\",\"datePublished\":\"2018-05-23T17:03:00+00:00\",\"author\":{\"@id\":\"https:\\\/\\\/gersonguelmann.com.br\\\/blog\\\/#\\\/schema\\\/person\\\/87e70e2a786888082f941a482c90569e\"},\"inLanguage\":\"pt-BR\",\"potentialAction\":[{\"@type\":\"ReadAction\",\"target\":[\"https:\\\/\\\/gersonguelmann.com.br\\\/blog\\\/agildo-ribeiro-e-as-doencas-sexualmente-transmissiveis\\\/\"]}]},{\"@type\":\"ImageObject\",\"inLanguage\":\"pt-BR\",\"@id\":\"https:\\\/\\\/gersonguelmann.com.br\\\/blog\\\/agildo-ribeiro-e-as-doencas-sexualmente-transmissiveis\\\/#primaryimage\",\"url\":\"https:\\\/\\\/i0.wp.com\\\/gersonguelmann.com.br\\\/blog\\\/wp-content\\\/uploads\\\/2018\\\/05\\\/Penicilina.jpg?fit=1500%2C1437&ssl=1\",\"contentUrl\":\"https:\\\/\\\/i0.wp.com\\\/gersonguelmann.com.br\\\/blog\\\/wp-content\\\/uploads\\\/2018\\\/05\\\/Penicilina.jpg?fit=1500%2C1437&ssl=1\",\"width\":1500,\"height\":1437},{\"@type\":\"WebSite\",\"@id\":\"https:\\\/\\\/gersonguelmann.com.br\\\/blog\\\/#website\",\"url\":\"https:\\\/\\\/gersonguelmann.com.br\\\/blog\\\/\",\"name\":\"Blog do Guelmann\",\"description\":\"Pitadas da sabedoria e do humor judaicos, assuntos do momento e um pouco das hist\u00f3rias que vivi e testemunhei.\",\"potentialAction\":[{\"@type\":\"SearchAction\",\"target\":{\"@type\":\"EntryPoint\",\"urlTemplate\":\"https:\\\/\\\/gersonguelmann.com.br\\\/blog\\\/?s={search_term_string}\"},\"query-input\":{\"@type\":\"PropertyValueSpecification\",\"valueRequired\":true,\"valueName\":\"search_term_string\"}}],\"inLanguage\":\"pt-BR\"},{\"@type\":\"Person\",\"@id\":\"https:\\\/\\\/gersonguelmann.com.br\\\/blog\\\/#\\\/schema\\\/person\\\/87e70e2a786888082f941a482c90569e\",\"name\":\"Gerson Guelmann\",\"image\":{\"@type\":\"ImageObject\",\"inLanguage\":\"pt-BR\",\"@id\":\"https:\\\/\\\/i0.wp.com\\\/gersonguelmann.com.br\\\/blog\\\/wp-content\\\/uploads\\\/2021\\\/08\\\/BLOG.jpeg?fit=96%2C96&ssl=1\",\"url\":\"https:\\\/\\\/i0.wp.com\\\/gersonguelmann.com.br\\\/blog\\\/wp-content\\\/uploads\\\/2021\\\/08\\\/BLOG.jpeg?fit=96%2C96&ssl=1\",\"contentUrl\":\"https:\\\/\\\/i0.wp.com\\\/gersonguelmann.com.br\\\/blog\\\/wp-content\\\/uploads\\\/2021\\\/08\\\/BLOG.jpeg?fit=96%2C96&ssl=1\",\"caption\":\"Gerson Guelmann\"},\"description\":\"Pitadas da sabedoria e do humor judaicos, assuntos do momento e um pouco das hist\u00f3rias que vivi e testemunhei.\"}]}<\/script>\n<!-- \/ Yoast SEO plugin. -->","yoast_head_json":{"title":"Agildo Ribeiro e as Doen\u00e7as Sexualmente Transmiss\u00edveis | Blog do Guelmann","robots":{"index":"index","follow":"follow","max-snippet":"max-snippet:-1","max-image-preview":"max-image-preview:large","max-video-preview":"max-video-preview:-1"},"canonical":"https:\/\/gersonguelmann.com.br\/blog\/agildo-ribeiro-e-as-doencas-sexualmente-transmissiveis\/","og_locale":"pt_BR","og_type":"article","og_title":"Agildo Ribeiro e as Doen\u00e7as Sexualmente Transmiss\u00edveis | Blog do Guelmann","og_description":"O comediante Agildo Ribeiro, recentemente falecido, esteve muitas vezes no programa do J\u00f4 Soares. Numa dessas participa\u00e7\u00f5es, contou como era o tratamento das doen\u00e7as transmitidas pelo contato sexual na \u00e9poca em que era jovem, ou seja, quando a Penicilina ainda n\u00e3o estava dispon\u00edvel. Prepare-se para rir muito.","og_url":"https:\/\/gersonguelmann.com.br\/blog\/agildo-ribeiro-e-as-doencas-sexualmente-transmissiveis\/","og_site_name":"Blog do Guelmann","article_published_time":"2018-05-23T17:03:00+00:00","og_image":[{"width":1500,"height":1437,"url":"https:\/\/i0.wp.com\/gersonguelmann.com.br\/blog\/wp-content\/uploads\/2018\/05\/Penicilina.jpg?fit=1500%2C1437&ssl=1","type":"image\/jpeg"}],"author":"Gerson Guelmann","twitter_card":"summary_large_image","twitter_misc":{"Escrito por":"Gerson Guelmann"},"schema":{"@context":"https:\/\/schema.org","@graph":[{"@type":"Article","@id":"https:\/\/gersonguelmann.com.br\/blog\/agildo-ribeiro-e-as-doencas-sexualmente-transmissiveis\/#article","isPartOf":{"@id":"https:\/\/gersonguelmann.com.br\/blog\/agildo-ribeiro-e-as-doencas-sexualmente-transmissiveis\/"},"author":{"name":"Gerson Guelmann","@id":"https:\/\/gersonguelmann.com.br\/blog\/#\/schema\/person\/87e70e2a786888082f941a482c90569e"},"headline":"Agildo Ribeiro e as Doen\u00e7as Sexualmente Transmiss\u00edveis","datePublished":"2018-05-23T17:03:00+00:00","mainEntityOfPage":{"@id":"https:\/\/gersonguelmann.com.br\/blog\/agildo-ribeiro-e-as-doencas-sexualmente-transmissiveis\/"},"wordCount":70,"commentCount":0,"image":{"@id":"https:\/\/gersonguelmann.com.br\/blog\/agildo-ribeiro-e-as-doencas-sexualmente-transmissiveis\/#primaryimage"},"thumbnailUrl":"https:\/\/i0.wp.com\/gersonguelmann.com.br\/blog\/wp-content\/uploads\/2018\/05\/Penicilina.jpg?fit=1500%2C1437&ssl=1","inLanguage":"pt-BR","potentialAction":[{"@type":"CommentAction","name":"Comment","target":["https:\/\/gersonguelmann.com.br\/blog\/agildo-ribeiro-e-as-doencas-sexualmente-transmissiveis\/#respond"]}]},{"@type":"WebPage","@id":"https:\/\/gersonguelmann.com.br\/blog\/agildo-ribeiro-e-as-doencas-sexualmente-transmissiveis\/","url":"https:\/\/gersonguelmann.com.br\/blog\/agildo-ribeiro-e-as-doencas-sexualmente-transmissiveis\/","name":"Agildo Ribeiro e as Doen\u00e7as Sexualmente Transmiss\u00edveis | Blog do Guelmann","isPartOf":{"@id":"https:\/\/gersonguelmann.com.br\/blog\/#website"},"primaryImageOfPage":{"@id":"https:\/\/gersonguelmann.com.br\/blog\/agildo-ribeiro-e-as-doencas-sexualmente-transmissiveis\/#primaryimage"},"image":{"@id":"https:\/\/gersonguelmann.com.br\/blog\/agildo-ribeiro-e-as-doencas-sexualmente-transmissiveis\/#primaryimage"},"thumbnailUrl":"https:\/\/i0.wp.com\/gersonguelmann.com.br\/blog\/wp-content\/uploads\/2018\/05\/Penicilina.jpg?fit=1500%2C1437&ssl=1","datePublished":"2018-05-23T17:03:00+00:00","author":{"@id":"https:\/\/gersonguelmann.com.br\/blog\/#\/schema\/person\/87e70e2a786888082f941a482c90569e"},"inLanguage":"pt-BR","potentialAction":[{"@type":"ReadAction","target":["https:\/\/gersonguelmann.com.br\/blog\/agildo-ribeiro-e-as-doencas-sexualmente-transmissiveis\/"]}]},{"@type":"ImageObject","inLanguage":"pt-BR","@id":"https:\/\/gersonguelmann.com.br\/blog\/agildo-ribeiro-e-as-doencas-sexualmente-transmissiveis\/#primaryimage","url":"https:\/\/i0.wp.com\/gersonguelmann.com.br\/blog\/wp-content\/uploads\/2018\/05\/Penicilina.jpg?fit=1500%2C1437&ssl=1","contentUrl":"https:\/\/i0.wp.com\/gersonguelmann.com.br\/blog\/wp-content\/uploads\/2018\/05\/Penicilina.jpg?fit=1500%2C1437&ssl=1","width":1500,"height":1437},{"@type":"WebSite","@id":"https:\/\/gersonguelmann.com.br\/blog\/#website","url":"https:\/\/gersonguelmann.com.br\/blog\/","name":"Blog do Guelmann","description":"Pitadas da sabedoria e do humor judaicos, assuntos do momento e um pouco das hist\u00f3rias que vivi e testemunhei.","potentialAction":[{"@type":"SearchAction","target":{"@type":"EntryPoint","urlTemplate":"https:\/\/gersonguelmann.com.br\/blog\/?s={search_term_string}"},"query-input":{"@type":"PropertyValueSpecification","valueRequired":true,"valueName":"search_term_string"}}],"inLanguage":"pt-BR"},{"@type":"Person","@id":"https:\/\/gersonguelmann.com.br\/blog\/#\/schema\/person\/87e70e2a786888082f941a482c90569e","name":"Gerson Guelmann","image":{"@type":"ImageObject","inLanguage":"pt-BR","@id":"https:\/\/i0.wp.com\/gersonguelmann.com.br\/blog\/wp-content\/uploads\/2021\/08\/BLOG.jpeg?fit=96%2C96&ssl=1","url":"https:\/\/i0.wp.com\/gersonguelmann.com.br\/blog\/wp-content\/uploads\/2021\/08\/BLOG.jpeg?fit=96%2C96&ssl=1","contentUrl":"https:\/\/i0.wp.com\/gersonguelmann.com.br\/blog\/wp-content\/uploads\/2021\/08\/BLOG.jpeg?fit=96%2C96&ssl=1","caption":"Gerson Guelmann"},"description":"Pitadas da sabedoria e do humor judaicos, assuntos do momento e um pouco das hist\u00f3rias que vivi e testemunhei."}]}},"views":22,"jetpack_publicize_connections":[],"jetpack_featured_media_url":"https:\/\/i0.wp.com\/gersonguelmann.com.br\/blog\/wp-content\/uploads\/2018\/05\/Penicilina.jpg?fit=1500%2C1437&ssl=1","jetpack_shortlink":"https:\/\/wp.me\/p96e7O-3qG","jetpack-related-posts":[{"id":3586,"url":"https:\/\/gersonguelmann.com.br\/blog\/darcy-ribeiro-pergunta-educacao-presidios\/","url_meta":{"origin":13186,"position":0},"title":"Darcy Ribeiro e a Pergunta: Educa\u00e7\u00e3o ou Pres\u00eddios?","author":"Gerson Guelmann","date":"27 de outubro de 2017","format":false,"excerpt":"O dia de ontem marcou o 95\u00b0 anivers\u00e1rio do nascimento do grande brasileiro Darcy Ribeiro, falecido em 1997, aos 74.\u00a0 Darcy Ribeiro, not\u00e1vel\u00a0Antrop\u00f3logo, Educador, Intelectual, Romancista e Pol\u00edtico, batalhou por duas causas: os \u00edndios e a Educa\u00e7\u00e3o, especialmente a Escola P\u00fablica em Tempo Integral. Os\u00a0Centros Integrados de Educa\u00e7\u00e3o P\u00fablica\u00a0(CIEPs) foram\u2026","rel":"","context":"Em &quot;Sem categoria&quot;","block_context":{"text":"Sem categoria","link":"https:\/\/gersonguelmann.com.br\/blog\/category\/sem-categoria\/"},"img":{"alt_text":"","src":"https:\/\/i0.wp.com\/gersonguelmann.com.br\/blog\/wp-content\/uploads\/2017\/10\/DR-1.jpg?fit=627%2C309&ssl=1&resize=350%2C200","width":350,"height":200,"srcset":"https:\/\/i0.wp.com\/gersonguelmann.com.br\/blog\/wp-content\/uploads\/2017\/10\/DR-1.jpg?fit=627%2C309&ssl=1&resize=350%2C200 1x, https:\/\/i0.wp.com\/gersonguelmann.com.br\/blog\/wp-content\/uploads\/2017\/10\/DR-1.jpg?fit=627%2C309&ssl=1&resize=525%2C300 1.5x"},"classes":[]},{"id":13639,"url":"https:\/\/gersonguelmann.com.br\/blog\/a-mudanca-de-habitos-na-prevencao-de-doencas-neurologicas\/","url_meta":{"origin":13186,"position":1},"title":"A Mudan\u00e7a de H\u00e1bitos na Preven\u00e7\u00e3o de Doen\u00e7as Neurol\u00f3gicas","author":"Gerson Guelmann","date":"4 de junho de 2018","format":false,"excerpt":"Recomendo assistir o v\u00eddeo abaixo, que mostra como as mudan\u00e7as de h\u00e1bitos podem reduzir o risco de se ter doen\u00e7as neurol\u00f3gicas como Doen\u00e7a de Alzheimer, Parkinson, AVC, Tumores Cerebrais e Esclerose M\u00faltipla. Para assistir o v\u00eddeo, clique aqui \u00a0","rel":"","context":"Em &quot;Sem categoria&quot;","block_context":{"text":"Sem categoria","link":"https:\/\/gersonguelmann.com.br\/blog\/category\/sem-categoria\/"},"img":{"alt_text":"","src":"https:\/\/i0.wp.com\/gersonguelmann.com.br\/blog\/wp-content\/uploads\/2018\/06\/unnamed.jpg?fit=900%2C900&ssl=1&resize=350%2C200","width":350,"height":200,"srcset":"https:\/\/i0.wp.com\/gersonguelmann.com.br\/blog\/wp-content\/uploads\/2018\/06\/unnamed.jpg?fit=900%2C900&ssl=1&resize=350%2C200 1x, https:\/\/i0.wp.com\/gersonguelmann.com.br\/blog\/wp-content\/uploads\/2018\/06\/unnamed.jpg?fit=900%2C900&ssl=1&resize=525%2C300 1.5x, https:\/\/i0.wp.com\/gersonguelmann.com.br\/blog\/wp-content\/uploads\/2018\/06\/unnamed.jpg?fit=900%2C900&ssl=1&resize=700%2C400 2x"},"classes":[]},{"id":11754,"url":"https:\/\/gersonguelmann.com.br\/blog\/voce-nao-precisa-mais-de-desculpa-frutas-vermelhas-e-vinho-tinto-previnem-doencas-mentais\/","url_meta":{"origin":13186,"position":2},"title":"Voc\u00ea N\u00e3o Precisa Mais de Desculpa: Frutas Vermelhas e Vinho Tinto Previnem Doen\u00e7as Mentais","author":"Gerson Guelmann","date":"17 de abril de 2018","format":false,"excerpt":"Direto da fonte, mat\u00e9ria publicada hoje em Portugal: Alimenta\u00e7\u00e3o pode prevenir doen\u00e7as mentais O consumo regular de frutos vermelhos ou vinho tinto pode ter um papel importante na regula\u00e7\u00e3o da microbiota intestinal, na diminui\u00e7\u00e3o da inflama\u00e7\u00e3o, na preven\u00e7\u00e3o da depress\u00e3o e no combate \u00e0 dem\u00eancia e outras doen\u00e7as neurodegenerativas, pela\u2026","rel":"","context":"Em &quot;Sem categoria&quot;","block_context":{"text":"Sem categoria","link":"https:\/\/gersonguelmann.com.br\/blog\/category\/sem-categoria\/"},"img":{"alt_text":"","src":"https:\/\/i0.wp.com\/gersonguelmann.com.br\/blog\/wp-content\/uploads\/2018\/04\/frutos_vermelhos_cintesis-1.jpg?fit=940%2C600&ssl=1&resize=350%2C200","width":350,"height":200,"srcset":"https:\/\/i0.wp.com\/gersonguelmann.com.br\/blog\/wp-content\/uploads\/2018\/04\/frutos_vermelhos_cintesis-1.jpg?fit=940%2C600&ssl=1&resize=350%2C200 1x, https:\/\/i0.wp.com\/gersonguelmann.com.br\/blog\/wp-content\/uploads\/2018\/04\/frutos_vermelhos_cintesis-1.jpg?fit=940%2C600&ssl=1&resize=525%2C300 1.5x, https:\/\/i0.wp.com\/gersonguelmann.com.br\/blog\/wp-content\/uploads\/2018\/04\/frutos_vermelhos_cintesis-1.jpg?fit=940%2C600&ssl=1&resize=700%2C400 2x"},"classes":[]},{"id":9527,"url":"https:\/\/gersonguelmann.com.br\/blog\/camisinha-e-suas-1-001-utilidades\/","url_meta":{"origin":13186,"position":3},"title":"A Camisinha e Suas 1.001 Utilidades","author":"Gerson Guelmann","date":"4 de mar\u00e7o de 2018","format":false,"excerpt":"Diz a hist\u00f3ria que os romanos acreditavam que as doen\u00e7as que eram transmitidas pelo ato sexual eram castigos lan\u00e7ados por V\u00eanus, a deusa do amor, cujo nome foi dado \u00e0 elas, que passaram a ser conhecidas como \u201cdoen\u00e7as ven\u00e9reas\u201d. Pois ent\u00e3o: assim como o Bom-Bril, parece que a velha camisinha\u2026","rel":"","context":"Em &quot;Sem categoria&quot;","block_context":{"text":"Sem categoria","link":"https:\/\/gersonguelmann.com.br\/blog\/category\/sem-categoria\/"},"img":{"alt_text":"","src":"https:\/\/i0.wp.com\/gersonguelmann.com.br\/blog\/wp-content\/uploads\/2018\/03\/Camisinha.jpg?resize=350%2C200&ssl=1","width":350,"height":200},"classes":[]},{"id":6042,"url":"https:\/\/gersonguelmann.com.br\/blog\/para-encerrar-o-ano-com-um-papelao\/","url_meta":{"origin":13186,"position":4},"title":"Para Encerrar o Ano Com Um Papel\u00e3o","author":"Gerson Guelmann","date":"23 de dezembro de 2017","format":false,"excerpt":"H\u00e1 menos de 10 dias os Vereadores de Uberl\u00e2ndia (MG) aprovaram um aumento de quase 20% em seus sal\u00e1rios, que passaram de R$ 15.031,62 para R$ 18.007,88. Um rep\u00f3rter da TV Band Tri\u00e2ngulo tentou entrevistar a Procuradora Geral da C\u00e2mara Municipal, Alice Ribeiro Sousa sobre a eleva\u00e7\u00e3o. A servidora teve\u2026","rel":"","context":"Em &quot;Sem categoria&quot;","block_context":{"text":"Sem categoria","link":"https:\/\/gersonguelmann.com.br\/blog\/category\/sem-categoria\/"},"img":{"alt_text":"","src":"https:\/\/i0.wp.com\/gersonguelmann.com.br\/blog\/wp-content\/uploads\/2017\/12\/Procuradora-300x168.jpg?resize=350%2C200&ssl=1","width":350,"height":200},"classes":[]},{"id":13527,"url":"https:\/\/gersonguelmann.com.br\/blog\/aqui-esta-o-verdadeiro-dono-de-os-donos-de-curitiba\/","url_meta":{"origin":13186,"position":5},"title":"Aqui Est\u00e1 o Verdadeiro Dono de &#8220;Os Donos de Curitiba&#8221;","author":"Gerson Guelmann","date":"31 de maio de 2018","format":false,"excerpt":"Ao longo dos \u00faltimos dias recebi 17 mensagens de WhatsApp (contadas agora) com o texto \"Os Donos de Curitiba\". Todas elas s\u00e3o iguais e atribuem a autoria \u00e0 mesma pessoa, j\u00e1 falecida. O texto \u00e9 \u00f3timo e pensei em compartilh\u00e1-lo, mas n\u00e3o deu tempo. Quando fosse fazer isso iria pesquisar,\u2026","rel":"","context":"Em &quot;Sem categoria&quot;","block_context":{"text":"Sem categoria","link":"https:\/\/gersonguelmann.com.br\/blog\/category\/sem-categoria\/"},"img":{"alt_text":"","src":"https:\/\/i0.wp.com\/gersonguelmann.com.br\/blog\/wp-content\/uploads\/2018\/05\/dantem22.png?fit=1200%2C863&ssl=1&resize=350%2C200","width":350,"height":200,"srcset":"https:\/\/i0.wp.com\/gersonguelmann.com.br\/blog\/wp-content\/uploads\/2018\/05\/dantem22.png?fit=1200%2C863&ssl=1&resize=350%2C200 1x, https:\/\/i0.wp.com\/gersonguelmann.com.br\/blog\/wp-content\/uploads\/2018\/05\/dantem22.png?fit=1200%2C863&ssl=1&resize=525%2C300 1.5x, https:\/\/i0.wp.com\/gersonguelmann.com.br\/blog\/wp-content\/uploads\/2018\/05\/dantem22.png?fit=1200%2C863&ssl=1&resize=700%2C400 2x, https:\/\/i0.wp.com\/gersonguelmann.com.br\/blog\/wp-content\/uploads\/2018\/05\/dantem22.png?fit=1200%2C863&ssl=1&resize=1050%2C600 3x"},"classes":[]}],"jetpack_sharing_enabled":true,"post_mailing_queue_ids":[],"_links":{"self":[{"href":"https:\/\/gersonguelmann.com.br\/blog\/wp-json\/wp\/v2\/posts\/13186","targetHints":{"allow":["GET"]}}],"collection":[{"href":"https:\/\/gersonguelmann.com.br\/blog\/wp-json\/wp\/v2\/posts"}],"about":[{"href":"https:\/\/gersonguelmann.com.br\/blog\/wp-json\/wp\/v2\/types\/post"}],"author":[{"embeddable":true,"href":"https:\/\/gersonguelmann.com.br\/blog\/wp-json\/wp\/v2\/users\/5"}],"replies":[{"embeddable":true,"href":"https:\/\/gersonguelmann.com.br\/blog\/wp-json\/wp\/v2\/comments?post=13186"}],"version-history":[{"count":0,"href":"https:\/\/gersonguelmann.com.br\/blog\/wp-json\/wp\/v2\/posts\/13186\/revisions"}],"wp:featuredmedia":[{"embeddable":true,"href":"https:\/\/gersonguelmann.com.br\/blog\/wp-json\/wp\/v2\/media\/13187"}],"wp:attachment":[{"href":"https:\/\/gersonguelmann.com.br\/blog\/wp-json\/wp\/v2\/media?parent=13186"}],"wp:term":[{"taxonomy":"category","embeddable":true,"href":"https:\/\/gersonguelmann.com.br\/blog\/wp-json\/wp\/v2\/categories?post=13186"},{"taxonomy":"post_tag","embeddable":true,"href":"https:\/\/gersonguelmann.com.br\/blog\/wp-json\/wp\/v2\/tags?post=13186"}],"curies":[{"name":"wp","href":"https:\/\/api.w.org\/{rel}","templated":true}]}}