    {"id":13204,"date":"2018-05-23T18:40:33","date_gmt":"2018-05-23T21:40:33","guid":{"rendered":"https:\/\/gersonguelmann.com.br\/blog\/?p=13204"},"modified":"2018-05-23T18:40:33","modified_gmt":"2018-05-23T21:40:33","slug":"mais-um-ex-tesoureiro-do-pt-na-cadeia","status":"publish","type":"post","link":"https:\/\/gersonguelmann.com.br\/blog\/mais-um-ex-tesoureiro-do-pt-na-cadeia\/","title":{"rendered":"Mais Um ex-Tesoureiro do PT na Cadeia?"},"content":{"rendered":"<p><span style=\"color: #000000; font-family: georgia, palatino, serif; font-size: 18pt;\">A julgar pela mat\u00e9ria que acaba de sair na Isto\u00c9, logo eles ter\u00e3o uma cela privativa:<\/span><\/p>\n<p class=\"tags-materia\"><span style=\"color: #ff0000;\"><strong>BRASIL<\/strong><\/span><\/p>\n<h1><span style=\"color: #000000;\">Del\u00fabio Soares pode ir para a pris\u00e3o<\/span><\/h1>\n<p><span style=\"color: #000000;\"><img data-recalc-dims=\"1\" fetchpriority=\"high\" decoding=\"async\" data-attachment-id=\"13205\" data-permalink=\"https:\/\/gersonguelmann.com.br\/blog\/mais-um-ex-tesoureiro-do-pt-na-cadeia\/delubio_soares_arquivo_483x272\/\" data-orig-file=\"https:\/\/i0.wp.com\/gersonguelmann.com.br\/blog\/wp-content\/uploads\/2018\/05\/delubio_soares_arquivo_483x272.jpg?fit=483%2C272&amp;ssl=1\" data-orig-size=\"483,272\" data-comments-opened=\"1\" data-image-meta=\"{&quot;aperture&quot;:&quot;0&quot;,&quot;credit&quot;:&quot;&quot;,&quot;camera&quot;:&quot;&quot;,&quot;caption&quot;:&quot;&quot;,&quot;created_timestamp&quot;:&quot;0&quot;,&quot;copyright&quot;:&quot;&quot;,&quot;focal_length&quot;:&quot;0&quot;,&quot;iso&quot;:&quot;0&quot;,&quot;shutter_speed&quot;:&quot;0&quot;,&quot;title&quot;:&quot;&quot;,&quot;orientation&quot;:&quot;0&quot;}\" data-image-title=\"delubio_soares_arquivo_483x272\" data-image-description=\"\" data-image-caption=\"\" data-medium-file=\"https:\/\/i0.wp.com\/gersonguelmann.com.br\/blog\/wp-content\/uploads\/2018\/05\/delubio_soares_arquivo_483x272.jpg?fit=300%2C169&amp;ssl=1\" data-large-file=\"https:\/\/i0.wp.com\/gersonguelmann.com.br\/blog\/wp-content\/uploads\/2018\/05\/delubio_soares_arquivo_483x272.jpg?fit=483%2C272&amp;ssl=1\" class=\"size-medium wp-image-13205 aligncenter\" src=\"https:\/\/i0.wp.com\/gersonguelmann.com.br\/blog\/wp-content\/uploads\/2018\/05\/delubio_soares_arquivo_483x272.jpg?resize=300%2C169&#038;ssl=1\" alt=\"\" width=\"300\" height=\"169\" srcset=\"https:\/\/i0.wp.com\/gersonguelmann.com.br\/blog\/wp-content\/uploads\/2018\/05\/delubio_soares_arquivo_483x272.jpg?resize=300%2C169&amp;ssl=1 300w, https:\/\/i0.wp.com\/gersonguelmann.com.br\/blog\/wp-content\/uploads\/2018\/05\/delubio_soares_arquivo_483x272.jpg?w=483&amp;ssl=1 483w\" sizes=\"(max-width: 300px) 100vw, 300px\" \/><\/span><\/p>\n<p class=\"author\" style=\"text-align: center;\"><span style=\"color: #808080;\"><em><strong>Del\u00fabio Soares<\/strong><\/em><\/span><\/p>\n<p><strong><span style=\"color: #000000;\"><time datetime=\"2018-05-23 18:21\">23\/05\/18 &#8211; 18h21 &#8211; Atualizado em 23\/05\/18 &#8211; 18h32<\/time><\/span><\/strong><\/p>\n<p><span style=\"color: #000000; font-size: 14pt;\">O Tribunal Regional Federal da 4.\u00aa Regi\u00e3o (TRF-4) negou nesta quarta-feira, 23, os embargos de declara\u00e7\u00e3o do ex-tesoureiro do PT Del\u00fabio Soares, do operador Enivaldo Quadrado, do economista Luiz Carlos Casante e do empres\u00e1rio Natalino Bertin. Ao final do voto, o desembargador Jo\u00e3o Pedro Gebran Neto, relator, determinou \u201co in\u00edcio do cumprimento das penas por estarem esgotados os recursos em segundo grau\u201d.<\/span><\/p>\n<p><span style=\"color: #000000; font-size: 14pt;\">Del\u00fabio j\u00e1 havia sido condenado no esc\u00e2ndalo no mensal\u00e3o. O ex-tesoureiro pegou 6 anos e 8 meses de pris\u00e3o no regime semiaberto por corrup\u00e7\u00e3o ativa e foi preso em novembro de 2013. Menos de um ano depois, em setembro de 2014, ele passou para o regime aberto.<\/span><\/p>\n<p><span style=\"color: #000000; font-size: 14pt;\">O processo \u00e9 um desdobramento do pol\u00eamico empr\u00e9stimo de R$ 12 milh\u00f5es tomado pelo pecuarista Jos\u00e9 Carlos Bumlai junto ao Banco Schahin, em outubro de 2004. O dinheiro era destinado ao PT, segundo a for\u00e7a-tarefa da Lava Jato.<\/span><\/p>\n<p><span style=\"color: #000000; font-size: 14pt;\">Em mar\u00e7o, o TRF-4 julgou a apela\u00e7\u00e3o criminal de Ronan Maria Pinto, Natalino Bertin, Enivaldo Quadrado, Del\u00fabio Soares e Luiz Carlos Casante. Eles tiveram as condena\u00e7\u00f5es por lavagem de dinheiro confirmadas pela 8.\u00aa Turma.<\/span><\/p>\n<p><span style=\"color: #000000; font-size: 14pt;\">Apenas Ronan teve a condena\u00e7\u00e3o em 5 anos mantida pela Corte, os demais tiveram a pena aumentada \u201ccom base na culpabilidade negativa, ou seja, no fato de os r\u00e9us terem condi\u00e7\u00f5es sociais e intelectuais de reconhecer e resistir \u00e0 pr\u00e1tica do il\u00edcito e, ainda assim, pratic\u00e1-lo\u201d.<\/span><\/p>\n<p><span style=\"color: #000000; font-size: 14pt;\">A turma manteve a absolvi\u00e7\u00e3o do jornalista Breno Altman e do executivo Sandro Tordin tamb\u00e9m denunciados neste processo por lavagem de dinheiro.<\/span><\/p>\n<p><span style=\"color: #000000; font-size: 14pt;\">Em mar\u00e7o, o TRF-4 julgou a apela\u00e7\u00e3o criminal de Ronan Maria Pinto, Natalino Bertin, Enivaldo Quadrado, Del\u00fabio Soares e Luiz Carlos Casante. Eles tiveram as condena\u00e7\u00f5es por lavagem de dinheiro confirmadas pela 8.\u00aa Turma.<\/span><\/p>\n<p><span style=\"color: #000000; font-size: 14pt;\">Apenas Ronan teve a condena\u00e7\u00e3o em 5 anos mantida pela Corte, os demais tiveram a pena aumentada \u201ccom base na culpabilidade negativa, ou seja, no fato de os r\u00e9us terem condi\u00e7\u00f5es sociais e intelectuais de reconhecer e resistir \u00e0 pr\u00e1tica do il\u00edcito e, ainda assim, pratic\u00e1-lo\u201d.<\/span><\/p>\n<p><span style=\"color: #000000; font-size: 14pt;\">A turma manteve a absolvi\u00e7\u00e3o do jornalista Breno Altman e do executivo Sandro Tordin tamb\u00e9m denunciados neste processo por lavagem de dinheiro.<\/span><\/p>\n<p><span style=\"color: #000000; font-family: georgia, palatino, serif; font-size: 18pt;\">A mat\u00e9ria original est\u00e1 publicada <a href=\"https:\/\/istoe.com.br\/tribunal-da-lava-jato-nega-embargos-e-delubio-pode-ir-para-a-prisao\/\"><em><strong>aqui<\/strong><\/em><\/a>.<\/span><\/p>\n","protected":false},"excerpt":{"rendered":"<p>A julgar pela mat\u00e9ria que acaba de sair na Isto\u00c9, logo eles ter\u00e3o uma cela privativa: BRASIL Del\u00fabio Soares pode ir para a pris\u00e3o Del\u00fabio Soares 23\/05\/18 &#8211; 18h21 &#8211; Atualizado em 23\/05\/18 &#8211; 18h32 O Tribunal Regional Federal da 4.\u00aa Regi\u00e3o (TRF-4) negou nesta quarta-feira, 23, os embargos de declara\u00e7\u00e3o do ex-tesoureiro do PT [&hellip;]<\/p>\n","protected":false},"author":5,"featured_media":13205,"comment_status":"open","ping_status":"open","sticky":false,"template":"","format":"standard","meta":{"_acf_changed":false,"jetpack_post_was_ever_published":false,"_jetpack_newsletter_access":"","_jetpack_dont_email_post_to_subs":false,"_jetpack_newsletter_tier_id":0,"_jetpack_memberships_contains_paywalled_content":false,"_jetpack_memberships_contains_paid_content":false,"footnotes":"","jetpack_publicize_message":"","jetpack_publicize_feature_enabled":true,"jetpack_social_post_already_shared":true,"jetpack_social_options":{"image_generator_settings":{"template":"highway","default_image_id":0,"font":"","enabled":false},"version":2}},"categories":[1],"tags":[],"class_list":["post-13204","post","type-post","status-publish","format-standard","has-post-thumbnail","hentry","category-sem-categoria"],"acf":[],"yoast_head":"<!-- This site is optimized with the Yoast SEO plugin v27.3 - https:\/\/yoast.com\/product\/yoast-seo-wordpress\/ -->\n<title>Mais Um ex-Tesoureiro do PT na Cadeia? | Blog do Guelmann<\/title>\n<meta name=\"robots\" content=\"index, follow, max-snippet:-1, max-image-preview:large, max-video-preview:-1\" \/>\n<link rel=\"canonical\" href=\"https:\/\/gersonguelmann.com.br\/blog\/mais-um-ex-tesoureiro-do-pt-na-cadeia\/\" \/>\n<meta property=\"og:locale\" content=\"pt_BR\" \/>\n<meta property=\"og:type\" content=\"article\" \/>\n<meta property=\"og:title\" content=\"Mais Um ex-Tesoureiro do PT na Cadeia? | Blog do Guelmann\" \/>\n<meta property=\"og:description\" content=\"A julgar pela mat\u00e9ria que acaba de sair na Isto\u00c9, logo eles ter\u00e3o uma cela privativa: BRASIL Del\u00fabio Soares pode ir para a pris\u00e3o Del\u00fabio Soares 23\/05\/18 &#8211; 18h21 &#8211; Atualizado em 23\/05\/18 &#8211; 18h32 O Tribunal Regional Federal da 4.\u00aa Regi\u00e3o (TRF-4) negou nesta quarta-feira, 23, os embargos de declara\u00e7\u00e3o do ex-tesoureiro do PT [&hellip;]\" \/>\n<meta property=\"og:url\" content=\"https:\/\/gersonguelmann.com.br\/blog\/mais-um-ex-tesoureiro-do-pt-na-cadeia\/\" \/>\n<meta property=\"og:site_name\" content=\"Blog do Guelmann\" \/>\n<meta property=\"article:published_time\" content=\"2018-05-23T21:40:33+00:00\" \/>\n<meta property=\"og:image\" content=\"https:\/\/i0.wp.com\/gersonguelmann.com.br\/blog\/wp-content\/uploads\/2018\/05\/delubio_soares_arquivo_483x272.jpg?fit=483%2C272&ssl=1\" \/>\n\t<meta property=\"og:image:width\" content=\"483\" \/>\n\t<meta property=\"og:image:height\" content=\"272\" \/>\n\t<meta property=\"og:image:type\" content=\"image\/jpeg\" \/>\n<meta name=\"author\" content=\"Gerson Guelmann\" \/>\n<meta name=\"twitter:card\" content=\"summary_large_image\" \/>\n<meta name=\"twitter:label1\" content=\"Escrito por\" \/>\n\t<meta name=\"twitter:data1\" content=\"Gerson Guelmann\" \/>\n\t<meta name=\"twitter:label2\" content=\"Est. tempo de leitura\" \/>\n\t<meta name=\"twitter:data2\" content=\"2 minutos\" \/>\n<script type=\"application\/ld+json\" class=\"yoast-schema-graph\">{\"@context\":\"https:\\\/\\\/schema.org\",\"@graph\":[{\"@type\":\"Article\",\"@id\":\"https:\\\/\\\/gersonguelmann.com.br\\\/blog\\\/mais-um-ex-tesoureiro-do-pt-na-cadeia\\\/#article\",\"isPartOf\":{\"@id\":\"https:\\\/\\\/gersonguelmann.com.br\\\/blog\\\/mais-um-ex-tesoureiro-do-pt-na-cadeia\\\/\"},\"author\":{\"name\":\"Gerson Guelmann\",\"@id\":\"https:\\\/\\\/gersonguelmann.com.br\\\/blog\\\/#\\\/schema\\\/person\\\/87e70e2a786888082f941a482c90569e\"},\"headline\":\"Mais Um ex-Tesoureiro do PT na Cadeia?\",\"datePublished\":\"2018-05-23T21:40:33+00:00\",\"mainEntityOfPage\":{\"@id\":\"https:\\\/\\\/gersonguelmann.com.br\\\/blog\\\/mais-um-ex-tesoureiro-do-pt-na-cadeia\\\/\"},\"wordCount\":427,\"commentCount\":0,\"image\":{\"@id\":\"https:\\\/\\\/gersonguelmann.com.br\\\/blog\\\/mais-um-ex-tesoureiro-do-pt-na-cadeia\\\/#primaryimage\"},\"thumbnailUrl\":\"https:\\\/\\\/i0.wp.com\\\/gersonguelmann.com.br\\\/blog\\\/wp-content\\\/uploads\\\/2018\\\/05\\\/delubio_soares_arquivo_483x272.jpg?fit=483%2C272&ssl=1\",\"inLanguage\":\"pt-BR\",\"potentialAction\":[{\"@type\":\"CommentAction\",\"name\":\"Comment\",\"target\":[\"https:\\\/\\\/gersonguelmann.com.br\\\/blog\\\/mais-um-ex-tesoureiro-do-pt-na-cadeia\\\/#respond\"]}]},{\"@type\":\"WebPage\",\"@id\":\"https:\\\/\\\/gersonguelmann.com.br\\\/blog\\\/mais-um-ex-tesoureiro-do-pt-na-cadeia\\\/\",\"url\":\"https:\\\/\\\/gersonguelmann.com.br\\\/blog\\\/mais-um-ex-tesoureiro-do-pt-na-cadeia\\\/\",\"name\":\"Mais Um ex-Tesoureiro do PT na Cadeia? | Blog do Guelmann\",\"isPartOf\":{\"@id\":\"https:\\\/\\\/gersonguelmann.com.br\\\/blog\\\/#website\"},\"primaryImageOfPage\":{\"@id\":\"https:\\\/\\\/gersonguelmann.com.br\\\/blog\\\/mais-um-ex-tesoureiro-do-pt-na-cadeia\\\/#primaryimage\"},\"image\":{\"@id\":\"https:\\\/\\\/gersonguelmann.com.br\\\/blog\\\/mais-um-ex-tesoureiro-do-pt-na-cadeia\\\/#primaryimage\"},\"thumbnailUrl\":\"https:\\\/\\\/i0.wp.com\\\/gersonguelmann.com.br\\\/blog\\\/wp-content\\\/uploads\\\/2018\\\/05\\\/delubio_soares_arquivo_483x272.jpg?fit=483%2C272&ssl=1\",\"datePublished\":\"2018-05-23T21:40:33+00:00\",\"author\":{\"@id\":\"https:\\\/\\\/gersonguelmann.com.br\\\/blog\\\/#\\\/schema\\\/person\\\/87e70e2a786888082f941a482c90569e\"},\"inLanguage\":\"pt-BR\",\"potentialAction\":[{\"@type\":\"ReadAction\",\"target\":[\"https:\\\/\\\/gersonguelmann.com.br\\\/blog\\\/mais-um-ex-tesoureiro-do-pt-na-cadeia\\\/\"]}]},{\"@type\":\"ImageObject\",\"inLanguage\":\"pt-BR\",\"@id\":\"https:\\\/\\\/gersonguelmann.com.br\\\/blog\\\/mais-um-ex-tesoureiro-do-pt-na-cadeia\\\/#primaryimage\",\"url\":\"https:\\\/\\\/i0.wp.com\\\/gersonguelmann.com.br\\\/blog\\\/wp-content\\\/uploads\\\/2018\\\/05\\\/delubio_soares_arquivo_483x272.jpg?fit=483%2C272&ssl=1\",\"contentUrl\":\"https:\\\/\\\/i0.wp.com\\\/gersonguelmann.com.br\\\/blog\\\/wp-content\\\/uploads\\\/2018\\\/05\\\/delubio_soares_arquivo_483x272.jpg?fit=483%2C272&ssl=1\",\"width\":483,\"height\":272},{\"@type\":\"WebSite\",\"@id\":\"https:\\\/\\\/gersonguelmann.com.br\\\/blog\\\/#website\",\"url\":\"https:\\\/\\\/gersonguelmann.com.br\\\/blog\\\/\",\"name\":\"Blog do Guelmann\",\"description\":\"Pitadas da sabedoria e do humor judaicos, assuntos do momento e um pouco das hist\u00f3rias que vivi e testemunhei.\",\"potentialAction\":[{\"@type\":\"SearchAction\",\"target\":{\"@type\":\"EntryPoint\",\"urlTemplate\":\"https:\\\/\\\/gersonguelmann.com.br\\\/blog\\\/?s={search_term_string}\"},\"query-input\":{\"@type\":\"PropertyValueSpecification\",\"valueRequired\":true,\"valueName\":\"search_term_string\"}}],\"inLanguage\":\"pt-BR\"},{\"@type\":\"Person\",\"@id\":\"https:\\\/\\\/gersonguelmann.com.br\\\/blog\\\/#\\\/schema\\\/person\\\/87e70e2a786888082f941a482c90569e\",\"name\":\"Gerson Guelmann\",\"image\":{\"@type\":\"ImageObject\",\"inLanguage\":\"pt-BR\",\"@id\":\"https:\\\/\\\/i0.wp.com\\\/gersonguelmann.com.br\\\/blog\\\/wp-content\\\/uploads\\\/2021\\\/08\\\/BLOG.jpeg?fit=96%2C96&ssl=1\",\"url\":\"https:\\\/\\\/i0.wp.com\\\/gersonguelmann.com.br\\\/blog\\\/wp-content\\\/uploads\\\/2021\\\/08\\\/BLOG.jpeg?fit=96%2C96&ssl=1\",\"contentUrl\":\"https:\\\/\\\/i0.wp.com\\\/gersonguelmann.com.br\\\/blog\\\/wp-content\\\/uploads\\\/2021\\\/08\\\/BLOG.jpeg?fit=96%2C96&ssl=1\",\"caption\":\"Gerson Guelmann\"},\"description\":\"Pitadas da sabedoria e do humor judaicos, assuntos do momento e um pouco das hist\u00f3rias que vivi e testemunhei.\"}]}<\/script>\n<!-- \/ Yoast SEO plugin. -->","yoast_head_json":{"title":"Mais Um ex-Tesoureiro do PT na Cadeia? | Blog do Guelmann","robots":{"index":"index","follow":"follow","max-snippet":"max-snippet:-1","max-image-preview":"max-image-preview:large","max-video-preview":"max-video-preview:-1"},"canonical":"https:\/\/gersonguelmann.com.br\/blog\/mais-um-ex-tesoureiro-do-pt-na-cadeia\/","og_locale":"pt_BR","og_type":"article","og_title":"Mais Um ex-Tesoureiro do PT na Cadeia? | Blog do Guelmann","og_description":"A julgar pela mat\u00e9ria que acaba de sair na Isto\u00c9, logo eles ter\u00e3o uma cela privativa: BRASIL Del\u00fabio Soares pode ir para a pris\u00e3o Del\u00fabio Soares 23\/05\/18 &#8211; 18h21 &#8211; Atualizado em 23\/05\/18 &#8211; 18h32 O Tribunal Regional Federal da 4.\u00aa Regi\u00e3o (TRF-4) negou nesta quarta-feira, 23, os embargos de declara\u00e7\u00e3o do ex-tesoureiro do PT [&hellip;]","og_url":"https:\/\/gersonguelmann.com.br\/blog\/mais-um-ex-tesoureiro-do-pt-na-cadeia\/","og_site_name":"Blog do Guelmann","article_published_time":"2018-05-23T21:40:33+00:00","og_image":[{"width":483,"height":272,"url":"https:\/\/i0.wp.com\/gersonguelmann.com.br\/blog\/wp-content\/uploads\/2018\/05\/delubio_soares_arquivo_483x272.jpg?fit=483%2C272&ssl=1","type":"image\/jpeg"}],"author":"Gerson Guelmann","twitter_card":"summary_large_image","twitter_misc":{"Escrito por":"Gerson Guelmann","Est. tempo de leitura":"2 minutos"},"schema":{"@context":"https:\/\/schema.org","@graph":[{"@type":"Article","@id":"https:\/\/gersonguelmann.com.br\/blog\/mais-um-ex-tesoureiro-do-pt-na-cadeia\/#article","isPartOf":{"@id":"https:\/\/gersonguelmann.com.br\/blog\/mais-um-ex-tesoureiro-do-pt-na-cadeia\/"},"author":{"name":"Gerson Guelmann","@id":"https:\/\/gersonguelmann.com.br\/blog\/#\/schema\/person\/87e70e2a786888082f941a482c90569e"},"headline":"Mais Um ex-Tesoureiro do PT na Cadeia?","datePublished":"2018-05-23T21:40:33+00:00","mainEntityOfPage":{"@id":"https:\/\/gersonguelmann.com.br\/blog\/mais-um-ex-tesoureiro-do-pt-na-cadeia\/"},"wordCount":427,"commentCount":0,"image":{"@id":"https:\/\/gersonguelmann.com.br\/blog\/mais-um-ex-tesoureiro-do-pt-na-cadeia\/#primaryimage"},"thumbnailUrl":"https:\/\/i0.wp.com\/gersonguelmann.com.br\/blog\/wp-content\/uploads\/2018\/05\/delubio_soares_arquivo_483x272.jpg?fit=483%2C272&ssl=1","inLanguage":"pt-BR","potentialAction":[{"@type":"CommentAction","name":"Comment","target":["https:\/\/gersonguelmann.com.br\/blog\/mais-um-ex-tesoureiro-do-pt-na-cadeia\/#respond"]}]},{"@type":"WebPage","@id":"https:\/\/gersonguelmann.com.br\/blog\/mais-um-ex-tesoureiro-do-pt-na-cadeia\/","url":"https:\/\/gersonguelmann.com.br\/blog\/mais-um-ex-tesoureiro-do-pt-na-cadeia\/","name":"Mais Um ex-Tesoureiro do PT na Cadeia? | Blog do Guelmann","isPartOf":{"@id":"https:\/\/gersonguelmann.com.br\/blog\/#website"},"primaryImageOfPage":{"@id":"https:\/\/gersonguelmann.com.br\/blog\/mais-um-ex-tesoureiro-do-pt-na-cadeia\/#primaryimage"},"image":{"@id":"https:\/\/gersonguelmann.com.br\/blog\/mais-um-ex-tesoureiro-do-pt-na-cadeia\/#primaryimage"},"thumbnailUrl":"https:\/\/i0.wp.com\/gersonguelmann.com.br\/blog\/wp-content\/uploads\/2018\/05\/delubio_soares_arquivo_483x272.jpg?fit=483%2C272&ssl=1","datePublished":"2018-05-23T21:40:33+00:00","author":{"@id":"https:\/\/gersonguelmann.com.br\/blog\/#\/schema\/person\/87e70e2a786888082f941a482c90569e"},"inLanguage":"pt-BR","potentialAction":[{"@type":"ReadAction","target":["https:\/\/gersonguelmann.com.br\/blog\/mais-um-ex-tesoureiro-do-pt-na-cadeia\/"]}]},{"@type":"ImageObject","inLanguage":"pt-BR","@id":"https:\/\/gersonguelmann.com.br\/blog\/mais-um-ex-tesoureiro-do-pt-na-cadeia\/#primaryimage","url":"https:\/\/i0.wp.com\/gersonguelmann.com.br\/blog\/wp-content\/uploads\/2018\/05\/delubio_soares_arquivo_483x272.jpg?fit=483%2C272&ssl=1","contentUrl":"https:\/\/i0.wp.com\/gersonguelmann.com.br\/blog\/wp-content\/uploads\/2018\/05\/delubio_soares_arquivo_483x272.jpg?fit=483%2C272&ssl=1","width":483,"height":272},{"@type":"WebSite","@id":"https:\/\/gersonguelmann.com.br\/blog\/#website","url":"https:\/\/gersonguelmann.com.br\/blog\/","name":"Blog do Guelmann","description":"Pitadas da sabedoria e do humor judaicos, assuntos do momento e um pouco das hist\u00f3rias que vivi e testemunhei.","potentialAction":[{"@type":"SearchAction","target":{"@type":"EntryPoint","urlTemplate":"https:\/\/gersonguelmann.com.br\/blog\/?s={search_term_string}"},"query-input":{"@type":"PropertyValueSpecification","valueRequired":true,"valueName":"search_term_string"}}],"inLanguage":"pt-BR"},{"@type":"Person","@id":"https:\/\/gersonguelmann.com.br\/blog\/#\/schema\/person\/87e70e2a786888082f941a482c90569e","name":"Gerson Guelmann","image":{"@type":"ImageObject","inLanguage":"pt-BR","@id":"https:\/\/i0.wp.com\/gersonguelmann.com.br\/blog\/wp-content\/uploads\/2021\/08\/BLOG.jpeg?fit=96%2C96&ssl=1","url":"https:\/\/i0.wp.com\/gersonguelmann.com.br\/blog\/wp-content\/uploads\/2021\/08\/BLOG.jpeg?fit=96%2C96&ssl=1","contentUrl":"https:\/\/i0.wp.com\/gersonguelmann.com.br\/blog\/wp-content\/uploads\/2021\/08\/BLOG.jpeg?fit=96%2C96&ssl=1","caption":"Gerson Guelmann"},"description":"Pitadas da sabedoria e do humor judaicos, assuntos do momento e um pouco das hist\u00f3rias que vivi e testemunhei."}]}},"views":24,"jetpack_publicize_connections":[],"jetpack_featured_media_url":"https:\/\/i0.wp.com\/gersonguelmann.com.br\/blog\/wp-content\/uploads\/2018\/05\/delubio_soares_arquivo_483x272.jpg?fit=483%2C272&ssl=1","jetpack_shortlink":"https:\/\/wp.me\/p96e7O-3qY","jetpack-related-posts":[{"id":13207,"url":"https:\/\/gersonguelmann.com.br\/blog\/moro-acaba-de-determinar-prisao-de-delubio\/","url_meta":{"origin":13204,"position":0},"title":"Moro Acaba de Determinar Pris\u00e3o de Delubio","author":"Gerson Guelmann","date":"23 de maio de 2018","format":false,"excerpt":"Complementando a informa\u00e7\u00e3o que dei h\u00e1 pouco, a Isto\u00c9 acaba de publicar: GERAL Moro determina pris\u00e3o do ex-tesoureiro do PT Del\u00fabio Soares Ag\u00eancia Brasil 23\/05\/18 - 19h06 O juiz Federal S\u00e9rgio Moro, da 13\u00aa Vara Federal em Curitiba, determinou h\u00e1 pouco a pris\u00e3o do ex-tesoureiro do PT Del\u00fabio Soares, na\u2026","rel":"","context":"Em &quot;Sem categoria&quot;","block_context":{"text":"Sem categoria","link":"https:\/\/gersonguelmann.com.br\/blog\/category\/sem-categoria\/"},"img":{"alt_text":"","src":"https:\/\/i0.wp.com\/gersonguelmann.com.br\/blog\/wp-content\/uploads\/2018\/05\/download-15.jpg?resize=350%2C200&ssl=1","width":350,"height":200},"classes":[]},{"id":12918,"url":"https:\/\/gersonguelmann.com.br\/blog\/mais-um-ex-tesoureiro-do-pt-condenado-por-moro\/","url_meta":{"origin":13204,"position":1},"title":"Mais Um ex-Tesoureiro do PT Condenado Por Moro","author":"Gerson Guelmann","date":"14 de maio de 2018","format":false,"excerpt":"D'O Antagonista, agora: URGENTE: MORO CONDENA MAIS UM EX-TESOUREIRO DO PT SALVARBrasil\u00a014.05.18 17:07 Por Claudio Dantas S\u00e9rgio Moro acaba de condenar o ex-tesoureiro do PT Paulo Ferreira a nove anos e dez meses por lavagem de dinheiro e associa\u00e7\u00e3o criminosa. Para ler a mat\u00e9ria no site, clique aqui.","rel":"","context":"Em &quot;Sem categoria&quot;","block_context":{"text":"Sem categoria","link":"https:\/\/gersonguelmann.com.br\/blog\/category\/sem-categoria\/"},"img":{"alt_text":"","src":"https:\/\/i0.wp.com\/gersonguelmann.com.br\/blog\/wp-content\/uploads\/2018\/05\/download-12.jpg?resize=350%2C200&ssl=1","width":350,"height":200},"classes":[]},{"id":12500,"url":"https:\/\/gersonguelmann.com.br\/blog\/carlos-vereza-definindo-lula-em-2006-no-jo-soares\/","url_meta":{"origin":13204,"position":2},"title":"Carlos Vereza Definindo Lula em 2006, no J\u00f4 Soares","author":"Gerson Guelmann","date":"4 de maio de 2018","format":false,"excerpt":"Em 2\/5\/2006 o ator Carlos Vereza foi entrevistado por J\u00f4 Soares e n\u00e3o poupou cr\u00edticas ao ent\u00e3o presidente Lula. Vereza atribuiu a cria\u00e7\u00e3o do \"mito\" Lula ao\u00a0falecido Golbery do Couto e Silva como uma t\u00e1tica para dividir as esquerdas. O incr\u00edvel \u00e9 que j\u00e1 h\u00e1 12 anos o\u00a0ator criticava a\u2026","rel":"","context":"Em &quot;Sem categoria&quot;","block_context":{"text":"Sem categoria","link":"https:\/\/gersonguelmann.com.br\/blog\/category\/sem-categoria\/"},"img":{"alt_text":"","src":"https:\/\/i0.wp.com\/gersonguelmann.com.br\/blog\/wp-content\/uploads\/2018\/05\/CV.jpg?resize=350%2C200&ssl=1","width":350,"height":200},"classes":[]},{"id":7166,"url":"https:\/\/gersonguelmann.com.br\/blog\/dindi-por-elza-soares\/","url_meta":{"origin":13204,"position":3},"title":"Dindi por Elza Soares","author":"Gerson Guelmann","date":"16 de janeiro de 2018","format":false,"excerpt":"Elza Soares Elza da Concei\u00e7\u00e3o Soares Rio de Janeiro (RJ), 23\/6\/1937 https:\/\/www.youtube.com\/watch?v=Rltwp3JhGes Dindi","rel":"","context":"Em &quot;Sem categoria&quot;","block_context":{"text":"Sem categoria","link":"https:\/\/gersonguelmann.com.br\/blog\/category\/sem-categoria\/"},"img":{"alt_text":"","src":"https:\/\/i0.wp.com\/gersonguelmann.com.br\/blog\/wp-content\/uploads\/2018\/01\/ES-1-300x160.jpg?resize=350%2C200&ssl=1","width":350,"height":200},"classes":[]},{"id":13231,"url":"https:\/\/gersonguelmann.com.br\/blog\/lula-saira-da-cadeia-dia-5-de-junho-por-poucas-horas\/","url_meta":{"origin":13204,"position":4},"title":"Lula Sair\u00e1 da Cadeia Dia 5 de Junho. Por Poucas Horas.","author":"Gerson Guelmann","date":"24 de maio de 2018","format":false,"excerpt":"Mat\u00e9ria da revista Isto\u00c9: BRASIL Lula deixar\u00e1 cela na PF para depor como testemunha de Cabral Estad\u00e3o Conte\u00fado 23\/05\/18 - 17h56 - Atualizado em 23\/05\/18 - 18h52 Pela primeira vez desde o dia 7 de abril, quando foi preso para cumprir pena na Lava Jato, o ex-presidente Luiz In\u00e1cio Lula\u2026","rel":"","context":"Em &quot;Sem categoria&quot;","block_context":{"text":"Sem categoria","link":"https:\/\/gersonguelmann.com.br\/blog\/category\/sem-categoria\/"},"img":{"alt_text":"","src":"https:\/\/i0.wp.com\/gersonguelmann.com.br\/blog\/wp-content\/uploads\/2018\/05\/lula4.jpg?fit=984%2C657&ssl=1&resize=350%2C200","width":350,"height":200,"srcset":"https:\/\/i0.wp.com\/gersonguelmann.com.br\/blog\/wp-content\/uploads\/2018\/05\/lula4.jpg?fit=984%2C657&ssl=1&resize=350%2C200 1x, https:\/\/i0.wp.com\/gersonguelmann.com.br\/blog\/wp-content\/uploads\/2018\/05\/lula4.jpg?fit=984%2C657&ssl=1&resize=525%2C300 1.5x, https:\/\/i0.wp.com\/gersonguelmann.com.br\/blog\/wp-content\/uploads\/2018\/05\/lula4.jpg?fit=984%2C657&ssl=1&resize=700%2C400 2x"},"classes":[]},{"id":11285,"url":"https:\/\/gersonguelmann.com.br\/blog\/em-curitiba-pf-prepara-cela-para-receber-lula\/","url_meta":{"origin":13204,"position":5},"title":"Em Curitiba PF Prepara Cela Para Receber Lula","author":"Gerson Guelmann","date":"5 de abril de 2018","format":false,"excerpt":"PF prepara cela exclusiva para receber Lula em Curitiba Ideia \u00e9 manter ex-presidente afastado de outros presos, como Palocci e L\u00e9o Pinheiro BRAS\u00cdLIA \u2014 Com a chance do ex-presidente Luiz In\u00e1cio\u00a0Lula\u00a0da Silva ser preso potencializada pela decis\u00e3o do Supremo Tribunal Federal (STF), que negou o\u00a0habeas corpus\u00a0preventivo pedido pela defesa do\u2026","rel":"","context":"Em &quot;Sem categoria&quot;","block_context":{"text":"Sem categoria","link":"https:\/\/gersonguelmann.com.br\/blog\/category\/sem-categoria\/"},"img":{"alt_text":"","src":"https:\/\/i0.wp.com\/gersonguelmann.com.br\/blog\/wp-content\/uploads\/2018\/04\/PF-300x168.jpg?resize=350%2C200&ssl=1","width":350,"height":200},"classes":[]}],"jetpack_sharing_enabled":true,"post_mailing_queue_ids":[],"_links":{"self":[{"href":"https:\/\/gersonguelmann.com.br\/blog\/wp-json\/wp\/v2\/posts\/13204","targetHints":{"allow":["GET"]}}],"collection":[{"href":"https:\/\/gersonguelmann.com.br\/blog\/wp-json\/wp\/v2\/posts"}],"about":[{"href":"https:\/\/gersonguelmann.com.br\/blog\/wp-json\/wp\/v2\/types\/post"}],"author":[{"embeddable":true,"href":"https:\/\/gersonguelmann.com.br\/blog\/wp-json\/wp\/v2\/users\/5"}],"replies":[{"embeddable":true,"href":"https:\/\/gersonguelmann.com.br\/blog\/wp-json\/wp\/v2\/comments?post=13204"}],"version-history":[{"count":0,"href":"https:\/\/gersonguelmann.com.br\/blog\/wp-json\/wp\/v2\/posts\/13204\/revisions"}],"wp:featuredmedia":[{"embeddable":true,"href":"https:\/\/gersonguelmann.com.br\/blog\/wp-json\/wp\/v2\/media\/13205"}],"wp:attachment":[{"href":"https:\/\/gersonguelmann.com.br\/blog\/wp-json\/wp\/v2\/media?parent=13204"}],"wp:term":[{"taxonomy":"category","embeddable":true,"href":"https:\/\/gersonguelmann.com.br\/blog\/wp-json\/wp\/v2\/categories?post=13204"},{"taxonomy":"post_tag","embeddable":true,"href":"https:\/\/gersonguelmann.com.br\/blog\/wp-json\/wp\/v2\/tags?post=13204"}],"curies":[{"name":"wp","href":"https:\/\/api.w.org\/{rel}","templated":true}]}}