    {"id":13207,"date":"2018-05-23T19:19:57","date_gmt":"2018-05-23T22:19:57","guid":{"rendered":"https:\/\/gersonguelmann.com.br\/blog\/?p=13207"},"modified":"2018-05-23T19:19:57","modified_gmt":"2018-05-23T22:19:57","slug":"moro-acaba-de-determinar-prisao-de-delubio","status":"publish","type":"post","link":"https:\/\/gersonguelmann.com.br\/blog\/moro-acaba-de-determinar-prisao-de-delubio\/","title":{"rendered":"Moro Acaba de Determinar Pris\u00e3o de Delubio"},"content":{"rendered":"<p><span style=\"color: #000000; font-family: georgia, palatino, serif; font-size: 18pt;\">Complementando a informa\u00e7\u00e3o que dei h\u00e1 pouco, a Isto\u00c9 acaba de publicar:<\/span><\/p>\n<p class=\"tags-materia\"><span style=\"color: #ff0000;\"><strong>GERAL<\/strong><\/span><\/p>\n<h1><span style=\"color: #000000;\">Moro determina pris\u00e3o do ex-tesoureiro do PT Del\u00fabio Soares<\/span><\/h1>\n<p class=\"author\"><span style=\"color: #ff0000;\"><strong>Ag\u00eancia Brasil<\/strong><\/span><\/p>\n<p><strong><span style=\"color: #000000;\"><time datetime=\"2018-05-23 19:06\">23\/05\/18 &#8211; 19h06<\/time><\/span><\/strong><\/p>\n<p><span style=\"color: #000000; font-size: 14pt;\">O juiz Federal S\u00e9rgio Moro, da 13\u00aa Vara Federal em Curitiba, determinou h\u00e1 pouco a pris\u00e3o do ex-tesoureiro do PT Del\u00fabio Soares, na Opera\u00e7\u00e3o Lava Jato. A medida foi tomada ap\u00f3s a decis\u00e3o desta tarde do Tribunal Regional Federal da 4\u00aa Regi\u00e3o (TRF4), sediado em Porto Alegre, que rejeitou o \u00faltimo recurso em segunda inst\u00e2ncia e determinou a execu\u00e7\u00e3o provis\u00f3ria da pena de seis\u00a0anos de pris\u00e3o em regime fechado pelo crime de lavagem de dinheiro. Ele cumprir\u00e1 a pena no\u00a0Complexo M\u00e9dico-Penal (CMP), localizado em Pinhais, regi\u00e3o metropolitana de Curitiba.\u00a0<\/span><\/p>\n<p><span style=\"color: #000000; font-size: 14pt;\">Em mar\u00e7o do ano passado, Del\u00fabio Soares foi condenado a cinco\u00a0anos de pris\u00e3o por Moro na investiga\u00e7\u00e3o da 27\u00aa fase da Lava Jato, que apurou\u00a0suspeita de fraude em um empr\u00e9stimo realizado entre o pecuarista Jos\u00e9 Carlos Bumlai e o Banco Schahin. Segundo o Minist\u00e9rio P\u00fablico Federal (MPF), a d\u00edvida foi quitada por meio\u00a0da contrata\u00e7\u00e3o do Grupo Schahin para opera\u00e7\u00e3o do navio-sonda Vit\u00f3ria 10.000. O contrato custou \u00e0 Petrobras US$ 1,6 bilh\u00e3o. A investiga\u00e7\u00e3o apontou Del\u00fabio como solicitante do empr\u00e9stimo pelo PT.<\/span><\/p>\n<p><span style=\"color: #000000; font-size: 14pt;\">Ap\u00f3s a condena\u00e7\u00e3o, a defesa e o Minist\u00e9rio P\u00fablico recorreram ao TRF, que aumentou de cinco para seis anos a pena do ex-tesoureiro. Na sess\u00e3o desta tarde, ao julgar o \u00faltimo recurso contra a condena\u00e7\u00e3o, a Oitava Turma entendeu que n\u00e3o h\u00e1 contradi\u00e7\u00f5es capazes de anular a seten\u00e7a de condena\u00e7\u00e3o.<\/span><\/p>\n<p><span style=\"color: #000000; font-size: 14pt;\">A\u00a0<strong>Ag\u00eancia Brasil<\/strong>\u00a0tenta contato com a defesa de Del\u00fabio Soares.<\/span><\/p>\n<p><span style=\"color: #000000; font-family: georgia, palatino, serif; font-size: 18pt;\">A mat\u00e9ria original pode ser acessada <span style=\"color: #0000ff;\"><a style=\"color: #0000ff;\" href=\"https:\/\/istoe.com.br\/moro-determina-prisao-do-ex-tesoureiro-do-pt-delubio-soares\/\"><em><strong>aqui<\/strong><\/em><\/a><\/span>.<\/span><\/p>\n<p><img data-recalc-dims=\"1\" fetchpriority=\"high\" decoding=\"async\" data-attachment-id=\"13208\" data-permalink=\"https:\/\/gersonguelmann.com.br\/blog\/moro-acaba-de-determinar-prisao-de-delubio\/download-55\/\" data-orig-file=\"https:\/\/i0.wp.com\/gersonguelmann.com.br\/blog\/wp-content\/uploads\/2018\/05\/download-15.jpg?fit=254%2C198&amp;ssl=1\" data-orig-size=\"254,198\" data-comments-opened=\"1\" data-image-meta=\"{&quot;aperture&quot;:&quot;0&quot;,&quot;credit&quot;:&quot;&quot;,&quot;camera&quot;:&quot;&quot;,&quot;caption&quot;:&quot;&quot;,&quot;created_timestamp&quot;:&quot;0&quot;,&quot;copyright&quot;:&quot;&quot;,&quot;focal_length&quot;:&quot;0&quot;,&quot;iso&quot;:&quot;0&quot;,&quot;shutter_speed&quot;:&quot;0&quot;,&quot;title&quot;:&quot;&quot;,&quot;orientation&quot;:&quot;0&quot;}\" data-image-title=\"download\" data-image-description=\"\" data-image-caption=\"\" data-medium-file=\"https:\/\/i0.wp.com\/gersonguelmann.com.br\/blog\/wp-content\/uploads\/2018\/05\/download-15.jpg?fit=254%2C198&amp;ssl=1\" data-large-file=\"https:\/\/i0.wp.com\/gersonguelmann.com.br\/blog\/wp-content\/uploads\/2018\/05\/download-15.jpg?fit=254%2C198&amp;ssl=1\" class=\"size-full wp-image-13208 aligncenter\" src=\"https:\/\/i0.wp.com\/gersonguelmann.com.br\/blog\/wp-content\/uploads\/2018\/05\/download-15.jpg?resize=254%2C198&#038;ssl=1\" alt=\"\" width=\"254\" height=\"198\" \/><\/p>\n<p>&nbsp;<\/p>\n<p>&nbsp;<\/p>\n","protected":false},"excerpt":{"rendered":"<p>Complementando a informa\u00e7\u00e3o que dei h\u00e1 pouco, a Isto\u00c9 acaba de publicar: GERAL Moro determina pris\u00e3o do ex-tesoureiro do PT Del\u00fabio Soares Ag\u00eancia Brasil 23\/05\/18 &#8211; 19h06 O juiz Federal S\u00e9rgio Moro, da 13\u00aa Vara Federal em Curitiba, determinou h\u00e1 pouco a pris\u00e3o do ex-tesoureiro do PT Del\u00fabio Soares, na Opera\u00e7\u00e3o Lava Jato. A medida [&hellip;]<\/p>\n","protected":false},"author":5,"featured_media":13208,"comment_status":"open","ping_status":"open","sticky":false,"template":"","format":"standard","meta":{"_acf_changed":false,"jetpack_post_was_ever_published":false,"_jetpack_newsletter_access":"","_jetpack_dont_email_post_to_subs":false,"_jetpack_newsletter_tier_id":0,"_jetpack_memberships_contains_paywalled_content":false,"_jetpack_memberships_contains_paid_content":false,"footnotes":"","jetpack_publicize_message":"","jetpack_publicize_feature_enabled":true,"jetpack_social_post_already_shared":true,"jetpack_social_options":{"image_generator_settings":{"template":"highway","default_image_id":0,"font":"","enabled":false},"version":2}},"categories":[1],"tags":[],"class_list":["post-13207","post","type-post","status-publish","format-standard","has-post-thumbnail","hentry","category-sem-categoria"],"acf":[],"yoast_head":"<!-- This site is optimized with the Yoast SEO plugin v27.3 - https:\/\/yoast.com\/product\/yoast-seo-wordpress\/ -->\n<title>Moro Acaba de Determinar Pris\u00e3o de Delubio | Blog do Guelmann<\/title>\n<meta name=\"robots\" content=\"index, follow, max-snippet:-1, max-image-preview:large, max-video-preview:-1\" \/>\n<link rel=\"canonical\" href=\"https:\/\/gersonguelmann.com.br\/blog\/moro-acaba-de-determinar-prisao-de-delubio\/\" \/>\n<meta property=\"og:locale\" content=\"pt_BR\" \/>\n<meta property=\"og:type\" content=\"article\" \/>\n<meta property=\"og:title\" content=\"Moro Acaba de Determinar Pris\u00e3o de Delubio | Blog do Guelmann\" \/>\n<meta property=\"og:description\" content=\"Complementando a informa\u00e7\u00e3o que dei h\u00e1 pouco, a Isto\u00c9 acaba de publicar: GERAL Moro determina pris\u00e3o do ex-tesoureiro do PT Del\u00fabio Soares Ag\u00eancia Brasil 23\/05\/18 &#8211; 19h06 O juiz Federal S\u00e9rgio Moro, da 13\u00aa Vara Federal em Curitiba, determinou h\u00e1 pouco a pris\u00e3o do ex-tesoureiro do PT Del\u00fabio Soares, na Opera\u00e7\u00e3o Lava Jato. A medida [&hellip;]\" \/>\n<meta property=\"og:url\" content=\"https:\/\/gersonguelmann.com.br\/blog\/moro-acaba-de-determinar-prisao-de-delubio\/\" \/>\n<meta property=\"og:site_name\" content=\"Blog do Guelmann\" \/>\n<meta property=\"article:published_time\" content=\"2018-05-23T22:19:57+00:00\" \/>\n<meta property=\"og:image\" content=\"https:\/\/i0.wp.com\/gersonguelmann.com.br\/blog\/wp-content\/uploads\/2018\/05\/download-15.jpg?fit=254%2C198&ssl=1\" \/>\n\t<meta property=\"og:image:width\" content=\"254\" \/>\n\t<meta property=\"og:image:height\" content=\"198\" \/>\n\t<meta property=\"og:image:type\" content=\"image\/jpeg\" \/>\n<meta name=\"author\" content=\"Gerson Guelmann\" \/>\n<meta name=\"twitter:card\" content=\"summary_large_image\" \/>\n<meta name=\"twitter:label1\" content=\"Escrito por\" \/>\n\t<meta name=\"twitter:data1\" content=\"Gerson Guelmann\" \/>\n\t<meta name=\"twitter:label2\" content=\"Est. tempo de leitura\" \/>\n\t<meta name=\"twitter:data2\" content=\"2 minutos\" \/>\n<script type=\"application\/ld+json\" class=\"yoast-schema-graph\">{\"@context\":\"https:\\\/\\\/schema.org\",\"@graph\":[{\"@type\":\"Article\",\"@id\":\"https:\\\/\\\/gersonguelmann.com.br\\\/blog\\\/moro-acaba-de-determinar-prisao-de-delubio\\\/#article\",\"isPartOf\":{\"@id\":\"https:\\\/\\\/gersonguelmann.com.br\\\/blog\\\/moro-acaba-de-determinar-prisao-de-delubio\\\/\"},\"author\":{\"name\":\"Gerson Guelmann\",\"@id\":\"https:\\\/\\\/gersonguelmann.com.br\\\/blog\\\/#\\\/schema\\\/person\\\/87e70e2a786888082f941a482c90569e\"},\"headline\":\"Moro Acaba de Determinar Pris\u00e3o de Delubio\",\"datePublished\":\"2018-05-23T22:19:57+00:00\",\"mainEntityOfPage\":{\"@id\":\"https:\\\/\\\/gersonguelmann.com.br\\\/blog\\\/moro-acaba-de-determinar-prisao-de-delubio\\\/\"},\"wordCount\":318,\"commentCount\":0,\"image\":{\"@id\":\"https:\\\/\\\/gersonguelmann.com.br\\\/blog\\\/moro-acaba-de-determinar-prisao-de-delubio\\\/#primaryimage\"},\"thumbnailUrl\":\"https:\\\/\\\/i0.wp.com\\\/gersonguelmann.com.br\\\/blog\\\/wp-content\\\/uploads\\\/2018\\\/05\\\/download-15.jpg?fit=254%2C198&ssl=1\",\"inLanguage\":\"pt-BR\",\"potentialAction\":[{\"@type\":\"CommentAction\",\"name\":\"Comment\",\"target\":[\"https:\\\/\\\/gersonguelmann.com.br\\\/blog\\\/moro-acaba-de-determinar-prisao-de-delubio\\\/#respond\"]}]},{\"@type\":\"WebPage\",\"@id\":\"https:\\\/\\\/gersonguelmann.com.br\\\/blog\\\/moro-acaba-de-determinar-prisao-de-delubio\\\/\",\"url\":\"https:\\\/\\\/gersonguelmann.com.br\\\/blog\\\/moro-acaba-de-determinar-prisao-de-delubio\\\/\",\"name\":\"Moro Acaba de Determinar Pris\u00e3o de Delubio | Blog do Guelmann\",\"isPartOf\":{\"@id\":\"https:\\\/\\\/gersonguelmann.com.br\\\/blog\\\/#website\"},\"primaryImageOfPage\":{\"@id\":\"https:\\\/\\\/gersonguelmann.com.br\\\/blog\\\/moro-acaba-de-determinar-prisao-de-delubio\\\/#primaryimage\"},\"image\":{\"@id\":\"https:\\\/\\\/gersonguelmann.com.br\\\/blog\\\/moro-acaba-de-determinar-prisao-de-delubio\\\/#primaryimage\"},\"thumbnailUrl\":\"https:\\\/\\\/i0.wp.com\\\/gersonguelmann.com.br\\\/blog\\\/wp-content\\\/uploads\\\/2018\\\/05\\\/download-15.jpg?fit=254%2C198&ssl=1\",\"datePublished\":\"2018-05-23T22:19:57+00:00\",\"author\":{\"@id\":\"https:\\\/\\\/gersonguelmann.com.br\\\/blog\\\/#\\\/schema\\\/person\\\/87e70e2a786888082f941a482c90569e\"},\"inLanguage\":\"pt-BR\",\"potentialAction\":[{\"@type\":\"ReadAction\",\"target\":[\"https:\\\/\\\/gersonguelmann.com.br\\\/blog\\\/moro-acaba-de-determinar-prisao-de-delubio\\\/\"]}]},{\"@type\":\"ImageObject\",\"inLanguage\":\"pt-BR\",\"@id\":\"https:\\\/\\\/gersonguelmann.com.br\\\/blog\\\/moro-acaba-de-determinar-prisao-de-delubio\\\/#primaryimage\",\"url\":\"https:\\\/\\\/i0.wp.com\\\/gersonguelmann.com.br\\\/blog\\\/wp-content\\\/uploads\\\/2018\\\/05\\\/download-15.jpg?fit=254%2C198&ssl=1\",\"contentUrl\":\"https:\\\/\\\/i0.wp.com\\\/gersonguelmann.com.br\\\/blog\\\/wp-content\\\/uploads\\\/2018\\\/05\\\/download-15.jpg?fit=254%2C198&ssl=1\",\"width\":254,\"height\":198},{\"@type\":\"WebSite\",\"@id\":\"https:\\\/\\\/gersonguelmann.com.br\\\/blog\\\/#website\",\"url\":\"https:\\\/\\\/gersonguelmann.com.br\\\/blog\\\/\",\"name\":\"Blog do Guelmann\",\"description\":\"Pitadas da sabedoria e do humor judaicos, assuntos do momento e um pouco das hist\u00f3rias que vivi e testemunhei.\",\"potentialAction\":[{\"@type\":\"SearchAction\",\"target\":{\"@type\":\"EntryPoint\",\"urlTemplate\":\"https:\\\/\\\/gersonguelmann.com.br\\\/blog\\\/?s={search_term_string}\"},\"query-input\":{\"@type\":\"PropertyValueSpecification\",\"valueRequired\":true,\"valueName\":\"search_term_string\"}}],\"inLanguage\":\"pt-BR\"},{\"@type\":\"Person\",\"@id\":\"https:\\\/\\\/gersonguelmann.com.br\\\/blog\\\/#\\\/schema\\\/person\\\/87e70e2a786888082f941a482c90569e\",\"name\":\"Gerson Guelmann\",\"image\":{\"@type\":\"ImageObject\",\"inLanguage\":\"pt-BR\",\"@id\":\"https:\\\/\\\/i0.wp.com\\\/gersonguelmann.com.br\\\/blog\\\/wp-content\\\/uploads\\\/2021\\\/08\\\/BLOG.jpeg?fit=96%2C96&ssl=1\",\"url\":\"https:\\\/\\\/i0.wp.com\\\/gersonguelmann.com.br\\\/blog\\\/wp-content\\\/uploads\\\/2021\\\/08\\\/BLOG.jpeg?fit=96%2C96&ssl=1\",\"contentUrl\":\"https:\\\/\\\/i0.wp.com\\\/gersonguelmann.com.br\\\/blog\\\/wp-content\\\/uploads\\\/2021\\\/08\\\/BLOG.jpeg?fit=96%2C96&ssl=1\",\"caption\":\"Gerson Guelmann\"},\"description\":\"Pitadas da sabedoria e do humor judaicos, assuntos do momento e um pouco das hist\u00f3rias que vivi e testemunhei.\"}]}<\/script>\n<!-- \/ Yoast SEO plugin. -->","yoast_head_json":{"title":"Moro Acaba de Determinar Pris\u00e3o de Delubio | Blog do Guelmann","robots":{"index":"index","follow":"follow","max-snippet":"max-snippet:-1","max-image-preview":"max-image-preview:large","max-video-preview":"max-video-preview:-1"},"canonical":"https:\/\/gersonguelmann.com.br\/blog\/moro-acaba-de-determinar-prisao-de-delubio\/","og_locale":"pt_BR","og_type":"article","og_title":"Moro Acaba de Determinar Pris\u00e3o de Delubio | Blog do Guelmann","og_description":"Complementando a informa\u00e7\u00e3o que dei h\u00e1 pouco, a Isto\u00c9 acaba de publicar: GERAL Moro determina pris\u00e3o do ex-tesoureiro do PT Del\u00fabio Soares Ag\u00eancia Brasil 23\/05\/18 &#8211; 19h06 O juiz Federal S\u00e9rgio Moro, da 13\u00aa Vara Federal em Curitiba, determinou h\u00e1 pouco a pris\u00e3o do ex-tesoureiro do PT Del\u00fabio Soares, na Opera\u00e7\u00e3o Lava Jato. A medida [&hellip;]","og_url":"https:\/\/gersonguelmann.com.br\/blog\/moro-acaba-de-determinar-prisao-de-delubio\/","og_site_name":"Blog do Guelmann","article_published_time":"2018-05-23T22:19:57+00:00","og_image":[{"width":254,"height":198,"url":"https:\/\/i0.wp.com\/gersonguelmann.com.br\/blog\/wp-content\/uploads\/2018\/05\/download-15.jpg?fit=254%2C198&ssl=1","type":"image\/jpeg"}],"author":"Gerson Guelmann","twitter_card":"summary_large_image","twitter_misc":{"Escrito por":"Gerson Guelmann","Est. tempo de leitura":"2 minutos"},"schema":{"@context":"https:\/\/schema.org","@graph":[{"@type":"Article","@id":"https:\/\/gersonguelmann.com.br\/blog\/moro-acaba-de-determinar-prisao-de-delubio\/#article","isPartOf":{"@id":"https:\/\/gersonguelmann.com.br\/blog\/moro-acaba-de-determinar-prisao-de-delubio\/"},"author":{"name":"Gerson Guelmann","@id":"https:\/\/gersonguelmann.com.br\/blog\/#\/schema\/person\/87e70e2a786888082f941a482c90569e"},"headline":"Moro Acaba de Determinar Pris\u00e3o de Delubio","datePublished":"2018-05-23T22:19:57+00:00","mainEntityOfPage":{"@id":"https:\/\/gersonguelmann.com.br\/blog\/moro-acaba-de-determinar-prisao-de-delubio\/"},"wordCount":318,"commentCount":0,"image":{"@id":"https:\/\/gersonguelmann.com.br\/blog\/moro-acaba-de-determinar-prisao-de-delubio\/#primaryimage"},"thumbnailUrl":"https:\/\/i0.wp.com\/gersonguelmann.com.br\/blog\/wp-content\/uploads\/2018\/05\/download-15.jpg?fit=254%2C198&ssl=1","inLanguage":"pt-BR","potentialAction":[{"@type":"CommentAction","name":"Comment","target":["https:\/\/gersonguelmann.com.br\/blog\/moro-acaba-de-determinar-prisao-de-delubio\/#respond"]}]},{"@type":"WebPage","@id":"https:\/\/gersonguelmann.com.br\/blog\/moro-acaba-de-determinar-prisao-de-delubio\/","url":"https:\/\/gersonguelmann.com.br\/blog\/moro-acaba-de-determinar-prisao-de-delubio\/","name":"Moro Acaba de Determinar Pris\u00e3o de Delubio | Blog do Guelmann","isPartOf":{"@id":"https:\/\/gersonguelmann.com.br\/blog\/#website"},"primaryImageOfPage":{"@id":"https:\/\/gersonguelmann.com.br\/blog\/moro-acaba-de-determinar-prisao-de-delubio\/#primaryimage"},"image":{"@id":"https:\/\/gersonguelmann.com.br\/blog\/moro-acaba-de-determinar-prisao-de-delubio\/#primaryimage"},"thumbnailUrl":"https:\/\/i0.wp.com\/gersonguelmann.com.br\/blog\/wp-content\/uploads\/2018\/05\/download-15.jpg?fit=254%2C198&ssl=1","datePublished":"2018-05-23T22:19:57+00:00","author":{"@id":"https:\/\/gersonguelmann.com.br\/blog\/#\/schema\/person\/87e70e2a786888082f941a482c90569e"},"inLanguage":"pt-BR","potentialAction":[{"@type":"ReadAction","target":["https:\/\/gersonguelmann.com.br\/blog\/moro-acaba-de-determinar-prisao-de-delubio\/"]}]},{"@type":"ImageObject","inLanguage":"pt-BR","@id":"https:\/\/gersonguelmann.com.br\/blog\/moro-acaba-de-determinar-prisao-de-delubio\/#primaryimage","url":"https:\/\/i0.wp.com\/gersonguelmann.com.br\/blog\/wp-content\/uploads\/2018\/05\/download-15.jpg?fit=254%2C198&ssl=1","contentUrl":"https:\/\/i0.wp.com\/gersonguelmann.com.br\/blog\/wp-content\/uploads\/2018\/05\/download-15.jpg?fit=254%2C198&ssl=1","width":254,"height":198},{"@type":"WebSite","@id":"https:\/\/gersonguelmann.com.br\/blog\/#website","url":"https:\/\/gersonguelmann.com.br\/blog\/","name":"Blog do Guelmann","description":"Pitadas da sabedoria e do humor judaicos, assuntos do momento e um pouco das hist\u00f3rias que vivi e testemunhei.","potentialAction":[{"@type":"SearchAction","target":{"@type":"EntryPoint","urlTemplate":"https:\/\/gersonguelmann.com.br\/blog\/?s={search_term_string}"},"query-input":{"@type":"PropertyValueSpecification","valueRequired":true,"valueName":"search_term_string"}}],"inLanguage":"pt-BR"},{"@type":"Person","@id":"https:\/\/gersonguelmann.com.br\/blog\/#\/schema\/person\/87e70e2a786888082f941a482c90569e","name":"Gerson Guelmann","image":{"@type":"ImageObject","inLanguage":"pt-BR","@id":"https:\/\/i0.wp.com\/gersonguelmann.com.br\/blog\/wp-content\/uploads\/2021\/08\/BLOG.jpeg?fit=96%2C96&ssl=1","url":"https:\/\/i0.wp.com\/gersonguelmann.com.br\/blog\/wp-content\/uploads\/2021\/08\/BLOG.jpeg?fit=96%2C96&ssl=1","contentUrl":"https:\/\/i0.wp.com\/gersonguelmann.com.br\/blog\/wp-content\/uploads\/2021\/08\/BLOG.jpeg?fit=96%2C96&ssl=1","caption":"Gerson Guelmann"},"description":"Pitadas da sabedoria e do humor judaicos, assuntos do momento e um pouco das hist\u00f3rias que vivi e testemunhei."}]}},"views":34,"jetpack_publicize_connections":[],"jetpack_featured_media_url":"https:\/\/i0.wp.com\/gersonguelmann.com.br\/blog\/wp-content\/uploads\/2018\/05\/download-15.jpg?fit=254%2C198&ssl=1","jetpack_shortlink":"https:\/\/wp.me\/p96e7O-3r1","jetpack-related-posts":[{"id":13204,"url":"https:\/\/gersonguelmann.com.br\/blog\/mais-um-ex-tesoureiro-do-pt-na-cadeia\/","url_meta":{"origin":13207,"position":0},"title":"Mais Um ex-Tesoureiro do PT na Cadeia?","author":"Gerson Guelmann","date":"23 de maio de 2018","format":false,"excerpt":"A julgar pela mat\u00e9ria que acaba de sair na Isto\u00c9, logo eles ter\u00e3o uma cela privativa: BRASIL Del\u00fabio Soares pode ir para a pris\u00e3o Del\u00fabio Soares 23\/05\/18 - 18h21 - Atualizado em 23\/05\/18 - 18h32 O Tribunal Regional Federal da 4.\u00aa Regi\u00e3o (TRF-4) negou nesta quarta-feira, 23, os embargos de\u2026","rel":"","context":"Em &quot;Sem categoria&quot;","block_context":{"text":"Sem categoria","link":"https:\/\/gersonguelmann.com.br\/blog\/category\/sem-categoria\/"},"img":{"alt_text":"","src":"https:\/\/i0.wp.com\/gersonguelmann.com.br\/blog\/wp-content\/uploads\/2018\/05\/delubio_soares_arquivo_483x272.jpg?fit=483%2C272&ssl=1&resize=350%2C200","width":350,"height":200},"classes":[]},{"id":14429,"url":"https:\/\/gersonguelmann.com.br\/blog\/dirceu-sem-tornozoleira-toffoli-mandou-tirar\/","url_meta":{"origin":13207,"position":1},"title":"Dirceu sem Tornozoleira. Toffoli Mandou Tirar.","author":"Gerson Guelmann","date":"2 de julho de 2018","format":false,"excerpt":"D\u00b4O Antagonista: TOFFOLI TIRA TORNOZELEIRA DE DIRCEU Brasil\u00a002.07.18 21:18 Dias Toffoli acaba de derrubar a decis\u00e3o de Sergio Moro que imp\u00f4s ao ex-ministro Jos\u00e9 Dirceu o uso de tornozeleira eletr\u00f4nica, ap\u00f3s ser libertado pela Segunda Turma. Na sexta-feira, Moro determinou que Dirceu fosse a Curitiba para a coloca\u00e7\u00e3o do mecanismo.\u2026","rel":"","context":"Em &quot;Sem categoria&quot;","block_context":{"text":"Sem categoria","link":"https:\/\/gersonguelmann.com.br\/blog\/category\/sem-categoria\/"},"img":{"alt_text":"","src":"https:\/\/i0.wp.com\/gersonguelmann.com.br\/blog\/wp-content\/uploads\/2018\/07\/download-300x158.jpg?resize=350%2C200&ssl=1","width":350,"height":200},"classes":[]},{"id":12918,"url":"https:\/\/gersonguelmann.com.br\/blog\/mais-um-ex-tesoureiro-do-pt-condenado-por-moro\/","url_meta":{"origin":13207,"position":2},"title":"Mais Um ex-Tesoureiro do PT Condenado Por Moro","author":"Gerson Guelmann","date":"14 de maio de 2018","format":false,"excerpt":"D'O Antagonista, agora: URGENTE: MORO CONDENA MAIS UM EX-TESOUREIRO DO PT SALVARBrasil\u00a014.05.18 17:07 Por Claudio Dantas S\u00e9rgio Moro acaba de condenar o ex-tesoureiro do PT Paulo Ferreira a nove anos e dez meses por lavagem de dinheiro e associa\u00e7\u00e3o criminosa. Para ler a mat\u00e9ria no site, clique aqui.","rel":"","context":"Em &quot;Sem categoria&quot;","block_context":{"text":"Sem categoria","link":"https:\/\/gersonguelmann.com.br\/blog\/category\/sem-categoria\/"},"img":{"alt_text":"","src":"https:\/\/i0.wp.com\/gersonguelmann.com.br\/blog\/wp-content\/uploads\/2018\/05\/download-12.jpg?resize=350%2C200&ssl=1","width":350,"height":200},"classes":[]},{"id":10661,"url":"https:\/\/gersonguelmann.com.br\/blog\/o-que-acontece-agora-com-lula\/","url_meta":{"origin":13207,"position":3},"title":"O Que Acontece Agora Com Lula?","author":"Gerson Guelmann","date":"23 de mar\u00e7o de 2018","format":false,"excerpt":"Transcrevo mat\u00e9ria publicada hoje no site El Pa\u00eds: Recurso de Lula ser\u00e1 julgado na pr\u00f3xima segunda. Entenda o que acontece agora Caso a decis\u00e3o seja un\u00e2nime, ordem de pris\u00e3o poder\u00e1 ser emitida no mesmo dia O\u00a0Tribunal Regional Federal 4\u00a0(TRF4) marcou para a pr\u00f3xima segunda-feira, 26 de mar\u00e7o, \u00e0s 13h30, o\u2026","rel":"","context":"Em &quot;Sem categoria&quot;","block_context":{"text":"Sem categoria","link":"https:\/\/gersonguelmann.com.br\/blog\/category\/sem-categoria\/"},"img":{"alt_text":"","src":"https:\/\/i0.wp.com\/gersonguelmann.com.br\/blog\/wp-content\/uploads\/2018\/03\/Lula-2.jpg?fit=770%2C400&ssl=1&resize=350%2C200","width":350,"height":200,"srcset":"https:\/\/i0.wp.com\/gersonguelmann.com.br\/blog\/wp-content\/uploads\/2018\/03\/Lula-2.jpg?fit=770%2C400&ssl=1&resize=350%2C200 1x, https:\/\/i0.wp.com\/gersonguelmann.com.br\/blog\/wp-content\/uploads\/2018\/03\/Lula-2.jpg?fit=770%2C400&ssl=1&resize=525%2C300 1.5x, https:\/\/i0.wp.com\/gersonguelmann.com.br\/blog\/wp-content\/uploads\/2018\/03\/Lula-2.jpg?fit=770%2C400&ssl=1&resize=700%2C400 2x"},"classes":[]},{"id":11838,"url":"https:\/\/gersonguelmann.com.br\/blog\/falta-pouco-para-jose-dirceu-voltar-para-a-prisao\/","url_meta":{"origin":13207,"position":4},"title":"Falta Pouco Para Jos\u00e9 Dirceu Voltar Para a Pris\u00e3o","author":"Gerson Guelmann","date":"19 de abril de 2018","format":false,"excerpt":"Do Blog 'O Antagonista': TRF-4 REJEITA \u00daLTIMOS RECURSOS E DIRCEU PODE VOLTAR PARA A CADEIA 19.04.18 14:18 J\u00e1 h\u00e1 maioria no TRF-4 para negar os embargos infringentes apresentados pela defesa de Jos\u00e9 Dirceu, que pedia um rec\u00e1lculo da pena.\u00a0Esses s\u00e3o os \u00faltimos recursos poss\u00edveis na segunda inst\u00e2ncia. O petista foi\u2026","rel":"","context":"Em &quot;Sem categoria&quot;","block_context":{"text":"Sem categoria","link":"https:\/\/gersonguelmann.com.br\/blog\/category\/sem-categoria\/"},"img":{"alt_text":"","src":"https:\/\/i0.wp.com\/gersonguelmann.com.br\/blog\/wp-content\/uploads\/2018\/04\/JD.jpg?fit=400%2C225&ssl=1&resize=350%2C200","width":350,"height":200},"classes":[]},{"id":11281,"url":"https:\/\/gersonguelmann.com.br\/blog\/urgente-advogados-entram-com-pedido-para-evitar-prisao-de-lula\/","url_meta":{"origin":13207,"position":5},"title":"Urgente: Advogados Entram Com Pedido Para Evitar Pris\u00e3o de Lula","author":"Gerson Guelmann","date":"5 de abril de 2018","format":false,"excerpt":"Advogados entram com pedido de liminar no STF para evitar pris\u00e3o de Lula Kakay cria rede de 150 profissionais para auxiliar processo do ex-presidente BRAS\u00cdLIA - O advogado Ant\u00f4nio Carlos de Almeida Castro, conhecido como\u00a0Kakay, entrou nesta quinta-feira com um pedido de\u00a0liminar\u00a0no Supremo Tribunal Federal (STF) para evitar a pris\u00e3o\u2026","rel":"","context":"Em &quot;Sem categoria&quot;","block_context":{"text":"Sem categoria","link":"https:\/\/gersonguelmann.com.br\/blog\/category\/sem-categoria\/"},"img":{"alt_text":"","src":"https:\/\/i0.wp.com\/gersonguelmann.com.br\/blog\/wp-content\/uploads\/2018\/04\/Lula.jpg?fit=699%2C420&ssl=1&resize=350%2C200","width":350,"height":200,"srcset":"https:\/\/i0.wp.com\/gersonguelmann.com.br\/blog\/wp-content\/uploads\/2018\/04\/Lula.jpg?fit=699%2C420&ssl=1&resize=350%2C200 1x, https:\/\/i0.wp.com\/gersonguelmann.com.br\/blog\/wp-content\/uploads\/2018\/04\/Lula.jpg?fit=699%2C420&ssl=1&resize=525%2C300 1.5x"},"classes":[]}],"jetpack_sharing_enabled":true,"post_mailing_queue_ids":[],"_links":{"self":[{"href":"https:\/\/gersonguelmann.com.br\/blog\/wp-json\/wp\/v2\/posts\/13207","targetHints":{"allow":["GET"]}}],"collection":[{"href":"https:\/\/gersonguelmann.com.br\/blog\/wp-json\/wp\/v2\/posts"}],"about":[{"href":"https:\/\/gersonguelmann.com.br\/blog\/wp-json\/wp\/v2\/types\/post"}],"author":[{"embeddable":true,"href":"https:\/\/gersonguelmann.com.br\/blog\/wp-json\/wp\/v2\/users\/5"}],"replies":[{"embeddable":true,"href":"https:\/\/gersonguelmann.com.br\/blog\/wp-json\/wp\/v2\/comments?post=13207"}],"version-history":[{"count":0,"href":"https:\/\/gersonguelmann.com.br\/blog\/wp-json\/wp\/v2\/posts\/13207\/revisions"}],"wp:featuredmedia":[{"embeddable":true,"href":"https:\/\/gersonguelmann.com.br\/blog\/wp-json\/wp\/v2\/media\/13208"}],"wp:attachment":[{"href":"https:\/\/gersonguelmann.com.br\/blog\/wp-json\/wp\/v2\/media?parent=13207"}],"wp:term":[{"taxonomy":"category","embeddable":true,"href":"https:\/\/gersonguelmann.com.br\/blog\/wp-json\/wp\/v2\/categories?post=13207"},{"taxonomy":"post_tag","embeddable":true,"href":"https:\/\/gersonguelmann.com.br\/blog\/wp-json\/wp\/v2\/tags?post=13207"}],"curies":[{"name":"wp","href":"https:\/\/api.w.org\/{rel}","templated":true}]}}