    {"id":13211,"date":"2018-05-23T21:08:07","date_gmt":"2018-05-24T00:08:07","guid":{"rendered":"https:\/\/gersonguelmann.com.br\/blog\/?p=13211"},"modified":"2018-05-23T21:08:07","modified_gmt":"2018-05-24T00:08:07","slug":"ronaldinho-gaucho-ele-mesmo-vai-casar-com-duas-mulheres","status":"publish","type":"post","link":"https:\/\/gersonguelmann.com.br\/blog\/ronaldinho-gaucho-ele-mesmo-vai-casar-com-duas-mulheres\/","title":{"rendered":"Ronaldinho Ga\u00facho, Ele Mesmo, Vai Casar. Com Duas Mulheres."},"content":{"rendered":"<p><span style=\"color: #000000; font-family: georgia, palatino, serif; font-size: 18pt;\">Pois \u00e9.<\/span><\/p>\n<p><span style=\"color: #000000; font-family: georgia, palatino, serif; font-size: 18pt;\">Deu no site Super.FC:<\/span><\/p>\n<div class=\"cell versal\">\n<h3><span style=\"color: #000000;\">Vida b\u00edgama<\/span><\/h3>\n<\/div>\n<div class=\"cell titulo\">\n<h1><span style=\"color: #000000;\">Ronaldinho Ga\u00facho vai se casar com duas namoradas, diz colunista<\/span><\/h1>\n<\/div>\n<div class=\"cell chamada\">\n<h2><span style=\"color: #000000;\">Ex-jogador far\u00e1 festa em seu condom\u00ednio no Rio de Janeiro; Uma das noivas \u00e9 mineira<\/span><\/h2>\n<div class=\"info-autor cell\">\n<div class=\"autor\"><strong><span style=\"color: #000000;\">Bernardo Lacerda\u00a0<span class=\"complemento\">| @SuperFC<\/span>\u00a0<\/span><\/strong><br \/>\n<strong><span class=\"data-publicacao\" style=\"color: #000000;\">23\/05\/18 &#8211; 17h15<\/span><\/strong><\/p>\n<div id=\"ATF_center_300x250\">\n<div id=\"div-gpt-ad-1432782016430-1\" data-google-query-id=\"CLDV4OOFndsCFY8VhwodDw4D3A\">\n<div id=\"google_ads_iframe_\/14159828\/otempo_superfc_internas_ATF_center_300x250_0__container__\"><\/div>\n<\/div>\n<\/div>\n<\/div>\n<\/div>\n<p><span style=\"color: #000000; font-size: 14pt;\">Ronaldinho G\u00e1ucho largou a vida de atleta, mas n\u00e3o sai das p\u00e1ginas dos jornais e revistas. Agora, o ex-atleta promete causar pol\u00eamica mais uma vez, como foi em grande parte da sua carreira. O ex-meia do Atl\u00e9tico vai oficializar uni\u00e3o com duas mulheres ao mesmo tempo.<\/span><\/p>\n<p><span style=\"color: #000000; font-size: 14pt;\">A informa\u00e7\u00e3o \u00e9 do\u00a0\u00a0colunista L\u00e9o Dias, do \u201cFofocalizando\u201d, do\u00a0SBT. De acordo com o jornalista, o casamento acontecer\u00e1 em agosto, no Rio de Janeiro.<\/span><\/p>\n<p><span style=\"color: #000000; font-size: 14pt;\">As noivas s\u00e3o a mineira Priscilla Coelho, com quem o atleta mant\u00e9m romance desde a \u00e9poca que jogava no Atl\u00e9tico e Beatriz Souza. Ambas j\u00e1 andam com alian\u00e7a de compromisso do atleta.<\/span><\/p>\n<p><span style=\"color: #000000; font-size: 14pt;\">Segundo L\u00e9o Dias, a festa ter\u00e1 como convidados apenas familiares mais pr\u00f3ximos do atleta. A aus\u00eancia ser\u00e1 da irm\u00e3 de Ronaldinho Ga\u00facho, Deise Moreira que n\u00e3o concorda com a vida b\u00edgama do craque.<\/span><\/p>\n<p><span style=\"color: #000000; font-size: 14pt;\">O ex-craque j\u00e1 vem morando, inclusive, com as duas noivas em seu condom\u00ednio no Rio de Janeiro. O cantor Jorge Vercilo, vizinho de Ronaldinho, ser\u00e1 o respons\u00e1vel musical da festa.<\/span><\/p>\n<p><span style=\"color: #000000; font-family: georgia, palatino, serif; font-size: 18pt;\">Para ler a mat\u00e9ria no site, <span style=\"color: #0000ff;\"><a style=\"color: #0000ff;\" href=\"https:\/\/www.otempo.com.br\/superfc\/ronaldinho-ga\u00facho-vai-se-casar-com-duas-namoradas-diz-colunista-1.1835529\"><em><strong>clique aqui<\/strong><\/em><\/a><\/span>.<\/span><\/p>\n<\/div>\n<p style=\"text-align: center;\"><span style=\"color: #000000;\"><img data-recalc-dims=\"1\" fetchpriority=\"high\" decoding=\"async\" data-attachment-id=\"13212\" data-permalink=\"https:\/\/gersonguelmann.com.br\/blog\/ronaldinho-gaucho-ele-mesmo-vai-casar-com-duas-mulheres\/rg\/\" data-orig-file=\"https:\/\/i0.wp.com\/gersonguelmann.com.br\/blog\/wp-content\/uploads\/2018\/05\/RG.jpg?fit=700%2C470&amp;ssl=1\" data-orig-size=\"700,470\" data-comments-opened=\"1\" data-image-meta=\"{&quot;aperture&quot;:&quot;0&quot;,&quot;credit&quot;:&quot;&quot;,&quot;camera&quot;:&quot;&quot;,&quot;caption&quot;:&quot;&quot;,&quot;created_timestamp&quot;:&quot;0&quot;,&quot;copyright&quot;:&quot;&quot;,&quot;focal_length&quot;:&quot;0&quot;,&quot;iso&quot;:&quot;0&quot;,&quot;shutter_speed&quot;:&quot;0&quot;,&quot;title&quot;:&quot;&quot;,&quot;orientation&quot;:&quot;0&quot;}\" data-image-title=\"RG\" data-image-description=\"\" data-image-caption=\"\" data-medium-file=\"https:\/\/i0.wp.com\/gersonguelmann.com.br\/blog\/wp-content\/uploads\/2018\/05\/RG.jpg?fit=300%2C201&amp;ssl=1\" data-large-file=\"https:\/\/i0.wp.com\/gersonguelmann.com.br\/blog\/wp-content\/uploads\/2018\/05\/RG.jpg?fit=640%2C430&amp;ssl=1\" class=\"alignnone size-medium wp-image-13212\" src=\"https:\/\/i0.wp.com\/gersonguelmann.com.br\/blog\/wp-content\/uploads\/2018\/05\/RG.jpg?resize=300%2C201&#038;ssl=1\" alt=\"\" width=\"300\" height=\"201\" srcset=\"https:\/\/i0.wp.com\/gersonguelmann.com.br\/blog\/wp-content\/uploads\/2018\/05\/RG.jpg?resize=300%2C201&amp;ssl=1 300w, https:\/\/i0.wp.com\/gersonguelmann.com.br\/blog\/wp-content\/uploads\/2018\/05\/RG.jpg?w=700&amp;ssl=1 700w\" sizes=\"(max-width: 300px) 100vw, 300px\" \/><\/span><\/p>\n<p>&nbsp;<\/p>\n","protected":false},"excerpt":{"rendered":"<p>Pois \u00e9. Deu no site Super.FC: Vida b\u00edgama Ronaldinho Ga\u00facho vai se casar com duas namoradas, diz colunista Ex-jogador far\u00e1 festa em seu condom\u00ednio no Rio de Janeiro; Uma das noivas \u00e9 mineira Bernardo Lacerda\u00a0| @SuperFC\u00a0 23\/05\/18 &#8211; 17h15 Ronaldinho G\u00e1ucho largou a vida de atleta, mas n\u00e3o sai das p\u00e1ginas dos jornais e revistas. [&hellip;]<\/p>\n","protected":false},"author":5,"featured_media":13212,"comment_status":"open","ping_status":"open","sticky":false,"template":"","format":"standard","meta":{"_acf_changed":false,"jetpack_post_was_ever_published":false,"_jetpack_newsletter_access":"","_jetpack_dont_email_post_to_subs":false,"_jetpack_newsletter_tier_id":0,"_jetpack_memberships_contains_paywalled_content":false,"_jetpack_memberships_contains_paid_content":false,"footnotes":"","jetpack_publicize_message":"","jetpack_publicize_feature_enabled":true,"jetpack_social_post_already_shared":true,"jetpack_social_options":{"image_generator_settings":{"template":"highway","default_image_id":0,"font":"","enabled":false},"version":2}},"categories":[1],"tags":[],"class_list":["post-13211","post","type-post","status-publish","format-standard","has-post-thumbnail","hentry","category-sem-categoria"],"acf":[],"yoast_head":"<!-- This site is optimized with the Yoast SEO plugin v27.3 - https:\/\/yoast.com\/product\/yoast-seo-wordpress\/ -->\n<title>Ronaldinho Ga\u00facho, Ele Mesmo, Vai Casar. Com Duas Mulheres. | Blog do Guelmann<\/title>\n<meta name=\"robots\" content=\"index, follow, max-snippet:-1, max-image-preview:large, max-video-preview:-1\" \/>\n<link rel=\"canonical\" href=\"https:\/\/gersonguelmann.com.br\/blog\/ronaldinho-gaucho-ele-mesmo-vai-casar-com-duas-mulheres\/\" \/>\n<meta property=\"og:locale\" content=\"pt_BR\" \/>\n<meta property=\"og:type\" content=\"article\" \/>\n<meta property=\"og:title\" content=\"Ronaldinho Ga\u00facho, Ele Mesmo, Vai Casar. Com Duas Mulheres. | Blog do Guelmann\" \/>\n<meta property=\"og:description\" content=\"Pois \u00e9. Deu no site Super.FC: Vida b\u00edgama Ronaldinho Ga\u00facho vai se casar com duas namoradas, diz colunista Ex-jogador far\u00e1 festa em seu condom\u00ednio no Rio de Janeiro; Uma das noivas \u00e9 mineira Bernardo Lacerda\u00a0| @SuperFC\u00a0 23\/05\/18 &#8211; 17h15 Ronaldinho G\u00e1ucho largou a vida de atleta, mas n\u00e3o sai das p\u00e1ginas dos jornais e revistas. [&hellip;]\" \/>\n<meta property=\"og:url\" content=\"https:\/\/gersonguelmann.com.br\/blog\/ronaldinho-gaucho-ele-mesmo-vai-casar-com-duas-mulheres\/\" \/>\n<meta property=\"og:site_name\" content=\"Blog do Guelmann\" \/>\n<meta property=\"article:published_time\" content=\"2018-05-24T00:08:07+00:00\" \/>\n<meta property=\"og:image\" content=\"https:\/\/i0.wp.com\/gersonguelmann.com.br\/blog\/wp-content\/uploads\/2018\/05\/RG.jpg?fit=700%2C470&ssl=1\" \/>\n\t<meta property=\"og:image:width\" content=\"700\" \/>\n\t<meta property=\"og:image:height\" content=\"470\" \/>\n\t<meta property=\"og:image:type\" content=\"image\/jpeg\" \/>\n<meta name=\"author\" content=\"Gerson Guelmann\" \/>\n<meta name=\"twitter:card\" content=\"summary_large_image\" \/>\n<meta name=\"twitter:label1\" content=\"Escrito por\" \/>\n\t<meta name=\"twitter:data1\" content=\"Gerson Guelmann\" \/>\n\t<meta name=\"twitter:label2\" content=\"Est. tempo de leitura\" \/>\n\t<meta name=\"twitter:data2\" content=\"1 minuto\" \/>\n<script type=\"application\/ld+json\" class=\"yoast-schema-graph\">{\"@context\":\"https:\\\/\\\/schema.org\",\"@graph\":[{\"@type\":\"Article\",\"@id\":\"https:\\\/\\\/gersonguelmann.com.br\\\/blog\\\/ronaldinho-gaucho-ele-mesmo-vai-casar-com-duas-mulheres\\\/#article\",\"isPartOf\":{\"@id\":\"https:\\\/\\\/gersonguelmann.com.br\\\/blog\\\/ronaldinho-gaucho-ele-mesmo-vai-casar-com-duas-mulheres\\\/\"},\"author\":{\"name\":\"Gerson Guelmann\",\"@id\":\"https:\\\/\\\/gersonguelmann.com.br\\\/blog\\\/#\\\/schema\\\/person\\\/87e70e2a786888082f941a482c90569e\"},\"headline\":\"Ronaldinho Ga\u00facho, Ele Mesmo, Vai Casar. Com Duas Mulheres.\",\"datePublished\":\"2018-05-24T00:08:07+00:00\",\"mainEntityOfPage\":{\"@id\":\"https:\\\/\\\/gersonguelmann.com.br\\\/blog\\\/ronaldinho-gaucho-ele-mesmo-vai-casar-com-duas-mulheres\\\/\"},\"wordCount\":245,\"commentCount\":0,\"image\":{\"@id\":\"https:\\\/\\\/gersonguelmann.com.br\\\/blog\\\/ronaldinho-gaucho-ele-mesmo-vai-casar-com-duas-mulheres\\\/#primaryimage\"},\"thumbnailUrl\":\"https:\\\/\\\/i0.wp.com\\\/gersonguelmann.com.br\\\/blog\\\/wp-content\\\/uploads\\\/2018\\\/05\\\/RG.jpg?fit=700%2C470&ssl=1\",\"inLanguage\":\"pt-BR\",\"potentialAction\":[{\"@type\":\"CommentAction\",\"name\":\"Comment\",\"target\":[\"https:\\\/\\\/gersonguelmann.com.br\\\/blog\\\/ronaldinho-gaucho-ele-mesmo-vai-casar-com-duas-mulheres\\\/#respond\"]}]},{\"@type\":\"WebPage\",\"@id\":\"https:\\\/\\\/gersonguelmann.com.br\\\/blog\\\/ronaldinho-gaucho-ele-mesmo-vai-casar-com-duas-mulheres\\\/\",\"url\":\"https:\\\/\\\/gersonguelmann.com.br\\\/blog\\\/ronaldinho-gaucho-ele-mesmo-vai-casar-com-duas-mulheres\\\/\",\"name\":\"Ronaldinho Ga\u00facho, Ele Mesmo, Vai Casar. Com Duas Mulheres. | Blog do Guelmann\",\"isPartOf\":{\"@id\":\"https:\\\/\\\/gersonguelmann.com.br\\\/blog\\\/#website\"},\"primaryImageOfPage\":{\"@id\":\"https:\\\/\\\/gersonguelmann.com.br\\\/blog\\\/ronaldinho-gaucho-ele-mesmo-vai-casar-com-duas-mulheres\\\/#primaryimage\"},\"image\":{\"@id\":\"https:\\\/\\\/gersonguelmann.com.br\\\/blog\\\/ronaldinho-gaucho-ele-mesmo-vai-casar-com-duas-mulheres\\\/#primaryimage\"},\"thumbnailUrl\":\"https:\\\/\\\/i0.wp.com\\\/gersonguelmann.com.br\\\/blog\\\/wp-content\\\/uploads\\\/2018\\\/05\\\/RG.jpg?fit=700%2C470&ssl=1\",\"datePublished\":\"2018-05-24T00:08:07+00:00\",\"author\":{\"@id\":\"https:\\\/\\\/gersonguelmann.com.br\\\/blog\\\/#\\\/schema\\\/person\\\/87e70e2a786888082f941a482c90569e\"},\"inLanguage\":\"pt-BR\",\"potentialAction\":[{\"@type\":\"ReadAction\",\"target\":[\"https:\\\/\\\/gersonguelmann.com.br\\\/blog\\\/ronaldinho-gaucho-ele-mesmo-vai-casar-com-duas-mulheres\\\/\"]}]},{\"@type\":\"ImageObject\",\"inLanguage\":\"pt-BR\",\"@id\":\"https:\\\/\\\/gersonguelmann.com.br\\\/blog\\\/ronaldinho-gaucho-ele-mesmo-vai-casar-com-duas-mulheres\\\/#primaryimage\",\"url\":\"https:\\\/\\\/i0.wp.com\\\/gersonguelmann.com.br\\\/blog\\\/wp-content\\\/uploads\\\/2018\\\/05\\\/RG.jpg?fit=700%2C470&ssl=1\",\"contentUrl\":\"https:\\\/\\\/i0.wp.com\\\/gersonguelmann.com.br\\\/blog\\\/wp-content\\\/uploads\\\/2018\\\/05\\\/RG.jpg?fit=700%2C470&ssl=1\",\"width\":700,\"height\":470},{\"@type\":\"WebSite\",\"@id\":\"https:\\\/\\\/gersonguelmann.com.br\\\/blog\\\/#website\",\"url\":\"https:\\\/\\\/gersonguelmann.com.br\\\/blog\\\/\",\"name\":\"Blog do Guelmann\",\"description\":\"Pitadas da sabedoria e do humor judaicos, assuntos do momento e um pouco das hist\u00f3rias que vivi e testemunhei.\",\"potentialAction\":[{\"@type\":\"SearchAction\",\"target\":{\"@type\":\"EntryPoint\",\"urlTemplate\":\"https:\\\/\\\/gersonguelmann.com.br\\\/blog\\\/?s={search_term_string}\"},\"query-input\":{\"@type\":\"PropertyValueSpecification\",\"valueRequired\":true,\"valueName\":\"search_term_string\"}}],\"inLanguage\":\"pt-BR\"},{\"@type\":\"Person\",\"@id\":\"https:\\\/\\\/gersonguelmann.com.br\\\/blog\\\/#\\\/schema\\\/person\\\/87e70e2a786888082f941a482c90569e\",\"name\":\"Gerson Guelmann\",\"image\":{\"@type\":\"ImageObject\",\"inLanguage\":\"pt-BR\",\"@id\":\"https:\\\/\\\/i0.wp.com\\\/gersonguelmann.com.br\\\/blog\\\/wp-content\\\/uploads\\\/2021\\\/08\\\/BLOG.jpeg?fit=96%2C96&ssl=1\",\"url\":\"https:\\\/\\\/i0.wp.com\\\/gersonguelmann.com.br\\\/blog\\\/wp-content\\\/uploads\\\/2021\\\/08\\\/BLOG.jpeg?fit=96%2C96&ssl=1\",\"contentUrl\":\"https:\\\/\\\/i0.wp.com\\\/gersonguelmann.com.br\\\/blog\\\/wp-content\\\/uploads\\\/2021\\\/08\\\/BLOG.jpeg?fit=96%2C96&ssl=1\",\"caption\":\"Gerson Guelmann\"},\"description\":\"Pitadas da sabedoria e do humor judaicos, assuntos do momento e um pouco das hist\u00f3rias que vivi e testemunhei.\"}]}<\/script>\n<!-- \/ Yoast SEO plugin. -->","yoast_head_json":{"title":"Ronaldinho Ga\u00facho, Ele Mesmo, Vai Casar. Com Duas Mulheres. | Blog do Guelmann","robots":{"index":"index","follow":"follow","max-snippet":"max-snippet:-1","max-image-preview":"max-image-preview:large","max-video-preview":"max-video-preview:-1"},"canonical":"https:\/\/gersonguelmann.com.br\/blog\/ronaldinho-gaucho-ele-mesmo-vai-casar-com-duas-mulheres\/","og_locale":"pt_BR","og_type":"article","og_title":"Ronaldinho Ga\u00facho, Ele Mesmo, Vai Casar. Com Duas Mulheres. | Blog do Guelmann","og_description":"Pois \u00e9. Deu no site Super.FC: Vida b\u00edgama Ronaldinho Ga\u00facho vai se casar com duas namoradas, diz colunista Ex-jogador far\u00e1 festa em seu condom\u00ednio no Rio de Janeiro; Uma das noivas \u00e9 mineira Bernardo Lacerda\u00a0| @SuperFC\u00a0 23\/05\/18 &#8211; 17h15 Ronaldinho G\u00e1ucho largou a vida de atleta, mas n\u00e3o sai das p\u00e1ginas dos jornais e revistas. [&hellip;]","og_url":"https:\/\/gersonguelmann.com.br\/blog\/ronaldinho-gaucho-ele-mesmo-vai-casar-com-duas-mulheres\/","og_site_name":"Blog do Guelmann","article_published_time":"2018-05-24T00:08:07+00:00","og_image":[{"width":700,"height":470,"url":"https:\/\/i0.wp.com\/gersonguelmann.com.br\/blog\/wp-content\/uploads\/2018\/05\/RG.jpg?fit=700%2C470&ssl=1","type":"image\/jpeg"}],"author":"Gerson Guelmann","twitter_card":"summary_large_image","twitter_misc":{"Escrito por":"Gerson Guelmann","Est. tempo de leitura":"1 minuto"},"schema":{"@context":"https:\/\/schema.org","@graph":[{"@type":"Article","@id":"https:\/\/gersonguelmann.com.br\/blog\/ronaldinho-gaucho-ele-mesmo-vai-casar-com-duas-mulheres\/#article","isPartOf":{"@id":"https:\/\/gersonguelmann.com.br\/blog\/ronaldinho-gaucho-ele-mesmo-vai-casar-com-duas-mulheres\/"},"author":{"name":"Gerson Guelmann","@id":"https:\/\/gersonguelmann.com.br\/blog\/#\/schema\/person\/87e70e2a786888082f941a482c90569e"},"headline":"Ronaldinho Ga\u00facho, Ele Mesmo, Vai Casar. Com Duas Mulheres.","datePublished":"2018-05-24T00:08:07+00:00","mainEntityOfPage":{"@id":"https:\/\/gersonguelmann.com.br\/blog\/ronaldinho-gaucho-ele-mesmo-vai-casar-com-duas-mulheres\/"},"wordCount":245,"commentCount":0,"image":{"@id":"https:\/\/gersonguelmann.com.br\/blog\/ronaldinho-gaucho-ele-mesmo-vai-casar-com-duas-mulheres\/#primaryimage"},"thumbnailUrl":"https:\/\/i0.wp.com\/gersonguelmann.com.br\/blog\/wp-content\/uploads\/2018\/05\/RG.jpg?fit=700%2C470&ssl=1","inLanguage":"pt-BR","potentialAction":[{"@type":"CommentAction","name":"Comment","target":["https:\/\/gersonguelmann.com.br\/blog\/ronaldinho-gaucho-ele-mesmo-vai-casar-com-duas-mulheres\/#respond"]}]},{"@type":"WebPage","@id":"https:\/\/gersonguelmann.com.br\/blog\/ronaldinho-gaucho-ele-mesmo-vai-casar-com-duas-mulheres\/","url":"https:\/\/gersonguelmann.com.br\/blog\/ronaldinho-gaucho-ele-mesmo-vai-casar-com-duas-mulheres\/","name":"Ronaldinho Ga\u00facho, Ele Mesmo, Vai Casar. Com Duas Mulheres. | Blog do Guelmann","isPartOf":{"@id":"https:\/\/gersonguelmann.com.br\/blog\/#website"},"primaryImageOfPage":{"@id":"https:\/\/gersonguelmann.com.br\/blog\/ronaldinho-gaucho-ele-mesmo-vai-casar-com-duas-mulheres\/#primaryimage"},"image":{"@id":"https:\/\/gersonguelmann.com.br\/blog\/ronaldinho-gaucho-ele-mesmo-vai-casar-com-duas-mulheres\/#primaryimage"},"thumbnailUrl":"https:\/\/i0.wp.com\/gersonguelmann.com.br\/blog\/wp-content\/uploads\/2018\/05\/RG.jpg?fit=700%2C470&ssl=1","datePublished":"2018-05-24T00:08:07+00:00","author":{"@id":"https:\/\/gersonguelmann.com.br\/blog\/#\/schema\/person\/87e70e2a786888082f941a482c90569e"},"inLanguage":"pt-BR","potentialAction":[{"@type":"ReadAction","target":["https:\/\/gersonguelmann.com.br\/blog\/ronaldinho-gaucho-ele-mesmo-vai-casar-com-duas-mulheres\/"]}]},{"@type":"ImageObject","inLanguage":"pt-BR","@id":"https:\/\/gersonguelmann.com.br\/blog\/ronaldinho-gaucho-ele-mesmo-vai-casar-com-duas-mulheres\/#primaryimage","url":"https:\/\/i0.wp.com\/gersonguelmann.com.br\/blog\/wp-content\/uploads\/2018\/05\/RG.jpg?fit=700%2C470&ssl=1","contentUrl":"https:\/\/i0.wp.com\/gersonguelmann.com.br\/blog\/wp-content\/uploads\/2018\/05\/RG.jpg?fit=700%2C470&ssl=1","width":700,"height":470},{"@type":"WebSite","@id":"https:\/\/gersonguelmann.com.br\/blog\/#website","url":"https:\/\/gersonguelmann.com.br\/blog\/","name":"Blog do Guelmann","description":"Pitadas da sabedoria e do humor judaicos, assuntos do momento e um pouco das hist\u00f3rias que vivi e testemunhei.","potentialAction":[{"@type":"SearchAction","target":{"@type":"EntryPoint","urlTemplate":"https:\/\/gersonguelmann.com.br\/blog\/?s={search_term_string}"},"query-input":{"@type":"PropertyValueSpecification","valueRequired":true,"valueName":"search_term_string"}}],"inLanguage":"pt-BR"},{"@type":"Person","@id":"https:\/\/gersonguelmann.com.br\/blog\/#\/schema\/person\/87e70e2a786888082f941a482c90569e","name":"Gerson Guelmann","image":{"@type":"ImageObject","inLanguage":"pt-BR","@id":"https:\/\/i0.wp.com\/gersonguelmann.com.br\/blog\/wp-content\/uploads\/2021\/08\/BLOG.jpeg?fit=96%2C96&ssl=1","url":"https:\/\/i0.wp.com\/gersonguelmann.com.br\/blog\/wp-content\/uploads\/2021\/08\/BLOG.jpeg?fit=96%2C96&ssl=1","contentUrl":"https:\/\/i0.wp.com\/gersonguelmann.com.br\/blog\/wp-content\/uploads\/2021\/08\/BLOG.jpeg?fit=96%2C96&ssl=1","caption":"Gerson Guelmann"},"description":"Pitadas da sabedoria e do humor judaicos, assuntos do momento e um pouco das hist\u00f3rias que vivi e testemunhei."}]}},"views":45,"jetpack_publicize_connections":[],"jetpack_featured_media_url":"https:\/\/i0.wp.com\/gersonguelmann.com.br\/blog\/wp-content\/uploads\/2018\/05\/RG.jpg?fit=700%2C470&ssl=1","jetpack_shortlink":"https:\/\/wp.me\/p96e7O-3r5","jetpack-related-posts":[{"id":7014,"url":"https:\/\/gersonguelmann.com.br\/blog\/benjamim-o-casamenteiro-mal-sucedido\/","url_meta":{"origin":13211,"position":0},"title":"Benjamim, O Casamenteiro Mal Sucedido","author":"Gerson Guelmann","date":"12 de novembro de 2019","format":false,"excerpt":"Na velha Russia, Benjamim, o casamenteiro oficial da aldeia, foi mais uma vez visitar Yossel, um solteir\u00e3o convicto que sistematicamente recusava as pretendentes que lhe eram oferecidas: - \"Yossel, meu caro, dessa vez voc\u00ea n\u00e3o vai conseguir escapar. Achei a noiva ideal para voc\u00ea!\" Yossel, como em todas as ocasi\u00f5es\u2026","rel":"","context":"Em &quot;Sem categoria&quot;","block_context":{"text":"Sem categoria","link":"https:\/\/gersonguelmann.com.br\/blog\/category\/sem-categoria\/"},"img":{"alt_text":"","src":"https:\/\/i0.wp.com\/gersonguelmann.com.br\/blog\/wp-content\/uploads\/2018\/01\/Casamento-2.jpg?fit=1200%2C1121&ssl=1&resize=350%2C200","width":350,"height":200,"srcset":"https:\/\/i0.wp.com\/gersonguelmann.com.br\/blog\/wp-content\/uploads\/2018\/01\/Casamento-2.jpg?fit=1200%2C1121&ssl=1&resize=350%2C200 1x, https:\/\/i0.wp.com\/gersonguelmann.com.br\/blog\/wp-content\/uploads\/2018\/01\/Casamento-2.jpg?fit=1200%2C1121&ssl=1&resize=525%2C300 1.5x, https:\/\/i0.wp.com\/gersonguelmann.com.br\/blog\/wp-content\/uploads\/2018\/01\/Casamento-2.jpg?fit=1200%2C1121&ssl=1&resize=700%2C400 2x, https:\/\/i0.wp.com\/gersonguelmann.com.br\/blog\/wp-content\/uploads\/2018\/01\/Casamento-2.jpg?fit=1200%2C1121&ssl=1&resize=1050%2C600 3x"},"classes":[]},{"id":198,"url":"https:\/\/gersonguelmann.com.br\/blog\/e-possivel-casar-no-ceu\/","url_meta":{"origin":13211,"position":1},"title":"\u00c9 Poss\u00edvel Casar no C\u00e9u?","author":"Gerson Guelmann","date":"27 de fevereiro de 2018","format":false,"excerpt":"Um casal de noivos teve um terr\u00edvel acidente de autom\u00f3vel na noite anterior ao casamento e ambos morreram. Na chegada ao Para\u00edso foram recebidos por um Anjo, que disse que seria o respons\u00e1vel por eles dali para a frente e que deveria ser procurado caso precisassem de alguma coisa. Depois\u2026","rel":"","context":"Em &quot;Sem categoria&quot;","block_context":{"text":"Sem categoria","link":"https:\/\/gersonguelmann.com.br\/blog\/category\/sem-categoria\/"},"img":{"alt_text":"","src":"https:\/\/i0.wp.com\/gersonguelmann.com.br\/blog\/wp-content\/uploads\/2018\/02\/C%C3%A9u-300x160.jpg?resize=350%2C200&ssl=1","width":350,"height":200},"classes":[]},{"id":11886,"url":"https:\/\/gersonguelmann.com.br\/blog\/a-espaconave-gaucha-vai-decolar\/","url_meta":{"origin":13211,"position":2},"title":"A Espa\u00e7onave Ga\u00facha Vai Decolar","author":"Gerson Guelmann","date":"20 de abril de 2018","format":false,"excerpt":"Ga\u00fachos devem chegar em Marte nos pr\u00f3ximos 5 anos. Agora \u00e9 oficial. J\u00e1 se sabia que a tecnologia espacial estava bem avan\u00e7ada na Rep\u00fablica Riograndense, mas agora o projeto vai deslanchar. Segundo a Ag\u00eancia Espacial Ga\u00facha (AEG), a Marcopolo assinou um contrato com o Governo dos Pampas para construir a\u2026","rel":"","context":"Em &quot;Sem categoria&quot;","block_context":{"text":"Sem categoria","link":"https:\/\/gersonguelmann.com.br\/blog\/category\/sem-categoria\/"},"img":{"alt_text":"","src":"https:\/\/i0.wp.com\/gersonguelmann.com.br\/blog\/wp-content\/uploads\/2018\/04\/photo-1516849677043-ef67c9557e16.jpg?fit=1050%2C700&ssl=1&resize=350%2C200","width":350,"height":200,"srcset":"https:\/\/i0.wp.com\/gersonguelmann.com.br\/blog\/wp-content\/uploads\/2018\/04\/photo-1516849677043-ef67c9557e16.jpg?fit=1050%2C700&ssl=1&resize=350%2C200 1x, https:\/\/i0.wp.com\/gersonguelmann.com.br\/blog\/wp-content\/uploads\/2018\/04\/photo-1516849677043-ef67c9557e16.jpg?fit=1050%2C700&ssl=1&resize=525%2C300 1.5x, https:\/\/i0.wp.com\/gersonguelmann.com.br\/blog\/wp-content\/uploads\/2018\/04\/photo-1516849677043-ef67c9557e16.jpg?fit=1050%2C700&ssl=1&resize=700%2C400 2x, https:\/\/i0.wp.com\/gersonguelmann.com.br\/blog\/wp-content\/uploads\/2018\/04\/photo-1516849677043-ef67c9557e16.jpg?fit=1050%2C700&ssl=1&resize=1050%2C600 3x"},"classes":[]},{"id":23667,"url":"https:\/\/gersonguelmann.com.br\/blog\/sexta-do-humor-e-da-cultura-judaica-rachel-vai-se-casar\/","url_meta":{"origin":13211,"position":3},"title":"Sexta do Humor e da Cultura Judaica &#8211; Rachel Vai se Casar!","author":"Gerson Guelmann","date":"8 de novembro de 2024","format":false,"excerpt":"Rachel Vai se Casar! Rachel Broder acordou extremamente feliz naquele que deveria ser o dia mais feliz de sua vida: o casamento. O noivo, Ben Shapiro, era seu amigo desde crian\u00e7a e ambos estudaram juntos at\u00e9 a Universidade. As fam\u00edlias haviam decidido fazer a cerim\u00f4nia na parte da manh\u00e3 e\u2026","rel":"","context":"Em &quot;Sem categoria&quot;","block_context":{"text":"Sem categoria","link":"https:\/\/gersonguelmann.com.br\/blog\/category\/sem-categoria\/"},"img":{"alt_text":"","src":"https:\/\/i0.wp.com\/gersonguelmann.com.br\/blog\/wp-content\/uploads\/2024\/11\/HojePR-16-scaled.jpg?fit=1200%2C800&ssl=1&resize=350%2C200","width":350,"height":200,"srcset":"https:\/\/i0.wp.com\/gersonguelmann.com.br\/blog\/wp-content\/uploads\/2024\/11\/HojePR-16-scaled.jpg?fit=1200%2C800&ssl=1&resize=350%2C200 1x, https:\/\/i0.wp.com\/gersonguelmann.com.br\/blog\/wp-content\/uploads\/2024\/11\/HojePR-16-scaled.jpg?fit=1200%2C800&ssl=1&resize=525%2C300 1.5x, https:\/\/i0.wp.com\/gersonguelmann.com.br\/blog\/wp-content\/uploads\/2024\/11\/HojePR-16-scaled.jpg?fit=1200%2C800&ssl=1&resize=700%2C400 2x, https:\/\/i0.wp.com\/gersonguelmann.com.br\/blog\/wp-content\/uploads\/2024\/11\/HojePR-16-scaled.jpg?fit=1200%2C800&ssl=1&resize=1050%2C600 3x"},"classes":[]},{"id":1884,"url":"https:\/\/gersonguelmann.com.br\/blog\/para-rosane-cardoso\/","url_meta":{"origin":13211,"position":4},"title":"Para a Rosane Cardoso","author":"Gerson Guelmann","date":"20 de setembro de 2017","format":false,"excerpt":"No alvorecer do ano 5.778 e no Dia do Ga\u00facho, para a Rosane Cardoso\u00a0que pegou pela frente uma tarefa dif\u00edcil e mesmo assim, ano ap\u00f3s ano, desde 5.762, n\u00e3o desiste de tentar fazer de mim um ser humano melhor. Shan\u00e1 Tov\u00e1 Umetuk\u00e1 - que tenhamos um ano novo doce e\u2026","rel":"","context":"Em &quot;Sem categoria&quot;","block_context":{"text":"Sem categoria","link":"https:\/\/gersonguelmann.com.br\/blog\/category\/sem-categoria\/"},"img":{"alt_text":"","src":"https:\/\/i0.wp.com\/gersonguelmann.com.br\/blog\/wp-content\/uploads\/2017\/09\/Preta.jpg?fit=750%2C500&ssl=1&resize=350%2C200","width":350,"height":200,"srcset":"https:\/\/i0.wp.com\/gersonguelmann.com.br\/blog\/wp-content\/uploads\/2017\/09\/Preta.jpg?fit=750%2C500&ssl=1&resize=350%2C200 1x, https:\/\/i0.wp.com\/gersonguelmann.com.br\/blog\/wp-content\/uploads\/2017\/09\/Preta.jpg?fit=750%2C500&ssl=1&resize=525%2C300 1.5x, https:\/\/i0.wp.com\/gersonguelmann.com.br\/blog\/wp-content\/uploads\/2017\/09\/Preta.jpg?fit=750%2C500&ssl=1&resize=700%2C400 2x"},"classes":[]},{"id":13247,"url":"https:\/\/gersonguelmann.com.br\/blog\/locutor-gaucho-falando-sobre-os-caminhoneiros\/","url_meta":{"origin":13211,"position":5},"title":"Locutor Ga\u00facho Falando Sobre os Caminhoneiros","author":"Gerson Guelmann","date":"24 de maio de 2018","format":false,"excerpt":"Recebi este \u00e1udio hoje cedo. \u00c9 da transmiss\u00e3o de programa de ontem da R\u00e1dio Noroeste de Santa Rosa\/RS, e a voz \u00e9 do locutor Jairo Madril, que faz o Jornal Noroeste naquela emissora, todas as manh\u00e3s. O Rio Grande do Sul \u00e9 indiscutivelmente um estado que se destaca quando o\u2026","rel":"","context":"Em &quot;Sem categoria&quot;","block_context":{"text":"Sem categoria","link":"https:\/\/gersonguelmann.com.br\/blog\/category\/sem-categoria\/"},"img":{"alt_text":"","src":"https:\/\/i0.wp.com\/gersonguelmann.com.br\/blog\/wp-content\/uploads\/2018\/05\/greve.jpg?fit=1200%2C720&ssl=1&resize=350%2C200","width":350,"height":200,"srcset":"https:\/\/i0.wp.com\/gersonguelmann.com.br\/blog\/wp-content\/uploads\/2018\/05\/greve.jpg?fit=1200%2C720&ssl=1&resize=350%2C200 1x, https:\/\/i0.wp.com\/gersonguelmann.com.br\/blog\/wp-content\/uploads\/2018\/05\/greve.jpg?fit=1200%2C720&ssl=1&resize=525%2C300 1.5x, https:\/\/i0.wp.com\/gersonguelmann.com.br\/blog\/wp-content\/uploads\/2018\/05\/greve.jpg?fit=1200%2C720&ssl=1&resize=700%2C400 2x, https:\/\/i0.wp.com\/gersonguelmann.com.br\/blog\/wp-content\/uploads\/2018\/05\/greve.jpg?fit=1200%2C720&ssl=1&resize=1050%2C600 3x"},"classes":[]}],"jetpack_sharing_enabled":true,"post_mailing_queue_ids":[],"_links":{"self":[{"href":"https:\/\/gersonguelmann.com.br\/blog\/wp-json\/wp\/v2\/posts\/13211","targetHints":{"allow":["GET"]}}],"collection":[{"href":"https:\/\/gersonguelmann.com.br\/blog\/wp-json\/wp\/v2\/posts"}],"about":[{"href":"https:\/\/gersonguelmann.com.br\/blog\/wp-json\/wp\/v2\/types\/post"}],"author":[{"embeddable":true,"href":"https:\/\/gersonguelmann.com.br\/blog\/wp-json\/wp\/v2\/users\/5"}],"replies":[{"embeddable":true,"href":"https:\/\/gersonguelmann.com.br\/blog\/wp-json\/wp\/v2\/comments?post=13211"}],"version-history":[{"count":0,"href":"https:\/\/gersonguelmann.com.br\/blog\/wp-json\/wp\/v2\/posts\/13211\/revisions"}],"wp:featuredmedia":[{"embeddable":true,"href":"https:\/\/gersonguelmann.com.br\/blog\/wp-json\/wp\/v2\/media\/13212"}],"wp:attachment":[{"href":"https:\/\/gersonguelmann.com.br\/blog\/wp-json\/wp\/v2\/media?parent=13211"}],"wp:term":[{"taxonomy":"category","embeddable":true,"href":"https:\/\/gersonguelmann.com.br\/blog\/wp-json\/wp\/v2\/categories?post=13211"},{"taxonomy":"post_tag","embeddable":true,"href":"https:\/\/gersonguelmann.com.br\/blog\/wp-json\/wp\/v2\/tags?post=13211"}],"curies":[{"name":"wp","href":"https:\/\/api.w.org\/{rel}","templated":true}]}}