    {"id":13227,"date":"2018-05-23T23:05:59","date_gmt":"2018-05-24T02:05:59","guid":{"rendered":"https:\/\/gersonguelmann.com.br\/blog\/?p=13227"},"modified":"2018-05-23T23:11:52","modified_gmt":"2018-05-24T02:11:52","slug":"teste-social-como-pessoas-reagem-ao-assedio-infantil","status":"publish","type":"post","link":"https:\/\/gersonguelmann.com.br\/blog\/teste-social-como-pessoas-reagem-ao-assedio-infantil\/","title":{"rendered":"Teste Social: Como Pessoas Reagem ao Ass\u00e9dio Infantil"},"content":{"rendered":"<p style=\"text-align: center;\"><img data-recalc-dims=\"1\" fetchpriority=\"high\" decoding=\"async\" data-attachment-id=\"13228\" data-permalink=\"https:\/\/gersonguelmann.com.br\/blog\/teste-social-como-pessoas-reagem-ao-assedio-infantil\/abuso-2\/\" data-orig-file=\"https:\/\/i0.wp.com\/gersonguelmann.com.br\/blog\/wp-content\/uploads\/2018\/05\/Abuso-1.jpeg?fit=1880%2C1255&amp;ssl=1\" data-orig-size=\"1880,1255\" data-comments-opened=\"1\" data-image-meta=\"{&quot;aperture&quot;:&quot;0&quot;,&quot;credit&quot;:&quot;&quot;,&quot;camera&quot;:&quot;&quot;,&quot;caption&quot;:&quot;&quot;,&quot;created_timestamp&quot;:&quot;0&quot;,&quot;copyright&quot;:&quot;&quot;,&quot;focal_length&quot;:&quot;0&quot;,&quot;iso&quot;:&quot;0&quot;,&quot;shutter_speed&quot;:&quot;0&quot;,&quot;title&quot;:&quot;&quot;,&quot;orientation&quot;:&quot;0&quot;}\" data-image-title=\"Abuso\" data-image-description=\"\" data-image-caption=\"\" data-medium-file=\"https:\/\/i0.wp.com\/gersonguelmann.com.br\/blog\/wp-content\/uploads\/2018\/05\/Abuso-1.jpeg?fit=300%2C200&amp;ssl=1\" data-large-file=\"https:\/\/i0.wp.com\/gersonguelmann.com.br\/blog\/wp-content\/uploads\/2018\/05\/Abuso-1.jpeg?fit=640%2C428&amp;ssl=1\" class=\"alignnone size-medium wp-image-13228\" src=\"https:\/\/i0.wp.com\/gersonguelmann.com.br\/blog\/wp-content\/uploads\/2018\/05\/Abuso-1.jpeg?resize=300%2C200&#038;ssl=1\" alt=\"\" width=\"300\" height=\"200\" srcset=\"https:\/\/i0.wp.com\/gersonguelmann.com.br\/blog\/wp-content\/uploads\/2018\/05\/Abuso-1.jpeg?resize=300%2C200&amp;ssl=1 300w, https:\/\/i0.wp.com\/gersonguelmann.com.br\/blog\/wp-content\/uploads\/2018\/05\/Abuso-1.jpeg?resize=768%2C513&amp;ssl=1 768w, https:\/\/i0.wp.com\/gersonguelmann.com.br\/blog\/wp-content\/uploads\/2018\/05\/Abuso-1.jpeg?resize=1024%2C684&amp;ssl=1 1024w, https:\/\/i0.wp.com\/gersonguelmann.com.br\/blog\/wp-content\/uploads\/2018\/05\/Abuso-1.jpeg?resize=750%2C500&amp;ssl=1 750w, https:\/\/i0.wp.com\/gersonguelmann.com.br\/blog\/wp-content\/uploads\/2018\/05\/Abuso-1.jpeg?w=1880&amp;ssl=1 1880w, https:\/\/i0.wp.com\/gersonguelmann.com.br\/blog\/wp-content\/uploads\/2018\/05\/Abuso-1.jpeg?w=1280&amp;ssl=1 1280w\" sizes=\"(max-width: 300px) 100vw, 300px\" \/><\/p>\n<p><span style=\"font-family: georgia, palatino, serif; font-size: 18pt; color: #000000;\">Interessante &#8220;teste social&#8221; feito para avaliar a rea\u00e7\u00e3o das pessoas frente a uma cena de ass\u00e9dio infantil.<\/span><\/p>\n<p><span style=\"font-family: georgia, palatino, serif; font-size: 18pt; color: #000000;\">Vale a pena assistir e refletir sobre o que nos cabe fazer, como adultos, em casos semelhantes.<\/span><\/p>\n<p><span class=\"embed-youtube\" style=\"text-align:center; display: block;\"><iframe class=\"youtube-player\" width=\"640\" height=\"360\" src=\"https:\/\/www.youtube.com\/embed\/cV9hS4jqbiM?version=3&#038;rel=1&#038;showsearch=0&#038;showinfo=1&#038;iv_load_policy=1&#038;fs=1&#038;hl=pt-BR&#038;autohide=2&#038;start=20&#038;wmode=transparent\" allowfullscreen=\"true\" style=\"border:0;\" sandbox=\"allow-scripts allow-same-origin allow-popups allow-presentation allow-popups-to-escape-sandbox\"><\/iframe><\/span><\/p>\n<p>&nbsp;<\/p>\n<p>&nbsp;<\/p>\n","protected":false},"excerpt":{"rendered":"<p>Interessante &#8220;teste social&#8221; feito para avaliar a rea\u00e7\u00e3o das pessoas frente a uma cena de ass\u00e9dio infantil. Vale a pena assistir e refletir sobre o que nos cabe fazer, como adultos, em casos semelhantes. &nbsp; &nbsp;<\/p>\n","protected":false},"author":5,"featured_media":13228,"comment_status":"open","ping_status":"open","sticky":false,"template":"","format":"standard","meta":{"_acf_changed":false,"jetpack_post_was_ever_published":false,"_jetpack_newsletter_access":"","_jetpack_dont_email_post_to_subs":false,"_jetpack_newsletter_tier_id":0,"_jetpack_memberships_contains_paywalled_content":false,"_jetpack_memberships_contains_paid_content":false,"footnotes":"","jetpack_publicize_message":"","jetpack_publicize_feature_enabled":true,"jetpack_social_post_already_shared":true,"jetpack_social_options":{"image_generator_settings":{"template":"highway","default_image_id":0,"font":"","enabled":false},"version":2}},"categories":[1],"tags":[],"class_list":["post-13227","post","type-post","status-publish","format-standard","has-post-thumbnail","hentry","category-sem-categoria"],"acf":[],"yoast_head":"<!-- This site is optimized with the Yoast SEO plugin v27.3 - https:\/\/yoast.com\/product\/yoast-seo-wordpress\/ -->\n<title>Teste Social: Como Pessoas Reagem ao Ass\u00e9dio Infantil | Blog do Guelmann<\/title>\n<meta name=\"robots\" content=\"index, follow, max-snippet:-1, max-image-preview:large, max-video-preview:-1\" \/>\n<link rel=\"canonical\" href=\"https:\/\/gersonguelmann.com.br\/blog\/teste-social-como-pessoas-reagem-ao-assedio-infantil\/\" \/>\n<meta property=\"og:locale\" content=\"pt_BR\" \/>\n<meta property=\"og:type\" content=\"article\" \/>\n<meta property=\"og:title\" content=\"Teste Social: Como Pessoas Reagem ao Ass\u00e9dio Infantil | Blog do Guelmann\" \/>\n<meta property=\"og:description\" content=\"Interessante &#8220;teste social&#8221; feito para avaliar a rea\u00e7\u00e3o das pessoas frente a uma cena de ass\u00e9dio infantil. Vale a pena assistir e refletir sobre o que nos cabe fazer, como adultos, em casos semelhantes. &nbsp; &nbsp;\" \/>\n<meta property=\"og:url\" content=\"https:\/\/gersonguelmann.com.br\/blog\/teste-social-como-pessoas-reagem-ao-assedio-infantil\/\" \/>\n<meta property=\"og:site_name\" content=\"Blog do Guelmann\" \/>\n<meta property=\"article:published_time\" content=\"2018-05-24T02:05:59+00:00\" \/>\n<meta property=\"article:modified_time\" content=\"2018-05-24T02:11:52+00:00\" \/>\n<meta property=\"og:image\" content=\"https:\/\/i0.wp.com\/gersonguelmann.com.br\/blog\/wp-content\/uploads\/2018\/05\/Abuso-1.jpeg?fit=1880%2C1255&ssl=1\" \/>\n\t<meta property=\"og:image:width\" content=\"1880\" \/>\n\t<meta property=\"og:image:height\" content=\"1255\" \/>\n\t<meta property=\"og:image:type\" content=\"image\/jpeg\" \/>\n<meta name=\"author\" content=\"Gerson Guelmann\" \/>\n<meta name=\"twitter:card\" content=\"summary_large_image\" \/>\n<meta name=\"twitter:label1\" content=\"Escrito por\" \/>\n\t<meta name=\"twitter:data1\" content=\"Gerson Guelmann\" \/>\n<script type=\"application\/ld+json\" class=\"yoast-schema-graph\">{\"@context\":\"https:\\\/\\\/schema.org\",\"@graph\":[{\"@type\":\"Article\",\"@id\":\"https:\\\/\\\/gersonguelmann.com.br\\\/blog\\\/teste-social-como-pessoas-reagem-ao-assedio-infantil\\\/#article\",\"isPartOf\":{\"@id\":\"https:\\\/\\\/gersonguelmann.com.br\\\/blog\\\/teste-social-como-pessoas-reagem-ao-assedio-infantil\\\/\"},\"author\":{\"name\":\"Gerson Guelmann\",\"@id\":\"https:\\\/\\\/gersonguelmann.com.br\\\/blog\\\/#\\\/schema\\\/person\\\/87e70e2a786888082f941a482c90569e\"},\"headline\":\"Teste Social: Como Pessoas Reagem ao Ass\u00e9dio Infantil\",\"datePublished\":\"2018-05-24T02:05:59+00:00\",\"dateModified\":\"2018-05-24T02:11:52+00:00\",\"mainEntityOfPage\":{\"@id\":\"https:\\\/\\\/gersonguelmann.com.br\\\/blog\\\/teste-social-como-pessoas-reagem-ao-assedio-infantil\\\/\"},\"wordCount\":59,\"commentCount\":0,\"image\":{\"@id\":\"https:\\\/\\\/gersonguelmann.com.br\\\/blog\\\/teste-social-como-pessoas-reagem-ao-assedio-infantil\\\/#primaryimage\"},\"thumbnailUrl\":\"https:\\\/\\\/i0.wp.com\\\/gersonguelmann.com.br\\\/blog\\\/wp-content\\\/uploads\\\/2018\\\/05\\\/Abuso-1.jpeg?fit=1880%2C1255&ssl=1\",\"inLanguage\":\"pt-BR\",\"potentialAction\":[{\"@type\":\"CommentAction\",\"name\":\"Comment\",\"target\":[\"https:\\\/\\\/gersonguelmann.com.br\\\/blog\\\/teste-social-como-pessoas-reagem-ao-assedio-infantil\\\/#respond\"]}]},{\"@type\":\"WebPage\",\"@id\":\"https:\\\/\\\/gersonguelmann.com.br\\\/blog\\\/teste-social-como-pessoas-reagem-ao-assedio-infantil\\\/\",\"url\":\"https:\\\/\\\/gersonguelmann.com.br\\\/blog\\\/teste-social-como-pessoas-reagem-ao-assedio-infantil\\\/\",\"name\":\"Teste Social: Como Pessoas Reagem ao Ass\u00e9dio Infantil | Blog do Guelmann\",\"isPartOf\":{\"@id\":\"https:\\\/\\\/gersonguelmann.com.br\\\/blog\\\/#website\"},\"primaryImageOfPage\":{\"@id\":\"https:\\\/\\\/gersonguelmann.com.br\\\/blog\\\/teste-social-como-pessoas-reagem-ao-assedio-infantil\\\/#primaryimage\"},\"image\":{\"@id\":\"https:\\\/\\\/gersonguelmann.com.br\\\/blog\\\/teste-social-como-pessoas-reagem-ao-assedio-infantil\\\/#primaryimage\"},\"thumbnailUrl\":\"https:\\\/\\\/i0.wp.com\\\/gersonguelmann.com.br\\\/blog\\\/wp-content\\\/uploads\\\/2018\\\/05\\\/Abuso-1.jpeg?fit=1880%2C1255&ssl=1\",\"datePublished\":\"2018-05-24T02:05:59+00:00\",\"dateModified\":\"2018-05-24T02:11:52+00:00\",\"author\":{\"@id\":\"https:\\\/\\\/gersonguelmann.com.br\\\/blog\\\/#\\\/schema\\\/person\\\/87e70e2a786888082f941a482c90569e\"},\"inLanguage\":\"pt-BR\",\"potentialAction\":[{\"@type\":\"ReadAction\",\"target\":[\"https:\\\/\\\/gersonguelmann.com.br\\\/blog\\\/teste-social-como-pessoas-reagem-ao-assedio-infantil\\\/\"]}]},{\"@type\":\"ImageObject\",\"inLanguage\":\"pt-BR\",\"@id\":\"https:\\\/\\\/gersonguelmann.com.br\\\/blog\\\/teste-social-como-pessoas-reagem-ao-assedio-infantil\\\/#primaryimage\",\"url\":\"https:\\\/\\\/i0.wp.com\\\/gersonguelmann.com.br\\\/blog\\\/wp-content\\\/uploads\\\/2018\\\/05\\\/Abuso-1.jpeg?fit=1880%2C1255&ssl=1\",\"contentUrl\":\"https:\\\/\\\/i0.wp.com\\\/gersonguelmann.com.br\\\/blog\\\/wp-content\\\/uploads\\\/2018\\\/05\\\/Abuso-1.jpeg?fit=1880%2C1255&ssl=1\",\"width\":1880,\"height\":1255},{\"@type\":\"WebSite\",\"@id\":\"https:\\\/\\\/gersonguelmann.com.br\\\/blog\\\/#website\",\"url\":\"https:\\\/\\\/gersonguelmann.com.br\\\/blog\\\/\",\"name\":\"Blog do Guelmann\",\"description\":\"Pitadas da sabedoria e do humor judaicos, assuntos do momento e um pouco das hist\u00f3rias que vivi e testemunhei.\",\"potentialAction\":[{\"@type\":\"SearchAction\",\"target\":{\"@type\":\"EntryPoint\",\"urlTemplate\":\"https:\\\/\\\/gersonguelmann.com.br\\\/blog\\\/?s={search_term_string}\"},\"query-input\":{\"@type\":\"PropertyValueSpecification\",\"valueRequired\":true,\"valueName\":\"search_term_string\"}}],\"inLanguage\":\"pt-BR\"},{\"@type\":\"Person\",\"@id\":\"https:\\\/\\\/gersonguelmann.com.br\\\/blog\\\/#\\\/schema\\\/person\\\/87e70e2a786888082f941a482c90569e\",\"name\":\"Gerson Guelmann\",\"image\":{\"@type\":\"ImageObject\",\"inLanguage\":\"pt-BR\",\"@id\":\"https:\\\/\\\/i0.wp.com\\\/gersonguelmann.com.br\\\/blog\\\/wp-content\\\/uploads\\\/2021\\\/08\\\/BLOG.jpeg?fit=96%2C96&ssl=1\",\"url\":\"https:\\\/\\\/i0.wp.com\\\/gersonguelmann.com.br\\\/blog\\\/wp-content\\\/uploads\\\/2021\\\/08\\\/BLOG.jpeg?fit=96%2C96&ssl=1\",\"contentUrl\":\"https:\\\/\\\/i0.wp.com\\\/gersonguelmann.com.br\\\/blog\\\/wp-content\\\/uploads\\\/2021\\\/08\\\/BLOG.jpeg?fit=96%2C96&ssl=1\",\"caption\":\"Gerson Guelmann\"},\"description\":\"Pitadas da sabedoria e do humor judaicos, assuntos do momento e um pouco das hist\u00f3rias que vivi e testemunhei.\"}]}<\/script>\n<!-- \/ Yoast SEO plugin. -->","yoast_head_json":{"title":"Teste Social: Como Pessoas Reagem ao Ass\u00e9dio Infantil | Blog do Guelmann","robots":{"index":"index","follow":"follow","max-snippet":"max-snippet:-1","max-image-preview":"max-image-preview:large","max-video-preview":"max-video-preview:-1"},"canonical":"https:\/\/gersonguelmann.com.br\/blog\/teste-social-como-pessoas-reagem-ao-assedio-infantil\/","og_locale":"pt_BR","og_type":"article","og_title":"Teste Social: Como Pessoas Reagem ao Ass\u00e9dio Infantil | Blog do Guelmann","og_description":"Interessante &#8220;teste social&#8221; feito para avaliar a rea\u00e7\u00e3o das pessoas frente a uma cena de ass\u00e9dio infantil. Vale a pena assistir e refletir sobre o que nos cabe fazer, como adultos, em casos semelhantes. &nbsp; &nbsp;","og_url":"https:\/\/gersonguelmann.com.br\/blog\/teste-social-como-pessoas-reagem-ao-assedio-infantil\/","og_site_name":"Blog do Guelmann","article_published_time":"2018-05-24T02:05:59+00:00","article_modified_time":"2018-05-24T02:11:52+00:00","og_image":[{"width":1880,"height":1255,"url":"https:\/\/i0.wp.com\/gersonguelmann.com.br\/blog\/wp-content\/uploads\/2018\/05\/Abuso-1.jpeg?fit=1880%2C1255&ssl=1","type":"image\/jpeg"}],"author":"Gerson Guelmann","twitter_card":"summary_large_image","twitter_misc":{"Escrito por":"Gerson Guelmann"},"schema":{"@context":"https:\/\/schema.org","@graph":[{"@type":"Article","@id":"https:\/\/gersonguelmann.com.br\/blog\/teste-social-como-pessoas-reagem-ao-assedio-infantil\/#article","isPartOf":{"@id":"https:\/\/gersonguelmann.com.br\/blog\/teste-social-como-pessoas-reagem-ao-assedio-infantil\/"},"author":{"name":"Gerson Guelmann","@id":"https:\/\/gersonguelmann.com.br\/blog\/#\/schema\/person\/87e70e2a786888082f941a482c90569e"},"headline":"Teste Social: Como Pessoas Reagem ao Ass\u00e9dio Infantil","datePublished":"2018-05-24T02:05:59+00:00","dateModified":"2018-05-24T02:11:52+00:00","mainEntityOfPage":{"@id":"https:\/\/gersonguelmann.com.br\/blog\/teste-social-como-pessoas-reagem-ao-assedio-infantil\/"},"wordCount":59,"commentCount":0,"image":{"@id":"https:\/\/gersonguelmann.com.br\/blog\/teste-social-como-pessoas-reagem-ao-assedio-infantil\/#primaryimage"},"thumbnailUrl":"https:\/\/i0.wp.com\/gersonguelmann.com.br\/blog\/wp-content\/uploads\/2018\/05\/Abuso-1.jpeg?fit=1880%2C1255&ssl=1","inLanguage":"pt-BR","potentialAction":[{"@type":"CommentAction","name":"Comment","target":["https:\/\/gersonguelmann.com.br\/blog\/teste-social-como-pessoas-reagem-ao-assedio-infantil\/#respond"]}]},{"@type":"WebPage","@id":"https:\/\/gersonguelmann.com.br\/blog\/teste-social-como-pessoas-reagem-ao-assedio-infantil\/","url":"https:\/\/gersonguelmann.com.br\/blog\/teste-social-como-pessoas-reagem-ao-assedio-infantil\/","name":"Teste Social: Como Pessoas Reagem ao Ass\u00e9dio Infantil | Blog do Guelmann","isPartOf":{"@id":"https:\/\/gersonguelmann.com.br\/blog\/#website"},"primaryImageOfPage":{"@id":"https:\/\/gersonguelmann.com.br\/blog\/teste-social-como-pessoas-reagem-ao-assedio-infantil\/#primaryimage"},"image":{"@id":"https:\/\/gersonguelmann.com.br\/blog\/teste-social-como-pessoas-reagem-ao-assedio-infantil\/#primaryimage"},"thumbnailUrl":"https:\/\/i0.wp.com\/gersonguelmann.com.br\/blog\/wp-content\/uploads\/2018\/05\/Abuso-1.jpeg?fit=1880%2C1255&ssl=1","datePublished":"2018-05-24T02:05:59+00:00","dateModified":"2018-05-24T02:11:52+00:00","author":{"@id":"https:\/\/gersonguelmann.com.br\/blog\/#\/schema\/person\/87e70e2a786888082f941a482c90569e"},"inLanguage":"pt-BR","potentialAction":[{"@type":"ReadAction","target":["https:\/\/gersonguelmann.com.br\/blog\/teste-social-como-pessoas-reagem-ao-assedio-infantil\/"]}]},{"@type":"ImageObject","inLanguage":"pt-BR","@id":"https:\/\/gersonguelmann.com.br\/blog\/teste-social-como-pessoas-reagem-ao-assedio-infantil\/#primaryimage","url":"https:\/\/i0.wp.com\/gersonguelmann.com.br\/blog\/wp-content\/uploads\/2018\/05\/Abuso-1.jpeg?fit=1880%2C1255&ssl=1","contentUrl":"https:\/\/i0.wp.com\/gersonguelmann.com.br\/blog\/wp-content\/uploads\/2018\/05\/Abuso-1.jpeg?fit=1880%2C1255&ssl=1","width":1880,"height":1255},{"@type":"WebSite","@id":"https:\/\/gersonguelmann.com.br\/blog\/#website","url":"https:\/\/gersonguelmann.com.br\/blog\/","name":"Blog do Guelmann","description":"Pitadas da sabedoria e do humor judaicos, assuntos do momento e um pouco das hist\u00f3rias que vivi e testemunhei.","potentialAction":[{"@type":"SearchAction","target":{"@type":"EntryPoint","urlTemplate":"https:\/\/gersonguelmann.com.br\/blog\/?s={search_term_string}"},"query-input":{"@type":"PropertyValueSpecification","valueRequired":true,"valueName":"search_term_string"}}],"inLanguage":"pt-BR"},{"@type":"Person","@id":"https:\/\/gersonguelmann.com.br\/blog\/#\/schema\/person\/87e70e2a786888082f941a482c90569e","name":"Gerson Guelmann","image":{"@type":"ImageObject","inLanguage":"pt-BR","@id":"https:\/\/i0.wp.com\/gersonguelmann.com.br\/blog\/wp-content\/uploads\/2021\/08\/BLOG.jpeg?fit=96%2C96&ssl=1","url":"https:\/\/i0.wp.com\/gersonguelmann.com.br\/blog\/wp-content\/uploads\/2021\/08\/BLOG.jpeg?fit=96%2C96&ssl=1","contentUrl":"https:\/\/i0.wp.com\/gersonguelmann.com.br\/blog\/wp-content\/uploads\/2021\/08\/BLOG.jpeg?fit=96%2C96&ssl=1","caption":"Gerson Guelmann"},"description":"Pitadas da sabedoria e do humor judaicos, assuntos do momento e um pouco das hist\u00f3rias que vivi e testemunhei."}]}},"views":39,"jetpack_publicize_connections":[],"jetpack_featured_media_url":"https:\/\/i0.wp.com\/gersonguelmann.com.br\/blog\/wp-content\/uploads\/2018\/05\/Abuso-1.jpeg?fit=1880%2C1255&ssl=1","jetpack_shortlink":"https:\/\/wp.me\/p96e7O-3rl","jetpack-related-posts":[{"id":3382,"url":"https:\/\/gersonguelmann.com.br\/blog\/ser-omisso-nao-salva-as-pessoas\/","url_meta":{"origin":13227,"position":0},"title":"Ser Omisso N\u00e3o Salva As Pessoas","author":"Gerson Guelmann","date":"23 de outubro de 2017","format":false,"excerpt":"Not\u00edcia maravilhosa: duas Curitibanas,\u00a0Lara Prado e\u00a0Eduarda Rossi, de 13 e 14 anos\u00a0respectivamente, alunas do\u00a0 9\u00b0 ano do ensino fundamental do Col\u00e9gio Positivo,\u00a0 criaram um aplicativo para celular para ajudar mulheres em casos de ass\u00e9dio sexual. As meninas batizaram o aplicativo com os nomes de \"SOS People\" e \"Ser Omisso n\u00e3o\u2026","rel":"","context":"Em &quot;Sem categoria&quot;","block_context":{"text":"Sem categoria","link":"https:\/\/gersonguelmann.com.br\/blog\/category\/sem-categoria\/"},"img":{"alt_text":"","src":"https:\/\/i0.wp.com\/gersonguelmann.com.br\/blog\/wp-content\/uploads\/2017\/10\/Ass%C3%A9dio-Sexual.jpg?fit=640%2C427&ssl=1&resize=350%2C200","width":350,"height":200,"srcset":"https:\/\/i0.wp.com\/gersonguelmann.com.br\/blog\/wp-content\/uploads\/2017\/10\/Ass%C3%A9dio-Sexual.jpg?fit=640%2C427&ssl=1&resize=350%2C200 1x, https:\/\/i0.wp.com\/gersonguelmann.com.br\/blog\/wp-content\/uploads\/2017\/10\/Ass%C3%A9dio-Sexual.jpg?fit=640%2C427&ssl=1&resize=525%2C300 1.5x"},"classes":[]},{"id":19728,"url":"https:\/\/gersonguelmann.com.br\/blog\/alguma-duvida-de-que-einstein-tinha-razao\/","url_meta":{"origin":13227,"position":1},"title":"Alguma d\u00favida de que Einstein tinha raz\u00e3o?","author":"Gerson Guelmann","date":"16 de janeiro de 2020","format":false,"excerpt":"De vez em quando lembro aqui a c\u00e9lebre frase de Einstein: - \"Duas coisas s\u00e3o infinitas: o universo e a\u00a0estupidez humana. Mas, em rela\u00e7\u00e3o ao universo, ainda n\u00e3o tenho certeza absoluta...\" Mais uma prova de que o genial f\u00edsico estava correta pode ser conferida na mat\u00e9ria abaixo: Deputado do PSL\u2026","rel":"","context":"Em &quot;Sem categoria&quot;","block_context":{"text":"Sem categoria","link":"https:\/\/gersonguelmann.com.br\/blog\/category\/sem-categoria\/"},"img":{"alt_text":"","src":"https:\/\/i0.wp.com\/gersonguelmann.com.br\/blog\/wp-content\/uploads\/2020\/01\/Est%C3%BApido-1.jpg?resize=350%2C200&ssl=1","width":350,"height":200},"classes":[]},{"id":12829,"url":"https:\/\/gersonguelmann.com.br\/blog\/mandou-65-mil-mensagens-para-a-mesma-pessoa-foi-presa\/","url_meta":{"origin":13227,"position":2},"title":"Mandou 65 Mil Mensagens Para a Mesma Pessoa. Foi Presa.","author":"Gerson Guelmann","date":"11 de maio de 2018","format":false,"excerpt":"Da Isto\u00c9: MUNDO Mulher envia 65 mil mensagens para affair e \u00e9 presa Da Reda\u00e7\u00e3o 11\/05\/18 - 11h36 - Atualizado em 11\/05\/18 - 11h53 Uma mulher foi presa nos Estados Unidos ap\u00f3s enviar cerca de 65 mil mensagens a um homem que conheceu em um site de relacionamentos.\u00a0Segundo reportagem publicada\u2026","rel":"","context":"Em &quot;Sem categoria&quot;","block_context":{"text":"Sem categoria","link":"https:\/\/gersonguelmann.com.br\/blog\/category\/sem-categoria\/"},"img":{"alt_text":"","src":"https:\/\/i0.wp.com\/gersonguelmann.com.br\/blog\/wp-content\/uploads\/2018\/05\/images-4.jpg?resize=350%2C200&ssl=1","width":350,"height":200},"classes":[]},{"id":7077,"url":"https:\/\/gersonguelmann.com.br\/blog\/sinceridade-infantil\/","url_meta":{"origin":13227,"position":3},"title":"Sinceridade Infantil","author":"Gerson Guelmann","date":"15 de janeiro de 2018","format":false,"excerpt":"No torneio infantil de futebol de sal\u00e3o, o rep\u00f3rter foi entrevistar o pequeno jogador do time derrotado. Cuidadoso, como a situa\u00e7\u00e3o exigia, ele tentou mostrar ao menino que no esporte e na vida nem sempre sa\u00edmos vitoriosos, mas o atleta mirim realmente n\u00e3o estava conformado. Assista: https:\/\/youtu.be\/UiVKw4QV4GM","rel":"","context":"Em &quot;Sem categoria&quot;","block_context":{"text":"Sem categoria","link":"https:\/\/gersonguelmann.com.br\/blog\/category\/sem-categoria\/"},"img":{"alt_text":"","src":"https:\/\/i0.wp.com\/gersonguelmann.com.br\/blog\/wp-content\/uploads\/2018\/01\/Crian%C3%A7a.jpeg?fit=940%2C640&ssl=1&resize=350%2C200","width":350,"height":200,"srcset":"https:\/\/i0.wp.com\/gersonguelmann.com.br\/blog\/wp-content\/uploads\/2018\/01\/Crian%C3%A7a.jpeg?fit=940%2C640&ssl=1&resize=350%2C200 1x, https:\/\/i0.wp.com\/gersonguelmann.com.br\/blog\/wp-content\/uploads\/2018\/01\/Crian%C3%A7a.jpeg?fit=940%2C640&ssl=1&resize=525%2C300 1.5x, https:\/\/i0.wp.com\/gersonguelmann.com.br\/blog\/wp-content\/uploads\/2018\/01\/Crian%C3%A7a.jpeg?fit=940%2C640&ssl=1&resize=700%2C400 2x"},"classes":[]},{"id":16035,"url":"https:\/\/gersonguelmann.com.br\/blog\/porque-cantar-o-hino-nacional-nas-escolas\/","url_meta":{"origin":13227,"position":4},"title":"Porque Cantar o Hino Nacional nas Escolas?","author":"Gerson Guelmann","date":"27 de fevereiro de 2019","format":false,"excerpt":"Aproveitando a pol\u00eamica causada pelo atrapalhado Ministro da Educa\u00e7\u00e3o, que poderia ter dado seu recado de forma mais conveniente, compartilho v\u00eddeo sobre um \"Experimento Social\" feito ano passado. A experi\u00eancia foi feita para expor o que a gente chama de \"Patriotismo de Copa do Mundo\".\u00a0 A cidade parece ser S\u00e3o\u2026","rel":"","context":"Em &quot;Sem categoria&quot;","block_context":{"text":"Sem categoria","link":"https:\/\/gersonguelmann.com.br\/blog\/category\/sem-categoria\/"},"img":{"alt_text":"","src":"https:\/\/i0.wp.com\/gersonguelmann.com.br\/blog\/wp-content\/uploads\/2019\/02\/HN.jpg?fit=1200%2C800&ssl=1&resize=350%2C200","width":350,"height":200,"srcset":"https:\/\/i0.wp.com\/gersonguelmann.com.br\/blog\/wp-content\/uploads\/2019\/02\/HN.jpg?fit=1200%2C800&ssl=1&resize=350%2C200 1x, https:\/\/i0.wp.com\/gersonguelmann.com.br\/blog\/wp-content\/uploads\/2019\/02\/HN.jpg?fit=1200%2C800&ssl=1&resize=525%2C300 1.5x, https:\/\/i0.wp.com\/gersonguelmann.com.br\/blog\/wp-content\/uploads\/2019\/02\/HN.jpg?fit=1200%2C800&ssl=1&resize=700%2C400 2x, https:\/\/i0.wp.com\/gersonguelmann.com.br\/blog\/wp-content\/uploads\/2019\/02\/HN.jpg?fit=1200%2C800&ssl=1&resize=1050%2C600 3x"},"classes":[]},{"id":16847,"url":"https:\/\/gersonguelmann.com.br\/blog\/mae-qual-e-a-profissao-dela\/","url_meta":{"origin":13227,"position":5},"title":"M\u00e3e: Qual \u00e9 a Profiss\u00e3o Dela?","author":"Gerson Guelmann","date":"13 de maio de 2024","format":false,"excerpt":"Como ontem festejamos o Dia das M\u00e3es, pesquisei e descobri que assim como no Brasil o 2\u00ba domingo de Maio \u00e9 adotado para a celebra\u00e7\u00e3o em diversos pa\u00edses, ainda que de forma diferente em alguns deles. Segundo se sabe, o Dia das M\u00e3es come\u00e7ou nos Estados Unidos, onde a data\u2026","rel":"","context":"Em &quot;Sem categoria&quot;","block_context":{"text":"Sem categoria","link":"https:\/\/gersonguelmann.com.br\/blog\/category\/sem-categoria\/"},"img":{"alt_text":"","src":"https:\/\/i0.wp.com\/gersonguelmann.com.br\/blog\/wp-content\/uploads\/2024\/05\/HojePR-5-scaled.jpg?fit=1200%2C1200&ssl=1&resize=350%2C200","width":350,"height":200,"srcset":"https:\/\/i0.wp.com\/gersonguelmann.com.br\/blog\/wp-content\/uploads\/2024\/05\/HojePR-5-scaled.jpg?fit=1200%2C1200&ssl=1&resize=350%2C200 1x, https:\/\/i0.wp.com\/gersonguelmann.com.br\/blog\/wp-content\/uploads\/2024\/05\/HojePR-5-scaled.jpg?fit=1200%2C1200&ssl=1&resize=525%2C300 1.5x, https:\/\/i0.wp.com\/gersonguelmann.com.br\/blog\/wp-content\/uploads\/2024\/05\/HojePR-5-scaled.jpg?fit=1200%2C1200&ssl=1&resize=700%2C400 2x, https:\/\/i0.wp.com\/gersonguelmann.com.br\/blog\/wp-content\/uploads\/2024\/05\/HojePR-5-scaled.jpg?fit=1200%2C1200&ssl=1&resize=1050%2C600 3x"},"classes":[]}],"jetpack_sharing_enabled":true,"post_mailing_queue_ids":[],"_links":{"self":[{"href":"https:\/\/gersonguelmann.com.br\/blog\/wp-json\/wp\/v2\/posts\/13227","targetHints":{"allow":["GET"]}}],"collection":[{"href":"https:\/\/gersonguelmann.com.br\/blog\/wp-json\/wp\/v2\/posts"}],"about":[{"href":"https:\/\/gersonguelmann.com.br\/blog\/wp-json\/wp\/v2\/types\/post"}],"author":[{"embeddable":true,"href":"https:\/\/gersonguelmann.com.br\/blog\/wp-json\/wp\/v2\/users\/5"}],"replies":[{"embeddable":true,"href":"https:\/\/gersonguelmann.com.br\/blog\/wp-json\/wp\/v2\/comments?post=13227"}],"version-history":[{"count":0,"href":"https:\/\/gersonguelmann.com.br\/blog\/wp-json\/wp\/v2\/posts\/13227\/revisions"}],"wp:featuredmedia":[{"embeddable":true,"href":"https:\/\/gersonguelmann.com.br\/blog\/wp-json\/wp\/v2\/media\/13228"}],"wp:attachment":[{"href":"https:\/\/gersonguelmann.com.br\/blog\/wp-json\/wp\/v2\/media?parent=13227"}],"wp:term":[{"taxonomy":"category","embeddable":true,"href":"https:\/\/gersonguelmann.com.br\/blog\/wp-json\/wp\/v2\/categories?post=13227"},{"taxonomy":"post_tag","embeddable":true,"href":"https:\/\/gersonguelmann.com.br\/blog\/wp-json\/wp\/v2\/tags?post=13227"}],"curies":[{"name":"wp","href":"https:\/\/api.w.org\/{rel}","templated":true}]}}