    {"id":13231,"date":"2018-05-24T12:05:39","date_gmt":"2018-05-24T15:05:39","guid":{"rendered":"https:\/\/gersonguelmann.com.br\/blog\/?p=13231"},"modified":"2018-05-24T12:05:39","modified_gmt":"2018-05-24T15:05:39","slug":"lula-saira-da-cadeia-dia-5-de-junho-por-poucas-horas","status":"publish","type":"post","link":"https:\/\/gersonguelmann.com.br\/blog\/lula-saira-da-cadeia-dia-5-de-junho-por-poucas-horas\/","title":{"rendered":"Lula Sair\u00e1 da Cadeia Dia 5 de Junho. Por Poucas Horas."},"content":{"rendered":"<p><span style=\"color: #000000; font-family: georgia, palatino, serif; font-size: 18pt;\">Mat\u00e9ria da revista Isto\u00c9:<\/span><\/p>\n<p class=\"tags-materia\"><span style=\"color: #ff0000;\"><strong>BRASIL<\/strong><\/span><\/p>\n<h1><span style=\"color: #000000;\">Lula deixar\u00e1 cela na PF para depor como testemunha de Cabral<\/span><\/h1>\n<p class=\"author\"><span style=\"color: #ff0000;\"><strong>Estad\u00e3o Conte\u00fado<\/strong><\/span><\/p>\n<p><strong><span style=\"color: #000000;\"><time datetime=\"2018-05-23 17:56\">23\/05\/18 &#8211; 17h56 &#8211; Atualizado em 23\/05\/18 &#8211; 18h52<\/time><\/span><\/strong><\/p>\n<p><span style=\"color: #000000; font-size: 14pt;\">Pela primeira vez desde o dia 7 de abril, quando foi preso para cumprir pena na Lava Jato, o ex-presidente Luiz In\u00e1cio Lula da Silva vai deixar a Sala Especial que ocupa no \u00faltimo andar do pr\u00e9dio-sede da Pol\u00edcia Federal em Curitiba. O petista ser\u00e1 levado, sob escolta da PF, \u00e0 Justi\u00e7a Federal na capital paranaense para depor, por videoconfer\u00eancia, como testemunha de defesa de seu antigo aliado, o ex-governador do Rio S\u00e9rgio Cabral (MDB).<\/span><\/p>\n<p><span style=\"color: #000000; font-size: 14pt;\">O depoimento est\u00e1 marcado para 5 de junho, \u00e0s 13h, no \u00e2mbito de den\u00fancia que Cabral responde na Opera\u00e7\u00e3o Unfair Play, que mirou esquema de compra de votos para a escolha do Rio como sede ol\u00edmpica de 2016.<\/span><\/p>\n<p><span style=\"color: #000000; font-size: 14pt;\">De acordo com a den\u00fancia, o ex-governador, o ex-presidente do Comit\u00ea Ol\u00edmpico do Brasil (COB) Arthur Nuzman e o diretor de opera\u00e7\u00f5es e marketing do COB Leonardo Gryner solicitaram diretamente ao empres\u00e1rio Arthur Soares propina de US$ 2 milh\u00f5es para os senegaleses Papa Diack e Lamine Diack. O valor garantiria votos para o Rio.<\/span><\/p>\n<p><span style=\"color: #000000; font-size: 14pt;\">No dia 22, o juiz federal da 7.\u00aa Vara do Rio, Marcelo Bretas, determinou a data do depoimento de Lula. Nesta quarta-feira, 23, chegou \u00e0 Justi\u00e7a Federal do Paran\u00e1 carta precat\u00f3ria com os dados da audi\u00eancia.<\/span><\/p>\n<p><span style=\"color: #000000; font-size: 14pt;\">\u201cDEPRECA a Vossa Excel\u00eancia a INTIMA\u00c7\u00c3O E INQUIRI\u00c7\u00c3O, preferencialmente por videoconfer\u00eancia, de LUIZ IN\u00c1CIO LULA DA SILVA, testemunha de defesa de S\u00e9rgio de Oliveira Cabral Santos Filho, nos autos do processo em ep\u00edgrafe, informando que os IPs deste Ju\u00edzo s\u00e3o 172.31.6.97 (infovia) e 177.223.208.97 (internet)\u201d, diz a carta.<\/span><\/p>\n<p><span style=\"color: #000000; font-family: georgia, palatino, serif; font-size: 18pt;\">A mat\u00e9ria da Isto\u00c9 <span style=\"color: #0000ff;\"><a style=\"color: #0000ff;\" href=\"https:\/\/istoe.com.br\/lula-vai-depor-como-testemunha-de-sergio-cabral\/\"><em><strong>est\u00e1 aqui<\/strong><\/em><\/a><\/span>.<\/span><\/p>\n<p><span style=\"color: #000000;\"><img data-recalc-dims=\"1\" fetchpriority=\"high\" decoding=\"async\" data-attachment-id=\"13232\" data-permalink=\"https:\/\/gersonguelmann.com.br\/blog\/lula-saira-da-cadeia-dia-5-de-junho-por-poucas-horas\/lula4\/\" data-orig-file=\"https:\/\/i0.wp.com\/gersonguelmann.com.br\/blog\/wp-content\/uploads\/2018\/05\/lula4.jpg?fit=984%2C657&amp;ssl=1\" data-orig-size=\"984,657\" data-comments-opened=\"1\" data-image-meta=\"{&quot;aperture&quot;:&quot;0&quot;,&quot;credit&quot;:&quot;&quot;,&quot;camera&quot;:&quot;&quot;,&quot;caption&quot;:&quot;&quot;,&quot;created_timestamp&quot;:&quot;0&quot;,&quot;copyright&quot;:&quot;&quot;,&quot;focal_length&quot;:&quot;0&quot;,&quot;iso&quot;:&quot;0&quot;,&quot;shutter_speed&quot;:&quot;0&quot;,&quot;title&quot;:&quot;&quot;,&quot;orientation&quot;:&quot;0&quot;}\" data-image-title=\"lula4\" data-image-description=\"\" data-image-caption=\"\" data-medium-file=\"https:\/\/i0.wp.com\/gersonguelmann.com.br\/blog\/wp-content\/uploads\/2018\/05\/lula4.jpg?fit=300%2C200&amp;ssl=1\" data-large-file=\"https:\/\/i0.wp.com\/gersonguelmann.com.br\/blog\/wp-content\/uploads\/2018\/05\/lula4.jpg?fit=640%2C427&amp;ssl=1\" class=\"size-medium wp-image-13232 aligncenter\" src=\"https:\/\/i0.wp.com\/gersonguelmann.com.br\/blog\/wp-content\/uploads\/2018\/05\/lula4.jpg?resize=300%2C200&#038;ssl=1\" alt=\"\" width=\"300\" height=\"200\" srcset=\"https:\/\/i0.wp.com\/gersonguelmann.com.br\/blog\/wp-content\/uploads\/2018\/05\/lula4.jpg?resize=300%2C200&amp;ssl=1 300w, https:\/\/i0.wp.com\/gersonguelmann.com.br\/blog\/wp-content\/uploads\/2018\/05\/lula4.jpg?resize=768%2C513&amp;ssl=1 768w, https:\/\/i0.wp.com\/gersonguelmann.com.br\/blog\/wp-content\/uploads\/2018\/05\/lula4.jpg?resize=750%2C500&amp;ssl=1 750w, https:\/\/i0.wp.com\/gersonguelmann.com.br\/blog\/wp-content\/uploads\/2018\/05\/lula4.jpg?w=984&amp;ssl=1 984w\" sizes=\"(max-width: 300px) 100vw, 300px\" \/><\/span><\/p>\n","protected":false},"excerpt":{"rendered":"<p>Mat\u00e9ria da revista Isto\u00c9: BRASIL Lula deixar\u00e1 cela na PF para depor como testemunha de Cabral Estad\u00e3o Conte\u00fado 23\/05\/18 &#8211; 17h56 &#8211; Atualizado em 23\/05\/18 &#8211; 18h52 Pela primeira vez desde o dia 7 de abril, quando foi preso para cumprir pena na Lava Jato, o ex-presidente Luiz In\u00e1cio Lula da Silva vai deixar a [&hellip;]<\/p>\n","protected":false},"author":5,"featured_media":13232,"comment_status":"open","ping_status":"open","sticky":false,"template":"","format":"standard","meta":{"_acf_changed":false,"jetpack_post_was_ever_published":false,"_jetpack_newsletter_access":"","_jetpack_dont_email_post_to_subs":false,"_jetpack_newsletter_tier_id":0,"_jetpack_memberships_contains_paywalled_content":false,"_jetpack_memberships_contains_paid_content":false,"footnotes":"","jetpack_publicize_message":"","jetpack_publicize_feature_enabled":true,"jetpack_social_post_already_shared":true,"jetpack_social_options":{"image_generator_settings":{"template":"highway","default_image_id":0,"font":"","enabled":false},"version":2}},"categories":[1],"tags":[],"class_list":["post-13231","post","type-post","status-publish","format-standard","has-post-thumbnail","hentry","category-sem-categoria"],"acf":[],"yoast_head":"<!-- This site is optimized with the Yoast SEO plugin v27.3 - https:\/\/yoast.com\/product\/yoast-seo-wordpress\/ -->\n<title>Lula Sair\u00e1 da Cadeia Dia 5 de Junho. Por Poucas Horas. | Blog do Guelmann<\/title>\n<meta name=\"robots\" content=\"index, follow, max-snippet:-1, max-image-preview:large, max-video-preview:-1\" \/>\n<link rel=\"canonical\" href=\"https:\/\/gersonguelmann.com.br\/blog\/lula-saira-da-cadeia-dia-5-de-junho-por-poucas-horas\/\" \/>\n<meta property=\"og:locale\" content=\"pt_BR\" \/>\n<meta property=\"og:type\" content=\"article\" \/>\n<meta property=\"og:title\" content=\"Lula Sair\u00e1 da Cadeia Dia 5 de Junho. Por Poucas Horas. | Blog do Guelmann\" \/>\n<meta property=\"og:description\" content=\"Mat\u00e9ria da revista Isto\u00c9: BRASIL Lula deixar\u00e1 cela na PF para depor como testemunha de Cabral Estad\u00e3o Conte\u00fado 23\/05\/18 &#8211; 17h56 &#8211; Atualizado em 23\/05\/18 &#8211; 18h52 Pela primeira vez desde o dia 7 de abril, quando foi preso para cumprir pena na Lava Jato, o ex-presidente Luiz In\u00e1cio Lula da Silva vai deixar a [&hellip;]\" \/>\n<meta property=\"og:url\" content=\"https:\/\/gersonguelmann.com.br\/blog\/lula-saira-da-cadeia-dia-5-de-junho-por-poucas-horas\/\" \/>\n<meta property=\"og:site_name\" content=\"Blog do Guelmann\" \/>\n<meta property=\"article:published_time\" content=\"2018-05-24T15:05:39+00:00\" \/>\n<meta property=\"og:image\" content=\"https:\/\/i0.wp.com\/gersonguelmann.com.br\/blog\/wp-content\/uploads\/2018\/05\/lula4.jpg?fit=984%2C657&ssl=1\" \/>\n\t<meta property=\"og:image:width\" content=\"984\" \/>\n\t<meta property=\"og:image:height\" content=\"657\" \/>\n\t<meta property=\"og:image:type\" content=\"image\/jpeg\" \/>\n<meta name=\"author\" content=\"Gerson Guelmann\" \/>\n<meta name=\"twitter:card\" content=\"summary_large_image\" \/>\n<meta name=\"twitter:label1\" content=\"Escrito por\" \/>\n\t<meta name=\"twitter:data1\" content=\"Gerson Guelmann\" \/>\n\t<meta name=\"twitter:label2\" content=\"Est. tempo de leitura\" \/>\n\t<meta name=\"twitter:data2\" content=\"2 minutos\" \/>\n<script type=\"application\/ld+json\" class=\"yoast-schema-graph\">{\"@context\":\"https:\\\/\\\/schema.org\",\"@graph\":[{\"@type\":\"Article\",\"@id\":\"https:\\\/\\\/gersonguelmann.com.br\\\/blog\\\/lula-saira-da-cadeia-dia-5-de-junho-por-poucas-horas\\\/#article\",\"isPartOf\":{\"@id\":\"https:\\\/\\\/gersonguelmann.com.br\\\/blog\\\/lula-saira-da-cadeia-dia-5-de-junho-por-poucas-horas\\\/\"},\"author\":{\"name\":\"Gerson Guelmann\",\"@id\":\"https:\\\/\\\/gersonguelmann.com.br\\\/blog\\\/#\\\/schema\\\/person\\\/87e70e2a786888082f941a482c90569e\"},\"headline\":\"Lula Sair\u00e1 da Cadeia Dia 5 de Junho. Por Poucas Horas.\",\"datePublished\":\"2018-05-24T15:05:39+00:00\",\"mainEntityOfPage\":{\"@id\":\"https:\\\/\\\/gersonguelmann.com.br\\\/blog\\\/lula-saira-da-cadeia-dia-5-de-junho-por-poucas-horas\\\/\"},\"wordCount\":311,\"commentCount\":1,\"image\":{\"@id\":\"https:\\\/\\\/gersonguelmann.com.br\\\/blog\\\/lula-saira-da-cadeia-dia-5-de-junho-por-poucas-horas\\\/#primaryimage\"},\"thumbnailUrl\":\"https:\\\/\\\/i0.wp.com\\\/gersonguelmann.com.br\\\/blog\\\/wp-content\\\/uploads\\\/2018\\\/05\\\/lula4.jpg?fit=984%2C657&ssl=1\",\"inLanguage\":\"pt-BR\",\"potentialAction\":[{\"@type\":\"CommentAction\",\"name\":\"Comment\",\"target\":[\"https:\\\/\\\/gersonguelmann.com.br\\\/blog\\\/lula-saira-da-cadeia-dia-5-de-junho-por-poucas-horas\\\/#respond\"]}]},{\"@type\":\"WebPage\",\"@id\":\"https:\\\/\\\/gersonguelmann.com.br\\\/blog\\\/lula-saira-da-cadeia-dia-5-de-junho-por-poucas-horas\\\/\",\"url\":\"https:\\\/\\\/gersonguelmann.com.br\\\/blog\\\/lula-saira-da-cadeia-dia-5-de-junho-por-poucas-horas\\\/\",\"name\":\"Lula Sair\u00e1 da Cadeia Dia 5 de Junho. Por Poucas Horas. | Blog do Guelmann\",\"isPartOf\":{\"@id\":\"https:\\\/\\\/gersonguelmann.com.br\\\/blog\\\/#website\"},\"primaryImageOfPage\":{\"@id\":\"https:\\\/\\\/gersonguelmann.com.br\\\/blog\\\/lula-saira-da-cadeia-dia-5-de-junho-por-poucas-horas\\\/#primaryimage\"},\"image\":{\"@id\":\"https:\\\/\\\/gersonguelmann.com.br\\\/blog\\\/lula-saira-da-cadeia-dia-5-de-junho-por-poucas-horas\\\/#primaryimage\"},\"thumbnailUrl\":\"https:\\\/\\\/i0.wp.com\\\/gersonguelmann.com.br\\\/blog\\\/wp-content\\\/uploads\\\/2018\\\/05\\\/lula4.jpg?fit=984%2C657&ssl=1\",\"datePublished\":\"2018-05-24T15:05:39+00:00\",\"author\":{\"@id\":\"https:\\\/\\\/gersonguelmann.com.br\\\/blog\\\/#\\\/schema\\\/person\\\/87e70e2a786888082f941a482c90569e\"},\"inLanguage\":\"pt-BR\",\"potentialAction\":[{\"@type\":\"ReadAction\",\"target\":[\"https:\\\/\\\/gersonguelmann.com.br\\\/blog\\\/lula-saira-da-cadeia-dia-5-de-junho-por-poucas-horas\\\/\"]}]},{\"@type\":\"ImageObject\",\"inLanguage\":\"pt-BR\",\"@id\":\"https:\\\/\\\/gersonguelmann.com.br\\\/blog\\\/lula-saira-da-cadeia-dia-5-de-junho-por-poucas-horas\\\/#primaryimage\",\"url\":\"https:\\\/\\\/i0.wp.com\\\/gersonguelmann.com.br\\\/blog\\\/wp-content\\\/uploads\\\/2018\\\/05\\\/lula4.jpg?fit=984%2C657&ssl=1\",\"contentUrl\":\"https:\\\/\\\/i0.wp.com\\\/gersonguelmann.com.br\\\/blog\\\/wp-content\\\/uploads\\\/2018\\\/05\\\/lula4.jpg?fit=984%2C657&ssl=1\",\"width\":984,\"height\":657},{\"@type\":\"WebSite\",\"@id\":\"https:\\\/\\\/gersonguelmann.com.br\\\/blog\\\/#website\",\"url\":\"https:\\\/\\\/gersonguelmann.com.br\\\/blog\\\/\",\"name\":\"Blog do Guelmann\",\"description\":\"Pitadas da sabedoria e do humor judaicos, assuntos do momento e um pouco das hist\u00f3rias que vivi e testemunhei.\",\"potentialAction\":[{\"@type\":\"SearchAction\",\"target\":{\"@type\":\"EntryPoint\",\"urlTemplate\":\"https:\\\/\\\/gersonguelmann.com.br\\\/blog\\\/?s={search_term_string}\"},\"query-input\":{\"@type\":\"PropertyValueSpecification\",\"valueRequired\":true,\"valueName\":\"search_term_string\"}}],\"inLanguage\":\"pt-BR\"},{\"@type\":\"Person\",\"@id\":\"https:\\\/\\\/gersonguelmann.com.br\\\/blog\\\/#\\\/schema\\\/person\\\/87e70e2a786888082f941a482c90569e\",\"name\":\"Gerson Guelmann\",\"image\":{\"@type\":\"ImageObject\",\"inLanguage\":\"pt-BR\",\"@id\":\"https:\\\/\\\/i0.wp.com\\\/gersonguelmann.com.br\\\/blog\\\/wp-content\\\/uploads\\\/2021\\\/08\\\/BLOG.jpeg?fit=96%2C96&ssl=1\",\"url\":\"https:\\\/\\\/i0.wp.com\\\/gersonguelmann.com.br\\\/blog\\\/wp-content\\\/uploads\\\/2021\\\/08\\\/BLOG.jpeg?fit=96%2C96&ssl=1\",\"contentUrl\":\"https:\\\/\\\/i0.wp.com\\\/gersonguelmann.com.br\\\/blog\\\/wp-content\\\/uploads\\\/2021\\\/08\\\/BLOG.jpeg?fit=96%2C96&ssl=1\",\"caption\":\"Gerson Guelmann\"},\"description\":\"Pitadas da sabedoria e do humor judaicos, assuntos do momento e um pouco das hist\u00f3rias que vivi e testemunhei.\"}]}<\/script>\n<!-- \/ Yoast SEO plugin. -->","yoast_head_json":{"title":"Lula Sair\u00e1 da Cadeia Dia 5 de Junho. Por Poucas Horas. | Blog do Guelmann","robots":{"index":"index","follow":"follow","max-snippet":"max-snippet:-1","max-image-preview":"max-image-preview:large","max-video-preview":"max-video-preview:-1"},"canonical":"https:\/\/gersonguelmann.com.br\/blog\/lula-saira-da-cadeia-dia-5-de-junho-por-poucas-horas\/","og_locale":"pt_BR","og_type":"article","og_title":"Lula Sair\u00e1 da Cadeia Dia 5 de Junho. Por Poucas Horas. | Blog do Guelmann","og_description":"Mat\u00e9ria da revista Isto\u00c9: BRASIL Lula deixar\u00e1 cela na PF para depor como testemunha de Cabral Estad\u00e3o Conte\u00fado 23\/05\/18 &#8211; 17h56 &#8211; Atualizado em 23\/05\/18 &#8211; 18h52 Pela primeira vez desde o dia 7 de abril, quando foi preso para cumprir pena na Lava Jato, o ex-presidente Luiz In\u00e1cio Lula da Silva vai deixar a [&hellip;]","og_url":"https:\/\/gersonguelmann.com.br\/blog\/lula-saira-da-cadeia-dia-5-de-junho-por-poucas-horas\/","og_site_name":"Blog do Guelmann","article_published_time":"2018-05-24T15:05:39+00:00","og_image":[{"width":984,"height":657,"url":"https:\/\/i0.wp.com\/gersonguelmann.com.br\/blog\/wp-content\/uploads\/2018\/05\/lula4.jpg?fit=984%2C657&ssl=1","type":"image\/jpeg"}],"author":"Gerson Guelmann","twitter_card":"summary_large_image","twitter_misc":{"Escrito por":"Gerson Guelmann","Est. tempo de leitura":"2 minutos"},"schema":{"@context":"https:\/\/schema.org","@graph":[{"@type":"Article","@id":"https:\/\/gersonguelmann.com.br\/blog\/lula-saira-da-cadeia-dia-5-de-junho-por-poucas-horas\/#article","isPartOf":{"@id":"https:\/\/gersonguelmann.com.br\/blog\/lula-saira-da-cadeia-dia-5-de-junho-por-poucas-horas\/"},"author":{"name":"Gerson Guelmann","@id":"https:\/\/gersonguelmann.com.br\/blog\/#\/schema\/person\/87e70e2a786888082f941a482c90569e"},"headline":"Lula Sair\u00e1 da Cadeia Dia 5 de Junho. Por Poucas Horas.","datePublished":"2018-05-24T15:05:39+00:00","mainEntityOfPage":{"@id":"https:\/\/gersonguelmann.com.br\/blog\/lula-saira-da-cadeia-dia-5-de-junho-por-poucas-horas\/"},"wordCount":311,"commentCount":1,"image":{"@id":"https:\/\/gersonguelmann.com.br\/blog\/lula-saira-da-cadeia-dia-5-de-junho-por-poucas-horas\/#primaryimage"},"thumbnailUrl":"https:\/\/i0.wp.com\/gersonguelmann.com.br\/blog\/wp-content\/uploads\/2018\/05\/lula4.jpg?fit=984%2C657&ssl=1","inLanguage":"pt-BR","potentialAction":[{"@type":"CommentAction","name":"Comment","target":["https:\/\/gersonguelmann.com.br\/blog\/lula-saira-da-cadeia-dia-5-de-junho-por-poucas-horas\/#respond"]}]},{"@type":"WebPage","@id":"https:\/\/gersonguelmann.com.br\/blog\/lula-saira-da-cadeia-dia-5-de-junho-por-poucas-horas\/","url":"https:\/\/gersonguelmann.com.br\/blog\/lula-saira-da-cadeia-dia-5-de-junho-por-poucas-horas\/","name":"Lula Sair\u00e1 da Cadeia Dia 5 de Junho. Por Poucas Horas. | Blog do Guelmann","isPartOf":{"@id":"https:\/\/gersonguelmann.com.br\/blog\/#website"},"primaryImageOfPage":{"@id":"https:\/\/gersonguelmann.com.br\/blog\/lula-saira-da-cadeia-dia-5-de-junho-por-poucas-horas\/#primaryimage"},"image":{"@id":"https:\/\/gersonguelmann.com.br\/blog\/lula-saira-da-cadeia-dia-5-de-junho-por-poucas-horas\/#primaryimage"},"thumbnailUrl":"https:\/\/i0.wp.com\/gersonguelmann.com.br\/blog\/wp-content\/uploads\/2018\/05\/lula4.jpg?fit=984%2C657&ssl=1","datePublished":"2018-05-24T15:05:39+00:00","author":{"@id":"https:\/\/gersonguelmann.com.br\/blog\/#\/schema\/person\/87e70e2a786888082f941a482c90569e"},"inLanguage":"pt-BR","potentialAction":[{"@type":"ReadAction","target":["https:\/\/gersonguelmann.com.br\/blog\/lula-saira-da-cadeia-dia-5-de-junho-por-poucas-horas\/"]}]},{"@type":"ImageObject","inLanguage":"pt-BR","@id":"https:\/\/gersonguelmann.com.br\/blog\/lula-saira-da-cadeia-dia-5-de-junho-por-poucas-horas\/#primaryimage","url":"https:\/\/i0.wp.com\/gersonguelmann.com.br\/blog\/wp-content\/uploads\/2018\/05\/lula4.jpg?fit=984%2C657&ssl=1","contentUrl":"https:\/\/i0.wp.com\/gersonguelmann.com.br\/blog\/wp-content\/uploads\/2018\/05\/lula4.jpg?fit=984%2C657&ssl=1","width":984,"height":657},{"@type":"WebSite","@id":"https:\/\/gersonguelmann.com.br\/blog\/#website","url":"https:\/\/gersonguelmann.com.br\/blog\/","name":"Blog do Guelmann","description":"Pitadas da sabedoria e do humor judaicos, assuntos do momento e um pouco das hist\u00f3rias que vivi e testemunhei.","potentialAction":[{"@type":"SearchAction","target":{"@type":"EntryPoint","urlTemplate":"https:\/\/gersonguelmann.com.br\/blog\/?s={search_term_string}"},"query-input":{"@type":"PropertyValueSpecification","valueRequired":true,"valueName":"search_term_string"}}],"inLanguage":"pt-BR"},{"@type":"Person","@id":"https:\/\/gersonguelmann.com.br\/blog\/#\/schema\/person\/87e70e2a786888082f941a482c90569e","name":"Gerson Guelmann","image":{"@type":"ImageObject","inLanguage":"pt-BR","@id":"https:\/\/i0.wp.com\/gersonguelmann.com.br\/blog\/wp-content\/uploads\/2021\/08\/BLOG.jpeg?fit=96%2C96&ssl=1","url":"https:\/\/i0.wp.com\/gersonguelmann.com.br\/blog\/wp-content\/uploads\/2021\/08\/BLOG.jpeg?fit=96%2C96&ssl=1","contentUrl":"https:\/\/i0.wp.com\/gersonguelmann.com.br\/blog\/wp-content\/uploads\/2021\/08\/BLOG.jpeg?fit=96%2C96&ssl=1","caption":"Gerson Guelmann"},"description":"Pitadas da sabedoria e do humor judaicos, assuntos do momento e um pouco das hist\u00f3rias que vivi e testemunhei."}]}},"views":24,"jetpack_publicize_connections":[],"jetpack_featured_media_url":"https:\/\/i0.wp.com\/gersonguelmann.com.br\/blog\/wp-content\/uploads\/2018\/05\/lula4.jpg?fit=984%2C657&ssl=1","jetpack_shortlink":"https:\/\/wp.me\/p96e7O-3rp","jetpack-related-posts":[{"id":13317,"url":"https:\/\/gersonguelmann.com.br\/blog\/delacao-de-palocci-afundara-o-pt\/","url_meta":{"origin":13231,"position":0},"title":"Dela\u00e7\u00e3o de Palocci Afundar\u00e1 o PT","author":"Gerson Guelmann","date":"25 de maio de 2018","format":false,"excerpt":"Da Isto\u00c9, publicada h\u00e1 pouco: BRASIL Palocci afunda o PT Revela\u00e7\u00f5es do ex-ministro Ant\u00f4nio Palocci, feitas em sua dela\u00e7\u00e3o premiada, explodem uma nova bomba no PT e aniquilam os ex-presidentes Lula e Dilma, al\u00e9m de Gleisi Hoffmann. Ele revela em detalhes a trilha do dinheiro da propina at\u00e9 os petistas\u2026","rel":"","context":"Em &quot;Sem categoria&quot;","block_context":{"text":"Sem categoria","link":"https:\/\/gersonguelmann.com.br\/blog\/category\/sem-categoria\/"},"img":{"alt_text":"","src":"https:\/\/i0.wp.com\/gersonguelmann.com.br\/blog\/wp-content\/uploads\/2018\/05\/1-14.jpg?fit=418%2C235&ssl=1&resize=350%2C200","width":350,"height":200},"classes":[]},{"id":13869,"url":"https:\/\/gersonguelmann.com.br\/blog\/testemunha-de-lula-levou-um-pito-de-moro\/","url_meta":{"origin":13231,"position":1},"title":"Testemunha de Lula Levou Um Pito de Moro","author":"Gerson Guelmann","date":"11 de junho de 2018","format":false,"excerpt":"Foto: veja.abril.com.br Arrolado como testemunha de defesa de Lula, Fernando Morais, bi\u00f3grafo do ex-presidente, foi ouvido hoje pelo juiz federal Sergio Moro. A certa altura do depoimento o juiz interrompeu a fala do escritor por considerar que ele estava fazendo propaganda de Lula. Leia mat\u00e9ria publicada no G1 Paran\u00e1: 'O\u2026","rel":"","context":"Em &quot;Sem categoria&quot;","block_context":{"text":"Sem categoria","link":"https:\/\/gersonguelmann.com.br\/blog\/category\/sem-categoria\/"},"img":{"alt_text":"","src":"https:\/\/i0.wp.com\/gersonguelmann.com.br\/blog\/wp-content\/uploads\/2018\/06\/lula-fernando-morais-300x224.jpg?resize=350%2C200&ssl=1","width":350,"height":200},"classes":[]},{"id":11285,"url":"https:\/\/gersonguelmann.com.br\/blog\/em-curitiba-pf-prepara-cela-para-receber-lula\/","url_meta":{"origin":13231,"position":2},"title":"Em Curitiba PF Prepara Cela Para Receber Lula","author":"Gerson Guelmann","date":"5 de abril de 2018","format":false,"excerpt":"PF prepara cela exclusiva para receber Lula em Curitiba Ideia \u00e9 manter ex-presidente afastado de outros presos, como Palocci e L\u00e9o Pinheiro BRAS\u00cdLIA \u2014 Com a chance do ex-presidente Luiz In\u00e1cio\u00a0Lula\u00a0da Silva ser preso potencializada pela decis\u00e3o do Supremo Tribunal Federal (STF), que negou o\u00a0habeas corpus\u00a0preventivo pedido pela defesa do\u2026","rel":"","context":"Em &quot;Sem categoria&quot;","block_context":{"text":"Sem categoria","link":"https:\/\/gersonguelmann.com.br\/blog\/category\/sem-categoria\/"},"img":{"alt_text":"","src":"https:\/\/i0.wp.com\/gersonguelmann.com.br\/blog\/wp-content\/uploads\/2018\/04\/PF-300x168.jpg?resize=350%2C200&ssl=1","width":350,"height":200},"classes":[]},{"id":12057,"url":"https:\/\/gersonguelmann.com.br\/blog\/pt-quer-lula-em-quartel-do-exercito\/","url_meta":{"origin":13231,"position":3},"title":"PT Quer Lula Em Quartel do Ex\u00e9rcito","author":"Gerson Guelmann","date":"25 de abril de 2018","format":false,"excerpt":"Foto:\u00a0Ant\u00f4nio More \/ Ag\u00eancia de Not\u00edcias Gazeta do Povo Ant\u00f4nio More\/Ag\u00eancia de Not\u00edcias Gazeta do Povo Publiquei dia 11\/4: - \"O Sindicato dos Delegados da Pol\u00edcia Federal pediu a transfer\u00eancia do ex-presidente para um quartel do ex\u00e9rcito. Os Delegados justificam o pedido com a afirma\u00e7\u00e3o de que as atividades regulares\u2026","rel":"","context":"Em &quot;Sem categoria&quot;","block_context":{"text":"Sem categoria","link":"https:\/\/gersonguelmann.com.br\/blog\/category\/sem-categoria\/"},"img":{"alt_text":"","src":"https:\/\/i0.wp.com\/gersonguelmann.com.br\/blog\/wp-content\/uploads\/2018\/04\/Lula1.jpg?fit=1024%2C683&ssl=1&resize=350%2C200","width":350,"height":200,"srcset":"https:\/\/i0.wp.com\/gersonguelmann.com.br\/blog\/wp-content\/uploads\/2018\/04\/Lula1.jpg?fit=1024%2C683&ssl=1&resize=350%2C200 1x, https:\/\/i0.wp.com\/gersonguelmann.com.br\/blog\/wp-content\/uploads\/2018\/04\/Lula1.jpg?fit=1024%2C683&ssl=1&resize=525%2C300 1.5x, https:\/\/i0.wp.com\/gersonguelmann.com.br\/blog\/wp-content\/uploads\/2018\/04\/Lula1.jpg?fit=1024%2C683&ssl=1&resize=700%2C400 2x"},"classes":[]},{"id":12428,"url":"https:\/\/gersonguelmann.com.br\/blog\/gleisi-podera-visitar-lula\/","url_meta":{"origin":13231,"position":4},"title":"Gleisi Poder\u00e1 Visitar Lula","author":"Gerson Guelmann","date":"3 de maio de 2018","format":false,"excerpt":"Not\u00edcia que acaba de ser publicada: BRASIL Amigos e aliados s\u00e3o autorizados a visitar Lula \u00e0s 5\u00aa feiras Presidente nacional do PT, senadora Gleisi Hoffmann, e o ex-ministro Jaques Wagner foram autorizados a estar com ex-presidente Por\u00a0Daniel Weterman, do Estad\u00e3o Conte\u00fado 3 maio 2018, 17h48 S\u00e3o Paulo \u2013 A Justi\u00e7a\u2026","rel":"","context":"Em &quot;Sem categoria&quot;","block_context":{"text":"Sem categoria","link":"https:\/\/gersonguelmann.com.br\/blog\/category\/sem-categoria\/"},"img":{"alt_text":"","src":"https:\/\/i0.wp.com\/gersonguelmann.com.br\/blog\/wp-content\/uploads\/2018\/05\/a18nzwweqyu2lstclx3lis6rv.jpg?fit=652%2C408&ssl=1&resize=350%2C200","width":350,"height":200,"srcset":"https:\/\/i0.wp.com\/gersonguelmann.com.br\/blog\/wp-content\/uploads\/2018\/05\/a18nzwweqyu2lstclx3lis6rv.jpg?fit=652%2C408&ssl=1&resize=350%2C200 1x, https:\/\/i0.wp.com\/gersonguelmann.com.br\/blog\/wp-content\/uploads\/2018\/05\/a18nzwweqyu2lstclx3lis6rv.jpg?fit=652%2C408&ssl=1&resize=525%2C300 1.5x"},"classes":[]},{"id":15825,"url":"https:\/\/gersonguelmann.com.br\/blog\/visitas-de-haddad-a-lula-serao-controladas\/","url_meta":{"origin":13231,"position":5},"title":"Visitas de Haddad a Lula Ser\u00e3o Controladas","author":"Gerson Guelmann","date":"26 de janeiro de 2019","format":false,"excerpt":"Mat\u00e9ria publicada hoje pelo site Jovem Pan informa que a ju\u00edza\u00a0Carolina Lebbos Moura, respons\u00e1vel pela 12\u00aa Vara Federal de Curitiba e que responde pelas Execu\u00e7\u00f5es Penais, decidiu regular as visitas que vinham sendo feitas ao ex-Presidente Lula.\u00a0 Leia:\u00a0 Lula n\u00e3o poder\u00e1 mais receber Haddad e religiosos a qualquer momento, decide\u2026","rel":"","context":"Em &quot;Sem categoria&quot;","block_context":{"text":"Sem categoria","link":"https:\/\/gersonguelmann.com.br\/blog\/category\/sem-categoria\/"},"img":{"alt_text":"","src":"https:\/\/i0.wp.com\/gersonguelmann.com.br\/blog\/wp-content\/uploads\/2019\/01\/Lula.jpg?resize=350%2C200&ssl=1","width":350,"height":200},"classes":[]}],"jetpack_sharing_enabled":true,"post_mailing_queue_ids":[],"_links":{"self":[{"href":"https:\/\/gersonguelmann.com.br\/blog\/wp-json\/wp\/v2\/posts\/13231","targetHints":{"allow":["GET"]}}],"collection":[{"href":"https:\/\/gersonguelmann.com.br\/blog\/wp-json\/wp\/v2\/posts"}],"about":[{"href":"https:\/\/gersonguelmann.com.br\/blog\/wp-json\/wp\/v2\/types\/post"}],"author":[{"embeddable":true,"href":"https:\/\/gersonguelmann.com.br\/blog\/wp-json\/wp\/v2\/users\/5"}],"replies":[{"embeddable":true,"href":"https:\/\/gersonguelmann.com.br\/blog\/wp-json\/wp\/v2\/comments?post=13231"}],"version-history":[{"count":0,"href":"https:\/\/gersonguelmann.com.br\/blog\/wp-json\/wp\/v2\/posts\/13231\/revisions"}],"wp:featuredmedia":[{"embeddable":true,"href":"https:\/\/gersonguelmann.com.br\/blog\/wp-json\/wp\/v2\/media\/13232"}],"wp:attachment":[{"href":"https:\/\/gersonguelmann.com.br\/blog\/wp-json\/wp\/v2\/media?parent=13231"}],"wp:term":[{"taxonomy":"category","embeddable":true,"href":"https:\/\/gersonguelmann.com.br\/blog\/wp-json\/wp\/v2\/categories?post=13231"},{"taxonomy":"post_tag","embeddable":true,"href":"https:\/\/gersonguelmann.com.br\/blog\/wp-json\/wp\/v2\/tags?post=13231"}],"curies":[{"name":"wp","href":"https:\/\/api.w.org\/{rel}","templated":true}]}}