    {"id":13234,"date":"2018-05-24T12:31:38","date_gmt":"2018-05-24T15:31:38","guid":{"rendered":"https:\/\/gersonguelmann.com.br\/blog\/?p=13234"},"modified":"2018-05-24T12:31:38","modified_gmt":"2018-05-24T15:31:38","slug":"novo-carimbo-em-cedulas-o-bom-humor-das-redes","status":"publish","type":"post","link":"https:\/\/gersonguelmann.com.br\/blog\/novo-carimbo-em-cedulas-o-bom-humor-das-redes\/","title":{"rendered":"Novo Carimbo em C\u00e9dulas &#8211; O Bom Humor das Redes"},"content":{"rendered":"<p>&nbsp;<\/p>\n<p style=\"text-align: center;\"><img data-recalc-dims=\"1\" fetchpriority=\"high\" decoding=\"async\" data-attachment-id=\"13236\" data-permalink=\"https:\/\/gersonguelmann.com.br\/blog\/novo-carimbo-em-cedulas-o-bom-humor-das-redes\/cedula-2\/\" data-orig-file=\"https:\/\/i0.wp.com\/gersonguelmann.com.br\/blog\/wp-content\/uploads\/2018\/05\/c%C3%A9dula-1.jpg?fit=550%2C376&amp;ssl=1\" data-orig-size=\"550,376\" data-comments-opened=\"1\" data-image-meta=\"{&quot;aperture&quot;:&quot;0&quot;,&quot;credit&quot;:&quot;&quot;,&quot;camera&quot;:&quot;&quot;,&quot;caption&quot;:&quot;&quot;,&quot;created_timestamp&quot;:&quot;0&quot;,&quot;copyright&quot;:&quot;&quot;,&quot;focal_length&quot;:&quot;0&quot;,&quot;iso&quot;:&quot;0&quot;,&quot;shutter_speed&quot;:&quot;0&quot;,&quot;title&quot;:&quot;&quot;,&quot;orientation&quot;:&quot;0&quot;}\" data-image-title=\"c\u00e9dula\" data-image-description=\"\" data-image-caption=\"\" data-medium-file=\"https:\/\/i0.wp.com\/gersonguelmann.com.br\/blog\/wp-content\/uploads\/2018\/05\/c%C3%A9dula-1.jpg?fit=300%2C205&amp;ssl=1\" data-large-file=\"https:\/\/i0.wp.com\/gersonguelmann.com.br\/blog\/wp-content\/uploads\/2018\/05\/c%C3%A9dula-1.jpg?fit=550%2C376&amp;ssl=1\" class=\"alignnone size-medium wp-image-13236\" src=\"https:\/\/i0.wp.com\/gersonguelmann.com.br\/blog\/wp-content\/uploads\/2018\/05\/c%C3%A9dula-1.jpg?resize=300%2C205&#038;ssl=1\" alt=\"\" width=\"300\" height=\"205\" srcset=\"https:\/\/i0.wp.com\/gersonguelmann.com.br\/blog\/wp-content\/uploads\/2018\/05\/c%C3%A9dula-1.jpg?resize=300%2C205&amp;ssl=1 300w, https:\/\/i0.wp.com\/gersonguelmann.com.br\/blog\/wp-content\/uploads\/2018\/05\/c%C3%A9dula-1.jpg?w=550&amp;ssl=1 550w\" sizes=\"(max-width: 300px) 100vw, 300px\" \/><\/p>\n<p><span style=\"font-family: georgia, palatino, serif; font-size: 18pt; color: #000000;\">Depois dos \u00faltimos acontecimentos no cen\u00e1rio pol\u00edtico nacional, come\u00e7am a aparecer c\u00e9dulas de dinheiro com outro carimbo.<\/span><\/p>\n<p><img data-recalc-dims=\"1\" decoding=\"async\" data-attachment-id=\"13237\" data-permalink=\"https:\/\/gersonguelmann.com.br\/blog\/novo-carimbo-em-cedulas-o-bom-humor-das-redes\/01a5c21d-e4cd-41f7-95c6-70344e3094b4\/\" data-orig-file=\"https:\/\/i0.wp.com\/gersonguelmann.com.br\/blog\/wp-content\/uploads\/2018\/05\/01a5c21d-e4cd-41f7-95c6-70344e3094b4.jpg?fit=640%2C534&amp;ssl=1\" data-orig-size=\"640,534\" data-comments-opened=\"1\" data-image-meta=\"{&quot;aperture&quot;:&quot;0&quot;,&quot;credit&quot;:&quot;&quot;,&quot;camera&quot;:&quot;&quot;,&quot;caption&quot;:&quot;&quot;,&quot;created_timestamp&quot;:&quot;0&quot;,&quot;copyright&quot;:&quot;&quot;,&quot;focal_length&quot;:&quot;0&quot;,&quot;iso&quot;:&quot;0&quot;,&quot;shutter_speed&quot;:&quot;0&quot;,&quot;title&quot;:&quot;&quot;,&quot;orientation&quot;:&quot;0&quot;}\" data-image-title=\"01a5c21d-e4cd-41f7-95c6-70344e3094b4\" data-image-description=\"\" data-image-caption=\"\" data-medium-file=\"https:\/\/i0.wp.com\/gersonguelmann.com.br\/blog\/wp-content\/uploads\/2018\/05\/01a5c21d-e4cd-41f7-95c6-70344e3094b4.jpg?fit=300%2C250&amp;ssl=1\" data-large-file=\"https:\/\/i0.wp.com\/gersonguelmann.com.br\/blog\/wp-content\/uploads\/2018\/05\/01a5c21d-e4cd-41f7-95c6-70344e3094b4.jpg?fit=640%2C534&amp;ssl=1\" class=\"size-medium wp-image-13237 aligncenter\" src=\"https:\/\/i0.wp.com\/gersonguelmann.com.br\/blog\/wp-content\/uploads\/2018\/05\/01a5c21d-e4cd-41f7-95c6-70344e3094b4.jpg?resize=300%2C250&#038;ssl=1\" alt=\"\" width=\"300\" height=\"250\" srcset=\"https:\/\/i0.wp.com\/gersonguelmann.com.br\/blog\/wp-content\/uploads\/2018\/05\/01a5c21d-e4cd-41f7-95c6-70344e3094b4.jpg?resize=300%2C250&amp;ssl=1 300w, https:\/\/i0.wp.com\/gersonguelmann.com.br\/blog\/wp-content\/uploads\/2018\/05\/01a5c21d-e4cd-41f7-95c6-70344e3094b4.jpg?w=640&amp;ssl=1 640w\" sizes=\"(max-width: 300px) 100vw, 300px\" \/><\/p>\n","protected":false},"excerpt":{"rendered":"<p>&nbsp; Depois dos \u00faltimos acontecimentos no cen\u00e1rio pol\u00edtico nacional, come\u00e7am a aparecer c\u00e9dulas de dinheiro com outro carimbo.<\/p>\n","protected":false},"author":5,"featured_media":13236,"comment_status":"open","ping_status":"open","sticky":false,"template":"","format":"standard","meta":{"_acf_changed":false,"jetpack_post_was_ever_published":false,"_jetpack_newsletter_access":"","_jetpack_dont_email_post_to_subs":false,"_jetpack_newsletter_tier_id":0,"_jetpack_memberships_contains_paywalled_content":false,"_jetpack_memberships_contains_paid_content":false,"footnotes":"","jetpack_publicize_message":"","jetpack_publicize_feature_enabled":true,"jetpack_social_post_already_shared":true,"jetpack_social_options":{"image_generator_settings":{"template":"highway","default_image_id":0,"font":"","enabled":false},"version":2}},"categories":[1],"tags":[],"class_list":["post-13234","post","type-post","status-publish","format-standard","has-post-thumbnail","hentry","category-sem-categoria"],"acf":[],"yoast_head":"<!-- This site is optimized with the Yoast SEO plugin v27.3 - https:\/\/yoast.com\/product\/yoast-seo-wordpress\/ -->\n<title>Novo Carimbo em C\u00e9dulas - O Bom Humor das Redes | Blog do Guelmann<\/title>\n<meta name=\"robots\" content=\"index, follow, max-snippet:-1, max-image-preview:large, max-video-preview:-1\" \/>\n<link rel=\"canonical\" href=\"https:\/\/gersonguelmann.com.br\/blog\/novo-carimbo-em-cedulas-o-bom-humor-das-redes\/\" \/>\n<meta property=\"og:locale\" content=\"pt_BR\" \/>\n<meta property=\"og:type\" content=\"article\" \/>\n<meta property=\"og:title\" content=\"Novo Carimbo em C\u00e9dulas - O Bom Humor das Redes | Blog do Guelmann\" \/>\n<meta property=\"og:description\" content=\"&nbsp; Depois dos \u00faltimos acontecimentos no cen\u00e1rio pol\u00edtico nacional, come\u00e7am a aparecer c\u00e9dulas de dinheiro com outro carimbo.\" \/>\n<meta property=\"og:url\" content=\"https:\/\/gersonguelmann.com.br\/blog\/novo-carimbo-em-cedulas-o-bom-humor-das-redes\/\" \/>\n<meta property=\"og:site_name\" content=\"Blog do Guelmann\" \/>\n<meta property=\"article:published_time\" content=\"2018-05-24T15:31:38+00:00\" \/>\n<meta property=\"og:image\" content=\"https:\/\/i0.wp.com\/gersonguelmann.com.br\/blog\/wp-content\/uploads\/2018\/05\/c\u00e9dula-1.jpg?fit=550%2C376&ssl=1\" \/>\n\t<meta property=\"og:image:width\" content=\"550\" \/>\n\t<meta property=\"og:image:height\" content=\"376\" \/>\n\t<meta property=\"og:image:type\" content=\"image\/jpeg\" \/>\n<meta name=\"author\" content=\"Gerson Guelmann\" \/>\n<meta name=\"twitter:card\" content=\"summary_large_image\" \/>\n<meta name=\"twitter:label1\" content=\"Escrito por\" \/>\n\t<meta name=\"twitter:data1\" content=\"Gerson Guelmann\" \/>\n<script type=\"application\/ld+json\" class=\"yoast-schema-graph\">{\"@context\":\"https:\\\/\\\/schema.org\",\"@graph\":[{\"@type\":\"Article\",\"@id\":\"https:\\\/\\\/gersonguelmann.com.br\\\/blog\\\/novo-carimbo-em-cedulas-o-bom-humor-das-redes\\\/#article\",\"isPartOf\":{\"@id\":\"https:\\\/\\\/gersonguelmann.com.br\\\/blog\\\/novo-carimbo-em-cedulas-o-bom-humor-das-redes\\\/\"},\"author\":{\"name\":\"Gerson Guelmann\",\"@id\":\"https:\\\/\\\/gersonguelmann.com.br\\\/blog\\\/#\\\/schema\\\/person\\\/87e70e2a786888082f941a482c90569e\"},\"headline\":\"Novo Carimbo em C\u00e9dulas &#8211; O Bom Humor das Redes\",\"datePublished\":\"2018-05-24T15:31:38+00:00\",\"mainEntityOfPage\":{\"@id\":\"https:\\\/\\\/gersonguelmann.com.br\\\/blog\\\/novo-carimbo-em-cedulas-o-bom-humor-das-redes\\\/\"},\"wordCount\":33,\"commentCount\":0,\"image\":{\"@id\":\"https:\\\/\\\/gersonguelmann.com.br\\\/blog\\\/novo-carimbo-em-cedulas-o-bom-humor-das-redes\\\/#primaryimage\"},\"thumbnailUrl\":\"https:\\\/\\\/i0.wp.com\\\/gersonguelmann.com.br\\\/blog\\\/wp-content\\\/uploads\\\/2018\\\/05\\\/c%C3%A9dula-1.jpg?fit=550%2C376&ssl=1\",\"inLanguage\":\"pt-BR\",\"potentialAction\":[{\"@type\":\"CommentAction\",\"name\":\"Comment\",\"target\":[\"https:\\\/\\\/gersonguelmann.com.br\\\/blog\\\/novo-carimbo-em-cedulas-o-bom-humor-das-redes\\\/#respond\"]}]},{\"@type\":\"WebPage\",\"@id\":\"https:\\\/\\\/gersonguelmann.com.br\\\/blog\\\/novo-carimbo-em-cedulas-o-bom-humor-das-redes\\\/\",\"url\":\"https:\\\/\\\/gersonguelmann.com.br\\\/blog\\\/novo-carimbo-em-cedulas-o-bom-humor-das-redes\\\/\",\"name\":\"Novo Carimbo em C\u00e9dulas - O Bom Humor das Redes | Blog do Guelmann\",\"isPartOf\":{\"@id\":\"https:\\\/\\\/gersonguelmann.com.br\\\/blog\\\/#website\"},\"primaryImageOfPage\":{\"@id\":\"https:\\\/\\\/gersonguelmann.com.br\\\/blog\\\/novo-carimbo-em-cedulas-o-bom-humor-das-redes\\\/#primaryimage\"},\"image\":{\"@id\":\"https:\\\/\\\/gersonguelmann.com.br\\\/blog\\\/novo-carimbo-em-cedulas-o-bom-humor-das-redes\\\/#primaryimage\"},\"thumbnailUrl\":\"https:\\\/\\\/i0.wp.com\\\/gersonguelmann.com.br\\\/blog\\\/wp-content\\\/uploads\\\/2018\\\/05\\\/c%C3%A9dula-1.jpg?fit=550%2C376&ssl=1\",\"datePublished\":\"2018-05-24T15:31:38+00:00\",\"author\":{\"@id\":\"https:\\\/\\\/gersonguelmann.com.br\\\/blog\\\/#\\\/schema\\\/person\\\/87e70e2a786888082f941a482c90569e\"},\"inLanguage\":\"pt-BR\",\"potentialAction\":[{\"@type\":\"ReadAction\",\"target\":[\"https:\\\/\\\/gersonguelmann.com.br\\\/blog\\\/novo-carimbo-em-cedulas-o-bom-humor-das-redes\\\/\"]}]},{\"@type\":\"ImageObject\",\"inLanguage\":\"pt-BR\",\"@id\":\"https:\\\/\\\/gersonguelmann.com.br\\\/blog\\\/novo-carimbo-em-cedulas-o-bom-humor-das-redes\\\/#primaryimage\",\"url\":\"https:\\\/\\\/i0.wp.com\\\/gersonguelmann.com.br\\\/blog\\\/wp-content\\\/uploads\\\/2018\\\/05\\\/c%C3%A9dula-1.jpg?fit=550%2C376&ssl=1\",\"contentUrl\":\"https:\\\/\\\/i0.wp.com\\\/gersonguelmann.com.br\\\/blog\\\/wp-content\\\/uploads\\\/2018\\\/05\\\/c%C3%A9dula-1.jpg?fit=550%2C376&ssl=1\",\"width\":550,\"height\":376},{\"@type\":\"WebSite\",\"@id\":\"https:\\\/\\\/gersonguelmann.com.br\\\/blog\\\/#website\",\"url\":\"https:\\\/\\\/gersonguelmann.com.br\\\/blog\\\/\",\"name\":\"Blog do Guelmann\",\"description\":\"Pitadas da sabedoria e do humor judaicos, assuntos do momento e um pouco das hist\u00f3rias que vivi e testemunhei.\",\"potentialAction\":[{\"@type\":\"SearchAction\",\"target\":{\"@type\":\"EntryPoint\",\"urlTemplate\":\"https:\\\/\\\/gersonguelmann.com.br\\\/blog\\\/?s={search_term_string}\"},\"query-input\":{\"@type\":\"PropertyValueSpecification\",\"valueRequired\":true,\"valueName\":\"search_term_string\"}}],\"inLanguage\":\"pt-BR\"},{\"@type\":\"Person\",\"@id\":\"https:\\\/\\\/gersonguelmann.com.br\\\/blog\\\/#\\\/schema\\\/person\\\/87e70e2a786888082f941a482c90569e\",\"name\":\"Gerson Guelmann\",\"image\":{\"@type\":\"ImageObject\",\"inLanguage\":\"pt-BR\",\"@id\":\"https:\\\/\\\/i0.wp.com\\\/gersonguelmann.com.br\\\/blog\\\/wp-content\\\/uploads\\\/2021\\\/08\\\/BLOG.jpeg?fit=96%2C96&ssl=1\",\"url\":\"https:\\\/\\\/i0.wp.com\\\/gersonguelmann.com.br\\\/blog\\\/wp-content\\\/uploads\\\/2021\\\/08\\\/BLOG.jpeg?fit=96%2C96&ssl=1\",\"contentUrl\":\"https:\\\/\\\/i0.wp.com\\\/gersonguelmann.com.br\\\/blog\\\/wp-content\\\/uploads\\\/2021\\\/08\\\/BLOG.jpeg?fit=96%2C96&ssl=1\",\"caption\":\"Gerson Guelmann\"},\"description\":\"Pitadas da sabedoria e do humor judaicos, assuntos do momento e um pouco das hist\u00f3rias que vivi e testemunhei.\"}]}<\/script>\n<!-- \/ Yoast SEO plugin. -->","yoast_head_json":{"title":"Novo Carimbo em C\u00e9dulas - O Bom Humor das Redes | Blog do Guelmann","robots":{"index":"index","follow":"follow","max-snippet":"max-snippet:-1","max-image-preview":"max-image-preview:large","max-video-preview":"max-video-preview:-1"},"canonical":"https:\/\/gersonguelmann.com.br\/blog\/novo-carimbo-em-cedulas-o-bom-humor-das-redes\/","og_locale":"pt_BR","og_type":"article","og_title":"Novo Carimbo em C\u00e9dulas - O Bom Humor das Redes | Blog do Guelmann","og_description":"&nbsp; Depois dos \u00faltimos acontecimentos no cen\u00e1rio pol\u00edtico nacional, come\u00e7am a aparecer c\u00e9dulas de dinheiro com outro carimbo.","og_url":"https:\/\/gersonguelmann.com.br\/blog\/novo-carimbo-em-cedulas-o-bom-humor-das-redes\/","og_site_name":"Blog do Guelmann","article_published_time":"2018-05-24T15:31:38+00:00","og_image":[{"width":550,"height":376,"url":"https:\/\/i0.wp.com\/gersonguelmann.com.br\/blog\/wp-content\/uploads\/2018\/05\/c\u00e9dula-1.jpg?fit=550%2C376&ssl=1","type":"image\/jpeg"}],"author":"Gerson Guelmann","twitter_card":"summary_large_image","twitter_misc":{"Escrito por":"Gerson Guelmann"},"schema":{"@context":"https:\/\/schema.org","@graph":[{"@type":"Article","@id":"https:\/\/gersonguelmann.com.br\/blog\/novo-carimbo-em-cedulas-o-bom-humor-das-redes\/#article","isPartOf":{"@id":"https:\/\/gersonguelmann.com.br\/blog\/novo-carimbo-em-cedulas-o-bom-humor-das-redes\/"},"author":{"name":"Gerson Guelmann","@id":"https:\/\/gersonguelmann.com.br\/blog\/#\/schema\/person\/87e70e2a786888082f941a482c90569e"},"headline":"Novo Carimbo em C\u00e9dulas &#8211; O Bom Humor das Redes","datePublished":"2018-05-24T15:31:38+00:00","mainEntityOfPage":{"@id":"https:\/\/gersonguelmann.com.br\/blog\/novo-carimbo-em-cedulas-o-bom-humor-das-redes\/"},"wordCount":33,"commentCount":0,"image":{"@id":"https:\/\/gersonguelmann.com.br\/blog\/novo-carimbo-em-cedulas-o-bom-humor-das-redes\/#primaryimage"},"thumbnailUrl":"https:\/\/i0.wp.com\/gersonguelmann.com.br\/blog\/wp-content\/uploads\/2018\/05\/c%C3%A9dula-1.jpg?fit=550%2C376&ssl=1","inLanguage":"pt-BR","potentialAction":[{"@type":"CommentAction","name":"Comment","target":["https:\/\/gersonguelmann.com.br\/blog\/novo-carimbo-em-cedulas-o-bom-humor-das-redes\/#respond"]}]},{"@type":"WebPage","@id":"https:\/\/gersonguelmann.com.br\/blog\/novo-carimbo-em-cedulas-o-bom-humor-das-redes\/","url":"https:\/\/gersonguelmann.com.br\/blog\/novo-carimbo-em-cedulas-o-bom-humor-das-redes\/","name":"Novo Carimbo em C\u00e9dulas - O Bom Humor das Redes | Blog do Guelmann","isPartOf":{"@id":"https:\/\/gersonguelmann.com.br\/blog\/#website"},"primaryImageOfPage":{"@id":"https:\/\/gersonguelmann.com.br\/blog\/novo-carimbo-em-cedulas-o-bom-humor-das-redes\/#primaryimage"},"image":{"@id":"https:\/\/gersonguelmann.com.br\/blog\/novo-carimbo-em-cedulas-o-bom-humor-das-redes\/#primaryimage"},"thumbnailUrl":"https:\/\/i0.wp.com\/gersonguelmann.com.br\/blog\/wp-content\/uploads\/2018\/05\/c%C3%A9dula-1.jpg?fit=550%2C376&ssl=1","datePublished":"2018-05-24T15:31:38+00:00","author":{"@id":"https:\/\/gersonguelmann.com.br\/blog\/#\/schema\/person\/87e70e2a786888082f941a482c90569e"},"inLanguage":"pt-BR","potentialAction":[{"@type":"ReadAction","target":["https:\/\/gersonguelmann.com.br\/blog\/novo-carimbo-em-cedulas-o-bom-humor-das-redes\/"]}]},{"@type":"ImageObject","inLanguage":"pt-BR","@id":"https:\/\/gersonguelmann.com.br\/blog\/novo-carimbo-em-cedulas-o-bom-humor-das-redes\/#primaryimage","url":"https:\/\/i0.wp.com\/gersonguelmann.com.br\/blog\/wp-content\/uploads\/2018\/05\/c%C3%A9dula-1.jpg?fit=550%2C376&ssl=1","contentUrl":"https:\/\/i0.wp.com\/gersonguelmann.com.br\/blog\/wp-content\/uploads\/2018\/05\/c%C3%A9dula-1.jpg?fit=550%2C376&ssl=1","width":550,"height":376},{"@type":"WebSite","@id":"https:\/\/gersonguelmann.com.br\/blog\/#website","url":"https:\/\/gersonguelmann.com.br\/blog\/","name":"Blog do Guelmann","description":"Pitadas da sabedoria e do humor judaicos, assuntos do momento e um pouco das hist\u00f3rias que vivi e testemunhei.","potentialAction":[{"@type":"SearchAction","target":{"@type":"EntryPoint","urlTemplate":"https:\/\/gersonguelmann.com.br\/blog\/?s={search_term_string}"},"query-input":{"@type":"PropertyValueSpecification","valueRequired":true,"valueName":"search_term_string"}}],"inLanguage":"pt-BR"},{"@type":"Person","@id":"https:\/\/gersonguelmann.com.br\/blog\/#\/schema\/person\/87e70e2a786888082f941a482c90569e","name":"Gerson Guelmann","image":{"@type":"ImageObject","inLanguage":"pt-BR","@id":"https:\/\/i0.wp.com\/gersonguelmann.com.br\/blog\/wp-content\/uploads\/2021\/08\/BLOG.jpeg?fit=96%2C96&ssl=1","url":"https:\/\/i0.wp.com\/gersonguelmann.com.br\/blog\/wp-content\/uploads\/2021\/08\/BLOG.jpeg?fit=96%2C96&ssl=1","contentUrl":"https:\/\/i0.wp.com\/gersonguelmann.com.br\/blog\/wp-content\/uploads\/2021\/08\/BLOG.jpeg?fit=96%2C96&ssl=1","caption":"Gerson Guelmann"},"description":"Pitadas da sabedoria e do humor judaicos, assuntos do momento e um pouco das hist\u00f3rias que vivi e testemunhei."}]}},"views":18,"jetpack_publicize_connections":[],"jetpack_featured_media_url":"https:\/\/i0.wp.com\/gersonguelmann.com.br\/blog\/wp-content\/uploads\/2018\/05\/c%C3%A9dula-1.jpg?fit=550%2C376&ssl=1","jetpack_shortlink":"https:\/\/wp.me\/p96e7O-3rs","jetpack-related-posts":[{"id":12343,"url":"https:\/\/gersonguelmann.com.br\/blog\/cedulas-com-carimbo-de-lula\/","url_meta":{"origin":13234,"position":0},"title":"C\u00e9dulas Com Carimbo de Lula","author":"Gerson Guelmann","date":"1 de maio de 2018","format":false,"excerpt":"Come\u00e7ou a circular um v\u00eddeo que mostra pessoas carimbando c\u00e9dulas de dinheiro com a imagem do ex-presidente Lula. A informa\u00e7\u00e3o \u00e9 que isso estaria sendo feito aqui em Curitiba, no acampamento onde est\u00e3o os manifestantes em favor dele. N\u00e3o h\u00e1 como confirmar isso. As mensagens que recebi d\u00e3o conta de\u2026","rel":"","context":"Em &quot;Sem categoria&quot;","block_context":{"text":"Sem categoria","link":"https:\/\/gersonguelmann.com.br\/blog\/category\/sem-categoria\/"},"img":{"alt_text":"","src":"https:\/\/i0.wp.com\/gersonguelmann.com.br\/blog\/wp-content\/uploads\/2018\/05\/Lula.jpg?fit=1200%2C800&ssl=1&resize=350%2C200","width":350,"height":200,"srcset":"https:\/\/i0.wp.com\/gersonguelmann.com.br\/blog\/wp-content\/uploads\/2018\/05\/Lula.jpg?fit=1200%2C800&ssl=1&resize=350%2C200 1x, https:\/\/i0.wp.com\/gersonguelmann.com.br\/blog\/wp-content\/uploads\/2018\/05\/Lula.jpg?fit=1200%2C800&ssl=1&resize=525%2C300 1.5x, https:\/\/i0.wp.com\/gersonguelmann.com.br\/blog\/wp-content\/uploads\/2018\/05\/Lula.jpg?fit=1200%2C800&ssl=1&resize=700%2C400 2x, https:\/\/i0.wp.com\/gersonguelmann.com.br\/blog\/wp-content\/uploads\/2018\/05\/Lula.jpg?fit=1200%2C800&ssl=1&resize=1050%2C600 3x"},"classes":[]},{"id":10995,"url":"https:\/\/gersonguelmann.com.br\/blog\/presente-intimo-para-a-namorada-acredite-e-verdade-2\/","url_meta":{"origin":13234,"position":1},"title":"Presente \u00cdntimo Para a Namorada &#8211; Acredite, \u00e9 Verdade (2)","author":"Gerson Guelmann","date":"25 de janeiro de 2021","format":false,"excerpt":"Dias atr\u00e1s comecei uma nova se\u00e7\u00e3o aqui no Blog, para destacar as coisas inusitadas que aparecem, especialmente em nosso imenso Brasil. Semanalmente publicarei algo do g\u00eanero, e o estoque j\u00e1 dispon\u00edvel \u00e9 suficiente para alguns anos, pode acreditar. A de hoje \u00e9 um \"comprovante de bobagem\" do cidad\u00e3o que foi\u2026","rel":"","context":"Em &quot;Sem categoria&quot;","block_context":{"text":"Sem categoria","link":"https:\/\/gersonguelmann.com.br\/blog\/category\/sem-categoria\/"},"img":{"alt_text":"","src":"https:\/\/i0.wp.com\/gersonguelmann.com.br\/blog\/wp-content\/uploads\/2018\/03\/CA-scaled.jpg?fit=1200%2C800&ssl=1&resize=350%2C200","width":350,"height":200,"srcset":"https:\/\/i0.wp.com\/gersonguelmann.com.br\/blog\/wp-content\/uploads\/2018\/03\/CA-scaled.jpg?fit=1200%2C800&ssl=1&resize=350%2C200 1x, https:\/\/i0.wp.com\/gersonguelmann.com.br\/blog\/wp-content\/uploads\/2018\/03\/CA-scaled.jpg?fit=1200%2C800&ssl=1&resize=525%2C300 1.5x, https:\/\/i0.wp.com\/gersonguelmann.com.br\/blog\/wp-content\/uploads\/2018\/03\/CA-scaled.jpg?fit=1200%2C800&ssl=1&resize=700%2C400 2x, https:\/\/i0.wp.com\/gersonguelmann.com.br\/blog\/wp-content\/uploads\/2018\/03\/CA-scaled.jpg?fit=1200%2C800&ssl=1&resize=1050%2C600 3x"},"classes":[]},{"id":8773,"url":"https:\/\/gersonguelmann.com.br\/blog\/cidadao-italiano-teu-voto-e-indispensavel\/","url_meta":{"origin":13234,"position":2},"title":"Cidad\u00e3o Italiano: Teu Voto \u00e9 Indispens\u00e1vel!","author":"Gerson Guelmann","date":"19 de fevereiro de 2018","format":false,"excerpt":"Se voc\u00ea \u00e9 cidad\u00e3o italiano, precisa saber que o voto na pr\u00f3xima elei\u00e7\u00e3o n\u00e3o \u00e9 obrigat\u00f3rio, mas \u00e9 indispens\u00e1vel eleger Walter Petruzziello como Deputado. O Walter \u00e9 um Curitibano nascido na It\u00e1lia e a presen\u00e7a dele no Parlamento representar\u00e1 um refor\u00e7o extraordin\u00e1rio ao trabalho que executa h\u00e1 muitos anos na\u2026","rel":"","context":"Em &quot;Sem categoria&quot;","block_context":{"text":"Sem categoria","link":"https:\/\/gersonguelmann.com.br\/blog\/category\/sem-categoria\/"},"img":{"alt_text":"","src":"https:\/\/i0.wp.com\/gersonguelmann.com.br\/blog\/wp-content\/uploads\/2018\/02\/WP.png?fit=828%2C472&ssl=1&resize=350%2C200","width":350,"height":200,"srcset":"https:\/\/i0.wp.com\/gersonguelmann.com.br\/blog\/wp-content\/uploads\/2018\/02\/WP.png?fit=828%2C472&ssl=1&resize=350%2C200 1x, https:\/\/i0.wp.com\/gersonguelmann.com.br\/blog\/wp-content\/uploads\/2018\/02\/WP.png?fit=828%2C472&ssl=1&resize=525%2C300 1.5x, https:\/\/i0.wp.com\/gersonguelmann.com.br\/blog\/wp-content\/uploads\/2018\/02\/WP.png?fit=828%2C472&ssl=1&resize=700%2C400 2x"},"classes":[]},{"id":194,"url":"https:\/\/gersonguelmann.com.br\/blog\/o-antiquario-o-gato-e-o-pires-de-jerusalem\/","url_meta":{"origin":13234,"position":3},"title":"O Antiqu\u00e1rio, o Gato e o Pires de Jerusal\u00e9m","author":"Gerson Guelmann","date":"8 de mar\u00e7o de 2023","format":false,"excerpt":"Um Antiqu\u00e1rio italiano, dono de uma grande loja em Roma, estava em Jerusal\u00e9m participando de uma feira de antiguidades. Um dia, passando por um restaurante, viu na cal\u00e7ada um gatinho tomando leite em um pires. Como profissional do ramo, conhecedor e colecionador de arte, percebeu que o prato era uma\u2026","rel":"","context":"Em &quot;Sem categoria&quot;","block_context":{"text":"Sem categoria","link":"https:\/\/gersonguelmann.com.br\/blog\/category\/sem-categoria\/"},"img":{"alt_text":"","src":"https:\/\/i0.wp.com\/gersonguelmann.com.br\/blog\/wp-content\/uploads\/2017\/05\/Gato-300x187.jpg?resize=350%2C200&ssl=1","width":350,"height":200},"classes":[]},{"id":12120,"url":"https:\/\/gersonguelmann.com.br\/blog\/qual-e-a-nota-de-dinheiro-mais-bonita-que-voce-conhece\/","url_meta":{"origin":13234,"position":4},"title":"Qual \u00e9 a Nota de Dinheiro Mais Bonita Que Voc\u00ea Conhece?","author":"Gerson Guelmann","date":"26 de abril de 2018","format":false,"excerpt":"Voc\u00ea sabia que existe um\u00a0concurso mundial para escolher a c\u00e9dula de dinheiro mais bonita? Pois \u00e9, existe. Leia mat\u00e9ria publicada na revista Exame: ECONOMIA Veja quais foram as notas de dinheiro mais bonitas do planeta em 2017 O franco su\u00ed\u00e7o venceu pelo segundo ano consecutivo (mas com margem apertada) o\u2026","rel":"","context":"Em &quot;Sem categoria&quot;","block_context":{"text":"Sem categoria","link":"https:\/\/gersonguelmann.com.br\/blog\/category\/sem-categoria\/"},"img":{"alt_text":"","src":"https:\/\/i0.wp.com\/gersonguelmann.com.br\/blog\/wp-content\/uploads\/2018\/04\/francofinal.jpg?fit=1024%2C683&ssl=1&resize=350%2C200","width":350,"height":200,"srcset":"https:\/\/i0.wp.com\/gersonguelmann.com.br\/blog\/wp-content\/uploads\/2018\/04\/francofinal.jpg?fit=1024%2C683&ssl=1&resize=350%2C200 1x, https:\/\/i0.wp.com\/gersonguelmann.com.br\/blog\/wp-content\/uploads\/2018\/04\/francofinal.jpg?fit=1024%2C683&ssl=1&resize=525%2C300 1.5x, https:\/\/i0.wp.com\/gersonguelmann.com.br\/blog\/wp-content\/uploads\/2018\/04\/francofinal.jpg?fit=1024%2C683&ssl=1&resize=700%2C400 2x"},"classes":[]},{"id":19092,"url":"https:\/\/gersonguelmann.com.br\/blog\/voce-consegue-saber-quando-alguem-esta-tendo-um-avc\/","url_meta":{"origin":13234,"position":5},"title":"Voc\u00ea Consegue Saber Quando Algu\u00e9m Est\u00e1 Tendo Um AVC?","author":"Gerson Guelmann","date":"4 de novembro de 2019","format":false,"excerpt":"A mat\u00e9ria a seguir foi publicada pelo jornal Metr\u00f3poles, \u00e9 de extrema import\u00e2ncia e merece ser compartilhada: Voc\u00ea conhece os sintomas de um AVC? Socorro precisa ser imediato Dificuldades para falar, para se movimentar ou para entender o outro est\u00e3o entre os primeiros sinais de um acidente vascular cerebral MARIANA\u2026","rel":"","context":"Em &quot;Sem categoria&quot;","block_context":{"text":"Sem categoria","link":"https:\/\/gersonguelmann.com.br\/blog\/category\/sem-categoria\/"},"img":{"alt_text":"","src":"https:\/\/i0.wp.com\/gersonguelmann.com.br\/blog\/wp-content\/uploads\/2019\/11\/AVC.jpg?fit=960%2C677&ssl=1&resize=350%2C200","width":350,"height":200,"srcset":"https:\/\/i0.wp.com\/gersonguelmann.com.br\/blog\/wp-content\/uploads\/2019\/11\/AVC.jpg?fit=960%2C677&ssl=1&resize=350%2C200 1x, https:\/\/i0.wp.com\/gersonguelmann.com.br\/blog\/wp-content\/uploads\/2019\/11\/AVC.jpg?fit=960%2C677&ssl=1&resize=525%2C300 1.5x, https:\/\/i0.wp.com\/gersonguelmann.com.br\/blog\/wp-content\/uploads\/2019\/11\/AVC.jpg?fit=960%2C677&ssl=1&resize=700%2C400 2x"},"classes":[]}],"jetpack_sharing_enabled":true,"post_mailing_queue_ids":[],"_links":{"self":[{"href":"https:\/\/gersonguelmann.com.br\/blog\/wp-json\/wp\/v2\/posts\/13234","targetHints":{"allow":["GET"]}}],"collection":[{"href":"https:\/\/gersonguelmann.com.br\/blog\/wp-json\/wp\/v2\/posts"}],"about":[{"href":"https:\/\/gersonguelmann.com.br\/blog\/wp-json\/wp\/v2\/types\/post"}],"author":[{"embeddable":true,"href":"https:\/\/gersonguelmann.com.br\/blog\/wp-json\/wp\/v2\/users\/5"}],"replies":[{"embeddable":true,"href":"https:\/\/gersonguelmann.com.br\/blog\/wp-json\/wp\/v2\/comments?post=13234"}],"version-history":[{"count":0,"href":"https:\/\/gersonguelmann.com.br\/blog\/wp-json\/wp\/v2\/posts\/13234\/revisions"}],"wp:featuredmedia":[{"embeddable":true,"href":"https:\/\/gersonguelmann.com.br\/blog\/wp-json\/wp\/v2\/media\/13236"}],"wp:attachment":[{"href":"https:\/\/gersonguelmann.com.br\/blog\/wp-json\/wp\/v2\/media?parent=13234"}],"wp:term":[{"taxonomy":"category","embeddable":true,"href":"https:\/\/gersonguelmann.com.br\/blog\/wp-json\/wp\/v2\/categories?post=13234"},{"taxonomy":"post_tag","embeddable":true,"href":"https:\/\/gersonguelmann.com.br\/blog\/wp-json\/wp\/v2\/tags?post=13234"}],"curies":[{"name":"wp","href":"https:\/\/api.w.org\/{rel}","templated":true}]}}