    {"id":13247,"date":"2018-05-24T15:16:53","date_gmt":"2018-05-24T18:16:53","guid":{"rendered":"https:\/\/gersonguelmann.com.br\/blog\/?p=13247"},"modified":"2018-05-24T15:16:53","modified_gmt":"2018-05-24T18:16:53","slug":"locutor-gaucho-falando-sobre-os-caminhoneiros","status":"publish","type":"post","link":"https:\/\/gersonguelmann.com.br\/blog\/locutor-gaucho-falando-sobre-os-caminhoneiros\/","title":{"rendered":"Locutor Ga\u00facho Falando Sobre os Caminhoneiros"},"content":{"rendered":"<p style=\"text-align: center;\"><img data-recalc-dims=\"1\" fetchpriority=\"high\" decoding=\"async\" data-attachment-id=\"13249\" data-permalink=\"https:\/\/gersonguelmann.com.br\/blog\/locutor-gaucho-falando-sobre-os-caminhoneiros\/greve\/\" data-orig-file=\"https:\/\/i0.wp.com\/gersonguelmann.com.br\/blog\/wp-content\/uploads\/2018\/05\/greve.jpg?fit=2000%2C1200&amp;ssl=1\" data-orig-size=\"2000,1200\" data-comments-opened=\"1\" data-image-meta=\"{&quot;aperture&quot;:&quot;0&quot;,&quot;credit&quot;:&quot;&quot;,&quot;camera&quot;:&quot;&quot;,&quot;caption&quot;:&quot;&quot;,&quot;created_timestamp&quot;:&quot;0&quot;,&quot;copyright&quot;:&quot;&quot;,&quot;focal_length&quot;:&quot;0&quot;,&quot;iso&quot;:&quot;0&quot;,&quot;shutter_speed&quot;:&quot;0&quot;,&quot;title&quot;:&quot;&quot;,&quot;orientation&quot;:&quot;0&quot;}\" data-image-title=\"greve\" data-image-description=\"\" data-image-caption=\"\" data-medium-file=\"https:\/\/i0.wp.com\/gersonguelmann.com.br\/blog\/wp-content\/uploads\/2018\/05\/greve.jpg?fit=300%2C180&amp;ssl=1\" data-large-file=\"https:\/\/i0.wp.com\/gersonguelmann.com.br\/blog\/wp-content\/uploads\/2018\/05\/greve.jpg?fit=640%2C384&amp;ssl=1\" class=\"alignnone size-medium wp-image-13249\" src=\"https:\/\/i0.wp.com\/gersonguelmann.com.br\/blog\/wp-content\/uploads\/2018\/05\/greve.jpg?resize=300%2C180&#038;ssl=1\" alt=\"\" width=\"300\" height=\"180\" srcset=\"https:\/\/i0.wp.com\/gersonguelmann.com.br\/blog\/wp-content\/uploads\/2018\/05\/greve.jpg?resize=300%2C180&amp;ssl=1 300w, https:\/\/i0.wp.com\/gersonguelmann.com.br\/blog\/wp-content\/uploads\/2018\/05\/greve.jpg?resize=768%2C461&amp;ssl=1 768w, https:\/\/i0.wp.com\/gersonguelmann.com.br\/blog\/wp-content\/uploads\/2018\/05\/greve.jpg?resize=1024%2C614&amp;ssl=1 1024w, https:\/\/i0.wp.com\/gersonguelmann.com.br\/blog\/wp-content\/uploads\/2018\/05\/greve.jpg?w=2000&amp;ssl=1 2000w, https:\/\/i0.wp.com\/gersonguelmann.com.br\/blog\/wp-content\/uploads\/2018\/05\/greve.jpg?w=1280&amp;ssl=1 1280w, https:\/\/i0.wp.com\/gersonguelmann.com.br\/blog\/wp-content\/uploads\/2018\/05\/greve.jpg?w=1920&amp;ssl=1 1920w\" sizes=\"(max-width: 300px) 100vw, 300px\" \/><\/p>\n<p><span style=\"font-family: georgia, palatino, serif; font-size: 18pt; color: #000000;\">Recebi este \u00e1udio hoje cedo.<\/span><\/p>\n<p><span style=\"font-family: georgia, palatino, serif; font-size: 18pt; color: #000000;\">\u00c9 da transmiss\u00e3o de programa de ontem da R\u00e1dio Noroeste de Santa Rosa\/RS, e a voz \u00e9 do locutor Jairo Madril, que faz o Jornal Noroeste naquela emissora, todas as manh\u00e3s.<\/span><\/p>\n<p><span style=\"font-family: georgia, palatino, serif; font-size: 18pt; color: #000000;\">O Rio Grande do Sul \u00e9 indiscutivelmente um estado que se destaca quando o assunto \u00e9 mobiliza\u00e7\u00e3o, e a manifesta\u00e7\u00e3o do radialista exprime a indigna\u00e7\u00e3o de todos n\u00f3s.<\/span><\/p>\n<p><span style=\"font-family: georgia, palatino, serif; font-size: 18pt; color: #000000;\">Escute:<\/span><\/p>\n<audio class=\"wp-audio-shortcode\" id=\"audio-13247-1\" preload=\"none\" style=\"width: 100%;\" controls=\"controls\"><source type=\"audio\/mpeg\" src=\"https:\/\/gersonguelmann.com.br\/blog\/wp-content\/uploads\/2018\/05\/AUD-20180524-WA0054-1.mp3?_=1\" \/><a href=\"https:\/\/gersonguelmann.com.br\/blog\/wp-content\/uploads\/2018\/05\/AUD-20180524-WA0054-1.mp3\">https:\/\/gersonguelmann.com.br\/blog\/wp-content\/uploads\/2018\/05\/AUD-20180524-WA0054-1.mp3<\/a><\/audio>\n","protected":false},"excerpt":{"rendered":"<p>Recebi este \u00e1udio hoje cedo. \u00c9 da transmiss\u00e3o de programa de ontem da R\u00e1dio Noroeste de Santa Rosa\/RS, e a voz \u00e9 do locutor Jairo Madril, que faz o Jornal Noroeste naquela emissora, todas as manh\u00e3s. O Rio Grande do Sul \u00e9 indiscutivelmente um estado que se destaca quando o assunto \u00e9 mobiliza\u00e7\u00e3o, e a [&hellip;]<\/p>\n","protected":false},"author":5,"featured_media":13249,"comment_status":"open","ping_status":"open","sticky":false,"template":"","format":"standard","meta":{"_acf_changed":false,"jetpack_post_was_ever_published":false,"_jetpack_newsletter_access":"","_jetpack_dont_email_post_to_subs":false,"_jetpack_newsletter_tier_id":0,"_jetpack_memberships_contains_paywalled_content":false,"_jetpack_memberships_contains_paid_content":false,"footnotes":"","jetpack_publicize_message":"","jetpack_publicize_feature_enabled":true,"jetpack_social_post_already_shared":true,"jetpack_social_options":{"image_generator_settings":{"template":"highway","default_image_id":0,"font":"","enabled":false},"version":2}},"categories":[1],"tags":[],"class_list":["post-13247","post","type-post","status-publish","format-standard","has-post-thumbnail","hentry","category-sem-categoria"],"acf":[],"yoast_head":"<!-- This site is optimized with the Yoast SEO plugin v27.3 - https:\/\/yoast.com\/product\/yoast-seo-wordpress\/ -->\n<title>Locutor Ga\u00facho Falando Sobre os Caminhoneiros | Blog do Guelmann<\/title>\n<meta name=\"robots\" content=\"index, follow, max-snippet:-1, max-image-preview:large, max-video-preview:-1\" \/>\n<link rel=\"canonical\" href=\"https:\/\/gersonguelmann.com.br\/blog\/locutor-gaucho-falando-sobre-os-caminhoneiros\/\" \/>\n<meta property=\"og:locale\" content=\"pt_BR\" \/>\n<meta property=\"og:type\" content=\"article\" \/>\n<meta property=\"og:title\" content=\"Locutor Ga\u00facho Falando Sobre os Caminhoneiros | Blog do Guelmann\" \/>\n<meta property=\"og:description\" content=\"Recebi este \u00e1udio hoje cedo. \u00c9 da transmiss\u00e3o de programa de ontem da R\u00e1dio Noroeste de Santa Rosa\/RS, e a voz \u00e9 do locutor Jairo Madril, que faz o Jornal Noroeste naquela emissora, todas as manh\u00e3s. O Rio Grande do Sul \u00e9 indiscutivelmente um estado que se destaca quando o assunto \u00e9 mobiliza\u00e7\u00e3o, e a [&hellip;]\" \/>\n<meta property=\"og:url\" content=\"https:\/\/gersonguelmann.com.br\/blog\/locutor-gaucho-falando-sobre-os-caminhoneiros\/\" \/>\n<meta property=\"og:site_name\" content=\"Blog do Guelmann\" \/>\n<meta property=\"article:published_time\" content=\"2018-05-24T18:16:53+00:00\" \/>\n<meta property=\"og:image\" content=\"https:\/\/i0.wp.com\/gersonguelmann.com.br\/blog\/wp-content\/uploads\/2018\/05\/greve.jpg?fit=2000%2C1200&ssl=1\" \/>\n\t<meta property=\"og:image:width\" content=\"2000\" \/>\n\t<meta property=\"og:image:height\" content=\"1200\" \/>\n\t<meta property=\"og:image:type\" content=\"image\/jpeg\" \/>\n<meta name=\"author\" content=\"Gerson Guelmann\" \/>\n<meta name=\"twitter:card\" content=\"summary_large_image\" \/>\n<meta name=\"twitter:label1\" content=\"Escrito por\" \/>\n\t<meta name=\"twitter:data1\" content=\"Gerson Guelmann\" \/>\n<script type=\"application\/ld+json\" class=\"yoast-schema-graph\">{\"@context\":\"https:\\\/\\\/schema.org\",\"@graph\":[{\"@type\":\"Article\",\"@id\":\"https:\\\/\\\/gersonguelmann.com.br\\\/blog\\\/locutor-gaucho-falando-sobre-os-caminhoneiros\\\/#article\",\"isPartOf\":{\"@id\":\"https:\\\/\\\/gersonguelmann.com.br\\\/blog\\\/locutor-gaucho-falando-sobre-os-caminhoneiros\\\/\"},\"author\":{\"name\":\"Gerson Guelmann\",\"@id\":\"https:\\\/\\\/gersonguelmann.com.br\\\/blog\\\/#\\\/schema\\\/person\\\/87e70e2a786888082f941a482c90569e\"},\"headline\":\"Locutor Ga\u00facho Falando Sobre os Caminhoneiros\",\"datePublished\":\"2018-05-24T18:16:53+00:00\",\"mainEntityOfPage\":{\"@id\":\"https:\\\/\\\/gersonguelmann.com.br\\\/blog\\\/locutor-gaucho-falando-sobre-os-caminhoneiros\\\/\"},\"wordCount\":90,\"commentCount\":1,\"image\":{\"@id\":\"https:\\\/\\\/gersonguelmann.com.br\\\/blog\\\/locutor-gaucho-falando-sobre-os-caminhoneiros\\\/#primaryimage\"},\"thumbnailUrl\":\"https:\\\/\\\/i0.wp.com\\\/gersonguelmann.com.br\\\/blog\\\/wp-content\\\/uploads\\\/2018\\\/05\\\/greve.jpg?fit=2000%2C1200&ssl=1\",\"inLanguage\":\"pt-BR\",\"potentialAction\":[{\"@type\":\"CommentAction\",\"name\":\"Comment\",\"target\":[\"https:\\\/\\\/gersonguelmann.com.br\\\/blog\\\/locutor-gaucho-falando-sobre-os-caminhoneiros\\\/#respond\"]}]},{\"@type\":\"WebPage\",\"@id\":\"https:\\\/\\\/gersonguelmann.com.br\\\/blog\\\/locutor-gaucho-falando-sobre-os-caminhoneiros\\\/\",\"url\":\"https:\\\/\\\/gersonguelmann.com.br\\\/blog\\\/locutor-gaucho-falando-sobre-os-caminhoneiros\\\/\",\"name\":\"Locutor Ga\u00facho Falando Sobre os Caminhoneiros | Blog do Guelmann\",\"isPartOf\":{\"@id\":\"https:\\\/\\\/gersonguelmann.com.br\\\/blog\\\/#website\"},\"primaryImageOfPage\":{\"@id\":\"https:\\\/\\\/gersonguelmann.com.br\\\/blog\\\/locutor-gaucho-falando-sobre-os-caminhoneiros\\\/#primaryimage\"},\"image\":{\"@id\":\"https:\\\/\\\/gersonguelmann.com.br\\\/blog\\\/locutor-gaucho-falando-sobre-os-caminhoneiros\\\/#primaryimage\"},\"thumbnailUrl\":\"https:\\\/\\\/i0.wp.com\\\/gersonguelmann.com.br\\\/blog\\\/wp-content\\\/uploads\\\/2018\\\/05\\\/greve.jpg?fit=2000%2C1200&ssl=1\",\"datePublished\":\"2018-05-24T18:16:53+00:00\",\"author\":{\"@id\":\"https:\\\/\\\/gersonguelmann.com.br\\\/blog\\\/#\\\/schema\\\/person\\\/87e70e2a786888082f941a482c90569e\"},\"inLanguage\":\"pt-BR\",\"potentialAction\":[{\"@type\":\"ReadAction\",\"target\":[\"https:\\\/\\\/gersonguelmann.com.br\\\/blog\\\/locutor-gaucho-falando-sobre-os-caminhoneiros\\\/\"]}]},{\"@type\":\"ImageObject\",\"inLanguage\":\"pt-BR\",\"@id\":\"https:\\\/\\\/gersonguelmann.com.br\\\/blog\\\/locutor-gaucho-falando-sobre-os-caminhoneiros\\\/#primaryimage\",\"url\":\"https:\\\/\\\/i0.wp.com\\\/gersonguelmann.com.br\\\/blog\\\/wp-content\\\/uploads\\\/2018\\\/05\\\/greve.jpg?fit=2000%2C1200&ssl=1\",\"contentUrl\":\"https:\\\/\\\/i0.wp.com\\\/gersonguelmann.com.br\\\/blog\\\/wp-content\\\/uploads\\\/2018\\\/05\\\/greve.jpg?fit=2000%2C1200&ssl=1\",\"width\":2000,\"height\":1200},{\"@type\":\"WebSite\",\"@id\":\"https:\\\/\\\/gersonguelmann.com.br\\\/blog\\\/#website\",\"url\":\"https:\\\/\\\/gersonguelmann.com.br\\\/blog\\\/\",\"name\":\"Blog do Guelmann\",\"description\":\"Pitadas da sabedoria e do humor judaicos, assuntos do momento e um pouco das hist\u00f3rias que vivi e testemunhei.\",\"potentialAction\":[{\"@type\":\"SearchAction\",\"target\":{\"@type\":\"EntryPoint\",\"urlTemplate\":\"https:\\\/\\\/gersonguelmann.com.br\\\/blog\\\/?s={search_term_string}\"},\"query-input\":{\"@type\":\"PropertyValueSpecification\",\"valueRequired\":true,\"valueName\":\"search_term_string\"}}],\"inLanguage\":\"pt-BR\"},{\"@type\":\"Person\",\"@id\":\"https:\\\/\\\/gersonguelmann.com.br\\\/blog\\\/#\\\/schema\\\/person\\\/87e70e2a786888082f941a482c90569e\",\"name\":\"Gerson Guelmann\",\"image\":{\"@type\":\"ImageObject\",\"inLanguage\":\"pt-BR\",\"@id\":\"https:\\\/\\\/i0.wp.com\\\/gersonguelmann.com.br\\\/blog\\\/wp-content\\\/uploads\\\/2021\\\/08\\\/BLOG.jpeg?fit=96%2C96&ssl=1\",\"url\":\"https:\\\/\\\/i0.wp.com\\\/gersonguelmann.com.br\\\/blog\\\/wp-content\\\/uploads\\\/2021\\\/08\\\/BLOG.jpeg?fit=96%2C96&ssl=1\",\"contentUrl\":\"https:\\\/\\\/i0.wp.com\\\/gersonguelmann.com.br\\\/blog\\\/wp-content\\\/uploads\\\/2021\\\/08\\\/BLOG.jpeg?fit=96%2C96&ssl=1\",\"caption\":\"Gerson Guelmann\"},\"description\":\"Pitadas da sabedoria e do humor judaicos, assuntos do momento e um pouco das hist\u00f3rias que vivi e testemunhei.\"}]}<\/script>\n<!-- \/ Yoast SEO plugin. -->","yoast_head_json":{"title":"Locutor Ga\u00facho Falando Sobre os Caminhoneiros | Blog do Guelmann","robots":{"index":"index","follow":"follow","max-snippet":"max-snippet:-1","max-image-preview":"max-image-preview:large","max-video-preview":"max-video-preview:-1"},"canonical":"https:\/\/gersonguelmann.com.br\/blog\/locutor-gaucho-falando-sobre-os-caminhoneiros\/","og_locale":"pt_BR","og_type":"article","og_title":"Locutor Ga\u00facho Falando Sobre os Caminhoneiros | Blog do Guelmann","og_description":"Recebi este \u00e1udio hoje cedo. \u00c9 da transmiss\u00e3o de programa de ontem da R\u00e1dio Noroeste de Santa Rosa\/RS, e a voz \u00e9 do locutor Jairo Madril, que faz o Jornal Noroeste naquela emissora, todas as manh\u00e3s. O Rio Grande do Sul \u00e9 indiscutivelmente um estado que se destaca quando o assunto \u00e9 mobiliza\u00e7\u00e3o, e a [&hellip;]","og_url":"https:\/\/gersonguelmann.com.br\/blog\/locutor-gaucho-falando-sobre-os-caminhoneiros\/","og_site_name":"Blog do Guelmann","article_published_time":"2018-05-24T18:16:53+00:00","og_image":[{"width":2000,"height":1200,"url":"https:\/\/i0.wp.com\/gersonguelmann.com.br\/blog\/wp-content\/uploads\/2018\/05\/greve.jpg?fit=2000%2C1200&ssl=1","type":"image\/jpeg"}],"author":"Gerson Guelmann","twitter_card":"summary_large_image","twitter_misc":{"Escrito por":"Gerson Guelmann"},"schema":{"@context":"https:\/\/schema.org","@graph":[{"@type":"Article","@id":"https:\/\/gersonguelmann.com.br\/blog\/locutor-gaucho-falando-sobre-os-caminhoneiros\/#article","isPartOf":{"@id":"https:\/\/gersonguelmann.com.br\/blog\/locutor-gaucho-falando-sobre-os-caminhoneiros\/"},"author":{"name":"Gerson Guelmann","@id":"https:\/\/gersonguelmann.com.br\/blog\/#\/schema\/person\/87e70e2a786888082f941a482c90569e"},"headline":"Locutor Ga\u00facho Falando Sobre os Caminhoneiros","datePublished":"2018-05-24T18:16:53+00:00","mainEntityOfPage":{"@id":"https:\/\/gersonguelmann.com.br\/blog\/locutor-gaucho-falando-sobre-os-caminhoneiros\/"},"wordCount":90,"commentCount":1,"image":{"@id":"https:\/\/gersonguelmann.com.br\/blog\/locutor-gaucho-falando-sobre-os-caminhoneiros\/#primaryimage"},"thumbnailUrl":"https:\/\/i0.wp.com\/gersonguelmann.com.br\/blog\/wp-content\/uploads\/2018\/05\/greve.jpg?fit=2000%2C1200&ssl=1","inLanguage":"pt-BR","potentialAction":[{"@type":"CommentAction","name":"Comment","target":["https:\/\/gersonguelmann.com.br\/blog\/locutor-gaucho-falando-sobre-os-caminhoneiros\/#respond"]}]},{"@type":"WebPage","@id":"https:\/\/gersonguelmann.com.br\/blog\/locutor-gaucho-falando-sobre-os-caminhoneiros\/","url":"https:\/\/gersonguelmann.com.br\/blog\/locutor-gaucho-falando-sobre-os-caminhoneiros\/","name":"Locutor Ga\u00facho Falando Sobre os Caminhoneiros | Blog do Guelmann","isPartOf":{"@id":"https:\/\/gersonguelmann.com.br\/blog\/#website"},"primaryImageOfPage":{"@id":"https:\/\/gersonguelmann.com.br\/blog\/locutor-gaucho-falando-sobre-os-caminhoneiros\/#primaryimage"},"image":{"@id":"https:\/\/gersonguelmann.com.br\/blog\/locutor-gaucho-falando-sobre-os-caminhoneiros\/#primaryimage"},"thumbnailUrl":"https:\/\/i0.wp.com\/gersonguelmann.com.br\/blog\/wp-content\/uploads\/2018\/05\/greve.jpg?fit=2000%2C1200&ssl=1","datePublished":"2018-05-24T18:16:53+00:00","author":{"@id":"https:\/\/gersonguelmann.com.br\/blog\/#\/schema\/person\/87e70e2a786888082f941a482c90569e"},"inLanguage":"pt-BR","potentialAction":[{"@type":"ReadAction","target":["https:\/\/gersonguelmann.com.br\/blog\/locutor-gaucho-falando-sobre-os-caminhoneiros\/"]}]},{"@type":"ImageObject","inLanguage":"pt-BR","@id":"https:\/\/gersonguelmann.com.br\/blog\/locutor-gaucho-falando-sobre-os-caminhoneiros\/#primaryimage","url":"https:\/\/i0.wp.com\/gersonguelmann.com.br\/blog\/wp-content\/uploads\/2018\/05\/greve.jpg?fit=2000%2C1200&ssl=1","contentUrl":"https:\/\/i0.wp.com\/gersonguelmann.com.br\/blog\/wp-content\/uploads\/2018\/05\/greve.jpg?fit=2000%2C1200&ssl=1","width":2000,"height":1200},{"@type":"WebSite","@id":"https:\/\/gersonguelmann.com.br\/blog\/#website","url":"https:\/\/gersonguelmann.com.br\/blog\/","name":"Blog do Guelmann","description":"Pitadas da sabedoria e do humor judaicos, assuntos do momento e um pouco das hist\u00f3rias que vivi e testemunhei.","potentialAction":[{"@type":"SearchAction","target":{"@type":"EntryPoint","urlTemplate":"https:\/\/gersonguelmann.com.br\/blog\/?s={search_term_string}"},"query-input":{"@type":"PropertyValueSpecification","valueRequired":true,"valueName":"search_term_string"}}],"inLanguage":"pt-BR"},{"@type":"Person","@id":"https:\/\/gersonguelmann.com.br\/blog\/#\/schema\/person\/87e70e2a786888082f941a482c90569e","name":"Gerson Guelmann","image":{"@type":"ImageObject","inLanguage":"pt-BR","@id":"https:\/\/i0.wp.com\/gersonguelmann.com.br\/blog\/wp-content\/uploads\/2021\/08\/BLOG.jpeg?fit=96%2C96&ssl=1","url":"https:\/\/i0.wp.com\/gersonguelmann.com.br\/blog\/wp-content\/uploads\/2021\/08\/BLOG.jpeg?fit=96%2C96&ssl=1","contentUrl":"https:\/\/i0.wp.com\/gersonguelmann.com.br\/blog\/wp-content\/uploads\/2021\/08\/BLOG.jpeg?fit=96%2C96&ssl=1","caption":"Gerson Guelmann"},"description":"Pitadas da sabedoria e do humor judaicos, assuntos do momento e um pouco das hist\u00f3rias que vivi e testemunhei."}]}},"views":50,"jetpack_publicize_connections":[],"jetpack_featured_media_url":"https:\/\/i0.wp.com\/gersonguelmann.com.br\/blog\/wp-content\/uploads\/2018\/05\/greve.jpg?fit=2000%2C1200&ssl=1","jetpack_shortlink":"https:\/\/wp.me\/p96e7O-3rF","jetpack-related-posts":[{"id":8235,"url":"https:\/\/gersonguelmann.com.br\/blog\/para-os-antigos-o-ultimo-reporter-esso\/","url_meta":{"origin":13247,"position":0},"title":"Para os Antigos: O \u00daltimo Rep\u00f3rter Esso","author":"Gerson Guelmann","date":"6 de fevereiro de 2018","format":false,"excerpt":"O Rep\u00f3rter Esso foi um notici\u00e1rio radiof\u00f4nico que marcou \u00e9poca no Brasil. As transmiss\u00f5es come\u00e7aram em 28 de agosto de 1941 e continuaram at\u00e9 31 de dezembro de 1968. Os mais antigos lembram com saudade do slogan \"Testemunha Ocular da Hist\u00f3ria\" e da voz do locutor mais conhecido, Heron Domingues.\u2026","rel":"","context":"Em &quot;Sem categoria&quot;","block_context":{"text":"Sem categoria","link":"https:\/\/gersonguelmann.com.br\/blog\/category\/sem-categoria\/"},"img":{"alt_text":"","src":"https:\/\/i0.wp.com\/gersonguelmann.com.br\/blog\/wp-content\/uploads\/2018\/02\/Rep%C3%B3rter.gif?fit=1024%2C723&ssl=1&resize=350%2C200","width":350,"height":200,"srcset":"https:\/\/i0.wp.com\/gersonguelmann.com.br\/blog\/wp-content\/uploads\/2018\/02\/Rep%C3%B3rter.gif?fit=1024%2C723&ssl=1&resize=350%2C200 1x, https:\/\/i0.wp.com\/gersonguelmann.com.br\/blog\/wp-content\/uploads\/2018\/02\/Rep%C3%B3rter.gif?fit=1024%2C723&ssl=1&resize=525%2C300 1.5x, https:\/\/i0.wp.com\/gersonguelmann.com.br\/blog\/wp-content\/uploads\/2018\/02\/Rep%C3%B3rter.gif?fit=1024%2C723&ssl=1&resize=700%2C400 2x"},"classes":[]},{"id":17472,"url":"https:\/\/gersonguelmann.com.br\/blog\/os-mais-velhos-vao-lembrar-os-mais-novos-nao-sabem-o-que-e\/","url_meta":{"origin":13247,"position":1},"title":"Os Mais Velhos V\u00e3o Lembrar, Os Mais Novos N\u00e3o Sabem O Que \u00c9","author":"Gerson Guelmann","date":"14 de julho de 2019","format":false,"excerpt":"Recebi o \u00e1udio que voc\u00ea ouvir\u00e1, com a seguinte observa\u00e7\u00e3o: - \"Os mais velhos v\u00e3o lembrar, os mais novos nem imaginam que pudesse existir algo assim. Ou\u00e7a o audio.\"\u00a0 Quando comecei a postar achei que devia mudar o t\u00edtulo porque realmente os mais novos n\u00e3o podem acreditar que isso existia.\u2026","rel":"","context":"Em &quot;Sem categoria&quot;","block_context":{"text":"Sem categoria","link":"https:\/\/gersonguelmann.com.br\/blog\/category\/sem-categoria\/"},"img":{"alt_text":"","src":"https:\/\/i0.wp.com\/gersonguelmann.com.br\/blog\/wp-content\/uploads\/2019\/07\/radio-broadcast.jpg?fit=960%2C647&ssl=1&resize=350%2C200","width":350,"height":200,"srcset":"https:\/\/i0.wp.com\/gersonguelmann.com.br\/blog\/wp-content\/uploads\/2019\/07\/radio-broadcast.jpg?fit=960%2C647&ssl=1&resize=350%2C200 1x, https:\/\/i0.wp.com\/gersonguelmann.com.br\/blog\/wp-content\/uploads\/2019\/07\/radio-broadcast.jpg?fit=960%2C647&ssl=1&resize=525%2C300 1.5x, https:\/\/i0.wp.com\/gersonguelmann.com.br\/blog\/wp-content\/uploads\/2019\/07\/radio-broadcast.jpg?fit=960%2C647&ssl=1&resize=700%2C400 2x"},"classes":[]},{"id":2269,"url":"https:\/\/gersonguelmann.com.br\/blog\/mt-em-rodeio-acidente-com-fogos-de-artificio-causa-duas-mortes\/","url_meta":{"origin":13247,"position":2},"title":"MT: Em Rodeio, Acidente Com Fogos de Artif\u00edcio Causa Duas Mortes","author":"Gerson Guelmann","date":"1 de outubro de 2017","format":false,"excerpt":"Um acidente com fogos de artif\u00edcio ocasionou a morte de dois espectadores e ferimentos em outros trinta, ontem a noite, no in\u00edcio do rodeio que seria realizado durante uma feira agropecu\u00e1ria em Bom Jesus do Araguaia, no MT. No momento em que o locutor do rodeio estava come\u00e7ando a falar,\u2026","rel":"","context":"Em &quot;Sem categoria&quot;","block_context":{"text":"Sem categoria","link":"https:\/\/gersonguelmann.com.br\/blog\/category\/sem-categoria\/"},"img":{"alt_text":"","src":"https:\/\/i0.wp.com\/gersonguelmann.com.br\/blog\/wp-content\/uploads\/2017\/10\/Fogos.png?fit=1200%2C675&ssl=1&resize=350%2C200","width":350,"height":200,"srcset":"https:\/\/i0.wp.com\/gersonguelmann.com.br\/blog\/wp-content\/uploads\/2017\/10\/Fogos.png?fit=1200%2C675&ssl=1&resize=350%2C200 1x, https:\/\/i0.wp.com\/gersonguelmann.com.br\/blog\/wp-content\/uploads\/2017\/10\/Fogos.png?fit=1200%2C675&ssl=1&resize=525%2C300 1.5x, https:\/\/i0.wp.com\/gersonguelmann.com.br\/blog\/wp-content\/uploads\/2017\/10\/Fogos.png?fit=1200%2C675&ssl=1&resize=700%2C400 2x, https:\/\/i0.wp.com\/gersonguelmann.com.br\/blog\/wp-content\/uploads\/2017\/10\/Fogos.png?fit=1200%2C675&ssl=1&resize=1050%2C600 3x"},"classes":[]},{"id":13978,"url":"https:\/\/gersonguelmann.com.br\/blog\/da-prisao-em-curitiba-lula-comentara-a-copa\/","url_meta":{"origin":13247,"position":3},"title":"Da Pris\u00e3o Em Curitiba, Lula Comentar\u00e1 a Copa","author":"Gerson Guelmann","date":"14 de junho de 2018","format":false,"excerpt":"Eu sei que \u00e9 dif\u00edcil acreditar, mas foi publicado hoje por v\u00e1rios sites, um dos quais o Terra: COPA DO MUNDO Lula 'comentar\u00e1' jogos da Copa do Mundo em TV p\u00fablica O ex-presidente enviar\u00e1 textos para o programa de Jos\u00e9 Trajano 14 JUN2018 -\u00a020h28 - atualizado \u00e0s 20h47 O ex-presidente\u2026","rel":"","context":"Em &quot;Sem categoria&quot;","block_context":{"text":"Sem categoria","link":"https:\/\/gersonguelmann.com.br\/blog\/category\/sem-categoria\/"},"img":{"alt_text":"","src":"https:\/\/i0.wp.com\/gersonguelmann.com.br\/blog\/wp-content\/uploads\/2018\/06\/Lula.png?fit=400%2C300&ssl=1&resize=350%2C200","width":350,"height":200},"classes":[]},{"id":10937,"url":"https:\/\/gersonguelmann.com.br\/blog\/maravilha-jovem-londrinense-e-selecionado-pelo-cirque-du-soleil\/","url_meta":{"origin":13247,"position":4},"title":"Maravilha: Jovem Londrinense \u00c9 Selecionado Pelo Cirque du Soleil","author":"Gerson Guelmann","date":"27 de mar\u00e7o de 2018","format":false,"excerpt":"Deu na RPC\/Norte e Noroeste: \"Ex-aluno de projeto social, londrinense \u00e9 selecionado pelo Cirque du Soleil Acrobata Jonathan Lima, de 25 anos, conheceu arte do circo aos dez anos. Ele foi um dos 10 selecionados entre 270 inscritos. Ex-aluno de um projeto social, o acrobata londrinense Jonathan Lima, de 25\u2026","rel":"","context":"Em &quot;Sem categoria&quot;","block_context":{"text":"Sem categoria","link":"https:\/\/gersonguelmann.com.br\/blog\/category\/sem-categoria\/"},"img":{"alt_text":"","src":"https:\/\/i0.wp.com\/gersonguelmann.com.br\/blog\/wp-content\/uploads\/2018\/03\/Cirque.jpg?fit=1200%2C673&ssl=1&resize=350%2C200","width":350,"height":200,"srcset":"https:\/\/i0.wp.com\/gersonguelmann.com.br\/blog\/wp-content\/uploads\/2018\/03\/Cirque.jpg?fit=1200%2C673&ssl=1&resize=350%2C200 1x, https:\/\/i0.wp.com\/gersonguelmann.com.br\/blog\/wp-content\/uploads\/2018\/03\/Cirque.jpg?fit=1200%2C673&ssl=1&resize=525%2C300 1.5x, https:\/\/i0.wp.com\/gersonguelmann.com.br\/blog\/wp-content\/uploads\/2018\/03\/Cirque.jpg?fit=1200%2C673&ssl=1&resize=700%2C400 2x, https:\/\/i0.wp.com\/gersonguelmann.com.br\/blog\/wp-content\/uploads\/2018\/03\/Cirque.jpg?fit=1200%2C673&ssl=1&resize=1050%2C600 3x"},"classes":[]},{"id":14349,"url":"https:\/\/gersonguelmann.com.br\/blog\/no-final-da-novela-da-copa-neymar-ficara-com-bruna-marquezine-ou-galvao-bueno\/","url_meta":{"origin":13247,"position":5},"title":"No Final da Novela da Copa Neymar Ficar\u00e1 Com Bruna Marquezine ou Galv\u00e3o Bueno?","author":"Gerson Guelmann","date":"28 de junho de 2018","format":false,"excerpt":"As redes sociais foram inundadas nos \u00faltimos dias com as revela\u00e7\u00f5es do mal-estar criado entre Galv\u00e3o Bueno e o jogador Neymar Junior, que de \"queridinho\" do locutor teria passado a desafeto. Veja mat\u00e9ria que foi publicada h\u00e1 pouco no site Terra: BLOG SALA DE TV T\u00f4 de mal: briguinha de\u2026","rel":"","context":"Em &quot;Sem categoria&quot;","block_context":{"text":"Sem categoria","link":"https:\/\/gersonguelmann.com.br\/blog\/category\/sem-categoria\/"},"img":{"alt_text":"Jeff Ben\u00edcio","src":"https:\/\/i0.wp.com\/p2.trrsf.com\/image\/fget\/cf\/40\/40\/images.terra.com\/2016\/09\/13\/jb-foto-perfil-blog-sala-de-tv.jpg?resize=350%2C200&ssl=1","width":350,"height":200},"classes":[]}],"jetpack_sharing_enabled":true,"post_mailing_queue_ids":[],"_links":{"self":[{"href":"https:\/\/gersonguelmann.com.br\/blog\/wp-json\/wp\/v2\/posts\/13247","targetHints":{"allow":["GET"]}}],"collection":[{"href":"https:\/\/gersonguelmann.com.br\/blog\/wp-json\/wp\/v2\/posts"}],"about":[{"href":"https:\/\/gersonguelmann.com.br\/blog\/wp-json\/wp\/v2\/types\/post"}],"author":[{"embeddable":true,"href":"https:\/\/gersonguelmann.com.br\/blog\/wp-json\/wp\/v2\/users\/5"}],"replies":[{"embeddable":true,"href":"https:\/\/gersonguelmann.com.br\/blog\/wp-json\/wp\/v2\/comments?post=13247"}],"version-history":[{"count":0,"href":"https:\/\/gersonguelmann.com.br\/blog\/wp-json\/wp\/v2\/posts\/13247\/revisions"}],"wp:featuredmedia":[{"embeddable":true,"href":"https:\/\/gersonguelmann.com.br\/blog\/wp-json\/wp\/v2\/media\/13249"}],"wp:attachment":[{"href":"https:\/\/gersonguelmann.com.br\/blog\/wp-json\/wp\/v2\/media?parent=13247"}],"wp:term":[{"taxonomy":"category","embeddable":true,"href":"https:\/\/gersonguelmann.com.br\/blog\/wp-json\/wp\/v2\/categories?post=13247"},{"taxonomy":"post_tag","embeddable":true,"href":"https:\/\/gersonguelmann.com.br\/blog\/wp-json\/wp\/v2\/tags?post=13247"}],"curies":[{"name":"wp","href":"https:\/\/api.w.org\/{rel}","templated":true}]}}