    {"id":13255,"date":"2018-05-24T16:53:01","date_gmt":"2018-05-24T19:53:01","guid":{"rendered":"https:\/\/gersonguelmann.com.br\/blog\/?p=13255"},"modified":"2018-05-24T16:53:01","modified_gmt":"2018-05-24T19:53:01","slug":"carrefour-limita-compra-para-evitar-desabastecimento","status":"publish","type":"post","link":"https:\/\/gersonguelmann.com.br\/blog\/carrefour-limita-compra-para-evitar-desabastecimento\/","title":{"rendered":"Carrefour Limita Compra Para Evitar Desabastecimento"},"content":{"rendered":"<p><span style=\"color: #000000; font-family: georgia, palatino, serif; font-size: 18pt;\">Como reflexo da situa\u00e7\u00e3o provocada pela paralisa\u00e7\u00e3o dos caminhoneiros, a rede de varejo Carrefour come\u00e7ou a restringir as quantidades na compra de produtos.<\/span><\/p>\n<p><span style=\"color: #000000; font-family: georgia, palatino, serif; font-size: 18pt;\">Leia mat\u00e9ria publicada pela Isto\u00c9:<\/span><\/p>\n<p class=\"tags-materia\"><span style=\"color: #ff0000;\"><strong>GERAL<\/strong><\/span><\/p>\n<h1><span style=\"color: #000000;\">Carrefour restringe compra a cinco unidades de cada produto para prevenir desabastecimento<\/span><\/h1>\n<p class=\"author\"><span style=\"color: #ff0000;\"><strong>Da Reda\u00e7\u00e3o<\/strong><\/span><\/p>\n<p><strong><span style=\"color: #000000;\"><time datetime=\"2018-05-24 15:56\">24\/05\/18 &#8211; 15h56 &#8211; Atualizado em 24\/05\/18 &#8211; 16h21<\/time><\/span><\/strong><\/p>\n<p><span style=\"color: #000000; font-size: 14pt;\">A rede de supermercados Carrefour decidiu limitar a compra a 5 unidades de cada produto, nesta quinta-feira (24), segundo informa\u00e7\u00f5es do G1.\u00a0\u00a0De acordo com nota enviada pela rede, a medida da limita\u00e7\u00e3o foi adotada preventivamente, diante do risco de desabastecimento durante a greve de caminhoneiros que afeta todo o Pa\u00eds.<\/span><\/p>\n<p><span style=\"color: #000000; font-size: 14pt;\">Ainda segundo o Carrefour, a rede n\u00e3o enfrenta \u201cgrandes problemas em suas lojas, por enquanto\u201d por causa dos estoques.<\/span><\/p>\n<p><span style=\"font-family: georgia, palatino, serif; font-size: 18pt; color: #000000;\">A mat\u00e9ria original <span style=\"color: #0000ff;\"><a style=\"color: #0000ff;\" href=\"https:\/\/istoe.com.br\/carrefour-restringe-compra-a-cinco-unidades-de-cada-produto-para-prevenir-desabastecimento\/\"><em><strong>est\u00e1 aqui<\/strong><\/em><\/a><\/span>.<\/span><\/p>\n<p><img data-recalc-dims=\"1\" decoding=\"async\" data-attachment-id=\"13256\" data-permalink=\"https:\/\/gersonguelmann.com.br\/blog\/carrefour-limita-compra-para-evitar-desabastecimento\/download-57\/\" data-orig-file=\"https:\/\/i0.wp.com\/gersonguelmann.com.br\/blog\/wp-content\/uploads\/2018\/05\/download-2.png?fit=318%2C159&amp;ssl=1\" data-orig-size=\"318,159\" data-comments-opened=\"1\" data-image-meta=\"{&quot;aperture&quot;:&quot;0&quot;,&quot;credit&quot;:&quot;&quot;,&quot;camera&quot;:&quot;&quot;,&quot;caption&quot;:&quot;&quot;,&quot;created_timestamp&quot;:&quot;0&quot;,&quot;copyright&quot;:&quot;&quot;,&quot;focal_length&quot;:&quot;0&quot;,&quot;iso&quot;:&quot;0&quot;,&quot;shutter_speed&quot;:&quot;0&quot;,&quot;title&quot;:&quot;&quot;,&quot;orientation&quot;:&quot;0&quot;}\" data-image-title=\"download\" data-image-description=\"\" data-image-caption=\"\" data-medium-file=\"https:\/\/i0.wp.com\/gersonguelmann.com.br\/blog\/wp-content\/uploads\/2018\/05\/download-2.png?fit=300%2C150&amp;ssl=1\" data-large-file=\"https:\/\/i0.wp.com\/gersonguelmann.com.br\/blog\/wp-content\/uploads\/2018\/05\/download-2.png?fit=318%2C159&amp;ssl=1\" class=\"size-medium wp-image-13256 aligncenter\" src=\"https:\/\/i0.wp.com\/gersonguelmann.com.br\/blog\/wp-content\/uploads\/2018\/05\/download-2.png?resize=300%2C150&#038;ssl=1\" alt=\"\" width=\"300\" height=\"150\" srcset=\"https:\/\/i0.wp.com\/gersonguelmann.com.br\/blog\/wp-content\/uploads\/2018\/05\/download-2.png?resize=300%2C150&amp;ssl=1 300w, https:\/\/i0.wp.com\/gersonguelmann.com.br\/blog\/wp-content\/uploads\/2018\/05\/download-2.png?w=318&amp;ssl=1 318w\" sizes=\"(max-width: 300px) 100vw, 300px\" \/><\/p>\n","protected":false},"excerpt":{"rendered":"<p>Como reflexo da situa\u00e7\u00e3o provocada pela paralisa\u00e7\u00e3o dos caminhoneiros, a rede de varejo Carrefour come\u00e7ou a restringir as quantidades na compra de produtos. Leia mat\u00e9ria publicada pela Isto\u00c9: GERAL Carrefour restringe compra a cinco unidades de cada produto para prevenir desabastecimento Da Reda\u00e7\u00e3o 24\/05\/18 &#8211; 15h56 &#8211; Atualizado em 24\/05\/18 &#8211; 16h21 A rede de [&hellip;]<\/p>\n","protected":false},"author":5,"featured_media":13256,"comment_status":"open","ping_status":"open","sticky":false,"template":"","format":"standard","meta":{"_acf_changed":false,"jetpack_post_was_ever_published":false,"_jetpack_newsletter_access":"","_jetpack_dont_email_post_to_subs":false,"_jetpack_newsletter_tier_id":0,"_jetpack_memberships_contains_paywalled_content":false,"_jetpack_memberships_contains_paid_content":false,"footnotes":"","jetpack_publicize_message":"","jetpack_publicize_feature_enabled":true,"jetpack_social_post_already_shared":true,"jetpack_social_options":{"image_generator_settings":{"template":"highway","default_image_id":0,"font":"","enabled":false},"version":2}},"categories":[1],"tags":[],"class_list":["post-13255","post","type-post","status-publish","format-standard","has-post-thumbnail","hentry","category-sem-categoria"],"acf":[],"yoast_head":"<!-- This site is optimized with the Yoast SEO plugin v27.3 - https:\/\/yoast.com\/product\/yoast-seo-wordpress\/ -->\n<title>Carrefour Limita Compra Para Evitar Desabastecimento | Blog do Guelmann<\/title>\n<meta name=\"robots\" content=\"index, follow, max-snippet:-1, max-image-preview:large, max-video-preview:-1\" \/>\n<link rel=\"canonical\" href=\"https:\/\/gersonguelmann.com.br\/blog\/carrefour-limita-compra-para-evitar-desabastecimento\/\" \/>\n<meta property=\"og:locale\" content=\"pt_BR\" \/>\n<meta property=\"og:type\" content=\"article\" \/>\n<meta property=\"og:title\" content=\"Carrefour Limita Compra Para Evitar Desabastecimento | Blog do Guelmann\" \/>\n<meta property=\"og:description\" content=\"Como reflexo da situa\u00e7\u00e3o provocada pela paralisa\u00e7\u00e3o dos caminhoneiros, a rede de varejo Carrefour come\u00e7ou a restringir as quantidades na compra de produtos. Leia mat\u00e9ria publicada pela Isto\u00c9: GERAL Carrefour restringe compra a cinco unidades de cada produto para prevenir desabastecimento Da Reda\u00e7\u00e3o 24\/05\/18 &#8211; 15h56 &#8211; Atualizado em 24\/05\/18 &#8211; 16h21 A rede de [&hellip;]\" \/>\n<meta property=\"og:url\" content=\"https:\/\/gersonguelmann.com.br\/blog\/carrefour-limita-compra-para-evitar-desabastecimento\/\" \/>\n<meta property=\"og:site_name\" content=\"Blog do Guelmann\" \/>\n<meta property=\"article:published_time\" content=\"2018-05-24T19:53:01+00:00\" \/>\n<meta property=\"og:image\" content=\"https:\/\/i0.wp.com\/gersonguelmann.com.br\/blog\/wp-content\/uploads\/2018\/05\/download-2.png?fit=318%2C159&ssl=1\" \/>\n\t<meta property=\"og:image:width\" content=\"318\" \/>\n\t<meta property=\"og:image:height\" content=\"159\" \/>\n\t<meta property=\"og:image:type\" content=\"image\/png\" \/>\n<meta name=\"author\" content=\"Gerson Guelmann\" \/>\n<meta name=\"twitter:card\" content=\"summary_large_image\" \/>\n<meta name=\"twitter:label1\" content=\"Escrito por\" \/>\n\t<meta name=\"twitter:data1\" content=\"Gerson Guelmann\" \/>\n\t<meta name=\"twitter:label2\" content=\"Est. tempo de leitura\" \/>\n\t<meta name=\"twitter:data2\" content=\"1 minuto\" \/>\n<script type=\"application\/ld+json\" class=\"yoast-schema-graph\">{\"@context\":\"https:\\\/\\\/schema.org\",\"@graph\":[{\"@type\":\"Article\",\"@id\":\"https:\\\/\\\/gersonguelmann.com.br\\\/blog\\\/carrefour-limita-compra-para-evitar-desabastecimento\\\/#article\",\"isPartOf\":{\"@id\":\"https:\\\/\\\/gersonguelmann.com.br\\\/blog\\\/carrefour-limita-compra-para-evitar-desabastecimento\\\/\"},\"author\":{\"name\":\"Gerson Guelmann\",\"@id\":\"https:\\\/\\\/gersonguelmann.com.br\\\/blog\\\/#\\\/schema\\\/person\\\/87e70e2a786888082f941a482c90569e\"},\"headline\":\"Carrefour Limita Compra Para Evitar Desabastecimento\",\"datePublished\":\"2018-05-24T19:53:01+00:00\",\"mainEntityOfPage\":{\"@id\":\"https:\\\/\\\/gersonguelmann.com.br\\\/blog\\\/carrefour-limita-compra-para-evitar-desabastecimento\\\/\"},\"wordCount\":139,\"commentCount\":0,\"image\":{\"@id\":\"https:\\\/\\\/gersonguelmann.com.br\\\/blog\\\/carrefour-limita-compra-para-evitar-desabastecimento\\\/#primaryimage\"},\"thumbnailUrl\":\"https:\\\/\\\/i0.wp.com\\\/gersonguelmann.com.br\\\/blog\\\/wp-content\\\/uploads\\\/2018\\\/05\\\/download-2.png?fit=318%2C159&ssl=1\",\"inLanguage\":\"pt-BR\",\"potentialAction\":[{\"@type\":\"CommentAction\",\"name\":\"Comment\",\"target\":[\"https:\\\/\\\/gersonguelmann.com.br\\\/blog\\\/carrefour-limita-compra-para-evitar-desabastecimento\\\/#respond\"]}]},{\"@type\":\"WebPage\",\"@id\":\"https:\\\/\\\/gersonguelmann.com.br\\\/blog\\\/carrefour-limita-compra-para-evitar-desabastecimento\\\/\",\"url\":\"https:\\\/\\\/gersonguelmann.com.br\\\/blog\\\/carrefour-limita-compra-para-evitar-desabastecimento\\\/\",\"name\":\"Carrefour Limita Compra Para Evitar Desabastecimento | Blog do Guelmann\",\"isPartOf\":{\"@id\":\"https:\\\/\\\/gersonguelmann.com.br\\\/blog\\\/#website\"},\"primaryImageOfPage\":{\"@id\":\"https:\\\/\\\/gersonguelmann.com.br\\\/blog\\\/carrefour-limita-compra-para-evitar-desabastecimento\\\/#primaryimage\"},\"image\":{\"@id\":\"https:\\\/\\\/gersonguelmann.com.br\\\/blog\\\/carrefour-limita-compra-para-evitar-desabastecimento\\\/#primaryimage\"},\"thumbnailUrl\":\"https:\\\/\\\/i0.wp.com\\\/gersonguelmann.com.br\\\/blog\\\/wp-content\\\/uploads\\\/2018\\\/05\\\/download-2.png?fit=318%2C159&ssl=1\",\"datePublished\":\"2018-05-24T19:53:01+00:00\",\"author\":{\"@id\":\"https:\\\/\\\/gersonguelmann.com.br\\\/blog\\\/#\\\/schema\\\/person\\\/87e70e2a786888082f941a482c90569e\"},\"inLanguage\":\"pt-BR\",\"potentialAction\":[{\"@type\":\"ReadAction\",\"target\":[\"https:\\\/\\\/gersonguelmann.com.br\\\/blog\\\/carrefour-limita-compra-para-evitar-desabastecimento\\\/\"]}]},{\"@type\":\"ImageObject\",\"inLanguage\":\"pt-BR\",\"@id\":\"https:\\\/\\\/gersonguelmann.com.br\\\/blog\\\/carrefour-limita-compra-para-evitar-desabastecimento\\\/#primaryimage\",\"url\":\"https:\\\/\\\/i0.wp.com\\\/gersonguelmann.com.br\\\/blog\\\/wp-content\\\/uploads\\\/2018\\\/05\\\/download-2.png?fit=318%2C159&ssl=1\",\"contentUrl\":\"https:\\\/\\\/i0.wp.com\\\/gersonguelmann.com.br\\\/blog\\\/wp-content\\\/uploads\\\/2018\\\/05\\\/download-2.png?fit=318%2C159&ssl=1\",\"width\":318,\"height\":159},{\"@type\":\"WebSite\",\"@id\":\"https:\\\/\\\/gersonguelmann.com.br\\\/blog\\\/#website\",\"url\":\"https:\\\/\\\/gersonguelmann.com.br\\\/blog\\\/\",\"name\":\"Blog do Guelmann\",\"description\":\"Pitadas da sabedoria e do humor judaicos, assuntos do momento e um pouco das hist\u00f3rias que vivi e testemunhei.\",\"potentialAction\":[{\"@type\":\"SearchAction\",\"target\":{\"@type\":\"EntryPoint\",\"urlTemplate\":\"https:\\\/\\\/gersonguelmann.com.br\\\/blog\\\/?s={search_term_string}\"},\"query-input\":{\"@type\":\"PropertyValueSpecification\",\"valueRequired\":true,\"valueName\":\"search_term_string\"}}],\"inLanguage\":\"pt-BR\"},{\"@type\":\"Person\",\"@id\":\"https:\\\/\\\/gersonguelmann.com.br\\\/blog\\\/#\\\/schema\\\/person\\\/87e70e2a786888082f941a482c90569e\",\"name\":\"Gerson Guelmann\",\"image\":{\"@type\":\"ImageObject\",\"inLanguage\":\"pt-BR\",\"@id\":\"https:\\\/\\\/i0.wp.com\\\/gersonguelmann.com.br\\\/blog\\\/wp-content\\\/uploads\\\/2021\\\/08\\\/BLOG.jpeg?fit=96%2C96&ssl=1\",\"url\":\"https:\\\/\\\/i0.wp.com\\\/gersonguelmann.com.br\\\/blog\\\/wp-content\\\/uploads\\\/2021\\\/08\\\/BLOG.jpeg?fit=96%2C96&ssl=1\",\"contentUrl\":\"https:\\\/\\\/i0.wp.com\\\/gersonguelmann.com.br\\\/blog\\\/wp-content\\\/uploads\\\/2021\\\/08\\\/BLOG.jpeg?fit=96%2C96&ssl=1\",\"caption\":\"Gerson Guelmann\"},\"description\":\"Pitadas da sabedoria e do humor judaicos, assuntos do momento e um pouco das hist\u00f3rias que vivi e testemunhei.\"}]}<\/script>\n<!-- \/ Yoast SEO plugin. -->","yoast_head_json":{"title":"Carrefour Limita Compra Para Evitar Desabastecimento | Blog do Guelmann","robots":{"index":"index","follow":"follow","max-snippet":"max-snippet:-1","max-image-preview":"max-image-preview:large","max-video-preview":"max-video-preview:-1"},"canonical":"https:\/\/gersonguelmann.com.br\/blog\/carrefour-limita-compra-para-evitar-desabastecimento\/","og_locale":"pt_BR","og_type":"article","og_title":"Carrefour Limita Compra Para Evitar Desabastecimento | Blog do Guelmann","og_description":"Como reflexo da situa\u00e7\u00e3o provocada pela paralisa\u00e7\u00e3o dos caminhoneiros, a rede de varejo Carrefour come\u00e7ou a restringir as quantidades na compra de produtos. Leia mat\u00e9ria publicada pela Isto\u00c9: GERAL Carrefour restringe compra a cinco unidades de cada produto para prevenir desabastecimento Da Reda\u00e7\u00e3o 24\/05\/18 &#8211; 15h56 &#8211; Atualizado em 24\/05\/18 &#8211; 16h21 A rede de [&hellip;]","og_url":"https:\/\/gersonguelmann.com.br\/blog\/carrefour-limita-compra-para-evitar-desabastecimento\/","og_site_name":"Blog do Guelmann","article_published_time":"2018-05-24T19:53:01+00:00","og_image":[{"width":318,"height":159,"url":"https:\/\/i0.wp.com\/gersonguelmann.com.br\/blog\/wp-content\/uploads\/2018\/05\/download-2.png?fit=318%2C159&ssl=1","type":"image\/png"}],"author":"Gerson Guelmann","twitter_card":"summary_large_image","twitter_misc":{"Escrito por":"Gerson Guelmann","Est. tempo de leitura":"1 minuto"},"schema":{"@context":"https:\/\/schema.org","@graph":[{"@type":"Article","@id":"https:\/\/gersonguelmann.com.br\/blog\/carrefour-limita-compra-para-evitar-desabastecimento\/#article","isPartOf":{"@id":"https:\/\/gersonguelmann.com.br\/blog\/carrefour-limita-compra-para-evitar-desabastecimento\/"},"author":{"name":"Gerson Guelmann","@id":"https:\/\/gersonguelmann.com.br\/blog\/#\/schema\/person\/87e70e2a786888082f941a482c90569e"},"headline":"Carrefour Limita Compra Para Evitar Desabastecimento","datePublished":"2018-05-24T19:53:01+00:00","mainEntityOfPage":{"@id":"https:\/\/gersonguelmann.com.br\/blog\/carrefour-limita-compra-para-evitar-desabastecimento\/"},"wordCount":139,"commentCount":0,"image":{"@id":"https:\/\/gersonguelmann.com.br\/blog\/carrefour-limita-compra-para-evitar-desabastecimento\/#primaryimage"},"thumbnailUrl":"https:\/\/i0.wp.com\/gersonguelmann.com.br\/blog\/wp-content\/uploads\/2018\/05\/download-2.png?fit=318%2C159&ssl=1","inLanguage":"pt-BR","potentialAction":[{"@type":"CommentAction","name":"Comment","target":["https:\/\/gersonguelmann.com.br\/blog\/carrefour-limita-compra-para-evitar-desabastecimento\/#respond"]}]},{"@type":"WebPage","@id":"https:\/\/gersonguelmann.com.br\/blog\/carrefour-limita-compra-para-evitar-desabastecimento\/","url":"https:\/\/gersonguelmann.com.br\/blog\/carrefour-limita-compra-para-evitar-desabastecimento\/","name":"Carrefour Limita Compra Para Evitar Desabastecimento | Blog do Guelmann","isPartOf":{"@id":"https:\/\/gersonguelmann.com.br\/blog\/#website"},"primaryImageOfPage":{"@id":"https:\/\/gersonguelmann.com.br\/blog\/carrefour-limita-compra-para-evitar-desabastecimento\/#primaryimage"},"image":{"@id":"https:\/\/gersonguelmann.com.br\/blog\/carrefour-limita-compra-para-evitar-desabastecimento\/#primaryimage"},"thumbnailUrl":"https:\/\/i0.wp.com\/gersonguelmann.com.br\/blog\/wp-content\/uploads\/2018\/05\/download-2.png?fit=318%2C159&ssl=1","datePublished":"2018-05-24T19:53:01+00:00","author":{"@id":"https:\/\/gersonguelmann.com.br\/blog\/#\/schema\/person\/87e70e2a786888082f941a482c90569e"},"inLanguage":"pt-BR","potentialAction":[{"@type":"ReadAction","target":["https:\/\/gersonguelmann.com.br\/blog\/carrefour-limita-compra-para-evitar-desabastecimento\/"]}]},{"@type":"ImageObject","inLanguage":"pt-BR","@id":"https:\/\/gersonguelmann.com.br\/blog\/carrefour-limita-compra-para-evitar-desabastecimento\/#primaryimage","url":"https:\/\/i0.wp.com\/gersonguelmann.com.br\/blog\/wp-content\/uploads\/2018\/05\/download-2.png?fit=318%2C159&ssl=1","contentUrl":"https:\/\/i0.wp.com\/gersonguelmann.com.br\/blog\/wp-content\/uploads\/2018\/05\/download-2.png?fit=318%2C159&ssl=1","width":318,"height":159},{"@type":"WebSite","@id":"https:\/\/gersonguelmann.com.br\/blog\/#website","url":"https:\/\/gersonguelmann.com.br\/blog\/","name":"Blog do Guelmann","description":"Pitadas da sabedoria e do humor judaicos, assuntos do momento e um pouco das hist\u00f3rias que vivi e testemunhei.","potentialAction":[{"@type":"SearchAction","target":{"@type":"EntryPoint","urlTemplate":"https:\/\/gersonguelmann.com.br\/blog\/?s={search_term_string}"},"query-input":{"@type":"PropertyValueSpecification","valueRequired":true,"valueName":"search_term_string"}}],"inLanguage":"pt-BR"},{"@type":"Person","@id":"https:\/\/gersonguelmann.com.br\/blog\/#\/schema\/person\/87e70e2a786888082f941a482c90569e","name":"Gerson Guelmann","image":{"@type":"ImageObject","inLanguage":"pt-BR","@id":"https:\/\/i0.wp.com\/gersonguelmann.com.br\/blog\/wp-content\/uploads\/2021\/08\/BLOG.jpeg?fit=96%2C96&ssl=1","url":"https:\/\/i0.wp.com\/gersonguelmann.com.br\/blog\/wp-content\/uploads\/2021\/08\/BLOG.jpeg?fit=96%2C96&ssl=1","contentUrl":"https:\/\/i0.wp.com\/gersonguelmann.com.br\/blog\/wp-content\/uploads\/2021\/08\/BLOG.jpeg?fit=96%2C96&ssl=1","caption":"Gerson Guelmann"},"description":"Pitadas da sabedoria e do humor judaicos, assuntos do momento e um pouco das hist\u00f3rias que vivi e testemunhei."}]}},"views":18,"jetpack_publicize_connections":[],"jetpack_featured_media_url":"https:\/\/i0.wp.com\/gersonguelmann.com.br\/blog\/wp-content\/uploads\/2018\/05\/download-2.png?fit=318%2C159&ssl=1","jetpack_shortlink":"https:\/\/wp.me\/p96e7O-3rN","jetpack-related-posts":[{"id":1101,"url":"https:\/\/gersonguelmann.com.br\/blog\/memorias-da-prefeitura-de-curitiba-1\/","url_meta":{"origin":13255,"position":0},"title":"Mem\u00f3rias da Prefeitura de Curitiba (1)","author":"Gerson Guelmann","date":"22 de agosto de 2017","format":false,"excerpt":"Em 1991, na \u00faltima gest\u00e3o do Jaime Lerner \u00e0 frente da Prefeitura de Curitiba, tive o privil\u00e9gio de participar do lan\u00e7amento do programa \u2018C\u00e2mbio Verde\u2019. O \u2018C\u00e2mbio Verde\u2019 surgiu quando houve uma supersafra de repolho na Regi\u00e3o Metropolitana de Curitiba. Na ocasi\u00e3o uma TV local mostrou que os agricultores estavam\u2026","rel":"","context":"Em &quot;Sem categoria&quot;","block_context":{"text":"Sem categoria","link":"https:\/\/gersonguelmann.com.br\/blog\/category\/sem-categoria\/"},"img":{"alt_text":"","src":"https:\/\/i0.wp.com\/gersonguelmann.com.br\/blog\/wp-content\/uploads\/2017\/08\/C%C3%A2mbio-Verde.jpg?fit=606%2C455&ssl=1&resize=350%2C200","width":350,"height":200,"srcset":"https:\/\/i0.wp.com\/gersonguelmann.com.br\/blog\/wp-content\/uploads\/2017\/08\/C%C3%A2mbio-Verde.jpg?fit=606%2C455&ssl=1&resize=350%2C200 1x, https:\/\/i0.wp.com\/gersonguelmann.com.br\/blog\/wp-content\/uploads\/2017\/08\/C%C3%A2mbio-Verde.jpg?fit=606%2C455&ssl=1&resize=525%2C300 1.5x"},"classes":[]},{"id":21907,"url":"https:\/\/gersonguelmann.com.br\/blog\/vacinas-no-dia-da-mentira-a-verdade\/","url_meta":{"origin":13255,"position":1},"title":"Vacinas: no Dia da Mentira, a Verdade","author":"Gerson Guelmann","date":"1 de abril de 2021","format":false,"excerpt":"O que aconteceria se o Governo brasileiro tivesse aceitado em Agosto de 2020 a proposta de compra da vacina da Pfizer?\u00a0 Em artigo publicado na revista Veja, o Dr. Salmo Raskin estabelece uma \"linha do tempo\" sobre as negocia\u00e7\u00f5es do governo brasileiro para aquisi\u00e7\u00e3o desse medicamento. Antes, para quem n\u00e3o\u2026","rel":"","context":"Em &quot;Sem categoria&quot;","block_context":{"text":"Sem categoria","link":"https:\/\/gersonguelmann.com.br\/blog\/category\/sem-categoria\/"},"img":{"alt_text":"","src":"https:\/\/i0.wp.com\/gersonguelmann.com.br\/blog\/wp-content\/uploads\/2021\/04\/covid-19-vaccine-5902833_1920.jpg?fit=1200%2C675&ssl=1&resize=350%2C200","width":350,"height":200,"srcset":"https:\/\/i0.wp.com\/gersonguelmann.com.br\/blog\/wp-content\/uploads\/2021\/04\/covid-19-vaccine-5902833_1920.jpg?fit=1200%2C675&ssl=1&resize=350%2C200 1x, https:\/\/i0.wp.com\/gersonguelmann.com.br\/blog\/wp-content\/uploads\/2021\/04\/covid-19-vaccine-5902833_1920.jpg?fit=1200%2C675&ssl=1&resize=525%2C300 1.5x, https:\/\/i0.wp.com\/gersonguelmann.com.br\/blog\/wp-content\/uploads\/2021\/04\/covid-19-vaccine-5902833_1920.jpg?fit=1200%2C675&ssl=1&resize=700%2C400 2x, https:\/\/i0.wp.com\/gersonguelmann.com.br\/blog\/wp-content\/uploads\/2021\/04\/covid-19-vaccine-5902833_1920.jpg?fit=1200%2C675&ssl=1&resize=1050%2C600 3x"},"classes":[]},{"id":19397,"url":"https:\/\/gersonguelmann.com.br\/blog\/seu-zonta-deve-estar-preocupado\/","url_meta":{"origin":13255,"position":2},"title":"&#8220;Seu&#8221; Zonta Deve Estar Preocupado","author":"Gerson Guelmann","date":"9 de dezembro de 2019","format":false,"excerpt":"Quando abrimos a Fam\u00edlia Sfiha, nos cadastramos junto aos principais fornecedores, especialmente os respons\u00e1veis pelos produtos mais usados no restaurante: farinha, carne e derivados, verduras\/legumes e latic\u00ednios. Sobre esses \u00faltimos, um detalhe que pouca gente conhece: em nosso receitu\u00e1rio quase todas as sfihas levavam mussarela (alias a palavra correta \u00e9\u2026","rel":"","context":"Em &quot;Sem categoria&quot;","block_context":{"text":"Sem categoria","link":"https:\/\/gersonguelmann.com.br\/blog\/category\/sem-categoria\/"},"img":{"alt_text":"","src":"https:\/\/i0.wp.com\/gersonguelmann.com.br\/blog\/wp-content\/uploads\/2019\/12\/Condor-scaled.jpg?fit=848%2C1200&ssl=1&resize=350%2C200","width":350,"height":200,"srcset":"https:\/\/i0.wp.com\/gersonguelmann.com.br\/blog\/wp-content\/uploads\/2019\/12\/Condor-scaled.jpg?fit=848%2C1200&ssl=1&resize=350%2C200 1x, https:\/\/i0.wp.com\/gersonguelmann.com.br\/blog\/wp-content\/uploads\/2019\/12\/Condor-scaled.jpg?fit=848%2C1200&ssl=1&resize=525%2C300 1.5x, https:\/\/i0.wp.com\/gersonguelmann.com.br\/blog\/wp-content\/uploads\/2019\/12\/Condor-scaled.jpg?fit=848%2C1200&ssl=1&resize=700%2C400 2x"},"classes":[]},{"id":14456,"url":"https:\/\/gersonguelmann.com.br\/blog\/empresa-israelense-doou-equipamento-para-comunicacao-com-meninos-presos-na-caverna-na-tailandia\/","url_meta":{"origin":13255,"position":3},"title":"Empresa Israelense Doou Equipamento Para Comunica\u00e7\u00e3o Com Meninos Presos na Caverna na Tail\u00e2ndia","author":"Gerson Guelmann","date":"3 de julho de 2018","format":false,"excerpt":"Foto:\u00a0MaxTech Networks A imprensa israelense est\u00e1 noticiando que as equipes de resgate que trabalham para salvar os garotos presos na caverna tailandesa est\u00e3o usando\u00a0sistemas de comunica\u00e7\u00e3o de alta tecnologia doados pela empresa israelense MaxTech Networks. O CEO e fundador da MaxTech, Uzi Hanuni, informou que as equipes de resgate procuraram\u2026","rel":"","context":"Em &quot;Sem categoria&quot;","block_context":{"text":"Sem categoria","link":"https:\/\/gersonguelmann.com.br\/blog\/category\/sem-categoria\/"},"img":{"alt_text":"","src":"https:\/\/i0.wp.com\/gersonguelmann.com.br\/blog\/wp-content\/uploads\/2018\/07\/Maxtech.jpg?fit=960%2C640&ssl=1&resize=350%2C200","width":350,"height":200,"srcset":"https:\/\/i0.wp.com\/gersonguelmann.com.br\/blog\/wp-content\/uploads\/2018\/07\/Maxtech.jpg?fit=960%2C640&ssl=1&resize=350%2C200 1x, https:\/\/i0.wp.com\/gersonguelmann.com.br\/blog\/wp-content\/uploads\/2018\/07\/Maxtech.jpg?fit=960%2C640&ssl=1&resize=525%2C300 1.5x, https:\/\/i0.wp.com\/gersonguelmann.com.br\/blog\/wp-content\/uploads\/2018\/07\/Maxtech.jpg?fit=960%2C640&ssl=1&resize=700%2C400 2x"},"classes":[]},{"id":10689,"url":"https:\/\/gersonguelmann.com.br\/blog\/como-ganhar-125-milhao-de-milhas-aereas-comprando-pudim\/","url_meta":{"origin":13255,"position":4},"title":"Como Ganhar 1,25 milh\u00e3o de Milhas A\u00e9reas Comprando Pudim","author":"Gerson Guelmann","date":"23 de mar\u00e7o de 2018","format":false,"excerpt":"Aconteceu em 2013 mas ainda \u00e9 not\u00edcia. Transcrevo artigo do site Gizmodo que vale a pena ler pelo inusitado: \"Milhas a\u00e9reas s\u00e3o incr\u00edveis. Elas podem ser usadas para voos ou estadias gratuitas em hot\u00e9is, e, se voc\u00ea tiver sorte, tamb\u00e9m podem gerar \u00f3dio e desprezo de todos com quem voc\u00ea\u2026","rel":"","context":"Em &quot;Sem categoria&quot;","block_context":{"text":"Sem categoria","link":"https:\/\/gersonguelmann.com.br\/blog\/category\/sem-categoria\/"},"img":{"alt_text":"","src":"https:\/\/i0.wp.com\/gersonguelmann.com.br\/blog\/wp-content\/uploads\/2018\/03\/ST0025-Chocolate-Pudding.jpg?fit=1200%2C675&ssl=1&resize=350%2C200","width":350,"height":200,"srcset":"https:\/\/i0.wp.com\/gersonguelmann.com.br\/blog\/wp-content\/uploads\/2018\/03\/ST0025-Chocolate-Pudding.jpg?fit=1200%2C675&ssl=1&resize=350%2C200 1x, https:\/\/i0.wp.com\/gersonguelmann.com.br\/blog\/wp-content\/uploads\/2018\/03\/ST0025-Chocolate-Pudding.jpg?fit=1200%2C675&ssl=1&resize=525%2C300 1.5x, https:\/\/i0.wp.com\/gersonguelmann.com.br\/blog\/wp-content\/uploads\/2018\/03\/ST0025-Chocolate-Pudding.jpg?fit=1200%2C675&ssl=1&resize=700%2C400 2x, https:\/\/i0.wp.com\/gersonguelmann.com.br\/blog\/wp-content\/uploads\/2018\/03\/ST0025-Chocolate-Pudding.jpg?fit=1200%2C675&ssl=1&resize=1050%2C600 3x"},"classes":[]},{"id":1917,"url":"https:\/\/gersonguelmann.com.br\/blog\/onde-esta-o-povo-que-nao-se-manifesta\/","url_meta":{"origin":13255,"position":5},"title":"Onde Est\u00e1 o Povo, Que n\u00e3o se Manifesta?","author":"Gerson Guelmann","date":"22 de setembro de 2017","format":false,"excerpt":"N\u00f3s brasileiros temos que rever nossos conceitos acerca do que \u00e9 certo e errado, importante ou sup\u00e9rfluo. Costumamos questionar coisas relativamente insignificantes como a corrup\u00e7\u00e3o, o aumento nos pre\u00e7os dos combust\u00edveis, o caos no tr\u00e2nsito, o atendimento nos postos de sa\u00fade, as filas nos bancos e supermercados, todas coisas absolutamente\u2026","rel":"","context":"Em &quot;Sem categoria&quot;","block_context":{"text":"Sem categoria","link":"https:\/\/gersonguelmann.com.br\/blog\/category\/sem-categoria\/"},"img":{"alt_text":"","src":"https:\/\/i0.wp.com\/gersonguelmann.com.br\/blog\/wp-content\/uploads\/2017\/09\/Serenata-de-Amor-300x144.jpg?resize=350%2C200&ssl=1","width":350,"height":200},"classes":[]}],"jetpack_sharing_enabled":true,"post_mailing_queue_ids":[],"_links":{"self":[{"href":"https:\/\/gersonguelmann.com.br\/blog\/wp-json\/wp\/v2\/posts\/13255","targetHints":{"allow":["GET"]}}],"collection":[{"href":"https:\/\/gersonguelmann.com.br\/blog\/wp-json\/wp\/v2\/posts"}],"about":[{"href":"https:\/\/gersonguelmann.com.br\/blog\/wp-json\/wp\/v2\/types\/post"}],"author":[{"embeddable":true,"href":"https:\/\/gersonguelmann.com.br\/blog\/wp-json\/wp\/v2\/users\/5"}],"replies":[{"embeddable":true,"href":"https:\/\/gersonguelmann.com.br\/blog\/wp-json\/wp\/v2\/comments?post=13255"}],"version-history":[{"count":0,"href":"https:\/\/gersonguelmann.com.br\/blog\/wp-json\/wp\/v2\/posts\/13255\/revisions"}],"wp:featuredmedia":[{"embeddable":true,"href":"https:\/\/gersonguelmann.com.br\/blog\/wp-json\/wp\/v2\/media\/13256"}],"wp:attachment":[{"href":"https:\/\/gersonguelmann.com.br\/blog\/wp-json\/wp\/v2\/media?parent=13255"}],"wp:term":[{"taxonomy":"category","embeddable":true,"href":"https:\/\/gersonguelmann.com.br\/blog\/wp-json\/wp\/v2\/categories?post=13255"},{"taxonomy":"post_tag","embeddable":true,"href":"https:\/\/gersonguelmann.com.br\/blog\/wp-json\/wp\/v2\/tags?post=13255"}],"curies":[{"name":"wp","href":"https:\/\/api.w.org\/{rel}","templated":true}]}}