    {"id":13258,"date":"2018-05-24T18:31:15","date_gmt":"2018-05-24T21:31:15","guid":{"rendered":"https:\/\/gersonguelmann.com.br\/blog\/?p=13258"},"modified":"2018-05-24T18:31:15","modified_gmt":"2018-05-24T21:31:15","slug":"a-humanidade-e-israel-por-cintia-moscovich","status":"publish","type":"post","link":"https:\/\/gersonguelmann.com.br\/blog\/a-humanidade-e-israel-por-cintia-moscovich\/","title":{"rendered":"A Humanidade e Israel, Por C\u00edntia Moscovich (*)"},"content":{"rendered":"<p style=\"text-align: center;\"><img data-recalc-dims=\"1\" decoding=\"async\" data-attachment-id=\"13259\" data-permalink=\"https:\/\/gersonguelmann.com.br\/blog\/a-humanidade-e-israel-por-cintia-moscovich\/new-country-890x400\/\" data-orig-file=\"https:\/\/i0.wp.com\/gersonguelmann.com.br\/blog\/wp-content\/uploads\/2018\/05\/new-country-890x400.jpg?fit=890%2C400&amp;ssl=1\" data-orig-size=\"890,400\" data-comments-opened=\"1\" data-image-meta=\"{&quot;aperture&quot;:&quot;0&quot;,&quot;credit&quot;:&quot;&quot;,&quot;camera&quot;:&quot;&quot;,&quot;caption&quot;:&quot;&quot;,&quot;created_timestamp&quot;:&quot;0&quot;,&quot;copyright&quot;:&quot;&quot;,&quot;focal_length&quot;:&quot;0&quot;,&quot;iso&quot;:&quot;0&quot;,&quot;shutter_speed&quot;:&quot;0&quot;,&quot;title&quot;:&quot;&quot;,&quot;orientation&quot;:&quot;0&quot;}\" data-image-title=\"new-country-890&amp;#215;400\" data-image-description=\"\" data-image-caption=\"\" data-medium-file=\"https:\/\/i0.wp.com\/gersonguelmann.com.br\/blog\/wp-content\/uploads\/2018\/05\/new-country-890x400.jpg?fit=300%2C135&amp;ssl=1\" data-large-file=\"https:\/\/i0.wp.com\/gersonguelmann.com.br\/blog\/wp-content\/uploads\/2018\/05\/new-country-890x400.jpg?fit=640%2C288&amp;ssl=1\" class=\"alignnone size-medium wp-image-13259\" src=\"https:\/\/i0.wp.com\/gersonguelmann.com.br\/blog\/wp-content\/uploads\/2018\/05\/new-country-890x400.jpg?resize=300%2C135&#038;ssl=1\" alt=\"\" width=\"300\" height=\"135\" srcset=\"https:\/\/i0.wp.com\/gersonguelmann.com.br\/blog\/wp-content\/uploads\/2018\/05\/new-country-890x400.jpg?resize=300%2C135&amp;ssl=1 300w, https:\/\/i0.wp.com\/gersonguelmann.com.br\/blog\/wp-content\/uploads\/2018\/05\/new-country-890x400.jpg?resize=768%2C345&amp;ssl=1 768w, https:\/\/i0.wp.com\/gersonguelmann.com.br\/blog\/wp-content\/uploads\/2018\/05\/new-country-890x400.jpg?resize=890%2C400&amp;ssl=1 890w\" sizes=\"(max-width: 300px) 100vw, 300px\" \/><\/p>\n<p><span style=\"font-family: georgia, palatino, serif; font-size: 18pt; color: #000000;\">Devidamente autorizada pela autora, transcrevo o artigo de C\u00edntia Moscovich e publicado em sua coluna do jornal Zero Hora na \u00faltima segunda-feira.<\/p>\n<p><\/span><\/p>\n<p><em><span style=\"font-family: georgia, palatino, serif; font-size: 18pt; color: #000000;\">&#8220;Na semana que passou, quando da transfer\u00eancia da embaixada americana para Jerusal\u00e9m, a Faixa de Gaza fervilhou: embates de \u00e1rabes-palestinos, comandados pelo governo do Hamas, e o ex\u00e9rcito israelense resultaram em cerca de 60 mortos e mais de dois mil feridos. O mundo, assombrado, se voltou contra Israel, acusando-o de abuso da for\u00e7a. <\/span><\/em><\/p>\n<p><em><span style=\"font-family: georgia, palatino, serif; font-size: 18pt; color: #000000;\">Mesmo que pare\u00e7a bizantinice, vou expor alguns fatos que merecem voltar \u00e0 cena. Se me permitem. <\/span><\/em><\/p>\n<p><em><span style=\"font-family: georgia, palatino, serif; font-size: 18pt; color: #000000;\">Ao fim da Segunda Guerra, quando se pode avaliar os resultados da sanha nazista naquilo que passou a se chamar de Sho\u00e1 (Holocausto), o mundo considerou que os judeus sobreviventes e sua descend\u00eancia necessitavam de uma p\u00e1tria. Desde que, no ano 70 da era crist\u00e3, o Segundo Templo fora destru\u00eddo pelos romanos e os judeus foram exilados da terra de Israel, n\u00e3o havia nada que os protegesse como na\u00e7\u00e3o, como religi\u00e3o muito menos como indiv\u00edduos \u2014 transformados em p\u00e1rias, ao longo dos s\u00e9culos dependeram dos humores dos governantes e, claro, do dinheiro que conseguissem juntar. <\/span><\/em><\/p>\n<p><em><span style=\"font-family: georgia, palatino, serif; font-size: 18pt; color: #000000;\">Criado oficialmente o Estado de Israel \u2014 tamb\u00e9m por raz\u00f5es humanit\u00e1rias \u2014, de imediato 800 mil judeus que viviam nos pa\u00edses \u00e1rabes foram expulsos de suas propriedades, sem direito a nenhum tipo de indeniza\u00e7\u00e3o. O novo Estado nascia tendo de abrigar milhares de refugiados \u2014 tais fatos nunca s\u00e3o lembrados, mesmo porque Israel nunca fez alarde do que considerava seu dever. \u200b<\/span><\/em><\/p>\n<p><em><span style=\"font-family: georgia, palatino, serif; font-size: 18pt; color: #000000;\">Mas como quest\u00f5es humanit\u00e1rias s\u00e3o mesmo bizantinas quando se trata de judeus, um dia depois da declara\u00e7\u00e3o de independ\u00eancia, no dia 15 de maio de 1948, o ex\u00e9rcito formado por Egito, S\u00edria, Jord\u00e2nia, L\u00edbano e Iraque atacou Israel, com a inten\u00e7\u00e3o de varr\u00ea-lo do mapa \u2014 milhares de \u00e1rabes foram instru\u00eddos a abandonar suas casas, para as quais voltariam depois que o pa\u00eds dos judeus fosse jogado ao mar. Israel derrotou os \u00e1rabes e anexou territ\u00f3rios inimigos. Perder uma guerra tem seu pre\u00e7o, ainda mais uma guerra feita contra refugiados e sobreviventes de um mortic\u00ednio. <\/span><\/em><\/p>\n<p><em><span style=\"font-family: georgia, palatino, serif; font-size: 18pt; color: #000000;\">\u200bIsso relembrado, espero, embora seja tolo, que todos aqueles que se apiedam das v\u00edtimas dos palestinos pelo menos se lembrem que o povo judeu tamb\u00e9m participa da mesma humanidade.&#8221;<\/span><\/em><\/p>\n<p>&nbsp;<\/p>\n<p><span style=\"font-size: 14pt;\"><span style=\"font-family: georgia, palatino, serif; color: #000000;\">(*) C\u00edntia Moscovich nasceu em 15\/3\/1958 em Porto Alegre (RS). \u00c9 escritora, jornalista e mestre em Teoria Liter\u00e1ria, tendo exercido atividades de professora, tradutora, consultora liter\u00e1ria, revisora e assessora de imprensa.<br \/>\nJ\u00e1 recebeu v\u00e1rios pr\u00eamios liter\u00e1rios, destacando-se o 1\u00ba\u00a0 lugar no Concurso de Contos Guimar\u00e3es Rosa do Departamento de L\u00ednguas Ib\u00e9ricas da Radio France Internationale, onde concorreu com mais de mil e cem escritores de l\u00edngua portuguesa.<br \/>\n<\/span><span style=\"font-family: georgia, palatino, serif; color: #000000;\">\u00c9 autora de &#8220;O reino das cebolas&#8221;, co-edi\u00e7\u00e3o da Prefeitura Municipal de Porto Alegre e da Editora Mercado Aberto, indicado ao Pr\u00eamio Jabuti da C\u00e2mara Brasileira do Livro. Um dos contos dessa colet\u00e2nea foi traduzido para o ingl\u00eas e faz parte de uma antologia que re\u00fane escritores judeus de l\u00edngua portuguesa.<br \/>\nEm 1998, pela L&amp;PM Editores lan\u00e7ou a novela &#8220;Duas iguais &#8211; Manual de amores e equ\u00edvocos assemelhados&#8221;, que recebeu o Pr\u00eamio A\u00e7orianos de Literatura, na modalidade de Narrativa Longa, em 1999, e que acaba de ser reeditado pela Record.<br \/>\nEm outubro de 2000, tamb\u00e9m pela L&amp;PM Editores, lan\u00e7ou o livro de contos &#8220;Anota\u00e7\u00f5es durante o inc\u00eandio, que tem apresenta\u00e7\u00e3o de Moacyr Scliar e re\u00fane onze textos de tem\u00e1ticas diversas, com destaque ao juda\u00edsmo e \u00e0 condi\u00e7\u00e3o feminina, merecendo outra vez o Pr\u00eamio A\u00e7orianos de Literatura. A mesma obra recebeu nova edi\u00e7\u00e3o pela Editora Record, em novembro de 2006.\u00a0<\/span><\/span><br \/>\n<span style=\"font-size: 14pt;\"><span style=\"font-family: georgia, palatino, serif; color: #000000;\">Em 2004, publicou a colet\u00e2nea de contos &#8220;Arquitetura do arco-\u00edris&#8221;, tamb\u00e9m pela Record, livro que lhe valeu o terceiro lugar em contos no pr\u00eamio Jabuti, al\u00e9m da indica\u00e7\u00e3o para o Pr\u00eamio Portugal Telecom de Literatura Brasileira e para a primeira edi\u00e7\u00e3o do Pr\u00eamio Bravo! Prime de Cultura.<br \/>\n<\/span><span style=\"font-family: georgia, palatino, serif; color: #000000;\">Em novembro de 2006, lan\u00e7ou o romance &#8220;Por que sou gorda, mam\u00e3e?&#8221;, tamb\u00e9m pela editora Record.<br \/>\n<\/span><span style=\"font-family: georgia, palatino, serif; color: #000000;\">Em dezembro de 2007, lan\u00e7ou seu sexto livro individual, o romance infanto-juvenil &#8220;Mais ou menos normal&#8221;, que fez parte da s\u00e9rie Cidades vis\u00edveis, da Publifolha, e que ganhar\u00e1 nova edi\u00e7\u00e3o em 2014.<\/span><\/span><br \/>\n<span style=\"font-size: 14pt;\"><span style=\"font-family: georgia, palatino, serif; color: #000000;\">Ex-diretora do Instituto Estadual do Livro, \u00f3rg\u00e3o da Secretaria de Estado da Cultura do Rio Grande do Sul, a autora trabalhou como editora de livros do jornal Zero Hora, de Porto Alegre, al\u00e9m de colaborar para jornais e revistas de todo o pa\u00eds. Em outubro de 2006, participou da Copa da Cultura, na Embaixada Brasileira em Berlim.<br \/>\nEm novembro de 2007, representou o Brasil na Bienal do Livro de Santiago do Chile.<br \/>\nEm 2008, foi uma das convidadas \u00e0 Flip, Festa Liter\u00e1ria Internacional de Paraty.<br \/>\nEm 2009, passou a integrar a antologia Os melhores contos brasileiros do s\u00e9culo, organizado por \u00cdtalo Moriconi para a editora Objetiva.<br \/>\nEm 2011, integrou a delega\u00e7\u00e3o brasileira no Projeto Rumos, do Ita\u00fa Cultural, em Santiago de Compostela, na Espanha.<br \/>\nEm 2012, foi convidada da Feira Intrernacional do Livro em Guadalajara. Em 2013, participou da delega\u00e7\u00e3o brasileira na Feira de Frankfurt.<br \/>\n<\/span><\/span><span style=\"font-family: georgia, palatino, serif; font-size: 14pt; color: #000000;\">Em 2013, ganhou o primeiro lugar no Pr\u00eamio Liter\u00e1rio Portugal Telecom, na categoria contos\/cr\u00f4nica, com o livro \u201cEssa coisa brilhante que \u00e9 a chuva\u201d.<br \/>\nTamb\u00e9m em 2013, pela mesma obra, foi a vencedora do Pr\u00eamo Clarice Lispector, concedido pela Funda\u00e7\u00e3o Bilbioteca Nacional.<br \/>\n<span style=\"font-size: 14pt;\"><span style=\"font-family: georgia, palatino, serif; color: #000000;\">Em Lisboa, 2014, participou do Festival do Desassossego, realizado anualmente pela Casa Fernando Pessoa, no m\u00eas de junho.<\/span><\/span><\/span><br \/>\n<span style=\"font-family: georgia, palatino, serif; font-size: 14pt; color: #000000;\">Em 7 de junho de 2014, participou em Viena de debate na\u00a0Kunsthalle Karlsplatz, com a austr\u00edaca Julya Rabinowich, dentro da programa\u00e7\u00e3o do Festival Nosso Jogo, organizado pelo Instituto Latinoamericano para a \u00c1ustria<\/span><br \/>\n<span style=\"font-family: georgia, palatino, serif; font-size: 14pt; color: #000000;\">No ano de 2015, representou o Brasil no Sal\u00e3o do Livro e da Imprensa em Genebra.<\/span><br \/>\n<span style=\"font-family: georgia, palatino, serif; font-size: 14pt; color: #000000;\">Em 2016, esteve no SESC-Flip em Paraty.<br \/>\nNesse mesmo ano, foi eleita patrona da 62a. Feira do Livro de Porto Alegre.<\/span><br \/>\n<span style=\"font-family: georgia, palatino, serif; font-size: 14pt; color: #000000;\">Em 2017, esteve em Paris, na Sorbonne, falando sobre literatura brasileira.<\/span><\/p>\n<p>&nbsp;<\/p>\n<p>&nbsp;<\/p>\n<p>&nbsp;<\/p>\n","protected":false},"excerpt":{"rendered":"<p>Devidamente autorizada pela autora, transcrevo o artigo de C\u00edntia Moscovich e publicado em sua coluna do jornal Zero Hora na \u00faltima segunda-feira. &#8220;Na semana que passou, quando da transfer\u00eancia da embaixada americana para Jerusal\u00e9m, a Faixa de Gaza fervilhou: embates de \u00e1rabes-palestinos, comandados pelo governo do Hamas, e o ex\u00e9rcito israelense resultaram em cerca de [&hellip;]<\/p>\n","protected":false},"author":5,"featured_media":13259,"comment_status":"open","ping_status":"open","sticky":false,"template":"","format":"standard","meta":{"_acf_changed":false,"jetpack_post_was_ever_published":false,"_jetpack_newsletter_access":"","_jetpack_dont_email_post_to_subs":false,"_jetpack_newsletter_tier_id":0,"_jetpack_memberships_contains_paywalled_content":false,"_jetpack_memberships_contains_paid_content":false,"footnotes":"","jetpack_publicize_message":"","jetpack_publicize_feature_enabled":true,"jetpack_social_post_already_shared":true,"jetpack_social_options":{"image_generator_settings":{"template":"highway","default_image_id":0,"font":"","enabled":false},"version":2}},"categories":[1],"tags":[],"class_list":["post-13258","post","type-post","status-publish","format-standard","has-post-thumbnail","hentry","category-sem-categoria"],"acf":[],"yoast_head":"<!-- This site is optimized with the Yoast SEO plugin v27.3 - https:\/\/yoast.com\/product\/yoast-seo-wordpress\/ -->\n<title>A Humanidade e Israel, Por C\u00edntia Moscovich (*) | Blog do Guelmann<\/title>\n<meta name=\"robots\" content=\"index, follow, max-snippet:-1, max-image-preview:large, max-video-preview:-1\" \/>\n<link rel=\"canonical\" href=\"https:\/\/gersonguelmann.com.br\/blog\/a-humanidade-e-israel-por-cintia-moscovich\/\" \/>\n<meta property=\"og:locale\" content=\"pt_BR\" \/>\n<meta property=\"og:type\" content=\"article\" \/>\n<meta property=\"og:title\" content=\"A Humanidade e Israel, Por C\u00edntia Moscovich (*) | Blog do Guelmann\" \/>\n<meta property=\"og:description\" content=\"Devidamente autorizada pela autora, transcrevo o artigo de C\u00edntia Moscovich e publicado em sua coluna do jornal Zero Hora na \u00faltima segunda-feira. &#8220;Na semana que passou, quando da transfer\u00eancia da embaixada americana para Jerusal\u00e9m, a Faixa de Gaza fervilhou: embates de \u00e1rabes-palestinos, comandados pelo governo do Hamas, e o ex\u00e9rcito israelense resultaram em cerca de [&hellip;]\" \/>\n<meta property=\"og:url\" content=\"https:\/\/gersonguelmann.com.br\/blog\/a-humanidade-e-israel-por-cintia-moscovich\/\" \/>\n<meta property=\"og:site_name\" content=\"Blog do Guelmann\" \/>\n<meta property=\"article:published_time\" content=\"2018-05-24T21:31:15+00:00\" \/>\n<meta property=\"og:image\" content=\"https:\/\/i0.wp.com\/gersonguelmann.com.br\/blog\/wp-content\/uploads\/2018\/05\/new-country-890x400.jpg?fit=890%2C400&ssl=1\" \/>\n\t<meta property=\"og:image:width\" content=\"890\" \/>\n\t<meta property=\"og:image:height\" content=\"400\" \/>\n\t<meta property=\"og:image:type\" content=\"image\/jpeg\" \/>\n<meta name=\"author\" content=\"Gerson Guelmann\" \/>\n<meta name=\"twitter:card\" content=\"summary_large_image\" \/>\n<meta name=\"twitter:label1\" content=\"Escrito por\" \/>\n\t<meta name=\"twitter:data1\" content=\"Gerson Guelmann\" \/>\n\t<meta name=\"twitter:label2\" content=\"Est. tempo de leitura\" \/>\n\t<meta name=\"twitter:data2\" content=\"5 minutos\" \/>\n<script type=\"application\/ld+json\" class=\"yoast-schema-graph\">{\"@context\":\"https:\\\/\\\/schema.org\",\"@graph\":[{\"@type\":\"Article\",\"@id\":\"https:\\\/\\\/gersonguelmann.com.br\\\/blog\\\/a-humanidade-e-israel-por-cintia-moscovich\\\/#article\",\"isPartOf\":{\"@id\":\"https:\\\/\\\/gersonguelmann.com.br\\\/blog\\\/a-humanidade-e-israel-por-cintia-moscovich\\\/\"},\"author\":{\"name\":\"Gerson Guelmann\",\"@id\":\"https:\\\/\\\/gersonguelmann.com.br\\\/blog\\\/#\\\/schema\\\/person\\\/87e70e2a786888082f941a482c90569e\"},\"headline\":\"A Humanidade e Israel, Por C\u00edntia Moscovich (*)\",\"datePublished\":\"2018-05-24T21:31:15+00:00\",\"mainEntityOfPage\":{\"@id\":\"https:\\\/\\\/gersonguelmann.com.br\\\/blog\\\/a-humanidade-e-israel-por-cintia-moscovich\\\/\"},\"wordCount\":1048,\"commentCount\":0,\"image\":{\"@id\":\"https:\\\/\\\/gersonguelmann.com.br\\\/blog\\\/a-humanidade-e-israel-por-cintia-moscovich\\\/#primaryimage\"},\"thumbnailUrl\":\"https:\\\/\\\/i0.wp.com\\\/gersonguelmann.com.br\\\/blog\\\/wp-content\\\/uploads\\\/2018\\\/05\\\/new-country-890x400.jpg?fit=890%2C400&ssl=1\",\"inLanguage\":\"pt-BR\",\"potentialAction\":[{\"@type\":\"CommentAction\",\"name\":\"Comment\",\"target\":[\"https:\\\/\\\/gersonguelmann.com.br\\\/blog\\\/a-humanidade-e-israel-por-cintia-moscovich\\\/#respond\"]}]},{\"@type\":\"WebPage\",\"@id\":\"https:\\\/\\\/gersonguelmann.com.br\\\/blog\\\/a-humanidade-e-israel-por-cintia-moscovich\\\/\",\"url\":\"https:\\\/\\\/gersonguelmann.com.br\\\/blog\\\/a-humanidade-e-israel-por-cintia-moscovich\\\/\",\"name\":\"A Humanidade e Israel, Por C\u00edntia Moscovich (*) | Blog do Guelmann\",\"isPartOf\":{\"@id\":\"https:\\\/\\\/gersonguelmann.com.br\\\/blog\\\/#website\"},\"primaryImageOfPage\":{\"@id\":\"https:\\\/\\\/gersonguelmann.com.br\\\/blog\\\/a-humanidade-e-israel-por-cintia-moscovich\\\/#primaryimage\"},\"image\":{\"@id\":\"https:\\\/\\\/gersonguelmann.com.br\\\/blog\\\/a-humanidade-e-israel-por-cintia-moscovich\\\/#primaryimage\"},\"thumbnailUrl\":\"https:\\\/\\\/i0.wp.com\\\/gersonguelmann.com.br\\\/blog\\\/wp-content\\\/uploads\\\/2018\\\/05\\\/new-country-890x400.jpg?fit=890%2C400&ssl=1\",\"datePublished\":\"2018-05-24T21:31:15+00:00\",\"author\":{\"@id\":\"https:\\\/\\\/gersonguelmann.com.br\\\/blog\\\/#\\\/schema\\\/person\\\/87e70e2a786888082f941a482c90569e\"},\"inLanguage\":\"pt-BR\",\"potentialAction\":[{\"@type\":\"ReadAction\",\"target\":[\"https:\\\/\\\/gersonguelmann.com.br\\\/blog\\\/a-humanidade-e-israel-por-cintia-moscovich\\\/\"]}]},{\"@type\":\"ImageObject\",\"inLanguage\":\"pt-BR\",\"@id\":\"https:\\\/\\\/gersonguelmann.com.br\\\/blog\\\/a-humanidade-e-israel-por-cintia-moscovich\\\/#primaryimage\",\"url\":\"https:\\\/\\\/i0.wp.com\\\/gersonguelmann.com.br\\\/blog\\\/wp-content\\\/uploads\\\/2018\\\/05\\\/new-country-890x400.jpg?fit=890%2C400&ssl=1\",\"contentUrl\":\"https:\\\/\\\/i0.wp.com\\\/gersonguelmann.com.br\\\/blog\\\/wp-content\\\/uploads\\\/2018\\\/05\\\/new-country-890x400.jpg?fit=890%2C400&ssl=1\",\"width\":890,\"height\":400},{\"@type\":\"WebSite\",\"@id\":\"https:\\\/\\\/gersonguelmann.com.br\\\/blog\\\/#website\",\"url\":\"https:\\\/\\\/gersonguelmann.com.br\\\/blog\\\/\",\"name\":\"Blog do Guelmann\",\"description\":\"Pitadas da sabedoria e do humor judaicos, assuntos do momento e um pouco das hist\u00f3rias que vivi e testemunhei.\",\"potentialAction\":[{\"@type\":\"SearchAction\",\"target\":{\"@type\":\"EntryPoint\",\"urlTemplate\":\"https:\\\/\\\/gersonguelmann.com.br\\\/blog\\\/?s={search_term_string}\"},\"query-input\":{\"@type\":\"PropertyValueSpecification\",\"valueRequired\":true,\"valueName\":\"search_term_string\"}}],\"inLanguage\":\"pt-BR\"},{\"@type\":\"Person\",\"@id\":\"https:\\\/\\\/gersonguelmann.com.br\\\/blog\\\/#\\\/schema\\\/person\\\/87e70e2a786888082f941a482c90569e\",\"name\":\"Gerson Guelmann\",\"image\":{\"@type\":\"ImageObject\",\"inLanguage\":\"pt-BR\",\"@id\":\"https:\\\/\\\/i0.wp.com\\\/gersonguelmann.com.br\\\/blog\\\/wp-content\\\/uploads\\\/2021\\\/08\\\/BLOG.jpeg?fit=96%2C96&ssl=1\",\"url\":\"https:\\\/\\\/i0.wp.com\\\/gersonguelmann.com.br\\\/blog\\\/wp-content\\\/uploads\\\/2021\\\/08\\\/BLOG.jpeg?fit=96%2C96&ssl=1\",\"contentUrl\":\"https:\\\/\\\/i0.wp.com\\\/gersonguelmann.com.br\\\/blog\\\/wp-content\\\/uploads\\\/2021\\\/08\\\/BLOG.jpeg?fit=96%2C96&ssl=1\",\"caption\":\"Gerson Guelmann\"},\"description\":\"Pitadas da sabedoria e do humor judaicos, assuntos do momento e um pouco das hist\u00f3rias que vivi e testemunhei.\"}]}<\/script>\n<!-- \/ Yoast SEO plugin. -->","yoast_head_json":{"title":"A Humanidade e Israel, Por C\u00edntia Moscovich (*) | Blog do Guelmann","robots":{"index":"index","follow":"follow","max-snippet":"max-snippet:-1","max-image-preview":"max-image-preview:large","max-video-preview":"max-video-preview:-1"},"canonical":"https:\/\/gersonguelmann.com.br\/blog\/a-humanidade-e-israel-por-cintia-moscovich\/","og_locale":"pt_BR","og_type":"article","og_title":"A Humanidade e Israel, Por C\u00edntia Moscovich (*) | Blog do Guelmann","og_description":"Devidamente autorizada pela autora, transcrevo o artigo de C\u00edntia Moscovich e publicado em sua coluna do jornal Zero Hora na \u00faltima segunda-feira. &#8220;Na semana que passou, quando da transfer\u00eancia da embaixada americana para Jerusal\u00e9m, a Faixa de Gaza fervilhou: embates de \u00e1rabes-palestinos, comandados pelo governo do Hamas, e o ex\u00e9rcito israelense resultaram em cerca de [&hellip;]","og_url":"https:\/\/gersonguelmann.com.br\/blog\/a-humanidade-e-israel-por-cintia-moscovich\/","og_site_name":"Blog do Guelmann","article_published_time":"2018-05-24T21:31:15+00:00","og_image":[{"width":890,"height":400,"url":"https:\/\/i0.wp.com\/gersonguelmann.com.br\/blog\/wp-content\/uploads\/2018\/05\/new-country-890x400.jpg?fit=890%2C400&ssl=1","type":"image\/jpeg"}],"author":"Gerson Guelmann","twitter_card":"summary_large_image","twitter_misc":{"Escrito por":"Gerson Guelmann","Est. tempo de leitura":"5 minutos"},"schema":{"@context":"https:\/\/schema.org","@graph":[{"@type":"Article","@id":"https:\/\/gersonguelmann.com.br\/blog\/a-humanidade-e-israel-por-cintia-moscovich\/#article","isPartOf":{"@id":"https:\/\/gersonguelmann.com.br\/blog\/a-humanidade-e-israel-por-cintia-moscovich\/"},"author":{"name":"Gerson Guelmann","@id":"https:\/\/gersonguelmann.com.br\/blog\/#\/schema\/person\/87e70e2a786888082f941a482c90569e"},"headline":"A Humanidade e Israel, Por C\u00edntia Moscovich (*)","datePublished":"2018-05-24T21:31:15+00:00","mainEntityOfPage":{"@id":"https:\/\/gersonguelmann.com.br\/blog\/a-humanidade-e-israel-por-cintia-moscovich\/"},"wordCount":1048,"commentCount":0,"image":{"@id":"https:\/\/gersonguelmann.com.br\/blog\/a-humanidade-e-israel-por-cintia-moscovich\/#primaryimage"},"thumbnailUrl":"https:\/\/i0.wp.com\/gersonguelmann.com.br\/blog\/wp-content\/uploads\/2018\/05\/new-country-890x400.jpg?fit=890%2C400&ssl=1","inLanguage":"pt-BR","potentialAction":[{"@type":"CommentAction","name":"Comment","target":["https:\/\/gersonguelmann.com.br\/blog\/a-humanidade-e-israel-por-cintia-moscovich\/#respond"]}]},{"@type":"WebPage","@id":"https:\/\/gersonguelmann.com.br\/blog\/a-humanidade-e-israel-por-cintia-moscovich\/","url":"https:\/\/gersonguelmann.com.br\/blog\/a-humanidade-e-israel-por-cintia-moscovich\/","name":"A Humanidade e Israel, Por C\u00edntia Moscovich (*) | Blog do Guelmann","isPartOf":{"@id":"https:\/\/gersonguelmann.com.br\/blog\/#website"},"primaryImageOfPage":{"@id":"https:\/\/gersonguelmann.com.br\/blog\/a-humanidade-e-israel-por-cintia-moscovich\/#primaryimage"},"image":{"@id":"https:\/\/gersonguelmann.com.br\/blog\/a-humanidade-e-israel-por-cintia-moscovich\/#primaryimage"},"thumbnailUrl":"https:\/\/i0.wp.com\/gersonguelmann.com.br\/blog\/wp-content\/uploads\/2018\/05\/new-country-890x400.jpg?fit=890%2C400&ssl=1","datePublished":"2018-05-24T21:31:15+00:00","author":{"@id":"https:\/\/gersonguelmann.com.br\/blog\/#\/schema\/person\/87e70e2a786888082f941a482c90569e"},"inLanguage":"pt-BR","potentialAction":[{"@type":"ReadAction","target":["https:\/\/gersonguelmann.com.br\/blog\/a-humanidade-e-israel-por-cintia-moscovich\/"]}]},{"@type":"ImageObject","inLanguage":"pt-BR","@id":"https:\/\/gersonguelmann.com.br\/blog\/a-humanidade-e-israel-por-cintia-moscovich\/#primaryimage","url":"https:\/\/i0.wp.com\/gersonguelmann.com.br\/blog\/wp-content\/uploads\/2018\/05\/new-country-890x400.jpg?fit=890%2C400&ssl=1","contentUrl":"https:\/\/i0.wp.com\/gersonguelmann.com.br\/blog\/wp-content\/uploads\/2018\/05\/new-country-890x400.jpg?fit=890%2C400&ssl=1","width":890,"height":400},{"@type":"WebSite","@id":"https:\/\/gersonguelmann.com.br\/blog\/#website","url":"https:\/\/gersonguelmann.com.br\/blog\/","name":"Blog do Guelmann","description":"Pitadas da sabedoria e do humor judaicos, assuntos do momento e um pouco das hist\u00f3rias que vivi e testemunhei.","potentialAction":[{"@type":"SearchAction","target":{"@type":"EntryPoint","urlTemplate":"https:\/\/gersonguelmann.com.br\/blog\/?s={search_term_string}"},"query-input":{"@type":"PropertyValueSpecification","valueRequired":true,"valueName":"search_term_string"}}],"inLanguage":"pt-BR"},{"@type":"Person","@id":"https:\/\/gersonguelmann.com.br\/blog\/#\/schema\/person\/87e70e2a786888082f941a482c90569e","name":"Gerson Guelmann","image":{"@type":"ImageObject","inLanguage":"pt-BR","@id":"https:\/\/i0.wp.com\/gersonguelmann.com.br\/blog\/wp-content\/uploads\/2021\/08\/BLOG.jpeg?fit=96%2C96&ssl=1","url":"https:\/\/i0.wp.com\/gersonguelmann.com.br\/blog\/wp-content\/uploads\/2021\/08\/BLOG.jpeg?fit=96%2C96&ssl=1","contentUrl":"https:\/\/i0.wp.com\/gersonguelmann.com.br\/blog\/wp-content\/uploads\/2021\/08\/BLOG.jpeg?fit=96%2C96&ssl=1","caption":"Gerson Guelmann"},"description":"Pitadas da sabedoria e do humor judaicos, assuntos do momento e um pouco das hist\u00f3rias que vivi e testemunhei."}]}},"views":26,"jetpack_publicize_connections":[],"jetpack_featured_media_url":"https:\/\/i0.wp.com\/gersonguelmann.com.br\/blog\/wp-content\/uploads\/2018\/05\/new-country-890x400.jpg?fit=890%2C400&ssl=1","jetpack_shortlink":"https:\/\/wp.me\/p96e7O-3rQ","jetpack-related-posts":[{"id":19610,"url":"https:\/\/gersonguelmann.com.br\/blog\/israel-frente-de-batalha-do-mundo-civilizado\/","url_meta":{"origin":13258,"position":0},"title":"Israel, Frente de Batalha do Mundo Civilizado","author":"Gerson Guelmann","date":"4 de janeiro de 2020","format":false,"excerpt":"Nesses dias em que o mundo est\u00e1 em polvorosa em raz\u00e3o da morte do arquiteto do terror Qasem Suleimani, acho oportuno relembrar a palestra proferida por Pilar Rahola em 4 de dezembro de 2014. E a raz\u00e3o de ter lembrado disso \u00e9 porque (s\u00f3 para variar) a Guarda Revolucion\u00e1ria iraniana,\u2026","rel":"","context":"Em &quot;Sem categoria&quot;","block_context":{"text":"Sem categoria","link":"https:\/\/gersonguelmann.com.br\/blog\/category\/sem-categoria\/"},"img":{"alt_text":"","src":"https:\/\/i0.wp.com\/gersonguelmann.com.br\/blog\/wp-content\/uploads\/2020\/01\/Israel.png?fit=960%2C627&ssl=1&resize=350%2C200","width":350,"height":200,"srcset":"https:\/\/i0.wp.com\/gersonguelmann.com.br\/blog\/wp-content\/uploads\/2020\/01\/Israel.png?fit=960%2C627&ssl=1&resize=350%2C200 1x, https:\/\/i0.wp.com\/gersonguelmann.com.br\/blog\/wp-content\/uploads\/2020\/01\/Israel.png?fit=960%2C627&ssl=1&resize=525%2C300 1.5x, https:\/\/i0.wp.com\/gersonguelmann.com.br\/blog\/wp-content\/uploads\/2020\/01\/Israel.png?fit=960%2C627&ssl=1&resize=700%2C400 2x"},"classes":[]},{"id":21754,"url":"https:\/\/gersonguelmann.com.br\/blog\/em-israel-a-pergunta-o-que-os-brasileiros-vieram-fazer-aqui\/","url_meta":{"origin":13258,"position":1},"title":"Em Israel, a Pergunta: O Que Os Brasileiros Vieram Fazer Aqui?","author":"Gerson Guelmann","date":"13 de mar\u00e7o de 2021","format":false,"excerpt":"Voc\u00ea j\u00e1 teve ter ouvido falar em \"manobra diversionista\". Diversionismo, segundo o dicion\u00e1rio que consultei, \u00e9 \"uma manobra ou estrat\u00e9gia usada para desviar a aten\u00e7\u00e3o do que est\u00e1 em discuss\u00e3o, geralmente em contextos pol\u00edticos; aquilo que serve para enganar ou esconder = cortina de fuma\u00e7a\" (*) Essa foi a palavra\u2026","rel":"","context":"Em &quot;Sem categoria&quot;","block_context":{"text":"Sem categoria","link":"https:\/\/gersonguelmann.com.br\/blog\/category\/sem-categoria\/"},"img":{"alt_text":"","src":"https:\/\/i0.wp.com\/gersonguelmann.com.br\/blog\/wp-content\/uploads\/2021\/03\/AnyConv.com__DK.jpeg?fit=1024%2C638&ssl=1&resize=350%2C200","width":350,"height":200,"srcset":"https:\/\/i0.wp.com\/gersonguelmann.com.br\/blog\/wp-content\/uploads\/2021\/03\/AnyConv.com__DK.jpeg?fit=1024%2C638&ssl=1&resize=350%2C200 1x, https:\/\/i0.wp.com\/gersonguelmann.com.br\/blog\/wp-content\/uploads\/2021\/03\/AnyConv.com__DK.jpeg?fit=1024%2C638&ssl=1&resize=525%2C300 1.5x, https:\/\/i0.wp.com\/gersonguelmann.com.br\/blog\/wp-content\/uploads\/2021\/03\/AnyConv.com__DK.jpeg?fit=1024%2C638&ssl=1&resize=700%2C400 2x"},"classes":[]},{"id":15954,"url":"https:\/\/gersonguelmann.com.br\/blog\/israel-na-lua-assista-o-lancamento-do-foguete\/","url_meta":{"origin":13258,"position":2},"title":"Israel na Lua &#8211; Assista o Lan\u00e7amento do Foguete","author":"Gerson Guelmann","date":"21 de fevereiro de 2019","format":false,"excerpt":"As\u00a022h45 de hoje, hor\u00e1rio de Bras\u00edlia (03h45 em Jerusal\u00e9m) um foguete Falcon 9 ser\u00e1 lan\u00e7ado em Cabo Canaveral com uma nave de constru\u00e7\u00e3o israelense. Batizada de Beresheet, o nome em hebraico do livro G\u00eanesis da B\u00edblia, a sonda foi constru\u00edda pela empresa SpaceIL de\u00a0Israel, com investimentos liderados pelo bilion\u00e1rio sul-africano\u2026","rel":"","context":"Em &quot;Sem categoria&quot;","block_context":{"text":"Sem categoria","link":"https:\/\/gersonguelmann.com.br\/blog\/category\/sem-categoria\/"},"img":{"alt_text":"","src":"https:\/\/i0.wp.com\/gersonguelmann.com.br\/blog\/wp-content\/uploads\/2019\/02\/Beresheet.jpg?fit=620%2C620&ssl=1&resize=350%2C200","width":350,"height":200,"srcset":"https:\/\/i0.wp.com\/gersonguelmann.com.br\/blog\/wp-content\/uploads\/2019\/02\/Beresheet.jpg?fit=620%2C620&ssl=1&resize=350%2C200 1x, https:\/\/i0.wp.com\/gersonguelmann.com.br\/blog\/wp-content\/uploads\/2019\/02\/Beresheet.jpg?fit=620%2C620&ssl=1&resize=525%2C300 1.5x"},"classes":[]},{"id":12736,"url":"https:\/\/gersonguelmann.com.br\/blog\/israel-destruiu-a-infraestrutura-militar-do-ira-na-siria\/","url_meta":{"origin":13258,"position":3},"title":"Israel Destruiu a Infraestrutura Militar do Ir\u00e3 na Siria","author":"Gerson Guelmann","date":"10 de maio de 2018","format":false,"excerpt":"Informa\u00e7\u00f5es do portal Menorah Brasil: TODA A INFRAESTRUTURA MILITAR DO IR\u00c3 NA S\u00cdRIA FOI DESTRU\u00cdDA maio 10, 2018\u00a0Jos\u00e9 Roitberg\u00a0 por Jos\u00e9 Roitberg M\u00edssil iraniano Fateh-313, de emprego r\u00e1pido com alcance de 500 km, do sul de Damasco poderia atingir at\u00e9 o Canal de Suez. \u00a0 As for\u00e7as de defesa de\u2026","rel":"","context":"Em &quot;Sem categoria&quot;","block_context":{"text":"Sem categoria","link":"https:\/\/gersonguelmann.com.br\/blog\/category\/sem-categoria\/"},"img":{"alt_text":"","src":"https:\/\/i0.wp.com\/gersonguelmann.com.br\/blog\/wp-content\/uploads\/2018\/05\/1-3.jpg?fit=678%2C381&ssl=1&resize=350%2C200","width":350,"height":200,"srcset":"https:\/\/i0.wp.com\/gersonguelmann.com.br\/blog\/wp-content\/uploads\/2018\/05\/1-3.jpg?fit=678%2C381&ssl=1&resize=350%2C200 1x, https:\/\/i0.wp.com\/gersonguelmann.com.br\/blog\/wp-content\/uploads\/2018\/05\/1-3.jpg?fit=678%2C381&ssl=1&resize=525%2C300 1.5x"},"classes":[]},{"id":15110,"url":"https:\/\/gersonguelmann.com.br\/blog\/em-oma-israel-propoe-a-construcao-da-ferrovia-via-da-paz-regional\/","url_meta":{"origin":13258,"position":4},"title":"Em Om\u00e3, Israel Prop\u00f5e a Constru\u00e7\u00e3o da Ferrovia &#8216;Via da Paz Regional&#8217;","author":"Gerson Guelmann","date":"7 de novembro de 2018","format":false,"excerpt":"Na esteira da visita feita \u00e0 Om\u00e3 por Benjamin Netanyahu, primeiro-ministro de Israel, na \u00faltima sexta-feira, quando foi recebido pelo sult\u00e3o Qabous ben Sa\u00efd, ontem o\u00a0ministro israelense de Transportes,\u00a0Yisrael Katz, tamb\u00e9m esteve no pa\u00eds. Leia a mat\u00e9ria publicada pela ag\u00eancia AFP: Atualidade Israel apresenta projeto da ferrovia 'via da paz\u2026","rel":"","context":"Em &quot;Sem categoria&quot;","block_context":{"text":"Sem categoria","link":"https:\/\/gersonguelmann.com.br\/blog\/category\/sem-categoria\/"},"img":{"alt_text":"","src":"https:\/\/i0.wp.com\/gersonguelmann.com.br\/blog\/wp-content\/uploads\/2018\/11\/Oman-300x168.jpg?resize=350%2C200&ssl=1","width":350,"height":200},"classes":[]},{"id":13094,"url":"https:\/\/gersonguelmann.com.br\/blog\/paraguai-e-o-terceiro-pais-a-inaugurar-embaixada-em-jerusalem\/","url_meta":{"origin":13258,"position":5},"title":"Paraguai \u00e9 o Terceiro Pa\u00eds a Inaugurar Embaixada em Jerusal\u00e9m","author":"Gerson Guelmann","date":"21 de maio de 2018","format":false,"excerpt":"Da revista VEJA, publicado h\u00e1 pouco: \u00a0 O presidente paraguaio Horacio Cartes cumprimenta o primeiro-ministro israelense Benjamin Netanyahu durante uma reuni\u00e3o no gabinete do primeiro-ministro em Jerusal\u00e9m, ap\u00f3s a cerim\u00f4nia de inaugura\u00e7\u00e3o da embaixada do Paraguai na capital de Israel - 21\/05\/2018\u00a0(Sebastian Scheiner\/Pool\/Reuters) \u00a0 Mundo Presidente do Paraguai inaugura embaixada\u2026","rel":"","context":"Em &quot;Sem categoria&quot;","block_context":{"text":"Sem categoria","link":"https:\/\/gersonguelmann.com.br\/blog\/category\/sem-categoria\/"},"img":{"alt_text":"","src":"https:\/\/i0.wp.com\/gersonguelmann.com.br\/blog\/wp-content\/uploads\/2018\/05\/mundo-embaixada-paraguaia-jerusalem.jpg?fit=680%2C453&ssl=1&resize=350%2C200","width":350,"height":200,"srcset":"https:\/\/i0.wp.com\/gersonguelmann.com.br\/blog\/wp-content\/uploads\/2018\/05\/mundo-embaixada-paraguaia-jerusalem.jpg?fit=680%2C453&ssl=1&resize=350%2C200 1x, https:\/\/i0.wp.com\/gersonguelmann.com.br\/blog\/wp-content\/uploads\/2018\/05\/mundo-embaixada-paraguaia-jerusalem.jpg?fit=680%2C453&ssl=1&resize=525%2C300 1.5x"},"classes":[]}],"jetpack_sharing_enabled":true,"post_mailing_queue_ids":[],"_links":{"self":[{"href":"https:\/\/gersonguelmann.com.br\/blog\/wp-json\/wp\/v2\/posts\/13258","targetHints":{"allow":["GET"]}}],"collection":[{"href":"https:\/\/gersonguelmann.com.br\/blog\/wp-json\/wp\/v2\/posts"}],"about":[{"href":"https:\/\/gersonguelmann.com.br\/blog\/wp-json\/wp\/v2\/types\/post"}],"author":[{"embeddable":true,"href":"https:\/\/gersonguelmann.com.br\/blog\/wp-json\/wp\/v2\/users\/5"}],"replies":[{"embeddable":true,"href":"https:\/\/gersonguelmann.com.br\/blog\/wp-json\/wp\/v2\/comments?post=13258"}],"version-history":[{"count":0,"href":"https:\/\/gersonguelmann.com.br\/blog\/wp-json\/wp\/v2\/posts\/13258\/revisions"}],"wp:featuredmedia":[{"embeddable":true,"href":"https:\/\/gersonguelmann.com.br\/blog\/wp-json\/wp\/v2\/media\/13259"}],"wp:attachment":[{"href":"https:\/\/gersonguelmann.com.br\/blog\/wp-json\/wp\/v2\/media?parent=13258"}],"wp:term":[{"taxonomy":"category","embeddable":true,"href":"https:\/\/gersonguelmann.com.br\/blog\/wp-json\/wp\/v2\/categories?post=13258"},{"taxonomy":"post_tag","embeddable":true,"href":"https:\/\/gersonguelmann.com.br\/blog\/wp-json\/wp\/v2\/tags?post=13258"}],"curies":[{"name":"wp","href":"https:\/\/api.w.org\/{rel}","templated":true}]}}