    {"id":13261,"date":"2018-05-24T19:52:07","date_gmt":"2018-05-24T22:52:07","guid":{"rendered":"https:\/\/gersonguelmann.com.br\/blog\/?p=13261"},"modified":"2018-05-24T19:52:07","modified_gmt":"2018-05-24T22:52:07","slug":"para-gleisi-estao-cometendo-crime-na-petrobras","status":"publish","type":"post","link":"https:\/\/gersonguelmann.com.br\/blog\/para-gleisi-estao-cometendo-crime-na-petrobras\/","title":{"rendered":"Para Gleisi, Est\u00e3o Cometendo Crime na Petrobras"},"content":{"rendered":"<p style=\"text-align: center;\"><img data-recalc-dims=\"1\" decoding=\"async\" data-attachment-id=\"13262\" data-permalink=\"https:\/\/gersonguelmann.com.br\/blog\/para-gleisi-estao-cometendo-crime-na-petrobras\/lula-1200x600\/\" data-orig-file=\"https:\/\/i0.wp.com\/gersonguelmann.com.br\/blog\/wp-content\/uploads\/2018\/05\/lula-1200x600.jpg?fit=1200%2C600&amp;ssl=1\" data-orig-size=\"1200,600\" data-comments-opened=\"1\" data-image-meta=\"{&quot;aperture&quot;:&quot;0&quot;,&quot;credit&quot;:&quot;&quot;,&quot;camera&quot;:&quot;&quot;,&quot;caption&quot;:&quot;&quot;,&quot;created_timestamp&quot;:&quot;0&quot;,&quot;copyright&quot;:&quot;&quot;,&quot;focal_length&quot;:&quot;0&quot;,&quot;iso&quot;:&quot;0&quot;,&quot;shutter_speed&quot;:&quot;0&quot;,&quot;title&quot;:&quot;&quot;,&quot;orientation&quot;:&quot;0&quot;}\" data-image-title=\"lula-1200&amp;#215;600\" data-image-description=\"\" data-image-caption=\"\" data-medium-file=\"https:\/\/i0.wp.com\/gersonguelmann.com.br\/blog\/wp-content\/uploads\/2018\/05\/lula-1200x600.jpg?fit=300%2C150&amp;ssl=1\" data-large-file=\"https:\/\/i0.wp.com\/gersonguelmann.com.br\/blog\/wp-content\/uploads\/2018\/05\/lula-1200x600.jpg?fit=640%2C320&amp;ssl=1\" class=\"alignnone size-medium wp-image-13262\" src=\"https:\/\/i0.wp.com\/gersonguelmann.com.br\/blog\/wp-content\/uploads\/2018\/05\/lula-1200x600.jpg?resize=300%2C150&#038;ssl=1\" alt=\"\" width=\"300\" height=\"150\" srcset=\"https:\/\/i0.wp.com\/gersonguelmann.com.br\/blog\/wp-content\/uploads\/2018\/05\/lula-1200x600.jpg?resize=300%2C150&amp;ssl=1 300w, https:\/\/i0.wp.com\/gersonguelmann.com.br\/blog\/wp-content\/uploads\/2018\/05\/lula-1200x600.jpg?resize=768%2C384&amp;ssl=1 768w, https:\/\/i0.wp.com\/gersonguelmann.com.br\/blog\/wp-content\/uploads\/2018\/05\/lula-1200x600.jpg?resize=1024%2C512&amp;ssl=1 1024w, https:\/\/i0.wp.com\/gersonguelmann.com.br\/blog\/wp-content\/uploads\/2018\/05\/lula-1200x600.jpg?resize=1200%2C600&amp;ssl=1 1200w\" sizes=\"(max-width: 300px) 100vw, 300px\" \/><\/p>\n<p><span style=\"color: #000000; font-family: georgia, palatino, serif; font-size: 18pt;\">Calma.<\/span><\/p>\n<p><span style=\"color: #000000; font-family: georgia, palatino, serif; font-size: 18pt;\">Respire fundo.<\/span><\/p>\n<p><span style=\"color: #000000; font-family: georgia, palatino, serif; font-size: 18pt;\">Relaxe.<\/span><\/p>\n<p><span style=\"color: #000000; font-family: georgia, palatino, serif; font-size: 18pt;\">Leia o titulo novamente.<\/span><\/p>\n<p><span style=\"color: #000000; font-family: georgia, palatino, serif; font-size: 18pt;\">\u00c9 isso mesmo. Se tem algu\u00e9m sofrendo de alucina\u00e7\u00f5es, n\u00e3o \u00e9 voc\u00ea.<\/span><\/p>\n<p><span style=\"color: #000000;\"><span style=\"font-family: georgia, palatino, serif; font-size: 18pt;\">Transcrevo postagem do Blog do meu querido amigo Z\u00e9 Beto:<\/span><\/p>\n<p><\/span><\/p>\n<header id=\"masthead\" class=\"site-header\" role=\"banner\">\n<div id=\"data-header\"><strong><span style=\"color: #000000;\">24 de maio 18<\/span><\/strong><\/div>\n<div>\n<strong><span style=\"color: #000000;\">16:21<\/span><\/strong><\/div>\n<\/header>\n<div id=\"main\" class=\"wrapper\">\n<div id=\"primary\" class=\"site-content\">\n<div id=\"content\" role=\"main\">\n<article id=\"post-351243\" class=\"post-351243 post type-post status-publish format-standard hentry category-geral\">\n<header class=\"entry-header\">\n<h1 class=\"entry-title\"><span style=\"color: #000000; font-size: 24pt;\">O crime de gest\u00e3o da Petrobras, segundo Gleisi<\/span><\/h1>\n<\/header>\n<div class=\"entry-content\">\n<p><span style=\"color: #000000; font-size: 14pt;\">A assessoria de imprensa da senadora Gleisi Hoffmann, presidente nacional do PT,\u00a0 distribuiu hoje um texto cujo t\u00edtulo \u00e9\u2026 \u00e9\u2026 isso a\u00ed: \u201cO que est\u00e3o fazendo na gest\u00e3o da Petrobras \u00e9 um crime de lesa-p\u00e1tria\u201d.\u00a0<\/span><\/p>\n<p><span style=\"color: #000000; font-size: 14pt;\">Segue o texto:<\/span><\/p>\n<p><span style=\"color: #000000; font-size: 14pt;\">A senadora Gleisi Hoffmann (PT-PR) voltou a se manifestar hoje contra os aumentos consecutivos e abusivos da gasolina. Como exemplo, ela citou o caos que est\u00e1 acontecendo nas cidades sat\u00e9lites de Bras\u00edlia, onde alguns postos chegaram a cobrar R$ 9,80 o litro.<\/span><\/p>\n<p><span style=\"color: #000000; font-size: 14pt;\">Para a senadora, essa situa\u00e7\u00e3o \u00e9 consequ\u00eancia da m\u00e1 gest\u00e3o de pre\u00e7os da Petrobras neste governo que est\u00e1 a\u00ed, que resolveu fazer um alinhamento com o mercado internacional. E mais do que isso: com autoriza\u00e7\u00e3o do Congresso, mudou o seu sistema de explora\u00e7\u00e3o do pr\u00e9-sal, n\u00e3o sendo mais operadora \u00fanica, e alterando assim a rentabilidade da empresa.<\/span><\/p>\n<p><span style=\"color: #000000; font-size: 14pt;\">\u201cO que est\u00e3o fazendo na gest\u00e3o da Petrobras \u00e9 um crime de lesa-p\u00e1tria! Nos governos do PT o pre\u00e7o do g\u00e1s de cozinha ficou congelado por 13 anos. Depois do golpe de Temer, j\u00e1 subiu 70%. A gasolina, com Lula e Dilma, subiu 8 vezes. Com Temer, j\u00e1 foram 229 aumentos! \u00c9 um completo desmonte do Pa\u00eds.\u201d<\/span><\/p>\n<p><span style=\"color: #000000; font-size: 14pt;\">Gleisi criticou o fatiamento que est\u00e3o fazendo com a Petrobras. \u201cQuatro refinarias est\u00e3o colocadas \u00e0 venda agora, que s\u00e3o respons\u00e1veis por 40% do refino do petr\u00f3leo. Est\u00e3o entregando o nosso petr\u00f3leo e dizendo que o nosso povo tem de pagar a gasolina com paridade no pre\u00e7o internacional. Isso \u00e9 uma barbaridade!\u201d, criticou.<\/span><\/p>\n<p><span style=\"color: #000000; font-size: 14pt;\">A senadora tamb\u00e9m est\u00e1 preocupada com a situa\u00e7\u00e3o dos agricultores, que est\u00e3o tendo dificuldades no escoamento dos produtos em fun\u00e7\u00e3o da alta do diesel. Para se ter uma ideia, at\u00e9 2015, o pa\u00eds importava 41% do diesel dos Estados Unidos. Hoje, est\u00e1 importando 82% do produto utilizado no Brasil. \u201cEu recebi v\u00e1rios telefonemas do meu Estado, de pequenos agricultores, gente que \u00e9 produtora de leite, gente que \u00e9 produtora de galinha, de porco, que precisa de combust\u00edvel para escoar sua produ\u00e7\u00e3o. V\u00e3o fazer o qu\u00ea com esse pre\u00e7o do diesel? Nosso povo est\u00e1 sofrendo, est\u00e1 infeliz.\u201d<\/span><\/p>\n<p><span style=\"color: #000000; font-size: 14pt;\">Para Gleisi, o Congresso Nacional e o Senado da Rep\u00fablica precisam intervir urgentemente nessa situa\u00e7\u00e3o. \u201cH\u00e1 projetos de lei no Congresso Nacional para tratar dessa quest\u00e3o. Inclusive, intervir tamb\u00e9m na problem\u00e1tica dos juros do cart\u00e3o de cr\u00e9dito e dos juros cobrados ao consumidor. Para melhorar a vida do povo brasileiro e n\u00e3o fazer coro a esse terrorismo todo que est\u00e1 a\u00ed.\u201d<\/span><\/p>\n<\/div>\n<\/article>\n<\/div>\n<\/div>\n<\/div>\n<p><span style=\"font-family: georgia, palatino, serif; font-size: 18pt; color: #000000;\">Para ler a mat\u00e9ria no Blog do Z\u00e9 Beto, <span style=\"color: #0000ff;\"><a style=\"color: #0000ff;\" href=\"http:\/\/www.zebeto.com.br\/o-crime-de-gestao-da-petrobras-segundo-gleisi\/#more-351243\"><em><strong>clique aqui<\/strong><\/em><\/a><\/span>.<\/span><\/p>\n","protected":false},"excerpt":{"rendered":"<p>Calma. Respire fundo. Relaxe. Leia o titulo novamente. \u00c9 isso mesmo. Se tem algu\u00e9m sofrendo de alucina\u00e7\u00f5es, n\u00e3o \u00e9 voc\u00ea. Transcrevo postagem do Blog do meu querido amigo Z\u00e9 Beto: 24 de maio 18 16:21 O crime de gest\u00e3o da Petrobras, segundo Gleisi A assessoria de imprensa da senadora Gleisi Hoffmann, presidente nacional do PT,\u00a0 [&hellip;]<\/p>\n","protected":false},"author":5,"featured_media":13262,"comment_status":"open","ping_status":"open","sticky":false,"template":"","format":"standard","meta":{"_acf_changed":false,"jetpack_post_was_ever_published":false,"_jetpack_newsletter_access":"","_jetpack_dont_email_post_to_subs":false,"_jetpack_newsletter_tier_id":0,"_jetpack_memberships_contains_paywalled_content":false,"_jetpack_memberships_contains_paid_content":false,"footnotes":"","jetpack_publicize_message":"","jetpack_publicize_feature_enabled":true,"jetpack_social_post_already_shared":true,"jetpack_social_options":{"image_generator_settings":{"template":"highway","default_image_id":0,"font":"","enabled":false},"version":2}},"categories":[1],"tags":[],"class_list":["post-13261","post","type-post","status-publish","format-standard","has-post-thumbnail","hentry","category-sem-categoria"],"acf":[],"yoast_head":"<!-- This site is optimized with the Yoast SEO plugin v27.3 - https:\/\/yoast.com\/product\/yoast-seo-wordpress\/ -->\n<title>Para Gleisi, Est\u00e3o Cometendo Crime na Petrobras | Blog do Guelmann<\/title>\n<meta name=\"robots\" content=\"index, follow, max-snippet:-1, max-image-preview:large, max-video-preview:-1\" \/>\n<link rel=\"canonical\" href=\"https:\/\/gersonguelmann.com.br\/blog\/para-gleisi-estao-cometendo-crime-na-petrobras\/\" \/>\n<meta property=\"og:locale\" content=\"pt_BR\" \/>\n<meta property=\"og:type\" content=\"article\" \/>\n<meta property=\"og:title\" content=\"Para Gleisi, Est\u00e3o Cometendo Crime na Petrobras | Blog do Guelmann\" \/>\n<meta property=\"og:description\" content=\"Calma. Respire fundo. Relaxe. Leia o titulo novamente. \u00c9 isso mesmo. Se tem algu\u00e9m sofrendo de alucina\u00e7\u00f5es, n\u00e3o \u00e9 voc\u00ea. Transcrevo postagem do Blog do meu querido amigo Z\u00e9 Beto: 24 de maio 18 16:21 O crime de gest\u00e3o da Petrobras, segundo Gleisi A assessoria de imprensa da senadora Gleisi Hoffmann, presidente nacional do PT,\u00a0 [&hellip;]\" \/>\n<meta property=\"og:url\" content=\"https:\/\/gersonguelmann.com.br\/blog\/para-gleisi-estao-cometendo-crime-na-petrobras\/\" \/>\n<meta property=\"og:site_name\" content=\"Blog do Guelmann\" \/>\n<meta property=\"article:published_time\" content=\"2018-05-24T22:52:07+00:00\" \/>\n<meta property=\"og:image\" content=\"https:\/\/i0.wp.com\/gersonguelmann.com.br\/blog\/wp-content\/uploads\/2018\/05\/lula-1200x600.jpg?fit=1200%2C600&ssl=1\" \/>\n\t<meta property=\"og:image:width\" content=\"1200\" \/>\n\t<meta property=\"og:image:height\" content=\"600\" \/>\n\t<meta property=\"og:image:type\" content=\"image\/jpeg\" \/>\n<meta name=\"author\" content=\"Gerson Guelmann\" \/>\n<meta name=\"twitter:card\" content=\"summary_large_image\" \/>\n<meta name=\"twitter:label1\" content=\"Escrito por\" \/>\n\t<meta name=\"twitter:data1\" content=\"Gerson Guelmann\" \/>\n\t<meta name=\"twitter:label2\" content=\"Est. tempo de leitura\" \/>\n\t<meta name=\"twitter:data2\" content=\"2 minutos\" \/>\n<script type=\"application\/ld+json\" class=\"yoast-schema-graph\">{\"@context\":\"https:\\\/\\\/schema.org\",\"@graph\":[{\"@type\":\"Article\",\"@id\":\"https:\\\/\\\/gersonguelmann.com.br\\\/blog\\\/para-gleisi-estao-cometendo-crime-na-petrobras\\\/#article\",\"isPartOf\":{\"@id\":\"https:\\\/\\\/gersonguelmann.com.br\\\/blog\\\/para-gleisi-estao-cometendo-crime-na-petrobras\\\/\"},\"author\":{\"name\":\"Gerson Guelmann\",\"@id\":\"https:\\\/\\\/gersonguelmann.com.br\\\/blog\\\/#\\\/schema\\\/person\\\/87e70e2a786888082f941a482c90569e\"},\"headline\":\"Para Gleisi, Est\u00e3o Cometendo Crime na Petrobras\",\"datePublished\":\"2018-05-24T22:52:07+00:00\",\"mainEntityOfPage\":{\"@id\":\"https:\\\/\\\/gersonguelmann.com.br\\\/blog\\\/para-gleisi-estao-cometendo-crime-na-petrobras\\\/\"},\"wordCount\":492,\"commentCount\":0,\"image\":{\"@id\":\"https:\\\/\\\/gersonguelmann.com.br\\\/blog\\\/para-gleisi-estao-cometendo-crime-na-petrobras\\\/#primaryimage\"},\"thumbnailUrl\":\"https:\\\/\\\/i0.wp.com\\\/gersonguelmann.com.br\\\/blog\\\/wp-content\\\/uploads\\\/2018\\\/05\\\/lula-1200x600.jpg?fit=1200%2C600&ssl=1\",\"inLanguage\":\"pt-BR\",\"potentialAction\":[{\"@type\":\"CommentAction\",\"name\":\"Comment\",\"target\":[\"https:\\\/\\\/gersonguelmann.com.br\\\/blog\\\/para-gleisi-estao-cometendo-crime-na-petrobras\\\/#respond\"]}]},{\"@type\":\"WebPage\",\"@id\":\"https:\\\/\\\/gersonguelmann.com.br\\\/blog\\\/para-gleisi-estao-cometendo-crime-na-petrobras\\\/\",\"url\":\"https:\\\/\\\/gersonguelmann.com.br\\\/blog\\\/para-gleisi-estao-cometendo-crime-na-petrobras\\\/\",\"name\":\"Para Gleisi, Est\u00e3o Cometendo Crime na Petrobras | Blog do Guelmann\",\"isPartOf\":{\"@id\":\"https:\\\/\\\/gersonguelmann.com.br\\\/blog\\\/#website\"},\"primaryImageOfPage\":{\"@id\":\"https:\\\/\\\/gersonguelmann.com.br\\\/blog\\\/para-gleisi-estao-cometendo-crime-na-petrobras\\\/#primaryimage\"},\"image\":{\"@id\":\"https:\\\/\\\/gersonguelmann.com.br\\\/blog\\\/para-gleisi-estao-cometendo-crime-na-petrobras\\\/#primaryimage\"},\"thumbnailUrl\":\"https:\\\/\\\/i0.wp.com\\\/gersonguelmann.com.br\\\/blog\\\/wp-content\\\/uploads\\\/2018\\\/05\\\/lula-1200x600.jpg?fit=1200%2C600&ssl=1\",\"datePublished\":\"2018-05-24T22:52:07+00:00\",\"author\":{\"@id\":\"https:\\\/\\\/gersonguelmann.com.br\\\/blog\\\/#\\\/schema\\\/person\\\/87e70e2a786888082f941a482c90569e\"},\"inLanguage\":\"pt-BR\",\"potentialAction\":[{\"@type\":\"ReadAction\",\"target\":[\"https:\\\/\\\/gersonguelmann.com.br\\\/blog\\\/para-gleisi-estao-cometendo-crime-na-petrobras\\\/\"]}]},{\"@type\":\"ImageObject\",\"inLanguage\":\"pt-BR\",\"@id\":\"https:\\\/\\\/gersonguelmann.com.br\\\/blog\\\/para-gleisi-estao-cometendo-crime-na-petrobras\\\/#primaryimage\",\"url\":\"https:\\\/\\\/i0.wp.com\\\/gersonguelmann.com.br\\\/blog\\\/wp-content\\\/uploads\\\/2018\\\/05\\\/lula-1200x600.jpg?fit=1200%2C600&ssl=1\",\"contentUrl\":\"https:\\\/\\\/i0.wp.com\\\/gersonguelmann.com.br\\\/blog\\\/wp-content\\\/uploads\\\/2018\\\/05\\\/lula-1200x600.jpg?fit=1200%2C600&ssl=1\",\"width\":1200,\"height\":600},{\"@type\":\"WebSite\",\"@id\":\"https:\\\/\\\/gersonguelmann.com.br\\\/blog\\\/#website\",\"url\":\"https:\\\/\\\/gersonguelmann.com.br\\\/blog\\\/\",\"name\":\"Blog do Guelmann\",\"description\":\"Pitadas da sabedoria e do humor judaicos, assuntos do momento e um pouco das hist\u00f3rias que vivi e testemunhei.\",\"potentialAction\":[{\"@type\":\"SearchAction\",\"target\":{\"@type\":\"EntryPoint\",\"urlTemplate\":\"https:\\\/\\\/gersonguelmann.com.br\\\/blog\\\/?s={search_term_string}\"},\"query-input\":{\"@type\":\"PropertyValueSpecification\",\"valueRequired\":true,\"valueName\":\"search_term_string\"}}],\"inLanguage\":\"pt-BR\"},{\"@type\":\"Person\",\"@id\":\"https:\\\/\\\/gersonguelmann.com.br\\\/blog\\\/#\\\/schema\\\/person\\\/87e70e2a786888082f941a482c90569e\",\"name\":\"Gerson Guelmann\",\"image\":{\"@type\":\"ImageObject\",\"inLanguage\":\"pt-BR\",\"@id\":\"https:\\\/\\\/i0.wp.com\\\/gersonguelmann.com.br\\\/blog\\\/wp-content\\\/uploads\\\/2021\\\/08\\\/BLOG.jpeg?fit=96%2C96&ssl=1\",\"url\":\"https:\\\/\\\/i0.wp.com\\\/gersonguelmann.com.br\\\/blog\\\/wp-content\\\/uploads\\\/2021\\\/08\\\/BLOG.jpeg?fit=96%2C96&ssl=1\",\"contentUrl\":\"https:\\\/\\\/i0.wp.com\\\/gersonguelmann.com.br\\\/blog\\\/wp-content\\\/uploads\\\/2021\\\/08\\\/BLOG.jpeg?fit=96%2C96&ssl=1\",\"caption\":\"Gerson Guelmann\"},\"description\":\"Pitadas da sabedoria e do humor judaicos, assuntos do momento e um pouco das hist\u00f3rias que vivi e testemunhei.\"}]}<\/script>\n<!-- \/ Yoast SEO plugin. -->","yoast_head_json":{"title":"Para Gleisi, Est\u00e3o Cometendo Crime na Petrobras | Blog do Guelmann","robots":{"index":"index","follow":"follow","max-snippet":"max-snippet:-1","max-image-preview":"max-image-preview:large","max-video-preview":"max-video-preview:-1"},"canonical":"https:\/\/gersonguelmann.com.br\/blog\/para-gleisi-estao-cometendo-crime-na-petrobras\/","og_locale":"pt_BR","og_type":"article","og_title":"Para Gleisi, Est\u00e3o Cometendo Crime na Petrobras | Blog do Guelmann","og_description":"Calma. Respire fundo. Relaxe. Leia o titulo novamente. \u00c9 isso mesmo. Se tem algu\u00e9m sofrendo de alucina\u00e7\u00f5es, n\u00e3o \u00e9 voc\u00ea. Transcrevo postagem do Blog do meu querido amigo Z\u00e9 Beto: 24 de maio 18 16:21 O crime de gest\u00e3o da Petrobras, segundo Gleisi A assessoria de imprensa da senadora Gleisi Hoffmann, presidente nacional do PT,\u00a0 [&hellip;]","og_url":"https:\/\/gersonguelmann.com.br\/blog\/para-gleisi-estao-cometendo-crime-na-petrobras\/","og_site_name":"Blog do Guelmann","article_published_time":"2018-05-24T22:52:07+00:00","og_image":[{"width":1200,"height":600,"url":"https:\/\/i0.wp.com\/gersonguelmann.com.br\/blog\/wp-content\/uploads\/2018\/05\/lula-1200x600.jpg?fit=1200%2C600&ssl=1","type":"image\/jpeg"}],"author":"Gerson Guelmann","twitter_card":"summary_large_image","twitter_misc":{"Escrito por":"Gerson Guelmann","Est. tempo de leitura":"2 minutos"},"schema":{"@context":"https:\/\/schema.org","@graph":[{"@type":"Article","@id":"https:\/\/gersonguelmann.com.br\/blog\/para-gleisi-estao-cometendo-crime-na-petrobras\/#article","isPartOf":{"@id":"https:\/\/gersonguelmann.com.br\/blog\/para-gleisi-estao-cometendo-crime-na-petrobras\/"},"author":{"name":"Gerson Guelmann","@id":"https:\/\/gersonguelmann.com.br\/blog\/#\/schema\/person\/87e70e2a786888082f941a482c90569e"},"headline":"Para Gleisi, Est\u00e3o Cometendo Crime na Petrobras","datePublished":"2018-05-24T22:52:07+00:00","mainEntityOfPage":{"@id":"https:\/\/gersonguelmann.com.br\/blog\/para-gleisi-estao-cometendo-crime-na-petrobras\/"},"wordCount":492,"commentCount":0,"image":{"@id":"https:\/\/gersonguelmann.com.br\/blog\/para-gleisi-estao-cometendo-crime-na-petrobras\/#primaryimage"},"thumbnailUrl":"https:\/\/i0.wp.com\/gersonguelmann.com.br\/blog\/wp-content\/uploads\/2018\/05\/lula-1200x600.jpg?fit=1200%2C600&ssl=1","inLanguage":"pt-BR","potentialAction":[{"@type":"CommentAction","name":"Comment","target":["https:\/\/gersonguelmann.com.br\/blog\/para-gleisi-estao-cometendo-crime-na-petrobras\/#respond"]}]},{"@type":"WebPage","@id":"https:\/\/gersonguelmann.com.br\/blog\/para-gleisi-estao-cometendo-crime-na-petrobras\/","url":"https:\/\/gersonguelmann.com.br\/blog\/para-gleisi-estao-cometendo-crime-na-petrobras\/","name":"Para Gleisi, Est\u00e3o Cometendo Crime na Petrobras | Blog do Guelmann","isPartOf":{"@id":"https:\/\/gersonguelmann.com.br\/blog\/#website"},"primaryImageOfPage":{"@id":"https:\/\/gersonguelmann.com.br\/blog\/para-gleisi-estao-cometendo-crime-na-petrobras\/#primaryimage"},"image":{"@id":"https:\/\/gersonguelmann.com.br\/blog\/para-gleisi-estao-cometendo-crime-na-petrobras\/#primaryimage"},"thumbnailUrl":"https:\/\/i0.wp.com\/gersonguelmann.com.br\/blog\/wp-content\/uploads\/2018\/05\/lula-1200x600.jpg?fit=1200%2C600&ssl=1","datePublished":"2018-05-24T22:52:07+00:00","author":{"@id":"https:\/\/gersonguelmann.com.br\/blog\/#\/schema\/person\/87e70e2a786888082f941a482c90569e"},"inLanguage":"pt-BR","potentialAction":[{"@type":"ReadAction","target":["https:\/\/gersonguelmann.com.br\/blog\/para-gleisi-estao-cometendo-crime-na-petrobras\/"]}]},{"@type":"ImageObject","inLanguage":"pt-BR","@id":"https:\/\/gersonguelmann.com.br\/blog\/para-gleisi-estao-cometendo-crime-na-petrobras\/#primaryimage","url":"https:\/\/i0.wp.com\/gersonguelmann.com.br\/blog\/wp-content\/uploads\/2018\/05\/lula-1200x600.jpg?fit=1200%2C600&ssl=1","contentUrl":"https:\/\/i0.wp.com\/gersonguelmann.com.br\/blog\/wp-content\/uploads\/2018\/05\/lula-1200x600.jpg?fit=1200%2C600&ssl=1","width":1200,"height":600},{"@type":"WebSite","@id":"https:\/\/gersonguelmann.com.br\/blog\/#website","url":"https:\/\/gersonguelmann.com.br\/blog\/","name":"Blog do Guelmann","description":"Pitadas da sabedoria e do humor judaicos, assuntos do momento e um pouco das hist\u00f3rias que vivi e testemunhei.","potentialAction":[{"@type":"SearchAction","target":{"@type":"EntryPoint","urlTemplate":"https:\/\/gersonguelmann.com.br\/blog\/?s={search_term_string}"},"query-input":{"@type":"PropertyValueSpecification","valueRequired":true,"valueName":"search_term_string"}}],"inLanguage":"pt-BR"},{"@type":"Person","@id":"https:\/\/gersonguelmann.com.br\/blog\/#\/schema\/person\/87e70e2a786888082f941a482c90569e","name":"Gerson Guelmann","image":{"@type":"ImageObject","inLanguage":"pt-BR","@id":"https:\/\/i0.wp.com\/gersonguelmann.com.br\/blog\/wp-content\/uploads\/2021\/08\/BLOG.jpeg?fit=96%2C96&ssl=1","url":"https:\/\/i0.wp.com\/gersonguelmann.com.br\/blog\/wp-content\/uploads\/2021\/08\/BLOG.jpeg?fit=96%2C96&ssl=1","contentUrl":"https:\/\/i0.wp.com\/gersonguelmann.com.br\/blog\/wp-content\/uploads\/2021\/08\/BLOG.jpeg?fit=96%2C96&ssl=1","caption":"Gerson Guelmann"},"description":"Pitadas da sabedoria e do humor judaicos, assuntos do momento e um pouco das hist\u00f3rias que vivi e testemunhei."}]}},"views":22,"jetpack_publicize_connections":[],"jetpack_featured_media_url":"https:\/\/i0.wp.com\/gersonguelmann.com.br\/blog\/wp-content\/uploads\/2018\/05\/lula-1200x600.jpg?fit=1200%2C600&ssl=1","jetpack_shortlink":"https:\/\/wp.me\/p96e7O-3rT","jetpack-related-posts":[{"id":14804,"url":"https:\/\/gersonguelmann.com.br\/blog\/autismo-e-sindrome-do-x-fragil\/","url_meta":{"origin":13261,"position":0},"title":"Autismo e S\u00edndrome do X Fr\u00e1gil","author":"Gerson Guelmann","date":"20 de outubro de 2018","format":false,"excerpt":"Nesta segunda-feira acontecer\u00e1 uma palestra sobre \u201cAutismo e S\u00edndrome do X Fr\u00e1gil\u201d, patrocinada pelo Instituto Lico Kaesemodel e pelo Projeto Eu Digo X,\u00a0que tem por objetivo auxiliar e apoiar as pessoas afetadas pela S\u00edndrome do X Fr\u00e1gil e seus familiares.\u00a0 Nele ser\u00e3o abordados temas relativos ao \u201cAutismo e S\u00edndrome do\u2026","rel":"","context":"Em &quot;Sem categoria&quot;","block_context":{"text":"Sem categoria","link":"https:\/\/gersonguelmann.com.br\/blog\/category\/sem-categoria\/"},"img":{"alt_text":"","src":"https:\/\/i0.wp.com\/gersonguelmann.com.br\/blog\/wp-content\/uploads\/2018\/10\/X-Fr%C3%A1gil.jpg?fit=769%2C769&ssl=1&resize=350%2C200","width":350,"height":200,"srcset":"https:\/\/i0.wp.com\/gersonguelmann.com.br\/blog\/wp-content\/uploads\/2018\/10\/X-Fr%C3%A1gil.jpg?fit=769%2C769&ssl=1&resize=350%2C200 1x, https:\/\/i0.wp.com\/gersonguelmann.com.br\/blog\/wp-content\/uploads\/2018\/10\/X-Fr%C3%A1gil.jpg?fit=769%2C769&ssl=1&resize=525%2C300 1.5x, https:\/\/i0.wp.com\/gersonguelmann.com.br\/blog\/wp-content\/uploads\/2018\/10\/X-Fr%C3%A1gil.jpg?fit=769%2C769&ssl=1&resize=700%2C400 2x"},"classes":[]},{"id":23101,"url":"https:\/\/gersonguelmann.com.br\/blog\/sexta-do-humor-e-da-cultura-judaica-o-jantar-do-rabino-cohen-e-do-padre-kelly\/","url_meta":{"origin":13261,"position":1},"title":"Sexta do Humor e da Cultura Judaica \u2013 O Jantar do Rabino Cohen e do Padre Kelly","author":"Gerson Guelmann","date":"5 de maio de 2023","format":false,"excerpt":"O Jantar do Rabino Cohen e do Padre Kelly O Rabino Cohen e o Padre Kelly, muito amigos, foram juntos a um leil\u00e3o beneficente da Comunidade onde trabalhavam. Ap\u00f3s o t\u00e9rmino foi servido um jantar e os religiosos sentaram-se lado a lado. Logo no in\u00edcio foi servida uma entrada e\u2026","rel":"","context":"Em &quot;Sem categoria&quot;","block_context":{"text":"Sem categoria","link":"https:\/\/gersonguelmann.com.br\/blog\/category\/sem-categoria\/"},"img":{"alt_text":"","src":"https:\/\/i0.wp.com\/gersonguelmann.com.br\/blog\/wp-content\/uploads\/2023\/05\/HojePR-1.jpg?fit=960%2C645&ssl=1&resize=350%2C200","width":350,"height":200,"srcset":"https:\/\/i0.wp.com\/gersonguelmann.com.br\/blog\/wp-content\/uploads\/2023\/05\/HojePR-1.jpg?fit=960%2C645&ssl=1&resize=350%2C200 1x, https:\/\/i0.wp.com\/gersonguelmann.com.br\/blog\/wp-content\/uploads\/2023\/05\/HojePR-1.jpg?fit=960%2C645&ssl=1&resize=525%2C300 1.5x, https:\/\/i0.wp.com\/gersonguelmann.com.br\/blog\/wp-content\/uploads\/2023\/05\/HojePR-1.jpg?fit=960%2C645&ssl=1&resize=700%2C400 2x"},"classes":[]},{"id":127,"url":"https:\/\/gersonguelmann.com.br\/blog\/lembra-do-startac-e-do-nokia\/","url_meta":{"origin":13261,"position":2},"title":"Lembra do StarTac e do Nokia?","author":"Gerson Guelmann","date":"23 de junho de 2017","format":false,"excerpt":"Primeiro disseram que no dia do Ju\u00edzo Final todas as nossas mensagens por WhatsApp ser\u00e3o exibidas num tel\u00e3o.Agora soubemos que nas investiga\u00e7\u00f5es decorrentes da dela\u00e7\u00e3o do homem da alcatra e da picanha a Pol\u00edcia Federal recuperou SMS e e-mails da \u00e9poca em que o StarTac e o Nokia eram o\u2026","rel":"","context":"Em &quot;Sem categoria&quot;","block_context":{"text":"Sem categoria","link":"https:\/\/gersonguelmann.com.br\/blog\/category\/sem-categoria\/"},"img":{"alt_text":"","src":"https:\/\/i0.wp.com\/3.bp.blogspot.com\/-REirQDuVA1Q\/WU0f9IrQIZI\/AAAAAAAATFg\/Lzfy_H2WYkInOP2qiET3r1f9unKeLupfgCLcBGAs\/s320\/StarTac.jpg?resize=350%2C200&ssl=1","width":350,"height":200},"classes":[]},{"id":2881,"url":"https:\/\/gersonguelmann.com.br\/blog\/o-ministerio-da-saude-adverte\/","url_meta":{"origin":13261,"position":3},"title":"O Minist\u00e9rio da Sa\u00fade Adverte","author":"Gerson Guelmann","date":"14 de outubro de 2017","format":false,"excerpt":"(Livre adapta\u00e7\u00e3o de anedota do humor judaico, sob a responsabilidade do Blogueiro) Fato 1: Os japoneses comem poucos alimentos gordurosos e sofrem menos ataques card\u00edacos do que os portugueses e brasileiros. Fato 2: Os japoneses tomam pouco vinho tinto\u00a0e sofrem menos ataques card\u00edacos do que os portugueses e brasileiros.\u00a0 Fato\u2026","rel":"","context":"Em &quot;Sem categoria&quot;","block_context":{"text":"Sem categoria","link":"https:\/\/gersonguelmann.com.br\/blog\/category\/sem-categoria\/"},"img":{"alt_text":"","src":"https:\/\/i0.wp.com\/gersonguelmann.com.br\/blog\/wp-content\/uploads\/2017\/10\/Minist%C3%A9rio.jpg?fit=500%2C340&ssl=1&resize=350%2C200","width":350,"height":200},"classes":[]},{"id":17658,"url":"https:\/\/gersonguelmann.com.br\/blog\/bolsonaro-lula-a-repeticao-do-nos-contra-eles\/","url_meta":{"origin":13261,"position":4},"title":"Bolsonaro &#038; Lula &#8211; A Repeti\u00e7\u00e3o do N\u00f3s Contra Eles","author":"Gerson Guelmann","date":"23 de julho de 2019","format":false,"excerpt":"Transcrevo, do jornal O Estado de s\u00e3o Paulo de 21 do corrente, artigo que a meu ver retrata com enorme propriedade e fidelidade o que se passa atualmente no pa\u00eds: O esgar\u00e7amento do tecido social O que ocorre hoje no Pa\u00eds \u00e9 continuidade do que se fez nos anos petistas,\u2026","rel":"","context":"Em &quot;Sem categoria&quot;","block_context":{"text":"Sem categoria","link":"https:\/\/gersonguelmann.com.br\/blog\/category\/sem-categoria\/"},"img":{"alt_text":"","src":"https:\/\/i0.wp.com\/gersonguelmann.com.br\/blog\/wp-content\/uploads\/2019\/07\/Fight-1.jpg?fit=1036%2C712&ssl=1&resize=350%2C200","width":350,"height":200,"srcset":"https:\/\/i0.wp.com\/gersonguelmann.com.br\/blog\/wp-content\/uploads\/2019\/07\/Fight-1.jpg?fit=1036%2C712&ssl=1&resize=350%2C200 1x, https:\/\/i0.wp.com\/gersonguelmann.com.br\/blog\/wp-content\/uploads\/2019\/07\/Fight-1.jpg?fit=1036%2C712&ssl=1&resize=525%2C300 1.5x, https:\/\/i0.wp.com\/gersonguelmann.com.br\/blog\/wp-content\/uploads\/2019\/07\/Fight-1.jpg?fit=1036%2C712&ssl=1&resize=700%2C400 2x"},"classes":[]},{"id":1764,"url":"https:\/\/gersonguelmann.com.br\/blog\/a-decepcao-do-rei-do-baiao\/","url_meta":{"origin":13261,"position":5},"title":"A Decep\u00e7\u00e3o do Rei do Bai\u00e3o","author":"Gerson Guelmann","date":"6 de novembro de 2023","format":false,"excerpt":"Poucos artistas souberam compreender, traduzir em sentimentos e cantar a alma do nordestino brasileiro como Luiz Gonzaga. Mais conhecido como Gonzag\u00e3o, ele nasceu em 1912 em Exu, Pernambuco, e morreu em 1989, aos 76 anos. Considerado o Rei do Bai\u00e3o, deixou uma obra com mais de 500 m\u00fasicas, marcada pela\u2026","rel":"","context":"Em &quot;Sem categoria&quot;","block_context":{"text":"Sem categoria","link":"https:\/\/gersonguelmann.com.br\/blog\/category\/sem-categoria\/"},"img":{"alt_text":"","src":"https:\/\/i0.wp.com\/gersonguelmann.com.br\/blog\/wp-content\/uploads\/2023\/11\/HojePR.jpg?fit=1187%2C1200&ssl=1&resize=350%2C200","width":350,"height":200,"srcset":"https:\/\/i0.wp.com\/gersonguelmann.com.br\/blog\/wp-content\/uploads\/2023\/11\/HojePR.jpg?fit=1187%2C1200&ssl=1&resize=350%2C200 1x, https:\/\/i0.wp.com\/gersonguelmann.com.br\/blog\/wp-content\/uploads\/2023\/11\/HojePR.jpg?fit=1187%2C1200&ssl=1&resize=525%2C300 1.5x, https:\/\/i0.wp.com\/gersonguelmann.com.br\/blog\/wp-content\/uploads\/2023\/11\/HojePR.jpg?fit=1187%2C1200&ssl=1&resize=700%2C400 2x, https:\/\/i0.wp.com\/gersonguelmann.com.br\/blog\/wp-content\/uploads\/2023\/11\/HojePR.jpg?fit=1187%2C1200&ssl=1&resize=1050%2C600 3x"},"classes":[]}],"jetpack_sharing_enabled":true,"post_mailing_queue_ids":[],"_links":{"self":[{"href":"https:\/\/gersonguelmann.com.br\/blog\/wp-json\/wp\/v2\/posts\/13261","targetHints":{"allow":["GET"]}}],"collection":[{"href":"https:\/\/gersonguelmann.com.br\/blog\/wp-json\/wp\/v2\/posts"}],"about":[{"href":"https:\/\/gersonguelmann.com.br\/blog\/wp-json\/wp\/v2\/types\/post"}],"author":[{"embeddable":true,"href":"https:\/\/gersonguelmann.com.br\/blog\/wp-json\/wp\/v2\/users\/5"}],"replies":[{"embeddable":true,"href":"https:\/\/gersonguelmann.com.br\/blog\/wp-json\/wp\/v2\/comments?post=13261"}],"version-history":[{"count":0,"href":"https:\/\/gersonguelmann.com.br\/blog\/wp-json\/wp\/v2\/posts\/13261\/revisions"}],"wp:featuredmedia":[{"embeddable":true,"href":"https:\/\/gersonguelmann.com.br\/blog\/wp-json\/wp\/v2\/media\/13262"}],"wp:attachment":[{"href":"https:\/\/gersonguelmann.com.br\/blog\/wp-json\/wp\/v2\/media?parent=13261"}],"wp:term":[{"taxonomy":"category","embeddable":true,"href":"https:\/\/gersonguelmann.com.br\/blog\/wp-json\/wp\/v2\/categories?post=13261"},{"taxonomy":"post_tag","embeddable":true,"href":"https:\/\/gersonguelmann.com.br\/blog\/wp-json\/wp\/v2\/tags?post=13261"}],"curies":[{"name":"wp","href":"https:\/\/api.w.org\/{rel}","templated":true}]}}