    {"id":13269,"date":"2018-05-24T22:07:33","date_gmt":"2018-05-25T01:07:33","guid":{"rendered":"https:\/\/gersonguelmann.com.br\/blog\/?p=13269"},"modified":"2018-05-24T22:07:33","modified_gmt":"2018-05-25T01:07:33","slug":"moro-nega-pedido-do-pt-e-diz-que-lula-tem-fotos-com-aecio-e-geddel","status":"publish","type":"post","link":"https:\/\/gersonguelmann.com.br\/blog\/moro-nega-pedido-do-pt-e-diz-que-lula-tem-fotos-com-aecio-e-geddel\/","title":{"rendered":"Moro Nega Pedido do PT e  Diz Que Lula Tem Fotos Com A\u00e9cio e Geddel"},"content":{"rendered":"<p><span style=\"color: #000000; font-family: georgia, palatino, serif; font-size: 18pt;\">Do site do UOL:<\/span><\/p>\n<p><strong><span style=\"color: #000000;\">Do UOL, em S\u00e3o Paulo <\/span><\/strong><br \/>\n<strong><span style=\"color: #000000;\">24\/05\/2018 &#8211; 20h11 &gt; Atualizada 24\/05\/2018 &#8211; 20h37<\/span><\/strong><\/p>\n<p style=\"text-align: center;\"><span style=\"color: #000000;\"><img data-recalc-dims=\"1\" decoding=\"async\" data-attachment-id=\"13270\" data-permalink=\"https:\/\/gersonguelmann.com.br\/blog\/moro-nega-pedido-do-pt-e-diz-que-lula-tem-fotos-com-aecio-e-geddel\/noite-de-gala\/\" data-orig-file=\"https:\/\/i0.wp.com\/gersonguelmann.com.br\/blog\/wp-content\/uploads\/2018\/05\/noite-de-gala.jpg?fit=615%2C300&amp;ssl=1\" data-orig-size=\"615,300\" data-comments-opened=\"1\" data-image-meta=\"{&quot;aperture&quot;:&quot;0&quot;,&quot;credit&quot;:&quot;&quot;,&quot;camera&quot;:&quot;&quot;,&quot;caption&quot;:&quot;&quot;,&quot;created_timestamp&quot;:&quot;0&quot;,&quot;copyright&quot;:&quot;&quot;,&quot;focal_length&quot;:&quot;0&quot;,&quot;iso&quot;:&quot;0&quot;,&quot;shutter_speed&quot;:&quot;0&quot;,&quot;title&quot;:&quot;&quot;,&quot;orientation&quot;:&quot;0&quot;}\" data-image-title=\"noite-de-gala\" data-image-description=\"\" data-image-caption=\"\" data-medium-file=\"https:\/\/i0.wp.com\/gersonguelmann.com.br\/blog\/wp-content\/uploads\/2018\/05\/noite-de-gala.jpg?fit=300%2C146&amp;ssl=1\" data-large-file=\"https:\/\/i0.wp.com\/gersonguelmann.com.br\/blog\/wp-content\/uploads\/2018\/05\/noite-de-gala.jpg?fit=615%2C300&amp;ssl=1\" class=\"alignnone size-medium wp-image-13270\" src=\"https:\/\/i0.wp.com\/gersonguelmann.com.br\/blog\/wp-content\/uploads\/2018\/05\/noite-de-gala.jpg?resize=300%2C146&#038;ssl=1\" alt=\"\" width=\"300\" height=\"146\" srcset=\"https:\/\/i0.wp.com\/gersonguelmann.com.br\/blog\/wp-content\/uploads\/2018\/05\/noite-de-gala.jpg?resize=300%2C146&amp;ssl=1 300w, https:\/\/i0.wp.com\/gersonguelmann.com.br\/blog\/wp-content\/uploads\/2018\/05\/noite-de-gala.jpg?w=615&amp;ssl=1 615w\" sizes=\"(max-width: 300px) 100vw, 300px\" \/><\/span><br \/>\n<span style=\"font-size: 10pt; color: #808080;\"><em><strong>Moro (\u00e0 dir.) tirou foto com Doria em evento em Nova Iorque<\/strong><\/em><\/span><\/p>\n<p><span style=\"color: #000000; font-size: 14pt;\">Em despacho publicado nesta quinta (24), o juiz federal Sergio Moro negou um pedido realizado pela defesa do ex-presidente Luiz In\u00e1cio Lula da Silva (PT) para que ele seja afastado da a\u00e7\u00e3o penal que investiga reformas no s\u00edtio de Atibaia (SP).<\/span><\/p>\n<p><span style=\"color: #000000; font-size: 14pt;\">A solicita\u00e7\u00e3o dos advogados foi feita ap\u00f3s o magistrado participar de um evento do Lide, empresa ligada a Jo\u00e3o Doria (PSDB), e posar para foto com o pr\u00e9-candidato ao governo de S\u00e3o Paulo \u2013conduta que, segundo eles, seria\u00a0&#8220;incompat\u00edvel com a imparcialidade e a independ\u00eancia que se esperam de quem dever\u00e1 julgar esta causa criminal&#8221;. O evento, realizado no dia 16 de maio na cidade de Nova York (EUA), concedeu a Moro o pr\u00eamio de &#8216;Pessoa do Ano&#8217;.<\/span><\/p>\n<p><span style=\"color: #000000; font-size: 14pt;\">Em seu despacho, Moro argumenta que o Lide \u00e9 uma associa\u00e7\u00e3o empresarial e que, de acordo com seu website, a dire\u00e7\u00e3o do comit\u00ea gestor seria formado atualmente por Luiz Fernando Furlan, Roberto Giannetti da Fonseca e Gustavo\u00a0Ene, al\u00e9m de outros representantes do setor privado \u2013&#8221;pessoas que n\u00e3o se confundem com Jo\u00e3o Doria Junior&#8221;.<\/span><\/p>\n<p><span style=\"color: #000000; font-size: 14pt;\">Com rela\u00e7\u00e3o ao registro em que aparece ao lado do tucano, Moro diz que &#8220;uma fotografia em evento social ou p\u00fablico nada significa al\u00e9m de que as pessoas ali presentes tiraram uma fotografia&#8221;.<\/span><\/p>\n<p><span style=\"color: #000000; font-size: 14pt;\">O magistrado afirma ainda que &#8220;pessoas tiram fotos em eventos p\u00fablicos&#8221; e que \u00e9 poss\u00edvel encontrar na internet dezenas de fotos de Lula com &#8220;pol\u00edticos oposicionistas&#8221;, mas que isso n\u00e3o significaria que, &#8220;por conta da foto, eram\u00a0ou se tornaram aliados pol\u00edticos&#8221;. Ele inclui, em seguida, um link de busca para a frase &#8220;fotos de Lula com A\u00e9cio Neves&#8221;, que retorna uma s\u00e9rie de imagens dos pol\u00edticos lado a lado.<\/span><\/p>\n<p><span style=\"color: #000000; font-size: 14pt;\">Moro tamb\u00e9m argumenta que \u00e9 poss\u00edvel encontrar fotos de Lula com &#8220;pol\u00edticos atualmente presos, o que n\u00e3o significa necessariamente que s\u00e3o c\u00famplices na atividade criminal espec\u00edfica&#8221;. O magistrado ent\u00e3o inclui um link de busca\u00a0para a frase &#8220;fotos de Lula com Geddel&#8221;, que d\u00e1 como resultado algumas imagens do ex-presidente ao lado de Geddel Vieira Lima, preso na Papuda, em Bras\u00edlia, desde o dia 8 de setembro de 2017.<\/span><\/p>\n<p><span style=\"color: #000000; font-size: 14pt;\">&#8220;Seria de fato melhor para qualquer juiz evitar fotos com quaisquer agentes pol\u00edticos, independentemente de seu m\u00e9rito, a fim de evitar interpreta\u00e7\u00f5es equivocadas ou incidentes processuais infundados, mas, em eventos p\u00fablicos\u00a0ou sociais, fotografias podem ser tiradas&#8221;, afirma.\u00a0 <\/span><\/p>\n<p><span style=\"color: #000000; font-size: 14pt;\"><strong>Palestra n\u00e3o teve cita\u00e7\u00e3o a Lula, diz Moro<\/strong><\/span><\/p>\n<p><span style=\"color: #000000; font-size: 14pt;\">Al\u00e9m de participar do evento, Moro ministrou uma palestra \u2013que, segundo ele, foi realizada a convite da Lide e n\u00e3o teve remunera\u00e7\u00e3o. O magistrado argumenta que, na ocasi\u00e3o, &#8220;falou basicamente que o setor privado tamb\u00e9m tem uma\u00a0grande responsabilidade para o incremento da integridade do Governo e do mercado no Brasil&#8221;.<\/span><\/p>\n<p><span style=\"color: #000000; font-size: 14pt;\">Segundo ele, o nome de Lula n\u00e3o foi citado em nenhum momento, tanto na palestra quanto em seu discurso. &#8220;Durante o discurso, [foi] apenas mencionada a estabilidade da democracia brasileira nos \u00faltimos trinta anos, mesmo com dois\u00a0impeachments presidenciais e a pris\u00e3o de um ex-presidente. N\u00e3o houve qualquer refer\u00eancia a casos pendentes de julgamento, como o da a\u00e7\u00e3o penal em quest\u00e3o&#8221;, disse.<\/span><\/p>\n<p><span style=\"color: #000000; font-size: 14pt;\">A defesa de Lula alega que Doria, que \u00e9 ex-prefeito de S\u00e3o Paulo, publicou a foto nas suas redes sociais em uma &#8220;evidente inten\u00e7\u00e3o&#8221; de usar a atua\u00e7\u00e3o do juiz federal, sobretudo em rela\u00e7\u00e3o aos processos envolvendo o ex-presidente\u00a0, &#8220;para fins pol\u00edticos-eleitorais&#8221;. &#8220;Tanto isso \u00e9 certo que durante a palestra feita por Vossa Excel\u00eancia na ocasi\u00e3o houve refer\u00eancia indireta ao excipiente [a Lula] e \u00e0 (injusta e ilegal, ali\u00e1s)\u00a0condena\u00e7\u00e3o a ele imposta para compor o cen\u00e1rio supostamente \u00e9pico e heroico ali explorado&#8221;, dizem os advogados. <\/span><\/p>\n<p><span style=\"color: #000000; font-size: 14pt;\">O magistrado nega a acusa\u00e7\u00e3o. &#8220;O nome dele [Doria] n\u00e3o foi mencionado pelo\u00a0julgador na palestra ou no discurso at\u00e9 para evitar confus\u00f5es da esp\u00e9cie. Os eventos em quest\u00e3o n\u00e3o tiveram natureza pol\u00edtico-partid\u00e1ria&#8221;, afirmou. <\/span><\/p>\n<p><span style=\"color: #000000; font-size: 14pt;\">&#8220;Ainda assim, ressalve-se que ele [Doria] n\u00e3o \u00e9 investigado perante este Ju\u00edzo\u00a0ou na Opera\u00e7\u00e3o Lava Jato ou \u00e9 parte em qualquer processo que tramita perante este Ju\u00edzo&#8221;, complementou Moro. <\/span><\/p>\n<p><span style=\"color: #000000; font-size: 14pt;\">O magistrado diz que h\u00e1 na peti\u00e7\u00e3o &#8220;apenas fantasmas da mente&#8221;, sem qualquer\u00a0causa objetiva que justifique sua suspei\u00e7\u00e3o ou impedimento na a\u00e7\u00e3o penal, e remete o caso ao TRF-4 (Tribunal Regional Federal da 4\u00aa Regi\u00e3o), a segunda inst\u00e2ncia respons\u00e1vel por julgar casos da Lava Jato.<\/span><\/p>\n<p><span style=\"color: #000000; font-size: 14pt;\">Em nota, a defesa do ex-presidente Lula afirmou que\u00a0&#8220;exp\u00f4s em manifesta\u00e7\u00e3o anexada ao processo todos os fundamentos da suspei\u00e7\u00e3o aguarda o julgamento da medida pelo TRF-4&#8221;.<\/span><\/p>\n<p><span style=\"color: #000000; font-family: georgia, palatino, serif; font-size: 18pt;\">A mat\u00e9ria original pode ser <span style=\"color: #0000ff;\"><a style=\"color: #0000ff;\" href=\"https:\/\/noticias.uol.com.br\/politica\/ultimas-noticias\/2018\/05\/24\/moro-nega-seu-afastamento-de-acao-sobre-sitio-e-diz-que-lula-tem-fotos-com-aecio-e-geddel.htm\"><em><strong>acessada aqui<\/strong><\/em><\/a><\/span>.<\/span><\/p>\n","protected":false},"excerpt":{"rendered":"<p>Do site do UOL: Do UOL, em S\u00e3o Paulo 24\/05\/2018 &#8211; 20h11 &gt; Atualizada 24\/05\/2018 &#8211; 20h37 Moro (\u00e0 dir.) tirou foto com Doria em evento em Nova Iorque Em despacho publicado nesta quinta (24), o juiz federal Sergio Moro negou um pedido realizado pela defesa do ex-presidente Luiz In\u00e1cio Lula da Silva (PT) para [&hellip;]<\/p>\n","protected":false},"author":5,"featured_media":13270,"comment_status":"open","ping_status":"open","sticky":false,"template":"","format":"standard","meta":{"_acf_changed":false,"jetpack_post_was_ever_published":false,"_jetpack_newsletter_access":"","_jetpack_dont_email_post_to_subs":false,"_jetpack_newsletter_tier_id":0,"_jetpack_memberships_contains_paywalled_content":false,"_jetpack_memberships_contains_paid_content":false,"footnotes":"","jetpack_publicize_message":"","jetpack_publicize_feature_enabled":true,"jetpack_social_post_already_shared":true,"jetpack_social_options":{"image_generator_settings":{"template":"highway","default_image_id":0,"font":"","enabled":false},"version":2}},"categories":[1],"tags":[],"class_list":["post-13269","post","type-post","status-publish","format-standard","has-post-thumbnail","hentry","category-sem-categoria"],"acf":[],"yoast_head":"<!-- This site is optimized with the Yoast SEO plugin v27.3 - https:\/\/yoast.com\/product\/yoast-seo-wordpress\/ -->\n<title>Moro Nega Pedido do PT e Diz Que Lula Tem Fotos Com A\u00e9cio e Geddel | Blog do Guelmann<\/title>\n<meta name=\"robots\" content=\"index, follow, max-snippet:-1, max-image-preview:large, max-video-preview:-1\" \/>\n<link rel=\"canonical\" href=\"https:\/\/gersonguelmann.com.br\/blog\/moro-nega-pedido-do-pt-e-diz-que-lula-tem-fotos-com-aecio-e-geddel\/\" \/>\n<meta property=\"og:locale\" content=\"pt_BR\" \/>\n<meta property=\"og:type\" content=\"article\" \/>\n<meta property=\"og:title\" content=\"Moro Nega Pedido do PT e Diz Que Lula Tem Fotos Com A\u00e9cio e Geddel | Blog do Guelmann\" \/>\n<meta property=\"og:description\" content=\"Do site do UOL: Do UOL, em S\u00e3o Paulo 24\/05\/2018 &#8211; 20h11 &gt; Atualizada 24\/05\/2018 &#8211; 20h37 Moro (\u00e0 dir.) tirou foto com Doria em evento em Nova Iorque Em despacho publicado nesta quinta (24), o juiz federal Sergio Moro negou um pedido realizado pela defesa do ex-presidente Luiz In\u00e1cio Lula da Silva (PT) para [&hellip;]\" \/>\n<meta property=\"og:url\" content=\"https:\/\/gersonguelmann.com.br\/blog\/moro-nega-pedido-do-pt-e-diz-que-lula-tem-fotos-com-aecio-e-geddel\/\" \/>\n<meta property=\"og:site_name\" content=\"Blog do Guelmann\" \/>\n<meta property=\"article:published_time\" content=\"2018-05-25T01:07:33+00:00\" \/>\n<meta property=\"og:image\" content=\"https:\/\/i0.wp.com\/gersonguelmann.com.br\/blog\/wp-content\/uploads\/2018\/05\/noite-de-gala.jpg?fit=615%2C300&ssl=1\" \/>\n\t<meta property=\"og:image:width\" content=\"615\" \/>\n\t<meta property=\"og:image:height\" content=\"300\" \/>\n\t<meta property=\"og:image:type\" content=\"image\/jpeg\" \/>\n<meta name=\"author\" content=\"Gerson Guelmann\" \/>\n<meta name=\"twitter:card\" content=\"summary_large_image\" \/>\n<meta name=\"twitter:label1\" content=\"Escrito por\" \/>\n\t<meta name=\"twitter:data1\" content=\"Gerson Guelmann\" \/>\n\t<meta name=\"twitter:label2\" content=\"Est. tempo de leitura\" \/>\n\t<meta name=\"twitter:data2\" content=\"4 minutos\" \/>\n<script type=\"application\/ld+json\" class=\"yoast-schema-graph\">{\"@context\":\"https:\\\/\\\/schema.org\",\"@graph\":[{\"@type\":\"Article\",\"@id\":\"https:\\\/\\\/gersonguelmann.com.br\\\/blog\\\/moro-nega-pedido-do-pt-e-diz-que-lula-tem-fotos-com-aecio-e-geddel\\\/#article\",\"isPartOf\":{\"@id\":\"https:\\\/\\\/gersonguelmann.com.br\\\/blog\\\/moro-nega-pedido-do-pt-e-diz-que-lula-tem-fotos-com-aecio-e-geddel\\\/\"},\"author\":{\"name\":\"Gerson Guelmann\",\"@id\":\"https:\\\/\\\/gersonguelmann.com.br\\\/blog\\\/#\\\/schema\\\/person\\\/87e70e2a786888082f941a482c90569e\"},\"headline\":\"Moro Nega Pedido do PT e Diz Que Lula Tem Fotos Com A\u00e9cio e Geddel\",\"datePublished\":\"2018-05-25T01:07:33+00:00\",\"mainEntityOfPage\":{\"@id\":\"https:\\\/\\\/gersonguelmann.com.br\\\/blog\\\/moro-nega-pedido-do-pt-e-diz-que-lula-tem-fotos-com-aecio-e-geddel\\\/\"},\"wordCount\":850,\"commentCount\":0,\"image\":{\"@id\":\"https:\\\/\\\/gersonguelmann.com.br\\\/blog\\\/moro-nega-pedido-do-pt-e-diz-que-lula-tem-fotos-com-aecio-e-geddel\\\/#primaryimage\"},\"thumbnailUrl\":\"https:\\\/\\\/i0.wp.com\\\/gersonguelmann.com.br\\\/blog\\\/wp-content\\\/uploads\\\/2018\\\/05\\\/noite-de-gala.jpg?fit=615%2C300&ssl=1\",\"inLanguage\":\"pt-BR\",\"potentialAction\":[{\"@type\":\"CommentAction\",\"name\":\"Comment\",\"target\":[\"https:\\\/\\\/gersonguelmann.com.br\\\/blog\\\/moro-nega-pedido-do-pt-e-diz-que-lula-tem-fotos-com-aecio-e-geddel\\\/#respond\"]}]},{\"@type\":\"WebPage\",\"@id\":\"https:\\\/\\\/gersonguelmann.com.br\\\/blog\\\/moro-nega-pedido-do-pt-e-diz-que-lula-tem-fotos-com-aecio-e-geddel\\\/\",\"url\":\"https:\\\/\\\/gersonguelmann.com.br\\\/blog\\\/moro-nega-pedido-do-pt-e-diz-que-lula-tem-fotos-com-aecio-e-geddel\\\/\",\"name\":\"Moro Nega Pedido do PT e Diz Que Lula Tem Fotos Com A\u00e9cio e Geddel | Blog do Guelmann\",\"isPartOf\":{\"@id\":\"https:\\\/\\\/gersonguelmann.com.br\\\/blog\\\/#website\"},\"primaryImageOfPage\":{\"@id\":\"https:\\\/\\\/gersonguelmann.com.br\\\/blog\\\/moro-nega-pedido-do-pt-e-diz-que-lula-tem-fotos-com-aecio-e-geddel\\\/#primaryimage\"},\"image\":{\"@id\":\"https:\\\/\\\/gersonguelmann.com.br\\\/blog\\\/moro-nega-pedido-do-pt-e-diz-que-lula-tem-fotos-com-aecio-e-geddel\\\/#primaryimage\"},\"thumbnailUrl\":\"https:\\\/\\\/i0.wp.com\\\/gersonguelmann.com.br\\\/blog\\\/wp-content\\\/uploads\\\/2018\\\/05\\\/noite-de-gala.jpg?fit=615%2C300&ssl=1\",\"datePublished\":\"2018-05-25T01:07:33+00:00\",\"author\":{\"@id\":\"https:\\\/\\\/gersonguelmann.com.br\\\/blog\\\/#\\\/schema\\\/person\\\/87e70e2a786888082f941a482c90569e\"},\"inLanguage\":\"pt-BR\",\"potentialAction\":[{\"@type\":\"ReadAction\",\"target\":[\"https:\\\/\\\/gersonguelmann.com.br\\\/blog\\\/moro-nega-pedido-do-pt-e-diz-que-lula-tem-fotos-com-aecio-e-geddel\\\/\"]}]},{\"@type\":\"ImageObject\",\"inLanguage\":\"pt-BR\",\"@id\":\"https:\\\/\\\/gersonguelmann.com.br\\\/blog\\\/moro-nega-pedido-do-pt-e-diz-que-lula-tem-fotos-com-aecio-e-geddel\\\/#primaryimage\",\"url\":\"https:\\\/\\\/i0.wp.com\\\/gersonguelmann.com.br\\\/blog\\\/wp-content\\\/uploads\\\/2018\\\/05\\\/noite-de-gala.jpg?fit=615%2C300&ssl=1\",\"contentUrl\":\"https:\\\/\\\/i0.wp.com\\\/gersonguelmann.com.br\\\/blog\\\/wp-content\\\/uploads\\\/2018\\\/05\\\/noite-de-gala.jpg?fit=615%2C300&ssl=1\",\"width\":615,\"height\":300},{\"@type\":\"WebSite\",\"@id\":\"https:\\\/\\\/gersonguelmann.com.br\\\/blog\\\/#website\",\"url\":\"https:\\\/\\\/gersonguelmann.com.br\\\/blog\\\/\",\"name\":\"Blog do Guelmann\",\"description\":\"Pitadas da sabedoria e do humor judaicos, assuntos do momento e um pouco das hist\u00f3rias que vivi e testemunhei.\",\"potentialAction\":[{\"@type\":\"SearchAction\",\"target\":{\"@type\":\"EntryPoint\",\"urlTemplate\":\"https:\\\/\\\/gersonguelmann.com.br\\\/blog\\\/?s={search_term_string}\"},\"query-input\":{\"@type\":\"PropertyValueSpecification\",\"valueRequired\":true,\"valueName\":\"search_term_string\"}}],\"inLanguage\":\"pt-BR\"},{\"@type\":\"Person\",\"@id\":\"https:\\\/\\\/gersonguelmann.com.br\\\/blog\\\/#\\\/schema\\\/person\\\/87e70e2a786888082f941a482c90569e\",\"name\":\"Gerson Guelmann\",\"image\":{\"@type\":\"ImageObject\",\"inLanguage\":\"pt-BR\",\"@id\":\"https:\\\/\\\/i0.wp.com\\\/gersonguelmann.com.br\\\/blog\\\/wp-content\\\/uploads\\\/2021\\\/08\\\/BLOG.jpeg?fit=96%2C96&ssl=1\",\"url\":\"https:\\\/\\\/i0.wp.com\\\/gersonguelmann.com.br\\\/blog\\\/wp-content\\\/uploads\\\/2021\\\/08\\\/BLOG.jpeg?fit=96%2C96&ssl=1\",\"contentUrl\":\"https:\\\/\\\/i0.wp.com\\\/gersonguelmann.com.br\\\/blog\\\/wp-content\\\/uploads\\\/2021\\\/08\\\/BLOG.jpeg?fit=96%2C96&ssl=1\",\"caption\":\"Gerson Guelmann\"},\"description\":\"Pitadas da sabedoria e do humor judaicos, assuntos do momento e um pouco das hist\u00f3rias que vivi e testemunhei.\"}]}<\/script>\n<!-- \/ Yoast SEO plugin. -->","yoast_head_json":{"title":"Moro Nega Pedido do PT e Diz Que Lula Tem Fotos Com A\u00e9cio e Geddel | Blog do Guelmann","robots":{"index":"index","follow":"follow","max-snippet":"max-snippet:-1","max-image-preview":"max-image-preview:large","max-video-preview":"max-video-preview:-1"},"canonical":"https:\/\/gersonguelmann.com.br\/blog\/moro-nega-pedido-do-pt-e-diz-que-lula-tem-fotos-com-aecio-e-geddel\/","og_locale":"pt_BR","og_type":"article","og_title":"Moro Nega Pedido do PT e Diz Que Lula Tem Fotos Com A\u00e9cio e Geddel | Blog do Guelmann","og_description":"Do site do UOL: Do UOL, em S\u00e3o Paulo 24\/05\/2018 &#8211; 20h11 &gt; Atualizada 24\/05\/2018 &#8211; 20h37 Moro (\u00e0 dir.) tirou foto com Doria em evento em Nova Iorque Em despacho publicado nesta quinta (24), o juiz federal Sergio Moro negou um pedido realizado pela defesa do ex-presidente Luiz In\u00e1cio Lula da Silva (PT) para [&hellip;]","og_url":"https:\/\/gersonguelmann.com.br\/blog\/moro-nega-pedido-do-pt-e-diz-que-lula-tem-fotos-com-aecio-e-geddel\/","og_site_name":"Blog do Guelmann","article_published_time":"2018-05-25T01:07:33+00:00","og_image":[{"width":615,"height":300,"url":"https:\/\/i0.wp.com\/gersonguelmann.com.br\/blog\/wp-content\/uploads\/2018\/05\/noite-de-gala.jpg?fit=615%2C300&ssl=1","type":"image\/jpeg"}],"author":"Gerson Guelmann","twitter_card":"summary_large_image","twitter_misc":{"Escrito por":"Gerson Guelmann","Est. tempo de leitura":"4 minutos"},"schema":{"@context":"https:\/\/schema.org","@graph":[{"@type":"Article","@id":"https:\/\/gersonguelmann.com.br\/blog\/moro-nega-pedido-do-pt-e-diz-que-lula-tem-fotos-com-aecio-e-geddel\/#article","isPartOf":{"@id":"https:\/\/gersonguelmann.com.br\/blog\/moro-nega-pedido-do-pt-e-diz-que-lula-tem-fotos-com-aecio-e-geddel\/"},"author":{"name":"Gerson Guelmann","@id":"https:\/\/gersonguelmann.com.br\/blog\/#\/schema\/person\/87e70e2a786888082f941a482c90569e"},"headline":"Moro Nega Pedido do PT e Diz Que Lula Tem Fotos Com A\u00e9cio e Geddel","datePublished":"2018-05-25T01:07:33+00:00","mainEntityOfPage":{"@id":"https:\/\/gersonguelmann.com.br\/blog\/moro-nega-pedido-do-pt-e-diz-que-lula-tem-fotos-com-aecio-e-geddel\/"},"wordCount":850,"commentCount":0,"image":{"@id":"https:\/\/gersonguelmann.com.br\/blog\/moro-nega-pedido-do-pt-e-diz-que-lula-tem-fotos-com-aecio-e-geddel\/#primaryimage"},"thumbnailUrl":"https:\/\/i0.wp.com\/gersonguelmann.com.br\/blog\/wp-content\/uploads\/2018\/05\/noite-de-gala.jpg?fit=615%2C300&ssl=1","inLanguage":"pt-BR","potentialAction":[{"@type":"CommentAction","name":"Comment","target":["https:\/\/gersonguelmann.com.br\/blog\/moro-nega-pedido-do-pt-e-diz-que-lula-tem-fotos-com-aecio-e-geddel\/#respond"]}]},{"@type":"WebPage","@id":"https:\/\/gersonguelmann.com.br\/blog\/moro-nega-pedido-do-pt-e-diz-que-lula-tem-fotos-com-aecio-e-geddel\/","url":"https:\/\/gersonguelmann.com.br\/blog\/moro-nega-pedido-do-pt-e-diz-que-lula-tem-fotos-com-aecio-e-geddel\/","name":"Moro Nega Pedido do PT e Diz Que Lula Tem Fotos Com A\u00e9cio e Geddel | Blog do Guelmann","isPartOf":{"@id":"https:\/\/gersonguelmann.com.br\/blog\/#website"},"primaryImageOfPage":{"@id":"https:\/\/gersonguelmann.com.br\/blog\/moro-nega-pedido-do-pt-e-diz-que-lula-tem-fotos-com-aecio-e-geddel\/#primaryimage"},"image":{"@id":"https:\/\/gersonguelmann.com.br\/blog\/moro-nega-pedido-do-pt-e-diz-que-lula-tem-fotos-com-aecio-e-geddel\/#primaryimage"},"thumbnailUrl":"https:\/\/i0.wp.com\/gersonguelmann.com.br\/blog\/wp-content\/uploads\/2018\/05\/noite-de-gala.jpg?fit=615%2C300&ssl=1","datePublished":"2018-05-25T01:07:33+00:00","author":{"@id":"https:\/\/gersonguelmann.com.br\/blog\/#\/schema\/person\/87e70e2a786888082f941a482c90569e"},"inLanguage":"pt-BR","potentialAction":[{"@type":"ReadAction","target":["https:\/\/gersonguelmann.com.br\/blog\/moro-nega-pedido-do-pt-e-diz-que-lula-tem-fotos-com-aecio-e-geddel\/"]}]},{"@type":"ImageObject","inLanguage":"pt-BR","@id":"https:\/\/gersonguelmann.com.br\/blog\/moro-nega-pedido-do-pt-e-diz-que-lula-tem-fotos-com-aecio-e-geddel\/#primaryimage","url":"https:\/\/i0.wp.com\/gersonguelmann.com.br\/blog\/wp-content\/uploads\/2018\/05\/noite-de-gala.jpg?fit=615%2C300&ssl=1","contentUrl":"https:\/\/i0.wp.com\/gersonguelmann.com.br\/blog\/wp-content\/uploads\/2018\/05\/noite-de-gala.jpg?fit=615%2C300&ssl=1","width":615,"height":300},{"@type":"WebSite","@id":"https:\/\/gersonguelmann.com.br\/blog\/#website","url":"https:\/\/gersonguelmann.com.br\/blog\/","name":"Blog do Guelmann","description":"Pitadas da sabedoria e do humor judaicos, assuntos do momento e um pouco das hist\u00f3rias que vivi e testemunhei.","potentialAction":[{"@type":"SearchAction","target":{"@type":"EntryPoint","urlTemplate":"https:\/\/gersonguelmann.com.br\/blog\/?s={search_term_string}"},"query-input":{"@type":"PropertyValueSpecification","valueRequired":true,"valueName":"search_term_string"}}],"inLanguage":"pt-BR"},{"@type":"Person","@id":"https:\/\/gersonguelmann.com.br\/blog\/#\/schema\/person\/87e70e2a786888082f941a482c90569e","name":"Gerson Guelmann","image":{"@type":"ImageObject","inLanguage":"pt-BR","@id":"https:\/\/i0.wp.com\/gersonguelmann.com.br\/blog\/wp-content\/uploads\/2021\/08\/BLOG.jpeg?fit=96%2C96&ssl=1","url":"https:\/\/i0.wp.com\/gersonguelmann.com.br\/blog\/wp-content\/uploads\/2021\/08\/BLOG.jpeg?fit=96%2C96&ssl=1","contentUrl":"https:\/\/i0.wp.com\/gersonguelmann.com.br\/blog\/wp-content\/uploads\/2021\/08\/BLOG.jpeg?fit=96%2C96&ssl=1","caption":"Gerson Guelmann"},"description":"Pitadas da sabedoria e do humor judaicos, assuntos do momento e um pouco das hist\u00f3rias que vivi e testemunhei."}]}},"views":23,"jetpack_publicize_connections":[],"jetpack_featured_media_url":"https:\/\/i0.wp.com\/gersonguelmann.com.br\/blog\/wp-content\/uploads\/2018\/05\/noite-de-gala.jpg?fit=615%2C300&ssl=1","jetpack_shortlink":"https:\/\/wp.me\/p96e7O-3s1","jetpack-related-posts":[{"id":13136,"url":"https:\/\/gersonguelmann.com.br\/blog\/defesa-de-lula-nao-gostou-da-foto-do-moro-com-doria\/","url_meta":{"origin":13269,"position":0},"title":"Defesa de Lula N\u00e3o Gostou da Foto do Moro com Doria","author":"Gerson Guelmann","date":"22 de maio de 2018","format":false,"excerpt":"A gente sabe que isso faz parte do trabalho dos advogados, mas ser\u00e1 que tumultuar o processo com esse tipo de coisa n\u00e3o piora a situa\u00e7\u00e3o? A mat\u00e9ria abaixo acabou de ser publicada no site da revista Isto\u00c9: BRASIL Defesa de Lula pede suspens\u00e3o de Moro ap\u00f3s foto com Doria\u2026","rel":"","context":"Em &quot;Sem categoria&quot;","block_context":{"text":"Sem categoria","link":"https:\/\/gersonguelmann.com.br\/blog\/category\/sem-categoria\/"},"img":{"alt_text":"","src":"https:\/\/i0.wp.com\/gersonguelmann.com.br\/blog\/wp-content\/uploads\/2018\/05\/Moro.jpg?fit=616%2C345&ssl=1&resize=350%2C200","width":350,"height":200,"srcset":"https:\/\/i0.wp.com\/gersonguelmann.com.br\/blog\/wp-content\/uploads\/2018\/05\/Moro.jpg?fit=616%2C345&ssl=1&resize=350%2C200 1x, https:\/\/i0.wp.com\/gersonguelmann.com.br\/blog\/wp-content\/uploads\/2018\/05\/Moro.jpg?fit=616%2C345&ssl=1&resize=525%2C300 1.5x"},"classes":[]},{"id":13869,"url":"https:\/\/gersonguelmann.com.br\/blog\/testemunha-de-lula-levou-um-pito-de-moro\/","url_meta":{"origin":13269,"position":1},"title":"Testemunha de Lula Levou Um Pito de Moro","author":"Gerson Guelmann","date":"11 de junho de 2018","format":false,"excerpt":"Foto: veja.abril.com.br Arrolado como testemunha de defesa de Lula, Fernando Morais, bi\u00f3grafo do ex-presidente, foi ouvido hoje pelo juiz federal Sergio Moro. A certa altura do depoimento o juiz interrompeu a fala do escritor por considerar que ele estava fazendo propaganda de Lula. Leia mat\u00e9ria publicada no G1 Paran\u00e1: 'O\u2026","rel":"","context":"Em &quot;Sem categoria&quot;","block_context":{"text":"Sem categoria","link":"https:\/\/gersonguelmann.com.br\/blog\/category\/sem-categoria\/"},"img":{"alt_text":"","src":"https:\/\/i0.wp.com\/gersonguelmann.com.br\/blog\/wp-content\/uploads\/2018\/06\/lula-fernando-morais-300x224.jpg?resize=350%2C200&ssl=1","width":350,"height":200},"classes":[]},{"id":11285,"url":"https:\/\/gersonguelmann.com.br\/blog\/em-curitiba-pf-prepara-cela-para-receber-lula\/","url_meta":{"origin":13269,"position":2},"title":"Em Curitiba PF Prepara Cela Para Receber Lula","author":"Gerson Guelmann","date":"5 de abril de 2018","format":false,"excerpt":"PF prepara cela exclusiva para receber Lula em Curitiba Ideia \u00e9 manter ex-presidente afastado de outros presos, como Palocci e L\u00e9o Pinheiro BRAS\u00cdLIA \u2014 Com a chance do ex-presidente Luiz In\u00e1cio\u00a0Lula\u00a0da Silva ser preso potencializada pela decis\u00e3o do Supremo Tribunal Federal (STF), que negou o\u00a0habeas corpus\u00a0preventivo pedido pela defesa do\u2026","rel":"","context":"Em &quot;Sem categoria&quot;","block_context":{"text":"Sem categoria","link":"https:\/\/gersonguelmann.com.br\/blog\/category\/sem-categoria\/"},"img":{"alt_text":"","src":"https:\/\/i0.wp.com\/gersonguelmann.com.br\/blog\/wp-content\/uploads\/2018\/04\/PF-300x168.jpg?resize=350%2C200&ssl=1","width":350,"height":200},"classes":[]},{"id":10661,"url":"https:\/\/gersonguelmann.com.br\/blog\/o-que-acontece-agora-com-lula\/","url_meta":{"origin":13269,"position":3},"title":"O Que Acontece Agora Com Lula?","author":"Gerson Guelmann","date":"23 de mar\u00e7o de 2018","format":false,"excerpt":"Transcrevo mat\u00e9ria publicada hoje no site El Pa\u00eds: Recurso de Lula ser\u00e1 julgado na pr\u00f3xima segunda. Entenda o que acontece agora Caso a decis\u00e3o seja un\u00e2nime, ordem de pris\u00e3o poder\u00e1 ser emitida no mesmo dia O\u00a0Tribunal Regional Federal 4\u00a0(TRF4) marcou para a pr\u00f3xima segunda-feira, 26 de mar\u00e7o, \u00e0s 13h30, o\u2026","rel":"","context":"Em &quot;Sem categoria&quot;","block_context":{"text":"Sem categoria","link":"https:\/\/gersonguelmann.com.br\/blog\/category\/sem-categoria\/"},"img":{"alt_text":"","src":"https:\/\/i0.wp.com\/gersonguelmann.com.br\/blog\/wp-content\/uploads\/2018\/03\/Lula-2.jpg?fit=770%2C400&ssl=1&resize=350%2C200","width":350,"height":200,"srcset":"https:\/\/i0.wp.com\/gersonguelmann.com.br\/blog\/wp-content\/uploads\/2018\/03\/Lula-2.jpg?fit=770%2C400&ssl=1&resize=350%2C200 1x, https:\/\/i0.wp.com\/gersonguelmann.com.br\/blog\/wp-content\/uploads\/2018\/03\/Lula-2.jpg?fit=770%2C400&ssl=1&resize=525%2C300 1.5x, https:\/\/i0.wp.com\/gersonguelmann.com.br\/blog\/wp-content\/uploads\/2018\/03\/Lula-2.jpg?fit=770%2C400&ssl=1&resize=700%2C400 2x"},"classes":[]},{"id":14578,"url":"https:\/\/gersonguelmann.com.br\/blog\/o-passo-a-passo-do-plano-para-libertar-lula\/","url_meta":{"origin":13269,"position":4},"title":"O Passo-a-Passo do Plano Para Libertar Lula","author":"Gerson Guelmann","date":"10 de julho de 2018","format":false,"excerpt":"O jornalista Ricardo Noblat, em sua coluna de hoje, trouxe um roteiro mostrando como foi a montagem do plano para permitir a sa\u00edda do Lula da pris\u00e3o em Curitiba. Acompanhe: Brasil,\u00a0Pol\u00edtica A hist\u00f3ria do golpe do PT para soltar Lula Mesmo que n\u00e3o desse certo, a Justi\u00e7a ficaria mal, como\u2026","rel":"","context":"Em &quot;Sem categoria&quot;","block_context":{"text":"Sem categoria","link":"https:\/\/gersonguelmann.com.br\/blog\/category\/sem-categoria\/"},"img":{"alt_text":"","src":"https:\/\/i0.wp.com\/gersonguelmann.com.br\/blog\/wp-content\/uploads\/2018\/07\/Plano.jpg?fit=750%2C500&ssl=1&resize=350%2C200","width":350,"height":200,"srcset":"https:\/\/i0.wp.com\/gersonguelmann.com.br\/blog\/wp-content\/uploads\/2018\/07\/Plano.jpg?fit=750%2C500&ssl=1&resize=350%2C200 1x, https:\/\/i0.wp.com\/gersonguelmann.com.br\/blog\/wp-content\/uploads\/2018\/07\/Plano.jpg?fit=750%2C500&ssl=1&resize=525%2C300 1.5x, https:\/\/i0.wp.com\/gersonguelmann.com.br\/blog\/wp-content\/uploads\/2018\/07\/Plano.jpg?fit=750%2C500&ssl=1&resize=700%2C400 2x"},"classes":[]},{"id":11281,"url":"https:\/\/gersonguelmann.com.br\/blog\/urgente-advogados-entram-com-pedido-para-evitar-prisao-de-lula\/","url_meta":{"origin":13269,"position":5},"title":"Urgente: Advogados Entram Com Pedido Para Evitar Pris\u00e3o de Lula","author":"Gerson Guelmann","date":"5 de abril de 2018","format":false,"excerpt":"Advogados entram com pedido de liminar no STF para evitar pris\u00e3o de Lula Kakay cria rede de 150 profissionais para auxiliar processo do ex-presidente BRAS\u00cdLIA - O advogado Ant\u00f4nio Carlos de Almeida Castro, conhecido como\u00a0Kakay, entrou nesta quinta-feira com um pedido de\u00a0liminar\u00a0no Supremo Tribunal Federal (STF) para evitar a pris\u00e3o\u2026","rel":"","context":"Em &quot;Sem categoria&quot;","block_context":{"text":"Sem categoria","link":"https:\/\/gersonguelmann.com.br\/blog\/category\/sem-categoria\/"},"img":{"alt_text":"","src":"https:\/\/i0.wp.com\/gersonguelmann.com.br\/blog\/wp-content\/uploads\/2018\/04\/Lula.jpg?fit=699%2C420&ssl=1&resize=350%2C200","width":350,"height":200,"srcset":"https:\/\/i0.wp.com\/gersonguelmann.com.br\/blog\/wp-content\/uploads\/2018\/04\/Lula.jpg?fit=699%2C420&ssl=1&resize=350%2C200 1x, https:\/\/i0.wp.com\/gersonguelmann.com.br\/blog\/wp-content\/uploads\/2018\/04\/Lula.jpg?fit=699%2C420&ssl=1&resize=525%2C300 1.5x"},"classes":[]}],"jetpack_sharing_enabled":true,"post_mailing_queue_ids":[],"_links":{"self":[{"href":"https:\/\/gersonguelmann.com.br\/blog\/wp-json\/wp\/v2\/posts\/13269","targetHints":{"allow":["GET"]}}],"collection":[{"href":"https:\/\/gersonguelmann.com.br\/blog\/wp-json\/wp\/v2\/posts"}],"about":[{"href":"https:\/\/gersonguelmann.com.br\/blog\/wp-json\/wp\/v2\/types\/post"}],"author":[{"embeddable":true,"href":"https:\/\/gersonguelmann.com.br\/blog\/wp-json\/wp\/v2\/users\/5"}],"replies":[{"embeddable":true,"href":"https:\/\/gersonguelmann.com.br\/blog\/wp-json\/wp\/v2\/comments?post=13269"}],"version-history":[{"count":0,"href":"https:\/\/gersonguelmann.com.br\/blog\/wp-json\/wp\/v2\/posts\/13269\/revisions"}],"wp:featuredmedia":[{"embeddable":true,"href":"https:\/\/gersonguelmann.com.br\/blog\/wp-json\/wp\/v2\/media\/13270"}],"wp:attachment":[{"href":"https:\/\/gersonguelmann.com.br\/blog\/wp-json\/wp\/v2\/media?parent=13269"}],"wp:term":[{"taxonomy":"category","embeddable":true,"href":"https:\/\/gersonguelmann.com.br\/blog\/wp-json\/wp\/v2\/categories?post=13269"},{"taxonomy":"post_tag","embeddable":true,"href":"https:\/\/gersonguelmann.com.br\/blog\/wp-json\/wp\/v2\/tags?post=13269"}],"curies":[{"name":"wp","href":"https:\/\/api.w.org\/{rel}","templated":true}]}}