    {"id":13278,"date":"2018-05-25T12:40:50","date_gmt":"2018-05-25T15:40:50","guid":{"rendered":"https:\/\/gersonguelmann.com.br\/blog\/?p=13278"},"modified":"2018-05-25T12:44:11","modified_gmt":"2018-05-25T15:44:11","slug":"caminhoneiro-emocionado-pede-ajuda-do-filho","status":"publish","type":"post","link":"https:\/\/gersonguelmann.com.br\/blog\/caminhoneiro-emocionado-pede-ajuda-do-filho\/","title":{"rendered":"Caminhoneiro Emocionado Pede Ajuda do Filho"},"content":{"rendered":"<p style=\"text-align: center;\"><img data-recalc-dims=\"1\" fetchpriority=\"high\" decoding=\"async\" data-attachment-id=\"13280\" data-permalink=\"https:\/\/gersonguelmann.com.br\/blog\/caminhoneiro-emocionado-pede-ajuda-do-filho\/pai-e-filho-2\/\" data-orig-file=\"https:\/\/i0.wp.com\/gersonguelmann.com.br\/blog\/wp-content\/uploads\/2018\/05\/pai-e-filho.png?fit=486%2C472&amp;ssl=1\" data-orig-size=\"486,472\" data-comments-opened=\"1\" data-image-meta=\"{&quot;aperture&quot;:&quot;0&quot;,&quot;credit&quot;:&quot;&quot;,&quot;camera&quot;:&quot;&quot;,&quot;caption&quot;:&quot;&quot;,&quot;created_timestamp&quot;:&quot;0&quot;,&quot;copyright&quot;:&quot;&quot;,&quot;focal_length&quot;:&quot;0&quot;,&quot;iso&quot;:&quot;0&quot;,&quot;shutter_speed&quot;:&quot;0&quot;,&quot;title&quot;:&quot;&quot;,&quot;orientation&quot;:&quot;0&quot;}\" data-image-title=\"pai-e-filho\" data-image-description=\"\" data-image-caption=\"\" data-medium-file=\"https:\/\/i0.wp.com\/gersonguelmann.com.br\/blog\/wp-content\/uploads\/2018\/05\/pai-e-filho.png?fit=300%2C291&amp;ssl=1\" data-large-file=\"https:\/\/i0.wp.com\/gersonguelmann.com.br\/blog\/wp-content\/uploads\/2018\/05\/pai-e-filho.png?fit=486%2C472&amp;ssl=1\" class=\"size-medium wp-image-13280 aligncenter\" src=\"https:\/\/i0.wp.com\/gersonguelmann.com.br\/blog\/wp-content\/uploads\/2018\/05\/pai-e-filho.png?resize=300%2C291&#038;ssl=1\" alt=\"\" width=\"300\" height=\"291\" srcset=\"https:\/\/i0.wp.com\/gersonguelmann.com.br\/blog\/wp-content\/uploads\/2018\/05\/pai-e-filho.png?resize=300%2C291&amp;ssl=1 300w, https:\/\/i0.wp.com\/gersonguelmann.com.br\/blog\/wp-content\/uploads\/2018\/05\/pai-e-filho.png?w=486&amp;ssl=1 486w\" sizes=\"(max-width: 300px) 100vw, 300px\" \/><span style=\"font-family: georgia, palatino, serif; font-size: 10pt; color: #808080;\"><em><strong>Foto: alongart.com.br<\/strong><\/em><\/span><\/p>\n<p><span style=\"font-family: georgia, palatino, serif; font-size: 18pt; color: #000000;\">Compartilho \u00e1udio que come\u00e7ou a circular agora pela manh\u00e3.<\/span><\/p>\n<p><span style=\"font-family: georgia, palatino, serif; font-size: 18pt; color: #000000;\">\u00c9 atribu\u00eddo a um caminhoneiro de Ponta Grossa (PR), participante do movimento de paralisa\u00e7\u00e3o.<\/span><\/p>\n<p><span style=\"font-family: georgia, palatino, serif; font-size: 18pt; color: #000000;\">Nele, o profissional, emocionado, pede que o filho convide os colegas de escola para ajudar na mobiliza\u00e7\u00e3o.<\/span><\/p>\n<p>&nbsp;<\/p>\n<audio class=\"wp-audio-shortcode\" id=\"audio-13278-1\" preload=\"none\" style=\"width: 100%;\" controls=\"controls\"><source type=\"audio\/mpeg\" src=\"https:\/\/gersonguelmann.com.br\/blog\/wp-content\/uploads\/2018\/05\/audio-caminhoneiro-1.mp3?_=1\" \/><a href=\"https:\/\/gersonguelmann.com.br\/blog\/wp-content\/uploads\/2018\/05\/audio-caminhoneiro-1.mp3\">https:\/\/gersonguelmann.com.br\/blog\/wp-content\/uploads\/2018\/05\/audio-caminhoneiro-1.mp3<\/a><\/audio>\n","protected":false},"excerpt":{"rendered":"<p>Foto: alongart.com.br Compartilho \u00e1udio que come\u00e7ou a circular agora pela manh\u00e3. \u00c9 atribu\u00eddo a um caminhoneiro de Ponta Grossa (PR), participante do movimento de paralisa\u00e7\u00e3o. Nele, o profissional, emocionado, pede que o filho convide os colegas de escola para ajudar na mobiliza\u00e7\u00e3o. &nbsp;<\/p>\n","protected":false},"author":5,"featured_media":13280,"comment_status":"open","ping_status":"open","sticky":false,"template":"","format":"standard","meta":{"_acf_changed":false,"jetpack_post_was_ever_published":false,"_jetpack_newsletter_access":"","_jetpack_dont_email_post_to_subs":false,"_jetpack_newsletter_tier_id":0,"_jetpack_memberships_contains_paywalled_content":false,"_jetpack_memberships_contains_paid_content":false,"footnotes":"","jetpack_publicize_message":"","jetpack_publicize_feature_enabled":true,"jetpack_social_post_already_shared":true,"jetpack_social_options":{"image_generator_settings":{"template":"highway","default_image_id":0,"font":"","enabled":false},"version":2}},"categories":[1],"tags":[],"class_list":["post-13278","post","type-post","status-publish","format-standard","has-post-thumbnail","hentry","category-sem-categoria"],"acf":[],"yoast_head":"<!-- This site is optimized with the Yoast SEO plugin v27.3 - https:\/\/yoast.com\/product\/yoast-seo-wordpress\/ -->\n<title>Caminhoneiro Emocionado Pede Ajuda do Filho | Blog do Guelmann<\/title>\n<meta name=\"robots\" content=\"index, follow, max-snippet:-1, max-image-preview:large, max-video-preview:-1\" \/>\n<link rel=\"canonical\" href=\"https:\/\/gersonguelmann.com.br\/blog\/caminhoneiro-emocionado-pede-ajuda-do-filho\/\" \/>\n<meta property=\"og:locale\" content=\"pt_BR\" \/>\n<meta property=\"og:type\" content=\"article\" \/>\n<meta property=\"og:title\" content=\"Caminhoneiro Emocionado Pede Ajuda do Filho | Blog do Guelmann\" \/>\n<meta property=\"og:description\" content=\"Foto: alongart.com.br Compartilho \u00e1udio que come\u00e7ou a circular agora pela manh\u00e3. \u00c9 atribu\u00eddo a um caminhoneiro de Ponta Grossa (PR), participante do movimento de paralisa\u00e7\u00e3o. Nele, o profissional, emocionado, pede que o filho convide os colegas de escola para ajudar na mobiliza\u00e7\u00e3o. &nbsp;\" \/>\n<meta property=\"og:url\" content=\"https:\/\/gersonguelmann.com.br\/blog\/caminhoneiro-emocionado-pede-ajuda-do-filho\/\" \/>\n<meta property=\"og:site_name\" content=\"Blog do Guelmann\" \/>\n<meta property=\"article:published_time\" content=\"2018-05-25T15:40:50+00:00\" \/>\n<meta property=\"article:modified_time\" content=\"2018-05-25T15:44:11+00:00\" \/>\n<meta property=\"og:image\" content=\"https:\/\/i0.wp.com\/gersonguelmann.com.br\/blog\/wp-content\/uploads\/2018\/05\/pai-e-filho.png?fit=486%2C472&ssl=1\" \/>\n\t<meta property=\"og:image:width\" content=\"486\" \/>\n\t<meta property=\"og:image:height\" content=\"472\" \/>\n\t<meta property=\"og:image:type\" content=\"image\/png\" \/>\n<meta name=\"author\" content=\"Gerson Guelmann\" \/>\n<meta name=\"twitter:card\" content=\"summary_large_image\" \/>\n<meta name=\"twitter:label1\" content=\"Escrito por\" \/>\n\t<meta name=\"twitter:data1\" content=\"Gerson Guelmann\" \/>\n<script type=\"application\/ld+json\" class=\"yoast-schema-graph\">{\"@context\":\"https:\\\/\\\/schema.org\",\"@graph\":[{\"@type\":\"Article\",\"@id\":\"https:\\\/\\\/gersonguelmann.com.br\\\/blog\\\/caminhoneiro-emocionado-pede-ajuda-do-filho\\\/#article\",\"isPartOf\":{\"@id\":\"https:\\\/\\\/gersonguelmann.com.br\\\/blog\\\/caminhoneiro-emocionado-pede-ajuda-do-filho\\\/\"},\"author\":{\"name\":\"Gerson Guelmann\",\"@id\":\"https:\\\/\\\/gersonguelmann.com.br\\\/blog\\\/#\\\/schema\\\/person\\\/87e70e2a786888082f941a482c90569e\"},\"headline\":\"Caminhoneiro Emocionado Pede Ajuda do Filho\",\"datePublished\":\"2018-05-25T15:40:50+00:00\",\"dateModified\":\"2018-05-25T15:44:11+00:00\",\"mainEntityOfPage\":{\"@id\":\"https:\\\/\\\/gersonguelmann.com.br\\\/blog\\\/caminhoneiro-emocionado-pede-ajuda-do-filho\\\/\"},\"wordCount\":66,\"commentCount\":0,\"image\":{\"@id\":\"https:\\\/\\\/gersonguelmann.com.br\\\/blog\\\/caminhoneiro-emocionado-pede-ajuda-do-filho\\\/#primaryimage\"},\"thumbnailUrl\":\"https:\\\/\\\/i0.wp.com\\\/gersonguelmann.com.br\\\/blog\\\/wp-content\\\/uploads\\\/2018\\\/05\\\/pai-e-filho.png?fit=486%2C472&ssl=1\",\"inLanguage\":\"pt-BR\",\"potentialAction\":[{\"@type\":\"CommentAction\",\"name\":\"Comment\",\"target\":[\"https:\\\/\\\/gersonguelmann.com.br\\\/blog\\\/caminhoneiro-emocionado-pede-ajuda-do-filho\\\/#respond\"]}]},{\"@type\":\"WebPage\",\"@id\":\"https:\\\/\\\/gersonguelmann.com.br\\\/blog\\\/caminhoneiro-emocionado-pede-ajuda-do-filho\\\/\",\"url\":\"https:\\\/\\\/gersonguelmann.com.br\\\/blog\\\/caminhoneiro-emocionado-pede-ajuda-do-filho\\\/\",\"name\":\"Caminhoneiro Emocionado Pede Ajuda do Filho | Blog do Guelmann\",\"isPartOf\":{\"@id\":\"https:\\\/\\\/gersonguelmann.com.br\\\/blog\\\/#website\"},\"primaryImageOfPage\":{\"@id\":\"https:\\\/\\\/gersonguelmann.com.br\\\/blog\\\/caminhoneiro-emocionado-pede-ajuda-do-filho\\\/#primaryimage\"},\"image\":{\"@id\":\"https:\\\/\\\/gersonguelmann.com.br\\\/blog\\\/caminhoneiro-emocionado-pede-ajuda-do-filho\\\/#primaryimage\"},\"thumbnailUrl\":\"https:\\\/\\\/i0.wp.com\\\/gersonguelmann.com.br\\\/blog\\\/wp-content\\\/uploads\\\/2018\\\/05\\\/pai-e-filho.png?fit=486%2C472&ssl=1\",\"datePublished\":\"2018-05-25T15:40:50+00:00\",\"dateModified\":\"2018-05-25T15:44:11+00:00\",\"author\":{\"@id\":\"https:\\\/\\\/gersonguelmann.com.br\\\/blog\\\/#\\\/schema\\\/person\\\/87e70e2a786888082f941a482c90569e\"},\"inLanguage\":\"pt-BR\",\"potentialAction\":[{\"@type\":\"ReadAction\",\"target\":[\"https:\\\/\\\/gersonguelmann.com.br\\\/blog\\\/caminhoneiro-emocionado-pede-ajuda-do-filho\\\/\"]}]},{\"@type\":\"ImageObject\",\"inLanguage\":\"pt-BR\",\"@id\":\"https:\\\/\\\/gersonguelmann.com.br\\\/blog\\\/caminhoneiro-emocionado-pede-ajuda-do-filho\\\/#primaryimage\",\"url\":\"https:\\\/\\\/i0.wp.com\\\/gersonguelmann.com.br\\\/blog\\\/wp-content\\\/uploads\\\/2018\\\/05\\\/pai-e-filho.png?fit=486%2C472&ssl=1\",\"contentUrl\":\"https:\\\/\\\/i0.wp.com\\\/gersonguelmann.com.br\\\/blog\\\/wp-content\\\/uploads\\\/2018\\\/05\\\/pai-e-filho.png?fit=486%2C472&ssl=1\",\"width\":486,\"height\":472},{\"@type\":\"WebSite\",\"@id\":\"https:\\\/\\\/gersonguelmann.com.br\\\/blog\\\/#website\",\"url\":\"https:\\\/\\\/gersonguelmann.com.br\\\/blog\\\/\",\"name\":\"Blog do Guelmann\",\"description\":\"Pitadas da sabedoria e do humor judaicos, assuntos do momento e um pouco das hist\u00f3rias que vivi e testemunhei.\",\"potentialAction\":[{\"@type\":\"SearchAction\",\"target\":{\"@type\":\"EntryPoint\",\"urlTemplate\":\"https:\\\/\\\/gersonguelmann.com.br\\\/blog\\\/?s={search_term_string}\"},\"query-input\":{\"@type\":\"PropertyValueSpecification\",\"valueRequired\":true,\"valueName\":\"search_term_string\"}}],\"inLanguage\":\"pt-BR\"},{\"@type\":\"Person\",\"@id\":\"https:\\\/\\\/gersonguelmann.com.br\\\/blog\\\/#\\\/schema\\\/person\\\/87e70e2a786888082f941a482c90569e\",\"name\":\"Gerson Guelmann\",\"image\":{\"@type\":\"ImageObject\",\"inLanguage\":\"pt-BR\",\"@id\":\"https:\\\/\\\/i0.wp.com\\\/gersonguelmann.com.br\\\/blog\\\/wp-content\\\/uploads\\\/2021\\\/08\\\/BLOG.jpeg?fit=96%2C96&ssl=1\",\"url\":\"https:\\\/\\\/i0.wp.com\\\/gersonguelmann.com.br\\\/blog\\\/wp-content\\\/uploads\\\/2021\\\/08\\\/BLOG.jpeg?fit=96%2C96&ssl=1\",\"contentUrl\":\"https:\\\/\\\/i0.wp.com\\\/gersonguelmann.com.br\\\/blog\\\/wp-content\\\/uploads\\\/2021\\\/08\\\/BLOG.jpeg?fit=96%2C96&ssl=1\",\"caption\":\"Gerson Guelmann\"},\"description\":\"Pitadas da sabedoria e do humor judaicos, assuntos do momento e um pouco das hist\u00f3rias que vivi e testemunhei.\"}]}<\/script>\n<!-- \/ Yoast SEO plugin. -->","yoast_head_json":{"title":"Caminhoneiro Emocionado Pede Ajuda do Filho | Blog do Guelmann","robots":{"index":"index","follow":"follow","max-snippet":"max-snippet:-1","max-image-preview":"max-image-preview:large","max-video-preview":"max-video-preview:-1"},"canonical":"https:\/\/gersonguelmann.com.br\/blog\/caminhoneiro-emocionado-pede-ajuda-do-filho\/","og_locale":"pt_BR","og_type":"article","og_title":"Caminhoneiro Emocionado Pede Ajuda do Filho | Blog do Guelmann","og_description":"Foto: alongart.com.br Compartilho \u00e1udio que come\u00e7ou a circular agora pela manh\u00e3. \u00c9 atribu\u00eddo a um caminhoneiro de Ponta Grossa (PR), participante do movimento de paralisa\u00e7\u00e3o. Nele, o profissional, emocionado, pede que o filho convide os colegas de escola para ajudar na mobiliza\u00e7\u00e3o. &nbsp;","og_url":"https:\/\/gersonguelmann.com.br\/blog\/caminhoneiro-emocionado-pede-ajuda-do-filho\/","og_site_name":"Blog do Guelmann","article_published_time":"2018-05-25T15:40:50+00:00","article_modified_time":"2018-05-25T15:44:11+00:00","og_image":[{"width":486,"height":472,"url":"https:\/\/i0.wp.com\/gersonguelmann.com.br\/blog\/wp-content\/uploads\/2018\/05\/pai-e-filho.png?fit=486%2C472&ssl=1","type":"image\/png"}],"author":"Gerson Guelmann","twitter_card":"summary_large_image","twitter_misc":{"Escrito por":"Gerson Guelmann"},"schema":{"@context":"https:\/\/schema.org","@graph":[{"@type":"Article","@id":"https:\/\/gersonguelmann.com.br\/blog\/caminhoneiro-emocionado-pede-ajuda-do-filho\/#article","isPartOf":{"@id":"https:\/\/gersonguelmann.com.br\/blog\/caminhoneiro-emocionado-pede-ajuda-do-filho\/"},"author":{"name":"Gerson Guelmann","@id":"https:\/\/gersonguelmann.com.br\/blog\/#\/schema\/person\/87e70e2a786888082f941a482c90569e"},"headline":"Caminhoneiro Emocionado Pede Ajuda do Filho","datePublished":"2018-05-25T15:40:50+00:00","dateModified":"2018-05-25T15:44:11+00:00","mainEntityOfPage":{"@id":"https:\/\/gersonguelmann.com.br\/blog\/caminhoneiro-emocionado-pede-ajuda-do-filho\/"},"wordCount":66,"commentCount":0,"image":{"@id":"https:\/\/gersonguelmann.com.br\/blog\/caminhoneiro-emocionado-pede-ajuda-do-filho\/#primaryimage"},"thumbnailUrl":"https:\/\/i0.wp.com\/gersonguelmann.com.br\/blog\/wp-content\/uploads\/2018\/05\/pai-e-filho.png?fit=486%2C472&ssl=1","inLanguage":"pt-BR","potentialAction":[{"@type":"CommentAction","name":"Comment","target":["https:\/\/gersonguelmann.com.br\/blog\/caminhoneiro-emocionado-pede-ajuda-do-filho\/#respond"]}]},{"@type":"WebPage","@id":"https:\/\/gersonguelmann.com.br\/blog\/caminhoneiro-emocionado-pede-ajuda-do-filho\/","url":"https:\/\/gersonguelmann.com.br\/blog\/caminhoneiro-emocionado-pede-ajuda-do-filho\/","name":"Caminhoneiro Emocionado Pede Ajuda do Filho | Blog do Guelmann","isPartOf":{"@id":"https:\/\/gersonguelmann.com.br\/blog\/#website"},"primaryImageOfPage":{"@id":"https:\/\/gersonguelmann.com.br\/blog\/caminhoneiro-emocionado-pede-ajuda-do-filho\/#primaryimage"},"image":{"@id":"https:\/\/gersonguelmann.com.br\/blog\/caminhoneiro-emocionado-pede-ajuda-do-filho\/#primaryimage"},"thumbnailUrl":"https:\/\/i0.wp.com\/gersonguelmann.com.br\/blog\/wp-content\/uploads\/2018\/05\/pai-e-filho.png?fit=486%2C472&ssl=1","datePublished":"2018-05-25T15:40:50+00:00","dateModified":"2018-05-25T15:44:11+00:00","author":{"@id":"https:\/\/gersonguelmann.com.br\/blog\/#\/schema\/person\/87e70e2a786888082f941a482c90569e"},"inLanguage":"pt-BR","potentialAction":[{"@type":"ReadAction","target":["https:\/\/gersonguelmann.com.br\/blog\/caminhoneiro-emocionado-pede-ajuda-do-filho\/"]}]},{"@type":"ImageObject","inLanguage":"pt-BR","@id":"https:\/\/gersonguelmann.com.br\/blog\/caminhoneiro-emocionado-pede-ajuda-do-filho\/#primaryimage","url":"https:\/\/i0.wp.com\/gersonguelmann.com.br\/blog\/wp-content\/uploads\/2018\/05\/pai-e-filho.png?fit=486%2C472&ssl=1","contentUrl":"https:\/\/i0.wp.com\/gersonguelmann.com.br\/blog\/wp-content\/uploads\/2018\/05\/pai-e-filho.png?fit=486%2C472&ssl=1","width":486,"height":472},{"@type":"WebSite","@id":"https:\/\/gersonguelmann.com.br\/blog\/#website","url":"https:\/\/gersonguelmann.com.br\/blog\/","name":"Blog do Guelmann","description":"Pitadas da sabedoria e do humor judaicos, assuntos do momento e um pouco das hist\u00f3rias que vivi e testemunhei.","potentialAction":[{"@type":"SearchAction","target":{"@type":"EntryPoint","urlTemplate":"https:\/\/gersonguelmann.com.br\/blog\/?s={search_term_string}"},"query-input":{"@type":"PropertyValueSpecification","valueRequired":true,"valueName":"search_term_string"}}],"inLanguage":"pt-BR"},{"@type":"Person","@id":"https:\/\/gersonguelmann.com.br\/blog\/#\/schema\/person\/87e70e2a786888082f941a482c90569e","name":"Gerson Guelmann","image":{"@type":"ImageObject","inLanguage":"pt-BR","@id":"https:\/\/i0.wp.com\/gersonguelmann.com.br\/blog\/wp-content\/uploads\/2021\/08\/BLOG.jpeg?fit=96%2C96&ssl=1","url":"https:\/\/i0.wp.com\/gersonguelmann.com.br\/blog\/wp-content\/uploads\/2021\/08\/BLOG.jpeg?fit=96%2C96&ssl=1","contentUrl":"https:\/\/i0.wp.com\/gersonguelmann.com.br\/blog\/wp-content\/uploads\/2021\/08\/BLOG.jpeg?fit=96%2C96&ssl=1","caption":"Gerson Guelmann"},"description":"Pitadas da sabedoria e do humor judaicos, assuntos do momento e um pouco das hist\u00f3rias que vivi e testemunhei."}]}},"views":37,"jetpack_publicize_connections":[],"jetpack_featured_media_url":"https:\/\/i0.wp.com\/gersonguelmann.com.br\/blog\/wp-content\/uploads\/2018\/05\/pai-e-filho.png?fit=486%2C472&ssl=1","jetpack_shortlink":"https:\/\/wp.me\/p96e7O-3sa","jetpack-related-posts":[{"id":8766,"url":"https:\/\/gersonguelmann.com.br\/blog\/eduarda-precisa-de-sangue-compartilhe-por-favor\/","url_meta":{"origin":13278,"position":0},"title":"A Eduarda Precisa de Sangue! Compartilhe, Por Favor!","author":"Gerson Guelmann","date":"18 de fevereiro de 2018","format":false,"excerpt":"A pequena\u00a0Eduarda Bittencourt \u00e9 de Joinville e fez um transplante de medula dia 07\/02 no Hospital Pequeno Pr\u00edncipe aqui em Curitiba. Infelizmente surgiram complica\u00e7\u00f5es no tratamento e ela est\u00e1 necessitando urgentemente de doadores de sangue dos tipos A- e O-. A Eduarda corre risco de vida, pois n\u00e3o tem defesa\u2026","rel":"","context":"Em &quot;Sem categoria&quot;","block_context":{"text":"Sem categoria","link":"https:\/\/gersonguelmann.com.br\/blog\/category\/sem-categoria\/"},"img":{"alt_text":"","src":"https:\/\/i0.wp.com\/gersonguelmann.com.br\/blog\/wp-content\/uploads\/2018\/02\/Eduarda-1.png?fit=905%2C1200&ssl=1&resize=350%2C200","width":350,"height":200,"srcset":"https:\/\/i0.wp.com\/gersonguelmann.com.br\/blog\/wp-content\/uploads\/2018\/02\/Eduarda-1.png?fit=905%2C1200&ssl=1&resize=350%2C200 1x, https:\/\/i0.wp.com\/gersonguelmann.com.br\/blog\/wp-content\/uploads\/2018\/02\/Eduarda-1.png?fit=905%2C1200&ssl=1&resize=525%2C300 1.5x, https:\/\/i0.wp.com\/gersonguelmann.com.br\/blog\/wp-content\/uploads\/2018\/02\/Eduarda-1.png?fit=905%2C1200&ssl=1&resize=700%2C400 2x"},"classes":[]},{"id":21071,"url":"https:\/\/gersonguelmann.com.br\/blog\/o-picole-derretido-e-a-esperanca-de-dias-melhores\/","url_meta":{"origin":13278,"position":1},"title":"O Picol\u00e9 Derretido e a Esperan\u00e7a de Dias Melhores","author":"Gerson Guelmann","date":"25 de janeiro de 2021","format":false,"excerpt":"Vivemos tempos sombrios, \u00e9 verdade. O mundo j\u00e1 n\u00e3o ia muito bem, e a pandemia chegou para nos entristecer e preocupar ainda mais. Aqui no Brasil, ent\u00e3o... Parece que o navio onde estamos singra mares ainda mais revoltos, com o Comandante desorientado... Mas uma vez ou outra acontecem fatos que\u2026","rel":"","context":"Em &quot;Sem categoria&quot;","block_context":{"text":"Sem categoria","link":"https:\/\/gersonguelmann.com.br\/blog\/category\/sem-categoria\/"},"img":{"alt_text":"","src":"https:\/\/i0.wp.com\/gersonguelmann.com.br\/blog\/wp-content\/uploads\/2021\/01\/PICOLE.jpg?fit=373%2C249&ssl=1&resize=350%2C200","width":350,"height":200},"classes":[]},{"id":15378,"url":"https:\/\/gersonguelmann.com.br\/blog\/irritado-em-aviao-ministro-lewandowski-pede-prisao-de-passageiro\/","url_meta":{"origin":13278,"position":2},"title":"Irritado em Avi\u00e3o, Ministro Lewandowski Pede Pris\u00e3o de Passageiro","author":"Gerson Guelmann","date":"4 de dezembro de 2018","format":false,"excerpt":"Coisas do nosso Brasil varonil, mostradas pelo site Di\u00e1rio do Poder em publica\u00e7\u00e3o feita h\u00e1 pouco: 'VOC\u00ca QUER SER PRESO?' Ministro Lewandowski pede a PF em avi\u00e3o ap\u00f3s ouvir que o \u2018STF \u00e9 uma vergonha\u2019 Ministro chama Pol\u00edcia Federal ap\u00f3s ouvir cr\u00edticas de um cidad\u00e3o sobre o STF Tiago Vasconcelos\u2026","rel":"","context":"Em &quot;Sem categoria&quot;","block_context":{"text":"Sem categoria","link":"https:\/\/gersonguelmann.com.br\/blog\/category\/sem-categoria\/"},"img":{"alt_text":"","src":"https:\/\/i0.wp.com\/gersonguelmann.com.br\/blog\/wp-content\/uploads\/2018\/12\/Thumbmnail-Lewandowski.png?fit=946%2C594&ssl=1&resize=350%2C200","width":350,"height":200,"srcset":"https:\/\/i0.wp.com\/gersonguelmann.com.br\/blog\/wp-content\/uploads\/2018\/12\/Thumbmnail-Lewandowski.png?fit=946%2C594&ssl=1&resize=350%2C200 1x, https:\/\/i0.wp.com\/gersonguelmann.com.br\/blog\/wp-content\/uploads\/2018\/12\/Thumbmnail-Lewandowski.png?fit=946%2C594&ssl=1&resize=525%2C300 1.5x, https:\/\/i0.wp.com\/gersonguelmann.com.br\/blog\/wp-content\/uploads\/2018\/12\/Thumbmnail-Lewandowski.png?fit=946%2C594&ssl=1&resize=700%2C400 2x"},"classes":[]},{"id":13697,"url":"https:\/\/gersonguelmann.com.br\/blog\/gleisi-pede-doacao-para-campanha-do-lula-nao-ria-e-serio\/","url_meta":{"origin":13278,"position":3},"title":"Gleisi Pede Doa\u00e7\u00e3o Para Campanha do Lula (N\u00e3o Ria, \u00e9 S\u00e9rio)","author":"Gerson Guelmann","date":"6 de junho de 2018","format":false,"excerpt":"N\u00e3o vou comentar a respeito. Farei apenas o registro, para an\u00e1lise de todos: - a presidente do PT, Gleisi Hoffmann, est\u00e1 usando as redes sociais para fazer um apelo para arrecada\u00e7\u00e3o de fundos destinados a financiar a campanha do Lula \u00e0 presid\u00eancia da Rep\u00fablica No site, o PT afirma que\u2026","rel":"","context":"Em &quot;Sem categoria&quot;","block_context":{"text":"Sem categoria","link":"https:\/\/gersonguelmann.com.br\/blog\/category\/sem-categoria\/"},"img":{"alt_text":"","src":"https:\/\/i0.wp.com\/gersonguelmann.com.br\/blog\/wp-content\/uploads\/2018\/06\/arte-lula-pre-campanha-780x440.jpeg?fit=540%2C281&ssl=1&resize=350%2C200","width":350,"height":200,"srcset":"https:\/\/i0.wp.com\/gersonguelmann.com.br\/blog\/wp-content\/uploads\/2018\/06\/arte-lula-pre-campanha-780x440.jpeg?fit=540%2C281&ssl=1&resize=350%2C200 1x, https:\/\/i0.wp.com\/gersonguelmann.com.br\/blog\/wp-content\/uploads\/2018\/06\/arte-lula-pre-campanha-780x440.jpeg?fit=540%2C281&ssl=1&resize=525%2C300 1.5x"},"classes":[]},{"id":7589,"url":"https:\/\/gersonguelmann.com.br\/blog\/uma-nova-geracao-de-magistrados-pede-passagem\/","url_meta":{"origin":13278,"position":4},"title":"Uma Nova Gera\u00e7\u00e3o De Magistrados Pede Passagem","author":"Gerson Guelmann","date":"25 de janeiro de 2018","format":false,"excerpt":"Desempenho impec\u00e1vel e encantador Por\u00a0Joaquim Falc\u00e3o 25 jan 2018, 02h05 - Publicado em 24 jan 2018, 18h49 A transmiss\u00e3o ao vivo do julgamento do TRF4 permitiu ao p\u00fablico compar\u00e1-lo com os julgamentos que se tem visto no Supremo Tribunal Federal. A postura dos magistrados, racioc\u00ednio, m\u00e9todo de an\u00e1lise, forma de\u2026","rel":"","context":"Em &quot;Sem categoria&quot;","block_context":{"text":"Sem categoria","link":"https:\/\/gersonguelmann.com.br\/blog\/category\/sem-categoria\/"},"img":{"alt_text":"","src":"https:\/\/i0.wp.com\/gersonguelmann.com.br\/blog\/wp-content\/uploads\/2018\/01\/Juizes.jpg?fit=960%2C720&ssl=1&resize=350%2C200","width":350,"height":200,"srcset":"https:\/\/i0.wp.com\/gersonguelmann.com.br\/blog\/wp-content\/uploads\/2018\/01\/Juizes.jpg?fit=960%2C720&ssl=1&resize=350%2C200 1x, https:\/\/i0.wp.com\/gersonguelmann.com.br\/blog\/wp-content\/uploads\/2018\/01\/Juizes.jpg?fit=960%2C720&ssl=1&resize=525%2C300 1.5x, https:\/\/i0.wp.com\/gersonguelmann.com.br\/blog\/wp-content\/uploads\/2018\/01\/Juizes.jpg?fit=960%2C720&ssl=1&resize=700%2C400 2x"},"classes":[]},{"id":22723,"url":"https:\/\/gersonguelmann.com.br\/blog\/arthur-do-val-mamae-falou-volta-pra-casa-filho\/","url_meta":{"origin":13278,"position":5},"title":"Arthur do Val, Mam\u00e3e Falou: &#8220;Volta Pr\u00e1 Casa, Filho&#8221;","author":"Gerson Guelmann","date":"5 de mar\u00e7o de 2022","format":false,"excerpt":"O t\u00edtulo desse post podia ser o da frase de Jos\u00e9 Saramago, que disse \u201cQuem das palavras tem experi\u00eancia sabe que delas se deve esperar tudo\u201d, mas como tinha que chamar a aten\u00e7\u00e3o dos meus queridos amigos leitores, preferi ir pelo vulgar, para indicar o assunto sobre o qual eu\u2026","rel":"","context":"Em &quot;Sem categoria&quot;","block_context":{"text":"Sem categoria","link":"https:\/\/gersonguelmann.com.br\/blog\/category\/sem-categoria\/"},"img":{"alt_text":"","src":"https:\/\/i0.wp.com\/gersonguelmann.com.br\/blog\/wp-content\/uploads\/2022\/03\/PRIVADA-scaled.jpg?fit=800%2C1200&ssl=1&resize=350%2C200","width":350,"height":200,"srcset":"https:\/\/i0.wp.com\/gersonguelmann.com.br\/blog\/wp-content\/uploads\/2022\/03\/PRIVADA-scaled.jpg?fit=800%2C1200&ssl=1&resize=350%2C200 1x, https:\/\/i0.wp.com\/gersonguelmann.com.br\/blog\/wp-content\/uploads\/2022\/03\/PRIVADA-scaled.jpg?fit=800%2C1200&ssl=1&resize=525%2C300 1.5x, https:\/\/i0.wp.com\/gersonguelmann.com.br\/blog\/wp-content\/uploads\/2022\/03\/PRIVADA-scaled.jpg?fit=800%2C1200&ssl=1&resize=700%2C400 2x"},"classes":[]}],"jetpack_sharing_enabled":true,"post_mailing_queue_ids":[],"_links":{"self":[{"href":"https:\/\/gersonguelmann.com.br\/blog\/wp-json\/wp\/v2\/posts\/13278","targetHints":{"allow":["GET"]}}],"collection":[{"href":"https:\/\/gersonguelmann.com.br\/blog\/wp-json\/wp\/v2\/posts"}],"about":[{"href":"https:\/\/gersonguelmann.com.br\/blog\/wp-json\/wp\/v2\/types\/post"}],"author":[{"embeddable":true,"href":"https:\/\/gersonguelmann.com.br\/blog\/wp-json\/wp\/v2\/users\/5"}],"replies":[{"embeddable":true,"href":"https:\/\/gersonguelmann.com.br\/blog\/wp-json\/wp\/v2\/comments?post=13278"}],"version-history":[{"count":0,"href":"https:\/\/gersonguelmann.com.br\/blog\/wp-json\/wp\/v2\/posts\/13278\/revisions"}],"wp:featuredmedia":[{"embeddable":true,"href":"https:\/\/gersonguelmann.com.br\/blog\/wp-json\/wp\/v2\/media\/13280"}],"wp:attachment":[{"href":"https:\/\/gersonguelmann.com.br\/blog\/wp-json\/wp\/v2\/media?parent=13278"}],"wp:term":[{"taxonomy":"category","embeddable":true,"href":"https:\/\/gersonguelmann.com.br\/blog\/wp-json\/wp\/v2\/categories?post=13278"},{"taxonomy":"post_tag","embeddable":true,"href":"https:\/\/gersonguelmann.com.br\/blog\/wp-json\/wp\/v2\/tags?post=13278"}],"curies":[{"name":"wp","href":"https:\/\/api.w.org\/{rel}","templated":true}]}}