    {"id":13289,"date":"2018-05-25T16:40:45","date_gmt":"2018-05-25T19:40:45","guid":{"rendered":"https:\/\/gersonguelmann.com.br\/blog\/?p=13289"},"modified":"2018-05-25T16:40:45","modified_gmt":"2018-05-25T19:40:45","slug":"israel-e-a-simpatia-mundial","status":"publish","type":"post","link":"https:\/\/gersonguelmann.com.br\/blog\/israel-e-a-simpatia-mundial\/","title":{"rendered":"Israel e a Simpatia Mundial"},"content":{"rendered":"<p><span style=\"color: #000000; font-family: georgia, palatino, serif; font-size: 18pt;\">O texto abaixo est\u00e1 circulando h\u00e1 algumas semanas como se fosse recente, o que n\u00e3o \u00e9 correto.<\/span><\/p>\n<p><span style=\"color: #000000; font-family: georgia, palatino, serif; font-size: 18pt;\">De toda forma isso \u00e9 irrelevante, o que importa \u00e9 o conte\u00fado, que permanece atual.<\/span><\/p>\n<p><span style=\"color: #000000; font-family: georgia, palatino, serif; font-size: 18pt;\">Na internet a refer\u00eancia mais antiga que encontrei \u00e9 de 2014, o que faz sentido, considerando que o destinat\u00e1rio da carta, o ent\u00e3o Ministro das Rela\u00e7\u00f5es Exteriores da Gr\u00e3-Bretanha, deixou o cargo em julho de 2014.<\/span><\/p>\n<p><span style=\"color: #000000; font-family: georgia, palatino, serif; font-size: 18pt;\">Naquela mesma \u00e9poca Wlliam Hague fez um pronunciamento alertando Israel quanto ao fato de que, se enviasse tropas a Gaza para enfrentar o Hamas, <em>&#8220;arriscaria perder a simpatia da comunidade internacional&#8221;<\/em>.<\/span><\/p>\n<p><span style=\"color: #000000; font-family: georgia, palatino, serif; font-size: 18pt;\">Mindy Wiesenberger, uma judia da Gr\u00e3-Bretanha, enviou uma resposta \u00e0 Hague, carta que acabou sendo publicada em muitos jornais, incluindo o Times of Israel.<\/span><\/p>\n<p><span style=\"color: #000000; font-family: georgia, palatino, serif; font-size: 18pt;\">Esse \u00e9 o texto da correspond\u00eancia:<\/span><\/p>\n<p><em><span style=\"color: #000000; font-family: helvetica, arial, sans-serif; font-size: 14pt;\">&#8220;Caro Sr. Hague,<\/span><\/em><\/p>\n<p><em><span style=\"color: #000000; font-family: helvetica, arial, sans-serif; font-size: 14pt;\">Voc\u00ea afirmou que se Israel tentar defender sua popula\u00e7\u00e3o atrav\u00e9s de uma ofensiva terrestre em Gaza, corre o risco de perder a simpatia da comunidade internacional.<\/span><\/em><\/p>\n<p><em><span style=\"color: #000000; font-family: helvetica, arial, sans-serif; font-size: 14pt;\">Deixe-me dizer algo sobre a simpatia da comunidade internacional, Hague. Meu pai foi libertado do campo de concentra\u00e7\u00e3o de Buchenwald em 1945, tendo perdido toda a sua fam\u00edlia, mas conquistando a simpatia da comunidade internacional na \u00e9poca. <\/span><\/em><\/p>\n<p><em><span style=\"color: #000000; font-family: helvetica, arial, sans-serif; font-size: 14pt;\">Depois de 6 milh\u00f5es de judeus terem sido aniquilados nas m\u00e3os do regime nazista, a comunidade internacional tinha muita simpatia pelo povo judeu. H\u00e1 sempre muita simpatia pelas v\u00edtimas.<\/span><\/em><\/p>\n<p><em><span style=\"color: #000000; font-family: helvetica, arial, sans-serif; font-size: 14pt;\">Israel n\u00e3o precisa da simpatia da comunidade internacional.\u00a0O que ele precisa \u00e9 defender seus cidad\u00e3os.<\/span><\/em><\/p>\n<p><em><span style=\"color: #000000; font-family: helvetica, arial, sans-serif; font-size: 14pt;\">Quando um pequeno pa\u00eds conquistou sua independ\u00eancia em 1948, precisou absorver 800.000 judeus que foram expulsos das terras \u00e1rabes no Oriente M\u00e9dio, e o fez sem confus\u00e3o e com dignidade, dando-lhes abrigo e um local de seguran\u00e7a em que seus filhos poderiam crescer e se tornar cidad\u00e3os produtivos. Quando a Jord\u00e2nia, o Egito, o L\u00edbano e a S\u00edria tentaram destruir Israel em 1948 e novamente em 1967, eles capturaram centenas de milhares de \u00e1rabes palestinos, mas eles lhes deram dignidade ou abrigo? N\u00e3o, eles os deixaram apodrecer nos campos de refugiados, a fim de manter um s\u00edmbolo de queixa contra Israel e us\u00e1-los como uma ferramenta pol\u00edtica contra o Estado judeu. O que surgiu nesses campos \u00e9 uma situa\u00e7\u00e3o complicada, mas \u00e9 o que levou ao que Gaza \u00e9 hoje.<\/span><\/em><\/p>\n<p><em><span style=\"color: #000000; font-family: helvetica, arial, sans-serif; font-size: 14pt;\">Portanto, n\u00e3o fa\u00e7a uma palestra a Israel sobre a simpatia internacional de Hague. N\u00e3o quando Israel acaba de enviar 120 cargas de caminh\u00e3o para Gaza para alimentar o povo palestino, porque sua pr\u00f3pria lideran\u00e7a est\u00e1 mais interessada em usar sua popula\u00e7\u00e3o como escudos humanos, lan\u00e7ando foguetes contra Israel de dentro de grandes centros civis.<\/span><\/em><\/p>\n<p><em><span style=\"color: #000000; font-family: helvetica, arial, sans-serif; font-size: 14pt;\">N\u00e3o fa\u00e7a uma palestra a Israel sobre simpatia internacional, Sr. Hague. N\u00e3o quando Israel atinge com tanta precis\u00e3o militar quanto poss\u00edvel, apenas terroristas e suas bases, tentando ao m\u00e1ximo evitar as v\u00edtimas civis.<\/span><\/em><\/p>\n<p><em><span style=\"color: #000000; font-family: helvetica, arial, sans-serif; font-size: 14pt;\">N\u00e3o fa\u00e7a uma palestra a Israel sobre simpatia internacional, Sr. Hague. N\u00e3o quando a m\u00eddia palestina usa deliberadamente imagens de v\u00edtimas da guerra civil s\u00edria e as apresenta como v\u00edtimas em Gaza para ganhar simpatia internacional.<\/span><\/em><\/p>\n<p><em><span style=\"color: #000000; font-family: helvetica, arial, sans-serif; font-size: 14pt;\">V\u00e1 ler seus livros de hist\u00f3ria Sr. Hague, v\u00e1 ver que desde o come\u00e7o do s\u00e9culo XX todos os \u00e1rabes queriam destruir Israel. <\/span><\/em><\/p>\n<p><em><span style=\"color: #000000; font-family: helvetica, arial, sans-serif; font-size: 14pt;\">V\u00e1 ver o pa\u00eds de Israel agora desde que os judeus estabeleceram um estado l\u00e1. <\/span><\/em><\/p>\n<p><em><span style=\"color: #000000; font-family: helvetica, arial, sans-serif; font-size: 14pt;\">V\u00e1 ler os avan\u00e7os em ci\u00eancia, medicina, biotecnologia, agricultura e alta tecnologia desenvolvidos em Israel, conhecimentos esses dedicados \u00e0 tornar o mundo um lugar melhor para a humanidade. Voc\u00ea poderia imaginar que qualquer outro pa\u00eds, depois de 60 anos continuamente sob ataque, poderia ter alcan\u00e7ado tanto?\u00a0<\/span><\/em><\/p>\n<p><em><span style=\"color: #000000; font-family: helvetica, arial, sans-serif; font-size: 14pt;\">Ent\u00e3o, Sr. Hague, n\u00e3o ensine Israel sobre a simpatia internacional. Israel far\u00e1 o que for preciso para se defender do ataque direto a seus cidad\u00e3os, seja do Hamas, do Hezbollah, do Ir\u00e3 ou de qualquer outro pa\u00eds ou grupo terrorista que o ataque.<\/span><\/em><\/p>\n<p><em><span style=\"color: #000000; font-family: helvetica, arial, sans-serif; font-size: 14pt;\">E se perder a simpatia da comunidade internacional, assim seja. <\/span><\/em><\/p>\n<p><em><span style=\"color: #000000; font-family: helvetica, arial, sans-serif; font-size: 14pt;\">N\u00f3s n\u00e3o precisamos da simpatia da comunidade internacional. N\u00f3s n\u00e3o precisamos de mais 6 milh\u00f5es de v\u00edtimas.&#8221;<\/span><\/em><\/p>\n<p style=\"text-align: center;\"><img data-recalc-dims=\"1\" fetchpriority=\"high\" decoding=\"async\" data-attachment-id=\"13292\" data-permalink=\"https:\/\/gersonguelmann.com.br\/blog\/israel-e-a-simpatia-mundial\/arab-israeli-war-of-1948-20-728\/\" data-orig-file=\"https:\/\/i0.wp.com\/gersonguelmann.com.br\/blog\/wp-content\/uploads\/2018\/05\/arab-israeli-war-of-1948-20-728.jpg?fit=728%2C546&amp;ssl=1\" data-orig-size=\"728,546\" data-comments-opened=\"1\" data-image-meta=\"{&quot;aperture&quot;:&quot;0&quot;,&quot;credit&quot;:&quot;&quot;,&quot;camera&quot;:&quot;&quot;,&quot;caption&quot;:&quot;&quot;,&quot;created_timestamp&quot;:&quot;0&quot;,&quot;copyright&quot;:&quot;&quot;,&quot;focal_length&quot;:&quot;0&quot;,&quot;iso&quot;:&quot;0&quot;,&quot;shutter_speed&quot;:&quot;0&quot;,&quot;title&quot;:&quot;&quot;,&quot;orientation&quot;:&quot;0&quot;}\" data-image-title=\"arab-israeli-war-of-1948-20-728\" data-image-description=\"\" data-image-caption=\"\" data-medium-file=\"https:\/\/i0.wp.com\/gersonguelmann.com.br\/blog\/wp-content\/uploads\/2018\/05\/arab-israeli-war-of-1948-20-728.jpg?fit=300%2C225&amp;ssl=1\" data-large-file=\"https:\/\/i0.wp.com\/gersonguelmann.com.br\/blog\/wp-content\/uploads\/2018\/05\/arab-israeli-war-of-1948-20-728.jpg?fit=640%2C480&amp;ssl=1\" class=\"alignnone size-medium wp-image-13292\" src=\"https:\/\/i0.wp.com\/gersonguelmann.com.br\/blog\/wp-content\/uploads\/2018\/05\/arab-israeli-war-of-1948-20-728.jpg?resize=300%2C225&#038;ssl=1\" alt=\"\" width=\"300\" height=\"225\" srcset=\"https:\/\/i0.wp.com\/gersonguelmann.com.br\/blog\/wp-content\/uploads\/2018\/05\/arab-israeli-war-of-1948-20-728.jpg?resize=300%2C225&amp;ssl=1 300w, https:\/\/i0.wp.com\/gersonguelmann.com.br\/blog\/wp-content\/uploads\/2018\/05\/arab-israeli-war-of-1948-20-728.jpg?w=728&amp;ssl=1 728w\" sizes=\"(max-width: 300px) 100vw, 300px\" \/><\/p>\n","protected":false},"excerpt":{"rendered":"<p>O texto abaixo est\u00e1 circulando h\u00e1 algumas semanas como se fosse recente, o que n\u00e3o \u00e9 correto. De toda forma isso \u00e9 irrelevante, o que importa \u00e9 o conte\u00fado, que permanece atual. Na internet a refer\u00eancia mais antiga que encontrei \u00e9 de 2014, o que faz sentido, considerando que o destinat\u00e1rio da carta, o ent\u00e3o [&hellip;]<\/p>\n","protected":false},"author":5,"featured_media":13292,"comment_status":"open","ping_status":"open","sticky":false,"template":"","format":"standard","meta":{"_acf_changed":false,"jetpack_post_was_ever_published":false,"_jetpack_newsletter_access":"","_jetpack_dont_email_post_to_subs":false,"_jetpack_newsletter_tier_id":0,"_jetpack_memberships_contains_paywalled_content":false,"_jetpack_memberships_contains_paid_content":false,"footnotes":"","jetpack_publicize_message":"","jetpack_publicize_feature_enabled":true,"jetpack_social_post_already_shared":true,"jetpack_social_options":{"image_generator_settings":{"template":"highway","default_image_id":0,"font":"","enabled":false},"version":2}},"categories":[1],"tags":[],"class_list":["post-13289","post","type-post","status-publish","format-standard","has-post-thumbnail","hentry","category-sem-categoria"],"acf":[],"yoast_head":"<!-- This site is optimized with the Yoast SEO plugin v27.3 - https:\/\/yoast.com\/product\/yoast-seo-wordpress\/ -->\n<title>Israel e a Simpatia Mundial | Blog do Guelmann<\/title>\n<meta name=\"robots\" content=\"index, follow, max-snippet:-1, max-image-preview:large, max-video-preview:-1\" \/>\n<link rel=\"canonical\" href=\"https:\/\/gersonguelmann.com.br\/blog\/israel-e-a-simpatia-mundial\/\" \/>\n<meta property=\"og:locale\" content=\"pt_BR\" \/>\n<meta property=\"og:type\" content=\"article\" \/>\n<meta property=\"og:title\" content=\"Israel e a Simpatia Mundial | Blog do Guelmann\" \/>\n<meta property=\"og:description\" content=\"O texto abaixo est\u00e1 circulando h\u00e1 algumas semanas como se fosse recente, o que n\u00e3o \u00e9 correto. De toda forma isso \u00e9 irrelevante, o que importa \u00e9 o conte\u00fado, que permanece atual. Na internet a refer\u00eancia mais antiga que encontrei \u00e9 de 2014, o que faz sentido, considerando que o destinat\u00e1rio da carta, o ent\u00e3o [&hellip;]\" \/>\n<meta property=\"og:url\" content=\"https:\/\/gersonguelmann.com.br\/blog\/israel-e-a-simpatia-mundial\/\" \/>\n<meta property=\"og:site_name\" content=\"Blog do Guelmann\" \/>\n<meta property=\"article:published_time\" content=\"2018-05-25T19:40:45+00:00\" \/>\n<meta property=\"og:image\" content=\"https:\/\/i0.wp.com\/gersonguelmann.com.br\/blog\/wp-content\/uploads\/2018\/05\/arab-israeli-war-of-1948-20-728.jpg?fit=728%2C546&ssl=1\" \/>\n\t<meta property=\"og:image:width\" content=\"728\" \/>\n\t<meta property=\"og:image:height\" content=\"546\" \/>\n\t<meta property=\"og:image:type\" content=\"image\/jpeg\" \/>\n<meta name=\"author\" content=\"Gerson Guelmann\" \/>\n<meta name=\"twitter:card\" content=\"summary_large_image\" \/>\n<meta name=\"twitter:label1\" content=\"Escrito por\" \/>\n\t<meta name=\"twitter:data1\" content=\"Gerson Guelmann\" \/>\n\t<meta name=\"twitter:label2\" content=\"Est. tempo de leitura\" \/>\n\t<meta name=\"twitter:data2\" content=\"3 minutos\" \/>\n<script type=\"application\/ld+json\" class=\"yoast-schema-graph\">{\"@context\":\"https:\\\/\\\/schema.org\",\"@graph\":[{\"@type\":\"Article\",\"@id\":\"https:\\\/\\\/gersonguelmann.com.br\\\/blog\\\/israel-e-a-simpatia-mundial\\\/#article\",\"isPartOf\":{\"@id\":\"https:\\\/\\\/gersonguelmann.com.br\\\/blog\\\/israel-e-a-simpatia-mundial\\\/\"},\"author\":{\"name\":\"Gerson Guelmann\",\"@id\":\"https:\\\/\\\/gersonguelmann.com.br\\\/blog\\\/#\\\/schema\\\/person\\\/87e70e2a786888082f941a482c90569e\"},\"headline\":\"Israel e a Simpatia Mundial\",\"datePublished\":\"2018-05-25T19:40:45+00:00\",\"mainEntityOfPage\":{\"@id\":\"https:\\\/\\\/gersonguelmann.com.br\\\/blog\\\/israel-e-a-simpatia-mundial\\\/\"},\"wordCount\":702,\"commentCount\":0,\"image\":{\"@id\":\"https:\\\/\\\/gersonguelmann.com.br\\\/blog\\\/israel-e-a-simpatia-mundial\\\/#primaryimage\"},\"thumbnailUrl\":\"https:\\\/\\\/i0.wp.com\\\/gersonguelmann.com.br\\\/blog\\\/wp-content\\\/uploads\\\/2018\\\/05\\\/arab-israeli-war-of-1948-20-728.jpg?fit=728%2C546&ssl=1\",\"inLanguage\":\"pt-BR\",\"potentialAction\":[{\"@type\":\"CommentAction\",\"name\":\"Comment\",\"target\":[\"https:\\\/\\\/gersonguelmann.com.br\\\/blog\\\/israel-e-a-simpatia-mundial\\\/#respond\"]}]},{\"@type\":\"WebPage\",\"@id\":\"https:\\\/\\\/gersonguelmann.com.br\\\/blog\\\/israel-e-a-simpatia-mundial\\\/\",\"url\":\"https:\\\/\\\/gersonguelmann.com.br\\\/blog\\\/israel-e-a-simpatia-mundial\\\/\",\"name\":\"Israel e a Simpatia Mundial | Blog do Guelmann\",\"isPartOf\":{\"@id\":\"https:\\\/\\\/gersonguelmann.com.br\\\/blog\\\/#website\"},\"primaryImageOfPage\":{\"@id\":\"https:\\\/\\\/gersonguelmann.com.br\\\/blog\\\/israel-e-a-simpatia-mundial\\\/#primaryimage\"},\"image\":{\"@id\":\"https:\\\/\\\/gersonguelmann.com.br\\\/blog\\\/israel-e-a-simpatia-mundial\\\/#primaryimage\"},\"thumbnailUrl\":\"https:\\\/\\\/i0.wp.com\\\/gersonguelmann.com.br\\\/blog\\\/wp-content\\\/uploads\\\/2018\\\/05\\\/arab-israeli-war-of-1948-20-728.jpg?fit=728%2C546&ssl=1\",\"datePublished\":\"2018-05-25T19:40:45+00:00\",\"author\":{\"@id\":\"https:\\\/\\\/gersonguelmann.com.br\\\/blog\\\/#\\\/schema\\\/person\\\/87e70e2a786888082f941a482c90569e\"},\"inLanguage\":\"pt-BR\",\"potentialAction\":[{\"@type\":\"ReadAction\",\"target\":[\"https:\\\/\\\/gersonguelmann.com.br\\\/blog\\\/israel-e-a-simpatia-mundial\\\/\"]}]},{\"@type\":\"ImageObject\",\"inLanguage\":\"pt-BR\",\"@id\":\"https:\\\/\\\/gersonguelmann.com.br\\\/blog\\\/israel-e-a-simpatia-mundial\\\/#primaryimage\",\"url\":\"https:\\\/\\\/i0.wp.com\\\/gersonguelmann.com.br\\\/blog\\\/wp-content\\\/uploads\\\/2018\\\/05\\\/arab-israeli-war-of-1948-20-728.jpg?fit=728%2C546&ssl=1\",\"contentUrl\":\"https:\\\/\\\/i0.wp.com\\\/gersonguelmann.com.br\\\/blog\\\/wp-content\\\/uploads\\\/2018\\\/05\\\/arab-israeli-war-of-1948-20-728.jpg?fit=728%2C546&ssl=1\",\"width\":728,\"height\":546},{\"@type\":\"WebSite\",\"@id\":\"https:\\\/\\\/gersonguelmann.com.br\\\/blog\\\/#website\",\"url\":\"https:\\\/\\\/gersonguelmann.com.br\\\/blog\\\/\",\"name\":\"Blog do Guelmann\",\"description\":\"Pitadas da sabedoria e do humor judaicos, assuntos do momento e um pouco das hist\u00f3rias que vivi e testemunhei.\",\"potentialAction\":[{\"@type\":\"SearchAction\",\"target\":{\"@type\":\"EntryPoint\",\"urlTemplate\":\"https:\\\/\\\/gersonguelmann.com.br\\\/blog\\\/?s={search_term_string}\"},\"query-input\":{\"@type\":\"PropertyValueSpecification\",\"valueRequired\":true,\"valueName\":\"search_term_string\"}}],\"inLanguage\":\"pt-BR\"},{\"@type\":\"Person\",\"@id\":\"https:\\\/\\\/gersonguelmann.com.br\\\/blog\\\/#\\\/schema\\\/person\\\/87e70e2a786888082f941a482c90569e\",\"name\":\"Gerson Guelmann\",\"image\":{\"@type\":\"ImageObject\",\"inLanguage\":\"pt-BR\",\"@id\":\"https:\\\/\\\/i0.wp.com\\\/gersonguelmann.com.br\\\/blog\\\/wp-content\\\/uploads\\\/2021\\\/08\\\/BLOG.jpeg?fit=96%2C96&ssl=1\",\"url\":\"https:\\\/\\\/i0.wp.com\\\/gersonguelmann.com.br\\\/blog\\\/wp-content\\\/uploads\\\/2021\\\/08\\\/BLOG.jpeg?fit=96%2C96&ssl=1\",\"contentUrl\":\"https:\\\/\\\/i0.wp.com\\\/gersonguelmann.com.br\\\/blog\\\/wp-content\\\/uploads\\\/2021\\\/08\\\/BLOG.jpeg?fit=96%2C96&ssl=1\",\"caption\":\"Gerson Guelmann\"},\"description\":\"Pitadas da sabedoria e do humor judaicos, assuntos do momento e um pouco das hist\u00f3rias que vivi e testemunhei.\"}]}<\/script>\n<!-- \/ Yoast SEO plugin. -->","yoast_head_json":{"title":"Israel e a Simpatia Mundial | Blog do Guelmann","robots":{"index":"index","follow":"follow","max-snippet":"max-snippet:-1","max-image-preview":"max-image-preview:large","max-video-preview":"max-video-preview:-1"},"canonical":"https:\/\/gersonguelmann.com.br\/blog\/israel-e-a-simpatia-mundial\/","og_locale":"pt_BR","og_type":"article","og_title":"Israel e a Simpatia Mundial | Blog do Guelmann","og_description":"O texto abaixo est\u00e1 circulando h\u00e1 algumas semanas como se fosse recente, o que n\u00e3o \u00e9 correto. De toda forma isso \u00e9 irrelevante, o que importa \u00e9 o conte\u00fado, que permanece atual. Na internet a refer\u00eancia mais antiga que encontrei \u00e9 de 2014, o que faz sentido, considerando que o destinat\u00e1rio da carta, o ent\u00e3o [&hellip;]","og_url":"https:\/\/gersonguelmann.com.br\/blog\/israel-e-a-simpatia-mundial\/","og_site_name":"Blog do Guelmann","article_published_time":"2018-05-25T19:40:45+00:00","og_image":[{"width":728,"height":546,"url":"https:\/\/i0.wp.com\/gersonguelmann.com.br\/blog\/wp-content\/uploads\/2018\/05\/arab-israeli-war-of-1948-20-728.jpg?fit=728%2C546&ssl=1","type":"image\/jpeg"}],"author":"Gerson Guelmann","twitter_card":"summary_large_image","twitter_misc":{"Escrito por":"Gerson Guelmann","Est. tempo de leitura":"3 minutos"},"schema":{"@context":"https:\/\/schema.org","@graph":[{"@type":"Article","@id":"https:\/\/gersonguelmann.com.br\/blog\/israel-e-a-simpatia-mundial\/#article","isPartOf":{"@id":"https:\/\/gersonguelmann.com.br\/blog\/israel-e-a-simpatia-mundial\/"},"author":{"name":"Gerson Guelmann","@id":"https:\/\/gersonguelmann.com.br\/blog\/#\/schema\/person\/87e70e2a786888082f941a482c90569e"},"headline":"Israel e a Simpatia Mundial","datePublished":"2018-05-25T19:40:45+00:00","mainEntityOfPage":{"@id":"https:\/\/gersonguelmann.com.br\/blog\/israel-e-a-simpatia-mundial\/"},"wordCount":702,"commentCount":0,"image":{"@id":"https:\/\/gersonguelmann.com.br\/blog\/israel-e-a-simpatia-mundial\/#primaryimage"},"thumbnailUrl":"https:\/\/i0.wp.com\/gersonguelmann.com.br\/blog\/wp-content\/uploads\/2018\/05\/arab-israeli-war-of-1948-20-728.jpg?fit=728%2C546&ssl=1","inLanguage":"pt-BR","potentialAction":[{"@type":"CommentAction","name":"Comment","target":["https:\/\/gersonguelmann.com.br\/blog\/israel-e-a-simpatia-mundial\/#respond"]}]},{"@type":"WebPage","@id":"https:\/\/gersonguelmann.com.br\/blog\/israel-e-a-simpatia-mundial\/","url":"https:\/\/gersonguelmann.com.br\/blog\/israel-e-a-simpatia-mundial\/","name":"Israel e a Simpatia Mundial | Blog do Guelmann","isPartOf":{"@id":"https:\/\/gersonguelmann.com.br\/blog\/#website"},"primaryImageOfPage":{"@id":"https:\/\/gersonguelmann.com.br\/blog\/israel-e-a-simpatia-mundial\/#primaryimage"},"image":{"@id":"https:\/\/gersonguelmann.com.br\/blog\/israel-e-a-simpatia-mundial\/#primaryimage"},"thumbnailUrl":"https:\/\/i0.wp.com\/gersonguelmann.com.br\/blog\/wp-content\/uploads\/2018\/05\/arab-israeli-war-of-1948-20-728.jpg?fit=728%2C546&ssl=1","datePublished":"2018-05-25T19:40:45+00:00","author":{"@id":"https:\/\/gersonguelmann.com.br\/blog\/#\/schema\/person\/87e70e2a786888082f941a482c90569e"},"inLanguage":"pt-BR","potentialAction":[{"@type":"ReadAction","target":["https:\/\/gersonguelmann.com.br\/blog\/israel-e-a-simpatia-mundial\/"]}]},{"@type":"ImageObject","inLanguage":"pt-BR","@id":"https:\/\/gersonguelmann.com.br\/blog\/israel-e-a-simpatia-mundial\/#primaryimage","url":"https:\/\/i0.wp.com\/gersonguelmann.com.br\/blog\/wp-content\/uploads\/2018\/05\/arab-israeli-war-of-1948-20-728.jpg?fit=728%2C546&ssl=1","contentUrl":"https:\/\/i0.wp.com\/gersonguelmann.com.br\/blog\/wp-content\/uploads\/2018\/05\/arab-israeli-war-of-1948-20-728.jpg?fit=728%2C546&ssl=1","width":728,"height":546},{"@type":"WebSite","@id":"https:\/\/gersonguelmann.com.br\/blog\/#website","url":"https:\/\/gersonguelmann.com.br\/blog\/","name":"Blog do Guelmann","description":"Pitadas da sabedoria e do humor judaicos, assuntos do momento e um pouco das hist\u00f3rias que vivi e testemunhei.","potentialAction":[{"@type":"SearchAction","target":{"@type":"EntryPoint","urlTemplate":"https:\/\/gersonguelmann.com.br\/blog\/?s={search_term_string}"},"query-input":{"@type":"PropertyValueSpecification","valueRequired":true,"valueName":"search_term_string"}}],"inLanguage":"pt-BR"},{"@type":"Person","@id":"https:\/\/gersonguelmann.com.br\/blog\/#\/schema\/person\/87e70e2a786888082f941a482c90569e","name":"Gerson Guelmann","image":{"@type":"ImageObject","inLanguage":"pt-BR","@id":"https:\/\/i0.wp.com\/gersonguelmann.com.br\/blog\/wp-content\/uploads\/2021\/08\/BLOG.jpeg?fit=96%2C96&ssl=1","url":"https:\/\/i0.wp.com\/gersonguelmann.com.br\/blog\/wp-content\/uploads\/2021\/08\/BLOG.jpeg?fit=96%2C96&ssl=1","contentUrl":"https:\/\/i0.wp.com\/gersonguelmann.com.br\/blog\/wp-content\/uploads\/2021\/08\/BLOG.jpeg?fit=96%2C96&ssl=1","caption":"Gerson Guelmann"},"description":"Pitadas da sabedoria e do humor judaicos, assuntos do momento e um pouco das hist\u00f3rias que vivi e testemunhei."}]}},"views":77,"jetpack_publicize_connections":[],"jetpack_featured_media_url":"https:\/\/i0.wp.com\/gersonguelmann.com.br\/blog\/wp-content\/uploads\/2018\/05\/arab-israeli-war-of-1948-20-728.jpg?fit=728%2C546&ssl=1","jetpack_shortlink":"https:\/\/wp.me\/p96e7O-3sl","jetpack-related-posts":[{"id":16452,"url":"https:\/\/gersonguelmann.com.br\/blog\/quando-o-atendimento-nos-faz-sorrir\/","url_meta":{"origin":13289,"position":0},"title":"Quando o Atendimento Nos Faz Sorrir","author":"Gerson Guelmann","date":"25 de abril de 2019","format":false,"excerpt":"Duas experi\u00eancias recentes que demonstram que a forma como somos atendidos impacta diretamente na imagem de uma empresa ou mesmo servi\u00e7o p\u00fablico: 1. Ontem estive na ag\u00eancia Hugo Lange (R. Augusto Stresser) do Banco do Brasil, \u00e0 qual tenho recorrido com certa frequ\u00eancia. D\u00e1 gosto ver como eles tratam os\u2026","rel":"","context":"Em &quot;Sem categoria&quot;","block_context":{"text":"Sem categoria","link":"https:\/\/gersonguelmann.com.br\/blog\/category\/sem-categoria\/"},"img":{"alt_text":"","src":"https:\/\/i0.wp.com\/gersonguelmann.com.br\/blog\/wp-content\/uploads\/2019\/04\/Gentileza.jpg?fit=960%2C427&ssl=1&resize=350%2C200","width":350,"height":200,"srcset":"https:\/\/i0.wp.com\/gersonguelmann.com.br\/blog\/wp-content\/uploads\/2019\/04\/Gentileza.jpg?fit=960%2C427&ssl=1&resize=350%2C200 1x, https:\/\/i0.wp.com\/gersonguelmann.com.br\/blog\/wp-content\/uploads\/2019\/04\/Gentileza.jpg?fit=960%2C427&ssl=1&resize=525%2C300 1.5x, https:\/\/i0.wp.com\/gersonguelmann.com.br\/blog\/wp-content\/uploads\/2019\/04\/Gentileza.jpg?fit=960%2C427&ssl=1&resize=700%2C400 2x"},"classes":[]},{"id":19610,"url":"https:\/\/gersonguelmann.com.br\/blog\/israel-frente-de-batalha-do-mundo-civilizado\/","url_meta":{"origin":13289,"position":1},"title":"Israel, Frente de Batalha do Mundo Civilizado","author":"Gerson Guelmann","date":"4 de janeiro de 2020","format":false,"excerpt":"Nesses dias em que o mundo est\u00e1 em polvorosa em raz\u00e3o da morte do arquiteto do terror Qasem Suleimani, acho oportuno relembrar a palestra proferida por Pilar Rahola em 4 de dezembro de 2014. E a raz\u00e3o de ter lembrado disso \u00e9 porque (s\u00f3 para variar) a Guarda Revolucion\u00e1ria iraniana,\u2026","rel":"","context":"Em &quot;Sem categoria&quot;","block_context":{"text":"Sem categoria","link":"https:\/\/gersonguelmann.com.br\/blog\/category\/sem-categoria\/"},"img":{"alt_text":"","src":"https:\/\/i0.wp.com\/gersonguelmann.com.br\/blog\/wp-content\/uploads\/2020\/01\/Israel.png?fit=960%2C627&ssl=1&resize=350%2C200","width":350,"height":200,"srcset":"https:\/\/i0.wp.com\/gersonguelmann.com.br\/blog\/wp-content\/uploads\/2020\/01\/Israel.png?fit=960%2C627&ssl=1&resize=350%2C200 1x, https:\/\/i0.wp.com\/gersonguelmann.com.br\/blog\/wp-content\/uploads\/2020\/01\/Israel.png?fit=960%2C627&ssl=1&resize=525%2C300 1.5x, https:\/\/i0.wp.com\/gersonguelmann.com.br\/blog\/wp-content\/uploads\/2020\/01\/Israel.png?fit=960%2C627&ssl=1&resize=700%2C400 2x"},"classes":[]},{"id":13258,"url":"https:\/\/gersonguelmann.com.br\/blog\/a-humanidade-e-israel-por-cintia-moscovich\/","url_meta":{"origin":13289,"position":2},"title":"A Humanidade e Israel, Por C\u00edntia Moscovich (*)","author":"Gerson Guelmann","date":"24 de maio de 2018","format":false,"excerpt":"Devidamente autorizada pela autora, transcrevo o artigo de C\u00edntia Moscovich e publicado em sua coluna do jornal Zero Hora na \u00faltima segunda-feira. \"Na semana que passou, quando da transfer\u00eancia da embaixada americana para Jerusal\u00e9m, a Faixa de Gaza fervilhou: embates de \u00e1rabes-palestinos, comandados pelo governo do Hamas, e o ex\u00e9rcito\u2026","rel":"","context":"Em &quot;Sem categoria&quot;","block_context":{"text":"Sem categoria","link":"https:\/\/gersonguelmann.com.br\/blog\/category\/sem-categoria\/"},"img":{"alt_text":"","src":"https:\/\/i0.wp.com\/gersonguelmann.com.br\/blog\/wp-content\/uploads\/2018\/05\/new-country-890x400.jpg?fit=890%2C400&ssl=1&resize=350%2C200","width":350,"height":200,"srcset":"https:\/\/i0.wp.com\/gersonguelmann.com.br\/blog\/wp-content\/uploads\/2018\/05\/new-country-890x400.jpg?fit=890%2C400&ssl=1&resize=350%2C200 1x, https:\/\/i0.wp.com\/gersonguelmann.com.br\/blog\/wp-content\/uploads\/2018\/05\/new-country-890x400.jpg?fit=890%2C400&ssl=1&resize=525%2C300 1.5x, https:\/\/i0.wp.com\/gersonguelmann.com.br\/blog\/wp-content\/uploads\/2018\/05\/new-country-890x400.jpg?fit=890%2C400&ssl=1&resize=700%2C400 2x"},"classes":[]},{"id":26418,"url":"https:\/\/gersonguelmann.com.br\/blog\/o-segredo-da-saude-de-rebeca\/","url_meta":{"origin":13289,"position":3},"title":"Sexta do Humor e da Cultura Judaica &#8211; O Segredo da Sa\u00fade de Rebeca","author":"Gerson Guelmann","date":"31 de outubro de 2025","format":false,"excerpt":"O Segredo da Sa\u00fade de Rebeca Dona Rebeca, de 80 anos, que nunca se casou e n\u00e3o tinha parentes, vivia sozinha em sua casa. Sempre foi muito admirada pela comunidade local por sua bondade, por tocar \u00f3rg\u00e3o nas cerim\u00f4nias da sinagoga e por sua tsedak\u00e1 (caridade). Numa tarde de primavera,\u2026","rel":"","context":"Em &quot;Sem categoria&quot;","block_context":{"text":"Sem categoria","link":"https:\/\/gersonguelmann.com.br\/blog\/category\/sem-categoria\/"},"img":{"alt_text":"","src":"https:\/\/i0.wp.com\/gersonguelmann.com.br\/blog\/wp-content\/uploads\/2025\/10\/HojePR-16.jpg?fit=600%2C400&ssl=1&resize=350%2C200","width":350,"height":200,"srcset":"https:\/\/i0.wp.com\/gersonguelmann.com.br\/blog\/wp-content\/uploads\/2025\/10\/HojePR-16.jpg?fit=600%2C400&ssl=1&resize=350%2C200 1x, https:\/\/i0.wp.com\/gersonguelmann.com.br\/blog\/wp-content\/uploads\/2025\/10\/HojePR-16.jpg?fit=600%2C400&ssl=1&resize=525%2C300 1.5x"},"classes":[]},{"id":20343,"url":"https:\/\/gersonguelmann.com.br\/blog\/veja-o-que-esse-israelense-descobriu-nos-cafundos-de-mg\/","url_meta":{"origin":13289,"position":4},"title":"Veja o Que Esse Israelense Descobriu nos Cafund\u00f3s de MG","author":"Gerson Guelmann","date":"15 de dezembro de 2020","format":false,"excerpt":"Veja que mat\u00e9ria deliciosa encontrei hoje ao garimpar material para meu Blog. A mat\u00e9ria que reproduzo a seguir \u00e9 da Daniela Kresch, filha do meu querido e saudoso amigo Paulo Kresch z'l e da Suylvia Kresch: O que levou um israelense a filmar a vida de uma fam\u00edlia no interior\u2026","rel":"","context":"Em &quot;Sem categoria&quot;","block_context":{"text":"Sem categoria","link":"https:\/\/gersonguelmann.com.br\/blog\/category\/sem-categoria\/"},"img":{"alt_text":"","src":"https:\/\/i0.wp.com\/gersonguelmann.com.br\/blog\/wp-content\/uploads\/2020\/12\/BARROLO.jpg?fit=480%2C360&ssl=1&resize=350%2C200","width":350,"height":200},"classes":[]},{"id":21754,"url":"https:\/\/gersonguelmann.com.br\/blog\/em-israel-a-pergunta-o-que-os-brasileiros-vieram-fazer-aqui\/","url_meta":{"origin":13289,"position":5},"title":"Em Israel, a Pergunta: O Que Os Brasileiros Vieram Fazer Aqui?","author":"Gerson Guelmann","date":"13 de mar\u00e7o de 2021","format":false,"excerpt":"Voc\u00ea j\u00e1 teve ter ouvido falar em \"manobra diversionista\". Diversionismo, segundo o dicion\u00e1rio que consultei, \u00e9 \"uma manobra ou estrat\u00e9gia usada para desviar a aten\u00e7\u00e3o do que est\u00e1 em discuss\u00e3o, geralmente em contextos pol\u00edticos; aquilo que serve para enganar ou esconder = cortina de fuma\u00e7a\" (*) Essa foi a palavra\u2026","rel":"","context":"Em &quot;Sem categoria&quot;","block_context":{"text":"Sem categoria","link":"https:\/\/gersonguelmann.com.br\/blog\/category\/sem-categoria\/"},"img":{"alt_text":"","src":"https:\/\/i0.wp.com\/gersonguelmann.com.br\/blog\/wp-content\/uploads\/2021\/03\/AnyConv.com__DK.jpeg?fit=1024%2C638&ssl=1&resize=350%2C200","width":350,"height":200,"srcset":"https:\/\/i0.wp.com\/gersonguelmann.com.br\/blog\/wp-content\/uploads\/2021\/03\/AnyConv.com__DK.jpeg?fit=1024%2C638&ssl=1&resize=350%2C200 1x, https:\/\/i0.wp.com\/gersonguelmann.com.br\/blog\/wp-content\/uploads\/2021\/03\/AnyConv.com__DK.jpeg?fit=1024%2C638&ssl=1&resize=525%2C300 1.5x, https:\/\/i0.wp.com\/gersonguelmann.com.br\/blog\/wp-content\/uploads\/2021\/03\/AnyConv.com__DK.jpeg?fit=1024%2C638&ssl=1&resize=700%2C400 2x"},"classes":[]}],"jetpack_sharing_enabled":true,"post_mailing_queue_ids":[],"_links":{"self":[{"href":"https:\/\/gersonguelmann.com.br\/blog\/wp-json\/wp\/v2\/posts\/13289","targetHints":{"allow":["GET"]}}],"collection":[{"href":"https:\/\/gersonguelmann.com.br\/blog\/wp-json\/wp\/v2\/posts"}],"about":[{"href":"https:\/\/gersonguelmann.com.br\/blog\/wp-json\/wp\/v2\/types\/post"}],"author":[{"embeddable":true,"href":"https:\/\/gersonguelmann.com.br\/blog\/wp-json\/wp\/v2\/users\/5"}],"replies":[{"embeddable":true,"href":"https:\/\/gersonguelmann.com.br\/blog\/wp-json\/wp\/v2\/comments?post=13289"}],"version-history":[{"count":0,"href":"https:\/\/gersonguelmann.com.br\/blog\/wp-json\/wp\/v2\/posts\/13289\/revisions"}],"wp:featuredmedia":[{"embeddable":true,"href":"https:\/\/gersonguelmann.com.br\/blog\/wp-json\/wp\/v2\/media\/13292"}],"wp:attachment":[{"href":"https:\/\/gersonguelmann.com.br\/blog\/wp-json\/wp\/v2\/media?parent=13289"}],"wp:term":[{"taxonomy":"category","embeddable":true,"href":"https:\/\/gersonguelmann.com.br\/blog\/wp-json\/wp\/v2\/categories?post=13289"},{"taxonomy":"post_tag","embeddable":true,"href":"https:\/\/gersonguelmann.com.br\/blog\/wp-json\/wp\/v2\/tags?post=13289"}],"curies":[{"name":"wp","href":"https:\/\/api.w.org\/{rel}","templated":true}]}}