    {"id":13295,"date":"2018-05-25T17:46:14","date_gmt":"2018-05-25T20:46:14","guid":{"rendered":"https:\/\/gersonguelmann.com.br\/blog\/?p=13295"},"modified":"2018-05-25T19:15:51","modified_gmt":"2018-05-25T22:15:51","slug":"10-mitos-sobre-cafe-que-voce-deve-esquecer","status":"publish","type":"post","link":"https:\/\/gersonguelmann.com.br\/blog\/10-mitos-sobre-cafe-que-voce-deve-esquecer\/","title":{"rendered":"10 Mitos Sobre o Caf\u00e9 Que Voc\u00ea Deve Esquecer"},"content":{"rendered":"<h2 style=\"text-align: center;\"><span style=\"font-family: helvetica, arial, sans-serif; color: #000000;\">1. Caf\u00e9 vicia<\/span><\/h2>\n<h2 style=\"text-align: center;\"><img data-recalc-dims=\"1\" decoding=\"async\" data-attachment-id=\"13297\" data-permalink=\"https:\/\/gersonguelmann.com.br\/blog\/10-mitos-sobre-cafe-que-voce-deve-esquecer\/1-21\/\" data-orig-file=\"https:\/\/i0.wp.com\/gersonguelmann.com.br\/blog\/wp-content\/uploads\/2018\/05\/1.gif?fit=400%2C211&amp;ssl=1\" data-orig-size=\"400,211\" data-comments-opened=\"1\" data-image-meta=\"{&quot;aperture&quot;:&quot;0&quot;,&quot;credit&quot;:&quot;&quot;,&quot;camera&quot;:&quot;&quot;,&quot;caption&quot;:&quot;&quot;,&quot;created_timestamp&quot;:&quot;0&quot;,&quot;copyright&quot;:&quot;&quot;,&quot;focal_length&quot;:&quot;0&quot;,&quot;iso&quot;:&quot;0&quot;,&quot;shutter_speed&quot;:&quot;0&quot;,&quot;title&quot;:&quot;&quot;,&quot;orientation&quot;:&quot;0&quot;}\" data-image-title=\"1\" data-image-description=\"\" data-image-caption=\"\" data-medium-file=\"https:\/\/i0.wp.com\/gersonguelmann.com.br\/blog\/wp-content\/uploads\/2018\/05\/1.gif?fit=300%2C158&amp;ssl=1\" data-large-file=\"https:\/\/i0.wp.com\/gersonguelmann.com.br\/blog\/wp-content\/uploads\/2018\/05\/1.gif?fit=400%2C211&amp;ssl=1\" class=\"alignnone size-medium wp-image-13297\" src=\"https:\/\/i0.wp.com\/gersonguelmann.com.br\/blog\/wp-content\/uploads\/2018\/05\/1.gif?resize=300%2C158&#038;ssl=1\" alt=\"\" width=\"300\" height=\"158\" \/><\/h2>\n<p><span style=\"font-family: helvetica, arial, sans-serif; font-size: 14pt; color: #000000;\">Que tal come\u00e7ar pelo menos enganoso dos mitos? Pois \u00e9, n\u00e3o \u00e9 totalmente uma mentira de que\u00a0caf\u00e9\u00a0gera uma leve depend\u00eancia \u2013 e, confesse, se voc\u00ea bebe uma x\u00edcara atr\u00e1s da outra, a essa altura do campeonato j\u00e1 deve ter se tocado disso.<\/span><\/p>\n<h2 style=\"text-align: center;\"><span style=\"font-family: helvetica, arial, sans-serif; color: #000000;\">2. Hipocondr\u00edacos invejam<\/span><\/h2>\n<p style=\"text-align: center;\"><img data-recalc-dims=\"1\" fetchpriority=\"high\" decoding=\"async\" data-attachment-id=\"13298\" data-permalink=\"https:\/\/gersonguelmann.com.br\/blog\/10-mitos-sobre-cafe-que-voce-deve-esquecer\/2-18\/\" data-orig-file=\"https:\/\/i0.wp.com\/gersonguelmann.com.br\/blog\/wp-content\/uploads\/2018\/05\/2.gif?fit=480%2C358&amp;ssl=1\" data-orig-size=\"480,358\" data-comments-opened=\"1\" data-image-meta=\"{&quot;aperture&quot;:&quot;0&quot;,&quot;credit&quot;:&quot;&quot;,&quot;camera&quot;:&quot;&quot;,&quot;caption&quot;:&quot;&quot;,&quot;created_timestamp&quot;:&quot;0&quot;,&quot;copyright&quot;:&quot;&quot;,&quot;focal_length&quot;:&quot;0&quot;,&quot;iso&quot;:&quot;0&quot;,&quot;shutter_speed&quot;:&quot;0&quot;,&quot;title&quot;:&quot;&quot;,&quot;orientation&quot;:&quot;0&quot;}\" data-image-title=\"2\" data-image-description=\"\" data-image-caption=\"\" data-medium-file=\"https:\/\/i0.wp.com\/gersonguelmann.com.br\/blog\/wp-content\/uploads\/2018\/05\/2.gif?fit=300%2C224&amp;ssl=1\" data-large-file=\"https:\/\/i0.wp.com\/gersonguelmann.com.br\/blog\/wp-content\/uploads\/2018\/05\/2.gif?fit=480%2C358&amp;ssl=1\" class=\"alignnone size-medium wp-image-13298\" src=\"https:\/\/i0.wp.com\/gersonguelmann.com.br\/blog\/wp-content\/uploads\/2018\/05\/2.gif?resize=300%2C224&#038;ssl=1\" alt=\"\" width=\"300\" height=\"224\" \/><\/p>\n<p><span style=\"font-family: helvetica, arial, sans-serif; font-size: 14pt; color: #000000;\">Tantas hip\u00f3teses j\u00e1 foram levantadas para combater o consumo exagerado dessa bebida que at\u00e9 \u00e0 raiva e \u00e0 sarna j\u00e1 tentaram associ\u00e1-la! Mas o mero h\u00e1bito de ingerir um\u00a0cafezinho\u00a0depois de cada refei\u00e7\u00e3o n\u00e3o vai fazer com que\u00a0voc\u00ea\u00a0tenha c\u00e2ncer, osteoporose ou problemas card\u00edacos.<\/span><\/p>\n<p><span style=\"font-family: helvetica, arial, sans-serif; font-size: 14pt; color: #000000;\">\u00c9 claro que o exagero sempre pode levar a quest\u00f5es maiores, mas se\u00a0voc\u00ea<a style=\"color: #000000;\" href=\"https:\/\/www.megacurioso.com.br\/saude-bem-estar\/107336-10-mitos-sobre-cafe-que-voce-precisa-deixar-pra-tras.htm?utm_source=megacurioso.com.br&amp;utm_medium=chrome&amp;utm_campaign=notificacao#_msocom_1\" name=\"_msoanchor_1\"><\/a>\u00a0se at\u00e9m \u00e0s tr\u00eas x\u00edcaras por dia, vai ficar bem.<\/span><\/p>\n<h2 style=\"text-align: center;\"><span style=\"font-family: helvetica, arial, sans-serif; color: #000000;\">3. Cafe\u00edna desidrata?<\/span><\/h2>\n<p style=\"text-align: center;\"><img data-recalc-dims=\"1\" decoding=\"async\" data-attachment-id=\"13299\" data-permalink=\"https:\/\/gersonguelmann.com.br\/blog\/10-mitos-sobre-cafe-que-voce-deve-esquecer\/3-12\/\" data-orig-file=\"https:\/\/i0.wp.com\/gersonguelmann.com.br\/blog\/wp-content\/uploads\/2018\/05\/3.gif?fit=245%2C160&amp;ssl=1\" data-orig-size=\"245,160\" data-comments-opened=\"1\" data-image-meta=\"{&quot;aperture&quot;:&quot;0&quot;,&quot;credit&quot;:&quot;&quot;,&quot;camera&quot;:&quot;&quot;,&quot;caption&quot;:&quot;&quot;,&quot;created_timestamp&quot;:&quot;0&quot;,&quot;copyright&quot;:&quot;&quot;,&quot;focal_length&quot;:&quot;0&quot;,&quot;iso&quot;:&quot;0&quot;,&quot;shutter_speed&quot;:&quot;0&quot;,&quot;title&quot;:&quot;&quot;,&quot;orientation&quot;:&quot;0&quot;}\" data-image-title=\"3\" data-image-description=\"\" data-image-caption=\"\" data-medium-file=\"https:\/\/i0.wp.com\/gersonguelmann.com.br\/blog\/wp-content\/uploads\/2018\/05\/3.gif?fit=245%2C160&amp;ssl=1\" data-large-file=\"https:\/\/i0.wp.com\/gersonguelmann.com.br\/blog\/wp-content\/uploads\/2018\/05\/3.gif?fit=245%2C160&amp;ssl=1\" class=\"alignnone size-full wp-image-13299\" src=\"https:\/\/i0.wp.com\/gersonguelmann.com.br\/blog\/wp-content\/uploads\/2018\/05\/3.gif?resize=245%2C160&#038;ssl=1\" alt=\"\" width=\"245\" height=\"160\" \/><\/p>\n<p><span style=\"font-family: helvetica, arial, sans-serif; font-size: 14pt; color: #000000;\">Sim. Isso significa que o\u00a0caf\u00e9\u00a0desidrata tamb\u00e9m? N\u00e3o! Embora exista h\u00e1 tempos uma desconfian\u00e7a de que o seu principal componente ajuda a diminuir os n\u00edveis de fluidos do corpo, a quantidade de \u00e1gua usada para extrair o sabor dos gr\u00e3os compensa, e muito.<\/span><\/p>\n<p><span style=\"font-family: helvetica, arial, sans-serif; font-size: 14pt; color: #000000;\">Inclusive, um estudo realizado na Inglaterra em 2014 mostrou que o\u00a0caf\u00e9\u00a0fornece qualidades hidratantes similares \u00e0s da \u00e1gua pura e que quem o bebe regularmente desenvolve certa toler\u00e2ncia aos seus efeitos diur\u00e9ticos.<\/span><\/p>\n<h2 style=\"text-align: center;\"><span style=\"font-family: helvetica, arial, sans-serif; color: #000000;\"><em>4. Boost<\/em>\u00a0p\u00f3s-ressaca<\/span><\/h2>\n<p style=\"text-align: center;\"><img data-recalc-dims=\"1\" loading=\"lazy\" decoding=\"async\" data-attachment-id=\"13300\" data-permalink=\"https:\/\/gersonguelmann.com.br\/blog\/10-mitos-sobre-cafe-que-voce-deve-esquecer\/4-9\/\" data-orig-file=\"https:\/\/i0.wp.com\/gersonguelmann.com.br\/blog\/wp-content\/uploads\/2018\/05\/4.gif?fit=480%2C367&amp;ssl=1\" data-orig-size=\"480,367\" data-comments-opened=\"1\" data-image-meta=\"{&quot;aperture&quot;:&quot;0&quot;,&quot;credit&quot;:&quot;&quot;,&quot;camera&quot;:&quot;&quot;,&quot;caption&quot;:&quot;&quot;,&quot;created_timestamp&quot;:&quot;0&quot;,&quot;copyright&quot;:&quot;&quot;,&quot;focal_length&quot;:&quot;0&quot;,&quot;iso&quot;:&quot;0&quot;,&quot;shutter_speed&quot;:&quot;0&quot;,&quot;title&quot;:&quot;&quot;,&quot;orientation&quot;:&quot;0&quot;}\" data-image-title=\"4\" data-image-description=\"\" data-image-caption=\"\" data-medium-file=\"https:\/\/i0.wp.com\/gersonguelmann.com.br\/blog\/wp-content\/uploads\/2018\/05\/4.gif?fit=300%2C229&amp;ssl=1\" data-large-file=\"https:\/\/i0.wp.com\/gersonguelmann.com.br\/blog\/wp-content\/uploads\/2018\/05\/4.gif?fit=480%2C367&amp;ssl=1\" class=\"alignnone size-medium wp-image-13300\" src=\"https:\/\/i0.wp.com\/gersonguelmann.com.br\/blog\/wp-content\/uploads\/2018\/05\/4.gif?resize=300%2C229&#038;ssl=1\" alt=\"\" width=\"300\" height=\"229\" \/><\/p>\n<p><span style=\"font-family: helvetica, arial, sans-serif; font-size: 14pt; color: #000000;\">Caf\u00e9 \u00e9 um estimulante, ent\u00e3o \u00e9 natural recorrermos a\u00a0ele\u00a0quando precisamos estar mais alertas e acordados. Mas n\u00e3o h\u00e1 absolutamente nada no l\u00edquido que cure\u00a0ressaca.\u00a0Outra mentira \u00e9 a de que o caf\u00e9 pode fazer com que pessoas alcoolizadas fiquem s\u00f3brias se o beberem. Isso n\u00e3o acontece, pois a cafe\u00edna n\u00e3o tem o poder de reverter o impacto cognitivo do\u00a0\u00e1lcool.<\/span><\/p>\n<h2 style=\"text-align: center;\"><span style=\"font-family: helvetica, arial, sans-serif; color: #000000;\">5. Caf\u00e9 emagrece<\/span><\/h2>\n<p style=\"text-align: center;\"><img data-recalc-dims=\"1\" loading=\"lazy\" decoding=\"async\" data-attachment-id=\"13301\" data-permalink=\"https:\/\/gersonguelmann.com.br\/blog\/10-mitos-sobre-cafe-que-voce-deve-esquecer\/5-8\/\" data-orig-file=\"https:\/\/i0.wp.com\/gersonguelmann.com.br\/blog\/wp-content\/uploads\/2018\/05\/5.gif?fit=320%2C320&amp;ssl=1\" data-orig-size=\"320,320\" data-comments-opened=\"1\" data-image-meta=\"{&quot;aperture&quot;:&quot;0&quot;,&quot;credit&quot;:&quot;&quot;,&quot;camera&quot;:&quot;&quot;,&quot;caption&quot;:&quot;&quot;,&quot;created_timestamp&quot;:&quot;0&quot;,&quot;copyright&quot;:&quot;&quot;,&quot;focal_length&quot;:&quot;0&quot;,&quot;iso&quot;:&quot;0&quot;,&quot;shutter_speed&quot;:&quot;0&quot;,&quot;title&quot;:&quot;&quot;,&quot;orientation&quot;:&quot;0&quot;}\" data-image-title=\"5\" data-image-description=\"\" data-image-caption=\"\" data-medium-file=\"https:\/\/i0.wp.com\/gersonguelmann.com.br\/blog\/wp-content\/uploads\/2018\/05\/5.gif?fit=300%2C300&amp;ssl=1\" data-large-file=\"https:\/\/i0.wp.com\/gersonguelmann.com.br\/blog\/wp-content\/uploads\/2018\/05\/5.gif?fit=320%2C320&amp;ssl=1\" class=\"alignnone size-medium wp-image-13301\" src=\"https:\/\/i0.wp.com\/gersonguelmann.com.br\/blog\/wp-content\/uploads\/2018\/05\/5.gif?resize=300%2C300&#038;ssl=1\" alt=\"\" width=\"300\" height=\"300\" srcset=\"https:\/\/i0.wp.com\/gersonguelmann.com.br\/blog\/wp-content\/uploads\/2018\/05\/5.gif?resize=300%2C300&amp;ssl=1 300w, https:\/\/i0.wp.com\/gersonguelmann.com.br\/blog\/wp-content\/uploads\/2018\/05\/5.gif?resize=150%2C150&amp;ssl=1 150w, https:\/\/i0.wp.com\/gersonguelmann.com.br\/blog\/wp-content\/uploads\/2018\/05\/5.gif?resize=70%2C70&amp;ssl=1 70w, https:\/\/i0.wp.com\/gersonguelmann.com.br\/blog\/wp-content\/uploads\/2018\/05\/5.gif?resize=127%2C127&amp;ssl=1 127w, https:\/\/i0.wp.com\/gersonguelmann.com.br\/blog\/wp-content\/uploads\/2018\/05\/5.gif?resize=125%2C125&amp;ssl=1 125w\" sizes=\"(max-width: 300px) 100vw, 300px\" \/><\/p>\n<p><span style=\"font-family: helvetica, arial, sans-serif; font-size: 14pt; color: #000000;\">N\u00e3o d\u00e1 nem para saber como surgiu esse mito, mas ele certamente n\u00e3o corresponde \u00e0 realidade!\u00a0Embora o caf\u00e9 tenha efeitos leves no sentido de aumentar o metabolismo, isso n\u00e3o se reflete diretamente em\u00a0perda de peso.<\/span><\/p>\n<h2 style=\"text-align: center;\"><span style=\"color: #000000;\">6. Crescimento<\/span><\/h2>\n<p><img data-recalc-dims=\"1\" loading=\"lazy\" decoding=\"async\" data-attachment-id=\"13302\" data-permalink=\"https:\/\/gersonguelmann.com.br\/blog\/10-mitos-sobre-cafe-que-voce-deve-esquecer\/6-9\/\" data-orig-file=\"https:\/\/i0.wp.com\/gersonguelmann.com.br\/blog\/wp-content\/uploads\/2018\/05\/6.gif?fit=480%2C204&amp;ssl=1\" data-orig-size=\"480,204\" data-comments-opened=\"1\" data-image-meta=\"{&quot;aperture&quot;:&quot;0&quot;,&quot;credit&quot;:&quot;&quot;,&quot;camera&quot;:&quot;&quot;,&quot;caption&quot;:&quot;&quot;,&quot;created_timestamp&quot;:&quot;0&quot;,&quot;copyright&quot;:&quot;&quot;,&quot;focal_length&quot;:&quot;0&quot;,&quot;iso&quot;:&quot;0&quot;,&quot;shutter_speed&quot;:&quot;0&quot;,&quot;title&quot;:&quot;&quot;,&quot;orientation&quot;:&quot;0&quot;}\" data-image-title=\"6\" data-image-description=\"\" data-image-caption=\"\" data-medium-file=\"https:\/\/i0.wp.com\/gersonguelmann.com.br\/blog\/wp-content\/uploads\/2018\/05\/6.gif?fit=300%2C128&amp;ssl=1\" data-large-file=\"https:\/\/i0.wp.com\/gersonguelmann.com.br\/blog\/wp-content\/uploads\/2018\/05\/6.gif?fit=480%2C204&amp;ssl=1\" class=\"size-medium wp-image-13302 aligncenter\" src=\"https:\/\/i0.wp.com\/gersonguelmann.com.br\/blog\/wp-content\/uploads\/2018\/05\/6.gif?resize=300%2C128&#038;ssl=1\" alt=\"\" width=\"300\" height=\"128\" srcset=\"https:\/\/i0.wp.com\/gersonguelmann.com.br\/blog\/wp-content\/uploads\/2018\/05\/6.gif?resize=300%2C128&amp;ssl=1 300w, https:\/\/i0.wp.com\/gersonguelmann.com.br\/blog\/wp-content\/uploads\/2018\/05\/6.gif?resize=476%2C204&amp;ssl=1 476w\" sizes=\"(max-width: 300px) 100vw, 300px\" \/><\/p>\n<p><span style=\"font-family: helvetica, arial, sans-serif; font-size: 14pt; color: #000000;\">Pessoas baixinhas beberam mais\u00a0caf\u00e9\u00a0na inf\u00e2ncia? Que bobagem! N\u00e3o h\u00e1 nenhuma evid\u00eancia relacionando a cafe\u00edna ao crescimento. Outro grande mito diz respeito \u00e0 gravidez. A menos que a\u00a0gestante\u00a0exagere no v\u00edcio, beber um pouco \u2013 uma x\u00edcara por dia \u2013 n\u00e3o prejudica o beb\u00ea.<\/span><\/p>\n<h2 style=\"text-align: center;\"><span style=\"font-family: helvetica, arial, sans-serif; color: #000000;\">7. Todo caf\u00e9 \u00e9 igual<\/span><\/h2>\n<p style=\"text-align: center;\"><img data-recalc-dims=\"1\" loading=\"lazy\" decoding=\"async\" data-attachment-id=\"13303\" data-permalink=\"https:\/\/gersonguelmann.com.br\/blog\/10-mitos-sobre-cafe-que-voce-deve-esquecer\/7-5\/\" data-orig-file=\"https:\/\/i0.wp.com\/gersonguelmann.com.br\/blog\/wp-content\/uploads\/2018\/05\/7.gif?fit=480%2C270&amp;ssl=1\" data-orig-size=\"480,270\" data-comments-opened=\"1\" data-image-meta=\"{&quot;aperture&quot;:&quot;0&quot;,&quot;credit&quot;:&quot;&quot;,&quot;camera&quot;:&quot;&quot;,&quot;caption&quot;:&quot;&quot;,&quot;created_timestamp&quot;:&quot;0&quot;,&quot;copyright&quot;:&quot;&quot;,&quot;focal_length&quot;:&quot;0&quot;,&quot;iso&quot;:&quot;0&quot;,&quot;shutter_speed&quot;:&quot;0&quot;,&quot;title&quot;:&quot;&quot;,&quot;orientation&quot;:&quot;0&quot;}\" data-image-title=\"7\" data-image-description=\"\" data-image-caption=\"\" data-medium-file=\"https:\/\/i0.wp.com\/gersonguelmann.com.br\/blog\/wp-content\/uploads\/2018\/05\/7.gif?fit=300%2C169&amp;ssl=1\" data-large-file=\"https:\/\/i0.wp.com\/gersonguelmann.com.br\/blog\/wp-content\/uploads\/2018\/05\/7.gif?fit=480%2C270&amp;ssl=1\" class=\"alignnone size-medium wp-image-13303\" src=\"https:\/\/i0.wp.com\/gersonguelmann.com.br\/blog\/wp-content\/uploads\/2018\/05\/7.gif?resize=300%2C169&#038;ssl=1\" alt=\"\" width=\"300\" height=\"169\" srcset=\"https:\/\/i0.wp.com\/gersonguelmann.com.br\/blog\/wp-content\/uploads\/2018\/05\/7.gif?resize=300%2C169&amp;ssl=1 300w, https:\/\/i0.wp.com\/gersonguelmann.com.br\/blog\/wp-content\/uploads\/2018\/05\/7.gif?resize=476%2C270&amp;ssl=1 476w\" sizes=\"(max-width: 300px) 100vw, 300px\" \/><\/p>\n<p><span style=\"font-family: helvetica, arial, sans-serif; font-size: 14pt; color: #000000;\">Outro mito! A quantidade de\u00a0cafe\u00edna\u00a0presente em diferentes tipos de gr\u00e3os ou preparos\u00a0\u00e9 diferente. O tipo de planta, de solo de cultivo, de moagem, de m\u00e9todo&#8230; tudo isso influencia o sabor, a apar\u00eancia e at\u00e9 mesmo a porcentagem de estimulante no l\u00edquido.<\/span><\/p>\n<h2 style=\"text-align: center;\"><span style=\"font-family: helvetica, arial, sans-serif; color: #000000;\">8. Quanto mais escuro melhor&#8230;<\/span><\/h2>\n<p style=\"text-align: center;\"><img data-recalc-dims=\"1\" loading=\"lazy\" decoding=\"async\" data-attachment-id=\"13305\" data-permalink=\"https:\/\/gersonguelmann.com.br\/blog\/10-mitos-sobre-cafe-que-voce-deve-esquecer\/8-5\/\" data-orig-file=\"https:\/\/i0.wp.com\/gersonguelmann.com.br\/blog\/wp-content\/uploads\/2018\/05\/8-1.gif?fit=500%2C281&amp;ssl=1\" data-orig-size=\"500,281\" data-comments-opened=\"1\" data-image-meta=\"{&quot;aperture&quot;:&quot;0&quot;,&quot;credit&quot;:&quot;&quot;,&quot;camera&quot;:&quot;&quot;,&quot;caption&quot;:&quot;&quot;,&quot;created_timestamp&quot;:&quot;0&quot;,&quot;copyright&quot;:&quot;&quot;,&quot;focal_length&quot;:&quot;0&quot;,&quot;iso&quot;:&quot;0&quot;,&quot;shutter_speed&quot;:&quot;0&quot;,&quot;title&quot;:&quot;&quot;,&quot;orientation&quot;:&quot;0&quot;}\" data-image-title=\"8\" data-image-description=\"\" data-image-caption=\"\" data-medium-file=\"https:\/\/i0.wp.com\/gersonguelmann.com.br\/blog\/wp-content\/uploads\/2018\/05\/8-1.gif?fit=300%2C169&amp;ssl=1\" data-large-file=\"https:\/\/i0.wp.com\/gersonguelmann.com.br\/blog\/wp-content\/uploads\/2018\/05\/8-1.gif?fit=500%2C281&amp;ssl=1\" class=\"alignnone size-medium wp-image-13305\" src=\"https:\/\/i0.wp.com\/gersonguelmann.com.br\/blog\/wp-content\/uploads\/2018\/05\/8-1.gif?resize=300%2C169&#038;ssl=1\" alt=\"\" width=\"300\" height=\"169\" \/><\/p>\n<p><span style=\"font-family: helvetica, arial, sans-serif; font-size: 14pt; color: #000000;\">Essa m\u00e1xima s\u00f3 serve se voc\u00ea gosta de caf\u00e9 queimado. Quanto mais escuro, mais \u00e1cido e mais amargo. N\u00e3o necessariamente mais forte!<\/span><\/p>\n<h2 style=\"text-align: center;\"><span style=\"font-family: helvetica, arial, sans-serif; color: #000000;\">9. \u00c1gua fervente<\/span><\/h2>\n<p style=\"text-align: center;\"><img data-recalc-dims=\"1\" loading=\"lazy\" decoding=\"async\" data-attachment-id=\"13306\" data-permalink=\"https:\/\/gersonguelmann.com.br\/blog\/10-mitos-sobre-cafe-que-voce-deve-esquecer\/9-3\/\" data-orig-file=\"https:\/\/i0.wp.com\/gersonguelmann.com.br\/blog\/wp-content\/uploads\/2018\/05\/9.gif?fit=480%2C270&amp;ssl=1\" data-orig-size=\"480,270\" data-comments-opened=\"1\" data-image-meta=\"{&quot;aperture&quot;:&quot;0&quot;,&quot;credit&quot;:&quot;&quot;,&quot;camera&quot;:&quot;&quot;,&quot;caption&quot;:&quot;&quot;,&quot;created_timestamp&quot;:&quot;0&quot;,&quot;copyright&quot;:&quot;&quot;,&quot;focal_length&quot;:&quot;0&quot;,&quot;iso&quot;:&quot;0&quot;,&quot;shutter_speed&quot;:&quot;0&quot;,&quot;title&quot;:&quot;&quot;,&quot;orientation&quot;:&quot;0&quot;}\" data-image-title=\"9\" data-image-description=\"\" data-image-caption=\"\" data-medium-file=\"https:\/\/i0.wp.com\/gersonguelmann.com.br\/blog\/wp-content\/uploads\/2018\/05\/9.gif?fit=300%2C169&amp;ssl=1\" data-large-file=\"https:\/\/i0.wp.com\/gersonguelmann.com.br\/blog\/wp-content\/uploads\/2018\/05\/9.gif?fit=480%2C270&amp;ssl=1\" class=\"alignnone size-medium wp-image-13306\" src=\"https:\/\/i0.wp.com\/gersonguelmann.com.br\/blog\/wp-content\/uploads\/2018\/05\/9.gif?resize=300%2C169&#038;ssl=1\" alt=\"\" width=\"300\" height=\"169\" srcset=\"https:\/\/i0.wp.com\/gersonguelmann.com.br\/blog\/wp-content\/uploads\/2018\/05\/9.gif?resize=300%2C169&amp;ssl=1 300w, https:\/\/i0.wp.com\/gersonguelmann.com.br\/blog\/wp-content\/uploads\/2018\/05\/9.gif?resize=476%2C270&amp;ssl=1 476w\" sizes=\"(max-width: 300px) 100vw, 300px\" \/><\/p>\n<p><span style=\"font-family: helvetica, arial, sans-serif; font-size: 14pt; color: #000000;\">H\u00e1 quem acredite que, quanto mais quente estiver a \u00e1gua, melhor o sabor do caf\u00e9. Na verdade, \u00e1gua acima de 100 \u00b0C ajuda a extrair alguns \u00f3leos dos gr\u00e3os, que fazem com que a bebida fique com aquele sabor de queimado.<\/span><\/p>\n<h2 style=\"text-align: center;\"><span style=\"font-family: helvetica, arial, sans-serif; color: #000000;\">10. Caf\u00e9 \u00e0 tarde, nem pensar<\/span><\/h2>\n<p><img data-recalc-dims=\"1\" loading=\"lazy\" decoding=\"async\" data-attachment-id=\"13296\" data-permalink=\"https:\/\/gersonguelmann.com.br\/blog\/10-mitos-sobre-cafe-que-voce-deve-esquecer\/10-2\/\" data-orig-file=\"https:\/\/i0.wp.com\/gersonguelmann.com.br\/blog\/wp-content\/uploads\/2018\/05\/10.gif?fit=210%2C240&amp;ssl=1\" data-orig-size=\"210,240\" data-comments-opened=\"1\" data-image-meta=\"{&quot;aperture&quot;:&quot;0&quot;,&quot;credit&quot;:&quot;&quot;,&quot;camera&quot;:&quot;&quot;,&quot;caption&quot;:&quot;&quot;,&quot;created_timestamp&quot;:&quot;0&quot;,&quot;copyright&quot;:&quot;&quot;,&quot;focal_length&quot;:&quot;0&quot;,&quot;iso&quot;:&quot;0&quot;,&quot;shutter_speed&quot;:&quot;0&quot;,&quot;title&quot;:&quot;&quot;,&quot;orientation&quot;:&quot;0&quot;}\" data-image-title=\"10\" data-image-description=\"\" data-image-caption=\"\" data-medium-file=\"https:\/\/i0.wp.com\/gersonguelmann.com.br\/blog\/wp-content\/uploads\/2018\/05\/10.gif?fit=210%2C240&amp;ssl=1\" data-large-file=\"https:\/\/i0.wp.com\/gersonguelmann.com.br\/blog\/wp-content\/uploads\/2018\/05\/10.gif?fit=210%2C240&amp;ssl=1\" class=\"size-full wp-image-13296 aligncenter\" src=\"https:\/\/i0.wp.com\/gersonguelmann.com.br\/blog\/wp-content\/uploads\/2018\/05\/10.gif?resize=210%2C240&#038;ssl=1\" alt=\"\" width=\"210\" height=\"240\" \/><span style=\"font-family: helvetica, arial, sans-serif; font-size: 14pt; color: #000000;\">Entre 75% e 100% do caf\u00e9\u00a0que consumimos \u00e9 eliminado do corpo nas horas seguintes, e, entre 4 e 7 horas\u00a0<a style=\"color: #000000;\" href=\"https:\/\/www.megacurioso.com.br\/saude-bem-estar\/107336-10-mitos-sobre-cafe-que-voce-precisa-deixar-pra-tras.htm?utm_source=megacurioso.com.br&amp;utm_medium=chrome&amp;utm_campaign=notificacao#_msocom_1\" name=\"_msoanchor_1\"><\/a>depois que voc\u00ea beber sua sagrada x\u00edcara da tarde,\u00a0oque\u00a0voc\u00ea\u00a0consumir j\u00e1 n\u00e3o vai mais estar no seu corpo.<\/span><\/p>\n<p><span style=\"font-family: helvetica, arial, sans-serif; font-size: 14pt; color: #000000;\">Ent\u00e3o, se a sua hora de dormir \u00e9 a partir das 22h, at\u00e9 as 15h ainda d\u00e1 para evitar o efeito estimulante da cafe\u00edna \u00e0 noite.<\/span><\/p>\n<p>&nbsp;<\/p>\n<p><span style=\"font-family: georgia, palatino, serif; font-size: 18pt; color: #000000;\">Mat\u00e9ria publicada no site <span style=\"color: #0000ff;\"><a style=\"color: #0000ff;\" href=\"https:\/\/www.megacurioso.com.br\/saude-bem-estar\/107336-10-mitos-sobre-cafe-que-voce-precisa-deixar-pra-tras.htm?utm_source=megacurioso.com.br&amp;utm_medium=chrome&amp;utm_campaign=notificacao\"><em><strong>MegaCurioso<\/strong><\/em><\/a><\/span><\/span><\/p>\n","protected":false},"excerpt":{"rendered":"<p>1. Caf\u00e9 vicia Que tal come\u00e7ar pelo menos enganoso dos mitos? Pois \u00e9, n\u00e3o \u00e9 totalmente uma mentira de que\u00a0caf\u00e9\u00a0gera uma leve depend\u00eancia \u2013 e, confesse, se voc\u00ea bebe uma x\u00edcara atr\u00e1s da outra, a essa altura do campeonato j\u00e1 deve ter se tocado disso. 2. Hipocondr\u00edacos invejam Tantas hip\u00f3teses j\u00e1 foram levantadas para combater [&hellip;]<\/p>\n","protected":false},"author":5,"featured_media":13296,"comment_status":"open","ping_status":"open","sticky":false,"template":"","format":"standard","meta":{"_acf_changed":false,"jetpack_post_was_ever_published":false,"_jetpack_newsletter_access":"","_jetpack_dont_email_post_to_subs":false,"_jetpack_newsletter_tier_id":0,"_jetpack_memberships_contains_paywalled_content":false,"_jetpack_memberships_contains_paid_content":false,"footnotes":"","jetpack_publicize_message":"","jetpack_publicize_feature_enabled":true,"jetpack_social_post_already_shared":true,"jetpack_social_options":{"image_generator_settings":{"template":"highway","default_image_id":0,"font":"","enabled":false},"version":2}},"categories":[1],"tags":[],"class_list":["post-13295","post","type-post","status-publish","format-standard","has-post-thumbnail","hentry","category-sem-categoria"],"acf":[],"yoast_head":"<!-- This site is optimized with the Yoast SEO plugin v27.3 - https:\/\/yoast.com\/product\/yoast-seo-wordpress\/ -->\n<title>10 Mitos Sobre o Caf\u00e9 Que Voc\u00ea Deve Esquecer | Blog do Guelmann<\/title>\n<meta name=\"robots\" content=\"index, follow, max-snippet:-1, max-image-preview:large, max-video-preview:-1\" \/>\n<link rel=\"canonical\" href=\"https:\/\/gersonguelmann.com.br\/blog\/10-mitos-sobre-cafe-que-voce-deve-esquecer\/\" \/>\n<meta property=\"og:locale\" content=\"pt_BR\" \/>\n<meta property=\"og:type\" content=\"article\" \/>\n<meta property=\"og:title\" content=\"10 Mitos Sobre o Caf\u00e9 Que Voc\u00ea Deve Esquecer | Blog do Guelmann\" \/>\n<meta property=\"og:description\" content=\"1. Caf\u00e9 vicia Que tal come\u00e7ar pelo menos enganoso dos mitos? Pois \u00e9, n\u00e3o \u00e9 totalmente uma mentira de que\u00a0caf\u00e9\u00a0gera uma leve depend\u00eancia \u2013 e, confesse, se voc\u00ea bebe uma x\u00edcara atr\u00e1s da outra, a essa altura do campeonato j\u00e1 deve ter se tocado disso. 2. Hipocondr\u00edacos invejam Tantas hip\u00f3teses j\u00e1 foram levantadas para combater [&hellip;]\" \/>\n<meta property=\"og:url\" content=\"https:\/\/gersonguelmann.com.br\/blog\/10-mitos-sobre-cafe-que-voce-deve-esquecer\/\" \/>\n<meta property=\"og:site_name\" content=\"Blog do Guelmann\" \/>\n<meta property=\"article:published_time\" content=\"2018-05-25T20:46:14+00:00\" \/>\n<meta property=\"article:modified_time\" content=\"2018-05-25T22:15:51+00:00\" \/>\n<meta property=\"og:image\" content=\"https:\/\/i0.wp.com\/gersonguelmann.com.br\/blog\/wp-content\/uploads\/2018\/05\/10.gif?fit=210%2C240&ssl=1\" \/>\n\t<meta property=\"og:image:width\" content=\"210\" \/>\n\t<meta property=\"og:image:height\" content=\"240\" \/>\n\t<meta property=\"og:image:type\" content=\"image\/gif\" \/>\n<meta name=\"author\" content=\"Gerson Guelmann\" \/>\n<meta name=\"twitter:card\" content=\"summary_large_image\" \/>\n<meta name=\"twitter:label1\" content=\"Escrito por\" \/>\n\t<meta name=\"twitter:data1\" content=\"Gerson Guelmann\" \/>\n\t<meta name=\"twitter:label2\" content=\"Est. tempo de leitura\" \/>\n\t<meta name=\"twitter:data2\" content=\"3 minutos\" \/>\n<script type=\"application\/ld+json\" class=\"yoast-schema-graph\">{\"@context\":\"https:\\\/\\\/schema.org\",\"@graph\":[{\"@type\":\"Article\",\"@id\":\"https:\\\/\\\/gersonguelmann.com.br\\\/blog\\\/10-mitos-sobre-cafe-que-voce-deve-esquecer\\\/#article\",\"isPartOf\":{\"@id\":\"https:\\\/\\\/gersonguelmann.com.br\\\/blog\\\/10-mitos-sobre-cafe-que-voce-deve-esquecer\\\/\"},\"author\":{\"name\":\"Gerson Guelmann\",\"@id\":\"https:\\\/\\\/gersonguelmann.com.br\\\/blog\\\/#\\\/schema\\\/person\\\/87e70e2a786888082f941a482c90569e\"},\"headline\":\"10 Mitos Sobre o Caf\u00e9 Que Voc\u00ea Deve Esquecer\",\"datePublished\":\"2018-05-25T20:46:14+00:00\",\"dateModified\":\"2018-05-25T22:15:51+00:00\",\"mainEntityOfPage\":{\"@id\":\"https:\\\/\\\/gersonguelmann.com.br\\\/blog\\\/10-mitos-sobre-cafe-que-voce-deve-esquecer\\\/\"},\"wordCount\":582,\"commentCount\":0,\"image\":{\"@id\":\"https:\\\/\\\/gersonguelmann.com.br\\\/blog\\\/10-mitos-sobre-cafe-que-voce-deve-esquecer\\\/#primaryimage\"},\"thumbnailUrl\":\"https:\\\/\\\/i0.wp.com\\\/gersonguelmann.com.br\\\/blog\\\/wp-content\\\/uploads\\\/2018\\\/05\\\/10.gif?fit=210%2C240&ssl=1\",\"inLanguage\":\"pt-BR\",\"potentialAction\":[{\"@type\":\"CommentAction\",\"name\":\"Comment\",\"target\":[\"https:\\\/\\\/gersonguelmann.com.br\\\/blog\\\/10-mitos-sobre-cafe-que-voce-deve-esquecer\\\/#respond\"]}]},{\"@type\":\"WebPage\",\"@id\":\"https:\\\/\\\/gersonguelmann.com.br\\\/blog\\\/10-mitos-sobre-cafe-que-voce-deve-esquecer\\\/\",\"url\":\"https:\\\/\\\/gersonguelmann.com.br\\\/blog\\\/10-mitos-sobre-cafe-que-voce-deve-esquecer\\\/\",\"name\":\"10 Mitos Sobre o Caf\u00e9 Que Voc\u00ea Deve Esquecer | Blog do Guelmann\",\"isPartOf\":{\"@id\":\"https:\\\/\\\/gersonguelmann.com.br\\\/blog\\\/#website\"},\"primaryImageOfPage\":{\"@id\":\"https:\\\/\\\/gersonguelmann.com.br\\\/blog\\\/10-mitos-sobre-cafe-que-voce-deve-esquecer\\\/#primaryimage\"},\"image\":{\"@id\":\"https:\\\/\\\/gersonguelmann.com.br\\\/blog\\\/10-mitos-sobre-cafe-que-voce-deve-esquecer\\\/#primaryimage\"},\"thumbnailUrl\":\"https:\\\/\\\/i0.wp.com\\\/gersonguelmann.com.br\\\/blog\\\/wp-content\\\/uploads\\\/2018\\\/05\\\/10.gif?fit=210%2C240&ssl=1\",\"datePublished\":\"2018-05-25T20:46:14+00:00\",\"dateModified\":\"2018-05-25T22:15:51+00:00\",\"author\":{\"@id\":\"https:\\\/\\\/gersonguelmann.com.br\\\/blog\\\/#\\\/schema\\\/person\\\/87e70e2a786888082f941a482c90569e\"},\"inLanguage\":\"pt-BR\",\"potentialAction\":[{\"@type\":\"ReadAction\",\"target\":[\"https:\\\/\\\/gersonguelmann.com.br\\\/blog\\\/10-mitos-sobre-cafe-que-voce-deve-esquecer\\\/\"]}]},{\"@type\":\"ImageObject\",\"inLanguage\":\"pt-BR\",\"@id\":\"https:\\\/\\\/gersonguelmann.com.br\\\/blog\\\/10-mitos-sobre-cafe-que-voce-deve-esquecer\\\/#primaryimage\",\"url\":\"https:\\\/\\\/i0.wp.com\\\/gersonguelmann.com.br\\\/blog\\\/wp-content\\\/uploads\\\/2018\\\/05\\\/10.gif?fit=210%2C240&ssl=1\",\"contentUrl\":\"https:\\\/\\\/i0.wp.com\\\/gersonguelmann.com.br\\\/blog\\\/wp-content\\\/uploads\\\/2018\\\/05\\\/10.gif?fit=210%2C240&ssl=1\",\"width\":210,\"height\":240},{\"@type\":\"WebSite\",\"@id\":\"https:\\\/\\\/gersonguelmann.com.br\\\/blog\\\/#website\",\"url\":\"https:\\\/\\\/gersonguelmann.com.br\\\/blog\\\/\",\"name\":\"Blog do Guelmann\",\"description\":\"Pitadas da sabedoria e do humor judaicos, assuntos do momento e um pouco das hist\u00f3rias que vivi e testemunhei.\",\"potentialAction\":[{\"@type\":\"SearchAction\",\"target\":{\"@type\":\"EntryPoint\",\"urlTemplate\":\"https:\\\/\\\/gersonguelmann.com.br\\\/blog\\\/?s={search_term_string}\"},\"query-input\":{\"@type\":\"PropertyValueSpecification\",\"valueRequired\":true,\"valueName\":\"search_term_string\"}}],\"inLanguage\":\"pt-BR\"},{\"@type\":\"Person\",\"@id\":\"https:\\\/\\\/gersonguelmann.com.br\\\/blog\\\/#\\\/schema\\\/person\\\/87e70e2a786888082f941a482c90569e\",\"name\":\"Gerson Guelmann\",\"image\":{\"@type\":\"ImageObject\",\"inLanguage\":\"pt-BR\",\"@id\":\"https:\\\/\\\/i0.wp.com\\\/gersonguelmann.com.br\\\/blog\\\/wp-content\\\/uploads\\\/2021\\\/08\\\/BLOG.jpeg?fit=96%2C96&ssl=1\",\"url\":\"https:\\\/\\\/i0.wp.com\\\/gersonguelmann.com.br\\\/blog\\\/wp-content\\\/uploads\\\/2021\\\/08\\\/BLOG.jpeg?fit=96%2C96&ssl=1\",\"contentUrl\":\"https:\\\/\\\/i0.wp.com\\\/gersonguelmann.com.br\\\/blog\\\/wp-content\\\/uploads\\\/2021\\\/08\\\/BLOG.jpeg?fit=96%2C96&ssl=1\",\"caption\":\"Gerson Guelmann\"},\"description\":\"Pitadas da sabedoria e do humor judaicos, assuntos do momento e um pouco das hist\u00f3rias que vivi e testemunhei.\"}]}<\/script>\n<!-- \/ Yoast SEO plugin. -->","yoast_head_json":{"title":"10 Mitos Sobre o Caf\u00e9 Que Voc\u00ea Deve Esquecer | Blog do Guelmann","robots":{"index":"index","follow":"follow","max-snippet":"max-snippet:-1","max-image-preview":"max-image-preview:large","max-video-preview":"max-video-preview:-1"},"canonical":"https:\/\/gersonguelmann.com.br\/blog\/10-mitos-sobre-cafe-que-voce-deve-esquecer\/","og_locale":"pt_BR","og_type":"article","og_title":"10 Mitos Sobre o Caf\u00e9 Que Voc\u00ea Deve Esquecer | Blog do Guelmann","og_description":"1. Caf\u00e9 vicia Que tal come\u00e7ar pelo menos enganoso dos mitos? Pois \u00e9, n\u00e3o \u00e9 totalmente uma mentira de que\u00a0caf\u00e9\u00a0gera uma leve depend\u00eancia \u2013 e, confesse, se voc\u00ea bebe uma x\u00edcara atr\u00e1s da outra, a essa altura do campeonato j\u00e1 deve ter se tocado disso. 2. Hipocondr\u00edacos invejam Tantas hip\u00f3teses j\u00e1 foram levantadas para combater [&hellip;]","og_url":"https:\/\/gersonguelmann.com.br\/blog\/10-mitos-sobre-cafe-que-voce-deve-esquecer\/","og_site_name":"Blog do Guelmann","article_published_time":"2018-05-25T20:46:14+00:00","article_modified_time":"2018-05-25T22:15:51+00:00","og_image":[{"width":210,"height":240,"url":"https:\/\/i0.wp.com\/gersonguelmann.com.br\/blog\/wp-content\/uploads\/2018\/05\/10.gif?fit=210%2C240&ssl=1","type":"image\/gif"}],"author":"Gerson Guelmann","twitter_card":"summary_large_image","twitter_misc":{"Escrito por":"Gerson Guelmann","Est. tempo de leitura":"3 minutos"},"schema":{"@context":"https:\/\/schema.org","@graph":[{"@type":"Article","@id":"https:\/\/gersonguelmann.com.br\/blog\/10-mitos-sobre-cafe-que-voce-deve-esquecer\/#article","isPartOf":{"@id":"https:\/\/gersonguelmann.com.br\/blog\/10-mitos-sobre-cafe-que-voce-deve-esquecer\/"},"author":{"name":"Gerson Guelmann","@id":"https:\/\/gersonguelmann.com.br\/blog\/#\/schema\/person\/87e70e2a786888082f941a482c90569e"},"headline":"10 Mitos Sobre o Caf\u00e9 Que Voc\u00ea Deve Esquecer","datePublished":"2018-05-25T20:46:14+00:00","dateModified":"2018-05-25T22:15:51+00:00","mainEntityOfPage":{"@id":"https:\/\/gersonguelmann.com.br\/blog\/10-mitos-sobre-cafe-que-voce-deve-esquecer\/"},"wordCount":582,"commentCount":0,"image":{"@id":"https:\/\/gersonguelmann.com.br\/blog\/10-mitos-sobre-cafe-que-voce-deve-esquecer\/#primaryimage"},"thumbnailUrl":"https:\/\/i0.wp.com\/gersonguelmann.com.br\/blog\/wp-content\/uploads\/2018\/05\/10.gif?fit=210%2C240&ssl=1","inLanguage":"pt-BR","potentialAction":[{"@type":"CommentAction","name":"Comment","target":["https:\/\/gersonguelmann.com.br\/blog\/10-mitos-sobre-cafe-que-voce-deve-esquecer\/#respond"]}]},{"@type":"WebPage","@id":"https:\/\/gersonguelmann.com.br\/blog\/10-mitos-sobre-cafe-que-voce-deve-esquecer\/","url":"https:\/\/gersonguelmann.com.br\/blog\/10-mitos-sobre-cafe-que-voce-deve-esquecer\/","name":"10 Mitos Sobre o Caf\u00e9 Que Voc\u00ea Deve Esquecer | Blog do Guelmann","isPartOf":{"@id":"https:\/\/gersonguelmann.com.br\/blog\/#website"},"primaryImageOfPage":{"@id":"https:\/\/gersonguelmann.com.br\/blog\/10-mitos-sobre-cafe-que-voce-deve-esquecer\/#primaryimage"},"image":{"@id":"https:\/\/gersonguelmann.com.br\/blog\/10-mitos-sobre-cafe-que-voce-deve-esquecer\/#primaryimage"},"thumbnailUrl":"https:\/\/i0.wp.com\/gersonguelmann.com.br\/blog\/wp-content\/uploads\/2018\/05\/10.gif?fit=210%2C240&ssl=1","datePublished":"2018-05-25T20:46:14+00:00","dateModified":"2018-05-25T22:15:51+00:00","author":{"@id":"https:\/\/gersonguelmann.com.br\/blog\/#\/schema\/person\/87e70e2a786888082f941a482c90569e"},"inLanguage":"pt-BR","potentialAction":[{"@type":"ReadAction","target":["https:\/\/gersonguelmann.com.br\/blog\/10-mitos-sobre-cafe-que-voce-deve-esquecer\/"]}]},{"@type":"ImageObject","inLanguage":"pt-BR","@id":"https:\/\/gersonguelmann.com.br\/blog\/10-mitos-sobre-cafe-que-voce-deve-esquecer\/#primaryimage","url":"https:\/\/i0.wp.com\/gersonguelmann.com.br\/blog\/wp-content\/uploads\/2018\/05\/10.gif?fit=210%2C240&ssl=1","contentUrl":"https:\/\/i0.wp.com\/gersonguelmann.com.br\/blog\/wp-content\/uploads\/2018\/05\/10.gif?fit=210%2C240&ssl=1","width":210,"height":240},{"@type":"WebSite","@id":"https:\/\/gersonguelmann.com.br\/blog\/#website","url":"https:\/\/gersonguelmann.com.br\/blog\/","name":"Blog do Guelmann","description":"Pitadas da sabedoria e do humor judaicos, assuntos do momento e um pouco das hist\u00f3rias que vivi e testemunhei.","potentialAction":[{"@type":"SearchAction","target":{"@type":"EntryPoint","urlTemplate":"https:\/\/gersonguelmann.com.br\/blog\/?s={search_term_string}"},"query-input":{"@type":"PropertyValueSpecification","valueRequired":true,"valueName":"search_term_string"}}],"inLanguage":"pt-BR"},{"@type":"Person","@id":"https:\/\/gersonguelmann.com.br\/blog\/#\/schema\/person\/87e70e2a786888082f941a482c90569e","name":"Gerson Guelmann","image":{"@type":"ImageObject","inLanguage":"pt-BR","@id":"https:\/\/i0.wp.com\/gersonguelmann.com.br\/blog\/wp-content\/uploads\/2021\/08\/BLOG.jpeg?fit=96%2C96&ssl=1","url":"https:\/\/i0.wp.com\/gersonguelmann.com.br\/blog\/wp-content\/uploads\/2021\/08\/BLOG.jpeg?fit=96%2C96&ssl=1","contentUrl":"https:\/\/i0.wp.com\/gersonguelmann.com.br\/blog\/wp-content\/uploads\/2021\/08\/BLOG.jpeg?fit=96%2C96&ssl=1","caption":"Gerson Guelmann"},"description":"Pitadas da sabedoria e do humor judaicos, assuntos do momento e um pouco das hist\u00f3rias que vivi e testemunhei."}]}},"views":40,"jetpack_publicize_connections":[],"jetpack_featured_media_url":"https:\/\/i0.wp.com\/gersonguelmann.com.br\/blog\/wp-content\/uploads\/2018\/05\/10.gif?fit=210%2C240&ssl=1","jetpack_shortlink":"https:\/\/wp.me\/p96e7O-3sr","jetpack-related-posts":[{"id":20244,"url":"https:\/\/gersonguelmann.com.br\/blog\/toma-muito-cafe-entao-e-bom-saber\/","url_meta":{"origin":13295,"position":0},"title":"Toma Muito Caf\u00e9? Ent\u00e3o \u00e9 Bom Saber!","author":"Gerson Guelmann","date":"9 de dezembro de 2020","format":false,"excerpt":"H\u00e1 muitos mitos (e certamente muitas verdades) sobre o consumo exagerado de caf\u00e9. Eu mesmo, ap\u00f3s a cirurgia bari\u00e1trica de 21 anos atr\u00e1s, aumentei o consumo. Uma das raz\u00f5es \u00e9 f\u00e1cil de entender: dependendo do tipo de alimento que vou ingerir, o caf\u00e9 ajuda na digest\u00e3o. A outra, que a\u00ed\u2026","rel":"","context":"Em &quot;Sem categoria&quot;","block_context":{"text":"Sem categoria","link":"https:\/\/gersonguelmann.com.br\/blog\/category\/sem-categoria\/"},"img":{"alt_text":"","src":"https:\/\/i0.wp.com\/gersonguelmann.com.br\/blog\/wp-content\/uploads\/2020\/12\/AnyConv.com__CAFE.jpg?fit=960%2C1200&ssl=1&resize=350%2C200","width":350,"height":200,"srcset":"https:\/\/i0.wp.com\/gersonguelmann.com.br\/blog\/wp-content\/uploads\/2020\/12\/AnyConv.com__CAFE.jpg?fit=960%2C1200&ssl=1&resize=350%2C200 1x, https:\/\/i0.wp.com\/gersonguelmann.com.br\/blog\/wp-content\/uploads\/2020\/12\/AnyConv.com__CAFE.jpg?fit=960%2C1200&ssl=1&resize=525%2C300 1.5x, https:\/\/i0.wp.com\/gersonguelmann.com.br\/blog\/wp-content\/uploads\/2020\/12\/AnyConv.com__CAFE.jpg?fit=960%2C1200&ssl=1&resize=700%2C400 2x"},"classes":[]},{"id":21789,"url":"https:\/\/gersonguelmann.com.br\/blog\/max-goldstein-e-o-voo-da-sorte\/","url_meta":{"origin":13295,"position":1},"title":"Max Goldstein e o Voo da Sorte","author":"Gerson Guelmann","date":"24 de junho de 2025","format":false,"excerpt":"Max Goldstein estava prestes a embarcar em uma viagem. Como havia chegado cedo ao aeroporto e era um dos primeiros da fila, assim que entrou no avi\u00e3o e encontrou seu assento, sentou-se e ficou observando os demais passageiros que iam embarcando. As pessoas foram entrando uma a uma, at\u00e9 que,\u2026","rel":"","context":"Em &quot;Sem categoria&quot;","block_context":{"text":"Sem categoria","link":"https:\/\/gersonguelmann.com.br\/blog\/category\/sem-categoria\/"},"img":{"alt_text":"","src":"https:\/\/i0.wp.com\/gersonguelmann.com.br\/blog\/wp-content\/uploads\/2025\/06\/BLOG-2.jpg?fit=600%2C393&ssl=1&resize=350%2C200","width":350,"height":200,"srcset":"https:\/\/i0.wp.com\/gersonguelmann.com.br\/blog\/wp-content\/uploads\/2025\/06\/BLOG-2.jpg?fit=600%2C393&ssl=1&resize=350%2C200 1x, https:\/\/i0.wp.com\/gersonguelmann.com.br\/blog\/wp-content\/uploads\/2025\/06\/BLOG-2.jpg?fit=600%2C393&ssl=1&resize=525%2C300 1.5x"},"classes":[]},{"id":23821,"url":"https:\/\/gersonguelmann.com.br\/blog\/tres-na-quarta-de-humor-judaico-17\/","url_meta":{"origin":13295,"position":2},"title":"Tr\u00eas na Quarta de Humor Judaico","author":"Gerson Guelmann","date":"25 de dezembro de 2024","format":false,"excerpt":"O Brinquedo e a Promessa Uma m\u00e3e judia estava andando na rua com o filho pequeno. Quando passaram na vitrine de uma loja de brinquedos o menino apontou para um e pediu que ela o comprasse. A m\u00e3e respondeu: - \"Eu compro, desde que voc\u00ea fa\u00e7a uma coisa\". - \"O\u2026","rel":"","context":"Em &quot;Sem categoria&quot;","block_context":{"text":"Sem categoria","link":"https:\/\/gersonguelmann.com.br\/blog\/category\/sem-categoria\/"},"img":{"alt_text":"","src":"https:\/\/i0.wp.com\/gersonguelmann.com.br\/blog\/wp-content\/uploads\/2024\/12\/HojePR-15.jpg?fit=1200%2C800&ssl=1&resize=350%2C200","width":350,"height":200,"srcset":"https:\/\/i0.wp.com\/gersonguelmann.com.br\/blog\/wp-content\/uploads\/2024\/12\/HojePR-15.jpg?fit=1200%2C800&ssl=1&resize=350%2C200 1x, https:\/\/i0.wp.com\/gersonguelmann.com.br\/blog\/wp-content\/uploads\/2024\/12\/HojePR-15.jpg?fit=1200%2C800&ssl=1&resize=525%2C300 1.5x, https:\/\/i0.wp.com\/gersonguelmann.com.br\/blog\/wp-content\/uploads\/2024\/12\/HojePR-15.jpg?fit=1200%2C800&ssl=1&resize=700%2C400 2x, https:\/\/i0.wp.com\/gersonguelmann.com.br\/blog\/wp-content\/uploads\/2024\/12\/HojePR-15.jpg?fit=1200%2C800&ssl=1&resize=1050%2C600 3x"},"classes":[]},{"id":956,"url":"https:\/\/gersonguelmann.com.br\/blog\/nao-ria-dos-idosos-com-sorte-voce-chegara-la\/","url_meta":{"origin":13295,"position":3},"title":"N\u00e3o Ria dos Idosos, Com Sorte Voc\u00ea Chegar\u00e1 L\u00e1&#8230;","author":"Gerson Guelmann","date":"4 de mar\u00e7o de 2024","format":false,"excerpt":"D\u00aa Maria, uma senhora de 86 anos, conversava com o filho, j\u00e1 nos seus 64 anos: \u2013 \"Beb\u00ea...\" -\u00a0\"Sim, mam\u00e3e, diga\". - \"Estou pensando em marcar um jogo de baralho com as meninas e preciso que voc\u00ea me ajude a organizar tudo\". - \"Claro, m\u00e3e, pode marcar, eu vou te\u2026","rel":"","context":"Em &quot;Sem categoria&quot;","block_context":{"text":"Sem categoria","link":"https:\/\/gersonguelmann.com.br\/blog\/category\/sem-categoria\/"},"img":{"alt_text":"","src":"https:\/\/i0.wp.com\/gersonguelmann.com.br\/blog\/wp-content\/uploads\/2024\/03\/HojePR.jpg?fit=1125%2C750&ssl=1&resize=350%2C200","width":350,"height":200,"srcset":"https:\/\/i0.wp.com\/gersonguelmann.com.br\/blog\/wp-content\/uploads\/2024\/03\/HojePR.jpg?fit=1125%2C750&ssl=1&resize=350%2C200 1x, https:\/\/i0.wp.com\/gersonguelmann.com.br\/blog\/wp-content\/uploads\/2024\/03\/HojePR.jpg?fit=1125%2C750&ssl=1&resize=525%2C300 1.5x, https:\/\/i0.wp.com\/gersonguelmann.com.br\/blog\/wp-content\/uploads\/2024\/03\/HojePR.jpg?fit=1125%2C750&ssl=1&resize=700%2C400 2x, https:\/\/i0.wp.com\/gersonguelmann.com.br\/blog\/wp-content\/uploads\/2024\/03\/HojePR.jpg?fit=1125%2C750&ssl=1&resize=1050%2C600 3x"},"classes":[]},{"id":10025,"url":"https:\/\/gersonguelmann.com.br\/blog\/o-que-tem-na-sua-xicara\/","url_meta":{"origin":13295,"position":4},"title":"O Que Tem Na Sua X\u00edcara?","author":"Gerson Guelmann","date":"13 de mar\u00e7o de 2018","format":false,"excerpt":"Voc\u00ea est\u00e1 segurando uma x\u00edcara de caf\u00e9 quando algu\u00e9m chega e balan\u00e7a seu bra\u00e7o, fazendo com que derrame o caf\u00e9 por todo lado. Por que voc\u00ea derramou o caf\u00e9? \u201cBem, porque algu\u00e9m encostou em mim, \u00e9 claro!\u201d Resposta errada. Voc\u00ea derramou o caf\u00e9 porque o caf\u00e9 estava na x\u00edcara. Se\u2026","rel":"","context":"Em &quot;Sem categoria&quot;","block_context":{"text":"Sem categoria","link":"https:\/\/gersonguelmann.com.br\/blog\/category\/sem-categoria\/"},"img":{"alt_text":"","src":"https:\/\/i0.wp.com\/gersonguelmann.com.br\/blog\/wp-content\/uploads\/2018\/03\/Caf%C3%A9.jpg?fit=960%2C540&ssl=1&resize=350%2C200","width":350,"height":200,"srcset":"https:\/\/i0.wp.com\/gersonguelmann.com.br\/blog\/wp-content\/uploads\/2018\/03\/Caf%C3%A9.jpg?fit=960%2C540&ssl=1&resize=350%2C200 1x, https:\/\/i0.wp.com\/gersonguelmann.com.br\/blog\/wp-content\/uploads\/2018\/03\/Caf%C3%A9.jpg?fit=960%2C540&ssl=1&resize=525%2C300 1.5x, https:\/\/i0.wp.com\/gersonguelmann.com.br\/blog\/wp-content\/uploads\/2018\/03\/Caf%C3%A9.jpg?fit=960%2C540&ssl=1&resize=700%2C400 2x"},"classes":[]},{"id":22404,"url":"https:\/\/gersonguelmann.com.br\/blog\/pilulas-de-humor-judaico-30\/","url_meta":{"origin":13295,"position":5},"title":"P\u00edlulas de Humor Judaico (30)","author":"Gerson Guelmann","date":"18 de agosto de 2021","format":false,"excerpt":"Quando a Trai\u00e7\u00e3o D\u00f3i Mais Feinstein voltou para casa de uma viagem de neg\u00f3cios e descobriu que sua esposa o havia tra\u00eddo. - \"Quem foi?\" ele rugiu. - \"O Wolf, aquele maldito?\" - \u201cN\u00e3o\u201d - respondeu a esposa. - \"N\u00e3o foi o Wolf\". - \"Ent\u00e3o foi o canalha do Green,\u2026","rel":"","context":"Em &quot;Sem categoria&quot;","block_context":{"text":"Sem categoria","link":"https:\/\/gersonguelmann.com.br\/blog\/category\/sem-categoria\/"},"img":{"alt_text":"","src":"https:\/\/i0.wp.com\/gersonguelmann.com.br\/blog\/wp-content\/uploads\/2021\/08\/JOCKEY-scaled.jpg?fit=1200%2C800&ssl=1&resize=350%2C200","width":350,"height":200,"srcset":"https:\/\/i0.wp.com\/gersonguelmann.com.br\/blog\/wp-content\/uploads\/2021\/08\/JOCKEY-scaled.jpg?fit=1200%2C800&ssl=1&resize=350%2C200 1x, https:\/\/i0.wp.com\/gersonguelmann.com.br\/blog\/wp-content\/uploads\/2021\/08\/JOCKEY-scaled.jpg?fit=1200%2C800&ssl=1&resize=525%2C300 1.5x, https:\/\/i0.wp.com\/gersonguelmann.com.br\/blog\/wp-content\/uploads\/2021\/08\/JOCKEY-scaled.jpg?fit=1200%2C800&ssl=1&resize=700%2C400 2x, https:\/\/i0.wp.com\/gersonguelmann.com.br\/blog\/wp-content\/uploads\/2021\/08\/JOCKEY-scaled.jpg?fit=1200%2C800&ssl=1&resize=1050%2C600 3x"},"classes":[]}],"jetpack_sharing_enabled":true,"post_mailing_queue_ids":[],"_links":{"self":[{"href":"https:\/\/gersonguelmann.com.br\/blog\/wp-json\/wp\/v2\/posts\/13295","targetHints":{"allow":["GET"]}}],"collection":[{"href":"https:\/\/gersonguelmann.com.br\/blog\/wp-json\/wp\/v2\/posts"}],"about":[{"href":"https:\/\/gersonguelmann.com.br\/blog\/wp-json\/wp\/v2\/types\/post"}],"author":[{"embeddable":true,"href":"https:\/\/gersonguelmann.com.br\/blog\/wp-json\/wp\/v2\/users\/5"}],"replies":[{"embeddable":true,"href":"https:\/\/gersonguelmann.com.br\/blog\/wp-json\/wp\/v2\/comments?post=13295"}],"version-history":[{"count":0,"href":"https:\/\/gersonguelmann.com.br\/blog\/wp-json\/wp\/v2\/posts\/13295\/revisions"}],"wp:featuredmedia":[{"embeddable":true,"href":"https:\/\/gersonguelmann.com.br\/blog\/wp-json\/wp\/v2\/media\/13296"}],"wp:attachment":[{"href":"https:\/\/gersonguelmann.com.br\/blog\/wp-json\/wp\/v2\/media?parent=13295"}],"wp:term":[{"taxonomy":"category","embeddable":true,"href":"https:\/\/gersonguelmann.com.br\/blog\/wp-json\/wp\/v2\/categories?post=13295"},{"taxonomy":"post_tag","embeddable":true,"href":"https:\/\/gersonguelmann.com.br\/blog\/wp-json\/wp\/v2\/tags?post=13295"}],"curies":[{"name":"wp","href":"https:\/\/api.w.org\/{rel}","templated":true}]}}