    {"id":13314,"date":"2018-05-25T20:03:16","date_gmt":"2018-05-25T23:03:16","guid":{"rendered":"https:\/\/gersonguelmann.com.br\/blog\/?p=13314"},"modified":"2018-05-25T20:03:16","modified_gmt":"2018-05-25T23:03:16","slug":"nos-da-familia-sfiha-esperamos-nao-precisar-fazer-isso","status":"publish","type":"post","link":"https:\/\/gersonguelmann.com.br\/blog\/nos-da-familia-sfiha-esperamos-nao-precisar-fazer-isso\/","title":{"rendered":"N\u00f3s da Fam\u00edlia Sfiha Esperamos N\u00e3o Precisar Fazer Isso"},"content":{"rendered":"<p style=\"text-align: center;\"><img data-recalc-dims=\"1\" fetchpriority=\"high\" decoding=\"async\" data-attachment-id=\"13315\" data-permalink=\"https:\/\/gersonguelmann.com.br\/blog\/nos-da-familia-sfiha-esperamos-nao-precisar-fazer-isso\/moto-delivery\/\" data-orig-file=\"https:\/\/i0.wp.com\/gersonguelmann.com.br\/blog\/wp-content\/uploads\/2018\/05\/Moto-delivery.jpg?fit=800%2C800&amp;ssl=1\" data-orig-size=\"800,800\" data-comments-opened=\"1\" data-image-meta=\"{&quot;aperture&quot;:&quot;0&quot;,&quot;credit&quot;:&quot;&quot;,&quot;camera&quot;:&quot;&quot;,&quot;caption&quot;:&quot;&quot;,&quot;created_timestamp&quot;:&quot;0&quot;,&quot;copyright&quot;:&quot;&quot;,&quot;focal_length&quot;:&quot;0&quot;,&quot;iso&quot;:&quot;0&quot;,&quot;shutter_speed&quot;:&quot;0&quot;,&quot;title&quot;:&quot;&quot;,&quot;orientation&quot;:&quot;1&quot;}\" data-image-title=\"Moto delivery\" data-image-description=\"\" data-image-caption=\"\" data-medium-file=\"https:\/\/i0.wp.com\/gersonguelmann.com.br\/blog\/wp-content\/uploads\/2018\/05\/Moto-delivery.jpg?fit=300%2C300&amp;ssl=1\" data-large-file=\"https:\/\/i0.wp.com\/gersonguelmann.com.br\/blog\/wp-content\/uploads\/2018\/05\/Moto-delivery.jpg?fit=640%2C640&amp;ssl=1\" class=\"alignnone size-medium wp-image-13315\" src=\"https:\/\/i0.wp.com\/gersonguelmann.com.br\/blog\/wp-content\/uploads\/2018\/05\/Moto-delivery.jpg?resize=300%2C300&#038;ssl=1\" alt=\"\" width=\"300\" height=\"300\" srcset=\"https:\/\/i0.wp.com\/gersonguelmann.com.br\/blog\/wp-content\/uploads\/2018\/05\/Moto-delivery.jpg?resize=300%2C300&amp;ssl=1 300w, https:\/\/i0.wp.com\/gersonguelmann.com.br\/blog\/wp-content\/uploads\/2018\/05\/Moto-delivery.jpg?resize=150%2C150&amp;ssl=1 150w, https:\/\/i0.wp.com\/gersonguelmann.com.br\/blog\/wp-content\/uploads\/2018\/05\/Moto-delivery.jpg?resize=768%2C768&amp;ssl=1 768w, https:\/\/i0.wp.com\/gersonguelmann.com.br\/blog\/wp-content\/uploads\/2018\/05\/Moto-delivery.jpg?resize=70%2C70&amp;ssl=1 70w, https:\/\/i0.wp.com\/gersonguelmann.com.br\/blog\/wp-content\/uploads\/2018\/05\/Moto-delivery.jpg?resize=127%2C127&amp;ssl=1 127w, https:\/\/i0.wp.com\/gersonguelmann.com.br\/blog\/wp-content\/uploads\/2018\/05\/Moto-delivery.jpg?resize=476%2C476&amp;ssl=1 476w, https:\/\/i0.wp.com\/gersonguelmann.com.br\/blog\/wp-content\/uploads\/2018\/05\/Moto-delivery.jpg?resize=125%2C125&amp;ssl=1 125w, https:\/\/i0.wp.com\/gersonguelmann.com.br\/blog\/wp-content\/uploads\/2018\/05\/Moto-delivery.jpg?w=800&amp;ssl=1 800w\" sizes=\"(max-width: 300px) 100vw, 300px\" \/><\/p>\n<p style=\"text-align: left;\"><span style=\"color: #000000; font-family: georgia, palatino, serif; font-size: 18pt;\">Olha a mat\u00e9ria que acabou de sair no UOL Economia:<\/span><\/p>\n<p><span style=\"font-size: 24pt;\"><strong><span style=\"color: #000000;\">Sem combust\u00edvel, hamburgueria de Bras\u00edlia usa cavalos para fazer entregas<\/span><\/strong><\/span><\/p>\n<p><span style=\"color: #000000;\"><strong>Fabiana Marchezi <\/strong><\/span><br \/>\n<strong><span style=\"color: #000000;\">Colabora\u00e7\u00e3o para o UOL 25\/05\/2018 &#8211; 19h18<\/span><\/strong><\/p>\n<p><span style=\"color: #000000; font-size: 14pt;\">Para driblar a falta de combust\u00edvel devido \u00e0 greve dos caminhoneiros, a 389 Burger, de Planaltina, no Distrito Federal, foi buscar um m\u00e9todo, digamos, org\u00e2nico para manter o atendimento delivery. A solu\u00e7\u00e3o, implantada nesta\u00a0quinta-feira (24), foi substituir as motocicletas por cavalos. <\/span><\/p>\n<p><span style=\"color: #000000; font-size: 14pt;\">&#8220;Ficamos totalmente sem combust\u00edvel e, para n\u00e3o deixar os clientes na m\u00e3o, emprestamos dois cavalos de um haras de um amigo aqui na regi\u00e3o e deu muito\u00a0certo. A repercuss\u00e3o foi bem legal&#8221;, disse J\u00fanior Tadayoshi, s\u00f3cio fundador da lanchonete.<\/span><\/p>\n<p><span style=\"color: #000000; font-size: 14pt;\">No primeiro dia de trabalho, os &#8220;cavaloboys&#8221; \u2013 dois cavalos e dois cavaleiros do haras &#8212; deram conta do recado e fizeram 20 entregas. Por\u00e9m, nesta sexta-feira (25), Rolex da Terra Vermelha e Torpedo est\u00e3o de folga por conta do\u00a0conta do mau tempo. Com isso, o servi\u00e7o de entrega da lanchonete est\u00e1 suspenso. <\/span><\/p>\n<p><span style=\"color: #000000; font-size: 14pt;\">&#8220;Est\u00e1 chuviscando hoje, achamos meio arriscado. Mas se a greve continuar\u00a0e o tempo melhorar, as entregas ser\u00e3o feitas a cavalo, mesmo. A experi\u00eancia deu certo. Ali\u00e1s, os clientes j\u00e1 est\u00e3o pedindo para que a encomenda chegue a cavalo&#8221;, brincou.<\/span><\/p>\n<p><span style=\"color: #000000; font-size: 14pt;\">Nas outras duas lanchonetes da rede, em Sobradinho e Formosa, os motoboys ainda est\u00e3o fazendo as entregas normalmente. &#8220;Nessas duas unidades, as motocicletas ainda est\u00e3o com combust\u00edvel, mas caso a paralisa\u00e7\u00e3o continue,\u00a0a possibilidade de usar os cavaloboys n\u00e3o est\u00e1 descartada&#8221;, disse.<\/span><\/p>\n<p><span style=\"color: #000000; font-size: 14pt;\">Ent\u00e3o, por enquanto, pode fazer o teu pedido e mandaremos entregar em um ve\u00edculo que n\u00e3o usa o feno como combust\u00edvel.<\/span><\/p>\n<p><span style=\"color: #000000; font-family: georgia, palatino, serif; font-size: 18pt;\">Para ler a mat\u00e9ria no site do UOL, <span style=\"color: #0000ff;\"><a style=\"color: #0000ff;\" href=\"https:\/\/economia.uol.com.br\/noticias\/redacao\/2018\/05\/25\/sem-combustivel-hamburgueria-de-brasilia-usa-cavalos-para-fazer-entregas.htm?utm_source=chrome&amp;utm_medium=webalert&amp;utm_campaign=noticias\"><em><strong>clique aqui<\/strong><\/em><\/a><\/span>.<\/span><\/p>\n<p>&nbsp;<\/p>\n","protected":false},"excerpt":{"rendered":"<p>Olha a mat\u00e9ria que acabou de sair no UOL Economia: Sem combust\u00edvel, hamburgueria de Bras\u00edlia usa cavalos para fazer entregas Fabiana Marchezi Colabora\u00e7\u00e3o para o UOL 25\/05\/2018 &#8211; 19h18 Para driblar a falta de combust\u00edvel devido \u00e0 greve dos caminhoneiros, a 389 Burger, de Planaltina, no Distrito Federal, foi buscar um m\u00e9todo, digamos, org\u00e2nico para [&hellip;]<\/p>\n","protected":false},"author":5,"featured_media":13315,"comment_status":"open","ping_status":"open","sticky":false,"template":"","format":"standard","meta":{"_acf_changed":false,"jetpack_post_was_ever_published":false,"_jetpack_newsletter_access":"","_jetpack_dont_email_post_to_subs":false,"_jetpack_newsletter_tier_id":0,"_jetpack_memberships_contains_paywalled_content":false,"_jetpack_memberships_contains_paid_content":false,"footnotes":"","jetpack_publicize_message":"","jetpack_publicize_feature_enabled":true,"jetpack_social_post_already_shared":true,"jetpack_social_options":{"image_generator_settings":{"template":"highway","default_image_id":0,"font":"","enabled":false},"version":2}},"categories":[1],"tags":[],"class_list":["post-13314","post","type-post","status-publish","format-standard","has-post-thumbnail","hentry","category-sem-categoria"],"acf":[],"yoast_head":"<!-- This site is optimized with the Yoast SEO plugin v27.3 - https:\/\/yoast.com\/product\/yoast-seo-wordpress\/ -->\n<title>N\u00f3s da Fam\u00edlia Sfiha Esperamos N\u00e3o Precisar Fazer Isso | Blog do Guelmann<\/title>\n<meta name=\"robots\" content=\"index, follow, max-snippet:-1, max-image-preview:large, max-video-preview:-1\" \/>\n<link rel=\"canonical\" href=\"https:\/\/gersonguelmann.com.br\/blog\/nos-da-familia-sfiha-esperamos-nao-precisar-fazer-isso\/\" \/>\n<meta property=\"og:locale\" content=\"pt_BR\" \/>\n<meta property=\"og:type\" content=\"article\" \/>\n<meta property=\"og:title\" content=\"N\u00f3s da Fam\u00edlia Sfiha Esperamos N\u00e3o Precisar Fazer Isso | Blog do Guelmann\" \/>\n<meta property=\"og:description\" content=\"Olha a mat\u00e9ria que acabou de sair no UOL Economia: Sem combust\u00edvel, hamburgueria de Bras\u00edlia usa cavalos para fazer entregas Fabiana Marchezi Colabora\u00e7\u00e3o para o UOL 25\/05\/2018 &#8211; 19h18 Para driblar a falta de combust\u00edvel devido \u00e0 greve dos caminhoneiros, a 389 Burger, de Planaltina, no Distrito Federal, foi buscar um m\u00e9todo, digamos, org\u00e2nico para [&hellip;]\" \/>\n<meta property=\"og:url\" content=\"https:\/\/gersonguelmann.com.br\/blog\/nos-da-familia-sfiha-esperamos-nao-precisar-fazer-isso\/\" \/>\n<meta property=\"og:site_name\" content=\"Blog do Guelmann\" \/>\n<meta property=\"article:published_time\" content=\"2018-05-25T23:03:16+00:00\" \/>\n<meta property=\"og:image\" content=\"https:\/\/i0.wp.com\/gersonguelmann.com.br\/blog\/wp-content\/uploads\/2018\/05\/Moto-delivery.jpg?fit=800%2C800&ssl=1\" \/>\n\t<meta property=\"og:image:width\" content=\"800\" \/>\n\t<meta property=\"og:image:height\" content=\"800\" \/>\n\t<meta property=\"og:image:type\" content=\"image\/jpeg\" \/>\n<meta name=\"author\" content=\"Gerson Guelmann\" \/>\n<meta name=\"twitter:card\" content=\"summary_large_image\" \/>\n<meta name=\"twitter:label1\" content=\"Escrito por\" \/>\n\t<meta name=\"twitter:data1\" content=\"Gerson Guelmann\" \/>\n\t<meta name=\"twitter:label2\" content=\"Est. tempo de leitura\" \/>\n\t<meta name=\"twitter:data2\" content=\"2 minutos\" \/>\n<script type=\"application\/ld+json\" class=\"yoast-schema-graph\">{\"@context\":\"https:\\\/\\\/schema.org\",\"@graph\":[{\"@type\":\"Article\",\"@id\":\"https:\\\/\\\/gersonguelmann.com.br\\\/blog\\\/nos-da-familia-sfiha-esperamos-nao-precisar-fazer-isso\\\/#article\",\"isPartOf\":{\"@id\":\"https:\\\/\\\/gersonguelmann.com.br\\\/blog\\\/nos-da-familia-sfiha-esperamos-nao-precisar-fazer-isso\\\/\"},\"author\":{\"name\":\"Gerson Guelmann\",\"@id\":\"https:\\\/\\\/gersonguelmann.com.br\\\/blog\\\/#\\\/schema\\\/person\\\/87e70e2a786888082f941a482c90569e\"},\"headline\":\"N\u00f3s da Fam\u00edlia Sfiha Esperamos N\u00e3o Precisar Fazer Isso\",\"datePublished\":\"2018-05-25T23:03:16+00:00\",\"mainEntityOfPage\":{\"@id\":\"https:\\\/\\\/gersonguelmann.com.br\\\/blog\\\/nos-da-familia-sfiha-esperamos-nao-precisar-fazer-isso\\\/\"},\"wordCount\":316,\"commentCount\":0,\"image\":{\"@id\":\"https:\\\/\\\/gersonguelmann.com.br\\\/blog\\\/nos-da-familia-sfiha-esperamos-nao-precisar-fazer-isso\\\/#primaryimage\"},\"thumbnailUrl\":\"https:\\\/\\\/i0.wp.com\\\/gersonguelmann.com.br\\\/blog\\\/wp-content\\\/uploads\\\/2018\\\/05\\\/Moto-delivery.jpg?fit=800%2C800&ssl=1\",\"inLanguage\":\"pt-BR\",\"potentialAction\":[{\"@type\":\"CommentAction\",\"name\":\"Comment\",\"target\":[\"https:\\\/\\\/gersonguelmann.com.br\\\/blog\\\/nos-da-familia-sfiha-esperamos-nao-precisar-fazer-isso\\\/#respond\"]}]},{\"@type\":\"WebPage\",\"@id\":\"https:\\\/\\\/gersonguelmann.com.br\\\/blog\\\/nos-da-familia-sfiha-esperamos-nao-precisar-fazer-isso\\\/\",\"url\":\"https:\\\/\\\/gersonguelmann.com.br\\\/blog\\\/nos-da-familia-sfiha-esperamos-nao-precisar-fazer-isso\\\/\",\"name\":\"N\u00f3s da Fam\u00edlia Sfiha Esperamos N\u00e3o Precisar Fazer Isso | Blog do Guelmann\",\"isPartOf\":{\"@id\":\"https:\\\/\\\/gersonguelmann.com.br\\\/blog\\\/#website\"},\"primaryImageOfPage\":{\"@id\":\"https:\\\/\\\/gersonguelmann.com.br\\\/blog\\\/nos-da-familia-sfiha-esperamos-nao-precisar-fazer-isso\\\/#primaryimage\"},\"image\":{\"@id\":\"https:\\\/\\\/gersonguelmann.com.br\\\/blog\\\/nos-da-familia-sfiha-esperamos-nao-precisar-fazer-isso\\\/#primaryimage\"},\"thumbnailUrl\":\"https:\\\/\\\/i0.wp.com\\\/gersonguelmann.com.br\\\/blog\\\/wp-content\\\/uploads\\\/2018\\\/05\\\/Moto-delivery.jpg?fit=800%2C800&ssl=1\",\"datePublished\":\"2018-05-25T23:03:16+00:00\",\"author\":{\"@id\":\"https:\\\/\\\/gersonguelmann.com.br\\\/blog\\\/#\\\/schema\\\/person\\\/87e70e2a786888082f941a482c90569e\"},\"inLanguage\":\"pt-BR\",\"potentialAction\":[{\"@type\":\"ReadAction\",\"target\":[\"https:\\\/\\\/gersonguelmann.com.br\\\/blog\\\/nos-da-familia-sfiha-esperamos-nao-precisar-fazer-isso\\\/\"]}]},{\"@type\":\"ImageObject\",\"inLanguage\":\"pt-BR\",\"@id\":\"https:\\\/\\\/gersonguelmann.com.br\\\/blog\\\/nos-da-familia-sfiha-esperamos-nao-precisar-fazer-isso\\\/#primaryimage\",\"url\":\"https:\\\/\\\/i0.wp.com\\\/gersonguelmann.com.br\\\/blog\\\/wp-content\\\/uploads\\\/2018\\\/05\\\/Moto-delivery.jpg?fit=800%2C800&ssl=1\",\"contentUrl\":\"https:\\\/\\\/i0.wp.com\\\/gersonguelmann.com.br\\\/blog\\\/wp-content\\\/uploads\\\/2018\\\/05\\\/Moto-delivery.jpg?fit=800%2C800&ssl=1\",\"width\":800,\"height\":800},{\"@type\":\"WebSite\",\"@id\":\"https:\\\/\\\/gersonguelmann.com.br\\\/blog\\\/#website\",\"url\":\"https:\\\/\\\/gersonguelmann.com.br\\\/blog\\\/\",\"name\":\"Blog do Guelmann\",\"description\":\"Pitadas da sabedoria e do humor judaicos, assuntos do momento e um pouco das hist\u00f3rias que vivi e testemunhei.\",\"potentialAction\":[{\"@type\":\"SearchAction\",\"target\":{\"@type\":\"EntryPoint\",\"urlTemplate\":\"https:\\\/\\\/gersonguelmann.com.br\\\/blog\\\/?s={search_term_string}\"},\"query-input\":{\"@type\":\"PropertyValueSpecification\",\"valueRequired\":true,\"valueName\":\"search_term_string\"}}],\"inLanguage\":\"pt-BR\"},{\"@type\":\"Person\",\"@id\":\"https:\\\/\\\/gersonguelmann.com.br\\\/blog\\\/#\\\/schema\\\/person\\\/87e70e2a786888082f941a482c90569e\",\"name\":\"Gerson Guelmann\",\"image\":{\"@type\":\"ImageObject\",\"inLanguage\":\"pt-BR\",\"@id\":\"https:\\\/\\\/i0.wp.com\\\/gersonguelmann.com.br\\\/blog\\\/wp-content\\\/uploads\\\/2021\\\/08\\\/BLOG.jpeg?fit=96%2C96&ssl=1\",\"url\":\"https:\\\/\\\/i0.wp.com\\\/gersonguelmann.com.br\\\/blog\\\/wp-content\\\/uploads\\\/2021\\\/08\\\/BLOG.jpeg?fit=96%2C96&ssl=1\",\"contentUrl\":\"https:\\\/\\\/i0.wp.com\\\/gersonguelmann.com.br\\\/blog\\\/wp-content\\\/uploads\\\/2021\\\/08\\\/BLOG.jpeg?fit=96%2C96&ssl=1\",\"caption\":\"Gerson Guelmann\"},\"description\":\"Pitadas da sabedoria e do humor judaicos, assuntos do momento e um pouco das hist\u00f3rias que vivi e testemunhei.\"}]}<\/script>\n<!-- \/ Yoast SEO plugin. -->","yoast_head_json":{"title":"N\u00f3s da Fam\u00edlia Sfiha Esperamos N\u00e3o Precisar Fazer Isso | Blog do Guelmann","robots":{"index":"index","follow":"follow","max-snippet":"max-snippet:-1","max-image-preview":"max-image-preview:large","max-video-preview":"max-video-preview:-1"},"canonical":"https:\/\/gersonguelmann.com.br\/blog\/nos-da-familia-sfiha-esperamos-nao-precisar-fazer-isso\/","og_locale":"pt_BR","og_type":"article","og_title":"N\u00f3s da Fam\u00edlia Sfiha Esperamos N\u00e3o Precisar Fazer Isso | Blog do Guelmann","og_description":"Olha a mat\u00e9ria que acabou de sair no UOL Economia: Sem combust\u00edvel, hamburgueria de Bras\u00edlia usa cavalos para fazer entregas Fabiana Marchezi Colabora\u00e7\u00e3o para o UOL 25\/05\/2018 &#8211; 19h18 Para driblar a falta de combust\u00edvel devido \u00e0 greve dos caminhoneiros, a 389 Burger, de Planaltina, no Distrito Federal, foi buscar um m\u00e9todo, digamos, org\u00e2nico para [&hellip;]","og_url":"https:\/\/gersonguelmann.com.br\/blog\/nos-da-familia-sfiha-esperamos-nao-precisar-fazer-isso\/","og_site_name":"Blog do Guelmann","article_published_time":"2018-05-25T23:03:16+00:00","og_image":[{"width":800,"height":800,"url":"https:\/\/i0.wp.com\/gersonguelmann.com.br\/blog\/wp-content\/uploads\/2018\/05\/Moto-delivery.jpg?fit=800%2C800&ssl=1","type":"image\/jpeg"}],"author":"Gerson Guelmann","twitter_card":"summary_large_image","twitter_misc":{"Escrito por":"Gerson Guelmann","Est. tempo de leitura":"2 minutos"},"schema":{"@context":"https:\/\/schema.org","@graph":[{"@type":"Article","@id":"https:\/\/gersonguelmann.com.br\/blog\/nos-da-familia-sfiha-esperamos-nao-precisar-fazer-isso\/#article","isPartOf":{"@id":"https:\/\/gersonguelmann.com.br\/blog\/nos-da-familia-sfiha-esperamos-nao-precisar-fazer-isso\/"},"author":{"name":"Gerson Guelmann","@id":"https:\/\/gersonguelmann.com.br\/blog\/#\/schema\/person\/87e70e2a786888082f941a482c90569e"},"headline":"N\u00f3s da Fam\u00edlia Sfiha Esperamos N\u00e3o Precisar Fazer Isso","datePublished":"2018-05-25T23:03:16+00:00","mainEntityOfPage":{"@id":"https:\/\/gersonguelmann.com.br\/blog\/nos-da-familia-sfiha-esperamos-nao-precisar-fazer-isso\/"},"wordCount":316,"commentCount":0,"image":{"@id":"https:\/\/gersonguelmann.com.br\/blog\/nos-da-familia-sfiha-esperamos-nao-precisar-fazer-isso\/#primaryimage"},"thumbnailUrl":"https:\/\/i0.wp.com\/gersonguelmann.com.br\/blog\/wp-content\/uploads\/2018\/05\/Moto-delivery.jpg?fit=800%2C800&ssl=1","inLanguage":"pt-BR","potentialAction":[{"@type":"CommentAction","name":"Comment","target":["https:\/\/gersonguelmann.com.br\/blog\/nos-da-familia-sfiha-esperamos-nao-precisar-fazer-isso\/#respond"]}]},{"@type":"WebPage","@id":"https:\/\/gersonguelmann.com.br\/blog\/nos-da-familia-sfiha-esperamos-nao-precisar-fazer-isso\/","url":"https:\/\/gersonguelmann.com.br\/blog\/nos-da-familia-sfiha-esperamos-nao-precisar-fazer-isso\/","name":"N\u00f3s da Fam\u00edlia Sfiha Esperamos N\u00e3o Precisar Fazer Isso | Blog do Guelmann","isPartOf":{"@id":"https:\/\/gersonguelmann.com.br\/blog\/#website"},"primaryImageOfPage":{"@id":"https:\/\/gersonguelmann.com.br\/blog\/nos-da-familia-sfiha-esperamos-nao-precisar-fazer-isso\/#primaryimage"},"image":{"@id":"https:\/\/gersonguelmann.com.br\/blog\/nos-da-familia-sfiha-esperamos-nao-precisar-fazer-isso\/#primaryimage"},"thumbnailUrl":"https:\/\/i0.wp.com\/gersonguelmann.com.br\/blog\/wp-content\/uploads\/2018\/05\/Moto-delivery.jpg?fit=800%2C800&ssl=1","datePublished":"2018-05-25T23:03:16+00:00","author":{"@id":"https:\/\/gersonguelmann.com.br\/blog\/#\/schema\/person\/87e70e2a786888082f941a482c90569e"},"inLanguage":"pt-BR","potentialAction":[{"@type":"ReadAction","target":["https:\/\/gersonguelmann.com.br\/blog\/nos-da-familia-sfiha-esperamos-nao-precisar-fazer-isso\/"]}]},{"@type":"ImageObject","inLanguage":"pt-BR","@id":"https:\/\/gersonguelmann.com.br\/blog\/nos-da-familia-sfiha-esperamos-nao-precisar-fazer-isso\/#primaryimage","url":"https:\/\/i0.wp.com\/gersonguelmann.com.br\/blog\/wp-content\/uploads\/2018\/05\/Moto-delivery.jpg?fit=800%2C800&ssl=1","contentUrl":"https:\/\/i0.wp.com\/gersonguelmann.com.br\/blog\/wp-content\/uploads\/2018\/05\/Moto-delivery.jpg?fit=800%2C800&ssl=1","width":800,"height":800},{"@type":"WebSite","@id":"https:\/\/gersonguelmann.com.br\/blog\/#website","url":"https:\/\/gersonguelmann.com.br\/blog\/","name":"Blog do Guelmann","description":"Pitadas da sabedoria e do humor judaicos, assuntos do momento e um pouco das hist\u00f3rias que vivi e testemunhei.","potentialAction":[{"@type":"SearchAction","target":{"@type":"EntryPoint","urlTemplate":"https:\/\/gersonguelmann.com.br\/blog\/?s={search_term_string}"},"query-input":{"@type":"PropertyValueSpecification","valueRequired":true,"valueName":"search_term_string"}}],"inLanguage":"pt-BR"},{"@type":"Person","@id":"https:\/\/gersonguelmann.com.br\/blog\/#\/schema\/person\/87e70e2a786888082f941a482c90569e","name":"Gerson Guelmann","image":{"@type":"ImageObject","inLanguage":"pt-BR","@id":"https:\/\/i0.wp.com\/gersonguelmann.com.br\/blog\/wp-content\/uploads\/2021\/08\/BLOG.jpeg?fit=96%2C96&ssl=1","url":"https:\/\/i0.wp.com\/gersonguelmann.com.br\/blog\/wp-content\/uploads\/2021\/08\/BLOG.jpeg?fit=96%2C96&ssl=1","contentUrl":"https:\/\/i0.wp.com\/gersonguelmann.com.br\/blog\/wp-content\/uploads\/2021\/08\/BLOG.jpeg?fit=96%2C96&ssl=1","caption":"Gerson Guelmann"},"description":"Pitadas da sabedoria e do humor judaicos, assuntos do momento e um pouco das hist\u00f3rias que vivi e testemunhei."}]}},"views":39,"jetpack_publicize_connections":[],"jetpack_featured_media_url":"https:\/\/i0.wp.com\/gersonguelmann.com.br\/blog\/wp-content\/uploads\/2018\/05\/Moto-delivery.jpg?fit=800%2C800&ssl=1","jetpack_shortlink":"https:\/\/wp.me\/p96e7O-3sK","jetpack-related-posts":[{"id":6715,"url":"https:\/\/gersonguelmann.com.br\/blog\/os-cavalos-de-rembrandt-no-shopping\/","url_meta":{"origin":13314,"position":0},"title":"Os Cavalos de Rembrandt no Shopping","author":"Gerson Guelmann","date":"9 de janeiro de 2018","format":false,"excerpt":"A Famosa \"Ronda Noturna\", uma das obras mais conhecidas de\u00a0Rembrandt e cujo nome original era \u201cA Companhia\u00a0de\u00a0Frans Banning Cocq\u00a0e Willem von\u00a0Ruytenburch\u201d, ficou 10 anos sem ser exposta, per\u00edodo em que estava sendo restaurada. O nome original do quadro era \"A Companhia\u00a0de\u00a0Frans Banning Cocq\u00a0e Willem von\u00a0Ruytenburch\". Em 2013, quando ele voltou\u2026","rel":"","context":"Em &quot;Sem categoria&quot;","block_context":{"text":"Sem categoria","link":"https:\/\/gersonguelmann.com.br\/blog\/category\/sem-categoria\/"},"img":{"alt_text":"","src":"https:\/\/i0.wp.com\/gersonguelmann.com.br\/blog\/wp-content\/uploads\/2018\/01\/Quadro.jpg?resize=350%2C200&ssl=1","width":350,"height":200},"classes":[]},{"id":13466,"url":"https:\/\/gersonguelmann.com.br\/blog\/contra-a-crise-de-combustivel-o-triciclo-familiar\/","url_meta":{"origin":13314,"position":1},"title":"Contra a Crise De Combust\u00edvel, o Triciclo Familiar","author":"Gerson Guelmann","date":"29 de maio de 2018","format":false,"excerpt":"Em tempos de falta de combust\u00edvel uma boa op\u00e7\u00e3o, sen\u00e3o para o transporte, pelo menos para o lazer da fam\u00edlia, \u00e9 este triciclo. As especifica\u00e7\u00f5es do fabricante dizem que ele permite \"dois adultos pedalarem lado a lado ao mesmo tempo ou de forma independente, com dire\u00e7\u00e3o localizada no lado esquerdo\u2026","rel":"","context":"Em &quot;Sem categoria&quot;","block_context":{"text":"Sem categoria","link":"https:\/\/gersonguelmann.com.br\/blog\/category\/sem-categoria\/"},"img":{"alt_text":"","src":"https:\/\/i0.wp.com\/gersonguelmann.com.br\/blog\/wp-content\/uploads\/2018\/05\/triciclo-familia-laranja-500x500.jpg?fit=500%2C500&ssl=1&resize=350%2C200","width":350,"height":200},"classes":[]},{"id":994,"url":"https:\/\/gersonguelmann.com.br\/blog\/o-rabino-e-o-milagre-da-gasolina\/","url_meta":{"origin":13314,"position":2},"title":"O Rabino e o Milagre da Gasolina","author":"Gerson Guelmann","date":"26 de novembro de 2020","format":false,"excerpt":"O Rabino encarregado do atendimento dos idosos em um acolhimento da comunidade judaica estava a caminho do asilo quando o carro parou. Olhou o painel e viu que estava sem gasolina. Por sorte estava perto de um posto, ent\u00e3o caminhou at\u00e9 l\u00e1 para emprestar um gal\u00e3o com combust\u00edvel suficiente para\u2026","rel":"","context":"Em &quot;Sem categoria&quot;","block_context":{"text":"Sem categoria","link":"https:\/\/gersonguelmann.com.br\/blog\/category\/sem-categoria\/"},"img":{"alt_text":"","src":"https:\/\/i0.wp.com\/gersonguelmann.com.br\/blog\/wp-content\/uploads\/2017\/08\/Urina.jpg?resize=350%2C200&ssl=1","width":350,"height":200},"classes":[]},{"id":13438,"url":"https:\/\/gersonguelmann.com.br\/blog\/cuidado-whatsapp-sobre-combustivel-pode-roubar-senhas\/","url_meta":{"origin":13314,"position":3},"title":"Cuidado: WhatsApp Sobre Combust\u00edvel Pode Roubar Senhas","author":"Gerson Guelmann","date":"29 de maio de 2018","format":false,"excerpt":"Alerta da publica\u00e7\u00e3o Tecmundo, especializada em tecnologia: N\u00e3o clique! Mensagem no WhatsApp que mostra postos com combust\u00edvel \u00e9 falsa POR\u00a0FELIPE PAY\u00c3O\u00a0|\u00a0@felipepayao EM\u00a0SEGURAN\u00c7A 28 MAI 2018 \u2014 16H33 Os cibercriminosos brasileiros j\u00e1 surfam na onda da greve dos caminhoneiros. Utilizando uma combina\u00e7\u00e3o de tema e timming, os criminosos est\u00e3o enviando links\u2026","rel":"","context":"Em &quot;Sem categoria&quot;","block_context":{"text":"Sem categoria","link":"https:\/\/gersonguelmann.com.br\/blog\/category\/sem-categoria\/"},"img":{"alt_text":"","src":"https:\/\/i0.wp.com\/gersonguelmann.com.br\/blog\/wp-content\/uploads\/2018\/05\/1-18-300x165.jpg?resize=350%2C200&ssl=1","width":350,"height":200},"classes":[]},{"id":14128,"url":"https:\/\/gersonguelmann.com.br\/blog\/em-brasilia-reciclagem-de-coroas-de-cemiterio-usadas\/","url_meta":{"origin":13314,"position":4},"title":"Em Brasilia, Reciclagem de Coroas de Cemit\u00e9rio","author":"Gerson Guelmann","date":"19 de junho de 2018","format":false,"excerpt":"N\u00e3o se pode dizer que \u00e9 um sinal da crise ou demonstra\u00e7\u00e3o de criatividade, porque \u00e9 mesmo safadeza, mas vale o registro pelo lado pitoresco. Leia a mat\u00e9ria publicada h\u00e1 pouco pelo Uol Not\u00edcias: Homem que recolhia e vendia coroas de flores em cemit\u00e9rio \u00e9 preso em flagrante no DF\u2026","rel":"","context":"Em &quot;Sem categoria&quot;","block_context":{"text":"Sem categoria","link":"https:\/\/gersonguelmann.com.br\/blog\/category\/sem-categoria\/"},"img":{"alt_text":"","src":"https:\/\/i0.wp.com\/gersonguelmann.com.br\/blog\/wp-content\/uploads\/2018\/06\/grave-349068_960_720.jpg?fit=480%2C720&ssl=1&resize=350%2C200","width":350,"height":200},"classes":[]},{"id":13618,"url":"https:\/\/gersonguelmann.com.br\/blog\/homem-condenado-por-infectar-mulheres-com-hiv-aqui-no-brasil\/","url_meta":{"origin":13314,"position":5},"title":"Homem Condenado Por Infectar Mulheres Com HIV, Aqui no Brasil","author":"Gerson Guelmann","date":"3 de junho de 2018","format":false,"excerpt":"Mat\u00e9ria publicada no site UOL Not\u00edcias: ''Ele dizia que nunca seria preso'', diz v\u00edtima de homem condenado por infectar mulheres com HIV Juliana Carpanez Do UOL, em S\u00e3o Paulo 02\/06\/2018 - 04h01 \"Estou satisfeita com a Justi\u00e7a, porque ele estava certo de que isso [a condena\u00e7\u00e3o \u00e0 pris\u00e3o] nunca iria\u2026","rel":"","context":"Em &quot;Sem categoria&quot;","block_context":{"text":"Sem categoria","link":"https:\/\/gersonguelmann.com.br\/blog\/category\/sem-categoria\/"},"img":{"alt_text":"","src":"https:\/\/i0.wp.com\/gersonguelmann.com.br\/blog\/wp-content\/uploads\/2018\/06\/HIV.jpg?fit=960%2C640&ssl=1&resize=350%2C200","width":350,"height":200,"srcset":"https:\/\/i0.wp.com\/gersonguelmann.com.br\/blog\/wp-content\/uploads\/2018\/06\/HIV.jpg?fit=960%2C640&ssl=1&resize=350%2C200 1x, https:\/\/i0.wp.com\/gersonguelmann.com.br\/blog\/wp-content\/uploads\/2018\/06\/HIV.jpg?fit=960%2C640&ssl=1&resize=525%2C300 1.5x, https:\/\/i0.wp.com\/gersonguelmann.com.br\/blog\/wp-content\/uploads\/2018\/06\/HIV.jpg?fit=960%2C640&ssl=1&resize=700%2C400 2x"},"classes":[]}],"jetpack_sharing_enabled":true,"post_mailing_queue_ids":[],"_links":{"self":[{"href":"https:\/\/gersonguelmann.com.br\/blog\/wp-json\/wp\/v2\/posts\/13314","targetHints":{"allow":["GET"]}}],"collection":[{"href":"https:\/\/gersonguelmann.com.br\/blog\/wp-json\/wp\/v2\/posts"}],"about":[{"href":"https:\/\/gersonguelmann.com.br\/blog\/wp-json\/wp\/v2\/types\/post"}],"author":[{"embeddable":true,"href":"https:\/\/gersonguelmann.com.br\/blog\/wp-json\/wp\/v2\/users\/5"}],"replies":[{"embeddable":true,"href":"https:\/\/gersonguelmann.com.br\/blog\/wp-json\/wp\/v2\/comments?post=13314"}],"version-history":[{"count":0,"href":"https:\/\/gersonguelmann.com.br\/blog\/wp-json\/wp\/v2\/posts\/13314\/revisions"}],"wp:featuredmedia":[{"embeddable":true,"href":"https:\/\/gersonguelmann.com.br\/blog\/wp-json\/wp\/v2\/media\/13315"}],"wp:attachment":[{"href":"https:\/\/gersonguelmann.com.br\/blog\/wp-json\/wp\/v2\/media?parent=13314"}],"wp:term":[{"taxonomy":"category","embeddable":true,"href":"https:\/\/gersonguelmann.com.br\/blog\/wp-json\/wp\/v2\/categories?post=13314"},{"taxonomy":"post_tag","embeddable":true,"href":"https:\/\/gersonguelmann.com.br\/blog\/wp-json\/wp\/v2\/tags?post=13314"}],"curies":[{"name":"wp","href":"https:\/\/api.w.org\/{rel}","templated":true}]}}