    {"id":13317,"date":"2018-05-25T21:07:41","date_gmt":"2018-05-26T00:07:41","guid":{"rendered":"https:\/\/gersonguelmann.com.br\/blog\/?p=13317"},"modified":"2018-05-25T21:07:41","modified_gmt":"2018-05-26T00:07:41","slug":"delacao-de-palocci-afundara-o-pt","status":"publish","type":"post","link":"https:\/\/gersonguelmann.com.br\/blog\/delacao-de-palocci-afundara-o-pt\/","title":{"rendered":"Dela\u00e7\u00e3o de Palocci Afundar\u00e1 o PT"},"content":{"rendered":"<p><span style=\"font-family: georgia, palatino, serif; font-size: 18pt; color: #000000;\">Da Isto\u00c9, publicada h\u00e1 pouco:<\/span><\/p>\n<p class=\"tags-materia\"><span style=\"color: #ff0000;\"><strong>BRASIL<\/strong><\/span><\/p>\n<h1>Palocci afunda o PT<\/h1>\n<h2><span style=\"color: #808080;\">Revela\u00e7\u00f5es do ex-ministro Ant\u00f4nio Palocci, feitas em sua dela\u00e7\u00e3o premiada, explodem uma nova bomba no PT e aniquilam os ex-presidentes Lula e Dilma, al\u00e9m de Gleisi Hoffmann. Ele revela em detalhes a trilha do dinheiro da propina at\u00e9 os petistas<\/span><\/h2>\n<p class=\"author\"><span style=\"color: #ff0000;\"><strong>Germano Oliveira e T\u00e1bata Viapiana<\/strong><\/span><\/p>\n<p><time datetime=\"2018-05-25 18:00\">25\/05\/18 &#8211; 18h00<\/time><\/p>\n<p><img data-recalc-dims=\"1\" fetchpriority=\"high\" decoding=\"async\" data-attachment-id=\"13318\" data-permalink=\"https:\/\/gersonguelmann.com.br\/blog\/delacao-de-palocci-afundara-o-pt\/1-22\/\" data-orig-file=\"https:\/\/i0.wp.com\/gersonguelmann.com.br\/blog\/wp-content\/uploads\/2018\/05\/1-14.jpg?fit=418%2C235&amp;ssl=1\" data-orig-size=\"418,235\" data-comments-opened=\"1\" data-image-meta=\"{&quot;aperture&quot;:&quot;0&quot;,&quot;credit&quot;:&quot;&quot;,&quot;camera&quot;:&quot;&quot;,&quot;caption&quot;:&quot;&quot;,&quot;created_timestamp&quot;:&quot;0&quot;,&quot;copyright&quot;:&quot;&quot;,&quot;focal_length&quot;:&quot;0&quot;,&quot;iso&quot;:&quot;0&quot;,&quot;shutter_speed&quot;:&quot;0&quot;,&quot;title&quot;:&quot;&quot;,&quot;orientation&quot;:&quot;0&quot;}\" data-image-title=\"1\" data-image-description=\"\" data-image-caption=\"\" data-medium-file=\"https:\/\/i0.wp.com\/gersonguelmann.com.br\/blog\/wp-content\/uploads\/2018\/05\/1-14.jpg?fit=300%2C169&amp;ssl=1\" data-large-file=\"https:\/\/i0.wp.com\/gersonguelmann.com.br\/blog\/wp-content\/uploads\/2018\/05\/1-14.jpg?fit=418%2C235&amp;ssl=1\" class=\"size-medium wp-image-13318 aligncenter\" src=\"https:\/\/i0.wp.com\/gersonguelmann.com.br\/blog\/wp-content\/uploads\/2018\/05\/1-14.jpg?resize=300%2C169&#038;ssl=1\" alt=\"\" width=\"300\" height=\"169\" srcset=\"https:\/\/i0.wp.com\/gersonguelmann.com.br\/blog\/wp-content\/uploads\/2018\/05\/1-14.jpg?resize=300%2C169&amp;ssl=1 300w, https:\/\/i0.wp.com\/gersonguelmann.com.br\/blog\/wp-content\/uploads\/2018\/05\/1-14.jpg?w=418&amp;ssl=1 418w\" sizes=\"(max-width: 300px) 100vw, 300px\" \/><\/p>\n<p><span style=\"font-size: 14pt;\">Na primeira vez em que ficou frente a frente com o juiz Sergio Moro, em abril de 2017, o ex-ministro e ex-todo-poderoso do PT Ant\u00f4nio Palocci j\u00e1 completava sete meses na cadeia. Foi quando resolveu dar o primeiro passo em busca de um acordo de dela\u00e7\u00e3o premiada. Ao final de seu interrogat\u00f3rio como r\u00e9u da Lava Jato, Palocci mandou um recado: \u201cEu tenho informa\u00e7\u00f5es para mais de um ano de Lava Jato e entrego tudo: opera\u00e7\u00f5es realizadas, nomes, endere\u00e7os\u201d. Desde ent\u00e3o, Palocci foi condenado a 12 anos de pris\u00e3o, denunciado mais tr\u00eas vezes pelo Minist\u00e9rio P\u00fablico Federal e teve sucessivos pedidos de habeas corpus negados pela Justi\u00e7a. Agora, Palocci j\u00e1 est\u00e1 preso h\u00e1 20 meses. A perspectiva de n\u00e3o sair t\u00e3o cedo da cadeia levou-o ao desespero: emagreceu dez quilos e mergulhou em depress\u00e3o profunda. Por isso, resolveu escancarar seu explosivo ba\u00fa de confid\u00eancias \u00e0 Pol\u00edcia Federal. ISTO\u00c9 apurou que a dela\u00e7\u00e3o cont\u00e9m elementos suficientes para dinamitar o PT, partido que ele ajudou a fundar. Suas revela\u00e7\u00f5es, feitas em longos depoimentos \u00e0 PF em abril, envolvem principalmente os ex-presidentes Lula e Dilma, a quem acusa de pr\u00e1ticas de corrup\u00e7\u00e3o estratosf\u00e9ricas. \u201cA dela\u00e7\u00e3o de Palocci destr\u00f3i o PT\u201d, diz um delegado da PF que participou das oitivas do ex-ministro. O roteiro est\u00e1 conclu\u00eddo e deve servir de base, nas pr\u00f3ximas semanas, para novas condena\u00e7\u00f5es dos protagonistas do esquema. Como coordenador das campanhas que elegeram Lula e Dilma, Palocci detalhou \u00e0 PF como eles usaram e abusaram de recursos das empreiteiras, desviados da Petrobras, para financiar as milion\u00e1rias campanhas eleitorais e tamb\u00e9m utilizar o dinheiro sujo para o enriquecimento pessoal. E tudo armado dentro do gabinete presidencial no Pal\u00e1cio do Planalto.<\/span><\/p>\n<p><span style=\"font-size: 14pt;\"><strong>A rota da propina<\/strong><\/span><\/p>\n<p><span style=\"font-size: 14pt;\">No depoimento, Palocci indicou a rota da propina, n\u00e3o se limitando a revelar como funcionava o esquema de corrup\u00e7\u00e3o. Ele citou valores, as empresas que pagavam as propinas e explicou como o dinheiro chegava \u00e0s m\u00e3os dos petistas. Detalhadamente. Forneceu at\u00e9 o nome do motorista que fazia o transporte do dinheiro e as senhas que Lula usava na hora de se referir ao pagamento da propina. Como n\u00e3o dirigia seu pr\u00f3prio carro, Palocci mandava seu motorista particular levar os valores. Na dela\u00e7\u00e3o, o ex-ministro apresentou datas, hor\u00e1rios e locais onde o dinheiro era entregue. Um pacote chegou a ser deixado na sede do Instituto Lula em S\u00e3o Paulo por \u201cBrani\u201d ou Branislav Kontic, assessor direto do ex-ministro, num final de semana, fora do hor\u00e1rio do expediente. No total, o ex-presidente, segundo Palocci, recebeu mais de R$ 10 milh\u00f5es em dinheiro vivo das m\u00e3os de Brani. No apagar das luzes de 2010, quando Lula estava na imin\u00eancia de deixar o Pal\u00e1cio do Planalto, o assessor transportou v\u00e1rias remessas de dinheiro vivo ao petista, em quantias que somavam R$ 50 mil cada pacote. Lula demonstrava discri\u00e7\u00e3o. \u00c0s vezes, mandava deixar o malote num local previamente combinado. Em outras ocasi\u00f5es, escalava Paulo Okamotto para o servi\u00e7o sujo.<\/span><\/p>\n<p style=\"text-align: center;\"><img data-recalc-dims=\"1\" decoding=\"async\" data-attachment-id=\"13319\" data-permalink=\"https:\/\/gersonguelmann.com.br\/blog\/delacao-de-palocci-afundara-o-pt\/2-19\/\" data-orig-file=\"https:\/\/i0.wp.com\/gersonguelmann.com.br\/blog\/wp-content\/uploads\/2018\/05\/2-10.jpg?fit=1300%2C294&amp;ssl=1\" data-orig-size=\"1300,294\" data-comments-opened=\"1\" data-image-meta=\"{&quot;aperture&quot;:&quot;0&quot;,&quot;credit&quot;:&quot;&quot;,&quot;camera&quot;:&quot;&quot;,&quot;caption&quot;:&quot;&quot;,&quot;created_timestamp&quot;:&quot;0&quot;,&quot;copyright&quot;:&quot;&quot;,&quot;focal_length&quot;:&quot;0&quot;,&quot;iso&quot;:&quot;0&quot;,&quot;shutter_speed&quot;:&quot;0&quot;,&quot;title&quot;:&quot;&quot;,&quot;orientation&quot;:&quot;0&quot;}\" data-image-title=\"2\" data-image-description=\"\" data-image-caption=\"\" data-medium-file=\"https:\/\/i0.wp.com\/gersonguelmann.com.br\/blog\/wp-content\/uploads\/2018\/05\/2-10.jpg?fit=300%2C68&amp;ssl=1\" data-large-file=\"https:\/\/i0.wp.com\/gersonguelmann.com.br\/blog\/wp-content\/uploads\/2018\/05\/2-10.jpg?fit=640%2C145&amp;ssl=1\" class=\"alignnone size-medium wp-image-13319\" src=\"https:\/\/i0.wp.com\/gersonguelmann.com.br\/blog\/wp-content\/uploads\/2018\/05\/2-10.jpg?resize=300%2C68&#038;ssl=1\" alt=\"\" width=\"300\" height=\"68\" srcset=\"https:\/\/i0.wp.com\/gersonguelmann.com.br\/blog\/wp-content\/uploads\/2018\/05\/2-10.jpg?resize=300%2C68&amp;ssl=1 300w, https:\/\/i0.wp.com\/gersonguelmann.com.br\/blog\/wp-content\/uploads\/2018\/05\/2-10.jpg?resize=768%2C174&amp;ssl=1 768w, https:\/\/i0.wp.com\/gersonguelmann.com.br\/blog\/wp-content\/uploads\/2018\/05\/2-10.jpg?resize=1024%2C232&amp;ssl=1 1024w, https:\/\/i0.wp.com\/gersonguelmann.com.br\/blog\/wp-content\/uploads\/2018\/05\/2-10.jpg?w=1300&amp;ssl=1 1300w\" sizes=\"(max-width: 300px) 100vw, 300px\" \/><\/p>\n<p><span style=\"font-size: 14pt;\"><strong>As necessidades de lula<\/strong><\/span><\/p>\n<p><span style=\"font-size: 14pt;\">Esse dinheiro, de acordo com o depoimento de Palocci, servia para o ex-presidente custear suas pr\u00f3prias despesas. Todos os valores milion\u00e1rios estavam \u201cdepositados\u201d na conta \u201cAmigo\u201d, mantida no departamento de propinas da Odebrecht. A conta chegou a ter R$ 40 milh\u00f5es para atender as necessidades do ex-presidente. Os valores s\u00f3 podiam ser movimentados com autoriza\u00e7\u00e3o de Palocci, o \u201citaliano\u201d. O dinheiro era uma contrapartida \u00e0 facilita\u00e7\u00e3o das opera\u00e7\u00f5es da Odebrecht no governo Dilma, com quem Marcelo n\u00e3o tinha boa rela\u00e7\u00e3o. Na dela\u00e7\u00e3o, Palocci conta que, entre o final de 2013 e in\u00edcio de 2014, sacou da conta \u201cAmigo\u201dR$ 4 milh\u00f5es para cobrir um rombo nas contas do Instituto Lula. Dessa vez, o ex-presidente designou Okamotto para cumprir a tarefa. N\u00e3o teria sido a primeira nem a \u00faltima. As express\u00f5es \u201cresolve com o Okamotto\u201d ou \u201co Okamotto vai lhe procurar\u201d eram a senha para o recebimento da propina.\u201cO Paulo Okamotto (presidente do instituto) me disse que tinha um buraco nas contas e me pediu ajuda para resolver\u201d, explicou Palocci. Okamotto falava em nome de Lula. Autorizado por ele. Sempre.<\/span><\/p>\n<p style=\"text-align: center;\"><img data-recalc-dims=\"1\" decoding=\"async\" data-attachment-id=\"13320\" data-permalink=\"https:\/\/gersonguelmann.com.br\/blog\/delacao-de-palocci-afundara-o-pt\/3-13\/\" data-orig-file=\"https:\/\/i0.wp.com\/gersonguelmann.com.br\/blog\/wp-content\/uploads\/2018\/05\/3-8.jpg?fit=1330%2C1682&amp;ssl=1\" data-orig-size=\"1330,1682\" data-comments-opened=\"1\" data-image-meta=\"{&quot;aperture&quot;:&quot;0&quot;,&quot;credit&quot;:&quot;&quot;,&quot;camera&quot;:&quot;&quot;,&quot;caption&quot;:&quot;&quot;,&quot;created_timestamp&quot;:&quot;0&quot;,&quot;copyright&quot;:&quot;&quot;,&quot;focal_length&quot;:&quot;0&quot;,&quot;iso&quot;:&quot;0&quot;,&quot;shutter_speed&quot;:&quot;0&quot;,&quot;title&quot;:&quot;&quot;,&quot;orientation&quot;:&quot;0&quot;}\" data-image-title=\"3\" data-image-description=\"\" data-image-caption=\"\" data-medium-file=\"https:\/\/i0.wp.com\/gersonguelmann.com.br\/blog\/wp-content\/uploads\/2018\/05\/3-8.jpg?fit=237%2C300&amp;ssl=1\" data-large-file=\"https:\/\/i0.wp.com\/gersonguelmann.com.br\/blog\/wp-content\/uploads\/2018\/05\/3-8.jpg?fit=640%2C809&amp;ssl=1\" class=\"alignnone size-medium wp-image-13320\" src=\"https:\/\/i0.wp.com\/gersonguelmann.com.br\/blog\/wp-content\/uploads\/2018\/05\/3-8.jpg?resize=237%2C300&#038;ssl=1\" alt=\"\" width=\"237\" height=\"300\" srcset=\"https:\/\/i0.wp.com\/gersonguelmann.com.br\/blog\/wp-content\/uploads\/2018\/05\/3-8.jpg?resize=237%2C300&amp;ssl=1 237w, https:\/\/i0.wp.com\/gersonguelmann.com.br\/blog\/wp-content\/uploads\/2018\/05\/3-8.jpg?resize=768%2C971&amp;ssl=1 768w, https:\/\/i0.wp.com\/gersonguelmann.com.br\/blog\/wp-content\/uploads\/2018\/05\/3-8.jpg?resize=810%2C1024&amp;ssl=1 810w, https:\/\/i0.wp.com\/gersonguelmann.com.br\/blog\/wp-content\/uploads\/2018\/05\/3-8.jpg?w=1330&amp;ssl=1 1330w, https:\/\/i0.wp.com\/gersonguelmann.com.br\/blog\/wp-content\/uploads\/2018\/05\/3-8.jpg?w=1280&amp;ssl=1 1280w\" sizes=\"(max-width: 237px) 100vw, 237px\" \/><\/p>\n<p><span style=\"font-size: 14pt;\">Al\u00e9m desses valores, o ex-ministro revelou que Lula fechou com o patriarca da empreiteira, Em\u00edlio Odebrecht, um \u201cpacote de propinas\u201d no valor de R$ 300 milh\u00f5es para que o ex-presidente e Dilma utilizassem sempre que fosse preciso. O dinheiro foi usado nas campanhas petistas, sobretudo na de 2014. Os recursos eram usados ainda para pagar palestras fict\u00edcias de Lula. Sua empresa de palestras, a LILS, recebeu pelo menos R$ 30 milh\u00f5es de empreiteiras a t\u00edtulo de confer\u00eancias n\u00e3o realizadas.<\/span><br \/>\n<span style=\"font-size: 14pt;\">Somente durante a cria\u00e7\u00e3o da Sete Brasil, em 2010, foram desviados R$ 153 milh\u00f5es, dos quais 50% foram para atender Lula. O esquema foi discutido dentro do Pal\u00e1cio do Planalto, no gabinete presidencial, de acordo com a dela\u00e7\u00e3o de Palocci. A Sete Brasil foi constitu\u00edda para produzir sondas de explora\u00e7\u00e3o de petr\u00f3leo para a Petrobras, com a participa\u00e7\u00e3o da Odebrecht, OAS e UTC. Somente seis sondas da Sete Brasil custariam US$ 4,8 bilh\u00f5es, com o pagamento de 1% dos contratos em propinas, inclusive para o bolso de Lula, identificado nessa opera\u00e7\u00e3o como \u201csapo barbudo\u201d por Pedro Barusco, ex-gerente da Petrobras e dirigente da Sete Brasil. J\u00e1 tornada p\u00fablica, a chamada opera\u00e7\u00e3o Kadafi foi confirmada por Palocci, segundo apurou ISTO\u00c9. O ex-ministro ratificou que o l\u00edder l\u00edbio Muamar Kadafi, morto em 2011, enviou ilegalmente R$ 1 milh\u00e3o para a campanha de Lula em 2002.<\/span><\/p>\n<p><span style=\"color: #ff0000;\"><strong><span style=\"font-size: 14pt;\">Motorista de Palocci levou pacotes de dinheiro vivo ao Instituto Lula para as despesas pessoais do\u00a0ex-presidente. Mais de R$ 10 milh\u00f5es<\/span><\/strong><\/span><\/p>\n<p><span style=\"font-size: 14pt;\">A ex-presidente Dilma mereceu um cap\u00edtulo especial na mem\u00f3ria infal\u00edvel de Palocci. Depois de Lula, a ex-presidente deposta foi a mais implicada na dela\u00e7\u00e3o. O ex-ministro confessou ter participado de um esquema que escoou R$ 50 milh\u00f5es da Braskem (empresa do grupo Odebrecht), no processo de renegocia\u00e7\u00e3o de d\u00edvidas com a Uni\u00e3o. A propina foi acertada em 2009, num neg\u00f3cio envolvendo o ent\u00e3o presidente Lula e o ex-ministro da Fazenda, Guido Mantega, nos gabinetes palacianos. O dinheiro foi usado na campanha que elegeu Dilma em 2010. Palocci disse que o acerto foi detalhado num encontro, com a presen\u00e7a de Dilma, no qual Lula teria falado abertamente sobre a arrecada\u00e7\u00e3o de valores il\u00edcitos para a campanha da sua sucessora. Dilma n\u00e3o impunha resist\u00eancia. Agia naturalmente. Dava aval aos il\u00edcitos. Lula tamb\u00e9m pediu propinas do pr\u00e9-sal para campanha de Dilma, segundo Palocci \u201cEle (Lula) disse: \u2018o Palocci est\u00e1 aqui, Gabrielli, porque ele vai lhe acompanhar nesse projeto, porque ele vai ter total sucesso e para que garanta que uma parcela desses projetos financie a campanha da Dilma\u2019.<\/span><br \/>\n<span style=\"font-size: 14pt;\">Outro \u201cprojeto\u201d fora montado para irrigar propina para a atual presidente do PT, senadora Gleisi Hoffmann (PT), segundo a dela\u00e7\u00e3o de Palocci. De acordo com o ex-ministro, o PT havia recebido R$ 50 milh\u00f5es para ajudar na anula\u00e7\u00e3o das provas da Opera\u00e7\u00e3o Castelo de Areia no Superior Tribunal de Justi\u00e7a. O dinheiro foi repassado ao partido pela empreiteira Camargo Corr\u00eaa, a principal encrencada na opera\u00e7\u00e3o. Parte da propina foi destinada \u00e0 campanha da senadora Gleisi.<\/span><\/p>\n<p><span style=\"font-size: 14pt;\">Al\u00e9m da dela\u00e7\u00e3o, para obter a redu\u00e7\u00e3o de pena e deixar a cadeia, Palocci se<\/span> <span style=\"font-size: 14pt;\">compromete a devolver pelo menos R$ 50 milh\u00f5es dos R$ 81 milh\u00f5es que sua empresa, a Projeto, teria recebido irregularmente entre 2007 e 2015. Nesse per\u00edodo, a empresa faturou mais de R$ 200 milh\u00f5es junto a 47 clientes. A dela\u00e7\u00e3o foi acertada com os delegados da PF sem qualquer participa\u00e7\u00e3o do Minist\u00e9rio P\u00fablico Federal, o que provocou uma crise entre as institui\u00e7\u00f5es. O MPF considerou os relatos de Palocci insuficientes. A PF, contudo, considerou que a dela\u00e7\u00e3o estava estruturada em fatos consistentes, com provas substanciais e caminhos percorridos pelo dinheiro da propina.<\/span><ins class=\"adsbygoogle\" data-ad-client=\"ca-pub-4663753467999594\" data-ad-slot=\"2150814330\" data-ad-format=\"auto\" data-adsbygoogle-status=\"done\"><ins id=\"aswift_0_expand\"><ins id=\"aswift_0_anchor\"><\/ins><\/ins><\/ins><\/p>\n<p><span style=\"font-size: 14pt;\"><strong>Relaxantes<\/strong><\/span><\/p>\n<p><span style=\"font-size: 14pt;\">Agora, o destino de Palocci est\u00e1 nas m\u00e3os do desembargador Gebran Neto, que est\u00e1 prestes a dizer se homologa ou n\u00e3o a dela\u00e7\u00e3o. Antes de tomar uma decis\u00e3o, o desembargador submeteu o acordo ao MPF de Porto Alegre, sob a coordena\u00e7\u00e3o da procuradora Maria Em\u00edlia Corr\u00eaa Dick. O prazo para o MPF emitir seu parecer terminou na quinta-feira 24. A perspectiva de liberdade fez Palocci melhorar o humor. Foi autorizado pelos agentes da PF a manter um pequeno jardim numa das floreiras perto de sua cela, onde h\u00e1 sol e chuva. L\u00e1, o ex-ministro cultiva plantas como lavanda e alecrim, ess\u00eancias que exalam um aroma agrad\u00e1vel e possuem subst\u00e2ncias relaxantes. \u00c9 o que muita gente do PT vai precisar ingerir, depois que a dela\u00e7\u00e3o de Palocci vir \u00e0 tona.<\/span><\/p>\n<p><span style=\"font-size: 14pt;\"><strong><span style=\"color: #ff0000;\">\u201cOkamotto vai lhe procurar\u201dera uma\u00a0das senhas usadas\u00a0por Lula para combinar\u00a0o recebimento\u00a0da propina<\/span><\/strong><ins class=\"adsbygoogle\" data-ad-client=\"ca-pub-4663753467999594\" data-ad-slot=\"2150814330\" data-ad-format=\"auto\" data-adsbygoogle-status=\"done\"><ins id=\"aswift_1_expand\"><ins id=\"aswift_1_anchor\"><\/ins><\/ins><\/ins><\/span><\/p>\n<p><span style=\"font-size: 14pt;\"><strong>As malas de diamantes de Cabral<\/strong><\/span><\/p>\n<p><span style=\"color: #808080;\"><strong>PF rastreia dinheiro desviado por S\u00e9rgio Cabral e encontra ind\u00edcios de que a propina foi usada para comprar a preciosa pedra, depositada hoje num banco em Nova York. Palocci sabia de esquema<\/strong><\/span><\/p>\n<p style=\"text-align: center;\"><img data-recalc-dims=\"1\" loading=\"lazy\" decoding=\"async\" data-attachment-id=\"13321\" data-permalink=\"https:\/\/gersonguelmann.com.br\/blog\/delacao-de-palocci-afundara-o-pt\/4-10\/\" data-orig-file=\"https:\/\/i0.wp.com\/gersonguelmann.com.br\/blog\/wp-content\/uploads\/2018\/05\/4-7.jpg?fit=1024%2C576&amp;ssl=1\" data-orig-size=\"1024,576\" data-comments-opened=\"1\" data-image-meta=\"{&quot;aperture&quot;:&quot;0&quot;,&quot;credit&quot;:&quot;&quot;,&quot;camera&quot;:&quot;&quot;,&quot;caption&quot;:&quot;&quot;,&quot;created_timestamp&quot;:&quot;0&quot;,&quot;copyright&quot;:&quot;&quot;,&quot;focal_length&quot;:&quot;0&quot;,&quot;iso&quot;:&quot;0&quot;,&quot;shutter_speed&quot;:&quot;0&quot;,&quot;title&quot;:&quot;&quot;,&quot;orientation&quot;:&quot;0&quot;}\" data-image-title=\"4\" data-image-description=\"\" data-image-caption=\"\" data-medium-file=\"https:\/\/i0.wp.com\/gersonguelmann.com.br\/blog\/wp-content\/uploads\/2018\/05\/4-7.jpg?fit=300%2C169&amp;ssl=1\" data-large-file=\"https:\/\/i0.wp.com\/gersonguelmann.com.br\/blog\/wp-content\/uploads\/2018\/05\/4-7.jpg?fit=640%2C360&amp;ssl=1\" class=\"alignnone size-medium wp-image-13321\" src=\"https:\/\/i0.wp.com\/gersonguelmann.com.br\/blog\/wp-content\/uploads\/2018\/05\/4-7.jpg?resize=300%2C169&#038;ssl=1\" alt=\"\" width=\"300\" height=\"169\" srcset=\"https:\/\/i0.wp.com\/gersonguelmann.com.br\/blog\/wp-content\/uploads\/2018\/05\/4-7.jpg?resize=300%2C169&amp;ssl=1 300w, https:\/\/i0.wp.com\/gersonguelmann.com.br\/blog\/wp-content\/uploads\/2018\/05\/4-7.jpg?resize=768%2C432&amp;ssl=1 768w, https:\/\/i0.wp.com\/gersonguelmann.com.br\/blog\/wp-content\/uploads\/2018\/05\/4-7.jpg?w=1024&amp;ssl=1 1024w\" sizes=\"(max-width: 300px) 100vw, 300px\" \/><\/p>\n<p style=\"text-align: center;\"><strong>PEDRA SOBRE PEDRA<\/strong>\u00a0Palocci teria conhecimento das malas preciosas de Cabral e pode contar tudo ao MP (Cr\u00e9dito:Divulga\u00e7\u00e3o)<\/p>\n<p><span style=\"font-size: 14pt;\">Ao contr\u00e1rio dos corruptos convencionais, acostumados a guardar propina em mala de dinheiro, o ex-governador do Rio de Janeiro S\u00e9rgio Cabral criou um esquema ainda mais sofisticado para camuflar o dinheiro sujo da corrup\u00e7\u00e3o. Como os \u00e1rabes, Cabral cultivava o h\u00e1bito de usar os bilion\u00e1rios recursos desviados para adquirir malas e malas de diamantes. A Pol\u00edcia Federal suspeita que as maletas contendo as pedras preciosas estejam depositadas numa institui\u00e7\u00e3o financeira norte-americana dentro de um cofre. Eram recorrentes as viagens de Cabral para Nova York a bordo de dois jatinhos: um de propriedade de Eike Batista e outro cujo dono era Andre Esteves, do BTG. H\u00e1 ind\u00edcios de que o dinheiro para compra de diamantes teria sido transportado pelas duas aeronaves. Quando pousava em Nova York acompanhado de sua entourage, Cabral invariavelmente se hospedava no luxuoso St. Regis localizado na 55th street. Segundo apurou ISTO\u00c9, o ex-ministro Antonio Palocci era um dos que tinham conhecimento do esquema. E poder\u00e1 esclarec\u00ea-lo caso haja interesse por parte do Minist\u00e9rio P\u00fablico e da PF.<\/span><ins class=\"adsbygoogle\" data-ad-layout=\"in-article\" data-ad-format=\"fluid\" data-ad-client=\"ca-pub-4663753467999594\" data-ad-slot=\"2453711447\" data-adsbygoogle-status=\"done\"><ins id=\"aswift_2_expand\"><ins id=\"aswift_2_anchor\"><\/ins><\/ins><\/ins><\/p>\n<p><span style=\"font-size: 14pt;\">Como se sabe, cerca de 90% dos diamantes nos Estados Unidos entram por Nova York. A capital norte-americana dos diamantes, que abriga em Manhattan o Diamond District, entre a quinta e a sexta avenida, s\u00f3 perde em import\u00e2ncia para Antu\u00e9rpia, na B\u00e9lgica, onde s\u00e3o comercializados 80% dos diamantes brutos e 50% dos lapidados no mundo. O bairro cresceu em import\u00e2ncia quando os nazistas alem\u00e3es invadiram a Holanda e a B\u00e9lgica, for\u00e7ando milhares de judeus ortodoxos\u00a0a seguirem pelo caminho dos neg\u00f3cios de diamantes, no intuito de fugir de Antu\u00e9rpia e Amsterd\u00e3 e se estabelecer em Nova York.<\/span><\/p>\n<p><span style=\"font-size: 14pt;\">A maioria deles permaneceu ap\u00f3s a Segunda Guerra Mundial, e continuam a ser uma influ\u00eancia dominante. Com a investiga\u00e7\u00e3o, que pode contar com a contribui\u00e7\u00e3o de Palocci, a PF espera encaixar a \u00faltima pe\u00e7a do quebra-cabe\u00e7as do bilion\u00e1rio esquema de Cabral: para onde ele mandou a maior parte da propina que amealhou. A cada avan\u00e7o na apura\u00e7\u00e3o, a PF refor\u00e7a a convic\u00e7\u00e3o de que o dinheiro lapidado por Cabral acabou convertido em reluzentes diamantes.<\/span><\/p>\n<p><span style=\"font-family: georgia, palatino, serif; font-size: 18pt; color: #000000;\">A mat\u00e9ria original <span style=\"color: #0000ff;\"><a style=\"color: #0000ff;\" href=\"https:\/\/istoe.com.br\/palocci-afunda-o-PT\/\"><em><strong>pode ser lida aqui<\/strong><\/em><\/a><\/span>.<\/span><\/p>\n","protected":false},"excerpt":{"rendered":"<p>Da Isto\u00c9, publicada h\u00e1 pouco: BRASIL Palocci afunda o PT Revela\u00e7\u00f5es do ex-ministro Ant\u00f4nio Palocci, feitas em sua dela\u00e7\u00e3o premiada, explodem uma nova bomba no PT e aniquilam os ex-presidentes Lula e Dilma, al\u00e9m de Gleisi Hoffmann. Ele revela em detalhes a trilha do dinheiro da propina at\u00e9 os petistas Germano Oliveira e T\u00e1bata Viapiana [&hellip;]<\/p>\n","protected":false},"author":5,"featured_media":13318,"comment_status":"open","ping_status":"open","sticky":false,"template":"","format":"standard","meta":{"_acf_changed":false,"jetpack_post_was_ever_published":false,"_jetpack_newsletter_access":"","_jetpack_dont_email_post_to_subs":false,"_jetpack_newsletter_tier_id":0,"_jetpack_memberships_contains_paywalled_content":false,"_jetpack_memberships_contains_paid_content":false,"footnotes":"","jetpack_publicize_message":"","jetpack_publicize_feature_enabled":true,"jetpack_social_post_already_shared":true,"jetpack_social_options":{"image_generator_settings":{"template":"highway","default_image_id":0,"font":"","enabled":false},"version":2}},"categories":[1],"tags":[],"class_list":["post-13317","post","type-post","status-publish","format-standard","has-post-thumbnail","hentry","category-sem-categoria"],"acf":[],"yoast_head":"<!-- This site is optimized with the Yoast SEO plugin v27.3 - https:\/\/yoast.com\/product\/yoast-seo-wordpress\/ -->\n<title>Dela\u00e7\u00e3o de Palocci Afundar\u00e1 o PT | Blog do Guelmann<\/title>\n<meta name=\"robots\" content=\"index, follow, max-snippet:-1, max-image-preview:large, max-video-preview:-1\" \/>\n<link rel=\"canonical\" href=\"https:\/\/gersonguelmann.com.br\/blog\/delacao-de-palocci-afundara-o-pt\/\" \/>\n<meta property=\"og:locale\" content=\"pt_BR\" \/>\n<meta property=\"og:type\" content=\"article\" \/>\n<meta property=\"og:title\" content=\"Dela\u00e7\u00e3o de Palocci Afundar\u00e1 o PT | Blog do Guelmann\" \/>\n<meta property=\"og:description\" content=\"Da Isto\u00c9, publicada h\u00e1 pouco: BRASIL Palocci afunda o PT Revela\u00e7\u00f5es do ex-ministro Ant\u00f4nio Palocci, feitas em sua dela\u00e7\u00e3o premiada, explodem uma nova bomba no PT e aniquilam os ex-presidentes Lula e Dilma, al\u00e9m de Gleisi Hoffmann. Ele revela em detalhes a trilha do dinheiro da propina at\u00e9 os petistas Germano Oliveira e T\u00e1bata Viapiana [&hellip;]\" \/>\n<meta property=\"og:url\" content=\"https:\/\/gersonguelmann.com.br\/blog\/delacao-de-palocci-afundara-o-pt\/\" \/>\n<meta property=\"og:site_name\" content=\"Blog do Guelmann\" \/>\n<meta property=\"article:published_time\" content=\"2018-05-26T00:07:41+00:00\" \/>\n<meta property=\"og:image\" content=\"https:\/\/i0.wp.com\/gersonguelmann.com.br\/blog\/wp-content\/uploads\/2018\/05\/1-14.jpg?fit=418%2C235&ssl=1\" \/>\n\t<meta property=\"og:image:width\" content=\"418\" \/>\n\t<meta property=\"og:image:height\" content=\"235\" \/>\n\t<meta property=\"og:image:type\" content=\"image\/jpeg\" \/>\n<meta name=\"author\" content=\"Gerson Guelmann\" \/>\n<meta name=\"twitter:card\" content=\"summary_large_image\" \/>\n<meta name=\"twitter:label1\" content=\"Escrito por\" \/>\n\t<meta name=\"twitter:data1\" content=\"Gerson Guelmann\" \/>\n\t<meta name=\"twitter:label2\" content=\"Est. tempo de leitura\" \/>\n\t<meta name=\"twitter:data2\" content=\"10 minutos\" \/>\n<script type=\"application\/ld+json\" class=\"yoast-schema-graph\">{\"@context\":\"https:\\\/\\\/schema.org\",\"@graph\":[{\"@type\":\"Article\",\"@id\":\"https:\\\/\\\/gersonguelmann.com.br\\\/blog\\\/delacao-de-palocci-afundara-o-pt\\\/#article\",\"isPartOf\":{\"@id\":\"https:\\\/\\\/gersonguelmann.com.br\\\/blog\\\/delacao-de-palocci-afundara-o-pt\\\/\"},\"author\":{\"name\":\"Gerson Guelmann\",\"@id\":\"https:\\\/\\\/gersonguelmann.com.br\\\/blog\\\/#\\\/schema\\\/person\\\/87e70e2a786888082f941a482c90569e\"},\"headline\":\"Dela\u00e7\u00e3o de Palocci Afundar\u00e1 o PT\",\"datePublished\":\"2018-05-26T00:07:41+00:00\",\"mainEntityOfPage\":{\"@id\":\"https:\\\/\\\/gersonguelmann.com.br\\\/blog\\\/delacao-de-palocci-afundara-o-pt\\\/\"},\"wordCount\":2022,\"commentCount\":0,\"image\":{\"@id\":\"https:\\\/\\\/gersonguelmann.com.br\\\/blog\\\/delacao-de-palocci-afundara-o-pt\\\/#primaryimage\"},\"thumbnailUrl\":\"https:\\\/\\\/i0.wp.com\\\/gersonguelmann.com.br\\\/blog\\\/wp-content\\\/uploads\\\/2018\\\/05\\\/1-14.jpg?fit=418%2C235&ssl=1\",\"inLanguage\":\"pt-BR\",\"potentialAction\":[{\"@type\":\"CommentAction\",\"name\":\"Comment\",\"target\":[\"https:\\\/\\\/gersonguelmann.com.br\\\/blog\\\/delacao-de-palocci-afundara-o-pt\\\/#respond\"]}]},{\"@type\":\"WebPage\",\"@id\":\"https:\\\/\\\/gersonguelmann.com.br\\\/blog\\\/delacao-de-palocci-afundara-o-pt\\\/\",\"url\":\"https:\\\/\\\/gersonguelmann.com.br\\\/blog\\\/delacao-de-palocci-afundara-o-pt\\\/\",\"name\":\"Dela\u00e7\u00e3o de Palocci Afundar\u00e1 o PT | Blog do Guelmann\",\"isPartOf\":{\"@id\":\"https:\\\/\\\/gersonguelmann.com.br\\\/blog\\\/#website\"},\"primaryImageOfPage\":{\"@id\":\"https:\\\/\\\/gersonguelmann.com.br\\\/blog\\\/delacao-de-palocci-afundara-o-pt\\\/#primaryimage\"},\"image\":{\"@id\":\"https:\\\/\\\/gersonguelmann.com.br\\\/blog\\\/delacao-de-palocci-afundara-o-pt\\\/#primaryimage\"},\"thumbnailUrl\":\"https:\\\/\\\/i0.wp.com\\\/gersonguelmann.com.br\\\/blog\\\/wp-content\\\/uploads\\\/2018\\\/05\\\/1-14.jpg?fit=418%2C235&ssl=1\",\"datePublished\":\"2018-05-26T00:07:41+00:00\",\"author\":{\"@id\":\"https:\\\/\\\/gersonguelmann.com.br\\\/blog\\\/#\\\/schema\\\/person\\\/87e70e2a786888082f941a482c90569e\"},\"inLanguage\":\"pt-BR\",\"potentialAction\":[{\"@type\":\"ReadAction\",\"target\":[\"https:\\\/\\\/gersonguelmann.com.br\\\/blog\\\/delacao-de-palocci-afundara-o-pt\\\/\"]}]},{\"@type\":\"ImageObject\",\"inLanguage\":\"pt-BR\",\"@id\":\"https:\\\/\\\/gersonguelmann.com.br\\\/blog\\\/delacao-de-palocci-afundara-o-pt\\\/#primaryimage\",\"url\":\"https:\\\/\\\/i0.wp.com\\\/gersonguelmann.com.br\\\/blog\\\/wp-content\\\/uploads\\\/2018\\\/05\\\/1-14.jpg?fit=418%2C235&ssl=1\",\"contentUrl\":\"https:\\\/\\\/i0.wp.com\\\/gersonguelmann.com.br\\\/blog\\\/wp-content\\\/uploads\\\/2018\\\/05\\\/1-14.jpg?fit=418%2C235&ssl=1\",\"width\":418,\"height\":235},{\"@type\":\"WebSite\",\"@id\":\"https:\\\/\\\/gersonguelmann.com.br\\\/blog\\\/#website\",\"url\":\"https:\\\/\\\/gersonguelmann.com.br\\\/blog\\\/\",\"name\":\"Blog do Guelmann\",\"description\":\"Pitadas da sabedoria e do humor judaicos, assuntos do momento e um pouco das hist\u00f3rias que vivi e testemunhei.\",\"potentialAction\":[{\"@type\":\"SearchAction\",\"target\":{\"@type\":\"EntryPoint\",\"urlTemplate\":\"https:\\\/\\\/gersonguelmann.com.br\\\/blog\\\/?s={search_term_string}\"},\"query-input\":{\"@type\":\"PropertyValueSpecification\",\"valueRequired\":true,\"valueName\":\"search_term_string\"}}],\"inLanguage\":\"pt-BR\"},{\"@type\":\"Person\",\"@id\":\"https:\\\/\\\/gersonguelmann.com.br\\\/blog\\\/#\\\/schema\\\/person\\\/87e70e2a786888082f941a482c90569e\",\"name\":\"Gerson Guelmann\",\"image\":{\"@type\":\"ImageObject\",\"inLanguage\":\"pt-BR\",\"@id\":\"https:\\\/\\\/i0.wp.com\\\/gersonguelmann.com.br\\\/blog\\\/wp-content\\\/uploads\\\/2021\\\/08\\\/BLOG.jpeg?fit=96%2C96&ssl=1\",\"url\":\"https:\\\/\\\/i0.wp.com\\\/gersonguelmann.com.br\\\/blog\\\/wp-content\\\/uploads\\\/2021\\\/08\\\/BLOG.jpeg?fit=96%2C96&ssl=1\",\"contentUrl\":\"https:\\\/\\\/i0.wp.com\\\/gersonguelmann.com.br\\\/blog\\\/wp-content\\\/uploads\\\/2021\\\/08\\\/BLOG.jpeg?fit=96%2C96&ssl=1\",\"caption\":\"Gerson Guelmann\"},\"description\":\"Pitadas da sabedoria e do humor judaicos, assuntos do momento e um pouco das hist\u00f3rias que vivi e testemunhei.\"}]}<\/script>\n<!-- \/ Yoast SEO plugin. -->","yoast_head_json":{"title":"Dela\u00e7\u00e3o de Palocci Afundar\u00e1 o PT | Blog do Guelmann","robots":{"index":"index","follow":"follow","max-snippet":"max-snippet:-1","max-image-preview":"max-image-preview:large","max-video-preview":"max-video-preview:-1"},"canonical":"https:\/\/gersonguelmann.com.br\/blog\/delacao-de-palocci-afundara-o-pt\/","og_locale":"pt_BR","og_type":"article","og_title":"Dela\u00e7\u00e3o de Palocci Afundar\u00e1 o PT | Blog do Guelmann","og_description":"Da Isto\u00c9, publicada h\u00e1 pouco: BRASIL Palocci afunda o PT Revela\u00e7\u00f5es do ex-ministro Ant\u00f4nio Palocci, feitas em sua dela\u00e7\u00e3o premiada, explodem uma nova bomba no PT e aniquilam os ex-presidentes Lula e Dilma, al\u00e9m de Gleisi Hoffmann. Ele revela em detalhes a trilha do dinheiro da propina at\u00e9 os petistas Germano Oliveira e T\u00e1bata Viapiana [&hellip;]","og_url":"https:\/\/gersonguelmann.com.br\/blog\/delacao-de-palocci-afundara-o-pt\/","og_site_name":"Blog do Guelmann","article_published_time":"2018-05-26T00:07:41+00:00","og_image":[{"width":418,"height":235,"url":"https:\/\/i0.wp.com\/gersonguelmann.com.br\/blog\/wp-content\/uploads\/2018\/05\/1-14.jpg?fit=418%2C235&ssl=1","type":"image\/jpeg"}],"author":"Gerson Guelmann","twitter_card":"summary_large_image","twitter_misc":{"Escrito por":"Gerson Guelmann","Est. tempo de leitura":"10 minutos"},"schema":{"@context":"https:\/\/schema.org","@graph":[{"@type":"Article","@id":"https:\/\/gersonguelmann.com.br\/blog\/delacao-de-palocci-afundara-o-pt\/#article","isPartOf":{"@id":"https:\/\/gersonguelmann.com.br\/blog\/delacao-de-palocci-afundara-o-pt\/"},"author":{"name":"Gerson Guelmann","@id":"https:\/\/gersonguelmann.com.br\/blog\/#\/schema\/person\/87e70e2a786888082f941a482c90569e"},"headline":"Dela\u00e7\u00e3o de Palocci Afundar\u00e1 o PT","datePublished":"2018-05-26T00:07:41+00:00","mainEntityOfPage":{"@id":"https:\/\/gersonguelmann.com.br\/blog\/delacao-de-palocci-afundara-o-pt\/"},"wordCount":2022,"commentCount":0,"image":{"@id":"https:\/\/gersonguelmann.com.br\/blog\/delacao-de-palocci-afundara-o-pt\/#primaryimage"},"thumbnailUrl":"https:\/\/i0.wp.com\/gersonguelmann.com.br\/blog\/wp-content\/uploads\/2018\/05\/1-14.jpg?fit=418%2C235&ssl=1","inLanguage":"pt-BR","potentialAction":[{"@type":"CommentAction","name":"Comment","target":["https:\/\/gersonguelmann.com.br\/blog\/delacao-de-palocci-afundara-o-pt\/#respond"]}]},{"@type":"WebPage","@id":"https:\/\/gersonguelmann.com.br\/blog\/delacao-de-palocci-afundara-o-pt\/","url":"https:\/\/gersonguelmann.com.br\/blog\/delacao-de-palocci-afundara-o-pt\/","name":"Dela\u00e7\u00e3o de Palocci Afundar\u00e1 o PT | Blog do Guelmann","isPartOf":{"@id":"https:\/\/gersonguelmann.com.br\/blog\/#website"},"primaryImageOfPage":{"@id":"https:\/\/gersonguelmann.com.br\/blog\/delacao-de-palocci-afundara-o-pt\/#primaryimage"},"image":{"@id":"https:\/\/gersonguelmann.com.br\/blog\/delacao-de-palocci-afundara-o-pt\/#primaryimage"},"thumbnailUrl":"https:\/\/i0.wp.com\/gersonguelmann.com.br\/blog\/wp-content\/uploads\/2018\/05\/1-14.jpg?fit=418%2C235&ssl=1","datePublished":"2018-05-26T00:07:41+00:00","author":{"@id":"https:\/\/gersonguelmann.com.br\/blog\/#\/schema\/person\/87e70e2a786888082f941a482c90569e"},"inLanguage":"pt-BR","potentialAction":[{"@type":"ReadAction","target":["https:\/\/gersonguelmann.com.br\/blog\/delacao-de-palocci-afundara-o-pt\/"]}]},{"@type":"ImageObject","inLanguage":"pt-BR","@id":"https:\/\/gersonguelmann.com.br\/blog\/delacao-de-palocci-afundara-o-pt\/#primaryimage","url":"https:\/\/i0.wp.com\/gersonguelmann.com.br\/blog\/wp-content\/uploads\/2018\/05\/1-14.jpg?fit=418%2C235&ssl=1","contentUrl":"https:\/\/i0.wp.com\/gersonguelmann.com.br\/blog\/wp-content\/uploads\/2018\/05\/1-14.jpg?fit=418%2C235&ssl=1","width":418,"height":235},{"@type":"WebSite","@id":"https:\/\/gersonguelmann.com.br\/blog\/#website","url":"https:\/\/gersonguelmann.com.br\/blog\/","name":"Blog do Guelmann","description":"Pitadas da sabedoria e do humor judaicos, assuntos do momento e um pouco das hist\u00f3rias que vivi e testemunhei.","potentialAction":[{"@type":"SearchAction","target":{"@type":"EntryPoint","urlTemplate":"https:\/\/gersonguelmann.com.br\/blog\/?s={search_term_string}"},"query-input":{"@type":"PropertyValueSpecification","valueRequired":true,"valueName":"search_term_string"}}],"inLanguage":"pt-BR"},{"@type":"Person","@id":"https:\/\/gersonguelmann.com.br\/blog\/#\/schema\/person\/87e70e2a786888082f941a482c90569e","name":"Gerson Guelmann","image":{"@type":"ImageObject","inLanguage":"pt-BR","@id":"https:\/\/i0.wp.com\/gersonguelmann.com.br\/blog\/wp-content\/uploads\/2021\/08\/BLOG.jpeg?fit=96%2C96&ssl=1","url":"https:\/\/i0.wp.com\/gersonguelmann.com.br\/blog\/wp-content\/uploads\/2021\/08\/BLOG.jpeg?fit=96%2C96&ssl=1","contentUrl":"https:\/\/i0.wp.com\/gersonguelmann.com.br\/blog\/wp-content\/uploads\/2021\/08\/BLOG.jpeg?fit=96%2C96&ssl=1","caption":"Gerson Guelmann"},"description":"Pitadas da sabedoria e do humor judaicos, assuntos do momento e um pouco das hist\u00f3rias que vivi e testemunhei."}]}},"views":20,"jetpack_publicize_connections":[],"jetpack_featured_media_url":"https:\/\/i0.wp.com\/gersonguelmann.com.br\/blog\/wp-content\/uploads\/2018\/05\/1-14.jpg?fit=418%2C235&ssl=1","jetpack_shortlink":"https:\/\/wp.me\/p96e7O-3sN","jetpack-related-posts":[{"id":14231,"url":"https:\/\/gersonguelmann.com.br\/blog\/delacao-de-palocci-acaba-de-ser-homologada\/","url_meta":{"origin":13317,"position":0},"title":"Dela\u00e7\u00e3o de Palocci Acaba de Ser Homologada","author":"Gerson Guelmann","date":"22 de junho de 2018","format":false,"excerpt":"O site O Antagonista acaba de publicar: URGENTE: DELA\u00c7\u00c3O DE PALOCCI \u00c9 HOMOLOGADA Brasil -\u00a022.06.18 - 17:08 O desembargador Jo\u00e3o Pedro Gebran Neto, relator da Lava Jato no TRF-4, homologou a dela\u00e7\u00e3o premiada\u00a0de Antonio Palocci, informa Bela Megale em O Globo. O ex-ministro da Fazenda e da Casa Civil dos\u2026","rel":"","context":"Em &quot;Sem categoria&quot;","block_context":{"text":"Sem categoria","link":"https:\/\/gersonguelmann.com.br\/blog\/category\/sem-categoria\/"},"img":{"alt_text":"","src":"https:\/\/i0.wp.com\/gersonguelmann.com.br\/blog\/wp-content\/uploads\/2018\/06\/Palocci.jpg?fit=652%2C408&ssl=1&resize=350%2C200","width":350,"height":200,"srcset":"https:\/\/i0.wp.com\/gersonguelmann.com.br\/blog\/wp-content\/uploads\/2018\/06\/Palocci.jpg?fit=652%2C408&ssl=1&resize=350%2C200 1x, https:\/\/i0.wp.com\/gersonguelmann.com.br\/blog\/wp-content\/uploads\/2018\/06\/Palocci.jpg?fit=652%2C408&ssl=1&resize=525%2C300 1.5x"},"classes":[]},{"id":12325,"url":"https:\/\/gersonguelmann.com.br\/blog\/suores-noturnos-calafrios-e-insonia-delacao-de-palocci-sera-validada-pelo-trf-4\/","url_meta":{"origin":13317,"position":1},"title":"Suores Noturnos, Calafrios e Ins\u00f4nia: Dela\u00e7\u00e3o de Palocci Ser\u00e1 Validada pelo TRF-4","author":"Gerson Guelmann","date":"30 de abril de 2018","format":false,"excerpt":"Mat\u00e9ria do G1, de agora h\u00e1 pouco: \u00a0 OPERA\u00c7\u00c3O LAVA JATO\u00a0 \u00a0 Pol\u00edcia Federal manda dela\u00e7\u00e3o do ex-ministro Antonio Palocci para valida\u00e7\u00e3o pelo TRF-4 Homologa\u00e7\u00e3o caber\u00e1 ao desembargador Gebran Neto, relator da Opera\u00e7\u00e3o Lava Jato no Tribunal Regional Federal da 4\u00aa Regi\u00e3o. Palocci foi condenado a 12 anos de pris\u00e3o\u2026","rel":"","context":"Em &quot;Sem categoria&quot;","block_context":{"text":"Sem categoria","link":"https:\/\/gersonguelmann.com.br\/blog\/category\/sem-categoria\/"},"img":{"alt_text":"","src":"https:\/\/i0.wp.com\/gersonguelmann.com.br\/blog\/wp-content\/uploads\/2018\/04\/Insomnia.jpg?fit=1024%2C793&ssl=1&resize=350%2C200","width":350,"height":200,"srcset":"https:\/\/i0.wp.com\/gersonguelmann.com.br\/blog\/wp-content\/uploads\/2018\/04\/Insomnia.jpg?fit=1024%2C793&ssl=1&resize=350%2C200 1x, https:\/\/i0.wp.com\/gersonguelmann.com.br\/blog\/wp-content\/uploads\/2018\/04\/Insomnia.jpg?fit=1024%2C793&ssl=1&resize=525%2C300 1.5x, https:\/\/i0.wp.com\/gersonguelmann.com.br\/blog\/wp-content\/uploads\/2018\/04\/Insomnia.jpg?fit=1024%2C793&ssl=1&resize=700%2C400 2x"},"classes":[]},{"id":11285,"url":"https:\/\/gersonguelmann.com.br\/blog\/em-curitiba-pf-prepara-cela-para-receber-lula\/","url_meta":{"origin":13317,"position":2},"title":"Em Curitiba PF Prepara Cela Para Receber Lula","author":"Gerson Guelmann","date":"5 de abril de 2018","format":false,"excerpt":"PF prepara cela exclusiva para receber Lula em Curitiba Ideia \u00e9 manter ex-presidente afastado de outros presos, como Palocci e L\u00e9o Pinheiro BRAS\u00cdLIA \u2014 Com a chance do ex-presidente Luiz In\u00e1cio\u00a0Lula\u00a0da Silva ser preso potencializada pela decis\u00e3o do Supremo Tribunal Federal (STF), que negou o\u00a0habeas corpus\u00a0preventivo pedido pela defesa do\u2026","rel":"","context":"Em &quot;Sem categoria&quot;","block_context":{"text":"Sem categoria","link":"https:\/\/gersonguelmann.com.br\/blog\/category\/sem-categoria\/"},"img":{"alt_text":"","src":"https:\/\/i0.wp.com\/gersonguelmann.com.br\/blog\/wp-content\/uploads\/2018\/04\/PF-300x168.jpg?resize=350%2C200&ssl=1","width":350,"height":200},"classes":[]},{"id":12315,"url":"https:\/\/gersonguelmann.com.br\/blog\/urgente-gleisi-denunciada\/","url_meta":{"origin":13317,"position":3},"title":"Urgente: Gleisi Denunciada","author":"Gerson Guelmann","date":"30 de abril de 2018","format":false,"excerpt":"Acabou de sair n'O Antagonista: URGENTE: PGR DENUNCIA LULA, PALOCCI E GLEISI HOFFMANN Brasil\u00a030.04.18 19:54 Raquel Dodge acaba de denunciar ao STF o ex-presidente Lula, o ex-ministro Antonio Palocci e a senadora Gleisi Hoffmann, al\u00e9m de seu marido Paulo Bernardo, pelos crimes de corrup\u00e7\u00e3o e lavagem de dinheiro. Mat\u00e9ria original\u2026","rel":"","context":"Em &quot;Sem categoria&quot;","block_context":{"text":"Sem categoria","link":"https:\/\/gersonguelmann.com.br\/blog\/category\/sem-categoria\/"},"img":{"alt_text":"","src":"https:\/\/i0.wp.com\/gersonguelmann.com.br\/blog\/wp-content\/uploads\/2018\/04\/gleisi-hoffmann.jpeg?fit=736%2C439&ssl=1&resize=350%2C200","width":350,"height":200,"srcset":"https:\/\/i0.wp.com\/gersonguelmann.com.br\/blog\/wp-content\/uploads\/2018\/04\/gleisi-hoffmann.jpeg?fit=736%2C439&ssl=1&resize=350%2C200 1x, https:\/\/i0.wp.com\/gersonguelmann.com.br\/blog\/wp-content\/uploads\/2018\/04\/gleisi-hoffmann.jpeg?fit=736%2C439&ssl=1&resize=525%2C300 1.5x, https:\/\/i0.wp.com\/gersonguelmann.com.br\/blog\/wp-content\/uploads\/2018\/04\/gleisi-hoffmann.jpeg?fit=736%2C439&ssl=1&resize=700%2C400 2x"},"classes":[]},{"id":17647,"url":"https:\/\/gersonguelmann.com.br\/blog\/operacao-salva-vidas-da-globo-envolveu-palocci-dilma-e-lula\/","url_meta":{"origin":13317,"position":4},"title":"Opera\u00e7\u00e3o Salva-Vidas da Globo Envolveu Palocci, Dilma e Lula","author":"Gerson Guelmann","date":"23 de julho de 2019","format":false,"excerpt":"Todos sabem que o falecido jornalista Paulo Henrique Amorim nutria, na mesma medida, repulsa pela antiga empregadora, a Rede Globo, e simpatia pelo PT. Quando trabalhava na Rede Record, de onde tamb\u00e9m acabou sendo demitido, fez mat\u00e9ria para o programa Domingo Espetacular, onde relatou conversa com a ex-Presidente Dilma sobre\u2026","rel":"","context":"Em &quot;Sem categoria&quot;","block_context":{"text":"Sem categoria","link":"https:\/\/gersonguelmann.com.br\/blog\/category\/sem-categoria\/"},"img":{"alt_text":"","src":"https:\/\/i0.wp.com\/gersonguelmann.com.br\/blog\/wp-content\/uploads\/2019\/07\/salva-vidas.jpg?fit=960%2C640&ssl=1&resize=350%2C200","width":350,"height":200,"srcset":"https:\/\/i0.wp.com\/gersonguelmann.com.br\/blog\/wp-content\/uploads\/2019\/07\/salva-vidas.jpg?fit=960%2C640&ssl=1&resize=350%2C200 1x, https:\/\/i0.wp.com\/gersonguelmann.com.br\/blog\/wp-content\/uploads\/2019\/07\/salva-vidas.jpg?fit=960%2C640&ssl=1&resize=525%2C300 1.5x, https:\/\/i0.wp.com\/gersonguelmann.com.br\/blog\/wp-content\/uploads\/2019\/07\/salva-vidas.jpg?fit=960%2C640&ssl=1&resize=700%2C400 2x"},"classes":[]},{"id":12144,"url":"https:\/\/gersonguelmann.com.br\/blog\/palocci-assediado-na-cadeia-apos-delacao-charge-de-humor\/","url_meta":{"origin":13317,"position":5},"title":"Palocci Assediado Na Cadeia, Ap\u00f3s Dela\u00e7\u00e3o (Charge de Humor)","author":"Gerson Guelmann","date":"27 de abril de 2018","format":false,"excerpt":"\u00d3tima charge do site\u00a0https:\/\/charges.uol.com.br. https:\/\/www.youtube.com\/watch?v=SbbMBnjZgQQ&feature=youtu.be \u00a0","rel":"","context":"Em &quot;Sem categoria&quot;","block_context":{"text":"Sem categoria","link":"https:\/\/gersonguelmann.com.br\/blog\/category\/sem-categoria\/"},"img":{"alt_text":"","src":"https:\/\/i0.wp.com\/gersonguelmann.com.br\/blog\/wp-content\/uploads\/2018\/04\/lula-palocci.jpg?fit=630%2C420&ssl=1&resize=350%2C200","width":350,"height":200,"srcset":"https:\/\/i0.wp.com\/gersonguelmann.com.br\/blog\/wp-content\/uploads\/2018\/04\/lula-palocci.jpg?fit=630%2C420&ssl=1&resize=350%2C200 1x, https:\/\/i0.wp.com\/gersonguelmann.com.br\/blog\/wp-content\/uploads\/2018\/04\/lula-palocci.jpg?fit=630%2C420&ssl=1&resize=525%2C300 1.5x"},"classes":[]}],"jetpack_sharing_enabled":true,"post_mailing_queue_ids":[],"_links":{"self":[{"href":"https:\/\/gersonguelmann.com.br\/blog\/wp-json\/wp\/v2\/posts\/13317","targetHints":{"allow":["GET"]}}],"collection":[{"href":"https:\/\/gersonguelmann.com.br\/blog\/wp-json\/wp\/v2\/posts"}],"about":[{"href":"https:\/\/gersonguelmann.com.br\/blog\/wp-json\/wp\/v2\/types\/post"}],"author":[{"embeddable":true,"href":"https:\/\/gersonguelmann.com.br\/blog\/wp-json\/wp\/v2\/users\/5"}],"replies":[{"embeddable":true,"href":"https:\/\/gersonguelmann.com.br\/blog\/wp-json\/wp\/v2\/comments?post=13317"}],"version-history":[{"count":0,"href":"https:\/\/gersonguelmann.com.br\/blog\/wp-json\/wp\/v2\/posts\/13317\/revisions"}],"wp:featuredmedia":[{"embeddable":true,"href":"https:\/\/gersonguelmann.com.br\/blog\/wp-json\/wp\/v2\/media\/13318"}],"wp:attachment":[{"href":"https:\/\/gersonguelmann.com.br\/blog\/wp-json\/wp\/v2\/media?parent=13317"}],"wp:term":[{"taxonomy":"category","embeddable":true,"href":"https:\/\/gersonguelmann.com.br\/blog\/wp-json\/wp\/v2\/categories?post=13317"},{"taxonomy":"post_tag","embeddable":true,"href":"https:\/\/gersonguelmann.com.br\/blog\/wp-json\/wp\/v2\/tags?post=13317"}],"curies":[{"name":"wp","href":"https:\/\/api.w.org\/{rel}","templated":true}]}}