    {"id":13324,"date":"2018-05-25T22:01:53","date_gmt":"2018-05-26T01:01:53","guid":{"rendered":"https:\/\/gersonguelmann.com.br\/blog\/?p=13324"},"modified":"2018-05-25T22:01:53","modified_gmt":"2018-05-26T01:01:53","slug":"antes-do-final-do-semana-uma-parada-no-jardim-secreto","status":"publish","type":"post","link":"https:\/\/gersonguelmann.com.br\/blog\/antes-do-final-do-semana-uma-parada-no-jardim-secreto\/","title":{"rendered":"Antes do Final do Semana, Uma Parada no Jardim Secreto"},"content":{"rendered":"<p style=\"text-align: center;\"><img data-recalc-dims=\"1\" fetchpriority=\"high\" decoding=\"async\" data-attachment-id=\"13325\" data-permalink=\"https:\/\/gersonguelmann.com.br\/blog\/antes-do-final-do-semana-uma-parada-no-jardim-secreto\/pexels-photo-257360\/\" data-orig-file=\"https:\/\/i0.wp.com\/gersonguelmann.com.br\/blog\/wp-content\/uploads\/2018\/05\/pexels-photo-257360.jpeg?fit=1880%2C1253&amp;ssl=1\" data-orig-size=\"1880,1253\" data-comments-opened=\"1\" data-image-meta=\"{&quot;aperture&quot;:&quot;0&quot;,&quot;credit&quot;:&quot;&quot;,&quot;camera&quot;:&quot;&quot;,&quot;caption&quot;:&quot;&quot;,&quot;created_timestamp&quot;:&quot;0&quot;,&quot;copyright&quot;:&quot;&quot;,&quot;focal_length&quot;:&quot;0&quot;,&quot;iso&quot;:&quot;0&quot;,&quot;shutter_speed&quot;:&quot;0&quot;,&quot;title&quot;:&quot;&quot;,&quot;orientation&quot;:&quot;0&quot;}\" data-image-title=\"pexels-photo-257360\" data-image-description=\"\" data-image-caption=\"\" data-medium-file=\"https:\/\/i0.wp.com\/gersonguelmann.com.br\/blog\/wp-content\/uploads\/2018\/05\/pexels-photo-257360.jpeg?fit=300%2C200&amp;ssl=1\" data-large-file=\"https:\/\/i0.wp.com\/gersonguelmann.com.br\/blog\/wp-content\/uploads\/2018\/05\/pexels-photo-257360.jpeg?fit=640%2C426&amp;ssl=1\" class=\"alignnone size-medium wp-image-13325\" src=\"https:\/\/i0.wp.com\/gersonguelmann.com.br\/blog\/wp-content\/uploads\/2018\/05\/pexels-photo-257360.jpeg?resize=300%2C200&#038;ssl=1\" alt=\"\" width=\"300\" height=\"200\" srcset=\"https:\/\/i0.wp.com\/gersonguelmann.com.br\/blog\/wp-content\/uploads\/2018\/05\/pexels-photo-257360.jpeg?resize=300%2C200&amp;ssl=1 300w, https:\/\/i0.wp.com\/gersonguelmann.com.br\/blog\/wp-content\/uploads\/2018\/05\/pexels-photo-257360.jpeg?resize=768%2C512&amp;ssl=1 768w, https:\/\/i0.wp.com\/gersonguelmann.com.br\/blog\/wp-content\/uploads\/2018\/05\/pexels-photo-257360.jpeg?resize=1024%2C682&amp;ssl=1 1024w, https:\/\/i0.wp.com\/gersonguelmann.com.br\/blog\/wp-content\/uploads\/2018\/05\/pexels-photo-257360.jpeg?resize=750%2C500&amp;ssl=1 750w, https:\/\/i0.wp.com\/gersonguelmann.com.br\/blog\/wp-content\/uploads\/2018\/05\/pexels-photo-257360.jpeg?w=1880&amp;ssl=1 1880w, https:\/\/i0.wp.com\/gersonguelmann.com.br\/blog\/wp-content\/uploads\/2018\/05\/pexels-photo-257360.jpeg?w=1280&amp;ssl=1 1280w\" sizes=\"(max-width: 300px) 100vw, 300px\" \/><\/p>\n<p><span style=\"font-family: georgia, palatino, serif; font-size: 18pt; color: #000000;\">Terminando uma semana desgastante, nada como uma boa m\u00fasica para aquietar o esp\u00edrito e relaxar o corpo.<\/span><\/p>\n<p><span class=\"embed-youtube\" style=\"text-align:center; display: block;\"><iframe class=\"youtube-player\" width=\"640\" height=\"360\" src=\"https:\/\/www.youtube.com\/embed\/-sWnEWpS_fA?version=3&#038;rel=1&#038;showsearch=0&#038;showinfo=1&#038;iv_load_policy=1&#038;fs=1&#038;hl=pt-BR&#038;autohide=2&#038;wmode=transparent\" allowfullscreen=\"true\" style=\"border:0;\" sandbox=\"allow-scripts allow-same-origin allow-popups allow-presentation allow-popups-to-escape-sandbox\"><\/iframe><\/span><\/p>\n<p><span style=\"font-family: georgia, palatino, serif; font-size: 18pt; color: #000000;\">\u00a0<\/span><\/p>\n","protected":false},"excerpt":{"rendered":"<p>Terminando uma semana desgastante, nada como uma boa m\u00fasica para aquietar o esp\u00edrito e relaxar o corpo. \u00a0<\/p>\n","protected":false},"author":5,"featured_media":13325,"comment_status":"open","ping_status":"open","sticky":false,"template":"","format":"standard","meta":{"_acf_changed":false,"jetpack_post_was_ever_published":false,"_jetpack_newsletter_access":"","_jetpack_dont_email_post_to_subs":false,"_jetpack_newsletter_tier_id":0,"_jetpack_memberships_contains_paywalled_content":false,"_jetpack_memberships_contains_paid_content":false,"footnotes":"","jetpack_publicize_message":"","jetpack_publicize_feature_enabled":true,"jetpack_social_post_already_shared":true,"jetpack_social_options":{"image_generator_settings":{"template":"highway","default_image_id":0,"font":"","enabled":false},"version":2}},"categories":[1],"tags":[],"class_list":["post-13324","post","type-post","status-publish","format-standard","has-post-thumbnail","hentry","category-sem-categoria"],"acf":[],"yoast_head":"<!-- This site is optimized with the Yoast SEO plugin v27.3 - https:\/\/yoast.com\/product\/yoast-seo-wordpress\/ -->\n<title>Antes do Final do Semana, Uma Parada no Jardim Secreto | Blog do Guelmann<\/title>\n<meta name=\"robots\" content=\"index, follow, max-snippet:-1, max-image-preview:large, max-video-preview:-1\" \/>\n<link rel=\"canonical\" href=\"https:\/\/gersonguelmann.com.br\/blog\/antes-do-final-do-semana-uma-parada-no-jardim-secreto\/\" \/>\n<meta property=\"og:locale\" content=\"pt_BR\" \/>\n<meta property=\"og:type\" content=\"article\" \/>\n<meta property=\"og:title\" content=\"Antes do Final do Semana, Uma Parada no Jardim Secreto | Blog do Guelmann\" \/>\n<meta property=\"og:description\" content=\"Terminando uma semana desgastante, nada como uma boa m\u00fasica para aquietar o esp\u00edrito e relaxar o corpo. \u00a0\" \/>\n<meta property=\"og:url\" content=\"https:\/\/gersonguelmann.com.br\/blog\/antes-do-final-do-semana-uma-parada-no-jardim-secreto\/\" \/>\n<meta property=\"og:site_name\" content=\"Blog do Guelmann\" \/>\n<meta property=\"article:published_time\" content=\"2018-05-26T01:01:53+00:00\" \/>\n<meta property=\"og:image\" content=\"https:\/\/i0.wp.com\/gersonguelmann.com.br\/blog\/wp-content\/uploads\/2018\/05\/pexels-photo-257360.jpeg?fit=1880%2C1253&ssl=1\" \/>\n\t<meta property=\"og:image:width\" content=\"1880\" \/>\n\t<meta property=\"og:image:height\" content=\"1253\" \/>\n\t<meta property=\"og:image:type\" content=\"image\/jpeg\" \/>\n<meta name=\"author\" content=\"Gerson Guelmann\" \/>\n<meta name=\"twitter:card\" content=\"summary_large_image\" \/>\n<meta name=\"twitter:label1\" content=\"Escrito por\" \/>\n\t<meta name=\"twitter:data1\" content=\"Gerson Guelmann\" \/>\n<script type=\"application\/ld+json\" class=\"yoast-schema-graph\">{\"@context\":\"https:\\\/\\\/schema.org\",\"@graph\":[{\"@type\":\"Article\",\"@id\":\"https:\\\/\\\/gersonguelmann.com.br\\\/blog\\\/antes-do-final-do-semana-uma-parada-no-jardim-secreto\\\/#article\",\"isPartOf\":{\"@id\":\"https:\\\/\\\/gersonguelmann.com.br\\\/blog\\\/antes-do-final-do-semana-uma-parada-no-jardim-secreto\\\/\"},\"author\":{\"name\":\"Gerson Guelmann\",\"@id\":\"https:\\\/\\\/gersonguelmann.com.br\\\/blog\\\/#\\\/schema\\\/person\\\/87e70e2a786888082f941a482c90569e\"},\"headline\":\"Antes do Final do Semana, Uma Parada no Jardim Secreto\",\"datePublished\":\"2018-05-26T01:01:53+00:00\",\"mainEntityOfPage\":{\"@id\":\"https:\\\/\\\/gersonguelmann.com.br\\\/blog\\\/antes-do-final-do-semana-uma-parada-no-jardim-secreto\\\/\"},\"wordCount\":37,\"commentCount\":0,\"image\":{\"@id\":\"https:\\\/\\\/gersonguelmann.com.br\\\/blog\\\/antes-do-final-do-semana-uma-parada-no-jardim-secreto\\\/#primaryimage\"},\"thumbnailUrl\":\"https:\\\/\\\/i0.wp.com\\\/gersonguelmann.com.br\\\/blog\\\/wp-content\\\/uploads\\\/2018\\\/05\\\/pexels-photo-257360.jpeg?fit=1880%2C1253&ssl=1\",\"inLanguage\":\"pt-BR\",\"potentialAction\":[{\"@type\":\"CommentAction\",\"name\":\"Comment\",\"target\":[\"https:\\\/\\\/gersonguelmann.com.br\\\/blog\\\/antes-do-final-do-semana-uma-parada-no-jardim-secreto\\\/#respond\"]}]},{\"@type\":\"WebPage\",\"@id\":\"https:\\\/\\\/gersonguelmann.com.br\\\/blog\\\/antes-do-final-do-semana-uma-parada-no-jardim-secreto\\\/\",\"url\":\"https:\\\/\\\/gersonguelmann.com.br\\\/blog\\\/antes-do-final-do-semana-uma-parada-no-jardim-secreto\\\/\",\"name\":\"Antes do Final do Semana, Uma Parada no Jardim Secreto | Blog do Guelmann\",\"isPartOf\":{\"@id\":\"https:\\\/\\\/gersonguelmann.com.br\\\/blog\\\/#website\"},\"primaryImageOfPage\":{\"@id\":\"https:\\\/\\\/gersonguelmann.com.br\\\/blog\\\/antes-do-final-do-semana-uma-parada-no-jardim-secreto\\\/#primaryimage\"},\"image\":{\"@id\":\"https:\\\/\\\/gersonguelmann.com.br\\\/blog\\\/antes-do-final-do-semana-uma-parada-no-jardim-secreto\\\/#primaryimage\"},\"thumbnailUrl\":\"https:\\\/\\\/i0.wp.com\\\/gersonguelmann.com.br\\\/blog\\\/wp-content\\\/uploads\\\/2018\\\/05\\\/pexels-photo-257360.jpeg?fit=1880%2C1253&ssl=1\",\"datePublished\":\"2018-05-26T01:01:53+00:00\",\"author\":{\"@id\":\"https:\\\/\\\/gersonguelmann.com.br\\\/blog\\\/#\\\/schema\\\/person\\\/87e70e2a786888082f941a482c90569e\"},\"inLanguage\":\"pt-BR\",\"potentialAction\":[{\"@type\":\"ReadAction\",\"target\":[\"https:\\\/\\\/gersonguelmann.com.br\\\/blog\\\/antes-do-final-do-semana-uma-parada-no-jardim-secreto\\\/\"]}]},{\"@type\":\"ImageObject\",\"inLanguage\":\"pt-BR\",\"@id\":\"https:\\\/\\\/gersonguelmann.com.br\\\/blog\\\/antes-do-final-do-semana-uma-parada-no-jardim-secreto\\\/#primaryimage\",\"url\":\"https:\\\/\\\/i0.wp.com\\\/gersonguelmann.com.br\\\/blog\\\/wp-content\\\/uploads\\\/2018\\\/05\\\/pexels-photo-257360.jpeg?fit=1880%2C1253&ssl=1\",\"contentUrl\":\"https:\\\/\\\/i0.wp.com\\\/gersonguelmann.com.br\\\/blog\\\/wp-content\\\/uploads\\\/2018\\\/05\\\/pexels-photo-257360.jpeg?fit=1880%2C1253&ssl=1\",\"width\":1880,\"height\":1253},{\"@type\":\"WebSite\",\"@id\":\"https:\\\/\\\/gersonguelmann.com.br\\\/blog\\\/#website\",\"url\":\"https:\\\/\\\/gersonguelmann.com.br\\\/blog\\\/\",\"name\":\"Blog do Guelmann\",\"description\":\"Pitadas da sabedoria e do humor judaicos, assuntos do momento e um pouco das hist\u00f3rias que vivi e testemunhei.\",\"potentialAction\":[{\"@type\":\"SearchAction\",\"target\":{\"@type\":\"EntryPoint\",\"urlTemplate\":\"https:\\\/\\\/gersonguelmann.com.br\\\/blog\\\/?s={search_term_string}\"},\"query-input\":{\"@type\":\"PropertyValueSpecification\",\"valueRequired\":true,\"valueName\":\"search_term_string\"}}],\"inLanguage\":\"pt-BR\"},{\"@type\":\"Person\",\"@id\":\"https:\\\/\\\/gersonguelmann.com.br\\\/blog\\\/#\\\/schema\\\/person\\\/87e70e2a786888082f941a482c90569e\",\"name\":\"Gerson Guelmann\",\"image\":{\"@type\":\"ImageObject\",\"inLanguage\":\"pt-BR\",\"@id\":\"https:\\\/\\\/i0.wp.com\\\/gersonguelmann.com.br\\\/blog\\\/wp-content\\\/uploads\\\/2021\\\/08\\\/BLOG.jpeg?fit=96%2C96&ssl=1\",\"url\":\"https:\\\/\\\/i0.wp.com\\\/gersonguelmann.com.br\\\/blog\\\/wp-content\\\/uploads\\\/2021\\\/08\\\/BLOG.jpeg?fit=96%2C96&ssl=1\",\"contentUrl\":\"https:\\\/\\\/i0.wp.com\\\/gersonguelmann.com.br\\\/blog\\\/wp-content\\\/uploads\\\/2021\\\/08\\\/BLOG.jpeg?fit=96%2C96&ssl=1\",\"caption\":\"Gerson Guelmann\"},\"description\":\"Pitadas da sabedoria e do humor judaicos, assuntos do momento e um pouco das hist\u00f3rias que vivi e testemunhei.\"}]}<\/script>\n<!-- \/ Yoast SEO plugin. -->","yoast_head_json":{"title":"Antes do Final do Semana, Uma Parada no Jardim Secreto | Blog do Guelmann","robots":{"index":"index","follow":"follow","max-snippet":"max-snippet:-1","max-image-preview":"max-image-preview:large","max-video-preview":"max-video-preview:-1"},"canonical":"https:\/\/gersonguelmann.com.br\/blog\/antes-do-final-do-semana-uma-parada-no-jardim-secreto\/","og_locale":"pt_BR","og_type":"article","og_title":"Antes do Final do Semana, Uma Parada no Jardim Secreto | Blog do Guelmann","og_description":"Terminando uma semana desgastante, nada como uma boa m\u00fasica para aquietar o esp\u00edrito e relaxar o corpo. \u00a0","og_url":"https:\/\/gersonguelmann.com.br\/blog\/antes-do-final-do-semana-uma-parada-no-jardim-secreto\/","og_site_name":"Blog do Guelmann","article_published_time":"2018-05-26T01:01:53+00:00","og_image":[{"width":1880,"height":1253,"url":"https:\/\/i0.wp.com\/gersonguelmann.com.br\/blog\/wp-content\/uploads\/2018\/05\/pexels-photo-257360.jpeg?fit=1880%2C1253&ssl=1","type":"image\/jpeg"}],"author":"Gerson Guelmann","twitter_card":"summary_large_image","twitter_misc":{"Escrito por":"Gerson Guelmann"},"schema":{"@context":"https:\/\/schema.org","@graph":[{"@type":"Article","@id":"https:\/\/gersonguelmann.com.br\/blog\/antes-do-final-do-semana-uma-parada-no-jardim-secreto\/#article","isPartOf":{"@id":"https:\/\/gersonguelmann.com.br\/blog\/antes-do-final-do-semana-uma-parada-no-jardim-secreto\/"},"author":{"name":"Gerson Guelmann","@id":"https:\/\/gersonguelmann.com.br\/blog\/#\/schema\/person\/87e70e2a786888082f941a482c90569e"},"headline":"Antes do Final do Semana, Uma Parada no Jardim Secreto","datePublished":"2018-05-26T01:01:53+00:00","mainEntityOfPage":{"@id":"https:\/\/gersonguelmann.com.br\/blog\/antes-do-final-do-semana-uma-parada-no-jardim-secreto\/"},"wordCount":37,"commentCount":0,"image":{"@id":"https:\/\/gersonguelmann.com.br\/blog\/antes-do-final-do-semana-uma-parada-no-jardim-secreto\/#primaryimage"},"thumbnailUrl":"https:\/\/i0.wp.com\/gersonguelmann.com.br\/blog\/wp-content\/uploads\/2018\/05\/pexels-photo-257360.jpeg?fit=1880%2C1253&ssl=1","inLanguage":"pt-BR","potentialAction":[{"@type":"CommentAction","name":"Comment","target":["https:\/\/gersonguelmann.com.br\/blog\/antes-do-final-do-semana-uma-parada-no-jardim-secreto\/#respond"]}]},{"@type":"WebPage","@id":"https:\/\/gersonguelmann.com.br\/blog\/antes-do-final-do-semana-uma-parada-no-jardim-secreto\/","url":"https:\/\/gersonguelmann.com.br\/blog\/antes-do-final-do-semana-uma-parada-no-jardim-secreto\/","name":"Antes do Final do Semana, Uma Parada no Jardim Secreto | Blog do Guelmann","isPartOf":{"@id":"https:\/\/gersonguelmann.com.br\/blog\/#website"},"primaryImageOfPage":{"@id":"https:\/\/gersonguelmann.com.br\/blog\/antes-do-final-do-semana-uma-parada-no-jardim-secreto\/#primaryimage"},"image":{"@id":"https:\/\/gersonguelmann.com.br\/blog\/antes-do-final-do-semana-uma-parada-no-jardim-secreto\/#primaryimage"},"thumbnailUrl":"https:\/\/i0.wp.com\/gersonguelmann.com.br\/blog\/wp-content\/uploads\/2018\/05\/pexels-photo-257360.jpeg?fit=1880%2C1253&ssl=1","datePublished":"2018-05-26T01:01:53+00:00","author":{"@id":"https:\/\/gersonguelmann.com.br\/blog\/#\/schema\/person\/87e70e2a786888082f941a482c90569e"},"inLanguage":"pt-BR","potentialAction":[{"@type":"ReadAction","target":["https:\/\/gersonguelmann.com.br\/blog\/antes-do-final-do-semana-uma-parada-no-jardim-secreto\/"]}]},{"@type":"ImageObject","inLanguage":"pt-BR","@id":"https:\/\/gersonguelmann.com.br\/blog\/antes-do-final-do-semana-uma-parada-no-jardim-secreto\/#primaryimage","url":"https:\/\/i0.wp.com\/gersonguelmann.com.br\/blog\/wp-content\/uploads\/2018\/05\/pexels-photo-257360.jpeg?fit=1880%2C1253&ssl=1","contentUrl":"https:\/\/i0.wp.com\/gersonguelmann.com.br\/blog\/wp-content\/uploads\/2018\/05\/pexels-photo-257360.jpeg?fit=1880%2C1253&ssl=1","width":1880,"height":1253},{"@type":"WebSite","@id":"https:\/\/gersonguelmann.com.br\/blog\/#website","url":"https:\/\/gersonguelmann.com.br\/blog\/","name":"Blog do Guelmann","description":"Pitadas da sabedoria e do humor judaicos, assuntos do momento e um pouco das hist\u00f3rias que vivi e testemunhei.","potentialAction":[{"@type":"SearchAction","target":{"@type":"EntryPoint","urlTemplate":"https:\/\/gersonguelmann.com.br\/blog\/?s={search_term_string}"},"query-input":{"@type":"PropertyValueSpecification","valueRequired":true,"valueName":"search_term_string"}}],"inLanguage":"pt-BR"},{"@type":"Person","@id":"https:\/\/gersonguelmann.com.br\/blog\/#\/schema\/person\/87e70e2a786888082f941a482c90569e","name":"Gerson Guelmann","image":{"@type":"ImageObject","inLanguage":"pt-BR","@id":"https:\/\/i0.wp.com\/gersonguelmann.com.br\/blog\/wp-content\/uploads\/2021\/08\/BLOG.jpeg?fit=96%2C96&ssl=1","url":"https:\/\/i0.wp.com\/gersonguelmann.com.br\/blog\/wp-content\/uploads\/2021\/08\/BLOG.jpeg?fit=96%2C96&ssl=1","contentUrl":"https:\/\/i0.wp.com\/gersonguelmann.com.br\/blog\/wp-content\/uploads\/2021\/08\/BLOG.jpeg?fit=96%2C96&ssl=1","caption":"Gerson Guelmann"},"description":"Pitadas da sabedoria e do humor judaicos, assuntos do momento e um pouco das hist\u00f3rias que vivi e testemunhei."}]}},"views":42,"jetpack_publicize_connections":[],"jetpack_featured_media_url":"https:\/\/i0.wp.com\/gersonguelmann.com.br\/blog\/wp-content\/uploads\/2018\/05\/pexels-photo-257360.jpeg?fit=1880%2C1253&ssl=1","jetpack_shortlink":"https:\/\/wp.me\/p96e7O-3sU","jetpack-related-posts":[{"id":16424,"url":"https:\/\/gersonguelmann.com.br\/blog\/andar-em-circulos-cachorro-tentar-pegar-o-rabo-coisas-que-voltam-aocomeco-isso-e-um-loop\/","url_meta":{"origin":13324,"position":0},"title":"Andar em C\u00edrculos, Cachorro Tentar Pegar o Rabo, Coisas Que Voltam ao Come\u00e7o: Isso \u00e9 um &#8220;Loop&#8221;","author":"Gerson Guelmann","date":"12 de junho de 2023","format":false,"excerpt":"Todos n\u00f3s j\u00e1 nos deparamos com uma dessas situa\u00e7\u00f5es. \u00c9 aquela sensa\u00e7\u00e3o de \"andar sem sair do lugar\", coisa comum no dia a dia e que normalmente provoca uma \"parada para pensar\" ou um desabafo verbal daqueles bem pesados.\u00a0 Isso tudo a\u00ed cabe na palavra inglesa \"loop\" que \u00e9 usada\u2026","rel":"","context":"Em &quot;Sem categoria&quot;","block_context":{"text":"Sem categoria","link":"https:\/\/gersonguelmann.com.br\/blog\/category\/sem-categoria\/"},"img":{"alt_text":"","src":"https:\/\/i0.wp.com\/gersonguelmann.com.br\/blog\/wp-content\/uploads\/2019\/04\/Loop.jpg?fit=960%2C640&ssl=1&resize=350%2C200","width":350,"height":200,"srcset":"https:\/\/i0.wp.com\/gersonguelmann.com.br\/blog\/wp-content\/uploads\/2019\/04\/Loop.jpg?fit=960%2C640&ssl=1&resize=350%2C200 1x, https:\/\/i0.wp.com\/gersonguelmann.com.br\/blog\/wp-content\/uploads\/2019\/04\/Loop.jpg?fit=960%2C640&ssl=1&resize=525%2C300 1.5x, https:\/\/i0.wp.com\/gersonguelmann.com.br\/blog\/wp-content\/uploads\/2019\/04\/Loop.jpg?fit=960%2C640&ssl=1&resize=700%2C400 2x"},"classes":[]},{"id":17264,"url":"https:\/\/gersonguelmann.com.br\/blog\/uma-semana-sem-plasticos-quer-topar\/","url_meta":{"origin":13324,"position":1},"title":"Uma Semana Sem Pl\u00e1sticos. Quer Topar?","author":"Gerson Guelmann","date":"30 de junho de 2019","format":false,"excerpt":"Todos sabemos que o pl\u00e1stico \u00e9 uma praga. E, mesmo assim, parece que pouco fazemos para combat\u00ea-la, apesar de todos os dias sermos bombardeados por mat\u00e9rias sobre a degrada\u00e7\u00e3o causada pelo descarte inadequado das embalagens pl\u00e1sticas na terra e no mar. Alguns pa\u00edses, especialmente europeus, est\u00e3o mais adiantados nos programas\u2026","rel":"","context":"Em &quot;Sem categoria&quot;","block_context":{"text":"Sem categoria","link":"https:\/\/gersonguelmann.com.br\/blog\/category\/sem-categoria\/"},"img":{"alt_text":"","src":"https:\/\/i0.wp.com\/gersonguelmann.com.br\/blog\/wp-content\/uploads\/2019\/06\/plastic-waste.jpg?fit=1200%2C786&ssl=1&resize=350%2C200","width":350,"height":200,"srcset":"https:\/\/i0.wp.com\/gersonguelmann.com.br\/blog\/wp-content\/uploads\/2019\/06\/plastic-waste.jpg?fit=1200%2C786&ssl=1&resize=350%2C200 1x, https:\/\/i0.wp.com\/gersonguelmann.com.br\/blog\/wp-content\/uploads\/2019\/06\/plastic-waste.jpg?fit=1200%2C786&ssl=1&resize=525%2C300 1.5x, https:\/\/i0.wp.com\/gersonguelmann.com.br\/blog\/wp-content\/uploads\/2019\/06\/plastic-waste.jpg?fit=1200%2C786&ssl=1&resize=700%2C400 2x, https:\/\/i0.wp.com\/gersonguelmann.com.br\/blog\/wp-content\/uploads\/2019\/06\/plastic-waste.jpg?fit=1200%2C786&ssl=1&resize=1050%2C600 3x"},"classes":[]},{"id":26281,"url":"https:\/\/gersonguelmann.com.br\/blog\/sexta-do-humor-e-da-cultura-judaica-as-vezes-existe-uma-opcao-mais-vantajosa\/","url_meta":{"origin":13324,"position":2},"title":"Sexta do Humor e da Cultura Judaica &#8211; \u00c0s Vezes Existe Uma Op\u00e7\u00e3o Mais Vantajosa","author":"Gerson Guelmann","date":"22 de agosto de 2025","format":false,"excerpt":"\u00c0s Vezes Existe Uma Op\u00e7\u00e3o Mais Vantajosa Rubem, um engenheiro florestal, estava trabalhando em uma mata densa quando ouviu uma voz diferente: - Ei, voc\u00ea! Sabendo que n\u00e3o havia nenhuma possibilidade de existir qualquer outra pessoa ali, parou.\u00a0Ouviu a voz outra vez, dessa vez vinda do ch\u00e3o: - Sou eu,\u2026","rel":"","context":"Em &quot;Sem categoria&quot;","block_context":{"text":"Sem categoria","link":"https:\/\/gersonguelmann.com.br\/blog\/category\/sem-categoria\/"},"img":{"alt_text":"","src":"https:\/\/i0.wp.com\/gersonguelmann.com.br\/blog\/wp-content\/uploads\/2025\/08\/HojePR-41.jpg?fit=600%2C400&ssl=1&resize=350%2C200","width":350,"height":200,"srcset":"https:\/\/i0.wp.com\/gersonguelmann.com.br\/blog\/wp-content\/uploads\/2025\/08\/HojePR-41.jpg?fit=600%2C400&ssl=1&resize=350%2C200 1x, https:\/\/i0.wp.com\/gersonguelmann.com.br\/blog\/wp-content\/uploads\/2025\/08\/HojePR-41.jpg?fit=600%2C400&ssl=1&resize=525%2C300 1.5x"},"classes":[]},{"id":23040,"url":"https:\/\/gersonguelmann.com.br\/blog\/o-melhor-do-humor-judaico-para-o-fim-de-semana\/","url_meta":{"origin":13324,"position":3},"title":"O Melhor do Humor Judaico para o Fim de Semana","author":"Gerson Guelmann","date":"17 de fevereiro de 2023","format":false,"excerpt":"A Idosa Judia no Cemit\u00e9rio Amigos e familiares estavam no cemit\u00e9rio israelita para o funeral de Mois\u00e9s. Pouco antes do in\u00edcio da cerim\u00f4nia o Rabino se aproximou da vi\u00fava, Rute, muito idosa, e perguntou: \u2013\u00a0\u201cEnt\u00e3o, dona Rute, quantos anos tinha o senhor Mois\u00e9s?\u201d E a vi\u00fava respondeu: \u2013\u00a0\u201cEle tinha 99,\u2026","rel":"","context":"Em &quot;Sem categoria&quot;","block_context":{"text":"Sem categoria","link":"https:\/\/gersonguelmann.com.br\/blog\/category\/sem-categoria\/"},"img":{"alt_text":"","src":"https:\/\/i0.wp.com\/gersonguelmann.com.br\/blog\/wp-content\/uploads\/2023\/02\/HojePR-2.jpg?fit=1170%2C780&ssl=1&resize=350%2C200","width":350,"height":200,"srcset":"https:\/\/i0.wp.com\/gersonguelmann.com.br\/blog\/wp-content\/uploads\/2023\/02\/HojePR-2.jpg?fit=1170%2C780&ssl=1&resize=350%2C200 1x, https:\/\/i0.wp.com\/gersonguelmann.com.br\/blog\/wp-content\/uploads\/2023\/02\/HojePR-2.jpg?fit=1170%2C780&ssl=1&resize=525%2C300 1.5x, https:\/\/i0.wp.com\/gersonguelmann.com.br\/blog\/wp-content\/uploads\/2023\/02\/HojePR-2.jpg?fit=1170%2C780&ssl=1&resize=700%2C400 2x, https:\/\/i0.wp.com\/gersonguelmann.com.br\/blog\/wp-content\/uploads\/2023\/02\/HojePR-2.jpg?fit=1170%2C780&ssl=1&resize=1050%2C600 3x"},"classes":[]},{"id":23157,"url":"https:\/\/gersonguelmann.com.br\/blog\/o-melhor-do-humor-judaico-no-meio-da-semana\/","url_meta":{"origin":13324,"position":4},"title":"O Melhor do Humor Judaico no Meio da Semana","author":"Gerson Guelmann","date":"28 de junho de 2023","format":false,"excerpt":"Moishe, Rebeca e as Efem\u00e9rides Moishe e Rebeca est\u00e3o na cama quando ele se vira para ela e diz: - \"Rivkale (\u00b9) querida, voc\u00ea sabia que hoje \u00e9 o Dia Nacional do Orgasmo?\" Rebeca responde: - \"Oy Vey (\u00b2), \u00e9 uma pena ... Caiu bem no meio da Semana Internacional\u2026","rel":"","context":"Em &quot;Sem categoria&quot;","block_context":{"text":"Sem categoria","link":"https:\/\/gersonguelmann.com.br\/blog\/category\/sem-categoria\/"},"img":{"alt_text":"","src":"https:\/\/i0.wp.com\/gersonguelmann.com.br\/blog\/wp-content\/uploads\/2023\/06\/HojePR-8.jpg?fit=687%2C1031&ssl=1&resize=350%2C200","width":350,"height":200,"srcset":"https:\/\/i0.wp.com\/gersonguelmann.com.br\/blog\/wp-content\/uploads\/2023\/06\/HojePR-8.jpg?fit=687%2C1031&ssl=1&resize=350%2C200 1x, https:\/\/i0.wp.com\/gersonguelmann.com.br\/blog\/wp-content\/uploads\/2023\/06\/HojePR-8.jpg?fit=687%2C1031&ssl=1&resize=525%2C300 1.5x"},"classes":[]},{"id":13970,"url":"https:\/\/gersonguelmann.com.br\/blog\/esta-comprovado-e-bom-dormir-mais-no-fim-de-semana\/","url_meta":{"origin":13324,"position":5},"title":"Est\u00e1 Comprovado: \u00c9 Bom Dormir Mais no Fim de Semana","author":"Gerson Guelmann","date":"14 de junho de 2018","format":false,"excerpt":"Pronto, n\u00e3o precisamos mais de desculpas. Veja o que diz mat\u00e9ria da revista Forbes Brasil:\u00a0 Pesquisa revela que \u00e9 bom dormir mais no fim de semana Bruce Y. Lee 31 de maio de 2018\u00a0Lifestyle N\u00e3o \u00e9 \u00f3timo quando uma pesquisa cient\u00edfica justifica o que voc\u00ea, de qualquer forma, j\u00e1 faria?\u2026","rel":"","context":"Em &quot;Sem categoria&quot;","block_context":{"text":"Sem categoria","link":"https:\/\/gersonguelmann.com.br\/blog\/category\/sem-categoria\/"},"img":{"alt_text":"","src":"https:\/\/i0.wp.com\/gersonguelmann.com.br\/blog\/wp-content\/uploads\/2018\/06\/pexels-photo-271897.jpeg?fit=1200%2C795&ssl=1&resize=350%2C200","width":350,"height":200,"srcset":"https:\/\/i0.wp.com\/gersonguelmann.com.br\/blog\/wp-content\/uploads\/2018\/06\/pexels-photo-271897.jpeg?fit=1200%2C795&ssl=1&resize=350%2C200 1x, https:\/\/i0.wp.com\/gersonguelmann.com.br\/blog\/wp-content\/uploads\/2018\/06\/pexels-photo-271897.jpeg?fit=1200%2C795&ssl=1&resize=525%2C300 1.5x, https:\/\/i0.wp.com\/gersonguelmann.com.br\/blog\/wp-content\/uploads\/2018\/06\/pexels-photo-271897.jpeg?fit=1200%2C795&ssl=1&resize=700%2C400 2x, https:\/\/i0.wp.com\/gersonguelmann.com.br\/blog\/wp-content\/uploads\/2018\/06\/pexels-photo-271897.jpeg?fit=1200%2C795&ssl=1&resize=1050%2C600 3x"},"classes":[]}],"jetpack_sharing_enabled":true,"post_mailing_queue_ids":[],"_links":{"self":[{"href":"https:\/\/gersonguelmann.com.br\/blog\/wp-json\/wp\/v2\/posts\/13324","targetHints":{"allow":["GET"]}}],"collection":[{"href":"https:\/\/gersonguelmann.com.br\/blog\/wp-json\/wp\/v2\/posts"}],"about":[{"href":"https:\/\/gersonguelmann.com.br\/blog\/wp-json\/wp\/v2\/types\/post"}],"author":[{"embeddable":true,"href":"https:\/\/gersonguelmann.com.br\/blog\/wp-json\/wp\/v2\/users\/5"}],"replies":[{"embeddable":true,"href":"https:\/\/gersonguelmann.com.br\/blog\/wp-json\/wp\/v2\/comments?post=13324"}],"version-history":[{"count":0,"href":"https:\/\/gersonguelmann.com.br\/blog\/wp-json\/wp\/v2\/posts\/13324\/revisions"}],"wp:featuredmedia":[{"embeddable":true,"href":"https:\/\/gersonguelmann.com.br\/blog\/wp-json\/wp\/v2\/media\/13325"}],"wp:attachment":[{"href":"https:\/\/gersonguelmann.com.br\/blog\/wp-json\/wp\/v2\/media?parent=13324"}],"wp:term":[{"taxonomy":"category","embeddable":true,"href":"https:\/\/gersonguelmann.com.br\/blog\/wp-json\/wp\/v2\/categories?post=13324"},{"taxonomy":"post_tag","embeddable":true,"href":"https:\/\/gersonguelmann.com.br\/blog\/wp-json\/wp\/v2\/tags?post=13324"}],"curies":[{"name":"wp","href":"https:\/\/api.w.org\/{rel}","templated":true}]}}