    {"id":13341,"date":"2018-05-26T19:20:40","date_gmt":"2018-05-26T22:20:40","guid":{"rendered":"https:\/\/gersonguelmann.com.br\/blog\/?p=13341"},"modified":"2018-05-26T19:21:50","modified_gmt":"2018-05-26T22:21:50","slug":"a-extraordinaria-capacidade-do-juca-de-nos-surpreender","status":"publish","type":"post","link":"https:\/\/gersonguelmann.com.br\/blog\/a-extraordinaria-capacidade-do-juca-de-nos-surpreender\/","title":{"rendered":"A Extraordin\u00e1ria Capacidade do Juc\u00e1 de Nos Surpreender"},"content":{"rendered":"<p><span style=\"font-family: georgia, palatino, serif; font-size: 18pt; color: #000000;\">J\u00e1 dediquei aqui palavras elogiosas (SQN) ao Juc\u00e1, diversas vezes.<\/span><\/p>\n<p><span style=\"font-family: georgia, palatino, serif; font-size: 18pt; color: #000000;\">Sei que dele podemos esperar qualquer coisa, mas ainda assim confesso que ainda me surpreendo com a revela\u00e7\u00e3o de novas perip\u00e9cias do l\u00edder do governo o Senado.<\/span><\/p>\n<p><span style=\"font-family: georgia, palatino, serif; font-size: 18pt; color: #000000;\">A mais recente \u00e9 esta que a Isto\u00c9 acaba de revelar:<\/span><\/p>\n<p class=\"tags-materia\"><span style=\"color: #ff0000;\"><strong>BRASIL<\/strong><\/span><\/p>\n<h1>O esquema imobili\u00e1rio de Juc\u00e1<\/h1>\n<h2>Como o influente l\u00edder do governo Romero Juc\u00e1, com a ajuda de um preposto na Secretaria do Patrim\u00f4nio da Uni\u00e3o, montou um neg\u00f3cio bilion\u00e1rio para beneficiar uma gestora de fundos norte-americana na venda de im\u00f3veis da Uni\u00e3o<\/h2>\n<p><img data-recalc-dims=\"1\" fetchpriority=\"high\" decoding=\"async\" data-attachment-id=\"13342\" data-permalink=\"https:\/\/gersonguelmann.com.br\/blog\/a-extraordinaria-capacidade-do-juca-de-nos-surpreender\/1-23\/\" data-orig-file=\"https:\/\/i0.wp.com\/gersonguelmann.com.br\/blog\/wp-content\/uploads\/2018\/05\/1-15.jpg?fit=1024%2C576&amp;ssl=1\" data-orig-size=\"1024,576\" data-comments-opened=\"1\" data-image-meta=\"{&quot;aperture&quot;:&quot;0&quot;,&quot;credit&quot;:&quot;&quot;,&quot;camera&quot;:&quot;&quot;,&quot;caption&quot;:&quot;&quot;,&quot;created_timestamp&quot;:&quot;0&quot;,&quot;copyright&quot;:&quot;GERDAN WESLEY&quot;,&quot;focal_length&quot;:&quot;0&quot;,&quot;iso&quot;:&quot;0&quot;,&quot;shutter_speed&quot;:&quot;0&quot;,&quot;title&quot;:&quot;&quot;,&quot;orientation&quot;:&quot;0&quot;}\" data-image-title=\"1\" data-image-description=\"\" data-image-caption=\"\" data-medium-file=\"https:\/\/i0.wp.com\/gersonguelmann.com.br\/blog\/wp-content\/uploads\/2018\/05\/1-15.jpg?fit=300%2C169&amp;ssl=1\" data-large-file=\"https:\/\/i0.wp.com\/gersonguelmann.com.br\/blog\/wp-content\/uploads\/2018\/05\/1-15.jpg?fit=640%2C360&amp;ssl=1\" class=\"size-medium wp-image-13342 aligncenter\" src=\"https:\/\/i0.wp.com\/gersonguelmann.com.br\/blog\/wp-content\/uploads\/2018\/05\/1-15.jpg?resize=300%2C169&#038;ssl=1\" alt=\"\" width=\"300\" height=\"169\" srcset=\"https:\/\/i0.wp.com\/gersonguelmann.com.br\/blog\/wp-content\/uploads\/2018\/05\/1-15.jpg?resize=300%2C169&amp;ssl=1 300w, https:\/\/i0.wp.com\/gersonguelmann.com.br\/blog\/wp-content\/uploads\/2018\/05\/1-15.jpg?resize=768%2C432&amp;ssl=1 768w, https:\/\/i0.wp.com\/gersonguelmann.com.br\/blog\/wp-content\/uploads\/2018\/05\/1-15.jpg?w=1024&amp;ssl=1 1024w\" sizes=\"(max-width: 300px) 100vw, 300px\" \/><\/p>\n<p><span style=\"color: #ff0000;\"><strong>A VEZ DO CORRETOR<\/strong><\/span>\u00a0<span style=\"font-size: 14pt;\">O poderoso Romero Juc\u00e1 n\u00e3o perde a mania de flertar com esc\u00e2ndalos diversos (Cr\u00e9dito: Gerdan Wesley)<\/span><\/p>\n<p class=\"author\"><strong>Ary Filgueira e Rudolfo Lago<\/strong><\/p>\n<p><strong><time datetime=\"2018-05-25 18:00\">25\/05\/18 &#8211; 18h00<\/time><\/strong><\/p>\n<p style=\"text-align: left;\"><span style=\"font-size: 14pt;\">Em princ\u00edpio, parecia uma tarefa nobre. A atua\u00e7\u00e3o do l\u00edder do governo, senador Romero Juc\u00e1 (MDB-RR), para a aprova\u00e7\u00e3o da Medida Provis\u00f3ria 759-A foi decisiva. O relator do texto conseguiu sensibilizar seus pares de que passava da hora de regularizar a situa\u00e7\u00e3o das fam\u00edlias que ocupam h\u00e1 d\u00e9cadas terrenos em \u00e1reas rurais e urbanas, como as favelas do Rio de Janeiro, e outras ocupa\u00e7\u00f5es pelo Pa\u00eds afora, todas dentro do dom\u00ednio da Uni\u00e3o. At\u00e9 a\u00ed tudo bem. O problema \u00e9 que a MP tratava tamb\u00e9m de \u201caprimorar a efici\u00eancia dos procedimentos de aliena\u00e7\u00e3o de im\u00f3veis da Uni\u00e3o\u201d. \u00c9 onde entra um neg\u00f3cio bilion\u00e1rio, e escuso, avaliado inicialmente em R$ 2,5 bilh\u00f5es, sob o comando de Juc\u00e1. Para dar andamento ao plano que colocar\u00e1 \u00e0 venda diversos im\u00f3veis que hoje pertencem \u00e0 Uni\u00e3o, Juc\u00e1 escalou um preposto. Trata-se do secret\u00e1rio de Patrim\u00f4nio da Uni\u00e3o (SPU), Sidrack de Oliveira Correia Neto. Orientada por Juc\u00e1, a primeira tarefa de Sidrack foi aparelhar o \u00f3rg\u00e3o. Desde o final do ano passado, cinco t\u00e9cnicos da SPU que cuidariam da venda dos im\u00f3veis foram exonerados e substitu\u00eddos por outras pessoas. De acordo com fontes ouvidas por ISTO\u00c9, as trocas foram feitas para garantir a Sidrack o controle total dos rumos do neg\u00f3cio.<\/span><\/p>\n<p style=\"text-align: left;\"><span style=\"font-size: 14pt;\">O projeto, ent\u00e3o, prosseguiu. Agora, embora oficialmente haja uma licita\u00e7\u00e3o, o plano da SPU \u00e9 contratar como gestora da venda dos im\u00f3veis do governo a empresa americana Tishman Speyer, respons\u00e1vel por empreendimentos como o Rockefeller Center e o Chrysler Center nos Estados Unidos. Executivos da gestora de fundos imobili\u00e1rios j\u00e1 se reuniram mais de uma vez com Juc\u00e1 e com Sidrack de Oliveira. Segundo apurou ISTO\u00c9, eles estiveram com Juc\u00e1 uma vez no Senado e em pelo menos tr\u00eas oportunidades na SPU no gabinete do secret\u00e1rio.<\/span><\/p>\n<p style=\"text-align: right;\"><img data-recalc-dims=\"1\" decoding=\"async\" data-attachment-id=\"13343\" data-permalink=\"https:\/\/gersonguelmann.com.br\/blog\/a-extraordinaria-capacidade-do-juca-de-nos-surpreender\/2-20\/\" data-orig-file=\"https:\/\/i0.wp.com\/gersonguelmann.com.br\/blog\/wp-content\/uploads\/2018\/05\/2-11.jpg?fit=400%2C793&amp;ssl=1\" data-orig-size=\"400,793\" data-comments-opened=\"1\" data-image-meta=\"{&quot;aperture&quot;:&quot;0&quot;,&quot;credit&quot;:&quot;&quot;,&quot;camera&quot;:&quot;&quot;,&quot;caption&quot;:&quot;&quot;,&quot;created_timestamp&quot;:&quot;0&quot;,&quot;copyright&quot;:&quot;&quot;,&quot;focal_length&quot;:&quot;0&quot;,&quot;iso&quot;:&quot;0&quot;,&quot;shutter_speed&quot;:&quot;0&quot;,&quot;title&quot;:&quot;&quot;,&quot;orientation&quot;:&quot;0&quot;}\" data-image-title=\"2\" data-image-description=\"\" data-image-caption=\"\" data-medium-file=\"https:\/\/i0.wp.com\/gersonguelmann.com.br\/blog\/wp-content\/uploads\/2018\/05\/2-11.jpg?fit=151%2C300&amp;ssl=1\" data-large-file=\"https:\/\/i0.wp.com\/gersonguelmann.com.br\/blog\/wp-content\/uploads\/2018\/05\/2-11.jpg?fit=400%2C793&amp;ssl=1\" class=\"size-medium wp-image-13343 aligncenter\" src=\"https:\/\/i0.wp.com\/gersonguelmann.com.br\/blog\/wp-content\/uploads\/2018\/05\/2-11.jpg?resize=151%2C300&#038;ssl=1\" alt=\"\" width=\"151\" height=\"300\" srcset=\"https:\/\/i0.wp.com\/gersonguelmann.com.br\/blog\/wp-content\/uploads\/2018\/05\/2-11.jpg?resize=151%2C300&amp;ssl=1 151w, https:\/\/i0.wp.com\/gersonguelmann.com.br\/blog\/wp-content\/uploads\/2018\/05\/2-11.jpg?w=400&amp;ssl=1 400w\" sizes=\"(max-width: 151px) 100vw, 151px\" \/><\/p>\n<p><span style=\"font-size: 14pt;\"><strong>Polpudas comiss\u00f5es<\/strong><\/span><\/p>\n<p><span style=\"font-size: 14pt;\">De acordo com fontes da SPU, nos encontros foram discutidos detalhes das transa\u00e7\u00f5es, como a rela\u00e7\u00e3o e a ordem de venda dos im\u00f3veis que ser\u00e3o negociados. Com essas informa\u00e7\u00f5es em m\u00e3os, a empresa americana ter\u00e1 tempo maior para pode avaliar melhor o valor de cada im\u00f3vel e apresentar a proposta mais condizente com o mercado. O privil\u00e9gio dessa informa\u00e7\u00e3o antecipada lhe dar\u00e1 uma vantagem, j\u00e1 que qualquer outra concorrente ter\u00e1 apenas 30 dias ap\u00f3s o in\u00edcio da licita\u00e7\u00e3o para elaborar sua proposta. Para gerir a conta, a empresa deve ter uma comiss\u00e3o de 3% referente \u00e0 taxa de administra\u00e7\u00e3o. O primeiro neg\u00f3cio programado, j\u00e1 para este m\u00eas de junho, s\u00e3o \u00e1reas no Plano Piloto de Bras\u00edlia destinadas \u00e0 constru\u00e7\u00e3o de pr\u00e9dios residenciais de seis andares. Os terrenos est\u00e3o avaliados em R$ 132 milh\u00f5es no total.<\/span><\/p>\n<p><span style=\"font-size: 14pt;\">Somente um im\u00f3vel inclu\u00eddo no neg\u00f3cio j\u00e1 ultrapassa sozinho a casa do bilh\u00e3o de reais. A SPU prepara a licita\u00e7\u00e3o de um antigo quartel do Ex\u00e9rcito no bairro do Maracan\u00e3, Rio de Janeiro, com pre\u00e7o inicial de R$ 1,5 bilh\u00e3o. Fica \u00e0 beira da avenida Radial Oeste, entre o est\u00e1dio de futebol e a linha do trem. Era um campo de treinamento do Ex\u00e9rcito, hoje desativado, com espa\u00e7o para construir um amplo complexo de edif\u00edcios.<\/span><\/p>\n<p><span style=\"font-size: 14pt;\"><strong><span style=\"color: #ff0000;\">Romero Juc\u00e1 participou de reuni\u00e3o no Senado com empresa escolhida por ele para tocar o neg\u00f3cio<\/span><\/strong><\/span><\/p>\n<p><span style=\"font-size: 14pt;\">O que torna o neg\u00f3cio excelente s\u00e3o as polpudas comiss\u00f5es envolvidas. A empresa vencedora da licita\u00e7\u00e3o receber\u00e1 uma comiss\u00e3o para operar o dinheiro que entrar\u00e1. Ainda participar\u00e1 diretamente das opera\u00e7\u00f5es de concess\u00e3o e venda feitas atrav\u00e9s da aquisi\u00e7\u00e3o de cotas para o caso de im\u00f3veis mais valiosos. Um exemplo \u00e9 o do Edif\u00edcio A Noite, que foi sede do jornal vespertino carioca existente at\u00e9 o final da d\u00e9cada de 1950. O pr\u00e9dio n\u00e3o tem valor: est\u00e1 fechado com tapumes e em ru\u00ednas. Mas seu terreno \u00e9 muito precioso. Fica em frente ao Museu do Amanh\u00e3, na \u00e1rea do centro hist\u00f3rico do Rio revitalizada por ocasi\u00e3o dos Jogos Ol\u00edmpicos em 2016. O im\u00f3vel est\u00e1 avaliado em R$ 32 milh\u00f5es.<\/span><\/p>\n<p><span style=\"font-size: 14pt;\">A lista de patrim\u00f4nios a serem liquidados \u00e9 mais extensa. S\u00e3o 100 im\u00f3veis espalhados pelo territ\u00f3rio nacional. At\u00e9 ilhas no Rio de Janeiro poder\u00e3o entrar no neg\u00f3cio. Falta apenas um parecer do Tribunal de Contas da Uni\u00e3o (TCU) para que as vendas comecem. A instru\u00e7\u00e3o normativa que tramita no TCU prev\u00ea que ter\u00e1 prioridade de compra quem j\u00e1 ocupa os im\u00f3veis. Em 14 de julho do ano passado, o ex-ministro do Planejamento Dyogo de Oliveira, indicado por Romero Juc\u00e1, autorizou a ocupa\u00e7\u00e3o das grandes \u00e1reas a estrangeiros. Duas em Cama\u00e7ari (BA) e uma em Angra dos Reis (RJ). De acordo com a lei 13.465\/2017, o \u201cadquirente receber\u00e1 desconto de 25% na aquisi\u00e7\u00e3o \u00e0 vista\u201d. ISTO\u00c9 procurou a SPU e Romero Juc\u00e1. N\u00e3o houve resposta. Dyogo Oliveira disse, por meio de sua assessoria, que ele se limitou a assinar a autoriza\u00e7\u00e3o sobre os terrenos, orientado pela SPU. O escrit\u00f3rio imobili\u00e1rio, no entanto, funciona a pleno vapor.<\/span><\/p>\n<p style=\"text-align: center;\"><img data-recalc-dims=\"1\" decoding=\"async\" data-attachment-id=\"13344\" data-permalink=\"https:\/\/gersonguelmann.com.br\/blog\/a-extraordinaria-capacidade-do-juca-de-nos-surpreender\/3-14\/\" data-orig-file=\"https:\/\/i0.wp.com\/gersonguelmann.com.br\/blog\/wp-content\/uploads\/2018\/05\/3-9.jpg?fit=418%2C235&amp;ssl=1\" data-orig-size=\"418,235\" data-comments-opened=\"1\" data-image-meta=\"{&quot;aperture&quot;:&quot;0&quot;,&quot;credit&quot;:&quot;&quot;,&quot;camera&quot;:&quot;&quot;,&quot;caption&quot;:&quot;&quot;,&quot;created_timestamp&quot;:&quot;0&quot;,&quot;copyright&quot;:&quot;&quot;,&quot;focal_length&quot;:&quot;0&quot;,&quot;iso&quot;:&quot;0&quot;,&quot;shutter_speed&quot;:&quot;0&quot;,&quot;title&quot;:&quot;&quot;,&quot;orientation&quot;:&quot;0&quot;}\" data-image-title=\"3\" data-image-description=\"\" data-image-caption=\"\" data-medium-file=\"https:\/\/i0.wp.com\/gersonguelmann.com.br\/blog\/wp-content\/uploads\/2018\/05\/3-9.jpg?fit=300%2C169&amp;ssl=1\" data-large-file=\"https:\/\/i0.wp.com\/gersonguelmann.com.br\/blog\/wp-content\/uploads\/2018\/05\/3-9.jpg?fit=418%2C235&amp;ssl=1\" class=\"size-medium wp-image-13344 aligncenter\" src=\"https:\/\/i0.wp.com\/gersonguelmann.com.br\/blog\/wp-content\/uploads\/2018\/05\/3-9.jpg?resize=300%2C169&#038;ssl=1\" alt=\"\" width=\"300\" height=\"169\" srcset=\"https:\/\/i0.wp.com\/gersonguelmann.com.br\/blog\/wp-content\/uploads\/2018\/05\/3-9.jpg?resize=300%2C169&amp;ssl=1 300w, https:\/\/i0.wp.com\/gersonguelmann.com.br\/blog\/wp-content\/uploads\/2018\/05\/3-9.jpg?w=418&amp;ssl=1 418w\" sizes=\"(max-width: 300px) 100vw, 300px\" \/><br \/>\n<span style=\"font-size: 14pt;\"><span style=\"color: #ff0000;\"><strong>APARELHAMENTO<\/strong><\/span>\u00a0Sidrack de Oliveira, homem de Juc\u00e1 na SPU, trocou funcion\u00e1rios do \u00f3rg\u00e3o para ter o controle total do esquema (Cr\u00e9dito:A\u00edlton de Freitas\/Ag\u00eancia O Globo)<\/span><\/p>\n<p><span style=\"font-family: georgia, palatino, serif; font-size: 18pt; color: #000000;\">A mat\u00e9ria original da Isto\u00c9 <span style=\"color: #0000ff;\"><em><strong><a style=\"color: #0000ff;\" href=\"https:\/\/istoe.com.br\/o-esquema-imobiliario-de-juca\/\">est\u00e1 aqui<\/a><\/strong><\/em><\/span>.<\/span><\/p>\n","protected":false},"excerpt":{"rendered":"<p>J\u00e1 dediquei aqui palavras elogiosas (SQN) ao Juc\u00e1, diversas vezes. Sei que dele podemos esperar qualquer coisa, mas ainda assim confesso que ainda me surpreendo com a revela\u00e7\u00e3o de novas perip\u00e9cias do l\u00edder do governo o Senado. A mais recente \u00e9 esta que a Isto\u00c9 acaba de revelar: BRASIL O esquema imobili\u00e1rio de Juc\u00e1 Como [&hellip;]<\/p>\n","protected":false},"author":5,"featured_media":13342,"comment_status":"open","ping_status":"open","sticky":false,"template":"","format":"standard","meta":{"_acf_changed":false,"jetpack_post_was_ever_published":false,"_jetpack_newsletter_access":"","_jetpack_dont_email_post_to_subs":false,"_jetpack_newsletter_tier_id":0,"_jetpack_memberships_contains_paywalled_content":false,"_jetpack_memberships_contains_paid_content":false,"footnotes":"","jetpack_publicize_message":"","jetpack_publicize_feature_enabled":true,"jetpack_social_post_already_shared":true,"jetpack_social_options":{"image_generator_settings":{"template":"highway","default_image_id":0,"font":"","enabled":false},"version":2}},"categories":[1],"tags":[],"class_list":["post-13341","post","type-post","status-publish","format-standard","has-post-thumbnail","hentry","category-sem-categoria"],"acf":[],"yoast_head":"<!-- This site is optimized with the Yoast SEO plugin v27.3 - https:\/\/yoast.com\/product\/yoast-seo-wordpress\/ -->\n<title>A Extraordin\u00e1ria Capacidade do Juc\u00e1 de Nos Surpreender | Blog do Guelmann<\/title>\n<meta name=\"robots\" content=\"index, follow, max-snippet:-1, max-image-preview:large, max-video-preview:-1\" \/>\n<link rel=\"canonical\" href=\"https:\/\/gersonguelmann.com.br\/blog\/a-extraordinaria-capacidade-do-juca-de-nos-surpreender\/\" \/>\n<meta property=\"og:locale\" content=\"pt_BR\" \/>\n<meta property=\"og:type\" content=\"article\" \/>\n<meta property=\"og:title\" content=\"A Extraordin\u00e1ria Capacidade do Juc\u00e1 de Nos Surpreender | Blog do Guelmann\" \/>\n<meta property=\"og:description\" content=\"J\u00e1 dediquei aqui palavras elogiosas (SQN) ao Juc\u00e1, diversas vezes. Sei que dele podemos esperar qualquer coisa, mas ainda assim confesso que ainda me surpreendo com a revela\u00e7\u00e3o de novas perip\u00e9cias do l\u00edder do governo o Senado. A mais recente \u00e9 esta que a Isto\u00c9 acaba de revelar: BRASIL O esquema imobili\u00e1rio de Juc\u00e1 Como [&hellip;]\" \/>\n<meta property=\"og:url\" content=\"https:\/\/gersonguelmann.com.br\/blog\/a-extraordinaria-capacidade-do-juca-de-nos-surpreender\/\" \/>\n<meta property=\"og:site_name\" content=\"Blog do Guelmann\" \/>\n<meta property=\"article:published_time\" content=\"2018-05-26T22:20:40+00:00\" \/>\n<meta property=\"article:modified_time\" content=\"2018-05-26T22:21:50+00:00\" \/>\n<meta property=\"og:image\" content=\"https:\/\/i0.wp.com\/gersonguelmann.com.br\/blog\/wp-content\/uploads\/2018\/05\/1-15.jpg?fit=1024%2C576&ssl=1\" \/>\n\t<meta property=\"og:image:width\" content=\"1024\" \/>\n\t<meta property=\"og:image:height\" content=\"576\" \/>\n\t<meta property=\"og:image:type\" content=\"image\/jpeg\" \/>\n<meta name=\"author\" content=\"Gerson Guelmann\" \/>\n<meta name=\"twitter:card\" content=\"summary_large_image\" \/>\n<meta name=\"twitter:label1\" content=\"Escrito por\" \/>\n\t<meta name=\"twitter:data1\" content=\"Gerson Guelmann\" \/>\n\t<meta name=\"twitter:label2\" content=\"Est. tempo de leitura\" \/>\n\t<meta name=\"twitter:data2\" content=\"5 minutos\" \/>\n<script type=\"application\/ld+json\" class=\"yoast-schema-graph\">{\"@context\":\"https:\\\/\\\/schema.org\",\"@graph\":[{\"@type\":\"Article\",\"@id\":\"https:\\\/\\\/gersonguelmann.com.br\\\/blog\\\/a-extraordinaria-capacidade-do-juca-de-nos-surpreender\\\/#article\",\"isPartOf\":{\"@id\":\"https:\\\/\\\/gersonguelmann.com.br\\\/blog\\\/a-extraordinaria-capacidade-do-juca-de-nos-surpreender\\\/\"},\"author\":{\"name\":\"Gerson Guelmann\",\"@id\":\"https:\\\/\\\/gersonguelmann.com.br\\\/blog\\\/#\\\/schema\\\/person\\\/87e70e2a786888082f941a482c90569e\"},\"headline\":\"A Extraordin\u00e1ria Capacidade do Juc\u00e1 de Nos Surpreender\",\"datePublished\":\"2018-05-26T22:20:40+00:00\",\"dateModified\":\"2018-05-26T22:21:50+00:00\",\"mainEntityOfPage\":{\"@id\":\"https:\\\/\\\/gersonguelmann.com.br\\\/blog\\\/a-extraordinaria-capacidade-do-juca-de-nos-surpreender\\\/\"},\"wordCount\":1059,\"commentCount\":0,\"image\":{\"@id\":\"https:\\\/\\\/gersonguelmann.com.br\\\/blog\\\/a-extraordinaria-capacidade-do-juca-de-nos-surpreender\\\/#primaryimage\"},\"thumbnailUrl\":\"https:\\\/\\\/i0.wp.com\\\/gersonguelmann.com.br\\\/blog\\\/wp-content\\\/uploads\\\/2018\\\/05\\\/1-15.jpg?fit=1024%2C576&ssl=1\",\"inLanguage\":\"pt-BR\",\"potentialAction\":[{\"@type\":\"CommentAction\",\"name\":\"Comment\",\"target\":[\"https:\\\/\\\/gersonguelmann.com.br\\\/blog\\\/a-extraordinaria-capacidade-do-juca-de-nos-surpreender\\\/#respond\"]}]},{\"@type\":\"WebPage\",\"@id\":\"https:\\\/\\\/gersonguelmann.com.br\\\/blog\\\/a-extraordinaria-capacidade-do-juca-de-nos-surpreender\\\/\",\"url\":\"https:\\\/\\\/gersonguelmann.com.br\\\/blog\\\/a-extraordinaria-capacidade-do-juca-de-nos-surpreender\\\/\",\"name\":\"A Extraordin\u00e1ria Capacidade do Juc\u00e1 de Nos Surpreender | Blog do Guelmann\",\"isPartOf\":{\"@id\":\"https:\\\/\\\/gersonguelmann.com.br\\\/blog\\\/#website\"},\"primaryImageOfPage\":{\"@id\":\"https:\\\/\\\/gersonguelmann.com.br\\\/blog\\\/a-extraordinaria-capacidade-do-juca-de-nos-surpreender\\\/#primaryimage\"},\"image\":{\"@id\":\"https:\\\/\\\/gersonguelmann.com.br\\\/blog\\\/a-extraordinaria-capacidade-do-juca-de-nos-surpreender\\\/#primaryimage\"},\"thumbnailUrl\":\"https:\\\/\\\/i0.wp.com\\\/gersonguelmann.com.br\\\/blog\\\/wp-content\\\/uploads\\\/2018\\\/05\\\/1-15.jpg?fit=1024%2C576&ssl=1\",\"datePublished\":\"2018-05-26T22:20:40+00:00\",\"dateModified\":\"2018-05-26T22:21:50+00:00\",\"author\":{\"@id\":\"https:\\\/\\\/gersonguelmann.com.br\\\/blog\\\/#\\\/schema\\\/person\\\/87e70e2a786888082f941a482c90569e\"},\"inLanguage\":\"pt-BR\",\"potentialAction\":[{\"@type\":\"ReadAction\",\"target\":[\"https:\\\/\\\/gersonguelmann.com.br\\\/blog\\\/a-extraordinaria-capacidade-do-juca-de-nos-surpreender\\\/\"]}]},{\"@type\":\"ImageObject\",\"inLanguage\":\"pt-BR\",\"@id\":\"https:\\\/\\\/gersonguelmann.com.br\\\/blog\\\/a-extraordinaria-capacidade-do-juca-de-nos-surpreender\\\/#primaryimage\",\"url\":\"https:\\\/\\\/i0.wp.com\\\/gersonguelmann.com.br\\\/blog\\\/wp-content\\\/uploads\\\/2018\\\/05\\\/1-15.jpg?fit=1024%2C576&ssl=1\",\"contentUrl\":\"https:\\\/\\\/i0.wp.com\\\/gersonguelmann.com.br\\\/blog\\\/wp-content\\\/uploads\\\/2018\\\/05\\\/1-15.jpg?fit=1024%2C576&ssl=1\",\"width\":1024,\"height\":576},{\"@type\":\"WebSite\",\"@id\":\"https:\\\/\\\/gersonguelmann.com.br\\\/blog\\\/#website\",\"url\":\"https:\\\/\\\/gersonguelmann.com.br\\\/blog\\\/\",\"name\":\"Blog do Guelmann\",\"description\":\"Pitadas da sabedoria e do humor judaicos, assuntos do momento e um pouco das hist\u00f3rias que vivi e testemunhei.\",\"potentialAction\":[{\"@type\":\"SearchAction\",\"target\":{\"@type\":\"EntryPoint\",\"urlTemplate\":\"https:\\\/\\\/gersonguelmann.com.br\\\/blog\\\/?s={search_term_string}\"},\"query-input\":{\"@type\":\"PropertyValueSpecification\",\"valueRequired\":true,\"valueName\":\"search_term_string\"}}],\"inLanguage\":\"pt-BR\"},{\"@type\":\"Person\",\"@id\":\"https:\\\/\\\/gersonguelmann.com.br\\\/blog\\\/#\\\/schema\\\/person\\\/87e70e2a786888082f941a482c90569e\",\"name\":\"Gerson Guelmann\",\"image\":{\"@type\":\"ImageObject\",\"inLanguage\":\"pt-BR\",\"@id\":\"https:\\\/\\\/i0.wp.com\\\/gersonguelmann.com.br\\\/blog\\\/wp-content\\\/uploads\\\/2021\\\/08\\\/BLOG.jpeg?fit=96%2C96&ssl=1\",\"url\":\"https:\\\/\\\/i0.wp.com\\\/gersonguelmann.com.br\\\/blog\\\/wp-content\\\/uploads\\\/2021\\\/08\\\/BLOG.jpeg?fit=96%2C96&ssl=1\",\"contentUrl\":\"https:\\\/\\\/i0.wp.com\\\/gersonguelmann.com.br\\\/blog\\\/wp-content\\\/uploads\\\/2021\\\/08\\\/BLOG.jpeg?fit=96%2C96&ssl=1\",\"caption\":\"Gerson Guelmann\"},\"description\":\"Pitadas da sabedoria e do humor judaicos, assuntos do momento e um pouco das hist\u00f3rias que vivi e testemunhei.\"}]}<\/script>\n<!-- \/ Yoast SEO plugin. -->","yoast_head_json":{"title":"A Extraordin\u00e1ria Capacidade do Juc\u00e1 de Nos Surpreender | Blog do Guelmann","robots":{"index":"index","follow":"follow","max-snippet":"max-snippet:-1","max-image-preview":"max-image-preview:large","max-video-preview":"max-video-preview:-1"},"canonical":"https:\/\/gersonguelmann.com.br\/blog\/a-extraordinaria-capacidade-do-juca-de-nos-surpreender\/","og_locale":"pt_BR","og_type":"article","og_title":"A Extraordin\u00e1ria Capacidade do Juc\u00e1 de Nos Surpreender | Blog do Guelmann","og_description":"J\u00e1 dediquei aqui palavras elogiosas (SQN) ao Juc\u00e1, diversas vezes. Sei que dele podemos esperar qualquer coisa, mas ainda assim confesso que ainda me surpreendo com a revela\u00e7\u00e3o de novas perip\u00e9cias do l\u00edder do governo o Senado. A mais recente \u00e9 esta que a Isto\u00c9 acaba de revelar: BRASIL O esquema imobili\u00e1rio de Juc\u00e1 Como [&hellip;]","og_url":"https:\/\/gersonguelmann.com.br\/blog\/a-extraordinaria-capacidade-do-juca-de-nos-surpreender\/","og_site_name":"Blog do Guelmann","article_published_time":"2018-05-26T22:20:40+00:00","article_modified_time":"2018-05-26T22:21:50+00:00","og_image":[{"width":1024,"height":576,"url":"https:\/\/i0.wp.com\/gersonguelmann.com.br\/blog\/wp-content\/uploads\/2018\/05\/1-15.jpg?fit=1024%2C576&ssl=1","type":"image\/jpeg"}],"author":"Gerson Guelmann","twitter_card":"summary_large_image","twitter_misc":{"Escrito por":"Gerson Guelmann","Est. tempo de leitura":"5 minutos"},"schema":{"@context":"https:\/\/schema.org","@graph":[{"@type":"Article","@id":"https:\/\/gersonguelmann.com.br\/blog\/a-extraordinaria-capacidade-do-juca-de-nos-surpreender\/#article","isPartOf":{"@id":"https:\/\/gersonguelmann.com.br\/blog\/a-extraordinaria-capacidade-do-juca-de-nos-surpreender\/"},"author":{"name":"Gerson Guelmann","@id":"https:\/\/gersonguelmann.com.br\/blog\/#\/schema\/person\/87e70e2a786888082f941a482c90569e"},"headline":"A Extraordin\u00e1ria Capacidade do Juc\u00e1 de Nos Surpreender","datePublished":"2018-05-26T22:20:40+00:00","dateModified":"2018-05-26T22:21:50+00:00","mainEntityOfPage":{"@id":"https:\/\/gersonguelmann.com.br\/blog\/a-extraordinaria-capacidade-do-juca-de-nos-surpreender\/"},"wordCount":1059,"commentCount":0,"image":{"@id":"https:\/\/gersonguelmann.com.br\/blog\/a-extraordinaria-capacidade-do-juca-de-nos-surpreender\/#primaryimage"},"thumbnailUrl":"https:\/\/i0.wp.com\/gersonguelmann.com.br\/blog\/wp-content\/uploads\/2018\/05\/1-15.jpg?fit=1024%2C576&ssl=1","inLanguage":"pt-BR","potentialAction":[{"@type":"CommentAction","name":"Comment","target":["https:\/\/gersonguelmann.com.br\/blog\/a-extraordinaria-capacidade-do-juca-de-nos-surpreender\/#respond"]}]},{"@type":"WebPage","@id":"https:\/\/gersonguelmann.com.br\/blog\/a-extraordinaria-capacidade-do-juca-de-nos-surpreender\/","url":"https:\/\/gersonguelmann.com.br\/blog\/a-extraordinaria-capacidade-do-juca-de-nos-surpreender\/","name":"A Extraordin\u00e1ria Capacidade do Juc\u00e1 de Nos Surpreender | Blog do Guelmann","isPartOf":{"@id":"https:\/\/gersonguelmann.com.br\/blog\/#website"},"primaryImageOfPage":{"@id":"https:\/\/gersonguelmann.com.br\/blog\/a-extraordinaria-capacidade-do-juca-de-nos-surpreender\/#primaryimage"},"image":{"@id":"https:\/\/gersonguelmann.com.br\/blog\/a-extraordinaria-capacidade-do-juca-de-nos-surpreender\/#primaryimage"},"thumbnailUrl":"https:\/\/i0.wp.com\/gersonguelmann.com.br\/blog\/wp-content\/uploads\/2018\/05\/1-15.jpg?fit=1024%2C576&ssl=1","datePublished":"2018-05-26T22:20:40+00:00","dateModified":"2018-05-26T22:21:50+00:00","author":{"@id":"https:\/\/gersonguelmann.com.br\/blog\/#\/schema\/person\/87e70e2a786888082f941a482c90569e"},"inLanguage":"pt-BR","potentialAction":[{"@type":"ReadAction","target":["https:\/\/gersonguelmann.com.br\/blog\/a-extraordinaria-capacidade-do-juca-de-nos-surpreender\/"]}]},{"@type":"ImageObject","inLanguage":"pt-BR","@id":"https:\/\/gersonguelmann.com.br\/blog\/a-extraordinaria-capacidade-do-juca-de-nos-surpreender\/#primaryimage","url":"https:\/\/i0.wp.com\/gersonguelmann.com.br\/blog\/wp-content\/uploads\/2018\/05\/1-15.jpg?fit=1024%2C576&ssl=1","contentUrl":"https:\/\/i0.wp.com\/gersonguelmann.com.br\/blog\/wp-content\/uploads\/2018\/05\/1-15.jpg?fit=1024%2C576&ssl=1","width":1024,"height":576},{"@type":"WebSite","@id":"https:\/\/gersonguelmann.com.br\/blog\/#website","url":"https:\/\/gersonguelmann.com.br\/blog\/","name":"Blog do Guelmann","description":"Pitadas da sabedoria e do humor judaicos, assuntos do momento e um pouco das hist\u00f3rias que vivi e testemunhei.","potentialAction":[{"@type":"SearchAction","target":{"@type":"EntryPoint","urlTemplate":"https:\/\/gersonguelmann.com.br\/blog\/?s={search_term_string}"},"query-input":{"@type":"PropertyValueSpecification","valueRequired":true,"valueName":"search_term_string"}}],"inLanguage":"pt-BR"},{"@type":"Person","@id":"https:\/\/gersonguelmann.com.br\/blog\/#\/schema\/person\/87e70e2a786888082f941a482c90569e","name":"Gerson Guelmann","image":{"@type":"ImageObject","inLanguage":"pt-BR","@id":"https:\/\/i0.wp.com\/gersonguelmann.com.br\/blog\/wp-content\/uploads\/2021\/08\/BLOG.jpeg?fit=96%2C96&ssl=1","url":"https:\/\/i0.wp.com\/gersonguelmann.com.br\/blog\/wp-content\/uploads\/2021\/08\/BLOG.jpeg?fit=96%2C96&ssl=1","contentUrl":"https:\/\/i0.wp.com\/gersonguelmann.com.br\/blog\/wp-content\/uploads\/2021\/08\/BLOG.jpeg?fit=96%2C96&ssl=1","caption":"Gerson Guelmann"},"description":"Pitadas da sabedoria e do humor judaicos, assuntos do momento e um pouco das hist\u00f3rias que vivi e testemunhei."}]}},"views":26,"jetpack_publicize_connections":[],"jetpack_featured_media_url":"https:\/\/i0.wp.com\/gersonguelmann.com.br\/blog\/wp-content\/uploads\/2018\/05\/1-15.jpg?fit=1024%2C576&ssl=1","jetpack_shortlink":"https:\/\/wp.me\/p96e7O-3tb","jetpack-related-posts":[{"id":4997,"url":"https:\/\/gersonguelmann.com.br\/blog\/o-pmdb-o-juca-e-o-tiro-no-pe\/","url_meta":{"origin":13341,"position":0},"title":"O PMDB, o Juc\u00e1 e o Tiro no P\u00e9","author":"Gerson Guelmann","date":"28 de novembro de 2017","format":false,"excerpt":"Meus amigos sabem que gosto de campanhas pol\u00edticas.\u00a0Realmente gosto, e muito.\u00a0 J\u00e1 ganhei muitas elei\u00e7\u00f5es e perdi outras tantas (ganhar \u00e9 melhor...). J\u00e1 me chamaram de \"marqueteiro\" mas n\u00e3o me julgo merecedor dessa denomina\u00e7\u00e3o porque, honestamente, falta-me compet\u00eancia para isso. Sou um mero \"resolvedor\" de problemas pr\u00e1ticos do dia-a-dia das\u2026","rel":"","context":"Em &quot;Sem categoria&quot;","block_context":{"text":"Sem categoria","link":"https:\/\/gersonguelmann.com.br\/blog\/category\/sem-categoria\/"},"img":{"alt_text":"","src":"https:\/\/i0.wp.com\/gersonguelmann.com.br\/blog\/wp-content\/uploads\/2017\/11\/Juc%C3%A1-300x168.jpg?resize=350%2C200&ssl=1","width":350,"height":200},"classes":[]},{"id":20649,"url":"https:\/\/gersonguelmann.com.br\/blog\/mae-dinah-juca-chaves-e-as-previsoes-para-o-ano-novo\/","url_meta":{"origin":13341,"position":1},"title":"M\u00e3e Din\u00e1h, Juca Chaves e as Previs\u00f5es Para o Ano Novo","author":"Gerson Guelmann","date":"31 de dezembro de 2020","format":false,"excerpt":"Hoje lembrei da M\u00e3e Din\u00e1h, j\u00e1 falecida, que ficou famosa por suas previs\u00f5es - quase sempre furadas. Ela previu, p.ex., que o Collor faria um \u00f3timo governo. Um outro progn\u00f3stico, esse relacionado \u00e0 uma fatalidade, foi o de que Ayrton Senna ganharia a corrida na qual acabou se acidentando e\u2026","rel":"","context":"Em &quot;Sem categoria&quot;","block_context":{"text":"Sem categoria","link":"https:\/\/gersonguelmann.com.br\/blog\/category\/sem-categoria\/"},"img":{"alt_text":"","src":"https:\/\/i0.wp.com\/gersonguelmann.com.br\/blog\/wp-content\/uploads\/2020\/12\/Juca_Chaves-206x300.jpg?resize=350%2C200&ssl=1","width":350,"height":200},"classes":[]},{"id":2177,"url":"https:\/\/gersonguelmann.com.br\/blog\/parem-de-perseguir-o-pobre-juca\/","url_meta":{"origin":13341,"position":2},"title":"Parem de perseguir o pobre Juc\u00e1!","author":"Gerson Guelmann","date":"28 de setembro de 2017","format":false,"excerpt":"A Pol\u00edcia Federal, o Minist\u00e9rio P\u00fablico Federal e a Deusa Romana Fortuna precisam parar de perseguir o pobre Juc\u00e1 e seus filhos.\u00a0 Imagine se os rapazes, criados \u00e0 sombra do modelo de \u00e9tica do pai, seriam capazes de fazer alguma tram\u00f3ia com o Minha Casa Minha Vida. \u00a0","rel":"","context":"Em &quot;Sem categoria&quot;","block_context":{"text":"Sem categoria","link":"https:\/\/gersonguelmann.com.br\/blog\/category\/sem-categoria\/"},"img":{"alt_text":"","src":"https:\/\/i0.wp.com\/gersonguelmann.com.br\/blog\/wp-content\/uploads\/2017\/09\/fortuna-1-191x300.jpg?resize=350%2C200&ssl=1","width":350,"height":200},"classes":[]},{"id":647,"url":"https:\/\/gersonguelmann.com.br\/blog\/duas-coisas-que-aprendi-com-idade\/","url_meta":{"origin":13341,"position":3},"title":"Duas coisas que aprendi com a idade:","author":"Gerson Guelmann","date":"31 de julho de 2017","format":false,"excerpt":"Paranaenses em geral e torcedores do Coxa entender\u00e3o: 1 - quando voc\u00ea \u00e9 esculachado pelo Juc\u00e1, e 2 - quando voc\u00ea precisa torcer pelo Vasco, est\u00e1 mais do que na hora de mudar o rumo da tua vida\u2026 fonte: Iara Santos\/Slideshare","rel":"","context":"Em &quot;Sem categoria&quot;","block_context":{"text":"Sem categoria","link":"https:\/\/gersonguelmann.com.br\/blog\/category\/sem-categoria\/"},"img":{"alt_text":"","src":"https:\/\/i0.wp.com\/gersonguelmann.com.br\/blog\/wp-content\/uploads\/2017\/07\/Coisas-300x225.jpg?resize=350%2C200&ssl=1","width":350,"height":200},"classes":[]},{"id":9795,"url":"https:\/\/gersonguelmann.com.br\/blog\/passa-passa-um-aviao-sera-ele-ou-nao\/","url_meta":{"origin":13341,"position":4},"title":"Passa, Passa, Um Avi\u00e3o, Ser\u00e1 Ele Ou N\u00e3o?","author":"Gerson Guelmann","date":"8 de mar\u00e7o de 2018","format":false,"excerpt":"Os (bem) antigos lembrar\u00e3o desse trecho da m\u00fasica do grande cantor e humorista Juca Chaves, conhecido por suas s\u00e1tiras. Essa ele comp\u00f4s para brincar com o ex-presidente Juscelino\u00a0Kubitschek, famoso por gostar de usar o avi\u00e3o oficial. J\u00e1 falei aqui sobre o presidente da C\u00e2mara, Rodrigo Maia, que ano passado fez\u2026","rel":"","context":"Em &quot;Sem categoria&quot;","block_context":{"text":"Sem categoria","link":"https:\/\/gersonguelmann.com.br\/blog\/category\/sem-categoria\/"},"img":{"alt_text":"","src":"https:\/\/i0.wp.com\/gersonguelmann.com.br\/blog\/wp-content\/uploads\/2018\/03\/RM-300x168.jpg?resize=350%2C200&ssl=1","width":350,"height":200},"classes":[]},{"id":11824,"url":"https:\/\/gersonguelmann.com.br\/blog\/a-guerra-entre-coxinhas-e-mortadelas\/","url_meta":{"origin":13341,"position":5},"title":"A Guerra Entre Coxinhas e Mortadelas","author":"Gerson Guelmann","date":"19 de abril de 2018","format":false,"excerpt":"O texto abaixo come\u00e7ou a circular h\u00e1 poucos dias. A autoria \u00e9 desconhecida. V\u00e1rios Blogs o compartilharam. A explica\u00e7\u00e3o \u00e9 que em um grupo de WhatsApp um adepto do Lula fez um coment\u00e1rio endere\u00e7ado a um amigo que \u00e9 contra o ex-presidente, da seguinte forma: -\u00a0\"Voc\u00eas nos acusam de idolatrar\u2026","rel":"","context":"Em &quot;Sem categoria&quot;","block_context":{"text":"Sem categoria","link":"https:\/\/gersonguelmann.com.br\/blog\/category\/sem-categoria\/"},"img":{"alt_text":"","src":"https:\/\/i0.wp.com\/gersonguelmann.com.br\/blog\/wp-content\/uploads\/2018\/04\/coxmort.jpg?fit=699%2C435&ssl=1&resize=350%2C200","width":350,"height":200,"srcset":"https:\/\/i0.wp.com\/gersonguelmann.com.br\/blog\/wp-content\/uploads\/2018\/04\/coxmort.jpg?fit=699%2C435&ssl=1&resize=350%2C200 1x, https:\/\/i0.wp.com\/gersonguelmann.com.br\/blog\/wp-content\/uploads\/2018\/04\/coxmort.jpg?fit=699%2C435&ssl=1&resize=525%2C300 1.5x"},"classes":[]}],"jetpack_sharing_enabled":true,"post_mailing_queue_ids":[],"_links":{"self":[{"href":"https:\/\/gersonguelmann.com.br\/blog\/wp-json\/wp\/v2\/posts\/13341","targetHints":{"allow":["GET"]}}],"collection":[{"href":"https:\/\/gersonguelmann.com.br\/blog\/wp-json\/wp\/v2\/posts"}],"about":[{"href":"https:\/\/gersonguelmann.com.br\/blog\/wp-json\/wp\/v2\/types\/post"}],"author":[{"embeddable":true,"href":"https:\/\/gersonguelmann.com.br\/blog\/wp-json\/wp\/v2\/users\/5"}],"replies":[{"embeddable":true,"href":"https:\/\/gersonguelmann.com.br\/blog\/wp-json\/wp\/v2\/comments?post=13341"}],"version-history":[{"count":0,"href":"https:\/\/gersonguelmann.com.br\/blog\/wp-json\/wp\/v2\/posts\/13341\/revisions"}],"wp:featuredmedia":[{"embeddable":true,"href":"https:\/\/gersonguelmann.com.br\/blog\/wp-json\/wp\/v2\/media\/13342"}],"wp:attachment":[{"href":"https:\/\/gersonguelmann.com.br\/blog\/wp-json\/wp\/v2\/media?parent=13341"}],"wp:term":[{"taxonomy":"category","embeddable":true,"href":"https:\/\/gersonguelmann.com.br\/blog\/wp-json\/wp\/v2\/categories?post=13341"},{"taxonomy":"post_tag","embeddable":true,"href":"https:\/\/gersonguelmann.com.br\/blog\/wp-json\/wp\/v2\/tags?post=13341"}],"curies":[{"name":"wp","href":"https:\/\/api.w.org\/{rel}","templated":true}]}}