    {"id":13348,"date":"2018-05-26T20:24:27","date_gmt":"2018-05-26T23:24:27","guid":{"rendered":"https:\/\/gersonguelmann.com.br\/blog\/?p=13348"},"modified":"2018-05-26T20:24:27","modified_gmt":"2018-05-26T23:24:27","slug":"coisas-que-para-mim-nao-podem-faltar","status":"publish","type":"post","link":"https:\/\/gersonguelmann.com.br\/blog\/coisas-que-para-mim-nao-podem-faltar\/","title":{"rendered":"Coisas Que Para Mim N\u00e3o Podem Faltar"},"content":{"rendered":"<p><img data-recalc-dims=\"1\" fetchpriority=\"high\" decoding=\"async\" data-attachment-id=\"13349\" data-permalink=\"https:\/\/gersonguelmann.com.br\/blog\/coisas-que-para-mim-nao-podem-faltar\/jilo\/\" data-orig-file=\"https:\/\/i0.wp.com\/gersonguelmann.com.br\/blog\/wp-content\/uploads\/2018\/05\/Jil%C3%B3.jpg?fit=630%2C350&amp;ssl=1\" data-orig-size=\"630,350\" data-comments-opened=\"1\" data-image-meta=\"{&quot;aperture&quot;:&quot;0&quot;,&quot;credit&quot;:&quot;&quot;,&quot;camera&quot;:&quot;&quot;,&quot;caption&quot;:&quot;&quot;,&quot;created_timestamp&quot;:&quot;0&quot;,&quot;copyright&quot;:&quot;&quot;,&quot;focal_length&quot;:&quot;0&quot;,&quot;iso&quot;:&quot;0&quot;,&quot;shutter_speed&quot;:&quot;0&quot;,&quot;title&quot;:&quot;&quot;,&quot;orientation&quot;:&quot;0&quot;}\" data-image-title=\"Jil\u00f3\" data-image-description=\"\" data-image-caption=\"\" data-medium-file=\"https:\/\/i0.wp.com\/gersonguelmann.com.br\/blog\/wp-content\/uploads\/2018\/05\/Jil%C3%B3.jpg?fit=300%2C167&amp;ssl=1\" data-large-file=\"https:\/\/i0.wp.com\/gersonguelmann.com.br\/blog\/wp-content\/uploads\/2018\/05\/Jil%C3%B3.jpg?fit=630%2C350&amp;ssl=1\" class=\"size-medium wp-image-13349 aligncenter\" src=\"https:\/\/i0.wp.com\/gersonguelmann.com.br\/blog\/wp-content\/uploads\/2018\/05\/Jil%C3%B3.jpg?resize=300%2C167&#038;ssl=1\" alt=\"\" width=\"300\" height=\"167\" srcset=\"https:\/\/i0.wp.com\/gersonguelmann.com.br\/blog\/wp-content\/uploads\/2018\/05\/Jil%C3%B3.jpg?resize=300%2C167&amp;ssl=1 300w, https:\/\/i0.wp.com\/gersonguelmann.com.br\/blog\/wp-content\/uploads\/2018\/05\/Jil%C3%B3.jpg?w=630&amp;ssl=1 630w\" sizes=\"(max-width: 300px) 100vw, 300px\" \/><\/p>\n<p><span style=\"font-family: georgia, palatino, serif; font-size: 18pt; color: #000000;\">Com a situa\u00e7\u00e3o de desabastecimento que estamos vivendo em raz\u00e3o da greve de caminhoneiros, me coloquei a pensar acerca dos itens cuja falta pode me trazer preocupa\u00e7\u00e3o:<\/span><\/p>\n<p><span style=\"font-family: georgia, palatino, serif; font-size: 18pt; color: #000000;\">Mas a\u00ed conclu\u00ed que \u00e9 mais f\u00e1cil anotar aquilo que jamais me faria falta.<\/span><\/p>\n<p><span style=\"font-family: georgia, palatino, serif; font-size: 18pt; color: #000000;\">J\u00e1 parou para pensar na tua lista?<\/span><\/p>\n<p><span style=\"font-family: georgia, palatino, serif; font-size: 18pt; color: #000000;\">A minha \u00e9 a seguinte:<\/span><\/p>\n<p><span style=\"font-family: georgia, palatino, serif; font-size: 18pt; color: #000000;\">* Quiabo<\/span><br \/>\n<span style=\"font-family: georgia, palatino, serif; font-size: 18pt; color: #000000;\">* Coentro<\/span><br \/>\n<span style=\"font-family: georgia, palatino, serif; font-size: 18pt; color: #000000;\">* Batata salsa<\/span><br \/>\n<span style=\"font-family: georgia, palatino, serif; font-size: 18pt; color: #000000;\">* Erva-doce\/funcho<\/span><br \/>\n<span style=\"font-family: georgia, palatino, serif; font-size: 18pt; color: #000000;\">* Chuchu<\/span><br \/>\n<span style=\"font-family: georgia, palatino, serif; font-size: 18pt; color: #000000;\">* Abobrinha<\/span><br \/>\n<span style=\"font-family: georgia, palatino, serif; font-size: 18pt; color: #000000;\">* Jil\u00f3\u00a0<\/span><br \/>\n<span style=\"font-family: georgia, palatino, serif; font-size: 18pt; color: #000000;\">* P\u00e9 e pesco\u00e7o de galinha<\/span><\/p>\n<p style=\"text-align: center;\"><img data-recalc-dims=\"1\" decoding=\"async\" data-attachment-id=\"13350\" data-permalink=\"https:\/\/gersonguelmann.com.br\/blog\/coisas-que-para-mim-nao-podem-faltar\/coentro\/\" data-orig-file=\"https:\/\/i0.wp.com\/gersonguelmann.com.br\/blog\/wp-content\/uploads\/2018\/05\/Coentro.jpg?fit=630%2C418&amp;ssl=1\" data-orig-size=\"630,418\" data-comments-opened=\"1\" data-image-meta=\"{&quot;aperture&quot;:&quot;0&quot;,&quot;credit&quot;:&quot;&quot;,&quot;camera&quot;:&quot;&quot;,&quot;caption&quot;:&quot;&quot;,&quot;created_timestamp&quot;:&quot;0&quot;,&quot;copyright&quot;:&quot;&quot;,&quot;focal_length&quot;:&quot;0&quot;,&quot;iso&quot;:&quot;0&quot;,&quot;shutter_speed&quot;:&quot;0&quot;,&quot;title&quot;:&quot;&quot;,&quot;orientation&quot;:&quot;0&quot;}\" data-image-title=\"Coentro\" data-image-description=\"\" data-image-caption=\"\" data-medium-file=\"https:\/\/i0.wp.com\/gersonguelmann.com.br\/blog\/wp-content\/uploads\/2018\/05\/Coentro.jpg?fit=300%2C199&amp;ssl=1\" data-large-file=\"https:\/\/i0.wp.com\/gersonguelmann.com.br\/blog\/wp-content\/uploads\/2018\/05\/Coentro.jpg?fit=630%2C418&amp;ssl=1\" class=\"alignnone size-medium wp-image-13350\" src=\"https:\/\/i0.wp.com\/gersonguelmann.com.br\/blog\/wp-content\/uploads\/2018\/05\/Coentro.jpg?resize=300%2C199&#038;ssl=1\" alt=\"\" width=\"300\" height=\"199\" srcset=\"https:\/\/i0.wp.com\/gersonguelmann.com.br\/blog\/wp-content\/uploads\/2018\/05\/Coentro.jpg?resize=300%2C199&amp;ssl=1 300w, https:\/\/i0.wp.com\/gersonguelmann.com.br\/blog\/wp-content\/uploads\/2018\/05\/Coentro.jpg?w=630&amp;ssl=1 630w\" sizes=\"(max-width: 300px) 100vw, 300px\" \/><\/p>\n","protected":false},"excerpt":{"rendered":"<p>Com a situa\u00e7\u00e3o de desabastecimento que estamos vivendo em raz\u00e3o da greve de caminhoneiros, me coloquei a pensar acerca dos itens cuja falta pode me trazer preocupa\u00e7\u00e3o: Mas a\u00ed conclu\u00ed que \u00e9 mais f\u00e1cil anotar aquilo que jamais me faria falta. J\u00e1 parou para pensar na tua lista? A minha \u00e9 a seguinte: * Quiabo [&hellip;]<\/p>\n","protected":false},"author":5,"featured_media":13349,"comment_status":"open","ping_status":"open","sticky":false,"template":"","format":"standard","meta":{"_acf_changed":false,"jetpack_post_was_ever_published":false,"_jetpack_newsletter_access":"","_jetpack_dont_email_post_to_subs":false,"_jetpack_newsletter_tier_id":0,"_jetpack_memberships_contains_paywalled_content":false,"_jetpack_memberships_contains_paid_content":false,"footnotes":"","jetpack_publicize_message":"","jetpack_publicize_feature_enabled":true,"jetpack_social_post_already_shared":true,"jetpack_social_options":{"image_generator_settings":{"template":"highway","default_image_id":0,"font":"","enabled":false},"version":2}},"categories":[1],"tags":[],"class_list":["post-13348","post","type-post","status-publish","format-standard","has-post-thumbnail","hentry","category-sem-categoria"],"acf":[],"yoast_head":"<!-- This site is optimized with the Yoast SEO plugin v27.3 - https:\/\/yoast.com\/product\/yoast-seo-wordpress\/ -->\n<title>Coisas Que Para Mim N\u00e3o Podem Faltar | Blog do Guelmann<\/title>\n<meta name=\"robots\" content=\"index, follow, max-snippet:-1, max-image-preview:large, max-video-preview:-1\" \/>\n<link rel=\"canonical\" href=\"https:\/\/gersonguelmann.com.br\/blog\/coisas-que-para-mim-nao-podem-faltar\/\" \/>\n<meta property=\"og:locale\" content=\"pt_BR\" \/>\n<meta property=\"og:type\" content=\"article\" \/>\n<meta property=\"og:title\" content=\"Coisas Que Para Mim N\u00e3o Podem Faltar | Blog do Guelmann\" \/>\n<meta property=\"og:description\" content=\"Com a situa\u00e7\u00e3o de desabastecimento que estamos vivendo em raz\u00e3o da greve de caminhoneiros, me coloquei a pensar acerca dos itens cuja falta pode me trazer preocupa\u00e7\u00e3o: Mas a\u00ed conclu\u00ed que \u00e9 mais f\u00e1cil anotar aquilo que jamais me faria falta. J\u00e1 parou para pensar na tua lista? A minha \u00e9 a seguinte: * Quiabo [&hellip;]\" \/>\n<meta property=\"og:url\" content=\"https:\/\/gersonguelmann.com.br\/blog\/coisas-que-para-mim-nao-podem-faltar\/\" \/>\n<meta property=\"og:site_name\" content=\"Blog do Guelmann\" \/>\n<meta property=\"article:published_time\" content=\"2018-05-26T23:24:27+00:00\" \/>\n<meta property=\"og:image\" content=\"https:\/\/i0.wp.com\/gersonguelmann.com.br\/blog\/wp-content\/uploads\/2018\/05\/Jil\u00f3.jpg?fit=630%2C350&ssl=1\" \/>\n\t<meta property=\"og:image:width\" content=\"630\" \/>\n\t<meta property=\"og:image:height\" content=\"350\" \/>\n\t<meta property=\"og:image:type\" content=\"image\/jpeg\" \/>\n<meta name=\"author\" content=\"Gerson Guelmann\" \/>\n<meta name=\"twitter:card\" content=\"summary_large_image\" \/>\n<meta name=\"twitter:label1\" content=\"Escrito por\" \/>\n\t<meta name=\"twitter:data1\" content=\"Gerson Guelmann\" \/>\n<script type=\"application\/ld+json\" class=\"yoast-schema-graph\">{\"@context\":\"https:\\\/\\\/schema.org\",\"@graph\":[{\"@type\":\"Article\",\"@id\":\"https:\\\/\\\/gersonguelmann.com.br\\\/blog\\\/coisas-que-para-mim-nao-podem-faltar\\\/#article\",\"isPartOf\":{\"@id\":\"https:\\\/\\\/gersonguelmann.com.br\\\/blog\\\/coisas-que-para-mim-nao-podem-faltar\\\/\"},\"author\":{\"name\":\"Gerson Guelmann\",\"@id\":\"https:\\\/\\\/gersonguelmann.com.br\\\/blog\\\/#\\\/schema\\\/person\\\/87e70e2a786888082f941a482c90569e\"},\"headline\":\"Coisas Que Para Mim N\u00e3o Podem Faltar\",\"datePublished\":\"2018-05-26T23:24:27+00:00\",\"mainEntityOfPage\":{\"@id\":\"https:\\\/\\\/gersonguelmann.com.br\\\/blog\\\/coisas-que-para-mim-nao-podem-faltar\\\/\"},\"wordCount\":78,\"commentCount\":0,\"image\":{\"@id\":\"https:\\\/\\\/gersonguelmann.com.br\\\/blog\\\/coisas-que-para-mim-nao-podem-faltar\\\/#primaryimage\"},\"thumbnailUrl\":\"https:\\\/\\\/i0.wp.com\\\/gersonguelmann.com.br\\\/blog\\\/wp-content\\\/uploads\\\/2018\\\/05\\\/Jil%C3%B3.jpg?fit=630%2C350&ssl=1\",\"inLanguage\":\"pt-BR\",\"potentialAction\":[{\"@type\":\"CommentAction\",\"name\":\"Comment\",\"target\":[\"https:\\\/\\\/gersonguelmann.com.br\\\/blog\\\/coisas-que-para-mim-nao-podem-faltar\\\/#respond\"]}]},{\"@type\":\"WebPage\",\"@id\":\"https:\\\/\\\/gersonguelmann.com.br\\\/blog\\\/coisas-que-para-mim-nao-podem-faltar\\\/\",\"url\":\"https:\\\/\\\/gersonguelmann.com.br\\\/blog\\\/coisas-que-para-mim-nao-podem-faltar\\\/\",\"name\":\"Coisas Que Para Mim N\u00e3o Podem Faltar | Blog do Guelmann\",\"isPartOf\":{\"@id\":\"https:\\\/\\\/gersonguelmann.com.br\\\/blog\\\/#website\"},\"primaryImageOfPage\":{\"@id\":\"https:\\\/\\\/gersonguelmann.com.br\\\/blog\\\/coisas-que-para-mim-nao-podem-faltar\\\/#primaryimage\"},\"image\":{\"@id\":\"https:\\\/\\\/gersonguelmann.com.br\\\/blog\\\/coisas-que-para-mim-nao-podem-faltar\\\/#primaryimage\"},\"thumbnailUrl\":\"https:\\\/\\\/i0.wp.com\\\/gersonguelmann.com.br\\\/blog\\\/wp-content\\\/uploads\\\/2018\\\/05\\\/Jil%C3%B3.jpg?fit=630%2C350&ssl=1\",\"datePublished\":\"2018-05-26T23:24:27+00:00\",\"author\":{\"@id\":\"https:\\\/\\\/gersonguelmann.com.br\\\/blog\\\/#\\\/schema\\\/person\\\/87e70e2a786888082f941a482c90569e\"},\"inLanguage\":\"pt-BR\",\"potentialAction\":[{\"@type\":\"ReadAction\",\"target\":[\"https:\\\/\\\/gersonguelmann.com.br\\\/blog\\\/coisas-que-para-mim-nao-podem-faltar\\\/\"]}]},{\"@type\":\"ImageObject\",\"inLanguage\":\"pt-BR\",\"@id\":\"https:\\\/\\\/gersonguelmann.com.br\\\/blog\\\/coisas-que-para-mim-nao-podem-faltar\\\/#primaryimage\",\"url\":\"https:\\\/\\\/i0.wp.com\\\/gersonguelmann.com.br\\\/blog\\\/wp-content\\\/uploads\\\/2018\\\/05\\\/Jil%C3%B3.jpg?fit=630%2C350&ssl=1\",\"contentUrl\":\"https:\\\/\\\/i0.wp.com\\\/gersonguelmann.com.br\\\/blog\\\/wp-content\\\/uploads\\\/2018\\\/05\\\/Jil%C3%B3.jpg?fit=630%2C350&ssl=1\",\"width\":630,\"height\":350},{\"@type\":\"WebSite\",\"@id\":\"https:\\\/\\\/gersonguelmann.com.br\\\/blog\\\/#website\",\"url\":\"https:\\\/\\\/gersonguelmann.com.br\\\/blog\\\/\",\"name\":\"Blog do Guelmann\",\"description\":\"Pitadas da sabedoria e do humor judaicos, assuntos do momento e um pouco das hist\u00f3rias que vivi e testemunhei.\",\"potentialAction\":[{\"@type\":\"SearchAction\",\"target\":{\"@type\":\"EntryPoint\",\"urlTemplate\":\"https:\\\/\\\/gersonguelmann.com.br\\\/blog\\\/?s={search_term_string}\"},\"query-input\":{\"@type\":\"PropertyValueSpecification\",\"valueRequired\":true,\"valueName\":\"search_term_string\"}}],\"inLanguage\":\"pt-BR\"},{\"@type\":\"Person\",\"@id\":\"https:\\\/\\\/gersonguelmann.com.br\\\/blog\\\/#\\\/schema\\\/person\\\/87e70e2a786888082f941a482c90569e\",\"name\":\"Gerson Guelmann\",\"image\":{\"@type\":\"ImageObject\",\"inLanguage\":\"pt-BR\",\"@id\":\"https:\\\/\\\/i0.wp.com\\\/gersonguelmann.com.br\\\/blog\\\/wp-content\\\/uploads\\\/2021\\\/08\\\/BLOG.jpeg?fit=96%2C96&ssl=1\",\"url\":\"https:\\\/\\\/i0.wp.com\\\/gersonguelmann.com.br\\\/blog\\\/wp-content\\\/uploads\\\/2021\\\/08\\\/BLOG.jpeg?fit=96%2C96&ssl=1\",\"contentUrl\":\"https:\\\/\\\/i0.wp.com\\\/gersonguelmann.com.br\\\/blog\\\/wp-content\\\/uploads\\\/2021\\\/08\\\/BLOG.jpeg?fit=96%2C96&ssl=1\",\"caption\":\"Gerson Guelmann\"},\"description\":\"Pitadas da sabedoria e do humor judaicos, assuntos do momento e um pouco das hist\u00f3rias que vivi e testemunhei.\"}]}<\/script>\n<!-- \/ Yoast SEO plugin. -->","yoast_head_json":{"title":"Coisas Que Para Mim N\u00e3o Podem Faltar | Blog do Guelmann","robots":{"index":"index","follow":"follow","max-snippet":"max-snippet:-1","max-image-preview":"max-image-preview:large","max-video-preview":"max-video-preview:-1"},"canonical":"https:\/\/gersonguelmann.com.br\/blog\/coisas-que-para-mim-nao-podem-faltar\/","og_locale":"pt_BR","og_type":"article","og_title":"Coisas Que Para Mim N\u00e3o Podem Faltar | Blog do Guelmann","og_description":"Com a situa\u00e7\u00e3o de desabastecimento que estamos vivendo em raz\u00e3o da greve de caminhoneiros, me coloquei a pensar acerca dos itens cuja falta pode me trazer preocupa\u00e7\u00e3o: Mas a\u00ed conclu\u00ed que \u00e9 mais f\u00e1cil anotar aquilo que jamais me faria falta. J\u00e1 parou para pensar na tua lista? A minha \u00e9 a seguinte: * Quiabo [&hellip;]","og_url":"https:\/\/gersonguelmann.com.br\/blog\/coisas-que-para-mim-nao-podem-faltar\/","og_site_name":"Blog do Guelmann","article_published_time":"2018-05-26T23:24:27+00:00","og_image":[{"width":630,"height":350,"url":"https:\/\/i0.wp.com\/gersonguelmann.com.br\/blog\/wp-content\/uploads\/2018\/05\/Jil\u00f3.jpg?fit=630%2C350&ssl=1","type":"image\/jpeg"}],"author":"Gerson Guelmann","twitter_card":"summary_large_image","twitter_misc":{"Escrito por":"Gerson Guelmann"},"schema":{"@context":"https:\/\/schema.org","@graph":[{"@type":"Article","@id":"https:\/\/gersonguelmann.com.br\/blog\/coisas-que-para-mim-nao-podem-faltar\/#article","isPartOf":{"@id":"https:\/\/gersonguelmann.com.br\/blog\/coisas-que-para-mim-nao-podem-faltar\/"},"author":{"name":"Gerson Guelmann","@id":"https:\/\/gersonguelmann.com.br\/blog\/#\/schema\/person\/87e70e2a786888082f941a482c90569e"},"headline":"Coisas Que Para Mim N\u00e3o Podem Faltar","datePublished":"2018-05-26T23:24:27+00:00","mainEntityOfPage":{"@id":"https:\/\/gersonguelmann.com.br\/blog\/coisas-que-para-mim-nao-podem-faltar\/"},"wordCount":78,"commentCount":0,"image":{"@id":"https:\/\/gersonguelmann.com.br\/blog\/coisas-que-para-mim-nao-podem-faltar\/#primaryimage"},"thumbnailUrl":"https:\/\/i0.wp.com\/gersonguelmann.com.br\/blog\/wp-content\/uploads\/2018\/05\/Jil%C3%B3.jpg?fit=630%2C350&ssl=1","inLanguage":"pt-BR","potentialAction":[{"@type":"CommentAction","name":"Comment","target":["https:\/\/gersonguelmann.com.br\/blog\/coisas-que-para-mim-nao-podem-faltar\/#respond"]}]},{"@type":"WebPage","@id":"https:\/\/gersonguelmann.com.br\/blog\/coisas-que-para-mim-nao-podem-faltar\/","url":"https:\/\/gersonguelmann.com.br\/blog\/coisas-que-para-mim-nao-podem-faltar\/","name":"Coisas Que Para Mim N\u00e3o Podem Faltar | Blog do Guelmann","isPartOf":{"@id":"https:\/\/gersonguelmann.com.br\/blog\/#website"},"primaryImageOfPage":{"@id":"https:\/\/gersonguelmann.com.br\/blog\/coisas-que-para-mim-nao-podem-faltar\/#primaryimage"},"image":{"@id":"https:\/\/gersonguelmann.com.br\/blog\/coisas-que-para-mim-nao-podem-faltar\/#primaryimage"},"thumbnailUrl":"https:\/\/i0.wp.com\/gersonguelmann.com.br\/blog\/wp-content\/uploads\/2018\/05\/Jil%C3%B3.jpg?fit=630%2C350&ssl=1","datePublished":"2018-05-26T23:24:27+00:00","author":{"@id":"https:\/\/gersonguelmann.com.br\/blog\/#\/schema\/person\/87e70e2a786888082f941a482c90569e"},"inLanguage":"pt-BR","potentialAction":[{"@type":"ReadAction","target":["https:\/\/gersonguelmann.com.br\/blog\/coisas-que-para-mim-nao-podem-faltar\/"]}]},{"@type":"ImageObject","inLanguage":"pt-BR","@id":"https:\/\/gersonguelmann.com.br\/blog\/coisas-que-para-mim-nao-podem-faltar\/#primaryimage","url":"https:\/\/i0.wp.com\/gersonguelmann.com.br\/blog\/wp-content\/uploads\/2018\/05\/Jil%C3%B3.jpg?fit=630%2C350&ssl=1","contentUrl":"https:\/\/i0.wp.com\/gersonguelmann.com.br\/blog\/wp-content\/uploads\/2018\/05\/Jil%C3%B3.jpg?fit=630%2C350&ssl=1","width":630,"height":350},{"@type":"WebSite","@id":"https:\/\/gersonguelmann.com.br\/blog\/#website","url":"https:\/\/gersonguelmann.com.br\/blog\/","name":"Blog do Guelmann","description":"Pitadas da sabedoria e do humor judaicos, assuntos do momento e um pouco das hist\u00f3rias que vivi e testemunhei.","potentialAction":[{"@type":"SearchAction","target":{"@type":"EntryPoint","urlTemplate":"https:\/\/gersonguelmann.com.br\/blog\/?s={search_term_string}"},"query-input":{"@type":"PropertyValueSpecification","valueRequired":true,"valueName":"search_term_string"}}],"inLanguage":"pt-BR"},{"@type":"Person","@id":"https:\/\/gersonguelmann.com.br\/blog\/#\/schema\/person\/87e70e2a786888082f941a482c90569e","name":"Gerson Guelmann","image":{"@type":"ImageObject","inLanguage":"pt-BR","@id":"https:\/\/i0.wp.com\/gersonguelmann.com.br\/blog\/wp-content\/uploads\/2021\/08\/BLOG.jpeg?fit=96%2C96&ssl=1","url":"https:\/\/i0.wp.com\/gersonguelmann.com.br\/blog\/wp-content\/uploads\/2021\/08\/BLOG.jpeg?fit=96%2C96&ssl=1","contentUrl":"https:\/\/i0.wp.com\/gersonguelmann.com.br\/blog\/wp-content\/uploads\/2021\/08\/BLOG.jpeg?fit=96%2C96&ssl=1","caption":"Gerson Guelmann"},"description":"Pitadas da sabedoria e do humor judaicos, assuntos do momento e um pouco das hist\u00f3rias que vivi e testemunhei."}]}},"views":44,"jetpack_publicize_connections":[],"jetpack_featured_media_url":"https:\/\/i0.wp.com\/gersonguelmann.com.br\/blog\/wp-content\/uploads\/2018\/05\/Jil%C3%B3.jpg?fit=630%2C350&ssl=1","jetpack_shortlink":"https:\/\/wp.me\/p96e7O-3ti","jetpack-related-posts":[{"id":1952,"url":"https:\/\/gersonguelmann.com.br\/blog\/a-falta-de-chuva-e-as-relacoes-conjugais\/","url_meta":{"origin":13348,"position":0},"title":"A Falta de Chuva e as Rela\u00e7\u00f5es Conjugais","author":"Gerson Guelmann","date":"23 de setembro de 2017","format":false,"excerpt":"A hist\u00f3ria \u00e9 ver\u00eddica e me permito n\u00e3o citar nomes porque um dos personagens ainda est\u00e1 entre n\u00f3s - e espero que tenha longa vida. Cidade do interior, marido e mulher rec\u00e9m casados foram morar na casa dos sogros dele. Poucos dias ap\u00f3s o casamento, ele resolveu ir ao clube\u2026","rel":"","context":"Em &quot;Sem categoria&quot;","block_context":{"text":"Sem categoria","link":"https:\/\/gersonguelmann.com.br\/blog\/category\/sem-categoria\/"},"img":{"alt_text":"","src":"https:\/\/i0.wp.com\/gersonguelmann.com.br\/blog\/wp-content\/uploads\/2017\/09\/Seca.jpg?fit=960%2C720&ssl=1&resize=350%2C200","width":350,"height":200,"srcset":"https:\/\/i0.wp.com\/gersonguelmann.com.br\/blog\/wp-content\/uploads\/2017\/09\/Seca.jpg?fit=960%2C720&ssl=1&resize=350%2C200 1x, https:\/\/i0.wp.com\/gersonguelmann.com.br\/blog\/wp-content\/uploads\/2017\/09\/Seca.jpg?fit=960%2C720&ssl=1&resize=525%2C300 1.5x, https:\/\/i0.wp.com\/gersonguelmann.com.br\/blog\/wp-content\/uploads\/2017\/09\/Seca.jpg?fit=960%2C720&ssl=1&resize=700%2C400 2x"},"classes":[]},{"id":20888,"url":"https:\/\/gersonguelmann.com.br\/blog\/quando-a-gente-morre-um-pouco-a-cada-dia\/","url_meta":{"origin":13348,"position":1},"title":"Quando a Gente Morre Um Pouco a Cada Dia","author":"Gerson Guelmann","date":"14 de janeiro de 2021","format":false,"excerpt":"Escrevo sob emo\u00e7\u00e3o muito grande. N\u00e3o h\u00e1 um Brasileiro que possa estar alheio ao drama que est\u00e1 transcorrendo em Manaus. PACIENTES EST\u00c3O MORRENDO SUFOCADOS POR FALTA DE OXIG\u00caNIO! O destaque \u00e9 para dar a medida da minha tristeza. N\u00e3o \u00e9 poss\u00edvel que 10 meses ap\u00f3s o in\u00edcio da pandemia as\u2026","rel":"","context":"Em &quot;Sem categoria&quot;","block_context":{"text":"Sem categoria","link":"https:\/\/gersonguelmann.com.br\/blog\/category\/sem-categoria\/"},"img":{"alt_text":"","src":"https:\/\/i0.wp.com\/gersonguelmann.com.br\/blog\/wp-content\/uploads\/2021\/01\/DESESPERO.jpg?fit=960%2C637&ssl=1&resize=350%2C200","width":350,"height":200,"srcset":"https:\/\/i0.wp.com\/gersonguelmann.com.br\/blog\/wp-content\/uploads\/2021\/01\/DESESPERO.jpg?fit=960%2C637&ssl=1&resize=350%2C200 1x, https:\/\/i0.wp.com\/gersonguelmann.com.br\/blog\/wp-content\/uploads\/2021\/01\/DESESPERO.jpg?fit=960%2C637&ssl=1&resize=525%2C300 1.5x, https:\/\/i0.wp.com\/gersonguelmann.com.br\/blog\/wp-content\/uploads\/2021\/01\/DESESPERO.jpg?fit=960%2C637&ssl=1&resize=700%2C400 2x"},"classes":[]},{"id":19067,"url":"https:\/\/gersonguelmann.com.br\/blog\/a-gente-fica-mais-inteligente-quando-envelhece-voce-concorda-com-isso\/","url_meta":{"origin":13348,"position":2},"title":"A Gente Fica Mais Inteligente Quando Envelhece. Voc\u00ea Concorda Com Isso?","author":"Gerson Guelmann","date":"2 de novembro de 2019","format":false,"excerpt":"Do portal SAPO: Quando se envelhece \u00e9-se mais inteligente e ningu\u00e9m d\u00e1 por isso 23\u00a0out\u00a02019\u00a009:59 A opini\u00e3o de Patr\u00edcia Reis Falta-me um ano para chegar aos 50, mas j\u00e1 tenho \u00f3culos h\u00e1 d\u00e9cadas, falta um ano mas j\u00e1 n\u00e3o subo escadas com a mesma agilidade dos 40, falta um ano\u2026","rel":"","context":"Em &quot;Sem categoria&quot;","block_context":{"text":"Sem categoria","link":"https:\/\/gersonguelmann.com.br\/blog\/category\/sem-categoria\/"},"img":{"alt_text":"","src":"https:\/\/i0.wp.com\/gersonguelmann.com.br\/blog\/wp-content\/uploads\/2019\/11\/Idoso.jpeg?fit=1200%2C795&ssl=1&resize=350%2C200","width":350,"height":200,"srcset":"https:\/\/i0.wp.com\/gersonguelmann.com.br\/blog\/wp-content\/uploads\/2019\/11\/Idoso.jpeg?fit=1200%2C795&ssl=1&resize=350%2C200 1x, https:\/\/i0.wp.com\/gersonguelmann.com.br\/blog\/wp-content\/uploads\/2019\/11\/Idoso.jpeg?fit=1200%2C795&ssl=1&resize=525%2C300 1.5x, https:\/\/i0.wp.com\/gersonguelmann.com.br\/blog\/wp-content\/uploads\/2019\/11\/Idoso.jpeg?fit=1200%2C795&ssl=1&resize=700%2C400 2x, https:\/\/i0.wp.com\/gersonguelmann.com.br\/blog\/wp-content\/uploads\/2019\/11\/Idoso.jpeg?fit=1200%2C795&ssl=1&resize=1050%2C600 3x"},"classes":[]},{"id":204,"url":"https:\/\/gersonguelmann.com.br\/blog\/sexta-do-humor-e-da-cultura-judaica-um-rabino-nao-falta-com-a-palavra\/","url_meta":{"origin":13348,"position":3},"title":"Sexta do Humor e da Cultura Judaica &#8211; Um Rabino Jamais Falta Com a Palavra","author":"Gerson Guelmann","date":"21 de julho de 2023","format":false,"excerpt":"Um Rabino Jamais Falta Com a Palavra Dois irm\u00e3os, empres\u00e1rios bem sucedidos, tinham uma conduta extremamente incorreta, tanto nos neg\u00f3cios como em suas vidas pessoais. As a\u00e7\u00f5es sociais proporcionadas pelo dinheiro encobriam o comportamento de ambos, de sorte que aos olhos da maioria dos fi\u00e9is da Sinagoga local eles pareciam\u2026","rel":"","context":"Em &quot;Sem categoria&quot;","block_context":{"text":"Sem categoria","link":"https:\/\/gersonguelmann.com.br\/blog\/category\/sem-categoria\/"},"img":{"alt_text":"","src":"https:\/\/i0.wp.com\/gersonguelmann.com.br\/blog\/wp-content\/uploads\/2018\/02\/Cemit%C3%A9rio-1.jpg?fit=960%2C540&ssl=1&resize=350%2C200","width":350,"height":200,"srcset":"https:\/\/i0.wp.com\/gersonguelmann.com.br\/blog\/wp-content\/uploads\/2018\/02\/Cemit%C3%A9rio-1.jpg?fit=960%2C540&ssl=1&resize=350%2C200 1x, https:\/\/i0.wp.com\/gersonguelmann.com.br\/blog\/wp-content\/uploads\/2018\/02\/Cemit%C3%A9rio-1.jpg?fit=960%2C540&ssl=1&resize=525%2C300 1.5x, https:\/\/i0.wp.com\/gersonguelmann.com.br\/blog\/wp-content\/uploads\/2018\/02\/Cemit%C3%A9rio-1.jpg?fit=960%2C540&ssl=1&resize=700%2C400 2x"},"classes":[]},{"id":26329,"url":"https:\/\/gersonguelmann.com.br\/blog\/tres-na-quarta-de-humor-judaico-53\/","url_meta":{"origin":13348,"position":4},"title":"Tr\u00eas na Quarta de Humor Judaico","author":"Gerson Guelmann","date":"10 de setembro de 2025","format":false,"excerpt":"Abe Dvorkin e o Perd\u00e3o aos Inimigos Perto do final do culto matinal do Shabbat, o rabino Mendel perguntou \u00e0 sua congrega\u00e7\u00e3o: - Quantos de voc\u00eas perdoaram seus inimigos? Todos os presentes levantaram as m\u00e3os,\u00a0com exce\u00e7\u00e3o de um homem, o velho Abe Dvorkin. Ele era conhecido por ser um compulsivo\u2026","rel":"","context":"Em &quot;Sem categoria&quot;","block_context":{"text":"Sem categoria","link":"https:\/\/gersonguelmann.com.br\/blog\/category\/sem-categoria\/"},"img":{"alt_text":"","src":"https:\/\/i0.wp.com\/gersonguelmann.com.br\/blog\/wp-content\/uploads\/2025\/09\/HojePR-5.jpg?fit=1170%2C780&ssl=1&resize=350%2C200","width":350,"height":200,"srcset":"https:\/\/i0.wp.com\/gersonguelmann.com.br\/blog\/wp-content\/uploads\/2025\/09\/HojePR-5.jpg?fit=1170%2C780&ssl=1&resize=350%2C200 1x, https:\/\/i0.wp.com\/gersonguelmann.com.br\/blog\/wp-content\/uploads\/2025\/09\/HojePR-5.jpg?fit=1170%2C780&ssl=1&resize=525%2C300 1.5x, https:\/\/i0.wp.com\/gersonguelmann.com.br\/blog\/wp-content\/uploads\/2025\/09\/HojePR-5.jpg?fit=1170%2C780&ssl=1&resize=700%2C400 2x, https:\/\/i0.wp.com\/gersonguelmann.com.br\/blog\/wp-content\/uploads\/2025\/09\/HojePR-5.jpg?fit=1170%2C780&ssl=1&resize=1050%2C600 3x"},"classes":[]},{"id":15367,"url":"https:\/\/gersonguelmann.com.br\/blog\/decalogo-do-homem-judeu-na-verdade-de-todos-os-homens\/","url_meta":{"origin":13348,"position":5},"title":"Dec\u00e1logo do Homem Judeu (Na Verdade, de Todos os Homens)","author":"Gerson Guelmann","date":"2 de dezembro de 2018","format":false,"excerpt":"1. Porque eu sou um homem, quando eu pego um resfriado eu preciso de algu\u00e9m para me trazer sopa e cuidar de mim enquanto eu deito na cama e lamento. Voc\u00ea \u00e9 uma mulher - voc\u00ea nunca fica t\u00e3o doente, ent\u00e3o para voc\u00ea isso n\u00e3o \u00e9 um problema. 2. Porque\u2026","rel":"","context":"Em &quot;Sem categoria&quot;","block_context":{"text":"Sem categoria","link":"https:\/\/gersonguelmann.com.br\/blog\/category\/sem-categoria\/"},"img":{"alt_text":"","src":"https:\/\/i0.wp.com\/gersonguelmann.com.br\/blog\/wp-content\/uploads\/2018\/12\/man-car-lost-road-photos.jpg?fit=750%2C500&ssl=1&resize=350%2C200","width":350,"height":200,"srcset":"https:\/\/i0.wp.com\/gersonguelmann.com.br\/blog\/wp-content\/uploads\/2018\/12\/man-car-lost-road-photos.jpg?fit=750%2C500&ssl=1&resize=350%2C200 1x, https:\/\/i0.wp.com\/gersonguelmann.com.br\/blog\/wp-content\/uploads\/2018\/12\/man-car-lost-road-photos.jpg?fit=750%2C500&ssl=1&resize=525%2C300 1.5x, https:\/\/i0.wp.com\/gersonguelmann.com.br\/blog\/wp-content\/uploads\/2018\/12\/man-car-lost-road-photos.jpg?fit=750%2C500&ssl=1&resize=700%2C400 2x"},"classes":[]}],"jetpack_sharing_enabled":true,"post_mailing_queue_ids":[],"_links":{"self":[{"href":"https:\/\/gersonguelmann.com.br\/blog\/wp-json\/wp\/v2\/posts\/13348","targetHints":{"allow":["GET"]}}],"collection":[{"href":"https:\/\/gersonguelmann.com.br\/blog\/wp-json\/wp\/v2\/posts"}],"about":[{"href":"https:\/\/gersonguelmann.com.br\/blog\/wp-json\/wp\/v2\/types\/post"}],"author":[{"embeddable":true,"href":"https:\/\/gersonguelmann.com.br\/blog\/wp-json\/wp\/v2\/users\/5"}],"replies":[{"embeddable":true,"href":"https:\/\/gersonguelmann.com.br\/blog\/wp-json\/wp\/v2\/comments?post=13348"}],"version-history":[{"count":0,"href":"https:\/\/gersonguelmann.com.br\/blog\/wp-json\/wp\/v2\/posts\/13348\/revisions"}],"wp:featuredmedia":[{"embeddable":true,"href":"https:\/\/gersonguelmann.com.br\/blog\/wp-json\/wp\/v2\/media\/13349"}],"wp:attachment":[{"href":"https:\/\/gersonguelmann.com.br\/blog\/wp-json\/wp\/v2\/media?parent=13348"}],"wp:term":[{"taxonomy":"category","embeddable":true,"href":"https:\/\/gersonguelmann.com.br\/blog\/wp-json\/wp\/v2\/categories?post=13348"},{"taxonomy":"post_tag","embeddable":true,"href":"https:\/\/gersonguelmann.com.br\/blog\/wp-json\/wp\/v2\/tags?post=13348"}],"curies":[{"name":"wp","href":"https:\/\/api.w.org\/{rel}","templated":true}]}}