    {"id":13352,"date":"2018-05-26T21:56:42","date_gmt":"2018-05-27T00:56:42","guid":{"rendered":"https:\/\/gersonguelmann.com.br\/blog\/?p=13352"},"modified":"2018-05-26T21:56:42","modified_gmt":"2018-05-27T00:56:42","slug":"israel-e-ira-quem-e-mais-forte","status":"publish","type":"post","link":"https:\/\/gersonguelmann.com.br\/blog\/israel-e-ira-quem-e-mais-forte\/","title":{"rendered":"Israel e Ir\u00e3: Quem \u00e9 Mais Forte?"},"content":{"rendered":"<p><span style=\"color: #000000; font-family: georgia, palatino, serif; font-size: 18pt;\">Mat\u00e9ria publicada hoje no site SputnikNews:<\/span><\/p>\n<p style=\"text-align: center;\"><span style=\"color: #000000;\"><img data-recalc-dims=\"1\" decoding=\"async\" data-attachment-id=\"13353\" data-permalink=\"https:\/\/gersonguelmann.com.br\/blog\/israel-e-ira-quem-e-mais-forte\/1-24\/\" data-orig-file=\"https:\/\/i0.wp.com\/gersonguelmann.com.br\/blog\/wp-content\/uploads\/2018\/05\/1-16.jpg?fit=1000%2C541&amp;ssl=1\" data-orig-size=\"1000,541\" data-comments-opened=\"1\" data-image-meta=\"{&quot;aperture&quot;:&quot;0&quot;,&quot;credit&quot;:&quot;&quot;,&quot;camera&quot;:&quot;&quot;,&quot;caption&quot;:&quot;&quot;,&quot;created_timestamp&quot;:&quot;0&quot;,&quot;copyright&quot;:&quot;&quot;,&quot;focal_length&quot;:&quot;0&quot;,&quot;iso&quot;:&quot;0&quot;,&quot;shutter_speed&quot;:&quot;0&quot;,&quot;title&quot;:&quot;&quot;,&quot;orientation&quot;:&quot;0&quot;}\" data-image-title=\"1\" data-image-description=\"\" data-image-caption=\"\" data-medium-file=\"https:\/\/i0.wp.com\/gersonguelmann.com.br\/blog\/wp-content\/uploads\/2018\/05\/1-16.jpg?fit=300%2C162&amp;ssl=1\" data-large-file=\"https:\/\/i0.wp.com\/gersonguelmann.com.br\/blog\/wp-content\/uploads\/2018\/05\/1-16.jpg?fit=640%2C346&amp;ssl=1\" class=\"size-medium wp-image-13353 aligncenter\" src=\"https:\/\/i0.wp.com\/gersonguelmann.com.br\/blog\/wp-content\/uploads\/2018\/05\/1-16.jpg?resize=300%2C162&#038;ssl=1\" alt=\"\" width=\"300\" height=\"162\" srcset=\"https:\/\/i0.wp.com\/gersonguelmann.com.br\/blog\/wp-content\/uploads\/2018\/05\/1-16.jpg?resize=300%2C162&amp;ssl=1 300w, https:\/\/i0.wp.com\/gersonguelmann.com.br\/blog\/wp-content\/uploads\/2018\/05\/1-16.jpg?resize=768%2C415&amp;ssl=1 768w, https:\/\/i0.wp.com\/gersonguelmann.com.br\/blog\/wp-content\/uploads\/2018\/05\/1-16.jpg?w=1000&amp;ssl=1 1000w\" sizes=\"(max-width: 300px) 100vw, 300px\" \/><span style=\"color: #808080; font-size: 10pt;\"><em><strong>\u00a9 AP Photo \/ Ariel Schalit<\/strong><\/em><\/span><\/span><\/p>\n<p><span style=\"font-size: 24pt;\"><strong><span style=\"color: #000000;\">Confronta\u00e7\u00e3o militar entre Ir\u00e3 e Israel: quem \u00e9 mais forte?<\/span><\/strong><\/span><\/p>\n<p><span style=\"color: #ff6600;\"><strong>ORIENTE M\u00c9DIO E \u00c1FRICA<\/strong><\/span><\/p>\n<div class=\"b-article__refs-credits\"><span style=\"color: #000000;\"><time class=\"b-article__refs-date\" datetime=\"2018-05-26T11:10\"><strong>11:10 26.05.2018<\/strong><\/p>\n<p><\/time><\/span><\/div>\n<div><span style=\"color: #000000; font-size: 14pt;\"><strong>Nas \u00faltimas semanas as tens\u00f5es nas rela\u00e7\u00f5es iraniano-israelenses t\u00eam se agravado. O Ir\u00e3 aumenta sua presen\u00e7a na S\u00edria e a atividade das forma\u00e7\u00f5es &#8220;volunt\u00e1rias&#8221; xiitas de muitos pa\u00edses e do movimento Hezbollah, hostil a Israel.<\/strong><\/span><\/div>\n<div><\/div>\n<div><span style=\"color: #000000; font-size: 14pt;\">Recentemente, o Ir\u00e3 bombardeou objetivos israelenses nas Colinas de Gol\u00e3. No entanto, a resposta de Israel foi muito r\u00e1pida: 28 avi\u00f5es da For\u00e7a A\u00e9rea de Israel atacaram 50 objetivos iranianos na S\u00edria\u00a0\u2014 sistemas antia\u00e9reos, bases, quart\u00e9is-generais e subunidades das for\u00e7as especiais do Corpo de Guardi\u00f5es da Revolu\u00e7\u00e3o Isl\u00e2mica.<\/span><\/div>\n<div style=\"text-align: center;\"><span style=\"color: #000000;\"><img data-recalc-dims=\"1\" decoding=\"async\" data-attachment-id=\"13355\" data-permalink=\"https:\/\/gersonguelmann.com.br\/blog\/israel-e-ira-quem-e-mais-forte\/2-22\/\" data-orig-file=\"https:\/\/i0.wp.com\/gersonguelmann.com.br\/blog\/wp-content\/uploads\/2018\/05\/2-13.jpg?fit=705%2C375&amp;ssl=1\" data-orig-size=\"705,375\" data-comments-opened=\"1\" data-image-meta=\"{&quot;aperture&quot;:&quot;0&quot;,&quot;credit&quot;:&quot;&quot;,&quot;camera&quot;:&quot;&quot;,&quot;caption&quot;:&quot;&quot;,&quot;created_timestamp&quot;:&quot;0&quot;,&quot;copyright&quot;:&quot;&quot;,&quot;focal_length&quot;:&quot;0&quot;,&quot;iso&quot;:&quot;0&quot;,&quot;shutter_speed&quot;:&quot;0&quot;,&quot;title&quot;:&quot;&quot;,&quot;orientation&quot;:&quot;0&quot;}\" data-image-title=\"2\" data-image-description=\"\" data-image-caption=\"\" data-medium-file=\"https:\/\/i0.wp.com\/gersonguelmann.com.br\/blog\/wp-content\/uploads\/2018\/05\/2-13.jpg?fit=300%2C160&amp;ssl=1\" data-large-file=\"https:\/\/i0.wp.com\/gersonguelmann.com.br\/blog\/wp-content\/uploads\/2018\/05\/2-13.jpg?fit=640%2C340&amp;ssl=1\" class=\"alignnone size-medium wp-image-13355\" src=\"https:\/\/i0.wp.com\/gersonguelmann.com.br\/blog\/wp-content\/uploads\/2018\/05\/2-13.jpg?resize=300%2C160&#038;ssl=1\" alt=\"\" width=\"300\" height=\"160\" srcset=\"https:\/\/i0.wp.com\/gersonguelmann.com.br\/blog\/wp-content\/uploads\/2018\/05\/2-13.jpg?resize=300%2C160&amp;ssl=1 300w, https:\/\/i0.wp.com\/gersonguelmann.com.br\/blog\/wp-content\/uploads\/2018\/05\/2-13.jpg?w=705&amp;ssl=1 705w\" sizes=\"(max-width: 300px) 100vw, 300px\" \/><\/span><br \/>\n<span style=\"font-size: 10pt; color: #808080;\"><em><strong>\u00a9 AP Photo \/ Ariel Schalit<\/strong><\/em><\/span><br \/>\n<span style=\"color: #000000;\"><strong><span style=\"font-size: 14pt;\"><em>&#8216;Ir\u00e3 est\u00e1 tentando transformar S\u00edria em ponto de apoio para ataques a Israel&#8217;<\/em><\/span><\/p>\n<p><\/strong><\/span><\/div>\n<div><span style=\"color: #000000; font-size: 14pt;\">Israel n\u00e3o vai admitir a presen\u00e7a militar do Ir\u00e3 e os seus aliados na S\u00edria. As autoridades israelenses fizeram v\u00e1rias vezes alus\u00f5es ao presidente s\u00edrio, Bashar Assad, que a expuls\u00e3o do Ir\u00e3 do territ\u00f3rio s\u00edrio seria a base para umas boas rela\u00e7\u00f5es com Tel Aviv.<\/span><span style=\"color: #000000; font-size: 14pt;\">Muitos especialistas por todo o mundo se perguntam se as\u00a0a\u00e7\u00f5es violentas podem passar para o territ\u00f3rio israelense ou iraniano e provocar uma guerra \u00e0 escala regional.<\/span><\/p>\n<p><span style=\"color: #000000; font-size: 14pt;\">Israel \u00e9 apoiado pelos EUA e Ar\u00e1bia Saudita, que consideram press\u00e3o sobre o Ir\u00e3 como seu objetivo-chave da pol\u00edtica no Oriente M\u00e9dio. Essa foi a raz\u00e3o pela qual o presidente norte-americano, Donald Trump, se retirou do acordo nuclear iraniano.<\/span><\/p>\n<p style=\"text-align: center;\"><span style=\"color: #000000; font-size: 14pt;\"><strong><em>\u00c9 muito prov\u00e1vel que, ap\u00f3s o colapso do Plano de A\u00e7\u00e3o Conjunto Global (JCPOA na sigla em ingl\u00eas), o Ir\u00e3 retome seu programa nuclear, incluindo o seu componente militar, o que dar\u00e1 um motivo a Israel para refor\u00e7ar as\u00a0medidas rigorosas contra o Ir\u00e3. E neste caso ningu\u00e9m pode garantir que o conflito n\u00e3o se alastre ao territ\u00f3rio do Ir\u00e3.<\/em><\/strong><\/span><\/p>\n<p><span style=\"color: #000000; font-size: 14pt;\">A edi\u00e7\u00e3o\u00a0Global Fire Power\u00a0comparou o poderio militar dos dois pa\u00edses com base em informa\u00e7\u00f5es da CIA. Os resultados s\u00e3o os seguintes: o or\u00e7amento militar do Ir\u00e3 equivale a 6,3 bilh\u00f5es de d\u00f3lares (23 bilh\u00f5es de reais), enquanto o de Israel \u00e9 de 20 bilh\u00f5es de d\u00f3lares (73 bilh\u00f5es de reais). O efetivo militar ativo do Ir\u00e3 supera quase tr\u00eas vezes o de Israel, embora na reserva esse n\u00famero \u00e9 mais ou menos igual. As despesas militares per capita israelenses s\u00e3o 30 vezes maiores do que as\u00a0iranianas e constituem 2.410 d\u00f3lares (8.800 reais). Tamb\u00e9m o n\u00famero de tanques israelenses \u00e9 superior: 2.760 contra 1.650 iranianos. No entanto, Teer\u00e3 tem mais navios de guerra, mas um pouco menos avi\u00f5es militares.<\/span><\/p>\n<p style=\"text-align: center;\"><span style=\"color: #000000;\"><img data-recalc-dims=\"1\" decoding=\"async\" data-attachment-id=\"13356\" data-permalink=\"https:\/\/gersonguelmann.com.br\/blog\/israel-e-ira-quem-e-mais-forte\/3-15\/\" data-orig-file=\"https:\/\/i0.wp.com\/gersonguelmann.com.br\/blog\/wp-content\/uploads\/2018\/05\/3-10.jpg?fit=705%2C375&amp;ssl=1\" data-orig-size=\"705,375\" data-comments-opened=\"1\" data-image-meta=\"{&quot;aperture&quot;:&quot;0&quot;,&quot;credit&quot;:&quot;&quot;,&quot;camera&quot;:&quot;&quot;,&quot;caption&quot;:&quot;&quot;,&quot;created_timestamp&quot;:&quot;0&quot;,&quot;copyright&quot;:&quot;&quot;,&quot;focal_length&quot;:&quot;0&quot;,&quot;iso&quot;:&quot;0&quot;,&quot;shutter_speed&quot;:&quot;0&quot;,&quot;title&quot;:&quot;&quot;,&quot;orientation&quot;:&quot;0&quot;}\" data-image-title=\"3\" data-image-description=\"\" data-image-caption=\"\" data-medium-file=\"https:\/\/i0.wp.com\/gersonguelmann.com.br\/blog\/wp-content\/uploads\/2018\/05\/3-10.jpg?fit=300%2C160&amp;ssl=1\" data-large-file=\"https:\/\/i0.wp.com\/gersonguelmann.com.br\/blog\/wp-content\/uploads\/2018\/05\/3-10.jpg?fit=640%2C340&amp;ssl=1\" class=\"alignnone size-medium wp-image-13356\" src=\"https:\/\/i0.wp.com\/gersonguelmann.com.br\/blog\/wp-content\/uploads\/2018\/05\/3-10.jpg?resize=300%2C160&#038;ssl=1\" alt=\"\" width=\"300\" height=\"160\" srcset=\"https:\/\/i0.wp.com\/gersonguelmann.com.br\/blog\/wp-content\/uploads\/2018\/05\/3-10.jpg?resize=300%2C160&amp;ssl=1 300w, https:\/\/i0.wp.com\/gersonguelmann.com.br\/blog\/wp-content\/uploads\/2018\/05\/3-10.jpg?w=705&amp;ssl=1 705w\" sizes=\"(max-width: 300px) 100vw, 300px\" \/><\/span><br \/>\n<span style=\"font-size: 10pt; color: #808080;\"><em><strong>\u00a9 AFP 2018 \/ JALAA MAREY<\/strong><\/em><\/span><br \/>\n<span style=\"color: #000000; font-size: 14pt;\"><em><strong>Israel manobra com EUA para dar nova &#8216;mordida&#8217; territorial?<\/strong><\/em><\/span><\/p>\n<p><span style=\"color: #000000; font-size: 14pt;\">Mas o principal n\u00e3o \u00e9 o n\u00famero, mas as\u00a0caracter\u00edsticas qualitativas das armas e equipamentos militares. J\u00e1 que uma guerra terrestre \u00e9 pouco prov\u00e1vel por causa do n\u00famero de popula\u00e7\u00e3o muito diferente, a guerra pode ser travada com m\u00edsseis, avia\u00e7\u00e3o ou, talvez, com participa\u00e7\u00e3o da Marinha.<\/span><\/p>\n<p><span style=\"color: #000000; font-size: 14pt;\">Para o Ir\u00e3 uma guerra terrestre tamb\u00e9m seria dif\u00edcil, j\u00e1 que a dist\u00e2ncia entre a retaguarda iraniana e a prov\u00e1vel frente iraniano-israelense em territ\u00f3rio s\u00edrio \u00e9 muito grande.<\/span><\/p>\n<p><span style=\"color: #000000; font-size: 14pt;\">Os analistas notam que a qualidade das armas e equipamentos militares de Israel supera a qualidade dos do Ir\u00e3. Por exemplo, os avi\u00f5es de combate do ex\u00e9rcito iraniano s\u00e3o bastante obsoletos, muitos n\u00e3o est\u00e3o operacionais.<\/span><\/p>\n<p style=\"text-align: center;\"><span style=\"color: #000000; font-size: 14pt;\"><em><strong>No caso de Israel, os avi\u00f5es que est\u00e3o em servi\u00e7o do seu ex\u00e9rcito foram criados nos EUA com participa\u00e7\u00e3o direta de especialistas israelenses, por isso, a For\u00e7a A\u00e9rea de Israel entra no top cinco das mais poderosas no mundo junto com os EUA, R\u00fassia, China e Reino Unido.<\/strong><\/em><\/span><\/p>\n<p><span style=\"color: #000000; font-size: 14pt;\">Falando das for\u00e7as navais, mais uma vez a compara\u00e7\u00e3o \u00e9 desvantajosa para Teer\u00e3. Tendo um n\u00famero maior de navios de guerra, o pa\u00eds cede ao inimigo potencial na sua qualidade.<\/span><\/p>\n<p><span style=\"color: #000000; font-size: 14pt;\">Al\u00e9m do mais, vale lembrar que Israel \u00e9 uma pot\u00eancia nuclear, o que foi anunciado ainda em 1998. Segundo algumas avalia\u00e7\u00f5es, Israel tem de 100 a 500 ogivas nucleares cujo equivalente total em trotil seria de 50 megatons. Israel tamb\u00e9m possui o sistema antim\u00edssil C\u00fapula de Ferro multin\u00edveis, que mostrou sua efic\u00e1cia na luta contra os m\u00edsseis do Hezbollah e Hamas.<\/span><\/p>\n<p style=\"text-align: center;\"><span style=\"color: #000000;\"><img data-recalc-dims=\"1\" loading=\"lazy\" decoding=\"async\" data-attachment-id=\"13357\" data-permalink=\"https:\/\/gersonguelmann.com.br\/blog\/israel-e-ira-quem-e-mais-forte\/4-11\/\" data-orig-file=\"https:\/\/i0.wp.com\/gersonguelmann.com.br\/blog\/wp-content\/uploads\/2018\/05\/4-8.jpg?fit=705%2C375&amp;ssl=1\" data-orig-size=\"705,375\" data-comments-opened=\"1\" data-image-meta=\"{&quot;aperture&quot;:&quot;0&quot;,&quot;credit&quot;:&quot;&quot;,&quot;camera&quot;:&quot;&quot;,&quot;caption&quot;:&quot;&quot;,&quot;created_timestamp&quot;:&quot;0&quot;,&quot;copyright&quot;:&quot;&quot;,&quot;focal_length&quot;:&quot;0&quot;,&quot;iso&quot;:&quot;0&quot;,&quot;shutter_speed&quot;:&quot;0&quot;,&quot;title&quot;:&quot;&quot;,&quot;orientation&quot;:&quot;0&quot;}\" data-image-title=\"4\" data-image-description=\"\" data-image-caption=\"\" data-medium-file=\"https:\/\/i0.wp.com\/gersonguelmann.com.br\/blog\/wp-content\/uploads\/2018\/05\/4-8.jpg?fit=300%2C160&amp;ssl=1\" data-large-file=\"https:\/\/i0.wp.com\/gersonguelmann.com.br\/blog\/wp-content\/uploads\/2018\/05\/4-8.jpg?fit=640%2C340&amp;ssl=1\" class=\"alignnone size-medium wp-image-13357\" src=\"https:\/\/i0.wp.com\/gersonguelmann.com.br\/blog\/wp-content\/uploads\/2018\/05\/4-8.jpg?resize=300%2C160&#038;ssl=1\" alt=\"\" width=\"300\" height=\"160\" srcset=\"https:\/\/i0.wp.com\/gersonguelmann.com.br\/blog\/wp-content\/uploads\/2018\/05\/4-8.jpg?resize=300%2C160&amp;ssl=1 300w, https:\/\/i0.wp.com\/gersonguelmann.com.br\/blog\/wp-content\/uploads\/2018\/05\/4-8.jpg?w=705&amp;ssl=1 705w\" sizes=\"(max-width: 300px) 100vw, 300px\" \/><\/span><br \/>\n<span style=\"font-size: 10pt; color: #808080;\"><em><strong>\u00a9 FLICKR.COM\/ GAGE SKIDMORE<\/strong><\/em><\/span><br \/>\n<span style=\"color: #000000; font-size: 14pt;\"><em><strong>Chanceler do Ir\u00e3 critica Pompeo ap\u00f3s\u00a0amea\u00e7a de &#8216;san\u00e7\u00f5es mais pesadas da hist\u00f3ria&#8217;<\/strong><\/em><\/span><\/p>\n<p><span style=\"color: #000000; font-size: 14pt;\">A supremacia militar israelense \u00e9 bem vis\u00edvel, mas conforme disse Rachel Brandenburg, chefe da Iniciativa de Seguran\u00e7a no M\u00e9dio Oriente Atlantic Council, ambos os pa\u00edses percebem &#8220;que o pre\u00e7o da guerra para cada pa\u00eds seria alto. No caso do Ir\u00e3, tamb\u00e9m para as\u00a0for\u00e7as controladas por ele na S\u00edria e L\u00edbano&#8221;.<\/span><\/p>\n<p><span style=\"color: #000000; font-size: 14pt;\">Por isso, as\u00a0rela\u00e7\u00f5es bilaterais representam uma esp\u00e9cie de conten\u00e7\u00e3o m\u00fatua, mas isso n\u00e3o significa que os confrontos que temos observado entre Israel e o Ir\u00e3 terminem ou sejam menos arriscados, e \u00e9 muito prov\u00e1vel que as\u00a0ten\u00e7\u00f5es continuem a se agravar.<\/span><\/p>\n<p><span style=\"color: #000000; font-family: georgia, palatino, serif; font-size: 18pt;\">A reportagem original <span style=\"color: #0000ff;\"><a style=\"color: #0000ff;\" href=\"https:\/\/br.sputniknews.com\/oriente_medio_africa\/2018052611314213-ira-israel-oposicao-potencial-militar\/\"><em><strong>pode ser vista aqui<\/strong><\/em><\/a><\/span>.<\/span><\/p>\n<\/div>\n<div><\/div>\n<div><\/div>\n","protected":false},"excerpt":{"rendered":"<p>Mat\u00e9ria publicada hoje no site SputnikNews: \u00a9 AP Photo \/ Ariel Schalit Confronta\u00e7\u00e3o militar entre Ir\u00e3 e Israel: quem \u00e9 mais forte? ORIENTE M\u00c9DIO E \u00c1FRICA 11:10 26.05.2018 Nas \u00faltimas semanas as tens\u00f5es nas rela\u00e7\u00f5es iraniano-israelenses t\u00eam se agravado. O Ir\u00e3 aumenta sua presen\u00e7a na S\u00edria e a atividade das forma\u00e7\u00f5es &#8220;volunt\u00e1rias&#8221; xiitas de muitos [&hellip;]<\/p>\n","protected":false},"author":5,"featured_media":13353,"comment_status":"open","ping_status":"open","sticky":false,"template":"","format":"standard","meta":{"_acf_changed":false,"jetpack_post_was_ever_published":false,"_jetpack_newsletter_access":"","_jetpack_dont_email_post_to_subs":false,"_jetpack_newsletter_tier_id":0,"_jetpack_memberships_contains_paywalled_content":false,"_jetpack_memberships_contains_paid_content":false,"footnotes":"","jetpack_publicize_message":"","jetpack_publicize_feature_enabled":true,"jetpack_social_post_already_shared":true,"jetpack_social_options":{"image_generator_settings":{"template":"highway","default_image_id":0,"font":"","enabled":false},"version":2}},"categories":[1],"tags":[],"class_list":["post-13352","post","type-post","status-publish","format-standard","has-post-thumbnail","hentry","category-sem-categoria"],"acf":[],"yoast_head":"<!-- This site is optimized with the Yoast SEO plugin v27.3 - https:\/\/yoast.com\/product\/yoast-seo-wordpress\/ -->\n<title>Israel e Ir\u00e3: Quem \u00e9 Mais Forte? | Blog do Guelmann<\/title>\n<meta name=\"robots\" content=\"index, follow, max-snippet:-1, max-image-preview:large, max-video-preview:-1\" \/>\n<link rel=\"canonical\" href=\"https:\/\/gersonguelmann.com.br\/blog\/israel-e-ira-quem-e-mais-forte\/\" \/>\n<meta property=\"og:locale\" content=\"pt_BR\" \/>\n<meta property=\"og:type\" content=\"article\" \/>\n<meta property=\"og:title\" content=\"Israel e Ir\u00e3: Quem \u00e9 Mais Forte? | Blog do Guelmann\" \/>\n<meta property=\"og:description\" content=\"Mat\u00e9ria publicada hoje no site SputnikNews: \u00a9 AP Photo \/ Ariel Schalit Confronta\u00e7\u00e3o militar entre Ir\u00e3 e Israel: quem \u00e9 mais forte? ORIENTE M\u00c9DIO E \u00c1FRICA 11:10 26.05.2018 Nas \u00faltimas semanas as tens\u00f5es nas rela\u00e7\u00f5es iraniano-israelenses t\u00eam se agravado. O Ir\u00e3 aumenta sua presen\u00e7a na S\u00edria e a atividade das forma\u00e7\u00f5es &#8220;volunt\u00e1rias&#8221; xiitas de muitos [&hellip;]\" \/>\n<meta property=\"og:url\" content=\"https:\/\/gersonguelmann.com.br\/blog\/israel-e-ira-quem-e-mais-forte\/\" \/>\n<meta property=\"og:site_name\" content=\"Blog do Guelmann\" \/>\n<meta property=\"article:published_time\" content=\"2018-05-27T00:56:42+00:00\" \/>\n<meta property=\"og:image\" content=\"https:\/\/i0.wp.com\/gersonguelmann.com.br\/blog\/wp-content\/uploads\/2018\/05\/1-16.jpg?fit=1000%2C541&ssl=1\" \/>\n\t<meta property=\"og:image:width\" content=\"1000\" \/>\n\t<meta property=\"og:image:height\" content=\"541\" \/>\n\t<meta property=\"og:image:type\" content=\"image\/jpeg\" \/>\n<meta name=\"author\" content=\"Gerson Guelmann\" \/>\n<meta name=\"twitter:card\" content=\"summary_large_image\" \/>\n<meta name=\"twitter:label1\" content=\"Escrito por\" \/>\n\t<meta name=\"twitter:data1\" content=\"Gerson Guelmann\" \/>\n\t<meta name=\"twitter:label2\" content=\"Est. tempo de leitura\" \/>\n\t<meta name=\"twitter:data2\" content=\"4 minutos\" \/>\n<script type=\"application\/ld+json\" class=\"yoast-schema-graph\">{\"@context\":\"https:\\\/\\\/schema.org\",\"@graph\":[{\"@type\":\"Article\",\"@id\":\"https:\\\/\\\/gersonguelmann.com.br\\\/blog\\\/israel-e-ira-quem-e-mais-forte\\\/#article\",\"isPartOf\":{\"@id\":\"https:\\\/\\\/gersonguelmann.com.br\\\/blog\\\/israel-e-ira-quem-e-mais-forte\\\/\"},\"author\":{\"name\":\"Gerson Guelmann\",\"@id\":\"https:\\\/\\\/gersonguelmann.com.br\\\/blog\\\/#\\\/schema\\\/person\\\/87e70e2a786888082f941a482c90569e\"},\"headline\":\"Israel e Ir\u00e3: Quem \u00e9 Mais Forte?\",\"datePublished\":\"2018-05-27T00:56:42+00:00\",\"mainEntityOfPage\":{\"@id\":\"https:\\\/\\\/gersonguelmann.com.br\\\/blog\\\/israel-e-ira-quem-e-mais-forte\\\/\"},\"wordCount\":898,\"commentCount\":0,\"image\":{\"@id\":\"https:\\\/\\\/gersonguelmann.com.br\\\/blog\\\/israel-e-ira-quem-e-mais-forte\\\/#primaryimage\"},\"thumbnailUrl\":\"https:\\\/\\\/i0.wp.com\\\/gersonguelmann.com.br\\\/blog\\\/wp-content\\\/uploads\\\/2018\\\/05\\\/1-16.jpg?fit=1000%2C541&ssl=1\",\"inLanguage\":\"pt-BR\",\"potentialAction\":[{\"@type\":\"CommentAction\",\"name\":\"Comment\",\"target\":[\"https:\\\/\\\/gersonguelmann.com.br\\\/blog\\\/israel-e-ira-quem-e-mais-forte\\\/#respond\"]}]},{\"@type\":\"WebPage\",\"@id\":\"https:\\\/\\\/gersonguelmann.com.br\\\/blog\\\/israel-e-ira-quem-e-mais-forte\\\/\",\"url\":\"https:\\\/\\\/gersonguelmann.com.br\\\/blog\\\/israel-e-ira-quem-e-mais-forte\\\/\",\"name\":\"Israel e Ir\u00e3: Quem \u00e9 Mais Forte? | Blog do Guelmann\",\"isPartOf\":{\"@id\":\"https:\\\/\\\/gersonguelmann.com.br\\\/blog\\\/#website\"},\"primaryImageOfPage\":{\"@id\":\"https:\\\/\\\/gersonguelmann.com.br\\\/blog\\\/israel-e-ira-quem-e-mais-forte\\\/#primaryimage\"},\"image\":{\"@id\":\"https:\\\/\\\/gersonguelmann.com.br\\\/blog\\\/israel-e-ira-quem-e-mais-forte\\\/#primaryimage\"},\"thumbnailUrl\":\"https:\\\/\\\/i0.wp.com\\\/gersonguelmann.com.br\\\/blog\\\/wp-content\\\/uploads\\\/2018\\\/05\\\/1-16.jpg?fit=1000%2C541&ssl=1\",\"datePublished\":\"2018-05-27T00:56:42+00:00\",\"author\":{\"@id\":\"https:\\\/\\\/gersonguelmann.com.br\\\/blog\\\/#\\\/schema\\\/person\\\/87e70e2a786888082f941a482c90569e\"},\"inLanguage\":\"pt-BR\",\"potentialAction\":[{\"@type\":\"ReadAction\",\"target\":[\"https:\\\/\\\/gersonguelmann.com.br\\\/blog\\\/israel-e-ira-quem-e-mais-forte\\\/\"]}]},{\"@type\":\"ImageObject\",\"inLanguage\":\"pt-BR\",\"@id\":\"https:\\\/\\\/gersonguelmann.com.br\\\/blog\\\/israel-e-ira-quem-e-mais-forte\\\/#primaryimage\",\"url\":\"https:\\\/\\\/i0.wp.com\\\/gersonguelmann.com.br\\\/blog\\\/wp-content\\\/uploads\\\/2018\\\/05\\\/1-16.jpg?fit=1000%2C541&ssl=1\",\"contentUrl\":\"https:\\\/\\\/i0.wp.com\\\/gersonguelmann.com.br\\\/blog\\\/wp-content\\\/uploads\\\/2018\\\/05\\\/1-16.jpg?fit=1000%2C541&ssl=1\",\"width\":1000,\"height\":541},{\"@type\":\"WebSite\",\"@id\":\"https:\\\/\\\/gersonguelmann.com.br\\\/blog\\\/#website\",\"url\":\"https:\\\/\\\/gersonguelmann.com.br\\\/blog\\\/\",\"name\":\"Blog do Guelmann\",\"description\":\"Pitadas da sabedoria e do humor judaicos, assuntos do momento e um pouco das hist\u00f3rias que vivi e testemunhei.\",\"potentialAction\":[{\"@type\":\"SearchAction\",\"target\":{\"@type\":\"EntryPoint\",\"urlTemplate\":\"https:\\\/\\\/gersonguelmann.com.br\\\/blog\\\/?s={search_term_string}\"},\"query-input\":{\"@type\":\"PropertyValueSpecification\",\"valueRequired\":true,\"valueName\":\"search_term_string\"}}],\"inLanguage\":\"pt-BR\"},{\"@type\":\"Person\",\"@id\":\"https:\\\/\\\/gersonguelmann.com.br\\\/blog\\\/#\\\/schema\\\/person\\\/87e70e2a786888082f941a482c90569e\",\"name\":\"Gerson Guelmann\",\"image\":{\"@type\":\"ImageObject\",\"inLanguage\":\"pt-BR\",\"@id\":\"https:\\\/\\\/i0.wp.com\\\/gersonguelmann.com.br\\\/blog\\\/wp-content\\\/uploads\\\/2021\\\/08\\\/BLOG.jpeg?fit=96%2C96&ssl=1\",\"url\":\"https:\\\/\\\/i0.wp.com\\\/gersonguelmann.com.br\\\/blog\\\/wp-content\\\/uploads\\\/2021\\\/08\\\/BLOG.jpeg?fit=96%2C96&ssl=1\",\"contentUrl\":\"https:\\\/\\\/i0.wp.com\\\/gersonguelmann.com.br\\\/blog\\\/wp-content\\\/uploads\\\/2021\\\/08\\\/BLOG.jpeg?fit=96%2C96&ssl=1\",\"caption\":\"Gerson Guelmann\"},\"description\":\"Pitadas da sabedoria e do humor judaicos, assuntos do momento e um pouco das hist\u00f3rias que vivi e testemunhei.\"}]}<\/script>\n<!-- \/ Yoast SEO plugin. -->","yoast_head_json":{"title":"Israel e Ir\u00e3: Quem \u00e9 Mais Forte? | Blog do Guelmann","robots":{"index":"index","follow":"follow","max-snippet":"max-snippet:-1","max-image-preview":"max-image-preview:large","max-video-preview":"max-video-preview:-1"},"canonical":"https:\/\/gersonguelmann.com.br\/blog\/israel-e-ira-quem-e-mais-forte\/","og_locale":"pt_BR","og_type":"article","og_title":"Israel e Ir\u00e3: Quem \u00e9 Mais Forte? | Blog do Guelmann","og_description":"Mat\u00e9ria publicada hoje no site SputnikNews: \u00a9 AP Photo \/ Ariel Schalit Confronta\u00e7\u00e3o militar entre Ir\u00e3 e Israel: quem \u00e9 mais forte? ORIENTE M\u00c9DIO E \u00c1FRICA 11:10 26.05.2018 Nas \u00faltimas semanas as tens\u00f5es nas rela\u00e7\u00f5es iraniano-israelenses t\u00eam se agravado. O Ir\u00e3 aumenta sua presen\u00e7a na S\u00edria e a atividade das forma\u00e7\u00f5es &#8220;volunt\u00e1rias&#8221; xiitas de muitos [&hellip;]","og_url":"https:\/\/gersonguelmann.com.br\/blog\/israel-e-ira-quem-e-mais-forte\/","og_site_name":"Blog do Guelmann","article_published_time":"2018-05-27T00:56:42+00:00","og_image":[{"width":1000,"height":541,"url":"https:\/\/i0.wp.com\/gersonguelmann.com.br\/blog\/wp-content\/uploads\/2018\/05\/1-16.jpg?fit=1000%2C541&ssl=1","type":"image\/jpeg"}],"author":"Gerson Guelmann","twitter_card":"summary_large_image","twitter_misc":{"Escrito por":"Gerson Guelmann","Est. tempo de leitura":"4 minutos"},"schema":{"@context":"https:\/\/schema.org","@graph":[{"@type":"Article","@id":"https:\/\/gersonguelmann.com.br\/blog\/israel-e-ira-quem-e-mais-forte\/#article","isPartOf":{"@id":"https:\/\/gersonguelmann.com.br\/blog\/israel-e-ira-quem-e-mais-forte\/"},"author":{"name":"Gerson Guelmann","@id":"https:\/\/gersonguelmann.com.br\/blog\/#\/schema\/person\/87e70e2a786888082f941a482c90569e"},"headline":"Israel e Ir\u00e3: Quem \u00e9 Mais Forte?","datePublished":"2018-05-27T00:56:42+00:00","mainEntityOfPage":{"@id":"https:\/\/gersonguelmann.com.br\/blog\/israel-e-ira-quem-e-mais-forte\/"},"wordCount":898,"commentCount":0,"image":{"@id":"https:\/\/gersonguelmann.com.br\/blog\/israel-e-ira-quem-e-mais-forte\/#primaryimage"},"thumbnailUrl":"https:\/\/i0.wp.com\/gersonguelmann.com.br\/blog\/wp-content\/uploads\/2018\/05\/1-16.jpg?fit=1000%2C541&ssl=1","inLanguage":"pt-BR","potentialAction":[{"@type":"CommentAction","name":"Comment","target":["https:\/\/gersonguelmann.com.br\/blog\/israel-e-ira-quem-e-mais-forte\/#respond"]}]},{"@type":"WebPage","@id":"https:\/\/gersonguelmann.com.br\/blog\/israel-e-ira-quem-e-mais-forte\/","url":"https:\/\/gersonguelmann.com.br\/blog\/israel-e-ira-quem-e-mais-forte\/","name":"Israel e Ir\u00e3: Quem \u00e9 Mais Forte? | Blog do Guelmann","isPartOf":{"@id":"https:\/\/gersonguelmann.com.br\/blog\/#website"},"primaryImageOfPage":{"@id":"https:\/\/gersonguelmann.com.br\/blog\/israel-e-ira-quem-e-mais-forte\/#primaryimage"},"image":{"@id":"https:\/\/gersonguelmann.com.br\/blog\/israel-e-ira-quem-e-mais-forte\/#primaryimage"},"thumbnailUrl":"https:\/\/i0.wp.com\/gersonguelmann.com.br\/blog\/wp-content\/uploads\/2018\/05\/1-16.jpg?fit=1000%2C541&ssl=1","datePublished":"2018-05-27T00:56:42+00:00","author":{"@id":"https:\/\/gersonguelmann.com.br\/blog\/#\/schema\/person\/87e70e2a786888082f941a482c90569e"},"inLanguage":"pt-BR","potentialAction":[{"@type":"ReadAction","target":["https:\/\/gersonguelmann.com.br\/blog\/israel-e-ira-quem-e-mais-forte\/"]}]},{"@type":"ImageObject","inLanguage":"pt-BR","@id":"https:\/\/gersonguelmann.com.br\/blog\/israel-e-ira-quem-e-mais-forte\/#primaryimage","url":"https:\/\/i0.wp.com\/gersonguelmann.com.br\/blog\/wp-content\/uploads\/2018\/05\/1-16.jpg?fit=1000%2C541&ssl=1","contentUrl":"https:\/\/i0.wp.com\/gersonguelmann.com.br\/blog\/wp-content\/uploads\/2018\/05\/1-16.jpg?fit=1000%2C541&ssl=1","width":1000,"height":541},{"@type":"WebSite","@id":"https:\/\/gersonguelmann.com.br\/blog\/#website","url":"https:\/\/gersonguelmann.com.br\/blog\/","name":"Blog do Guelmann","description":"Pitadas da sabedoria e do humor judaicos, assuntos do momento e um pouco das hist\u00f3rias que vivi e testemunhei.","potentialAction":[{"@type":"SearchAction","target":{"@type":"EntryPoint","urlTemplate":"https:\/\/gersonguelmann.com.br\/blog\/?s={search_term_string}"},"query-input":{"@type":"PropertyValueSpecification","valueRequired":true,"valueName":"search_term_string"}}],"inLanguage":"pt-BR"},{"@type":"Person","@id":"https:\/\/gersonguelmann.com.br\/blog\/#\/schema\/person\/87e70e2a786888082f941a482c90569e","name":"Gerson Guelmann","image":{"@type":"ImageObject","inLanguage":"pt-BR","@id":"https:\/\/i0.wp.com\/gersonguelmann.com.br\/blog\/wp-content\/uploads\/2021\/08\/BLOG.jpeg?fit=96%2C96&ssl=1","url":"https:\/\/i0.wp.com\/gersonguelmann.com.br\/blog\/wp-content\/uploads\/2021\/08\/BLOG.jpeg?fit=96%2C96&ssl=1","contentUrl":"https:\/\/i0.wp.com\/gersonguelmann.com.br\/blog\/wp-content\/uploads\/2021\/08\/BLOG.jpeg?fit=96%2C96&ssl=1","caption":"Gerson Guelmann"},"description":"Pitadas da sabedoria e do humor judaicos, assuntos do momento e um pouco das hist\u00f3rias que vivi e testemunhei."}]}},"views":76,"jetpack_publicize_connections":[],"jetpack_featured_media_url":"https:\/\/i0.wp.com\/gersonguelmann.com.br\/blog\/wp-content\/uploads\/2018\/05\/1-16.jpg?fit=1000%2C541&ssl=1","jetpack_shortlink":"https:\/\/wp.me\/p96e7O-3tm","jetpack-related-posts":[{"id":13833,"url":"https:\/\/gersonguelmann.com.br\/blog\/israel-oferece-ajuda-ao-povo-do-ira\/","url_meta":{"origin":13352,"position":0},"title":"Israel Oferece Ajuda ao Povo do Ir\u00e3","author":"Gerson Guelmann","date":"10 de junho de 2018","format":false,"excerpt":"O Primeiro-Ministro de Israel,\u00a0Benjamin Netanyahu, publicou hoje um v\u00eddeo oferecendo apoio \u00e0 popula\u00e7\u00e3o iraniana em raz\u00e3o da seca que assola o pa\u00eds. Em raz\u00e3o da impossibilidade de os t\u00e9cnicos entrarem no Ir\u00e3, Israel est\u00e1 disponibilizando um site em farsi, a l\u00edngua persa, para que os agricultores tenham acesso \u00e0 tecnologia\u2026","rel":"","context":"Em &quot;Sem categoria&quot;","block_context":{"text":"Sem categoria","link":"https:\/\/gersonguelmann.com.br\/blog\/category\/sem-categoria\/"},"img":{"alt_text":"","src":"https:\/\/i0.wp.com\/gersonguelmann.com.br\/blog\/wp-content\/uploads\/2018\/06\/Aquanos-Israel.jpg?fit=1200%2C543&ssl=1&resize=350%2C200","width":350,"height":200,"srcset":"https:\/\/i0.wp.com\/gersonguelmann.com.br\/blog\/wp-content\/uploads\/2018\/06\/Aquanos-Israel.jpg?fit=1200%2C543&ssl=1&resize=350%2C200 1x, https:\/\/i0.wp.com\/gersonguelmann.com.br\/blog\/wp-content\/uploads\/2018\/06\/Aquanos-Israel.jpg?fit=1200%2C543&ssl=1&resize=525%2C300 1.5x, https:\/\/i0.wp.com\/gersonguelmann.com.br\/blog\/wp-content\/uploads\/2018\/06\/Aquanos-Israel.jpg?fit=1200%2C543&ssl=1&resize=700%2C400 2x, https:\/\/i0.wp.com\/gersonguelmann.com.br\/blog\/wp-content\/uploads\/2018\/06\/Aquanos-Israel.jpg?fit=1200%2C543&ssl=1&resize=1050%2C600 3x"},"classes":[]},{"id":12736,"url":"https:\/\/gersonguelmann.com.br\/blog\/israel-destruiu-a-infraestrutura-militar-do-ira-na-siria\/","url_meta":{"origin":13352,"position":1},"title":"Israel Destruiu a Infraestrutura Militar do Ir\u00e3 na Siria","author":"Gerson Guelmann","date":"10 de maio de 2018","format":false,"excerpt":"Informa\u00e7\u00f5es do portal Menorah Brasil: TODA A INFRAESTRUTURA MILITAR DO IR\u00c3 NA S\u00cdRIA FOI DESTRU\u00cdDA maio 10, 2018\u00a0Jos\u00e9 Roitberg\u00a0 por Jos\u00e9 Roitberg M\u00edssil iraniano Fateh-313, de emprego r\u00e1pido com alcance de 500 km, do sul de Damasco poderia atingir at\u00e9 o Canal de Suez. \u00a0 As for\u00e7as de defesa de\u2026","rel":"","context":"Em &quot;Sem categoria&quot;","block_context":{"text":"Sem categoria","link":"https:\/\/gersonguelmann.com.br\/blog\/category\/sem-categoria\/"},"img":{"alt_text":"","src":"https:\/\/i0.wp.com\/gersonguelmann.com.br\/blog\/wp-content\/uploads\/2018\/05\/1-3.jpg?fit=678%2C381&ssl=1&resize=350%2C200","width":350,"height":200,"srcset":"https:\/\/i0.wp.com\/gersonguelmann.com.br\/blog\/wp-content\/uploads\/2018\/05\/1-3.jpg?fit=678%2C381&ssl=1&resize=350%2C200 1x, https:\/\/i0.wp.com\/gersonguelmann.com.br\/blog\/wp-content\/uploads\/2018\/05\/1-3.jpg?fit=678%2C381&ssl=1&resize=525%2C300 1.5x"},"classes":[]},{"id":19652,"url":"https:\/\/gersonguelmann.com.br\/blog\/mais-uma-analise-sobre-a-morte-do-general-iraniano\/","url_meta":{"origin":13352,"position":2},"title":"Mais uma an\u00e1lise sobre a morte do general iraniano","author":"Gerson Guelmann","date":"9 de janeiro de 2020","format":false,"excerpt":"O Gabriel Paciornik trouxe no Conex\u00e3o Israel mais uma \u00f3tima abordagem sobre a geopol\u00edtica no Oriente M\u00e9dio ap\u00f3s a morte de Qasem Suleimani. O Gabriel publicou o artigo h\u00e1 alguns dias, mas a an\u00e1lise mantem-se plenamente atual. Lembro que o olhar dele \u00e9 de algu\u00e9m que vive em Israel h\u00e1\u2026","rel":"","context":"Em &quot;Sem categoria&quot;","block_context":{"text":"Sem categoria","link":"https:\/\/gersonguelmann.com.br\/blog\/category\/sem-categoria\/"},"img":{"alt_text":"","src":"https:\/\/i0.wp.com\/gersonguelmann.com.br\/blog\/wp-content\/uploads\/2020\/01\/Ir%C3%A3.jpeg?fit=1200%2C722&ssl=1&resize=350%2C200","width":350,"height":200,"srcset":"https:\/\/i0.wp.com\/gersonguelmann.com.br\/blog\/wp-content\/uploads\/2020\/01\/Ir%C3%A3.jpeg?fit=1200%2C722&ssl=1&resize=350%2C200 1x, https:\/\/i0.wp.com\/gersonguelmann.com.br\/blog\/wp-content\/uploads\/2020\/01\/Ir%C3%A3.jpeg?fit=1200%2C722&ssl=1&resize=525%2C300 1.5x, https:\/\/i0.wp.com\/gersonguelmann.com.br\/blog\/wp-content\/uploads\/2020\/01\/Ir%C3%A3.jpeg?fit=1200%2C722&ssl=1&resize=700%2C400 2x, https:\/\/i0.wp.com\/gersonguelmann.com.br\/blog\/wp-content\/uploads\/2020\/01\/Ir%C3%A3.jpeg?fit=1200%2C722&ssl=1&resize=1050%2C600 3x"},"classes":[]},{"id":17761,"url":"https:\/\/gersonguelmann.com.br\/blog\/pessima-noticia-para-os-inimigos-de-israel\/","url_meta":{"origin":13352,"position":3},"title":"P\u00e9ssima Not\u00edcia Para os Inimigos de Israel","author":"Gerson Guelmann","date":"28 de julho de 2019","format":false,"excerpt":"O Gabinete do Primeiro Ministro e Ministro da Defesa de Israel, Benjamin Netanyahu emitiu hoje a seguinte declara\u00e7\u00e3o:\u00a0 \"Nas \u00faltimas semanas, levamos a cabo tr\u00eas experimentos secretos e inovadores do m\u00edssil Arrow 3. Esses experimentos foram conduzidos no Alasca, nos Estados Unidos, em total coopera\u00e7\u00e3o com nosso grande aliado, os\u2026","rel":"","context":"Em &quot;Sem categoria&quot;","block_context":{"text":"Sem categoria","link":"https:\/\/gersonguelmann.com.br\/blog\/category\/sem-categoria\/"},"img":{"alt_text":"","src":"https:\/\/i0.wp.com\/gersonguelmann.com.br\/blog\/wp-content\/uploads\/2019\/07\/IDF.jpg?fit=680%2C383&ssl=1&resize=350%2C200","width":350,"height":200,"srcset":"https:\/\/i0.wp.com\/gersonguelmann.com.br\/blog\/wp-content\/uploads\/2019\/07\/IDF.jpg?fit=680%2C383&ssl=1&resize=350%2C200 1x, https:\/\/i0.wp.com\/gersonguelmann.com.br\/blog\/wp-content\/uploads\/2019\/07\/IDF.jpg?fit=680%2C383&ssl=1&resize=525%2C300 1.5x"},"classes":[]},{"id":19600,"url":"https:\/\/gersonguelmann.com.br\/blog\/um-curitibano-que-sabe-das-coisas-analisa-a-morte-do-general-iraniano\/","url_meta":{"origin":13352,"position":4},"title":"Um Curitibano Que Sabe das Coisas Analisa a Morte do General Iraniano","author":"Gerson Guelmann","date":"3 de janeiro de 2020","format":false,"excerpt":"O Gabriel Paciornik, Curitibano radicado em Israel h\u00e1 muitos anos e conhecido pelas oportunas e muito bem fundamentadas abordagens dos assuntos relacionados ao Oriente M\u00e9dio, publicou hoje no site Conex\u00e3o Israel uma \u00f3tima an\u00e1lise sobre a morte do general iraniano Qasem Suleimani. Vamos \u00e0 ela: Qasem Suleimani era, para Israel,\u2026","rel":"","context":"Em &quot;Sem categoria&quot;","block_context":{"text":"Sem categoria","link":"https:\/\/gersonguelmann.com.br\/blog\/category\/sem-categoria\/"},"img":{"alt_text":"","src":"https:\/\/i0.wp.com\/gersonguelmann.com.br\/blog\/wp-content\/uploads\/2020\/01\/Qasem-Suleimani.jpg?fit=800%2C1200&ssl=1&resize=350%2C200","width":350,"height":200,"srcset":"https:\/\/i0.wp.com\/gersonguelmann.com.br\/blog\/wp-content\/uploads\/2020\/01\/Qasem-Suleimani.jpg?fit=800%2C1200&ssl=1&resize=350%2C200 1x, https:\/\/i0.wp.com\/gersonguelmann.com.br\/blog\/wp-content\/uploads\/2020\/01\/Qasem-Suleimani.jpg?fit=800%2C1200&ssl=1&resize=525%2C300 1.5x, https:\/\/i0.wp.com\/gersonguelmann.com.br\/blog\/wp-content\/uploads\/2020\/01\/Qasem-Suleimani.jpg?fit=800%2C1200&ssl=1&resize=700%2C400 2x"},"classes":[]},{"id":19631,"url":"https:\/\/gersonguelmann.com.br\/blog\/nao-nao-havera-uma-3a-guerra-mundial\/","url_meta":{"origin":13352,"position":5},"title":"N\u00e3o, n\u00e3o haver\u00e1 uma 3\u00aa guerra mundial&#8230;","author":"Gerson Guelmann","date":"6 de janeiro de 2020","format":false,"excerpt":"O texto est\u00e1 circulando nas redes sem identifica\u00e7\u00e3o da autoria. \u00c9 uma an\u00e1lise muito bem humorada acerca da morte do tal general iraniano e suas poss\u00edveis consequ\u00eancias, dirigido especialmente aos que acham que uma eventual retalia\u00e7\u00e3o do Ir\u00e3 levar\u00e1 \u00e0 3\u00aa guerra mundial: \"Calma, muita calma, especialistas formados pela Universidade\u2026","rel":"","context":"Em &quot;Sem categoria&quot;","block_context":{"text":"Sem categoria","link":"https:\/\/gersonguelmann.com.br\/blog\/category\/sem-categoria\/"},"img":{"alt_text":"","src":"https:\/\/i0.wp.com\/gersonguelmann.com.br\/blog\/wp-content\/uploads\/2020\/01\/Guerra.png?fit=480%2C360&ssl=1&resize=350%2C200","width":350,"height":200},"classes":[]}],"jetpack_sharing_enabled":true,"post_mailing_queue_ids":[],"_links":{"self":[{"href":"https:\/\/gersonguelmann.com.br\/blog\/wp-json\/wp\/v2\/posts\/13352","targetHints":{"allow":["GET"]}}],"collection":[{"href":"https:\/\/gersonguelmann.com.br\/blog\/wp-json\/wp\/v2\/posts"}],"about":[{"href":"https:\/\/gersonguelmann.com.br\/blog\/wp-json\/wp\/v2\/types\/post"}],"author":[{"embeddable":true,"href":"https:\/\/gersonguelmann.com.br\/blog\/wp-json\/wp\/v2\/users\/5"}],"replies":[{"embeddable":true,"href":"https:\/\/gersonguelmann.com.br\/blog\/wp-json\/wp\/v2\/comments?post=13352"}],"version-history":[{"count":0,"href":"https:\/\/gersonguelmann.com.br\/blog\/wp-json\/wp\/v2\/posts\/13352\/revisions"}],"wp:featuredmedia":[{"embeddable":true,"href":"https:\/\/gersonguelmann.com.br\/blog\/wp-json\/wp\/v2\/media\/13353"}],"wp:attachment":[{"href":"https:\/\/gersonguelmann.com.br\/blog\/wp-json\/wp\/v2\/media?parent=13352"}],"wp:term":[{"taxonomy":"category","embeddable":true,"href":"https:\/\/gersonguelmann.com.br\/blog\/wp-json\/wp\/v2\/categories?post=13352"},{"taxonomy":"post_tag","embeddable":true,"href":"https:\/\/gersonguelmann.com.br\/blog\/wp-json\/wp\/v2\/tags?post=13352"}],"curies":[{"name":"wp","href":"https:\/\/api.w.org\/{rel}","templated":true}]}}