    {"id":13359,"date":"2018-05-26T22:21:31","date_gmt":"2018-05-27T01:21:31","guid":{"rendered":"https:\/\/gersonguelmann.com.br\/blog\/?p=13359"},"modified":"2018-05-26T22:21:31","modified_gmt":"2018-05-27T01:21:31","slug":"que-reste-t-il-de-nos-amours","status":"publish","type":"post","link":"https:\/\/gersonguelmann.com.br\/blog\/que-reste-t-il-de-nos-amours\/","title":{"rendered":"Que Reste T-Il De Nos Amours?"},"content":{"rendered":"<p style=\"text-align: center;\"><img data-recalc-dims=\"1\" fetchpriority=\"high\" decoding=\"async\" data-attachment-id=\"13360\" data-permalink=\"https:\/\/gersonguelmann.com.br\/blog\/que-reste-t-il-de-nos-amours\/download-60\/\" data-orig-file=\"https:\/\/i0.wp.com\/gersonguelmann.com.br\/blog\/wp-content\/uploads\/2018\/05\/download-19.jpg?fit=300%2C168&amp;ssl=1\" data-orig-size=\"300,168\" data-comments-opened=\"1\" data-image-meta=\"{&quot;aperture&quot;:&quot;0&quot;,&quot;credit&quot;:&quot;&quot;,&quot;camera&quot;:&quot;&quot;,&quot;caption&quot;:&quot;&quot;,&quot;created_timestamp&quot;:&quot;0&quot;,&quot;copyright&quot;:&quot;&quot;,&quot;focal_length&quot;:&quot;0&quot;,&quot;iso&quot;:&quot;0&quot;,&quot;shutter_speed&quot;:&quot;0&quot;,&quot;title&quot;:&quot;&quot;,&quot;orientation&quot;:&quot;0&quot;}\" data-image-title=\"download\" data-image-description=\"\" data-image-caption=\"\" data-medium-file=\"https:\/\/i0.wp.com\/gersonguelmann.com.br\/blog\/wp-content\/uploads\/2018\/05\/download-19.jpg?fit=300%2C168&amp;ssl=1\" data-large-file=\"https:\/\/i0.wp.com\/gersonguelmann.com.br\/blog\/wp-content\/uploads\/2018\/05\/download-19.jpg?fit=300%2C168&amp;ssl=1\" class=\"alignnone size-medium wp-image-13360\" src=\"https:\/\/i0.wp.com\/gersonguelmann.com.br\/blog\/wp-content\/uploads\/2018\/05\/download-19.jpg?resize=300%2C168&#038;ssl=1\" alt=\"\" width=\"300\" height=\"168\" \/><\/p>\n<p><span style=\"font-family: georgia, palatino, serif; font-size: 18pt; color: #000000;\">Bel\u00edssima can\u00e7\u00e3o e fant\u00e1stica interpreta\u00e7\u00e3o de\u00a0Fran\u00e7oise Hardy e Alain Bashung.<\/p>\n<p><\/span><\/p>\n<p style=\"text-align: center;\"><em><span style=\"font-family: georgia, palatino, serif; font-size: 18pt; color: #000000;\">Que reste-t-il de nos amours<\/span><\/em><\/p>\n<p style=\"text-align: center;\"><em><span style=\"font-family: georgia, palatino, serif; font-size: 18pt; color: #000000;\">Charles Tr\u00e9net<\/span><\/em><em><span style=\"font-family: georgia, palatino, serif; font-size: 18pt; color: #000000;\">\u00a0\u00a0<\/span><\/em><\/p>\n<div class=\"cnt-head cnt-head--l\" style=\"text-align: center;\">\n<div class=\"cnt-info\">\n<div class=\"cnt-info_exib\"><em><span style=\"font-family: georgia, palatino, serif; font-size: 18pt; color: #000000;\">Ce soir le vent qui frappe \u00e0 ma porte<\/span><\/em><\/div>\n<\/div>\n<\/div>\n<div class=\"g-pr g-sp\">\n<div class=\"cnt-letra p402_premium\" style=\"text-align: center;\">\n<article>\n<p style=\"text-align: center;\"><em><span style=\"font-family: georgia, palatino, serif; font-size: 18pt; color: #000000;\">Me parle des amours mortes<\/span><\/em><br \/>\n<em><span style=\"font-family: georgia, palatino, serif; font-size: 18pt; color: #000000;\">Devant le feu qui s&#8217; \u00e9teint<\/span><\/em><br \/>\n<em><span style=\"font-family: georgia, palatino, serif; font-size: 18pt; color: #000000;\">Ce soir c&#8217;est une chanson d&#8217; automne<\/span><\/em><br \/>\n<em><span style=\"font-family: georgia, palatino, serif; font-size: 18pt; color: #000000;\">Dans la maison qui frissonne<\/span><\/em><br \/>\n<em><span style=\"font-family: georgia, palatino, serif; font-size: 18pt; color: #000000;\">Et je pense aux jours lointains<\/span><\/em><\/p>\n<p style=\"text-align: center;\"><em><span style=\"font-family: georgia, palatino, serif; font-size: 18pt; color: #000000;\">{Refrain:}<\/span><\/em><br \/>\n<em><span style=\"font-family: georgia, palatino, serif; font-size: 18pt; color: #000000;\">Que reste-t-il de nos amours<\/span><\/em><br \/>\n<em><span style=\"font-family: georgia, palatino, serif; font-size: 18pt; color: #000000;\">Que reste-t-il de ces beaux jours<\/span><\/em><\/p>\n<div class=\"player_teads\" style=\"text-align: center;\"><\/div>\n<p><em><span style=\"font-family: georgia, palatino, serif; font-size: 18pt; color: #000000;\">Une photo, vieille photo<\/span><\/em><br \/>\n<em><span style=\"font-family: georgia, palatino, serif; font-size: 18pt; color: #000000;\">De ma jeunesse<\/span><\/em><br \/>\n<em><span style=\"font-family: georgia, palatino, serif; font-size: 18pt; color: #000000;\">Que reste-t-il des billets doux<\/span><\/em><br \/>\n<em><span style=\"font-family: georgia, palatino, serif; font-size: 18pt; color: #000000;\">Des mois d&#8217; avril, des rendez-vous<\/span><\/em><br \/>\n<em><span style=\"font-family: georgia, palatino, serif; font-size: 18pt; color: #000000;\">Un souvenir qui me poursuit<\/span><\/em><br \/>\n<em><span style=\"font-family: georgia, palatino, serif; font-size: 18pt; color: #000000;\">Sans cesse<\/span><\/em><br \/>\n<em><span style=\"font-family: georgia, palatino, serif; font-size: 18pt; color: #000000;\">+<\/span><\/em><br \/>\n<em><span style=\"font-family: georgia, palatino, serif; font-size: 18pt; color: #000000;\">Bonheur fan\u00e9, cheveux au vent<\/span><\/em><br \/>\n<em><span style=\"font-family: georgia, palatino, serif; font-size: 18pt; color: #000000;\">Baisers vol\u00e9s, r\u00eaves mouvants<\/span><\/em><br \/>\n<em><span style=\"font-family: georgia, palatino, serif; font-size: 18pt; color: #000000;\">Que reste-t-il de tout cela<\/span><\/em><br \/>\n<em><span style=\"font-family: georgia, palatino, serif; font-size: 18pt; color: #000000;\">Dites-le-moi<\/span><\/em><br \/>\n<em><span style=\"font-family: georgia, palatino, serif; font-size: 18pt; color: #000000;\">+<\/span><\/em><br \/>\n<em><span style=\"font-family: georgia, palatino, serif; font-size: 18pt; color: #000000;\">Un petit village, un vieux clocher<\/span><\/em><br \/>\n<em><span style=\"font-family: georgia, palatino, serif; font-size: 18pt; color: #000000;\">Un paysage si bien cach\u00e9<\/span><\/em><br \/>\n<em><span style=\"font-family: georgia, palatino, serif; font-size: 18pt; color: #000000;\">Et dans un nuage le cher visage<\/span><\/em><br \/>\n<em><span style=\"font-family: georgia, palatino, serif; font-size: 18pt; color: #000000;\">De mon pass\u00e9<\/span><\/em><\/p>\n<p style=\"text-align: center;\"><em><span style=\"font-family: georgia, palatino, serif; font-size: 18pt; color: #000000;\">Les mots les mots tendres qu&#8217;on murmure<\/span><\/em><br \/>\n<em><span style=\"font-family: georgia, palatino, serif; font-size: 18pt; color: #000000;\">Les caresses les plus pures<\/span><\/em><br \/>\n<em><span style=\"font-family: georgia, palatino, serif; font-size: 18pt; color: #000000;\">Les serments au fond des bois<\/span><\/em><br \/>\n<em><span style=\"font-family: georgia, palatino, serif; font-size: 18pt; color: #000000;\">Les fleurs qu&#8217;on retrouve dans un livre<\/span><\/em><br \/>\n<em><span style=\"font-family: georgia, palatino, serif; font-size: 18pt; color: #000000;\">Dont le parfum vous enivre<\/span><\/em><br \/>\n<em><span style=\"font-family: georgia, palatino, serif; font-size: 18pt; color: #000000;\">Se sont envol\u00e9s pourquoi?<\/span><\/em><\/p>\n<p><span style=\"color: #000000;\"><em><span style=\"font-family: georgia, palatino, serif; font-size: 18pt;\">{au Refrain}<\/span><\/em><\/span><\/p>\n<p><span class=\"embed-youtube\" style=\"text-align:center; display: block;\"><iframe class=\"youtube-player\" width=\"640\" height=\"360\" src=\"https:\/\/www.youtube.com\/embed\/f_tnbv5VFrE?version=3&#038;rel=1&#038;showsearch=0&#038;showinfo=1&#038;iv_load_policy=1&#038;fs=1&#038;hl=pt-BR&#038;autohide=2&#038;wmode=transparent\" allowfullscreen=\"true\" style=\"border:0;\" sandbox=\"allow-scripts allow-same-origin allow-popups allow-presentation allow-popups-to-escape-sandbox\"><\/iframe><\/span><\/p>\n<p style=\"text-align: center;\">\n<\/article>\n<\/div>\n<\/div>\n","protected":false},"excerpt":{"rendered":"<p>Bel\u00edssima can\u00e7\u00e3o e fant\u00e1stica interpreta\u00e7\u00e3o de\u00a0Fran\u00e7oise Hardy e Alain Bashung. Que reste-t-il de nos amours Charles Tr\u00e9net\u00a0\u00a0 Ce soir le vent qui frappe \u00e0 ma porte Me parle des amours mortes Devant le feu qui s&#8217; \u00e9teint Ce soir c&#8217;est une chanson d&#8217; automne Dans la maison qui frissonne Et je pense aux jours lointains [&hellip;]<\/p>\n","protected":false},"author":5,"featured_media":13360,"comment_status":"open","ping_status":"open","sticky":false,"template":"","format":"standard","meta":{"_acf_changed":false,"jetpack_post_was_ever_published":false,"_jetpack_newsletter_access":"","_jetpack_dont_email_post_to_subs":false,"_jetpack_newsletter_tier_id":0,"_jetpack_memberships_contains_paywalled_content":false,"_jetpack_memberships_contains_paid_content":false,"footnotes":"","jetpack_publicize_message":"","jetpack_publicize_feature_enabled":true,"jetpack_social_post_already_shared":true,"jetpack_social_options":{"image_generator_settings":{"template":"highway","default_image_id":0,"font":"","enabled":false},"version":2}},"categories":[1],"tags":[],"class_list":["post-13359","post","type-post","status-publish","format-standard","has-post-thumbnail","hentry","category-sem-categoria"],"acf":[],"yoast_head":"<!-- This site is optimized with the Yoast SEO plugin v27.3 - https:\/\/yoast.com\/product\/yoast-seo-wordpress\/ -->\n<title>Que Reste T-Il De Nos Amours? | Blog do Guelmann<\/title>\n<meta name=\"robots\" content=\"index, follow, max-snippet:-1, max-image-preview:large, max-video-preview:-1\" \/>\n<link rel=\"canonical\" href=\"https:\/\/gersonguelmann.com.br\/blog\/que-reste-t-il-de-nos-amours\/\" \/>\n<meta property=\"og:locale\" content=\"pt_BR\" \/>\n<meta property=\"og:type\" content=\"article\" \/>\n<meta property=\"og:title\" content=\"Que Reste T-Il De Nos Amours? | Blog do Guelmann\" \/>\n<meta property=\"og:description\" content=\"Bel\u00edssima can\u00e7\u00e3o e fant\u00e1stica interpreta\u00e7\u00e3o de\u00a0Fran\u00e7oise Hardy e Alain Bashung. Que reste-t-il de nos amours Charles Tr\u00e9net\u00a0\u00a0 Ce soir le vent qui frappe \u00e0 ma porte Me parle des amours mortes Devant le feu qui s&#8217; \u00e9teint Ce soir c&#8217;est une chanson d&#8217; automne Dans la maison qui frissonne Et je pense aux jours lointains [&hellip;]\" \/>\n<meta property=\"og:url\" content=\"https:\/\/gersonguelmann.com.br\/blog\/que-reste-t-il-de-nos-amours\/\" \/>\n<meta property=\"og:site_name\" content=\"Blog do Guelmann\" \/>\n<meta property=\"article:published_time\" content=\"2018-05-27T01:21:31+00:00\" \/>\n<meta property=\"og:image\" content=\"https:\/\/i0.wp.com\/gersonguelmann.com.br\/blog\/wp-content\/uploads\/2018\/05\/download-19.jpg?fit=300%2C168&ssl=1\" \/>\n\t<meta property=\"og:image:width\" content=\"300\" \/>\n\t<meta property=\"og:image:height\" content=\"168\" \/>\n\t<meta property=\"og:image:type\" content=\"image\/jpeg\" \/>\n<meta name=\"author\" content=\"Gerson Guelmann\" \/>\n<meta name=\"twitter:card\" content=\"summary_large_image\" \/>\n<meta name=\"twitter:label1\" content=\"Escrito por\" \/>\n\t<meta name=\"twitter:data1\" content=\"Gerson Guelmann\" \/>\n\t<meta name=\"twitter:label2\" content=\"Est. tempo de leitura\" \/>\n\t<meta name=\"twitter:data2\" content=\"1 minuto\" \/>\n<script type=\"application\/ld+json\" class=\"yoast-schema-graph\">{\"@context\":\"https:\\\/\\\/schema.org\",\"@graph\":[{\"@type\":\"Article\",\"@id\":\"https:\\\/\\\/gersonguelmann.com.br\\\/blog\\\/que-reste-t-il-de-nos-amours\\\/#article\",\"isPartOf\":{\"@id\":\"https:\\\/\\\/gersonguelmann.com.br\\\/blog\\\/que-reste-t-il-de-nos-amours\\\/\"},\"author\":{\"name\":\"Gerson Guelmann\",\"@id\":\"https:\\\/\\\/gersonguelmann.com.br\\\/blog\\\/#\\\/schema\\\/person\\\/87e70e2a786888082f941a482c90569e\"},\"headline\":\"Que Reste T-Il De Nos Amours?\",\"datePublished\":\"2018-05-27T01:21:31+00:00\",\"mainEntityOfPage\":{\"@id\":\"https:\\\/\\\/gersonguelmann.com.br\\\/blog\\\/que-reste-t-il-de-nos-amours\\\/\"},\"wordCount\":188,\"commentCount\":0,\"image\":{\"@id\":\"https:\\\/\\\/gersonguelmann.com.br\\\/blog\\\/que-reste-t-il-de-nos-amours\\\/#primaryimage\"},\"thumbnailUrl\":\"https:\\\/\\\/i0.wp.com\\\/gersonguelmann.com.br\\\/blog\\\/wp-content\\\/uploads\\\/2018\\\/05\\\/download-19.jpg?fit=300%2C168&ssl=1\",\"inLanguage\":\"pt-BR\",\"potentialAction\":[{\"@type\":\"CommentAction\",\"name\":\"Comment\",\"target\":[\"https:\\\/\\\/gersonguelmann.com.br\\\/blog\\\/que-reste-t-il-de-nos-amours\\\/#respond\"]}]},{\"@type\":\"WebPage\",\"@id\":\"https:\\\/\\\/gersonguelmann.com.br\\\/blog\\\/que-reste-t-il-de-nos-amours\\\/\",\"url\":\"https:\\\/\\\/gersonguelmann.com.br\\\/blog\\\/que-reste-t-il-de-nos-amours\\\/\",\"name\":\"Que Reste T-Il De Nos Amours? | Blog do Guelmann\",\"isPartOf\":{\"@id\":\"https:\\\/\\\/gersonguelmann.com.br\\\/blog\\\/#website\"},\"primaryImageOfPage\":{\"@id\":\"https:\\\/\\\/gersonguelmann.com.br\\\/blog\\\/que-reste-t-il-de-nos-amours\\\/#primaryimage\"},\"image\":{\"@id\":\"https:\\\/\\\/gersonguelmann.com.br\\\/blog\\\/que-reste-t-il-de-nos-amours\\\/#primaryimage\"},\"thumbnailUrl\":\"https:\\\/\\\/i0.wp.com\\\/gersonguelmann.com.br\\\/blog\\\/wp-content\\\/uploads\\\/2018\\\/05\\\/download-19.jpg?fit=300%2C168&ssl=1\",\"datePublished\":\"2018-05-27T01:21:31+00:00\",\"author\":{\"@id\":\"https:\\\/\\\/gersonguelmann.com.br\\\/blog\\\/#\\\/schema\\\/person\\\/87e70e2a786888082f941a482c90569e\"},\"inLanguage\":\"pt-BR\",\"potentialAction\":[{\"@type\":\"ReadAction\",\"target\":[\"https:\\\/\\\/gersonguelmann.com.br\\\/blog\\\/que-reste-t-il-de-nos-amours\\\/\"]}]},{\"@type\":\"ImageObject\",\"inLanguage\":\"pt-BR\",\"@id\":\"https:\\\/\\\/gersonguelmann.com.br\\\/blog\\\/que-reste-t-il-de-nos-amours\\\/#primaryimage\",\"url\":\"https:\\\/\\\/i0.wp.com\\\/gersonguelmann.com.br\\\/blog\\\/wp-content\\\/uploads\\\/2018\\\/05\\\/download-19.jpg?fit=300%2C168&ssl=1\",\"contentUrl\":\"https:\\\/\\\/i0.wp.com\\\/gersonguelmann.com.br\\\/blog\\\/wp-content\\\/uploads\\\/2018\\\/05\\\/download-19.jpg?fit=300%2C168&ssl=1\",\"width\":300,\"height\":168},{\"@type\":\"WebSite\",\"@id\":\"https:\\\/\\\/gersonguelmann.com.br\\\/blog\\\/#website\",\"url\":\"https:\\\/\\\/gersonguelmann.com.br\\\/blog\\\/\",\"name\":\"Blog do Guelmann\",\"description\":\"Pitadas da sabedoria e do humor judaicos, assuntos do momento e um pouco das hist\u00f3rias que vivi e testemunhei.\",\"potentialAction\":[{\"@type\":\"SearchAction\",\"target\":{\"@type\":\"EntryPoint\",\"urlTemplate\":\"https:\\\/\\\/gersonguelmann.com.br\\\/blog\\\/?s={search_term_string}\"},\"query-input\":{\"@type\":\"PropertyValueSpecification\",\"valueRequired\":true,\"valueName\":\"search_term_string\"}}],\"inLanguage\":\"pt-BR\"},{\"@type\":\"Person\",\"@id\":\"https:\\\/\\\/gersonguelmann.com.br\\\/blog\\\/#\\\/schema\\\/person\\\/87e70e2a786888082f941a482c90569e\",\"name\":\"Gerson Guelmann\",\"image\":{\"@type\":\"ImageObject\",\"inLanguage\":\"pt-BR\",\"@id\":\"https:\\\/\\\/i0.wp.com\\\/gersonguelmann.com.br\\\/blog\\\/wp-content\\\/uploads\\\/2021\\\/08\\\/BLOG.jpeg?fit=96%2C96&ssl=1\",\"url\":\"https:\\\/\\\/i0.wp.com\\\/gersonguelmann.com.br\\\/blog\\\/wp-content\\\/uploads\\\/2021\\\/08\\\/BLOG.jpeg?fit=96%2C96&ssl=1\",\"contentUrl\":\"https:\\\/\\\/i0.wp.com\\\/gersonguelmann.com.br\\\/blog\\\/wp-content\\\/uploads\\\/2021\\\/08\\\/BLOG.jpeg?fit=96%2C96&ssl=1\",\"caption\":\"Gerson Guelmann\"},\"description\":\"Pitadas da sabedoria e do humor judaicos, assuntos do momento e um pouco das hist\u00f3rias que vivi e testemunhei.\"}]}<\/script>\n<!-- \/ Yoast SEO plugin. -->","yoast_head_json":{"title":"Que Reste T-Il De Nos Amours? | Blog do Guelmann","robots":{"index":"index","follow":"follow","max-snippet":"max-snippet:-1","max-image-preview":"max-image-preview:large","max-video-preview":"max-video-preview:-1"},"canonical":"https:\/\/gersonguelmann.com.br\/blog\/que-reste-t-il-de-nos-amours\/","og_locale":"pt_BR","og_type":"article","og_title":"Que Reste T-Il De Nos Amours? | Blog do Guelmann","og_description":"Bel\u00edssima can\u00e7\u00e3o e fant\u00e1stica interpreta\u00e7\u00e3o de\u00a0Fran\u00e7oise Hardy e Alain Bashung. Que reste-t-il de nos amours Charles Tr\u00e9net\u00a0\u00a0 Ce soir le vent qui frappe \u00e0 ma porte Me parle des amours mortes Devant le feu qui s&#8217; \u00e9teint Ce soir c&#8217;est une chanson d&#8217; automne Dans la maison qui frissonne Et je pense aux jours lointains [&hellip;]","og_url":"https:\/\/gersonguelmann.com.br\/blog\/que-reste-t-il-de-nos-amours\/","og_site_name":"Blog do Guelmann","article_published_time":"2018-05-27T01:21:31+00:00","og_image":[{"width":300,"height":168,"url":"https:\/\/i0.wp.com\/gersonguelmann.com.br\/blog\/wp-content\/uploads\/2018\/05\/download-19.jpg?fit=300%2C168&ssl=1","type":"image\/jpeg"}],"author":"Gerson Guelmann","twitter_card":"summary_large_image","twitter_misc":{"Escrito por":"Gerson Guelmann","Est. tempo de leitura":"1 minuto"},"schema":{"@context":"https:\/\/schema.org","@graph":[{"@type":"Article","@id":"https:\/\/gersonguelmann.com.br\/blog\/que-reste-t-il-de-nos-amours\/#article","isPartOf":{"@id":"https:\/\/gersonguelmann.com.br\/blog\/que-reste-t-il-de-nos-amours\/"},"author":{"name":"Gerson Guelmann","@id":"https:\/\/gersonguelmann.com.br\/blog\/#\/schema\/person\/87e70e2a786888082f941a482c90569e"},"headline":"Que Reste T-Il De Nos Amours?","datePublished":"2018-05-27T01:21:31+00:00","mainEntityOfPage":{"@id":"https:\/\/gersonguelmann.com.br\/blog\/que-reste-t-il-de-nos-amours\/"},"wordCount":188,"commentCount":0,"image":{"@id":"https:\/\/gersonguelmann.com.br\/blog\/que-reste-t-il-de-nos-amours\/#primaryimage"},"thumbnailUrl":"https:\/\/i0.wp.com\/gersonguelmann.com.br\/blog\/wp-content\/uploads\/2018\/05\/download-19.jpg?fit=300%2C168&ssl=1","inLanguage":"pt-BR","potentialAction":[{"@type":"CommentAction","name":"Comment","target":["https:\/\/gersonguelmann.com.br\/blog\/que-reste-t-il-de-nos-amours\/#respond"]}]},{"@type":"WebPage","@id":"https:\/\/gersonguelmann.com.br\/blog\/que-reste-t-il-de-nos-amours\/","url":"https:\/\/gersonguelmann.com.br\/blog\/que-reste-t-il-de-nos-amours\/","name":"Que Reste T-Il De Nos Amours? | Blog do Guelmann","isPartOf":{"@id":"https:\/\/gersonguelmann.com.br\/blog\/#website"},"primaryImageOfPage":{"@id":"https:\/\/gersonguelmann.com.br\/blog\/que-reste-t-il-de-nos-amours\/#primaryimage"},"image":{"@id":"https:\/\/gersonguelmann.com.br\/blog\/que-reste-t-il-de-nos-amours\/#primaryimage"},"thumbnailUrl":"https:\/\/i0.wp.com\/gersonguelmann.com.br\/blog\/wp-content\/uploads\/2018\/05\/download-19.jpg?fit=300%2C168&ssl=1","datePublished":"2018-05-27T01:21:31+00:00","author":{"@id":"https:\/\/gersonguelmann.com.br\/blog\/#\/schema\/person\/87e70e2a786888082f941a482c90569e"},"inLanguage":"pt-BR","potentialAction":[{"@type":"ReadAction","target":["https:\/\/gersonguelmann.com.br\/blog\/que-reste-t-il-de-nos-amours\/"]}]},{"@type":"ImageObject","inLanguage":"pt-BR","@id":"https:\/\/gersonguelmann.com.br\/blog\/que-reste-t-il-de-nos-amours\/#primaryimage","url":"https:\/\/i0.wp.com\/gersonguelmann.com.br\/blog\/wp-content\/uploads\/2018\/05\/download-19.jpg?fit=300%2C168&ssl=1","contentUrl":"https:\/\/i0.wp.com\/gersonguelmann.com.br\/blog\/wp-content\/uploads\/2018\/05\/download-19.jpg?fit=300%2C168&ssl=1","width":300,"height":168},{"@type":"WebSite","@id":"https:\/\/gersonguelmann.com.br\/blog\/#website","url":"https:\/\/gersonguelmann.com.br\/blog\/","name":"Blog do Guelmann","description":"Pitadas da sabedoria e do humor judaicos, assuntos do momento e um pouco das hist\u00f3rias que vivi e testemunhei.","potentialAction":[{"@type":"SearchAction","target":{"@type":"EntryPoint","urlTemplate":"https:\/\/gersonguelmann.com.br\/blog\/?s={search_term_string}"},"query-input":{"@type":"PropertyValueSpecification","valueRequired":true,"valueName":"search_term_string"}}],"inLanguage":"pt-BR"},{"@type":"Person","@id":"https:\/\/gersonguelmann.com.br\/blog\/#\/schema\/person\/87e70e2a786888082f941a482c90569e","name":"Gerson Guelmann","image":{"@type":"ImageObject","inLanguage":"pt-BR","@id":"https:\/\/i0.wp.com\/gersonguelmann.com.br\/blog\/wp-content\/uploads\/2021\/08\/BLOG.jpeg?fit=96%2C96&ssl=1","url":"https:\/\/i0.wp.com\/gersonguelmann.com.br\/blog\/wp-content\/uploads\/2021\/08\/BLOG.jpeg?fit=96%2C96&ssl=1","contentUrl":"https:\/\/i0.wp.com\/gersonguelmann.com.br\/blog\/wp-content\/uploads\/2021\/08\/BLOG.jpeg?fit=96%2C96&ssl=1","caption":"Gerson Guelmann"},"description":"Pitadas da sabedoria e do humor judaicos, assuntos do momento e um pouco das hist\u00f3rias que vivi e testemunhei."}]}},"views":100,"jetpack_publicize_connections":[],"jetpack_featured_media_url":"https:\/\/i0.wp.com\/gersonguelmann.com.br\/blog\/wp-content\/uploads\/2018\/05\/download-19.jpg?fit=300%2C168&ssl=1","jetpack_shortlink":"https:\/\/wp.me\/p96e7O-3tt","jetpack-related-posts":[{"id":16761,"url":"https:\/\/gersonguelmann.com.br\/blog\/esta-na-praia-reste-atencao-o-afogamento-nao-se-parece-com-afogamento\/","url_meta":{"origin":13359,"position":0},"title":"Est\u00e1 na Praia? Preste Aten\u00e7\u00e3o: o Afogamento N\u00e3o Se Parece Com Afogamento","author":"Gerson Guelmann","date":"16 de janeiro de 2023","format":false,"excerpt":"O t\u00edtulo impressiona e pode at\u00e9 chocar, mas o alerta \u00e9 extremamente importante, especialmente para quem frequenta as praias apenas na chamada \"temporada\". O autor do texto abaixo \u00e9 Mario Vittone, um Consultor de Riscos Mar\u00edtimos que se aposentou da Guarda Costeira dos EUA ap\u00f3s 22 anos de servi\u00e7os. Ele\u2026","rel":"","context":"Em &quot;Sem categoria&quot;","block_context":{"text":"Sem categoria","link":"https:\/\/gersonguelmann.com.br\/blog\/category\/sem-categoria\/"},"img":{"alt_text":"","src":"https:\/\/i0.wp.com\/gersonguelmann.com.br\/blog\/wp-content\/uploads\/2019\/05\/drowning-200x300.jpg?resize=350%2C200&ssl=1","width":350,"height":200},"classes":[]},{"id":9653,"url":"https:\/\/gersonguelmann.com.br\/blog\/manha-janela-t-s-eliot\/","url_meta":{"origin":13359,"position":1},"title":"Manh\u00e3 \u00e0 Janela &#8211; T. S. Eliot","author":"Gerson Guelmann","date":"6 de mar\u00e7o de 2018","format":false,"excerpt":"Manh\u00e3 \u00e0 Janela H\u00e1 um tinir de lou\u00e7as de caf\u00e9 Nas cozinhas que os por\u00f5es abrigam, E ao longo das bordas pisoteadas da rua Penso nas almas \u00famidas das dom\u00e9sticas Brotando melanc\u00f3licas nos port\u00f5es das \u00e1reas de servi\u00e7o. As ondas castanhas da neblina me arremessam Retorcidas faces do fundo da\u2026","rel":"","context":"Em &quot;Sem categoria&quot;","block_context":{"text":"Sem categoria","link":"https:\/\/gersonguelmann.com.br\/blog\/category\/sem-categoria\/"},"img":{"alt_text":"","src":"https:\/\/i0.wp.com\/gersonguelmann.com.br\/blog\/wp-content\/uploads\/2018\/03\/TSE-300x136.jpg?resize=350%2C200&ssl=1","width":350,"height":200},"classes":[]},{"id":15680,"url":"https:\/\/gersonguelmann.com.br\/blog\/o-ano-que-vem-passou-ontem-la-em-casa\/","url_meta":{"origin":13359,"position":2},"title":"O Ano Que Vem Passou Ontem L\u00e1 Em Casa","author":"Gerson Guelmann","date":"6 de janeiro de 2019","format":false,"excerpt":"Recebi e compartilho, pela beleza da mensagem. O autor da poesia \u00e9 T\u00falio Borges, que estou conhecendo agora. Maravilha. \u00a0 \"O ano que vem passou ontem l\u00e1 em casa e disse que o futuro vai ser melhor. Disse que o presente \u00e9 bom, que \u00e9 tamb\u00e9m do\u00eddo, que o passado\u2026","rel":"","context":"Em &quot;Sem categoria&quot;","block_context":{"text":"Sem categoria","link":"https:\/\/gersonguelmann.com.br\/blog\/category\/sem-categoria\/"},"img":{"alt_text":"","src":"https:\/\/i0.wp.com\/gersonguelmann.com.br\/blog\/wp-content\/uploads\/2019\/01\/new-year.jpg?fit=500%2C750&ssl=1&resize=350%2C200","width":350,"height":200},"classes":[]},{"id":622,"url":"https:\/\/gersonguelmann.com.br\/blog\/console-se-absurdos-nao-acontecem-so-no-brasil\/","url_meta":{"origin":13359,"position":3},"title":"Console-se: absurdos n\u00e3o acontecem s\u00f3 no Brasil","author":"Gerson Guelmann","date":"29 de julho de 2017","format":false,"excerpt":"Em tempos de redes sociais as mazelas do Brasil aparecem com frequ\u00eancia e despertam a tal \u201cvergonha alheia de n\u00f3s mesmos\u201d. Pode ser um triste consolo, mas absurdos tamb\u00e9m acontecem nos pa\u00edses do chamado \u201c1\u00b0 mundo\u201d. O exemplo \u00e9 o que aconteceu em Malta, ontem. Na praia, uma crian\u00e7a de\u2026","rel":"","context":"Em &quot;Sem categoria&quot;","block_context":{"text":"Sem categoria","link":"https:\/\/gersonguelmann.com.br\/blog\/category\/sem-categoria\/"},"img":{"alt_text":"","src":"https:\/\/i0.wp.com\/gersonguelmann.com.br\/blog\/wp-content\/uploads\/2017\/07\/Malta-300x222.jpg?resize=350%2C200&ssl=1","width":350,"height":200},"classes":[]},{"id":15276,"url":"https:\/\/gersonguelmann.com.br\/blog\/no-nordeste-do-brasil-seca-fome-pobreza-em-israel-metade-da-producao-agricola-e-de-agua-de-reuso\/","url_meta":{"origin":13359,"position":4},"title":"No Nordeste do Brasil, Sede, Fome e Pobreza. Em Israel, Metade da Produ\u00e7\u00e3o Agr\u00edcola \u00e9 de \u00c1gua de Reuso.","author":"Gerson Guelmann","date":"24 de novembro de 2018","format":false,"excerpt":"Acabo de ouvir no notici\u00e1rio que em Alagoas a crise da falta de \u00e1gua no sert\u00e3o est\u00e1 for\u00e7ando o governo a retomar a opera\u00e7\u00e3o dos caminh\u00f5es-pipa para abastecer os munic\u00edpios que est\u00e3o com decreto de emerg\u00eancia. A situa\u00e7\u00e3o que se repete desde sempre \u00e9 uma das mais cru\u00e9is e vergonhosas\u2026","rel":"","context":"Em &quot;Sem categoria&quot;","block_context":{"text":"Sem categoria","link":"https:\/\/gersonguelmann.com.br\/blog\/category\/sem-categoria\/"},"img":{"alt_text":"","src":"https:\/\/i0.wp.com\/gersonguelmann.com.br\/blog\/wp-content\/uploads\/2018\/11\/IMG_5783-1.jpg?fit=1200%2C674&ssl=1&resize=350%2C200","width":350,"height":200,"srcset":"https:\/\/i0.wp.com\/gersonguelmann.com.br\/blog\/wp-content\/uploads\/2018\/11\/IMG_5783-1.jpg?fit=1200%2C674&ssl=1&resize=350%2C200 1x, https:\/\/i0.wp.com\/gersonguelmann.com.br\/blog\/wp-content\/uploads\/2018\/11\/IMG_5783-1.jpg?fit=1200%2C674&ssl=1&resize=525%2C300 1.5x, https:\/\/i0.wp.com\/gersonguelmann.com.br\/blog\/wp-content\/uploads\/2018\/11\/IMG_5783-1.jpg?fit=1200%2C674&ssl=1&resize=700%2C400 2x, https:\/\/i0.wp.com\/gersonguelmann.com.br\/blog\/wp-content\/uploads\/2018\/11\/IMG_5783-1.jpg?fit=1200%2C674&ssl=1&resize=1050%2C600 3x"},"classes":[]},{"id":10032,"url":"https:\/\/gersonguelmann.com.br\/blog\/os-maiores-arrependimentos-da-vida\/","url_meta":{"origin":13359,"position":5},"title":"Os Maiores Arrependimentos da Vida","author":"Gerson Guelmann","date":"2 de setembro de 2024","format":false,"excerpt":"Nas minhas andan\u00e7as pela Internet encontrei algo que me pareceu extremamente interessante e tem tudo a ver com o fato de que, com a ajuda de D'us, em 67 dias chegarei aos 77 anos. Mas ainda que o t\u00edtulo induza a pensar que o assunto \u00e9 mais apropriado aos idosos,\u2026","rel":"","context":"Em &quot;Sem categoria&quot;","block_context":{"text":"Sem categoria","link":"https:\/\/gersonguelmann.com.br\/blog\/category\/sem-categoria\/"},"img":{"alt_text":"","src":"https:\/\/i0.wp.com\/gersonguelmann.com.br\/blog\/wp-content\/uploads\/2024\/09\/HojePR-scaled.jpg?fit=800%2C1200&ssl=1&resize=350%2C200","width":350,"height":200,"srcset":"https:\/\/i0.wp.com\/gersonguelmann.com.br\/blog\/wp-content\/uploads\/2024\/09\/HojePR-scaled.jpg?fit=800%2C1200&ssl=1&resize=350%2C200 1x, https:\/\/i0.wp.com\/gersonguelmann.com.br\/blog\/wp-content\/uploads\/2024\/09\/HojePR-scaled.jpg?fit=800%2C1200&ssl=1&resize=525%2C300 1.5x, https:\/\/i0.wp.com\/gersonguelmann.com.br\/blog\/wp-content\/uploads\/2024\/09\/HojePR-scaled.jpg?fit=800%2C1200&ssl=1&resize=700%2C400 2x"},"classes":[]}],"jetpack_sharing_enabled":true,"post_mailing_queue_ids":[],"_links":{"self":[{"href":"https:\/\/gersonguelmann.com.br\/blog\/wp-json\/wp\/v2\/posts\/13359","targetHints":{"allow":["GET"]}}],"collection":[{"href":"https:\/\/gersonguelmann.com.br\/blog\/wp-json\/wp\/v2\/posts"}],"about":[{"href":"https:\/\/gersonguelmann.com.br\/blog\/wp-json\/wp\/v2\/types\/post"}],"author":[{"embeddable":true,"href":"https:\/\/gersonguelmann.com.br\/blog\/wp-json\/wp\/v2\/users\/5"}],"replies":[{"embeddable":true,"href":"https:\/\/gersonguelmann.com.br\/blog\/wp-json\/wp\/v2\/comments?post=13359"}],"version-history":[{"count":0,"href":"https:\/\/gersonguelmann.com.br\/blog\/wp-json\/wp\/v2\/posts\/13359\/revisions"}],"wp:featuredmedia":[{"embeddable":true,"href":"https:\/\/gersonguelmann.com.br\/blog\/wp-json\/wp\/v2\/media\/13360"}],"wp:attachment":[{"href":"https:\/\/gersonguelmann.com.br\/blog\/wp-json\/wp\/v2\/media?parent=13359"}],"wp:term":[{"taxonomy":"category","embeddable":true,"href":"https:\/\/gersonguelmann.com.br\/blog\/wp-json\/wp\/v2\/categories?post=13359"},{"taxonomy":"post_tag","embeddable":true,"href":"https:\/\/gersonguelmann.com.br\/blog\/wp-json\/wp\/v2\/tags?post=13359"}],"curies":[{"name":"wp","href":"https:\/\/api.w.org\/{rel}","templated":true}]}}