    {"id":13362,"date":"2018-05-27T00:36:50","date_gmt":"2018-05-27T03:36:50","guid":{"rendered":"https:\/\/gersonguelmann.com.br\/blog\/?p=13362"},"modified":"2018-05-27T00:45:33","modified_gmt":"2018-05-27T03:45:33","slug":"petroleiros-entrarao-em-greve-4a-feira-e-mole","status":"publish","type":"post","link":"https:\/\/gersonguelmann.com.br\/blog\/petroleiros-entrarao-em-greve-4a-feira-e-mole\/","title":{"rendered":"Petroleiros Entrar\u00e3o Em Greve 4\u00aa Feira. \u00c9 Mole?"},"content":{"rendered":"<p><span style=\"color: #000000; font-family: georgia, palatino, serif; font-size: 18pt;\">Do jornal Gazeta do Povo de Curitiba (PR), publicado no final da noite de s\u00e1bado, para mostrar que nada est\u00e1 t\u00e3o ruim que n\u00e3o possa ser piorado:<\/span><\/p>\n<p style=\"text-align: center;\"><span style=\"color: #000000;\"><img data-recalc-dims=\"1\" fetchpriority=\"high\" decoding=\"async\" data-attachment-id=\"13363\" data-permalink=\"https:\/\/gersonguelmann.com.br\/blog\/petroleiros-entrarao-em-greve-4a-feira-e-mole\/conteudo22509-1348-kzmb-u2034340464662gh-1024x683gp-web\/\" data-orig-file=\"https:\/\/i0.wp.com\/gersonguelmann.com.br\/blog\/wp-content\/uploads\/2018\/05\/Conteudo22509-1348-kZmB-U2034340464662GH-1024x683%40GP-Web.jpg?fit=1024%2C683&amp;ssl=1\" data-orig-size=\"1024,683\" data-comments-opened=\"1\" data-image-meta=\"{&quot;aperture&quot;:&quot;0&quot;,&quot;credit&quot;:&quot;&quot;,&quot;camera&quot;:&quot;&quot;,&quot;caption&quot;:&quot;&quot;,&quot;created_timestamp&quot;:&quot;0&quot;,&quot;copyright&quot;:&quot;&quot;,&quot;focal_length&quot;:&quot;0&quot;,&quot;iso&quot;:&quot;0&quot;,&quot;shutter_speed&quot;:&quot;0&quot;,&quot;title&quot;:&quot;&quot;,&quot;orientation&quot;:&quot;0&quot;}\" data-image-title=\"Conteudo22509-1348-kZmB-U2034340464662GH-1024&amp;#215;683@GP-Web\" data-image-description=\"\" data-image-caption=\"\" data-medium-file=\"https:\/\/i0.wp.com\/gersonguelmann.com.br\/blog\/wp-content\/uploads\/2018\/05\/Conteudo22509-1348-kZmB-U2034340464662GH-1024x683%40GP-Web.jpg?fit=300%2C200&amp;ssl=1\" data-large-file=\"https:\/\/i0.wp.com\/gersonguelmann.com.br\/blog\/wp-content\/uploads\/2018\/05\/Conteudo22509-1348-kZmB-U2034340464662GH-1024x683%40GP-Web.jpg?fit=640%2C427&amp;ssl=1\" class=\"alignnone size-medium wp-image-13363\" src=\"https:\/\/i0.wp.com\/gersonguelmann.com.br\/blog\/wp-content\/uploads\/2018\/05\/Conteudo22509-1348-kZmB-U2034340464662GH-1024x683%40GP-Web.jpg?resize=300%2C200&#038;ssl=1\" alt=\"\" width=\"300\" height=\"200\" srcset=\"https:\/\/i0.wp.com\/gersonguelmann.com.br\/blog\/wp-content\/uploads\/2018\/05\/Conteudo22509-1348-kZmB-U2034340464662GH-1024x683%40GP-Web.jpg?resize=300%2C200&amp;ssl=1 300w, https:\/\/i0.wp.com\/gersonguelmann.com.br\/blog\/wp-content\/uploads\/2018\/05\/Conteudo22509-1348-kZmB-U2034340464662GH-1024x683%40GP-Web.jpg?resize=768%2C512&amp;ssl=1 768w, https:\/\/i0.wp.com\/gersonguelmann.com.br\/blog\/wp-content\/uploads\/2018\/05\/Conteudo22509-1348-kZmB-U2034340464662GH-1024x683%40GP-Web.jpg?w=1024&amp;ssl=1 1024w, https:\/\/i0.wp.com\/gersonguelmann.com.br\/blog\/wp-content\/uploads\/2018\/05\/Conteudo22509-1348-kZmB-U2034340464662GH-1024x683%40GP-Web.jpg?resize=750%2C500&amp;ssl=1 750w\" sizes=\"(max-width: 300px) 100vw, 300px\" \/><\/span><br \/>\n<strong><span style=\"color: #000000;\"><span class=\"c-legenda\">Os petroleiros criticam as privatiza\u00e7\u00f5es e querem a demiss\u00e3o de Pedro Parente, presidente da Petrobras.<\/span>\u00a0<\/span><\/strong><br \/>\n<span style=\"font-size: 10pt; color: #808080;\"><em><strong><span class=\"c-img-credito\">Foto: Gabriel Lord\u00eallo\/Petrobras<\/span><\/strong><\/em><\/span><\/p>\n<p><span style=\"color: #000000; font-size: 14pt;\">A FUP (Federa\u00e7\u00e3o \u00danica dos Petroleiros) decidiu entrar em greve a partir da 0h de quarta-feira (30). Os trabalhadores v\u00e3o parar por 72 horas, at\u00e9 \u00e0s 23h59 do dia 1.\u00ba de junho. A federa\u00e7\u00e3o chama a paralisa\u00e7\u00e3o de \u201cgreve de advert\u00eancia\u201d.<\/span><\/p>\n<div class=\"c-assine-container\">\n<p><i><\/i><span style=\"color: #000000; font-size: 14pt;\">Roni Barbosa, da FUP e secret\u00e1rio nacional de Comunica\u00e7\u00e3o da CUT (Central \u00danica dos Trabalhadores), afirmou que a decis\u00e3o foi tomada neste s\u00e1bado (26) em reuni\u00e3o no Rio, realizada tamb\u00e9m em teleconfer\u00eancia.<\/span><\/p>\n<\/div>\n<p><span style=\"color: #000000; font-size: 14pt;\">Segundo Barbosa, a categoria j\u00e1 havia deliberado por greve em abril deste ano e faltava apenas a defini\u00e7\u00e3o de uma data. Os petroleiros n\u00e3o pedem reajuste salarial, uma vez que a data-base da categoria \u00e9 em setembro.<\/span><\/p>\n<p><span style=\"color: #000000; font-size: 14pt;\">A principal pauta \u00e9 a redu\u00e7\u00e3o dos pre\u00e7os dos combust\u00edveis e dos g\u00e1s de cozinha. Os petroleiros pedem tamb\u00e9m o fim das importa\u00e7\u00f5es de derivados de petr\u00f3leo, criticam privatiza\u00e7\u00f5es e querem a demiss\u00e3o de Pedro Parente, presidente da Petrobras.<\/span><\/p>\n<p><span style=\"color: #000000; font-size: 14pt;\">\u201c\u00c9 fora, Parente. A Petrobras est\u00e1 sendo implodida. Est\u00e3o vendendo refinarias com dutos\u201d, disse Barbosa.<\/span><\/p>\n<p class=\"c-intertitulo\"><span style=\"color: #000000; font-size: 14pt;\"><b>No Paran\u00e1<\/b><\/span><\/p>\n<p><span style=\"color: #000000; font-size: 14pt;\">Petroleiros da Refinaria Presidente Get\u00falio Vargas (Repar) fazem protesto na manh\u00e3 deste domingo (27), por volta das 7h, em frente \u00e0 refinaria, localizada em Arauc\u00e1ria, na Regi\u00e3o Metropolitana de Curitiba.<\/span><\/p>\n<p>&nbsp;<\/p>\n<p><span style=\"color: #000000; font-family: georgia, palatino, serif; font-size: 18pt;\">A mat\u00e9ria no site do jornal <span style=\"color: #0000ff;\"><a style=\"color: #0000ff;\" href=\"http:\/\/www.gazetadopovo.com.br\/politica\/republica\/petroleiros-decidem-entrar-em-greve-a-partir-de-quarta-feira-dvcmoe8f71blm2w6v238jx2kf\"><em><strong>pode ser lida aqui<\/strong><\/em><\/a><\/span>.<\/span><\/p>\n<div data-infog-scope=\"codigo\" data-infog-id=\"2107\">\n<div class=\"infografico\">\n<aside id=\"mais-quentes-do-dia\" class=\"componente-lista-infog c-infobox no-img largura-inteira largura-conteudo\" data-google-url=\"https:\/\/docs.google.com\/spreadsheets\/d\/1iNwDvuuQDBWLOjAFjTbY-Irck2butBRoIUC__VmUnDw\/pubhtml\" data-ga=\"?utm_source=gazeta-do-povo&amp;utm_medium=box-lista&amp;utm_campaign=mais-quente-dia\" data-dia-atual=\"true\">\n<header class=\"top-componente\">\n<div class=\"desc\"><\/div>\n<\/header>\n<\/aside>\n<\/div>\n<\/div>\n<p>&nbsp;<\/p>\n","protected":false},"excerpt":{"rendered":"<p>Do jornal Gazeta do Povo de Curitiba (PR), publicado no final da noite de s\u00e1bado, para mostrar que nada est\u00e1 t\u00e3o ruim que n\u00e3o possa ser piorado: Os petroleiros criticam as privatiza\u00e7\u00f5es e querem a demiss\u00e3o de Pedro Parente, presidente da Petrobras.\u00a0 Foto: Gabriel Lord\u00eallo\/Petrobras A FUP (Federa\u00e7\u00e3o \u00danica dos Petroleiros) decidiu entrar em greve [&hellip;]<\/p>\n","protected":false},"author":5,"featured_media":13363,"comment_status":"open","ping_status":"open","sticky":false,"template":"","format":"standard","meta":{"_acf_changed":false,"jetpack_post_was_ever_published":false,"_jetpack_newsletter_access":"","_jetpack_dont_email_post_to_subs":false,"_jetpack_newsletter_tier_id":0,"_jetpack_memberships_contains_paywalled_content":false,"_jetpack_memberships_contains_paid_content":false,"footnotes":"","jetpack_publicize_message":"","jetpack_publicize_feature_enabled":true,"jetpack_social_post_already_shared":true,"jetpack_social_options":{"image_generator_settings":{"template":"highway","default_image_id":0,"font":"","enabled":false},"version":2}},"categories":[1],"tags":[],"class_list":["post-13362","post","type-post","status-publish","format-standard","has-post-thumbnail","hentry","category-sem-categoria"],"acf":[],"yoast_head":"<!-- This site is optimized with the Yoast SEO plugin v27.3 - https:\/\/yoast.com\/product\/yoast-seo-wordpress\/ -->\n<title>Petroleiros Entrar\u00e3o Em Greve 4\u00aa Feira. \u00c9 Mole? | Blog do Guelmann<\/title>\n<meta name=\"robots\" content=\"index, follow, max-snippet:-1, max-image-preview:large, max-video-preview:-1\" \/>\n<link rel=\"canonical\" href=\"https:\/\/gersonguelmann.com.br\/blog\/petroleiros-entrarao-em-greve-4a-feira-e-mole\/\" \/>\n<meta property=\"og:locale\" content=\"pt_BR\" \/>\n<meta property=\"og:type\" content=\"article\" \/>\n<meta property=\"og:title\" content=\"Petroleiros Entrar\u00e3o Em Greve 4\u00aa Feira. \u00c9 Mole? | Blog do Guelmann\" \/>\n<meta property=\"og:description\" content=\"Do jornal Gazeta do Povo de Curitiba (PR), publicado no final da noite de s\u00e1bado, para mostrar que nada est\u00e1 t\u00e3o ruim que n\u00e3o possa ser piorado: Os petroleiros criticam as privatiza\u00e7\u00f5es e querem a demiss\u00e3o de Pedro Parente, presidente da Petrobras.\u00a0 Foto: Gabriel Lord\u00eallo\/Petrobras A FUP (Federa\u00e7\u00e3o \u00danica dos Petroleiros) decidiu entrar em greve [&hellip;]\" \/>\n<meta property=\"og:url\" content=\"https:\/\/gersonguelmann.com.br\/blog\/petroleiros-entrarao-em-greve-4a-feira-e-mole\/\" \/>\n<meta property=\"og:site_name\" content=\"Blog do Guelmann\" \/>\n<meta property=\"article:published_time\" content=\"2018-05-27T03:36:50+00:00\" \/>\n<meta property=\"article:modified_time\" content=\"2018-05-27T03:45:33+00:00\" \/>\n<meta property=\"og:image\" content=\"https:\/\/i0.wp.com\/gersonguelmann.com.br\/blog\/wp-content\/uploads\/2018\/05\/Conteudo22509-1348-kZmB-U2034340464662GH-1024x683@GP-Web.jpg?fit=1024%2C683&ssl=1\" \/>\n\t<meta property=\"og:image:width\" content=\"1024\" \/>\n\t<meta property=\"og:image:height\" content=\"683\" \/>\n\t<meta property=\"og:image:type\" content=\"image\/jpeg\" \/>\n<meta name=\"author\" content=\"Gerson Guelmann\" \/>\n<meta name=\"twitter:card\" content=\"summary_large_image\" \/>\n<meta name=\"twitter:label1\" content=\"Escrito por\" \/>\n\t<meta name=\"twitter:data1\" content=\"Gerson Guelmann\" \/>\n\t<meta name=\"twitter:label2\" content=\"Est. tempo de leitura\" \/>\n\t<meta name=\"twitter:data2\" content=\"1 minuto\" \/>\n<script type=\"application\/ld+json\" class=\"yoast-schema-graph\">{\"@context\":\"https:\\\/\\\/schema.org\",\"@graph\":[{\"@type\":\"Article\",\"@id\":\"https:\\\/\\\/gersonguelmann.com.br\\\/blog\\\/petroleiros-entrarao-em-greve-4a-feira-e-mole\\\/#article\",\"isPartOf\":{\"@id\":\"https:\\\/\\\/gersonguelmann.com.br\\\/blog\\\/petroleiros-entrarao-em-greve-4a-feira-e-mole\\\/\"},\"author\":{\"name\":\"Gerson Guelmann\",\"@id\":\"https:\\\/\\\/gersonguelmann.com.br\\\/blog\\\/#\\\/schema\\\/person\\\/87e70e2a786888082f941a482c90569e\"},\"headline\":\"Petroleiros Entrar\u00e3o Em Greve 4\u00aa Feira. \u00c9 Mole?\",\"datePublished\":\"2018-05-27T03:36:50+00:00\",\"dateModified\":\"2018-05-27T03:45:33+00:00\",\"mainEntityOfPage\":{\"@id\":\"https:\\\/\\\/gersonguelmann.com.br\\\/blog\\\/petroleiros-entrarao-em-greve-4a-feira-e-mole\\\/\"},\"wordCount\":286,\"commentCount\":0,\"image\":{\"@id\":\"https:\\\/\\\/gersonguelmann.com.br\\\/blog\\\/petroleiros-entrarao-em-greve-4a-feira-e-mole\\\/#primaryimage\"},\"thumbnailUrl\":\"https:\\\/\\\/i0.wp.com\\\/gersonguelmann.com.br\\\/blog\\\/wp-content\\\/uploads\\\/2018\\\/05\\\/Conteudo22509-1348-kZmB-U2034340464662GH-1024x683%40GP-Web.jpg?fit=1024%2C683&ssl=1\",\"inLanguage\":\"pt-BR\",\"potentialAction\":[{\"@type\":\"CommentAction\",\"name\":\"Comment\",\"target\":[\"https:\\\/\\\/gersonguelmann.com.br\\\/blog\\\/petroleiros-entrarao-em-greve-4a-feira-e-mole\\\/#respond\"]}]},{\"@type\":\"WebPage\",\"@id\":\"https:\\\/\\\/gersonguelmann.com.br\\\/blog\\\/petroleiros-entrarao-em-greve-4a-feira-e-mole\\\/\",\"url\":\"https:\\\/\\\/gersonguelmann.com.br\\\/blog\\\/petroleiros-entrarao-em-greve-4a-feira-e-mole\\\/\",\"name\":\"Petroleiros Entrar\u00e3o Em Greve 4\u00aa Feira. \u00c9 Mole? | Blog do Guelmann\",\"isPartOf\":{\"@id\":\"https:\\\/\\\/gersonguelmann.com.br\\\/blog\\\/#website\"},\"primaryImageOfPage\":{\"@id\":\"https:\\\/\\\/gersonguelmann.com.br\\\/blog\\\/petroleiros-entrarao-em-greve-4a-feira-e-mole\\\/#primaryimage\"},\"image\":{\"@id\":\"https:\\\/\\\/gersonguelmann.com.br\\\/blog\\\/petroleiros-entrarao-em-greve-4a-feira-e-mole\\\/#primaryimage\"},\"thumbnailUrl\":\"https:\\\/\\\/i0.wp.com\\\/gersonguelmann.com.br\\\/blog\\\/wp-content\\\/uploads\\\/2018\\\/05\\\/Conteudo22509-1348-kZmB-U2034340464662GH-1024x683%40GP-Web.jpg?fit=1024%2C683&ssl=1\",\"datePublished\":\"2018-05-27T03:36:50+00:00\",\"dateModified\":\"2018-05-27T03:45:33+00:00\",\"author\":{\"@id\":\"https:\\\/\\\/gersonguelmann.com.br\\\/blog\\\/#\\\/schema\\\/person\\\/87e70e2a786888082f941a482c90569e\"},\"inLanguage\":\"pt-BR\",\"potentialAction\":[{\"@type\":\"ReadAction\",\"target\":[\"https:\\\/\\\/gersonguelmann.com.br\\\/blog\\\/petroleiros-entrarao-em-greve-4a-feira-e-mole\\\/\"]}]},{\"@type\":\"ImageObject\",\"inLanguage\":\"pt-BR\",\"@id\":\"https:\\\/\\\/gersonguelmann.com.br\\\/blog\\\/petroleiros-entrarao-em-greve-4a-feira-e-mole\\\/#primaryimage\",\"url\":\"https:\\\/\\\/i0.wp.com\\\/gersonguelmann.com.br\\\/blog\\\/wp-content\\\/uploads\\\/2018\\\/05\\\/Conteudo22509-1348-kZmB-U2034340464662GH-1024x683%40GP-Web.jpg?fit=1024%2C683&ssl=1\",\"contentUrl\":\"https:\\\/\\\/i0.wp.com\\\/gersonguelmann.com.br\\\/blog\\\/wp-content\\\/uploads\\\/2018\\\/05\\\/Conteudo22509-1348-kZmB-U2034340464662GH-1024x683%40GP-Web.jpg?fit=1024%2C683&ssl=1\",\"width\":1024,\"height\":683},{\"@type\":\"WebSite\",\"@id\":\"https:\\\/\\\/gersonguelmann.com.br\\\/blog\\\/#website\",\"url\":\"https:\\\/\\\/gersonguelmann.com.br\\\/blog\\\/\",\"name\":\"Blog do Guelmann\",\"description\":\"Pitadas da sabedoria e do humor judaicos, assuntos do momento e um pouco das hist\u00f3rias que vivi e testemunhei.\",\"potentialAction\":[{\"@type\":\"SearchAction\",\"target\":{\"@type\":\"EntryPoint\",\"urlTemplate\":\"https:\\\/\\\/gersonguelmann.com.br\\\/blog\\\/?s={search_term_string}\"},\"query-input\":{\"@type\":\"PropertyValueSpecification\",\"valueRequired\":true,\"valueName\":\"search_term_string\"}}],\"inLanguage\":\"pt-BR\"},{\"@type\":\"Person\",\"@id\":\"https:\\\/\\\/gersonguelmann.com.br\\\/blog\\\/#\\\/schema\\\/person\\\/87e70e2a786888082f941a482c90569e\",\"name\":\"Gerson Guelmann\",\"image\":{\"@type\":\"ImageObject\",\"inLanguage\":\"pt-BR\",\"@id\":\"https:\\\/\\\/i0.wp.com\\\/gersonguelmann.com.br\\\/blog\\\/wp-content\\\/uploads\\\/2021\\\/08\\\/BLOG.jpeg?fit=96%2C96&ssl=1\",\"url\":\"https:\\\/\\\/i0.wp.com\\\/gersonguelmann.com.br\\\/blog\\\/wp-content\\\/uploads\\\/2021\\\/08\\\/BLOG.jpeg?fit=96%2C96&ssl=1\",\"contentUrl\":\"https:\\\/\\\/i0.wp.com\\\/gersonguelmann.com.br\\\/blog\\\/wp-content\\\/uploads\\\/2021\\\/08\\\/BLOG.jpeg?fit=96%2C96&ssl=1\",\"caption\":\"Gerson Guelmann\"},\"description\":\"Pitadas da sabedoria e do humor judaicos, assuntos do momento e um pouco das hist\u00f3rias que vivi e testemunhei.\"}]}<\/script>\n<!-- \/ Yoast SEO plugin. -->","yoast_head_json":{"title":"Petroleiros Entrar\u00e3o Em Greve 4\u00aa Feira. \u00c9 Mole? | Blog do Guelmann","robots":{"index":"index","follow":"follow","max-snippet":"max-snippet:-1","max-image-preview":"max-image-preview:large","max-video-preview":"max-video-preview:-1"},"canonical":"https:\/\/gersonguelmann.com.br\/blog\/petroleiros-entrarao-em-greve-4a-feira-e-mole\/","og_locale":"pt_BR","og_type":"article","og_title":"Petroleiros Entrar\u00e3o Em Greve 4\u00aa Feira. \u00c9 Mole? | Blog do Guelmann","og_description":"Do jornal Gazeta do Povo de Curitiba (PR), publicado no final da noite de s\u00e1bado, para mostrar que nada est\u00e1 t\u00e3o ruim que n\u00e3o possa ser piorado: Os petroleiros criticam as privatiza\u00e7\u00f5es e querem a demiss\u00e3o de Pedro Parente, presidente da Petrobras.\u00a0 Foto: Gabriel Lord\u00eallo\/Petrobras A FUP (Federa\u00e7\u00e3o \u00danica dos Petroleiros) decidiu entrar em greve [&hellip;]","og_url":"https:\/\/gersonguelmann.com.br\/blog\/petroleiros-entrarao-em-greve-4a-feira-e-mole\/","og_site_name":"Blog do Guelmann","article_published_time":"2018-05-27T03:36:50+00:00","article_modified_time":"2018-05-27T03:45:33+00:00","og_image":[{"width":1024,"height":683,"url":"https:\/\/i0.wp.com\/gersonguelmann.com.br\/blog\/wp-content\/uploads\/2018\/05\/Conteudo22509-1348-kZmB-U2034340464662GH-1024x683@GP-Web.jpg?fit=1024%2C683&ssl=1","type":"image\/jpeg"}],"author":"Gerson Guelmann","twitter_card":"summary_large_image","twitter_misc":{"Escrito por":"Gerson Guelmann","Est. tempo de leitura":"1 minuto"},"schema":{"@context":"https:\/\/schema.org","@graph":[{"@type":"Article","@id":"https:\/\/gersonguelmann.com.br\/blog\/petroleiros-entrarao-em-greve-4a-feira-e-mole\/#article","isPartOf":{"@id":"https:\/\/gersonguelmann.com.br\/blog\/petroleiros-entrarao-em-greve-4a-feira-e-mole\/"},"author":{"name":"Gerson Guelmann","@id":"https:\/\/gersonguelmann.com.br\/blog\/#\/schema\/person\/87e70e2a786888082f941a482c90569e"},"headline":"Petroleiros Entrar\u00e3o Em Greve 4\u00aa Feira. \u00c9 Mole?","datePublished":"2018-05-27T03:36:50+00:00","dateModified":"2018-05-27T03:45:33+00:00","mainEntityOfPage":{"@id":"https:\/\/gersonguelmann.com.br\/blog\/petroleiros-entrarao-em-greve-4a-feira-e-mole\/"},"wordCount":286,"commentCount":0,"image":{"@id":"https:\/\/gersonguelmann.com.br\/blog\/petroleiros-entrarao-em-greve-4a-feira-e-mole\/#primaryimage"},"thumbnailUrl":"https:\/\/i0.wp.com\/gersonguelmann.com.br\/blog\/wp-content\/uploads\/2018\/05\/Conteudo22509-1348-kZmB-U2034340464662GH-1024x683%40GP-Web.jpg?fit=1024%2C683&ssl=1","inLanguage":"pt-BR","potentialAction":[{"@type":"CommentAction","name":"Comment","target":["https:\/\/gersonguelmann.com.br\/blog\/petroleiros-entrarao-em-greve-4a-feira-e-mole\/#respond"]}]},{"@type":"WebPage","@id":"https:\/\/gersonguelmann.com.br\/blog\/petroleiros-entrarao-em-greve-4a-feira-e-mole\/","url":"https:\/\/gersonguelmann.com.br\/blog\/petroleiros-entrarao-em-greve-4a-feira-e-mole\/","name":"Petroleiros Entrar\u00e3o Em Greve 4\u00aa Feira. \u00c9 Mole? | Blog do Guelmann","isPartOf":{"@id":"https:\/\/gersonguelmann.com.br\/blog\/#website"},"primaryImageOfPage":{"@id":"https:\/\/gersonguelmann.com.br\/blog\/petroleiros-entrarao-em-greve-4a-feira-e-mole\/#primaryimage"},"image":{"@id":"https:\/\/gersonguelmann.com.br\/blog\/petroleiros-entrarao-em-greve-4a-feira-e-mole\/#primaryimage"},"thumbnailUrl":"https:\/\/i0.wp.com\/gersonguelmann.com.br\/blog\/wp-content\/uploads\/2018\/05\/Conteudo22509-1348-kZmB-U2034340464662GH-1024x683%40GP-Web.jpg?fit=1024%2C683&ssl=1","datePublished":"2018-05-27T03:36:50+00:00","dateModified":"2018-05-27T03:45:33+00:00","author":{"@id":"https:\/\/gersonguelmann.com.br\/blog\/#\/schema\/person\/87e70e2a786888082f941a482c90569e"},"inLanguage":"pt-BR","potentialAction":[{"@type":"ReadAction","target":["https:\/\/gersonguelmann.com.br\/blog\/petroleiros-entrarao-em-greve-4a-feira-e-mole\/"]}]},{"@type":"ImageObject","inLanguage":"pt-BR","@id":"https:\/\/gersonguelmann.com.br\/blog\/petroleiros-entrarao-em-greve-4a-feira-e-mole\/#primaryimage","url":"https:\/\/i0.wp.com\/gersonguelmann.com.br\/blog\/wp-content\/uploads\/2018\/05\/Conteudo22509-1348-kZmB-U2034340464662GH-1024x683%40GP-Web.jpg?fit=1024%2C683&ssl=1","contentUrl":"https:\/\/i0.wp.com\/gersonguelmann.com.br\/blog\/wp-content\/uploads\/2018\/05\/Conteudo22509-1348-kZmB-U2034340464662GH-1024x683%40GP-Web.jpg?fit=1024%2C683&ssl=1","width":1024,"height":683},{"@type":"WebSite","@id":"https:\/\/gersonguelmann.com.br\/blog\/#website","url":"https:\/\/gersonguelmann.com.br\/blog\/","name":"Blog do Guelmann","description":"Pitadas da sabedoria e do humor judaicos, assuntos do momento e um pouco das hist\u00f3rias que vivi e testemunhei.","potentialAction":[{"@type":"SearchAction","target":{"@type":"EntryPoint","urlTemplate":"https:\/\/gersonguelmann.com.br\/blog\/?s={search_term_string}"},"query-input":{"@type":"PropertyValueSpecification","valueRequired":true,"valueName":"search_term_string"}}],"inLanguage":"pt-BR"},{"@type":"Person","@id":"https:\/\/gersonguelmann.com.br\/blog\/#\/schema\/person\/87e70e2a786888082f941a482c90569e","name":"Gerson Guelmann","image":{"@type":"ImageObject","inLanguage":"pt-BR","@id":"https:\/\/i0.wp.com\/gersonguelmann.com.br\/blog\/wp-content\/uploads\/2021\/08\/BLOG.jpeg?fit=96%2C96&ssl=1","url":"https:\/\/i0.wp.com\/gersonguelmann.com.br\/blog\/wp-content\/uploads\/2021\/08\/BLOG.jpeg?fit=96%2C96&ssl=1","contentUrl":"https:\/\/i0.wp.com\/gersonguelmann.com.br\/blog\/wp-content\/uploads\/2021\/08\/BLOG.jpeg?fit=96%2C96&ssl=1","caption":"Gerson Guelmann"},"description":"Pitadas da sabedoria e do humor judaicos, assuntos do momento e um pouco das hist\u00f3rias que vivi e testemunhei."}]}},"views":39,"jetpack_publicize_connections":[],"jetpack_featured_media_url":"https:\/\/i0.wp.com\/gersonguelmann.com.br\/blog\/wp-content\/uploads\/2018\/05\/Conteudo22509-1348-kZmB-U2034340464662GH-1024x683%40GP-Web.jpg?fit=1024%2C683&ssl=1","jetpack_shortlink":"https:\/\/wp.me\/p96e7O-3tw","jetpack-related-posts":[{"id":13577,"url":"https:\/\/gersonguelmann.com.br\/blog\/o-whatsapp-greve-caminhoneiros-eleicoes\/","url_meta":{"origin":13362,"position":0},"title":"O WhatsApp, a Greve dos Caminhoneiros e as Elei\u00e7\u00f5es","author":"Gerson Guelmann","date":"2 de junho de 2018","format":false,"excerpt":"Que os mensageiros instant\u00e2neos chegaram para ficar (e j\u00e1 faz tempo), \u00e9 uma verdade incontest\u00e1vel. E tamb\u00e9m tamb\u00e9m sabemos que o poder de mobiliza\u00e7\u00e3o e de propaga\u00e7\u00e3o de informa\u00e7\u00f5es do\u00a0WhatsApp extrapolou tudo o que seus pr\u00f3prios criadores podiam imaginar. Uma r\u00e1pida olhada na web mostra que em dezembro de 2017\u2026","rel":"","context":"Em &quot;Sem categoria&quot;","block_context":{"text":"Sem categoria","link":"https:\/\/gersonguelmann.com.br\/blog\/category\/sem-categoria\/"},"img":{"alt_text":"","src":"https:\/\/i0.wp.com\/gersonguelmann.com.br\/blog\/wp-content\/uploads\/2018\/06\/1.jpg?fit=660%2C371&ssl=1&resize=350%2C200","width":350,"height":200,"srcset":"https:\/\/i0.wp.com\/gersonguelmann.com.br\/blog\/wp-content\/uploads\/2018\/06\/1.jpg?fit=660%2C371&ssl=1&resize=350%2C200 1x, https:\/\/i0.wp.com\/gersonguelmann.com.br\/blog\/wp-content\/uploads\/2018\/06\/1.jpg?fit=660%2C371&ssl=1&resize=525%2C300 1.5x"},"classes":[]},{"id":13384,"url":"https:\/\/gersonguelmann.com.br\/blog\/pelo-whatsapp-caminhoneiros-articulam-continuidade-da-greve\/","url_meta":{"origin":13362,"position":1},"title":"Pelo WhatsApp, Caminhoneiros Articulam Continuidade da Greve","author":"Gerson Guelmann","date":"27 de maio de 2018","format":false,"excerpt":"Informa\u00e7\u00e3o da revista Veja, da tarde de hoje: Brasil No WhatsApp, caminhoneiros dizem que greve est\u00e1 longe do fim Nos grupos dos caminhoneiros, a ordem \u00e9 manter a paralisa\u00e7\u00e3o, pelo menos, at\u00e9 ter\u00e7a-feira, 29 Por\u00a0Da Reda\u00e7\u00e3o 27 maio 2018, 16h29 A libera\u00e7\u00e3o de alguns trechos de estradas, como em S\u00e3o\u2026","rel":"","context":"Em &quot;Sem categoria&quot;","block_context":{"text":"Sem categoria","link":"https:\/\/gersonguelmann.com.br\/blog\/category\/sem-categoria\/"},"img":{"alt_text":"","src":"https:\/\/i0.wp.com\/gersonguelmann.com.br\/blog\/wp-content\/uploads\/2018\/05\/download-2-2.jpg?resize=350%2C200&ssl=1","width":350,"height":200},"classes":[]},{"id":11115,"url":"https:\/\/gersonguelmann.com.br\/blog\/reuniao-do-sindicato-em-israel\/","url_meta":{"origin":13362,"position":2},"title":"Reuni\u00e3o do Sindicato em Israel","author":"Gerson Guelmann","date":"20 de fevereiro de 2021","format":false,"excerpt":"O sindicato de trabalhadores de uma estatal israelense estava em greve h\u00e1 15 dias. Ap\u00f3s uma reuni\u00e3o com as autoridades da \u00e1rea, o diretor comunicou os resultados aos associados: - \"Camaradas, fechamos um novo acordo com a administra\u00e7\u00e3o. A reclama\u00e7\u00e3o de que n\u00e3o somos flex\u00edveis e fazemos exig\u00eancias descabidas foi\u2026","rel":"","context":"Em &quot;Sem categoria&quot;","block_context":{"text":"Sem categoria","link":"https:\/\/gersonguelmann.com.br\/blog\/category\/sem-categoria\/"},"img":{"alt_text":"","src":"https:\/\/i0.wp.com\/gersonguelmann.com.br\/blog\/wp-content\/uploads\/2018\/03\/pexels-shelagh-murphy-1666816-scaled.jpg?fit=1200%2C800&ssl=1&resize=350%2C200","width":350,"height":200,"srcset":"https:\/\/i0.wp.com\/gersonguelmann.com.br\/blog\/wp-content\/uploads\/2018\/03\/pexels-shelagh-murphy-1666816-scaled.jpg?fit=1200%2C800&ssl=1&resize=350%2C200 1x, https:\/\/i0.wp.com\/gersonguelmann.com.br\/blog\/wp-content\/uploads\/2018\/03\/pexels-shelagh-murphy-1666816-scaled.jpg?fit=1200%2C800&ssl=1&resize=525%2C300 1.5x, https:\/\/i0.wp.com\/gersonguelmann.com.br\/blog\/wp-content\/uploads\/2018\/03\/pexels-shelagh-murphy-1666816-scaled.jpg?fit=1200%2C800&ssl=1&resize=700%2C400 2x, https:\/\/i0.wp.com\/gersonguelmann.com.br\/blog\/wp-content\/uploads\/2018\/03\/pexels-shelagh-murphy-1666816-scaled.jpg?fit=1200%2C800&ssl=1&resize=1050%2C600 3x"},"classes":[]},{"id":13906,"url":"https:\/\/gersonguelmann.com.br\/blog\/gleisi-sera-julgada-no-stf-na-proxima-3a-feira\/","url_meta":{"origin":13362,"position":3},"title":"Gleisi Ser\u00e1 Julgada no STF Na Pr\u00f3xima 3\u00aa Feira","author":"Gerson Guelmann","date":"12 de junho de 2018","format":false,"excerpt":"O site O Antagonista informa: STF JULGA GLEISI NA PR\u00d3XIMA TER\u00c7A Brasil\u00a012.06.18 20:58 A Segunda Turma do STF vai julgar na pr\u00f3xima ter\u00e7a (19) a a\u00e7\u00e3o penal da Lava Jato que mira Gleisi Hoffmann e Paulo Bernardo, informam os rep\u00f3rteres\u00a0Rafael Moraes Moura e Amanda Pupo, do Estad\u00e3o. A senadora, presidente\u2026","rel":"","context":"Em &quot;Sem categoria&quot;","block_context":{"text":"Sem categoria","link":"https:\/\/gersonguelmann.com.br\/blog\/category\/sem-categoria\/"},"img":{"alt_text":"","src":"https:\/\/i0.wp.com\/gersonguelmann.com.br\/blog\/wp-content\/uploads\/2018\/06\/Gleisi-1.jpg?fit=699%2C420&ssl=1&resize=350%2C200","width":350,"height":200,"srcset":"https:\/\/i0.wp.com\/gersonguelmann.com.br\/blog\/wp-content\/uploads\/2018\/06\/Gleisi-1.jpg?fit=699%2C420&ssl=1&resize=350%2C200 1x, https:\/\/i0.wp.com\/gersonguelmann.com.br\/blog\/wp-content\/uploads\/2018\/06\/Gleisi-1.jpg?fit=699%2C420&ssl=1&resize=525%2C300 1.5x"},"classes":[]},{"id":13314,"url":"https:\/\/gersonguelmann.com.br\/blog\/nos-da-familia-sfiha-esperamos-nao-precisar-fazer-isso\/","url_meta":{"origin":13362,"position":4},"title":"N\u00f3s da Fam\u00edlia Sfiha Esperamos N\u00e3o Precisar Fazer Isso","author":"Gerson Guelmann","date":"25 de maio de 2018","format":false,"excerpt":"Olha a mat\u00e9ria que acabou de sair no UOL Economia: Sem combust\u00edvel, hamburgueria de Bras\u00edlia usa cavalos para fazer entregas Fabiana Marchezi Colabora\u00e7\u00e3o para o UOL 25\/05\/2018 - 19h18 Para driblar a falta de combust\u00edvel devido \u00e0 greve dos caminhoneiros, a 389 Burger, de Planaltina, no Distrito Federal, foi buscar\u2026","rel":"","context":"Em &quot;Sem categoria&quot;","block_context":{"text":"Sem categoria","link":"https:\/\/gersonguelmann.com.br\/blog\/category\/sem-categoria\/"},"img":{"alt_text":"","src":"https:\/\/i0.wp.com\/gersonguelmann.com.br\/blog\/wp-content\/uploads\/2018\/05\/Moto-delivery.jpg?fit=800%2C800&ssl=1&resize=350%2C200","width":350,"height":200,"srcset":"https:\/\/i0.wp.com\/gersonguelmann.com.br\/blog\/wp-content\/uploads\/2018\/05\/Moto-delivery.jpg?fit=800%2C800&ssl=1&resize=350%2C200 1x, https:\/\/i0.wp.com\/gersonguelmann.com.br\/blog\/wp-content\/uploads\/2018\/05\/Moto-delivery.jpg?fit=800%2C800&ssl=1&resize=525%2C300 1.5x, https:\/\/i0.wp.com\/gersonguelmann.com.br\/blog\/wp-content\/uploads\/2018\/05\/Moto-delivery.jpg?fit=800%2C800&ssl=1&resize=700%2C400 2x"},"classes":[]},{"id":13597,"url":"https:\/\/gersonguelmann.com.br\/blog\/dilma-as-acoes-da-petrobras-e-a-vidraca\/","url_meta":{"origin":13362,"position":5},"title":"Dilma, as A\u00e7\u00f5es da Petrobr\u00e1s e a Vidra\u00e7a","author":"Gerson Guelmann","date":"3 de junho de 2018","format":false,"excerpt":"Li agora em duas publica\u00e7\u00f5es na internet, ambas de sites de esquerda, que a Dilma, ex-presidente da Rep\u00fablica, est\u00e1 revoltada com a forma como foi anunciada a demiss\u00e3o do presidente da Petrobras. D\u00aa Dilma, do alto da sua \"ex-autoridade\" insinua que a divulga\u00e7\u00e3o da sa\u00edda de Pedro Parente no hor\u00e1rio\u2026","rel":"","context":"Em &quot;Sem categoria&quot;","block_context":{"text":"Sem categoria","link":"https:\/\/gersonguelmann.com.br\/blog\/category\/sem-categoria\/"},"img":{"alt_text":"","src":"https:\/\/i0.wp.com\/gersonguelmann.com.br\/blog\/wp-content\/uploads\/2018\/06\/vidra%C3%A7a.jpeg?fit=960%2C640&ssl=1&resize=350%2C200","width":350,"height":200,"srcset":"https:\/\/i0.wp.com\/gersonguelmann.com.br\/blog\/wp-content\/uploads\/2018\/06\/vidra%C3%A7a.jpeg?fit=960%2C640&ssl=1&resize=350%2C200 1x, https:\/\/i0.wp.com\/gersonguelmann.com.br\/blog\/wp-content\/uploads\/2018\/06\/vidra%C3%A7a.jpeg?fit=960%2C640&ssl=1&resize=525%2C300 1.5x, https:\/\/i0.wp.com\/gersonguelmann.com.br\/blog\/wp-content\/uploads\/2018\/06\/vidra%C3%A7a.jpeg?fit=960%2C640&ssl=1&resize=700%2C400 2x"},"classes":[]}],"jetpack_sharing_enabled":true,"post_mailing_queue_ids":[],"_links":{"self":[{"href":"https:\/\/gersonguelmann.com.br\/blog\/wp-json\/wp\/v2\/posts\/13362","targetHints":{"allow":["GET"]}}],"collection":[{"href":"https:\/\/gersonguelmann.com.br\/blog\/wp-json\/wp\/v2\/posts"}],"about":[{"href":"https:\/\/gersonguelmann.com.br\/blog\/wp-json\/wp\/v2\/types\/post"}],"author":[{"embeddable":true,"href":"https:\/\/gersonguelmann.com.br\/blog\/wp-json\/wp\/v2\/users\/5"}],"replies":[{"embeddable":true,"href":"https:\/\/gersonguelmann.com.br\/blog\/wp-json\/wp\/v2\/comments?post=13362"}],"version-history":[{"count":0,"href":"https:\/\/gersonguelmann.com.br\/blog\/wp-json\/wp\/v2\/posts\/13362\/revisions"}],"wp:featuredmedia":[{"embeddable":true,"href":"https:\/\/gersonguelmann.com.br\/blog\/wp-json\/wp\/v2\/media\/13363"}],"wp:attachment":[{"href":"https:\/\/gersonguelmann.com.br\/blog\/wp-json\/wp\/v2\/media?parent=13362"}],"wp:term":[{"taxonomy":"category","embeddable":true,"href":"https:\/\/gersonguelmann.com.br\/blog\/wp-json\/wp\/v2\/categories?post=13362"},{"taxonomy":"post_tag","embeddable":true,"href":"https:\/\/gersonguelmann.com.br\/blog\/wp-json\/wp\/v2\/tags?post=13362"}],"curies":[{"name":"wp","href":"https:\/\/api.w.org\/{rel}","templated":true}]}}