    {"id":13367,"date":"2018-05-27T13:49:59","date_gmt":"2018-05-27T16:49:59","guid":{"rendered":"https:\/\/gersonguelmann.com.br\/blog\/?p=13367"},"modified":"2018-05-27T13:49:59","modified_gmt":"2018-05-27T16:49:59","slug":"tecnico-de-futebol-surpreende-ao-falar-da-situacao-do-pais","status":"publish","type":"post","link":"https:\/\/gersonguelmann.com.br\/blog\/tecnico-de-futebol-surpreende-ao-falar-da-situacao-do-pais\/","title":{"rendered":"T\u00e9cnico de Futebol Surpreende ao Falar da Situa\u00e7\u00e3o do Pa\u00eds"},"content":{"rendered":"<p style=\"text-align: center;\"><img data-recalc-dims=\"1\" fetchpriority=\"high\" decoding=\"async\" data-attachment-id=\"13368\" data-permalink=\"https:\/\/gersonguelmann.com.br\/blog\/tecnico-de-futebol-surpreende-ao-falar-da-situacao-do-pais\/whatsapp-image-2018-05-25-at-9-57-44-pm\/\" data-orig-file=\"https:\/\/i0.wp.com\/gersonguelmann.com.br\/blog\/wp-content\/uploads\/2018\/05\/WhatsApp-Image-2018-05-25-at-9.57.44-PM.jpeg?fit=1024%2C682&amp;ssl=1\" data-orig-size=\"1024,682\" data-comments-opened=\"1\" data-image-meta=\"{&quot;aperture&quot;:&quot;0&quot;,&quot;credit&quot;:&quot;&quot;,&quot;camera&quot;:&quot;&quot;,&quot;caption&quot;:&quot;&quot;,&quot;created_timestamp&quot;:&quot;0&quot;,&quot;copyright&quot;:&quot;&quot;,&quot;focal_length&quot;:&quot;0&quot;,&quot;iso&quot;:&quot;0&quot;,&quot;shutter_speed&quot;:&quot;0&quot;,&quot;title&quot;:&quot;&quot;,&quot;orientation&quot;:&quot;0&quot;}\" data-image-title=\"WhatsApp Image 2018-05-25 at 9.57.44 PM\" data-image-description=\"\" data-image-caption=\"\" data-medium-file=\"https:\/\/i0.wp.com\/gersonguelmann.com.br\/blog\/wp-content\/uploads\/2018\/05\/WhatsApp-Image-2018-05-25-at-9.57.44-PM.jpeg?fit=300%2C200&amp;ssl=1\" data-large-file=\"https:\/\/i0.wp.com\/gersonguelmann.com.br\/blog\/wp-content\/uploads\/2018\/05\/WhatsApp-Image-2018-05-25-at-9.57.44-PM.jpeg?fit=640%2C426&amp;ssl=1\" class=\"alignnone size-medium wp-image-13368\" src=\"https:\/\/i0.wp.com\/gersonguelmann.com.br\/blog\/wp-content\/uploads\/2018\/05\/WhatsApp-Image-2018-05-25-at-9.57.44-PM.jpeg?resize=300%2C200&#038;ssl=1\" alt=\"\" width=\"300\" height=\"200\" srcset=\"https:\/\/i0.wp.com\/gersonguelmann.com.br\/blog\/wp-content\/uploads\/2018\/05\/WhatsApp-Image-2018-05-25-at-9.57.44-PM.jpeg?resize=300%2C200&amp;ssl=1 300w, https:\/\/i0.wp.com\/gersonguelmann.com.br\/blog\/wp-content\/uploads\/2018\/05\/WhatsApp-Image-2018-05-25-at-9.57.44-PM.jpeg?resize=768%2C512&amp;ssl=1 768w, https:\/\/i0.wp.com\/gersonguelmann.com.br\/blog\/wp-content\/uploads\/2018\/05\/WhatsApp-Image-2018-05-25-at-9.57.44-PM.jpeg?w=1024&amp;ssl=1 1024w, https:\/\/i0.wp.com\/gersonguelmann.com.br\/blog\/wp-content\/uploads\/2018\/05\/WhatsApp-Image-2018-05-25-at-9.57.44-PM.jpeg?resize=750%2C500&amp;ssl=1 750w\" sizes=\"(max-width: 300px) 100vw, 300px\" \/>|<br \/>\n<span style=\"font-size: 10pt; color: #808080;\"><em><strong><span style=\"font-family: georgia, palatino, serif;\">Foto: Albari Rosa\/Gazeta do Povo<\/span><\/strong><\/em><\/span><\/p>\n<p><span style=\"font-family: georgia, palatino, serif; font-size: 18pt; color: #000000;\">O v\u00eddeo abaixo foi gravado h\u00e1 dois dias, durante entrevista com\u00a0Eduardo Baptista, t\u00e9cnico do time de futebol do Coritiba.<\/span><\/p>\n<p><span style=\"font-family: georgia, palatino, serif; font-size: 18pt; color: #000000;\">Na ocasi\u00e3o ele foi perguntado pelos jornalistas acerca da possibilidade de a pr\u00f3xima rodada do campeonato brasileiro ser cancelada em virtude da greve de caminhoneiros.<\/span><\/p>\n<p><span style=\"font-family: georgia, palatino, serif; font-size: 18pt; color: #000000;\">A resposta que deu certamente exprime o sentimento da maior parte da popula\u00e7\u00e3o.<\/span><\/p>\n<p><span class=\"embed-youtube\" style=\"text-align:center; display: block;\"><iframe class=\"youtube-player\" width=\"640\" height=\"360\" src=\"https:\/\/www.youtube.com\/embed\/zIGnpfROwII?version=3&#038;rel=1&#038;showsearch=0&#038;showinfo=1&#038;iv_load_policy=1&#038;fs=1&#038;hl=pt-BR&#038;autohide=2&#038;wmode=transparent\" allowfullscreen=\"true\" style=\"border:0;\" sandbox=\"allow-scripts allow-same-origin allow-popups allow-presentation allow-popups-to-escape-sandbox\"><\/iframe><\/span><\/p>\n<p>&nbsp;<\/p>\n<p>&nbsp;<\/p>\n","protected":false},"excerpt":{"rendered":"<p>| Foto: Albari Rosa\/Gazeta do Povo O v\u00eddeo abaixo foi gravado h\u00e1 dois dias, durante entrevista com\u00a0Eduardo Baptista, t\u00e9cnico do time de futebol do Coritiba. Na ocasi\u00e3o ele foi perguntado pelos jornalistas acerca da possibilidade de a pr\u00f3xima rodada do campeonato brasileiro ser cancelada em virtude da greve de caminhoneiros. A resposta que deu certamente [&hellip;]<\/p>\n","protected":false},"author":5,"featured_media":13368,"comment_status":"open","ping_status":"open","sticky":false,"template":"","format":"standard","meta":{"_acf_changed":false,"jetpack_post_was_ever_published":false,"_jetpack_newsletter_access":"","_jetpack_dont_email_post_to_subs":false,"_jetpack_newsletter_tier_id":0,"_jetpack_memberships_contains_paywalled_content":false,"_jetpack_memberships_contains_paid_content":false,"footnotes":"","jetpack_publicize_message":"","jetpack_publicize_feature_enabled":true,"jetpack_social_post_already_shared":true,"jetpack_social_options":{"image_generator_settings":{"template":"highway","default_image_id":0,"font":"","enabled":false},"version":2}},"categories":[1],"tags":[],"class_list":["post-13367","post","type-post","status-publish","format-standard","has-post-thumbnail","hentry","category-sem-categoria"],"acf":[],"yoast_head":"<!-- This site is optimized with the Yoast SEO plugin v27.3 - https:\/\/yoast.com\/product\/yoast-seo-wordpress\/ -->\n<title>T\u00e9cnico de Futebol Surpreende ao Falar da Situa\u00e7\u00e3o do Pa\u00eds | Blog do Guelmann<\/title>\n<meta name=\"robots\" content=\"index, follow, max-snippet:-1, max-image-preview:large, max-video-preview:-1\" \/>\n<link rel=\"canonical\" href=\"https:\/\/gersonguelmann.com.br\/blog\/tecnico-de-futebol-surpreende-ao-falar-da-situacao-do-pais\/\" \/>\n<meta property=\"og:locale\" content=\"pt_BR\" \/>\n<meta property=\"og:type\" content=\"article\" \/>\n<meta property=\"og:title\" content=\"T\u00e9cnico de Futebol Surpreende ao Falar da Situa\u00e7\u00e3o do Pa\u00eds | Blog do Guelmann\" \/>\n<meta property=\"og:description\" content=\"| Foto: Albari Rosa\/Gazeta do Povo O v\u00eddeo abaixo foi gravado h\u00e1 dois dias, durante entrevista com\u00a0Eduardo Baptista, t\u00e9cnico do time de futebol do Coritiba. Na ocasi\u00e3o ele foi perguntado pelos jornalistas acerca da possibilidade de a pr\u00f3xima rodada do campeonato brasileiro ser cancelada em virtude da greve de caminhoneiros. A resposta que deu certamente [&hellip;]\" \/>\n<meta property=\"og:url\" content=\"https:\/\/gersonguelmann.com.br\/blog\/tecnico-de-futebol-surpreende-ao-falar-da-situacao-do-pais\/\" \/>\n<meta property=\"og:site_name\" content=\"Blog do Guelmann\" \/>\n<meta property=\"article:published_time\" content=\"2018-05-27T16:49:59+00:00\" \/>\n<meta property=\"og:image\" content=\"https:\/\/i0.wp.com\/gersonguelmann.com.br\/blog\/wp-content\/uploads\/2018\/05\/WhatsApp-Image-2018-05-25-at-9.57.44-PM.jpeg?fit=1024%2C682&ssl=1\" \/>\n\t<meta property=\"og:image:width\" content=\"1024\" \/>\n\t<meta property=\"og:image:height\" content=\"682\" \/>\n\t<meta property=\"og:image:type\" content=\"image\/jpeg\" \/>\n<meta name=\"author\" content=\"Gerson Guelmann\" \/>\n<meta name=\"twitter:card\" content=\"summary_large_image\" \/>\n<meta name=\"twitter:label1\" content=\"Escrito por\" \/>\n\t<meta name=\"twitter:data1\" content=\"Gerson Guelmann\" \/>\n<script type=\"application\/ld+json\" class=\"yoast-schema-graph\">{\"@context\":\"https:\\\/\\\/schema.org\",\"@graph\":[{\"@type\":\"Article\",\"@id\":\"https:\\\/\\\/gersonguelmann.com.br\\\/blog\\\/tecnico-de-futebol-surpreende-ao-falar-da-situacao-do-pais\\\/#article\",\"isPartOf\":{\"@id\":\"https:\\\/\\\/gersonguelmann.com.br\\\/blog\\\/tecnico-de-futebol-surpreende-ao-falar-da-situacao-do-pais\\\/\"},\"author\":{\"name\":\"Gerson Guelmann\",\"@id\":\"https:\\\/\\\/gersonguelmann.com.br\\\/blog\\\/#\\\/schema\\\/person\\\/87e70e2a786888082f941a482c90569e\"},\"headline\":\"T\u00e9cnico de Futebol Surpreende ao Falar da Situa\u00e7\u00e3o do Pa\u00eds\",\"datePublished\":\"2018-05-27T16:49:59+00:00\",\"mainEntityOfPage\":{\"@id\":\"https:\\\/\\\/gersonguelmann.com.br\\\/blog\\\/tecnico-de-futebol-surpreende-ao-falar-da-situacao-do-pais\\\/\"},\"wordCount\":91,\"commentCount\":0,\"image\":{\"@id\":\"https:\\\/\\\/gersonguelmann.com.br\\\/blog\\\/tecnico-de-futebol-surpreende-ao-falar-da-situacao-do-pais\\\/#primaryimage\"},\"thumbnailUrl\":\"https:\\\/\\\/i0.wp.com\\\/gersonguelmann.com.br\\\/blog\\\/wp-content\\\/uploads\\\/2018\\\/05\\\/WhatsApp-Image-2018-05-25-at-9.57.44-PM.jpeg?fit=1024%2C682&ssl=1\",\"inLanguage\":\"pt-BR\",\"potentialAction\":[{\"@type\":\"CommentAction\",\"name\":\"Comment\",\"target\":[\"https:\\\/\\\/gersonguelmann.com.br\\\/blog\\\/tecnico-de-futebol-surpreende-ao-falar-da-situacao-do-pais\\\/#respond\"]}]},{\"@type\":\"WebPage\",\"@id\":\"https:\\\/\\\/gersonguelmann.com.br\\\/blog\\\/tecnico-de-futebol-surpreende-ao-falar-da-situacao-do-pais\\\/\",\"url\":\"https:\\\/\\\/gersonguelmann.com.br\\\/blog\\\/tecnico-de-futebol-surpreende-ao-falar-da-situacao-do-pais\\\/\",\"name\":\"T\u00e9cnico de Futebol Surpreende ao Falar da Situa\u00e7\u00e3o do Pa\u00eds | Blog do Guelmann\",\"isPartOf\":{\"@id\":\"https:\\\/\\\/gersonguelmann.com.br\\\/blog\\\/#website\"},\"primaryImageOfPage\":{\"@id\":\"https:\\\/\\\/gersonguelmann.com.br\\\/blog\\\/tecnico-de-futebol-surpreende-ao-falar-da-situacao-do-pais\\\/#primaryimage\"},\"image\":{\"@id\":\"https:\\\/\\\/gersonguelmann.com.br\\\/blog\\\/tecnico-de-futebol-surpreende-ao-falar-da-situacao-do-pais\\\/#primaryimage\"},\"thumbnailUrl\":\"https:\\\/\\\/i0.wp.com\\\/gersonguelmann.com.br\\\/blog\\\/wp-content\\\/uploads\\\/2018\\\/05\\\/WhatsApp-Image-2018-05-25-at-9.57.44-PM.jpeg?fit=1024%2C682&ssl=1\",\"datePublished\":\"2018-05-27T16:49:59+00:00\",\"author\":{\"@id\":\"https:\\\/\\\/gersonguelmann.com.br\\\/blog\\\/#\\\/schema\\\/person\\\/87e70e2a786888082f941a482c90569e\"},\"inLanguage\":\"pt-BR\",\"potentialAction\":[{\"@type\":\"ReadAction\",\"target\":[\"https:\\\/\\\/gersonguelmann.com.br\\\/blog\\\/tecnico-de-futebol-surpreende-ao-falar-da-situacao-do-pais\\\/\"]}]},{\"@type\":\"ImageObject\",\"inLanguage\":\"pt-BR\",\"@id\":\"https:\\\/\\\/gersonguelmann.com.br\\\/blog\\\/tecnico-de-futebol-surpreende-ao-falar-da-situacao-do-pais\\\/#primaryimage\",\"url\":\"https:\\\/\\\/i0.wp.com\\\/gersonguelmann.com.br\\\/blog\\\/wp-content\\\/uploads\\\/2018\\\/05\\\/WhatsApp-Image-2018-05-25-at-9.57.44-PM.jpeg?fit=1024%2C682&ssl=1\",\"contentUrl\":\"https:\\\/\\\/i0.wp.com\\\/gersonguelmann.com.br\\\/blog\\\/wp-content\\\/uploads\\\/2018\\\/05\\\/WhatsApp-Image-2018-05-25-at-9.57.44-PM.jpeg?fit=1024%2C682&ssl=1\",\"width\":1024,\"height\":682},{\"@type\":\"WebSite\",\"@id\":\"https:\\\/\\\/gersonguelmann.com.br\\\/blog\\\/#website\",\"url\":\"https:\\\/\\\/gersonguelmann.com.br\\\/blog\\\/\",\"name\":\"Blog do Guelmann\",\"description\":\"Pitadas da sabedoria e do humor judaicos, assuntos do momento e um pouco das hist\u00f3rias que vivi e testemunhei.\",\"potentialAction\":[{\"@type\":\"SearchAction\",\"target\":{\"@type\":\"EntryPoint\",\"urlTemplate\":\"https:\\\/\\\/gersonguelmann.com.br\\\/blog\\\/?s={search_term_string}\"},\"query-input\":{\"@type\":\"PropertyValueSpecification\",\"valueRequired\":true,\"valueName\":\"search_term_string\"}}],\"inLanguage\":\"pt-BR\"},{\"@type\":\"Person\",\"@id\":\"https:\\\/\\\/gersonguelmann.com.br\\\/blog\\\/#\\\/schema\\\/person\\\/87e70e2a786888082f941a482c90569e\",\"name\":\"Gerson Guelmann\",\"image\":{\"@type\":\"ImageObject\",\"inLanguage\":\"pt-BR\",\"@id\":\"https:\\\/\\\/i0.wp.com\\\/gersonguelmann.com.br\\\/blog\\\/wp-content\\\/uploads\\\/2021\\\/08\\\/BLOG.jpeg?fit=96%2C96&ssl=1\",\"url\":\"https:\\\/\\\/i0.wp.com\\\/gersonguelmann.com.br\\\/blog\\\/wp-content\\\/uploads\\\/2021\\\/08\\\/BLOG.jpeg?fit=96%2C96&ssl=1\",\"contentUrl\":\"https:\\\/\\\/i0.wp.com\\\/gersonguelmann.com.br\\\/blog\\\/wp-content\\\/uploads\\\/2021\\\/08\\\/BLOG.jpeg?fit=96%2C96&ssl=1\",\"caption\":\"Gerson Guelmann\"},\"description\":\"Pitadas da sabedoria e do humor judaicos, assuntos do momento e um pouco das hist\u00f3rias que vivi e testemunhei.\"}]}<\/script>\n<!-- \/ Yoast SEO plugin. -->","yoast_head_json":{"title":"T\u00e9cnico de Futebol Surpreende ao Falar da Situa\u00e7\u00e3o do Pa\u00eds | Blog do Guelmann","robots":{"index":"index","follow":"follow","max-snippet":"max-snippet:-1","max-image-preview":"max-image-preview:large","max-video-preview":"max-video-preview:-1"},"canonical":"https:\/\/gersonguelmann.com.br\/blog\/tecnico-de-futebol-surpreende-ao-falar-da-situacao-do-pais\/","og_locale":"pt_BR","og_type":"article","og_title":"T\u00e9cnico de Futebol Surpreende ao Falar da Situa\u00e7\u00e3o do Pa\u00eds | Blog do Guelmann","og_description":"| Foto: Albari Rosa\/Gazeta do Povo O v\u00eddeo abaixo foi gravado h\u00e1 dois dias, durante entrevista com\u00a0Eduardo Baptista, t\u00e9cnico do time de futebol do Coritiba. Na ocasi\u00e3o ele foi perguntado pelos jornalistas acerca da possibilidade de a pr\u00f3xima rodada do campeonato brasileiro ser cancelada em virtude da greve de caminhoneiros. A resposta que deu certamente [&hellip;]","og_url":"https:\/\/gersonguelmann.com.br\/blog\/tecnico-de-futebol-surpreende-ao-falar-da-situacao-do-pais\/","og_site_name":"Blog do Guelmann","article_published_time":"2018-05-27T16:49:59+00:00","og_image":[{"width":1024,"height":682,"url":"https:\/\/i0.wp.com\/gersonguelmann.com.br\/blog\/wp-content\/uploads\/2018\/05\/WhatsApp-Image-2018-05-25-at-9.57.44-PM.jpeg?fit=1024%2C682&ssl=1","type":"image\/jpeg"}],"author":"Gerson Guelmann","twitter_card":"summary_large_image","twitter_misc":{"Escrito por":"Gerson Guelmann"},"schema":{"@context":"https:\/\/schema.org","@graph":[{"@type":"Article","@id":"https:\/\/gersonguelmann.com.br\/blog\/tecnico-de-futebol-surpreende-ao-falar-da-situacao-do-pais\/#article","isPartOf":{"@id":"https:\/\/gersonguelmann.com.br\/blog\/tecnico-de-futebol-surpreende-ao-falar-da-situacao-do-pais\/"},"author":{"name":"Gerson Guelmann","@id":"https:\/\/gersonguelmann.com.br\/blog\/#\/schema\/person\/87e70e2a786888082f941a482c90569e"},"headline":"T\u00e9cnico de Futebol Surpreende ao Falar da Situa\u00e7\u00e3o do Pa\u00eds","datePublished":"2018-05-27T16:49:59+00:00","mainEntityOfPage":{"@id":"https:\/\/gersonguelmann.com.br\/blog\/tecnico-de-futebol-surpreende-ao-falar-da-situacao-do-pais\/"},"wordCount":91,"commentCount":0,"image":{"@id":"https:\/\/gersonguelmann.com.br\/blog\/tecnico-de-futebol-surpreende-ao-falar-da-situacao-do-pais\/#primaryimage"},"thumbnailUrl":"https:\/\/i0.wp.com\/gersonguelmann.com.br\/blog\/wp-content\/uploads\/2018\/05\/WhatsApp-Image-2018-05-25-at-9.57.44-PM.jpeg?fit=1024%2C682&ssl=1","inLanguage":"pt-BR","potentialAction":[{"@type":"CommentAction","name":"Comment","target":["https:\/\/gersonguelmann.com.br\/blog\/tecnico-de-futebol-surpreende-ao-falar-da-situacao-do-pais\/#respond"]}]},{"@type":"WebPage","@id":"https:\/\/gersonguelmann.com.br\/blog\/tecnico-de-futebol-surpreende-ao-falar-da-situacao-do-pais\/","url":"https:\/\/gersonguelmann.com.br\/blog\/tecnico-de-futebol-surpreende-ao-falar-da-situacao-do-pais\/","name":"T\u00e9cnico de Futebol Surpreende ao Falar da Situa\u00e7\u00e3o do Pa\u00eds | Blog do Guelmann","isPartOf":{"@id":"https:\/\/gersonguelmann.com.br\/blog\/#website"},"primaryImageOfPage":{"@id":"https:\/\/gersonguelmann.com.br\/blog\/tecnico-de-futebol-surpreende-ao-falar-da-situacao-do-pais\/#primaryimage"},"image":{"@id":"https:\/\/gersonguelmann.com.br\/blog\/tecnico-de-futebol-surpreende-ao-falar-da-situacao-do-pais\/#primaryimage"},"thumbnailUrl":"https:\/\/i0.wp.com\/gersonguelmann.com.br\/blog\/wp-content\/uploads\/2018\/05\/WhatsApp-Image-2018-05-25-at-9.57.44-PM.jpeg?fit=1024%2C682&ssl=1","datePublished":"2018-05-27T16:49:59+00:00","author":{"@id":"https:\/\/gersonguelmann.com.br\/blog\/#\/schema\/person\/87e70e2a786888082f941a482c90569e"},"inLanguage":"pt-BR","potentialAction":[{"@type":"ReadAction","target":["https:\/\/gersonguelmann.com.br\/blog\/tecnico-de-futebol-surpreende-ao-falar-da-situacao-do-pais\/"]}]},{"@type":"ImageObject","inLanguage":"pt-BR","@id":"https:\/\/gersonguelmann.com.br\/blog\/tecnico-de-futebol-surpreende-ao-falar-da-situacao-do-pais\/#primaryimage","url":"https:\/\/i0.wp.com\/gersonguelmann.com.br\/blog\/wp-content\/uploads\/2018\/05\/WhatsApp-Image-2018-05-25-at-9.57.44-PM.jpeg?fit=1024%2C682&ssl=1","contentUrl":"https:\/\/i0.wp.com\/gersonguelmann.com.br\/blog\/wp-content\/uploads\/2018\/05\/WhatsApp-Image-2018-05-25-at-9.57.44-PM.jpeg?fit=1024%2C682&ssl=1","width":1024,"height":682},{"@type":"WebSite","@id":"https:\/\/gersonguelmann.com.br\/blog\/#website","url":"https:\/\/gersonguelmann.com.br\/blog\/","name":"Blog do Guelmann","description":"Pitadas da sabedoria e do humor judaicos, assuntos do momento e um pouco das hist\u00f3rias que vivi e testemunhei.","potentialAction":[{"@type":"SearchAction","target":{"@type":"EntryPoint","urlTemplate":"https:\/\/gersonguelmann.com.br\/blog\/?s={search_term_string}"},"query-input":{"@type":"PropertyValueSpecification","valueRequired":true,"valueName":"search_term_string"}}],"inLanguage":"pt-BR"},{"@type":"Person","@id":"https:\/\/gersonguelmann.com.br\/blog\/#\/schema\/person\/87e70e2a786888082f941a482c90569e","name":"Gerson Guelmann","image":{"@type":"ImageObject","inLanguage":"pt-BR","@id":"https:\/\/i0.wp.com\/gersonguelmann.com.br\/blog\/wp-content\/uploads\/2021\/08\/BLOG.jpeg?fit=96%2C96&ssl=1","url":"https:\/\/i0.wp.com\/gersonguelmann.com.br\/blog\/wp-content\/uploads\/2021\/08\/BLOG.jpeg?fit=96%2C96&ssl=1","contentUrl":"https:\/\/i0.wp.com\/gersonguelmann.com.br\/blog\/wp-content\/uploads\/2021\/08\/BLOG.jpeg?fit=96%2C96&ssl=1","caption":"Gerson Guelmann"},"description":"Pitadas da sabedoria e do humor judaicos, assuntos do momento e um pouco das hist\u00f3rias que vivi e testemunhei."}]}},"views":52,"jetpack_publicize_connections":[],"jetpack_featured_media_url":"https:\/\/i0.wp.com\/gersonguelmann.com.br\/blog\/wp-content\/uploads\/2018\/05\/WhatsApp-Image-2018-05-25-at-9.57.44-PM.jpeg?fit=1024%2C682&ssl=1","jetpack_shortlink":"https:\/\/wp.me\/p96e7O-3tB","jetpack-related-posts":[{"id":18878,"url":"https:\/\/gersonguelmann.com.br\/blog\/quando-o-conceito-de-certo-e-errado-se-revela-ate-no-futebol\/","url_meta":{"origin":13367,"position":0},"title":"Quando o Conceito de Certo e Errado Se Revela At\u00e9 no Futebol","author":"Gerson Guelmann","date":"15 de outubro de 2019","format":false,"excerpt":"Frequentemente nos deparamos com not\u00edcias que nos fazem questionar porque alguns pa\u00edses se destacam pela justi\u00e7a social, respeito aos direitos do cidad\u00e3o, \u00e9tica da classe pol\u00edtica, etc. Muitas vezes esses exemplos v\u00eam dos pa\u00edses n\u00f3rdicos, em cujas sociedades tais conceitos foram sedimentados durante muitas d\u00e9cadas.\u00a0 Um caso emblem\u00e1tico foi mostrado\u2026","rel":"","context":"Em &quot;Sem categoria&quot;","block_context":{"text":"Sem categoria","link":"https:\/\/gersonguelmann.com.br\/blog\/category\/sem-categoria\/"},"img":{"alt_text":"","src":"https:\/\/i0.wp.com\/gersonguelmann.com.br\/blog\/wp-content\/uploads\/2019\/10\/%C3%89tica.jpg?fit=960%2C463&ssl=1&resize=350%2C200","width":350,"height":200,"srcset":"https:\/\/i0.wp.com\/gersonguelmann.com.br\/blog\/wp-content\/uploads\/2019\/10\/%C3%89tica.jpg?fit=960%2C463&ssl=1&resize=350%2C200 1x, https:\/\/i0.wp.com\/gersonguelmann.com.br\/blog\/wp-content\/uploads\/2019\/10\/%C3%89tica.jpg?fit=960%2C463&ssl=1&resize=525%2C300 1.5x, https:\/\/i0.wp.com\/gersonguelmann.com.br\/blog\/wp-content\/uploads\/2019\/10\/%C3%89tica.jpg?fit=960%2C463&ssl=1&resize=700%2C400 2x"},"classes":[]},{"id":4488,"url":"https:\/\/gersonguelmann.com.br\/blog\/futebol-serie-b-churrasco\/","url_meta":{"origin":13367,"position":1},"title":"Futebol da S\u00e9rie B e Churrasco","author":"Gerson Guelmann","date":"15 de novembro de 2017","format":false,"excerpt":"Se o teu time est\u00e1 subindo da s\u00e9rie B para a A, e especialmente se ele j\u00e1 estava na A e caiu para a B (ao contr\u00e1rio de um time que estava nas divis\u00f5es inferiores e v\u00eam subindo) quero lembrar o que me disseram quando o meu passou por isso\u2026","rel":"","context":"Em &quot;Sem categoria&quot;","block_context":{"text":"Sem categoria","link":"https:\/\/gersonguelmann.com.br\/blog\/category\/sem-categoria\/"},"img":{"alt_text":"","src":"https:\/\/i0.wp.com\/gersonguelmann.com.br\/blog\/wp-content\/uploads\/2017\/11\/Lage.jpg?fit=1200%2C675&ssl=1&resize=350%2C200","width":350,"height":200,"srcset":"https:\/\/i0.wp.com\/gersonguelmann.com.br\/blog\/wp-content\/uploads\/2017\/11\/Lage.jpg?fit=1200%2C675&ssl=1&resize=350%2C200 1x, https:\/\/i0.wp.com\/gersonguelmann.com.br\/blog\/wp-content\/uploads\/2017\/11\/Lage.jpg?fit=1200%2C675&ssl=1&resize=525%2C300 1.5x, https:\/\/i0.wp.com\/gersonguelmann.com.br\/blog\/wp-content\/uploads\/2017\/11\/Lage.jpg?fit=1200%2C675&ssl=1&resize=700%2C400 2x, https:\/\/i0.wp.com\/gersonguelmann.com.br\/blog\/wp-content\/uploads\/2017\/11\/Lage.jpg?fit=1200%2C675&ssl=1&resize=1050%2C600 3x"},"classes":[]},{"id":1583,"url":"https:\/\/gersonguelmann.com.br\/blog\/expedicionario-ou-jogador-de-futebol-quem-e-mais-importante\/","url_meta":{"origin":13367,"position":2},"title":"Expedicion\u00e1rio ou Jogador de Futebol: Quem \u00e9 Mais Importante?","author":"Gerson Guelmann","date":"5 de maio de 2021","format":false,"excerpt":"Max Wolf Filho \u2217 Rio Negro\/PR, 29\/7\/1911 \u2020 Biscaia, It\u00e1lia, 12\/4\/1945 \"Por mais terras que eu percorra, N\u00e3o permita Deus que eu morra Sem que volte para l\u00e1; Sem que leve por divisa Esse \"V\" que simboliza A vit\u00f3ria que vir\u00e1: Nossa vit\u00f3ria final, Que \u00e9 a mira do meu\u2026","rel":"","context":"Em &quot;Sem categoria&quot;","block_context":{"text":"Sem categoria","link":"https:\/\/gersonguelmann.com.br\/blog\/category\/sem-categoria\/"},"img":{"alt_text":"","src":"https:\/\/i0.wp.com\/gersonguelmann.com.br\/blog\/wp-content\/uploads\/2017\/09\/MWF.jpg?fit=770%2C1200&ssl=1&resize=350%2C200","width":350,"height":200,"srcset":"https:\/\/i0.wp.com\/gersonguelmann.com.br\/blog\/wp-content\/uploads\/2017\/09\/MWF.jpg?fit=770%2C1200&ssl=1&resize=350%2C200 1x, https:\/\/i0.wp.com\/gersonguelmann.com.br\/blog\/wp-content\/uploads\/2017\/09\/MWF.jpg?fit=770%2C1200&ssl=1&resize=525%2C300 1.5x, https:\/\/i0.wp.com\/gersonguelmann.com.br\/blog\/wp-content\/uploads\/2017\/09\/MWF.jpg?fit=770%2C1200&ssl=1&resize=700%2C400 2x"},"classes":[]},{"id":9980,"url":"https:\/\/gersonguelmann.com.br\/blog\/a-freira-de-108-anos-e-a-paixao-pelo-futebol\/","url_meta":{"origin":13367,"position":3},"title":"A Freira de 108 Anos e a Paix\u00e3o Pelo Futebol","author":"Gerson Guelmann","date":"12 de mar\u00e7o de 2018","format":false,"excerpt":"Recebi um v\u00eddeo publicado em maio do ano passado com reportagem sobre a Irm\u00e3\u00a0In\u00e1h Canabarro Lucas, da\u00a0Companhia de Santa Teresa de Jesus. Ela reside em Porto Alegre e, quando foi feito o registro, estava com quase 108 anos. Se estiver viva (n\u00e3o encontrei nenhuma not\u00edcia em contr\u00e1rio), completar\u00e1 109 anos\u2026","rel":"","context":"Em &quot;Sem categoria&quot;","block_context":{"text":"Sem categoria","link":"https:\/\/gersonguelmann.com.br\/blog\/category\/sem-categoria\/"},"img":{"alt_text":"","src":"https:\/\/i0.wp.com\/gersonguelmann.com.br\/blog\/wp-content\/uploads\/2018\/03\/Irm%C3%A3.jpg?fit=580%2C386&ssl=1&resize=350%2C200","width":350,"height":200,"srcset":"https:\/\/i0.wp.com\/gersonguelmann.com.br\/blog\/wp-content\/uploads\/2018\/03\/Irm%C3%A3.jpg?fit=580%2C386&ssl=1&resize=350%2C200 1x, https:\/\/i0.wp.com\/gersonguelmann.com.br\/blog\/wp-content\/uploads\/2018\/03\/Irm%C3%A3.jpg?fit=580%2C386&ssl=1&resize=525%2C300 1.5x"},"classes":[]},{"id":11296,"url":"https:\/\/gersonguelmann.com.br\/blog\/a-sessao-do-stf-analisada-por-comentaristas-de-futebol\/","url_meta":{"origin":13367,"position":4},"title":"A Sess\u00e3o do STF Analisada por Comentaristas de Futebol","author":"Gerson Guelmann","date":"5 de abril de 2018","format":false,"excerpt":"Como seria a partida, perd\u00e3o, a sess\u00e3o de ontem no STF, se fosse comentada pelos analistas que cobrem futebol? Fachin L\u00facido. Organizou o time. Soube controlar o jogo no momento de press\u00e3o do advers\u00e1rio com seu toque refinado. Nota: 8,0 Alexandre de Moraes Firme. Jogou s\u00e9rio e transmitiu seguran\u00e7a ao\u2026","rel":"","context":"Em &quot;Sem categoria&quot;","block_context":{"text":"Sem categoria","link":"https:\/\/gersonguelmann.com.br\/blog\/category\/sem-categoria\/"},"img":{"alt_text":"","src":"https:\/\/i0.wp.com\/gersonguelmann.com.br\/blog\/wp-content\/uploads\/2018\/04\/images-2-300x168.jpg?resize=350%2C200&ssl=1","width":350,"height":200},"classes":[]},{"id":5095,"url":"https:\/\/gersonguelmann.com.br\/blog\/o-exemplo-do-rs-nao-e-so-no-futebol\/","url_meta":{"origin":13367,"position":5},"title":"O Exemplo do RS N\u00e3o \u00e9 S\u00f3 No Futebol","author":"Gerson Guelmann","date":"1 de dezembro de 2017","format":false,"excerpt":"Os leitores do Blog j\u00e1 se acostumaram \u00e0s minhas publica\u00e7\u00f5es sobre as boas campanhas de combate ao consumo de \u00e1lcool por parte dos motoristas. Ainda h\u00e1 poucos dias postei o v\u00eddeo do Detran\/PR mostrando o que aconteceria se os motoristas percebessem que o Comandante do ferry-boat onde acabaram de entrar\u2026","rel":"","context":"Em &quot;Sem categoria&quot;","block_context":{"text":"Sem categoria","link":"https:\/\/gersonguelmann.com.br\/blog\/category\/sem-categoria\/"},"img":{"alt_text":"","src":"https:\/\/i0.wp.com\/gersonguelmann.com.br\/blog\/wp-content\/uploads\/2017\/12\/Detran-RS.jpg?resize=350%2C200&ssl=1","width":350,"height":200},"classes":[]}],"jetpack_sharing_enabled":true,"post_mailing_queue_ids":[],"_links":{"self":[{"href":"https:\/\/gersonguelmann.com.br\/blog\/wp-json\/wp\/v2\/posts\/13367","targetHints":{"allow":["GET"]}}],"collection":[{"href":"https:\/\/gersonguelmann.com.br\/blog\/wp-json\/wp\/v2\/posts"}],"about":[{"href":"https:\/\/gersonguelmann.com.br\/blog\/wp-json\/wp\/v2\/types\/post"}],"author":[{"embeddable":true,"href":"https:\/\/gersonguelmann.com.br\/blog\/wp-json\/wp\/v2\/users\/5"}],"replies":[{"embeddable":true,"href":"https:\/\/gersonguelmann.com.br\/blog\/wp-json\/wp\/v2\/comments?post=13367"}],"version-history":[{"count":0,"href":"https:\/\/gersonguelmann.com.br\/blog\/wp-json\/wp\/v2\/posts\/13367\/revisions"}],"wp:featuredmedia":[{"embeddable":true,"href":"https:\/\/gersonguelmann.com.br\/blog\/wp-json\/wp\/v2\/media\/13368"}],"wp:attachment":[{"href":"https:\/\/gersonguelmann.com.br\/blog\/wp-json\/wp\/v2\/media?parent=13367"}],"wp:term":[{"taxonomy":"category","embeddable":true,"href":"https:\/\/gersonguelmann.com.br\/blog\/wp-json\/wp\/v2\/categories?post=13367"},{"taxonomy":"post_tag","embeddable":true,"href":"https:\/\/gersonguelmann.com.br\/blog\/wp-json\/wp\/v2\/tags?post=13367"}],"curies":[{"name":"wp","href":"https:\/\/api.w.org\/{rel}","templated":true}]}}