    {"id":13375,"date":"2018-05-27T15:59:36","date_gmt":"2018-05-27T18:59:36","guid":{"rendered":"https:\/\/gersonguelmann.com.br\/blog\/?p=13375"},"modified":"2018-05-27T15:59:36","modified_gmt":"2018-05-27T18:59:36","slug":"roberto-carlos-em-show-apoia-caminhoneiros","status":"publish","type":"post","link":"https:\/\/gersonguelmann.com.br\/blog\/roberto-carlos-em-show-apoia-caminhoneiros\/","title":{"rendered":"Roberto Carlos, Em Show, Apoia Caminhoneiros"},"content":{"rendered":"<p style=\"text-align: center;\"><img data-recalc-dims=\"1\" fetchpriority=\"high\" decoding=\"async\" data-attachment-id=\"13376\" data-permalink=\"https:\/\/gersonguelmann.com.br\/blog\/roberto-carlos-em-show-apoia-caminhoneiros\/roberto-carlos\/\" data-orig-file=\"https:\/\/i0.wp.com\/gersonguelmann.com.br\/blog\/wp-content\/uploads\/2018\/05\/roberto-carlos.jpg?fit=1990%2C1327&amp;ssl=1\" data-orig-size=\"1990,1327\" data-comments-opened=\"1\" data-image-meta=\"{&quot;aperture&quot;:&quot;0&quot;,&quot;credit&quot;:&quot;&quot;,&quot;camera&quot;:&quot;&quot;,&quot;caption&quot;:&quot;&quot;,&quot;created_timestamp&quot;:&quot;0&quot;,&quot;copyright&quot;:&quot;&quot;,&quot;focal_length&quot;:&quot;0&quot;,&quot;iso&quot;:&quot;0&quot;,&quot;shutter_speed&quot;:&quot;0&quot;,&quot;title&quot;:&quot;&quot;,&quot;orientation&quot;:&quot;0&quot;}\" data-image-title=\"roberto-carlos\" data-image-description=\"\" data-image-caption=\"\" data-medium-file=\"https:\/\/i0.wp.com\/gersonguelmann.com.br\/blog\/wp-content\/uploads\/2018\/05\/roberto-carlos.jpg?fit=300%2C200&amp;ssl=1\" data-large-file=\"https:\/\/i0.wp.com\/gersonguelmann.com.br\/blog\/wp-content\/uploads\/2018\/05\/roberto-carlos.jpg?fit=640%2C427&amp;ssl=1\" class=\"alignnone size-medium wp-image-13376\" src=\"https:\/\/i0.wp.com\/gersonguelmann.com.br\/blog\/wp-content\/uploads\/2018\/05\/roberto-carlos.jpg?resize=300%2C200&#038;ssl=1\" alt=\"\" width=\"300\" height=\"200\" srcset=\"https:\/\/i0.wp.com\/gersonguelmann.com.br\/blog\/wp-content\/uploads\/2018\/05\/roberto-carlos.jpg?resize=300%2C200&amp;ssl=1 300w, https:\/\/i0.wp.com\/gersonguelmann.com.br\/blog\/wp-content\/uploads\/2018\/05\/roberto-carlos.jpg?resize=768%2C512&amp;ssl=1 768w, https:\/\/i0.wp.com\/gersonguelmann.com.br\/blog\/wp-content\/uploads\/2018\/05\/roberto-carlos.jpg?resize=1024%2C683&amp;ssl=1 1024w, https:\/\/i0.wp.com\/gersonguelmann.com.br\/blog\/wp-content\/uploads\/2018\/05\/roberto-carlos.jpg?resize=750%2C500&amp;ssl=1 750w, https:\/\/i0.wp.com\/gersonguelmann.com.br\/blog\/wp-content\/uploads\/2018\/05\/roberto-carlos.jpg?w=1990&amp;ssl=1 1990w, https:\/\/i0.wp.com\/gersonguelmann.com.br\/blog\/wp-content\/uploads\/2018\/05\/roberto-carlos.jpg?w=1280&amp;ssl=1 1280w, https:\/\/i0.wp.com\/gersonguelmann.com.br\/blog\/wp-content\/uploads\/2018\/05\/roberto-carlos.jpg?w=1920&amp;ssl=1 1920w\" sizes=\"(max-width: 300px) 100vw, 300px\" \/><\/p>\n<p><span style=\"font-family: georgia, palatino, serif; font-size: 18pt; color: #000000;\">Em show realizado ontem em S\u00e3o Jos\u00e9 do Rio Preto (SP), o cantor Roberto Carlos fez declara\u00e7\u00e3o de apoio aos caminhoneiros em greve.<\/span><\/p>\n<p><span style=\"font-family: georgia, palatino, serif; font-size: 18pt; color: #000000;\">Assista:<\/span><\/p>\n<p><span class=\"embed-youtube\" style=\"text-align:center; display: block;\"><iframe class=\"youtube-player\" width=\"640\" height=\"360\" src=\"https:\/\/www.youtube.com\/embed\/c4vHy0Az8Jw?version=3&#038;rel=1&#038;showsearch=0&#038;showinfo=1&#038;iv_load_policy=1&#038;fs=1&#038;hl=pt-BR&#038;autohide=2&#038;wmode=transparent\" allowfullscreen=\"true\" style=\"border:0;\" sandbox=\"allow-scripts allow-same-origin allow-popups allow-presentation allow-popups-to-escape-sandbox\"><\/iframe><\/span><\/p>\n","protected":false},"excerpt":{"rendered":"<p>Em show realizado ontem em S\u00e3o Jos\u00e9 do Rio Preto (SP), o cantor Roberto Carlos fez declara\u00e7\u00e3o de apoio aos caminhoneiros em greve. Assista:<\/p>\n","protected":false},"author":5,"featured_media":13376,"comment_status":"open","ping_status":"open","sticky":false,"template":"","format":"standard","meta":{"_acf_changed":false,"jetpack_post_was_ever_published":false,"_jetpack_newsletter_access":"","_jetpack_dont_email_post_to_subs":false,"_jetpack_newsletter_tier_id":0,"_jetpack_memberships_contains_paywalled_content":false,"_jetpack_memberships_contains_paid_content":false,"footnotes":"","jetpack_publicize_message":"","jetpack_publicize_feature_enabled":true,"jetpack_social_post_already_shared":true,"jetpack_social_options":{"image_generator_settings":{"template":"highway","default_image_id":0,"font":"","enabled":false},"version":2}},"categories":[1],"tags":[],"class_list":["post-13375","post","type-post","status-publish","format-standard","has-post-thumbnail","hentry","category-sem-categoria"],"acf":[],"yoast_head":"<!-- This site is optimized with the Yoast SEO plugin v27.3 - https:\/\/yoast.com\/product\/yoast-seo-wordpress\/ -->\n<title>Roberto Carlos, Em Show, Apoia Caminhoneiros | Blog do Guelmann<\/title>\n<meta name=\"robots\" content=\"index, follow, max-snippet:-1, max-image-preview:large, max-video-preview:-1\" \/>\n<link rel=\"canonical\" href=\"https:\/\/gersonguelmann.com.br\/blog\/roberto-carlos-em-show-apoia-caminhoneiros\/\" \/>\n<meta property=\"og:locale\" content=\"pt_BR\" \/>\n<meta property=\"og:type\" content=\"article\" \/>\n<meta property=\"og:title\" content=\"Roberto Carlos, Em Show, Apoia Caminhoneiros | Blog do Guelmann\" \/>\n<meta property=\"og:description\" content=\"Em show realizado ontem em S\u00e3o Jos\u00e9 do Rio Preto (SP), o cantor Roberto Carlos fez declara\u00e7\u00e3o de apoio aos caminhoneiros em greve. Assista:\" \/>\n<meta property=\"og:url\" content=\"https:\/\/gersonguelmann.com.br\/blog\/roberto-carlos-em-show-apoia-caminhoneiros\/\" \/>\n<meta property=\"og:site_name\" content=\"Blog do Guelmann\" \/>\n<meta property=\"article:published_time\" content=\"2018-05-27T18:59:36+00:00\" \/>\n<meta property=\"og:image\" content=\"https:\/\/i0.wp.com\/gersonguelmann.com.br\/blog\/wp-content\/uploads\/2018\/05\/roberto-carlos.jpg?fit=1990%2C1327&ssl=1\" \/>\n\t<meta property=\"og:image:width\" content=\"1990\" \/>\n\t<meta property=\"og:image:height\" content=\"1327\" \/>\n\t<meta property=\"og:image:type\" content=\"image\/jpeg\" \/>\n<meta name=\"author\" content=\"Gerson Guelmann\" \/>\n<meta name=\"twitter:card\" content=\"summary_large_image\" \/>\n<meta name=\"twitter:label1\" content=\"Escrito por\" \/>\n\t<meta name=\"twitter:data1\" content=\"Gerson Guelmann\" \/>\n<script type=\"application\/ld+json\" class=\"yoast-schema-graph\">{\"@context\":\"https:\\\/\\\/schema.org\",\"@graph\":[{\"@type\":\"Article\",\"@id\":\"https:\\\/\\\/gersonguelmann.com.br\\\/blog\\\/roberto-carlos-em-show-apoia-caminhoneiros\\\/#article\",\"isPartOf\":{\"@id\":\"https:\\\/\\\/gersonguelmann.com.br\\\/blog\\\/roberto-carlos-em-show-apoia-caminhoneiros\\\/\"},\"author\":{\"name\":\"Gerson Guelmann\",\"@id\":\"https:\\\/\\\/gersonguelmann.com.br\\\/blog\\\/#\\\/schema\\\/person\\\/87e70e2a786888082f941a482c90569e\"},\"headline\":\"Roberto Carlos, Em Show, Apoia Caminhoneiros\",\"datePublished\":\"2018-05-27T18:59:36+00:00\",\"mainEntityOfPage\":{\"@id\":\"https:\\\/\\\/gersonguelmann.com.br\\\/blog\\\/roberto-carlos-em-show-apoia-caminhoneiros\\\/\"},\"wordCount\":42,\"commentCount\":0,\"image\":{\"@id\":\"https:\\\/\\\/gersonguelmann.com.br\\\/blog\\\/roberto-carlos-em-show-apoia-caminhoneiros\\\/#primaryimage\"},\"thumbnailUrl\":\"https:\\\/\\\/i0.wp.com\\\/gersonguelmann.com.br\\\/blog\\\/wp-content\\\/uploads\\\/2018\\\/05\\\/roberto-carlos.jpg?fit=1990%2C1327&ssl=1\",\"inLanguage\":\"pt-BR\",\"potentialAction\":[{\"@type\":\"CommentAction\",\"name\":\"Comment\",\"target\":[\"https:\\\/\\\/gersonguelmann.com.br\\\/blog\\\/roberto-carlos-em-show-apoia-caminhoneiros\\\/#respond\"]}]},{\"@type\":\"WebPage\",\"@id\":\"https:\\\/\\\/gersonguelmann.com.br\\\/blog\\\/roberto-carlos-em-show-apoia-caminhoneiros\\\/\",\"url\":\"https:\\\/\\\/gersonguelmann.com.br\\\/blog\\\/roberto-carlos-em-show-apoia-caminhoneiros\\\/\",\"name\":\"Roberto Carlos, Em Show, Apoia Caminhoneiros | Blog do Guelmann\",\"isPartOf\":{\"@id\":\"https:\\\/\\\/gersonguelmann.com.br\\\/blog\\\/#website\"},\"primaryImageOfPage\":{\"@id\":\"https:\\\/\\\/gersonguelmann.com.br\\\/blog\\\/roberto-carlos-em-show-apoia-caminhoneiros\\\/#primaryimage\"},\"image\":{\"@id\":\"https:\\\/\\\/gersonguelmann.com.br\\\/blog\\\/roberto-carlos-em-show-apoia-caminhoneiros\\\/#primaryimage\"},\"thumbnailUrl\":\"https:\\\/\\\/i0.wp.com\\\/gersonguelmann.com.br\\\/blog\\\/wp-content\\\/uploads\\\/2018\\\/05\\\/roberto-carlos.jpg?fit=1990%2C1327&ssl=1\",\"datePublished\":\"2018-05-27T18:59:36+00:00\",\"author\":{\"@id\":\"https:\\\/\\\/gersonguelmann.com.br\\\/blog\\\/#\\\/schema\\\/person\\\/87e70e2a786888082f941a482c90569e\"},\"inLanguage\":\"pt-BR\",\"potentialAction\":[{\"@type\":\"ReadAction\",\"target\":[\"https:\\\/\\\/gersonguelmann.com.br\\\/blog\\\/roberto-carlos-em-show-apoia-caminhoneiros\\\/\"]}]},{\"@type\":\"ImageObject\",\"inLanguage\":\"pt-BR\",\"@id\":\"https:\\\/\\\/gersonguelmann.com.br\\\/blog\\\/roberto-carlos-em-show-apoia-caminhoneiros\\\/#primaryimage\",\"url\":\"https:\\\/\\\/i0.wp.com\\\/gersonguelmann.com.br\\\/blog\\\/wp-content\\\/uploads\\\/2018\\\/05\\\/roberto-carlos.jpg?fit=1990%2C1327&ssl=1\",\"contentUrl\":\"https:\\\/\\\/i0.wp.com\\\/gersonguelmann.com.br\\\/blog\\\/wp-content\\\/uploads\\\/2018\\\/05\\\/roberto-carlos.jpg?fit=1990%2C1327&ssl=1\",\"width\":1990,\"height\":1327},{\"@type\":\"WebSite\",\"@id\":\"https:\\\/\\\/gersonguelmann.com.br\\\/blog\\\/#website\",\"url\":\"https:\\\/\\\/gersonguelmann.com.br\\\/blog\\\/\",\"name\":\"Blog do Guelmann\",\"description\":\"Pitadas da sabedoria e do humor judaicos, assuntos do momento e um pouco das hist\u00f3rias que vivi e testemunhei.\",\"potentialAction\":[{\"@type\":\"SearchAction\",\"target\":{\"@type\":\"EntryPoint\",\"urlTemplate\":\"https:\\\/\\\/gersonguelmann.com.br\\\/blog\\\/?s={search_term_string}\"},\"query-input\":{\"@type\":\"PropertyValueSpecification\",\"valueRequired\":true,\"valueName\":\"search_term_string\"}}],\"inLanguage\":\"pt-BR\"},{\"@type\":\"Person\",\"@id\":\"https:\\\/\\\/gersonguelmann.com.br\\\/blog\\\/#\\\/schema\\\/person\\\/87e70e2a786888082f941a482c90569e\",\"name\":\"Gerson Guelmann\",\"image\":{\"@type\":\"ImageObject\",\"inLanguage\":\"pt-BR\",\"@id\":\"https:\\\/\\\/i0.wp.com\\\/gersonguelmann.com.br\\\/blog\\\/wp-content\\\/uploads\\\/2021\\\/08\\\/BLOG.jpeg?fit=96%2C96&ssl=1\",\"url\":\"https:\\\/\\\/i0.wp.com\\\/gersonguelmann.com.br\\\/blog\\\/wp-content\\\/uploads\\\/2021\\\/08\\\/BLOG.jpeg?fit=96%2C96&ssl=1\",\"contentUrl\":\"https:\\\/\\\/i0.wp.com\\\/gersonguelmann.com.br\\\/blog\\\/wp-content\\\/uploads\\\/2021\\\/08\\\/BLOG.jpeg?fit=96%2C96&ssl=1\",\"caption\":\"Gerson Guelmann\"},\"description\":\"Pitadas da sabedoria e do humor judaicos, assuntos do momento e um pouco das hist\u00f3rias que vivi e testemunhei.\"}]}<\/script>\n<!-- \/ Yoast SEO plugin. -->","yoast_head_json":{"title":"Roberto Carlos, Em Show, Apoia Caminhoneiros | Blog do Guelmann","robots":{"index":"index","follow":"follow","max-snippet":"max-snippet:-1","max-image-preview":"max-image-preview:large","max-video-preview":"max-video-preview:-1"},"canonical":"https:\/\/gersonguelmann.com.br\/blog\/roberto-carlos-em-show-apoia-caminhoneiros\/","og_locale":"pt_BR","og_type":"article","og_title":"Roberto Carlos, Em Show, Apoia Caminhoneiros | Blog do Guelmann","og_description":"Em show realizado ontem em S\u00e3o Jos\u00e9 do Rio Preto (SP), o cantor Roberto Carlos fez declara\u00e7\u00e3o de apoio aos caminhoneiros em greve. Assista:","og_url":"https:\/\/gersonguelmann.com.br\/blog\/roberto-carlos-em-show-apoia-caminhoneiros\/","og_site_name":"Blog do Guelmann","article_published_time":"2018-05-27T18:59:36+00:00","og_image":[{"width":1990,"height":1327,"url":"https:\/\/i0.wp.com\/gersonguelmann.com.br\/blog\/wp-content\/uploads\/2018\/05\/roberto-carlos.jpg?fit=1990%2C1327&ssl=1","type":"image\/jpeg"}],"author":"Gerson Guelmann","twitter_card":"summary_large_image","twitter_misc":{"Escrito por":"Gerson Guelmann"},"schema":{"@context":"https:\/\/schema.org","@graph":[{"@type":"Article","@id":"https:\/\/gersonguelmann.com.br\/blog\/roberto-carlos-em-show-apoia-caminhoneiros\/#article","isPartOf":{"@id":"https:\/\/gersonguelmann.com.br\/blog\/roberto-carlos-em-show-apoia-caminhoneiros\/"},"author":{"name":"Gerson Guelmann","@id":"https:\/\/gersonguelmann.com.br\/blog\/#\/schema\/person\/87e70e2a786888082f941a482c90569e"},"headline":"Roberto Carlos, Em Show, Apoia Caminhoneiros","datePublished":"2018-05-27T18:59:36+00:00","mainEntityOfPage":{"@id":"https:\/\/gersonguelmann.com.br\/blog\/roberto-carlos-em-show-apoia-caminhoneiros\/"},"wordCount":42,"commentCount":0,"image":{"@id":"https:\/\/gersonguelmann.com.br\/blog\/roberto-carlos-em-show-apoia-caminhoneiros\/#primaryimage"},"thumbnailUrl":"https:\/\/i0.wp.com\/gersonguelmann.com.br\/blog\/wp-content\/uploads\/2018\/05\/roberto-carlos.jpg?fit=1990%2C1327&ssl=1","inLanguage":"pt-BR","potentialAction":[{"@type":"CommentAction","name":"Comment","target":["https:\/\/gersonguelmann.com.br\/blog\/roberto-carlos-em-show-apoia-caminhoneiros\/#respond"]}]},{"@type":"WebPage","@id":"https:\/\/gersonguelmann.com.br\/blog\/roberto-carlos-em-show-apoia-caminhoneiros\/","url":"https:\/\/gersonguelmann.com.br\/blog\/roberto-carlos-em-show-apoia-caminhoneiros\/","name":"Roberto Carlos, Em Show, Apoia Caminhoneiros | Blog do Guelmann","isPartOf":{"@id":"https:\/\/gersonguelmann.com.br\/blog\/#website"},"primaryImageOfPage":{"@id":"https:\/\/gersonguelmann.com.br\/blog\/roberto-carlos-em-show-apoia-caminhoneiros\/#primaryimage"},"image":{"@id":"https:\/\/gersonguelmann.com.br\/blog\/roberto-carlos-em-show-apoia-caminhoneiros\/#primaryimage"},"thumbnailUrl":"https:\/\/i0.wp.com\/gersonguelmann.com.br\/blog\/wp-content\/uploads\/2018\/05\/roberto-carlos.jpg?fit=1990%2C1327&ssl=1","datePublished":"2018-05-27T18:59:36+00:00","author":{"@id":"https:\/\/gersonguelmann.com.br\/blog\/#\/schema\/person\/87e70e2a786888082f941a482c90569e"},"inLanguage":"pt-BR","potentialAction":[{"@type":"ReadAction","target":["https:\/\/gersonguelmann.com.br\/blog\/roberto-carlos-em-show-apoia-caminhoneiros\/"]}]},{"@type":"ImageObject","inLanguage":"pt-BR","@id":"https:\/\/gersonguelmann.com.br\/blog\/roberto-carlos-em-show-apoia-caminhoneiros\/#primaryimage","url":"https:\/\/i0.wp.com\/gersonguelmann.com.br\/blog\/wp-content\/uploads\/2018\/05\/roberto-carlos.jpg?fit=1990%2C1327&ssl=1","contentUrl":"https:\/\/i0.wp.com\/gersonguelmann.com.br\/blog\/wp-content\/uploads\/2018\/05\/roberto-carlos.jpg?fit=1990%2C1327&ssl=1","width":1990,"height":1327},{"@type":"WebSite","@id":"https:\/\/gersonguelmann.com.br\/blog\/#website","url":"https:\/\/gersonguelmann.com.br\/blog\/","name":"Blog do Guelmann","description":"Pitadas da sabedoria e do humor judaicos, assuntos do momento e um pouco das hist\u00f3rias que vivi e testemunhei.","potentialAction":[{"@type":"SearchAction","target":{"@type":"EntryPoint","urlTemplate":"https:\/\/gersonguelmann.com.br\/blog\/?s={search_term_string}"},"query-input":{"@type":"PropertyValueSpecification","valueRequired":true,"valueName":"search_term_string"}}],"inLanguage":"pt-BR"},{"@type":"Person","@id":"https:\/\/gersonguelmann.com.br\/blog\/#\/schema\/person\/87e70e2a786888082f941a482c90569e","name":"Gerson Guelmann","image":{"@type":"ImageObject","inLanguage":"pt-BR","@id":"https:\/\/i0.wp.com\/gersonguelmann.com.br\/blog\/wp-content\/uploads\/2021\/08\/BLOG.jpeg?fit=96%2C96&ssl=1","url":"https:\/\/i0.wp.com\/gersonguelmann.com.br\/blog\/wp-content\/uploads\/2021\/08\/BLOG.jpeg?fit=96%2C96&ssl=1","contentUrl":"https:\/\/i0.wp.com\/gersonguelmann.com.br\/blog\/wp-content\/uploads\/2021\/08\/BLOG.jpeg?fit=96%2C96&ssl=1","caption":"Gerson Guelmann"},"description":"Pitadas da sabedoria e do humor judaicos, assuntos do momento e um pouco das hist\u00f3rias que vivi e testemunhei."}]}},"views":61,"jetpack_publicize_connections":[],"jetpack_featured_media_url":"https:\/\/i0.wp.com\/gersonguelmann.com.br\/blog\/wp-content\/uploads\/2018\/05\/roberto-carlos.jpg?fit=1990%2C1327&ssl=1","jetpack_shortlink":"https:\/\/wp.me\/p96e7O-3tJ","jetpack-related-posts":[{"id":13384,"url":"https:\/\/gersonguelmann.com.br\/blog\/pelo-whatsapp-caminhoneiros-articulam-continuidade-da-greve\/","url_meta":{"origin":13375,"position":0},"title":"Pelo WhatsApp, Caminhoneiros Articulam Continuidade da Greve","author":"Gerson Guelmann","date":"27 de maio de 2018","format":false,"excerpt":"Informa\u00e7\u00e3o da revista Veja, da tarde de hoje: Brasil No WhatsApp, caminhoneiros dizem que greve est\u00e1 longe do fim Nos grupos dos caminhoneiros, a ordem \u00e9 manter a paralisa\u00e7\u00e3o, pelo menos, at\u00e9 ter\u00e7a-feira, 29 Por\u00a0Da Reda\u00e7\u00e3o 27 maio 2018, 16h29 A libera\u00e7\u00e3o de alguns trechos de estradas, como em S\u00e3o\u2026","rel":"","context":"Em &quot;Sem categoria&quot;","block_context":{"text":"Sem categoria","link":"https:\/\/gersonguelmann.com.br\/blog\/category\/sem-categoria\/"},"img":{"alt_text":"","src":"https:\/\/i0.wp.com\/gersonguelmann.com.br\/blog\/wp-content\/uploads\/2018\/05\/download-2-2.jpg?resize=350%2C200&ssl=1","width":350,"height":200},"classes":[]},{"id":22029,"url":"https:\/\/gersonguelmann.com.br\/blog\/roberto-carlos-e-a-jerusalem-de-ouro\/","url_meta":{"origin":13375,"position":1},"title":"Roberto Carlos e a Jerusal\u00e9m de Ouro","author":"Gerson Guelmann","date":"19 de abril de 2021","format":false,"excerpt":"Fotos: Brazilian Times - Sander Crombach Para marcar o 80\u00ba anivers\u00e1rio do Rei Roberto Carlos, compartilho um dos momentos mais especiais do show realizado em 2011 em Jerusal\u00e9m, quando interpretou \"Jerusal\u00e9m de Ouro\". Foi realmente muito emocionante e vale a pena rever. https:\/\/www.youtube.com\/watch?v=JwdR0ugiTqA","rel":"","context":"Em &quot;Sem categoria&quot;","block_context":{"text":"Sem categoria","link":"https:\/\/gersonguelmann.com.br\/blog\/category\/sem-categoria\/"},"img":{"alt_text":"","src":"https:\/\/i0.wp.com\/gersonguelmann.com.br\/blog\/wp-content\/uploads\/2021\/04\/80-ANOS.jpg?fit=1200%2C1200&ssl=1&resize=350%2C200","width":350,"height":200,"srcset":"https:\/\/i0.wp.com\/gersonguelmann.com.br\/blog\/wp-content\/uploads\/2021\/04\/80-ANOS.jpg?fit=1200%2C1200&ssl=1&resize=350%2C200 1x, https:\/\/i0.wp.com\/gersonguelmann.com.br\/blog\/wp-content\/uploads\/2021\/04\/80-ANOS.jpg?fit=1200%2C1200&ssl=1&resize=525%2C300 1.5x, https:\/\/i0.wp.com\/gersonguelmann.com.br\/blog\/wp-content\/uploads\/2021\/04\/80-ANOS.jpg?fit=1200%2C1200&ssl=1&resize=700%2C400 2x, https:\/\/i0.wp.com\/gersonguelmann.com.br\/blog\/wp-content\/uploads\/2021\/04\/80-ANOS.jpg?fit=1200%2C1200&ssl=1&resize=1050%2C600 3x"},"classes":[]},{"id":13577,"url":"https:\/\/gersonguelmann.com.br\/blog\/o-whatsapp-greve-caminhoneiros-eleicoes\/","url_meta":{"origin":13375,"position":2},"title":"O WhatsApp, a Greve dos Caminhoneiros e as Elei\u00e7\u00f5es","author":"Gerson Guelmann","date":"2 de junho de 2018","format":false,"excerpt":"Que os mensageiros instant\u00e2neos chegaram para ficar (e j\u00e1 faz tempo), \u00e9 uma verdade incontest\u00e1vel. E tamb\u00e9m tamb\u00e9m sabemos que o poder de mobiliza\u00e7\u00e3o e de propaga\u00e7\u00e3o de informa\u00e7\u00f5es do\u00a0WhatsApp extrapolou tudo o que seus pr\u00f3prios criadores podiam imaginar. Uma r\u00e1pida olhada na web mostra que em dezembro de 2017\u2026","rel":"","context":"Em &quot;Sem categoria&quot;","block_context":{"text":"Sem categoria","link":"https:\/\/gersonguelmann.com.br\/blog\/category\/sem-categoria\/"},"img":{"alt_text":"","src":"https:\/\/i0.wp.com\/gersonguelmann.com.br\/blog\/wp-content\/uploads\/2018\/06\/1.jpg?fit=660%2C371&ssl=1&resize=350%2C200","width":350,"height":200,"srcset":"https:\/\/i0.wp.com\/gersonguelmann.com.br\/blog\/wp-content\/uploads\/2018\/06\/1.jpg?fit=660%2C371&ssl=1&resize=350%2C200 1x, https:\/\/i0.wp.com\/gersonguelmann.com.br\/blog\/wp-content\/uploads\/2018\/06\/1.jpg?fit=660%2C371&ssl=1&resize=525%2C300 1.5x"},"classes":[]},{"id":12075,"url":"https:\/\/gersonguelmann.com.br\/blog\/caminhoneiros-impedem-suicidio-veja-como\/","url_meta":{"origin":13375,"position":3},"title":"Caminhoneiros Impedem Suic\u00eddio; Veja Como!","author":"Gerson Guelmann","date":"25 de abril de 2018","format":false,"excerpt":"Olha s\u00f3 que not\u00edcia boa: - ontem, em Detroit, nos Estados Unidos, um homem estava amea\u00e7ando pular de um viaduto em uma estrada. Quando foram avisados do que estava acontecendo, os policiais fecharam a rodovia e pediram aos caminhoneiros que estavam pr\u00f3ximos para que estacionassem\u00a0as carretas sob o viaduto, de\u2026","rel":"","context":"Em &quot;Sem categoria&quot;","block_context":{"text":"Sem categoria","link":"https:\/\/gersonguelmann.com.br\/blog\/category\/sem-categoria\/"},"img":{"alt_text":"","src":"https:\/\/i0.wp.com\/gersonguelmann.com.br\/blog\/wp-content\/uploads\/2018\/04\/DbjiijbW4AA0x0E.jpg?fit=896%2C504&ssl=1&resize=350%2C200","width":350,"height":200,"srcset":"https:\/\/i0.wp.com\/gersonguelmann.com.br\/blog\/wp-content\/uploads\/2018\/04\/DbjiijbW4AA0x0E.jpg?fit=896%2C504&ssl=1&resize=350%2C200 1x, https:\/\/i0.wp.com\/gersonguelmann.com.br\/blog\/wp-content\/uploads\/2018\/04\/DbjiijbW4AA0x0E.jpg?fit=896%2C504&ssl=1&resize=525%2C300 1.5x, https:\/\/i0.wp.com\/gersonguelmann.com.br\/blog\/wp-content\/uploads\/2018\/04\/DbjiijbW4AA0x0E.jpg?fit=896%2C504&ssl=1&resize=700%2C400 2x"},"classes":[]},{"id":13895,"url":"https:\/\/gersonguelmann.com.br\/blog\/bolsonaro-e-ciro-gomes-ganharam-com-a-greve-dos-caminhoneiros-veja-porque\/","url_meta":{"origin":13375,"position":4},"title":"Bolsonaro e Ciro Gomes Ganharam Com a Greve dos Caminhoneiros. Veja Porque.","author":"Gerson Guelmann","date":"12 de junho de 2018","format":false,"excerpt":"Minha comadre Cila Schulman fez uma \u00f3tima an\u00e1lise do panorama pol\u00edtico p\u00f3s-greve dos caminhoneiros, \u00e0 luz da pesquisa DataFolha divulgada no \u00faltimo domingo. Em entrevista \u00e0 rede CBN, ela opinou sobre as raz\u00f5es pelas quais Bolsonaro e Ciro Gomes cresceram no cen\u00e1rio. O site da CBN publicou: \"Especialista em marketing\u2026","rel":"","context":"Em &quot;Sem categoria&quot;","block_context":{"text":"Sem categoria","link":"https:\/\/gersonguelmann.com.br\/blog\/category\/sem-categoria\/"},"img":{"alt_text":"","src":"https:\/\/i0.wp.com\/gersonguelmann.com.br\/blog\/wp-content\/uploads\/2018\/06\/ViewImage.jpg?resize=350%2C200&ssl=1","width":350,"height":200},"classes":[]},{"id":6570,"url":"https:\/\/gersonguelmann.com.br\/blog\/essa-e-para-os-bem-mais-velhos\/","url_meta":{"origin":13375,"position":5},"title":"Essa \u00e9 Para os BEM Mais Velhos","author":"Gerson Guelmann","date":"6 de janeiro de 2018","format":false,"excerpt":"O Programa Jovem Guarda na TV Record come\u00e7ou em 22 de agosto de 1965, Era comandado por Roberto Carlos, ent\u00e3o com apenas 24 anos, e contava com a participa\u00e7\u00e3o de muitos cantores de sucesso, destacando-se os mais chegados a ele,\u00a0Wanderl\u00e9a e Erasmo Carlos. O programa foi um sucesso enorme e\u2026","rel":"","context":"Em &quot;Sem categoria&quot;","block_context":{"text":"Sem categoria","link":"https:\/\/gersonguelmann.com.br\/blog\/category\/sem-categoria\/"},"img":{"alt_text":"","src":"https:\/\/i0.wp.com\/gersonguelmann.com.br\/blog\/wp-content\/uploads\/2018\/01\/JTD.jpg?fit=746%2C552&ssl=1&resize=350%2C200","width":350,"height":200,"srcset":"https:\/\/i0.wp.com\/gersonguelmann.com.br\/blog\/wp-content\/uploads\/2018\/01\/JTD.jpg?fit=746%2C552&ssl=1&resize=350%2C200 1x, https:\/\/i0.wp.com\/gersonguelmann.com.br\/blog\/wp-content\/uploads\/2018\/01\/JTD.jpg?fit=746%2C552&ssl=1&resize=525%2C300 1.5x, https:\/\/i0.wp.com\/gersonguelmann.com.br\/blog\/wp-content\/uploads\/2018\/01\/JTD.jpg?fit=746%2C552&ssl=1&resize=700%2C400 2x"},"classes":[]}],"jetpack_sharing_enabled":true,"post_mailing_queue_ids":[],"_links":{"self":[{"href":"https:\/\/gersonguelmann.com.br\/blog\/wp-json\/wp\/v2\/posts\/13375","targetHints":{"allow":["GET"]}}],"collection":[{"href":"https:\/\/gersonguelmann.com.br\/blog\/wp-json\/wp\/v2\/posts"}],"about":[{"href":"https:\/\/gersonguelmann.com.br\/blog\/wp-json\/wp\/v2\/types\/post"}],"author":[{"embeddable":true,"href":"https:\/\/gersonguelmann.com.br\/blog\/wp-json\/wp\/v2\/users\/5"}],"replies":[{"embeddable":true,"href":"https:\/\/gersonguelmann.com.br\/blog\/wp-json\/wp\/v2\/comments?post=13375"}],"version-history":[{"count":0,"href":"https:\/\/gersonguelmann.com.br\/blog\/wp-json\/wp\/v2\/posts\/13375\/revisions"}],"wp:featuredmedia":[{"embeddable":true,"href":"https:\/\/gersonguelmann.com.br\/blog\/wp-json\/wp\/v2\/media\/13376"}],"wp:attachment":[{"href":"https:\/\/gersonguelmann.com.br\/blog\/wp-json\/wp\/v2\/media?parent=13375"}],"wp:term":[{"taxonomy":"category","embeddable":true,"href":"https:\/\/gersonguelmann.com.br\/blog\/wp-json\/wp\/v2\/categories?post=13375"},{"taxonomy":"post_tag","embeddable":true,"href":"https:\/\/gersonguelmann.com.br\/blog\/wp-json\/wp\/v2\/tags?post=13375"}],"curies":[{"name":"wp","href":"https:\/\/api.w.org\/{rel}","templated":true}]}}