    {"id":1369,"date":"2017-09-03T13:30:01","date_gmt":"2017-09-03T16:30:01","guid":{"rendered":"https:\/\/gersonguelmann.com.br\/blog\/?p=1369"},"modified":"2017-09-03T13:34:25","modified_gmt":"2017-09-03T16:34:25","slug":"em-curitiba-noticia-que-chega-com-os-ipes-amarelos","status":"publish","type":"post","link":"https:\/\/gersonguelmann.com.br\/blog\/em-curitiba-noticia-que-chega-com-os-ipes-amarelos\/","title":{"rendered":"Em Curitiba, a not\u00edcia que chega com os Ip\u00eas Amarelos"},"content":{"rendered":"<p><span style=\"font-family: tahoma, arial, helvetica, sans-serif; font-size: 14pt; color: #000000;\">A poucos dias do t\u00e9rmino do inverno mais at\u00edpico dos \u00faltimos anos, com pouqu\u00edssimos dias de frio intenso, n\u00f3s Curitibanos j\u00e1 estamos sendo saudados pela florada dos Ip\u00eas Amarelos (<em>Tabebuia alba<\/em>).<\/span><\/p>\n<p><span style=\"font-family: tahoma, arial, helvetica, sans-serif; font-size: 14pt; color: #000000;\">Nossos pais diziam que quando os Ip\u00eas floresciam n\u00e3o haveria mais geada. Essa \u00e9, ent\u00e3o, a boa nova, se bem que a mesma sabedoria antiga alertava para problemas quando o ciclo da natureza \u00e9 irregular. Mas isso n\u00e3o v\u00eam ao caso, agora.<\/span><\/p>\n<p><span style=\"font-family: tahoma, arial, helvetica, sans-serif; font-size: 14pt; color: #000000;\">Agora o que vale\u00a0<\/span><span style=\"font-family: tahoma, arial, helvetica, sans-serif; font-size: 14pt; color: #000000;\">\u00e9 aproveitar a beleza do c\u00e9u azul e dos Ip\u00eas de Curitiba.<\/span><\/p>\n<p style=\"text-align: center;\"><img data-recalc-dims=\"1\" fetchpriority=\"high\" decoding=\"async\" data-attachment-id=\"1370\" data-permalink=\"https:\/\/gersonguelmann.com.br\/blog\/em-curitiba-noticia-que-chega-com-os-ipes-amarelos\/ipe\/\" data-orig-file=\"https:\/\/i0.wp.com\/gersonguelmann.com.br\/blog\/wp-content\/uploads\/2017\/09\/Ip%C3%AA.jpg?fit=960%2C540&amp;ssl=1\" data-orig-size=\"960,540\" data-comments-opened=\"1\" data-image-meta=\"{&quot;aperture&quot;:&quot;2.25&quot;,&quot;credit&quot;:&quot;&quot;,&quot;camera&quot;:&quot;XT1097&quot;,&quot;caption&quot;:&quot;&quot;,&quot;created_timestamp&quot;:&quot;0&quot;,&quot;copyright&quot;:&quot;&quot;,&quot;focal_length&quot;:&quot;4.235&quot;,&quot;iso&quot;:&quot;50&quot;,&quot;shutter_speed&quot;:&quot;0.00116&quot;,&quot;title&quot;:&quot;&quot;,&quot;orientation&quot;:&quot;0&quot;}\" data-image-title=\"Ip\u00ea\" data-image-description=\"\" data-image-caption=\"\" data-medium-file=\"https:\/\/i0.wp.com\/gersonguelmann.com.br\/blog\/wp-content\/uploads\/2017\/09\/Ip%C3%AA.jpg?fit=300%2C169&amp;ssl=1\" data-large-file=\"https:\/\/i0.wp.com\/gersonguelmann.com.br\/blog\/wp-content\/uploads\/2017\/09\/Ip%C3%AA.jpg?fit=640%2C360&amp;ssl=1\" class=\"alignnone size-medium wp-image-1370\" src=\"https:\/\/i0.wp.com\/gersonguelmann.com.br\/blog\/wp-content\/uploads\/2017\/09\/Ip%C3%AA.jpg?resize=300%2C169&#038;ssl=1\" alt=\"\" width=\"300\" height=\"169\" srcset=\"https:\/\/i0.wp.com\/gersonguelmann.com.br\/blog\/wp-content\/uploads\/2017\/09\/Ip%C3%AA.jpg?resize=300%2C169&amp;ssl=1 300w, https:\/\/i0.wp.com\/gersonguelmann.com.br\/blog\/wp-content\/uploads\/2017\/09\/Ip%C3%AA.jpg?resize=768%2C432&amp;ssl=1 768w, https:\/\/i0.wp.com\/gersonguelmann.com.br\/blog\/wp-content\/uploads\/2017\/09\/Ip%C3%AA.jpg?w=960&amp;ssl=1 960w\" sizes=\"(max-width: 300px) 100vw, 300px\" \/><\/p>\n","protected":false},"excerpt":{"rendered":"<p>A poucos dias do t\u00e9rmino do inverno mais at\u00edpico dos \u00faltimos anos, com pouqu\u00edssimos dias de frio intenso, n\u00f3s Curitibanos j\u00e1 estamos sendo saudados pela florada dos Ip\u00eas Amarelos (Tabebuia alba). Nossos pais diziam que quando os Ip\u00eas floresciam n\u00e3o haveria mais geada. Essa \u00e9, ent\u00e3o, a boa nova, se bem que a mesma sabedoria [&hellip;]<\/p>\n","protected":false},"author":5,"featured_media":1370,"comment_status":"open","ping_status":"open","sticky":false,"template":"","format":"standard","meta":{"_acf_changed":false,"jetpack_post_was_ever_published":false,"_jetpack_newsletter_access":"","_jetpack_dont_email_post_to_subs":false,"_jetpack_newsletter_tier_id":0,"_jetpack_memberships_contains_paywalled_content":false,"_jetpack_memberships_contains_paid_content":false,"footnotes":"","jetpack_publicize_message":"","jetpack_publicize_feature_enabled":true,"jetpack_social_post_already_shared":true,"jetpack_social_options":{"image_generator_settings":{"template":"highway","default_image_id":0,"font":"","enabled":false},"version":2}},"categories":[1],"tags":[],"class_list":["post-1369","post","type-post","status-publish","format-standard","has-post-thumbnail","hentry","category-sem-categoria"],"acf":[],"yoast_head":"<!-- This site is optimized with the Yoast SEO plugin v27.3 - https:\/\/yoast.com\/product\/yoast-seo-wordpress\/ -->\n<title>Em Curitiba, a not\u00edcia que chega com os Ip\u00eas Amarelos | Blog do Guelmann<\/title>\n<meta name=\"robots\" content=\"index, follow, max-snippet:-1, max-image-preview:large, max-video-preview:-1\" \/>\n<link rel=\"canonical\" href=\"https:\/\/gersonguelmann.com.br\/blog\/em-curitiba-noticia-que-chega-com-os-ipes-amarelos\/\" \/>\n<meta property=\"og:locale\" content=\"pt_BR\" \/>\n<meta property=\"og:type\" content=\"article\" \/>\n<meta property=\"og:title\" content=\"Em Curitiba, a not\u00edcia que chega com os Ip\u00eas Amarelos | Blog do Guelmann\" \/>\n<meta property=\"og:description\" content=\"A poucos dias do t\u00e9rmino do inverno mais at\u00edpico dos \u00faltimos anos, com pouqu\u00edssimos dias de frio intenso, n\u00f3s Curitibanos j\u00e1 estamos sendo saudados pela florada dos Ip\u00eas Amarelos (Tabebuia alba). Nossos pais diziam que quando os Ip\u00eas floresciam n\u00e3o haveria mais geada. Essa \u00e9, ent\u00e3o, a boa nova, se bem que a mesma sabedoria [&hellip;]\" \/>\n<meta property=\"og:url\" content=\"https:\/\/gersonguelmann.com.br\/blog\/em-curitiba-noticia-que-chega-com-os-ipes-amarelos\/\" \/>\n<meta property=\"og:site_name\" content=\"Blog do Guelmann\" \/>\n<meta property=\"article:published_time\" content=\"2017-09-03T16:30:01+00:00\" \/>\n<meta property=\"article:modified_time\" content=\"2017-09-03T16:34:25+00:00\" \/>\n<meta property=\"og:image\" content=\"https:\/\/i0.wp.com\/gersonguelmann.com.br\/blog\/wp-content\/uploads\/2017\/09\/Ip\u00ea.jpg?fit=960%2C540&ssl=1\" \/>\n\t<meta property=\"og:image:width\" content=\"960\" \/>\n\t<meta property=\"og:image:height\" content=\"540\" \/>\n\t<meta property=\"og:image:type\" content=\"image\/jpeg\" \/>\n<meta name=\"author\" content=\"Gerson Guelmann\" \/>\n<meta name=\"twitter:card\" content=\"summary_large_image\" \/>\n<meta name=\"twitter:label1\" content=\"Escrito por\" \/>\n\t<meta name=\"twitter:data1\" content=\"Gerson Guelmann\" \/>\n<script type=\"application\/ld+json\" class=\"yoast-schema-graph\">{\"@context\":\"https:\\\/\\\/schema.org\",\"@graph\":[{\"@type\":\"Article\",\"@id\":\"https:\\\/\\\/gersonguelmann.com.br\\\/blog\\\/em-curitiba-noticia-que-chega-com-os-ipes-amarelos\\\/#article\",\"isPartOf\":{\"@id\":\"https:\\\/\\\/gersonguelmann.com.br\\\/blog\\\/em-curitiba-noticia-que-chega-com-os-ipes-amarelos\\\/\"},\"author\":{\"name\":\"Gerson Guelmann\",\"@id\":\"https:\\\/\\\/gersonguelmann.com.br\\\/blog\\\/#\\\/schema\\\/person\\\/87e70e2a786888082f941a482c90569e\"},\"headline\":\"Em Curitiba, a not\u00edcia que chega com os Ip\u00eas Amarelos\",\"datePublished\":\"2017-09-03T16:30:01+00:00\",\"dateModified\":\"2017-09-03T16:34:25+00:00\",\"mainEntityOfPage\":{\"@id\":\"https:\\\/\\\/gersonguelmann.com.br\\\/blog\\\/em-curitiba-noticia-que-chega-com-os-ipes-amarelos\\\/\"},\"wordCount\":110,\"commentCount\":0,\"image\":{\"@id\":\"https:\\\/\\\/gersonguelmann.com.br\\\/blog\\\/em-curitiba-noticia-que-chega-com-os-ipes-amarelos\\\/#primaryimage\"},\"thumbnailUrl\":\"https:\\\/\\\/i0.wp.com\\\/gersonguelmann.com.br\\\/blog\\\/wp-content\\\/uploads\\\/2017\\\/09\\\/Ip%C3%AA.jpg?fit=960%2C540&ssl=1\",\"inLanguage\":\"pt-BR\",\"potentialAction\":[{\"@type\":\"CommentAction\",\"name\":\"Comment\",\"target\":[\"https:\\\/\\\/gersonguelmann.com.br\\\/blog\\\/em-curitiba-noticia-que-chega-com-os-ipes-amarelos\\\/#respond\"]}]},{\"@type\":\"WebPage\",\"@id\":\"https:\\\/\\\/gersonguelmann.com.br\\\/blog\\\/em-curitiba-noticia-que-chega-com-os-ipes-amarelos\\\/\",\"url\":\"https:\\\/\\\/gersonguelmann.com.br\\\/blog\\\/em-curitiba-noticia-que-chega-com-os-ipes-amarelos\\\/\",\"name\":\"Em Curitiba, a not\u00edcia que chega com os Ip\u00eas Amarelos | Blog do Guelmann\",\"isPartOf\":{\"@id\":\"https:\\\/\\\/gersonguelmann.com.br\\\/blog\\\/#website\"},\"primaryImageOfPage\":{\"@id\":\"https:\\\/\\\/gersonguelmann.com.br\\\/blog\\\/em-curitiba-noticia-que-chega-com-os-ipes-amarelos\\\/#primaryimage\"},\"image\":{\"@id\":\"https:\\\/\\\/gersonguelmann.com.br\\\/blog\\\/em-curitiba-noticia-que-chega-com-os-ipes-amarelos\\\/#primaryimage\"},\"thumbnailUrl\":\"https:\\\/\\\/i0.wp.com\\\/gersonguelmann.com.br\\\/blog\\\/wp-content\\\/uploads\\\/2017\\\/09\\\/Ip%C3%AA.jpg?fit=960%2C540&ssl=1\",\"datePublished\":\"2017-09-03T16:30:01+00:00\",\"dateModified\":\"2017-09-03T16:34:25+00:00\",\"author\":{\"@id\":\"https:\\\/\\\/gersonguelmann.com.br\\\/blog\\\/#\\\/schema\\\/person\\\/87e70e2a786888082f941a482c90569e\"},\"inLanguage\":\"pt-BR\",\"potentialAction\":[{\"@type\":\"ReadAction\",\"target\":[\"https:\\\/\\\/gersonguelmann.com.br\\\/blog\\\/em-curitiba-noticia-que-chega-com-os-ipes-amarelos\\\/\"]}]},{\"@type\":\"ImageObject\",\"inLanguage\":\"pt-BR\",\"@id\":\"https:\\\/\\\/gersonguelmann.com.br\\\/blog\\\/em-curitiba-noticia-que-chega-com-os-ipes-amarelos\\\/#primaryimage\",\"url\":\"https:\\\/\\\/i0.wp.com\\\/gersonguelmann.com.br\\\/blog\\\/wp-content\\\/uploads\\\/2017\\\/09\\\/Ip%C3%AA.jpg?fit=960%2C540&ssl=1\",\"contentUrl\":\"https:\\\/\\\/i0.wp.com\\\/gersonguelmann.com.br\\\/blog\\\/wp-content\\\/uploads\\\/2017\\\/09\\\/Ip%C3%AA.jpg?fit=960%2C540&ssl=1\",\"width\":960,\"height\":540},{\"@type\":\"WebSite\",\"@id\":\"https:\\\/\\\/gersonguelmann.com.br\\\/blog\\\/#website\",\"url\":\"https:\\\/\\\/gersonguelmann.com.br\\\/blog\\\/\",\"name\":\"Blog do Guelmann\",\"description\":\"Pitadas da sabedoria e do humor judaicos, assuntos do momento e um pouco das hist\u00f3rias que vivi e testemunhei.\",\"potentialAction\":[{\"@type\":\"SearchAction\",\"target\":{\"@type\":\"EntryPoint\",\"urlTemplate\":\"https:\\\/\\\/gersonguelmann.com.br\\\/blog\\\/?s={search_term_string}\"},\"query-input\":{\"@type\":\"PropertyValueSpecification\",\"valueRequired\":true,\"valueName\":\"search_term_string\"}}],\"inLanguage\":\"pt-BR\"},{\"@type\":\"Person\",\"@id\":\"https:\\\/\\\/gersonguelmann.com.br\\\/blog\\\/#\\\/schema\\\/person\\\/87e70e2a786888082f941a482c90569e\",\"name\":\"Gerson Guelmann\",\"image\":{\"@type\":\"ImageObject\",\"inLanguage\":\"pt-BR\",\"@id\":\"https:\\\/\\\/i0.wp.com\\\/gersonguelmann.com.br\\\/blog\\\/wp-content\\\/uploads\\\/2021\\\/08\\\/BLOG.jpeg?fit=96%2C96&ssl=1\",\"url\":\"https:\\\/\\\/i0.wp.com\\\/gersonguelmann.com.br\\\/blog\\\/wp-content\\\/uploads\\\/2021\\\/08\\\/BLOG.jpeg?fit=96%2C96&ssl=1\",\"contentUrl\":\"https:\\\/\\\/i0.wp.com\\\/gersonguelmann.com.br\\\/blog\\\/wp-content\\\/uploads\\\/2021\\\/08\\\/BLOG.jpeg?fit=96%2C96&ssl=1\",\"caption\":\"Gerson Guelmann\"},\"description\":\"Pitadas da sabedoria e do humor judaicos, assuntos do momento e um pouco das hist\u00f3rias que vivi e testemunhei.\"}]}<\/script>\n<!-- \/ Yoast SEO plugin. -->","yoast_head_json":{"title":"Em Curitiba, a not\u00edcia que chega com os Ip\u00eas Amarelos | Blog do Guelmann","robots":{"index":"index","follow":"follow","max-snippet":"max-snippet:-1","max-image-preview":"max-image-preview:large","max-video-preview":"max-video-preview:-1"},"canonical":"https:\/\/gersonguelmann.com.br\/blog\/em-curitiba-noticia-que-chega-com-os-ipes-amarelos\/","og_locale":"pt_BR","og_type":"article","og_title":"Em Curitiba, a not\u00edcia que chega com os Ip\u00eas Amarelos | Blog do Guelmann","og_description":"A poucos dias do t\u00e9rmino do inverno mais at\u00edpico dos \u00faltimos anos, com pouqu\u00edssimos dias de frio intenso, n\u00f3s Curitibanos j\u00e1 estamos sendo saudados pela florada dos Ip\u00eas Amarelos (Tabebuia alba). Nossos pais diziam que quando os Ip\u00eas floresciam n\u00e3o haveria mais geada. Essa \u00e9, ent\u00e3o, a boa nova, se bem que a mesma sabedoria [&hellip;]","og_url":"https:\/\/gersonguelmann.com.br\/blog\/em-curitiba-noticia-que-chega-com-os-ipes-amarelos\/","og_site_name":"Blog do Guelmann","article_published_time":"2017-09-03T16:30:01+00:00","article_modified_time":"2017-09-03T16:34:25+00:00","og_image":[{"width":960,"height":540,"url":"https:\/\/i0.wp.com\/gersonguelmann.com.br\/blog\/wp-content\/uploads\/2017\/09\/Ip\u00ea.jpg?fit=960%2C540&ssl=1","type":"image\/jpeg"}],"author":"Gerson Guelmann","twitter_card":"summary_large_image","twitter_misc":{"Escrito por":"Gerson Guelmann"},"schema":{"@context":"https:\/\/schema.org","@graph":[{"@type":"Article","@id":"https:\/\/gersonguelmann.com.br\/blog\/em-curitiba-noticia-que-chega-com-os-ipes-amarelos\/#article","isPartOf":{"@id":"https:\/\/gersonguelmann.com.br\/blog\/em-curitiba-noticia-que-chega-com-os-ipes-amarelos\/"},"author":{"name":"Gerson Guelmann","@id":"https:\/\/gersonguelmann.com.br\/blog\/#\/schema\/person\/87e70e2a786888082f941a482c90569e"},"headline":"Em Curitiba, a not\u00edcia que chega com os Ip\u00eas Amarelos","datePublished":"2017-09-03T16:30:01+00:00","dateModified":"2017-09-03T16:34:25+00:00","mainEntityOfPage":{"@id":"https:\/\/gersonguelmann.com.br\/blog\/em-curitiba-noticia-que-chega-com-os-ipes-amarelos\/"},"wordCount":110,"commentCount":0,"image":{"@id":"https:\/\/gersonguelmann.com.br\/blog\/em-curitiba-noticia-que-chega-com-os-ipes-amarelos\/#primaryimage"},"thumbnailUrl":"https:\/\/i0.wp.com\/gersonguelmann.com.br\/blog\/wp-content\/uploads\/2017\/09\/Ip%C3%AA.jpg?fit=960%2C540&ssl=1","inLanguage":"pt-BR","potentialAction":[{"@type":"CommentAction","name":"Comment","target":["https:\/\/gersonguelmann.com.br\/blog\/em-curitiba-noticia-que-chega-com-os-ipes-amarelos\/#respond"]}]},{"@type":"WebPage","@id":"https:\/\/gersonguelmann.com.br\/blog\/em-curitiba-noticia-que-chega-com-os-ipes-amarelos\/","url":"https:\/\/gersonguelmann.com.br\/blog\/em-curitiba-noticia-que-chega-com-os-ipes-amarelos\/","name":"Em Curitiba, a not\u00edcia que chega com os Ip\u00eas Amarelos | Blog do Guelmann","isPartOf":{"@id":"https:\/\/gersonguelmann.com.br\/blog\/#website"},"primaryImageOfPage":{"@id":"https:\/\/gersonguelmann.com.br\/blog\/em-curitiba-noticia-que-chega-com-os-ipes-amarelos\/#primaryimage"},"image":{"@id":"https:\/\/gersonguelmann.com.br\/blog\/em-curitiba-noticia-que-chega-com-os-ipes-amarelos\/#primaryimage"},"thumbnailUrl":"https:\/\/i0.wp.com\/gersonguelmann.com.br\/blog\/wp-content\/uploads\/2017\/09\/Ip%C3%AA.jpg?fit=960%2C540&ssl=1","datePublished":"2017-09-03T16:30:01+00:00","dateModified":"2017-09-03T16:34:25+00:00","author":{"@id":"https:\/\/gersonguelmann.com.br\/blog\/#\/schema\/person\/87e70e2a786888082f941a482c90569e"},"inLanguage":"pt-BR","potentialAction":[{"@type":"ReadAction","target":["https:\/\/gersonguelmann.com.br\/blog\/em-curitiba-noticia-que-chega-com-os-ipes-amarelos\/"]}]},{"@type":"ImageObject","inLanguage":"pt-BR","@id":"https:\/\/gersonguelmann.com.br\/blog\/em-curitiba-noticia-que-chega-com-os-ipes-amarelos\/#primaryimage","url":"https:\/\/i0.wp.com\/gersonguelmann.com.br\/blog\/wp-content\/uploads\/2017\/09\/Ip%C3%AA.jpg?fit=960%2C540&ssl=1","contentUrl":"https:\/\/i0.wp.com\/gersonguelmann.com.br\/blog\/wp-content\/uploads\/2017\/09\/Ip%C3%AA.jpg?fit=960%2C540&ssl=1","width":960,"height":540},{"@type":"WebSite","@id":"https:\/\/gersonguelmann.com.br\/blog\/#website","url":"https:\/\/gersonguelmann.com.br\/blog\/","name":"Blog do Guelmann","description":"Pitadas da sabedoria e do humor judaicos, assuntos do momento e um pouco das hist\u00f3rias que vivi e testemunhei.","potentialAction":[{"@type":"SearchAction","target":{"@type":"EntryPoint","urlTemplate":"https:\/\/gersonguelmann.com.br\/blog\/?s={search_term_string}"},"query-input":{"@type":"PropertyValueSpecification","valueRequired":true,"valueName":"search_term_string"}}],"inLanguage":"pt-BR"},{"@type":"Person","@id":"https:\/\/gersonguelmann.com.br\/blog\/#\/schema\/person\/87e70e2a786888082f941a482c90569e","name":"Gerson Guelmann","image":{"@type":"ImageObject","inLanguage":"pt-BR","@id":"https:\/\/i0.wp.com\/gersonguelmann.com.br\/blog\/wp-content\/uploads\/2021\/08\/BLOG.jpeg?fit=96%2C96&ssl=1","url":"https:\/\/i0.wp.com\/gersonguelmann.com.br\/blog\/wp-content\/uploads\/2021\/08\/BLOG.jpeg?fit=96%2C96&ssl=1","contentUrl":"https:\/\/i0.wp.com\/gersonguelmann.com.br\/blog\/wp-content\/uploads\/2021\/08\/BLOG.jpeg?fit=96%2C96&ssl=1","caption":"Gerson Guelmann"},"description":"Pitadas da sabedoria e do humor judaicos, assuntos do momento e um pouco das hist\u00f3rias que vivi e testemunhei."}]}},"views":34,"jetpack_publicize_connections":[],"jetpack_featured_media_url":"https:\/\/i0.wp.com\/gersonguelmann.com.br\/blog\/wp-content\/uploads\/2017\/09\/Ip%C3%AA.jpg?fit=960%2C540&ssl=1","jetpack_shortlink":"https:\/\/wp.me\/p96e7O-m5","jetpack-related-posts":[{"id":23309,"url":"https:\/\/gersonguelmann.com.br\/blog\/o-calorao-de-curitiba-e-a-meteorologia-indigena\/","url_meta":{"origin":1369,"position":0},"title":"O Calor\u00e3o de Curitiba e a Meteorologia Ind\u00edgena","author":"Gerson Guelmann","date":"13 de novembro de 2023","format":false,"excerpt":"O Brasil e o mundo est\u00e3o sofrendo com as altera\u00e7\u00f5es clim\u00e1ticas e nenhuma pessoa medianamente informada pode deixar de acreditar que elas est\u00e3o sendo causadas pela a\u00e7\u00e3o do bicho-homem. Os mais velhos, como eu (76 anos e 5 dias, para ser exato...) e as pessoas que vivem em Curitiba h\u00e1\u2026","rel":"","context":"Em &quot;Sem categoria&quot;","block_context":{"text":"Sem categoria","link":"https:\/\/gersonguelmann.com.br\/blog\/category\/sem-categoria\/"},"img":{"alt_text":"","src":"https:\/\/i0.wp.com\/gersonguelmann.com.br\/blog\/wp-content\/uploads\/2023\/11\/HojePR-1.jpg?fit=750%2C500&ssl=1&resize=350%2C200","width":350,"height":200,"srcset":"https:\/\/i0.wp.com\/gersonguelmann.com.br\/blog\/wp-content\/uploads\/2023\/11\/HojePR-1.jpg?fit=750%2C500&ssl=1&resize=350%2C200 1x, https:\/\/i0.wp.com\/gersonguelmann.com.br\/blog\/wp-content\/uploads\/2023\/11\/HojePR-1.jpg?fit=750%2C500&ssl=1&resize=525%2C300 1.5x, https:\/\/i0.wp.com\/gersonguelmann.com.br\/blog\/wp-content\/uploads\/2023\/11\/HojePR-1.jpg?fit=750%2C500&ssl=1&resize=700%2C400 2x"},"classes":[]},{"id":11504,"url":"https:\/\/gersonguelmann.com.br\/blog\/lula-marcelo-odebrecht-outono-do-patriarca\/","url_meta":{"origin":1369,"position":1},"title":"Lula, Marcelo Odebrecht e o Outono do Patriarca","author":"Gerson Guelmann","date":"11 de abril de 2018","format":false,"excerpt":"Agora a tarde est\u00e1 acontecendo na Justi\u00e7a Federal em Curitiba novo depoimento do empres\u00e1rio Marcelo\u00a0Odebrecht, que h\u00e1 algumas semanas passou a cumprir pris\u00e3o domiciliar. Ele foi convocado a prestar declara\u00e7\u00f5es acerca de mensagens eletr\u00f4nicas que estavam em seu computador pessoal e foram selecionadas ap\u00f3s ele retornar \u00e0 resid\u00eancia, em S\u00e3o\u2026","rel":"","context":"Em &quot;Sem categoria&quot;","block_context":{"text":"Sem categoria","link":"https:\/\/gersonguelmann.com.br\/blog\/category\/sem-categoria\/"},"img":{"alt_text":"","src":"https:\/\/i0.wp.com\/gersonguelmann.com.br\/blog\/wp-content\/uploads\/2018\/04\/lc-inverno-deixa-curitiba-colorida-004-lg-3e57e2f9.jpg?fit=961%2C531&ssl=1&resize=350%2C200","width":350,"height":200,"srcset":"https:\/\/i0.wp.com\/gersonguelmann.com.br\/blog\/wp-content\/uploads\/2018\/04\/lc-inverno-deixa-curitiba-colorida-004-lg-3e57e2f9.jpg?fit=961%2C531&ssl=1&resize=350%2C200 1x, https:\/\/i0.wp.com\/gersonguelmann.com.br\/blog\/wp-content\/uploads\/2018\/04\/lc-inverno-deixa-curitiba-colorida-004-lg-3e57e2f9.jpg?fit=961%2C531&ssl=1&resize=525%2C300 1.5x, https:\/\/i0.wp.com\/gersonguelmann.com.br\/blog\/wp-content\/uploads\/2018\/04\/lc-inverno-deixa-curitiba-colorida-004-lg-3e57e2f9.jpg?fit=961%2C531&ssl=1&resize=700%2C400 2x"},"classes":[]},{"id":22006,"url":"https:\/\/gersonguelmann.com.br\/blog\/adeus-carlinhos-brickmann-zl\/","url_meta":{"origin":1369,"position":2},"title":"Adeus, Carlinhos Brickmann z&#8221;l (\u00b9)","author":"Gerson Guelmann","date":"20 de dezembro de 2022","format":false,"excerpt":"Ele Carlinhos Brickmann. Se voc\u00ea n\u00e3o era amigo e nem o conheceu, lamento, voc\u00ea n\u00e3o sabe o que perdeu. Ele nos disse adeus no \u00faltimo fim de semana. Do Jornalista n\u00e3o \u00e9 preciso que eu fale. D\u00ea um Google a\u00ed e leia o que os grandes colunistas disseram dele nos\u2026","rel":"","context":"Em &quot;Sem categoria&quot;","block_context":{"text":"Sem categoria","link":"https:\/\/gersonguelmann.com.br\/blog\/category\/sem-categoria\/"},"img":{"alt_text":"","src":"https:\/\/i0.wp.com\/gersonguelmann.com.br\/blog\/wp-content\/uploads\/2021\/04\/CB.jpg?resize=350%2C200&ssl=1","width":350,"height":200},"classes":[]},{"id":9493,"url":"https:\/\/gersonguelmann.com.br\/blog\/chegou-agora-ou-pretende-morar-em-curitiba\/","url_meta":{"origin":1369,"position":3},"title":"Chegou Agora Ou Pretende Morar Em Curitiba?","author":"Gerson Guelmann","date":"5 de dezembro de 2022","format":false,"excerpt":"Esta \u00e9 uma compila\u00e7\u00e3o de frases que j\u00e1 circularam em v\u00e1rias publica\u00e7\u00f5es, ent\u00e3o \u00e9 imposs\u00edvel descobrir o 1\u00ba autor para dar o cr\u00e9dito. Eu mesmo j\u00e1 compartilhei algumas, tempos atr\u00e1s, e agora fiz altera\u00e7\u00f5es e inclus\u00f5es, com a adi\u00e7\u00e3o de um pouco do meu humor judaico. O que interessa \u00e9\u2026","rel":"","context":"Em &quot;Sem categoria&quot;","block_context":{"text":"Sem categoria","link":"https:\/\/gersonguelmann.com.br\/blog\/category\/sem-categoria\/"},"img":{"alt_text":"","src":"https:\/\/i0.wp.com\/gersonguelmann.com.br\/blog\/wp-content\/uploads\/2018\/03\/VINA.jpg?fit=700%2C300&ssl=1&resize=350%2C200","width":350,"height":200,"srcset":"https:\/\/i0.wp.com\/gersonguelmann.com.br\/blog\/wp-content\/uploads\/2018\/03\/VINA.jpg?fit=700%2C300&ssl=1&resize=350%2C200 1x, https:\/\/i0.wp.com\/gersonguelmann.com.br\/blog\/wp-content\/uploads\/2018\/03\/VINA.jpg?fit=700%2C300&ssl=1&resize=525%2C300 1.5x, https:\/\/i0.wp.com\/gersonguelmann.com.br\/blog\/wp-content\/uploads\/2018\/03\/VINA.jpg?fit=700%2C300&ssl=1&resize=700%2C400 2x"},"classes":[]},{"id":6686,"url":"https:\/\/gersonguelmann.com.br\/blog\/que-estranha-e-a-justica-quando-e-justa\/","url_meta":{"origin":1369,"position":4},"title":"Que Estranha \u00e9 a Justi\u00e7a Quando \u00e9 Justa!","author":"Gerson Guelmann","date":"8 de janeiro de 2018","format":false,"excerpt":"H\u00e1 poucos dias, aqui em Curitiba, uma mulher foi morta a facadas, depois de discutir com um homem dentro de um \u00f4nibus. Mesmo em \u00e9poca de banaliza\u00e7\u00e3o da viol\u00eancia, o crime causou como\u00e7\u00e3o, porque a v\u00edtima interferiu em discuss\u00e3o a favor de outro passageiro, por motivo banal. \u00a0 A revolta\u2026","rel":"","context":"Em &quot;Sem categoria&quot;","block_context":{"text":"Sem categoria","link":"https:\/\/gersonguelmann.com.br\/blog\/category\/sem-categoria\/"},"img":{"alt_text":"","src":"https:\/\/i0.wp.com\/gersonguelmann.com.br\/blog\/wp-content\/uploads\/2018\/01\/JUSTICA-scaled.jpg?fit=800%2C1200&ssl=1&resize=350%2C200","width":350,"height":200,"srcset":"https:\/\/i0.wp.com\/gersonguelmann.com.br\/blog\/wp-content\/uploads\/2018\/01\/JUSTICA-scaled.jpg?fit=800%2C1200&ssl=1&resize=350%2C200 1x, https:\/\/i0.wp.com\/gersonguelmann.com.br\/blog\/wp-content\/uploads\/2018\/01\/JUSTICA-scaled.jpg?fit=800%2C1200&ssl=1&resize=525%2C300 1.5x, https:\/\/i0.wp.com\/gersonguelmann.com.br\/blog\/wp-content\/uploads\/2018\/01\/JUSTICA-scaled.jpg?fit=800%2C1200&ssl=1&resize=700%2C400 2x"},"classes":[]},{"id":9656,"url":"https:\/\/gersonguelmann.com.br\/blog\/a-curitiba-da-sopa-letrinhas-e-os-radialistas\/","url_meta":{"origin":1369,"position":5},"title":"A Curitiba da Sopa de Letrinhas e os Radialistas","author":"Gerson Guelmann","date":"6 de mar\u00e7o de 2018","format":false,"excerpt":"Sou um ass\u00edduo ouvinte de r\u00e1dio. Minhas emissoras (ou \"esta\u00e7\u00f5es\", como conv\u00e9m a uma pessoa de idade provecta) variam ao longo do dia, dependendo se estou no trabalho ou no carro, especialmente agora que elas podem ser acessadas atrav\u00e9s do celular ou PC. De minha experi\u00eancia de ouvinte posso dizer\u2026","rel":"","context":"Em &quot;Sem categoria&quot;","block_context":{"text":"Sem categoria","link":"https:\/\/gersonguelmann.com.br\/blog\/category\/sem-categoria\/"},"img":{"alt_text":"","src":"https:\/\/i0.wp.com\/gersonguelmann.com.br\/blog\/wp-content\/uploads\/2018\/03\/ESQUINA-GUELMANN.jpg?resize=350%2C200&ssl=1","width":350,"height":200},"classes":[]}],"jetpack_sharing_enabled":true,"post_mailing_queue_ids":[],"_links":{"self":[{"href":"https:\/\/gersonguelmann.com.br\/blog\/wp-json\/wp\/v2\/posts\/1369","targetHints":{"allow":["GET"]}}],"collection":[{"href":"https:\/\/gersonguelmann.com.br\/blog\/wp-json\/wp\/v2\/posts"}],"about":[{"href":"https:\/\/gersonguelmann.com.br\/blog\/wp-json\/wp\/v2\/types\/post"}],"author":[{"embeddable":true,"href":"https:\/\/gersonguelmann.com.br\/blog\/wp-json\/wp\/v2\/users\/5"}],"replies":[{"embeddable":true,"href":"https:\/\/gersonguelmann.com.br\/blog\/wp-json\/wp\/v2\/comments?post=1369"}],"version-history":[{"count":0,"href":"https:\/\/gersonguelmann.com.br\/blog\/wp-json\/wp\/v2\/posts\/1369\/revisions"}],"wp:featuredmedia":[{"embeddable":true,"href":"https:\/\/gersonguelmann.com.br\/blog\/wp-json\/wp\/v2\/media\/1370"}],"wp:attachment":[{"href":"https:\/\/gersonguelmann.com.br\/blog\/wp-json\/wp\/v2\/media?parent=1369"}],"wp:term":[{"taxonomy":"category","embeddable":true,"href":"https:\/\/gersonguelmann.com.br\/blog\/wp-json\/wp\/v2\/categories?post=1369"},{"taxonomy":"post_tag","embeddable":true,"href":"https:\/\/gersonguelmann.com.br\/blog\/wp-json\/wp\/v2\/tags?post=1369"}],"curies":[{"name":"wp","href":"https:\/\/api.w.org\/{rel}","templated":true}]}}