    {"id":1372,"date":"2017-09-03T15:30:52","date_gmt":"2017-09-03T18:30:52","guid":{"rendered":"https:\/\/gersonguelmann.com.br\/blog\/?p=1372"},"modified":"2017-09-03T15:36:11","modified_gmt":"2017-09-03T18:36:11","slug":"pensamento-motivacional-do-dia","status":"publish","type":"post","link":"https:\/\/gersonguelmann.com.br\/blog\/pensamento-motivacional-do-dia\/","title":{"rendered":"Pensamento Motivacional do Dia"},"content":{"rendered":"<p><span style=\"font-family: tahoma, arial, helvetica, sans-serif; font-size: 14pt; color: #000000;\">&#8220;Meu irm\u00e3o, por maiores que sejam as dificuldades pelas quais voc\u00ea esteja passando, n\u00e3o desespere e nunca esque\u00e7a que existem caminhos que te levam \u00e0 Vit\u00f3ria, assim como outros que te levam \u00e0 Conquista. Se for para Vit\u00f3ria, pegue a BR-101; j\u00e1 para Conquista, v\u00e1 pela BR 116.&#8221;<\/span><\/p>\n<p style=\"text-align: center;\"><img data-recalc-dims=\"1\" fetchpriority=\"high\" decoding=\"async\" data-attachment-id=\"1374\" data-permalink=\"https:\/\/gersonguelmann.com.br\/blog\/pensamento-motivacional-do-dia\/sinalizacao-2\/\" data-orig-file=\"https:\/\/i0.wp.com\/gersonguelmann.com.br\/blog\/wp-content\/uploads\/2017\/09\/Sinaliza%C3%A7%C3%A3o-1.jpg?fit=259%2C194&amp;ssl=1\" data-orig-size=\"259,194\" data-comments-opened=\"1\" data-image-meta=\"{&quot;aperture&quot;:&quot;0&quot;,&quot;credit&quot;:&quot;&quot;,&quot;camera&quot;:&quot;&quot;,&quot;caption&quot;:&quot;&quot;,&quot;created_timestamp&quot;:&quot;0&quot;,&quot;copyright&quot;:&quot;&quot;,&quot;focal_length&quot;:&quot;0&quot;,&quot;iso&quot;:&quot;0&quot;,&quot;shutter_speed&quot;:&quot;0&quot;,&quot;title&quot;:&quot;&quot;,&quot;orientation&quot;:&quot;0&quot;}\" data-image-title=\"Sinaliza\u00e7\u00e3o\" data-image-description=\"\" data-image-caption=\"\" data-medium-file=\"https:\/\/i0.wp.com\/gersonguelmann.com.br\/blog\/wp-content\/uploads\/2017\/09\/Sinaliza%C3%A7%C3%A3o-1.jpg?fit=259%2C194&amp;ssl=1\" data-large-file=\"https:\/\/i0.wp.com\/gersonguelmann.com.br\/blog\/wp-content\/uploads\/2017\/09\/Sinaliza%C3%A7%C3%A3o-1.jpg?fit=259%2C194&amp;ssl=1\" class=\"alignnone size-full wp-image-1374\" src=\"https:\/\/i0.wp.com\/gersonguelmann.com.br\/blog\/wp-content\/uploads\/2017\/09\/Sinaliza%C3%A7%C3%A3o-1.jpg?resize=259%2C194&#038;ssl=1\" alt=\"\" width=\"259\" height=\"194\" \/><\/p>\n<p>&nbsp;<\/p>\n<p>&nbsp;<\/p>\n<p>&nbsp;<\/p>\n<p>&nbsp;<\/p>\n","protected":false},"excerpt":{"rendered":"<p>&#8220;Meu irm\u00e3o, por maiores que sejam as dificuldades pelas quais voc\u00ea esteja passando, n\u00e3o desespere e nunca esque\u00e7a que existem caminhos que te levam \u00e0 Vit\u00f3ria, assim como outros que te levam \u00e0 Conquista. Se for para Vit\u00f3ria, pegue a BR-101; j\u00e1 para Conquista, v\u00e1 pela BR 116.&#8221; &nbsp; &nbsp; &nbsp; &nbsp;<\/p>\n","protected":false},"author":5,"featured_media":1374,"comment_status":"open","ping_status":"open","sticky":false,"template":"","format":"standard","meta":{"_acf_changed":false,"jetpack_post_was_ever_published":false,"_jetpack_newsletter_access":"","_jetpack_dont_email_post_to_subs":false,"_jetpack_newsletter_tier_id":0,"_jetpack_memberships_contains_paywalled_content":false,"_jetpack_memberships_contains_paid_content":false,"footnotes":"","jetpack_publicize_message":"","jetpack_publicize_feature_enabled":true,"jetpack_social_post_already_shared":true,"jetpack_social_options":{"image_generator_settings":{"template":"highway","default_image_id":0,"font":"","enabled":false},"version":2}},"categories":[1],"tags":[],"class_list":["post-1372","post","type-post","status-publish","format-standard","has-post-thumbnail","hentry","category-sem-categoria"],"acf":[],"yoast_head":"<!-- This site is optimized with the Yoast SEO plugin v27.3 - https:\/\/yoast.com\/product\/yoast-seo-wordpress\/ -->\n<title>Pensamento Motivacional do Dia | Blog do Guelmann<\/title>\n<meta name=\"robots\" content=\"index, follow, max-snippet:-1, max-image-preview:large, max-video-preview:-1\" \/>\n<link rel=\"canonical\" href=\"https:\/\/gersonguelmann.com.br\/blog\/pensamento-motivacional-do-dia\/\" \/>\n<meta property=\"og:locale\" content=\"pt_BR\" \/>\n<meta property=\"og:type\" content=\"article\" \/>\n<meta property=\"og:title\" content=\"Pensamento Motivacional do Dia | Blog do Guelmann\" \/>\n<meta property=\"og:description\" content=\"&#8220;Meu irm\u00e3o, por maiores que sejam as dificuldades pelas quais voc\u00ea esteja passando, n\u00e3o desespere e nunca esque\u00e7a que existem caminhos que te levam \u00e0 Vit\u00f3ria, assim como outros que te levam \u00e0 Conquista. Se for para Vit\u00f3ria, pegue a BR-101; j\u00e1 para Conquista, v\u00e1 pela BR 116.&#8221; &nbsp; &nbsp; &nbsp; &nbsp;\" \/>\n<meta property=\"og:url\" content=\"https:\/\/gersonguelmann.com.br\/blog\/pensamento-motivacional-do-dia\/\" \/>\n<meta property=\"og:site_name\" content=\"Blog do Guelmann\" \/>\n<meta property=\"article:published_time\" content=\"2017-09-03T18:30:52+00:00\" \/>\n<meta property=\"article:modified_time\" content=\"2017-09-03T18:36:11+00:00\" \/>\n<meta property=\"og:image\" content=\"https:\/\/i0.wp.com\/gersonguelmann.com.br\/blog\/wp-content\/uploads\/2017\/09\/Sinaliza\u00e7\u00e3o-1.jpg?fit=259%2C194&ssl=1\" \/>\n\t<meta property=\"og:image:width\" content=\"259\" \/>\n\t<meta property=\"og:image:height\" content=\"194\" \/>\n\t<meta property=\"og:image:type\" content=\"image\/jpeg\" \/>\n<meta name=\"author\" content=\"Gerson Guelmann\" \/>\n<meta name=\"twitter:card\" content=\"summary_large_image\" \/>\n<meta name=\"twitter:label1\" content=\"Escrito por\" \/>\n\t<meta name=\"twitter:data1\" content=\"Gerson Guelmann\" \/>\n<script type=\"application\/ld+json\" class=\"yoast-schema-graph\">{\"@context\":\"https:\\\/\\\/schema.org\",\"@graph\":[{\"@type\":\"Article\",\"@id\":\"https:\\\/\\\/gersonguelmann.com.br\\\/blog\\\/pensamento-motivacional-do-dia\\\/#article\",\"isPartOf\":{\"@id\":\"https:\\\/\\\/gersonguelmann.com.br\\\/blog\\\/pensamento-motivacional-do-dia\\\/\"},\"author\":{\"name\":\"Gerson Guelmann\",\"@id\":\"https:\\\/\\\/gersonguelmann.com.br\\\/blog\\\/#\\\/schema\\\/person\\\/87e70e2a786888082f941a482c90569e\"},\"headline\":\"Pensamento Motivacional do Dia\",\"datePublished\":\"2017-09-03T18:30:52+00:00\",\"dateModified\":\"2017-09-03T18:36:11+00:00\",\"mainEntityOfPage\":{\"@id\":\"https:\\\/\\\/gersonguelmann.com.br\\\/blog\\\/pensamento-motivacional-do-dia\\\/\"},\"wordCount\":58,\"commentCount\":0,\"image\":{\"@id\":\"https:\\\/\\\/gersonguelmann.com.br\\\/blog\\\/pensamento-motivacional-do-dia\\\/#primaryimage\"},\"thumbnailUrl\":\"https:\\\/\\\/i0.wp.com\\\/gersonguelmann.com.br\\\/blog\\\/wp-content\\\/uploads\\\/2017\\\/09\\\/Sinaliza%C3%A7%C3%A3o-1.jpg?fit=259%2C194&ssl=1\",\"inLanguage\":\"pt-BR\",\"potentialAction\":[{\"@type\":\"CommentAction\",\"name\":\"Comment\",\"target\":[\"https:\\\/\\\/gersonguelmann.com.br\\\/blog\\\/pensamento-motivacional-do-dia\\\/#respond\"]}]},{\"@type\":\"WebPage\",\"@id\":\"https:\\\/\\\/gersonguelmann.com.br\\\/blog\\\/pensamento-motivacional-do-dia\\\/\",\"url\":\"https:\\\/\\\/gersonguelmann.com.br\\\/blog\\\/pensamento-motivacional-do-dia\\\/\",\"name\":\"Pensamento Motivacional do Dia | Blog do Guelmann\",\"isPartOf\":{\"@id\":\"https:\\\/\\\/gersonguelmann.com.br\\\/blog\\\/#website\"},\"primaryImageOfPage\":{\"@id\":\"https:\\\/\\\/gersonguelmann.com.br\\\/blog\\\/pensamento-motivacional-do-dia\\\/#primaryimage\"},\"image\":{\"@id\":\"https:\\\/\\\/gersonguelmann.com.br\\\/blog\\\/pensamento-motivacional-do-dia\\\/#primaryimage\"},\"thumbnailUrl\":\"https:\\\/\\\/i0.wp.com\\\/gersonguelmann.com.br\\\/blog\\\/wp-content\\\/uploads\\\/2017\\\/09\\\/Sinaliza%C3%A7%C3%A3o-1.jpg?fit=259%2C194&ssl=1\",\"datePublished\":\"2017-09-03T18:30:52+00:00\",\"dateModified\":\"2017-09-03T18:36:11+00:00\",\"author\":{\"@id\":\"https:\\\/\\\/gersonguelmann.com.br\\\/blog\\\/#\\\/schema\\\/person\\\/87e70e2a786888082f941a482c90569e\"},\"inLanguage\":\"pt-BR\",\"potentialAction\":[{\"@type\":\"ReadAction\",\"target\":[\"https:\\\/\\\/gersonguelmann.com.br\\\/blog\\\/pensamento-motivacional-do-dia\\\/\"]}]},{\"@type\":\"ImageObject\",\"inLanguage\":\"pt-BR\",\"@id\":\"https:\\\/\\\/gersonguelmann.com.br\\\/blog\\\/pensamento-motivacional-do-dia\\\/#primaryimage\",\"url\":\"https:\\\/\\\/i0.wp.com\\\/gersonguelmann.com.br\\\/blog\\\/wp-content\\\/uploads\\\/2017\\\/09\\\/Sinaliza%C3%A7%C3%A3o-1.jpg?fit=259%2C194&ssl=1\",\"contentUrl\":\"https:\\\/\\\/i0.wp.com\\\/gersonguelmann.com.br\\\/blog\\\/wp-content\\\/uploads\\\/2017\\\/09\\\/Sinaliza%C3%A7%C3%A3o-1.jpg?fit=259%2C194&ssl=1\",\"width\":259,\"height\":194},{\"@type\":\"WebSite\",\"@id\":\"https:\\\/\\\/gersonguelmann.com.br\\\/blog\\\/#website\",\"url\":\"https:\\\/\\\/gersonguelmann.com.br\\\/blog\\\/\",\"name\":\"Blog do Guelmann\",\"description\":\"Pitadas da sabedoria e do humor judaicos, assuntos do momento e um pouco das hist\u00f3rias que vivi e testemunhei.\",\"potentialAction\":[{\"@type\":\"SearchAction\",\"target\":{\"@type\":\"EntryPoint\",\"urlTemplate\":\"https:\\\/\\\/gersonguelmann.com.br\\\/blog\\\/?s={search_term_string}\"},\"query-input\":{\"@type\":\"PropertyValueSpecification\",\"valueRequired\":true,\"valueName\":\"search_term_string\"}}],\"inLanguage\":\"pt-BR\"},{\"@type\":\"Person\",\"@id\":\"https:\\\/\\\/gersonguelmann.com.br\\\/blog\\\/#\\\/schema\\\/person\\\/87e70e2a786888082f941a482c90569e\",\"name\":\"Gerson Guelmann\",\"image\":{\"@type\":\"ImageObject\",\"inLanguage\":\"pt-BR\",\"@id\":\"https:\\\/\\\/i0.wp.com\\\/gersonguelmann.com.br\\\/blog\\\/wp-content\\\/uploads\\\/2021\\\/08\\\/BLOG.jpeg?fit=96%2C96&ssl=1\",\"url\":\"https:\\\/\\\/i0.wp.com\\\/gersonguelmann.com.br\\\/blog\\\/wp-content\\\/uploads\\\/2021\\\/08\\\/BLOG.jpeg?fit=96%2C96&ssl=1\",\"contentUrl\":\"https:\\\/\\\/i0.wp.com\\\/gersonguelmann.com.br\\\/blog\\\/wp-content\\\/uploads\\\/2021\\\/08\\\/BLOG.jpeg?fit=96%2C96&ssl=1\",\"caption\":\"Gerson Guelmann\"},\"description\":\"Pitadas da sabedoria e do humor judaicos, assuntos do momento e um pouco das hist\u00f3rias que vivi e testemunhei.\"}]}<\/script>\n<!-- \/ Yoast SEO plugin. -->","yoast_head_json":{"title":"Pensamento Motivacional do Dia | Blog do Guelmann","robots":{"index":"index","follow":"follow","max-snippet":"max-snippet:-1","max-image-preview":"max-image-preview:large","max-video-preview":"max-video-preview:-1"},"canonical":"https:\/\/gersonguelmann.com.br\/blog\/pensamento-motivacional-do-dia\/","og_locale":"pt_BR","og_type":"article","og_title":"Pensamento Motivacional do Dia | Blog do Guelmann","og_description":"&#8220;Meu irm\u00e3o, por maiores que sejam as dificuldades pelas quais voc\u00ea esteja passando, n\u00e3o desespere e nunca esque\u00e7a que existem caminhos que te levam \u00e0 Vit\u00f3ria, assim como outros que te levam \u00e0 Conquista. Se for para Vit\u00f3ria, pegue a BR-101; j\u00e1 para Conquista, v\u00e1 pela BR 116.&#8221; &nbsp; &nbsp; &nbsp; &nbsp;","og_url":"https:\/\/gersonguelmann.com.br\/blog\/pensamento-motivacional-do-dia\/","og_site_name":"Blog do Guelmann","article_published_time":"2017-09-03T18:30:52+00:00","article_modified_time":"2017-09-03T18:36:11+00:00","og_image":[{"width":259,"height":194,"url":"https:\/\/i0.wp.com\/gersonguelmann.com.br\/blog\/wp-content\/uploads\/2017\/09\/Sinaliza\u00e7\u00e3o-1.jpg?fit=259%2C194&ssl=1","type":"image\/jpeg"}],"author":"Gerson Guelmann","twitter_card":"summary_large_image","twitter_misc":{"Escrito por":"Gerson Guelmann"},"schema":{"@context":"https:\/\/schema.org","@graph":[{"@type":"Article","@id":"https:\/\/gersonguelmann.com.br\/blog\/pensamento-motivacional-do-dia\/#article","isPartOf":{"@id":"https:\/\/gersonguelmann.com.br\/blog\/pensamento-motivacional-do-dia\/"},"author":{"name":"Gerson Guelmann","@id":"https:\/\/gersonguelmann.com.br\/blog\/#\/schema\/person\/87e70e2a786888082f941a482c90569e"},"headline":"Pensamento Motivacional do Dia","datePublished":"2017-09-03T18:30:52+00:00","dateModified":"2017-09-03T18:36:11+00:00","mainEntityOfPage":{"@id":"https:\/\/gersonguelmann.com.br\/blog\/pensamento-motivacional-do-dia\/"},"wordCount":58,"commentCount":0,"image":{"@id":"https:\/\/gersonguelmann.com.br\/blog\/pensamento-motivacional-do-dia\/#primaryimage"},"thumbnailUrl":"https:\/\/i0.wp.com\/gersonguelmann.com.br\/blog\/wp-content\/uploads\/2017\/09\/Sinaliza%C3%A7%C3%A3o-1.jpg?fit=259%2C194&ssl=1","inLanguage":"pt-BR","potentialAction":[{"@type":"CommentAction","name":"Comment","target":["https:\/\/gersonguelmann.com.br\/blog\/pensamento-motivacional-do-dia\/#respond"]}]},{"@type":"WebPage","@id":"https:\/\/gersonguelmann.com.br\/blog\/pensamento-motivacional-do-dia\/","url":"https:\/\/gersonguelmann.com.br\/blog\/pensamento-motivacional-do-dia\/","name":"Pensamento Motivacional do Dia | Blog do Guelmann","isPartOf":{"@id":"https:\/\/gersonguelmann.com.br\/blog\/#website"},"primaryImageOfPage":{"@id":"https:\/\/gersonguelmann.com.br\/blog\/pensamento-motivacional-do-dia\/#primaryimage"},"image":{"@id":"https:\/\/gersonguelmann.com.br\/blog\/pensamento-motivacional-do-dia\/#primaryimage"},"thumbnailUrl":"https:\/\/i0.wp.com\/gersonguelmann.com.br\/blog\/wp-content\/uploads\/2017\/09\/Sinaliza%C3%A7%C3%A3o-1.jpg?fit=259%2C194&ssl=1","datePublished":"2017-09-03T18:30:52+00:00","dateModified":"2017-09-03T18:36:11+00:00","author":{"@id":"https:\/\/gersonguelmann.com.br\/blog\/#\/schema\/person\/87e70e2a786888082f941a482c90569e"},"inLanguage":"pt-BR","potentialAction":[{"@type":"ReadAction","target":["https:\/\/gersonguelmann.com.br\/blog\/pensamento-motivacional-do-dia\/"]}]},{"@type":"ImageObject","inLanguage":"pt-BR","@id":"https:\/\/gersonguelmann.com.br\/blog\/pensamento-motivacional-do-dia\/#primaryimage","url":"https:\/\/i0.wp.com\/gersonguelmann.com.br\/blog\/wp-content\/uploads\/2017\/09\/Sinaliza%C3%A7%C3%A3o-1.jpg?fit=259%2C194&ssl=1","contentUrl":"https:\/\/i0.wp.com\/gersonguelmann.com.br\/blog\/wp-content\/uploads\/2017\/09\/Sinaliza%C3%A7%C3%A3o-1.jpg?fit=259%2C194&ssl=1","width":259,"height":194},{"@type":"WebSite","@id":"https:\/\/gersonguelmann.com.br\/blog\/#website","url":"https:\/\/gersonguelmann.com.br\/blog\/","name":"Blog do Guelmann","description":"Pitadas da sabedoria e do humor judaicos, assuntos do momento e um pouco das hist\u00f3rias que vivi e testemunhei.","potentialAction":[{"@type":"SearchAction","target":{"@type":"EntryPoint","urlTemplate":"https:\/\/gersonguelmann.com.br\/blog\/?s={search_term_string}"},"query-input":{"@type":"PropertyValueSpecification","valueRequired":true,"valueName":"search_term_string"}}],"inLanguage":"pt-BR"},{"@type":"Person","@id":"https:\/\/gersonguelmann.com.br\/blog\/#\/schema\/person\/87e70e2a786888082f941a482c90569e","name":"Gerson Guelmann","image":{"@type":"ImageObject","inLanguage":"pt-BR","@id":"https:\/\/i0.wp.com\/gersonguelmann.com.br\/blog\/wp-content\/uploads\/2021\/08\/BLOG.jpeg?fit=96%2C96&ssl=1","url":"https:\/\/i0.wp.com\/gersonguelmann.com.br\/blog\/wp-content\/uploads\/2021\/08\/BLOG.jpeg?fit=96%2C96&ssl=1","contentUrl":"https:\/\/i0.wp.com\/gersonguelmann.com.br\/blog\/wp-content\/uploads\/2021\/08\/BLOG.jpeg?fit=96%2C96&ssl=1","caption":"Gerson Guelmann"},"description":"Pitadas da sabedoria e do humor judaicos, assuntos do momento e um pouco das hist\u00f3rias que vivi e testemunhei."}]}},"views":27,"jetpack_publicize_connections":[],"jetpack_featured_media_url":"https:\/\/i0.wp.com\/gersonguelmann.com.br\/blog\/wp-content\/uploads\/2017\/09\/Sinaliza%C3%A7%C3%A3o-1.jpg?fit=259%2C194&ssl=1","jetpack_shortlink":"https:\/\/wp.me\/p96e7O-m8","jetpack-related-posts":[{"id":15951,"url":"https:\/\/gersonguelmann.com.br\/blog\/deputado-cego-da-o-seu-recado-e-tambem-um-exemplo\/","url_meta":{"origin":1372,"position":0},"title":"Deputado Cego D\u00e1 o Seu Recado (e Tamb\u00e9m Um Exemplo)","author":"Gerson Guelmann","date":"21 de fevereiro de 2019","format":false,"excerpt":"No dia 1\/2\/2019 o\u00a0Deputado Federal Felipe Rigoni tomou posse como representante do estado do Esp\u00edrito Santo. Eleito com 84.405 votos j\u00e1 na primeira tentativa, ele foi o 2\u00ba deputado federal mais votado no estado. At\u00e9 a\u00ed n\u00e3o haveria maior destaque, mas a vit\u00f3ria dele representa uma conquista muito maior do\u2026","rel":"","context":"Em &quot;Sem categoria&quot;","block_context":{"text":"Sem categoria","link":"https:\/\/gersonguelmann.com.br\/blog\/category\/sem-categoria\/"},"img":{"alt_text":"","src":"https:\/\/i0.wp.com\/gersonguelmann.com.br\/blog\/wp-content\/uploads\/2019\/02\/Cego.jpg?fit=755%2C500&ssl=1&resize=350%2C200","width":350,"height":200,"srcset":"https:\/\/i0.wp.com\/gersonguelmann.com.br\/blog\/wp-content\/uploads\/2019\/02\/Cego.jpg?fit=755%2C500&ssl=1&resize=350%2C200 1x, https:\/\/i0.wp.com\/gersonguelmann.com.br\/blog\/wp-content\/uploads\/2019\/02\/Cego.jpg?fit=755%2C500&ssl=1&resize=525%2C300 1.5x, https:\/\/i0.wp.com\/gersonguelmann.com.br\/blog\/wp-content\/uploads\/2019\/02\/Cego.jpg?fit=755%2C500&ssl=1&resize=700%2C400 2x"},"classes":[]},{"id":434,"url":"https:\/\/gersonguelmann.com.br\/blog\/afrouxem-os-cintos-o-pia-sumiu\/","url_meta":{"origin":1372,"position":1},"title":"Afrouxem os Cintos, o Pi\u00e1 Sumiu!","author":"Gerson Guelmann","date":"4 de dezembro de 2016","format":false,"excerpt":"Em tempos de guarda compartilhada, a m\u00e3e, no Rio de Janeiro, mandou o filho de 6 anos, desacompanhado, para Vit\u00f3ria, onde o pai o aguardava no aeroporto. A taxa de acompanhamento foi paga, o que pressupunha vigil\u00e2ncia permanente. Mas, Braziu-ziu, o guri foi colocado num v\u00f4o para Curitiba (nem um\u2026","rel":"","context":"Em &quot;Sem categoria&quot;","block_context":{"text":"Sem categoria","link":"https:\/\/gersonguelmann.com.br\/blog\/category\/sem-categoria\/"},"img":{"alt_text":"","src":"","width":0,"height":0},"classes":[]},{"id":2507,"url":"https:\/\/gersonguelmann.com.br\/blog\/torcedores-do-coxa-apos-ultima-vitoria\/","url_meta":{"origin":1372,"position":2},"title":"Torcedores do Coxa Ap\u00f3s a \u00daltima Vit\u00f3ria","author":"Gerson Guelmann","date":"6 de outubro de 2017","format":false,"excerpt":"Torcedores remanescentes do grupo que estava no Couto Pereira na \u00faltima vit\u00f3ria do Coxa reuniram-se hoje nas imedia\u00e7\u00f5es do est\u00e1dio para rememorar o feito. Al\u00e9m de lembrar os lances da partida, o grupo aproveitou a manh\u00e3 de sol para fixar a Vitamina D, coisa importante para quem vive em Curitiba.\u2026","rel":"","context":"Em &quot;Sem categoria&quot;","block_context":{"text":"Sem categoria","link":"https:\/\/gersonguelmann.com.br\/blog\/category\/sem-categoria\/"},"img":{"alt_text":"","src":"https:\/\/i0.wp.com\/gersonguelmann.com.br\/blog\/wp-content\/uploads\/2017\/10\/Coxa-1.jpg?fit=1024%2C683&ssl=1&resize=350%2C200","width":350,"height":200,"srcset":"https:\/\/i0.wp.com\/gersonguelmann.com.br\/blog\/wp-content\/uploads\/2017\/10\/Coxa-1.jpg?fit=1024%2C683&ssl=1&resize=350%2C200 1x, https:\/\/i0.wp.com\/gersonguelmann.com.br\/blog\/wp-content\/uploads\/2017\/10\/Coxa-1.jpg?fit=1024%2C683&ssl=1&resize=525%2C300 1.5x, https:\/\/i0.wp.com\/gersonguelmann.com.br\/blog\/wp-content\/uploads\/2017\/10\/Coxa-1.jpg?fit=1024%2C683&ssl=1&resize=700%2C400 2x"},"classes":[]},{"id":13862,"url":"https:\/\/gersonguelmann.com.br\/blog\/das-50-cidades-mais-violentas-do-mundo-17-sao-do-brasil\/","url_meta":{"origin":1372,"position":3},"title":"Das 50 Cidades Mais Violentas do Mundo, 17 S\u00e3o do Brasil","author":"Gerson Guelmann","date":"11 de junho de 2018","format":false,"excerpt":"\"Gigante\" 17 anos, posa com uma arma no alto de um morro com vista para uma favela em Salvador, Bahia, 11 de abril de 2013. A revista Business Insider publicou, dia 6\/3\/2018, a lista das 50 cidades mais violentas do mundo em 2017. O ranking lista apenas cidades com mais\u2026","rel":"","context":"Em &quot;Sem categoria&quot;","block_context":{"text":"Sem categoria","link":"https:\/\/gersonguelmann.com.br\/blog\/category\/sem-categoria\/"},"img":{"alt_text":"","src":"https:\/\/i0.wp.com\/gersonguelmann.com.br\/blog\/wp-content\/uploads\/2018\/06\/56a6c10458c32378008b511e-640-320.jpg?fit=640%2C320&ssl=1&resize=350%2C200","width":350,"height":200,"srcset":"https:\/\/i0.wp.com\/gersonguelmann.com.br\/blog\/wp-content\/uploads\/2018\/06\/56a6c10458c32378008b511e-640-320.jpg?fit=640%2C320&ssl=1&resize=350%2C200 1x, https:\/\/i0.wp.com\/gersonguelmann.com.br\/blog\/wp-content\/uploads\/2018\/06\/56a6c10458c32378008b511e-640-320.jpg?fit=640%2C320&ssl=1&resize=525%2C300 1.5x"},"classes":[]},{"id":22692,"url":"https:\/\/gersonguelmann.com.br\/blog\/citacoes-e-proverbios-judaicos-57\/","url_meta":{"origin":1372,"position":4},"title":"Cita\u00e7\u00f5es e Prov\u00e9rbios Judaicos (57)","author":"Gerson Guelmann","date":"15 de fevereiro de 2022","format":false,"excerpt":"\u2013 \u201cO cora\u00e7\u00e3o \u00e9 uma esp\u00e9cie de profeta\u201d. \u2013 \u201cSe tiver que decidir entre duas alternativas ruins, o pessimista escolhe ambas\u201d. \u2013 \u201cAs mentiras te levam para longe, mas n\u00e3o te deixam voltar\u201d. \u2013 \u201cUm h\u00f3spede frequente se torna um fardo\u201d. \u2013 \u201cOs velhos amigos, assim como os velhos vinhos,\u2026","rel":"","context":"Em &quot;Sem categoria&quot;","block_context":{"text":"Sem categoria","link":"https:\/\/gersonguelmann.com.br\/blog\/category\/sem-categoria\/"},"img":{"alt_text":"","src":"https:\/\/i0.wp.com\/gersonguelmann.com.br\/blog\/wp-content\/uploads\/2022\/02\/VINHO.jpg?fit=1200%2C800&ssl=1&resize=350%2C200","width":350,"height":200,"srcset":"https:\/\/i0.wp.com\/gersonguelmann.com.br\/blog\/wp-content\/uploads\/2022\/02\/VINHO.jpg?fit=1200%2C800&ssl=1&resize=350%2C200 1x, https:\/\/i0.wp.com\/gersonguelmann.com.br\/blog\/wp-content\/uploads\/2022\/02\/VINHO.jpg?fit=1200%2C800&ssl=1&resize=525%2C300 1.5x, https:\/\/i0.wp.com\/gersonguelmann.com.br\/blog\/wp-content\/uploads\/2022\/02\/VINHO.jpg?fit=1200%2C800&ssl=1&resize=700%2C400 2x, https:\/\/i0.wp.com\/gersonguelmann.com.br\/blog\/wp-content\/uploads\/2022\/02\/VINHO.jpg?fit=1200%2C800&ssl=1&resize=1050%2C600 3x"},"classes":[]},{"id":1583,"url":"https:\/\/gersonguelmann.com.br\/blog\/expedicionario-ou-jogador-de-futebol-quem-e-mais-importante\/","url_meta":{"origin":1372,"position":5},"title":"Expedicion\u00e1rio ou Jogador de Futebol: Quem \u00e9 Mais Importante?","author":"Gerson Guelmann","date":"5 de maio de 2021","format":false,"excerpt":"Max Wolf Filho \u2217 Rio Negro\/PR, 29\/7\/1911 \u2020 Biscaia, It\u00e1lia, 12\/4\/1945 \"Por mais terras que eu percorra, N\u00e3o permita Deus que eu morra Sem que volte para l\u00e1; Sem que leve por divisa Esse \"V\" que simboliza A vit\u00f3ria que vir\u00e1: Nossa vit\u00f3ria final, Que \u00e9 a mira do meu\u2026","rel":"","context":"Em &quot;Sem categoria&quot;","block_context":{"text":"Sem categoria","link":"https:\/\/gersonguelmann.com.br\/blog\/category\/sem-categoria\/"},"img":{"alt_text":"","src":"https:\/\/i0.wp.com\/gersonguelmann.com.br\/blog\/wp-content\/uploads\/2017\/09\/MWF.jpg?fit=770%2C1200&ssl=1&resize=350%2C200","width":350,"height":200,"srcset":"https:\/\/i0.wp.com\/gersonguelmann.com.br\/blog\/wp-content\/uploads\/2017\/09\/MWF.jpg?fit=770%2C1200&ssl=1&resize=350%2C200 1x, https:\/\/i0.wp.com\/gersonguelmann.com.br\/blog\/wp-content\/uploads\/2017\/09\/MWF.jpg?fit=770%2C1200&ssl=1&resize=525%2C300 1.5x, https:\/\/i0.wp.com\/gersonguelmann.com.br\/blog\/wp-content\/uploads\/2017\/09\/MWF.jpg?fit=770%2C1200&ssl=1&resize=700%2C400 2x"},"classes":[]}],"jetpack_sharing_enabled":true,"post_mailing_queue_ids":[],"_links":{"self":[{"href":"https:\/\/gersonguelmann.com.br\/blog\/wp-json\/wp\/v2\/posts\/1372","targetHints":{"allow":["GET"]}}],"collection":[{"href":"https:\/\/gersonguelmann.com.br\/blog\/wp-json\/wp\/v2\/posts"}],"about":[{"href":"https:\/\/gersonguelmann.com.br\/blog\/wp-json\/wp\/v2\/types\/post"}],"author":[{"embeddable":true,"href":"https:\/\/gersonguelmann.com.br\/blog\/wp-json\/wp\/v2\/users\/5"}],"replies":[{"embeddable":true,"href":"https:\/\/gersonguelmann.com.br\/blog\/wp-json\/wp\/v2\/comments?post=1372"}],"version-history":[{"count":0,"href":"https:\/\/gersonguelmann.com.br\/blog\/wp-json\/wp\/v2\/posts\/1372\/revisions"}],"wp:featuredmedia":[{"embeddable":true,"href":"https:\/\/gersonguelmann.com.br\/blog\/wp-json\/wp\/v2\/media\/1374"}],"wp:attachment":[{"href":"https:\/\/gersonguelmann.com.br\/blog\/wp-json\/wp\/v2\/media?parent=1372"}],"wp:term":[{"taxonomy":"category","embeddable":true,"href":"https:\/\/gersonguelmann.com.br\/blog\/wp-json\/wp\/v2\/categories?post=1372"},{"taxonomy":"post_tag","embeddable":true,"href":"https:\/\/gersonguelmann.com.br\/blog\/wp-json\/wp\/v2\/tags?post=1372"}],"curies":[{"name":"wp","href":"https:\/\/api.w.org\/{rel}","templated":true}]}}